{"id":670945,"date":"2026-04-24T08:33:15","date_gmt":"2026-04-24T06:33:15","guid":{"rendered":"https:\/\/kohenavocats.com\/tribunal-judiciaire-de-versailles-le-11-janvier-2024-n23-02979\/"},"modified":"2026-04-24T08:33:15","modified_gmt":"2026-04-24T06:33:15","slug":"tribunal-judiciaire-de-versailles-le-11-janvier-2024-n23-02979","status":"publish","type":"post","link":"https:\/\/kohenavocats.com\/zh-hans\/tribunal-judiciaire-de-versailles-le-11-janvier-2024-n23-02979\/","title":{"rendered":"Tribunal judiciaire de Versailles, le 11 janvier 2024, n\u00b023\/02979"},"content":{"rendered":"<div class=\"article-content\">\n<p>Le tribunal judiciaire de Versailles, le 11 janvier 2024, a statu\u00e9 sur un litige successorale opposant des fr\u00e8res. Un fils, d\u00e9biteur d&#8217;une soulte stipul\u00e9e dans une donation-partage de 1996, contestait son obligation de payer. Il invoquait des paiements anticip\u00e9s et r\u00e9clamait une compensation pour des aides apport\u00e9es \u00e0 sa m\u00e8re. Le tribunal a rejet\u00e9 ses pr\u00e9tentions et l&#8217;a condamn\u00e9 au paiement de la soulte, fixant les int\u00e9r\u00eats et les d\u00e9pens.<\/p>\n<p>La d\u00e9termination incontestable de la cr\u00e9ance successorale<\/p>\n<p>La force obligatoire de l&#8217;acte de donation-partage s&#8217;impose aux parties. Le tribunal rappelle que la convention de 1996 lie les h\u00e9ritiers quant au montant et aux modalit\u00e9s de la soulte. Le d\u00e9biteur ne prouve pas avoir ex\u00e9cut\u00e9 les paiements anticip\u00e9s pr\u00e9vus par l&#8217;acte. Se bornant \u00e0 produire un document d\u00e9nomm\u00e9 \u201cRECAPITULATIF DES MONTANTS PER\u00c7US\u201d qu\u2019il a lui-m\u00eame \u00e9tabli, corrobor\u00e9 par aucun \u00e9l\u00e9ment \u00e9tablissant la r\u00e9alit\u00e9 d\u2019un quelconque des versements qu\u2019il pr\u00e9tend avoir effectu\u00e9s, M. [G] [O] ne prouve pas avoir pay\u00e9, m\u00eame en partie, la soulte due \u00e0 son fr\u00e8re. Cette rigueur probatoire consacre la s\u00e9curit\u00e9 juridique des pactes successoraux et pr\u00e9vient les contestations infond\u00e9es.<\/p>\n<p>La conversion mon\u00e9taire de la dette ob\u00e9it \u00e0 des r\u00e8gles strictes. Le tribunal \u00e9carte toute indexation sur l&#8217;inflation en l&#8217;absence de clause contractuelle. La conversion en euros de la somme de 239 500 francs fix\u00e9e dans la donation-partage de 1996 doit se faire sans tenir compte de l\u2019\u00e9rosion mon\u00e9taire due \u00e0 l\u2019inflation. Cette solution s&#8217;appuie sur l&#8217;article 828 du code civil, limitant strictement les r\u00e9visions pour \u00e9volution \u00e9conomique. Elle prot\u00e8ge la volont\u00e9 originaire des parties et la stabilit\u00e9 des engagements contractuels dans le temps.<\/p>\n<p>Les limites de la compensation par aide familiale<\/p>\n<p>Les aides apport\u00e9es \u00e0 un parent ne fondent pas automatiquement une cr\u00e9ance indemnitaire. Le juge exige la preuve qu&#8217;elles exc\u00e8dent le devoir moral normal. Le paiement effectu\u00e9 au titre des frais d\u2019aide \u00e0 domicile et de repas de sa m\u00e8re durant plusieurs ann\u00e9es pour un montant moyen de 365 euros chaque mois ne peut, en soi, permettre d\u2019\u00e9tablir que cette aide a exc\u00e9d\u00e9 les exigences de la pi\u00e9t\u00e9 filiale. Cette analyse rejoint la jurisprudence existante sur la condition d&#8217;un appauvrissement et d&#8217;un enrichissement corr\u00e9latifs. &#8220;La demande de cr\u00e9ance indemnitaire pour assistance aux personnes en difficult\u00e9 suppose que les prestations fournies d\u00e9passent les exigences du devoir filial classique&#8221; (Tribunal judiciaire de Versailles, le 11 janvier 2024, n\u00b021\/02384). Le tribunal op\u00e8re ainsi un contr\u00f4le concret des circonstances de l&#8217;aide.<\/p>\n<p>L&#8217;absence de preuve d&#8217;un pr\u00e9judice corr\u00e9latif est fatale \u00e0 la demande. Le d\u00e9biteur n&#8217;apporte pas d&#8217;\u00e9l\u00e9ments sur les besoins de sa m\u00e8re et ses propres moyens financiers. Cette carence probatoire conduit au rejet de sa demande en compensation. La solution rappelle que la charge de la preuve incombe \u00e0 celui qui se pr\u00e9vaut d&#8217;un droit d\u00e9rogatoire au principe de gratuit\u00e9 des services familiaux. Elle \u00e9vite ainsi les compensations automatiques qui d\u00e9natureraient les solidarit\u00e9s familiales.<\/p>\n<p>La d\u00e9cision affirme la primaut\u00e9 de la volont\u00e9 exprim\u00e9e dans les pactes successoraux. Elle renforce la s\u00e9curit\u00e9 juridique en refusant toute r\u00e9vision mon\u00e9taire implicite des soultes. Concernant l&#8217;aide familiale, le jugement pose une exigence probatoire stricte pour \u00e9tablir une cr\u00e9ance. Il rappelle utilement que le devoir moral ne se monnaie pas sauf circonstances exceptionnelles d\u00fbment d\u00e9montr\u00e9es. Cette approche pr\u00e9serve l&#8217;\u00e9quilibre entre le respect des conventions et la protection des solidarit\u00e9s familiales.<\/p>\n<\/div>\n","protected":false},"excerpt":{"rendered":"<p>Le tribunal judiciaire de Versailles, le 11 janvier 2024, a statu\u00e9 sur un litige successorale opposant des fr\u00e8res. Un fils, d\u00e9biteur d&#8217;une soulte stipul\u00e9e da&#8230;<\/p>\n","protected":false},"author":232070755,"featured_media":9507,"comment_status":"open","ping_status":"open","sticky":false,"template":"","format":"standard","meta":{"_crdt_document":"","_jetpack_newsletter_access":"","_jetpack_dont_email_post_to_subs":false,"_jetpack_newsletter_tier_id":0,"_jetpack_memberships_contains_paywalled_content":false,"_kj_source_type":"","_kj_official_id":"","_kj_official_url":"","_kj_judilibre_id":"","_kj_jur":"","_kj_lieu":"","_kj_chambre":"","_kj_rg":"","_kj_date":"","_jetpack_memberships_contains_paid_content":false,"footnotes":"","jetpack_post_was_ever_published":false},"categories":[7597],"tags":[],"class_list":["post-670945","post","type-post","status-publish","format-standard","has-post-thumbnail","hentry","category-jurisprudence"],"yoast_head":"<!-- This site is optimized with the Yoast SEO Premium plugin v27.4 (Yoast SEO v27.4) - https:\/\/yoast.com\/product\/yoast-seo-premium-wordpress\/ -->\n<title>Tribunal judiciaire de Versailles, le 11 janvier 2024, n\u00b023\/02979 - Ma\u00eetre Hassan Kohen, avocat en droit p\u00e9nal \u00e0 Paris<\/title>\n<meta name=\"description\" content=\"Le tribunal judiciaire de Versailles, le 11 janvier 2024, a statu\u00e9 sur un litige successorale opposant des fr\u00e8res. Un fils, d\u00e9biteur d&#039;une soulte stipul\u00e9e da...\" \/>\n<meta name=\"robots\" content=\"index, follow, max-snippet:-1, max-image-preview:large, max-video-preview:-1\" \/>\n<link rel=\"canonical\" href=\"https:\/\/kohenavocats.com\/zh-hans\/tribunal-judiciaire-de-versailles-le-11-janvier-2024-n23-02979\/\" \/>\n<meta property=\"og:locale\" content=\"zh_CN\" \/>\n<meta property=\"og:type\" content=\"article\" \/>\n<meta property=\"og:title\" content=\"Tribunal judiciaire de Versailles, le 11 janvier 2024, n\u00b023\/02979\" \/>\n<meta property=\"og:description\" content=\"Le tribunal judiciaire de Versailles, le 11 janvier 2024, a statu\u00e9 sur un litige successorale opposant des fr\u00e8res. Un fils, d\u00e9biteur d&#039;une soulte stipul\u00e9e da...\" \/>\n<meta property=\"og:url\" content=\"https:\/\/kohenavocats.com\/zh-hans\/tribunal-judiciaire-de-versailles-le-11-janvier-2024-n23-02979\/\" \/>\n<meta property=\"og:site_name\" content=\"Ma\u00eetre Hassan Kohen, avocat en droit p\u00e9nal \u00e0 Paris\" \/>\n<meta property=\"article:published_time\" content=\"2026-04-24T06:33:15+00:00\" \/>\n<meta property=\"og:image\" content=\"https:\/\/kohenavocats.com\/wp-content\/uploads\/2024\/11\/zyanya-citlalli-VKn4-6O9LWk-unsplash.webp\" \/>\n\t<meta property=\"og:image:width\" content=\"3840\" \/>\n\t<meta property=\"og:image:height\" content=\"2160\" \/>\n\t<meta property=\"og:image:type\" content=\"image\/webp\" \/>\n<meta name=\"author\" content=\"Kohen\" \/>\n<meta name=\"twitter:card\" content=\"summary_large_image\" \/>\n<meta name=\"twitter:label1\" content=\"\u4f5c\u8005\" \/>\n\t<meta name=\"twitter:data1\" content=\"Kohen\" \/>\n\t<meta name=\"twitter:label2\" content=\"\u9884\u8ba1\u9605\u8bfb\u65f6\u95f4\" \/>\n\t<meta name=\"twitter:data2\" content=\"3 \u5206\" \/>\n<script type=\"application\/ld+json\" class=\"yoast-schema-graph\">{\"@context\":\"https:\\\/\\\/schema.org\",\"@graph\":[{\"@type\":\"Article\",\"@id\":\"https:\\\/\\\/kohenavocats.com\\\/zh-hans\\\/tribunal-judiciaire-de-versailles-le-11-janvier-2024-n23-02979\\\/#article\",\"isPartOf\":{\"@id\":\"https:\\\/\\\/kohenavocats.com\\\/zh-hans\\\/tribunal-judiciaire-de-versailles-le-11-janvier-2024-n23-02979\\\/\"},\"author\":{\"name\":\"Kohen\",\"@id\":\"https:\\\/\\\/kohenavocats.com\\\/zh-hans\\\/#\\\/schema\\\/person\\\/761c9ba54fa1ca84d405cef0831ff751\"},\"headline\":\"Tribunal judiciaire de Versailles, le 11 janvier 2024, n\u00b023\\\/02979\",\"datePublished\":\"2026-04-24T06:33:15+00:00\",\"mainEntityOfPage\":{\"@id\":\"https:\\\/\\\/kohenavocats.com\\\/zh-hans\\\/tribunal-judiciaire-de-versailles-le-11-janvier-2024-n23-02979\\\/\"},\"wordCount\":630,\"commentCount\":0,\"publisher\":{\"@id\":\"https:\\\/\\\/kohenavocats.com\\\/zh-hans\\\/#organization\"},\"image\":{\"@id\":\"https:\\\/\\\/kohenavocats.com\\\/zh-hans\\\/tribunal-judiciaire-de-versailles-le-11-janvier-2024-n23-02979\\\/#primaryimage\"},\"thumbnailUrl\":\"https:\\\/\\\/kohenavocats.com\\\/wp-content\\\/uploads\\\/2024\\\/11\\\/zyanya-citlalli-VKn4-6O9LWk-unsplash.webp\",\"articleSection\":[\"Jurisprudence\"],\"inLanguage\":\"zh-Hans\",\"potentialAction\":[{\"@type\":\"CommentAction\",\"name\":\"Comment\",\"target\":[\"https:\\\/\\\/kohenavocats.com\\\/zh-hans\\\/tribunal-judiciaire-de-versailles-le-11-janvier-2024-n23-02979\\\/#respond\"]}],\"citation\":\"Tribunal judiciaire de Versailles, le 11 janvier 2024, n\u00b023\\\/02979\",\"about\":[{\"@type\":\"Thing\",\"name\":\"Jurisprudence\"}],\"dateModified\":\"2026-04-24T06:33:15+00:00\",\"speakable\":{\"@type\":\"SpeakableSpecification\",\"cssSelector\":[\".article-content > p:first-of-type\"]}},{\"@type\":\"WebPage\",\"@id\":\"https:\\\/\\\/kohenavocats.com\\\/zh-hans\\\/tribunal-judiciaire-de-versailles-le-11-janvier-2024-n23-02979\\\/\",\"url\":\"https:\\\/\\\/kohenavocats.com\\\/zh-hans\\\/tribunal-judiciaire-de-versailles-le-11-janvier-2024-n23-02979\\\/\",\"name\":\"Tribunal judiciaire de Versailles, le 11 janvier 2024, n\u00b023\\\/02979 - Ma\u00eetre Hassan Kohen, avocat en droit p\u00e9nal \u00e0 Paris\",\"isPartOf\":{\"@id\":\"https:\\\/\\\/kohenavocats.com\\\/zh-hans\\\/#website\"},\"primaryImageOfPage\":{\"@id\":\"https:\\\/\\\/kohenavocats.com\\\/zh-hans\\\/tribunal-judiciaire-de-versailles-le-11-janvier-2024-n23-02979\\\/#primaryimage\"},\"image\":{\"@id\":\"https:\\\/\\\/kohenavocats.com\\\/zh-hans\\\/tribunal-judiciaire-de-versailles-le-11-janvier-2024-n23-02979\\\/#primaryimage\"},\"thumbnailUrl\":\"https:\\\/\\\/kohenavocats.com\\\/wp-content\\\/uploads\\\/2024\\\/11\\\/zyanya-citlalli-VKn4-6O9LWk-unsplash.webp\",\"datePublished\":\"2026-04-24T06:33:15+00:00\",\"description\":\"Le tribunal judiciaire de Versailles, le 11 janvier 2024, a statu\u00e9 sur un litige successorale opposant des fr\u00e8res. Un fils, d\u00e9biteur d'une soulte stipul\u00e9e da...\",\"breadcrumb\":{\"@id\":\"https:\\\/\\\/kohenavocats.com\\\/zh-hans\\\/tribunal-judiciaire-de-versailles-le-11-janvier-2024-n23-02979\\\/#breadcrumb\"},\"inLanguage\":\"zh-Hans\",\"potentialAction\":[{\"@type\":\"ReadAction\",\"target\":[\"https:\\\/\\\/kohenavocats.com\\\/zh-hans\\\/tribunal-judiciaire-de-versailles-le-11-janvier-2024-n23-02979\\\/\"]}]},{\"@type\":\"ImageObject\",\"inLanguage\":\"zh-Hans\",\"@id\":\"https:\\\/\\\/kohenavocats.com\\\/zh-hans\\\/tribunal-judiciaire-de-versailles-le-11-janvier-2024-n23-02979\\\/#primaryimage\",\"url\":\"https:\\\/\\\/kohenavocats.com\\\/wp-content\\\/uploads\\\/2024\\\/11\\\/zyanya-citlalli-VKn4-6O9LWk-unsplash.webp\",\"contentUrl\":\"https:\\\/\\\/kohenavocats.com\\\/wp-content\\\/uploads\\\/2024\\\/11\\\/zyanya-citlalli-VKn4-6O9LWk-unsplash.webp\",\"width\":3840,\"height\":2160},{\"@type\":\"BreadcrumbList\",\"@id\":\"https:\\\/\\\/kohenavocats.com\\\/zh-hans\\\/tribunal-judiciaire-de-versailles-le-11-janvier-2024-n23-02979\\\/#breadcrumb\",\"itemListElement\":[{\"@type\":\"ListItem\",\"position\":1,\"name\":\"Home\",\"item\":\"https:\\\/\\\/kohenavocats.com\\\/zh-hans\\\/\"},{\"@type\":\"ListItem\",\"position\":2,\"name\":\"Tribunal judiciaire de Versailles, le 11 janvier 2024, n\u00b023\\\/02979\"}]},{\"@type\":\"WebSite\",\"@id\":\"https:\\\/\\\/kohenavocats.com\\\/zh-hans\\\/#website\",\"url\":\"https:\\\/\\\/kohenavocats.com\\\/zh-hans\\\/\",\"name\":\"Kohen Avocats\",\"description\":\"Ma\u00eetre Hassan Kohen, avocat p\u00e9naliste \u00e0 Paris, intervient exclusivement en droit p\u00e9nal pour la d\u00e9fense des particuliers, notamment en mati\u00e8re d\u2019accusations de viol. Il assure un accompagnement rigoureux d\u00e8s la garde \u00e0 vue jusqu\u2019\u00e0 la Cour d\u2019assises, veillant au strict respect des garanties proc\u00e9durales.\",\"publisher\":{\"@id\":\"https:\\\/\\\/kohenavocats.com\\\/zh-hans\\\/#organization\"},\"potentialAction\":[{\"@type\":\"SearchAction\",\"target\":{\"@type\":\"EntryPoint\",\"urlTemplate\":\"https:\\\/\\\/kohenavocats.com\\\/zh-hans\\\/?s={search_term_string}\"},\"query-input\":{\"@type\":\"PropertyValueSpecification\",\"valueRequired\":true,\"valueName\":\"search_term_string\"}}],\"inLanguage\":\"zh-Hans\"},{\"@type\":\"Organization\",\"@id\":\"https:\\\/\\\/kohenavocats.com\\\/zh-hans\\\/#organization\",\"name\":\"Kohen Avocats\",\"url\":\"https:\\\/\\\/kohenavocats.com\\\/zh-hans\\\/\",\"logo\":{\"@type\":\"ImageObject\",\"inLanguage\":\"zh-Hans\",\"@id\":\"https:\\\/\\\/kohenavocats.com\\\/zh-hans\\\/#\\\/schema\\\/logo\\\/image\\\/\",\"url\":\"https:\\\/\\\/kohenavocats.com\\\/wp-content\\\/uploads\\\/2026\\\/01\\\/Logo-2-1.webp\",\"contentUrl\":\"https:\\\/\\\/kohenavocats.com\\\/wp-content\\\/uploads\\\/2026\\\/01\\\/Logo-2-1.webp\",\"width\":2114,\"height\":1253,\"caption\":\"Kohen Avocats\"},\"image\":{\"@id\":\"https:\\\/\\\/kohenavocats.com\\\/zh-hans\\\/#\\\/schema\\\/logo\\\/image\\\/\"}},{\"@type\":\"Person\",\"@id\":\"https:\\\/\\\/kohenavocats.com\\\/zh-hans\\\/#\\\/schema\\\/person\\\/761c9ba54fa1ca84d405cef0831ff751\",\"name\":\"Kohen\",\"image\":{\"@type\":\"ImageObject\",\"inLanguage\":\"zh-Hans\",\"@id\":\"https:\\\/\\\/secure.gravatar.com\\\/avatar\\\/1c5e76ef76bbbfdd2b4da984e2bf2fa4056fd51a27d25ce2c332047f1dfd6e00?s=96&d=identicon&r=g\",\"url\":\"https:\\\/\\\/secure.gravatar.com\\\/avatar\\\/1c5e76ef76bbbfdd2b4da984e2bf2fa4056fd51a27d25ce2c332047f1dfd6e00?s=96&d=identicon&r=g\",\"contentUrl\":\"https:\\\/\\\/secure.gravatar.com\\\/avatar\\\/1c5e76ef76bbbfdd2b4da984e2bf2fa4056fd51a27d25ce2c332047f1dfd6e00?s=96&d=identicon&r=g\",\"caption\":\"Kohen\"},\"sameAs\":[\"https:\\\/\\\/www.linkedin.com\\\/in\\\/hassan-kohen-448548192\\\/\",\"https:\\\/\\\/www.youtube.com\\\/@Kohen-Avocats\"],\"url\":\"https:\\\/\\\/kohenavocats.com\\\/zh-hans\\\/author\\\/kohenmlk\\\/\"}]}<\/script>\n<!-- \/ Yoast SEO Premium plugin. -->","yoast_head_json":{"title":"Tribunal judiciaire de Versailles, le 11 janvier 2024, n\u00b023\/02979 - Ma\u00eetre Hassan Kohen, avocat en droit p\u00e9nal \u00e0 Paris","description":"Le tribunal judiciaire de Versailles, le 11 janvier 2024, a statu\u00e9 sur un litige successorale opposant des fr\u00e8res. Un fils, d\u00e9biteur d'une soulte stipul\u00e9e da...","robots":{"index":"index","follow":"follow","max-snippet":"max-snippet:-1","max-image-preview":"max-image-preview:large","max-video-preview":"max-video-preview:-1"},"canonical":"https:\/\/kohenavocats.com\/zh-hans\/tribunal-judiciaire-de-versailles-le-11-janvier-2024-n23-02979\/","og_locale":"zh_CN","og_type":"article","og_title":"Tribunal judiciaire de Versailles, le 11 janvier 2024, n\u00b023\/02979","og_description":"Le tribunal judiciaire de Versailles, le 11 janvier 2024, a statu\u00e9 sur un litige successorale opposant des fr\u00e8res. Un fils, d\u00e9biteur d'une soulte stipul\u00e9e da...","og_url":"https:\/\/kohenavocats.com\/zh-hans\/tribunal-judiciaire-de-versailles-le-11-janvier-2024-n23-02979\/","og_site_name":"Ma\u00eetre Hassan Kohen, avocat en droit p\u00e9nal \u00e0 Paris","article_published_time":"2026-04-24T06:33:15+00:00","og_image":[{"width":3840,"height":2160,"url":"https:\/\/kohenavocats.com\/wp-content\/uploads\/2024\/11\/zyanya-citlalli-VKn4-6O9LWk-unsplash.webp","type":"image\/webp"}],"author":"Kohen","twitter_card":"summary_large_image","twitter_misc":{"\u4f5c\u8005":"Kohen","\u9884\u8ba1\u9605\u8bfb\u65f6\u95f4":"3 \u5206"},"schema":{"@context":"https:\/\/schema.org","@graph":[{"@type":"Article","@id":"https:\/\/kohenavocats.com\/zh-hans\/tribunal-judiciaire-de-versailles-le-11-janvier-2024-n23-02979\/#article","isPartOf":{"@id":"https:\/\/kohenavocats.com\/zh-hans\/tribunal-judiciaire-de-versailles-le-11-janvier-2024-n23-02979\/"},"author":{"name":"Kohen","@id":"https:\/\/kohenavocats.com\/zh-hans\/#\/schema\/person\/761c9ba54fa1ca84d405cef0831ff751"},"headline":"Tribunal judiciaire de Versailles, le 11 janvier 2024, n\u00b023\/02979","datePublished":"2026-04-24T06:33:15+00:00","mainEntityOfPage":{"@id":"https:\/\/kohenavocats.com\/zh-hans\/tribunal-judiciaire-de-versailles-le-11-janvier-2024-n23-02979\/"},"wordCount":630,"commentCount":0,"publisher":{"@id":"https:\/\/kohenavocats.com\/zh-hans\/#organization"},"image":{"@id":"https:\/\/kohenavocats.com\/zh-hans\/tribunal-judiciaire-de-versailles-le-11-janvier-2024-n23-02979\/#primaryimage"},"thumbnailUrl":"https:\/\/kohenavocats.com\/wp-content\/uploads\/2024\/11\/zyanya-citlalli-VKn4-6O9LWk-unsplash.webp","articleSection":["Jurisprudence"],"inLanguage":"zh-Hans","potentialAction":[{"@type":"CommentAction","name":"Comment","target":["https:\/\/kohenavocats.com\/zh-hans\/tribunal-judiciaire-de-versailles-le-11-janvier-2024-n23-02979\/#respond"]}],"citation":"Tribunal judiciaire de Versailles, le 11 janvier 2024, n\u00b023\/02979","about":[{"@type":"Thing","name":"Jurisprudence"}],"dateModified":"2026-04-24T06:33:15+00:00","speakable":{"@type":"SpeakableSpecification","cssSelector":[".article-content > p:first-of-type"]}},{"@type":"WebPage","@id":"https:\/\/kohenavocats.com\/zh-hans\/tribunal-judiciaire-de-versailles-le-11-janvier-2024-n23-02979\/","url":"https:\/\/kohenavocats.com\/zh-hans\/tribunal-judiciaire-de-versailles-le-11-janvier-2024-n23-02979\/","name":"Tribunal judiciaire de Versailles, le 11 janvier 2024, n\u00b023\/02979 - Ma\u00eetre Hassan Kohen, avocat en droit p\u00e9nal \u00e0 Paris","isPartOf":{"@id":"https:\/\/kohenavocats.com\/zh-hans\/#website"},"primaryImageOfPage":{"@id":"https:\/\/kohenavocats.com\/zh-hans\/tribunal-judiciaire-de-versailles-le-11-janvier-2024-n23-02979\/#primaryimage"},"image":{"@id":"https:\/\/kohenavocats.com\/zh-hans\/tribunal-judiciaire-de-versailles-le-11-janvier-2024-n23-02979\/#primaryimage"},"thumbnailUrl":"https:\/\/kohenavocats.com\/wp-content\/uploads\/2024\/11\/zyanya-citlalli-VKn4-6O9LWk-unsplash.webp","datePublished":"2026-04-24T06:33:15+00:00","description":"Le tribunal judiciaire de Versailles, le 11 janvier 2024, a statu\u00e9 sur un litige successorale opposant des fr\u00e8res. Un fils, d\u00e9biteur d'une soulte stipul\u00e9e da...","breadcrumb":{"@id":"https:\/\/kohenavocats.com\/zh-hans\/tribunal-judiciaire-de-versailles-le-11-janvier-2024-n23-02979\/#breadcrumb"},"inLanguage":"zh-Hans","potentialAction":[{"@type":"ReadAction","target":["https:\/\/kohenavocats.com\/zh-hans\/tribunal-judiciaire-de-versailles-le-11-janvier-2024-n23-02979\/"]}]},{"@type":"ImageObject","inLanguage":"zh-Hans","@id":"https:\/\/kohenavocats.com\/zh-hans\/tribunal-judiciaire-de-versailles-le-11-janvier-2024-n23-02979\/#primaryimage","url":"https:\/\/kohenavocats.com\/wp-content\/uploads\/2024\/11\/zyanya-citlalli-VKn4-6O9LWk-unsplash.webp","contentUrl":"https:\/\/kohenavocats.com\/wp-content\/uploads\/2024\/11\/zyanya-citlalli-VKn4-6O9LWk-unsplash.webp","width":3840,"height":2160},{"@type":"BreadcrumbList","@id":"https:\/\/kohenavocats.com\/zh-hans\/tribunal-judiciaire-de-versailles-le-11-janvier-2024-n23-02979\/#breadcrumb","itemListElement":[{"@type":"ListItem","position":1,"name":"Home","item":"https:\/\/kohenavocats.com\/zh-hans\/"},{"@type":"ListItem","position":2,"name":"Tribunal judiciaire de Versailles, le 11 janvier 2024, n\u00b023\/02979"}]},{"@type":"WebSite","@id":"https:\/\/kohenavocats.com\/zh-hans\/#website","url":"https:\/\/kohenavocats.com\/zh-hans\/","name":"Kohen Avocats","description":"Ma\u00eetre Hassan Kohen, avocat p\u00e9naliste \u00e0 Paris, intervient exclusivement en droit p\u00e9nal pour la d\u00e9fense des particuliers, notamment en mati\u00e8re d\u2019accusations de viol. Il assure un accompagnement rigoureux d\u00e8s la garde \u00e0 vue jusqu\u2019\u00e0 la Cour d\u2019assises, veillant au strict respect des garanties proc\u00e9durales.","publisher":{"@id":"https:\/\/kohenavocats.com\/zh-hans\/#organization"},"potentialAction":[{"@type":"SearchAction","target":{"@type":"EntryPoint","urlTemplate":"https:\/\/kohenavocats.com\/zh-hans\/?s={search_term_string}"},"query-input":{"@type":"PropertyValueSpecification","valueRequired":true,"valueName":"search_term_string"}}],"inLanguage":"zh-Hans"},{"@type":"Organization","@id":"https:\/\/kohenavocats.com\/zh-hans\/#organization","name":"Kohen Avocats","url":"https:\/\/kohenavocats.com\/zh-hans\/","logo":{"@type":"ImageObject","inLanguage":"zh-Hans","@id":"https:\/\/kohenavocats.com\/zh-hans\/#\/schema\/logo\/image\/","url":"https:\/\/kohenavocats.com\/wp-content\/uploads\/2026\/01\/Logo-2-1.webp","contentUrl":"https:\/\/kohenavocats.com\/wp-content\/uploads\/2026\/01\/Logo-2-1.webp","width":2114,"height":1253,"caption":"Kohen Avocats"},"image":{"@id":"https:\/\/kohenavocats.com\/zh-hans\/#\/schema\/logo\/image\/"}},{"@type":"Person","@id":"https:\/\/kohenavocats.com\/zh-hans\/#\/schema\/person\/761c9ba54fa1ca84d405cef0831ff751","name":"Kohen","image":{"@type":"ImageObject","inLanguage":"zh-Hans","@id":"https:\/\/secure.gravatar.com\/avatar\/1c5e76ef76bbbfdd2b4da984e2bf2fa4056fd51a27d25ce2c332047f1dfd6e00?s=96&d=identicon&r=g","url":"https:\/\/secure.gravatar.com\/avatar\/1c5e76ef76bbbfdd2b4da984e2bf2fa4056fd51a27d25ce2c332047f1dfd6e00?s=96&d=identicon&r=g","contentUrl":"https:\/\/secure.gravatar.com\/avatar\/1c5e76ef76bbbfdd2b4da984e2bf2fa4056fd51a27d25ce2c332047f1dfd6e00?s=96&d=identicon&r=g","caption":"Kohen"},"sameAs":["https:\/\/www.linkedin.com\/in\/hassan-kohen-448548192\/","https:\/\/www.youtube.com\/@Kohen-Avocats"],"url":"https:\/\/kohenavocats.com\/zh-hans\/author\/kohenmlk\/"}]}},"jetpack_featured_media_url":"https:\/\/kohenavocats.com\/wp-content\/uploads\/2024\/11\/zyanya-citlalli-VKn4-6O9LWk-unsplash.webp","jetpack_likes_enabled":false,"jetpack_shortlink":"https:\/\/wp.me\/peCrII-2OxH","jetpack-related-posts":[{"id":426314,"url":"https:\/\/kohenavocats.com\/zh-hans\/cour-dappel-de-paris-le-25-fevrier-2026-n24-03978\/","url_meta":{"origin":670945,"position":0},"title":"Cour d&#8217;appel de Paris, le 25 f\u00e9vrier 2026, n\u00b024\/03978","author":"Kohen","date":"2026\u5e743\u670823\u65e5","format":false,"excerpt":"L\u2019arr\u00eat rendu par la Cour d\u2019appel de Paris le 25 f\u2026","rel":"","context":"\u5728\u201cCour d'appel\u201d\u4e2d","block_context":{"text":"Cour d'appel","link":"https:\/\/kohenavocats.com\/category\/cour-dappel\/"},"img":{"alt_text":"","src":"https:\/\/i0.wp.com\/kohenavocats.com\/wp-content\/uploads\/2024\/08\/lisa-IfngoxB5ORA-unsplash.webp?resize=350%2C200&ssl=1","width":350,"height":200,"srcset":"https:\/\/i0.wp.com\/kohenavocats.com\/wp-content\/uploads\/2024\/08\/lisa-IfngoxB5ORA-unsplash.webp?resize=350%2C200&ssl=1 1x, https:\/\/i0.wp.com\/kohenavocats.com\/wp-content\/uploads\/2024\/08\/lisa-IfngoxB5ORA-unsplash.webp?resize=525%2C300&ssl=1 1.5x, https:\/\/i0.wp.com\/kohenavocats.com\/wp-content\/uploads\/2024\/08\/lisa-IfngoxB5ORA-unsplash.webp?resize=700%2C400&ssl=1 2x, https:\/\/i0.wp.com\/kohenavocats.com\/wp-content\/uploads\/2024\/08\/lisa-IfngoxB5ORA-unsplash.webp?resize=1050%2C600&ssl=1 3x, https:\/\/i0.wp.com\/kohenavocats.com\/wp-content\/uploads\/2024\/08\/lisa-IfngoxB5ORA-unsplash.webp?resize=1400%2C800&ssl=1 4x"},"classes":[]},{"id":428060,"url":"https:\/\/kohenavocats.com\/zh-hans\/cour-dappel-de-paris-le-29-juin-2011-n10-12211\/","url_meta":{"origin":670945,"position":1},"title":"Cour d&#8217;appel de Paris, le 29 juin 2011, n\u00b010\/12211","author":"Kohen","date":"2026\u5e743\u670823\u65e5","format":false,"excerpt":"La Cour d\u2019appel de Paris, dans un arr\u00eat du 29 juin\u2026","rel":"","context":"\u5728\u201cCour d'appel\u201d\u4e2d","block_context":{"text":"Cour d'appel","link":"https:\/\/kohenavocats.com\/category\/cour-dappel\/"},"img":{"alt_text":"","src":"https:\/\/i0.wp.com\/kohenavocats.com\/wp-content\/uploads\/2024\/08\/camille-brodard-uZDXjqtVifU-unsplash.webp?resize=350%2C200&ssl=1","width":350,"height":200,"srcset":"https:\/\/i0.wp.com\/kohenavocats.com\/wp-content\/uploads\/2024\/08\/camille-brodard-uZDXjqtVifU-unsplash.webp?resize=350%2C200&ssl=1 1x, https:\/\/i0.wp.com\/kohenavocats.com\/wp-content\/uploads\/2024\/08\/camille-brodard-uZDXjqtVifU-unsplash.webp?resize=525%2C300&ssl=1 1.5x, https:\/\/i0.wp.com\/kohenavocats.com\/wp-content\/uploads\/2024\/08\/camille-brodard-uZDXjqtVifU-unsplash.webp?resize=700%2C400&ssl=1 2x, https:\/\/i0.wp.com\/kohenavocats.com\/wp-content\/uploads\/2024\/08\/camille-brodard-uZDXjqtVifU-unsplash.webp?resize=1050%2C600&ssl=1 3x, https:\/\/i0.wp.com\/kohenavocats.com\/wp-content\/uploads\/2024\/08\/camille-brodard-uZDXjqtVifU-unsplash.webp?resize=1400%2C800&ssl=1 4x"},"classes":[]},{"id":220190,"url":"https:\/\/kohenavocats.com\/zh-hans\/enr-partages-avec-soultes-ou-plus-values\/","url_meta":{"origin":670945,"position":2},"title":"ENR \u2013 Partages avec soultes ou plus-values","author":"Kohen","date":"2025\u5e7412\u670825\u65e5","format":false,"excerpt":"I. Pr\u00e9sentation des diff\u00e9rents r\u00e9gimes applicables\u2026","rel":"","context":"\u5728\u201c6917\u201d\u4e2d","block_context":{"text":"6917","link":"https:\/\/kohenavocats.com\/category\/6917\/"},"img":{"alt_text":"","src":"https:\/\/i0.wp.com\/kohenavocats.com\/wp-content\/uploads\/2024\/11\/ph-m-nh-t-QLIDNQGghjM-unsplash.webp?resize=350%2C200&ssl=1","width":350,"height":200,"srcset":"https:\/\/i0.wp.com\/kohenavocats.com\/wp-content\/uploads\/2024\/11\/ph-m-nh-t-QLIDNQGghjM-unsplash.webp?resize=350%2C200&ssl=1 1x, https:\/\/i0.wp.com\/kohenavocats.com\/wp-content\/uploads\/2024\/11\/ph-m-nh-t-QLIDNQGghjM-unsplash.webp?resize=525%2C300&ssl=1 1.5x, https:\/\/i0.wp.com\/kohenavocats.com\/wp-content\/uploads\/2024\/11\/ph-m-nh-t-QLIDNQGghjM-unsplash.webp?resize=700%2C400&ssl=1 2x, https:\/\/i0.wp.com\/kohenavocats.com\/wp-content\/uploads\/2024\/11\/ph-m-nh-t-QLIDNQGghjM-unsplash.webp?resize=1050%2C600&ssl=1 3x, https:\/\/i0.wp.com\/kohenavocats.com\/wp-content\/uploads\/2024\/11\/ph-m-nh-t-QLIDNQGghjM-unsplash.webp?resize=1400%2C800&ssl=1 4x"},"classes":[]},{"id":475234,"url":"https:\/\/kohenavocats.com\/zh-hans\/cour-dappel-de-bordeaux-le-23-janvier-2025-n25-00241\/","url_meta":{"origin":670945,"position":3},"title":"Cour d&#8217;appel de Bordeaux, le 23 janvier 2025, n\u00b025\/00241","author":"Kohen","date":"2026\u5e744\u67087\u65e5","format":false,"excerpt":"La Cour d'appel de Bordeaux, statuant en dernier r\u2026","rel":"","context":"\u5728\u201cJurisprudence\u201d\u4e2d","block_context":{"text":"Jurisprudence","link":"https:\/\/kohenavocats.com\/category\/jurisprudence\/"},"img":{"alt_text":"","src":"https:\/\/i0.wp.com\/kohenavocats.com\/wp-content\/uploads\/2024\/11\/zyanya-citlalli-ypy0AuAozUo-unsplash.webp?resize=350%2C200&ssl=1","width":350,"height":200,"srcset":"https:\/\/i0.wp.com\/kohenavocats.com\/wp-content\/uploads\/2024\/11\/zyanya-citlalli-ypy0AuAozUo-unsplash.webp?resize=350%2C200&ssl=1 1x, https:\/\/i0.wp.com\/kohenavocats.com\/wp-content\/uploads\/2024\/11\/zyanya-citlalli-ypy0AuAozUo-unsplash.webp?resize=525%2C300&ssl=1 1.5x, https:\/\/i0.wp.com\/kohenavocats.com\/wp-content\/uploads\/2024\/11\/zyanya-citlalli-ypy0AuAozUo-unsplash.webp?resize=700%2C400&ssl=1 2x, https:\/\/i0.wp.com\/kohenavocats.com\/wp-content\/uploads\/2024\/11\/zyanya-citlalli-ypy0AuAozUo-unsplash.webp?resize=1050%2C600&ssl=1 3x, https:\/\/i0.wp.com\/kohenavocats.com\/wp-content\/uploads\/2024\/11\/zyanya-citlalli-ypy0AuAozUo-unsplash.webp?resize=1400%2C800&ssl=1 4x"},"classes":[]},{"id":432624,"url":"https:\/\/kohenavocats.com\/zh-hans\/cour-dappel-de-limoges-le-4-mai-2011-n10-00702\/","url_meta":{"origin":670945,"position":4},"title":"Cour d&#8217;appel de Limoges, le 4 mai 2011, n\u00b010\/00702","author":"Kohen","date":"2026\u5e743\u670824\u65e5","format":false,"excerpt":"La Cour d'appel de Limoges, dans un arr\u00eat du 4 mai\u2026","rel":"","context":"\u5728\u201cCour d'appel\u201d\u4e2d","block_context":{"text":"Cour d'appel","link":"https:\/\/kohenavocats.com\/category\/cour-dappel\/"},"img":{"alt_text":"","src":"https:\/\/i0.wp.com\/kohenavocats.com\/wp-content\/uploads\/2024\/08\/chris-linnett-aoJDcEy2tBo-unsplash.webp?resize=350%2C200&ssl=1","width":350,"height":200,"srcset":"https:\/\/i0.wp.com\/kohenavocats.com\/wp-content\/uploads\/2024\/08\/chris-linnett-aoJDcEy2tBo-unsplash.webp?resize=350%2C200&ssl=1 1x, https:\/\/i0.wp.com\/kohenavocats.com\/wp-content\/uploads\/2024\/08\/chris-linnett-aoJDcEy2tBo-unsplash.webp?resize=525%2C300&ssl=1 1.5x, https:\/\/i0.wp.com\/kohenavocats.com\/wp-content\/uploads\/2024\/08\/chris-linnett-aoJDcEy2tBo-unsplash.webp?resize=700%2C400&ssl=1 2x, https:\/\/i0.wp.com\/kohenavocats.com\/wp-content\/uploads\/2024\/08\/chris-linnett-aoJDcEy2tBo-unsplash.webp?resize=1050%2C600&ssl=1 3x, https:\/\/i0.wp.com\/kohenavocats.com\/wp-content\/uploads\/2024\/08\/chris-linnett-aoJDcEy2tBo-unsplash.webp?resize=1400%2C800&ssl=1 4x"},"classes":[]},{"id":419789,"url":"https:\/\/kohenavocats.com\/zh-hans\/cour-dappel-de-bastia-le-25-janvier-2012-n09-01114\/","url_meta":{"origin":670945,"position":5},"title":"Cour d&#8217;appel de Bastia, le 25 janvier 2012, n\u00b009\/01114","author":"Kohen","date":"2026\u5e743\u670822\u65e5","format":false,"excerpt":"La Cour d\u2019appel de Bastia, dans un arr\u00eat du 25 jan\u2026","rel":"","context":"\u5728\u201cCour d'appel\u201d\u4e2d","block_context":{"text":"Cour d'appel","link":"https:\/\/kohenavocats.com\/category\/cour-dappel\/"},"img":{"alt_text":"","src":"https:\/\/i0.wp.com\/kohenavocats.com\/wp-content\/uploads\/2024\/11\/mohamed-nohassi-LQw7fIchK-o-unsplash.webp?resize=350%2C200&ssl=1","width":350,"height":200,"srcset":"https:\/\/i0.wp.com\/kohenavocats.com\/wp-content\/uploads\/2024\/11\/mohamed-nohassi-LQw7fIchK-o-unsplash.webp?resize=350%2C200&ssl=1 1x, https:\/\/i0.wp.com\/kohenavocats.com\/wp-content\/uploads\/2024\/11\/mohamed-nohassi-LQw7fIchK-o-unsplash.webp?resize=525%2C300&ssl=1 1.5x, https:\/\/i0.wp.com\/kohenavocats.com\/wp-content\/uploads\/2024\/11\/mohamed-nohassi-LQw7fIchK-o-unsplash.webp?resize=700%2C400&ssl=1 2x, https:\/\/i0.wp.com\/kohenavocats.com\/wp-content\/uploads\/2024\/11\/mohamed-nohassi-LQw7fIchK-o-unsplash.webp?resize=1050%2C600&ssl=1 3x, https:\/\/i0.wp.com\/kohenavocats.com\/wp-content\/uploads\/2024\/11\/mohamed-nohassi-LQw7fIchK-o-unsplash.webp?resize=1400%2C800&ssl=1 4x"},"classes":[]}],"jetpack_sharing_enabled":true,"_links":{"self":[{"href":"https:\/\/kohenavocats.com\/zh-hans\/wp-json\/wp\/v2\/posts\/670945","targetHints":{"allow":["GET"]}}],"collection":[{"href":"https:\/\/kohenavocats.com\/zh-hans\/wp-json\/wp\/v2\/posts"}],"about":[{"href":"https:\/\/kohenavocats.com\/zh-hans\/wp-json\/wp\/v2\/types\/post"}],"author":[{"embeddable":true,"href":"https:\/\/kohenavocats.com\/zh-hans\/wp-json\/wp\/v2\/users\/232070755"}],"replies":[{"embeddable":true,"href":"https:\/\/kohenavocats.com\/zh-hans\/wp-json\/wp\/v2\/comments?post=670945"}],"version-history":[{"count":0,"href":"https:\/\/kohenavocats.com\/zh-hans\/wp-json\/wp\/v2\/posts\/670945\/revisions"}],"wp:featuredmedia":[{"embeddable":true,"href":"https:\/\/kohenavocats.com\/zh-hans\/wp-json\/wp\/v2\/media\/9507"}],"wp:attachment":[{"href":"https:\/\/kohenavocats.com\/zh-hans\/wp-json\/wp\/v2\/media?parent=670945"}],"wp:term":[{"taxonomy":"category","embeddable":true,"href":"https:\/\/kohenavocats.com\/zh-hans\/wp-json\/wp\/v2\/categories?post=670945"},{"taxonomy":"post_tag","embeddable":true,"href":"https:\/\/kohenavocats.com\/zh-hans\/wp-json\/wp\/v2\/tags?post=670945"}],"curies":[{"name":"wp","href":"https:\/\/api.w.org\/{rel}","templated":true}]}}