{"id":678387,"date":"2026-04-25T06:16:48","date_gmt":"2026-04-25T04:16:48","guid":{"rendered":"https:\/\/kohenavocats.com\/loi-7-avril-2026-reforme-indivision-successorale-deblocage-successions\/"},"modified":"2026-04-26T17:26:39","modified_gmt":"2026-04-26T15:26:39","slug":"loi-7-avril-2026-reforme-indivision-successorale-deblocage-successions","status":"publish","type":"post","link":"https:\/\/kohenavocats.com\/zh-hans\/loi-7-avril-2026-reforme-indivision-successorale-deblocage-successions\/","title":{"rendered":"Loi du 7 avril 2026 : comment la r\u00e9forme de l&#8217;indivision successorale d\u00e9bloque enfin les successions"},"content":{"rendered":"<p>La loi n\u00b0 2026-248 du 7 avril 2026 visant \u00e0 simplifier la sortie de l&#8217;indivision et la gestion des successions vacantes est entr\u00e9e en vigueur le 9 avril 2026. Ce texte, adopt\u00e9 \u00e0 l&#8217;unanimit\u00e9 par le Parlement, r\u00e9pond \u00e0 un probl\u00e8me massif : des centaines de milliers de successions restent bloqu\u00e9es en France parce qu&#8217;un h\u00e9ritier refuse le partage, ne se manifeste pas ou demeure introuvable. La r\u00e9forme modifie plusieurs articles du code civil pour faciliter la vente des biens indivis, \u00e9largir le partage judiciaire aux couples et renforcer les pouvoirs du juge. Elle int\u00e9resse directement toute personne confront\u00e9e \u00e0 un conflit successoral, \u00e0 un bien immobilier gel\u00e9 dans l&#8217;indivision ou \u00e0 une succession vacante qui s&#8217;\u00e9ternise. En voici l&#8217;analyse compl\u00e8te, \u00e0 la lumi\u00e8re des textes modifi\u00e9s et de la jurisprudence r\u00e9cente de la Cour de cassation.<\/p>\n<h2>I. L&#8217;<a href=\"https:\/\/kohenavocats.com\/avocats-droit-famille-paris\/avocats-partage-successoral-paris\/\" target=\"_blank\" title=\"indivision successorale\">indivision successorale<\/a> avant la r\u00e9forme : un droit de blocage au profit de l&#8217;h\u00e9ritier r\u00e9calcitrant<\/h2>\n<h3>A. Le principe fondateur : nul ne peut \u00eatre contraint \u00e0 demeurer dans l&#8217;indivision<\/h3>\n<p>L&#8217;article 815 du code civil pose un principe clair : \u00ab Nul ne peut \u00eatre contraint \u00e0 demeurer dans l&#8217;indivision et le partage peut toujours \u00eatre provoqu\u00e9, \u00e0 moins qu&#8217;il n&#8217;y ait \u00e9t\u00e9 sursis par jugement ou convention \u00bb (<a href=\"https:\/\/www.legifrance.gouv.fr\/codes\/article_lc\/LEGIARTI000006432351\" target=\"_blank\" rel=\"noopener\">article 815 du code civil<\/a>).<\/p>\n<p>Ce principe remonte \u00e0 la R\u00e9volution fran\u00e7aise. Il garantit \u00e0 chaque indivisaire le droit de sortir de l&#8217;indivision \u00e0 tout moment, sans avoir \u00e0 justifier d&#8217;un motif particulier. La Cour de cassation en a encore rappel\u00e9 la port\u00e9e dans un arr\u00eat publi\u00e9 au Bulletin du 15 janvier 2025. Elle a jug\u00e9 que \u00ab malgr\u00e9 l&#8217;<a href=\"https:\/\/kohenavocats.com\/avocats-droit-famille-paris\/avocats-adoption-paris\/\" target=\"_blank\" title=\"adoption\">adoption<\/a> par le d\u00e9funt d&#8217;un r\u00e9gime de communaut\u00e9 universelle de biens avec clause d&#8217;attribution int\u00e9grale au conjoint survivant, un h\u00e9ritier r\u00e9servataire peut, le cas \u00e9ch\u00e9ant, pr\u00e9tendre au partage de ceux des biens demeur\u00e9s propres au d\u00e9funt sur lesquels il d\u00e9tient une quote-part indivise \u00bb (<a href=\"https:\/\/www.courdecassation.fr\/decision\/678787dc012a55caa6d16731\" target=\"_blank\" rel=\"noopener\">Cass. 1re civ., 15 janvier 2025, n\u00b0 22-24.672<\/a>).<\/p>\n<p>L&#8217;arr\u00eat pr\u00e9cise que m\u00eame lorsque l&#8217;indivision ne porte que sur la nue-propri\u00e9t\u00e9 des biens, chaque descendant conserve le droit de provoquer le partage. Cette solution d\u00e9coule directement de l&#8217;article 815 et des articles 720, 825, 843, 920 et 924-3 du code civil combin\u00e9s.<\/p>\n<p>En th\u00e9orie, le principe est protecteur. En pratique, il se heurte \u00e0 un obstacle majeur : l&#8217;h\u00e9ritier qui refuse de participer aux op\u00e9rations de partage ne subit aucune sanction efficace. Son inertie suffit \u00e0 bloquer la situation pendant des ann\u00e9es.<\/p>\n<h3>B. La majorit\u00e9 des deux tiers avant la r\u00e9forme : un m\u00e9canisme lourd et contest\u00e9<\/h3>\n<p>Depuis la loi du 12 mai 2009, l&#8217;article 815-5-1 du code civil permettait aux indivisaires titulaires d&#8217;au moins deux tiers des droits indivis de solliciter l&#8217;autorisation judiciaire de vendre un bien indivis, m\u00eame contre la volont\u00e9 d&#8217;un co\u00efndivisaire.<\/p>\n<p>Le texte impose une proc\u00e9dure en plusieurs \u00e9tapes. Les indivisaires majoritaires doivent d&#8217;abord exprimer leur intention devant un notaire. Le notaire fait signifier cette intention aux autres indivisaires. Ceux-ci disposent d&#8217;un d\u00e9lai de trois mois pour s&#8217;opposer ou se manifester. En cas de silence ou d&#8217;opposition, le notaire dresse un proc\u00e8s-verbal et le tribunal judiciaire peut autoriser l&#8217;ali\u00e9nation \u00ab si celle-ci ne porte pas une atteinte excessive aux droits des autres indivisaires \u00bb (<a href=\"https:\/\/www.legifrance.gouv.fr\/codes\/article_lc\/LEGIARTI000039367468\" target=\"_blank\" rel=\"noopener\">article 815-5-1 du code civil<\/a>).<\/p>\n<p>Ce m\u00e9canisme, bien qu&#8217;utile, restait insuffisant. La proc\u00e9dure prenait au minimum six \u00e0 huit mois avant m\u00eame la saisine du tribunal. Le juge n&#8217;avait pas le pouvoir d&#8217;autoriser un indivisaire \u00e0 conclure seul la vente. Et le texte excluait express\u00e9ment les cas de d\u00e9membrement de propri\u00e9t\u00e9 ou de protection d&#8217;un indivisaire vuln\u00e9rable.<\/p>\n<p>La jurisprudence ajoutait une exigence suppl\u00e9mentaire : avant d&#8217;ordonner la licitation d&#8217;un bien indivis, le juge devait v\u00e9rifier si le bien \u00e9tait commod\u00e9ment partageable en nature. La Cour de cassation l&#8217;a rappel\u00e9 dans un arr\u00eat du 5 f\u00e9vrier 2025 : \u00ab la licitation des immeubles indivis ne doit \u00eatre ordonn\u00e9e que s&#8217;ils ne peuvent \u00eatre facilement partag\u00e9s en nature. \u00bb La cour d&#8217;appel qui avait ordonn\u00e9 la licitation sans proc\u00e9der \u00e0 cette v\u00e9rification a vu son arr\u00eat cass\u00e9 pour d\u00e9faut de base l\u00e9gale (<a href=\"https:\/\/www.courdecassation.fr\/decision\/67a30984eaef5a22b443b3b5\" target=\"_blank\" rel=\"noopener\">Cass. 1re civ., 5 f\u00e9vrier 2025, n\u00b0 21-15.932<\/a>).<\/p>\n<h3>C. Le partage judiciaire : une proc\u00e9dure longue, cloisonn\u00e9e et co\u00fbteuse<\/h3>\n<p>Le partage judiciaire constituait le recours ultime de l&#8217;h\u00e9ritier bloqu\u00e9. Il supposait la d\u00e9signation d&#8217;un notaire liquidateur, la constitution d&#8217;un \u00e9tat liquidatif, l&#8217;homologation par le juge, puis l&#8217;ex\u00e9cution des lots ou la licitation. La dur\u00e9e moyenne d\u00e9passait quatre ans. Certaines successions restaient en l&#8217;\u00e9tat pendant dix ou quinze ans.<\/p>\n<p>Le probl\u00e8me principal tenait au cloisonnement des comp\u00e9tences. Le juge commis aux op\u00e9rations de partage ne pouvait pas trancher les contestations survenant en cours de proc\u00e9dure. Chaque incident devait \u00eatre renvoy\u00e9 devant le tribunal, ce qui multipliait les audiences et les d\u00e9lais. De m\u00eame, le partage judiciaire ne pouvait \u00eatre ouvert qu&#8217;en pr\u00e9sence d&#8217;une indivision. Les couples non mari\u00e9s qui avaient acquis un bien en commun sans indivision formelle ne pouvaient pas b\u00e9n\u00e9ficier de cette proc\u00e9dure.<\/p>\n<p>L&#8217;attribution pr\u00e9f\u00e9rentielle, pr\u00e9vue par les articles 831 et suivants du code civil, offrait une alternative pour certains biens. Mais la Cour de cassation en a strictement encadr\u00e9 les conditions. Dans un arr\u00eat du 30 avril 2025, elle a jug\u00e9 que \u00ab tout h\u00e9ritier copropri\u00e9taire en nu-propri\u00e9t\u00e9 peut demander l&#8217;attribution pr\u00e9f\u00e9rentielle par voie de partage, \u00e0 charge de soulte s&#8217;il y a lieu, de toute entreprise agricole \u00e0 l&#8217;exploitation de laquelle il participe ou a particip\u00e9 effectivement. \u00bb Toutefois, \u00ab une telle attribution, en tant que modalit\u00e9 du partage, ne peut porter que sur les droits compris dans l&#8217;indivision \u00e0 partager \u00bb (<a href=\"https:\/\/www.courdecassation.fr\/decision\/6811bc3d12a37cea68763dfe\" target=\"_blank\" rel=\"noopener\">Cass. 1re civ., 30 avril 2025, n\u00b0 24-15.624<\/a>).<\/p>\n<p>L&#8217;attribution pr\u00e9f\u00e9rentielle ne pouvait donc porter que sur la nue-propri\u00e9t\u00e9 si l&#8217;indivision ne portait que sur ce d\u00e9membrement. Cette rigueur, juridiquement fond\u00e9e, contribuait \u00e0 prolonger les blocages.<\/p>\n<h2>II. Les apports de la loi n\u00b0 2026-248 du 7 avril 2026 : lever les obstacles, armer le juge, simplifier la proc\u00e9dure<\/h2>\n<h3>A. Le pouvoir nouveau du juge : autoriser un indivisaire \u00e0 conclure seul la vente<\/h3>\n<p>L&#8217;innovation la plus notable de la r\u00e9forme r\u00e9side dans la modification de l&#8217;article 815-6 du code civil. Cet article, qui permet au pr\u00e9sident du tribunal judiciaire de prescrire toutes les mesures urgentes que requiert l&#8217;int\u00e9r\u00eat commun, comporte d\u00e9sormais un dernier alin\u00e9a : \u00ab Il peut \u00e9galement autoriser un indivisaire \u00e0 conclure seul un acte de vente d&#8217;un bien indivis \u00bb (<a href=\"https:\/\/www.legifrance.gouv.fr\/codes\/article_lc\/LEGIARTI000053775753\" target=\"_blank\" rel=\"noopener\">article 815-6 du code civil, version en vigueur depuis le 9 avril 2026<\/a>).<\/p>\n<p>Ce nouvel alin\u00e9a consacre dans le code civil une solution que la jurisprudence avait progressivement admise, sans jamais la formuler aussi clairement. Jusqu&#8217;\u00e0 pr\u00e9sent, le juge des r\u00e9f\u00e9r\u00e9s pouvait d\u00e9signer un administrateur ou nommer un s\u00e9questre, mais il ne disposait pas d&#8217;un pouvoir textuel explicite pour autoriser un seul indivisaire \u00e0 vendre le bien. Le notaire, de son c\u00f4t\u00e9, ne pouvait pas instrumenter sans le concours de tous les co\u00efndivisaires, sauf autorisation judiciaire.<\/p>\n<p>La port\u00e9e pratique est consid\u00e9rable. Lorsqu&#8217;un h\u00e9ritier d\u00e9tient la majorit\u00e9 des droits indivis et qu&#8217;un acqu\u00e9reur est identifi\u00e9, le juge pourra d\u00e9sormais autoriser cet h\u00e9ritier \u00e0 signer seul le compromis puis l&#8217;acte authentique de vente, sans attendre la proc\u00e9dure plus lourde de l&#8217;article 815-5-1. La condition demeure l&#8217;urgence et l&#8217;int\u00e9r\u00eat commun. Mais ces notions, interpr\u00e9t\u00e9es avec souplesse par la jurisprudence, permettront de couvrir la plupart des situations o\u00f9 le bien se d\u00e9grade, les charges s&#8217;accumulent ou un acqu\u00e9reur risque de se retirer.<\/p>\n<p>La Cour de cassation avait d\u00e9j\u00e0 pos\u00e9 les fondements de cette \u00e9volution en mati\u00e8re d&#8217;indivision forc\u00e9e. Dans un arr\u00eat du 7 mai 2025, la troisi\u00e8me chambre civile a rappel\u00e9 que \u00ab chacun des indivisaires a le droit d&#8217;user et de jouir du bien indivis, \u00e0 la condition de ne pas en changer la destination sans le consentement unanime de tous les copropri\u00e9taires et de ne causer ni dommage ni trouble \u00e0 la possession d&#8217;aucun d&#8217;eux. \u00bb Elle a ajout\u00e9 que chaque indivisaire peut, \u00ab en vertu de son droit propre, demander la suppression totale des nouveaux ouvrages \u00e9difi\u00e9s sans son consentement sur le fonds indivis \u00bb (<a href=\"https:\/\/www.courdecassation.fr\/decision\/681af5d60dfb1f09369ce223\" target=\"_blank\" rel=\"noopener\">Cass. 3e civ., 7 mai 2025, n\u00b0 24-15.027<\/a>).<\/p>\n<p>Cette jurisprudence illustre la tension constante entre le droit individuel de chaque indivisaire et l&#8217;int\u00e9r\u00eat collectif de l&#8217;indivision. La loi du 7 avril 2026 tranche en faveur de l&#8217;efficacit\u00e9, en donnant au juge le pouvoir de d\u00e9bloquer la situation par une autorisation individuelle de vente.<\/p>\n<h3>B. L&#8217;extension du partage judiciaire aux couples sans indivision<\/h3>\n<p>L&#8217;article 840 du code civil, dans sa r\u00e9daction issue de la loi du 7 avril 2026, \u00e9largit le champ du partage judiciaire. Le texte dispose d\u00e9sormais que la sous-section relative au partage judiciaire \u00ab est applicable aux demandes tendant \u00e0 la liquidation, au partage et au r\u00e8glement des indivisions ou des int\u00e9r\u00eats patrimoniaux des \u00e9poux, des personnes li\u00e9es par un pacte civil de solidarit\u00e9 et des concubins \u00bb (<a href=\"https:\/\/www.legifrance.gouv.fr\/codes\/article_lc\/LEGIARTI000053775765\" target=\"_blank\" rel=\"noopener\">article 840 du code civil, version en vigueur depuis le 9 avril 2026<\/a>).<\/p>\n<p>La nouveaut\u00e9 r\u00e9side dans le 2\u00b0 de cet article, qui permet de recourir au partage judiciaire pour les demandes autres que le partage stricto sensu \u00ab lorsque la complexit\u00e9 des op\u00e9rations de liquidation le requiert malgr\u00e9 l&#8217;absence d&#8217;indivision entre les parties ou lorsque, en cours d&#8217;instance, il appara\u00eet qu&#8217;il n&#8217;existe pas ou plus d&#8217;indivision entre les parties. \u00bb<\/p>\n<p>Cette disposition r\u00e9sout un probl\u00e8me r\u00e9current. Jusqu&#8217;\u00e0 pr\u00e9sent, les concubins qui avaient acquis un bien en commun sans constituer d&#8217;indivision formelle, ou les partenaires de PACS dont les int\u00e9r\u00eats patrimoniaux crois\u00e9s ne relevaient pas strictement de l&#8217;indivision, ne pouvaient pas b\u00e9n\u00e9ficier de la proc\u00e9dure unifi\u00e9e de partage judiciaire. Ils devaient multiplier les instances devant des formations diff\u00e9rentes du tribunal.<\/p>\n<p>La r\u00e9forme unifie ces situations. Le juge aux affaires familiales, lorsqu&#8217;il est saisi d&#8217;une demande de liquidation des int\u00e9r\u00eats patrimoniaux d&#8217;un couple, pourra traiter l&#8217;ensemble du contentieux dans le cadre d&#8217;une proc\u00e9dure unique, m\u00eame si l&#8217;indivision n&#8217;existe pas ou a cess\u00e9 d&#8217;exister en cours de proc\u00e9dure.<\/p>\n<h3>C. La comp\u00e9tence \u00e9largie du juge commis et la modernisation de la proc\u00e9dure<\/h3>\n<p>L&#8217;article 841 du code civil, modifi\u00e9 par la loi du 7 avril 2026, confie au juge commis aux op\u00e9rations de partage une comp\u00e9tence nouvelle. Il est d\u00e9sormais \u00ab comp\u00e9tent pour conna\u00eetre des contestations qui s&#8217;\u00e9l\u00e8vent au cours de celles-ci et pour ordonner les licitations, dans des conditions d\u00e9finies par d\u00e9cret en Conseil d&#8217;\u00c9tat \u00bb (<a href=\"https:\/\/www.legifrance.gouv.fr\/codes\/article_lc\/LEGIARTI000053775775\" target=\"_blank\" rel=\"noopener\">article 841 du code civil, version en vigueur depuis le 9 avril 2026<\/a>).<\/p>\n<p>Cette modification met fin au cloisonnement qui paralysait les partages judiciaires. Le juge commis, jusqu&#8217;ici cantonn\u00e9 \u00e0 un r\u00f4le de surveillance, pourra d\u00e9sormais trancher les incidents et ordonner les ventes forc\u00e9es sans renvoyer l&#8217;affaire devant une autre formation du tribunal. Le gain de temps attendu est substantiel.<\/p>\n<p>La r\u00e9forme pr\u00e9voit toutefois qu&#8217;un d\u00e9cret en Conseil d&#8217;\u00c9tat viendra pr\u00e9ciser les conditions d&#8217;exercice de cette comp\u00e9tence \u00e9largie. La port\u00e9e exacte de cette disposition d\u00e9pendra donc du contenu de ce d\u00e9cret, qui devrait para\u00eetre dans les mois suivant la publication de la loi.<\/p>\n<h2>III. Cons\u00e9quences pratiques pour les h\u00e9ritiers et les familles<\/h2>\n<h3>A. Application imm\u00e9diate aux successions ouvertes et aux indivisions existantes<\/h3>\n<p>La loi du 7 avril 2026 est d&#8217;application imm\u00e9diate. Les dispositions relatives \u00e0 l&#8217;article 815-6 (autorisation de vente par un seul indivisaire) et \u00e0 l&#8217;article 840 (extension du partage judiciaire aux couples) s&#8217;appliquent d\u00e8s le 9 avril 2026 \u00e0 toutes les indivisions existantes et \u00e0 toutes les successions ouvertes, y compris celles dont le partage est en cours.<\/p>\n<p>Cette application imm\u00e9diate est conforme au principe selon lequel les lois de proc\u00e9dure s&#8217;appliquent aux instances en cours. Les h\u00e9ritiers actuellement engag\u00e9s dans un partage judiciaire pourront invoquer les nouvelles dispositions devant le juge commis, sans attendre l&#8217;introduction d&#8217;une nouvelle instance.<\/p>\n<p>La chambre commerciale de la Cour de cassation avait par ailleurs rappel\u00e9, dans un avis du 21 mai 2025, que \u00ab la licitation d&#8217;un immeuble acquis en indivision par le d\u00e9biteur, avant l&#8217;ouverture de la proc\u00e9dure de liquidation judiciaire, est une op\u00e9ration de liquidation partage de l&#8217;indivision qui \u00e9chappe aux r\u00e8gles applicables en mati\u00e8re de r\u00e9alisation des actifs de la <a href=\"https:\/\/kohenavocats.fr\/elementor-60\/avocats-droit-affaires-paris\/avocat-procedures-collectives-paris\/\" target=\"_blank\" title=\"proc\u00e9dure collective\">proc\u00e9dure collective<\/a> \u00bb (<a href=\"https:\/\/www.courdecassation.fr\/decision\/682d68f316fd466a1ce900c6\" target=\"_blank\" rel=\"noopener\">Cass. com., avis, 21 mai 2025, n\u00b0 25-70.008<\/a>). Cette distinction entre les r\u00e8gles de l&#8217;indivision et celles de la proc\u00e9dure collective demeure pleinement applicable apr\u00e8s la r\u00e9forme.<\/p>\n<h3>B. La repr\u00e9sentation obligatoire par avocat : s\u00e9curit\u00e9 juridique et co\u00fbt<\/h3>\n<p>La loi du 7 avril 2026 rend obligatoire la repr\u00e9sentation par avocat \u00e0 toutes les \u00e9tapes de la proc\u00e9dure de partage judiciaire. Cette exigence vise \u00e0 prot\u00e9ger les h\u00e9ritiers contre les risques d&#8217;un partage d\u00e9s\u00e9quilibr\u00e9 ou d&#8217;une vente \u00e0 un prix insuffisant.<\/p>\n<p>Le recours \u00e0 un <a href=\"https:\/\/kohenavocats.com\/avocats-droit-famille-paris\/avocats-partage-successoral-paris\/\">avocat sp\u00e9cialis\u00e9 en partage successoral<\/a> permet de v\u00e9rifier la r\u00e9gularit\u00e9 de chaque \u00e9tape, de contr\u00f4ler l&#8217;\u00e9valuation des biens, de formuler les demandes d&#8217;attribution pr\u00e9f\u00e9rentielle dans les formes requises et de s&#8217;assurer que le partage respecte les droits de chaque h\u00e9ritier.<\/p>\n<p>Le co\u00fbt de cette repr\u00e9sentation peut inqui\u00e9ter certains h\u00e9ritiers. Toutefois, l&#8217;avocat intervient aussi pour \u00e9viter les erreurs qui co\u00fbtent plus cher : une vente sous-\u00e9valu\u00e9e, un partage annul\u00e9 pour vice de proc\u00e9dure ou une licitation ordonn\u00e9e alors que le bien \u00e9tait partageable en nature. La Cour de cassation a cass\u00e9 des d\u00e9cisions qui avaient omis cette v\u00e9rification \u00e9l\u00e9mentaire, rappelant que \u00ab la licitation des immeubles indivis ne doit \u00eatre ordonn\u00e9e que s&#8217;ils ne peuvent \u00eatre facilement partag\u00e9s en nature \u00bb (Cass. 1re civ., 5 f\u00e9vrier 2025, n\u00b0 21-15.932, pr\u00e9cit\u00e9).<\/p>\n<h3>C. Les successions vacantes : vers un r\u00e8glement acc\u00e9l\u00e9r\u00e9<\/h3>\n<p>La loi du 7 avril 2026 ne se limite pas \u00e0 l&#8217;indivision entre h\u00e9ritiers identifi\u00e9s. Elle modernise \u00e9galement le r\u00e9gime des successions vacantes, c&#8217;est-\u00e0-dire des successions dans lesquelles aucun h\u00e9ritier ne se manifeste ou dans lesquelles les h\u00e9ritiers connus ont renonc\u00e9.<\/p>\n<p>Le curateur aux successions vacantes dispose d\u00e9sormais de pouvoirs renforc\u00e9s. Il peut signer seul certains actes de gestion et de disposition, sans attendre l&#8217;autorisation du juge pour chaque op\u00e9ration. La publicit\u00e9 des mesures de curatelle est modernis\u00e9e par le recours \u00e0 des supports num\u00e9riques, ce qui facilite l&#8217;information des \u00e9ventuels h\u00e9ritiers et acc\u00e9l\u00e8re la cl\u00f4ture des successions anciennes.<\/p>\n<p>Ces dispositions int\u00e9ressent particuli\u00e8rement les collectivit\u00e9s territoriales, les bailleurs sociaux et les administrations confront\u00e9es \u00e0 des biens immobiliers sans ma\u00eetre ou \u00e0 des logements vacants dont la succession n&#8217;a jamais \u00e9t\u00e9 r\u00e9gl\u00e9e. La r\u00e9forme leur donne les outils pour identifier les biens concern\u00e9s et provoquer leur r\u00e9int\u00e9gration dans le circuit \u00e9conomique.<\/p>\n<h2>Conclusion<\/h2>\n<p>La loi du 7 avril 2026 ne r\u00e9volutionne pas le droit de l&#8217;indivision. Elle ne remet en cause ni le principe de l&#8217;article 815, ni l&#8217;exigence d&#8217;unanimit\u00e9 pour les actes de disposition, ni le contr\u00f4le judiciaire de la proportionnalit\u00e9. Elle proc\u00e8de plut\u00f4t par ajustements cibl\u00e9s : un pouvoir nouveau pour le juge, un champ \u00e9largi pour le partage judiciaire, une comp\u00e9tence renforc\u00e9e pour le juge commis.<\/p>\n<p>Ces ajustements, toutefois, r\u00e9pondent \u00e0 des blocages r\u00e9els et r\u00e9currents. L&#8217;h\u00e9ritier qui restait introuvable ou qui refusait toute coop\u00e9ration disposait, dans les faits, d&#8217;un droit de v\u00e9to sur le patrimoine familial. La r\u00e9forme r\u00e9duit ce pouvoir de nuisance sans supprimer les garanties dont b\u00e9n\u00e9ficie chaque indivisaire.<\/p>\n<p>Les praticiens devront attendre le d\u00e9cret en Conseil d&#8217;\u00c9tat pour conna\u00eetre les modalit\u00e9s pr\u00e9cises de la comp\u00e9tence \u00e9largie du juge commis. Mais les dispositions relatives \u00e0 l&#8217;autorisation de vente individuelle (article 815-6) et \u00e0 l&#8217;extension du partage judiciaire (article 840) sont d&#8217;application imm\u00e9diate et constituent des outils mobilisables d\u00e8s \u00e0 pr\u00e9sent.<\/p>\n<p>Pour les familles confront\u00e9es \u00e0 une succession bloqu\u00e9e, \u00e0 un <a href=\"https:\/\/kohenavocats.com\/avocats-droit-famille-paris\/avocats-contestation-testament-paris\/\">conflit testamentaire<\/a>, \u00e0 une difficult\u00e9 de <a href=\"https:\/\/kohenavocats.com\/avocats-droit-famille-paris\/avocats-reserve-hereditaire-paris\/\">r\u00e9serve h\u00e9r\u00e9ditaire<\/a> ou \u00e0 une <a href=\"https:\/\/kohenavocats.com\/avocats-droit-famille-paris\/avocats-donation-transmission-paris\/\">donation contest\u00e9e<\/a>, la loi du 7 avril 2026 ouvre des perspectives nouvelles qu&#8217;il convient d&#8217;exploiter sans tarder.<\/p>\n<h2>R\u00e9f\u00e9rences<\/h2>\n<p><a href=\"https:\/\/www.legifrance.gouv.fr\/jorf\/id\/JORFTEXT000053773159\" target=\"_blank\" rel=\"noopener\">Loi n\u00b0 2026-248 du 7 avril 2026<\/a> visant \u00e0 simplifier la sortie de l&#8217;indivision et la gestion des successions vacantes<\/p>\n<p><a href=\"https:\/\/www.legifrance.gouv.fr\/codes\/article_lc\/LEGIARTI000006432351\" target=\"_blank\" rel=\"noopener\">Article 815 du code civil<\/a><\/p>\n<p><a href=\"https:\/\/www.legifrance.gouv.fr\/codes\/article_lc\/LEGIARTI000039367468\" target=\"_blank\" rel=\"noopener\">Article 815-5-1 du code civil<\/a><\/p>\n<p><a href=\"https:\/\/www.legifrance.gouv.fr\/codes\/article_lc\/LEGIARTI000053775753\" target=\"_blank\" rel=\"noopener\">Article 815-6 du code civil<\/a> (version en vigueur depuis le 9 avril 2026)<\/p>\n<p><a href=\"https:\/\/www.legifrance.gouv.fr\/codes\/article_lc\/LEGIARTI000053775765\" target=\"_blank\" rel=\"noopener\">Article 840 du code civil<\/a> (version en vigueur depuis le 9 avril 2026)<\/p>\n<p><a href=\"https:\/\/www.legifrance.gouv.fr\/codes\/article_lc\/LEGIARTI000053775775\" target=\"_blank\" rel=\"noopener\">Article 841 du code civil<\/a> (version en vigueur depuis le 9 avril 2026)<\/p>\n<p><a href=\"https:\/\/www.courdecassation.fr\/decision\/678787dc012a55caa6d16731\" target=\"_blank\" rel=\"noopener\">Cass. 1re civ., 15 janvier 2025, n\u00b0 22-24.672<\/a>, publi\u00e9 au Bulletin<\/p>\n<p><a href=\"https:\/\/www.courdecassation.fr\/decision\/67a30984eaef5a22b443b3b5\" target=\"_blank\" rel=\"noopener\">Cass. 1re civ., 5 f\u00e9vrier 2025, n\u00b0 21-15.932<\/a>, publi\u00e9 au Bulletin<\/p>\n<p><a href=\"https:\/\/www.courdecassation.fr\/decision\/6811bc3d12a37cea68763dfe\" target=\"_blank\" rel=\"noopener\">Cass. 1re civ., 30 avril 2025, n\u00b0 24-15.624<\/a>, publi\u00e9 au Bulletin<\/p>\n<p><a href=\"https:\/\/www.courdecassation.fr\/decision\/681af5d60dfb1f09369ce223\" target=\"_blank\" rel=\"noopener\">Cass. 3e civ., 7 mai 2025, n\u00b0 24-15.027<\/a>, publi\u00e9 au Bulletin<\/p>\n<p><a href=\"https:\/\/www.courdecassation.fr\/decision\/682d68f316fd466a1ce900c6\" target=\"_blank\" rel=\"noopener\">Cass. com., avis, 21 mai 2025, n\u00b0 25-70.008<\/a>, publi\u00e9 au Bulletin<\/p>\n","protected":false},"excerpt":{"rendered":"<p>La loi n\u00b0 2026-248 du 7 avril 2026 simplifie la sortie de l&#8217;indivision successorale : vente autoris\u00e9e par un seul h\u00e9ritier, partage judiciaire \u00e9largi aux couples, pouvoirs renforc\u00e9s du juge commis. Analyse compl\u00e8te des textes modifi\u00e9s et de la jurisprudence r\u00e9cente.<\/p>\n","protected":false},"author":232070755,"featured_media":9478,"comment_status":"open","ping_status":"open","sticky":false,"template":"","format":"standard","meta":{"_crdt_document":"","_jetpack_newsletter_access":"","_jetpack_dont_email_post_to_subs":false,"_jetpack_newsletter_tier_id":0,"_jetpack_memberships_contains_paywalled_content":false,"_kj_source_type":"","_kj_official_id":"","_kj_official_url":"","_kj_judilibre_id":"","_kj_jur":"","_kj_lieu":"","_kj_chambre":"","_kj_rg":"","_kj_date":"","_jetpack_memberships_contains_paid_content":false,"footnotes":"","jetpack_post_was_ever_published":false},"categories":[6581,35581,6708,6719,6325,6364,6991],"tags":[],"class_list":["post-678387","post","type-post","status-publish","format-standard","has-post-thumbnail","hentry","category-droit-de-la-famille","category-droit-des-affaires","category-droit-penal","category-famille","category-non-categorise","category-penal","category-penal-2"],"yoast_head":"<!-- This site is optimized with the Yoast SEO Premium plugin v27.4 (Yoast SEO v27.4) - https:\/\/yoast.com\/product\/yoast-seo-premium-wordpress\/ -->\n<title>Loi du 7 avril 2026 : comment la r\u00e9forme de l&#039;indivision successorale d\u00e9bloque enfin les successions - Ma\u00eetre Hassan Kohen, avocat en droit p\u00e9nal \u00e0 Paris<\/title>\n<meta name=\"robots\" content=\"index, follow, max-snippet:-1, max-image-preview:large, max-video-preview:-1\" \/>\n<link rel=\"canonical\" href=\"https:\/\/kohenavocats.com\/zh-hans\/loi-7-avril-2026-reforme-indivision-successorale-deblocage-successions\/\" \/>\n<meta property=\"og:locale\" content=\"zh_CN\" \/>\n<meta property=\"og:type\" content=\"article\" \/>\n<meta property=\"og:title\" content=\"Loi du 7 avril 2026 : comment la r\u00e9forme de l&#039;indivision successorale d\u00e9bloque enfin les successions\" \/>\n<meta property=\"og:description\" content=\"La loi n\u00b0 2026-248 du 7 avril 2026 simplifie la sortie de l&#039;indivision successorale : vente autoris\u00e9e par un seul h\u00e9ritier, partage judiciaire \u00e9largi aux couples, pouvoirs renforc\u00e9s du juge commis. Analyse compl\u00e8te des textes modifi\u00e9s et de la jurisprudence r\u00e9cente.\" \/>\n<meta property=\"og:url\" content=\"https:\/\/kohenavocats.com\/zh-hans\/loi-7-avril-2026-reforme-indivision-successorale-deblocage-successions\/\" \/>\n<meta property=\"og:site_name\" content=\"Ma\u00eetre Hassan Kohen, avocat en droit p\u00e9nal \u00e0 Paris\" \/>\n<meta property=\"article:published_time\" content=\"2026-04-25T04:16:48+00:00\" \/>\n<meta property=\"article:modified_time\" content=\"2026-04-26T15:26:39+00:00\" \/>\n<meta property=\"og:image\" content=\"https:\/\/kohenavocats.com\/wp-content\/uploads\/2024\/11\/mohamed-nohassi-Qi-Qyp5vc3o-unsplash.webp\" \/>\n\t<meta property=\"og:image:width\" content=\"6000\" \/>\n\t<meta property=\"og:image:height\" content=\"6490\" \/>\n\t<meta property=\"og:image:type\" content=\"image\/webp\" \/>\n<meta name=\"author\" content=\"Kohen\" \/>\n<meta name=\"twitter:card\" content=\"summary_large_image\" \/>\n<meta name=\"twitter:label1\" content=\"\u4f5c\u8005\" \/>\n\t<meta name=\"twitter:data1\" content=\"Kohen\" \/>\n\t<meta name=\"twitter:label2\" content=\"\u9884\u8ba1\u9605\u8bfb\u65f6\u95f4\" \/>\n\t<meta name=\"twitter:data2\" content=\"14 \u5206\" \/>\n<script type=\"application\/ld+json\" class=\"yoast-schema-graph\">{\"@context\":\"https:\\\/\\\/schema.org\",\"@graph\":[{\"@type\":\"Article\",\"@id\":\"https:\\\/\\\/kohenavocats.com\\\/zh-hans\\\/loi-7-avril-2026-reforme-indivision-successorale-deblocage-successions\\\/#article\",\"isPartOf\":{\"@id\":\"https:\\\/\\\/kohenavocats.com\\\/zh-hans\\\/loi-7-avril-2026-reforme-indivision-successorale-deblocage-successions\\\/\"},\"author\":{\"name\":\"Kohen\",\"@id\":\"https:\\\/\\\/kohenavocats.com\\\/zh-hans\\\/#\\\/schema\\\/person\\\/761c9ba54fa1ca84d405cef0831ff751\"},\"headline\":\"Loi du 7 avril 2026 : comment la r\u00e9forme de l&#8217;indivision successorale d\u00e9bloque enfin les successions\",\"datePublished\":\"2026-04-25T04:16:48+00:00\",\"dateModified\":\"2026-04-26T15:26:39+00:00\",\"mainEntityOfPage\":{\"@id\":\"https:\\\/\\\/kohenavocats.com\\\/zh-hans\\\/loi-7-avril-2026-reforme-indivision-successorale-deblocage-successions\\\/\"},\"wordCount\":2947,\"commentCount\":0,\"publisher\":{\"@id\":\"https:\\\/\\\/kohenavocats.com\\\/zh-hans\\\/#organization\"},\"image\":{\"@id\":\"https:\\\/\\\/kohenavocats.com\\\/zh-hans\\\/loi-7-avril-2026-reforme-indivision-successorale-deblocage-successions\\\/#primaryimage\"},\"thumbnailUrl\":\"https:\\\/\\\/kohenavocats.com\\\/wp-content\\\/uploads\\\/2024\\\/11\\\/mohamed-nohassi-Qi-Qyp5vc3o-unsplash.webp\",\"articleSection\":[\"Droit de la Famille\",\"Droit des affaires\",\"Droit P\u00e9nal\",\"Famille\",\"Non cat\u00e9goris\u00e9\",\"P\u00e9nal\",\"Penal\"],\"inLanguage\":\"zh-Hans\",\"potentialAction\":[{\"@type\":\"CommentAction\",\"name\":\"Comment\",\"target\":[\"https:\\\/\\\/kohenavocats.com\\\/zh-hans\\\/loi-7-avril-2026-reforme-indivision-successorale-deblocage-successions\\\/#respond\"]}],\"citation\":\"Loi du 7 avril 2026 : comment la r\u00e9forme de l&#8217;indivision successorale d\u00e9bloque enfin les successions\",\"about\":[{\"@type\":\"Thing\",\"name\":\"Droit de la Famille\"},{\"@type\":\"Thing\",\"name\":\"Droit des affaires\"},{\"@type\":\"Thing\",\"name\":\"Droit P\u00e9nal\"},{\"@type\":\"Thing\",\"name\":\"Famille\"},{\"@type\":\"Thing\",\"name\":\"Non cat\u00e9goris\u00e9\"},{\"@type\":\"Thing\",\"name\":\"P\u00e9nal\"},{\"@type\":\"Thing\",\"name\":\"Penal\"}],\"speakable\":{\"@type\":\"SpeakableSpecification\",\"cssSelector\":[\".article-content > p:first-of-type\"]}},{\"@type\":\"WebPage\",\"@id\":\"https:\\\/\\\/kohenavocats.com\\\/zh-hans\\\/loi-7-avril-2026-reforme-indivision-successorale-deblocage-successions\\\/\",\"url\":\"https:\\\/\\\/kohenavocats.com\\\/zh-hans\\\/loi-7-avril-2026-reforme-indivision-successorale-deblocage-successions\\\/\",\"name\":\"Loi du 7 avril 2026 : comment la r\u00e9forme de l'indivision successorale d\u00e9bloque enfin les successions - Ma\u00eetre Hassan Kohen, avocat en droit p\u00e9nal \u00e0 Paris\",\"isPartOf\":{\"@id\":\"https:\\\/\\\/kohenavocats.com\\\/zh-hans\\\/#website\"},\"primaryImageOfPage\":{\"@id\":\"https:\\\/\\\/kohenavocats.com\\\/zh-hans\\\/loi-7-avril-2026-reforme-indivision-successorale-deblocage-successions\\\/#primaryimage\"},\"image\":{\"@id\":\"https:\\\/\\\/kohenavocats.com\\\/zh-hans\\\/loi-7-avril-2026-reforme-indivision-successorale-deblocage-successions\\\/#primaryimage\"},\"thumbnailUrl\":\"https:\\\/\\\/kohenavocats.com\\\/wp-content\\\/uploads\\\/2024\\\/11\\\/mohamed-nohassi-Qi-Qyp5vc3o-unsplash.webp\",\"datePublished\":\"2026-04-25T04:16:48+00:00\",\"dateModified\":\"2026-04-26T15:26:39+00:00\",\"breadcrumb\":{\"@id\":\"https:\\\/\\\/kohenavocats.com\\\/zh-hans\\\/loi-7-avril-2026-reforme-indivision-successorale-deblocage-successions\\\/#breadcrumb\"},\"inLanguage\":\"zh-Hans\",\"potentialAction\":[{\"@type\":\"ReadAction\",\"target\":[\"https:\\\/\\\/kohenavocats.com\\\/zh-hans\\\/loi-7-avril-2026-reforme-indivision-successorale-deblocage-successions\\\/\"]}]},{\"@type\":\"ImageObject\",\"inLanguage\":\"zh-Hans\",\"@id\":\"https:\\\/\\\/kohenavocats.com\\\/zh-hans\\\/loi-7-avril-2026-reforme-indivision-successorale-deblocage-successions\\\/#primaryimage\",\"url\":\"https:\\\/\\\/kohenavocats.com\\\/wp-content\\\/uploads\\\/2024\\\/11\\\/mohamed-nohassi-Qi-Qyp5vc3o-unsplash.webp\",\"contentUrl\":\"https:\\\/\\\/kohenavocats.com\\\/wp-content\\\/uploads\\\/2024\\\/11\\\/mohamed-nohassi-Qi-Qyp5vc3o-unsplash.webp\",\"width\":6000,\"height\":6490},{\"@type\":\"BreadcrumbList\",\"@id\":\"https:\\\/\\\/kohenavocats.com\\\/zh-hans\\\/loi-7-avril-2026-reforme-indivision-successorale-deblocage-successions\\\/#breadcrumb\",\"itemListElement\":[{\"@type\":\"ListItem\",\"position\":1,\"name\":\"Home\",\"item\":\"https:\\\/\\\/kohenavocats.com\\\/zh-hans\\\/\"},{\"@type\":\"ListItem\",\"position\":2,\"name\":\"Loi du 7 avril 2026 : comment la r\u00e9forme de l&rsquo;indivision successorale d\u00e9bloque enfin les successions\"}]},{\"@type\":\"WebSite\",\"@id\":\"https:\\\/\\\/kohenavocats.com\\\/zh-hans\\\/#website\",\"url\":\"https:\\\/\\\/kohenavocats.com\\\/zh-hans\\\/\",\"name\":\"Kohen Avocats\",\"description\":\"Ma\u00eetre Hassan Kohen, avocat p\u00e9naliste \u00e0 Paris, intervient exclusivement en droit p\u00e9nal pour la d\u00e9fense des particuliers, notamment en mati\u00e8re d\u2019accusations de viol. Il assure un accompagnement rigoureux d\u00e8s la garde \u00e0 vue jusqu\u2019\u00e0 la Cour d\u2019assises, veillant au strict respect des garanties proc\u00e9durales.\",\"publisher\":{\"@id\":\"https:\\\/\\\/kohenavocats.com\\\/zh-hans\\\/#organization\"},\"potentialAction\":[{\"@type\":\"SearchAction\",\"target\":{\"@type\":\"EntryPoint\",\"urlTemplate\":\"https:\\\/\\\/kohenavocats.com\\\/zh-hans\\\/?s={search_term_string}\"},\"query-input\":{\"@type\":\"PropertyValueSpecification\",\"valueRequired\":true,\"valueName\":\"search_term_string\"}}],\"inLanguage\":\"zh-Hans\"},{\"@type\":\"Organization\",\"@id\":\"https:\\\/\\\/kohenavocats.com\\\/zh-hans\\\/#organization\",\"name\":\"Kohen Avocats\",\"url\":\"https:\\\/\\\/kohenavocats.com\\\/zh-hans\\\/\",\"logo\":{\"@type\":\"ImageObject\",\"inLanguage\":\"zh-Hans\",\"@id\":\"https:\\\/\\\/kohenavocats.com\\\/zh-hans\\\/#\\\/schema\\\/logo\\\/image\\\/\",\"url\":\"https:\\\/\\\/kohenavocats.com\\\/wp-content\\\/uploads\\\/2026\\\/01\\\/Logo-2-1.webp\",\"contentUrl\":\"https:\\\/\\\/kohenavocats.com\\\/wp-content\\\/uploads\\\/2026\\\/01\\\/Logo-2-1.webp\",\"width\":2114,\"height\":1253,\"caption\":\"Kohen Avocats\"},\"image\":{\"@id\":\"https:\\\/\\\/kohenavocats.com\\\/zh-hans\\\/#\\\/schema\\\/logo\\\/image\\\/\"}},{\"@type\":\"Person\",\"@id\":\"https:\\\/\\\/kohenavocats.com\\\/zh-hans\\\/#\\\/schema\\\/person\\\/761c9ba54fa1ca84d405cef0831ff751\",\"name\":\"Kohen\",\"image\":{\"@type\":\"ImageObject\",\"inLanguage\":\"zh-Hans\",\"@id\":\"https:\\\/\\\/secure.gravatar.com\\\/avatar\\\/1c5e76ef76bbbfdd2b4da984e2bf2fa4056fd51a27d25ce2c332047f1dfd6e00?s=96&d=identicon&r=g\",\"url\":\"https:\\\/\\\/secure.gravatar.com\\\/avatar\\\/1c5e76ef76bbbfdd2b4da984e2bf2fa4056fd51a27d25ce2c332047f1dfd6e00?s=96&d=identicon&r=g\",\"contentUrl\":\"https:\\\/\\\/secure.gravatar.com\\\/avatar\\\/1c5e76ef76bbbfdd2b4da984e2bf2fa4056fd51a27d25ce2c332047f1dfd6e00?s=96&d=identicon&r=g\",\"caption\":\"Kohen\"},\"sameAs\":[\"https:\\\/\\\/www.linkedin.com\\\/in\\\/hassan-kohen-448548192\\\/\",\"https:\\\/\\\/www.youtube.com\\\/@Kohen-Avocats\"],\"url\":\"https:\\\/\\\/kohenavocats.com\\\/zh-hans\\\/author\\\/kohenmlk\\\/\"}]}<\/script>\n<!-- \/ Yoast SEO Premium plugin. -->","yoast_head_json":{"title":"Loi du 7 avril 2026 : comment la r\u00e9forme de l'indivision successorale d\u00e9bloque enfin les successions - Ma\u00eetre Hassan Kohen, avocat en droit p\u00e9nal \u00e0 Paris","robots":{"index":"index","follow":"follow","max-snippet":"max-snippet:-1","max-image-preview":"max-image-preview:large","max-video-preview":"max-video-preview:-1"},"canonical":"https:\/\/kohenavocats.com\/zh-hans\/loi-7-avril-2026-reforme-indivision-successorale-deblocage-successions\/","og_locale":"zh_CN","og_type":"article","og_title":"Loi du 7 avril 2026 : comment la r\u00e9forme de l'indivision successorale d\u00e9bloque enfin les successions","og_description":"La loi n\u00b0 2026-248 du 7 avril 2026 simplifie la sortie de l'indivision successorale : vente autoris\u00e9e par un seul h\u00e9ritier, partage judiciaire \u00e9largi aux couples, pouvoirs renforc\u00e9s du juge commis. Analyse compl\u00e8te des textes modifi\u00e9s et de la jurisprudence r\u00e9cente.","og_url":"https:\/\/kohenavocats.com\/zh-hans\/loi-7-avril-2026-reforme-indivision-successorale-deblocage-successions\/","og_site_name":"Ma\u00eetre Hassan Kohen, avocat en droit p\u00e9nal \u00e0 Paris","article_published_time":"2026-04-25T04:16:48+00:00","article_modified_time":"2026-04-26T15:26:39+00:00","og_image":[{"width":6000,"height":6490,"url":"https:\/\/kohenavocats.com\/wp-content\/uploads\/2024\/11\/mohamed-nohassi-Qi-Qyp5vc3o-unsplash.webp","type":"image\/webp"}],"author":"Kohen","twitter_card":"summary_large_image","twitter_misc":{"\u4f5c\u8005":"Kohen","\u9884\u8ba1\u9605\u8bfb\u65f6\u95f4":"14 \u5206"},"schema":{"@context":"https:\/\/schema.org","@graph":[{"@type":"Article","@id":"https:\/\/kohenavocats.com\/zh-hans\/loi-7-avril-2026-reforme-indivision-successorale-deblocage-successions\/#article","isPartOf":{"@id":"https:\/\/kohenavocats.com\/zh-hans\/loi-7-avril-2026-reforme-indivision-successorale-deblocage-successions\/"},"author":{"name":"Kohen","@id":"https:\/\/kohenavocats.com\/zh-hans\/#\/schema\/person\/761c9ba54fa1ca84d405cef0831ff751"},"headline":"Loi du 7 avril 2026 : comment la r\u00e9forme de l&#8217;indivision successorale d\u00e9bloque enfin les successions","datePublished":"2026-04-25T04:16:48+00:00","dateModified":"2026-04-26T15:26:39+00:00","mainEntityOfPage":{"@id":"https:\/\/kohenavocats.com\/zh-hans\/loi-7-avril-2026-reforme-indivision-successorale-deblocage-successions\/"},"wordCount":2947,"commentCount":0,"publisher":{"@id":"https:\/\/kohenavocats.com\/zh-hans\/#organization"},"image":{"@id":"https:\/\/kohenavocats.com\/zh-hans\/loi-7-avril-2026-reforme-indivision-successorale-deblocage-successions\/#primaryimage"},"thumbnailUrl":"https:\/\/kohenavocats.com\/wp-content\/uploads\/2024\/11\/mohamed-nohassi-Qi-Qyp5vc3o-unsplash.webp","articleSection":["Droit de la Famille","Droit des affaires","Droit P\u00e9nal","Famille","Non cat\u00e9goris\u00e9","P\u00e9nal","Penal"],"inLanguage":"zh-Hans","potentialAction":[{"@type":"CommentAction","name":"Comment","target":["https:\/\/kohenavocats.com\/zh-hans\/loi-7-avril-2026-reforme-indivision-successorale-deblocage-successions\/#respond"]}],"citation":"Loi du 7 avril 2026 : comment la r\u00e9forme de l&#8217;indivision successorale d\u00e9bloque enfin les successions","about":[{"@type":"Thing","name":"Droit de la Famille"},{"@type":"Thing","name":"Droit des affaires"},{"@type":"Thing","name":"Droit P\u00e9nal"},{"@type":"Thing","name":"Famille"},{"@type":"Thing","name":"Non cat\u00e9goris\u00e9"},{"@type":"Thing","name":"P\u00e9nal"},{"@type":"Thing","name":"Penal"}],"speakable":{"@type":"SpeakableSpecification","cssSelector":[".article-content > p:first-of-type"]}},{"@type":"WebPage","@id":"https:\/\/kohenavocats.com\/zh-hans\/loi-7-avril-2026-reforme-indivision-successorale-deblocage-successions\/","url":"https:\/\/kohenavocats.com\/zh-hans\/loi-7-avril-2026-reforme-indivision-successorale-deblocage-successions\/","name":"Loi du 7 avril 2026 : comment la r\u00e9forme de l'indivision successorale d\u00e9bloque enfin les successions - Ma\u00eetre Hassan Kohen, avocat en droit p\u00e9nal \u00e0 Paris","isPartOf":{"@id":"https:\/\/kohenavocats.com\/zh-hans\/#website"},"primaryImageOfPage":{"@id":"https:\/\/kohenavocats.com\/zh-hans\/loi-7-avril-2026-reforme-indivision-successorale-deblocage-successions\/#primaryimage"},"image":{"@id":"https:\/\/kohenavocats.com\/zh-hans\/loi-7-avril-2026-reforme-indivision-successorale-deblocage-successions\/#primaryimage"},"thumbnailUrl":"https:\/\/kohenavocats.com\/wp-content\/uploads\/2024\/11\/mohamed-nohassi-Qi-Qyp5vc3o-unsplash.webp","datePublished":"2026-04-25T04:16:48+00:00","dateModified":"2026-04-26T15:26:39+00:00","breadcrumb":{"@id":"https:\/\/kohenavocats.com\/zh-hans\/loi-7-avril-2026-reforme-indivision-successorale-deblocage-successions\/#breadcrumb"},"inLanguage":"zh-Hans","potentialAction":[{"@type":"ReadAction","target":["https:\/\/kohenavocats.com\/zh-hans\/loi-7-avril-2026-reforme-indivision-successorale-deblocage-successions\/"]}]},{"@type":"ImageObject","inLanguage":"zh-Hans","@id":"https:\/\/kohenavocats.com\/zh-hans\/loi-7-avril-2026-reforme-indivision-successorale-deblocage-successions\/#primaryimage","url":"https:\/\/kohenavocats.com\/wp-content\/uploads\/2024\/11\/mohamed-nohassi-Qi-Qyp5vc3o-unsplash.webp","contentUrl":"https:\/\/kohenavocats.com\/wp-content\/uploads\/2024\/11\/mohamed-nohassi-Qi-Qyp5vc3o-unsplash.webp","width":6000,"height":6490},{"@type":"BreadcrumbList","@id":"https:\/\/kohenavocats.com\/zh-hans\/loi-7-avril-2026-reforme-indivision-successorale-deblocage-successions\/#breadcrumb","itemListElement":[{"@type":"ListItem","position":1,"name":"Home","item":"https:\/\/kohenavocats.com\/zh-hans\/"},{"@type":"ListItem","position":2,"name":"Loi du 7 avril 2026 : comment la r\u00e9forme de l&rsquo;indivision successorale d\u00e9bloque enfin les successions"}]},{"@type":"WebSite","@id":"https:\/\/kohenavocats.com\/zh-hans\/#website","url":"https:\/\/kohenavocats.com\/zh-hans\/","name":"Kohen Avocats","description":"Ma\u00eetre Hassan Kohen, avocat p\u00e9naliste \u00e0 Paris, intervient exclusivement en droit p\u00e9nal pour la d\u00e9fense des particuliers, notamment en mati\u00e8re d\u2019accusations de viol. Il assure un accompagnement rigoureux d\u00e8s la garde \u00e0 vue jusqu\u2019\u00e0 la Cour d\u2019assises, veillant au strict respect des garanties proc\u00e9durales.","publisher":{"@id":"https:\/\/kohenavocats.com\/zh-hans\/#organization"},"potentialAction":[{"@type":"SearchAction","target":{"@type":"EntryPoint","urlTemplate":"https:\/\/kohenavocats.com\/zh-hans\/?s={search_term_string}"},"query-input":{"@type":"PropertyValueSpecification","valueRequired":true,"valueName":"search_term_string"}}],"inLanguage":"zh-Hans"},{"@type":"Organization","@id":"https:\/\/kohenavocats.com\/zh-hans\/#organization","name":"Kohen Avocats","url":"https:\/\/kohenavocats.com\/zh-hans\/","logo":{"@type":"ImageObject","inLanguage":"zh-Hans","@id":"https:\/\/kohenavocats.com\/zh-hans\/#\/schema\/logo\/image\/","url":"https:\/\/kohenavocats.com\/wp-content\/uploads\/2026\/01\/Logo-2-1.webp","contentUrl":"https:\/\/kohenavocats.com\/wp-content\/uploads\/2026\/01\/Logo-2-1.webp","width":2114,"height":1253,"caption":"Kohen Avocats"},"image":{"@id":"https:\/\/kohenavocats.com\/zh-hans\/#\/schema\/logo\/image\/"}},{"@type":"Person","@id":"https:\/\/kohenavocats.com\/zh-hans\/#\/schema\/person\/761c9ba54fa1ca84d405cef0831ff751","name":"Kohen","image":{"@type":"ImageObject","inLanguage":"zh-Hans","@id":"https:\/\/secure.gravatar.com\/avatar\/1c5e76ef76bbbfdd2b4da984e2bf2fa4056fd51a27d25ce2c332047f1dfd6e00?s=96&d=identicon&r=g","url":"https:\/\/secure.gravatar.com\/avatar\/1c5e76ef76bbbfdd2b4da984e2bf2fa4056fd51a27d25ce2c332047f1dfd6e00?s=96&d=identicon&r=g","contentUrl":"https:\/\/secure.gravatar.com\/avatar\/1c5e76ef76bbbfdd2b4da984e2bf2fa4056fd51a27d25ce2c332047f1dfd6e00?s=96&d=identicon&r=g","caption":"Kohen"},"sameAs":["https:\/\/www.linkedin.com\/in\/hassan-kohen-448548192\/","https:\/\/www.youtube.com\/@Kohen-Avocats"],"url":"https:\/\/kohenavocats.com\/zh-hans\/author\/kohenmlk\/"}]}},"jetpack_featured_media_url":"https:\/\/kohenavocats.com\/wp-content\/uploads\/2024\/11\/mohamed-nohassi-Qi-Qyp5vc3o-unsplash.webp","jetpack_likes_enabled":false,"jetpack_shortlink":"https:\/\/wp.me\/peCrII-2QtJ","jetpack-related-posts":[{"id":439732,"url":"https:\/\/kohenavocats.com\/zh-hans\/cour-dappel-de-poitiers-le-5-mars-2026-n24-02965\/","url_meta":{"origin":678387,"position":0},"title":"Cour d&#8217;appel de Poitiers, le 5 mars 2026, n\u00b024\/02965","author":"Kohen","date":"2026\u5e743\u670827\u65e5","format":false,"excerpt":"La Cour d\u2019appel de Poitiers, dans un arr\u00eat du 5 ma\u2026","rel":"","context":"\u5728\u201cCour d'appel\u201d\u4e2d","block_context":{"text":"Cour d'appel","link":"https:\/\/kohenavocats.com\/category\/cour-dappel\/"},"img":{"alt_text":"","src":"https:\/\/i0.wp.com\/kohenavocats.com\/wp-content\/uploads\/2024\/08\/rebe-adelaida-fEMM4-A0SP0-unsplash.webp?resize=350%2C200&ssl=1","width":350,"height":200,"srcset":"https:\/\/i0.wp.com\/kohenavocats.com\/wp-content\/uploads\/2024\/08\/rebe-adelaida-fEMM4-A0SP0-unsplash.webp?resize=350%2C200&ssl=1 1x, https:\/\/i0.wp.com\/kohenavocats.com\/wp-content\/uploads\/2024\/08\/rebe-adelaida-fEMM4-A0SP0-unsplash.webp?resize=525%2C300&ssl=1 1.5x, https:\/\/i0.wp.com\/kohenavocats.com\/wp-content\/uploads\/2024\/08\/rebe-adelaida-fEMM4-A0SP0-unsplash.webp?resize=700%2C400&ssl=1 2x, https:\/\/i0.wp.com\/kohenavocats.com\/wp-content\/uploads\/2024\/08\/rebe-adelaida-fEMM4-A0SP0-unsplash.webp?resize=1050%2C600&ssl=1 3x, https:\/\/i0.wp.com\/kohenavocats.com\/wp-content\/uploads\/2024\/08\/rebe-adelaida-fEMM4-A0SP0-unsplash.webp?resize=1400%2C800&ssl=1 4x"},"classes":[]},{"id":424523,"url":"https:\/\/kohenavocats.com\/zh-hans\/cour-dappel-de-bordeaux-le-24-fevrier-2026-n21-07091\/","url_meta":{"origin":678387,"position":1},"title":"Cour d&#8217;appel de Bordeaux, le 24 f\u00e9vrier 2026, n\u00b021\/07091","author":"Kohen","date":"2026\u5e743\u670823\u65e5","format":false,"excerpt":"La Cour d\u2019appel de Bordeaux, dans un arr\u00eat du 24 f\u2026","rel":"","context":"\u5728\u201cCour d'appel\u201d\u4e2d","block_context":{"text":"Cour d'appel","link":"https:\/\/kohenavocats.com\/category\/cour-dappel\/"},"img":{"alt_text":"","src":"https:\/\/i0.wp.com\/kohenavocats.com\/wp-content\/uploads\/2024\/08\/chris-unger-1NpTLXkg6K0-unsplash.webp?resize=350%2C200&ssl=1","width":350,"height":200,"srcset":"https:\/\/i0.wp.com\/kohenavocats.com\/wp-content\/uploads\/2024\/08\/chris-unger-1NpTLXkg6K0-unsplash.webp?resize=350%2C200&ssl=1 1x, https:\/\/i0.wp.com\/kohenavocats.com\/wp-content\/uploads\/2024\/08\/chris-unger-1NpTLXkg6K0-unsplash.webp?resize=525%2C300&ssl=1 1.5x, https:\/\/i0.wp.com\/kohenavocats.com\/wp-content\/uploads\/2024\/08\/chris-unger-1NpTLXkg6K0-unsplash.webp?resize=700%2C400&ssl=1 2x, https:\/\/i0.wp.com\/kohenavocats.com\/wp-content\/uploads\/2024\/08\/chris-unger-1NpTLXkg6K0-unsplash.webp?resize=1050%2C600&ssl=1 3x, https:\/\/i0.wp.com\/kohenavocats.com\/wp-content\/uploads\/2024\/08\/chris-unger-1NpTLXkg6K0-unsplash.webp?resize=1400%2C800&ssl=1 4x"},"classes":[]},{"id":490868,"url":"https:\/\/kohenavocats.com\/zh-hans\/tribunal-judiciaire-de-grasse-le-5-juin-2025-n25-01460\/","url_meta":{"origin":678387,"position":2},"title":"Tribunal judiciaire de Grasse, le 5 juin 2025, n\u00b025\/01460","author":"Kohen","date":"2026\u5e744\u67088\u65e5","format":false,"excerpt":"Le tribunal judiciaire de Grasse, statuant par jug\u2026","rel":"","context":"\u5728\u201cJurisprudence\u201d\u4e2d","block_context":{"text":"Jurisprudence","link":"https:\/\/kohenavocats.com\/category\/jurisprudence\/"},"img":{"alt_text":"","src":"https:\/\/i0.wp.com\/kohenavocats.com\/wp-content\/uploads\/2024\/11\/laura-adai-aOfktR2DUFI-unsplash.webp?resize=350%2C200&ssl=1","width":350,"height":200,"srcset":"https:\/\/i0.wp.com\/kohenavocats.com\/wp-content\/uploads\/2024\/11\/laura-adai-aOfktR2DUFI-unsplash.webp?resize=350%2C200&ssl=1 1x, https:\/\/i0.wp.com\/kohenavocats.com\/wp-content\/uploads\/2024\/11\/laura-adai-aOfktR2DUFI-unsplash.webp?resize=525%2C300&ssl=1 1.5x, https:\/\/i0.wp.com\/kohenavocats.com\/wp-content\/uploads\/2024\/11\/laura-adai-aOfktR2DUFI-unsplash.webp?resize=700%2C400&ssl=1 2x, https:\/\/i0.wp.com\/kohenavocats.com\/wp-content\/uploads\/2024\/11\/laura-adai-aOfktR2DUFI-unsplash.webp?resize=1050%2C600&ssl=1 3x, https:\/\/i0.wp.com\/kohenavocats.com\/wp-content\/uploads\/2024\/11\/laura-adai-aOfktR2DUFI-unsplash.webp?resize=1400%2C800&ssl=1 4x"},"classes":[]},{"id":485647,"url":"https:\/\/kohenavocats.com\/zh-hans\/partage-successoral-indivision-procedure-attribution-preferentielle-jurisprudence\/","url_meta":{"origin":678387,"position":3},"title":"Partage successoral et sortie d\u2019indivision : proc\u00e9dure, attribution pr\u00e9f\u00e9rentielle et jurisprudence r\u00e9cente","author":"Kohen","date":"2026\u5e744\u67088\u65e5","format":false,"excerpt":"Partage successoral et sortie d\u2019indivision : artic\u2026","rel":"","context":"\u5728\u201cNon cat\u00e9goris\u00e9\u201d\u4e2d","block_context":{"text":"Non cat\u00e9goris\u00e9","link":"https:\/\/kohenavocats.com\/category\/non-categorise\/"},"img":{"alt_text":"","src":"https:\/\/i0.wp.com\/kohenavocats.com\/wp-content\/uploads\/2024\/11\/getty-images-lG4kfeF1q-I-unsplash.webp?resize=350%2C200&ssl=1","width":350,"height":200,"srcset":"https:\/\/i0.wp.com\/kohenavocats.com\/wp-content\/uploads\/2024\/11\/getty-images-lG4kfeF1q-I-unsplash.webp?resize=350%2C200&ssl=1 1x, https:\/\/i0.wp.com\/kohenavocats.com\/wp-content\/uploads\/2024\/11\/getty-images-lG4kfeF1q-I-unsplash.webp?resize=525%2C300&ssl=1 1.5x, https:\/\/i0.wp.com\/kohenavocats.com\/wp-content\/uploads\/2024\/11\/getty-images-lG4kfeF1q-I-unsplash.webp?resize=700%2C400&ssl=1 2x, https:\/\/i0.wp.com\/kohenavocats.com\/wp-content\/uploads\/2024\/11\/getty-images-lG4kfeF1q-I-unsplash.webp?resize=1050%2C600&ssl=1 3x, https:\/\/i0.wp.com\/kohenavocats.com\/wp-content\/uploads\/2024\/11\/getty-images-lG4kfeF1q-I-unsplash.webp?resize=1400%2C800&ssl=1 4x"},"classes":[]},{"id":417046,"url":"https:\/\/kohenavocats.com\/zh-hans\/cour-dappel-de-reims-le-20-fevrier-2026-n24-01898\/","url_meta":{"origin":678387,"position":4},"title":"Cour d&#8217;appel de Reims, le 20 f\u00e9vrier 2026, n\u00b024\/01898","author":"Kohen","date":"2026\u5e743\u670822\u65e5","format":false,"excerpt":"La Cour d\u2019appel de Reims, dans un arr\u00eat du 20 f\u00e9vr\u2026","rel":"","context":"\u5728\u201cCour d'appel\u201d\u4e2d","block_context":{"text":"Cour d'appel","link":"https:\/\/kohenavocats.com\/category\/cour-dappel\/"},"img":{"alt_text":"","src":"https:\/\/i0.wp.com\/kohenavocats.com\/wp-content\/uploads\/2024\/11\/viktor-forgacs-DcHqAJ9o6pc-unsplash.webp?resize=350%2C200&ssl=1","width":350,"height":200,"srcset":"https:\/\/i0.wp.com\/kohenavocats.com\/wp-content\/uploads\/2024\/11\/viktor-forgacs-DcHqAJ9o6pc-unsplash.webp?resize=350%2C200&ssl=1 1x, https:\/\/i0.wp.com\/kohenavocats.com\/wp-content\/uploads\/2024\/11\/viktor-forgacs-DcHqAJ9o6pc-unsplash.webp?resize=525%2C300&ssl=1 1.5x, https:\/\/i0.wp.com\/kohenavocats.com\/wp-content\/uploads\/2024\/11\/viktor-forgacs-DcHqAJ9o6pc-unsplash.webp?resize=700%2C400&ssl=1 2x, https:\/\/i0.wp.com\/kohenavocats.com\/wp-content\/uploads\/2024\/11\/viktor-forgacs-DcHqAJ9o6pc-unsplash.webp?resize=1050%2C600&ssl=1 3x, https:\/\/i0.wp.com\/kohenavocats.com\/wp-content\/uploads\/2024\/11\/viktor-forgacs-DcHqAJ9o6pc-unsplash.webp?resize=1400%2C800&ssl=1 4x"},"classes":[]},{"id":438828,"url":"https:\/\/kohenavocats.com\/zh-hans\/cour-dappel-de-pau-le-3-mars-2026-n22-00898\/","url_meta":{"origin":678387,"position":5},"title":"Cour d&#8217;appel de Pau, le 3 mars 2026, n\u00b022\/00898","author":"Kohen","date":"2026\u5e743\u670826\u65e5","format":false,"excerpt":"La Cour d\u2019appel de Pau, dans un arr\u00eat du 3 mars 20\u2026","rel":"","context":"\u5728\u201cCour d'appel\u201d\u4e2d","block_context":{"text":"Cour d'appel","link":"https:\/\/kohenavocats.com\/category\/cour-dappel\/"},"img":{"alt_text":"","src":"https:\/\/i0.wp.com\/kohenavocats.com\/wp-content\/uploads\/2024\/11\/ave-calvar-yJLFsme5WMU-unsplash.webp?resize=350%2C200&ssl=1","width":350,"height":200,"srcset":"https:\/\/i0.wp.com\/kohenavocats.com\/wp-content\/uploads\/2024\/11\/ave-calvar-yJLFsme5WMU-unsplash.webp?resize=350%2C200&ssl=1 1x, https:\/\/i0.wp.com\/kohenavocats.com\/wp-content\/uploads\/2024\/11\/ave-calvar-yJLFsme5WMU-unsplash.webp?resize=525%2C300&ssl=1 1.5x, https:\/\/i0.wp.com\/kohenavocats.com\/wp-content\/uploads\/2024\/11\/ave-calvar-yJLFsme5WMU-unsplash.webp?resize=700%2C400&ssl=1 2x, https:\/\/i0.wp.com\/kohenavocats.com\/wp-content\/uploads\/2024\/11\/ave-calvar-yJLFsme5WMU-unsplash.webp?resize=1050%2C600&ssl=1 3x, https:\/\/i0.wp.com\/kohenavocats.com\/wp-content\/uploads\/2024\/11\/ave-calvar-yJLFsme5WMU-unsplash.webp?resize=1400%2C800&ssl=1 4x"},"classes":[]}],"jetpack_sharing_enabled":true,"_links":{"self":[{"href":"https:\/\/kohenavocats.com\/zh-hans\/wp-json\/wp\/v2\/posts\/678387","targetHints":{"allow":["GET"]}}],"collection":[{"href":"https:\/\/kohenavocats.com\/zh-hans\/wp-json\/wp\/v2\/posts"}],"about":[{"href":"https:\/\/kohenavocats.com\/zh-hans\/wp-json\/wp\/v2\/types\/post"}],"author":[{"embeddable":true,"href":"https:\/\/kohenavocats.com\/zh-hans\/wp-json\/wp\/v2\/users\/232070755"}],"replies":[{"embeddable":true,"href":"https:\/\/kohenavocats.com\/zh-hans\/wp-json\/wp\/v2\/comments?post=678387"}],"version-history":[{"count":1,"href":"https:\/\/kohenavocats.com\/zh-hans\/wp-json\/wp\/v2\/posts\/678387\/revisions"}],"predecessor-version":[{"id":694979,"href":"https:\/\/kohenavocats.com\/zh-hans\/wp-json\/wp\/v2\/posts\/678387\/revisions\/694979"}],"wp:featuredmedia":[{"embeddable":true,"href":"https:\/\/kohenavocats.com\/zh-hans\/wp-json\/wp\/v2\/media\/9478"}],"wp:attachment":[{"href":"https:\/\/kohenavocats.com\/zh-hans\/wp-json\/wp\/v2\/media?parent=678387"}],"wp:term":[{"taxonomy":"category","embeddable":true,"href":"https:\/\/kohenavocats.com\/zh-hans\/wp-json\/wp\/v2\/categories?post=678387"},{"taxonomy":"post_tag","embeddable":true,"href":"https:\/\/kohenavocats.com\/zh-hans\/wp-json\/wp\/v2\/tags?post=678387"}],"curies":[{"name":"wp","href":"https:\/\/api.w.org\/{rel}","templated":true}]}}