{"id":682525,"date":"2026-04-25T17:38:14","date_gmt":"2026-04-25T15:38:14","guid":{"rendered":"https:\/\/kohenavocats.com\/cour-dappel-de-douai-le-23-juin-2025-n23-01168\/"},"modified":"2026-04-25T17:38:14","modified_gmt":"2026-04-25T15:38:14","slug":"cour-dappel-de-douai-le-23-juin-2025-n23-01168","status":"publish","type":"post","link":"https:\/\/kohenavocats.com\/zh-hans\/cour-dappel-de-douai-le-23-juin-2025-n23-01168\/","title":{"rendered":"Cour d&#8217;appel de Douai, le 23 juin 2025, n\u00b023\/01168"},"content":{"rendered":"<div class=\"article-content\">\n<p>La cour d&#8217;appel de Douai, statuant le 23 juin 2025, examine un litige complexe n\u00e9 de travaux de r\u00e9novation. Les ma\u00eetres de l&#8217;ouvrage recherchent la responsabilit\u00e9 de plusieurs constructeurs et de leur architecte pour divers d\u00e9sordres. La cour doit trancher sur la recevabilit\u00e9 des actions apr\u00e8s des liquidations judiciaires et qualifier les d\u00e9sordres au regard des garanties l\u00e9gales. Elle confirme partiellement le jugement tout en infligeant certaines dispositions, op\u00e9rant une analyse fine des r\u00e9gimes de responsabilit\u00e9 applicables.<\/p>\n<p>La sanction des proc\u00e9dures collectives<\/p>\n<p>L&#8217;irrecevabilit\u00e9 des actions en paiement. La cour rel\u00e8ve d&#8217;office la fin de non-recevoir tir\u00e9e de l&#8217;ouverture de proc\u00e9dures de liquidation judiciaire. Elle rappelle que l&#8217;ouverture d&#8217;une telle proc\u00e9dure interdit toute action en justice tendant au paiement d&#8217;une somme d&#8217;argent. Les assignations ayant \u00e9t\u00e9 d\u00e9livr\u00e9es post\u00e9rieurement aux jugements d&#8217;ouverture, les demandes sont d\u00e9clar\u00e9es irrecevables. Cette application stricte prot\u00e8ge l&#8217;ordre public de la proc\u00e9dure collective et le principe d&#8217;\u00e9galit\u00e9 des cr\u00e9anciers.<\/p>\n<p>L&#8217;effet de la cl\u00f4ture pour insuffisance d&#8217;actif. La cour constate la cl\u00f4ture des liquidations pour insuffisance d&#8217;actif des soci\u00e9t\u00e9s mises en cause. Elle en d\u00e9duit que la soci\u00e9t\u00e9 prend fin par l&#8217;effet de ce jugement. L&#8217;absence de r\u00e9gularisation de cr\u00e9ance dans ces proc\u00e9dures \u00e9teint d\u00e9finitivement la possibilit\u00e9 d&#8217;agir. Cette solution assure la s\u00e9curit\u00e9 juridique en mettant un terme aux incertitudes sur le sort des personnes morales dissoutes.<\/p>\n<p>La distinction des r\u00e9gimes de responsabilit\u00e9<\/p>\n<p>Le principe de non-cumul des fondements. La cour rappelle la distinction entre garantie d\u00e9cennale, biennale et de parfait ach\u00e8vement. Elle affirme que les dommages relevant d&#8217;une garantie l\u00e9gale ne peuvent donner lieu \u00e0 une action sur le fondement de la responsabilit\u00e9 contractuelle de droit commun. Ce principe exclusif guide toute la qualification des d\u00e9sordres et d\u00e9termine les actions possibles contre chaque intervenant.<\/p>\n<p>La qualification des d\u00e9sordres \u00e9lectriques. La cour proc\u00e8de \u00e0 une analyse d\u00e9taill\u00e9e de chaque d\u00e9sordre. Pour le thermostat g\u00e9n\u00e9ral non r\u00e9serv\u00e9, elle retient le caract\u00e8re d\u00e9cennal car il rend l&#8217;immeuble impropre \u00e0 sa destination. En revanche, pour la prise du jardin r\u00e9serv\u00e9e, seule la responsabilit\u00e9 contractuelle de l&#8217;entreprise est engag\u00e9e. Cette distinction illustre l&#8217;importance du moment de la r\u00e9v\u00e9lation du d\u00e9sordre et de sa gravit\u00e9.<\/p>\n<p>La port\u00e9e de l&#8217;expertise judiciaire<\/p>\n<p>L&#8217;autorit\u00e9 des constatations expertales. La cour s&#8217;appuie largement sur le rapport d&#8217;expertise pour caract\u00e9riser les d\u00e9sordres et imputer les responsabilit\u00e9s. Elle suit notamment le partage des responsabilit\u00e9s propos\u00e9 par l&#8217;expert pour le d\u00e9faut de thermostat. L&#8217;expertise fournit ainsi les \u00e9l\u00e9ments techniques essentiels \u00e0 la qualification juridique des d\u00e9sordres et au partage des fautes.<\/p>\n<p>Les limites de l&#8217;expertise sur la qualification. La cour ne suit pas toujours l&#8217;expert sur la qualification juridique. Pour les d\u00e9sordres apparents non r\u00e9serv\u00e9s, elle estime qu&#8217;ils sont couverts par la r\u00e9ception malgr\u00e9 leur caract\u00e8re cach\u00e9 all\u00e9gu\u00e9. Elle op\u00e8re ainsi un contr\u00f4le strict de la qualification l\u00e9gale ind\u00e9pendamment des conclusions parfois impr\u00e9cises de l&#8217;expert sur ce point.<\/p>\n<p>Les cons\u00e9quences pratiques de la d\u00e9cision<\/p>\n<p>Le sort des recours entre assureurs. La cour organise minutieusement les recours entre les diff\u00e9rentes compagnies d&#8217;assurance. Elle applique la r\u00e9duction proportionnelle pour fausse d\u00e9claration du risque \u00e0 l&#8217;encontre de l&#8217;assureur de l&#8217;architecte. Cette application rappelle l&#8217;importance d&#8217;une d\u00e9claration exacte du risque pour la couverture assurantielle.<\/p>\n<p>Le rejet des pr\u00e9judices immat\u00e9riels. La cour d\u00e9boute les ma\u00eetres de l&#8217;ouvrage de leurs demandes en trouble de jouissance et pr\u00e9judice moral. Elle estime qu&#8217;aucun trouble distinct des d\u00e9sordres mat\u00e9riels n&#8217;est d\u00e9montr\u00e9. Cette solution restrictive rappelle que le pr\u00e9judice moral li\u00e9 \u00e0 la proc\u00e9dure n&#8217;est pas r\u00e9parable ind\u00e9pendamment de l&#8217;article 700 du code de proc\u00e9dure civile.<\/p>\n<\/div>\n","protected":false},"excerpt":{"rendered":"<p>La cour d&#8217;appel de Douai, statuant le 23 juin 2025, examine un litige complexe n\u00e9 de travaux de r\u00e9novation. Les ma\u00eetres de l&#8217;ouvrage recherchent la responsab&#8230;<\/p>\n","protected":false},"author":232070755,"featured_media":9678,"comment_status":"open","ping_status":"open","sticky":false,"template":"","format":"standard","meta":{"_crdt_document":"","_jetpack_newsletter_access":"","_jetpack_dont_email_post_to_subs":false,"_jetpack_newsletter_tier_id":0,"_jetpack_memberships_contains_paywalled_content":false,"_kj_source_type":"judilibre","_kj_official_id":"68cce97d41cce69a12ae3d54","_kj_official_url":"https:\/\/www.courdecassation.fr\/decision\/68cce97d41cce69a12ae3d54","_kj_judilibre_id":"68cce97d41cce69a12ae3d54","_kj_jur":"Cour d'appel","_kj_lieu":"Cour d'appel de Douai","_kj_chambre":"CHAMBRE 1 SECTION 2","_kj_rg":"23\/01168","_kj_date":"2025-09-18","_jetpack_memberships_contains_paid_content":false,"footnotes":"","jetpack_post_was_ever_published":false},"categories":[7597],"tags":[],"class_list":["post-682525","post","type-post","status-publish","format-standard","has-post-thumbnail","hentry","category-jurisprudence"],"yoast_head":"<!-- This site is optimized with the Yoast SEO Premium plugin v27.5 (Yoast SEO v27.5) - https:\/\/yoast.com\/product\/yoast-seo-premium-wordpress\/ -->\n<title>Cour d&#039;appel de Douai, le 23 juin 2025, n\u00b023\/01168 - Ma\u00eetre Hassan Kohen, avocat en droit p\u00e9nal \u00e0 Paris<\/title>\n<meta name=\"description\" content=\"La cour d&#039;appel de Douai, statuant le 23 juin 2025, examine un litige complexe n\u00e9 de travaux de r\u00e9novation. Les ma\u00eetres de l&#039;ouvrage recherchent la responsab...\" \/>\n<meta name=\"robots\" content=\"index, follow, max-snippet:-1, max-image-preview:large, max-video-preview:-1\" \/>\n<link rel=\"canonical\" href=\"https:\/\/kohenavocats.com\/zh-hans\/cour-dappel-de-douai-le-23-juin-2025-n23-01168\/\" \/>\n<meta property=\"og:locale\" content=\"zh_CN\" \/>\n<meta property=\"og:type\" content=\"article\" \/>\n<meta property=\"og:title\" content=\"Cour d&#039;appel de Douai, le 23 juin 2025, n\u00b023\/01168\" \/>\n<meta property=\"og:description\" content=\"La cour d&#039;appel de Douai, statuant le 23 juin 2025, examine un litige complexe n\u00e9 de travaux de r\u00e9novation. Les ma\u00eetres de l&#039;ouvrage recherchent la responsab...\" \/>\n<meta property=\"og:url\" content=\"https:\/\/kohenavocats.com\/zh-hans\/cour-dappel-de-douai-le-23-juin-2025-n23-01168\/\" \/>\n<meta property=\"og:site_name\" content=\"Ma\u00eetre Hassan Kohen, avocat en droit p\u00e9nal \u00e0 Paris\" \/>\n<meta property=\"article:published_time\" content=\"2026-04-25T15:38:14+00:00\" \/>\n<meta property=\"og:image\" content=\"https:\/\/kohenavocats.com\/wp-content\/uploads\/2024\/11\/planet-volumes-C3xYPsybD0U-unsplash.webp\" \/>\n\t<meta property=\"og:image:width\" content=\"3000\" \/>\n\t<meta property=\"og:image:height\" content=\"3889\" \/>\n\t<meta property=\"og:image:type\" content=\"image\/webp\" \/>\n<meta name=\"author\" content=\"Kohen\" \/>\n<meta name=\"twitter:card\" content=\"summary_large_image\" \/>\n<meta name=\"twitter:label1\" content=\"\u4f5c\u8005\" \/>\n\t<meta name=\"twitter:data1\" content=\"Kohen\" \/>\n\t<meta name=\"twitter:label2\" content=\"\u9884\u8ba1\u9605\u8bfb\u65f6\u95f4\" \/>\n\t<meta name=\"twitter:data2\" content=\"3 \u5206\" \/>\n<script type=\"application\/ld+json\" class=\"yoast-schema-graph\">{\"@context\":\"https:\\\/\\\/schema.org\",\"@graph\":[{\"@type\":\"Article\",\"@id\":\"https:\\\/\\\/kohenavocats.com\\\/zh-hans\\\/cour-dappel-de-douai-le-23-juin-2025-n23-01168\\\/#article\",\"isPartOf\":{\"@id\":\"https:\\\/\\\/kohenavocats.com\\\/zh-hans\\\/cour-dappel-de-douai-le-23-juin-2025-n23-01168\\\/\"},\"author\":{\"name\":\"Kohen\",\"@id\":\"https:\\\/\\\/kohenavocats.com\\\/zh-hans\\\/#\\\/schema\\\/person\\\/761c9ba54fa1ca84d405cef0831ff751\"},\"headline\":\"Cour d&#8217;appel de Douai, le 23 juin 2025, n\u00b023\\\/01168\",\"datePublished\":\"2026-04-25T15:38:14+00:00\",\"mainEntityOfPage\":{\"@id\":\"https:\\\/\\\/kohenavocats.com\\\/zh-hans\\\/cour-dappel-de-douai-le-23-juin-2025-n23-01168\\\/\"},\"wordCount\":708,\"commentCount\":0,\"publisher\":{\"@id\":\"https:\\\/\\\/kohenavocats.com\\\/zh-hans\\\/#organization\"},\"image\":{\"@id\":\"https:\\\/\\\/kohenavocats.com\\\/zh-hans\\\/cour-dappel-de-douai-le-23-juin-2025-n23-01168\\\/#primaryimage\"},\"thumbnailUrl\":\"https:\\\/\\\/kohenavocats.com\\\/wp-content\\\/uploads\\\/2024\\\/11\\\/planet-volumes-C3xYPsybD0U-unsplash.webp\",\"articleSection\":[\"Jurisprudence\"],\"inLanguage\":\"zh-Hans\",\"potentialAction\":[{\"@type\":\"CommentAction\",\"name\":\"Comment\",\"target\":[\"https:\\\/\\\/kohenavocats.com\\\/zh-hans\\\/cour-dappel-de-douai-le-23-juin-2025-n23-01168\\\/#respond\"]}],\"citation\":\"Cour d&#8217;appel de Douai, le 23 juin 2025, n\u00b023\\\/01168\",\"about\":[{\"@type\":\"Thing\",\"name\":\"Jurisprudence\"}],\"dateModified\":\"2026-04-25T15:38:14+00:00\",\"speakable\":{\"@type\":\"SpeakableSpecification\",\"cssSelector\":[\".article-content > p:first-of-type\"]}},{\"@type\":\"WebPage\",\"@id\":\"https:\\\/\\\/kohenavocats.com\\\/zh-hans\\\/cour-dappel-de-douai-le-23-juin-2025-n23-01168\\\/\",\"url\":\"https:\\\/\\\/kohenavocats.com\\\/zh-hans\\\/cour-dappel-de-douai-le-23-juin-2025-n23-01168\\\/\",\"name\":\"Cour d'appel de Douai, le 23 juin 2025, n\u00b023\\\/01168 - Ma\u00eetre Hassan Kohen, avocat en droit p\u00e9nal \u00e0 Paris\",\"isPartOf\":{\"@id\":\"https:\\\/\\\/kohenavocats.com\\\/zh-hans\\\/#website\"},\"primaryImageOfPage\":{\"@id\":\"https:\\\/\\\/kohenavocats.com\\\/zh-hans\\\/cour-dappel-de-douai-le-23-juin-2025-n23-01168\\\/#primaryimage\"},\"image\":{\"@id\":\"https:\\\/\\\/kohenavocats.com\\\/zh-hans\\\/cour-dappel-de-douai-le-23-juin-2025-n23-01168\\\/#primaryimage\"},\"thumbnailUrl\":\"https:\\\/\\\/kohenavocats.com\\\/wp-content\\\/uploads\\\/2024\\\/11\\\/planet-volumes-C3xYPsybD0U-unsplash.webp\",\"datePublished\":\"2026-04-25T15:38:14+00:00\",\"description\":\"La cour d'appel de Douai, statuant le 23 juin 2025, examine un litige complexe n\u00e9 de travaux de r\u00e9novation. Les ma\u00eetres de l'ouvrage recherchent la responsab...\",\"breadcrumb\":{\"@id\":\"https:\\\/\\\/kohenavocats.com\\\/zh-hans\\\/cour-dappel-de-douai-le-23-juin-2025-n23-01168\\\/#breadcrumb\"},\"inLanguage\":\"zh-Hans\",\"potentialAction\":[{\"@type\":\"ReadAction\",\"target\":[\"https:\\\/\\\/kohenavocats.com\\\/zh-hans\\\/cour-dappel-de-douai-le-23-juin-2025-n23-01168\\\/\"]}]},{\"@type\":\"ImageObject\",\"inLanguage\":\"zh-Hans\",\"@id\":\"https:\\\/\\\/kohenavocats.com\\\/zh-hans\\\/cour-dappel-de-douai-le-23-juin-2025-n23-01168\\\/#primaryimage\",\"url\":\"https:\\\/\\\/kohenavocats.com\\\/wp-content\\\/uploads\\\/2024\\\/11\\\/planet-volumes-C3xYPsybD0U-unsplash.webp\",\"contentUrl\":\"https:\\\/\\\/kohenavocats.com\\\/wp-content\\\/uploads\\\/2024\\\/11\\\/planet-volumes-C3xYPsybD0U-unsplash.webp\",\"width\":3000,\"height\":3889},{\"@type\":\"BreadcrumbList\",\"@id\":\"https:\\\/\\\/kohenavocats.com\\\/zh-hans\\\/cour-dappel-de-douai-le-23-juin-2025-n23-01168\\\/#breadcrumb\",\"itemListElement\":[{\"@type\":\"ListItem\",\"position\":1,\"name\":\"Home\",\"item\":\"https:\\\/\\\/kohenavocats.com\\\/zh-hans\\\/\"},{\"@type\":\"ListItem\",\"position\":2,\"name\":\"Cour d&rsquo;appel de Douai, le 23 juin 2025, n\u00b023\\\/01168\"}]},{\"@type\":\"WebSite\",\"@id\":\"https:\\\/\\\/kohenavocats.com\\\/zh-hans\\\/#website\",\"url\":\"https:\\\/\\\/kohenavocats.com\\\/zh-hans\\\/\",\"name\":\"Kohen Avocats\",\"description\":\"Ma\u00eetre Hassan Kohen, avocat p\u00e9naliste \u00e0 Paris, intervient exclusivement en droit p\u00e9nal pour la d\u00e9fense des particuliers, notamment en mati\u00e8re d\u2019accusations de viol. Il assure un accompagnement rigoureux d\u00e8s la garde \u00e0 vue jusqu\u2019\u00e0 la Cour d\u2019assises, veillant au strict respect des garanties proc\u00e9durales.\",\"publisher\":{\"@id\":\"https:\\\/\\\/kohenavocats.com\\\/zh-hans\\\/#organization\"},\"potentialAction\":[{\"@type\":\"SearchAction\",\"target\":{\"@type\":\"EntryPoint\",\"urlTemplate\":\"https:\\\/\\\/kohenavocats.com\\\/zh-hans\\\/?s={search_term_string}\"},\"query-input\":{\"@type\":\"PropertyValueSpecification\",\"valueRequired\":true,\"valueName\":\"search_term_string\"}}],\"inLanguage\":\"zh-Hans\"},{\"@type\":\"Organization\",\"@id\":\"https:\\\/\\\/kohenavocats.com\\\/zh-hans\\\/#organization\",\"name\":\"Kohen Avocats\",\"url\":\"https:\\\/\\\/kohenavocats.com\\\/zh-hans\\\/\",\"logo\":{\"@type\":\"ImageObject\",\"inLanguage\":\"zh-Hans\",\"@id\":\"https:\\\/\\\/kohenavocats.com\\\/zh-hans\\\/#\\\/schema\\\/logo\\\/image\\\/\",\"url\":\"https:\\\/\\\/kohenavocats.com\\\/wp-content\\\/uploads\\\/2026\\\/01\\\/Logo-2-1.webp\",\"contentUrl\":\"https:\\\/\\\/kohenavocats.com\\\/wp-content\\\/uploads\\\/2026\\\/01\\\/Logo-2-1.webp\",\"width\":2114,\"height\":1253,\"caption\":\"Kohen Avocats\"},\"image\":{\"@id\":\"https:\\\/\\\/kohenavocats.com\\\/zh-hans\\\/#\\\/schema\\\/logo\\\/image\\\/\"}},{\"@type\":\"Person\",\"@id\":\"https:\\\/\\\/kohenavocats.com\\\/zh-hans\\\/#\\\/schema\\\/person\\\/761c9ba54fa1ca84d405cef0831ff751\",\"name\":\"Kohen\",\"image\":{\"@type\":\"ImageObject\",\"inLanguage\":\"zh-Hans\",\"@id\":\"https:\\\/\\\/secure.gravatar.com\\\/avatar\\\/1c5e76ef76bbbfdd2b4da984e2bf2fa4056fd51a27d25ce2c332047f1dfd6e00?s=96&d=identicon&r=g\",\"url\":\"https:\\\/\\\/secure.gravatar.com\\\/avatar\\\/1c5e76ef76bbbfdd2b4da984e2bf2fa4056fd51a27d25ce2c332047f1dfd6e00?s=96&d=identicon&r=g\",\"contentUrl\":\"https:\\\/\\\/secure.gravatar.com\\\/avatar\\\/1c5e76ef76bbbfdd2b4da984e2bf2fa4056fd51a27d25ce2c332047f1dfd6e00?s=96&d=identicon&r=g\",\"caption\":\"Kohen\"},\"sameAs\":[\"https:\\\/\\\/www.linkedin.com\\\/in\\\/hassan-kohen-448548192\\\/\",\"https:\\\/\\\/www.youtube.com\\\/@Kohen-Avocats\"],\"url\":\"https:\\\/\\\/kohenavocats.com\\\/zh-hans\\\/author\\\/kohenmlk\\\/\"}]}<\/script>\n<!-- \/ Yoast SEO Premium plugin. -->","yoast_head_json":{"title":"Cour d'appel de Douai, le 23 juin 2025, n\u00b023\/01168 - Ma\u00eetre Hassan Kohen, avocat en droit p\u00e9nal \u00e0 Paris","description":"La cour d'appel de Douai, statuant le 23 juin 2025, examine un litige complexe n\u00e9 de travaux de r\u00e9novation. Les ma\u00eetres de l'ouvrage recherchent la responsab...","robots":{"index":"index","follow":"follow","max-snippet":"max-snippet:-1","max-image-preview":"max-image-preview:large","max-video-preview":"max-video-preview:-1"},"canonical":"https:\/\/kohenavocats.com\/zh-hans\/cour-dappel-de-douai-le-23-juin-2025-n23-01168\/","og_locale":"zh_CN","og_type":"article","og_title":"Cour d'appel de Douai, le 23 juin 2025, n\u00b023\/01168","og_description":"La cour d'appel de Douai, statuant le 23 juin 2025, examine un litige complexe n\u00e9 de travaux de r\u00e9novation. Les ma\u00eetres de l'ouvrage recherchent la responsab...","og_url":"https:\/\/kohenavocats.com\/zh-hans\/cour-dappel-de-douai-le-23-juin-2025-n23-01168\/","og_site_name":"Ma\u00eetre Hassan Kohen, avocat en droit p\u00e9nal \u00e0 Paris","article_published_time":"2026-04-25T15:38:14+00:00","og_image":[{"width":3000,"height":3889,"url":"https:\/\/kohenavocats.com\/wp-content\/uploads\/2024\/11\/planet-volumes-C3xYPsybD0U-unsplash.webp","type":"image\/webp"}],"author":"Kohen","twitter_card":"summary_large_image","twitter_misc":{"\u4f5c\u8005":"Kohen","\u9884\u8ba1\u9605\u8bfb\u65f6\u95f4":"3 \u5206"},"schema":{"@context":"https:\/\/schema.org","@graph":[{"@type":"Article","@id":"https:\/\/kohenavocats.com\/zh-hans\/cour-dappel-de-douai-le-23-juin-2025-n23-01168\/#article","isPartOf":{"@id":"https:\/\/kohenavocats.com\/zh-hans\/cour-dappel-de-douai-le-23-juin-2025-n23-01168\/"},"author":{"name":"Kohen","@id":"https:\/\/kohenavocats.com\/zh-hans\/#\/schema\/person\/761c9ba54fa1ca84d405cef0831ff751"},"headline":"Cour d&#8217;appel de Douai, le 23 juin 2025, n\u00b023\/01168","datePublished":"2026-04-25T15:38:14+00:00","mainEntityOfPage":{"@id":"https:\/\/kohenavocats.com\/zh-hans\/cour-dappel-de-douai-le-23-juin-2025-n23-01168\/"},"wordCount":708,"commentCount":0,"publisher":{"@id":"https:\/\/kohenavocats.com\/zh-hans\/#organization"},"image":{"@id":"https:\/\/kohenavocats.com\/zh-hans\/cour-dappel-de-douai-le-23-juin-2025-n23-01168\/#primaryimage"},"thumbnailUrl":"https:\/\/kohenavocats.com\/wp-content\/uploads\/2024\/11\/planet-volumes-C3xYPsybD0U-unsplash.webp","articleSection":["Jurisprudence"],"inLanguage":"zh-Hans","potentialAction":[{"@type":"CommentAction","name":"Comment","target":["https:\/\/kohenavocats.com\/zh-hans\/cour-dappel-de-douai-le-23-juin-2025-n23-01168\/#respond"]}],"citation":"Cour d&#8217;appel de Douai, le 23 juin 2025, n\u00b023\/01168","about":[{"@type":"Thing","name":"Jurisprudence"}],"dateModified":"2026-04-25T15:38:14+00:00","speakable":{"@type":"SpeakableSpecification","cssSelector":[".article-content > p:first-of-type"]}},{"@type":"WebPage","@id":"https:\/\/kohenavocats.com\/zh-hans\/cour-dappel-de-douai-le-23-juin-2025-n23-01168\/","url":"https:\/\/kohenavocats.com\/zh-hans\/cour-dappel-de-douai-le-23-juin-2025-n23-01168\/","name":"Cour d'appel de Douai, le 23 juin 2025, n\u00b023\/01168 - Ma\u00eetre Hassan Kohen, avocat en droit p\u00e9nal \u00e0 Paris","isPartOf":{"@id":"https:\/\/kohenavocats.com\/zh-hans\/#website"},"primaryImageOfPage":{"@id":"https:\/\/kohenavocats.com\/zh-hans\/cour-dappel-de-douai-le-23-juin-2025-n23-01168\/#primaryimage"},"image":{"@id":"https:\/\/kohenavocats.com\/zh-hans\/cour-dappel-de-douai-le-23-juin-2025-n23-01168\/#primaryimage"},"thumbnailUrl":"https:\/\/kohenavocats.com\/wp-content\/uploads\/2024\/11\/planet-volumes-C3xYPsybD0U-unsplash.webp","datePublished":"2026-04-25T15:38:14+00:00","description":"La cour d'appel de Douai, statuant le 23 juin 2025, examine un litige complexe n\u00e9 de travaux de r\u00e9novation. Les ma\u00eetres de l'ouvrage recherchent la responsab...","breadcrumb":{"@id":"https:\/\/kohenavocats.com\/zh-hans\/cour-dappel-de-douai-le-23-juin-2025-n23-01168\/#breadcrumb"},"inLanguage":"zh-Hans","potentialAction":[{"@type":"ReadAction","target":["https:\/\/kohenavocats.com\/zh-hans\/cour-dappel-de-douai-le-23-juin-2025-n23-01168\/"]}]},{"@type":"ImageObject","inLanguage":"zh-Hans","@id":"https:\/\/kohenavocats.com\/zh-hans\/cour-dappel-de-douai-le-23-juin-2025-n23-01168\/#primaryimage","url":"https:\/\/kohenavocats.com\/wp-content\/uploads\/2024\/11\/planet-volumes-C3xYPsybD0U-unsplash.webp","contentUrl":"https:\/\/kohenavocats.com\/wp-content\/uploads\/2024\/11\/planet-volumes-C3xYPsybD0U-unsplash.webp","width":3000,"height":3889},{"@type":"BreadcrumbList","@id":"https:\/\/kohenavocats.com\/zh-hans\/cour-dappel-de-douai-le-23-juin-2025-n23-01168\/#breadcrumb","itemListElement":[{"@type":"ListItem","position":1,"name":"Home","item":"https:\/\/kohenavocats.com\/zh-hans\/"},{"@type":"ListItem","position":2,"name":"Cour d&rsquo;appel de Douai, le 23 juin 2025, n\u00b023\/01168"}]},{"@type":"WebSite","@id":"https:\/\/kohenavocats.com\/zh-hans\/#website","url":"https:\/\/kohenavocats.com\/zh-hans\/","name":"Kohen Avocats","description":"Ma\u00eetre Hassan Kohen, avocat p\u00e9naliste \u00e0 Paris, intervient exclusivement en droit p\u00e9nal pour la d\u00e9fense des particuliers, notamment en mati\u00e8re d\u2019accusations de viol. Il assure un accompagnement rigoureux d\u00e8s la garde \u00e0 vue jusqu\u2019\u00e0 la Cour d\u2019assises, veillant au strict respect des garanties proc\u00e9durales.","publisher":{"@id":"https:\/\/kohenavocats.com\/zh-hans\/#organization"},"potentialAction":[{"@type":"SearchAction","target":{"@type":"EntryPoint","urlTemplate":"https:\/\/kohenavocats.com\/zh-hans\/?s={search_term_string}"},"query-input":{"@type":"PropertyValueSpecification","valueRequired":true,"valueName":"search_term_string"}}],"inLanguage":"zh-Hans"},{"@type":"Organization","@id":"https:\/\/kohenavocats.com\/zh-hans\/#organization","name":"Kohen Avocats","url":"https:\/\/kohenavocats.com\/zh-hans\/","logo":{"@type":"ImageObject","inLanguage":"zh-Hans","@id":"https:\/\/kohenavocats.com\/zh-hans\/#\/schema\/logo\/image\/","url":"https:\/\/kohenavocats.com\/wp-content\/uploads\/2026\/01\/Logo-2-1.webp","contentUrl":"https:\/\/kohenavocats.com\/wp-content\/uploads\/2026\/01\/Logo-2-1.webp","width":2114,"height":1253,"caption":"Kohen Avocats"},"image":{"@id":"https:\/\/kohenavocats.com\/zh-hans\/#\/schema\/logo\/image\/"}},{"@type":"Person","@id":"https:\/\/kohenavocats.com\/zh-hans\/#\/schema\/person\/761c9ba54fa1ca84d405cef0831ff751","name":"Kohen","image":{"@type":"ImageObject","inLanguage":"zh-Hans","@id":"https:\/\/secure.gravatar.com\/avatar\/1c5e76ef76bbbfdd2b4da984e2bf2fa4056fd51a27d25ce2c332047f1dfd6e00?s=96&d=identicon&r=g","url":"https:\/\/secure.gravatar.com\/avatar\/1c5e76ef76bbbfdd2b4da984e2bf2fa4056fd51a27d25ce2c332047f1dfd6e00?s=96&d=identicon&r=g","contentUrl":"https:\/\/secure.gravatar.com\/avatar\/1c5e76ef76bbbfdd2b4da984e2bf2fa4056fd51a27d25ce2c332047f1dfd6e00?s=96&d=identicon&r=g","caption":"Kohen"},"sameAs":["https:\/\/www.linkedin.com\/in\/hassan-kohen-448548192\/","https:\/\/www.youtube.com\/@Kohen-Avocats"],"url":"https:\/\/kohenavocats.com\/zh-hans\/author\/kohenmlk\/"}]}},"jetpack_featured_media_url":"https:\/\/kohenavocats.com\/wp-content\/uploads\/2024\/11\/planet-volumes-C3xYPsybD0U-unsplash.webp","jetpack_likes_enabled":false,"jetpack_shortlink":"https:\/\/wp.me\/peCrII-2Ryt","jetpack-related-posts":[{"id":616552,"url":"https:\/\/kohenavocats.com\/zh-hans\/cour-dappel-de-douai-le-23-octobre-2025-n21-09197\/","url_meta":{"origin":682525,"position":0},"title":"Cour d&#8217;appel de Douai, le 23 octobre 2025, n\u00b021\/09197","author":"Kohen","date":"2026\u5e744\u670820\u65e5","format":false,"excerpt":"La Cour d\u2019appel de Douai, statuant par arr\u00eat du 23\u2026","rel":"","context":"\u5728\u201cJurisprudence\u201d\u4e2d","block_context":{"text":"Jurisprudence","link":"https:\/\/kohenavocats.com\/category\/jurisprudence\/"},"img":{"alt_text":"","src":"https:\/\/i0.wp.com\/kohenavocats.com\/wp-content\/uploads\/2024\/11\/getty-images-v_YYHSi9aoU-unsplash.webp?resize=350%2C200&ssl=1","width":350,"height":200,"srcset":"https:\/\/i0.wp.com\/kohenavocats.com\/wp-content\/uploads\/2024\/11\/getty-images-v_YYHSi9aoU-unsplash.webp?resize=350%2C200&ssl=1 1x, https:\/\/i0.wp.com\/kohenavocats.com\/wp-content\/uploads\/2024\/11\/getty-images-v_YYHSi9aoU-unsplash.webp?resize=525%2C300&ssl=1 1.5x, https:\/\/i0.wp.com\/kohenavocats.com\/wp-content\/uploads\/2024\/11\/getty-images-v_YYHSi9aoU-unsplash.webp?resize=700%2C400&ssl=1 2x, https:\/\/i0.wp.com\/kohenavocats.com\/wp-content\/uploads\/2024\/11\/getty-images-v_YYHSi9aoU-unsplash.webp?resize=1050%2C600&ssl=1 3x, https:\/\/i0.wp.com\/kohenavocats.com\/wp-content\/uploads\/2024\/11\/getty-images-v_YYHSi9aoU-unsplash.webp?resize=1400%2C800&ssl=1 4x"},"classes":[]},{"id":223476,"url":"https:\/\/kohenavocats.com\/zh-hans\/cour-dappel-de-douai-le-27-juin-2025-n24-00212\/","url_meta":{"origin":682525,"position":1},"title":"Cour d&#8217;appel de Douai, le 27 juin 2025, n\u00b024\/00212","author":"Kohen","date":"2025\u5e7412\u670825\u65e5","format":false,"excerpt":"Now using node v22.15.1 (npm v10.8.2)Utilisation d\u2026","rel":"","context":"\u5728\u201cCour d'appel\u201d\u4e2d","block_context":{"text":"Cour d'appel","link":"https:\/\/kohenavocats.com\/category\/cour-dappel\/"},"img":{"alt_text":"","src":"https:\/\/i0.wp.com\/kohenavocats.com\/wp-content\/uploads\/2024\/11\/mohamed-nohassi-LQw7fIchK-o-unsplash.webp?resize=350%2C200&ssl=1","width":350,"height":200,"srcset":"https:\/\/i0.wp.com\/kohenavocats.com\/wp-content\/uploads\/2024\/11\/mohamed-nohassi-LQw7fIchK-o-unsplash.webp?resize=350%2C200&ssl=1 1x, https:\/\/i0.wp.com\/kohenavocats.com\/wp-content\/uploads\/2024\/11\/mohamed-nohassi-LQw7fIchK-o-unsplash.webp?resize=525%2C300&ssl=1 1.5x, https:\/\/i0.wp.com\/kohenavocats.com\/wp-content\/uploads\/2024\/11\/mohamed-nohassi-LQw7fIchK-o-unsplash.webp?resize=700%2C400&ssl=1 2x, https:\/\/i0.wp.com\/kohenavocats.com\/wp-content\/uploads\/2024\/11\/mohamed-nohassi-LQw7fIchK-o-unsplash.webp?resize=1050%2C600&ssl=1 3x, https:\/\/i0.wp.com\/kohenavocats.com\/wp-content\/uploads\/2024\/11\/mohamed-nohassi-LQw7fIchK-o-unsplash.webp?resize=1400%2C800&ssl=1 4x"},"classes":[]},{"id":669626,"url":"https:\/\/kohenavocats.com\/zh-hans\/cour-dappel-de-douai-le-12-juin-2025-n21-02794\/","url_meta":{"origin":682525,"position":2},"title":"Cour d&#8217;appel de Douai, le 12 juin 2025, n\u00b021\/02794","author":"Kohen","date":"2026\u5e744\u670824\u65e5","format":false,"excerpt":"La cour d'appel de Douai, dans un arr\u00eat du 12 juin\u2026","rel":"","context":"\u5728\u201cCode des assurances\u201d\u4e2d","block_context":{"text":"Code des assurances","link":"https:\/\/kohenavocats.com\/category\/code-des-assurances\/"},"img":{"alt_text":"","src":"https:\/\/i0.wp.com\/kohenavocats.com\/wp-content\/uploads\/2024\/11\/laura-adai-uVe-JpiFDmE-unsplash.webp?resize=350%2C200&ssl=1","width":350,"height":200,"srcset":"https:\/\/i0.wp.com\/kohenavocats.com\/wp-content\/uploads\/2024\/11\/laura-adai-uVe-JpiFDmE-unsplash.webp?resize=350%2C200&ssl=1 1x, https:\/\/i0.wp.com\/kohenavocats.com\/wp-content\/uploads\/2024\/11\/laura-adai-uVe-JpiFDmE-unsplash.webp?resize=525%2C300&ssl=1 1.5x, https:\/\/i0.wp.com\/kohenavocats.com\/wp-content\/uploads\/2024\/11\/laura-adai-uVe-JpiFDmE-unsplash.webp?resize=700%2C400&ssl=1 2x, https:\/\/i0.wp.com\/kohenavocats.com\/wp-content\/uploads\/2024\/11\/laura-adai-uVe-JpiFDmE-unsplash.webp?resize=1050%2C600&ssl=1 3x, https:\/\/i0.wp.com\/kohenavocats.com\/wp-content\/uploads\/2024\/11\/laura-adai-uVe-JpiFDmE-unsplash.webp?resize=1400%2C800&ssl=1 4x"},"classes":[]},{"id":484677,"url":"https:\/\/kohenavocats.com\/zh-hans\/cour-dappel-de-douai-le-22-juin-2025-n25-07858\/","url_meta":{"origin":682525,"position":3},"title":"Cour d&#8217;appel de Douai, le 22 juin 2025, n\u00b025\/07858","author":"Kohen","date":"2026\u5e744\u67088\u65e5","format":false,"excerpt":"La cour d'appel de Douai, statuant le 22 juin 2025\u2026","rel":"","context":"\u5728\u201cJurisprudence\u201d\u4e2d","block_context":{"text":"Jurisprudence","link":"https:\/\/kohenavocats.com\/category\/jurisprudence\/"},"img":{"alt_text":"","src":"https:\/\/i0.wp.com\/kohenavocats.com\/wp-content\/uploads\/2024\/11\/planet-volumes-2RKetzja9-4-unsplash.webp?resize=350%2C200&ssl=1","width":350,"height":200,"srcset":"https:\/\/i0.wp.com\/kohenavocats.com\/wp-content\/uploads\/2024\/11\/planet-volumes-2RKetzja9-4-unsplash.webp?resize=350%2C200&ssl=1 1x, https:\/\/i0.wp.com\/kohenavocats.com\/wp-content\/uploads\/2024\/11\/planet-volumes-2RKetzja9-4-unsplash.webp?resize=525%2C300&ssl=1 1.5x, https:\/\/i0.wp.com\/kohenavocats.com\/wp-content\/uploads\/2024\/11\/planet-volumes-2RKetzja9-4-unsplash.webp?resize=700%2C400&ssl=1 2x, https:\/\/i0.wp.com\/kohenavocats.com\/wp-content\/uploads\/2024\/11\/planet-volumes-2RKetzja9-4-unsplash.webp?resize=1050%2C600&ssl=1 3x, https:\/\/i0.wp.com\/kohenavocats.com\/wp-content\/uploads\/2024\/11\/planet-volumes-2RKetzja9-4-unsplash.webp?resize=1400%2C800&ssl=1 4x"},"classes":[]},{"id":614842,"url":"https:\/\/kohenavocats.com\/zh-hans\/tribunal-judiciaire-de-valenciennes-le-23-octobre-2025-n19-01003\/","url_meta":{"origin":682525,"position":4},"title":"Tribunal judiciaire de Valenciennes, le 23 octobre 2025, n\u00b019\/01003","author":"Kohen","date":"2026\u5e744\u670820\u65e5","format":false,"excerpt":"Le tribunal judiciaire de Valenciennes, statuant l\u2026","rel":"","context":"\u5728\u201cJurisprudence\u201d\u4e2d","block_context":{"text":"Jurisprudence","link":"https:\/\/kohenavocats.com\/category\/jurisprudence\/"},"img":{"alt_text":"","src":"https:\/\/i0.wp.com\/kohenavocats.com\/wp-content\/uploads\/2024\/08\/valeria-m-zgvMPH83znI-unsplash.webp?resize=350%2C200&ssl=1","width":350,"height":200,"srcset":"https:\/\/i0.wp.com\/kohenavocats.com\/wp-content\/uploads\/2024\/08\/valeria-m-zgvMPH83znI-unsplash.webp?resize=350%2C200&ssl=1 1x, https:\/\/i0.wp.com\/kohenavocats.com\/wp-content\/uploads\/2024\/08\/valeria-m-zgvMPH83znI-unsplash.webp?resize=525%2C300&ssl=1 1.5x, https:\/\/i0.wp.com\/kohenavocats.com\/wp-content\/uploads\/2024\/08\/valeria-m-zgvMPH83znI-unsplash.webp?resize=700%2C400&ssl=1 2x, https:\/\/i0.wp.com\/kohenavocats.com\/wp-content\/uploads\/2024\/08\/valeria-m-zgvMPH83znI-unsplash.webp?resize=1050%2C600&ssl=1 3x, https:\/\/i0.wp.com\/kohenavocats.com\/wp-content\/uploads\/2024\/08\/valeria-m-zgvMPH83znI-unsplash.webp?resize=1400%2C800&ssl=1 4x"},"classes":[]},{"id":204396,"url":"https:\/\/kohenavocats.com\/zh-hans\/cour-dappel-de-douai-le-27-juin-2025-n24-00149\/","url_meta":{"origin":682525,"position":5},"title":"Cour d&#8217;appel de Douai, le 27 juin 2025, n\u00b024\/00149","author":"Kohen","date":"2025\u5e7412\u670821\u65e5","format":false,"excerpt":"Par un arr\u00eat de la Cour d\u2019appel de Douai, ch\u2026","rel":"","context":"\u5728\u201cCour d'appel\u201d\u4e2d","block_context":{"text":"Cour d'appel","link":"https:\/\/kohenavocats.com\/category\/cour-dappel\/"},"img":{"alt_text":"","src":"https:\/\/i0.wp.com\/kohenavocats.com\/wp-content\/uploads\/2024\/11\/getty-images-3YlszAwDqLI-unsplash.webp?resize=350%2C200&ssl=1","width":350,"height":200,"srcset":"https:\/\/i0.wp.com\/kohenavocats.com\/wp-content\/uploads\/2024\/11\/getty-images-3YlszAwDqLI-unsplash.webp?resize=350%2C200&ssl=1 1x, https:\/\/i0.wp.com\/kohenavocats.com\/wp-content\/uploads\/2024\/11\/getty-images-3YlszAwDqLI-unsplash.webp?resize=525%2C300&ssl=1 1.5x, https:\/\/i0.wp.com\/kohenavocats.com\/wp-content\/uploads\/2024\/11\/getty-images-3YlszAwDqLI-unsplash.webp?resize=700%2C400&ssl=1 2x, https:\/\/i0.wp.com\/kohenavocats.com\/wp-content\/uploads\/2024\/11\/getty-images-3YlszAwDqLI-unsplash.webp?resize=1050%2C600&ssl=1 3x, https:\/\/i0.wp.com\/kohenavocats.com\/wp-content\/uploads\/2024\/11\/getty-images-3YlszAwDqLI-unsplash.webp?resize=1400%2C800&ssl=1 4x"},"classes":[]}],"jetpack_sharing_enabled":true,"_links":{"self":[{"href":"https:\/\/kohenavocats.com\/zh-hans\/wp-json\/wp\/v2\/posts\/682525","targetHints":{"allow":["GET"]}}],"collection":[{"href":"https:\/\/kohenavocats.com\/zh-hans\/wp-json\/wp\/v2\/posts"}],"about":[{"href":"https:\/\/kohenavocats.com\/zh-hans\/wp-json\/wp\/v2\/types\/post"}],"author":[{"embeddable":true,"href":"https:\/\/kohenavocats.com\/zh-hans\/wp-json\/wp\/v2\/users\/232070755"}],"replies":[{"embeddable":true,"href":"https:\/\/kohenavocats.com\/zh-hans\/wp-json\/wp\/v2\/comments?post=682525"}],"version-history":[{"count":0,"href":"https:\/\/kohenavocats.com\/zh-hans\/wp-json\/wp\/v2\/posts\/682525\/revisions"}],"wp:featuredmedia":[{"embeddable":true,"href":"https:\/\/kohenavocats.com\/zh-hans\/wp-json\/wp\/v2\/media\/9678"}],"wp:attachment":[{"href":"https:\/\/kohenavocats.com\/zh-hans\/wp-json\/wp\/v2\/media?parent=682525"}],"wp:term":[{"taxonomy":"category","embeddable":true,"href":"https:\/\/kohenavocats.com\/zh-hans\/wp-json\/wp\/v2\/categories?post=682525"},{"taxonomy":"post_tag","embeddable":true,"href":"https:\/\/kohenavocats.com\/zh-hans\/wp-json\/wp\/v2\/tags?post=682525"}],"curies":[{"name":"wp","href":"https:\/\/api.w.org\/{rel}","templated":true}]}}