{"id":682575,"date":"2026-04-25T17:42:47","date_gmt":"2026-04-25T15:42:47","guid":{"rendered":"https:\/\/kohenavocats.com\/cour-dappel-de-paris-le-17-juin-2025-n24-09760\/"},"modified":"2026-04-25T17:42:47","modified_gmt":"2026-04-25T15:42:47","slug":"cour-dappel-de-paris-le-17-juin-2025-n24-09760","status":"publish","type":"post","link":"https:\/\/kohenavocats.com\/zh-hans\/cour-dappel-de-paris-le-17-juin-2025-n24-09760\/","title":{"rendered":"Cour d&#8217;appel de Paris, le 17 juin 2025, n\u00b024\/09760"},"content":{"rendered":"<div class=\"article-content\">\n<p>La cour d&#8217;appel de Paris, statuant le 17 juin 2025, a examin\u00e9 un litige relatif \u00e0 la vente d&#8217;un v\u00e9hicule d&#8217;origine italienne. L&#8217;acqu\u00e9reur avait obtenu en premi\u00e8re instance la r\u00e9solution de la vente pour d\u00e9faut de d\u00e9livrance d&#8217;un certificat d&#8217;immatriculation d\u00e9finitif. La cour d&#8217;appel, saisie par le vendeur professionnel, devait d\u00e9terminer si l&#8217;absence de ce document constituait une inex\u00e9cution des obligations n\u00e9es du contrat de vente. Elle a infirm\u00e9 le jugement et d\u00e9bout\u00e9 l&#8217;acqu\u00e9reur de toutes ses demandes, refusant de prononcer la r\u00e9solution.<\/p>\n<p>La d\u00e9livrance conforme : un accessoire indispensable \u00e0 l&#8217;usage du v\u00e9hicule<\/p>\n<p>La qualification juridique de l&#8217;obligation de d\u00e9livrance. La cour rappelle les principes fondamentaux r\u00e9gissant l&#8217;obligation de d\u00e9livrance dans la vente. Elle se r\u00e9f\u00e8re aux articles 1603, 1604 et 1615 du code civil qui imposent au vendeur de mettre l&#8217;acheteur en possession de la chose et de ses accessoires. La d\u00e9cision pr\u00e9cise que le v\u00e9hicule, destin\u00e9 \u00e0 circuler, devait \u00eatre pourvu d&#8217;un certificat d&#8217;immatriculation valable. &#8220;Il devait donc \u00eatre pourvu d&#8217;un certificat d&#8217;immatriculation lui permettant de rouler au moins un mois d\u00e8s le jour de la vente&#8221; (Motifs). La cour assimile ainsi le document d&#8217;immatriculation \u00e0 un accessoire indispensable \u00e0 l&#8217;usage normal du bien vendu, confirmant une approche stricte de la conformit\u00e9.<\/p>\n<p>L&#8217;appr\u00e9ciation in concreto de l&#8217;ex\u00e9cution par le vendeur. L&#8217;analyse des faits conduit la cour \u00e0 constater que le vendeur a satisfait \u00e0 son obligation. Elle rel\u00e8ve la remise d&#8217;un certificat provisoire valide permettant une utilisation imm\u00e9diate. &#8220;Il r\u00e9sulte des pi\u00e8ces produites que le v\u00e9hicule italien d&#8217;origine disposait [&#8230;] d&#8217;un certificat provisoire d&#8217;immatriculation WW valable du 22 janvier au 21 mai 2022&#8221; (Motifs). La connaissance par l&#8217;acqu\u00e9reur de l&#8217;origine \u00e9trang\u00e8re du v\u00e9hicule et de la nature provisoire du document est \u00e9galement retenue. La cour estime donc que la d\u00e9livrance d&#8217;un v\u00e9hicule roulant avec un titre provisoire suffit \u00e0 caract\u00e9riser l&#8217;ex\u00e9cution conforme, d\u00e8s lors que le v\u00e9hicule \u00e9tait en capacit\u00e9 de circuler.<\/p>\n<p>La distinction des r\u00e9gimes contractuels : vente et mandat<\/p>\n<p>L&#8217;autonomie des contrats conclus simultan\u00e9ment. La cour op\u00e8re une s\u00e9paration nette entre le contrat de vente et le mandat donn\u00e9 pour les formalit\u00e9s d&#8217;immatriculation. Elle valide l&#8217;argument du vendeur concernant la confusion des r\u00e9gimes. &#8220;La soci\u00e9t\u00e9 venderesse fait valoir \u00e0 juste titre qu&#8217;une \u00e9ventuelle inex\u00e9cution du mandat ne peut donner lieu \u00e0 r\u00e9solution de la vente&#8221; (Motifs). Cette distinction est essentielle car elle limite les causes de r\u00e9solution de la vente aux seules obligations qui en d\u00e9coulent. Les difficult\u00e9s ou retards dans l&#8217;obtention du certificat d\u00e9finitif rel\u00e8vent ainsi exclusivement du mandat, dont l&#8217;inex\u00e9cution ne saurait affecter la validit\u00e9 de la vente.<\/p>\n<p>L&#8217;absence de fondement des demandes sur l&#8217;ex\u00e9cution du mandat. La cour constate que les demandes de l&#8217;acqu\u00e9reur \u00e9taient exclusivement fond\u00e9es sur la vente. &#8220;M. [U] ne fonde aucune de ses demandes sur une mauvaise ex\u00e9cution de celui-ci et que toutes ses demandes sont rattach\u00e9es \u00e0 la vente&#8221; (Motifs). Cette circonstance proc\u00e9durale permet \u00e0 la cour de ne pas avoir \u00e0 se prononcer sur la qualit\u00e9 de l&#8217;ex\u00e9cution du mandat. Elle renforce la dissociation op\u00e9r\u00e9e entre les deux contrats et prive l&#8217;acqu\u00e9reur d&#8217;un recours fond\u00e9 sur les d\u00e9lais rencontr\u00e9s pour l&#8217;obtention du titre d\u00e9finitif, ces d\u00e9lais \u00e9tant rel\u00e9gu\u00e9s dans le cadre d&#8217;un autre rapport contractuel.<\/p>\n<p>La port\u00e9e de l&#8217;arr\u00eat est significative en mati\u00e8re de vente automobile. Elle att\u00e9nue la s\u00e9v\u00e9rit\u00e9 d&#8217;une jurisprudence ant\u00e9rieure qui consid\u00e9rait l&#8217;absence de certificat d\u00e9finitif comme une inex\u00e9cution justifiant la r\u00e9solution. &#8220;Or, il est constant que l\u2019absence de d\u00e9livrance d\u2019un certificat d\u2019immatriculation d\u00e9finitif constitue une inex\u00e9cution&#8221; (Tribunal de commerce de Nanterre, le 26 f\u00e9vrier 2025, n\u00b02024F02417). La cour d&#8217;appel oppose une vision plus pragmatique, privil\u00e9giant la jouissance effective du bien via un titre provisoire. La valeur de la d\u00e9cision r\u00e9side dans la clarification des obligations essentielles du vendeur professionnel. Elle circonscrit son obligation de d\u00e9livrance conforme \u00e0 la remise d&#8217;un v\u00e9hicule imm\u00e9diatement utilisable, distinguant cette obligation des services post\u00e9rieurs \u00e0 la vente. Cette analyse limite les risques de r\u00e9solution pour des d\u00e9fauts li\u00e9s \u00e0 des d\u00e9marches administratives souvent longues et incertaines.<\/p>\n<\/div>\n","protected":false},"excerpt":{"rendered":"<p>La cour d&#8217;appel de Paris, statuant le 17 juin 2025, a examin\u00e9 un litige relatif \u00e0 la vente d&#8217;un v\u00e9hicule d&#8217;origine italienne. L&#8217;acqu\u00e9reur avait obtenu en pre&#8230;<\/p>\n","protected":false},"author":232070755,"featured_media":3908,"comment_status":"open","ping_status":"open","sticky":false,"template":"","format":"standard","meta":{"_crdt_document":"","_jetpack_newsletter_access":"","_jetpack_dont_email_post_to_subs":false,"_jetpack_newsletter_tier_id":0,"_jetpack_memberships_contains_paywalled_content":false,"_kj_source_type":"judilibre","_kj_official_id":"68cce5fbe57ea59a3356be44","_kj_official_url":"https:\/\/www.courdecassation.fr\/decision\/68cce5fbe57ea59a3356be44","_kj_judilibre_id":"68cce5fbe57ea59a3356be44","_kj_jur":"Cour d'appel","_kj_lieu":"Cour d'appel de Paris","_kj_chambre":"P\u00f4le 4 - Chambre 9 - A","_kj_rg":"24\/09760","_kj_date":"2025-09-18","_jetpack_memberships_contains_paid_content":false,"footnotes":"","jetpack_post_was_ever_published":false},"categories":[7597],"tags":[],"class_list":["post-682575","post","type-post","status-publish","format-standard","has-post-thumbnail","hentry","category-jurisprudence"],"yoast_head":"<!-- This site is optimized with the Yoast SEO Premium plugin v27.5 (Yoast SEO v27.5) - https:\/\/yoast.com\/product\/yoast-seo-premium-wordpress\/ -->\n<title>Cour d&#039;appel de Paris, le 17 juin 2025, n\u00b024\/09760 - Ma\u00eetre Hassan Kohen, avocat en droit p\u00e9nal \u00e0 Paris<\/title>\n<meta name=\"description\" content=\"La cour d&#039;appel de Paris, statuant le 17 juin 2025, a examin\u00e9 un litige relatif \u00e0 la vente d&#039;un v\u00e9hicule d&#039;origine italienne. L&#039;acqu\u00e9reur avait obtenu en pre...\" \/>\n<meta name=\"robots\" content=\"index, follow, max-snippet:-1, max-image-preview:large, max-video-preview:-1\" \/>\n<link rel=\"canonical\" href=\"https:\/\/kohenavocats.com\/zh-hans\/cour-dappel-de-paris-le-17-juin-2025-n24-09760\/\" \/>\n<meta property=\"og:locale\" content=\"zh_CN\" \/>\n<meta property=\"og:type\" content=\"article\" \/>\n<meta property=\"og:title\" content=\"Cour d&#039;appel de Paris, le 17 juin 2025, n\u00b024\/09760\" \/>\n<meta property=\"og:description\" content=\"La cour d&#039;appel de Paris, statuant le 17 juin 2025, a examin\u00e9 un litige relatif \u00e0 la vente d&#039;un v\u00e9hicule d&#039;origine italienne. L&#039;acqu\u00e9reur avait obtenu en pre...\" \/>\n<meta property=\"og:url\" content=\"https:\/\/kohenavocats.com\/zh-hans\/cour-dappel-de-paris-le-17-juin-2025-n24-09760\/\" \/>\n<meta property=\"og:site_name\" content=\"Ma\u00eetre Hassan Kohen, avocat en droit p\u00e9nal \u00e0 Paris\" \/>\n<meta property=\"article:published_time\" content=\"2026-04-25T15:42:47+00:00\" \/>\n<meta property=\"og:image\" content=\"https:\/\/kohenavocats.com\/wp-content\/uploads\/2024\/07\/leonard-cotte-R5scocnOOdM-unsplash.webp\" \/>\n\t<meta property=\"og:image:width\" content=\"5520\" \/>\n\t<meta property=\"og:image:height\" content=\"3905\" \/>\n\t<meta property=\"og:image:type\" content=\"image\/webp\" \/>\n<meta name=\"author\" content=\"Kohen\" \/>\n<meta name=\"twitter:card\" content=\"summary_large_image\" \/>\n<meta name=\"twitter:label1\" content=\"\u4f5c\u8005\" \/>\n\t<meta name=\"twitter:data1\" content=\"Kohen\" \/>\n\t<meta name=\"twitter:label2\" content=\"\u9884\u8ba1\u9605\u8bfb\u65f6\u95f4\" \/>\n\t<meta name=\"twitter:data2\" content=\"4 \u5206\" \/>\n<script type=\"application\/ld+json\" class=\"yoast-schema-graph\">{\"@context\":\"https:\\\/\\\/schema.org\",\"@graph\":[{\"@type\":\"Article\",\"@id\":\"https:\\\/\\\/kohenavocats.com\\\/zh-hans\\\/cour-dappel-de-paris-le-17-juin-2025-n24-09760\\\/#article\",\"isPartOf\":{\"@id\":\"https:\\\/\\\/kohenavocats.com\\\/zh-hans\\\/cour-dappel-de-paris-le-17-juin-2025-n24-09760\\\/\"},\"author\":{\"name\":\"Kohen\",\"@id\":\"https:\\\/\\\/kohenavocats.com\\\/zh-hans\\\/#\\\/schema\\\/person\\\/761c9ba54fa1ca84d405cef0831ff751\"},\"headline\":\"Cour d&#8217;appel de Paris, le 17 juin 2025, n\u00b024\\\/09760\",\"datePublished\":\"2026-04-25T15:42:47+00:00\",\"mainEntityOfPage\":{\"@id\":\"https:\\\/\\\/kohenavocats.com\\\/zh-hans\\\/cour-dappel-de-paris-le-17-juin-2025-n24-09760\\\/\"},\"wordCount\":788,\"commentCount\":0,\"publisher\":{\"@id\":\"https:\\\/\\\/kohenavocats.com\\\/zh-hans\\\/#organization\"},\"image\":{\"@id\":\"https:\\\/\\\/kohenavocats.com\\\/zh-hans\\\/cour-dappel-de-paris-le-17-juin-2025-n24-09760\\\/#primaryimage\"},\"thumbnailUrl\":\"https:\\\/\\\/kohenavocats.com\\\/wp-content\\\/uploads\\\/2024\\\/07\\\/leonard-cotte-R5scocnOOdM-unsplash.webp\",\"articleSection\":[\"Jurisprudence\"],\"inLanguage\":\"zh-Hans\",\"potentialAction\":[{\"@type\":\"CommentAction\",\"name\":\"Comment\",\"target\":[\"https:\\\/\\\/kohenavocats.com\\\/zh-hans\\\/cour-dappel-de-paris-le-17-juin-2025-n24-09760\\\/#respond\"]}],\"citation\":\"Cour d&#8217;appel de Paris, le 17 juin 2025, n\u00b024\\\/09760\",\"about\":[{\"@type\":\"Thing\",\"name\":\"Jurisprudence\"}],\"dateModified\":\"2026-04-25T15:42:47+00:00\",\"speakable\":{\"@type\":\"SpeakableSpecification\",\"cssSelector\":[\".article-content > p:first-of-type\"]}},{\"@type\":\"WebPage\",\"@id\":\"https:\\\/\\\/kohenavocats.com\\\/zh-hans\\\/cour-dappel-de-paris-le-17-juin-2025-n24-09760\\\/\",\"url\":\"https:\\\/\\\/kohenavocats.com\\\/zh-hans\\\/cour-dappel-de-paris-le-17-juin-2025-n24-09760\\\/\",\"name\":\"Cour d'appel de Paris, le 17 juin 2025, n\u00b024\\\/09760 - Ma\u00eetre Hassan Kohen, avocat en droit p\u00e9nal \u00e0 Paris\",\"isPartOf\":{\"@id\":\"https:\\\/\\\/kohenavocats.com\\\/zh-hans\\\/#website\"},\"primaryImageOfPage\":{\"@id\":\"https:\\\/\\\/kohenavocats.com\\\/zh-hans\\\/cour-dappel-de-paris-le-17-juin-2025-n24-09760\\\/#primaryimage\"},\"image\":{\"@id\":\"https:\\\/\\\/kohenavocats.com\\\/zh-hans\\\/cour-dappel-de-paris-le-17-juin-2025-n24-09760\\\/#primaryimage\"},\"thumbnailUrl\":\"https:\\\/\\\/kohenavocats.com\\\/wp-content\\\/uploads\\\/2024\\\/07\\\/leonard-cotte-R5scocnOOdM-unsplash.webp\",\"datePublished\":\"2026-04-25T15:42:47+00:00\",\"description\":\"La cour d'appel de Paris, statuant le 17 juin 2025, a examin\u00e9 un litige relatif \u00e0 la vente d'un v\u00e9hicule d'origine italienne. L'acqu\u00e9reur avait obtenu en pre...\",\"breadcrumb\":{\"@id\":\"https:\\\/\\\/kohenavocats.com\\\/zh-hans\\\/cour-dappel-de-paris-le-17-juin-2025-n24-09760\\\/#breadcrumb\"},\"inLanguage\":\"zh-Hans\",\"potentialAction\":[{\"@type\":\"ReadAction\",\"target\":[\"https:\\\/\\\/kohenavocats.com\\\/zh-hans\\\/cour-dappel-de-paris-le-17-juin-2025-n24-09760\\\/\"]}]},{\"@type\":\"ImageObject\",\"inLanguage\":\"zh-Hans\",\"@id\":\"https:\\\/\\\/kohenavocats.com\\\/zh-hans\\\/cour-dappel-de-paris-le-17-juin-2025-n24-09760\\\/#primaryimage\",\"url\":\"https:\\\/\\\/kohenavocats.com\\\/wp-content\\\/uploads\\\/2024\\\/07\\\/leonard-cotte-R5scocnOOdM-unsplash.webp\",\"contentUrl\":\"https:\\\/\\\/kohenavocats.com\\\/wp-content\\\/uploads\\\/2024\\\/07\\\/leonard-cotte-R5scocnOOdM-unsplash.webp\",\"width\":5520,\"height\":3905},{\"@type\":\"BreadcrumbList\",\"@id\":\"https:\\\/\\\/kohenavocats.com\\\/zh-hans\\\/cour-dappel-de-paris-le-17-juin-2025-n24-09760\\\/#breadcrumb\",\"itemListElement\":[{\"@type\":\"ListItem\",\"position\":1,\"name\":\"Home\",\"item\":\"https:\\\/\\\/kohenavocats.com\\\/zh-hans\\\/\"},{\"@type\":\"ListItem\",\"position\":2,\"name\":\"Cour d&rsquo;appel de Paris, le 17 juin 2025, n\u00b024\\\/09760\"}]},{\"@type\":\"WebSite\",\"@id\":\"https:\\\/\\\/kohenavocats.com\\\/zh-hans\\\/#website\",\"url\":\"https:\\\/\\\/kohenavocats.com\\\/zh-hans\\\/\",\"name\":\"Kohen Avocats\",\"description\":\"Ma\u00eetre Hassan Kohen, avocat p\u00e9naliste \u00e0 Paris, intervient exclusivement en droit p\u00e9nal pour la d\u00e9fense des particuliers, notamment en mati\u00e8re d\u2019accusations de viol. Il assure un accompagnement rigoureux d\u00e8s la garde \u00e0 vue jusqu\u2019\u00e0 la Cour d\u2019assises, veillant au strict respect des garanties proc\u00e9durales.\",\"publisher\":{\"@id\":\"https:\\\/\\\/kohenavocats.com\\\/zh-hans\\\/#organization\"},\"potentialAction\":[{\"@type\":\"SearchAction\",\"target\":{\"@type\":\"EntryPoint\",\"urlTemplate\":\"https:\\\/\\\/kohenavocats.com\\\/zh-hans\\\/?s={search_term_string}\"},\"query-input\":{\"@type\":\"PropertyValueSpecification\",\"valueRequired\":true,\"valueName\":\"search_term_string\"}}],\"inLanguage\":\"zh-Hans\"},{\"@type\":\"Organization\",\"@id\":\"https:\\\/\\\/kohenavocats.com\\\/zh-hans\\\/#organization\",\"name\":\"Kohen Avocats\",\"url\":\"https:\\\/\\\/kohenavocats.com\\\/zh-hans\\\/\",\"logo\":{\"@type\":\"ImageObject\",\"inLanguage\":\"zh-Hans\",\"@id\":\"https:\\\/\\\/kohenavocats.com\\\/zh-hans\\\/#\\\/schema\\\/logo\\\/image\\\/\",\"url\":\"https:\\\/\\\/kohenavocats.com\\\/wp-content\\\/uploads\\\/2026\\\/01\\\/Logo-2-1.webp\",\"contentUrl\":\"https:\\\/\\\/kohenavocats.com\\\/wp-content\\\/uploads\\\/2026\\\/01\\\/Logo-2-1.webp\",\"width\":2114,\"height\":1253,\"caption\":\"Kohen Avocats\"},\"image\":{\"@id\":\"https:\\\/\\\/kohenavocats.com\\\/zh-hans\\\/#\\\/schema\\\/logo\\\/image\\\/\"}},{\"@type\":\"Person\",\"@id\":\"https:\\\/\\\/kohenavocats.com\\\/zh-hans\\\/#\\\/schema\\\/person\\\/761c9ba54fa1ca84d405cef0831ff751\",\"name\":\"Kohen\",\"image\":{\"@type\":\"ImageObject\",\"inLanguage\":\"zh-Hans\",\"@id\":\"https:\\\/\\\/secure.gravatar.com\\\/avatar\\\/1c5e76ef76bbbfdd2b4da984e2bf2fa4056fd51a27d25ce2c332047f1dfd6e00?s=96&d=identicon&r=g\",\"url\":\"https:\\\/\\\/secure.gravatar.com\\\/avatar\\\/1c5e76ef76bbbfdd2b4da984e2bf2fa4056fd51a27d25ce2c332047f1dfd6e00?s=96&d=identicon&r=g\",\"contentUrl\":\"https:\\\/\\\/secure.gravatar.com\\\/avatar\\\/1c5e76ef76bbbfdd2b4da984e2bf2fa4056fd51a27d25ce2c332047f1dfd6e00?s=96&d=identicon&r=g\",\"caption\":\"Kohen\"},\"sameAs\":[\"https:\\\/\\\/www.linkedin.com\\\/in\\\/hassan-kohen-448548192\\\/\",\"https:\\\/\\\/www.youtube.com\\\/@Kohen-Avocats\"],\"url\":\"https:\\\/\\\/kohenavocats.com\\\/zh-hans\\\/author\\\/kohenmlk\\\/\"}]}<\/script>\n<!-- \/ Yoast SEO Premium plugin. -->","yoast_head_json":{"title":"Cour d'appel de Paris, le 17 juin 2025, n\u00b024\/09760 - Ma\u00eetre Hassan Kohen, avocat en droit p\u00e9nal \u00e0 Paris","description":"La cour d'appel de Paris, statuant le 17 juin 2025, a examin\u00e9 un litige relatif \u00e0 la vente d'un v\u00e9hicule d'origine italienne. L'acqu\u00e9reur avait obtenu en pre...","robots":{"index":"index","follow":"follow","max-snippet":"max-snippet:-1","max-image-preview":"max-image-preview:large","max-video-preview":"max-video-preview:-1"},"canonical":"https:\/\/kohenavocats.com\/zh-hans\/cour-dappel-de-paris-le-17-juin-2025-n24-09760\/","og_locale":"zh_CN","og_type":"article","og_title":"Cour d'appel de Paris, le 17 juin 2025, n\u00b024\/09760","og_description":"La cour d'appel de Paris, statuant le 17 juin 2025, a examin\u00e9 un litige relatif \u00e0 la vente d'un v\u00e9hicule d'origine italienne. L'acqu\u00e9reur avait obtenu en pre...","og_url":"https:\/\/kohenavocats.com\/zh-hans\/cour-dappel-de-paris-le-17-juin-2025-n24-09760\/","og_site_name":"Ma\u00eetre Hassan Kohen, avocat en droit p\u00e9nal \u00e0 Paris","article_published_time":"2026-04-25T15:42:47+00:00","og_image":[{"width":5520,"height":3905,"url":"https:\/\/kohenavocats.com\/wp-content\/uploads\/2024\/07\/leonard-cotte-R5scocnOOdM-unsplash.webp","type":"image\/webp"}],"author":"Kohen","twitter_card":"summary_large_image","twitter_misc":{"\u4f5c\u8005":"Kohen","\u9884\u8ba1\u9605\u8bfb\u65f6\u95f4":"4 \u5206"},"schema":{"@context":"https:\/\/schema.org","@graph":[{"@type":"Article","@id":"https:\/\/kohenavocats.com\/zh-hans\/cour-dappel-de-paris-le-17-juin-2025-n24-09760\/#article","isPartOf":{"@id":"https:\/\/kohenavocats.com\/zh-hans\/cour-dappel-de-paris-le-17-juin-2025-n24-09760\/"},"author":{"name":"Kohen","@id":"https:\/\/kohenavocats.com\/zh-hans\/#\/schema\/person\/761c9ba54fa1ca84d405cef0831ff751"},"headline":"Cour d&#8217;appel de Paris, le 17 juin 2025, n\u00b024\/09760","datePublished":"2026-04-25T15:42:47+00:00","mainEntityOfPage":{"@id":"https:\/\/kohenavocats.com\/zh-hans\/cour-dappel-de-paris-le-17-juin-2025-n24-09760\/"},"wordCount":788,"commentCount":0,"publisher":{"@id":"https:\/\/kohenavocats.com\/zh-hans\/#organization"},"image":{"@id":"https:\/\/kohenavocats.com\/zh-hans\/cour-dappel-de-paris-le-17-juin-2025-n24-09760\/#primaryimage"},"thumbnailUrl":"https:\/\/kohenavocats.com\/wp-content\/uploads\/2024\/07\/leonard-cotte-R5scocnOOdM-unsplash.webp","articleSection":["Jurisprudence"],"inLanguage":"zh-Hans","potentialAction":[{"@type":"CommentAction","name":"Comment","target":["https:\/\/kohenavocats.com\/zh-hans\/cour-dappel-de-paris-le-17-juin-2025-n24-09760\/#respond"]}],"citation":"Cour d&#8217;appel de Paris, le 17 juin 2025, n\u00b024\/09760","about":[{"@type":"Thing","name":"Jurisprudence"}],"dateModified":"2026-04-25T15:42:47+00:00","speakable":{"@type":"SpeakableSpecification","cssSelector":[".article-content > p:first-of-type"]}},{"@type":"WebPage","@id":"https:\/\/kohenavocats.com\/zh-hans\/cour-dappel-de-paris-le-17-juin-2025-n24-09760\/","url":"https:\/\/kohenavocats.com\/zh-hans\/cour-dappel-de-paris-le-17-juin-2025-n24-09760\/","name":"Cour d'appel de Paris, le 17 juin 2025, n\u00b024\/09760 - Ma\u00eetre Hassan Kohen, avocat en droit p\u00e9nal \u00e0 Paris","isPartOf":{"@id":"https:\/\/kohenavocats.com\/zh-hans\/#website"},"primaryImageOfPage":{"@id":"https:\/\/kohenavocats.com\/zh-hans\/cour-dappel-de-paris-le-17-juin-2025-n24-09760\/#primaryimage"},"image":{"@id":"https:\/\/kohenavocats.com\/zh-hans\/cour-dappel-de-paris-le-17-juin-2025-n24-09760\/#primaryimage"},"thumbnailUrl":"https:\/\/kohenavocats.com\/wp-content\/uploads\/2024\/07\/leonard-cotte-R5scocnOOdM-unsplash.webp","datePublished":"2026-04-25T15:42:47+00:00","description":"La cour d'appel de Paris, statuant le 17 juin 2025, a examin\u00e9 un litige relatif \u00e0 la vente d'un v\u00e9hicule d'origine italienne. L'acqu\u00e9reur avait obtenu en pre...","breadcrumb":{"@id":"https:\/\/kohenavocats.com\/zh-hans\/cour-dappel-de-paris-le-17-juin-2025-n24-09760\/#breadcrumb"},"inLanguage":"zh-Hans","potentialAction":[{"@type":"ReadAction","target":["https:\/\/kohenavocats.com\/zh-hans\/cour-dappel-de-paris-le-17-juin-2025-n24-09760\/"]}]},{"@type":"ImageObject","inLanguage":"zh-Hans","@id":"https:\/\/kohenavocats.com\/zh-hans\/cour-dappel-de-paris-le-17-juin-2025-n24-09760\/#primaryimage","url":"https:\/\/kohenavocats.com\/wp-content\/uploads\/2024\/07\/leonard-cotte-R5scocnOOdM-unsplash.webp","contentUrl":"https:\/\/kohenavocats.com\/wp-content\/uploads\/2024\/07\/leonard-cotte-R5scocnOOdM-unsplash.webp","width":5520,"height":3905},{"@type":"BreadcrumbList","@id":"https:\/\/kohenavocats.com\/zh-hans\/cour-dappel-de-paris-le-17-juin-2025-n24-09760\/#breadcrumb","itemListElement":[{"@type":"ListItem","position":1,"name":"Home","item":"https:\/\/kohenavocats.com\/zh-hans\/"},{"@type":"ListItem","position":2,"name":"Cour d&rsquo;appel de Paris, le 17 juin 2025, n\u00b024\/09760"}]},{"@type":"WebSite","@id":"https:\/\/kohenavocats.com\/zh-hans\/#website","url":"https:\/\/kohenavocats.com\/zh-hans\/","name":"Kohen Avocats","description":"Ma\u00eetre Hassan Kohen, avocat p\u00e9naliste \u00e0 Paris, intervient exclusivement en droit p\u00e9nal pour la d\u00e9fense des particuliers, notamment en mati\u00e8re d\u2019accusations de viol. Il assure un accompagnement rigoureux d\u00e8s la garde \u00e0 vue jusqu\u2019\u00e0 la Cour d\u2019assises, veillant au strict respect des garanties proc\u00e9durales.","publisher":{"@id":"https:\/\/kohenavocats.com\/zh-hans\/#organization"},"potentialAction":[{"@type":"SearchAction","target":{"@type":"EntryPoint","urlTemplate":"https:\/\/kohenavocats.com\/zh-hans\/?s={search_term_string}"},"query-input":{"@type":"PropertyValueSpecification","valueRequired":true,"valueName":"search_term_string"}}],"inLanguage":"zh-Hans"},{"@type":"Organization","@id":"https:\/\/kohenavocats.com\/zh-hans\/#organization","name":"Kohen Avocats","url":"https:\/\/kohenavocats.com\/zh-hans\/","logo":{"@type":"ImageObject","inLanguage":"zh-Hans","@id":"https:\/\/kohenavocats.com\/zh-hans\/#\/schema\/logo\/image\/","url":"https:\/\/kohenavocats.com\/wp-content\/uploads\/2026\/01\/Logo-2-1.webp","contentUrl":"https:\/\/kohenavocats.com\/wp-content\/uploads\/2026\/01\/Logo-2-1.webp","width":2114,"height":1253,"caption":"Kohen Avocats"},"image":{"@id":"https:\/\/kohenavocats.com\/zh-hans\/#\/schema\/logo\/image\/"}},{"@type":"Person","@id":"https:\/\/kohenavocats.com\/zh-hans\/#\/schema\/person\/761c9ba54fa1ca84d405cef0831ff751","name":"Kohen","image":{"@type":"ImageObject","inLanguage":"zh-Hans","@id":"https:\/\/secure.gravatar.com\/avatar\/1c5e76ef76bbbfdd2b4da984e2bf2fa4056fd51a27d25ce2c332047f1dfd6e00?s=96&d=identicon&r=g","url":"https:\/\/secure.gravatar.com\/avatar\/1c5e76ef76bbbfdd2b4da984e2bf2fa4056fd51a27d25ce2c332047f1dfd6e00?s=96&d=identicon&r=g","contentUrl":"https:\/\/secure.gravatar.com\/avatar\/1c5e76ef76bbbfdd2b4da984e2bf2fa4056fd51a27d25ce2c332047f1dfd6e00?s=96&d=identicon&r=g","caption":"Kohen"},"sameAs":["https:\/\/www.linkedin.com\/in\/hassan-kohen-448548192\/","https:\/\/www.youtube.com\/@Kohen-Avocats"],"url":"https:\/\/kohenavocats.com\/zh-hans\/author\/kohenmlk\/"}]}},"jetpack_featured_media_url":"https:\/\/kohenavocats.com\/wp-content\/uploads\/2024\/07\/leonard-cotte-R5scocnOOdM-unsplash.webp","jetpack_likes_enabled":false,"jetpack_shortlink":"https:\/\/wp.me\/peCrII-2Rzh","jetpack-related-posts":[{"id":489785,"url":"https:\/\/kohenavocats.com\/zh-hans\/tribunal-judiciaire-de-paris-le-20-novembre-2025-n21-15321\/","url_meta":{"origin":682575,"position":0},"title":"Tribunal judiciaire de Paris, le 20 novembre 2025, n\u00b021\/15321","author":"Kohen","date":"2026\u5e744\u67088\u65e5","format":false,"excerpt":"Le tribunal judiciaire de Paris, statuant le 20 no\u2026","rel":"","context":"\u5728\u201cJurisprudence\u201d\u4e2d","block_context":{"text":"Jurisprudence","link":"https:\/\/kohenavocats.com\/category\/jurisprudence\/"},"img":{"alt_text":"","src":"https:\/\/i0.wp.com\/kohenavocats.com\/wp-content\/uploads\/2024\/11\/lala-azizli-oAaj82io-2k-unsplash.webp?resize=350%2C200&ssl=1","width":350,"height":200,"srcset":"https:\/\/i0.wp.com\/kohenavocats.com\/wp-content\/uploads\/2024\/11\/lala-azizli-oAaj82io-2k-unsplash.webp?resize=350%2C200&ssl=1 1x, https:\/\/i0.wp.com\/kohenavocats.com\/wp-content\/uploads\/2024\/11\/lala-azizli-oAaj82io-2k-unsplash.webp?resize=525%2C300&ssl=1 1.5x, https:\/\/i0.wp.com\/kohenavocats.com\/wp-content\/uploads\/2024\/11\/lala-azizli-oAaj82io-2k-unsplash.webp?resize=700%2C400&ssl=1 2x, https:\/\/i0.wp.com\/kohenavocats.com\/wp-content\/uploads\/2024\/11\/lala-azizli-oAaj82io-2k-unsplash.webp?resize=1050%2C600&ssl=1 3x, https:\/\/i0.wp.com\/kohenavocats.com\/wp-content\/uploads\/2024\/11\/lala-azizli-oAaj82io-2k-unsplash.webp?resize=1400%2C800&ssl=1 4x"},"classes":[]},{"id":473638,"url":"https:\/\/kohenavocats.com\/zh-hans\/tribunal-judiciaire-de-paris-le-11-decembre-2025-n23-10865\/","url_meta":{"origin":682575,"position":1},"title":"Tribunal judiciaire de Paris, le 11 d\u00e9cembre 2025, n\u00b023\/10865","author":"Kohen","date":"2026\u5e744\u67087\u65e5","format":false,"excerpt":"Le tribunal judiciaire, statuant le 11 d\u00e9cembre 20\u2026","rel":"","context":"\u5728\u201cJurisprudence\u201d\u4e2d","block_context":{"text":"Jurisprudence","link":"https:\/\/kohenavocats.com\/category\/jurisprudence\/"},"img":{"alt_text":"","src":"https:\/\/i0.wp.com\/kohenavocats.com\/wp-content\/uploads\/2024\/07\/aleix-ventayol-yPoM-wmzKMM-unsplash-2.webp?resize=350%2C200&ssl=1","width":350,"height":200,"srcset":"https:\/\/i0.wp.com\/kohenavocats.com\/wp-content\/uploads\/2024\/07\/aleix-ventayol-yPoM-wmzKMM-unsplash-2.webp?resize=350%2C200&ssl=1 1x, https:\/\/i0.wp.com\/kohenavocats.com\/wp-content\/uploads\/2024\/07\/aleix-ventayol-yPoM-wmzKMM-unsplash-2.webp?resize=525%2C300&ssl=1 1.5x, https:\/\/i0.wp.com\/kohenavocats.com\/wp-content\/uploads\/2024\/07\/aleix-ventayol-yPoM-wmzKMM-unsplash-2.webp?resize=700%2C400&ssl=1 2x, https:\/\/i0.wp.com\/kohenavocats.com\/wp-content\/uploads\/2024\/07\/aleix-ventayol-yPoM-wmzKMM-unsplash-2.webp?resize=1050%2C600&ssl=1 3x, https:\/\/i0.wp.com\/kohenavocats.com\/wp-content\/uploads\/2024\/07\/aleix-ventayol-yPoM-wmzKMM-unsplash-2.webp?resize=1400%2C800&ssl=1 4x"},"classes":[]},{"id":491951,"url":"https:\/\/kohenavocats.com\/zh-hans\/tribunal-judiciaire-de-saint-omer-le-17-juin-2025-n25-00550\/","url_meta":{"origin":682575,"position":2},"title":"Tribunal judiciaire de Saint-Omer, le 17 juin 2025, n\u00b025\/00550","author":"Kohen","date":"2026\u5e744\u67088\u65e5","format":false,"excerpt":"Le tribunal judiciaire de Saint-Omer, statuant le \u2026","rel":"","context":"\u5728\u201cJurisprudence\u201d\u4e2d","block_context":{"text":"Jurisprudence","link":"https:\/\/kohenavocats.com\/category\/jurisprudence\/"},"img":{"alt_text":"","src":"https:\/\/i0.wp.com\/kohenavocats.com\/wp-content\/uploads\/2024\/11\/arnaud-mariat-ilqys8HnQak-unsplash.webp?resize=350%2C200&ssl=1","width":350,"height":200,"srcset":"https:\/\/i0.wp.com\/kohenavocats.com\/wp-content\/uploads\/2024\/11\/arnaud-mariat-ilqys8HnQak-unsplash.webp?resize=350%2C200&ssl=1 1x, https:\/\/i0.wp.com\/kohenavocats.com\/wp-content\/uploads\/2024\/11\/arnaud-mariat-ilqys8HnQak-unsplash.webp?resize=525%2C300&ssl=1 1.5x, https:\/\/i0.wp.com\/kohenavocats.com\/wp-content\/uploads\/2024\/11\/arnaud-mariat-ilqys8HnQak-unsplash.webp?resize=700%2C400&ssl=1 2x, https:\/\/i0.wp.com\/kohenavocats.com\/wp-content\/uploads\/2024\/11\/arnaud-mariat-ilqys8HnQak-unsplash.webp?resize=1050%2C600&ssl=1 3x, https:\/\/i0.wp.com\/kohenavocats.com\/wp-content\/uploads\/2024\/11\/arnaud-mariat-ilqys8HnQak-unsplash.webp?resize=1400%2C800&ssl=1 4x"},"classes":[]},{"id":608024,"url":"https:\/\/kohenavocats.com\/zh-hans\/tribunal-judiciaire-de-paris-le-4-decembre-2025-n24-04988\/","url_meta":{"origin":682575,"position":3},"title":"Tribunal judiciaire de Paris, le 4 d\u00e9cembre 2025, n\u00b024\/04988","author":"Kohen","date":"2026\u5e744\u670819\u65e5","format":false,"excerpt":"Le tribunal judiciaire de Paris, statuant le 4 d\u00e9c\u2026","rel":"","context":"\u5728\u201cJurisprudence\u201d\u4e2d","block_context":{"text":"Jurisprudence","link":"https:\/\/kohenavocats.com\/category\/jurisprudence\/"},"img":{"alt_text":"","src":"https:\/\/i0.wp.com\/kohenavocats.com\/wp-content\/uploads\/2024\/08\/matthew6910-2uWoi7y2S8E-unsplash.webp?resize=350%2C200&ssl=1","width":350,"height":200,"srcset":"https:\/\/i0.wp.com\/kohenavocats.com\/wp-content\/uploads\/2024\/08\/matthew6910-2uWoi7y2S8E-unsplash.webp?resize=350%2C200&ssl=1 1x, https:\/\/i0.wp.com\/kohenavocats.com\/wp-content\/uploads\/2024\/08\/matthew6910-2uWoi7y2S8E-unsplash.webp?resize=525%2C300&ssl=1 1.5x, https:\/\/i0.wp.com\/kohenavocats.com\/wp-content\/uploads\/2024\/08\/matthew6910-2uWoi7y2S8E-unsplash.webp?resize=700%2C400&ssl=1 2x, https:\/\/i0.wp.com\/kohenavocats.com\/wp-content\/uploads\/2024\/08\/matthew6910-2uWoi7y2S8E-unsplash.webp?resize=1050%2C600&ssl=1 3x, https:\/\/i0.wp.com\/kohenavocats.com\/wp-content\/uploads\/2024\/08\/matthew6910-2uWoi7y2S8E-unsplash.webp?resize=1400%2C800&ssl=1 4x"},"classes":[]},{"id":488159,"url":"https:\/\/kohenavocats.com\/zh-hans\/tribunal-judiciaire-de-nancy-le-10-juin-2025-n17-05263\/","url_meta":{"origin":682575,"position":4},"title":"Tribunal judiciaire de Nancy, le 10 juin 2025, n\u00b017\/05263","author":"Kohen","date":"2026\u5e744\u67088\u65e5","format":false,"excerpt":"Le tribunal judiciaire de Nancy, par jugement du 1\u2026","rel":"","context":"\u5728\u201cJurisprudence\u201d\u4e2d","block_context":{"text":"Jurisprudence","link":"https:\/\/kohenavocats.com\/category\/jurisprudence\/"},"img":{"alt_text":"","src":"https:\/\/i0.wp.com\/kohenavocats.com\/wp-content\/uploads\/2024\/08\/judith-ekedi-jangwa-FVA1CH1_LSk-unsplash.webp?resize=350%2C200&ssl=1","width":350,"height":200,"srcset":"https:\/\/i0.wp.com\/kohenavocats.com\/wp-content\/uploads\/2024\/08\/judith-ekedi-jangwa-FVA1CH1_LSk-unsplash.webp?resize=350%2C200&ssl=1 1x, https:\/\/i0.wp.com\/kohenavocats.com\/wp-content\/uploads\/2024\/08\/judith-ekedi-jangwa-FVA1CH1_LSk-unsplash.webp?resize=525%2C300&ssl=1 1.5x, https:\/\/i0.wp.com\/kohenavocats.com\/wp-content\/uploads\/2024\/08\/judith-ekedi-jangwa-FVA1CH1_LSk-unsplash.webp?resize=700%2C400&ssl=1 2x, https:\/\/i0.wp.com\/kohenavocats.com\/wp-content\/uploads\/2024\/08\/judith-ekedi-jangwa-FVA1CH1_LSk-unsplash.webp?resize=1050%2C600&ssl=1 3x, https:\/\/i0.wp.com\/kohenavocats.com\/wp-content\/uploads\/2024\/08\/judith-ekedi-jangwa-FVA1CH1_LSk-unsplash.webp?resize=1400%2C800&ssl=1 4x"},"classes":[]},{"id":487666,"url":"https:\/\/kohenavocats.com\/zh-hans\/tribunal-judiciaire-de-paris-le-19-mars-2025-n2025f00213\/","url_meta":{"origin":682575,"position":5},"title":"Tribunal judiciaire de Paris, le 19 mars 2025, n\u00b02025F00213","author":"Kohen","date":"2026\u5e744\u67088\u65e5","format":false,"excerpt":"Le tribunal judiciaire de Paris, statuant le 19 ma\u2026","rel":"","context":"\u5728\u201cJurisprudence\u201d\u4e2d","block_context":{"text":"Jurisprudence","link":"https:\/\/kohenavocats.com\/category\/jurisprudence\/"},"img":{"alt_text":"","src":"https:\/\/i0.wp.com\/kohenavocats.com\/wp-content\/uploads\/2024\/11\/getty-images-ZIgIJuMcKZI-unsplash.webp?resize=350%2C200&ssl=1","width":350,"height":200,"srcset":"https:\/\/i0.wp.com\/kohenavocats.com\/wp-content\/uploads\/2024\/11\/getty-images-ZIgIJuMcKZI-unsplash.webp?resize=350%2C200&ssl=1 1x, https:\/\/i0.wp.com\/kohenavocats.com\/wp-content\/uploads\/2024\/11\/getty-images-ZIgIJuMcKZI-unsplash.webp?resize=525%2C300&ssl=1 1.5x, https:\/\/i0.wp.com\/kohenavocats.com\/wp-content\/uploads\/2024\/11\/getty-images-ZIgIJuMcKZI-unsplash.webp?resize=700%2C400&ssl=1 2x, https:\/\/i0.wp.com\/kohenavocats.com\/wp-content\/uploads\/2024\/11\/getty-images-ZIgIJuMcKZI-unsplash.webp?resize=1050%2C600&ssl=1 3x, https:\/\/i0.wp.com\/kohenavocats.com\/wp-content\/uploads\/2024\/11\/getty-images-ZIgIJuMcKZI-unsplash.webp?resize=1400%2C800&ssl=1 4x"},"classes":[]}],"jetpack_sharing_enabled":true,"_links":{"self":[{"href":"https:\/\/kohenavocats.com\/zh-hans\/wp-json\/wp\/v2\/posts\/682575","targetHints":{"allow":["GET"]}}],"collection":[{"href":"https:\/\/kohenavocats.com\/zh-hans\/wp-json\/wp\/v2\/posts"}],"about":[{"href":"https:\/\/kohenavocats.com\/zh-hans\/wp-json\/wp\/v2\/types\/post"}],"author":[{"embeddable":true,"href":"https:\/\/kohenavocats.com\/zh-hans\/wp-json\/wp\/v2\/users\/232070755"}],"replies":[{"embeddable":true,"href":"https:\/\/kohenavocats.com\/zh-hans\/wp-json\/wp\/v2\/comments?post=682575"}],"version-history":[{"count":0,"href":"https:\/\/kohenavocats.com\/zh-hans\/wp-json\/wp\/v2\/posts\/682575\/revisions"}],"wp:featuredmedia":[{"embeddable":true,"href":"https:\/\/kohenavocats.com\/zh-hans\/wp-json\/wp\/v2\/media\/3908"}],"wp:attachment":[{"href":"https:\/\/kohenavocats.com\/zh-hans\/wp-json\/wp\/v2\/media?parent=682575"}],"wp:term":[{"taxonomy":"category","embeddable":true,"href":"https:\/\/kohenavocats.com\/zh-hans\/wp-json\/wp\/v2\/categories?post=682575"},{"taxonomy":"post_tag","embeddable":true,"href":"https:\/\/kohenavocats.com\/zh-hans\/wp-json\/wp\/v2\/tags?post=682575"}],"curies":[{"name":"wp","href":"https:\/\/api.w.org\/{rel}","templated":true}]}}