{"id":682761,"date":"2026-04-25T17:53:11","date_gmt":"2026-04-25T15:53:11","guid":{"rendered":"https:\/\/kohenavocats.com\/cour-dappel-de-aix-en-provence-le-12-decembre-2024-n24-12848\/"},"modified":"2026-04-25T17:53:11","modified_gmt":"2026-04-25T15:53:11","slug":"cour-dappel-de-aix-en-provence-le-12-decembre-2024-n24-12848","status":"publish","type":"post","link":"https:\/\/kohenavocats.com\/zh-hans\/cour-dappel-de-aix-en-provence-le-12-decembre-2024-n24-12848\/","title":{"rendered":"Cour d&#8217;appel de Aix-en-Provence, le 12 d\u00e9cembre 2024, n\u00b024\/12848"},"content":{"rendered":"<div class=\"article-content\">\n<p>La cour d&#8217;appel d&#8217;Aix-en-Provence, statuant le 12 d\u00e9cembre 2024, se prononce sur un litige relatif \u00e0 des travaux de construction. Le ma\u00eetre de l&#8217;ouvrage assigne l&#8217;entrepreneur principal, un sous-traitant et l&#8217;architecte pour malfa\u00e7ons et retards. La cour r\u00e9forme partiellement le jugement de premi\u00e8re instance sur plusieurs points, notamment la fixation de la date de r\u00e9ception et la r\u00e9partition des responsabilit\u00e9s indemnitaires.<\/p>\n<p>La r\u00e9ception judiciaire et ses conditions d\u2019application<\/p>\n<p>La qualification de la r\u00e9ception tacite. La cour rappelle les principes gouvernant la r\u00e9ception, acte unilat\u00e9ral d&#8217;acceptation de l&#8217;ouvrage. Elle souligne que la r\u00e9ception tacite peut r\u00e9sulter d&#8217;un comportement non \u00e9quivoque du ma\u00eetre d&#8217;ouvrage. &#8220;La r\u00e9ception tacite peut \u00eatre caract\u00e9ris\u00e9e par la prise de possession de l&#8217;ouvrage lorsqu&#8217;elle exprime une volont\u00e9 non \u00e9quivoque du ma\u00eetre de l&#8217;ouvrage, et qu&#8217;elle est accompagn\u00e9e du paiement de la quasi-totalit\u00e9 du prix des travaux&#8221; (Motifs). Cette prise de possession ne vaut pas r\u00e9ception lors de travaux sur existant si le ma\u00eetre occupait d\u00e9j\u00e0 les lieux. La port\u00e9e de cette analyse est de renforcer les exigences de preuve pour caract\u00e9riser une r\u00e9ception implicite.<\/p>\n<p>Le refus de retenir une r\u00e9ception en l&#8217;esp\u00e8ce. En l&#8217;occurrence, la cour \u00e9carte la date de prise de possession propos\u00e9e par l&#8217;entrepreneur. Elle rel\u00e8ve que le litige \u00e9tait d\u00e9j\u00e0 engag\u00e9 avant cette date, avec des r\u00e9serves \u00e9crites et une expertise amiable. &#8220;Compte tenu du fait que les travaux ont d\u00e9but\u00e9 en janvier 2011 ; que le 11 novembre 2011, par lettre recommand\u00e9e avec avis r\u00e9ception, Monsieur [W] a sollicit\u00e9 des diff\u00e9rentes entreprises intervenues sur le chantier la reprise de malfa\u00e7on&#8221; (Motifs). La solution confirme que l&#8217;existence d&#8217;un contentieux ant\u00e9rieur emp\u00eache de pr\u00e9sumer une volont\u00e9 d&#8217;accepter l&#8217;ouvrage. La valeur est de prot\u00e9ger le ma\u00eetre d&#8217;ouvrage qui a manifest\u00e9 son m\u00e9contentement.<\/p>\n<p>L&#8217;appr\u00e9ciation des responsabilit\u00e9s et des pr\u00e9judices<\/p>\n<p>La distinction des d\u00e9sordres et l&#8217;\u00e9valuation des travaux. La cour op\u00e8re un examen d\u00e9taill\u00e9 des d\u00e9sordres constat\u00e9s par l&#8217;expert, distinguant leurs causes et leurs cons\u00e9quences. Elle valide l&#8217;\u00e9valuation technique et financi\u00e8re de l&#8217;expert, sauf lorsqu&#8217;une imputation erron\u00e9e est d\u00e9montr\u00e9e. Pour les coulures sur un pignon, elle admet que le sous-traitant n&#8217;en est pas responsable. &#8220;Il en r\u00e9sulte que c&#8217;est \u00e0 juste titre que Monsieur [N] soutient que ces coulures ne lui sont pas imputables et qu&#8217;elles sont la cons\u00e9quence d&#8217;un d\u00e9faut d&#8217;ex\u00e9cution n&#8217;entrant pas dans le p\u00e9rim\u00e8tre de son intervention&#8221; (Motifs). La port\u00e9e est de lier strictement la responsabilit\u00e9 au lot de travaux contractuellement confi\u00e9.<\/p>\n<p>La r\u00e9partition des responsabilit\u00e9s et la r\u00e9forme du jugement. La cour modifie la condamnation du sous-traitant concernant la reprise des enduits. Elle retient une part de responsabilit\u00e9 de vingt pour cent pour le ma\u00eetre d&#8217;ouvrage, intervenu lui-m\u00eame sur les fa\u00e7ades. &#8220;Par ailleurs, compte tenu du fait que Monsieur [W] est intervenu sur les enduits de la fa\u00e7ade EST du b\u00e2timent, il y a lieu de confirmer la d\u00e9cision contest\u00e9e en ce qu&#8217;elle a imput\u00e9 \u00e0 ce dernier une partie de responsabilit\u00e9 de 20%&#8221; (Motifs). Elle r\u00e9forme aussi la condamnation relative aux frais d&#8217;assistance technique. Elle estime que seule la d\u00e9faillance de l&#8217;architecte en est la cause directe. Le sens est d&#8217;exiger un lien de causalit\u00e9 certain entre la faute et le pr\u00e9judice indemnis\u00e9.<\/p>\n<\/div>\n","protected":false},"excerpt":{"rendered":"<p>La cour d&#8217;appel d&#8217;Aix-en-Provence, statuant le 12 d\u00e9cembre 2024, se prononce sur un litige relatif \u00e0 des travaux de construction. Le ma\u00eetre de l&#8217;ouvrage assi&#8230;<\/p>\n","protected":false},"author":232070755,"featured_media":4752,"comment_status":"open","ping_status":"open","sticky":false,"template":"","format":"standard","meta":{"_crdt_document":"","_jetpack_newsletter_access":"","_jetpack_dont_email_post_to_subs":false,"_jetpack_newsletter_tier_id":0,"_jetpack_memberships_contains_paywalled_content":false,"_jetpack_memberships_contains_paid_content":false,"footnotes":"","jetpack_post_was_ever_published":false},"categories":[7597],"tags":[],"class_list":["post-682761","post","type-post","status-publish","format-standard","has-post-thumbnail","hentry","category-jurisprudence"],"yoast_head":"<!-- This site is optimized with the Yoast SEO Premium plugin v27.4 (Yoast SEO v27.4) - https:\/\/yoast.com\/product\/yoast-seo-premium-wordpress\/ -->\n<title>Cour d&#039;appel de Aix-en-Provence, le 12 d\u00e9cembre 2024, n\u00b024\/12848 - Ma\u00eetre Hassan Kohen, avocat en droit p\u00e9nal \u00e0 Paris<\/title>\n<meta name=\"description\" content=\"La cour d&#039;appel d&#039;Aix-en-Provence, statuant le 12 d\u00e9cembre 2024, se prononce sur un litige relatif \u00e0 des travaux de construction. Le ma\u00eetre de l&#039;ouvrage assi...\" \/>\n<meta name=\"robots\" content=\"index, follow, max-snippet:-1, max-image-preview:large, max-video-preview:-1\" \/>\n<link rel=\"canonical\" href=\"https:\/\/kohenavocats.com\/zh-hans\/cour-dappel-de-aix-en-provence-le-12-decembre-2024-n24-12848\/\" \/>\n<meta property=\"og:locale\" content=\"zh_CN\" \/>\n<meta property=\"og:type\" content=\"article\" \/>\n<meta property=\"og:title\" content=\"Cour d&#039;appel de Aix-en-Provence, le 12 d\u00e9cembre 2024, n\u00b024\/12848\" \/>\n<meta property=\"og:description\" content=\"La cour d&#039;appel d&#039;Aix-en-Provence, statuant le 12 d\u00e9cembre 2024, se prononce sur un litige relatif \u00e0 des travaux de construction. Le ma\u00eetre de l&#039;ouvrage assi...\" \/>\n<meta property=\"og:url\" content=\"https:\/\/kohenavocats.com\/zh-hans\/cour-dappel-de-aix-en-provence-le-12-decembre-2024-n24-12848\/\" \/>\n<meta property=\"og:site_name\" content=\"Ma\u00eetre Hassan Kohen, avocat en droit p\u00e9nal \u00e0 Paris\" \/>\n<meta property=\"article:published_time\" content=\"2026-04-25T15:53:11+00:00\" \/>\n<meta property=\"og:image\" content=\"https:\/\/kohenavocats.com\/wp-content\/uploads\/2024\/08\/jan-zinnbauer-NeLDhX6pbxE-unsplash.webp\" \/>\n\t<meta property=\"og:image:width\" content=\"6000\" \/>\n\t<meta property=\"og:image:height\" content=\"4000\" \/>\n\t<meta property=\"og:image:type\" content=\"image\/webp\" \/>\n<meta name=\"author\" content=\"Kohen\" \/>\n<meta name=\"twitter:card\" content=\"summary_large_image\" \/>\n<meta name=\"twitter:label1\" content=\"\u4f5c\u8005\" \/>\n\t<meta name=\"twitter:data1\" content=\"Kohen\" \/>\n\t<meta name=\"twitter:label2\" content=\"\u9884\u8ba1\u9605\u8bfb\u65f6\u95f4\" \/>\n\t<meta name=\"twitter:data2\" content=\"3 \u5206\" \/>\n<script type=\"application\/ld+json\" class=\"yoast-schema-graph\">{\"@context\":\"https:\\\/\\\/schema.org\",\"@graph\":[{\"@type\":\"Article\",\"@id\":\"https:\\\/\\\/kohenavocats.com\\\/zh-hans\\\/cour-dappel-de-aix-en-provence-le-12-decembre-2024-n24-12848\\\/#article\",\"isPartOf\":{\"@id\":\"https:\\\/\\\/kohenavocats.com\\\/zh-hans\\\/cour-dappel-de-aix-en-provence-le-12-decembre-2024-n24-12848\\\/\"},\"author\":{\"name\":\"Kohen\",\"@id\":\"https:\\\/\\\/kohenavocats.com\\\/zh-hans\\\/#\\\/schema\\\/person\\\/761c9ba54fa1ca84d405cef0831ff751\"},\"headline\":\"Cour d&#8217;appel de Aix-en-Provence, le 12 d\u00e9cembre 2024, n\u00b024\\\/12848\",\"datePublished\":\"2026-04-25T15:53:11+00:00\",\"mainEntityOfPage\":{\"@id\":\"https:\\\/\\\/kohenavocats.com\\\/zh-hans\\\/cour-dappel-de-aix-en-provence-le-12-decembre-2024-n24-12848\\\/\"},\"wordCount\":633,\"commentCount\":0,\"publisher\":{\"@id\":\"https:\\\/\\\/kohenavocats.com\\\/zh-hans\\\/#organization\"},\"image\":{\"@id\":\"https:\\\/\\\/kohenavocats.com\\\/zh-hans\\\/cour-dappel-de-aix-en-provence-le-12-decembre-2024-n24-12848\\\/#primaryimage\"},\"thumbnailUrl\":\"https:\\\/\\\/kohenavocats.com\\\/wp-content\\\/uploads\\\/2024\\\/08\\\/jan-zinnbauer-NeLDhX6pbxE-unsplash.webp\",\"articleSection\":[\"Jurisprudence\"],\"inLanguage\":\"zh-Hans\",\"potentialAction\":[{\"@type\":\"CommentAction\",\"name\":\"Comment\",\"target\":[\"https:\\\/\\\/kohenavocats.com\\\/zh-hans\\\/cour-dappel-de-aix-en-provence-le-12-decembre-2024-n24-12848\\\/#respond\"]}],\"citation\":\"Cour d&#8217;appel de Aix-en-Provence, le 12 d\u00e9cembre 2024, n\u00b024\\\/12848\",\"about\":[{\"@type\":\"Thing\",\"name\":\"Jurisprudence\"}],\"dateModified\":\"2026-04-25T15:53:11+00:00\",\"speakable\":{\"@type\":\"SpeakableSpecification\",\"cssSelector\":[\".article-content > p:first-of-type\"]}},{\"@type\":\"WebPage\",\"@id\":\"https:\\\/\\\/kohenavocats.com\\\/zh-hans\\\/cour-dappel-de-aix-en-provence-le-12-decembre-2024-n24-12848\\\/\",\"url\":\"https:\\\/\\\/kohenavocats.com\\\/zh-hans\\\/cour-dappel-de-aix-en-provence-le-12-decembre-2024-n24-12848\\\/\",\"name\":\"Cour d'appel de Aix-en-Provence, le 12 d\u00e9cembre 2024, n\u00b024\\\/12848 - Ma\u00eetre Hassan Kohen, avocat en droit p\u00e9nal \u00e0 Paris\",\"isPartOf\":{\"@id\":\"https:\\\/\\\/kohenavocats.com\\\/zh-hans\\\/#website\"},\"primaryImageOfPage\":{\"@id\":\"https:\\\/\\\/kohenavocats.com\\\/zh-hans\\\/cour-dappel-de-aix-en-provence-le-12-decembre-2024-n24-12848\\\/#primaryimage\"},\"image\":{\"@id\":\"https:\\\/\\\/kohenavocats.com\\\/zh-hans\\\/cour-dappel-de-aix-en-provence-le-12-decembre-2024-n24-12848\\\/#primaryimage\"},\"thumbnailUrl\":\"https:\\\/\\\/kohenavocats.com\\\/wp-content\\\/uploads\\\/2024\\\/08\\\/jan-zinnbauer-NeLDhX6pbxE-unsplash.webp\",\"datePublished\":\"2026-04-25T15:53:11+00:00\",\"description\":\"La cour d'appel d'Aix-en-Provence, statuant le 12 d\u00e9cembre 2024, se prononce sur un litige relatif \u00e0 des travaux de construction. Le ma\u00eetre de l'ouvrage assi...\",\"breadcrumb\":{\"@id\":\"https:\\\/\\\/kohenavocats.com\\\/zh-hans\\\/cour-dappel-de-aix-en-provence-le-12-decembre-2024-n24-12848\\\/#breadcrumb\"},\"inLanguage\":\"zh-Hans\",\"potentialAction\":[{\"@type\":\"ReadAction\",\"target\":[\"https:\\\/\\\/kohenavocats.com\\\/zh-hans\\\/cour-dappel-de-aix-en-provence-le-12-decembre-2024-n24-12848\\\/\"]}]},{\"@type\":\"ImageObject\",\"inLanguage\":\"zh-Hans\",\"@id\":\"https:\\\/\\\/kohenavocats.com\\\/zh-hans\\\/cour-dappel-de-aix-en-provence-le-12-decembre-2024-n24-12848\\\/#primaryimage\",\"url\":\"https:\\\/\\\/kohenavocats.com\\\/wp-content\\\/uploads\\\/2024\\\/08\\\/jan-zinnbauer-NeLDhX6pbxE-unsplash.webp\",\"contentUrl\":\"https:\\\/\\\/kohenavocats.com\\\/wp-content\\\/uploads\\\/2024\\\/08\\\/jan-zinnbauer-NeLDhX6pbxE-unsplash.webp\",\"width\":6000,\"height\":4000},{\"@type\":\"BreadcrumbList\",\"@id\":\"https:\\\/\\\/kohenavocats.com\\\/zh-hans\\\/cour-dappel-de-aix-en-provence-le-12-decembre-2024-n24-12848\\\/#breadcrumb\",\"itemListElement\":[{\"@type\":\"ListItem\",\"position\":1,\"name\":\"Home\",\"item\":\"https:\\\/\\\/kohenavocats.com\\\/zh-hans\\\/\"},{\"@type\":\"ListItem\",\"position\":2,\"name\":\"Cour d&rsquo;appel de Aix-en-Provence, le 12 d\u00e9cembre 2024, n\u00b024\\\/12848\"}]},{\"@type\":\"WebSite\",\"@id\":\"https:\\\/\\\/kohenavocats.com\\\/zh-hans\\\/#website\",\"url\":\"https:\\\/\\\/kohenavocats.com\\\/zh-hans\\\/\",\"name\":\"Kohen Avocats\",\"description\":\"Ma\u00eetre Hassan Kohen, avocat p\u00e9naliste \u00e0 Paris, intervient exclusivement en droit p\u00e9nal pour la d\u00e9fense des particuliers, notamment en mati\u00e8re d\u2019accusations de viol. Il assure un accompagnement rigoureux d\u00e8s la garde \u00e0 vue jusqu\u2019\u00e0 la Cour d\u2019assises, veillant au strict respect des garanties proc\u00e9durales.\",\"publisher\":{\"@id\":\"https:\\\/\\\/kohenavocats.com\\\/zh-hans\\\/#organization\"},\"potentialAction\":[{\"@type\":\"SearchAction\",\"target\":{\"@type\":\"EntryPoint\",\"urlTemplate\":\"https:\\\/\\\/kohenavocats.com\\\/zh-hans\\\/?s={search_term_string}\"},\"query-input\":{\"@type\":\"PropertyValueSpecification\",\"valueRequired\":true,\"valueName\":\"search_term_string\"}}],\"inLanguage\":\"zh-Hans\"},{\"@type\":\"Organization\",\"@id\":\"https:\\\/\\\/kohenavocats.com\\\/zh-hans\\\/#organization\",\"name\":\"Kohen Avocats\",\"url\":\"https:\\\/\\\/kohenavocats.com\\\/zh-hans\\\/\",\"logo\":{\"@type\":\"ImageObject\",\"inLanguage\":\"zh-Hans\",\"@id\":\"https:\\\/\\\/kohenavocats.com\\\/zh-hans\\\/#\\\/schema\\\/logo\\\/image\\\/\",\"url\":\"https:\\\/\\\/kohenavocats.com\\\/wp-content\\\/uploads\\\/2026\\\/01\\\/Logo-2-1.webp\",\"contentUrl\":\"https:\\\/\\\/kohenavocats.com\\\/wp-content\\\/uploads\\\/2026\\\/01\\\/Logo-2-1.webp\",\"width\":2114,\"height\":1253,\"caption\":\"Kohen Avocats\"},\"image\":{\"@id\":\"https:\\\/\\\/kohenavocats.com\\\/zh-hans\\\/#\\\/schema\\\/logo\\\/image\\\/\"}},{\"@type\":\"Person\",\"@id\":\"https:\\\/\\\/kohenavocats.com\\\/zh-hans\\\/#\\\/schema\\\/person\\\/761c9ba54fa1ca84d405cef0831ff751\",\"name\":\"Kohen\",\"image\":{\"@type\":\"ImageObject\",\"inLanguage\":\"zh-Hans\",\"@id\":\"https:\\\/\\\/secure.gravatar.com\\\/avatar\\\/1c5e76ef76bbbfdd2b4da984e2bf2fa4056fd51a27d25ce2c332047f1dfd6e00?s=96&d=identicon&r=g\",\"url\":\"https:\\\/\\\/secure.gravatar.com\\\/avatar\\\/1c5e76ef76bbbfdd2b4da984e2bf2fa4056fd51a27d25ce2c332047f1dfd6e00?s=96&d=identicon&r=g\",\"contentUrl\":\"https:\\\/\\\/secure.gravatar.com\\\/avatar\\\/1c5e76ef76bbbfdd2b4da984e2bf2fa4056fd51a27d25ce2c332047f1dfd6e00?s=96&d=identicon&r=g\",\"caption\":\"Kohen\"},\"sameAs\":[\"https:\\\/\\\/www.linkedin.com\\\/in\\\/hassan-kohen-448548192\\\/\",\"https:\\\/\\\/www.youtube.com\\\/@Kohen-Avocats\"],\"url\":\"https:\\\/\\\/kohenavocats.com\\\/zh-hans\\\/author\\\/kohenmlk\\\/\"}]}<\/script>\n<!-- \/ Yoast SEO Premium plugin. -->","yoast_head_json":{"title":"Cour d'appel de Aix-en-Provence, le 12 d\u00e9cembre 2024, n\u00b024\/12848 - Ma\u00eetre Hassan Kohen, avocat en droit p\u00e9nal \u00e0 Paris","description":"La cour d'appel d'Aix-en-Provence, statuant le 12 d\u00e9cembre 2024, se prononce sur un litige relatif \u00e0 des travaux de construction. Le ma\u00eetre de l'ouvrage assi...","robots":{"index":"index","follow":"follow","max-snippet":"max-snippet:-1","max-image-preview":"max-image-preview:large","max-video-preview":"max-video-preview:-1"},"canonical":"https:\/\/kohenavocats.com\/zh-hans\/cour-dappel-de-aix-en-provence-le-12-decembre-2024-n24-12848\/","og_locale":"zh_CN","og_type":"article","og_title":"Cour d'appel de Aix-en-Provence, le 12 d\u00e9cembre 2024, n\u00b024\/12848","og_description":"La cour d'appel d'Aix-en-Provence, statuant le 12 d\u00e9cembre 2024, se prononce sur un litige relatif \u00e0 des travaux de construction. Le ma\u00eetre de l'ouvrage assi...","og_url":"https:\/\/kohenavocats.com\/zh-hans\/cour-dappel-de-aix-en-provence-le-12-decembre-2024-n24-12848\/","og_site_name":"Ma\u00eetre Hassan Kohen, avocat en droit p\u00e9nal \u00e0 Paris","article_published_time":"2026-04-25T15:53:11+00:00","og_image":[{"width":6000,"height":4000,"url":"https:\/\/kohenavocats.com\/wp-content\/uploads\/2024\/08\/jan-zinnbauer-NeLDhX6pbxE-unsplash.webp","type":"image\/webp"}],"author":"Kohen","twitter_card":"summary_large_image","twitter_misc":{"\u4f5c\u8005":"Kohen","\u9884\u8ba1\u9605\u8bfb\u65f6\u95f4":"3 \u5206"},"schema":{"@context":"https:\/\/schema.org","@graph":[{"@type":"Article","@id":"https:\/\/kohenavocats.com\/zh-hans\/cour-dappel-de-aix-en-provence-le-12-decembre-2024-n24-12848\/#article","isPartOf":{"@id":"https:\/\/kohenavocats.com\/zh-hans\/cour-dappel-de-aix-en-provence-le-12-decembre-2024-n24-12848\/"},"author":{"name":"Kohen","@id":"https:\/\/kohenavocats.com\/zh-hans\/#\/schema\/person\/761c9ba54fa1ca84d405cef0831ff751"},"headline":"Cour d&#8217;appel de Aix-en-Provence, le 12 d\u00e9cembre 2024, n\u00b024\/12848","datePublished":"2026-04-25T15:53:11+00:00","mainEntityOfPage":{"@id":"https:\/\/kohenavocats.com\/zh-hans\/cour-dappel-de-aix-en-provence-le-12-decembre-2024-n24-12848\/"},"wordCount":633,"commentCount":0,"publisher":{"@id":"https:\/\/kohenavocats.com\/zh-hans\/#organization"},"image":{"@id":"https:\/\/kohenavocats.com\/zh-hans\/cour-dappel-de-aix-en-provence-le-12-decembre-2024-n24-12848\/#primaryimage"},"thumbnailUrl":"https:\/\/kohenavocats.com\/wp-content\/uploads\/2024\/08\/jan-zinnbauer-NeLDhX6pbxE-unsplash.webp","articleSection":["Jurisprudence"],"inLanguage":"zh-Hans","potentialAction":[{"@type":"CommentAction","name":"Comment","target":["https:\/\/kohenavocats.com\/zh-hans\/cour-dappel-de-aix-en-provence-le-12-decembre-2024-n24-12848\/#respond"]}],"citation":"Cour d&#8217;appel de Aix-en-Provence, le 12 d\u00e9cembre 2024, n\u00b024\/12848","about":[{"@type":"Thing","name":"Jurisprudence"}],"dateModified":"2026-04-25T15:53:11+00:00","speakable":{"@type":"SpeakableSpecification","cssSelector":[".article-content > p:first-of-type"]}},{"@type":"WebPage","@id":"https:\/\/kohenavocats.com\/zh-hans\/cour-dappel-de-aix-en-provence-le-12-decembre-2024-n24-12848\/","url":"https:\/\/kohenavocats.com\/zh-hans\/cour-dappel-de-aix-en-provence-le-12-decembre-2024-n24-12848\/","name":"Cour d'appel de Aix-en-Provence, le 12 d\u00e9cembre 2024, n\u00b024\/12848 - Ma\u00eetre Hassan Kohen, avocat en droit p\u00e9nal \u00e0 Paris","isPartOf":{"@id":"https:\/\/kohenavocats.com\/zh-hans\/#website"},"primaryImageOfPage":{"@id":"https:\/\/kohenavocats.com\/zh-hans\/cour-dappel-de-aix-en-provence-le-12-decembre-2024-n24-12848\/#primaryimage"},"image":{"@id":"https:\/\/kohenavocats.com\/zh-hans\/cour-dappel-de-aix-en-provence-le-12-decembre-2024-n24-12848\/#primaryimage"},"thumbnailUrl":"https:\/\/kohenavocats.com\/wp-content\/uploads\/2024\/08\/jan-zinnbauer-NeLDhX6pbxE-unsplash.webp","datePublished":"2026-04-25T15:53:11+00:00","description":"La cour d'appel d'Aix-en-Provence, statuant le 12 d\u00e9cembre 2024, se prononce sur un litige relatif \u00e0 des travaux de construction. Le ma\u00eetre de l'ouvrage assi...","breadcrumb":{"@id":"https:\/\/kohenavocats.com\/zh-hans\/cour-dappel-de-aix-en-provence-le-12-decembre-2024-n24-12848\/#breadcrumb"},"inLanguage":"zh-Hans","potentialAction":[{"@type":"ReadAction","target":["https:\/\/kohenavocats.com\/zh-hans\/cour-dappel-de-aix-en-provence-le-12-decembre-2024-n24-12848\/"]}]},{"@type":"ImageObject","inLanguage":"zh-Hans","@id":"https:\/\/kohenavocats.com\/zh-hans\/cour-dappel-de-aix-en-provence-le-12-decembre-2024-n24-12848\/#primaryimage","url":"https:\/\/kohenavocats.com\/wp-content\/uploads\/2024\/08\/jan-zinnbauer-NeLDhX6pbxE-unsplash.webp","contentUrl":"https:\/\/kohenavocats.com\/wp-content\/uploads\/2024\/08\/jan-zinnbauer-NeLDhX6pbxE-unsplash.webp","width":6000,"height":4000},{"@type":"BreadcrumbList","@id":"https:\/\/kohenavocats.com\/zh-hans\/cour-dappel-de-aix-en-provence-le-12-decembre-2024-n24-12848\/#breadcrumb","itemListElement":[{"@type":"ListItem","position":1,"name":"Home","item":"https:\/\/kohenavocats.com\/zh-hans\/"},{"@type":"ListItem","position":2,"name":"Cour d&rsquo;appel de Aix-en-Provence, le 12 d\u00e9cembre 2024, n\u00b024\/12848"}]},{"@type":"WebSite","@id":"https:\/\/kohenavocats.com\/zh-hans\/#website","url":"https:\/\/kohenavocats.com\/zh-hans\/","name":"Kohen Avocats","description":"Ma\u00eetre Hassan Kohen, avocat p\u00e9naliste \u00e0 Paris, intervient exclusivement en droit p\u00e9nal pour la d\u00e9fense des particuliers, notamment en mati\u00e8re d\u2019accusations de viol. Il assure un accompagnement rigoureux d\u00e8s la garde \u00e0 vue jusqu\u2019\u00e0 la Cour d\u2019assises, veillant au strict respect des garanties proc\u00e9durales.","publisher":{"@id":"https:\/\/kohenavocats.com\/zh-hans\/#organization"},"potentialAction":[{"@type":"SearchAction","target":{"@type":"EntryPoint","urlTemplate":"https:\/\/kohenavocats.com\/zh-hans\/?s={search_term_string}"},"query-input":{"@type":"PropertyValueSpecification","valueRequired":true,"valueName":"search_term_string"}}],"inLanguage":"zh-Hans"},{"@type":"Organization","@id":"https:\/\/kohenavocats.com\/zh-hans\/#organization","name":"Kohen Avocats","url":"https:\/\/kohenavocats.com\/zh-hans\/","logo":{"@type":"ImageObject","inLanguage":"zh-Hans","@id":"https:\/\/kohenavocats.com\/zh-hans\/#\/schema\/logo\/image\/","url":"https:\/\/kohenavocats.com\/wp-content\/uploads\/2026\/01\/Logo-2-1.webp","contentUrl":"https:\/\/kohenavocats.com\/wp-content\/uploads\/2026\/01\/Logo-2-1.webp","width":2114,"height":1253,"caption":"Kohen Avocats"},"image":{"@id":"https:\/\/kohenavocats.com\/zh-hans\/#\/schema\/logo\/image\/"}},{"@type":"Person","@id":"https:\/\/kohenavocats.com\/zh-hans\/#\/schema\/person\/761c9ba54fa1ca84d405cef0831ff751","name":"Kohen","image":{"@type":"ImageObject","inLanguage":"zh-Hans","@id":"https:\/\/secure.gravatar.com\/avatar\/1c5e76ef76bbbfdd2b4da984e2bf2fa4056fd51a27d25ce2c332047f1dfd6e00?s=96&d=identicon&r=g","url":"https:\/\/secure.gravatar.com\/avatar\/1c5e76ef76bbbfdd2b4da984e2bf2fa4056fd51a27d25ce2c332047f1dfd6e00?s=96&d=identicon&r=g","contentUrl":"https:\/\/secure.gravatar.com\/avatar\/1c5e76ef76bbbfdd2b4da984e2bf2fa4056fd51a27d25ce2c332047f1dfd6e00?s=96&d=identicon&r=g","caption":"Kohen"},"sameAs":["https:\/\/www.linkedin.com\/in\/hassan-kohen-448548192\/","https:\/\/www.youtube.com\/@Kohen-Avocats"],"url":"https:\/\/kohenavocats.com\/zh-hans\/author\/kohenmlk\/"}]}},"jetpack_featured_media_url":"https:\/\/kohenavocats.com\/wp-content\/uploads\/2024\/08\/jan-zinnbauer-NeLDhX6pbxE-unsplash.webp","jetpack_likes_enabled":false,"jetpack_shortlink":"https:\/\/wp.me\/peCrII-2RCh","jetpack-related-posts":[{"id":482634,"url":"https:\/\/kohenavocats.com\/zh-hans\/tribunal-judiciaire-de-grenoble-le-5-fevrier-2024-n25-01120\/","url_meta":{"origin":682761,"position":0},"title":"Tribunal judiciaire de Grenoble, le 5 f\u00e9vrier 2024, n\u00b025\/01120","author":"Kohen","date":"2026\u5e744\u67088\u65e5","format":false,"excerpt":"Le tribunal judiciaire de Grenoble, statuant le 5 \u2026","rel":"","context":"\u5728\u201cJurisprudence\u201d\u4e2d","block_context":{"text":"Jurisprudence","link":"https:\/\/kohenavocats.com\/category\/jurisprudence\/"},"img":{"alt_text":"","src":"https:\/\/i0.wp.com\/kohenavocats.com\/wp-content\/uploads\/2024\/08\/brandy-willetts-8gXjWj-9OD0-unsplash.webp?resize=350%2C200&ssl=1","width":350,"height":200,"srcset":"https:\/\/i0.wp.com\/kohenavocats.com\/wp-content\/uploads\/2024\/08\/brandy-willetts-8gXjWj-9OD0-unsplash.webp?resize=350%2C200&ssl=1 1x, https:\/\/i0.wp.com\/kohenavocats.com\/wp-content\/uploads\/2024\/08\/brandy-willetts-8gXjWj-9OD0-unsplash.webp?resize=525%2C300&ssl=1 1.5x, https:\/\/i0.wp.com\/kohenavocats.com\/wp-content\/uploads\/2024\/08\/brandy-willetts-8gXjWj-9OD0-unsplash.webp?resize=700%2C400&ssl=1 2x, https:\/\/i0.wp.com\/kohenavocats.com\/wp-content\/uploads\/2024\/08\/brandy-willetts-8gXjWj-9OD0-unsplash.webp?resize=1050%2C600&ssl=1 3x, https:\/\/i0.wp.com\/kohenavocats.com\/wp-content\/uploads\/2024\/08\/brandy-willetts-8gXjWj-9OD0-unsplash.webp?resize=1400%2C800&ssl=1 4x"},"classes":[]},{"id":48563,"url":"https:\/\/kohenavocats.com\/zh-hans\/cour-dappel-de-colmar-le-16-juillet-2025-n22-02923\/","url_meta":{"origin":682761,"position":1},"title":"Cour d&#8217;appel de Colmar, le 16 juillet 2025, n\u00b022\/02923","author":"Kohen","date":"2025\u5e7411\u67087\u65e5","format":false,"excerpt":"Par un arr\u00eat du 16 juillet 2025, la Cour d\u2019appel d\u2026","rel":"","context":"\u5728\u201cCour d'appel\u201d\u4e2d","block_context":{"text":"Cour d'appel","link":"https:\/\/kohenavocats.com\/category\/cour-dappel\/"},"img":{"alt_text":"","src":"https:\/\/i0.wp.com\/kohenavocats.com\/wp-content\/uploads\/2024\/08\/stefanos-kogkas-9zo1-38VfCE-unsplash.webp?resize=350%2C200&ssl=1","width":350,"height":200,"srcset":"https:\/\/i0.wp.com\/kohenavocats.com\/wp-content\/uploads\/2024\/08\/stefanos-kogkas-9zo1-38VfCE-unsplash.webp?resize=350%2C200&ssl=1 1x, https:\/\/i0.wp.com\/kohenavocats.com\/wp-content\/uploads\/2024\/08\/stefanos-kogkas-9zo1-38VfCE-unsplash.webp?resize=525%2C300&ssl=1 1.5x, https:\/\/i0.wp.com\/kohenavocats.com\/wp-content\/uploads\/2024\/08\/stefanos-kogkas-9zo1-38VfCE-unsplash.webp?resize=700%2C400&ssl=1 2x, https:\/\/i0.wp.com\/kohenavocats.com\/wp-content\/uploads\/2024\/08\/stefanos-kogkas-9zo1-38VfCE-unsplash.webp?resize=1050%2C600&ssl=1 3x, https:\/\/i0.wp.com\/kohenavocats.com\/wp-content\/uploads\/2024\/08\/stefanos-kogkas-9zo1-38VfCE-unsplash.webp?resize=1400%2C800&ssl=1 4x"},"classes":[]},{"id":481986,"url":"https:\/\/kohenavocats.com\/zh-hans\/tribunal-judiciaire-de-aix-en-provence-le-5-fevrier-2025-n09-02994\/","url_meta":{"origin":682761,"position":2},"title":"Tribunal judiciaire de Aix-en-Provence, le 5 f\u00e9vrier 2025, n\u00b009\/02994","author":"Kohen","date":"2026\u5e744\u67088\u65e5","format":false,"excerpt":"Le tribunal judiciaire d\u2019Aix-en-Provence, statuant\u2026","rel":"","context":"\u5728\u201cJurisprudence\u201d\u4e2d","block_context":{"text":"Jurisprudence","link":"https:\/\/kohenavocats.com\/category\/jurisprudence\/"},"img":{"alt_text":"","src":"https:\/\/i0.wp.com\/kohenavocats.com\/wp-content\/uploads\/2024\/07\/henry-be-Pg63JThyCg-unsplash.webp?resize=350%2C200&ssl=1","width":350,"height":200,"srcset":"https:\/\/i0.wp.com\/kohenavocats.com\/wp-content\/uploads\/2024\/07\/henry-be-Pg63JThyCg-unsplash.webp?resize=350%2C200&ssl=1 1x, https:\/\/i0.wp.com\/kohenavocats.com\/wp-content\/uploads\/2024\/07\/henry-be-Pg63JThyCg-unsplash.webp?resize=525%2C300&ssl=1 1.5x, https:\/\/i0.wp.com\/kohenavocats.com\/wp-content\/uploads\/2024\/07\/henry-be-Pg63JThyCg-unsplash.webp?resize=700%2C400&ssl=1 2x, https:\/\/i0.wp.com\/kohenavocats.com\/wp-content\/uploads\/2024\/07\/henry-be-Pg63JThyCg-unsplash.webp?resize=1050%2C600&ssl=1 3x, https:\/\/i0.wp.com\/kohenavocats.com\/wp-content\/uploads\/2024\/07\/henry-be-Pg63JThyCg-unsplash.webp?resize=1400%2C800&ssl=1 4x"},"classes":[]},{"id":233444,"url":"https:\/\/kohenavocats.com\/zh-hans\/cour-dappel-de-bordeaux-le-26-juin-2025-n24-00312\/","url_meta":{"origin":682761,"position":3},"title":"Cour d&#8217;appel de Bordeaux, le 26 juin 2025, n\u00b024\/00312","author":"Kohen","date":"2025\u5e7412\u670828\u65e5","format":false,"excerpt":"La responsabilit\u00e9 d\u00e9cennale des constructeurs cons\u2026","rel":"","context":"\u5728\u201cCour d'appel\u201d\u4e2d","block_context":{"text":"Cour d'appel","link":"https:\/\/kohenavocats.com\/category\/cour-dappel\/"},"img":{"alt_text":"","src":"https:\/\/i0.wp.com\/kohenavocats.com\/wp-content\/uploads\/2024\/08\/valdemaras-d-CJAVJ5SF6gA-unsplash.webp?resize=350%2C200&ssl=1","width":350,"height":200,"srcset":"https:\/\/i0.wp.com\/kohenavocats.com\/wp-content\/uploads\/2024\/08\/valdemaras-d-CJAVJ5SF6gA-unsplash.webp?resize=350%2C200&ssl=1 1x, https:\/\/i0.wp.com\/kohenavocats.com\/wp-content\/uploads\/2024\/08\/valdemaras-d-CJAVJ5SF6gA-unsplash.webp?resize=525%2C300&ssl=1 1.5x, https:\/\/i0.wp.com\/kohenavocats.com\/wp-content\/uploads\/2024\/08\/valdemaras-d-CJAVJ5SF6gA-unsplash.webp?resize=700%2C400&ssl=1 2x, https:\/\/i0.wp.com\/kohenavocats.com\/wp-content\/uploads\/2024\/08\/valdemaras-d-CJAVJ5SF6gA-unsplash.webp?resize=1050%2C600&ssl=1 3x, https:\/\/i0.wp.com\/kohenavocats.com\/wp-content\/uploads\/2024\/08\/valdemaras-d-CJAVJ5SF6gA-unsplash.webp?resize=1400%2C800&ssl=1 4x"},"classes":[]},{"id":70160,"url":"https:\/\/kohenavocats.com\/zh-hans\/cour-dappel-de-aix-en-provence-le-3-juillet-2025-n21-09703\/","url_meta":{"origin":682761,"position":4},"title":"Cour d&#8217;appel de Aix-en-Provence, le 3 juillet 2025, n\u00b021\/09703","author":"Kohen","date":"2025\u5e7411\u67089\u65e5","format":false,"excerpt":"La Cour d\u2019appel d\u2019Aix-en-Provence, 3 juillet 2025,\u2026","rel":"","context":"\u5728\u201cAdoption\u201d\u4e2d","block_context":{"text":"Adoption","link":"https:\/\/kohenavocats.com\/category\/adoption\/"},"img":{"alt_text":"","src":"https:\/\/i0.wp.com\/kohenavocats.com\/wp-content\/uploads\/2024\/11\/laura-adai-QMJsqsUvCmA-unsplash.webp?resize=350%2C200&ssl=1","width":350,"height":200,"srcset":"https:\/\/i0.wp.com\/kohenavocats.com\/wp-content\/uploads\/2024\/11\/laura-adai-QMJsqsUvCmA-unsplash.webp?resize=350%2C200&ssl=1 1x, https:\/\/i0.wp.com\/kohenavocats.com\/wp-content\/uploads\/2024\/11\/laura-adai-QMJsqsUvCmA-unsplash.webp?resize=525%2C300&ssl=1 1.5x, https:\/\/i0.wp.com\/kohenavocats.com\/wp-content\/uploads\/2024\/11\/laura-adai-QMJsqsUvCmA-unsplash.webp?resize=700%2C400&ssl=1 2x, https:\/\/i0.wp.com\/kohenavocats.com\/wp-content\/uploads\/2024\/11\/laura-adai-QMJsqsUvCmA-unsplash.webp?resize=1050%2C600&ssl=1 3x, https:\/\/i0.wp.com\/kohenavocats.com\/wp-content\/uploads\/2024\/11\/laura-adai-QMJsqsUvCmA-unsplash.webp?resize=1400%2C800&ssl=1 4x"},"classes":[]},{"id":485182,"url":"https:\/\/kohenavocats.com\/zh-hans\/tribunal-judiciaire-le-27-novembre-2025-n24-02523\/","url_meta":{"origin":682761,"position":5},"title":"Tribunal judiciaire, le 27 novembre 2025, n\u00b024\/02523","author":"Kohen","date":"2026\u5e744\u67088\u65e5","format":false,"excerpt":"Le tribunal judiciaire, statuant en premier ressor\u2026","rel":"","context":"\u5728\u201cJurisprudence\u201d\u4e2d","block_context":{"text":"Jurisprudence","link":"https:\/\/kohenavocats.com\/category\/jurisprudence\/"},"img":{"alt_text":"","src":"https:\/\/i0.wp.com\/kohenavocats.com\/wp-content\/uploads\/2024\/11\/alex-vasey-F5HtPjpBb9k-unsplash.webp?resize=350%2C200&ssl=1","width":350,"height":200,"srcset":"https:\/\/i0.wp.com\/kohenavocats.com\/wp-content\/uploads\/2024\/11\/alex-vasey-F5HtPjpBb9k-unsplash.webp?resize=350%2C200&ssl=1 1x, https:\/\/i0.wp.com\/kohenavocats.com\/wp-content\/uploads\/2024\/11\/alex-vasey-F5HtPjpBb9k-unsplash.webp?resize=525%2C300&ssl=1 1.5x, https:\/\/i0.wp.com\/kohenavocats.com\/wp-content\/uploads\/2024\/11\/alex-vasey-F5HtPjpBb9k-unsplash.webp?resize=700%2C400&ssl=1 2x, https:\/\/i0.wp.com\/kohenavocats.com\/wp-content\/uploads\/2024\/11\/alex-vasey-F5HtPjpBb9k-unsplash.webp?resize=1050%2C600&ssl=1 3x, https:\/\/i0.wp.com\/kohenavocats.com\/wp-content\/uploads\/2024\/11\/alex-vasey-F5HtPjpBb9k-unsplash.webp?resize=1400%2C800&ssl=1 4x"},"classes":[]}],"jetpack_sharing_enabled":true,"_links":{"self":[{"href":"https:\/\/kohenavocats.com\/zh-hans\/wp-json\/wp\/v2\/posts\/682761","targetHints":{"allow":["GET"]}}],"collection":[{"href":"https:\/\/kohenavocats.com\/zh-hans\/wp-json\/wp\/v2\/posts"}],"about":[{"href":"https:\/\/kohenavocats.com\/zh-hans\/wp-json\/wp\/v2\/types\/post"}],"author":[{"embeddable":true,"href":"https:\/\/kohenavocats.com\/zh-hans\/wp-json\/wp\/v2\/users\/232070755"}],"replies":[{"embeddable":true,"href":"https:\/\/kohenavocats.com\/zh-hans\/wp-json\/wp\/v2\/comments?post=682761"}],"version-history":[{"count":0,"href":"https:\/\/kohenavocats.com\/zh-hans\/wp-json\/wp\/v2\/posts\/682761\/revisions"}],"wp:featuredmedia":[{"embeddable":true,"href":"https:\/\/kohenavocats.com\/zh-hans\/wp-json\/wp\/v2\/media\/4752"}],"wp:attachment":[{"href":"https:\/\/kohenavocats.com\/zh-hans\/wp-json\/wp\/v2\/media?parent=682761"}],"wp:term":[{"taxonomy":"category","embeddable":true,"href":"https:\/\/kohenavocats.com\/zh-hans\/wp-json\/wp\/v2\/categories?post=682761"},{"taxonomy":"post_tag","embeddable":true,"href":"https:\/\/kohenavocats.com\/zh-hans\/wp-json\/wp\/v2\/tags?post=682761"}],"curies":[{"name":"wp","href":"https:\/\/api.w.org\/{rel}","templated":true}]}}