{"id":682822,"date":"2026-04-25T17:59:34","date_gmt":"2026-04-25T15:59:34","guid":{"rendered":"https:\/\/kohenavocats.com\/cour-dappel-de-lyon-le-21-janvier-2025-n24-09183\/"},"modified":"2026-04-25T17:59:34","modified_gmt":"2026-04-25T15:59:34","slug":"cour-dappel-de-lyon-le-21-janvier-2025-n24-09183","status":"publish","type":"post","link":"https:\/\/kohenavocats.com\/zh-hans\/cour-dappel-de-lyon-le-21-janvier-2025-n24-09183\/","title":{"rendered":"Cour d&#8217;appel de Lyon, le 21 janvier 2025, n\u00b024\/09183"},"content":{"rendered":"<div class=\"article-content\">\n<p>La Cour d&#8217;appel de Lyon, statuant le 21 janvier 2025, examine un pourvoi contre un jugement de conversion en liquidation judiciaire. La soci\u00e9t\u00e9 d\u00e9battrice invoque une irr\u00e9gularit\u00e9 de saisine et conteste le bien-fond\u00e9 de la conversion. La cour rejette la demande d&#8217;annulation et confirme l&#8217;ouverture de la liquidation judiciaire.<\/p>\n<p>La r\u00e9gularit\u00e9 de la saisine du tribunal de premi\u00e8re instance<\/p>\n<p>La qualification de l&#8217;acte introductif d&#8217;instance<\/p>\n<p>La requ\u00e9rante soutenait une violation des formalit\u00e9s applicables au pouvoir d&#8217;office. Elle invoquait l&#8217;absence de convocation r\u00e9guli\u00e8re pr\u00e9alable \u00e0 la d\u00e9cision de conversion. La cour \u00e9carte cette argumentation en proc\u00e9dant \u00e0 une qualification juridique de l&#8217;acte. Elle rel\u00e8ve que le tribunal a statu\u00e9 sur une assignation d\u00e9livr\u00e9e par un cr\u00e9ancier public. Le tribunal de commerce n&#8217;a donc pas exerc\u00e9 son pouvoir d&#8217;office, comme le soutient la soci\u00e9t\u00e9. Il n&#8217;avait donc pas \u00e0 faire application des dispositions de l&#8217;article R. 631-3 pr\u00e9cit\u00e9. Cette analyse restreint le champ d&#8217;application des garanties proc\u00e9durales renforc\u00e9es. Elle \u00e9tablit une distinction nette entre saisine sur requ\u00eate d&#8217;un mandataire et saisine d&#8217;office.<\/p>\n<p>Le respect effectif du principe de la contradiction<\/p>\n<p>La cour v\u00e9rifie ensuite le respect des droits de la d\u00e9fense en l&#8217;esp\u00e8ce. Elle constate la pr\u00e9sence effective du d\u00e9biteur \u00e0 l&#8217;audience devant les premiers juges. Le principe de la contradiction a donc \u00e9t\u00e9 respect\u00e9 par les premiers juges. Cette appr\u00e9ciation in concreto compl\u00e8te le raisonnement formel sur la saisine. Elle confirme que l&#8217;irr\u00e9gularit\u00e9 all\u00e9gu\u00e9e, m\u00eame \u00e9tablie, n&#8217;aurait pas caus\u00e9 de grief. La solution s&#8217;inscrit dans une jurisprudence constante sur le formalisme proc\u00e9dural. Elle rappelle que certaines nullit\u00e9s requi\u00e8rent la d\u00e9monstration d&#8217;un pr\u00e9judice.<\/p>\n<p>Le bien-fond\u00e9 de la conversion en liquidation judiciaire<\/p>\n<p>La persistance de l&#8217;\u00e9tat de cessation des paiements<\/p>\n<p>La cour rappelle le principe d&#8217;appr\u00e9ciation de la cessation des paiements. Il est constant que la cessation des paiements s&#8217;appr\u00e9cie au jour o\u00f9 la juridiction statue, m\u00eame en cause d&#8217;appel. Elle constate l&#8217;existence d&#8217;une cr\u00e9ance fiscale importante et persistante. Les tentatives de recouvrement par le cr\u00e9ancier public sont demeur\u00e9es infructueuses. Les tentatives infructueuses du PSR du Rh\u00f4ne pour obtenir le paiement de sa cr\u00e9ance \u00e9tablissent que la soci\u00e9t\u00e9 n&#8217;est pas en mesure de faire face \u00e0 son passif exigible. La cour valide ainsi l&#8217;appr\u00e9ciation souveraine des premiers juges sur ce point de fait.<\/p>\n<p>L&#8217;absence de perspectives cr\u00e9dibles de redressement<\/p>\n<p>La soci\u00e9t\u00e9 produisait des \u00e9l\u00e9ments pour d\u00e9montrer une am\u00e9lioration future. La cour en op\u00e8re un examen critique et en souligne le caract\u00e8re insuffisant. Elle note l&#8217;absence de justification des all\u00e9gations de paiement partiel. Elle rel\u00e8ve aussi le caract\u00e8re hypoth\u00e9tique et non \u00e9tay\u00e9 des pr\u00e9visions produites. Aucun \u00e9l\u00e9ment ne permet donc d&#8217;\u00e9tablir que la cr\u00e9ance du PSR du Rh\u00f4ne &#8216;serait rapidement pay\u00e9e&#8217;. Les perspectives favorables d&#8217;am\u00e9lioration ne sont pas d\u00e9montr\u00e9es au jour o\u00f9 la cour statue. Cette s\u00e9v\u00e9rit\u00e9 dans l&#8217;appr\u00e9ciation des \u00e9l\u00e9ments produits est instructive. Elle rappelle que la charge de la preuve incombe \u00e0 la soci\u00e9t\u00e9 qui conteste la conversion.<\/p>\n<\/div>\n","protected":false},"excerpt":{"rendered":"<p>La Cour d&#8217;appel de Lyon, statuant le 21 janvier 2025, examine un pourvoi contre un jugement de conversion en liquidation judiciaire. La soci\u00e9t\u00e9 d\u00e9battrice in&#8230;<\/p>\n","protected":false},"author":232070755,"featured_media":9712,"comment_status":"open","ping_status":"open","sticky":false,"template":"","format":"standard","meta":{"_crdt_document":"","_jetpack_newsletter_access":"","_jetpack_dont_email_post_to_subs":false,"_jetpack_newsletter_tier_id":0,"_jetpack_memberships_contains_paywalled_content":false,"_kj_source_type":"judilibre","_kj_official_id":"68cce858ba63873187f76900","_kj_official_url":"https:\/\/www.courdecassation.fr\/decision\/68cce858ba63873187f76900","_kj_judilibre_id":"68cce858ba63873187f76900","_kj_jur":"Cour d'appel","_kj_lieu":"Cour d'appel de Lyon","_kj_chambre":"3\u00e8me chambre A","_kj_rg":"24\/09183","_kj_date":"2025-09-18","_jetpack_memberships_contains_paid_content":false,"footnotes":"","jetpack_post_was_ever_published":false},"categories":[7597],"tags":[],"class_list":["post-682822","post","type-post","status-publish","format-standard","has-post-thumbnail","hentry","category-jurisprudence"],"yoast_head":"<!-- This site is optimized with the Yoast SEO Premium plugin v27.5 (Yoast SEO v27.5) - https:\/\/yoast.com\/product\/yoast-seo-premium-wordpress\/ -->\n<title>Cour d&#039;appel de Lyon, le 21 janvier 2025, n\u00b024\/09183 - Ma\u00eetre Hassan Kohen, avocat en droit p\u00e9nal \u00e0 Paris<\/title>\n<meta name=\"description\" content=\"La Cour d&#039;appel de Lyon, statuant le 21 janvier 2025, examine un pourvoi contre un jugement de conversion en liquidation judiciaire. La soci\u00e9t\u00e9 d\u00e9battrice in...\" \/>\n<meta name=\"robots\" content=\"index, follow, max-snippet:-1, max-image-preview:large, max-video-preview:-1\" \/>\n<link rel=\"canonical\" href=\"https:\/\/kohenavocats.com\/zh-hans\/cour-dappel-de-lyon-le-21-janvier-2025-n24-09183\/\" \/>\n<meta property=\"og:locale\" content=\"zh_CN\" \/>\n<meta property=\"og:type\" content=\"article\" \/>\n<meta property=\"og:title\" content=\"Cour d&#039;appel de Lyon, le 21 janvier 2025, n\u00b024\/09183\" \/>\n<meta property=\"og:description\" content=\"La Cour d&#039;appel de Lyon, statuant le 21 janvier 2025, examine un pourvoi contre un jugement de conversion en liquidation judiciaire. La soci\u00e9t\u00e9 d\u00e9battrice in...\" \/>\n<meta property=\"og:url\" content=\"https:\/\/kohenavocats.com\/zh-hans\/cour-dappel-de-lyon-le-21-janvier-2025-n24-09183\/\" \/>\n<meta property=\"og:site_name\" content=\"Ma\u00eetre Hassan Kohen, avocat en droit p\u00e9nal \u00e0 Paris\" \/>\n<meta property=\"article:published_time\" content=\"2026-04-25T15:59:34+00:00\" \/>\n<meta property=\"og:image\" content=\"https:\/\/kohenavocats.com\/wp-content\/uploads\/2024\/11\/sarah-penney-kSEP9ouxNp4-unsplash.webp\" \/>\n\t<meta property=\"og:image:width\" content=\"6000\" \/>\n\t<meta property=\"og:image:height\" content=\"4000\" \/>\n\t<meta property=\"og:image:type\" content=\"image\/webp\" \/>\n<meta name=\"author\" content=\"Kohen\" \/>\n<meta name=\"twitter:card\" content=\"summary_large_image\" \/>\n<meta name=\"twitter:label1\" content=\"\u4f5c\u8005\" \/>\n\t<meta name=\"twitter:data1\" content=\"Kohen\" \/>\n\t<meta name=\"twitter:label2\" content=\"\u9884\u8ba1\u9605\u8bfb\u65f6\u95f4\" \/>\n\t<meta name=\"twitter:data2\" content=\"3 \u5206\" \/>\n<script type=\"application\/ld+json\" class=\"yoast-schema-graph\">{\"@context\":\"https:\\\/\\\/schema.org\",\"@graph\":[{\"@type\":\"Article\",\"@id\":\"https:\\\/\\\/kohenavocats.com\\\/zh-hans\\\/cour-dappel-de-lyon-le-21-janvier-2025-n24-09183\\\/#article\",\"isPartOf\":{\"@id\":\"https:\\\/\\\/kohenavocats.com\\\/zh-hans\\\/cour-dappel-de-lyon-le-21-janvier-2025-n24-09183\\\/\"},\"author\":{\"name\":\"Kohen\",\"@id\":\"https:\\\/\\\/kohenavocats.com\\\/zh-hans\\\/#\\\/schema\\\/person\\\/761c9ba54fa1ca84d405cef0831ff751\"},\"headline\":\"Cour d&#8217;appel de Lyon, le 21 janvier 2025, n\u00b024\\\/09183\",\"datePublished\":\"2026-04-25T15:59:34+00:00\",\"mainEntityOfPage\":{\"@id\":\"https:\\\/\\\/kohenavocats.com\\\/zh-hans\\\/cour-dappel-de-lyon-le-21-janvier-2025-n24-09183\\\/\"},\"wordCount\":581,\"commentCount\":0,\"publisher\":{\"@id\":\"https:\\\/\\\/kohenavocats.com\\\/zh-hans\\\/#organization\"},\"image\":{\"@id\":\"https:\\\/\\\/kohenavocats.com\\\/zh-hans\\\/cour-dappel-de-lyon-le-21-janvier-2025-n24-09183\\\/#primaryimage\"},\"thumbnailUrl\":\"https:\\\/\\\/kohenavocats.com\\\/wp-content\\\/uploads\\\/2024\\\/11\\\/sarah-penney-kSEP9ouxNp4-unsplash.webp\",\"articleSection\":[\"Jurisprudence\"],\"inLanguage\":\"zh-Hans\",\"potentialAction\":[{\"@type\":\"CommentAction\",\"name\":\"Comment\",\"target\":[\"https:\\\/\\\/kohenavocats.com\\\/zh-hans\\\/cour-dappel-de-lyon-le-21-janvier-2025-n24-09183\\\/#respond\"]}],\"citation\":\"Cour d&#8217;appel de Lyon, le 21 janvier 2025, n\u00b024\\\/09183\",\"about\":[{\"@type\":\"Thing\",\"name\":\"Jurisprudence\"}],\"dateModified\":\"2026-04-25T15:59:34+00:00\",\"speakable\":{\"@type\":\"SpeakableSpecification\",\"cssSelector\":[\".article-content > p:first-of-type\"]}},{\"@type\":\"WebPage\",\"@id\":\"https:\\\/\\\/kohenavocats.com\\\/zh-hans\\\/cour-dappel-de-lyon-le-21-janvier-2025-n24-09183\\\/\",\"url\":\"https:\\\/\\\/kohenavocats.com\\\/zh-hans\\\/cour-dappel-de-lyon-le-21-janvier-2025-n24-09183\\\/\",\"name\":\"Cour d'appel de Lyon, le 21 janvier 2025, n\u00b024\\\/09183 - Ma\u00eetre Hassan Kohen, avocat en droit p\u00e9nal \u00e0 Paris\",\"isPartOf\":{\"@id\":\"https:\\\/\\\/kohenavocats.com\\\/zh-hans\\\/#website\"},\"primaryImageOfPage\":{\"@id\":\"https:\\\/\\\/kohenavocats.com\\\/zh-hans\\\/cour-dappel-de-lyon-le-21-janvier-2025-n24-09183\\\/#primaryimage\"},\"image\":{\"@id\":\"https:\\\/\\\/kohenavocats.com\\\/zh-hans\\\/cour-dappel-de-lyon-le-21-janvier-2025-n24-09183\\\/#primaryimage\"},\"thumbnailUrl\":\"https:\\\/\\\/kohenavocats.com\\\/wp-content\\\/uploads\\\/2024\\\/11\\\/sarah-penney-kSEP9ouxNp4-unsplash.webp\",\"datePublished\":\"2026-04-25T15:59:34+00:00\",\"description\":\"La Cour d'appel de Lyon, statuant le 21 janvier 2025, examine un pourvoi contre un jugement de conversion en liquidation judiciaire. La soci\u00e9t\u00e9 d\u00e9battrice in...\",\"breadcrumb\":{\"@id\":\"https:\\\/\\\/kohenavocats.com\\\/zh-hans\\\/cour-dappel-de-lyon-le-21-janvier-2025-n24-09183\\\/#breadcrumb\"},\"inLanguage\":\"zh-Hans\",\"potentialAction\":[{\"@type\":\"ReadAction\",\"target\":[\"https:\\\/\\\/kohenavocats.com\\\/zh-hans\\\/cour-dappel-de-lyon-le-21-janvier-2025-n24-09183\\\/\"]}]},{\"@type\":\"ImageObject\",\"inLanguage\":\"zh-Hans\",\"@id\":\"https:\\\/\\\/kohenavocats.com\\\/zh-hans\\\/cour-dappel-de-lyon-le-21-janvier-2025-n24-09183\\\/#primaryimage\",\"url\":\"https:\\\/\\\/kohenavocats.com\\\/wp-content\\\/uploads\\\/2024\\\/11\\\/sarah-penney-kSEP9ouxNp4-unsplash.webp\",\"contentUrl\":\"https:\\\/\\\/kohenavocats.com\\\/wp-content\\\/uploads\\\/2024\\\/11\\\/sarah-penney-kSEP9ouxNp4-unsplash.webp\",\"width\":6000,\"height\":4000},{\"@type\":\"BreadcrumbList\",\"@id\":\"https:\\\/\\\/kohenavocats.com\\\/zh-hans\\\/cour-dappel-de-lyon-le-21-janvier-2025-n24-09183\\\/#breadcrumb\",\"itemListElement\":[{\"@type\":\"ListItem\",\"position\":1,\"name\":\"Home\",\"item\":\"https:\\\/\\\/kohenavocats.com\\\/zh-hans\\\/\"},{\"@type\":\"ListItem\",\"position\":2,\"name\":\"Cour d&rsquo;appel de Lyon, le 21 janvier 2025, n\u00b024\\\/09183\"}]},{\"@type\":\"WebSite\",\"@id\":\"https:\\\/\\\/kohenavocats.com\\\/zh-hans\\\/#website\",\"url\":\"https:\\\/\\\/kohenavocats.com\\\/zh-hans\\\/\",\"name\":\"Kohen Avocats\",\"description\":\"Ma\u00eetre Hassan Kohen, avocat p\u00e9naliste \u00e0 Paris, intervient exclusivement en droit p\u00e9nal pour la d\u00e9fense des particuliers, notamment en mati\u00e8re d\u2019accusations de viol. Il assure un accompagnement rigoureux d\u00e8s la garde \u00e0 vue jusqu\u2019\u00e0 la Cour d\u2019assises, veillant au strict respect des garanties proc\u00e9durales.\",\"publisher\":{\"@id\":\"https:\\\/\\\/kohenavocats.com\\\/zh-hans\\\/#organization\"},\"potentialAction\":[{\"@type\":\"SearchAction\",\"target\":{\"@type\":\"EntryPoint\",\"urlTemplate\":\"https:\\\/\\\/kohenavocats.com\\\/zh-hans\\\/?s={search_term_string}\"},\"query-input\":{\"@type\":\"PropertyValueSpecification\",\"valueRequired\":true,\"valueName\":\"search_term_string\"}}],\"inLanguage\":\"zh-Hans\"},{\"@type\":\"Organization\",\"@id\":\"https:\\\/\\\/kohenavocats.com\\\/zh-hans\\\/#organization\",\"name\":\"Kohen Avocats\",\"url\":\"https:\\\/\\\/kohenavocats.com\\\/zh-hans\\\/\",\"logo\":{\"@type\":\"ImageObject\",\"inLanguage\":\"zh-Hans\",\"@id\":\"https:\\\/\\\/kohenavocats.com\\\/zh-hans\\\/#\\\/schema\\\/logo\\\/image\\\/\",\"url\":\"https:\\\/\\\/kohenavocats.com\\\/wp-content\\\/uploads\\\/2026\\\/01\\\/Logo-2-1.webp\",\"contentUrl\":\"https:\\\/\\\/kohenavocats.com\\\/wp-content\\\/uploads\\\/2026\\\/01\\\/Logo-2-1.webp\",\"width\":2114,\"height\":1253,\"caption\":\"Kohen Avocats\"},\"image\":{\"@id\":\"https:\\\/\\\/kohenavocats.com\\\/zh-hans\\\/#\\\/schema\\\/logo\\\/image\\\/\"}},{\"@type\":\"Person\",\"@id\":\"https:\\\/\\\/kohenavocats.com\\\/zh-hans\\\/#\\\/schema\\\/person\\\/761c9ba54fa1ca84d405cef0831ff751\",\"name\":\"Kohen\",\"image\":{\"@type\":\"ImageObject\",\"inLanguage\":\"zh-Hans\",\"@id\":\"https:\\\/\\\/secure.gravatar.com\\\/avatar\\\/1c5e76ef76bbbfdd2b4da984e2bf2fa4056fd51a27d25ce2c332047f1dfd6e00?s=96&d=identicon&r=g\",\"url\":\"https:\\\/\\\/secure.gravatar.com\\\/avatar\\\/1c5e76ef76bbbfdd2b4da984e2bf2fa4056fd51a27d25ce2c332047f1dfd6e00?s=96&d=identicon&r=g\",\"contentUrl\":\"https:\\\/\\\/secure.gravatar.com\\\/avatar\\\/1c5e76ef76bbbfdd2b4da984e2bf2fa4056fd51a27d25ce2c332047f1dfd6e00?s=96&d=identicon&r=g\",\"caption\":\"Kohen\"},\"sameAs\":[\"https:\\\/\\\/www.linkedin.com\\\/in\\\/hassan-kohen-448548192\\\/\",\"https:\\\/\\\/www.youtube.com\\\/@Kohen-Avocats\"],\"url\":\"https:\\\/\\\/kohenavocats.com\\\/zh-hans\\\/author\\\/kohenmlk\\\/\"}]}<\/script>\n<!-- \/ Yoast SEO Premium plugin. -->","yoast_head_json":{"title":"Cour d'appel de Lyon, le 21 janvier 2025, n\u00b024\/09183 - Ma\u00eetre Hassan Kohen, avocat en droit p\u00e9nal \u00e0 Paris","description":"La Cour d'appel de Lyon, statuant le 21 janvier 2025, examine un pourvoi contre un jugement de conversion en liquidation judiciaire. La soci\u00e9t\u00e9 d\u00e9battrice in...","robots":{"index":"index","follow":"follow","max-snippet":"max-snippet:-1","max-image-preview":"max-image-preview:large","max-video-preview":"max-video-preview:-1"},"canonical":"https:\/\/kohenavocats.com\/zh-hans\/cour-dappel-de-lyon-le-21-janvier-2025-n24-09183\/","og_locale":"zh_CN","og_type":"article","og_title":"Cour d'appel de Lyon, le 21 janvier 2025, n\u00b024\/09183","og_description":"La Cour d'appel de Lyon, statuant le 21 janvier 2025, examine un pourvoi contre un jugement de conversion en liquidation judiciaire. La soci\u00e9t\u00e9 d\u00e9battrice in...","og_url":"https:\/\/kohenavocats.com\/zh-hans\/cour-dappel-de-lyon-le-21-janvier-2025-n24-09183\/","og_site_name":"Ma\u00eetre Hassan Kohen, avocat en droit p\u00e9nal \u00e0 Paris","article_published_time":"2026-04-25T15:59:34+00:00","og_image":[{"width":6000,"height":4000,"url":"https:\/\/kohenavocats.com\/wp-content\/uploads\/2024\/11\/sarah-penney-kSEP9ouxNp4-unsplash.webp","type":"image\/webp"}],"author":"Kohen","twitter_card":"summary_large_image","twitter_misc":{"\u4f5c\u8005":"Kohen","\u9884\u8ba1\u9605\u8bfb\u65f6\u95f4":"3 \u5206"},"schema":{"@context":"https:\/\/schema.org","@graph":[{"@type":"Article","@id":"https:\/\/kohenavocats.com\/zh-hans\/cour-dappel-de-lyon-le-21-janvier-2025-n24-09183\/#article","isPartOf":{"@id":"https:\/\/kohenavocats.com\/zh-hans\/cour-dappel-de-lyon-le-21-janvier-2025-n24-09183\/"},"author":{"name":"Kohen","@id":"https:\/\/kohenavocats.com\/zh-hans\/#\/schema\/person\/761c9ba54fa1ca84d405cef0831ff751"},"headline":"Cour d&#8217;appel de Lyon, le 21 janvier 2025, n\u00b024\/09183","datePublished":"2026-04-25T15:59:34+00:00","mainEntityOfPage":{"@id":"https:\/\/kohenavocats.com\/zh-hans\/cour-dappel-de-lyon-le-21-janvier-2025-n24-09183\/"},"wordCount":581,"commentCount":0,"publisher":{"@id":"https:\/\/kohenavocats.com\/zh-hans\/#organization"},"image":{"@id":"https:\/\/kohenavocats.com\/zh-hans\/cour-dappel-de-lyon-le-21-janvier-2025-n24-09183\/#primaryimage"},"thumbnailUrl":"https:\/\/kohenavocats.com\/wp-content\/uploads\/2024\/11\/sarah-penney-kSEP9ouxNp4-unsplash.webp","articleSection":["Jurisprudence"],"inLanguage":"zh-Hans","potentialAction":[{"@type":"CommentAction","name":"Comment","target":["https:\/\/kohenavocats.com\/zh-hans\/cour-dappel-de-lyon-le-21-janvier-2025-n24-09183\/#respond"]}],"citation":"Cour d&#8217;appel de Lyon, le 21 janvier 2025, n\u00b024\/09183","about":[{"@type":"Thing","name":"Jurisprudence"}],"dateModified":"2026-04-25T15:59:34+00:00","speakable":{"@type":"SpeakableSpecification","cssSelector":[".article-content > p:first-of-type"]}},{"@type":"WebPage","@id":"https:\/\/kohenavocats.com\/zh-hans\/cour-dappel-de-lyon-le-21-janvier-2025-n24-09183\/","url":"https:\/\/kohenavocats.com\/zh-hans\/cour-dappel-de-lyon-le-21-janvier-2025-n24-09183\/","name":"Cour d'appel de Lyon, le 21 janvier 2025, n\u00b024\/09183 - Ma\u00eetre Hassan Kohen, avocat en droit p\u00e9nal \u00e0 Paris","isPartOf":{"@id":"https:\/\/kohenavocats.com\/zh-hans\/#website"},"primaryImageOfPage":{"@id":"https:\/\/kohenavocats.com\/zh-hans\/cour-dappel-de-lyon-le-21-janvier-2025-n24-09183\/#primaryimage"},"image":{"@id":"https:\/\/kohenavocats.com\/zh-hans\/cour-dappel-de-lyon-le-21-janvier-2025-n24-09183\/#primaryimage"},"thumbnailUrl":"https:\/\/kohenavocats.com\/wp-content\/uploads\/2024\/11\/sarah-penney-kSEP9ouxNp4-unsplash.webp","datePublished":"2026-04-25T15:59:34+00:00","description":"La Cour d'appel de Lyon, statuant le 21 janvier 2025, examine un pourvoi contre un jugement de conversion en liquidation judiciaire. La soci\u00e9t\u00e9 d\u00e9battrice in...","breadcrumb":{"@id":"https:\/\/kohenavocats.com\/zh-hans\/cour-dappel-de-lyon-le-21-janvier-2025-n24-09183\/#breadcrumb"},"inLanguage":"zh-Hans","potentialAction":[{"@type":"ReadAction","target":["https:\/\/kohenavocats.com\/zh-hans\/cour-dappel-de-lyon-le-21-janvier-2025-n24-09183\/"]}]},{"@type":"ImageObject","inLanguage":"zh-Hans","@id":"https:\/\/kohenavocats.com\/zh-hans\/cour-dappel-de-lyon-le-21-janvier-2025-n24-09183\/#primaryimage","url":"https:\/\/kohenavocats.com\/wp-content\/uploads\/2024\/11\/sarah-penney-kSEP9ouxNp4-unsplash.webp","contentUrl":"https:\/\/kohenavocats.com\/wp-content\/uploads\/2024\/11\/sarah-penney-kSEP9ouxNp4-unsplash.webp","width":6000,"height":4000},{"@type":"BreadcrumbList","@id":"https:\/\/kohenavocats.com\/zh-hans\/cour-dappel-de-lyon-le-21-janvier-2025-n24-09183\/#breadcrumb","itemListElement":[{"@type":"ListItem","position":1,"name":"Home","item":"https:\/\/kohenavocats.com\/zh-hans\/"},{"@type":"ListItem","position":2,"name":"Cour d&rsquo;appel de Lyon, le 21 janvier 2025, n\u00b024\/09183"}]},{"@type":"WebSite","@id":"https:\/\/kohenavocats.com\/zh-hans\/#website","url":"https:\/\/kohenavocats.com\/zh-hans\/","name":"Kohen Avocats","description":"Ma\u00eetre Hassan Kohen, avocat p\u00e9naliste \u00e0 Paris, intervient exclusivement en droit p\u00e9nal pour la d\u00e9fense des particuliers, notamment en mati\u00e8re d\u2019accusations de viol. Il assure un accompagnement rigoureux d\u00e8s la garde \u00e0 vue jusqu\u2019\u00e0 la Cour d\u2019assises, veillant au strict respect des garanties proc\u00e9durales.","publisher":{"@id":"https:\/\/kohenavocats.com\/zh-hans\/#organization"},"potentialAction":[{"@type":"SearchAction","target":{"@type":"EntryPoint","urlTemplate":"https:\/\/kohenavocats.com\/zh-hans\/?s={search_term_string}"},"query-input":{"@type":"PropertyValueSpecification","valueRequired":true,"valueName":"search_term_string"}}],"inLanguage":"zh-Hans"},{"@type":"Organization","@id":"https:\/\/kohenavocats.com\/zh-hans\/#organization","name":"Kohen Avocats","url":"https:\/\/kohenavocats.com\/zh-hans\/","logo":{"@type":"ImageObject","inLanguage":"zh-Hans","@id":"https:\/\/kohenavocats.com\/zh-hans\/#\/schema\/logo\/image\/","url":"https:\/\/kohenavocats.com\/wp-content\/uploads\/2026\/01\/Logo-2-1.webp","contentUrl":"https:\/\/kohenavocats.com\/wp-content\/uploads\/2026\/01\/Logo-2-1.webp","width":2114,"height":1253,"caption":"Kohen Avocats"},"image":{"@id":"https:\/\/kohenavocats.com\/zh-hans\/#\/schema\/logo\/image\/"}},{"@type":"Person","@id":"https:\/\/kohenavocats.com\/zh-hans\/#\/schema\/person\/761c9ba54fa1ca84d405cef0831ff751","name":"Kohen","image":{"@type":"ImageObject","inLanguage":"zh-Hans","@id":"https:\/\/secure.gravatar.com\/avatar\/1c5e76ef76bbbfdd2b4da984e2bf2fa4056fd51a27d25ce2c332047f1dfd6e00?s=96&d=identicon&r=g","url":"https:\/\/secure.gravatar.com\/avatar\/1c5e76ef76bbbfdd2b4da984e2bf2fa4056fd51a27d25ce2c332047f1dfd6e00?s=96&d=identicon&r=g","contentUrl":"https:\/\/secure.gravatar.com\/avatar\/1c5e76ef76bbbfdd2b4da984e2bf2fa4056fd51a27d25ce2c332047f1dfd6e00?s=96&d=identicon&r=g","caption":"Kohen"},"sameAs":["https:\/\/www.linkedin.com\/in\/hassan-kohen-448548192\/","https:\/\/www.youtube.com\/@Kohen-Avocats"],"url":"https:\/\/kohenavocats.com\/zh-hans\/author\/kohenmlk\/"}]}},"jetpack_featured_media_url":"https:\/\/kohenavocats.com\/wp-content\/uploads\/2024\/11\/sarah-penney-kSEP9ouxNp4-unsplash.webp","jetpack_likes_enabled":false,"jetpack_shortlink":"https:\/\/wp.me\/peCrII-2RDg","jetpack-related-posts":[{"id":224185,"url":"https:\/\/kohenavocats.com\/zh-hans\/cour-dappel-de-montpellier-le-9-septembre-2025-n25-00557\/","url_meta":{"origin":682822,"position":0},"title":"Cour d&#8217;appel de Montpellier, le 9 septembre 2025, n\u00b025\/00557","author":"Kohen","date":"2025\u5e7412\u670826\u65e5","format":false,"excerpt":"La d\u00e9cision rendue par la Cour d\u2019appel de Mo\u2026","rel":"","context":"\u5728\u201cCour d'appel\u201d\u4e2d","block_context":{"text":"Cour d'appel","link":"https:\/\/kohenavocats.com\/category\/cour-dappel\/"},"img":{"alt_text":"","src":"https:\/\/i0.wp.com\/kohenavocats.com\/wp-content\/uploads\/2024\/11\/planet-volumes-gJ9Y6Ip-X4o-unsplash.webp?resize=350%2C200&ssl=1","width":350,"height":200,"srcset":"https:\/\/i0.wp.com\/kohenavocats.com\/wp-content\/uploads\/2024\/11\/planet-volumes-gJ9Y6Ip-X4o-unsplash.webp?resize=350%2C200&ssl=1 1x, https:\/\/i0.wp.com\/kohenavocats.com\/wp-content\/uploads\/2024\/11\/planet-volumes-gJ9Y6Ip-X4o-unsplash.webp?resize=525%2C300&ssl=1 1.5x, https:\/\/i0.wp.com\/kohenavocats.com\/wp-content\/uploads\/2024\/11\/planet-volumes-gJ9Y6Ip-X4o-unsplash.webp?resize=700%2C400&ssl=1 2x, https:\/\/i0.wp.com\/kohenavocats.com\/wp-content\/uploads\/2024\/11\/planet-volumes-gJ9Y6Ip-X4o-unsplash.webp?resize=1050%2C600&ssl=1 3x, https:\/\/i0.wp.com\/kohenavocats.com\/wp-content\/uploads\/2024\/11\/planet-volumes-gJ9Y6Ip-X4o-unsplash.webp?resize=1400%2C800&ssl=1 4x"},"classes":[]},{"id":487555,"url":"https:\/\/kohenavocats.com\/zh-hans\/tribunal-de-commerce-de-grenoble-le-25-novembre-2025-n2025f01961\/","url_meta":{"origin":682822,"position":1},"title":"Tribunal de commerce de Grenoble, le 25 novembre 2025, n\u00b02025F01961","author":"Kohen","date":"2026\u5e744\u67088\u65e5","format":false,"excerpt":"Le Tribunal de commerce de Grenoble, statuant le v\u2026","rel":"","context":"\u5728\u201cJurisprudence\u201d\u4e2d","block_context":{"text":"Jurisprudence","link":"https:\/\/kohenavocats.com\/category\/jurisprudence\/"},"img":{"alt_text":"","src":"https:\/\/i0.wp.com\/kohenavocats.com\/wp-content\/uploads\/2024\/11\/getty-images-TVMKiNPHZTE-unsplash.webp?resize=350%2C200&ssl=1","width":350,"height":200,"srcset":"https:\/\/i0.wp.com\/kohenavocats.com\/wp-content\/uploads\/2024\/11\/getty-images-TVMKiNPHZTE-unsplash.webp?resize=350%2C200&ssl=1 1x, https:\/\/i0.wp.com\/kohenavocats.com\/wp-content\/uploads\/2024\/11\/getty-images-TVMKiNPHZTE-unsplash.webp?resize=525%2C300&ssl=1 1.5x, https:\/\/i0.wp.com\/kohenavocats.com\/wp-content\/uploads\/2024\/11\/getty-images-TVMKiNPHZTE-unsplash.webp?resize=700%2C400&ssl=1 2x, https:\/\/i0.wp.com\/kohenavocats.com\/wp-content\/uploads\/2024\/11\/getty-images-TVMKiNPHZTE-unsplash.webp?resize=1050%2C600&ssl=1 3x, https:\/\/i0.wp.com\/kohenavocats.com\/wp-content\/uploads\/2024\/11\/getty-images-TVMKiNPHZTE-unsplash.webp?resize=1400%2C800&ssl=1 4x"},"classes":[]},{"id":418984,"url":"https:\/\/kohenavocats.com\/zh-hans\/tribunal-de-commerce-de-bobigny-le-30-janvier-2025-n2024l04367\/","url_meta":{"origin":682822,"position":2},"title":"Tribunal de commerce de Bobigny, le 30 janvier 2025, n\u00b02024L04367","author":"Kohen","date":"2026\u5e743\u670822\u65e5","format":false,"excerpt":"Le tribunal de commerce de Bobigny, statuant le 30\u2026","rel":"","context":"\u5728\u201cD\u00e9cisions juridiques\u201d\u4e2d","block_context":{"text":"D\u00e9cisions juridiques","link":"https:\/\/kohenavocats.com\/category\/decisions-juridiques\/"},"img":{"alt_text":"","src":"https:\/\/i0.wp.com\/kohenavocats.com\/wp-content\/uploads\/2024\/08\/matthias-iordache-jocHp74qyCw-unsplash.webp?resize=350%2C200&ssl=1","width":350,"height":200,"srcset":"https:\/\/i0.wp.com\/kohenavocats.com\/wp-content\/uploads\/2024\/08\/matthias-iordache-jocHp74qyCw-unsplash.webp?resize=350%2C200&ssl=1 1x, https:\/\/i0.wp.com\/kohenavocats.com\/wp-content\/uploads\/2024\/08\/matthias-iordache-jocHp74qyCw-unsplash.webp?resize=525%2C300&ssl=1 1.5x, https:\/\/i0.wp.com\/kohenavocats.com\/wp-content\/uploads\/2024\/08\/matthias-iordache-jocHp74qyCw-unsplash.webp?resize=700%2C400&ssl=1 2x, https:\/\/i0.wp.com\/kohenavocats.com\/wp-content\/uploads\/2024\/08\/matthias-iordache-jocHp74qyCw-unsplash.webp?resize=1050%2C600&ssl=1 3x, https:\/\/i0.wp.com\/kohenavocats.com\/wp-content\/uploads\/2024\/08\/matthias-iordache-jocHp74qyCw-unsplash.webp?resize=1400%2C800&ssl=1 4x"},"classes":[]},{"id":418507,"url":"https:\/\/kohenavocats.com\/zh-hans\/tribunal-de-commerce-de-tribunal-des-activites-economiques-du-havre-le-31-janvier-2025-n2024f00959\/","url_meta":{"origin":682822,"position":3},"title":"Tribunal de commerce de Tribunal Des Activit\u00e9s \u00c9conomiques Du Havre, le 31 janvier 2025, n\u00b02024F00959","author":"Kohen","date":"2026\u5e743\u670822\u65e5","format":false,"excerpt":"Le Tribunal des activit\u00e9s \u00e9conomiques du Havre, pa\u2026","rel":"","context":"\u5728\u201cD\u00e9cisions juridiques\u201d\u4e2d","block_context":{"text":"D\u00e9cisions juridiques","link":"https:\/\/kohenavocats.com\/category\/decisions-juridiques\/"},"img":{"alt_text":"","src":"https:\/\/i0.wp.com\/kohenavocats.com\/wp-content\/uploads\/2024\/11\/chris-barbalis-p3hlhPiB9Ro-unsplash.webp?resize=350%2C200&ssl=1","width":350,"height":200,"srcset":"https:\/\/i0.wp.com\/kohenavocats.com\/wp-content\/uploads\/2024\/11\/chris-barbalis-p3hlhPiB9Ro-unsplash.webp?resize=350%2C200&ssl=1 1x, https:\/\/i0.wp.com\/kohenavocats.com\/wp-content\/uploads\/2024\/11\/chris-barbalis-p3hlhPiB9Ro-unsplash.webp?resize=525%2C300&ssl=1 1.5x, https:\/\/i0.wp.com\/kohenavocats.com\/wp-content\/uploads\/2024\/11\/chris-barbalis-p3hlhPiB9Ro-unsplash.webp?resize=700%2C400&ssl=1 2x, https:\/\/i0.wp.com\/kohenavocats.com\/wp-content\/uploads\/2024\/11\/chris-barbalis-p3hlhPiB9Ro-unsplash.webp?resize=1050%2C600&ssl=1 3x, https:\/\/i0.wp.com\/kohenavocats.com\/wp-content\/uploads\/2024\/11\/chris-barbalis-p3hlhPiB9Ro-unsplash.webp?resize=1400%2C800&ssl=1 4x"},"classes":[]},{"id":421084,"url":"https:\/\/kohenavocats.com\/zh-hans\/cour-dappel-de-lyon-le-9-janvier-2012-n11-03069\/","url_meta":{"origin":682822,"position":4},"title":"Cour d&#8217;appel de Lyon, le 9 janvier 2012, n\u00b011\/03069","author":"Kohen","date":"2026\u5e743\u670822\u65e5","format":false,"excerpt":"Une requ\u00eate en conversion d\u2019une adoption ha\u00eftienne\u2026","rel":"","context":"\u5728\u201cCour d'appel\u201d\u4e2d","block_context":{"text":"Cour d'appel","link":"https:\/\/kohenavocats.com\/category\/cour-dappel\/"},"img":{"alt_text":"","src":"https:\/\/i0.wp.com\/kohenavocats.com\/wp-content\/uploads\/2024\/08\/alexey-larionov-D2hRgjgmB8Y-unsplash.webp?resize=350%2C200&ssl=1","width":350,"height":200,"srcset":"https:\/\/i0.wp.com\/kohenavocats.com\/wp-content\/uploads\/2024\/08\/alexey-larionov-D2hRgjgmB8Y-unsplash.webp?resize=350%2C200&ssl=1 1x, https:\/\/i0.wp.com\/kohenavocats.com\/wp-content\/uploads\/2024\/08\/alexey-larionov-D2hRgjgmB8Y-unsplash.webp?resize=525%2C300&ssl=1 1.5x, https:\/\/i0.wp.com\/kohenavocats.com\/wp-content\/uploads\/2024\/08\/alexey-larionov-D2hRgjgmB8Y-unsplash.webp?resize=700%2C400&ssl=1 2x, https:\/\/i0.wp.com\/kohenavocats.com\/wp-content\/uploads\/2024\/08\/alexey-larionov-D2hRgjgmB8Y-unsplash.webp?resize=1050%2C600&ssl=1 3x, https:\/\/i0.wp.com\/kohenavocats.com\/wp-content\/uploads\/2024\/08\/alexey-larionov-D2hRgjgmB8Y-unsplash.webp?resize=1400%2C800&ssl=1 4x"},"classes":[]},{"id":489661,"url":"https:\/\/kohenavocats.com\/zh-hans\/tribunal-judiciaire-le-20-novembre-2025-n2025l00629\/","url_meta":{"origin":682822,"position":5},"title":"Tribunal judiciaire, le 20 novembre 2025, n\u00b02025L00629","author":"Kohen","date":"2026\u5e744\u67088\u65e5","format":false,"excerpt":"Le tribunal judiciaire de premi\u00e8re instance, statu\u2026","rel":"","context":"\u5728\u201cJurisprudence\u201d\u4e2d","block_context":{"text":"Jurisprudence","link":"https:\/\/kohenavocats.com\/category\/jurisprudence\/"},"img":{"alt_text":"","src":"https:\/\/i0.wp.com\/kohenavocats.com\/wp-content\/uploads\/2024\/11\/zyanya-citlalli-6tRLEZ6yZ7M-unsplash.webp?resize=350%2C200&ssl=1","width":350,"height":200,"srcset":"https:\/\/i0.wp.com\/kohenavocats.com\/wp-content\/uploads\/2024\/11\/zyanya-citlalli-6tRLEZ6yZ7M-unsplash.webp?resize=350%2C200&ssl=1 1x, https:\/\/i0.wp.com\/kohenavocats.com\/wp-content\/uploads\/2024\/11\/zyanya-citlalli-6tRLEZ6yZ7M-unsplash.webp?resize=525%2C300&ssl=1 1.5x, https:\/\/i0.wp.com\/kohenavocats.com\/wp-content\/uploads\/2024\/11\/zyanya-citlalli-6tRLEZ6yZ7M-unsplash.webp?resize=700%2C400&ssl=1 2x, https:\/\/i0.wp.com\/kohenavocats.com\/wp-content\/uploads\/2024\/11\/zyanya-citlalli-6tRLEZ6yZ7M-unsplash.webp?resize=1050%2C600&ssl=1 3x, https:\/\/i0.wp.com\/kohenavocats.com\/wp-content\/uploads\/2024\/11\/zyanya-citlalli-6tRLEZ6yZ7M-unsplash.webp?resize=1400%2C800&ssl=1 4x"},"classes":[]}],"jetpack_sharing_enabled":true,"_links":{"self":[{"href":"https:\/\/kohenavocats.com\/zh-hans\/wp-json\/wp\/v2\/posts\/682822","targetHints":{"allow":["GET"]}}],"collection":[{"href":"https:\/\/kohenavocats.com\/zh-hans\/wp-json\/wp\/v2\/posts"}],"about":[{"href":"https:\/\/kohenavocats.com\/zh-hans\/wp-json\/wp\/v2\/types\/post"}],"author":[{"embeddable":true,"href":"https:\/\/kohenavocats.com\/zh-hans\/wp-json\/wp\/v2\/users\/232070755"}],"replies":[{"embeddable":true,"href":"https:\/\/kohenavocats.com\/zh-hans\/wp-json\/wp\/v2\/comments?post=682822"}],"version-history":[{"count":0,"href":"https:\/\/kohenavocats.com\/zh-hans\/wp-json\/wp\/v2\/posts\/682822\/revisions"}],"wp:featuredmedia":[{"embeddable":true,"href":"https:\/\/kohenavocats.com\/zh-hans\/wp-json\/wp\/v2\/media\/9712"}],"wp:attachment":[{"href":"https:\/\/kohenavocats.com\/zh-hans\/wp-json\/wp\/v2\/media?parent=682822"}],"wp:term":[{"taxonomy":"category","embeddable":true,"href":"https:\/\/kohenavocats.com\/zh-hans\/wp-json\/wp\/v2\/categories?post=682822"},{"taxonomy":"post_tag","embeddable":true,"href":"https:\/\/kohenavocats.com\/zh-hans\/wp-json\/wp\/v2\/tags?post=682822"}],"curies":[{"name":"wp","href":"https:\/\/api.w.org\/{rel}","templated":true}]}}