{"id":682830,"date":"2026-04-25T18:00:27","date_gmt":"2026-04-25T16:00:27","guid":{"rendered":"https:\/\/kohenavocats.com\/cour-dappel-de-douai-le-18-septembre-2025-n24-02046\/"},"modified":"2026-04-25T18:00:27","modified_gmt":"2026-04-25T16:00:27","slug":"cour-dappel-de-douai-le-18-septembre-2025-n24-02046","status":"publish","type":"post","link":"https:\/\/kohenavocats.com\/zh-hans\/cour-dappel-de-douai-le-18-septembre-2025-n24-02046\/","title":{"rendered":"Cour d&#8217;appel de Douai, le 18 septembre 2025, n\u00b024\/02046"},"content":{"rendered":"<div class=\"article-content\">\n<p>La Cour d&#8217;appel de Douai, le 18 septembre 2025, statue sur un pourvoi relatif \u00e0 un pr\u00eat personnel. L&#8217;emprunteuse initialement condamn\u00e9e soutient que le contrat lui est inopposable, invoquant une usurpation d&#8217;identit\u00e9 par sa s\u0153ur jumelle. La soci\u00e9t\u00e9 pr\u00eateuse se d\u00e9siste de ses demandes au vu des nouveaux \u00e9l\u00e9ments. La cour infirme le jugement de premi\u00e8re instance et d\u00e9boute l&#8217;\u00e9tablissement de cr\u00e9dit de ses demandes principales.<\/p>\n<p>Le formalisme strict des conclusions en appel<br \/>\nLa cour rappelle les exigences proc\u00e9durales li\u00e9es \u00e0 la formulation des pr\u00e9tentions. Elle souligne que le d\u00e9sistement doit \u00eatre express\u00e9ment formul\u00e9 dans le dispositif des conclusions. &#8220;La cour ne statue que sur les pr\u00e9tentions \u00e9nonc\u00e9es au dispositif et n&#8217;examine les moyens au soutien de ces pr\u00e9tentions que s&#8217;ils sont invoqu\u00e9s dans la discussion&#8221; (Motifs). Le d\u00e9sistement implicite ou mentionn\u00e9 seulement dans le corps des \u00e9critures est donc insuffisant pour dessaisir le juge.<\/p>\n<p>Cette rigueur formelle prot\u00e8ge la s\u00e9curit\u00e9 juridique et le principe du contradictoire. Elle oblige les parties \u00e0 une clart\u00e9 absolue dans leurs demandes. La solution rappelle que la r\u00e9gularit\u00e9 proc\u00e9durale conditionne l&#8217;examen du fond, conform\u00e9ment aux articles du code de proc\u00e9dice civile.<\/p>\n<p>L&#8217;inopposabilit\u00e9 du contrat fond\u00e9e sur un vice de consentement<br \/>\nLe fond du litige repose sur la preuve de l&#8217;absence de consentement de l&#8217;emprunteuse pr\u00e9sum\u00e9e. La cour constate ais\u00e9ment ce point au vu des \u00e9l\u00e9ments produits. &#8220;Au regard des \u00e9l\u00e9ments produits par l&#8217;appelante, il est manifeste que cette derni\u00e8re n&#8217;est pas la signataire du contrat de cr\u00e9dit litigieux&#8221; (Motifs). L&#8217;usurpation d&#8217;identit\u00e9, \u00e9tay\u00e9e par une condamnation p\u00e9nale, vicie radicalement le consentement.<\/p>\n<p>Ce raisonnement rejoint une jurisprudence constante sur l&#8217;inopposabilit\u00e9 des actes non sign\u00e9s. Un arr\u00eat r\u00e9cent rappelle qu&#8217;un contrat non sign\u00e9 par le d\u00e9biteur pr\u00e9sum\u00e9 ne saurait l&#8217;engager. La cour d\u00e9duit logiquement l&#8217;absence de lien contractuel, d\u00e9boutant ainsi le cr\u00e9ancier de sa demande en paiement.<\/p>\n<p>Le rejet des demandes indemnitaires accessoires<br \/>\nLa cour op\u00e8re une distinction entre la condamnation aux d\u00e9pens et l&#8217;allocation de frais irr\u00e9p\u00e9tibles. Elle condamne la partie succombante aux d\u00e9pens de premi\u00e8re instance et d&#8217;appel. En revanche, elle rejette la demande au titre de l&#8217;article 700 du code de proc\u00e9dure civile. Elle estime qu&#8217;il serait in\u00e9quitable de condamner la banque sur ce point.<\/p>\n<p>La motivation retient la bonne foi de l&#8217;\u00e9tablissement cr\u00e9diteur lors de l&#8217;introduction de l&#8217;instance. &#8220;Force est de constater que lorsqu&#8217;elle a assign\u00e9 [&#8230;] la soci\u00e9t\u00e9 Floa n&#8217;avait pas connaissance des \u00e9l\u00e9ments&#8221; (Motifs). Cette appr\u00e9ciation souveraine des juges du fond vise \u00e0 pr\u00e9server l&#8217;\u00e9quit\u00e9 proc\u00e9durale. Elle \u00e9vite de sanctionner une partie qui a agi sur la base d&#8217;\u00e9l\u00e9ments apparemment r\u00e9guliers.<\/p>\n<p>La port\u00e9e de l&#8217;arr\u00eat est double en mati\u00e8re probatoire et proc\u00e9durale. Il confirme la primaut\u00e9 de la preuve d&#8217;identit\u00e9 et de consentement en mati\u00e8re contractuelle. Il rappelle aussi avec fermet\u00e9 les r\u00e8gles de r\u00e9daction des conclusions en appel. La rigueur formelle s&#8217;impose pour toute demande, y compris un d\u00e9sistement.<\/p>\n<\/div>\n","protected":false},"excerpt":{"rendered":"<p>La Cour d&#8217;appel de Douai, le 18 septembre 2025, statue sur un pourvoi relatif \u00e0 un pr\u00eat personnel. L&#8217;emprunteuse initialement condamn\u00e9e soutient que le contr&#8230;<\/p>\n","protected":false},"author":232070755,"featured_media":9690,"comment_status":"open","ping_status":"open","sticky":false,"template":"","format":"standard","meta":{"_crdt_document":"","_jetpack_newsletter_access":"","_jetpack_dont_email_post_to_subs":false,"_jetpack_newsletter_tier_id":0,"_jetpack_memberships_contains_paywalled_content":false,"_kj_source_type":"","_kj_official_id":"","_kj_official_url":"","_kj_judilibre_id":"","_kj_jur":"","_kj_lieu":"","_kj_chambre":"","_kj_rg":"","_kj_date":"","_jetpack_memberships_contains_paid_content":false,"footnotes":"","jetpack_post_was_ever_published":false},"categories":[7597],"tags":[],"class_list":["post-682830","post","type-post","status-publish","format-standard","has-post-thumbnail","hentry","category-jurisprudence"],"yoast_head":"<!-- This site is optimized with the Yoast SEO Premium plugin v27.5 (Yoast SEO v27.5) - https:\/\/yoast.com\/product\/yoast-seo-premium-wordpress\/ -->\n<title>Cour d&#039;appel de Douai, le 18 septembre 2025, n\u00b024\/02046 - Ma\u00eetre Hassan Kohen, avocat en droit p\u00e9nal \u00e0 Paris<\/title>\n<meta name=\"description\" content=\"La Cour d&#039;appel de Douai, le 18 septembre 2025, statue sur un pourvoi relatif \u00e0 un pr\u00eat personnel. L&#039;emprunteuse initialement condamn\u00e9e soutient que le contr...\" \/>\n<meta name=\"robots\" content=\"index, follow, max-snippet:-1, max-image-preview:large, max-video-preview:-1\" \/>\n<link rel=\"canonical\" href=\"https:\/\/kohenavocats.com\/zh-hans\/cour-dappel-de-douai-le-18-septembre-2025-n24-02046\/\" \/>\n<meta property=\"og:locale\" content=\"zh_CN\" \/>\n<meta property=\"og:type\" content=\"article\" \/>\n<meta property=\"og:title\" content=\"Cour d&#039;appel de Douai, le 18 septembre 2025, n\u00b024\/02046\" \/>\n<meta property=\"og:description\" content=\"La Cour d&#039;appel de Douai, le 18 septembre 2025, statue sur un pourvoi relatif \u00e0 un pr\u00eat personnel. L&#039;emprunteuse initialement condamn\u00e9e soutient que le contr...\" \/>\n<meta property=\"og:url\" content=\"https:\/\/kohenavocats.com\/zh-hans\/cour-dappel-de-douai-le-18-septembre-2025-n24-02046\/\" \/>\n<meta property=\"og:site_name\" content=\"Ma\u00eetre Hassan Kohen, avocat en droit p\u00e9nal \u00e0 Paris\" \/>\n<meta property=\"article:published_time\" content=\"2026-04-25T16:00:27+00:00\" \/>\n<meta property=\"og:image\" content=\"https:\/\/kohenavocats.com\/wp-content\/uploads\/2024\/11\/getty-images-U0gb3evEU8I-unsplash.webp\" \/>\n\t<meta property=\"og:image:width\" content=\"2738\" \/>\n\t<meta property=\"og:image:height\" content=\"3552\" \/>\n\t<meta property=\"og:image:type\" content=\"image\/webp\" \/>\n<meta name=\"author\" content=\"Kohen\" \/>\n<meta name=\"twitter:card\" content=\"summary_large_image\" \/>\n<meta name=\"twitter:label1\" content=\"\u4f5c\u8005\" \/>\n\t<meta name=\"twitter:data1\" content=\"Kohen\" \/>\n\t<meta name=\"twitter:label2\" content=\"\u9884\u8ba1\u9605\u8bfb\u65f6\u95f4\" \/>\n\t<meta name=\"twitter:data2\" content=\"3 \u5206\" \/>\n<script type=\"application\/ld+json\" class=\"yoast-schema-graph\">{\"@context\":\"https:\\\/\\\/schema.org\",\"@graph\":[{\"@type\":\"Article\",\"@id\":\"https:\\\/\\\/kohenavocats.com\\\/zh-hans\\\/cour-dappel-de-douai-le-18-septembre-2025-n24-02046\\\/#article\",\"isPartOf\":{\"@id\":\"https:\\\/\\\/kohenavocats.com\\\/zh-hans\\\/cour-dappel-de-douai-le-18-septembre-2025-n24-02046\\\/\"},\"author\":{\"name\":\"Kohen\",\"@id\":\"https:\\\/\\\/kohenavocats.com\\\/zh-hans\\\/#\\\/schema\\\/person\\\/761c9ba54fa1ca84d405cef0831ff751\"},\"headline\":\"Cour d&#8217;appel de Douai, le 18 septembre 2025, n\u00b024\\\/02046\",\"datePublished\":\"2026-04-25T16:00:27+00:00\",\"mainEntityOfPage\":{\"@id\":\"https:\\\/\\\/kohenavocats.com\\\/zh-hans\\\/cour-dappel-de-douai-le-18-septembre-2025-n24-02046\\\/\"},\"wordCount\":569,\"commentCount\":0,\"publisher\":{\"@id\":\"https:\\\/\\\/kohenavocats.com\\\/zh-hans\\\/#organization\"},\"image\":{\"@id\":\"https:\\\/\\\/kohenavocats.com\\\/zh-hans\\\/cour-dappel-de-douai-le-18-septembre-2025-n24-02046\\\/#primaryimage\"},\"thumbnailUrl\":\"https:\\\/\\\/kohenavocats.com\\\/wp-content\\\/uploads\\\/2024\\\/11\\\/getty-images-U0gb3evEU8I-unsplash.webp\",\"articleSection\":[\"Jurisprudence\"],\"inLanguage\":\"zh-Hans\",\"potentialAction\":[{\"@type\":\"CommentAction\",\"name\":\"Comment\",\"target\":[\"https:\\\/\\\/kohenavocats.com\\\/zh-hans\\\/cour-dappel-de-douai-le-18-septembre-2025-n24-02046\\\/#respond\"]}],\"citation\":\"Cour d&#8217;appel de Douai, le 18 septembre 2025, n\u00b024\\\/02046\",\"about\":[{\"@type\":\"Thing\",\"name\":\"Jurisprudence\"}],\"dateModified\":\"2026-04-25T16:00:27+00:00\",\"speakable\":{\"@type\":\"SpeakableSpecification\",\"cssSelector\":[\".article-content > p:first-of-type\"]}},{\"@type\":\"WebPage\",\"@id\":\"https:\\\/\\\/kohenavocats.com\\\/zh-hans\\\/cour-dappel-de-douai-le-18-septembre-2025-n24-02046\\\/\",\"url\":\"https:\\\/\\\/kohenavocats.com\\\/zh-hans\\\/cour-dappel-de-douai-le-18-septembre-2025-n24-02046\\\/\",\"name\":\"Cour d'appel de Douai, le 18 septembre 2025, n\u00b024\\\/02046 - Ma\u00eetre Hassan Kohen, avocat en droit p\u00e9nal \u00e0 Paris\",\"isPartOf\":{\"@id\":\"https:\\\/\\\/kohenavocats.com\\\/zh-hans\\\/#website\"},\"primaryImageOfPage\":{\"@id\":\"https:\\\/\\\/kohenavocats.com\\\/zh-hans\\\/cour-dappel-de-douai-le-18-septembre-2025-n24-02046\\\/#primaryimage\"},\"image\":{\"@id\":\"https:\\\/\\\/kohenavocats.com\\\/zh-hans\\\/cour-dappel-de-douai-le-18-septembre-2025-n24-02046\\\/#primaryimage\"},\"thumbnailUrl\":\"https:\\\/\\\/kohenavocats.com\\\/wp-content\\\/uploads\\\/2024\\\/11\\\/getty-images-U0gb3evEU8I-unsplash.webp\",\"datePublished\":\"2026-04-25T16:00:27+00:00\",\"description\":\"La Cour d'appel de Douai, le 18 septembre 2025, statue sur un pourvoi relatif \u00e0 un pr\u00eat personnel. L'emprunteuse initialement condamn\u00e9e soutient que le contr...\",\"breadcrumb\":{\"@id\":\"https:\\\/\\\/kohenavocats.com\\\/zh-hans\\\/cour-dappel-de-douai-le-18-septembre-2025-n24-02046\\\/#breadcrumb\"},\"inLanguage\":\"zh-Hans\",\"potentialAction\":[{\"@type\":\"ReadAction\",\"target\":[\"https:\\\/\\\/kohenavocats.com\\\/zh-hans\\\/cour-dappel-de-douai-le-18-septembre-2025-n24-02046\\\/\"]}]},{\"@type\":\"ImageObject\",\"inLanguage\":\"zh-Hans\",\"@id\":\"https:\\\/\\\/kohenavocats.com\\\/zh-hans\\\/cour-dappel-de-douai-le-18-septembre-2025-n24-02046\\\/#primaryimage\",\"url\":\"https:\\\/\\\/kohenavocats.com\\\/wp-content\\\/uploads\\\/2024\\\/11\\\/getty-images-U0gb3evEU8I-unsplash.webp\",\"contentUrl\":\"https:\\\/\\\/kohenavocats.com\\\/wp-content\\\/uploads\\\/2024\\\/11\\\/getty-images-U0gb3evEU8I-unsplash.webp\",\"width\":2738,\"height\":3552},{\"@type\":\"BreadcrumbList\",\"@id\":\"https:\\\/\\\/kohenavocats.com\\\/zh-hans\\\/cour-dappel-de-douai-le-18-septembre-2025-n24-02046\\\/#breadcrumb\",\"itemListElement\":[{\"@type\":\"ListItem\",\"position\":1,\"name\":\"Home\",\"item\":\"https:\\\/\\\/kohenavocats.com\\\/zh-hans\\\/\"},{\"@type\":\"ListItem\",\"position\":2,\"name\":\"Cour d&rsquo;appel de Douai, le 18 septembre 2025, n\u00b024\\\/02046\"}]},{\"@type\":\"WebSite\",\"@id\":\"https:\\\/\\\/kohenavocats.com\\\/zh-hans\\\/#website\",\"url\":\"https:\\\/\\\/kohenavocats.com\\\/zh-hans\\\/\",\"name\":\"Kohen Avocats\",\"description\":\"Ma\u00eetre Hassan Kohen, avocat p\u00e9naliste \u00e0 Paris, intervient exclusivement en droit p\u00e9nal pour la d\u00e9fense des particuliers, notamment en mati\u00e8re d\u2019accusations de viol. Il assure un accompagnement rigoureux d\u00e8s la garde \u00e0 vue jusqu\u2019\u00e0 la Cour d\u2019assises, veillant au strict respect des garanties proc\u00e9durales.\",\"publisher\":{\"@id\":\"https:\\\/\\\/kohenavocats.com\\\/zh-hans\\\/#organization\"},\"potentialAction\":[{\"@type\":\"SearchAction\",\"target\":{\"@type\":\"EntryPoint\",\"urlTemplate\":\"https:\\\/\\\/kohenavocats.com\\\/zh-hans\\\/?s={search_term_string}\"},\"query-input\":{\"@type\":\"PropertyValueSpecification\",\"valueRequired\":true,\"valueName\":\"search_term_string\"}}],\"inLanguage\":\"zh-Hans\"},{\"@type\":\"Organization\",\"@id\":\"https:\\\/\\\/kohenavocats.com\\\/zh-hans\\\/#organization\",\"name\":\"Kohen Avocats\",\"url\":\"https:\\\/\\\/kohenavocats.com\\\/zh-hans\\\/\",\"logo\":{\"@type\":\"ImageObject\",\"inLanguage\":\"zh-Hans\",\"@id\":\"https:\\\/\\\/kohenavocats.com\\\/zh-hans\\\/#\\\/schema\\\/logo\\\/image\\\/\",\"url\":\"https:\\\/\\\/kohenavocats.com\\\/wp-content\\\/uploads\\\/2026\\\/01\\\/Logo-2-1.webp\",\"contentUrl\":\"https:\\\/\\\/kohenavocats.com\\\/wp-content\\\/uploads\\\/2026\\\/01\\\/Logo-2-1.webp\",\"width\":2114,\"height\":1253,\"caption\":\"Kohen Avocats\"},\"image\":{\"@id\":\"https:\\\/\\\/kohenavocats.com\\\/zh-hans\\\/#\\\/schema\\\/logo\\\/image\\\/\"}},{\"@type\":\"Person\",\"@id\":\"https:\\\/\\\/kohenavocats.com\\\/zh-hans\\\/#\\\/schema\\\/person\\\/761c9ba54fa1ca84d405cef0831ff751\",\"name\":\"Kohen\",\"image\":{\"@type\":\"ImageObject\",\"inLanguage\":\"zh-Hans\",\"@id\":\"https:\\\/\\\/secure.gravatar.com\\\/avatar\\\/1c5e76ef76bbbfdd2b4da984e2bf2fa4056fd51a27d25ce2c332047f1dfd6e00?s=96&d=identicon&r=g\",\"url\":\"https:\\\/\\\/secure.gravatar.com\\\/avatar\\\/1c5e76ef76bbbfdd2b4da984e2bf2fa4056fd51a27d25ce2c332047f1dfd6e00?s=96&d=identicon&r=g\",\"contentUrl\":\"https:\\\/\\\/secure.gravatar.com\\\/avatar\\\/1c5e76ef76bbbfdd2b4da984e2bf2fa4056fd51a27d25ce2c332047f1dfd6e00?s=96&d=identicon&r=g\",\"caption\":\"Kohen\"},\"sameAs\":[\"https:\\\/\\\/www.linkedin.com\\\/in\\\/hassan-kohen-448548192\\\/\",\"https:\\\/\\\/www.youtube.com\\\/@Kohen-Avocats\"],\"url\":\"https:\\\/\\\/kohenavocats.com\\\/zh-hans\\\/author\\\/kohenmlk\\\/\"}]}<\/script>\n<!-- \/ Yoast SEO Premium plugin. -->","yoast_head_json":{"title":"Cour d'appel de Douai, le 18 septembre 2025, n\u00b024\/02046 - Ma\u00eetre Hassan Kohen, avocat en droit p\u00e9nal \u00e0 Paris","description":"La Cour d'appel de Douai, le 18 septembre 2025, statue sur un pourvoi relatif \u00e0 un pr\u00eat personnel. L'emprunteuse initialement condamn\u00e9e soutient que le contr...","robots":{"index":"index","follow":"follow","max-snippet":"max-snippet:-1","max-image-preview":"max-image-preview:large","max-video-preview":"max-video-preview:-1"},"canonical":"https:\/\/kohenavocats.com\/zh-hans\/cour-dappel-de-douai-le-18-septembre-2025-n24-02046\/","og_locale":"zh_CN","og_type":"article","og_title":"Cour d'appel de Douai, le 18 septembre 2025, n\u00b024\/02046","og_description":"La Cour d'appel de Douai, le 18 septembre 2025, statue sur un pourvoi relatif \u00e0 un pr\u00eat personnel. L'emprunteuse initialement condamn\u00e9e soutient que le contr...","og_url":"https:\/\/kohenavocats.com\/zh-hans\/cour-dappel-de-douai-le-18-septembre-2025-n24-02046\/","og_site_name":"Ma\u00eetre Hassan Kohen, avocat en droit p\u00e9nal \u00e0 Paris","article_published_time":"2026-04-25T16:00:27+00:00","og_image":[{"width":2738,"height":3552,"url":"https:\/\/kohenavocats.com\/wp-content\/uploads\/2024\/11\/getty-images-U0gb3evEU8I-unsplash.webp","type":"image\/webp"}],"author":"Kohen","twitter_card":"summary_large_image","twitter_misc":{"\u4f5c\u8005":"Kohen","\u9884\u8ba1\u9605\u8bfb\u65f6\u95f4":"3 \u5206"},"schema":{"@context":"https:\/\/schema.org","@graph":[{"@type":"Article","@id":"https:\/\/kohenavocats.com\/zh-hans\/cour-dappel-de-douai-le-18-septembre-2025-n24-02046\/#article","isPartOf":{"@id":"https:\/\/kohenavocats.com\/zh-hans\/cour-dappel-de-douai-le-18-septembre-2025-n24-02046\/"},"author":{"name":"Kohen","@id":"https:\/\/kohenavocats.com\/zh-hans\/#\/schema\/person\/761c9ba54fa1ca84d405cef0831ff751"},"headline":"Cour d&#8217;appel de Douai, le 18 septembre 2025, n\u00b024\/02046","datePublished":"2026-04-25T16:00:27+00:00","mainEntityOfPage":{"@id":"https:\/\/kohenavocats.com\/zh-hans\/cour-dappel-de-douai-le-18-septembre-2025-n24-02046\/"},"wordCount":569,"commentCount":0,"publisher":{"@id":"https:\/\/kohenavocats.com\/zh-hans\/#organization"},"image":{"@id":"https:\/\/kohenavocats.com\/zh-hans\/cour-dappel-de-douai-le-18-septembre-2025-n24-02046\/#primaryimage"},"thumbnailUrl":"https:\/\/kohenavocats.com\/wp-content\/uploads\/2024\/11\/getty-images-U0gb3evEU8I-unsplash.webp","articleSection":["Jurisprudence"],"inLanguage":"zh-Hans","potentialAction":[{"@type":"CommentAction","name":"Comment","target":["https:\/\/kohenavocats.com\/zh-hans\/cour-dappel-de-douai-le-18-septembre-2025-n24-02046\/#respond"]}],"citation":"Cour d&#8217;appel de Douai, le 18 septembre 2025, n\u00b024\/02046","about":[{"@type":"Thing","name":"Jurisprudence"}],"dateModified":"2026-04-25T16:00:27+00:00","speakable":{"@type":"SpeakableSpecification","cssSelector":[".article-content > p:first-of-type"]}},{"@type":"WebPage","@id":"https:\/\/kohenavocats.com\/zh-hans\/cour-dappel-de-douai-le-18-septembre-2025-n24-02046\/","url":"https:\/\/kohenavocats.com\/zh-hans\/cour-dappel-de-douai-le-18-septembre-2025-n24-02046\/","name":"Cour d'appel de Douai, le 18 septembre 2025, n\u00b024\/02046 - Ma\u00eetre Hassan Kohen, avocat en droit p\u00e9nal \u00e0 Paris","isPartOf":{"@id":"https:\/\/kohenavocats.com\/zh-hans\/#website"},"primaryImageOfPage":{"@id":"https:\/\/kohenavocats.com\/zh-hans\/cour-dappel-de-douai-le-18-septembre-2025-n24-02046\/#primaryimage"},"image":{"@id":"https:\/\/kohenavocats.com\/zh-hans\/cour-dappel-de-douai-le-18-septembre-2025-n24-02046\/#primaryimage"},"thumbnailUrl":"https:\/\/kohenavocats.com\/wp-content\/uploads\/2024\/11\/getty-images-U0gb3evEU8I-unsplash.webp","datePublished":"2026-04-25T16:00:27+00:00","description":"La Cour d'appel de Douai, le 18 septembre 2025, statue sur un pourvoi relatif \u00e0 un pr\u00eat personnel. L'emprunteuse initialement condamn\u00e9e soutient que le contr...","breadcrumb":{"@id":"https:\/\/kohenavocats.com\/zh-hans\/cour-dappel-de-douai-le-18-septembre-2025-n24-02046\/#breadcrumb"},"inLanguage":"zh-Hans","potentialAction":[{"@type":"ReadAction","target":["https:\/\/kohenavocats.com\/zh-hans\/cour-dappel-de-douai-le-18-septembre-2025-n24-02046\/"]}]},{"@type":"ImageObject","inLanguage":"zh-Hans","@id":"https:\/\/kohenavocats.com\/zh-hans\/cour-dappel-de-douai-le-18-septembre-2025-n24-02046\/#primaryimage","url":"https:\/\/kohenavocats.com\/wp-content\/uploads\/2024\/11\/getty-images-U0gb3evEU8I-unsplash.webp","contentUrl":"https:\/\/kohenavocats.com\/wp-content\/uploads\/2024\/11\/getty-images-U0gb3evEU8I-unsplash.webp","width":2738,"height":3552},{"@type":"BreadcrumbList","@id":"https:\/\/kohenavocats.com\/zh-hans\/cour-dappel-de-douai-le-18-septembre-2025-n24-02046\/#breadcrumb","itemListElement":[{"@type":"ListItem","position":1,"name":"Home","item":"https:\/\/kohenavocats.com\/zh-hans\/"},{"@type":"ListItem","position":2,"name":"Cour d&rsquo;appel de Douai, le 18 septembre 2025, n\u00b024\/02046"}]},{"@type":"WebSite","@id":"https:\/\/kohenavocats.com\/zh-hans\/#website","url":"https:\/\/kohenavocats.com\/zh-hans\/","name":"Kohen Avocats","description":"Ma\u00eetre Hassan Kohen, avocat p\u00e9naliste \u00e0 Paris, intervient exclusivement en droit p\u00e9nal pour la d\u00e9fense des particuliers, notamment en mati\u00e8re d\u2019accusations de viol. Il assure un accompagnement rigoureux d\u00e8s la garde \u00e0 vue jusqu\u2019\u00e0 la Cour d\u2019assises, veillant au strict respect des garanties proc\u00e9durales.","publisher":{"@id":"https:\/\/kohenavocats.com\/zh-hans\/#organization"},"potentialAction":[{"@type":"SearchAction","target":{"@type":"EntryPoint","urlTemplate":"https:\/\/kohenavocats.com\/zh-hans\/?s={search_term_string}"},"query-input":{"@type":"PropertyValueSpecification","valueRequired":true,"valueName":"search_term_string"}}],"inLanguage":"zh-Hans"},{"@type":"Organization","@id":"https:\/\/kohenavocats.com\/zh-hans\/#organization","name":"Kohen Avocats","url":"https:\/\/kohenavocats.com\/zh-hans\/","logo":{"@type":"ImageObject","inLanguage":"zh-Hans","@id":"https:\/\/kohenavocats.com\/zh-hans\/#\/schema\/logo\/image\/","url":"https:\/\/kohenavocats.com\/wp-content\/uploads\/2026\/01\/Logo-2-1.webp","contentUrl":"https:\/\/kohenavocats.com\/wp-content\/uploads\/2026\/01\/Logo-2-1.webp","width":2114,"height":1253,"caption":"Kohen Avocats"},"image":{"@id":"https:\/\/kohenavocats.com\/zh-hans\/#\/schema\/logo\/image\/"}},{"@type":"Person","@id":"https:\/\/kohenavocats.com\/zh-hans\/#\/schema\/person\/761c9ba54fa1ca84d405cef0831ff751","name":"Kohen","image":{"@type":"ImageObject","inLanguage":"zh-Hans","@id":"https:\/\/secure.gravatar.com\/avatar\/1c5e76ef76bbbfdd2b4da984e2bf2fa4056fd51a27d25ce2c332047f1dfd6e00?s=96&d=identicon&r=g","url":"https:\/\/secure.gravatar.com\/avatar\/1c5e76ef76bbbfdd2b4da984e2bf2fa4056fd51a27d25ce2c332047f1dfd6e00?s=96&d=identicon&r=g","contentUrl":"https:\/\/secure.gravatar.com\/avatar\/1c5e76ef76bbbfdd2b4da984e2bf2fa4056fd51a27d25ce2c332047f1dfd6e00?s=96&d=identicon&r=g","caption":"Kohen"},"sameAs":["https:\/\/www.linkedin.com\/in\/hassan-kohen-448548192\/","https:\/\/www.youtube.com\/@Kohen-Avocats"],"url":"https:\/\/kohenavocats.com\/zh-hans\/author\/kohenmlk\/"}]}},"jetpack_featured_media_url":"https:\/\/kohenavocats.com\/wp-content\/uploads\/2024\/11\/getty-images-U0gb3evEU8I-unsplash.webp","jetpack_likes_enabled":false,"jetpack_shortlink":"https:\/\/wp.me\/peCrII-2RDo","jetpack-related-posts":[{"id":201027,"url":"https:\/\/kohenavocats.com\/zh-hans\/cour-dappel-de-douai-le-10-juillet-2025-n24-04496\/","url_meta":{"origin":682830,"position":0},"title":"Cour d&#8217;appel de Douai, le 10 juillet 2025, n\u00b024\/04496","author":"Kohen","date":"2025\u5e7412\u670820\u65e5","format":false,"excerpt":"La Cour d'appel de Douai, 10 juillet 2025, chambre\u2026","rel":"","context":"\u5728\u201c6920\u201d\u4e2d","block_context":{"text":"6920","link":"https:\/\/kohenavocats.com\/category\/6920\/"},"img":{"alt_text":"","src":"https:\/\/i0.wp.com\/kohenavocats.com\/wp-content\/uploads\/2024\/08\/nicolas-picard-XpnMqxyf8RQ-unsplash.webp?resize=350%2C200&ssl=1","width":350,"height":200,"srcset":"https:\/\/i0.wp.com\/kohenavocats.com\/wp-content\/uploads\/2024\/08\/nicolas-picard-XpnMqxyf8RQ-unsplash.webp?resize=350%2C200&ssl=1 1x, https:\/\/i0.wp.com\/kohenavocats.com\/wp-content\/uploads\/2024\/08\/nicolas-picard-XpnMqxyf8RQ-unsplash.webp?resize=525%2C300&ssl=1 1.5x, https:\/\/i0.wp.com\/kohenavocats.com\/wp-content\/uploads\/2024\/08\/nicolas-picard-XpnMqxyf8RQ-unsplash.webp?resize=700%2C400&ssl=1 2x, https:\/\/i0.wp.com\/kohenavocats.com\/wp-content\/uploads\/2024\/08\/nicolas-picard-XpnMqxyf8RQ-unsplash.webp?resize=1050%2C600&ssl=1 3x, https:\/\/i0.wp.com\/kohenavocats.com\/wp-content\/uploads\/2024\/08\/nicolas-picard-XpnMqxyf8RQ-unsplash.webp?resize=1400%2C800&ssl=1 4x"},"classes":[]},{"id":463320,"url":"https:\/\/kohenavocats.com\/zh-hans\/caa-caa-de-douai-29-04-2025-n-23da01729\/","url_meta":{"origin":682830,"position":1},"title":"CAA \u2013 CAA de DOUAI \u2013 29\/04\/2025 \u2013 n\u00b0 23DA01729","author":"Kohen","date":"2026\u5e744\u67087\u65e5","format":false,"excerpt":"La Cour administrative d'appel de Douai a rendu, l\u2026","rel":"","context":"\u5728\u201cJuridictions administratives\u201d\u4e2d","block_context":{"text":"Juridictions administratives","link":"https:\/\/kohenavocats.com\/category\/juridictions-administratives\/"},"img":{"alt_text":"","src":"https:\/\/i0.wp.com\/kohenavocats.com\/wp-content\/uploads\/2024\/08\/gloria-villa-ByP0PtBXpi0-unsplash.webp?resize=350%2C200&ssl=1","width":350,"height":200,"srcset":"https:\/\/i0.wp.com\/kohenavocats.com\/wp-content\/uploads\/2024\/08\/gloria-villa-ByP0PtBXpi0-unsplash.webp?resize=350%2C200&ssl=1 1x, https:\/\/i0.wp.com\/kohenavocats.com\/wp-content\/uploads\/2024\/08\/gloria-villa-ByP0PtBXpi0-unsplash.webp?resize=525%2C300&ssl=1 1.5x, https:\/\/i0.wp.com\/kohenavocats.com\/wp-content\/uploads\/2024\/08\/gloria-villa-ByP0PtBXpi0-unsplash.webp?resize=700%2C400&ssl=1 2x, https:\/\/i0.wp.com\/kohenavocats.com\/wp-content\/uploads\/2024\/08\/gloria-villa-ByP0PtBXpi0-unsplash.webp?resize=1050%2C600&ssl=1 3x, https:\/\/i0.wp.com\/kohenavocats.com\/wp-content\/uploads\/2024\/08\/gloria-villa-ByP0PtBXpi0-unsplash.webp?resize=1400%2C800&ssl=1 4x"},"classes":[]},{"id":241160,"url":"https:\/\/kohenavocats.com\/zh-hans\/cour-dappel-administrative-de-douai-le-29-avril-2025-n23da01729\/","url_meta":{"origin":682830,"position":2},"title":"Cour d&#8217;appel administrative de Douai, le 29 avril 2025, n\u00b023DA01729","author":"Kohen","date":"2026\u5e741\u67082\u65e5","format":false,"excerpt":"La Cour administrative d\u2019appel de Douai a re\u2026","rel":"","context":"\u5728\u201cCour administrative d'appel\u201d\u4e2d","block_context":{"text":"Cour administrative d'appel","link":"https:\/\/kohenavocats.com\/category\/cour-administrative-dappel\/"},"img":{"alt_text":"","src":"https:\/\/i0.wp.com\/kohenavocats.com\/wp-content\/uploads\/2024\/08\/mediamodifier-En1_jJx6UDU-unsplash.webp?resize=350%2C200&ssl=1","width":350,"height":200,"srcset":"https:\/\/i0.wp.com\/kohenavocats.com\/wp-content\/uploads\/2024\/08\/mediamodifier-En1_jJx6UDU-unsplash.webp?resize=350%2C200&ssl=1 1x, https:\/\/i0.wp.com\/kohenavocats.com\/wp-content\/uploads\/2024\/08\/mediamodifier-En1_jJx6UDU-unsplash.webp?resize=525%2C300&ssl=1 1.5x, https:\/\/i0.wp.com\/kohenavocats.com\/wp-content\/uploads\/2024\/08\/mediamodifier-En1_jJx6UDU-unsplash.webp?resize=700%2C400&ssl=1 2x, https:\/\/i0.wp.com\/kohenavocats.com\/wp-content\/uploads\/2024\/08\/mediamodifier-En1_jJx6UDU-unsplash.webp?resize=1050%2C600&ssl=1 3x, https:\/\/i0.wp.com\/kohenavocats.com\/wp-content\/uploads\/2024\/08\/mediamodifier-En1_jJx6UDU-unsplash.webp?resize=1400%2C800&ssl=1 4x"},"classes":[]},{"id":685540,"url":"https:\/\/kohenavocats.com\/zh-hans\/cour-dappel-de-douai-le-4-septembre-2025-n24-02368\/","url_meta":{"origin":682830,"position":3},"title":"Cour d&#8217;appel de Douai, le 4 septembre 2025, n\u00b024\/02368","author":"Kohen","date":"2026\u5e744\u670825\u65e5","format":false,"excerpt":"Par arr\u00eat du 4 septembre 2025, Cour d'appel de Dou\u2026","rel":"","context":"\u5728\u201cJurisprudence\u201d\u4e2d","block_context":{"text":"Jurisprudence","link":"https:\/\/kohenavocats.com\/category\/jurisprudence\/"},"img":{"alt_text":"","src":"https:\/\/i0.wp.com\/kohenavocats.com\/wp-content\/uploads\/2024\/08\/daniel-bustos-KfhRfj6ZQPY-unsplash.webp?resize=350%2C200&ssl=1","width":350,"height":200,"srcset":"https:\/\/i0.wp.com\/kohenavocats.com\/wp-content\/uploads\/2024\/08\/daniel-bustos-KfhRfj6ZQPY-unsplash.webp?resize=350%2C200&ssl=1 1x, https:\/\/i0.wp.com\/kohenavocats.com\/wp-content\/uploads\/2024\/08\/daniel-bustos-KfhRfj6ZQPY-unsplash.webp?resize=525%2C300&ssl=1 1.5x, https:\/\/i0.wp.com\/kohenavocats.com\/wp-content\/uploads\/2024\/08\/daniel-bustos-KfhRfj6ZQPY-unsplash.webp?resize=700%2C400&ssl=1 2x, https:\/\/i0.wp.com\/kohenavocats.com\/wp-content\/uploads\/2024\/08\/daniel-bustos-KfhRfj6ZQPY-unsplash.webp?resize=1050%2C600&ssl=1 3x, https:\/\/i0.wp.com\/kohenavocats.com\/wp-content\/uploads\/2024\/08\/daniel-bustos-KfhRfj6ZQPY-unsplash.webp?resize=1400%2C800&ssl=1 4x"},"classes":[]},{"id":422395,"url":"https:\/\/kohenavocats.com\/zh-hans\/cour-dappel-de-douai-le-15-decembre-2011-n11-00674\/","url_meta":{"origin":682830,"position":4},"title":"Cour d&#8217;appel de Douai, le 15 d\u00e9cembre 2011, n\u00b011\/00674","author":"Kohen","date":"2026\u5e743\u670822\u65e5","format":false,"excerpt":"La Cour d'appel de Douai, dans un arr\u00eat du 15 d\u00e9ce\u2026","rel":"","context":"\u5728\u201cCour d'appel\u201d\u4e2d","block_context":{"text":"Cour d'appel","link":"https:\/\/kohenavocats.com\/category\/cour-dappel\/"},"img":{"alt_text":"","src":"https:\/\/i0.wp.com\/kohenavocats.com\/wp-content\/uploads\/2024\/11\/ave-calvar-clKiaVaiROM-unsplash.webp?resize=350%2C200&ssl=1","width":350,"height":200,"srcset":"https:\/\/i0.wp.com\/kohenavocats.com\/wp-content\/uploads\/2024\/11\/ave-calvar-clKiaVaiROM-unsplash.webp?resize=350%2C200&ssl=1 1x, https:\/\/i0.wp.com\/kohenavocats.com\/wp-content\/uploads\/2024\/11\/ave-calvar-clKiaVaiROM-unsplash.webp?resize=525%2C300&ssl=1 1.5x, https:\/\/i0.wp.com\/kohenavocats.com\/wp-content\/uploads\/2024\/11\/ave-calvar-clKiaVaiROM-unsplash.webp?resize=700%2C400&ssl=1 2x, https:\/\/i0.wp.com\/kohenavocats.com\/wp-content\/uploads\/2024\/11\/ave-calvar-clKiaVaiROM-unsplash.webp?resize=1050%2C600&ssl=1 3x, https:\/\/i0.wp.com\/kohenavocats.com\/wp-content\/uploads\/2024\/11\/ave-calvar-clKiaVaiROM-unsplash.webp?resize=1400%2C800&ssl=1 4x"},"classes":[]},{"id":414038,"url":"https:\/\/kohenavocats.com\/zh-hans\/cour-dappel-de-douai-le-20-septembre-2012-n11-07458\/","url_meta":{"origin":682830,"position":5},"title":"Cour d&#8217;appel de Douai, le 20 septembre 2012, n\u00b011\/07458","author":"Kohen","date":"2026\u5e743\u670821\u65e5","format":false,"excerpt":"La Cour d\u2019appel de Douai, dans un arr\u00eat du 20 sept\u2026","rel":"","context":"\u5728\u201cCour d'appel\u201d\u4e2d","block_context":{"text":"Cour d'appel","link":"https:\/\/kohenavocats.com\/category\/cour-dappel\/"},"img":{"alt_text":"","src":"https:\/\/i0.wp.com\/kohenavocats.com\/wp-content\/uploads\/2024\/11\/getty-images-IQwGidv9mK0-unsplash.webp?resize=350%2C200&ssl=1","width":350,"height":200,"srcset":"https:\/\/i0.wp.com\/kohenavocats.com\/wp-content\/uploads\/2024\/11\/getty-images-IQwGidv9mK0-unsplash.webp?resize=350%2C200&ssl=1 1x, https:\/\/i0.wp.com\/kohenavocats.com\/wp-content\/uploads\/2024\/11\/getty-images-IQwGidv9mK0-unsplash.webp?resize=525%2C300&ssl=1 1.5x, https:\/\/i0.wp.com\/kohenavocats.com\/wp-content\/uploads\/2024\/11\/getty-images-IQwGidv9mK0-unsplash.webp?resize=700%2C400&ssl=1 2x, https:\/\/i0.wp.com\/kohenavocats.com\/wp-content\/uploads\/2024\/11\/getty-images-IQwGidv9mK0-unsplash.webp?resize=1050%2C600&ssl=1 3x, https:\/\/i0.wp.com\/kohenavocats.com\/wp-content\/uploads\/2024\/11\/getty-images-IQwGidv9mK0-unsplash.webp?resize=1400%2C800&ssl=1 4x"},"classes":[]}],"jetpack_sharing_enabled":true,"_links":{"self":[{"href":"https:\/\/kohenavocats.com\/zh-hans\/wp-json\/wp\/v2\/posts\/682830","targetHints":{"allow":["GET"]}}],"collection":[{"href":"https:\/\/kohenavocats.com\/zh-hans\/wp-json\/wp\/v2\/posts"}],"about":[{"href":"https:\/\/kohenavocats.com\/zh-hans\/wp-json\/wp\/v2\/types\/post"}],"author":[{"embeddable":true,"href":"https:\/\/kohenavocats.com\/zh-hans\/wp-json\/wp\/v2\/users\/232070755"}],"replies":[{"embeddable":true,"href":"https:\/\/kohenavocats.com\/zh-hans\/wp-json\/wp\/v2\/comments?post=682830"}],"version-history":[{"count":0,"href":"https:\/\/kohenavocats.com\/zh-hans\/wp-json\/wp\/v2\/posts\/682830\/revisions"}],"wp:featuredmedia":[{"embeddable":true,"href":"https:\/\/kohenavocats.com\/zh-hans\/wp-json\/wp\/v2\/media\/9690"}],"wp:attachment":[{"href":"https:\/\/kohenavocats.com\/zh-hans\/wp-json\/wp\/v2\/media?parent=682830"}],"wp:term":[{"taxonomy":"category","embeddable":true,"href":"https:\/\/kohenavocats.com\/zh-hans\/wp-json\/wp\/v2\/categories?post=682830"},{"taxonomy":"post_tag","embeddable":true,"href":"https:\/\/kohenavocats.com\/zh-hans\/wp-json\/wp\/v2\/tags?post=682830"}],"curies":[{"name":"wp","href":"https:\/\/api.w.org\/{rel}","templated":true}]}}