{"id":682910,"date":"2026-04-25T18:06:42","date_gmt":"2026-04-25T16:06:42","guid":{"rendered":"https:\/\/kohenavocats.com\/tribunal-judiciaire-de-bobigny-le-12-avril-2023-n24-03119\/"},"modified":"2026-04-25T18:06:42","modified_gmt":"2026-04-25T16:06:42","slug":"tribunal-judiciaire-de-bobigny-le-12-avril-2023-n24-03119","status":"publish","type":"post","link":"https:\/\/kohenavocats.com\/zh-hans\/tribunal-judiciaire-de-bobigny-le-12-avril-2023-n24-03119\/","title":{"rendered":"Tribunal judiciaire de Bobigny, le 12 avril 2023, n\u00b024\/03119"},"content":{"rendered":"<div class=\"article-content\">\n<p>Le tribunal judiciaire, statuant par jugement r\u00e9put\u00e9 contradictoire, a rendu une d\u00e9cision le 12 avril 2023. Cette instance concernait l&#8217;indemnisation de divers pr\u00e9judices corporels suite \u00e0 une responsabilit\u00e9 d\u00e9j\u00e0 \u00e9tablie. La juridiction a examin\u00e9 chaque poste de pr\u00e9judice et fix\u00e9 le point de d\u00e9part des int\u00e9r\u00eats. Elle a condamn\u00e9 solidairement les d\u00e9fendeurs \u00e0 indemniser la victime et a statu\u00e9 sur les frais de proc\u00e9dure.<\/p>\n<p>L&#8217;office du juge dans l&#8217;administration de la preuve et la qualification des faits<\/p>\n<p>Le juge exerce un contr\u00f4le souverain sur l&#8217;\u00e9valuation des pr\u00e9judices all\u00e9gu\u00e9s. Il proc\u00e8de \u00e0 un r\u00e9examen d\u00e9taill\u00e9 des calculs propos\u00e9s par la partie demanderesse. Il corrige ainsi une erreur mat\u00e9rielle dans l&#8217;assignment concernant la dur\u00e9e du d\u00e9ficit fonctionnel temporaire. &#8220;Le tribunal observe que c\u2019est manifestement \u00e0 la suite d\u2019une erreur mat\u00e9rielle que le demandeur a retenu la qualification de \u201cpr\u00e9judice esth\u00e9tique permanent\u201d dans le dispositif de ses conclusions pour ce poste de pr\u00e9judice, alors que dans sa motivation, il s\u2019agit clairement du d\u00e9ficit fonctionnel permanent.&#8221; (Sur la question du d\u00e9ficit fonctionnel permanent). Cette intervention d\u00e9montre son pouvoir de requalification au service de la v\u00e9rit\u00e9 des d\u00e9bats. Le juge s&#8217;appuie substantiellement sur l&#8217;expertise m\u00e9dicale pour fonder son appr\u00e9ciation. Il reprend les taux et \u00e9valuations fournis par l&#8217;expert pour chaque chef de pr\u00e9judice. La d\u00e9cision illustre le dialogue entre le juge et l&#8217;expert dans la fixation du pr\u00e9judice corporel. L&#8217;expert \u00e9claire le juge qui conserve son pouvoir souverain d&#8217;appr\u00e9ciation et de d\u00e9cision.<\/p>\n<p>La mise en \u0153uvre des r\u00e8gles proc\u00e9durales et indemnitaires<\/p>\n<p>La d\u00e9cision applique strictement le r\u00e9gime l\u00e9gal des int\u00e9r\u00eats moratoires apr\u00e8s la condamnation. Elle retient le point de d\u00e9part ordinaire pr\u00e9vu par le code civil. &#8220;Dans le cas d\u2019esp\u00e8ce, les condamnations dont est assortie la pr\u00e9sente d\u00e9cision porteront int\u00e9r\u00eats \u00e0 compter du jour de la d\u00e9cision.&#8221; (Sur le point de d\u00e9part des int\u00e9r\u00eats au taux l\u00e9gal). Ce choix s&#8217;inscrit dans l&#8217;application du droit commun, le juge n&#8217;usant pas de son pouvoir d\u00e9rogatoire. La solution se distingue d&#8217;une jurisprudence qui pourrait fixer un point de d\u00e9part ant\u00e9rieur. La gestion des frais de proc\u00e9dure et des d\u00e9pens est trait\u00e9e avec une certaine \u00e9quit\u00e9. Le tribunal accorde une somme au titre de l&#8217;article 700 du code de proc\u00e9dure civile. Il ordonne \u00e9galement le remboursement de frais d&#8217;expertise avanc\u00e9s dans une autre instance. Cette approche vise \u00e0 r\u00e9parer int\u00e9gralement le pr\u00e9judice subi, y compris dans sa dimension processuelle. Elle assure une indemnisation effective sans laisser \u00e0 la charge de la victime les frais n\u00e9cessaires \u00e0 la preuve.<\/p>\n<\/div>\n","protected":false},"excerpt":{"rendered":"<p>Le tribunal judiciaire, statuant par jugement r\u00e9put\u00e9 contradictoire, a rendu une d\u00e9cision le 12 avril 2023. Cette instance concernait l&#8217;indemnisation de dive&#8230;<\/p>\n","protected":false},"author":232070755,"featured_media":3921,"comment_status":"open","ping_status":"open","sticky":false,"template":"","format":"standard","meta":{"_crdt_document":"","_jetpack_newsletter_access":"","_jetpack_dont_email_post_to_subs":false,"_jetpack_newsletter_tier_id":0,"_jetpack_memberships_contains_paywalled_content":false,"_kj_source_type":"","_kj_official_id":"","_kj_official_url":"","_kj_judilibre_id":"","_kj_jur":"","_kj_lieu":"","_kj_chambre":"","_kj_rg":"","_kj_date":"","_jetpack_memberships_contains_paid_content":false,"footnotes":"","jetpack_post_was_ever_published":false},"categories":[7597],"tags":[],"class_list":["post-682910","post","type-post","status-publish","format-standard","has-post-thumbnail","hentry","category-jurisprudence"],"yoast_head":"<!-- This site is optimized with the Yoast SEO Premium plugin v27.5 (Yoast SEO v27.5) - https:\/\/yoast.com\/product\/yoast-seo-premium-wordpress\/ -->\n<title>Tribunal judiciaire de Bobigny, le 12 avril 2023, n\u00b024\/03119 - Ma\u00eetre Hassan Kohen, avocat en droit p\u00e9nal \u00e0 Paris<\/title>\n<meta name=\"description\" content=\"Le tribunal judiciaire, statuant par jugement r\u00e9put\u00e9 contradictoire, a rendu une d\u00e9cision le 12 avril 2023. Cette instance concernait l&#039;indemnisation de dive...\" \/>\n<meta name=\"robots\" content=\"index, follow, max-snippet:-1, max-image-preview:large, max-video-preview:-1\" \/>\n<link rel=\"canonical\" href=\"https:\/\/kohenavocats.com\/zh-hans\/tribunal-judiciaire-de-bobigny-le-12-avril-2023-n24-03119\/\" \/>\n<meta property=\"og:locale\" content=\"zh_CN\" \/>\n<meta property=\"og:type\" content=\"article\" \/>\n<meta property=\"og:title\" content=\"Tribunal judiciaire de Bobigny, le 12 avril 2023, n\u00b024\/03119\" \/>\n<meta property=\"og:description\" content=\"Le tribunal judiciaire, statuant par jugement r\u00e9put\u00e9 contradictoire, a rendu une d\u00e9cision le 12 avril 2023. Cette instance concernait l&#039;indemnisation de dive...\" \/>\n<meta property=\"og:url\" content=\"https:\/\/kohenavocats.com\/zh-hans\/tribunal-judiciaire-de-bobigny-le-12-avril-2023-n24-03119\/\" \/>\n<meta property=\"og:site_name\" content=\"Ma\u00eetre Hassan Kohen, avocat en droit p\u00e9nal \u00e0 Paris\" \/>\n<meta property=\"article:published_time\" content=\"2026-04-25T16:06:42+00:00\" \/>\n<meta property=\"og:image\" content=\"https:\/\/kohenavocats.com\/wp-content\/uploads\/2024\/07\/wesley-tingey-KJgkqQcdynQ-unsplash.webp\" \/>\n\t<meta property=\"og:image:width\" content=\"5622\" \/>\n\t<meta property=\"og:image:height\" content=\"3748\" \/>\n\t<meta property=\"og:image:type\" content=\"image\/webp\" \/>\n<meta name=\"author\" content=\"Kohen\" \/>\n<meta name=\"twitter:card\" content=\"summary_large_image\" \/>\n<meta name=\"twitter:label1\" content=\"\u4f5c\u8005\" \/>\n\t<meta name=\"twitter:data1\" content=\"Kohen\" \/>\n\t<meta name=\"twitter:label2\" content=\"\u9884\u8ba1\u9605\u8bfb\u65f6\u95f4\" \/>\n\t<meta name=\"twitter:data2\" content=\"2 \u5206\" \/>\n<script type=\"application\/ld+json\" class=\"yoast-schema-graph\">{\"@context\":\"https:\\\/\\\/schema.org\",\"@graph\":[{\"@type\":\"Article\",\"@id\":\"https:\\\/\\\/kohenavocats.com\\\/zh-hans\\\/tribunal-judiciaire-de-bobigny-le-12-avril-2023-n24-03119\\\/#article\",\"isPartOf\":{\"@id\":\"https:\\\/\\\/kohenavocats.com\\\/zh-hans\\\/tribunal-judiciaire-de-bobigny-le-12-avril-2023-n24-03119\\\/\"},\"author\":{\"name\":\"Kohen\",\"@id\":\"https:\\\/\\\/kohenavocats.com\\\/zh-hans\\\/#\\\/schema\\\/person\\\/761c9ba54fa1ca84d405cef0831ff751\"},\"headline\":\"Tribunal judiciaire de Bobigny, le 12 avril 2023, n\u00b024\\\/03119\",\"datePublished\":\"2026-04-25T16:06:42+00:00\",\"mainEntityOfPage\":{\"@id\":\"https:\\\/\\\/kohenavocats.com\\\/zh-hans\\\/tribunal-judiciaire-de-bobigny-le-12-avril-2023-n24-03119\\\/\"},\"wordCount\":495,\"commentCount\":0,\"publisher\":{\"@id\":\"https:\\\/\\\/kohenavocats.com\\\/zh-hans\\\/#organization\"},\"image\":{\"@id\":\"https:\\\/\\\/kohenavocats.com\\\/zh-hans\\\/tribunal-judiciaire-de-bobigny-le-12-avril-2023-n24-03119\\\/#primaryimage\"},\"thumbnailUrl\":\"https:\\\/\\\/kohenavocats.com\\\/wp-content\\\/uploads\\\/2024\\\/07\\\/wesley-tingey-KJgkqQcdynQ-unsplash.webp\",\"articleSection\":[\"Jurisprudence\"],\"inLanguage\":\"zh-Hans\",\"potentialAction\":[{\"@type\":\"CommentAction\",\"name\":\"Comment\",\"target\":[\"https:\\\/\\\/kohenavocats.com\\\/zh-hans\\\/tribunal-judiciaire-de-bobigny-le-12-avril-2023-n24-03119\\\/#respond\"]}],\"citation\":\"Tribunal judiciaire de Bobigny, le 12 avril 2023, n\u00b024\\\/03119\",\"about\":[{\"@type\":\"Thing\",\"name\":\"Jurisprudence\"}],\"dateModified\":\"2026-04-25T16:06:42+00:00\",\"speakable\":{\"@type\":\"SpeakableSpecification\",\"cssSelector\":[\".article-content > p:first-of-type\"]}},{\"@type\":\"WebPage\",\"@id\":\"https:\\\/\\\/kohenavocats.com\\\/zh-hans\\\/tribunal-judiciaire-de-bobigny-le-12-avril-2023-n24-03119\\\/\",\"url\":\"https:\\\/\\\/kohenavocats.com\\\/zh-hans\\\/tribunal-judiciaire-de-bobigny-le-12-avril-2023-n24-03119\\\/\",\"name\":\"Tribunal judiciaire de Bobigny, le 12 avril 2023, n\u00b024\\\/03119 - Ma\u00eetre Hassan Kohen, avocat en droit p\u00e9nal \u00e0 Paris\",\"isPartOf\":{\"@id\":\"https:\\\/\\\/kohenavocats.com\\\/zh-hans\\\/#website\"},\"primaryImageOfPage\":{\"@id\":\"https:\\\/\\\/kohenavocats.com\\\/zh-hans\\\/tribunal-judiciaire-de-bobigny-le-12-avril-2023-n24-03119\\\/#primaryimage\"},\"image\":{\"@id\":\"https:\\\/\\\/kohenavocats.com\\\/zh-hans\\\/tribunal-judiciaire-de-bobigny-le-12-avril-2023-n24-03119\\\/#primaryimage\"},\"thumbnailUrl\":\"https:\\\/\\\/kohenavocats.com\\\/wp-content\\\/uploads\\\/2024\\\/07\\\/wesley-tingey-KJgkqQcdynQ-unsplash.webp\",\"datePublished\":\"2026-04-25T16:06:42+00:00\",\"description\":\"Le tribunal judiciaire, statuant par jugement r\u00e9put\u00e9 contradictoire, a rendu une d\u00e9cision le 12 avril 2023. Cette instance concernait l'indemnisation de dive...\",\"breadcrumb\":{\"@id\":\"https:\\\/\\\/kohenavocats.com\\\/zh-hans\\\/tribunal-judiciaire-de-bobigny-le-12-avril-2023-n24-03119\\\/#breadcrumb\"},\"inLanguage\":\"zh-Hans\",\"potentialAction\":[{\"@type\":\"ReadAction\",\"target\":[\"https:\\\/\\\/kohenavocats.com\\\/zh-hans\\\/tribunal-judiciaire-de-bobigny-le-12-avril-2023-n24-03119\\\/\"]}]},{\"@type\":\"ImageObject\",\"inLanguage\":\"zh-Hans\",\"@id\":\"https:\\\/\\\/kohenavocats.com\\\/zh-hans\\\/tribunal-judiciaire-de-bobigny-le-12-avril-2023-n24-03119\\\/#primaryimage\",\"url\":\"https:\\\/\\\/kohenavocats.com\\\/wp-content\\\/uploads\\\/2024\\\/07\\\/wesley-tingey-KJgkqQcdynQ-unsplash.webp\",\"contentUrl\":\"https:\\\/\\\/kohenavocats.com\\\/wp-content\\\/uploads\\\/2024\\\/07\\\/wesley-tingey-KJgkqQcdynQ-unsplash.webp\",\"width\":5622,\"height\":3748},{\"@type\":\"BreadcrumbList\",\"@id\":\"https:\\\/\\\/kohenavocats.com\\\/zh-hans\\\/tribunal-judiciaire-de-bobigny-le-12-avril-2023-n24-03119\\\/#breadcrumb\",\"itemListElement\":[{\"@type\":\"ListItem\",\"position\":1,\"name\":\"Home\",\"item\":\"https:\\\/\\\/kohenavocats.com\\\/zh-hans\\\/\"},{\"@type\":\"ListItem\",\"position\":2,\"name\":\"Tribunal judiciaire de Bobigny, le 12 avril 2023, n\u00b024\\\/03119\"}]},{\"@type\":\"WebSite\",\"@id\":\"https:\\\/\\\/kohenavocats.com\\\/zh-hans\\\/#website\",\"url\":\"https:\\\/\\\/kohenavocats.com\\\/zh-hans\\\/\",\"name\":\"Kohen Avocats\",\"description\":\"Ma\u00eetre Hassan Kohen, avocat p\u00e9naliste \u00e0 Paris, intervient exclusivement en droit p\u00e9nal pour la d\u00e9fense des particuliers, notamment en mati\u00e8re d\u2019accusations de viol. Il assure un accompagnement rigoureux d\u00e8s la garde \u00e0 vue jusqu\u2019\u00e0 la Cour d\u2019assises, veillant au strict respect des garanties proc\u00e9durales.\",\"publisher\":{\"@id\":\"https:\\\/\\\/kohenavocats.com\\\/zh-hans\\\/#organization\"},\"potentialAction\":[{\"@type\":\"SearchAction\",\"target\":{\"@type\":\"EntryPoint\",\"urlTemplate\":\"https:\\\/\\\/kohenavocats.com\\\/zh-hans\\\/?s={search_term_string}\"},\"query-input\":{\"@type\":\"PropertyValueSpecification\",\"valueRequired\":true,\"valueName\":\"search_term_string\"}}],\"inLanguage\":\"zh-Hans\"},{\"@type\":\"Organization\",\"@id\":\"https:\\\/\\\/kohenavocats.com\\\/zh-hans\\\/#organization\",\"name\":\"Kohen Avocats\",\"url\":\"https:\\\/\\\/kohenavocats.com\\\/zh-hans\\\/\",\"logo\":{\"@type\":\"ImageObject\",\"inLanguage\":\"zh-Hans\",\"@id\":\"https:\\\/\\\/kohenavocats.com\\\/zh-hans\\\/#\\\/schema\\\/logo\\\/image\\\/\",\"url\":\"https:\\\/\\\/kohenavocats.com\\\/wp-content\\\/uploads\\\/2026\\\/01\\\/Logo-2-1.webp\",\"contentUrl\":\"https:\\\/\\\/kohenavocats.com\\\/wp-content\\\/uploads\\\/2026\\\/01\\\/Logo-2-1.webp\",\"width\":2114,\"height\":1253,\"caption\":\"Kohen Avocats\"},\"image\":{\"@id\":\"https:\\\/\\\/kohenavocats.com\\\/zh-hans\\\/#\\\/schema\\\/logo\\\/image\\\/\"}},{\"@type\":\"Person\",\"@id\":\"https:\\\/\\\/kohenavocats.com\\\/zh-hans\\\/#\\\/schema\\\/person\\\/761c9ba54fa1ca84d405cef0831ff751\",\"name\":\"Kohen\",\"image\":{\"@type\":\"ImageObject\",\"inLanguage\":\"zh-Hans\",\"@id\":\"https:\\\/\\\/secure.gravatar.com\\\/avatar\\\/1c5e76ef76bbbfdd2b4da984e2bf2fa4056fd51a27d25ce2c332047f1dfd6e00?s=96&d=identicon&r=g\",\"url\":\"https:\\\/\\\/secure.gravatar.com\\\/avatar\\\/1c5e76ef76bbbfdd2b4da984e2bf2fa4056fd51a27d25ce2c332047f1dfd6e00?s=96&d=identicon&r=g\",\"contentUrl\":\"https:\\\/\\\/secure.gravatar.com\\\/avatar\\\/1c5e76ef76bbbfdd2b4da984e2bf2fa4056fd51a27d25ce2c332047f1dfd6e00?s=96&d=identicon&r=g\",\"caption\":\"Kohen\"},\"sameAs\":[\"https:\\\/\\\/www.linkedin.com\\\/in\\\/hassan-kohen-448548192\\\/\",\"https:\\\/\\\/www.youtube.com\\\/@Kohen-Avocats\"],\"url\":\"https:\\\/\\\/kohenavocats.com\\\/zh-hans\\\/author\\\/kohenmlk\\\/\"}]}<\/script>\n<!-- \/ Yoast SEO Premium plugin. -->","yoast_head_json":{"title":"Tribunal judiciaire de Bobigny, le 12 avril 2023, n\u00b024\/03119 - Ma\u00eetre Hassan Kohen, avocat en droit p\u00e9nal \u00e0 Paris","description":"Le tribunal judiciaire, statuant par jugement r\u00e9put\u00e9 contradictoire, a rendu une d\u00e9cision le 12 avril 2023. Cette instance concernait l'indemnisation de dive...","robots":{"index":"index","follow":"follow","max-snippet":"max-snippet:-1","max-image-preview":"max-image-preview:large","max-video-preview":"max-video-preview:-1"},"canonical":"https:\/\/kohenavocats.com\/zh-hans\/tribunal-judiciaire-de-bobigny-le-12-avril-2023-n24-03119\/","og_locale":"zh_CN","og_type":"article","og_title":"Tribunal judiciaire de Bobigny, le 12 avril 2023, n\u00b024\/03119","og_description":"Le tribunal judiciaire, statuant par jugement r\u00e9put\u00e9 contradictoire, a rendu une d\u00e9cision le 12 avril 2023. Cette instance concernait l'indemnisation de dive...","og_url":"https:\/\/kohenavocats.com\/zh-hans\/tribunal-judiciaire-de-bobigny-le-12-avril-2023-n24-03119\/","og_site_name":"Ma\u00eetre Hassan Kohen, avocat en droit p\u00e9nal \u00e0 Paris","article_published_time":"2026-04-25T16:06:42+00:00","og_image":[{"width":5622,"height":3748,"url":"https:\/\/kohenavocats.com\/wp-content\/uploads\/2024\/07\/wesley-tingey-KJgkqQcdynQ-unsplash.webp","type":"image\/webp"}],"author":"Kohen","twitter_card":"summary_large_image","twitter_misc":{"\u4f5c\u8005":"Kohen","\u9884\u8ba1\u9605\u8bfb\u65f6\u95f4":"2 \u5206"},"schema":{"@context":"https:\/\/schema.org","@graph":[{"@type":"Article","@id":"https:\/\/kohenavocats.com\/zh-hans\/tribunal-judiciaire-de-bobigny-le-12-avril-2023-n24-03119\/#article","isPartOf":{"@id":"https:\/\/kohenavocats.com\/zh-hans\/tribunal-judiciaire-de-bobigny-le-12-avril-2023-n24-03119\/"},"author":{"name":"Kohen","@id":"https:\/\/kohenavocats.com\/zh-hans\/#\/schema\/person\/761c9ba54fa1ca84d405cef0831ff751"},"headline":"Tribunal judiciaire de Bobigny, le 12 avril 2023, n\u00b024\/03119","datePublished":"2026-04-25T16:06:42+00:00","mainEntityOfPage":{"@id":"https:\/\/kohenavocats.com\/zh-hans\/tribunal-judiciaire-de-bobigny-le-12-avril-2023-n24-03119\/"},"wordCount":495,"commentCount":0,"publisher":{"@id":"https:\/\/kohenavocats.com\/zh-hans\/#organization"},"image":{"@id":"https:\/\/kohenavocats.com\/zh-hans\/tribunal-judiciaire-de-bobigny-le-12-avril-2023-n24-03119\/#primaryimage"},"thumbnailUrl":"https:\/\/kohenavocats.com\/wp-content\/uploads\/2024\/07\/wesley-tingey-KJgkqQcdynQ-unsplash.webp","articleSection":["Jurisprudence"],"inLanguage":"zh-Hans","potentialAction":[{"@type":"CommentAction","name":"Comment","target":["https:\/\/kohenavocats.com\/zh-hans\/tribunal-judiciaire-de-bobigny-le-12-avril-2023-n24-03119\/#respond"]}],"citation":"Tribunal judiciaire de Bobigny, le 12 avril 2023, n\u00b024\/03119","about":[{"@type":"Thing","name":"Jurisprudence"}],"dateModified":"2026-04-25T16:06:42+00:00","speakable":{"@type":"SpeakableSpecification","cssSelector":[".article-content > p:first-of-type"]}},{"@type":"WebPage","@id":"https:\/\/kohenavocats.com\/zh-hans\/tribunal-judiciaire-de-bobigny-le-12-avril-2023-n24-03119\/","url":"https:\/\/kohenavocats.com\/zh-hans\/tribunal-judiciaire-de-bobigny-le-12-avril-2023-n24-03119\/","name":"Tribunal judiciaire de Bobigny, le 12 avril 2023, n\u00b024\/03119 - Ma\u00eetre Hassan Kohen, avocat en droit p\u00e9nal \u00e0 Paris","isPartOf":{"@id":"https:\/\/kohenavocats.com\/zh-hans\/#website"},"primaryImageOfPage":{"@id":"https:\/\/kohenavocats.com\/zh-hans\/tribunal-judiciaire-de-bobigny-le-12-avril-2023-n24-03119\/#primaryimage"},"image":{"@id":"https:\/\/kohenavocats.com\/zh-hans\/tribunal-judiciaire-de-bobigny-le-12-avril-2023-n24-03119\/#primaryimage"},"thumbnailUrl":"https:\/\/kohenavocats.com\/wp-content\/uploads\/2024\/07\/wesley-tingey-KJgkqQcdynQ-unsplash.webp","datePublished":"2026-04-25T16:06:42+00:00","description":"Le tribunal judiciaire, statuant par jugement r\u00e9put\u00e9 contradictoire, a rendu une d\u00e9cision le 12 avril 2023. Cette instance concernait l'indemnisation de dive...","breadcrumb":{"@id":"https:\/\/kohenavocats.com\/zh-hans\/tribunal-judiciaire-de-bobigny-le-12-avril-2023-n24-03119\/#breadcrumb"},"inLanguage":"zh-Hans","potentialAction":[{"@type":"ReadAction","target":["https:\/\/kohenavocats.com\/zh-hans\/tribunal-judiciaire-de-bobigny-le-12-avril-2023-n24-03119\/"]}]},{"@type":"ImageObject","inLanguage":"zh-Hans","@id":"https:\/\/kohenavocats.com\/zh-hans\/tribunal-judiciaire-de-bobigny-le-12-avril-2023-n24-03119\/#primaryimage","url":"https:\/\/kohenavocats.com\/wp-content\/uploads\/2024\/07\/wesley-tingey-KJgkqQcdynQ-unsplash.webp","contentUrl":"https:\/\/kohenavocats.com\/wp-content\/uploads\/2024\/07\/wesley-tingey-KJgkqQcdynQ-unsplash.webp","width":5622,"height":3748},{"@type":"BreadcrumbList","@id":"https:\/\/kohenavocats.com\/zh-hans\/tribunal-judiciaire-de-bobigny-le-12-avril-2023-n24-03119\/#breadcrumb","itemListElement":[{"@type":"ListItem","position":1,"name":"Home","item":"https:\/\/kohenavocats.com\/zh-hans\/"},{"@type":"ListItem","position":2,"name":"Tribunal judiciaire de Bobigny, le 12 avril 2023, n\u00b024\/03119"}]},{"@type":"WebSite","@id":"https:\/\/kohenavocats.com\/zh-hans\/#website","url":"https:\/\/kohenavocats.com\/zh-hans\/","name":"Kohen Avocats","description":"Ma\u00eetre Hassan Kohen, avocat p\u00e9naliste \u00e0 Paris, intervient exclusivement en droit p\u00e9nal pour la d\u00e9fense des particuliers, notamment en mati\u00e8re d\u2019accusations de viol. Il assure un accompagnement rigoureux d\u00e8s la garde \u00e0 vue jusqu\u2019\u00e0 la Cour d\u2019assises, veillant au strict respect des garanties proc\u00e9durales.","publisher":{"@id":"https:\/\/kohenavocats.com\/zh-hans\/#organization"},"potentialAction":[{"@type":"SearchAction","target":{"@type":"EntryPoint","urlTemplate":"https:\/\/kohenavocats.com\/zh-hans\/?s={search_term_string}"},"query-input":{"@type":"PropertyValueSpecification","valueRequired":true,"valueName":"search_term_string"}}],"inLanguage":"zh-Hans"},{"@type":"Organization","@id":"https:\/\/kohenavocats.com\/zh-hans\/#organization","name":"Kohen Avocats","url":"https:\/\/kohenavocats.com\/zh-hans\/","logo":{"@type":"ImageObject","inLanguage":"zh-Hans","@id":"https:\/\/kohenavocats.com\/zh-hans\/#\/schema\/logo\/image\/","url":"https:\/\/kohenavocats.com\/wp-content\/uploads\/2026\/01\/Logo-2-1.webp","contentUrl":"https:\/\/kohenavocats.com\/wp-content\/uploads\/2026\/01\/Logo-2-1.webp","width":2114,"height":1253,"caption":"Kohen Avocats"},"image":{"@id":"https:\/\/kohenavocats.com\/zh-hans\/#\/schema\/logo\/image\/"}},{"@type":"Person","@id":"https:\/\/kohenavocats.com\/zh-hans\/#\/schema\/person\/761c9ba54fa1ca84d405cef0831ff751","name":"Kohen","image":{"@type":"ImageObject","inLanguage":"zh-Hans","@id":"https:\/\/secure.gravatar.com\/avatar\/1c5e76ef76bbbfdd2b4da984e2bf2fa4056fd51a27d25ce2c332047f1dfd6e00?s=96&d=identicon&r=g","url":"https:\/\/secure.gravatar.com\/avatar\/1c5e76ef76bbbfdd2b4da984e2bf2fa4056fd51a27d25ce2c332047f1dfd6e00?s=96&d=identicon&r=g","contentUrl":"https:\/\/secure.gravatar.com\/avatar\/1c5e76ef76bbbfdd2b4da984e2bf2fa4056fd51a27d25ce2c332047f1dfd6e00?s=96&d=identicon&r=g","caption":"Kohen"},"sameAs":["https:\/\/www.linkedin.com\/in\/hassan-kohen-448548192\/","https:\/\/www.youtube.com\/@Kohen-Avocats"],"url":"https:\/\/kohenavocats.com\/zh-hans\/author\/kohenmlk\/"}]}},"jetpack_featured_media_url":"https:\/\/kohenavocats.com\/wp-content\/uploads\/2024\/07\/wesley-tingey-KJgkqQcdynQ-unsplash.webp","jetpack_likes_enabled":false,"jetpack_shortlink":"https:\/\/wp.me\/peCrII-2REG","jetpack-related-posts":[{"id":638944,"url":"https:\/\/kohenavocats.com\/zh-hans\/tribunal-judiciaire-de-grenoble-le-28-avril-2023-n20-01028\/","url_meta":{"origin":682910,"position":0},"title":"Tribunal judiciaire de Grenoble, le 28 avril 2023, n\u00b020\/01028","author":"Kohen","date":"2026\u5e744\u670821\u65e5","format":false,"excerpt":"Le p\u00f4le social du tribunal judiciaire de Grenoble,\u2026","rel":"","context":"\u5728\u201cJurisprudence\u201d\u4e2d","block_context":{"text":"Jurisprudence","link":"https:\/\/kohenavocats.com\/category\/jurisprudence\/"},"img":{"alt_text":"","src":"https:\/\/i0.wp.com\/kohenavocats.com\/wp-content\/uploads\/2024\/11\/lala-azizli-WACE8feA8SQ-unsplash-1.webp?resize=350%2C200&ssl=1","width":350,"height":200,"srcset":"https:\/\/i0.wp.com\/kohenavocats.com\/wp-content\/uploads\/2024\/11\/lala-azizli-WACE8feA8SQ-unsplash-1.webp?resize=350%2C200&ssl=1 1x, https:\/\/i0.wp.com\/kohenavocats.com\/wp-content\/uploads\/2024\/11\/lala-azizli-WACE8feA8SQ-unsplash-1.webp?resize=525%2C300&ssl=1 1.5x, https:\/\/i0.wp.com\/kohenavocats.com\/wp-content\/uploads\/2024\/11\/lala-azizli-WACE8feA8SQ-unsplash-1.webp?resize=700%2C400&ssl=1 2x, https:\/\/i0.wp.com\/kohenavocats.com\/wp-content\/uploads\/2024\/11\/lala-azizli-WACE8feA8SQ-unsplash-1.webp?resize=1050%2C600&ssl=1 3x, https:\/\/i0.wp.com\/kohenavocats.com\/wp-content\/uploads\/2024\/11\/lala-azizli-WACE8feA8SQ-unsplash-1.webp?resize=1400%2C800&ssl=1 4x"},"classes":[]},{"id":487946,"url":"https:\/\/kohenavocats.com\/zh-hans\/cour-dappel-de-rennes-le-25-avril-2024-n22-05735\/","url_meta":{"origin":682910,"position":1},"title":"Cour d&#8217;appel de Rennes, le 25 avril 2024, n\u00b022\/05735","author":"Kohen","date":"2026\u5e744\u67088\u65e5","format":false,"excerpt":"La chambre sociale de la cour d'appel de Rennes, d\u2026","rel":"","context":"\u5728\u201cJurisprudence\u201d\u4e2d","block_context":{"text":"Jurisprudence","link":"https:\/\/kohenavocats.com\/category\/jurisprudence\/"},"img":{"alt_text":"","src":"https:\/\/i0.wp.com\/kohenavocats.com\/wp-content\/uploads\/2024\/08\/mathieu-gauzy-4CVs3VcCR6k-unsplash.webp?resize=350%2C200&ssl=1","width":350,"height":200,"srcset":"https:\/\/i0.wp.com\/kohenavocats.com\/wp-content\/uploads\/2024\/08\/mathieu-gauzy-4CVs3VcCR6k-unsplash.webp?resize=350%2C200&ssl=1 1x, https:\/\/i0.wp.com\/kohenavocats.com\/wp-content\/uploads\/2024\/08\/mathieu-gauzy-4CVs3VcCR6k-unsplash.webp?resize=525%2C300&ssl=1 1.5x, https:\/\/i0.wp.com\/kohenavocats.com\/wp-content\/uploads\/2024\/08\/mathieu-gauzy-4CVs3VcCR6k-unsplash.webp?resize=700%2C400&ssl=1 2x, https:\/\/i0.wp.com\/kohenavocats.com\/wp-content\/uploads\/2024\/08\/mathieu-gauzy-4CVs3VcCR6k-unsplash.webp?resize=1050%2C600&ssl=1 3x, https:\/\/i0.wp.com\/kohenavocats.com\/wp-content\/uploads\/2024\/08\/mathieu-gauzy-4CVs3VcCR6k-unsplash.webp?resize=1400%2C800&ssl=1 4x"},"classes":[]},{"id":659146,"url":"https:\/\/kohenavocats.com\/zh-hans\/tribunal-judiciaire-de-grenoble-le-25-avril-2025-n17-01448\/","url_meta":{"origin":682910,"position":2},"title":"Tribunal judiciaire de Grenoble, le 25 avril 2025, n\u00b017\/01448","author":"Kohen","date":"2026\u5e744\u670823\u65e5","format":false,"excerpt":"Le Tribunal judiciaire de Grenoble, p\u00f4le social, a\u2026","rel":"","context":"\u5728\u201cJurisprudence\u201d\u4e2d","block_context":{"text":"Jurisprudence","link":"https:\/\/kohenavocats.com\/category\/jurisprudence\/"},"img":{"alt_text":"","src":"https:\/\/i0.wp.com\/kohenavocats.com\/wp-content\/uploads\/2024\/06\/alex-block-PdDBTrkGYLo-unsplash.jpg?resize=350%2C200&ssl=1","width":350,"height":200,"srcset":"https:\/\/i0.wp.com\/kohenavocats.com\/wp-content\/uploads\/2024\/06\/alex-block-PdDBTrkGYLo-unsplash.jpg?resize=350%2C200&ssl=1 1x, https:\/\/i0.wp.com\/kohenavocats.com\/wp-content\/uploads\/2024\/06\/alex-block-PdDBTrkGYLo-unsplash.jpg?resize=525%2C300&ssl=1 1.5x, https:\/\/i0.wp.com\/kohenavocats.com\/wp-content\/uploads\/2024\/06\/alex-block-PdDBTrkGYLo-unsplash.jpg?resize=700%2C400&ssl=1 2x, https:\/\/i0.wp.com\/kohenavocats.com\/wp-content\/uploads\/2024\/06\/alex-block-PdDBTrkGYLo-unsplash.jpg?resize=1050%2C600&ssl=1 3x, https:\/\/i0.wp.com\/kohenavocats.com\/wp-content\/uploads\/2024\/06\/alex-block-PdDBTrkGYLo-unsplash.jpg?resize=1400%2C800&ssl=1 4x"},"classes":[]},{"id":203141,"url":"https:\/\/kohenavocats.com\/zh-hans\/cour-dappel-administrative-de-paris-le-29-avril-2025-n23pa02679\/","url_meta":{"origin":682910,"position":3},"title":"Cour d&#8217;appel administrative de Paris, le 29 avril 2025, n\u00b023PA02679","author":"Kohen","date":"2025\u5e7412\u670821\u65e5","format":false,"excerpt":"Par un arr\u00eat en date du 29 avril 2025, la cour adm\u2026","rel":"","context":"\u5728\u201cCour administrative d'appel\u201d\u4e2d","block_context":{"text":"Cour administrative d'appel","link":"https:\/\/kohenavocats.com\/category\/cour-administrative-dappel\/"},"img":{"alt_text":"","src":"https:\/\/i0.wp.com\/kohenavocats.com\/wp-content\/uploads\/2024\/11\/allison-saeng-otvLRPkYfIo-unsplash.webp?resize=350%2C200&ssl=1","width":350,"height":200,"srcset":"https:\/\/i0.wp.com\/kohenavocats.com\/wp-content\/uploads\/2024\/11\/allison-saeng-otvLRPkYfIo-unsplash.webp?resize=350%2C200&ssl=1 1x, https:\/\/i0.wp.com\/kohenavocats.com\/wp-content\/uploads\/2024\/11\/allison-saeng-otvLRPkYfIo-unsplash.webp?resize=525%2C300&ssl=1 1.5x, https:\/\/i0.wp.com\/kohenavocats.com\/wp-content\/uploads\/2024\/11\/allison-saeng-otvLRPkYfIo-unsplash.webp?resize=700%2C400&ssl=1 2x, https:\/\/i0.wp.com\/kohenavocats.com\/wp-content\/uploads\/2024\/11\/allison-saeng-otvLRPkYfIo-unsplash.webp?resize=1050%2C600&ssl=1 3x, https:\/\/i0.wp.com\/kohenavocats.com\/wp-content\/uploads\/2024\/11\/allison-saeng-otvLRPkYfIo-unsplash.webp?resize=1400%2C800&ssl=1 4x"},"classes":[]},{"id":491884,"url":"https:\/\/kohenavocats.com\/zh-hans\/tribunal-judiciaire-de-dijon-le-18-avril-2024-n23-03094\/","url_meta":{"origin":682910,"position":4},"title":"Tribunal judiciaire de Dijon, le 18 avril 2024, n\u00b023\/03094","author":"Kohen","date":"2026\u5e744\u67088\u65e5","format":false,"excerpt":"Le tribunal judiciaire de Dijon, statuant le 18 av\u2026","rel":"","context":"\u5728\u201cJurisprudence\u201d\u4e2d","block_context":{"text":"Jurisprudence","link":"https:\/\/kohenavocats.com\/category\/jurisprudence\/"},"img":{"alt_text":"","src":"https:\/\/i0.wp.com\/kohenavocats.com\/wp-content\/uploads\/2024\/07\/zac-nielson-s4vuMuapk4Y-unsplash.webp?resize=350%2C200&ssl=1","width":350,"height":200,"srcset":"https:\/\/i0.wp.com\/kohenavocats.com\/wp-content\/uploads\/2024\/07\/zac-nielson-s4vuMuapk4Y-unsplash.webp?resize=350%2C200&ssl=1 1x, https:\/\/i0.wp.com\/kohenavocats.com\/wp-content\/uploads\/2024\/07\/zac-nielson-s4vuMuapk4Y-unsplash.webp?resize=525%2C300&ssl=1 1.5x, https:\/\/i0.wp.com\/kohenavocats.com\/wp-content\/uploads\/2024\/07\/zac-nielson-s4vuMuapk4Y-unsplash.webp?resize=700%2C400&ssl=1 2x, https:\/\/i0.wp.com\/kohenavocats.com\/wp-content\/uploads\/2024\/07\/zac-nielson-s4vuMuapk4Y-unsplash.webp?resize=1050%2C600&ssl=1 3x, https:\/\/i0.wp.com\/kohenavocats.com\/wp-content\/uploads\/2024\/07\/zac-nielson-s4vuMuapk4Y-unsplash.webp?resize=1400%2C800&ssl=1 4x"},"classes":[]},{"id":660410,"url":"https:\/\/kohenavocats.com\/zh-hans\/cour-dappel-de-rouen-le-27-fevrier-2023-n23-01146\/","url_meta":{"origin":682910,"position":5},"title":"Cour d&#8217;appel de Rouen, le 27 f\u00e9vrier 2023, n\u00b023\/01146","author":"Kohen","date":"2026\u5e744\u670823\u65e5","format":false,"excerpt":"La Cour d\u2019appel de Rouen, statuant en dernier ress\u2026","rel":"","context":"\u5728\u201cJurisprudence\u201d\u4e2d","block_context":{"text":"Jurisprudence","link":"https:\/\/kohenavocats.com\/category\/jurisprudence\/"},"img":{"alt_text":"","src":"https:\/\/i0.wp.com\/kohenavocats.com\/wp-content\/uploads\/2024\/11\/planet-volumes-YGEIDE-iUi8-unsplash.webp?resize=350%2C200&ssl=1","width":350,"height":200,"srcset":"https:\/\/i0.wp.com\/kohenavocats.com\/wp-content\/uploads\/2024\/11\/planet-volumes-YGEIDE-iUi8-unsplash.webp?resize=350%2C200&ssl=1 1x, https:\/\/i0.wp.com\/kohenavocats.com\/wp-content\/uploads\/2024\/11\/planet-volumes-YGEIDE-iUi8-unsplash.webp?resize=525%2C300&ssl=1 1.5x, https:\/\/i0.wp.com\/kohenavocats.com\/wp-content\/uploads\/2024\/11\/planet-volumes-YGEIDE-iUi8-unsplash.webp?resize=700%2C400&ssl=1 2x, https:\/\/i0.wp.com\/kohenavocats.com\/wp-content\/uploads\/2024\/11\/planet-volumes-YGEIDE-iUi8-unsplash.webp?resize=1050%2C600&ssl=1 3x, https:\/\/i0.wp.com\/kohenavocats.com\/wp-content\/uploads\/2024\/11\/planet-volumes-YGEIDE-iUi8-unsplash.webp?resize=1400%2C800&ssl=1 4x"},"classes":[]}],"jetpack_sharing_enabled":true,"_links":{"self":[{"href":"https:\/\/kohenavocats.com\/zh-hans\/wp-json\/wp\/v2\/posts\/682910","targetHints":{"allow":["GET"]}}],"collection":[{"href":"https:\/\/kohenavocats.com\/zh-hans\/wp-json\/wp\/v2\/posts"}],"about":[{"href":"https:\/\/kohenavocats.com\/zh-hans\/wp-json\/wp\/v2\/types\/post"}],"author":[{"embeddable":true,"href":"https:\/\/kohenavocats.com\/zh-hans\/wp-json\/wp\/v2\/users\/232070755"}],"replies":[{"embeddable":true,"href":"https:\/\/kohenavocats.com\/zh-hans\/wp-json\/wp\/v2\/comments?post=682910"}],"version-history":[{"count":0,"href":"https:\/\/kohenavocats.com\/zh-hans\/wp-json\/wp\/v2\/posts\/682910\/revisions"}],"wp:featuredmedia":[{"embeddable":true,"href":"https:\/\/kohenavocats.com\/zh-hans\/wp-json\/wp\/v2\/media\/3921"}],"wp:attachment":[{"href":"https:\/\/kohenavocats.com\/zh-hans\/wp-json\/wp\/v2\/media?parent=682910"}],"wp:term":[{"taxonomy":"category","embeddable":true,"href":"https:\/\/kohenavocats.com\/zh-hans\/wp-json\/wp\/v2\/categories?post=682910"},{"taxonomy":"post_tag","embeddable":true,"href":"https:\/\/kohenavocats.com\/zh-hans\/wp-json\/wp\/v2\/tags?post=682910"}],"curies":[{"name":"wp","href":"https:\/\/api.w.org\/{rel}","templated":true}]}}