{"id":683207,"date":"2026-04-25T18:28:37","date_gmt":"2026-04-25T16:28:37","guid":{"rendered":"https:\/\/kohenavocats.com\/cour-dappel-de-toulouse-le-31-mars-2025-n23-00700\/"},"modified":"2026-04-25T18:28:37","modified_gmt":"2026-04-25T16:28:37","slug":"cour-dappel-de-toulouse-le-31-mars-2025-n23-00700","status":"publish","type":"post","link":"https:\/\/kohenavocats.com\/zh-hans\/cour-dappel-de-toulouse-le-31-mars-2025-n23-00700\/","title":{"rendered":"Cour d&#8217;appel de Toulouse, le 31 mars 2025, n\u00b023\/00700"},"content":{"rendered":"<div class=\"article-content\">\n<p>La Cour d&#8217;appel de Toulouse, le 31 mars 2025, statue sur un pourvoi contre une d\u00e9cision de la CIVI. La juridiction inf\u00e9rieure avait d\u00e9clar\u00e9 irrecevable une demande d&#8217;indemnisation pour forclusion. La victime soutenait que le d\u00e9lai n&#8217;avait pas correctement couru. La cour d&#8217;appel infirme la d\u00e9cision sur la recevabilit\u00e9 mais d\u00e9boute la victime au fond.<\/p>\n<p>Le point de d\u00e9part du d\u00e9lai de saisine de la CIVI<\/p>\n<p>La d\u00e9termination du point de d\u00e9part conditionne la recevabilit\u00e9 de la demande. L&#8217;article 706-5 du code de proc\u00e9dure p\u00e9nale pr\u00e9voit un d\u00e9lai d&#8217;un an apr\u00e8s la d\u00e9cision d\u00e9finitive de la juridiction r\u00e9pressive. La cour pr\u00e9cise l&#8217;application de ce texte en cas d&#8217;avis formel. Elle rappelle que &#8220;lorsque des poursuites p\u00e9nales sont exerc\u00e9es, ce d\u00e9lai est prorog\u00e9 et il n&#8217;expire qu&#8217;un an apr\u00e8s la d\u00e9cision de la juridiction qui a statu\u00e9 d\u00e9finitivement sur l&#8217;action publique&#8221; (Cour d&#8217;appel de Toulouse, le 31 mars 2025, n\u00b024\/01503). La solution prot\u00e8ge la victime qui n&#8217;a pas re\u00e7u une information claire et opportune.<\/p>\n<p>La port\u00e9e de cette analyse est significative pour la s\u00e9curit\u00e9 juridique. La cour retient que le d\u00e9lai court \u00e0 compter de la d\u00e9livrance effective de l&#8217;avis \u00e9crit. Elle constate qu&#8217;aucune mention &#8220;n&#8217;indique toutefois que cet avis aurait \u00e9t\u00e9 donn\u00e9 ant\u00e9rieurement \u00e0 la d\u00e9livrance du jugement \u00e9crit&#8221;. L&#8217;information orale \u00e0 l&#8217;audience n&#8217;est pas pr\u00e9sum\u00e9e. Cette interpr\u00e9tation stricte rejoint une jurisprudence constante de la Cour de cassation. Cette derni\u00e8re a jug\u00e9 qu&#8217;une &#8220;mention erron\u00e9e figurant dans l&#8217;avis d\u00e9livr\u00e9 en application de l&#8217;article 706-15 du code de proc\u00e9dure p\u00e9nale, selon laquelle le point de d\u00e9part du d\u00e9lai de saisine de la CIVI pr\u00e9vu par l&#8217;article 706-5 du m\u00eame code est la date \u00e0 laquelle le jugement contenant l&#8217;avis devient d\u00e9finitif, a pour effet de ne pas faire courir le d\u00e9lai du recours&#8221; (Cass. Deuxi\u00e8me chambre civile, le 29 mars 2018, n\u00b017-14.980). La cour garantit ainsi l&#8217;effectivit\u00e9 du droit \u00e0 indemnisation.<\/p>\n<p>La preuve de la situation mat\u00e9rielle ou psychologique grave<\/p>\n<p>Le b\u00e9n\u00e9fice de l&#8217;indemnisation est subordonn\u00e9 \u00e0 une condition de gravit\u00e9. L&#8217;article 706-14 du code de proc\u00e9dure p\u00e9nale exige une situation grave li\u00e9e \u00e0 l&#8217;infraction. La victime doit rapporter la preuve d&#8217;un pr\u00e9judice non r\u00e9par\u00e9 et d&#8217;une d\u00e9tresse actuelle. La cour examine successivement les \u00e9l\u00e9ments mat\u00e9riels et psychologiques produits. Elle op\u00e8re un contr\u00f4le strict du lien de causalit\u00e9 et de l&#8217;imputabilit\u00e9 directe. La charge de la preuve p\u00e8se int\u00e9gralement sur le demandeur \u00e0 l&#8217;indemnisation.<\/p>\n<p>La valeur de ce raisonnement r\u00e9side dans l&#8217;exigence d&#8217;un lien certain et direct. Pour la situation mat\u00e9rielle, la cour estime que les documents produits sont &#8220;inop\u00e9rants \u00e0 d\u00e9montrer une situation mat\u00e9rielle grave en lien avec les faits commis plus de dix ann\u00e9es auparavant&#8221;. Les attestations de pr\u00eat et d&#8217;h\u00e9bergement gratuit, sans \u00e9l\u00e9ments de comparaison patrimoniale, sont jug\u00e9es insuffisantes. S&#8217;agissant de la sant\u00e9, le certificat m\u00e9dical est \u00e9cart\u00e9 car il ne date &#8220;pas pr\u00e9cis\u00e9ment l&#8217;\u00e9tat de stress&#8221;. La cour exige une d\u00e9monstration concr\u00e8te et contemporaine du pr\u00e9judice all\u00e9gu\u00e9. Cette rigueur proc\u00e9durale vise \u00e0 r\u00e9server l&#8217;indemnisation aux situations les plus critiques.<\/p>\n<p>La port\u00e9e de cette exigence est de limiter l&#8217;acc\u00e8s \u00e0 l&#8217;indemnisation par la CIVI. Le fonds de garantie est con\u00e7u comme un ultime recours. La cour rappelle que la seule condamnation p\u00e9nale au civil ne suffit pas. Le pr\u00e9judice r\u00e9parable doit \u00eatre distinct et r\u00e9sulter d&#8217;une incapacit\u00e9 totale de travail ou d&#8217;une grave d\u00e9tresse. Cette interpr\u00e9tation restrictive peut sembler s\u00e9v\u00e8re pour la victime. Elle s&#8217;inscrit cependant dans le cadre l\u00e9gal d\u00e9fini pour le FGTI. La d\u00e9cision rappelle la nature subsidiaire de cette indemnisation par rapport aux voies de droit commun.<\/p>\n<\/div>\n","protected":false},"excerpt":{"rendered":"<p>La Cour d&#8217;appel de Toulouse, le 31 mars 2025, statue sur un pourvoi contre une d\u00e9cision de la CIVI. La juridiction inf\u00e9rieure avait d\u00e9clar\u00e9 irrecevable une d&#8230;<\/p>\n","protected":false},"author":232070755,"featured_media":9663,"comment_status":"open","ping_status":"open","sticky":false,"template":"","format":"standard","meta":{"_crdt_document":"","_jetpack_newsletter_access":"","_jetpack_dont_email_post_to_subs":false,"_jetpack_newsletter_tier_id":0,"_jetpack_memberships_contains_paywalled_content":false,"_kj_source_type":"judilibre","_kj_official_id":"68cb9358cec9e28b92f667bb","_kj_official_url":"https:\/\/www.courdecassation.fr\/decision\/68cb9358cec9e28b92f667bb","_kj_judilibre_id":"68cb9358cec9e28b92f667bb","_kj_jur":"Cour d'appel","_kj_lieu":"Cour d'appel de Toulouse","_kj_chambre":"3\u00e8me chambre","_kj_rg":"23\/00700","_kj_date":"2025-09-17","_jetpack_memberships_contains_paid_content":false,"footnotes":"","jetpack_post_was_ever_published":false},"categories":[7597],"tags":[],"class_list":["post-683207","post","type-post","status-publish","format-standard","has-post-thumbnail","hentry","category-jurisprudence"],"yoast_head":"<!-- This site is optimized with the Yoast SEO Premium plugin v27.5 (Yoast SEO v27.5) - https:\/\/yoast.com\/product\/yoast-seo-premium-wordpress\/ -->\n<title>Cour d&#039;appel de Toulouse, le 31 mars 2025, n\u00b023\/00700 - Ma\u00eetre Hassan Kohen, avocat en droit p\u00e9nal \u00e0 Paris<\/title>\n<meta name=\"description\" content=\"La Cour d&#039;appel de Toulouse, le 31 mars 2025, statue sur un pourvoi contre une d\u00e9cision de la CIVI. La juridiction inf\u00e9rieure avait d\u00e9clar\u00e9 irrecevable une d...\" \/>\n<meta name=\"robots\" content=\"index, follow, max-snippet:-1, max-image-preview:large, max-video-preview:-1\" \/>\n<link rel=\"canonical\" href=\"https:\/\/kohenavocats.com\/zh-hans\/cour-dappel-de-toulouse-le-31-mars-2025-n23-00700\/\" \/>\n<meta property=\"og:locale\" content=\"zh_CN\" \/>\n<meta property=\"og:type\" content=\"article\" \/>\n<meta property=\"og:title\" content=\"Cour d&#039;appel de Toulouse, le 31 mars 2025, n\u00b023\/00700\" \/>\n<meta property=\"og:description\" content=\"La Cour d&#039;appel de Toulouse, le 31 mars 2025, statue sur un pourvoi contre une d\u00e9cision de la CIVI. La juridiction inf\u00e9rieure avait d\u00e9clar\u00e9 irrecevable une d...\" \/>\n<meta property=\"og:url\" content=\"https:\/\/kohenavocats.com\/zh-hans\/cour-dappel-de-toulouse-le-31-mars-2025-n23-00700\/\" \/>\n<meta property=\"og:site_name\" content=\"Ma\u00eetre Hassan Kohen, avocat en droit p\u00e9nal \u00e0 Paris\" \/>\n<meta property=\"article:published_time\" content=\"2026-04-25T16:28:37+00:00\" \/>\n<meta property=\"og:image\" content=\"https:\/\/kohenavocats.com\/wp-content\/uploads\/2024\/11\/virginia-marinova-xqo5V5aU09g-unsplash.webp\" \/>\n\t<meta property=\"og:image:width\" content=\"5883\" \/>\n\t<meta property=\"og:image:height\" content=\"3914\" \/>\n\t<meta property=\"og:image:type\" content=\"image\/webp\" \/>\n<meta name=\"author\" content=\"Kohen\" \/>\n<meta name=\"twitter:card\" content=\"summary_large_image\" \/>\n<meta name=\"twitter:label1\" content=\"\u4f5c\u8005\" \/>\n\t<meta name=\"twitter:data1\" content=\"Kohen\" \/>\n\t<meta name=\"twitter:label2\" content=\"\u9884\u8ba1\u9605\u8bfb\u65f6\u95f4\" \/>\n\t<meta name=\"twitter:data2\" content=\"3 \u5206\" \/>\n<script type=\"application\/ld+json\" class=\"yoast-schema-graph\">{\"@context\":\"https:\\\/\\\/schema.org\",\"@graph\":[{\"@type\":\"Article\",\"@id\":\"https:\\\/\\\/kohenavocats.com\\\/zh-hans\\\/cour-dappel-de-toulouse-le-31-mars-2025-n23-00700\\\/#article\",\"isPartOf\":{\"@id\":\"https:\\\/\\\/kohenavocats.com\\\/zh-hans\\\/cour-dappel-de-toulouse-le-31-mars-2025-n23-00700\\\/\"},\"author\":{\"name\":\"Kohen\",\"@id\":\"https:\\\/\\\/kohenavocats.com\\\/zh-hans\\\/#\\\/schema\\\/person\\\/761c9ba54fa1ca84d405cef0831ff751\"},\"headline\":\"Cour d&#8217;appel de Toulouse, le 31 mars 2025, n\u00b023\\\/00700\",\"datePublished\":\"2026-04-25T16:28:37+00:00\",\"mainEntityOfPage\":{\"@id\":\"https:\\\/\\\/kohenavocats.com\\\/zh-hans\\\/cour-dappel-de-toulouse-le-31-mars-2025-n23-00700\\\/\"},\"wordCount\":713,\"commentCount\":0,\"publisher\":{\"@id\":\"https:\\\/\\\/kohenavocats.com\\\/zh-hans\\\/#organization\"},\"image\":{\"@id\":\"https:\\\/\\\/kohenavocats.com\\\/zh-hans\\\/cour-dappel-de-toulouse-le-31-mars-2025-n23-00700\\\/#primaryimage\"},\"thumbnailUrl\":\"https:\\\/\\\/kohenavocats.com\\\/wp-content\\\/uploads\\\/2024\\\/11\\\/virginia-marinova-xqo5V5aU09g-unsplash.webp\",\"articleSection\":[\"Jurisprudence\"],\"inLanguage\":\"zh-Hans\",\"potentialAction\":[{\"@type\":\"CommentAction\",\"name\":\"Comment\",\"target\":[\"https:\\\/\\\/kohenavocats.com\\\/zh-hans\\\/cour-dappel-de-toulouse-le-31-mars-2025-n23-00700\\\/#respond\"]}],\"citation\":\"Cour d&#8217;appel de Toulouse, le 31 mars 2025, n\u00b023\\\/00700\",\"about\":[{\"@type\":\"Thing\",\"name\":\"Jurisprudence\"}],\"dateModified\":\"2026-04-25T16:28:37+00:00\",\"speakable\":{\"@type\":\"SpeakableSpecification\",\"cssSelector\":[\".article-content > p:first-of-type\"]}},{\"@type\":\"WebPage\",\"@id\":\"https:\\\/\\\/kohenavocats.com\\\/zh-hans\\\/cour-dappel-de-toulouse-le-31-mars-2025-n23-00700\\\/\",\"url\":\"https:\\\/\\\/kohenavocats.com\\\/zh-hans\\\/cour-dappel-de-toulouse-le-31-mars-2025-n23-00700\\\/\",\"name\":\"Cour d'appel de Toulouse, le 31 mars 2025, n\u00b023\\\/00700 - Ma\u00eetre Hassan Kohen, avocat en droit p\u00e9nal \u00e0 Paris\",\"isPartOf\":{\"@id\":\"https:\\\/\\\/kohenavocats.com\\\/zh-hans\\\/#website\"},\"primaryImageOfPage\":{\"@id\":\"https:\\\/\\\/kohenavocats.com\\\/zh-hans\\\/cour-dappel-de-toulouse-le-31-mars-2025-n23-00700\\\/#primaryimage\"},\"image\":{\"@id\":\"https:\\\/\\\/kohenavocats.com\\\/zh-hans\\\/cour-dappel-de-toulouse-le-31-mars-2025-n23-00700\\\/#primaryimage\"},\"thumbnailUrl\":\"https:\\\/\\\/kohenavocats.com\\\/wp-content\\\/uploads\\\/2024\\\/11\\\/virginia-marinova-xqo5V5aU09g-unsplash.webp\",\"datePublished\":\"2026-04-25T16:28:37+00:00\",\"description\":\"La Cour d'appel de Toulouse, le 31 mars 2025, statue sur un pourvoi contre une d\u00e9cision de la CIVI. La juridiction inf\u00e9rieure avait d\u00e9clar\u00e9 irrecevable une d...\",\"breadcrumb\":{\"@id\":\"https:\\\/\\\/kohenavocats.com\\\/zh-hans\\\/cour-dappel-de-toulouse-le-31-mars-2025-n23-00700\\\/#breadcrumb\"},\"inLanguage\":\"zh-Hans\",\"potentialAction\":[{\"@type\":\"ReadAction\",\"target\":[\"https:\\\/\\\/kohenavocats.com\\\/zh-hans\\\/cour-dappel-de-toulouse-le-31-mars-2025-n23-00700\\\/\"]}]},{\"@type\":\"ImageObject\",\"inLanguage\":\"zh-Hans\",\"@id\":\"https:\\\/\\\/kohenavocats.com\\\/zh-hans\\\/cour-dappel-de-toulouse-le-31-mars-2025-n23-00700\\\/#primaryimage\",\"url\":\"https:\\\/\\\/kohenavocats.com\\\/wp-content\\\/uploads\\\/2024\\\/11\\\/virginia-marinova-xqo5V5aU09g-unsplash.webp\",\"contentUrl\":\"https:\\\/\\\/kohenavocats.com\\\/wp-content\\\/uploads\\\/2024\\\/11\\\/virginia-marinova-xqo5V5aU09g-unsplash.webp\",\"width\":5883,\"height\":3914},{\"@type\":\"BreadcrumbList\",\"@id\":\"https:\\\/\\\/kohenavocats.com\\\/zh-hans\\\/cour-dappel-de-toulouse-le-31-mars-2025-n23-00700\\\/#breadcrumb\",\"itemListElement\":[{\"@type\":\"ListItem\",\"position\":1,\"name\":\"Home\",\"item\":\"https:\\\/\\\/kohenavocats.com\\\/zh-hans\\\/\"},{\"@type\":\"ListItem\",\"position\":2,\"name\":\"Cour d&rsquo;appel de Toulouse, le 31 mars 2025, n\u00b023\\\/00700\"}]},{\"@type\":\"WebSite\",\"@id\":\"https:\\\/\\\/kohenavocats.com\\\/zh-hans\\\/#website\",\"url\":\"https:\\\/\\\/kohenavocats.com\\\/zh-hans\\\/\",\"name\":\"Kohen Avocats\",\"description\":\"Ma\u00eetre Hassan Kohen, avocat p\u00e9naliste \u00e0 Paris, intervient exclusivement en droit p\u00e9nal pour la d\u00e9fense des particuliers, notamment en mati\u00e8re d\u2019accusations de viol. Il assure un accompagnement rigoureux d\u00e8s la garde \u00e0 vue jusqu\u2019\u00e0 la Cour d\u2019assises, veillant au strict respect des garanties proc\u00e9durales.\",\"publisher\":{\"@id\":\"https:\\\/\\\/kohenavocats.com\\\/zh-hans\\\/#organization\"},\"potentialAction\":[{\"@type\":\"SearchAction\",\"target\":{\"@type\":\"EntryPoint\",\"urlTemplate\":\"https:\\\/\\\/kohenavocats.com\\\/zh-hans\\\/?s={search_term_string}\"},\"query-input\":{\"@type\":\"PropertyValueSpecification\",\"valueRequired\":true,\"valueName\":\"search_term_string\"}}],\"inLanguage\":\"zh-Hans\"},{\"@type\":\"Organization\",\"@id\":\"https:\\\/\\\/kohenavocats.com\\\/zh-hans\\\/#organization\",\"name\":\"Kohen Avocats\",\"url\":\"https:\\\/\\\/kohenavocats.com\\\/zh-hans\\\/\",\"logo\":{\"@type\":\"ImageObject\",\"inLanguage\":\"zh-Hans\",\"@id\":\"https:\\\/\\\/kohenavocats.com\\\/zh-hans\\\/#\\\/schema\\\/logo\\\/image\\\/\",\"url\":\"https:\\\/\\\/kohenavocats.com\\\/wp-content\\\/uploads\\\/2026\\\/01\\\/Logo-2-1.webp\",\"contentUrl\":\"https:\\\/\\\/kohenavocats.com\\\/wp-content\\\/uploads\\\/2026\\\/01\\\/Logo-2-1.webp\",\"width\":2114,\"height\":1253,\"caption\":\"Kohen Avocats\"},\"image\":{\"@id\":\"https:\\\/\\\/kohenavocats.com\\\/zh-hans\\\/#\\\/schema\\\/logo\\\/image\\\/\"}},{\"@type\":\"Person\",\"@id\":\"https:\\\/\\\/kohenavocats.com\\\/zh-hans\\\/#\\\/schema\\\/person\\\/761c9ba54fa1ca84d405cef0831ff751\",\"name\":\"Kohen\",\"image\":{\"@type\":\"ImageObject\",\"inLanguage\":\"zh-Hans\",\"@id\":\"https:\\\/\\\/secure.gravatar.com\\\/avatar\\\/1c5e76ef76bbbfdd2b4da984e2bf2fa4056fd51a27d25ce2c332047f1dfd6e00?s=96&d=identicon&r=g\",\"url\":\"https:\\\/\\\/secure.gravatar.com\\\/avatar\\\/1c5e76ef76bbbfdd2b4da984e2bf2fa4056fd51a27d25ce2c332047f1dfd6e00?s=96&d=identicon&r=g\",\"contentUrl\":\"https:\\\/\\\/secure.gravatar.com\\\/avatar\\\/1c5e76ef76bbbfdd2b4da984e2bf2fa4056fd51a27d25ce2c332047f1dfd6e00?s=96&d=identicon&r=g\",\"caption\":\"Kohen\"},\"sameAs\":[\"https:\\\/\\\/www.linkedin.com\\\/in\\\/hassan-kohen-448548192\\\/\",\"https:\\\/\\\/www.youtube.com\\\/@Kohen-Avocats\"],\"url\":\"https:\\\/\\\/kohenavocats.com\\\/zh-hans\\\/author\\\/kohenmlk\\\/\"}]}<\/script>\n<!-- \/ Yoast SEO Premium plugin. -->","yoast_head_json":{"title":"Cour d'appel de Toulouse, le 31 mars 2025, n\u00b023\/00700 - Ma\u00eetre Hassan Kohen, avocat en droit p\u00e9nal \u00e0 Paris","description":"La Cour d'appel de Toulouse, le 31 mars 2025, statue sur un pourvoi contre une d\u00e9cision de la CIVI. La juridiction inf\u00e9rieure avait d\u00e9clar\u00e9 irrecevable une d...","robots":{"index":"index","follow":"follow","max-snippet":"max-snippet:-1","max-image-preview":"max-image-preview:large","max-video-preview":"max-video-preview:-1"},"canonical":"https:\/\/kohenavocats.com\/zh-hans\/cour-dappel-de-toulouse-le-31-mars-2025-n23-00700\/","og_locale":"zh_CN","og_type":"article","og_title":"Cour d'appel de Toulouse, le 31 mars 2025, n\u00b023\/00700","og_description":"La Cour d'appel de Toulouse, le 31 mars 2025, statue sur un pourvoi contre une d\u00e9cision de la CIVI. La juridiction inf\u00e9rieure avait d\u00e9clar\u00e9 irrecevable une d...","og_url":"https:\/\/kohenavocats.com\/zh-hans\/cour-dappel-de-toulouse-le-31-mars-2025-n23-00700\/","og_site_name":"Ma\u00eetre Hassan Kohen, avocat en droit p\u00e9nal \u00e0 Paris","article_published_time":"2026-04-25T16:28:37+00:00","og_image":[{"width":5883,"height":3914,"url":"https:\/\/kohenavocats.com\/wp-content\/uploads\/2024\/11\/virginia-marinova-xqo5V5aU09g-unsplash.webp","type":"image\/webp"}],"author":"Kohen","twitter_card":"summary_large_image","twitter_misc":{"\u4f5c\u8005":"Kohen","\u9884\u8ba1\u9605\u8bfb\u65f6\u95f4":"3 \u5206"},"schema":{"@context":"https:\/\/schema.org","@graph":[{"@type":"Article","@id":"https:\/\/kohenavocats.com\/zh-hans\/cour-dappel-de-toulouse-le-31-mars-2025-n23-00700\/#article","isPartOf":{"@id":"https:\/\/kohenavocats.com\/zh-hans\/cour-dappel-de-toulouse-le-31-mars-2025-n23-00700\/"},"author":{"name":"Kohen","@id":"https:\/\/kohenavocats.com\/zh-hans\/#\/schema\/person\/761c9ba54fa1ca84d405cef0831ff751"},"headline":"Cour d&#8217;appel de Toulouse, le 31 mars 2025, n\u00b023\/00700","datePublished":"2026-04-25T16:28:37+00:00","mainEntityOfPage":{"@id":"https:\/\/kohenavocats.com\/zh-hans\/cour-dappel-de-toulouse-le-31-mars-2025-n23-00700\/"},"wordCount":713,"commentCount":0,"publisher":{"@id":"https:\/\/kohenavocats.com\/zh-hans\/#organization"},"image":{"@id":"https:\/\/kohenavocats.com\/zh-hans\/cour-dappel-de-toulouse-le-31-mars-2025-n23-00700\/#primaryimage"},"thumbnailUrl":"https:\/\/kohenavocats.com\/wp-content\/uploads\/2024\/11\/virginia-marinova-xqo5V5aU09g-unsplash.webp","articleSection":["Jurisprudence"],"inLanguage":"zh-Hans","potentialAction":[{"@type":"CommentAction","name":"Comment","target":["https:\/\/kohenavocats.com\/zh-hans\/cour-dappel-de-toulouse-le-31-mars-2025-n23-00700\/#respond"]}],"citation":"Cour d&#8217;appel de Toulouse, le 31 mars 2025, n\u00b023\/00700","about":[{"@type":"Thing","name":"Jurisprudence"}],"dateModified":"2026-04-25T16:28:37+00:00","speakable":{"@type":"SpeakableSpecification","cssSelector":[".article-content > p:first-of-type"]}},{"@type":"WebPage","@id":"https:\/\/kohenavocats.com\/zh-hans\/cour-dappel-de-toulouse-le-31-mars-2025-n23-00700\/","url":"https:\/\/kohenavocats.com\/zh-hans\/cour-dappel-de-toulouse-le-31-mars-2025-n23-00700\/","name":"Cour d'appel de Toulouse, le 31 mars 2025, n\u00b023\/00700 - Ma\u00eetre Hassan Kohen, avocat en droit p\u00e9nal \u00e0 Paris","isPartOf":{"@id":"https:\/\/kohenavocats.com\/zh-hans\/#website"},"primaryImageOfPage":{"@id":"https:\/\/kohenavocats.com\/zh-hans\/cour-dappel-de-toulouse-le-31-mars-2025-n23-00700\/#primaryimage"},"image":{"@id":"https:\/\/kohenavocats.com\/zh-hans\/cour-dappel-de-toulouse-le-31-mars-2025-n23-00700\/#primaryimage"},"thumbnailUrl":"https:\/\/kohenavocats.com\/wp-content\/uploads\/2024\/11\/virginia-marinova-xqo5V5aU09g-unsplash.webp","datePublished":"2026-04-25T16:28:37+00:00","description":"La Cour d'appel de Toulouse, le 31 mars 2025, statue sur un pourvoi contre une d\u00e9cision de la CIVI. La juridiction inf\u00e9rieure avait d\u00e9clar\u00e9 irrecevable une d...","breadcrumb":{"@id":"https:\/\/kohenavocats.com\/zh-hans\/cour-dappel-de-toulouse-le-31-mars-2025-n23-00700\/#breadcrumb"},"inLanguage":"zh-Hans","potentialAction":[{"@type":"ReadAction","target":["https:\/\/kohenavocats.com\/zh-hans\/cour-dappel-de-toulouse-le-31-mars-2025-n23-00700\/"]}]},{"@type":"ImageObject","inLanguage":"zh-Hans","@id":"https:\/\/kohenavocats.com\/zh-hans\/cour-dappel-de-toulouse-le-31-mars-2025-n23-00700\/#primaryimage","url":"https:\/\/kohenavocats.com\/wp-content\/uploads\/2024\/11\/virginia-marinova-xqo5V5aU09g-unsplash.webp","contentUrl":"https:\/\/kohenavocats.com\/wp-content\/uploads\/2024\/11\/virginia-marinova-xqo5V5aU09g-unsplash.webp","width":5883,"height":3914},{"@type":"BreadcrumbList","@id":"https:\/\/kohenavocats.com\/zh-hans\/cour-dappel-de-toulouse-le-31-mars-2025-n23-00700\/#breadcrumb","itemListElement":[{"@type":"ListItem","position":1,"name":"Home","item":"https:\/\/kohenavocats.com\/zh-hans\/"},{"@type":"ListItem","position":2,"name":"Cour d&rsquo;appel de Toulouse, le 31 mars 2025, n\u00b023\/00700"}]},{"@type":"WebSite","@id":"https:\/\/kohenavocats.com\/zh-hans\/#website","url":"https:\/\/kohenavocats.com\/zh-hans\/","name":"Kohen Avocats","description":"Ma\u00eetre Hassan Kohen, avocat p\u00e9naliste \u00e0 Paris, intervient exclusivement en droit p\u00e9nal pour la d\u00e9fense des particuliers, notamment en mati\u00e8re d\u2019accusations de viol. Il assure un accompagnement rigoureux d\u00e8s la garde \u00e0 vue jusqu\u2019\u00e0 la Cour d\u2019assises, veillant au strict respect des garanties proc\u00e9durales.","publisher":{"@id":"https:\/\/kohenavocats.com\/zh-hans\/#organization"},"potentialAction":[{"@type":"SearchAction","target":{"@type":"EntryPoint","urlTemplate":"https:\/\/kohenavocats.com\/zh-hans\/?s={search_term_string}"},"query-input":{"@type":"PropertyValueSpecification","valueRequired":true,"valueName":"search_term_string"}}],"inLanguage":"zh-Hans"},{"@type":"Organization","@id":"https:\/\/kohenavocats.com\/zh-hans\/#organization","name":"Kohen Avocats","url":"https:\/\/kohenavocats.com\/zh-hans\/","logo":{"@type":"ImageObject","inLanguage":"zh-Hans","@id":"https:\/\/kohenavocats.com\/zh-hans\/#\/schema\/logo\/image\/","url":"https:\/\/kohenavocats.com\/wp-content\/uploads\/2026\/01\/Logo-2-1.webp","contentUrl":"https:\/\/kohenavocats.com\/wp-content\/uploads\/2026\/01\/Logo-2-1.webp","width":2114,"height":1253,"caption":"Kohen Avocats"},"image":{"@id":"https:\/\/kohenavocats.com\/zh-hans\/#\/schema\/logo\/image\/"}},{"@type":"Person","@id":"https:\/\/kohenavocats.com\/zh-hans\/#\/schema\/person\/761c9ba54fa1ca84d405cef0831ff751","name":"Kohen","image":{"@type":"ImageObject","inLanguage":"zh-Hans","@id":"https:\/\/secure.gravatar.com\/avatar\/1c5e76ef76bbbfdd2b4da984e2bf2fa4056fd51a27d25ce2c332047f1dfd6e00?s=96&d=identicon&r=g","url":"https:\/\/secure.gravatar.com\/avatar\/1c5e76ef76bbbfdd2b4da984e2bf2fa4056fd51a27d25ce2c332047f1dfd6e00?s=96&d=identicon&r=g","contentUrl":"https:\/\/secure.gravatar.com\/avatar\/1c5e76ef76bbbfdd2b4da984e2bf2fa4056fd51a27d25ce2c332047f1dfd6e00?s=96&d=identicon&r=g","caption":"Kohen"},"sameAs":["https:\/\/www.linkedin.com\/in\/hassan-kohen-448548192\/","https:\/\/www.youtube.com\/@Kohen-Avocats"],"url":"https:\/\/kohenavocats.com\/zh-hans\/author\/kohenmlk\/"}]}},"jetpack_featured_media_url":"https:\/\/kohenavocats.com\/wp-content\/uploads\/2024\/11\/virginia-marinova-xqo5V5aU09g-unsplash.webp","jetpack_likes_enabled":false,"jetpack_shortlink":"https:\/\/wp.me\/peCrII-2RJt","jetpack-related-posts":[{"id":665990,"url":"https:\/\/kohenavocats.com\/zh-hans\/cour-dappel-de-toulouse-le-20-janvier-2025-n23-02803\/","url_meta":{"origin":683207,"position":0},"title":"Cour d&#8217;appel de Toulouse, le 20 janvier 2025, n\u00b023\/02803","author":"Kohen","date":"2026\u5e744\u670824\u65e5","format":false,"excerpt":"La Cour d'appel de Toulouse, le 20 janvier 2025, a\u2026","rel":"","context":"\u5728\u201cCode des assurances\u201d\u4e2d","block_context":{"text":"Code des assurances","link":"https:\/\/kohenavocats.com\/category\/code-des-assurances\/"},"img":{"alt_text":"","src":"https:\/\/i0.wp.com\/kohenavocats.com\/wp-content\/uploads\/2024\/11\/alex-shuper-THxGrCL65kM-unsplash.webp?resize=350%2C200&ssl=1","width":350,"height":200,"srcset":"https:\/\/i0.wp.com\/kohenavocats.com\/wp-content\/uploads\/2024\/11\/alex-shuper-THxGrCL65kM-unsplash.webp?resize=350%2C200&ssl=1 1x, https:\/\/i0.wp.com\/kohenavocats.com\/wp-content\/uploads\/2024\/11\/alex-shuper-THxGrCL65kM-unsplash.webp?resize=525%2C300&ssl=1 1.5x, https:\/\/i0.wp.com\/kohenavocats.com\/wp-content\/uploads\/2024\/11\/alex-shuper-THxGrCL65kM-unsplash.webp?resize=700%2C400&ssl=1 2x, https:\/\/i0.wp.com\/kohenavocats.com\/wp-content\/uploads\/2024\/11\/alex-shuper-THxGrCL65kM-unsplash.webp?resize=1050%2C600&ssl=1 3x, https:\/\/i0.wp.com\/kohenavocats.com\/wp-content\/uploads\/2024\/11\/alex-shuper-THxGrCL65kM-unsplash.webp?resize=1400%2C800&ssl=1 4x"},"classes":[]},{"id":666124,"url":"https:\/\/kohenavocats.com\/zh-hans\/cour-dappel-de-toulouse-le-7-novembre-2024-n23-02805\/","url_meta":{"origin":683207,"position":1},"title":"Cour d&#8217;appel de Toulouse, le 7 novembre 2024, n\u00b023\/02805","author":"Kohen","date":"2026\u5e744\u670824\u65e5","format":false,"excerpt":"La cour d'appel de Toulouse, le 7 novembre 2024, s\u2026","rel":"","context":"\u5728\u201cCode des assurances\u201d\u4e2d","block_context":{"text":"Code des assurances","link":"https:\/\/kohenavocats.com\/category\/code-des-assurances\/"},"img":{"alt_text":"","src":"https:\/\/i0.wp.com\/kohenavocats.com\/wp-content\/uploads\/2024\/07\/alex-block-PdDBTrkGYLo-unsplash-1.webp?resize=350%2C200&ssl=1","width":350,"height":200,"srcset":"https:\/\/i0.wp.com\/kohenavocats.com\/wp-content\/uploads\/2024\/07\/alex-block-PdDBTrkGYLo-unsplash-1.webp?resize=350%2C200&ssl=1 1x, https:\/\/i0.wp.com\/kohenavocats.com\/wp-content\/uploads\/2024\/07\/alex-block-PdDBTrkGYLo-unsplash-1.webp?resize=525%2C300&ssl=1 1.5x, https:\/\/i0.wp.com\/kohenavocats.com\/wp-content\/uploads\/2024\/07\/alex-block-PdDBTrkGYLo-unsplash-1.webp?resize=700%2C400&ssl=1 2x, https:\/\/i0.wp.com\/kohenavocats.com\/wp-content\/uploads\/2024\/07\/alex-block-PdDBTrkGYLo-unsplash-1.webp?resize=1050%2C600&ssl=1 3x, https:\/\/i0.wp.com\/kohenavocats.com\/wp-content\/uploads\/2024\/07\/alex-block-PdDBTrkGYLo-unsplash-1.webp?resize=1400%2C800&ssl=1 4x"},"classes":[]},{"id":468750,"url":"https:\/\/kohenavocats.com\/zh-hans\/caa-caa-de-toulouse-06-05-2025-n-23tl01342\/","url_meta":{"origin":683207,"position":2},"title":"CAA \u2013 CAA de TOULOUSE \u2013 06\/05\/2025 \u2013 n\u00b0 23TL01342","author":"Kohen","date":"2026\u5e744\u67087\u65e5","format":false,"excerpt":"La cour administrative d\u2019appel de Toulouse, par un\u2026","rel":"","context":"\u5728\u201cJuridictions administratives\u201d\u4e2d","block_context":{"text":"Juridictions administratives","link":"https:\/\/kohenavocats.com\/category\/juridictions-administratives\/"},"img":{"alt_text":"","src":"https:\/\/i0.wp.com\/kohenavocats.com\/wp-content\/uploads\/2024\/11\/polina-kuzovkova-sar-Y4BxZDA-unsplash.webp?resize=350%2C200&ssl=1","width":350,"height":200,"srcset":"https:\/\/i0.wp.com\/kohenavocats.com\/wp-content\/uploads\/2024\/11\/polina-kuzovkova-sar-Y4BxZDA-unsplash.webp?resize=350%2C200&ssl=1 1x, https:\/\/i0.wp.com\/kohenavocats.com\/wp-content\/uploads\/2024\/11\/polina-kuzovkova-sar-Y4BxZDA-unsplash.webp?resize=525%2C300&ssl=1 1.5x, https:\/\/i0.wp.com\/kohenavocats.com\/wp-content\/uploads\/2024\/11\/polina-kuzovkova-sar-Y4BxZDA-unsplash.webp?resize=700%2C400&ssl=1 2x, https:\/\/i0.wp.com\/kohenavocats.com\/wp-content\/uploads\/2024\/11\/polina-kuzovkova-sar-Y4BxZDA-unsplash.webp?resize=1050%2C600&ssl=1 3x, https:\/\/i0.wp.com\/kohenavocats.com\/wp-content\/uploads\/2024\/11\/polina-kuzovkova-sar-Y4BxZDA-unsplash.webp?resize=1400%2C800&ssl=1 4x"},"classes":[]},{"id":666130,"url":"https:\/\/kohenavocats.com\/zh-hans\/cour-dappel-de-toulouse-le-20-mars-2025-n23-02827\/","url_meta":{"origin":683207,"position":3},"title":"Cour d&#8217;appel de Toulouse, le 20 mars 2025, n\u00b023\/02827","author":"Kohen","date":"2026\u5e744\u670824\u65e5","format":false,"excerpt":"La Cour d'appel de Toulouse, le 20 mars 2025, stat\u2026","rel":"","context":"\u5728\u201cCode des assurances\u201d\u4e2d","block_context":{"text":"Code des assurances","link":"https:\/\/kohenavocats.com\/category\/code-des-assurances\/"},"img":{"alt_text":"","src":"https:\/\/i0.wp.com\/kohenavocats.com\/wp-content\/uploads\/2024\/11\/mourad-saadi-tgP7H6LH4OU-unsplash.webp?resize=350%2C200&ssl=1","width":350,"height":200,"srcset":"https:\/\/i0.wp.com\/kohenavocats.com\/wp-content\/uploads\/2024\/11\/mourad-saadi-tgP7H6LH4OU-unsplash.webp?resize=350%2C200&ssl=1 1x, https:\/\/i0.wp.com\/kohenavocats.com\/wp-content\/uploads\/2024\/11\/mourad-saadi-tgP7H6LH4OU-unsplash.webp?resize=525%2C300&ssl=1 1.5x, https:\/\/i0.wp.com\/kohenavocats.com\/wp-content\/uploads\/2024\/11\/mourad-saadi-tgP7H6LH4OU-unsplash.webp?resize=700%2C400&ssl=1 2x, https:\/\/i0.wp.com\/kohenavocats.com\/wp-content\/uploads\/2024\/11\/mourad-saadi-tgP7H6LH4OU-unsplash.webp?resize=1050%2C600&ssl=1 3x, https:\/\/i0.wp.com\/kohenavocats.com\/wp-content\/uploads\/2024\/11\/mourad-saadi-tgP7H6LH4OU-unsplash.webp?resize=1400%2C800&ssl=1 4x"},"classes":[]},{"id":231322,"url":"https:\/\/kohenavocats.com\/zh-hans\/deuxieme-chambre-civile-de-la-cour-de-cassation-le-19-juin-2025-n24-20-375\/","url_meta":{"origin":683207,"position":4},"title":"Deuxi\u00e8me chambre civile de la Cour de cassation, le 19 juin 2025, n\u00b024-20.375","author":"Kohen","date":"2025\u5e7412\u670828\u65e5","format":false,"excerpt":"La deuxi\u00e8me chambre civile de la Cour de cassation\u2026","rel":"","context":"\u5728\u201cCour de cassation\u201d\u4e2d","block_context":{"text":"Cour de cassation","link":"https:\/\/kohenavocats.com\/category\/cour-de-cassation\/"},"img":{"alt_text":"","src":"https:\/\/i0.wp.com\/kohenavocats.com\/wp-content\/uploads\/2024\/08\/andrew-adams-f6xlGzsRC_o-unsplash.webp?resize=350%2C200&ssl=1","width":350,"height":200,"srcset":"https:\/\/i0.wp.com\/kohenavocats.com\/wp-content\/uploads\/2024\/08\/andrew-adams-f6xlGzsRC_o-unsplash.webp?resize=350%2C200&ssl=1 1x, https:\/\/i0.wp.com\/kohenavocats.com\/wp-content\/uploads\/2024\/08\/andrew-adams-f6xlGzsRC_o-unsplash.webp?resize=525%2C300&ssl=1 1.5x, https:\/\/i0.wp.com\/kohenavocats.com\/wp-content\/uploads\/2024\/08\/andrew-adams-f6xlGzsRC_o-unsplash.webp?resize=700%2C400&ssl=1 2x, https:\/\/i0.wp.com\/kohenavocats.com\/wp-content\/uploads\/2024\/08\/andrew-adams-f6xlGzsRC_o-unsplash.webp?resize=1050%2C600&ssl=1 3x, https:\/\/i0.wp.com\/kohenavocats.com\/wp-content\/uploads\/2024\/08\/andrew-adams-f6xlGzsRC_o-unsplash.webp?resize=1400%2C800&ssl=1 4x"},"classes":[]},{"id":467609,"url":"https:\/\/kohenavocats.com\/zh-hans\/tribunal-judiciaire-de-paris-2025-12-08-n24-00910\/","url_meta":{"origin":683207,"position":5},"title":"Tribunal judiciaire de Paris &#8211; 2025-12-08 &#8211; n\u00b024\/00910","author":"Kohen","date":"2026\u5e744\u67087\u65e5","format":false,"excerpt":"Le juge de la mise en \u00e9tat du tribunal judiciaire \u2026","rel":"","context":"\u5728\u201cJurisprudence\u201d\u4e2d","block_context":{"text":"Jurisprudence","link":"https:\/\/kohenavocats.com\/category\/jurisprudence\/"},"img":{"alt_text":"","src":"https:\/\/i0.wp.com\/kohenavocats.com\/wp-content\/uploads\/2024\/11\/feyza-yildirim-dFgyns8DMIE-unsplash.webp?resize=350%2C200&ssl=1","width":350,"height":200,"srcset":"https:\/\/i0.wp.com\/kohenavocats.com\/wp-content\/uploads\/2024\/11\/feyza-yildirim-dFgyns8DMIE-unsplash.webp?resize=350%2C200&ssl=1 1x, https:\/\/i0.wp.com\/kohenavocats.com\/wp-content\/uploads\/2024\/11\/feyza-yildirim-dFgyns8DMIE-unsplash.webp?resize=525%2C300&ssl=1 1.5x, https:\/\/i0.wp.com\/kohenavocats.com\/wp-content\/uploads\/2024\/11\/feyza-yildirim-dFgyns8DMIE-unsplash.webp?resize=700%2C400&ssl=1 2x, https:\/\/i0.wp.com\/kohenavocats.com\/wp-content\/uploads\/2024\/11\/feyza-yildirim-dFgyns8DMIE-unsplash.webp?resize=1050%2C600&ssl=1 3x, https:\/\/i0.wp.com\/kohenavocats.com\/wp-content\/uploads\/2024\/11\/feyza-yildirim-dFgyns8DMIE-unsplash.webp?resize=1400%2C800&ssl=1 4x"},"classes":[]}],"jetpack_sharing_enabled":true,"_links":{"self":[{"href":"https:\/\/kohenavocats.com\/zh-hans\/wp-json\/wp\/v2\/posts\/683207","targetHints":{"allow":["GET"]}}],"collection":[{"href":"https:\/\/kohenavocats.com\/zh-hans\/wp-json\/wp\/v2\/posts"}],"about":[{"href":"https:\/\/kohenavocats.com\/zh-hans\/wp-json\/wp\/v2\/types\/post"}],"author":[{"embeddable":true,"href":"https:\/\/kohenavocats.com\/zh-hans\/wp-json\/wp\/v2\/users\/232070755"}],"replies":[{"embeddable":true,"href":"https:\/\/kohenavocats.com\/zh-hans\/wp-json\/wp\/v2\/comments?post=683207"}],"version-history":[{"count":0,"href":"https:\/\/kohenavocats.com\/zh-hans\/wp-json\/wp\/v2\/posts\/683207\/revisions"}],"wp:featuredmedia":[{"embeddable":true,"href":"https:\/\/kohenavocats.com\/zh-hans\/wp-json\/wp\/v2\/media\/9663"}],"wp:attachment":[{"href":"https:\/\/kohenavocats.com\/zh-hans\/wp-json\/wp\/v2\/media?parent=683207"}],"wp:term":[{"taxonomy":"category","embeddable":true,"href":"https:\/\/kohenavocats.com\/zh-hans\/wp-json\/wp\/v2\/categories?post=683207"},{"taxonomy":"post_tag","embeddable":true,"href":"https:\/\/kohenavocats.com\/zh-hans\/wp-json\/wp\/v2\/tags?post=683207"}],"curies":[{"name":"wp","href":"https:\/\/api.w.org\/{rel}","templated":true}]}}