{"id":683210,"date":"2026-04-25T18:28:55","date_gmt":"2026-04-25T16:28:55","guid":{"rendered":"https:\/\/kohenavocats.com\/cour-dappel-le-17-septembre-2025-n23-00638\/"},"modified":"2026-04-25T18:28:55","modified_gmt":"2026-04-25T16:28:55","slug":"cour-dappel-le-17-septembre-2025-n23-00638","status":"publish","type":"post","link":"https:\/\/kohenavocats.com\/zh-hans\/cour-dappel-le-17-septembre-2025-n23-00638\/","title":{"rendered":"Cour d&#8217;appel, le 17 septembre 2025, n\u00b023\/00638"},"content":{"rendered":"<div class=\"article-content\">\n<p>La Cour d&#8217;appel, statuant sur une d\u00e9cision de la Commission d&#8217;Indemnisation des Victimes d&#8217;Infractions de Toulouse, examine les demandes en r\u00e9paration formul\u00e9es par la compagne pr\u00e9sum\u00e9e et la fille mineure d&#8217;une victime d&#8217;homicide. La juridiction rejette l&#8217;appel et confirme le rejet de l&#8217;indemnisation du pr\u00e9judice d&#8217;affection de la compagne et du pr\u00e9judice \u00e9conomique de l&#8217;enfant, tout en accordant \u00e0 cette derni\u00e8re une indemnit\u00e9 pour son pr\u00e9judice d&#8217;affection.<\/p>\n<p>L&#8217;exigence probatoire du lien affectif privil\u00e9gi\u00e9<\/p>\n<p>L&#8217;appr\u00e9ciation stricte du lien affectif ant\u00e9rieur au d\u00e9c\u00e8s guide le refus d&#8217;indemnisation. La cour exige des \u00e9l\u00e9ments concrets d\u00e9montrant l&#8217;existence d&#8217;une relation affective r\u00e9elle, au-del\u00e0 de la seule parentalit\u00e9. Elle rel\u00e8ve l&#8217;absence de preuves suffisantes, tels que des projets de vie commune ou une cohabitation, pour \u00e9tablir ce lien. &#8220;La preuve d&#8217;un lien affectif entre Mme [F] et M. [U], qui ne peut r\u00e9sulter du seul fait qu&#8217;ils aient un enfant commun, n&#8217;est pas rapport\u00e9e par l&#8217;appelante&#8221; (Motifs). Cette solution rappelle que la charge de la preuve incombe \u00e0 la victime indirecte, qui doit d\u00e9montrer l&#8217;anciennet\u00e9 et la r\u00e9alit\u00e9 des liens. La port\u00e9e de l&#8217;arr\u00eat est de r\u00e9affirmer le caract\u00e8re personnel et substantiel de la d\u00e9monstration requise pour le pr\u00e9judice d&#8217;affection. Cette approche contraste avec une jurisprudence plus souple admettant d&#8217;autres indices, comme une relation affective privil\u00e9gi\u00e9e malgr\u00e9 l&#8217;absence de vie commune. &#8220;Ces \u00e9l\u00e9ments caract\u00e9risent l\u2019existence d\u2019une relation affective privil\u00e9gi\u00e9e, qui nonobstant l\u2019absence de vie commune, doit \u00eatre prise en compte&#8221; (Tribunal judiciaire de Nancy, le 25 septembre 2025, n\u00b024\/01398). La d\u00e9cision illustre ainsi la variabilit\u00e9 de l&#8217;appr\u00e9ciation des juges du fond sur ce point de fait.<\/p>\n<p>La distinction entre pr\u00e9judices d&#8217;affection et \u00e9conomique de l&#8217;enfant<\/p>\n<p>La cour op\u00e8re une dissociation nette entre l&#8217;indemnisation du pr\u00e9judice d&#8217;affection et celle du pr\u00e9judice \u00e9conomique pour l&#8217;enfant. Le premier est reconnu et \u00e9valu\u00e9 in concreto au regard de la relation effective entre le p\u00e8re et sa fille. Le second est subordonn\u00e9 \u00e0 la preuve d&#8217;une contribution financi\u00e8re effective du d\u00e9funt. &#8220;Il n&#8217;est pas all\u00e9gu\u00e9 que M. [U] aurait de fa\u00e7on r\u00e9guli\u00e8re ou m\u00eame ponctuelle, contribu\u00e9 \u00e0 l&#8217;entretien et \u00e0 l&#8217;\u00e9ducation de l&#8217;enfant&#8221; (Motifs). Cette solution impose une d\u00e9monstration concr\u00e8te de la perte de revenus, refusant toute pr\u00e9somption de contribution. La valeur de cet arr\u00eat est de souligner l&#8217;autonomie du pr\u00e9judice \u00e9conomique, qui n\u00e9cessite une preuve sp\u00e9cifique. Sa port\u00e9e est cependant restrictive, s&#8217;\u00e9cartant d&#8217;une jurisprudence qui \u00e9carte l&#8217;exigence de preuve de la contribution financi\u00e8re. &#8220;L&#8217;enfant n&#8217;a pas \u00e0 rapporter la preuve que le parent d\u00e9funt contribuait financi\u00e8rement \u00e0 son entretien et \u00e0 son \u00e9ducation&#8221; (Cour d&#8217;appel, le 25 avril 2025, n\u00b024\/00178). La d\u00e9cision cr\u00e9e ainsi une ins\u00e9curit\u00e9 juridique en conditionnant l&#8217;indemnisation \u00e0 la justification de ressources licites et stables du parent d\u00e9funt, ce qui peut \u00eatre difficile \u00e0 rapporter.<\/p>\n<\/div>\n","protected":false},"excerpt":{"rendered":"<p>La Cour d&#8217;appel, statuant sur une d\u00e9cision de la Commission d&#8217;Indemnisation des Victimes d&#8217;Infractions de Toulouse, examine les demandes en r\u00e9paration formul&#8230;<\/p>\n","protected":false},"author":232070755,"featured_media":9536,"comment_status":"open","ping_status":"open","sticky":false,"template":"","format":"standard","meta":{"_crdt_document":"","_jetpack_newsletter_access":"","_jetpack_dont_email_post_to_subs":false,"_jetpack_newsletter_tier_id":0,"_jetpack_memberships_contains_paywalled_content":false,"_kj_source_type":"","_kj_official_id":"","_kj_official_url":"","_kj_judilibre_id":"","_kj_jur":"","_kj_lieu":"","_kj_chambre":"","_kj_rg":"","_kj_date":"","_jetpack_memberships_contains_paid_content":false,"footnotes":"","jetpack_post_was_ever_published":false},"categories":[7597],"tags":[],"class_list":["post-683210","post","type-post","status-publish","format-standard","has-post-thumbnail","hentry","category-jurisprudence"],"yoast_head":"<!-- This site is optimized with the Yoast SEO Premium plugin v27.5 (Yoast SEO v27.5) - https:\/\/yoast.com\/product\/yoast-seo-premium-wordpress\/ -->\n<title>Cour d&#039;appel, le 17 septembre 2025, n\u00b023\/00638 - Ma\u00eetre Hassan Kohen, avocat en droit p\u00e9nal \u00e0 Paris<\/title>\n<meta name=\"description\" content=\"La Cour d&#039;appel, statuant sur une d\u00e9cision de la Commission d&#039;Indemnisation des Victimes d&#039;Infractions de Toulouse, examine les demandes en r\u00e9paration formul...\" \/>\n<meta name=\"robots\" content=\"index, follow, max-snippet:-1, max-image-preview:large, max-video-preview:-1\" \/>\n<link rel=\"canonical\" href=\"https:\/\/kohenavocats.com\/zh-hans\/cour-dappel-le-17-septembre-2025-n23-00638\/\" \/>\n<meta property=\"og:locale\" content=\"zh_CN\" \/>\n<meta property=\"og:type\" content=\"article\" \/>\n<meta property=\"og:title\" content=\"Cour d&#039;appel, le 17 septembre 2025, n\u00b023\/00638\" \/>\n<meta property=\"og:description\" content=\"La Cour d&#039;appel, statuant sur une d\u00e9cision de la Commission d&#039;Indemnisation des Victimes d&#039;Infractions de Toulouse, examine les demandes en r\u00e9paration formul...\" \/>\n<meta property=\"og:url\" content=\"https:\/\/kohenavocats.com\/zh-hans\/cour-dappel-le-17-septembre-2025-n23-00638\/\" \/>\n<meta property=\"og:site_name\" content=\"Ma\u00eetre Hassan Kohen, avocat en droit p\u00e9nal \u00e0 Paris\" \/>\n<meta property=\"article:published_time\" content=\"2026-04-25T16:28:55+00:00\" \/>\n<meta property=\"og:image\" content=\"https:\/\/kohenavocats.com\/wp-content\/uploads\/2024\/11\/zyanya-citlalli-qhFXS18P2OQ-unsplash.webp\" \/>\n\t<meta property=\"og:image:width\" content=\"3840\" \/>\n\t<meta property=\"og:image:height\" content=\"2160\" \/>\n\t<meta property=\"og:image:type\" content=\"image\/webp\" \/>\n<meta name=\"author\" content=\"Kohen\" \/>\n<meta name=\"twitter:card\" content=\"summary_large_image\" \/>\n<meta name=\"twitter:label1\" content=\"\u4f5c\u8005\" \/>\n\t<meta name=\"twitter:data1\" content=\"Kohen\" \/>\n\t<meta name=\"twitter:label2\" content=\"\u9884\u8ba1\u9605\u8bfb\u65f6\u95f4\" \/>\n\t<meta name=\"twitter:data2\" content=\"3 \u5206\" \/>\n<script type=\"application\/ld+json\" class=\"yoast-schema-graph\">{\"@context\":\"https:\\\/\\\/schema.org\",\"@graph\":[{\"@type\":\"Article\",\"@id\":\"https:\\\/\\\/kohenavocats.com\\\/zh-hans\\\/cour-dappel-le-17-septembre-2025-n23-00638\\\/#article\",\"isPartOf\":{\"@id\":\"https:\\\/\\\/kohenavocats.com\\\/zh-hans\\\/cour-dappel-le-17-septembre-2025-n23-00638\\\/\"},\"author\":{\"name\":\"Kohen\",\"@id\":\"https:\\\/\\\/kohenavocats.com\\\/zh-hans\\\/#\\\/schema\\\/person\\\/761c9ba54fa1ca84d405cef0831ff751\"},\"headline\":\"Cour d&#8217;appel, le 17 septembre 2025, n\u00b023\\\/00638\",\"datePublished\":\"2026-04-25T16:28:55+00:00\",\"mainEntityOfPage\":{\"@id\":\"https:\\\/\\\/kohenavocats.com\\\/zh-hans\\\/cour-dappel-le-17-septembre-2025-n23-00638\\\/\"},\"wordCount\":550,\"commentCount\":0,\"publisher\":{\"@id\":\"https:\\\/\\\/kohenavocats.com\\\/zh-hans\\\/#organization\"},\"image\":{\"@id\":\"https:\\\/\\\/kohenavocats.com\\\/zh-hans\\\/cour-dappel-le-17-septembre-2025-n23-00638\\\/#primaryimage\"},\"thumbnailUrl\":\"https:\\\/\\\/kohenavocats.com\\\/wp-content\\\/uploads\\\/2024\\\/11\\\/zyanya-citlalli-qhFXS18P2OQ-unsplash.webp\",\"articleSection\":[\"Jurisprudence\"],\"inLanguage\":\"zh-Hans\",\"potentialAction\":[{\"@type\":\"CommentAction\",\"name\":\"Comment\",\"target\":[\"https:\\\/\\\/kohenavocats.com\\\/zh-hans\\\/cour-dappel-le-17-septembre-2025-n23-00638\\\/#respond\"]}],\"citation\":\"Cour d&#8217;appel, le 17 septembre 2025, n\u00b023\\\/00638\",\"about\":[{\"@type\":\"Thing\",\"name\":\"Jurisprudence\"}],\"dateModified\":\"2026-04-25T16:28:55+00:00\",\"speakable\":{\"@type\":\"SpeakableSpecification\",\"cssSelector\":[\".article-content > p:first-of-type\"]}},{\"@type\":\"WebPage\",\"@id\":\"https:\\\/\\\/kohenavocats.com\\\/zh-hans\\\/cour-dappel-le-17-septembre-2025-n23-00638\\\/\",\"url\":\"https:\\\/\\\/kohenavocats.com\\\/zh-hans\\\/cour-dappel-le-17-septembre-2025-n23-00638\\\/\",\"name\":\"Cour d'appel, le 17 septembre 2025, n\u00b023\\\/00638 - Ma\u00eetre Hassan Kohen, avocat en droit p\u00e9nal \u00e0 Paris\",\"isPartOf\":{\"@id\":\"https:\\\/\\\/kohenavocats.com\\\/zh-hans\\\/#website\"},\"primaryImageOfPage\":{\"@id\":\"https:\\\/\\\/kohenavocats.com\\\/zh-hans\\\/cour-dappel-le-17-septembre-2025-n23-00638\\\/#primaryimage\"},\"image\":{\"@id\":\"https:\\\/\\\/kohenavocats.com\\\/zh-hans\\\/cour-dappel-le-17-septembre-2025-n23-00638\\\/#primaryimage\"},\"thumbnailUrl\":\"https:\\\/\\\/kohenavocats.com\\\/wp-content\\\/uploads\\\/2024\\\/11\\\/zyanya-citlalli-qhFXS18P2OQ-unsplash.webp\",\"datePublished\":\"2026-04-25T16:28:55+00:00\",\"description\":\"La Cour d'appel, statuant sur une d\u00e9cision de la Commission d'Indemnisation des Victimes d'Infractions de Toulouse, examine les demandes en r\u00e9paration formul...\",\"breadcrumb\":{\"@id\":\"https:\\\/\\\/kohenavocats.com\\\/zh-hans\\\/cour-dappel-le-17-septembre-2025-n23-00638\\\/#breadcrumb\"},\"inLanguage\":\"zh-Hans\",\"potentialAction\":[{\"@type\":\"ReadAction\",\"target\":[\"https:\\\/\\\/kohenavocats.com\\\/zh-hans\\\/cour-dappel-le-17-septembre-2025-n23-00638\\\/\"]}]},{\"@type\":\"ImageObject\",\"inLanguage\":\"zh-Hans\",\"@id\":\"https:\\\/\\\/kohenavocats.com\\\/zh-hans\\\/cour-dappel-le-17-septembre-2025-n23-00638\\\/#primaryimage\",\"url\":\"https:\\\/\\\/kohenavocats.com\\\/wp-content\\\/uploads\\\/2024\\\/11\\\/zyanya-citlalli-qhFXS18P2OQ-unsplash.webp\",\"contentUrl\":\"https:\\\/\\\/kohenavocats.com\\\/wp-content\\\/uploads\\\/2024\\\/11\\\/zyanya-citlalli-qhFXS18P2OQ-unsplash.webp\",\"width\":3840,\"height\":2160},{\"@type\":\"BreadcrumbList\",\"@id\":\"https:\\\/\\\/kohenavocats.com\\\/zh-hans\\\/cour-dappel-le-17-septembre-2025-n23-00638\\\/#breadcrumb\",\"itemListElement\":[{\"@type\":\"ListItem\",\"position\":1,\"name\":\"Home\",\"item\":\"https:\\\/\\\/kohenavocats.com\\\/zh-hans\\\/\"},{\"@type\":\"ListItem\",\"position\":2,\"name\":\"Cour d&rsquo;appel, le 17 septembre 2025, n\u00b023\\\/00638\"}]},{\"@type\":\"WebSite\",\"@id\":\"https:\\\/\\\/kohenavocats.com\\\/zh-hans\\\/#website\",\"url\":\"https:\\\/\\\/kohenavocats.com\\\/zh-hans\\\/\",\"name\":\"Kohen Avocats\",\"description\":\"Ma\u00eetre Hassan Kohen, avocat p\u00e9naliste \u00e0 Paris, intervient exclusivement en droit p\u00e9nal pour la d\u00e9fense des particuliers, notamment en mati\u00e8re d\u2019accusations de viol. Il assure un accompagnement rigoureux d\u00e8s la garde \u00e0 vue jusqu\u2019\u00e0 la Cour d\u2019assises, veillant au strict respect des garanties proc\u00e9durales.\",\"publisher\":{\"@id\":\"https:\\\/\\\/kohenavocats.com\\\/zh-hans\\\/#organization\"},\"potentialAction\":[{\"@type\":\"SearchAction\",\"target\":{\"@type\":\"EntryPoint\",\"urlTemplate\":\"https:\\\/\\\/kohenavocats.com\\\/zh-hans\\\/?s={search_term_string}\"},\"query-input\":{\"@type\":\"PropertyValueSpecification\",\"valueRequired\":true,\"valueName\":\"search_term_string\"}}],\"inLanguage\":\"zh-Hans\"},{\"@type\":\"Organization\",\"@id\":\"https:\\\/\\\/kohenavocats.com\\\/zh-hans\\\/#organization\",\"name\":\"Kohen Avocats\",\"url\":\"https:\\\/\\\/kohenavocats.com\\\/zh-hans\\\/\",\"logo\":{\"@type\":\"ImageObject\",\"inLanguage\":\"zh-Hans\",\"@id\":\"https:\\\/\\\/kohenavocats.com\\\/zh-hans\\\/#\\\/schema\\\/logo\\\/image\\\/\",\"url\":\"https:\\\/\\\/kohenavocats.com\\\/wp-content\\\/uploads\\\/2026\\\/01\\\/Logo-2-1.webp\",\"contentUrl\":\"https:\\\/\\\/kohenavocats.com\\\/wp-content\\\/uploads\\\/2026\\\/01\\\/Logo-2-1.webp\",\"width\":2114,\"height\":1253,\"caption\":\"Kohen Avocats\"},\"image\":{\"@id\":\"https:\\\/\\\/kohenavocats.com\\\/zh-hans\\\/#\\\/schema\\\/logo\\\/image\\\/\"}},{\"@type\":\"Person\",\"@id\":\"https:\\\/\\\/kohenavocats.com\\\/zh-hans\\\/#\\\/schema\\\/person\\\/761c9ba54fa1ca84d405cef0831ff751\",\"name\":\"Kohen\",\"image\":{\"@type\":\"ImageObject\",\"inLanguage\":\"zh-Hans\",\"@id\":\"https:\\\/\\\/secure.gravatar.com\\\/avatar\\\/1c5e76ef76bbbfdd2b4da984e2bf2fa4056fd51a27d25ce2c332047f1dfd6e00?s=96&d=identicon&r=g\",\"url\":\"https:\\\/\\\/secure.gravatar.com\\\/avatar\\\/1c5e76ef76bbbfdd2b4da984e2bf2fa4056fd51a27d25ce2c332047f1dfd6e00?s=96&d=identicon&r=g\",\"contentUrl\":\"https:\\\/\\\/secure.gravatar.com\\\/avatar\\\/1c5e76ef76bbbfdd2b4da984e2bf2fa4056fd51a27d25ce2c332047f1dfd6e00?s=96&d=identicon&r=g\",\"caption\":\"Kohen\"},\"sameAs\":[\"https:\\\/\\\/www.linkedin.com\\\/in\\\/hassan-kohen-448548192\\\/\",\"https:\\\/\\\/www.youtube.com\\\/@Kohen-Avocats\"],\"url\":\"https:\\\/\\\/kohenavocats.com\\\/zh-hans\\\/author\\\/kohenmlk\\\/\"}]}<\/script>\n<!-- \/ Yoast SEO Premium plugin. -->","yoast_head_json":{"title":"Cour d'appel, le 17 septembre 2025, n\u00b023\/00638 - Ma\u00eetre Hassan Kohen, avocat en droit p\u00e9nal \u00e0 Paris","description":"La Cour d'appel, statuant sur une d\u00e9cision de la Commission d'Indemnisation des Victimes d'Infractions de Toulouse, examine les demandes en r\u00e9paration formul...","robots":{"index":"index","follow":"follow","max-snippet":"max-snippet:-1","max-image-preview":"max-image-preview:large","max-video-preview":"max-video-preview:-1"},"canonical":"https:\/\/kohenavocats.com\/zh-hans\/cour-dappel-le-17-septembre-2025-n23-00638\/","og_locale":"zh_CN","og_type":"article","og_title":"Cour d'appel, le 17 septembre 2025, n\u00b023\/00638","og_description":"La Cour d'appel, statuant sur une d\u00e9cision de la Commission d'Indemnisation des Victimes d'Infractions de Toulouse, examine les demandes en r\u00e9paration formul...","og_url":"https:\/\/kohenavocats.com\/zh-hans\/cour-dappel-le-17-septembre-2025-n23-00638\/","og_site_name":"Ma\u00eetre Hassan Kohen, avocat en droit p\u00e9nal \u00e0 Paris","article_published_time":"2026-04-25T16:28:55+00:00","og_image":[{"width":3840,"height":2160,"url":"https:\/\/kohenavocats.com\/wp-content\/uploads\/2024\/11\/zyanya-citlalli-qhFXS18P2OQ-unsplash.webp","type":"image\/webp"}],"author":"Kohen","twitter_card":"summary_large_image","twitter_misc":{"\u4f5c\u8005":"Kohen","\u9884\u8ba1\u9605\u8bfb\u65f6\u95f4":"3 \u5206"},"schema":{"@context":"https:\/\/schema.org","@graph":[{"@type":"Article","@id":"https:\/\/kohenavocats.com\/zh-hans\/cour-dappel-le-17-septembre-2025-n23-00638\/#article","isPartOf":{"@id":"https:\/\/kohenavocats.com\/zh-hans\/cour-dappel-le-17-septembre-2025-n23-00638\/"},"author":{"name":"Kohen","@id":"https:\/\/kohenavocats.com\/zh-hans\/#\/schema\/person\/761c9ba54fa1ca84d405cef0831ff751"},"headline":"Cour d&#8217;appel, le 17 septembre 2025, n\u00b023\/00638","datePublished":"2026-04-25T16:28:55+00:00","mainEntityOfPage":{"@id":"https:\/\/kohenavocats.com\/zh-hans\/cour-dappel-le-17-septembre-2025-n23-00638\/"},"wordCount":550,"commentCount":0,"publisher":{"@id":"https:\/\/kohenavocats.com\/zh-hans\/#organization"},"image":{"@id":"https:\/\/kohenavocats.com\/zh-hans\/cour-dappel-le-17-septembre-2025-n23-00638\/#primaryimage"},"thumbnailUrl":"https:\/\/kohenavocats.com\/wp-content\/uploads\/2024\/11\/zyanya-citlalli-qhFXS18P2OQ-unsplash.webp","articleSection":["Jurisprudence"],"inLanguage":"zh-Hans","potentialAction":[{"@type":"CommentAction","name":"Comment","target":["https:\/\/kohenavocats.com\/zh-hans\/cour-dappel-le-17-septembre-2025-n23-00638\/#respond"]}],"citation":"Cour d&#8217;appel, le 17 septembre 2025, n\u00b023\/00638","about":[{"@type":"Thing","name":"Jurisprudence"}],"dateModified":"2026-04-25T16:28:55+00:00","speakable":{"@type":"SpeakableSpecification","cssSelector":[".article-content > p:first-of-type"]}},{"@type":"WebPage","@id":"https:\/\/kohenavocats.com\/zh-hans\/cour-dappel-le-17-septembre-2025-n23-00638\/","url":"https:\/\/kohenavocats.com\/zh-hans\/cour-dappel-le-17-septembre-2025-n23-00638\/","name":"Cour d'appel, le 17 septembre 2025, n\u00b023\/00638 - Ma\u00eetre Hassan Kohen, avocat en droit p\u00e9nal \u00e0 Paris","isPartOf":{"@id":"https:\/\/kohenavocats.com\/zh-hans\/#website"},"primaryImageOfPage":{"@id":"https:\/\/kohenavocats.com\/zh-hans\/cour-dappel-le-17-septembre-2025-n23-00638\/#primaryimage"},"image":{"@id":"https:\/\/kohenavocats.com\/zh-hans\/cour-dappel-le-17-septembre-2025-n23-00638\/#primaryimage"},"thumbnailUrl":"https:\/\/kohenavocats.com\/wp-content\/uploads\/2024\/11\/zyanya-citlalli-qhFXS18P2OQ-unsplash.webp","datePublished":"2026-04-25T16:28:55+00:00","description":"La Cour d'appel, statuant sur une d\u00e9cision de la Commission d'Indemnisation des Victimes d'Infractions de Toulouse, examine les demandes en r\u00e9paration formul...","breadcrumb":{"@id":"https:\/\/kohenavocats.com\/zh-hans\/cour-dappel-le-17-septembre-2025-n23-00638\/#breadcrumb"},"inLanguage":"zh-Hans","potentialAction":[{"@type":"ReadAction","target":["https:\/\/kohenavocats.com\/zh-hans\/cour-dappel-le-17-septembre-2025-n23-00638\/"]}]},{"@type":"ImageObject","inLanguage":"zh-Hans","@id":"https:\/\/kohenavocats.com\/zh-hans\/cour-dappel-le-17-septembre-2025-n23-00638\/#primaryimage","url":"https:\/\/kohenavocats.com\/wp-content\/uploads\/2024\/11\/zyanya-citlalli-qhFXS18P2OQ-unsplash.webp","contentUrl":"https:\/\/kohenavocats.com\/wp-content\/uploads\/2024\/11\/zyanya-citlalli-qhFXS18P2OQ-unsplash.webp","width":3840,"height":2160},{"@type":"BreadcrumbList","@id":"https:\/\/kohenavocats.com\/zh-hans\/cour-dappel-le-17-septembre-2025-n23-00638\/#breadcrumb","itemListElement":[{"@type":"ListItem","position":1,"name":"Home","item":"https:\/\/kohenavocats.com\/zh-hans\/"},{"@type":"ListItem","position":2,"name":"Cour d&rsquo;appel, le 17 septembre 2025, n\u00b023\/00638"}]},{"@type":"WebSite","@id":"https:\/\/kohenavocats.com\/zh-hans\/#website","url":"https:\/\/kohenavocats.com\/zh-hans\/","name":"Kohen Avocats","description":"Ma\u00eetre Hassan Kohen, avocat p\u00e9naliste \u00e0 Paris, intervient exclusivement en droit p\u00e9nal pour la d\u00e9fense des particuliers, notamment en mati\u00e8re d\u2019accusations de viol. Il assure un accompagnement rigoureux d\u00e8s la garde \u00e0 vue jusqu\u2019\u00e0 la Cour d\u2019assises, veillant au strict respect des garanties proc\u00e9durales.","publisher":{"@id":"https:\/\/kohenavocats.com\/zh-hans\/#organization"},"potentialAction":[{"@type":"SearchAction","target":{"@type":"EntryPoint","urlTemplate":"https:\/\/kohenavocats.com\/zh-hans\/?s={search_term_string}"},"query-input":{"@type":"PropertyValueSpecification","valueRequired":true,"valueName":"search_term_string"}}],"inLanguage":"zh-Hans"},{"@type":"Organization","@id":"https:\/\/kohenavocats.com\/zh-hans\/#organization","name":"Kohen Avocats","url":"https:\/\/kohenavocats.com\/zh-hans\/","logo":{"@type":"ImageObject","inLanguage":"zh-Hans","@id":"https:\/\/kohenavocats.com\/zh-hans\/#\/schema\/logo\/image\/","url":"https:\/\/kohenavocats.com\/wp-content\/uploads\/2026\/01\/Logo-2-1.webp","contentUrl":"https:\/\/kohenavocats.com\/wp-content\/uploads\/2026\/01\/Logo-2-1.webp","width":2114,"height":1253,"caption":"Kohen Avocats"},"image":{"@id":"https:\/\/kohenavocats.com\/zh-hans\/#\/schema\/logo\/image\/"}},{"@type":"Person","@id":"https:\/\/kohenavocats.com\/zh-hans\/#\/schema\/person\/761c9ba54fa1ca84d405cef0831ff751","name":"Kohen","image":{"@type":"ImageObject","inLanguage":"zh-Hans","@id":"https:\/\/secure.gravatar.com\/avatar\/1c5e76ef76bbbfdd2b4da984e2bf2fa4056fd51a27d25ce2c332047f1dfd6e00?s=96&d=identicon&r=g","url":"https:\/\/secure.gravatar.com\/avatar\/1c5e76ef76bbbfdd2b4da984e2bf2fa4056fd51a27d25ce2c332047f1dfd6e00?s=96&d=identicon&r=g","contentUrl":"https:\/\/secure.gravatar.com\/avatar\/1c5e76ef76bbbfdd2b4da984e2bf2fa4056fd51a27d25ce2c332047f1dfd6e00?s=96&d=identicon&r=g","caption":"Kohen"},"sameAs":["https:\/\/www.linkedin.com\/in\/hassan-kohen-448548192\/","https:\/\/www.youtube.com\/@Kohen-Avocats"],"url":"https:\/\/kohenavocats.com\/zh-hans\/author\/kohenmlk\/"}]}},"jetpack_featured_media_url":"https:\/\/kohenavocats.com\/wp-content\/uploads\/2024\/11\/zyanya-citlalli-qhFXS18P2OQ-unsplash.webp","jetpack_likes_enabled":false,"jetpack_shortlink":"https:\/\/wp.me\/peCrII-2RJw","jetpack-related-posts":[{"id":377349,"url":"https:\/\/kohenavocats.com\/zh-hans\/cour-dappel-de-paris-le-15-decembre-2025-n25-01872\/","url_meta":{"origin":683210,"position":0},"title":"Cour d&#8217;appel de Paris, le 15 d\u00e9cembre 2025, n\u00b025\/01872","author":"Kohen","date":"2026\u5e742\u670820\u65e5","format":false,"excerpt":"La Cour d\u2019appel de Paris, dans un arr\u00eat du 15 d\u00e9ce\u2026","rel":"","context":"\u5728\u201cCour d'appel\u201d\u4e2d","block_context":{"text":"Cour d'appel","link":"https:\/\/kohenavocats.com\/category\/cour-dappel\/"},"img":{"alt_text":"","src":"https:\/\/i0.wp.com\/kohenavocats.com\/wp-content\/uploads\/2024\/07\/alex-block-PdDBTrkGYLo-unsplash-1-1.webp?resize=350%2C200&ssl=1","width":350,"height":200,"srcset":"https:\/\/i0.wp.com\/kohenavocats.com\/wp-content\/uploads\/2024\/07\/alex-block-PdDBTrkGYLo-unsplash-1-1.webp?resize=350%2C200&ssl=1 1x, https:\/\/i0.wp.com\/kohenavocats.com\/wp-content\/uploads\/2024\/07\/alex-block-PdDBTrkGYLo-unsplash-1-1.webp?resize=525%2C300&ssl=1 1.5x, https:\/\/i0.wp.com\/kohenavocats.com\/wp-content\/uploads\/2024\/07\/alex-block-PdDBTrkGYLo-unsplash-1-1.webp?resize=700%2C400&ssl=1 2x, https:\/\/i0.wp.com\/kohenavocats.com\/wp-content\/uploads\/2024\/07\/alex-block-PdDBTrkGYLo-unsplash-1-1.webp?resize=1050%2C600&ssl=1 3x, https:\/\/i0.wp.com\/kohenavocats.com\/wp-content\/uploads\/2024\/07\/alex-block-PdDBTrkGYLo-unsplash-1-1.webp?resize=1400%2C800&ssl=1 4x"},"classes":[]},{"id":266410,"url":"https:\/\/kohenavocats.com\/zh-hans\/cour-dappel-administrative-de-nantes-le-1-decembre-2025-n25nt00445\/","url_meta":{"origin":683210,"position":1},"title":"Cour d&#8217;appel administrative de Nantes, le 1 d\u00e9cembre 2025, n\u00b025NT00445","author":"Kohen","date":"2026\u5e741\u670810\u65e5","format":false,"excerpt":"La Cour administrative d'appel de Nantes a rendu, \u2026","rel":"","context":"\u5728\u201c6923\u201d\u4e2d","block_context":{"text":"6923","link":"https:\/\/kohenavocats.com\/category\/6923\/"},"img":{"alt_text":"","src":"https:\/\/i0.wp.com\/kohenavocats.com\/wp-content\/uploads\/2024\/11\/mourad-saadi-tgP7H6LH4OU-unsplash.webp?resize=350%2C200&ssl=1","width":350,"height":200,"srcset":"https:\/\/i0.wp.com\/kohenavocats.com\/wp-content\/uploads\/2024\/11\/mourad-saadi-tgP7H6LH4OU-unsplash.webp?resize=350%2C200&ssl=1 1x, https:\/\/i0.wp.com\/kohenavocats.com\/wp-content\/uploads\/2024\/11\/mourad-saadi-tgP7H6LH4OU-unsplash.webp?resize=525%2C300&ssl=1 1.5x, https:\/\/i0.wp.com\/kohenavocats.com\/wp-content\/uploads\/2024\/11\/mourad-saadi-tgP7H6LH4OU-unsplash.webp?resize=700%2C400&ssl=1 2x, https:\/\/i0.wp.com\/kohenavocats.com\/wp-content\/uploads\/2024\/11\/mourad-saadi-tgP7H6LH4OU-unsplash.webp?resize=1050%2C600&ssl=1 3x, https:\/\/i0.wp.com\/kohenavocats.com\/wp-content\/uploads\/2024\/11\/mourad-saadi-tgP7H6LH4OU-unsplash.webp?resize=1400%2C800&ssl=1 4x"},"classes":[]},{"id":285579,"url":"https:\/\/kohenavocats.com\/zh-hans\/cour-dappel-administrative-de-paris-le-19-decembre-2025-n24pa02040\/","url_meta":{"origin":683210,"position":2},"title":"Cour d&#8217;appel administrative de Paris, le 19 d\u00e9cembre 2025, n\u00b024PA02040","author":"Kohen","date":"2026\u5e741\u670813\u65e5","format":false,"excerpt":"La Cour administrative d'appel de Paris, par un ar\u2026","rel":"","context":"\u5728\u201c6923\u201d\u4e2d","block_context":{"text":"6923","link":"https:\/\/kohenavocats.com\/category\/6923\/"},"img":{"alt_text":"","src":"https:\/\/i0.wp.com\/kohenavocats.com\/wp-content\/uploads\/2024\/11\/planet-volumes-C4bN-gxQQig-unsplash.webp?resize=350%2C200&ssl=1","width":350,"height":200,"srcset":"https:\/\/i0.wp.com\/kohenavocats.com\/wp-content\/uploads\/2024\/11\/planet-volumes-C4bN-gxQQig-unsplash.webp?resize=350%2C200&ssl=1 1x, https:\/\/i0.wp.com\/kohenavocats.com\/wp-content\/uploads\/2024\/11\/planet-volumes-C4bN-gxQQig-unsplash.webp?resize=525%2C300&ssl=1 1.5x, https:\/\/i0.wp.com\/kohenavocats.com\/wp-content\/uploads\/2024\/11\/planet-volumes-C4bN-gxQQig-unsplash.webp?resize=700%2C400&ssl=1 2x, https:\/\/i0.wp.com\/kohenavocats.com\/wp-content\/uploads\/2024\/11\/planet-volumes-C4bN-gxQQig-unsplash.webp?resize=1050%2C600&ssl=1 3x, https:\/\/i0.wp.com\/kohenavocats.com\/wp-content\/uploads\/2024\/11\/planet-volumes-C4bN-gxQQig-unsplash.webp?resize=1400%2C800&ssl=1 4x"},"classes":[]},{"id":274904,"url":"https:\/\/kohenavocats.com\/zh-hans\/cour-dappel-administrative-de-nantes-le-16-decembre-2025-n24nt03470\/","url_meta":{"origin":683210,"position":3},"title":"Cour d&#8217;appel administrative de Nantes, le 16 d\u00e9cembre 2025, n\u00b024NT03470","author":"Kohen","date":"2026\u5e741\u670811\u65e5","format":false,"excerpt":"La cour administrative d\u2019appel de Nantes, par un a\u2026","rel":"","context":"\u5728\u201cCour administrative d'appel\u201d\u4e2d","block_context":{"text":"Cour administrative d'appel","link":"https:\/\/kohenavocats.com\/category\/cour-administrative-dappel\/"},"img":{"alt_text":"","src":"https:\/\/i0.wp.com\/kohenavocats.com\/wp-content\/uploads\/2024\/08\/diane-picchiottino-x5-AOGEbv3c-unsplash.webp?resize=350%2C200&ssl=1","width":350,"height":200,"srcset":"https:\/\/i0.wp.com\/kohenavocats.com\/wp-content\/uploads\/2024\/08\/diane-picchiottino-x5-AOGEbv3c-unsplash.webp?resize=350%2C200&ssl=1 1x, https:\/\/i0.wp.com\/kohenavocats.com\/wp-content\/uploads\/2024\/08\/diane-picchiottino-x5-AOGEbv3c-unsplash.webp?resize=525%2C300&ssl=1 1.5x, https:\/\/i0.wp.com\/kohenavocats.com\/wp-content\/uploads\/2024\/08\/diane-picchiottino-x5-AOGEbv3c-unsplash.webp?resize=700%2C400&ssl=1 2x, https:\/\/i0.wp.com\/kohenavocats.com\/wp-content\/uploads\/2024\/08\/diane-picchiottino-x5-AOGEbv3c-unsplash.webp?resize=1050%2C600&ssl=1 3x, https:\/\/i0.wp.com\/kohenavocats.com\/wp-content\/uploads\/2024\/08\/diane-picchiottino-x5-AOGEbv3c-unsplash.webp?resize=1400%2C800&ssl=1 4x"},"classes":[]},{"id":266453,"url":"https:\/\/kohenavocats.com\/zh-hans\/cour-dappel-administrative-de-marseille-le-4-decembre-2025-n25ma01790\/","url_meta":{"origin":683210,"position":4},"title":"Cour d&#8217;appel administrative de Marseille, le 4 d\u00e9cembre 2025, n\u00b025MA01790","author":"Kohen","date":"2026\u5e741\u670810\u65e5","format":false,"excerpt":"La Cour administrative d'appel de Marseille, par u\u2026","rel":"","context":"\u5728\u201c6917\u201d\u4e2d","block_context":{"text":"6917","link":"https:\/\/kohenavocats.com\/category\/6917\/"},"img":{"alt_text":"","src":"https:\/\/i0.wp.com\/kohenavocats.com\/wp-content\/uploads\/2024\/11\/alex-shuper-VUyzsIViXQ0-unsplash.webp?resize=350%2C200&ssl=1","width":350,"height":200,"srcset":"https:\/\/i0.wp.com\/kohenavocats.com\/wp-content\/uploads\/2024\/11\/alex-shuper-VUyzsIViXQ0-unsplash.webp?resize=350%2C200&ssl=1 1x, https:\/\/i0.wp.com\/kohenavocats.com\/wp-content\/uploads\/2024\/11\/alex-shuper-VUyzsIViXQ0-unsplash.webp?resize=525%2C300&ssl=1 1.5x, https:\/\/i0.wp.com\/kohenavocats.com\/wp-content\/uploads\/2024\/11\/alex-shuper-VUyzsIViXQ0-unsplash.webp?resize=700%2C400&ssl=1 2x, https:\/\/i0.wp.com\/kohenavocats.com\/wp-content\/uploads\/2024\/11\/alex-shuper-VUyzsIViXQ0-unsplash.webp?resize=1050%2C600&ssl=1 3x, https:\/\/i0.wp.com\/kohenavocats.com\/wp-content\/uploads\/2024\/11\/alex-shuper-VUyzsIViXQ0-unsplash.webp?resize=1400%2C800&ssl=1 4x"},"classes":[]},{"id":279545,"url":"https:\/\/kohenavocats.com\/zh-hans\/cour-dappel-administrative-de-lyon-le-18-decembre-2025-n25ly01214\/","url_meta":{"origin":683210,"position":5},"title":"Cour d&#8217;appel administrative de Lyon, le 18 d\u00e9cembre 2025, n\u00b025LY01214","author":"Kohen","date":"2026\u5e741\u670812\u65e5","format":false,"excerpt":"La cour administrative d\u2019appel de Lyon, par \u2026","rel":"","context":"\u5728\u201cCour administrative d'appel\u201d\u4e2d","block_context":{"text":"Cour administrative d'appel","link":"https:\/\/kohenavocats.com\/category\/cour-administrative-dappel\/"},"img":{"alt_text":"","src":"https:\/\/i0.wp.com\/kohenavocats.com\/wp-content\/uploads\/2024\/11\/pawel-czerwinski-mIT9kEQBC6Q-unsplash.webp?resize=350%2C200&ssl=1","width":350,"height":200,"srcset":"https:\/\/i0.wp.com\/kohenavocats.com\/wp-content\/uploads\/2024\/11\/pawel-czerwinski-mIT9kEQBC6Q-unsplash.webp?resize=350%2C200&ssl=1 1x, https:\/\/i0.wp.com\/kohenavocats.com\/wp-content\/uploads\/2024\/11\/pawel-czerwinski-mIT9kEQBC6Q-unsplash.webp?resize=525%2C300&ssl=1 1.5x, https:\/\/i0.wp.com\/kohenavocats.com\/wp-content\/uploads\/2024\/11\/pawel-czerwinski-mIT9kEQBC6Q-unsplash.webp?resize=700%2C400&ssl=1 2x, https:\/\/i0.wp.com\/kohenavocats.com\/wp-content\/uploads\/2024\/11\/pawel-czerwinski-mIT9kEQBC6Q-unsplash.webp?resize=1050%2C600&ssl=1 3x, https:\/\/i0.wp.com\/kohenavocats.com\/wp-content\/uploads\/2024\/11\/pawel-czerwinski-mIT9kEQBC6Q-unsplash.webp?resize=1400%2C800&ssl=1 4x"},"classes":[]}],"jetpack_sharing_enabled":true,"_links":{"self":[{"href":"https:\/\/kohenavocats.com\/zh-hans\/wp-json\/wp\/v2\/posts\/683210","targetHints":{"allow":["GET"]}}],"collection":[{"href":"https:\/\/kohenavocats.com\/zh-hans\/wp-json\/wp\/v2\/posts"}],"about":[{"href":"https:\/\/kohenavocats.com\/zh-hans\/wp-json\/wp\/v2\/types\/post"}],"author":[{"embeddable":true,"href":"https:\/\/kohenavocats.com\/zh-hans\/wp-json\/wp\/v2\/users\/232070755"}],"replies":[{"embeddable":true,"href":"https:\/\/kohenavocats.com\/zh-hans\/wp-json\/wp\/v2\/comments?post=683210"}],"version-history":[{"count":0,"href":"https:\/\/kohenavocats.com\/zh-hans\/wp-json\/wp\/v2\/posts\/683210\/revisions"}],"wp:featuredmedia":[{"embeddable":true,"href":"https:\/\/kohenavocats.com\/zh-hans\/wp-json\/wp\/v2\/media\/9536"}],"wp:attachment":[{"href":"https:\/\/kohenavocats.com\/zh-hans\/wp-json\/wp\/v2\/media?parent=683210"}],"wp:term":[{"taxonomy":"category","embeddable":true,"href":"https:\/\/kohenavocats.com\/zh-hans\/wp-json\/wp\/v2\/categories?post=683210"},{"taxonomy":"post_tag","embeddable":true,"href":"https:\/\/kohenavocats.com\/zh-hans\/wp-json\/wp\/v2\/tags?post=683210"}],"curies":[{"name":"wp","href":"https:\/\/api.w.org\/{rel}","templated":true}]}}