{"id":683486,"date":"2026-04-25T18:47:22","date_gmt":"2026-04-25T16:47:22","guid":{"rendered":"https:\/\/kohenavocats.com\/cour-dappel-le-9-septembre-2025-n23-05679\/"},"modified":"2026-04-25T18:47:22","modified_gmt":"2026-04-25T16:47:22","slug":"cour-dappel-le-9-septembre-2025-n23-05679","status":"publish","type":"post","link":"https:\/\/kohenavocats.com\/zh-hans\/cour-dappel-le-9-septembre-2025-n23-05679\/","title":{"rendered":"Cour d&#8217;appel, le 9 septembre 2025, n\u00b023\/05679"},"content":{"rendered":"<div class=\"article-content\">\n<p>Cour d&#8217;appel de Paris, 9 septembre 2025. L&#8217;arr\u00eat, rendu par d\u00e9faut, tranche un litige relatif \u00e0 la restitution d\u2019un d\u00e9p\u00f4t de garantie et \u00e0 sa majoration l\u00e9gale.<\/p>\n<p>Un bail a couru du 28 f\u00e9vrier au 31 mars 2021. Les cl\u00e9s ont \u00e9t\u00e9 remises le 31 mars et le d\u00e9p\u00f4t n\u2019a pas \u00e9t\u00e9 restitu\u00e9 dans le d\u00e9lai l\u00e9gal.<\/p>\n<p>Une tentative de conciliation a \u00e9chou\u00e9. Le 6 f\u00e9vrier 2023, le juge des contentieux de la protection a d\u00e9bout\u00e9 la locataire faute de preuve du versement du d\u00e9p\u00f4t revendiqu\u00e9.<\/p>\n<p>Un appel a \u00e9t\u00e9 form\u00e9 le 23 mars 2023. L\u2019intim\u00e9, d\u00e9faillant apr\u00e8s signification selon l\u2019article 659, n\u2019a pas constitu\u00e9 avocat avant la cl\u00f4ture du 27 mai 2025.<\/p>\n<p>La question de droit portait sur la preuve du paiement du d\u00e9p\u00f4t, l\u2019exigibilit\u00e9 de sa restitution, et l\u2019application de la majoration de 10 % par mois de retard.<\/p>\n<p>La cour infirme, ordonne le remboursement de 868 euros, calcule 1 927,40 euros de p\u00e9nalit\u00e9s de retard, rejette la r\u00e9sistance abusive et accorde 2 000 euros sur l\u2019article 700.<\/p>\n<p>I. Sens et fondements de la d\u00e9cision<\/p>\n<p>A. Office de la cour en cas de d\u00e9faut de l\u2019intim\u00e9<\/p>\n<p>La juridiction d\u2019appel rappelle son cadre d\u2019examen malgr\u00e9 la d\u00e9faillance. Elle \u00e9nonce que \u00ab Lorsque la partie intim\u00e9e ne constitue pas avocat, la cour doit examiner, au vu des \u00e9l\u00e9ments de preuve pr\u00e9sent\u00e9s et des moyens d&#8217;appel, la pertinence des motifs par lesquels le premier juge s&#8217;est d\u00e9termin\u00e9. \u00bb<\/p>\n<p>Cette affirmation situe l\u2019office exact de la cour. Elle ne statue pas par assimilation automatique aux pr\u00e9tentions de l\u2019appelant, mais contr\u00f4le la r\u00e9gularit\u00e9, la recevabilit\u00e9 et le bien\u2011fond\u00e9, au regard du dossier actualis\u00e9.<\/p>\n<p>Cette m\u00e9thode permet de revisiter l\u2019appr\u00e9ciation probatoire du premier juge. Le raisonnement se resserre autour des pi\u00e8ces nouvelles produites en appel, qui sont recevables, et de la coh\u00e9rence des motifs initiaux critiqu\u00e9s.<\/p>\n<p>B. R\u00e9gime l\u00e9gal de restitution du d\u00e9p\u00f4t de garantie<\/p>\n<p>La cour reproduit la lettre du texte applicable. \u00ab En vertu de l&#8217;article 22 de la loi du 6 juillet 1989 : \u201cle d\u00e9p\u00f4t de garantie est restitu\u00e9 dans un d\u00e9lai maximal de deux mois \u00e0 compter de la remise en main propre, ou par lettre recommand\u00e9e avec demande d&#8217;avis de r\u00e9ception, des cl\u00e9s au bailleur ou \u00e0 son mandataire, d\u00e9duction faite, le cas \u00e9ch\u00e9ant, des sommes restant dues au bailleur et des sommes dont celui-ci pourrait \u00eatre tenu, aux lieu et place du locataire, sous r\u00e9serve qu&#8217;elles soient d\u00fbment justifi\u00e9es (&#8230;).<\/p>\n<p>A d\u00e9faut de restitution dans les d\u00e9lais pr\u00e9vus, le d\u00e9p\u00f4t de garantie restant d\u00fb au locataire est major\u00e9 d&#8217;une somme \u00e9gale \u00e0 10 % du loyer mensuel en principal, pour chaque p\u00e9riode mensuelle commenc\u00e9e en retard (&#8230;)\u201d. \u00bb<\/p>\n<p>Elle ancre l\u2019analyse dans la jurisprudence de la troisi\u00e8me chambre civile. \u00ab Le d\u00e9p\u00f4t de garantie est restitu\u00e9 par le bailleur d\u00e9duction faite, le cas \u00e9ch\u00e9ant, des sommes restant dues au bailleur et des sommes dont celui-ci pourrait \u00eatre tenu, aux lieu et place du locataire, sous r\u00e9serve qu&#8217;elles soient d\u00fbment justifi\u00e9es (Civ. 3e, 10 septembre 2020, n\u00b0 19-10.033). \u00bb<\/p>\n<p>Les comparaisons d\u2019\u00e9tats des lieux excluent ici toute retenue. \u00ab La comparaison des \u00e9tats des lieux d&#8217;entr\u00e9e et de sortie (cf. pi\u00e8ces 2 et 3 produites par l&#8217;appelante) ne permet pas au bailleur de retenir de d\u00e9p\u00f4t de garantie. \u00bb La date d\u2019exigibilit\u00e9 est fix\u00e9e un mois apr\u00e8s la remise des cl\u00e9s, en pr\u00e9sence d\u2019un \u00e9tat des lieux de sortie.<\/p>\n<p>II. Valeur et port\u00e9e de la solution<\/p>\n<p>A. Une solution conforme et opportune<\/p>\n<p>L\u2019arr\u00eat r\u00e9affirme un encha\u00eenement probatoire clair. Il revient \u00e0 la locataire d\u2019\u00e9tablir le versement du d\u00e9p\u00f4t, ce que l\u2019ordre de virement produit en appel permettait d\u00e9sormais de d\u00e9montrer utilement.<\/p>\n<p>Le r\u00e9gime de restitution est appliqu\u00e9 avec rigueur, sans d\u00e9duction non justifi\u00e9e. La r\u00e9f\u00e9rence \u00e0 \u00ab A d\u00e9faut de restitution dans les d\u00e9lais pr\u00e9vus, le d\u00e9p\u00f4t de garantie restant d\u00fb [&#8230;] est major\u00e9 [&#8230;] de 10 % du loyer mensuel [&#8230;] \u00bb consacre l\u2019automaticit\u00e9 de la sanction.<\/p>\n<p>La cour pr\u00e9cise le point de d\u00e9part par l\u2019existence d\u2019un \u00e9tat des lieux de sortie. Le d\u00e9lai d\u2019un mois trouve ici sa place, en coh\u00e9rence avec le texte et la finalit\u00e9 d\u2019une restitution diligente.<\/p>\n<p>B. Cons\u00e9quences pratiques et cadres de s\u00e9curisation<\/p>\n<p>La m\u00e9thode de calcul retient le loyer principal mensuel comme assiette, non le d\u00e9p\u00f4t. L\u2019addition des p\u00e9riodes \u00ab commenc\u00e9es \u00bb consacre une p\u00e9nalit\u00e9 simple, pr\u00e9visible et dissuasive pour des retards prolong\u00e9s.<\/p>\n<p>La d\u00e9cision \u00e9carte l\u2019indemnisation pour r\u00e9sistance abusive sans pr\u00e9judice distinct prouv\u00e9. Cette exigence de dommage ind\u00e9pendant pr\u00e9serve la lisibilit\u00e9 entre sanction l\u00e9gale et responsabilit\u00e9 d\u00e9lictuelle.<\/p>\n<p>L\u2019arr\u00eat renforce l\u2019incitation \u00e0 documenter l\u2019entr\u00e9e et la sortie. \u00c9tats des lieux complets, justificatifs de sommes dues et tra\u00e7abilit\u00e9 des paiements conditionnent la validit\u00e9 des retenues et l\u2019\u00e9vitement des majorations.<\/p>\n<p>Enfin, l\u2019allocation de frais irr\u00e9p\u00e9tibles en appel refl\u00e8te l\u2019\u00e9quilibre proc\u00e9dural. Elle accompagne la correction du jugement initial et ach\u00e8ve un dispositif coh\u00e9rent et p\u00e9dagogiquement utile.<\/p>\n<\/div>\n","protected":false},"excerpt":{"rendered":"<p>Cour d&#8217;appel de Paris, 9 septembre 2025. L&#8217;arr\u00eat, rendu par d\u00e9faut, tranche un litige relatif \u00e0 la restitution d\u2019un d\u00e9p\u00f4t de garantie et \u00e0 sa majoration l\u00e9gale.<\/p>\n","protected":false},"author":232070755,"featured_media":3564,"comment_status":"open","ping_status":"open","sticky":false,"template":"","format":"standard","meta":{"_crdt_document":"","_jetpack_newsletter_access":"","_jetpack_dont_email_post_to_subs":false,"_jetpack_newsletter_tier_id":0,"_jetpack_memberships_contains_paywalled_content":false,"_kj_source_type":"judilibre","_kj_official_id":"68c108673a041caba16ef59b","_kj_official_url":"https:\/\/www.courdecassation.fr\/decision\/68c108673a041caba16ef59b","_kj_judilibre_id":"68c108673a041caba16ef59b","_kj_jur":"Cour d'appel","_kj_lieu":"Paris","_kj_chambre":"P\u00f4le 4 - Chambre 4","_kj_rg":"23\/05679","_kj_date":"2025-09-09","_jetpack_memberships_contains_paid_content":false,"footnotes":"","jetpack_post_was_ever_published":false},"categories":[7597],"tags":[],"class_list":["post-683486","post","type-post","status-publish","format-standard","has-post-thumbnail","hentry","category-jurisprudence"],"yoast_head":"<!-- This site is optimized with the Yoast SEO Premium plugin v27.5 (Yoast SEO v27.5) - https:\/\/yoast.com\/product\/yoast-seo-premium-wordpress\/ -->\n<title>Cour d&#039;appel, le 9 septembre 2025, n\u00b023\/05679 - Ma\u00eetre Hassan Kohen, avocat en droit p\u00e9nal \u00e0 Paris<\/title>\n<meta name=\"description\" content=\"Cour d&#039;appel de Paris, 9 septembre 2025. L&#039;arr\u00eat, rendu par d\u00e9faut, tranche un litige relatif \u00e0 la restitution d\u2019un d\u00e9p\u00f4t de garantie et \u00e0 sa majoration l\u00e9gale.\" \/>\n<meta name=\"robots\" content=\"index, follow, max-snippet:-1, max-image-preview:large, max-video-preview:-1\" \/>\n<link rel=\"canonical\" href=\"https:\/\/kohenavocats.com\/zh-hans\/cour-dappel-le-9-septembre-2025-n23-05679\/\" \/>\n<meta property=\"og:locale\" content=\"zh_CN\" \/>\n<meta property=\"og:type\" content=\"article\" \/>\n<meta property=\"og:title\" content=\"Cour d&#039;appel, le 9 septembre 2025, n\u00b023\/05679\" \/>\n<meta property=\"og:description\" content=\"Cour d&#039;appel de Paris, 9 septembre 2025. L&#039;arr\u00eat, rendu par d\u00e9faut, tranche un litige relatif \u00e0 la restitution d\u2019un d\u00e9p\u00f4t de garantie et \u00e0 sa majoration l\u00e9gale.\" \/>\n<meta property=\"og:url\" content=\"https:\/\/kohenavocats.com\/zh-hans\/cour-dappel-le-9-septembre-2025-n23-05679\/\" \/>\n<meta property=\"og:site_name\" content=\"Ma\u00eetre Hassan Kohen, avocat en droit p\u00e9nal \u00e0 Paris\" \/>\n<meta property=\"article:published_time\" content=\"2026-04-25T16:47:22+00:00\" \/>\n<meta property=\"og:image\" content=\"https:\/\/kohenavocats.com\/wp-content\/uploads\/2024\/06\/pexels-pavel-danilyuk-8112201.jpg\" \/>\n\t<meta property=\"og:image:width\" content=\"6016\" \/>\n\t<meta property=\"og:image:height\" content=\"4016\" \/>\n\t<meta property=\"og:image:type\" content=\"image\/jpeg\" \/>\n<meta name=\"author\" content=\"Kohen\" \/>\n<meta name=\"twitter:card\" content=\"summary_large_image\" \/>\n<meta name=\"twitter:label1\" content=\"\u4f5c\u8005\" \/>\n\t<meta name=\"twitter:data1\" content=\"Kohen\" \/>\n\t<meta name=\"twitter:label2\" content=\"\u9884\u8ba1\u9605\u8bfb\u65f6\u95f4\" \/>\n\t<meta name=\"twitter:data2\" content=\"5 \u5206\" \/>\n<script type=\"application\/ld+json\" class=\"yoast-schema-graph\">{\"@context\":\"https:\\\/\\\/schema.org\",\"@graph\":[{\"@type\":\"Article\",\"@id\":\"https:\\\/\\\/kohenavocats.com\\\/zh-hans\\\/cour-dappel-le-9-septembre-2025-n23-05679\\\/#article\",\"isPartOf\":{\"@id\":\"https:\\\/\\\/kohenavocats.com\\\/zh-hans\\\/cour-dappel-le-9-septembre-2025-n23-05679\\\/\"},\"author\":{\"name\":\"Kohen\",\"@id\":\"https:\\\/\\\/kohenavocats.com\\\/zh-hans\\\/#\\\/schema\\\/person\\\/761c9ba54fa1ca84d405cef0831ff751\"},\"headline\":\"Cour d&#8217;appel, le 9 septembre 2025, n\u00b023\\\/05679\",\"datePublished\":\"2026-04-25T16:47:22+00:00\",\"mainEntityOfPage\":{\"@id\":\"https:\\\/\\\/kohenavocats.com\\\/zh-hans\\\/cour-dappel-le-9-septembre-2025-n23-05679\\\/\"},\"wordCount\":922,\"commentCount\":0,\"publisher\":{\"@id\":\"https:\\\/\\\/kohenavocats.com\\\/zh-hans\\\/#organization\"},\"image\":{\"@id\":\"https:\\\/\\\/kohenavocats.com\\\/zh-hans\\\/cour-dappel-le-9-septembre-2025-n23-05679\\\/#primaryimage\"},\"thumbnailUrl\":\"https:\\\/\\\/kohenavocats.com\\\/wp-content\\\/uploads\\\/2024\\\/06\\\/pexels-pavel-danilyuk-8112201.jpg\",\"articleSection\":[\"Jurisprudence\"],\"inLanguage\":\"zh-Hans\",\"potentialAction\":[{\"@type\":\"CommentAction\",\"name\":\"Comment\",\"target\":[\"https:\\\/\\\/kohenavocats.com\\\/zh-hans\\\/cour-dappel-le-9-septembre-2025-n23-05679\\\/#respond\"]}],\"citation\":\"Cour d&#8217;appel, le 9 septembre 2025, n\u00b023\\\/05679\",\"about\":[{\"@type\":\"Thing\",\"name\":\"Jurisprudence\"}],\"dateModified\":\"2026-04-25T16:47:22+00:00\",\"speakable\":{\"@type\":\"SpeakableSpecification\",\"cssSelector\":[\".article-content > p:first-of-type\"]}},{\"@type\":\"WebPage\",\"@id\":\"https:\\\/\\\/kohenavocats.com\\\/zh-hans\\\/cour-dappel-le-9-septembre-2025-n23-05679\\\/\",\"url\":\"https:\\\/\\\/kohenavocats.com\\\/zh-hans\\\/cour-dappel-le-9-septembre-2025-n23-05679\\\/\",\"name\":\"Cour d'appel, le 9 septembre 2025, n\u00b023\\\/05679 - Ma\u00eetre Hassan Kohen, avocat en droit p\u00e9nal \u00e0 Paris\",\"isPartOf\":{\"@id\":\"https:\\\/\\\/kohenavocats.com\\\/zh-hans\\\/#website\"},\"primaryImageOfPage\":{\"@id\":\"https:\\\/\\\/kohenavocats.com\\\/zh-hans\\\/cour-dappel-le-9-septembre-2025-n23-05679\\\/#primaryimage\"},\"image\":{\"@id\":\"https:\\\/\\\/kohenavocats.com\\\/zh-hans\\\/cour-dappel-le-9-septembre-2025-n23-05679\\\/#primaryimage\"},\"thumbnailUrl\":\"https:\\\/\\\/kohenavocats.com\\\/wp-content\\\/uploads\\\/2024\\\/06\\\/pexels-pavel-danilyuk-8112201.jpg\",\"datePublished\":\"2026-04-25T16:47:22+00:00\",\"description\":\"Cour d'appel de Paris, 9 septembre 2025. L'arr\u00eat, rendu par d\u00e9faut, tranche un litige relatif \u00e0 la restitution d\u2019un d\u00e9p\u00f4t de garantie et \u00e0 sa majoration l\u00e9gale.\",\"breadcrumb\":{\"@id\":\"https:\\\/\\\/kohenavocats.com\\\/zh-hans\\\/cour-dappel-le-9-septembre-2025-n23-05679\\\/#breadcrumb\"},\"inLanguage\":\"zh-Hans\",\"potentialAction\":[{\"@type\":\"ReadAction\",\"target\":[\"https:\\\/\\\/kohenavocats.com\\\/zh-hans\\\/cour-dappel-le-9-septembre-2025-n23-05679\\\/\"]}]},{\"@type\":\"ImageObject\",\"inLanguage\":\"zh-Hans\",\"@id\":\"https:\\\/\\\/kohenavocats.com\\\/zh-hans\\\/cour-dappel-le-9-septembre-2025-n23-05679\\\/#primaryimage\",\"url\":\"https:\\\/\\\/kohenavocats.com\\\/wp-content\\\/uploads\\\/2024\\\/06\\\/pexels-pavel-danilyuk-8112201.jpg\",\"contentUrl\":\"https:\\\/\\\/kohenavocats.com\\\/wp-content\\\/uploads\\\/2024\\\/06\\\/pexels-pavel-danilyuk-8112201.jpg\",\"width\":6016,\"height\":4016},{\"@type\":\"BreadcrumbList\",\"@id\":\"https:\\\/\\\/kohenavocats.com\\\/zh-hans\\\/cour-dappel-le-9-septembre-2025-n23-05679\\\/#breadcrumb\",\"itemListElement\":[{\"@type\":\"ListItem\",\"position\":1,\"name\":\"Home\",\"item\":\"https:\\\/\\\/kohenavocats.com\\\/zh-hans\\\/\"},{\"@type\":\"ListItem\",\"position\":2,\"name\":\"Cour d&rsquo;appel, le 9 septembre 2025, n\u00b023\\\/05679\"}]},{\"@type\":\"WebSite\",\"@id\":\"https:\\\/\\\/kohenavocats.com\\\/zh-hans\\\/#website\",\"url\":\"https:\\\/\\\/kohenavocats.com\\\/zh-hans\\\/\",\"name\":\"Kohen Avocats\",\"description\":\"Ma\u00eetre Hassan Kohen, avocat p\u00e9naliste \u00e0 Paris, intervient exclusivement en droit p\u00e9nal pour la d\u00e9fense des particuliers, notamment en mati\u00e8re d\u2019accusations de viol. Il assure un accompagnement rigoureux d\u00e8s la garde \u00e0 vue jusqu\u2019\u00e0 la Cour d\u2019assises, veillant au strict respect des garanties proc\u00e9durales.\",\"publisher\":{\"@id\":\"https:\\\/\\\/kohenavocats.com\\\/zh-hans\\\/#organization\"},\"potentialAction\":[{\"@type\":\"SearchAction\",\"target\":{\"@type\":\"EntryPoint\",\"urlTemplate\":\"https:\\\/\\\/kohenavocats.com\\\/zh-hans\\\/?s={search_term_string}\"},\"query-input\":{\"@type\":\"PropertyValueSpecification\",\"valueRequired\":true,\"valueName\":\"search_term_string\"}}],\"inLanguage\":\"zh-Hans\"},{\"@type\":\"Organization\",\"@id\":\"https:\\\/\\\/kohenavocats.com\\\/zh-hans\\\/#organization\",\"name\":\"Kohen Avocats\",\"url\":\"https:\\\/\\\/kohenavocats.com\\\/zh-hans\\\/\",\"logo\":{\"@type\":\"ImageObject\",\"inLanguage\":\"zh-Hans\",\"@id\":\"https:\\\/\\\/kohenavocats.com\\\/zh-hans\\\/#\\\/schema\\\/logo\\\/image\\\/\",\"url\":\"https:\\\/\\\/kohenavocats.com\\\/wp-content\\\/uploads\\\/2026\\\/01\\\/Logo-2-1.webp\",\"contentUrl\":\"https:\\\/\\\/kohenavocats.com\\\/wp-content\\\/uploads\\\/2026\\\/01\\\/Logo-2-1.webp\",\"width\":2114,\"height\":1253,\"caption\":\"Kohen Avocats\"},\"image\":{\"@id\":\"https:\\\/\\\/kohenavocats.com\\\/zh-hans\\\/#\\\/schema\\\/logo\\\/image\\\/\"}},{\"@type\":\"Person\",\"@id\":\"https:\\\/\\\/kohenavocats.com\\\/zh-hans\\\/#\\\/schema\\\/person\\\/761c9ba54fa1ca84d405cef0831ff751\",\"name\":\"Kohen\",\"image\":{\"@type\":\"ImageObject\",\"inLanguage\":\"zh-Hans\",\"@id\":\"https:\\\/\\\/secure.gravatar.com\\\/avatar\\\/1c5e76ef76bbbfdd2b4da984e2bf2fa4056fd51a27d25ce2c332047f1dfd6e00?s=96&d=identicon&r=g\",\"url\":\"https:\\\/\\\/secure.gravatar.com\\\/avatar\\\/1c5e76ef76bbbfdd2b4da984e2bf2fa4056fd51a27d25ce2c332047f1dfd6e00?s=96&d=identicon&r=g\",\"contentUrl\":\"https:\\\/\\\/secure.gravatar.com\\\/avatar\\\/1c5e76ef76bbbfdd2b4da984e2bf2fa4056fd51a27d25ce2c332047f1dfd6e00?s=96&d=identicon&r=g\",\"caption\":\"Kohen\"},\"sameAs\":[\"https:\\\/\\\/www.linkedin.com\\\/in\\\/hassan-kohen-448548192\\\/\",\"https:\\\/\\\/www.youtube.com\\\/@Kohen-Avocats\"],\"url\":\"https:\\\/\\\/kohenavocats.com\\\/zh-hans\\\/author\\\/kohenmlk\\\/\"}]}<\/script>\n<!-- \/ Yoast SEO Premium plugin. -->","yoast_head_json":{"title":"Cour d'appel, le 9 septembre 2025, n\u00b023\/05679 - Ma\u00eetre Hassan Kohen, avocat en droit p\u00e9nal \u00e0 Paris","description":"Cour d'appel de Paris, 9 septembre 2025. L'arr\u00eat, rendu par d\u00e9faut, tranche un litige relatif \u00e0 la restitution d\u2019un d\u00e9p\u00f4t de garantie et \u00e0 sa majoration l\u00e9gale.","robots":{"index":"index","follow":"follow","max-snippet":"max-snippet:-1","max-image-preview":"max-image-preview:large","max-video-preview":"max-video-preview:-1"},"canonical":"https:\/\/kohenavocats.com\/zh-hans\/cour-dappel-le-9-septembre-2025-n23-05679\/","og_locale":"zh_CN","og_type":"article","og_title":"Cour d'appel, le 9 septembre 2025, n\u00b023\/05679","og_description":"Cour d'appel de Paris, 9 septembre 2025. L'arr\u00eat, rendu par d\u00e9faut, tranche un litige relatif \u00e0 la restitution d\u2019un d\u00e9p\u00f4t de garantie et \u00e0 sa majoration l\u00e9gale.","og_url":"https:\/\/kohenavocats.com\/zh-hans\/cour-dappel-le-9-septembre-2025-n23-05679\/","og_site_name":"Ma\u00eetre Hassan Kohen, avocat en droit p\u00e9nal \u00e0 Paris","article_published_time":"2026-04-25T16:47:22+00:00","og_image":[{"width":6016,"height":4016,"url":"https:\/\/kohenavocats.com\/wp-content\/uploads\/2024\/06\/pexels-pavel-danilyuk-8112201.jpg","type":"image\/jpeg"}],"author":"Kohen","twitter_card":"summary_large_image","twitter_misc":{"\u4f5c\u8005":"Kohen","\u9884\u8ba1\u9605\u8bfb\u65f6\u95f4":"5 \u5206"},"schema":{"@context":"https:\/\/schema.org","@graph":[{"@type":"Article","@id":"https:\/\/kohenavocats.com\/zh-hans\/cour-dappel-le-9-septembre-2025-n23-05679\/#article","isPartOf":{"@id":"https:\/\/kohenavocats.com\/zh-hans\/cour-dappel-le-9-septembre-2025-n23-05679\/"},"author":{"name":"Kohen","@id":"https:\/\/kohenavocats.com\/zh-hans\/#\/schema\/person\/761c9ba54fa1ca84d405cef0831ff751"},"headline":"Cour d&#8217;appel, le 9 septembre 2025, n\u00b023\/05679","datePublished":"2026-04-25T16:47:22+00:00","mainEntityOfPage":{"@id":"https:\/\/kohenavocats.com\/zh-hans\/cour-dappel-le-9-septembre-2025-n23-05679\/"},"wordCount":922,"commentCount":0,"publisher":{"@id":"https:\/\/kohenavocats.com\/zh-hans\/#organization"},"image":{"@id":"https:\/\/kohenavocats.com\/zh-hans\/cour-dappel-le-9-septembre-2025-n23-05679\/#primaryimage"},"thumbnailUrl":"https:\/\/kohenavocats.com\/wp-content\/uploads\/2024\/06\/pexels-pavel-danilyuk-8112201.jpg","articleSection":["Jurisprudence"],"inLanguage":"zh-Hans","potentialAction":[{"@type":"CommentAction","name":"Comment","target":["https:\/\/kohenavocats.com\/zh-hans\/cour-dappel-le-9-septembre-2025-n23-05679\/#respond"]}],"citation":"Cour d&#8217;appel, le 9 septembre 2025, n\u00b023\/05679","about":[{"@type":"Thing","name":"Jurisprudence"}],"dateModified":"2026-04-25T16:47:22+00:00","speakable":{"@type":"SpeakableSpecification","cssSelector":[".article-content > p:first-of-type"]}},{"@type":"WebPage","@id":"https:\/\/kohenavocats.com\/zh-hans\/cour-dappel-le-9-septembre-2025-n23-05679\/","url":"https:\/\/kohenavocats.com\/zh-hans\/cour-dappel-le-9-septembre-2025-n23-05679\/","name":"Cour d'appel, le 9 septembre 2025, n\u00b023\/05679 - Ma\u00eetre Hassan Kohen, avocat en droit p\u00e9nal \u00e0 Paris","isPartOf":{"@id":"https:\/\/kohenavocats.com\/zh-hans\/#website"},"primaryImageOfPage":{"@id":"https:\/\/kohenavocats.com\/zh-hans\/cour-dappel-le-9-septembre-2025-n23-05679\/#primaryimage"},"image":{"@id":"https:\/\/kohenavocats.com\/zh-hans\/cour-dappel-le-9-septembre-2025-n23-05679\/#primaryimage"},"thumbnailUrl":"https:\/\/kohenavocats.com\/wp-content\/uploads\/2024\/06\/pexels-pavel-danilyuk-8112201.jpg","datePublished":"2026-04-25T16:47:22+00:00","description":"Cour d'appel de Paris, 9 septembre 2025. L'arr\u00eat, rendu par d\u00e9faut, tranche un litige relatif \u00e0 la restitution d\u2019un d\u00e9p\u00f4t de garantie et \u00e0 sa majoration l\u00e9gale.","breadcrumb":{"@id":"https:\/\/kohenavocats.com\/zh-hans\/cour-dappel-le-9-septembre-2025-n23-05679\/#breadcrumb"},"inLanguage":"zh-Hans","potentialAction":[{"@type":"ReadAction","target":["https:\/\/kohenavocats.com\/zh-hans\/cour-dappel-le-9-septembre-2025-n23-05679\/"]}]},{"@type":"ImageObject","inLanguage":"zh-Hans","@id":"https:\/\/kohenavocats.com\/zh-hans\/cour-dappel-le-9-septembre-2025-n23-05679\/#primaryimage","url":"https:\/\/kohenavocats.com\/wp-content\/uploads\/2024\/06\/pexels-pavel-danilyuk-8112201.jpg","contentUrl":"https:\/\/kohenavocats.com\/wp-content\/uploads\/2024\/06\/pexels-pavel-danilyuk-8112201.jpg","width":6016,"height":4016},{"@type":"BreadcrumbList","@id":"https:\/\/kohenavocats.com\/zh-hans\/cour-dappel-le-9-septembre-2025-n23-05679\/#breadcrumb","itemListElement":[{"@type":"ListItem","position":1,"name":"Home","item":"https:\/\/kohenavocats.com\/zh-hans\/"},{"@type":"ListItem","position":2,"name":"Cour d&rsquo;appel, le 9 septembre 2025, n\u00b023\/05679"}]},{"@type":"WebSite","@id":"https:\/\/kohenavocats.com\/zh-hans\/#website","url":"https:\/\/kohenavocats.com\/zh-hans\/","name":"Kohen Avocats","description":"Ma\u00eetre Hassan Kohen, avocat p\u00e9naliste \u00e0 Paris, intervient exclusivement en droit p\u00e9nal pour la d\u00e9fense des particuliers, notamment en mati\u00e8re d\u2019accusations de viol. Il assure un accompagnement rigoureux d\u00e8s la garde \u00e0 vue jusqu\u2019\u00e0 la Cour d\u2019assises, veillant au strict respect des garanties proc\u00e9durales.","publisher":{"@id":"https:\/\/kohenavocats.com\/zh-hans\/#organization"},"potentialAction":[{"@type":"SearchAction","target":{"@type":"EntryPoint","urlTemplate":"https:\/\/kohenavocats.com\/zh-hans\/?s={search_term_string}"},"query-input":{"@type":"PropertyValueSpecification","valueRequired":true,"valueName":"search_term_string"}}],"inLanguage":"zh-Hans"},{"@type":"Organization","@id":"https:\/\/kohenavocats.com\/zh-hans\/#organization","name":"Kohen Avocats","url":"https:\/\/kohenavocats.com\/zh-hans\/","logo":{"@type":"ImageObject","inLanguage":"zh-Hans","@id":"https:\/\/kohenavocats.com\/zh-hans\/#\/schema\/logo\/image\/","url":"https:\/\/kohenavocats.com\/wp-content\/uploads\/2026\/01\/Logo-2-1.webp","contentUrl":"https:\/\/kohenavocats.com\/wp-content\/uploads\/2026\/01\/Logo-2-1.webp","width":2114,"height":1253,"caption":"Kohen Avocats"},"image":{"@id":"https:\/\/kohenavocats.com\/zh-hans\/#\/schema\/logo\/image\/"}},{"@type":"Person","@id":"https:\/\/kohenavocats.com\/zh-hans\/#\/schema\/person\/761c9ba54fa1ca84d405cef0831ff751","name":"Kohen","image":{"@type":"ImageObject","inLanguage":"zh-Hans","@id":"https:\/\/secure.gravatar.com\/avatar\/1c5e76ef76bbbfdd2b4da984e2bf2fa4056fd51a27d25ce2c332047f1dfd6e00?s=96&d=identicon&r=g","url":"https:\/\/secure.gravatar.com\/avatar\/1c5e76ef76bbbfdd2b4da984e2bf2fa4056fd51a27d25ce2c332047f1dfd6e00?s=96&d=identicon&r=g","contentUrl":"https:\/\/secure.gravatar.com\/avatar\/1c5e76ef76bbbfdd2b4da984e2bf2fa4056fd51a27d25ce2c332047f1dfd6e00?s=96&d=identicon&r=g","caption":"Kohen"},"sameAs":["https:\/\/www.linkedin.com\/in\/hassan-kohen-448548192\/","https:\/\/www.youtube.com\/@Kohen-Avocats"],"url":"https:\/\/kohenavocats.com\/zh-hans\/author\/kohenmlk\/"}]}},"jetpack_featured_media_url":"https:\/\/kohenavocats.com\/wp-content\/uploads\/2024\/06\/pexels-pavel-danilyuk-8112201.jpg","jetpack_likes_enabled":false,"jetpack_shortlink":"https:\/\/wp.me\/peCrII-2RNY","jetpack-related-posts":[{"id":491530,"url":"https:\/\/kohenavocats.com\/zh-hans\/tribunal-judiciaire-de-bordeaux-le-3-fevrier-2025-n25-02291\/","url_meta":{"origin":683486,"position":0},"title":"Tribunal judiciaire de Bordeaux, le 3 f\u00e9vrier 2025, n\u00b025\/02291","author":"Kohen","date":"2026\u5e744\u67088\u65e5","format":false,"excerpt":"Le juge des contentieux de la protection, statuant\u2026","rel":"","context":"\u5728\u201cJurisprudence\u201d\u4e2d","block_context":{"text":"Jurisprudence","link":"https:\/\/kohenavocats.com\/category\/jurisprudence\/"},"img":{"alt_text":"","src":"https:\/\/i0.wp.com\/kohenavocats.com\/wp-content\/uploads\/2024\/11\/anita-austvika-uIEL3NE30xk-unsplash-1.webp?resize=350%2C200&ssl=1","width":350,"height":200,"srcset":"https:\/\/i0.wp.com\/kohenavocats.com\/wp-content\/uploads\/2024\/11\/anita-austvika-uIEL3NE30xk-unsplash-1.webp?resize=350%2C200&ssl=1 1x, https:\/\/i0.wp.com\/kohenavocats.com\/wp-content\/uploads\/2024\/11\/anita-austvika-uIEL3NE30xk-unsplash-1.webp?resize=525%2C300&ssl=1 1.5x, https:\/\/i0.wp.com\/kohenavocats.com\/wp-content\/uploads\/2024\/11\/anita-austvika-uIEL3NE30xk-unsplash-1.webp?resize=700%2C400&ssl=1 2x, https:\/\/i0.wp.com\/kohenavocats.com\/wp-content\/uploads\/2024\/11\/anita-austvika-uIEL3NE30xk-unsplash-1.webp?resize=1050%2C600&ssl=1 3x, https:\/\/i0.wp.com\/kohenavocats.com\/wp-content\/uploads\/2024\/11\/anita-austvika-uIEL3NE30xk-unsplash-1.webp?resize=1400%2C800&ssl=1 4x"},"classes":[]},{"id":668884,"url":"https:\/\/kohenavocats.com\/zh-hans\/tribunal-judiciaire-de-charleville-mezieres-le-19-septembre-2025-n25-00024\/","url_meta":{"origin":683486,"position":1},"title":"Tribunal judiciaire de Charleville-M\u00e9zi\u00e8res, le 19 septembre 2025, n\u00b025\/00024","author":"Kohen","date":"2026\u5e744\u670824\u65e5","format":false,"excerpt":"Le Tribunal judiciaire de Charleville-M\u00e9zi\u00e8res, st\u2026","rel":"","context":"\u5728\u201cCode des assurances\u201d\u4e2d","block_context":{"text":"Code des assurances","link":"https:\/\/kohenavocats.com\/category\/code-des-assurances\/"},"img":{"alt_text":"","src":"https:\/\/i0.wp.com\/kohenavocats.com\/wp-content\/uploads\/2024\/11\/arnaud-mariat-ilqys8HnQak-unsplash.webp?resize=350%2C200&ssl=1","width":350,"height":200,"srcset":"https:\/\/i0.wp.com\/kohenavocats.com\/wp-content\/uploads\/2024\/11\/arnaud-mariat-ilqys8HnQak-unsplash.webp?resize=350%2C200&ssl=1 1x, https:\/\/i0.wp.com\/kohenavocats.com\/wp-content\/uploads\/2024\/11\/arnaud-mariat-ilqys8HnQak-unsplash.webp?resize=525%2C300&ssl=1 1.5x, https:\/\/i0.wp.com\/kohenavocats.com\/wp-content\/uploads\/2024\/11\/arnaud-mariat-ilqys8HnQak-unsplash.webp?resize=700%2C400&ssl=1 2x, https:\/\/i0.wp.com\/kohenavocats.com\/wp-content\/uploads\/2024\/11\/arnaud-mariat-ilqys8HnQak-unsplash.webp?resize=1050%2C600&ssl=1 3x, https:\/\/i0.wp.com\/kohenavocats.com\/wp-content\/uploads\/2024\/11\/arnaud-mariat-ilqys8HnQak-unsplash.webp?resize=1400%2C800&ssl=1 4x"},"classes":[]},{"id":685389,"url":"https:\/\/kohenavocats.com\/zh-hans\/cour-dappel-de-paris-le-11-septembre-2025-n23-01209\/","url_meta":{"origin":683486,"position":2},"title":"Cour d&#8217;appel de Paris, le 11 septembre 2025, n\u00b023\/01209","author":"Kohen","date":"2026\u5e744\u670825\u65e5","format":false,"excerpt":"La Cour d'appel de Paris, le 11 septembre 2025, st\u2026","rel":"","context":"\u5728\u201cJurisprudence\u201d\u4e2d","block_context":{"text":"Jurisprudence","link":"https:\/\/kohenavocats.com\/category\/jurisprudence\/"},"img":{"alt_text":"","src":"https:\/\/i0.wp.com\/kohenavocats.com\/wp-content\/uploads\/2024\/11\/alex-shuper-sApmGHWDAWM-unsplash.webp?resize=350%2C200&ssl=1","width":350,"height":200,"srcset":"https:\/\/i0.wp.com\/kohenavocats.com\/wp-content\/uploads\/2024\/11\/alex-shuper-sApmGHWDAWM-unsplash.webp?resize=350%2C200&ssl=1 1x, https:\/\/i0.wp.com\/kohenavocats.com\/wp-content\/uploads\/2024\/11\/alex-shuper-sApmGHWDAWM-unsplash.webp?resize=525%2C300&ssl=1 1.5x, https:\/\/i0.wp.com\/kohenavocats.com\/wp-content\/uploads\/2024\/11\/alex-shuper-sApmGHWDAWM-unsplash.webp?resize=700%2C400&ssl=1 2x, https:\/\/i0.wp.com\/kohenavocats.com\/wp-content\/uploads\/2024\/11\/alex-shuper-sApmGHWDAWM-unsplash.webp?resize=1050%2C600&ssl=1 3x, https:\/\/i0.wp.com\/kohenavocats.com\/wp-content\/uploads\/2024\/11\/alex-shuper-sApmGHWDAWM-unsplash.webp?resize=1400%2C800&ssl=1 4x"},"classes":[]},{"id":647545,"url":"https:\/\/kohenavocats.com\/zh-hans\/tribunal-judiciaire-de-poitiers-le-25-fevrier-2026-n25-00006\/","url_meta":{"origin":683486,"position":3},"title":"Tribunal judiciaire de Poitiers, le 25 f\u00e9vrier 2026, n\u00b025\/00006","author":"Kohen","date":"2026\u5e744\u670822\u65e5","format":false,"excerpt":"Le juge des contentieux de la protection, statuant\u2026","rel":"","context":"\u5728\u201cJurisprudence\u201d\u4e2d","block_context":{"text":"Jurisprudence","link":"https:\/\/kohenavocats.com\/category\/jurisprudence\/"},"img":{"alt_text":"","src":"https:\/\/i0.wp.com\/kohenavocats.com\/wp-content\/uploads\/2024\/08\/maxwell-andrews-RHEm0vS4QNE-unsplash.webp?resize=350%2C200&ssl=1","width":350,"height":200,"srcset":"https:\/\/i0.wp.com\/kohenavocats.com\/wp-content\/uploads\/2024\/08\/maxwell-andrews-RHEm0vS4QNE-unsplash.webp?resize=350%2C200&ssl=1 1x, https:\/\/i0.wp.com\/kohenavocats.com\/wp-content\/uploads\/2024\/08\/maxwell-andrews-RHEm0vS4QNE-unsplash.webp?resize=525%2C300&ssl=1 1.5x, https:\/\/i0.wp.com\/kohenavocats.com\/wp-content\/uploads\/2024\/08\/maxwell-andrews-RHEm0vS4QNE-unsplash.webp?resize=700%2C400&ssl=1 2x, https:\/\/i0.wp.com\/kohenavocats.com\/wp-content\/uploads\/2024\/08\/maxwell-andrews-RHEm0vS4QNE-unsplash.webp?resize=1050%2C600&ssl=1 3x, https:\/\/i0.wp.com\/kohenavocats.com\/wp-content\/uploads\/2024\/08\/maxwell-andrews-RHEm0vS4QNE-unsplash.webp?resize=1400%2C800&ssl=1 4x"},"classes":[]},{"id":467336,"url":"https:\/\/kohenavocats.com\/zh-hans\/depot-de-garantie-non-restitue-recours-locataire-risques-bailleur\/","url_meta":{"origin":683486,"position":4},"title":"D\u00e9p\u00f4t de garantie non restitu\u00e9 : les recours du locataire et les risques pour le bailleur","author":"Kohen","date":"2026\u5e744\u67087\u65e5","format":false,"excerpt":"Que faire quand le bailleur ne restitue pas le d\u00e9p\u2026","rel":"","context":"\u5728\u201cD\u00e9cryptage\u201d\u4e2d","block_context":{"text":"D\u00e9cryptage","link":"https:\/\/kohenavocats.com\/category\/decryptage\/"},"img":{"alt_text":"","src":"https:\/\/i0.wp.com\/kohenavocats.com\/wp-content\/uploads\/2024\/11\/margaret-jaszowska-iJ4qhyNQEjE-unsplash.webp?resize=350%2C200&ssl=1","width":350,"height":200,"srcset":"https:\/\/i0.wp.com\/kohenavocats.com\/wp-content\/uploads\/2024\/11\/margaret-jaszowska-iJ4qhyNQEjE-unsplash.webp?resize=350%2C200&ssl=1 1x, https:\/\/i0.wp.com\/kohenavocats.com\/wp-content\/uploads\/2024\/11\/margaret-jaszowska-iJ4qhyNQEjE-unsplash.webp?resize=525%2C300&ssl=1 1.5x, https:\/\/i0.wp.com\/kohenavocats.com\/wp-content\/uploads\/2024\/11\/margaret-jaszowska-iJ4qhyNQEjE-unsplash.webp?resize=700%2C400&ssl=1 2x, https:\/\/i0.wp.com\/kohenavocats.com\/wp-content\/uploads\/2024\/11\/margaret-jaszowska-iJ4qhyNQEjE-unsplash.webp?resize=1050%2C600&ssl=1 3x, https:\/\/i0.wp.com\/kohenavocats.com\/wp-content\/uploads\/2024\/11\/margaret-jaszowska-iJ4qhyNQEjE-unsplash.webp?resize=1400%2C800&ssl=1 4x"},"classes":[]},{"id":479753,"url":"https:\/\/kohenavocats.com\/zh-hans\/tribunal-judiciaire-de-blois-le-3-septembre-2025-n23-03503\/","url_meta":{"origin":683486,"position":5},"title":"Tribunal judiciaire de Blois, le 3 septembre 2025, n\u00b023\/03503","author":"Kohen","date":"2026\u5e744\u67087\u65e5","format":false,"excerpt":"Le juge des contentieux de la protection, statuant\u2026","rel":"","context":"\u5728\u201cJurisprudence\u201d\u4e2d","block_context":{"text":"Jurisprudence","link":"https:\/\/kohenavocats.com\/category\/jurisprudence\/"},"img":{"alt_text":"","src":"https:\/\/i0.wp.com\/kohenavocats.com\/wp-content\/uploads\/2024\/07\/jez-timms-vTKLujPJecw-unsplash.webp?resize=350%2C200&ssl=1","width":350,"height":200,"srcset":"https:\/\/i0.wp.com\/kohenavocats.com\/wp-content\/uploads\/2024\/07\/jez-timms-vTKLujPJecw-unsplash.webp?resize=350%2C200&ssl=1 1x, https:\/\/i0.wp.com\/kohenavocats.com\/wp-content\/uploads\/2024\/07\/jez-timms-vTKLujPJecw-unsplash.webp?resize=525%2C300&ssl=1 1.5x, https:\/\/i0.wp.com\/kohenavocats.com\/wp-content\/uploads\/2024\/07\/jez-timms-vTKLujPJecw-unsplash.webp?resize=700%2C400&ssl=1 2x, https:\/\/i0.wp.com\/kohenavocats.com\/wp-content\/uploads\/2024\/07\/jez-timms-vTKLujPJecw-unsplash.webp?resize=1050%2C600&ssl=1 3x, https:\/\/i0.wp.com\/kohenavocats.com\/wp-content\/uploads\/2024\/07\/jez-timms-vTKLujPJecw-unsplash.webp?resize=1400%2C800&ssl=1 4x"},"classes":[]}],"jetpack_sharing_enabled":true,"_links":{"self":[{"href":"https:\/\/kohenavocats.com\/zh-hans\/wp-json\/wp\/v2\/posts\/683486","targetHints":{"allow":["GET"]}}],"collection":[{"href":"https:\/\/kohenavocats.com\/zh-hans\/wp-json\/wp\/v2\/posts"}],"about":[{"href":"https:\/\/kohenavocats.com\/zh-hans\/wp-json\/wp\/v2\/types\/post"}],"author":[{"embeddable":true,"href":"https:\/\/kohenavocats.com\/zh-hans\/wp-json\/wp\/v2\/users\/232070755"}],"replies":[{"embeddable":true,"href":"https:\/\/kohenavocats.com\/zh-hans\/wp-json\/wp\/v2\/comments?post=683486"}],"version-history":[{"count":0,"href":"https:\/\/kohenavocats.com\/zh-hans\/wp-json\/wp\/v2\/posts\/683486\/revisions"}],"wp:featuredmedia":[{"embeddable":true,"href":"https:\/\/kohenavocats.com\/zh-hans\/wp-json\/wp\/v2\/media\/3564"}],"wp:attachment":[{"href":"https:\/\/kohenavocats.com\/zh-hans\/wp-json\/wp\/v2\/media?parent=683486"}],"wp:term":[{"taxonomy":"category","embeddable":true,"href":"https:\/\/kohenavocats.com\/zh-hans\/wp-json\/wp\/v2\/categories?post=683486"},{"taxonomy":"post_tag","embeddable":true,"href":"https:\/\/kohenavocats.com\/zh-hans\/wp-json\/wp\/v2\/tags?post=683486"}],"curies":[{"name":"wp","href":"https:\/\/api.w.org\/{rel}","templated":true}]}}