{"id":683887,"date":"2026-04-25T19:08:12","date_gmt":"2026-04-25T17:08:12","guid":{"rendered":"https:\/\/kohenavocats.com\/cour-dappel-de-grenoble-le-19-juin-2017-n24-00806\/"},"modified":"2026-04-25T19:08:12","modified_gmt":"2026-04-25T17:08:12","slug":"cour-dappel-de-grenoble-le-19-juin-2017-n24-00806","status":"publish","type":"post","link":"https:\/\/kohenavocats.com\/zh-hans\/cour-dappel-de-grenoble-le-19-juin-2017-n24-00806\/","title":{"rendered":"Cour d&#8217;appel de Grenoble, le 19 juin 2017, n\u00b024\/00806"},"content":{"rendered":"<div class=\"article-content\">\n<p>La Cour d&#8217;appel de Grenoble, 17 juin 2025, se prononce sur une action en annulation d\u2019une vente hors \u00e9tablissement d\u2019un \u00e9quipement photovolta\u00efque et du cr\u00e9dit affect\u00e9, assortie d\u2019une demande en responsabilit\u00e9 du pr\u00eateur. La vente est intervenue le 19 juin 2017, le cr\u00e9dit le 21 juin 2017, et l\u2019assignation a \u00e9t\u00e9 d\u00e9livr\u00e9e en avril 2023, apr\u00e8s plusieurs ann\u00e9es d\u2019ex\u00e9cution contractuelle.<\/p>\n<p>Par jugement du tribunal judiciaire de Valence du 6 d\u00e9cembre 2023, l\u2019action a \u00e9t\u00e9 d\u00e9clar\u00e9e irrecevable comme prescrite, les autres demandes ayant \u00e9t\u00e9 rejet\u00e9es. Les acqu\u00e9reurs ont relev\u00e9 appel le 18 f\u00e9vrier 2024, en soutenant un dol li\u00e9 \u00e0 une promesse de rentabilit\u00e9, la nullit\u00e9 du bon en raison d\u2019irr\u00e9gularit\u00e9s formelles, ainsi que des fautes du pr\u00eateur. L\u2019\u00e9tablissement de cr\u00e9dit a conclu \u00e0 la confirmation, en sollicitant des dommages-int\u00e9r\u00eats pour proc\u00e9dure abusive.<\/p>\n<p>Le litige se concentre sur la d\u00e9termination du point de d\u00e9part de la prescription quinquennale pour chacun des fondements invoqu\u00e9s. La juridiction \u00e9nonce d\u2019abord que \u00ab Les parties s&#8217;accordent sur l&#8217;application de la prescription quinquennale de l&#8217;article 2224 du code civil mais sont en d\u00e9saccord sur le point de d\u00e9part de ce d\u00e9lai de prescription. \u00bb Elle distingue selon les chefs. S\u2019agissant de la nullit\u00e9 formelle, elle retient que \u00ab Concernant la nullit\u00e9 du bon de commande pour non conformit\u00e9 aux dispositions du code de la consommation, le d\u00e9lai de prescription court \u00e0 compter de la signature du contrat de vente critiqu\u00e9, soit au 19 juin 2017, \u00e9tant observ\u00e9 que l&#8217;installation fonctionne parfaitement depuis 8 ann\u00e9es. \u00bb Pour le dol, elle affirme que \u00ab Par application des articles 2224 et 1116 ancien du code civil, le point de d\u00e9part du d\u00e9lai quinquennal de prescription concernant le dol court \u00e0 compter de la connaissance du d\u00e9faut de rentabilit\u00e9 all\u00e9gu\u00e9. \u00bb Enfin, au titre de la responsabilit\u00e9 du pr\u00eateur, elle d\u00e9cide que \u00ab Sur la responsabilit\u00e9 du pr\u00eateur, le d\u00e9lai de prescription court \u00e0 compter du d\u00e9blocage des fonds le 2 septembre 2017. \u00bb La tardivet\u00e9 est retenue dans toutes ses hypoth\u00e8ses, la confirmation s\u2019imposant, ainsi qu\u2019en atteste la formule, \u00ab Par voie de cons\u00e9quence, le jugement d\u00e9f\u00e9r\u00e9 sera confirm\u00e9 en toutes ses dispositions. \u00bb<\/p>\n<p>I. La d\u00e9termination des points de d\u00e9part de la prescription<\/p>\n<p>A. Nullit\u00e9 de consommation et signature comme dies a quo<\/p>\n<p>La solution proc\u00e8de d\u2019une lecture exigeante mais constante du r\u00e9gime de la prescription en mati\u00e8re de nullit\u00e9s formelles. En retenant que \u00ab Concernant la nullit\u00e9 du bon de commande pour non conformit\u00e9 aux dispositions du code de la consommation, le d\u00e9lai de prescription court \u00e0 compter de la signature du contrat de vente critiqu\u00e9, soit au 19 juin 2017, \u00e9tant observ\u00e9 que l&#8217;installation fonctionne parfaitement depuis 8 ann\u00e9es \u00bb, la juridiction rattache la connaissance des faits \u00e0 l\u2019instant o\u00f9 les irr\u00e9gularit\u00e9s sont, par nature, accessibles au consommateur.<\/p>\n<p>Ce choix s\u2019accorde avec l\u2019\u00e9conomie des textes qui imposent la reproduction lisible de mentions obligatoires et circonscrivent l\u2019office du juge \u00e0 des manquements objectivables d\u00e8s la lecture du bon. L\u2019argument tir\u00e9 du recul n\u00e9cessaire pour appr\u00e9cier une rentabilit\u00e9 n\u2019influe pas sur ce chef, centr\u00e9 sur la forme et l\u2019information. L\u2019\u00e9tat de fonctionnement de l\u2019installation demeure indiff\u00e9rent \u00e0 la d\u00e9termination du dies a quo de la nullit\u00e9 de consommation.<\/p>\n<p>B. Dol et r\u00e9v\u00e9lation du d\u00e9faut de rentabilit\u00e9<\/p>\n<p>La cour articule explicitement la r\u00e8gle de l\u2019article 2224 avec le droit commun du dol, en \u00e9non\u00e7ant que \u00ab Par application des articles 2224 et 1116 ancien du code civil, le point de d\u00e9part du d\u00e9lai quinquennal de prescription concernant le dol court \u00e0 compter de la connaissance du d\u00e9faut de rentabilit\u00e9 all\u00e9gu\u00e9. \u00bb Elle d\u00e9duit, au cas d\u2019esp\u00e8ce, que cette connaissance intervient d\u00e8s la premi\u00e8re facture annuelle de r\u00e9gularisation, sans qu\u2019une expertise pr\u00e9alable soit requise pour appr\u00e9cier l\u2019\u00e9cart entre flux attendus et charges du cr\u00e9dit.<\/p>\n<p>Le raisonnement privil\u00e9gie un crit\u00e8re de r\u00e9v\u00e9lation factuelle, lisible et suffisamment objectif, qui ancre la connaissance dans un document p\u00e9riodique, ais\u00e9ment datable et contradictoire. Cette solution \u00e9vite des reports incertains du d\u00e9lai et neutralise des d\u00e9bats trop sp\u00e9culatifs sur la dur\u00e9e d\u2019observation n\u00e9cessaire \u00e0 la rentabilit\u00e9 d\u2019un dispositif d\u2019autoconsommation.<\/p>\n<p>S\u2019agissant de la responsabilit\u00e9 du pr\u00eateur, la cour fixe un ancrage temporel pr\u00e9cis en affirmant que \u00ab Sur la responsabilit\u00e9 du pr\u00eateur, le d\u00e9lai de prescription court \u00e0 compter du d\u00e9blocage des fonds le 2 septembre 2017. \u00bb Le dommage imput\u00e9 au financement, s\u2019il existe, na\u00eet \u00e0 l\u2019instant du concours, ce qui rattache utilement le dies a quo \u00e0 un fait g\u00e9n\u00e9rateur unique et document\u00e9. L\u2019ensemble de ces rep\u00e8res convergents conduit \u00e0 constater la forclusion par d\u00e9passement du quinquennat.<\/p>\n<p>II. Appr\u00e9ciation et port\u00e9e du raisonnement<\/p>\n<p>A. Coh\u00e9rence normative et s\u00e9curit\u00e9 juridique<\/p>\n<p>La d\u00e9marche combine clart\u00e9 dogmatique et pr\u00e9visibilit\u00e9 pratique. La chambre civile rappelle le cadre commun \u2013 \u00ab Les parties s&#8217;accordent sur l&#8217;application de la prescription quinquennale de l&#8217;article 2224 du code civil mais sont en d\u00e9saccord sur le point de d\u00e9part de ce d\u00e9lai de prescription. \u00bb \u2013 puis affecte \u00e0 chaque chef un point de d\u00e9part conforme \u00e0 sa nature. La nullit\u00e9 formelle se noue \u00e0 la signature, le dol \u00e0 la r\u00e9v\u00e9lation raisonnablement certaine du d\u00e9faut all\u00e9gu\u00e9, la responsabilit\u00e9 du pr\u00eateur au d\u00e9blocage des fonds.<\/p>\n<p>Cette r\u00e9partition concilie la lettre de l\u2019article 2224 avec la sp\u00e9cialit\u00e9 des actions exerc\u00e9es. Elle r\u00e9duit l\u2019al\u00e9a probatoire, s\u00e9curise les acteurs \u00e9conomiques et favorise une gestion diligente des contestations, sans multiplier les exceptions. La confirmation globale, act\u00e9e par la formule \u00ab Par voie de cons\u00e9quence, le jugement d\u00e9f\u00e9r\u00e9 sera confirm\u00e9 en toutes ses dispositions \u00bb, renforce la lisibilit\u00e9 du message normatif et la discipline des d\u00e9lais.<\/p>\n<p>B. Incidences pratiques sur les contentieux photovolta\u00efques et le cr\u00e9dit affect\u00e9<\/p>\n<p>La solution ferme la voie \u00e0 des reports extensifs fond\u00e9s sur la rentabilit\u00e9 esp\u00e9r\u00e9e d\u2019installations \u00e9nerg\u00e9tiques. En fixant la r\u00e9v\u00e9lation du dol \u00e0 la premi\u00e8re r\u00e9gularisation annuelle, elle invite les emprunteurs \u00e0 agir promptement d\u00e8s la confrontation des flux r\u00e9els aux charges du cr\u00e9dit. On peut discuter la s\u00e9v\u00e9rit\u00e9 du crit\u00e8re retenu dans des montages techniques o\u00f9 la performance varie selon l\u2019usage, le dimensionnement et l\u2019exposition, mais la juridiction privil\u00e9gie ici l\u2019objectivation des dates.<\/p>\n<p>La fixation du dies a quo du pr\u00eateur au d\u00e9blocage des fonds accentue encore la pr\u00e9visibilit\u00e9. Elle conforte une lecture centr\u00e9e sur la naissance du risque financier, plut\u00f4t que sur des cons\u00e9quences ult\u00e9rieures. La censure de la demande indemnitaire pour abus, faute de mauvaise foi caract\u00e9ris\u00e9e, pr\u00e9serve l\u2019acc\u00e8s au juge et \u00e9vite d\u2019\u00e9riger la prescription en instrument r\u00e9pressif. La port\u00e9e pratique est nette: les actions relatives aux ventes hors \u00e9tablissement et aux cr\u00e9dits affect\u00e9s doivent \u00eatre exerc\u00e9es sans d\u00e9lai, sous peine d\u2019irrecevabilit\u00e9, tandis que la grille d\u2019analyse temporelle se stabilise au b\u00e9n\u00e9fice de la s\u00e9curit\u00e9 juridique.<\/p>\n<p>\u00ab Confirme le jugement d\u00e9f\u00e9r\u00e9 en toutes ses dispositions, \u00bb dit le dispositif, ce qui scelle une jurisprudence de vigilance sur les d\u00e9lais et d\u2019exigence probatoire mesur\u00e9e sur la connaissance des faits pertinents.<\/p>\n<\/div>\n","protected":false},"excerpt":{"rendered":"<p>La Cour d&#8217;appel de Grenoble, 17 juin 2025, se prononce sur une action en annulation d\u2019une vente hors \u00e9tablissement d\u2019un \u00e9quipement photovolta\u00efque et du cr\u00e9di&#8230;<\/p>\n","protected":false},"author":232070755,"featured_media":4746,"comment_status":"open","ping_status":"open","sticky":false,"template":"","format":"standard","meta":{"_crdt_document":"","_jetpack_newsletter_access":"","_jetpack_dont_email_post_to_subs":false,"_jetpack_newsletter_tier_id":0,"_jetpack_memberships_contains_paywalled_content":false,"_kj_source_type":"","_kj_official_id":"","_kj_official_url":"","_kj_judilibre_id":"","_kj_jur":"","_kj_lieu":"","_kj_chambre":"","_kj_rg":"","_kj_date":"","_jetpack_memberships_contains_paid_content":false,"footnotes":"","jetpack_post_was_ever_published":false},"categories":[7597],"tags":[],"class_list":["post-683887","post","type-post","status-publish","format-standard","has-post-thumbnail","hentry","category-jurisprudence"],"yoast_head":"<!-- This site is optimized with the Yoast SEO Premium plugin v27.4 (Yoast SEO v27.4) - https:\/\/yoast.com\/product\/yoast-seo-premium-wordpress\/ -->\n<title>Cour d&#039;appel de Grenoble, le 19 juin 2017, n\u00b024\/00806 - Ma\u00eetre Hassan Kohen, avocat en droit p\u00e9nal \u00e0 Paris<\/title>\n<meta name=\"description\" content=\"La Cour d&#039;appel de Grenoble, 17 juin 2025, se prononce sur une action en annulation d\u2019une vente hors \u00e9tablissement d\u2019un \u00e9quipement photovolta\u00efque et du cr\u00e9di...\" \/>\n<meta name=\"robots\" content=\"index, follow, max-snippet:-1, max-image-preview:large, max-video-preview:-1\" \/>\n<link rel=\"canonical\" href=\"https:\/\/kohenavocats.com\/zh-hans\/cour-dappel-de-grenoble-le-19-juin-2017-n24-00806\/\" \/>\n<meta property=\"og:locale\" content=\"zh_CN\" \/>\n<meta property=\"og:type\" content=\"article\" \/>\n<meta property=\"og:title\" content=\"Cour d&#039;appel de Grenoble, le 19 juin 2017, n\u00b024\/00806\" \/>\n<meta property=\"og:description\" content=\"La Cour d&#039;appel de Grenoble, 17 juin 2025, se prononce sur une action en annulation d\u2019une vente hors \u00e9tablissement d\u2019un \u00e9quipement photovolta\u00efque et du cr\u00e9di...\" \/>\n<meta property=\"og:url\" content=\"https:\/\/kohenavocats.com\/zh-hans\/cour-dappel-de-grenoble-le-19-juin-2017-n24-00806\/\" \/>\n<meta property=\"og:site_name\" content=\"Ma\u00eetre Hassan Kohen, avocat en droit p\u00e9nal \u00e0 Paris\" \/>\n<meta property=\"article:published_time\" content=\"2026-04-25T17:08:12+00:00\" \/>\n<meta property=\"og:image\" content=\"https:\/\/kohenavocats.com\/wp-content\/uploads\/2024\/08\/clark-van-der-beken-Azns3dVZEBQ-unsplash.webp\" \/>\n\t<meta property=\"og:image:width\" content=\"4608\" \/>\n\t<meta property=\"og:image:height\" content=\"3456\" \/>\n\t<meta property=\"og:image:type\" content=\"image\/webp\" \/>\n<meta name=\"author\" content=\"Kohen\" \/>\n<meta name=\"twitter:card\" content=\"summary_large_image\" \/>\n<meta name=\"twitter:label1\" content=\"\u4f5c\u8005\" \/>\n\t<meta name=\"twitter:data1\" content=\"Kohen\" \/>\n\t<meta name=\"twitter:label2\" content=\"\u9884\u8ba1\u9605\u8bfb\u65f6\u95f4\" \/>\n\t<meta name=\"twitter:data2\" content=\"6 \u5206\" \/>\n<script type=\"application\/ld+json\" class=\"yoast-schema-graph\">{\"@context\":\"https:\\\/\\\/schema.org\",\"@graph\":[{\"@type\":\"Article\",\"@id\":\"https:\\\/\\\/kohenavocats.com\\\/zh-hans\\\/cour-dappel-de-grenoble-le-19-juin-2017-n24-00806\\\/#article\",\"isPartOf\":{\"@id\":\"https:\\\/\\\/kohenavocats.com\\\/zh-hans\\\/cour-dappel-de-grenoble-le-19-juin-2017-n24-00806\\\/\"},\"author\":{\"name\":\"Kohen\",\"@id\":\"https:\\\/\\\/kohenavocats.com\\\/zh-hans\\\/#\\\/schema\\\/person\\\/761c9ba54fa1ca84d405cef0831ff751\"},\"headline\":\"Cour d&#8217;appel de Grenoble, le 19 juin 2017, n\u00b024\\\/00806\",\"datePublished\":\"2026-04-25T17:08:12+00:00\",\"mainEntityOfPage\":{\"@id\":\"https:\\\/\\\/kohenavocats.com\\\/zh-hans\\\/cour-dappel-de-grenoble-le-19-juin-2017-n24-00806\\\/\"},\"wordCount\":1281,\"commentCount\":0,\"publisher\":{\"@id\":\"https:\\\/\\\/kohenavocats.com\\\/zh-hans\\\/#organization\"},\"image\":{\"@id\":\"https:\\\/\\\/kohenavocats.com\\\/zh-hans\\\/cour-dappel-de-grenoble-le-19-juin-2017-n24-00806\\\/#primaryimage\"},\"thumbnailUrl\":\"https:\\\/\\\/kohenavocats.com\\\/wp-content\\\/uploads\\\/2024\\\/08\\\/clark-van-der-beken-Azns3dVZEBQ-unsplash.webp\",\"articleSection\":[\"Jurisprudence\"],\"inLanguage\":\"zh-Hans\",\"potentialAction\":[{\"@type\":\"CommentAction\",\"name\":\"Comment\",\"target\":[\"https:\\\/\\\/kohenavocats.com\\\/zh-hans\\\/cour-dappel-de-grenoble-le-19-juin-2017-n24-00806\\\/#respond\"]}],\"citation\":\"Cour d&#8217;appel de Grenoble, le 19 juin 2017, n\u00b024\\\/00806\",\"about\":[{\"@type\":\"Thing\",\"name\":\"Jurisprudence\"}],\"dateModified\":\"2026-04-25T17:08:12+00:00\",\"speakable\":{\"@type\":\"SpeakableSpecification\",\"cssSelector\":[\".article-content > p:first-of-type\"]}},{\"@type\":\"WebPage\",\"@id\":\"https:\\\/\\\/kohenavocats.com\\\/zh-hans\\\/cour-dappel-de-grenoble-le-19-juin-2017-n24-00806\\\/\",\"url\":\"https:\\\/\\\/kohenavocats.com\\\/zh-hans\\\/cour-dappel-de-grenoble-le-19-juin-2017-n24-00806\\\/\",\"name\":\"Cour d'appel de Grenoble, le 19 juin 2017, n\u00b024\\\/00806 - Ma\u00eetre Hassan Kohen, avocat en droit p\u00e9nal \u00e0 Paris\",\"isPartOf\":{\"@id\":\"https:\\\/\\\/kohenavocats.com\\\/zh-hans\\\/#website\"},\"primaryImageOfPage\":{\"@id\":\"https:\\\/\\\/kohenavocats.com\\\/zh-hans\\\/cour-dappel-de-grenoble-le-19-juin-2017-n24-00806\\\/#primaryimage\"},\"image\":{\"@id\":\"https:\\\/\\\/kohenavocats.com\\\/zh-hans\\\/cour-dappel-de-grenoble-le-19-juin-2017-n24-00806\\\/#primaryimage\"},\"thumbnailUrl\":\"https:\\\/\\\/kohenavocats.com\\\/wp-content\\\/uploads\\\/2024\\\/08\\\/clark-van-der-beken-Azns3dVZEBQ-unsplash.webp\",\"datePublished\":\"2026-04-25T17:08:12+00:00\",\"description\":\"La Cour d'appel de Grenoble, 17 juin 2025, se prononce sur une action en annulation d\u2019une vente hors \u00e9tablissement d\u2019un \u00e9quipement photovolta\u00efque et du cr\u00e9di...\",\"breadcrumb\":{\"@id\":\"https:\\\/\\\/kohenavocats.com\\\/zh-hans\\\/cour-dappel-de-grenoble-le-19-juin-2017-n24-00806\\\/#breadcrumb\"},\"inLanguage\":\"zh-Hans\",\"potentialAction\":[{\"@type\":\"ReadAction\",\"target\":[\"https:\\\/\\\/kohenavocats.com\\\/zh-hans\\\/cour-dappel-de-grenoble-le-19-juin-2017-n24-00806\\\/\"]}]},{\"@type\":\"ImageObject\",\"inLanguage\":\"zh-Hans\",\"@id\":\"https:\\\/\\\/kohenavocats.com\\\/zh-hans\\\/cour-dappel-de-grenoble-le-19-juin-2017-n24-00806\\\/#primaryimage\",\"url\":\"https:\\\/\\\/kohenavocats.com\\\/wp-content\\\/uploads\\\/2024\\\/08\\\/clark-van-der-beken-Azns3dVZEBQ-unsplash.webp\",\"contentUrl\":\"https:\\\/\\\/kohenavocats.com\\\/wp-content\\\/uploads\\\/2024\\\/08\\\/clark-van-der-beken-Azns3dVZEBQ-unsplash.webp\",\"width\":4608,\"height\":3456},{\"@type\":\"BreadcrumbList\",\"@id\":\"https:\\\/\\\/kohenavocats.com\\\/zh-hans\\\/cour-dappel-de-grenoble-le-19-juin-2017-n24-00806\\\/#breadcrumb\",\"itemListElement\":[{\"@type\":\"ListItem\",\"position\":1,\"name\":\"Home\",\"item\":\"https:\\\/\\\/kohenavocats.com\\\/zh-hans\\\/\"},{\"@type\":\"ListItem\",\"position\":2,\"name\":\"Cour d&rsquo;appel de Grenoble, le 19 juin 2017, n\u00b024\\\/00806\"}]},{\"@type\":\"WebSite\",\"@id\":\"https:\\\/\\\/kohenavocats.com\\\/zh-hans\\\/#website\",\"url\":\"https:\\\/\\\/kohenavocats.com\\\/zh-hans\\\/\",\"name\":\"Kohen Avocats\",\"description\":\"Ma\u00eetre Hassan Kohen, avocat p\u00e9naliste \u00e0 Paris, intervient exclusivement en droit p\u00e9nal pour la d\u00e9fense des particuliers, notamment en mati\u00e8re d\u2019accusations de viol. Il assure un accompagnement rigoureux d\u00e8s la garde \u00e0 vue jusqu\u2019\u00e0 la Cour d\u2019assises, veillant au strict respect des garanties proc\u00e9durales.\",\"publisher\":{\"@id\":\"https:\\\/\\\/kohenavocats.com\\\/zh-hans\\\/#organization\"},\"potentialAction\":[{\"@type\":\"SearchAction\",\"target\":{\"@type\":\"EntryPoint\",\"urlTemplate\":\"https:\\\/\\\/kohenavocats.com\\\/zh-hans\\\/?s={search_term_string}\"},\"query-input\":{\"@type\":\"PropertyValueSpecification\",\"valueRequired\":true,\"valueName\":\"search_term_string\"}}],\"inLanguage\":\"zh-Hans\"},{\"@type\":\"Organization\",\"@id\":\"https:\\\/\\\/kohenavocats.com\\\/zh-hans\\\/#organization\",\"name\":\"Kohen Avocats\",\"url\":\"https:\\\/\\\/kohenavocats.com\\\/zh-hans\\\/\",\"logo\":{\"@type\":\"ImageObject\",\"inLanguage\":\"zh-Hans\",\"@id\":\"https:\\\/\\\/kohenavocats.com\\\/zh-hans\\\/#\\\/schema\\\/logo\\\/image\\\/\",\"url\":\"https:\\\/\\\/kohenavocats.com\\\/wp-content\\\/uploads\\\/2026\\\/01\\\/Logo-2-1.webp\",\"contentUrl\":\"https:\\\/\\\/kohenavocats.com\\\/wp-content\\\/uploads\\\/2026\\\/01\\\/Logo-2-1.webp\",\"width\":2114,\"height\":1253,\"caption\":\"Kohen Avocats\"},\"image\":{\"@id\":\"https:\\\/\\\/kohenavocats.com\\\/zh-hans\\\/#\\\/schema\\\/logo\\\/image\\\/\"}},{\"@type\":\"Person\",\"@id\":\"https:\\\/\\\/kohenavocats.com\\\/zh-hans\\\/#\\\/schema\\\/person\\\/761c9ba54fa1ca84d405cef0831ff751\",\"name\":\"Kohen\",\"image\":{\"@type\":\"ImageObject\",\"inLanguage\":\"zh-Hans\",\"@id\":\"https:\\\/\\\/secure.gravatar.com\\\/avatar\\\/1c5e76ef76bbbfdd2b4da984e2bf2fa4056fd51a27d25ce2c332047f1dfd6e00?s=96&d=identicon&r=g\",\"url\":\"https:\\\/\\\/secure.gravatar.com\\\/avatar\\\/1c5e76ef76bbbfdd2b4da984e2bf2fa4056fd51a27d25ce2c332047f1dfd6e00?s=96&d=identicon&r=g\",\"contentUrl\":\"https:\\\/\\\/secure.gravatar.com\\\/avatar\\\/1c5e76ef76bbbfdd2b4da984e2bf2fa4056fd51a27d25ce2c332047f1dfd6e00?s=96&d=identicon&r=g\",\"caption\":\"Kohen\"},\"sameAs\":[\"https:\\\/\\\/www.linkedin.com\\\/in\\\/hassan-kohen-448548192\\\/\",\"https:\\\/\\\/www.youtube.com\\\/@Kohen-Avocats\"],\"url\":\"https:\\\/\\\/kohenavocats.com\\\/zh-hans\\\/author\\\/kohenmlk\\\/\"}]}<\/script>\n<!-- \/ Yoast SEO Premium plugin. -->","yoast_head_json":{"title":"Cour d'appel de Grenoble, le 19 juin 2017, n\u00b024\/00806 - Ma\u00eetre Hassan Kohen, avocat en droit p\u00e9nal \u00e0 Paris","description":"La Cour d'appel de Grenoble, 17 juin 2025, se prononce sur une action en annulation d\u2019une vente hors \u00e9tablissement d\u2019un \u00e9quipement photovolta\u00efque et du cr\u00e9di...","robots":{"index":"index","follow":"follow","max-snippet":"max-snippet:-1","max-image-preview":"max-image-preview:large","max-video-preview":"max-video-preview:-1"},"canonical":"https:\/\/kohenavocats.com\/zh-hans\/cour-dappel-de-grenoble-le-19-juin-2017-n24-00806\/","og_locale":"zh_CN","og_type":"article","og_title":"Cour d'appel de Grenoble, le 19 juin 2017, n\u00b024\/00806","og_description":"La Cour d'appel de Grenoble, 17 juin 2025, se prononce sur une action en annulation d\u2019une vente hors \u00e9tablissement d\u2019un \u00e9quipement photovolta\u00efque et du cr\u00e9di...","og_url":"https:\/\/kohenavocats.com\/zh-hans\/cour-dappel-de-grenoble-le-19-juin-2017-n24-00806\/","og_site_name":"Ma\u00eetre Hassan Kohen, avocat en droit p\u00e9nal \u00e0 Paris","article_published_time":"2026-04-25T17:08:12+00:00","og_image":[{"width":4608,"height":3456,"url":"https:\/\/kohenavocats.com\/wp-content\/uploads\/2024\/08\/clark-van-der-beken-Azns3dVZEBQ-unsplash.webp","type":"image\/webp"}],"author":"Kohen","twitter_card":"summary_large_image","twitter_misc":{"\u4f5c\u8005":"Kohen","\u9884\u8ba1\u9605\u8bfb\u65f6\u95f4":"6 \u5206"},"schema":{"@context":"https:\/\/schema.org","@graph":[{"@type":"Article","@id":"https:\/\/kohenavocats.com\/zh-hans\/cour-dappel-de-grenoble-le-19-juin-2017-n24-00806\/#article","isPartOf":{"@id":"https:\/\/kohenavocats.com\/zh-hans\/cour-dappel-de-grenoble-le-19-juin-2017-n24-00806\/"},"author":{"name":"Kohen","@id":"https:\/\/kohenavocats.com\/zh-hans\/#\/schema\/person\/761c9ba54fa1ca84d405cef0831ff751"},"headline":"Cour d&#8217;appel de Grenoble, le 19 juin 2017, n\u00b024\/00806","datePublished":"2026-04-25T17:08:12+00:00","mainEntityOfPage":{"@id":"https:\/\/kohenavocats.com\/zh-hans\/cour-dappel-de-grenoble-le-19-juin-2017-n24-00806\/"},"wordCount":1281,"commentCount":0,"publisher":{"@id":"https:\/\/kohenavocats.com\/zh-hans\/#organization"},"image":{"@id":"https:\/\/kohenavocats.com\/zh-hans\/cour-dappel-de-grenoble-le-19-juin-2017-n24-00806\/#primaryimage"},"thumbnailUrl":"https:\/\/kohenavocats.com\/wp-content\/uploads\/2024\/08\/clark-van-der-beken-Azns3dVZEBQ-unsplash.webp","articleSection":["Jurisprudence"],"inLanguage":"zh-Hans","potentialAction":[{"@type":"CommentAction","name":"Comment","target":["https:\/\/kohenavocats.com\/zh-hans\/cour-dappel-de-grenoble-le-19-juin-2017-n24-00806\/#respond"]}],"citation":"Cour d&#8217;appel de Grenoble, le 19 juin 2017, n\u00b024\/00806","about":[{"@type":"Thing","name":"Jurisprudence"}],"dateModified":"2026-04-25T17:08:12+00:00","speakable":{"@type":"SpeakableSpecification","cssSelector":[".article-content > p:first-of-type"]}},{"@type":"WebPage","@id":"https:\/\/kohenavocats.com\/zh-hans\/cour-dappel-de-grenoble-le-19-juin-2017-n24-00806\/","url":"https:\/\/kohenavocats.com\/zh-hans\/cour-dappel-de-grenoble-le-19-juin-2017-n24-00806\/","name":"Cour d'appel de Grenoble, le 19 juin 2017, n\u00b024\/00806 - Ma\u00eetre Hassan Kohen, avocat en droit p\u00e9nal \u00e0 Paris","isPartOf":{"@id":"https:\/\/kohenavocats.com\/zh-hans\/#website"},"primaryImageOfPage":{"@id":"https:\/\/kohenavocats.com\/zh-hans\/cour-dappel-de-grenoble-le-19-juin-2017-n24-00806\/#primaryimage"},"image":{"@id":"https:\/\/kohenavocats.com\/zh-hans\/cour-dappel-de-grenoble-le-19-juin-2017-n24-00806\/#primaryimage"},"thumbnailUrl":"https:\/\/kohenavocats.com\/wp-content\/uploads\/2024\/08\/clark-van-der-beken-Azns3dVZEBQ-unsplash.webp","datePublished":"2026-04-25T17:08:12+00:00","description":"La Cour d'appel de Grenoble, 17 juin 2025, se prononce sur une action en annulation d\u2019une vente hors \u00e9tablissement d\u2019un \u00e9quipement photovolta\u00efque et du cr\u00e9di...","breadcrumb":{"@id":"https:\/\/kohenavocats.com\/zh-hans\/cour-dappel-de-grenoble-le-19-juin-2017-n24-00806\/#breadcrumb"},"inLanguage":"zh-Hans","potentialAction":[{"@type":"ReadAction","target":["https:\/\/kohenavocats.com\/zh-hans\/cour-dappel-de-grenoble-le-19-juin-2017-n24-00806\/"]}]},{"@type":"ImageObject","inLanguage":"zh-Hans","@id":"https:\/\/kohenavocats.com\/zh-hans\/cour-dappel-de-grenoble-le-19-juin-2017-n24-00806\/#primaryimage","url":"https:\/\/kohenavocats.com\/wp-content\/uploads\/2024\/08\/clark-van-der-beken-Azns3dVZEBQ-unsplash.webp","contentUrl":"https:\/\/kohenavocats.com\/wp-content\/uploads\/2024\/08\/clark-van-der-beken-Azns3dVZEBQ-unsplash.webp","width":4608,"height":3456},{"@type":"BreadcrumbList","@id":"https:\/\/kohenavocats.com\/zh-hans\/cour-dappel-de-grenoble-le-19-juin-2017-n24-00806\/#breadcrumb","itemListElement":[{"@type":"ListItem","position":1,"name":"Home","item":"https:\/\/kohenavocats.com\/zh-hans\/"},{"@type":"ListItem","position":2,"name":"Cour d&rsquo;appel de Grenoble, le 19 juin 2017, n\u00b024\/00806"}]},{"@type":"WebSite","@id":"https:\/\/kohenavocats.com\/zh-hans\/#website","url":"https:\/\/kohenavocats.com\/zh-hans\/","name":"Kohen Avocats","description":"Ma\u00eetre Hassan Kohen, avocat p\u00e9naliste \u00e0 Paris, intervient exclusivement en droit p\u00e9nal pour la d\u00e9fense des particuliers, notamment en mati\u00e8re d\u2019accusations de viol. Il assure un accompagnement rigoureux d\u00e8s la garde \u00e0 vue jusqu\u2019\u00e0 la Cour d\u2019assises, veillant au strict respect des garanties proc\u00e9durales.","publisher":{"@id":"https:\/\/kohenavocats.com\/zh-hans\/#organization"},"potentialAction":[{"@type":"SearchAction","target":{"@type":"EntryPoint","urlTemplate":"https:\/\/kohenavocats.com\/zh-hans\/?s={search_term_string}"},"query-input":{"@type":"PropertyValueSpecification","valueRequired":true,"valueName":"search_term_string"}}],"inLanguage":"zh-Hans"},{"@type":"Organization","@id":"https:\/\/kohenavocats.com\/zh-hans\/#organization","name":"Kohen Avocats","url":"https:\/\/kohenavocats.com\/zh-hans\/","logo":{"@type":"ImageObject","inLanguage":"zh-Hans","@id":"https:\/\/kohenavocats.com\/zh-hans\/#\/schema\/logo\/image\/","url":"https:\/\/kohenavocats.com\/wp-content\/uploads\/2026\/01\/Logo-2-1.webp","contentUrl":"https:\/\/kohenavocats.com\/wp-content\/uploads\/2026\/01\/Logo-2-1.webp","width":2114,"height":1253,"caption":"Kohen Avocats"},"image":{"@id":"https:\/\/kohenavocats.com\/zh-hans\/#\/schema\/logo\/image\/"}},{"@type":"Person","@id":"https:\/\/kohenavocats.com\/zh-hans\/#\/schema\/person\/761c9ba54fa1ca84d405cef0831ff751","name":"Kohen","image":{"@type":"ImageObject","inLanguage":"zh-Hans","@id":"https:\/\/secure.gravatar.com\/avatar\/1c5e76ef76bbbfdd2b4da984e2bf2fa4056fd51a27d25ce2c332047f1dfd6e00?s=96&d=identicon&r=g","url":"https:\/\/secure.gravatar.com\/avatar\/1c5e76ef76bbbfdd2b4da984e2bf2fa4056fd51a27d25ce2c332047f1dfd6e00?s=96&d=identicon&r=g","contentUrl":"https:\/\/secure.gravatar.com\/avatar\/1c5e76ef76bbbfdd2b4da984e2bf2fa4056fd51a27d25ce2c332047f1dfd6e00?s=96&d=identicon&r=g","caption":"Kohen"},"sameAs":["https:\/\/www.linkedin.com\/in\/hassan-kohen-448548192\/","https:\/\/www.youtube.com\/@Kohen-Avocats"],"url":"https:\/\/kohenavocats.com\/zh-hans\/author\/kohenmlk\/"}]}},"jetpack_featured_media_url":"https:\/\/kohenavocats.com\/wp-content\/uploads\/2024\/08\/clark-van-der-beken-Azns3dVZEBQ-unsplash.webp","jetpack_likes_enabled":false,"jetpack_shortlink":"https:\/\/wp.me\/peCrII-2RUr","jetpack-related-posts":[{"id":683264,"url":"https:\/\/kohenavocats.com\/zh-hans\/cour-dappel-de-grenoble-le-9-septembre-2025-n24-00823\/","url_meta":{"origin":683887,"position":0},"title":"Cour d&#8217;appel de Grenoble, le 9 septembre 2025, n\u00b024\/00823","author":"Kohen","date":"2026\u5e744\u670825\u65e5","format":false,"excerpt":"Par un arr\u00eat du 9 septembre 2025, la Cour d'appel \u2026","rel":"","context":"\u5728\u201cJurisprudence\u201d\u4e2d","block_context":{"text":"Jurisprudence","link":"https:\/\/kohenavocats.com\/category\/jurisprudence\/"},"img":{"alt_text":"","src":"https:\/\/i0.wp.com\/kohenavocats.com\/wp-content\/uploads\/2024\/11\/luke-jones-9xrEnr-lrDQ-unsplash.webp?resize=350%2C200&ssl=1","width":350,"height":200,"srcset":"https:\/\/i0.wp.com\/kohenavocats.com\/wp-content\/uploads\/2024\/11\/luke-jones-9xrEnr-lrDQ-unsplash.webp?resize=350%2C200&ssl=1 1x, https:\/\/i0.wp.com\/kohenavocats.com\/wp-content\/uploads\/2024\/11\/luke-jones-9xrEnr-lrDQ-unsplash.webp?resize=525%2C300&ssl=1 1.5x, https:\/\/i0.wp.com\/kohenavocats.com\/wp-content\/uploads\/2024\/11\/luke-jones-9xrEnr-lrDQ-unsplash.webp?resize=700%2C400&ssl=1 2x, https:\/\/i0.wp.com\/kohenavocats.com\/wp-content\/uploads\/2024\/11\/luke-jones-9xrEnr-lrDQ-unsplash.webp?resize=1050%2C600&ssl=1 3x, https:\/\/i0.wp.com\/kohenavocats.com\/wp-content\/uploads\/2024\/11\/luke-jones-9xrEnr-lrDQ-unsplash.webp?resize=1400%2C800&ssl=1 4x"},"classes":[]},{"id":51855,"url":"https:\/\/kohenavocats.com\/zh-hans\/cour-dappel-de-grenoble-le-19-juin-2025-n24-01874\/","url_meta":{"origin":683887,"position":1},"title":"Cour d&#8217;appel de Grenoble, le 19 juin 2025, n\u00b024\/01874","author":"Kohen","date":"2025\u5e7411\u67088\u65e5","format":false,"excerpt":"Par un arr\u00eat de la Cour d\u2019appel de Grenoble,\u2026","rel":"","context":"\u5728\u201cCour d'appel\u201d\u4e2d","block_context":{"text":"Cour d'appel","link":"https:\/\/kohenavocats.com\/category\/cour-dappel\/"},"img":{"alt_text":"","src":"https:\/\/i0.wp.com\/kohenavocats.com\/wp-content\/uploads\/2024\/11\/pawel-czerwinski-5bDy-13w_Nc-unsplash.webp?resize=350%2C200&ssl=1","width":350,"height":200,"srcset":"https:\/\/i0.wp.com\/kohenavocats.com\/wp-content\/uploads\/2024\/11\/pawel-czerwinski-5bDy-13w_Nc-unsplash.webp?resize=350%2C200&ssl=1 1x, https:\/\/i0.wp.com\/kohenavocats.com\/wp-content\/uploads\/2024\/11\/pawel-czerwinski-5bDy-13w_Nc-unsplash.webp?resize=525%2C300&ssl=1 1.5x, https:\/\/i0.wp.com\/kohenavocats.com\/wp-content\/uploads\/2024\/11\/pawel-czerwinski-5bDy-13w_Nc-unsplash.webp?resize=700%2C400&ssl=1 2x, https:\/\/i0.wp.com\/kohenavocats.com\/wp-content\/uploads\/2024\/11\/pawel-czerwinski-5bDy-13w_Nc-unsplash.webp?resize=1050%2C600&ssl=1 3x, https:\/\/i0.wp.com\/kohenavocats.com\/wp-content\/uploads\/2024\/11\/pawel-czerwinski-5bDy-13w_Nc-unsplash.webp?resize=1400%2C800&ssl=1 4x"},"classes":[]},{"id":241969,"url":"https:\/\/kohenavocats.com\/zh-hans\/cour-dappel-de-grenoble-le-17-juin-2025-n24-00615\/","url_meta":{"origin":683887,"position":2},"title":"Cour d&#8217;appel de Grenoble, le 17 juin 2025, n\u00b024\/00615","author":"Kohen","date":"2026\u5e741\u67083\u65e5","format":false,"excerpt":"La Cour d\u2019appel de Grenoble, 17 juin 2025, se pron\u2026","rel":"","context":"\u5728\u201cCour d'appel\u201d\u4e2d","block_context":{"text":"Cour d'appel","link":"https:\/\/kohenavocats.com\/category\/cour-dappel\/"},"img":{"alt_text":"","src":"https:\/\/i0.wp.com\/kohenavocats.com\/wp-content\/uploads\/2024\/11\/alex-shuper-m4kXI_iQmsE-unsplash.webp?resize=350%2C200&ssl=1","width":350,"height":200,"srcset":"https:\/\/i0.wp.com\/kohenavocats.com\/wp-content\/uploads\/2024\/11\/alex-shuper-m4kXI_iQmsE-unsplash.webp?resize=350%2C200&ssl=1 1x, https:\/\/i0.wp.com\/kohenavocats.com\/wp-content\/uploads\/2024\/11\/alex-shuper-m4kXI_iQmsE-unsplash.webp?resize=525%2C300&ssl=1 1.5x, https:\/\/i0.wp.com\/kohenavocats.com\/wp-content\/uploads\/2024\/11\/alex-shuper-m4kXI_iQmsE-unsplash.webp?resize=700%2C400&ssl=1 2x, https:\/\/i0.wp.com\/kohenavocats.com\/wp-content\/uploads\/2024\/11\/alex-shuper-m4kXI_iQmsE-unsplash.webp?resize=1050%2C600&ssl=1 3x, https:\/\/i0.wp.com\/kohenavocats.com\/wp-content\/uploads\/2024\/11\/alex-shuper-m4kXI_iQmsE-unsplash.webp?resize=1400%2C800&ssl=1 4x"},"classes":[]},{"id":667919,"url":"https:\/\/kohenavocats.com\/zh-hans\/cour-dappel-de-grenoble-le-23-septembre-2025-n24-00928\/","url_meta":{"origin":683887,"position":3},"title":"Cour d&#8217;appel de Grenoble, le 23 septembre 2025, n\u00b024\/00928","author":"Kohen","date":"2026\u5e744\u670824\u65e5","format":false,"excerpt":"La Cour d'appel de Grenoble, chambre civile sectio\u2026","rel":"","context":"\u5728\u201cCode des assurances\u201d\u4e2d","block_context":{"text":"Code des assurances","link":"https:\/\/kohenavocats.com\/category\/code-des-assurances\/"},"img":{"alt_text":"","src":"https:\/\/i0.wp.com\/kohenavocats.com\/wp-content\/uploads\/2024\/08\/asa-rodger-QTbiwll3e68-unsplash.webp?resize=350%2C200&ssl=1","width":350,"height":200,"srcset":"https:\/\/i0.wp.com\/kohenavocats.com\/wp-content\/uploads\/2024\/08\/asa-rodger-QTbiwll3e68-unsplash.webp?resize=350%2C200&ssl=1 1x, https:\/\/i0.wp.com\/kohenavocats.com\/wp-content\/uploads\/2024\/08\/asa-rodger-QTbiwll3e68-unsplash.webp?resize=525%2C300&ssl=1 1.5x, https:\/\/i0.wp.com\/kohenavocats.com\/wp-content\/uploads\/2024\/08\/asa-rodger-QTbiwll3e68-unsplash.webp?resize=700%2C400&ssl=1 2x, https:\/\/i0.wp.com\/kohenavocats.com\/wp-content\/uploads\/2024\/08\/asa-rodger-QTbiwll3e68-unsplash.webp?resize=1050%2C600&ssl=1 3x, https:\/\/i0.wp.com\/kohenavocats.com\/wp-content\/uploads\/2024\/08\/asa-rodger-QTbiwll3e68-unsplash.webp?resize=1400%2C800&ssl=1 4x"},"classes":[]},{"id":31898,"url":"https:\/\/kohenavocats.com\/zh-hans\/tribunal-judiciaire-de-grenoble-le-19-juin-2025-n25-00872\/","url_meta":{"origin":683887,"position":4},"title":"Tribunal judiciaire de Grenoble, le 19 juin 2025, n\u00b025\/00872","author":"Kohen","date":"2025\u5e7411\u67085\u65e5","format":false,"excerpt":"Tribunal judiciaire de Grenoble, 19 juin 2025. Un \u2026","rel":"","context":"\u5728\u201cD\u00e9cisions juridiques\u201d\u4e2d","block_context":{"text":"D\u00e9cisions juridiques","link":"https:\/\/kohenavocats.com\/category\/decisions-juridiques\/"},"img":{"alt_text":"","src":"https:\/\/i0.wp.com\/kohenavocats.com\/wp-content\/uploads\/2024\/11\/planet-volumes-QaegYrPWWD4-unsplash.webp?resize=350%2C200&ssl=1","width":350,"height":200,"srcset":"https:\/\/i0.wp.com\/kohenavocats.com\/wp-content\/uploads\/2024\/11\/planet-volumes-QaegYrPWWD4-unsplash.webp?resize=350%2C200&ssl=1 1x, https:\/\/i0.wp.com\/kohenavocats.com\/wp-content\/uploads\/2024\/11\/planet-volumes-QaegYrPWWD4-unsplash.webp?resize=525%2C300&ssl=1 1.5x, https:\/\/i0.wp.com\/kohenavocats.com\/wp-content\/uploads\/2024\/11\/planet-volumes-QaegYrPWWD4-unsplash.webp?resize=700%2C400&ssl=1 2x, https:\/\/i0.wp.com\/kohenavocats.com\/wp-content\/uploads\/2024\/11\/planet-volumes-QaegYrPWWD4-unsplash.webp?resize=1050%2C600&ssl=1 3x, https:\/\/i0.wp.com\/kohenavocats.com\/wp-content\/uploads\/2024\/11\/planet-volumes-QaegYrPWWD4-unsplash.webp?resize=1400%2C800&ssl=1 4x"},"classes":[]},{"id":684489,"url":"https:\/\/kohenavocats.com\/zh-hans\/cour-dappel-de-grenoble-le-9-septembre-2025-n24-00557\/","url_meta":{"origin":683887,"position":5},"title":"Cour d&#8217;appel de Grenoble, le 9 septembre 2025, n\u00b024\/00557","author":"Kohen","date":"2026\u5e744\u670825\u65e5","format":false,"excerpt":"Par un arr\u00eat de la Cour d'appel de Grenoble du 9 s\u2026","rel":"","context":"\u5728\u201cJurisprudence\u201d\u4e2d","block_context":{"text":"Jurisprudence","link":"https:\/\/kohenavocats.com\/category\/jurisprudence\/"},"img":{"alt_text":"","src":"https:\/\/i0.wp.com\/kohenavocats.com\/wp-content\/uploads\/2024\/08\/kreshen-iMSeWtfaDmM-unsplash.webp?resize=350%2C200&ssl=1","width":350,"height":200,"srcset":"https:\/\/i0.wp.com\/kohenavocats.com\/wp-content\/uploads\/2024\/08\/kreshen-iMSeWtfaDmM-unsplash.webp?resize=350%2C200&ssl=1 1x, https:\/\/i0.wp.com\/kohenavocats.com\/wp-content\/uploads\/2024\/08\/kreshen-iMSeWtfaDmM-unsplash.webp?resize=525%2C300&ssl=1 1.5x, https:\/\/i0.wp.com\/kohenavocats.com\/wp-content\/uploads\/2024\/08\/kreshen-iMSeWtfaDmM-unsplash.webp?resize=700%2C400&ssl=1 2x, https:\/\/i0.wp.com\/kohenavocats.com\/wp-content\/uploads\/2024\/08\/kreshen-iMSeWtfaDmM-unsplash.webp?resize=1050%2C600&ssl=1 3x, https:\/\/i0.wp.com\/kohenavocats.com\/wp-content\/uploads\/2024\/08\/kreshen-iMSeWtfaDmM-unsplash.webp?resize=1400%2C800&ssl=1 4x"},"classes":[]}],"jetpack_sharing_enabled":true,"_links":{"self":[{"href":"https:\/\/kohenavocats.com\/zh-hans\/wp-json\/wp\/v2\/posts\/683887","targetHints":{"allow":["GET"]}}],"collection":[{"href":"https:\/\/kohenavocats.com\/zh-hans\/wp-json\/wp\/v2\/posts"}],"about":[{"href":"https:\/\/kohenavocats.com\/zh-hans\/wp-json\/wp\/v2\/types\/post"}],"author":[{"embeddable":true,"href":"https:\/\/kohenavocats.com\/zh-hans\/wp-json\/wp\/v2\/users\/232070755"}],"replies":[{"embeddable":true,"href":"https:\/\/kohenavocats.com\/zh-hans\/wp-json\/wp\/v2\/comments?post=683887"}],"version-history":[{"count":0,"href":"https:\/\/kohenavocats.com\/zh-hans\/wp-json\/wp\/v2\/posts\/683887\/revisions"}],"wp:featuredmedia":[{"embeddable":true,"href":"https:\/\/kohenavocats.com\/zh-hans\/wp-json\/wp\/v2\/media\/4746"}],"wp:attachment":[{"href":"https:\/\/kohenavocats.com\/zh-hans\/wp-json\/wp\/v2\/media?parent=683887"}],"wp:term":[{"taxonomy":"category","embeddable":true,"href":"https:\/\/kohenavocats.com\/zh-hans\/wp-json\/wp\/v2\/categories?post=683887"},{"taxonomy":"post_tag","embeddable":true,"href":"https:\/\/kohenavocats.com\/zh-hans\/wp-json\/wp\/v2\/tags?post=683887"}],"curies":[{"name":"wp","href":"https:\/\/api.w.org\/{rel}","templated":true}]}}