{"id":684012,"date":"2026-04-25T19:16:12","date_gmt":"2026-04-25T17:16:12","guid":{"rendered":"https:\/\/kohenavocats.com\/cour-dappel-le-4-avril-2023-n23-01376\/"},"modified":"2026-04-25T19:16:12","modified_gmt":"2026-04-25T17:16:12","slug":"cour-dappel-le-4-avril-2023-n23-01376","status":"publish","type":"post","link":"https:\/\/kohenavocats.com\/zh-hans\/cour-dappel-le-4-avril-2023-n23-01376\/","title":{"rendered":"Cour d&#8217;appel, le 4 avril 2023, n\u00b023\/01376"},"content":{"rendered":"<div class=\"article-content\">\n<p>Cour d&#8217;appel de N\u00eemes, 28 ao\u00fbt 2025, statuant apr\u00e8s jugement du tribunal d&#8217;Avignon du 4 avril 2023 sur une assembl\u00e9e g\u00e9n\u00e9rale tenue pendant l&#8217;urgence sanitaire.<\/p>\n<p>Une assembl\u00e9e du 8 mars 2021 s&#8217;est tenue exclusivement par correspondance. Le proc\u00e8s-verbal ne mentionnait ni l&#8217;identit\u00e9 du pr\u00e9sident de s\u00e9ance, ni celle des scrutateurs.<\/p>\n<p>Le tribunal d&#8217;Avignon, 4 avril 2023, a annul\u00e9 l&#8217;assembl\u00e9e pour inobservation de formalit\u00e9s substantielles. Un arr\u00eat du 28 novembre 2024 a r\u00e9gl\u00e9 les incidents d&#8217;appel.<\/p>\n<p>Le syndicat des copropri\u00e9taires a demand\u00e9 l&#8217;infirmation. Il a plaid\u00e9 l&#8217;application int\u00e9grale de l&#8217;article 22-3 de l&#8217;ordonnance du 20 mai 2020.<\/p>\n<p>Les copropri\u00e9taires indivis ont soutenu des convocations irr\u00e9guli\u00e8res, l&#8217;absence de bureau et l&#8217;impossibilit\u00e9 de distinguer pr\u00e9sents et repr\u00e9sent\u00e9s.<\/p>\n<p>La question centrale portait sur la port\u00e9e des d\u00e9rogations temporaires relatives \u00e0 la pr\u00e9sidence et au proc\u00e8s-verbal des assembl\u00e9es tenues par correspondance.<\/p>\n<p>La cour a d&#8217;abord \u00e9cart\u00e9 les \u00e9critures tardives pour cause de d\u00e9lai expir\u00e9 au regard de l&#8217;article 909 du code de proc\u00e9dure civile.<\/p>\n<p>Puis elle a retenu qu&#8217;en p\u00e9riode d\u00e9rogatoire, &#8220;Le pr\u00e9sident de s\u00e9ance certifie exacte la feuille de pr\u00e9sence et signe, le cas \u00e9ch\u00e9ant avec le ou les scrutateurs, le proc\u00e8s-verbal des d\u00e9cisions dans les huit jours suivant la tenue de l&#8217;assembl\u00e9e g\u00e9n\u00e9rale&#8221;. Aussi, selon l&#8217;arr\u00eat, &#8220;Ainsi l&#8217;article 22-3 pr\u00e9cit\u00e9 d\u00e9roge express\u00e9ment aux dispositions des articles 14, 15 et 17 du d\u00e9cret du 17 mars 1967&#8221;.<\/p>\n<p>I. Le sens de l&#8217;arr\u00eat<\/p>\n<p>A. Le r\u00e9gime d\u00e9rogatoire appliqu\u00e9 aux assembl\u00e9es tenues par correspondance<\/p>\n<p>La d\u00e9cision explicite l&#8217;articulation entre le d\u00e9cret de 1967 et l&#8217;ordonnance du 20 mai 2020. Lorsque le vote se fait sans r\u00e9union, la d\u00e9signation du pr\u00e9sident par l&#8217;assembl\u00e9e devient impraticable, d&#8217;o\u00f9 l&#8217;ajustement normatif.<\/p>\n<p>La cour rappelle la lettre du texte, qui pr\u00e9cise \u00e9galement que &#8220;Lorsque les d\u00e9cisions sont prises au seul moyen du vote par correspondance, le pr\u00e9sident du conseil syndical, ou \u00e0 d\u00e9faut, l&#8217;un de ses membres, ou en leur absence, l&#8217;un des copropri\u00e9taires votant d\u00e9sign\u00e9 par le syndic, assure les missions qui incombent au pr\u00e9sident de s\u00e9ance&#8221;. La certification et la signature dans les huit jours se substituent au rituel de fin de s\u00e9ance.<\/p>\n<p>Cette lecture, centr\u00e9e sur la faisabilit\u00e9, pr\u00e9serve l&#8217;effectivit\u00e9 de la gouvernance en p\u00e9riode d&#8217;entrave sanitaire. Elle subordonne la validit\u00e9 aux deux points cardinaux du r\u00e9gime d\u00e9rogatoire, \u00e0 savoir la certification et la signature dans le d\u00e9lai.<\/p>\n<p>B. L\u2019application aux faits et l\u2019\u00e9cartement de la nullit\u00e9 pour d\u00e9faut de mentions<\/p>\n<p>La convocation pr\u00e9cisait un vote exclusivement par correspondance. La cour constate que le pr\u00e9sident du conseil syndical a assur\u00e9 les fonctions de pr\u00e9sidence et a sign\u00e9 les documents utiles, apr\u00e8s v\u00e9rification de la feuille de pr\u00e9sence.<\/p>\n<p>Le raisonnement d\u00e9duit l\u2019inop\u00e9rance d\u2019un grief tir\u00e9 de l\u2019absence de mention imm\u00e9diate de l\u2019identit\u00e9 du pr\u00e9sident dans le proc\u00e8s-verbal. L\u2019arr\u00eat \u00e9nonce clairement: &#8220;Par cons\u00e9quent aucune nullit\u00e9 de ce chef ne serait-\u00eatre retenue&#8221;.<\/p>\n<p>La solution repose sur la substitution fonctionnelle op\u00e9r\u00e9e par l\u2019ordonnance et sur la valeur probante de la certification a posteriori. Elle dissocie la validit\u00e9 de l\u2019acte des formalit\u00e9s devenues incompatibles avec le vote sans r\u00e9union.<\/p>\n<p>II. Valeur et port\u00e9e<\/p>\n<p>A. Une lecture coh\u00e9rente avec la finalit\u00e9 des textes d\u00e9rogatoires<\/p>\n<p>La motivation \u00e9pouse l&#8217;\u00e9conomie de l&#8217;ordonnance, qui vise \u00e0 &#8220;d\u00e9roger express\u00e9ment&#8221; au formalisme ordinaire pour \u00e9viter l&#8217;atonie des organes de la copropri\u00e9t\u00e9. Le c\u0153ur du contr\u00f4le se d\u00e9place vers la tra\u00e7abilit\u00e9 et la sinc\u00e9rit\u00e9 des op\u00e9rations.<\/p>\n<p>La citation selon laquelle &#8220;Le pr\u00e9sident de s\u00e9ance certifie exacte la feuille de pr\u00e9sence et signe [&#8230;] dans les huit jours&#8221; recentre l&#8217;exigence sur l&#8217;authentification des votes. Ce d\u00e9placement prot\u00e8ge la s\u00e9curit\u00e9 des d\u00e9cisions sans c\u00e9der sur la v\u00e9rification des droits de vote.<\/p>\n<p>La critique possible tenait \u00e0 l&#8217;exigence de transparence renforc\u00e9e du proc\u00e8s-verbal. Toutefois, le texte d\u00e9rogatoire assume le d\u00e9calage temporel, d\u00e8s lors que la certification intervient dans le d\u00e9lai l\u00e9gal et qu&#8217;aucune fraude n\u2019est all\u00e9gu\u00e9e.<\/p>\n<p>B. Cons\u00e9quences pratiques et discipline proc\u00e9durale<\/p>\n<p>La port\u00e9e de l\u2019arr\u00eat est op\u00e9rationnelle. Elle consacre un standard de conformit\u00e9 pour les assembl\u00e9es par correspondance, fond\u00e9 sur la double exigence de certification et de signature par le pr\u00e9sident de s\u00e9ance de substitution.<\/p>\n<p>Sur le terrain proc\u00e9dural, la d\u00e9cision r\u00e9affirme la rigueur des d\u00e9lais d\u2019appel. Elle rappelle utilement que &#8220;cette restriction ne fait pas obstacle \u00e0 la facult\u00e9 pour la cour d&#8217;appel de relever d&#8217;office cette fin de non-recevoir&#8221;, au visa de l\u2019article 913-5 du code de proc\u00e9dure civile.<\/p>\n<p>La combinaison de ces solutions incite les syndics \u00e0 formaliser la d\u00e9signation de substitution et \u00e0 conserver la preuve dat\u00e9e des signatures. Elle oblige aussi les plaideurs \u00e0 une stricte vigilance sur les d\u00e9lais de l\u2019article 909, \u00e0 peine d\u2019irrecevabilit\u00e9.<\/p>\n<\/div>\n","protected":false},"excerpt":{"rendered":"<p>Cour d&#8217;appel de N\u00eemes, 28 ao\u00fbt 2025, statuant apr\u00e8s jugement du tribunal d&#8217;Avignon du 4 avril 2023 sur une assembl\u00e9e g\u00e9n\u00e9rale tenue pendant l&#8217;urgence sanitaire.<\/p>\n","protected":false},"author":232070755,"featured_media":9502,"comment_status":"open","ping_status":"open","sticky":false,"template":"","format":"standard","meta":{"_crdt_document":"","_jetpack_newsletter_access":"","_jetpack_dont_email_post_to_subs":false,"_jetpack_newsletter_tier_id":0,"_jetpack_memberships_contains_paywalled_content":false,"_kj_source_type":"judilibre","_kj_official_id":"68b1342663e51e6687580d41","_kj_official_url":"https:\/\/www.courdecassation.fr\/decision\/68b1342663e51e6687580d41","_kj_judilibre_id":"68b1342663e51e6687580d41","_kj_jur":"Cour d'appel","_kj_lieu":"N\u00eemes","_kj_chambre":"2\u00e8me chambre section A","_kj_rg":"23\/01376","_kj_date":"2025-08-28","_jetpack_memberships_contains_paid_content":false,"footnotes":"","jetpack_post_was_ever_published":false},"categories":[7597],"tags":[],"class_list":["post-684012","post","type-post","status-publish","format-standard","has-post-thumbnail","hentry","category-jurisprudence"],"yoast_head":"<!-- This site is optimized with the Yoast SEO Premium plugin v27.5 (Yoast SEO v27.5) - https:\/\/yoast.com\/product\/yoast-seo-premium-wordpress\/ -->\n<title>Cour d&#039;appel, le 4 avril 2023, n\u00b023\/01376 - Ma\u00eetre Hassan Kohen, avocat en droit p\u00e9nal \u00e0 Paris<\/title>\n<meta name=\"description\" content=\"Cour d&#039;appel de N\u00eemes, 28 ao\u00fbt 2025, statuant apr\u00e8s jugement du tribunal d&#039;Avignon du 4 avril 2023 sur une assembl\u00e9e g\u00e9n\u00e9rale tenue pendant l&#039;urgence sanitaire.\" \/>\n<meta name=\"robots\" content=\"index, follow, max-snippet:-1, max-image-preview:large, max-video-preview:-1\" \/>\n<link rel=\"canonical\" href=\"https:\/\/kohenavocats.com\/zh-hans\/cour-dappel-le-4-avril-2023-n23-01376\/\" \/>\n<meta property=\"og:locale\" content=\"zh_CN\" \/>\n<meta property=\"og:type\" content=\"article\" \/>\n<meta property=\"og:title\" content=\"Cour d&#039;appel, le 4 avril 2023, n\u00b023\/01376\" \/>\n<meta property=\"og:description\" content=\"Cour d&#039;appel de N\u00eemes, 28 ao\u00fbt 2025, statuant apr\u00e8s jugement du tribunal d&#039;Avignon du 4 avril 2023 sur une assembl\u00e9e g\u00e9n\u00e9rale tenue pendant l&#039;urgence sanitaire.\" \/>\n<meta property=\"og:url\" content=\"https:\/\/kohenavocats.com\/zh-hans\/cour-dappel-le-4-avril-2023-n23-01376\/\" \/>\n<meta property=\"og:site_name\" content=\"Ma\u00eetre Hassan Kohen, avocat en droit p\u00e9nal \u00e0 Paris\" \/>\n<meta property=\"article:published_time\" content=\"2026-04-25T17:16:12+00:00\" \/>\n<meta property=\"og:image\" content=\"https:\/\/kohenavocats.com\/wp-content\/uploads\/2024\/11\/getty-images-Q3a9uErAXXo-unsplash.webp\" \/>\n\t<meta property=\"og:image:width\" content=\"1742\" \/>\n\t<meta property=\"og:image:height\" content=\"2500\" \/>\n\t<meta property=\"og:image:type\" content=\"image\/webp\" \/>\n<meta name=\"author\" content=\"Kohen\" \/>\n<meta name=\"twitter:card\" content=\"summary_large_image\" \/>\n<meta name=\"twitter:label1\" content=\"\u4f5c\u8005\" \/>\n\t<meta name=\"twitter:data1\" content=\"Kohen\" \/>\n\t<meta name=\"twitter:label2\" content=\"\u9884\u8ba1\u9605\u8bfb\u65f6\u95f4\" \/>\n\t<meta name=\"twitter:data2\" content=\"4 \u5206\" \/>\n<script type=\"application\/ld+json\" class=\"yoast-schema-graph\">{\"@context\":\"https:\\\/\\\/schema.org\",\"@graph\":[{\"@type\":\"Article\",\"@id\":\"https:\\\/\\\/kohenavocats.com\\\/zh-hans\\\/cour-dappel-le-4-avril-2023-n23-01376\\\/#article\",\"isPartOf\":{\"@id\":\"https:\\\/\\\/kohenavocats.com\\\/zh-hans\\\/cour-dappel-le-4-avril-2023-n23-01376\\\/\"},\"author\":{\"name\":\"Kohen\",\"@id\":\"https:\\\/\\\/kohenavocats.com\\\/zh-hans\\\/#\\\/schema\\\/person\\\/761c9ba54fa1ca84d405cef0831ff751\"},\"headline\":\"Cour d&#8217;appel, le 4 avril 2023, n\u00b023\\\/01376\",\"datePublished\":\"2026-04-25T17:16:12+00:00\",\"mainEntityOfPage\":{\"@id\":\"https:\\\/\\\/kohenavocats.com\\\/zh-hans\\\/cour-dappel-le-4-avril-2023-n23-01376\\\/\"},\"wordCount\":911,\"commentCount\":0,\"publisher\":{\"@id\":\"https:\\\/\\\/kohenavocats.com\\\/zh-hans\\\/#organization\"},\"image\":{\"@id\":\"https:\\\/\\\/kohenavocats.com\\\/zh-hans\\\/cour-dappel-le-4-avril-2023-n23-01376\\\/#primaryimage\"},\"thumbnailUrl\":\"https:\\\/\\\/kohenavocats.com\\\/wp-content\\\/uploads\\\/2024\\\/11\\\/getty-images-Q3a9uErAXXo-unsplash.webp\",\"articleSection\":[\"Jurisprudence\"],\"inLanguage\":\"zh-Hans\",\"potentialAction\":[{\"@type\":\"CommentAction\",\"name\":\"Comment\",\"target\":[\"https:\\\/\\\/kohenavocats.com\\\/zh-hans\\\/cour-dappel-le-4-avril-2023-n23-01376\\\/#respond\"]}],\"citation\":\"Cour d&#8217;appel, le 4 avril 2023, n\u00b023\\\/01376\",\"about\":[{\"@type\":\"Thing\",\"name\":\"Jurisprudence\"}],\"dateModified\":\"2026-04-25T17:16:12+00:00\",\"speakable\":{\"@type\":\"SpeakableSpecification\",\"cssSelector\":[\".article-content > p:first-of-type\"]}},{\"@type\":\"WebPage\",\"@id\":\"https:\\\/\\\/kohenavocats.com\\\/zh-hans\\\/cour-dappel-le-4-avril-2023-n23-01376\\\/\",\"url\":\"https:\\\/\\\/kohenavocats.com\\\/zh-hans\\\/cour-dappel-le-4-avril-2023-n23-01376\\\/\",\"name\":\"Cour d'appel, le 4 avril 2023, n\u00b023\\\/01376 - Ma\u00eetre Hassan Kohen, avocat en droit p\u00e9nal \u00e0 Paris\",\"isPartOf\":{\"@id\":\"https:\\\/\\\/kohenavocats.com\\\/zh-hans\\\/#website\"},\"primaryImageOfPage\":{\"@id\":\"https:\\\/\\\/kohenavocats.com\\\/zh-hans\\\/cour-dappel-le-4-avril-2023-n23-01376\\\/#primaryimage\"},\"image\":{\"@id\":\"https:\\\/\\\/kohenavocats.com\\\/zh-hans\\\/cour-dappel-le-4-avril-2023-n23-01376\\\/#primaryimage\"},\"thumbnailUrl\":\"https:\\\/\\\/kohenavocats.com\\\/wp-content\\\/uploads\\\/2024\\\/11\\\/getty-images-Q3a9uErAXXo-unsplash.webp\",\"datePublished\":\"2026-04-25T17:16:12+00:00\",\"description\":\"Cour d'appel de N\u00eemes, 28 ao\u00fbt 2025, statuant apr\u00e8s jugement du tribunal d'Avignon du 4 avril 2023 sur une assembl\u00e9e g\u00e9n\u00e9rale tenue pendant l'urgence sanitaire.\",\"breadcrumb\":{\"@id\":\"https:\\\/\\\/kohenavocats.com\\\/zh-hans\\\/cour-dappel-le-4-avril-2023-n23-01376\\\/#breadcrumb\"},\"inLanguage\":\"zh-Hans\",\"potentialAction\":[{\"@type\":\"ReadAction\",\"target\":[\"https:\\\/\\\/kohenavocats.com\\\/zh-hans\\\/cour-dappel-le-4-avril-2023-n23-01376\\\/\"]}]},{\"@type\":\"ImageObject\",\"inLanguage\":\"zh-Hans\",\"@id\":\"https:\\\/\\\/kohenavocats.com\\\/zh-hans\\\/cour-dappel-le-4-avril-2023-n23-01376\\\/#primaryimage\",\"url\":\"https:\\\/\\\/kohenavocats.com\\\/wp-content\\\/uploads\\\/2024\\\/11\\\/getty-images-Q3a9uErAXXo-unsplash.webp\",\"contentUrl\":\"https:\\\/\\\/kohenavocats.com\\\/wp-content\\\/uploads\\\/2024\\\/11\\\/getty-images-Q3a9uErAXXo-unsplash.webp\",\"width\":1742,\"height\":2500},{\"@type\":\"BreadcrumbList\",\"@id\":\"https:\\\/\\\/kohenavocats.com\\\/zh-hans\\\/cour-dappel-le-4-avril-2023-n23-01376\\\/#breadcrumb\",\"itemListElement\":[{\"@type\":\"ListItem\",\"position\":1,\"name\":\"Home\",\"item\":\"https:\\\/\\\/kohenavocats.com\\\/zh-hans\\\/\"},{\"@type\":\"ListItem\",\"position\":2,\"name\":\"Cour d&rsquo;appel, le 4 avril 2023, n\u00b023\\\/01376\"}]},{\"@type\":\"WebSite\",\"@id\":\"https:\\\/\\\/kohenavocats.com\\\/zh-hans\\\/#website\",\"url\":\"https:\\\/\\\/kohenavocats.com\\\/zh-hans\\\/\",\"name\":\"Kohen Avocats\",\"description\":\"Ma\u00eetre Hassan Kohen, avocat p\u00e9naliste \u00e0 Paris, intervient exclusivement en droit p\u00e9nal pour la d\u00e9fense des particuliers, notamment en mati\u00e8re d\u2019accusations de viol. Il assure un accompagnement rigoureux d\u00e8s la garde \u00e0 vue jusqu\u2019\u00e0 la Cour d\u2019assises, veillant au strict respect des garanties proc\u00e9durales.\",\"publisher\":{\"@id\":\"https:\\\/\\\/kohenavocats.com\\\/zh-hans\\\/#organization\"},\"potentialAction\":[{\"@type\":\"SearchAction\",\"target\":{\"@type\":\"EntryPoint\",\"urlTemplate\":\"https:\\\/\\\/kohenavocats.com\\\/zh-hans\\\/?s={search_term_string}\"},\"query-input\":{\"@type\":\"PropertyValueSpecification\",\"valueRequired\":true,\"valueName\":\"search_term_string\"}}],\"inLanguage\":\"zh-Hans\"},{\"@type\":\"Organization\",\"@id\":\"https:\\\/\\\/kohenavocats.com\\\/zh-hans\\\/#organization\",\"name\":\"Kohen Avocats\",\"url\":\"https:\\\/\\\/kohenavocats.com\\\/zh-hans\\\/\",\"logo\":{\"@type\":\"ImageObject\",\"inLanguage\":\"zh-Hans\",\"@id\":\"https:\\\/\\\/kohenavocats.com\\\/zh-hans\\\/#\\\/schema\\\/logo\\\/image\\\/\",\"url\":\"https:\\\/\\\/kohenavocats.com\\\/wp-content\\\/uploads\\\/2026\\\/01\\\/Logo-2-1.webp\",\"contentUrl\":\"https:\\\/\\\/kohenavocats.com\\\/wp-content\\\/uploads\\\/2026\\\/01\\\/Logo-2-1.webp\",\"width\":2114,\"height\":1253,\"caption\":\"Kohen Avocats\"},\"image\":{\"@id\":\"https:\\\/\\\/kohenavocats.com\\\/zh-hans\\\/#\\\/schema\\\/logo\\\/image\\\/\"}},{\"@type\":\"Person\",\"@id\":\"https:\\\/\\\/kohenavocats.com\\\/zh-hans\\\/#\\\/schema\\\/person\\\/761c9ba54fa1ca84d405cef0831ff751\",\"name\":\"Kohen\",\"image\":{\"@type\":\"ImageObject\",\"inLanguage\":\"zh-Hans\",\"@id\":\"https:\\\/\\\/secure.gravatar.com\\\/avatar\\\/1c5e76ef76bbbfdd2b4da984e2bf2fa4056fd51a27d25ce2c332047f1dfd6e00?s=96&d=identicon&r=g\",\"url\":\"https:\\\/\\\/secure.gravatar.com\\\/avatar\\\/1c5e76ef76bbbfdd2b4da984e2bf2fa4056fd51a27d25ce2c332047f1dfd6e00?s=96&d=identicon&r=g\",\"contentUrl\":\"https:\\\/\\\/secure.gravatar.com\\\/avatar\\\/1c5e76ef76bbbfdd2b4da984e2bf2fa4056fd51a27d25ce2c332047f1dfd6e00?s=96&d=identicon&r=g\",\"caption\":\"Kohen\"},\"sameAs\":[\"https:\\\/\\\/www.linkedin.com\\\/in\\\/hassan-kohen-448548192\\\/\",\"https:\\\/\\\/www.youtube.com\\\/@Kohen-Avocats\"],\"url\":\"https:\\\/\\\/kohenavocats.com\\\/zh-hans\\\/author\\\/kohenmlk\\\/\"}]}<\/script>\n<!-- \/ Yoast SEO Premium plugin. -->","yoast_head_json":{"title":"Cour d'appel, le 4 avril 2023, n\u00b023\/01376 - Ma\u00eetre Hassan Kohen, avocat en droit p\u00e9nal \u00e0 Paris","description":"Cour d'appel de N\u00eemes, 28 ao\u00fbt 2025, statuant apr\u00e8s jugement du tribunal d'Avignon du 4 avril 2023 sur une assembl\u00e9e g\u00e9n\u00e9rale tenue pendant l'urgence sanitaire.","robots":{"index":"index","follow":"follow","max-snippet":"max-snippet:-1","max-image-preview":"max-image-preview:large","max-video-preview":"max-video-preview:-1"},"canonical":"https:\/\/kohenavocats.com\/zh-hans\/cour-dappel-le-4-avril-2023-n23-01376\/","og_locale":"zh_CN","og_type":"article","og_title":"Cour d'appel, le 4 avril 2023, n\u00b023\/01376","og_description":"Cour d'appel de N\u00eemes, 28 ao\u00fbt 2025, statuant apr\u00e8s jugement du tribunal d'Avignon du 4 avril 2023 sur une assembl\u00e9e g\u00e9n\u00e9rale tenue pendant l'urgence sanitaire.","og_url":"https:\/\/kohenavocats.com\/zh-hans\/cour-dappel-le-4-avril-2023-n23-01376\/","og_site_name":"Ma\u00eetre Hassan Kohen, avocat en droit p\u00e9nal \u00e0 Paris","article_published_time":"2026-04-25T17:16:12+00:00","og_image":[{"width":1742,"height":2500,"url":"https:\/\/kohenavocats.com\/wp-content\/uploads\/2024\/11\/getty-images-Q3a9uErAXXo-unsplash.webp","type":"image\/webp"}],"author":"Kohen","twitter_card":"summary_large_image","twitter_misc":{"\u4f5c\u8005":"Kohen","\u9884\u8ba1\u9605\u8bfb\u65f6\u95f4":"4 \u5206"},"schema":{"@context":"https:\/\/schema.org","@graph":[{"@type":"Article","@id":"https:\/\/kohenavocats.com\/zh-hans\/cour-dappel-le-4-avril-2023-n23-01376\/#article","isPartOf":{"@id":"https:\/\/kohenavocats.com\/zh-hans\/cour-dappel-le-4-avril-2023-n23-01376\/"},"author":{"name":"Kohen","@id":"https:\/\/kohenavocats.com\/zh-hans\/#\/schema\/person\/761c9ba54fa1ca84d405cef0831ff751"},"headline":"Cour d&#8217;appel, le 4 avril 2023, n\u00b023\/01376","datePublished":"2026-04-25T17:16:12+00:00","mainEntityOfPage":{"@id":"https:\/\/kohenavocats.com\/zh-hans\/cour-dappel-le-4-avril-2023-n23-01376\/"},"wordCount":911,"commentCount":0,"publisher":{"@id":"https:\/\/kohenavocats.com\/zh-hans\/#organization"},"image":{"@id":"https:\/\/kohenavocats.com\/zh-hans\/cour-dappel-le-4-avril-2023-n23-01376\/#primaryimage"},"thumbnailUrl":"https:\/\/kohenavocats.com\/wp-content\/uploads\/2024\/11\/getty-images-Q3a9uErAXXo-unsplash.webp","articleSection":["Jurisprudence"],"inLanguage":"zh-Hans","potentialAction":[{"@type":"CommentAction","name":"Comment","target":["https:\/\/kohenavocats.com\/zh-hans\/cour-dappel-le-4-avril-2023-n23-01376\/#respond"]}],"citation":"Cour d&#8217;appel, le 4 avril 2023, n\u00b023\/01376","about":[{"@type":"Thing","name":"Jurisprudence"}],"dateModified":"2026-04-25T17:16:12+00:00","speakable":{"@type":"SpeakableSpecification","cssSelector":[".article-content > p:first-of-type"]}},{"@type":"WebPage","@id":"https:\/\/kohenavocats.com\/zh-hans\/cour-dappel-le-4-avril-2023-n23-01376\/","url":"https:\/\/kohenavocats.com\/zh-hans\/cour-dappel-le-4-avril-2023-n23-01376\/","name":"Cour d'appel, le 4 avril 2023, n\u00b023\/01376 - Ma\u00eetre Hassan Kohen, avocat en droit p\u00e9nal \u00e0 Paris","isPartOf":{"@id":"https:\/\/kohenavocats.com\/zh-hans\/#website"},"primaryImageOfPage":{"@id":"https:\/\/kohenavocats.com\/zh-hans\/cour-dappel-le-4-avril-2023-n23-01376\/#primaryimage"},"image":{"@id":"https:\/\/kohenavocats.com\/zh-hans\/cour-dappel-le-4-avril-2023-n23-01376\/#primaryimage"},"thumbnailUrl":"https:\/\/kohenavocats.com\/wp-content\/uploads\/2024\/11\/getty-images-Q3a9uErAXXo-unsplash.webp","datePublished":"2026-04-25T17:16:12+00:00","description":"Cour d'appel de N\u00eemes, 28 ao\u00fbt 2025, statuant apr\u00e8s jugement du tribunal d'Avignon du 4 avril 2023 sur une assembl\u00e9e g\u00e9n\u00e9rale tenue pendant l'urgence sanitaire.","breadcrumb":{"@id":"https:\/\/kohenavocats.com\/zh-hans\/cour-dappel-le-4-avril-2023-n23-01376\/#breadcrumb"},"inLanguage":"zh-Hans","potentialAction":[{"@type":"ReadAction","target":["https:\/\/kohenavocats.com\/zh-hans\/cour-dappel-le-4-avril-2023-n23-01376\/"]}]},{"@type":"ImageObject","inLanguage":"zh-Hans","@id":"https:\/\/kohenavocats.com\/zh-hans\/cour-dappel-le-4-avril-2023-n23-01376\/#primaryimage","url":"https:\/\/kohenavocats.com\/wp-content\/uploads\/2024\/11\/getty-images-Q3a9uErAXXo-unsplash.webp","contentUrl":"https:\/\/kohenavocats.com\/wp-content\/uploads\/2024\/11\/getty-images-Q3a9uErAXXo-unsplash.webp","width":1742,"height":2500},{"@type":"BreadcrumbList","@id":"https:\/\/kohenavocats.com\/zh-hans\/cour-dappel-le-4-avril-2023-n23-01376\/#breadcrumb","itemListElement":[{"@type":"ListItem","position":1,"name":"Home","item":"https:\/\/kohenavocats.com\/zh-hans\/"},{"@type":"ListItem","position":2,"name":"Cour d&rsquo;appel, le 4 avril 2023, n\u00b023\/01376"}]},{"@type":"WebSite","@id":"https:\/\/kohenavocats.com\/zh-hans\/#website","url":"https:\/\/kohenavocats.com\/zh-hans\/","name":"Kohen Avocats","description":"Ma\u00eetre Hassan Kohen, avocat p\u00e9naliste \u00e0 Paris, intervient exclusivement en droit p\u00e9nal pour la d\u00e9fense des particuliers, notamment en mati\u00e8re d\u2019accusations de viol. Il assure un accompagnement rigoureux d\u00e8s la garde \u00e0 vue jusqu\u2019\u00e0 la Cour d\u2019assises, veillant au strict respect des garanties proc\u00e9durales.","publisher":{"@id":"https:\/\/kohenavocats.com\/zh-hans\/#organization"},"potentialAction":[{"@type":"SearchAction","target":{"@type":"EntryPoint","urlTemplate":"https:\/\/kohenavocats.com\/zh-hans\/?s={search_term_string}"},"query-input":{"@type":"PropertyValueSpecification","valueRequired":true,"valueName":"search_term_string"}}],"inLanguage":"zh-Hans"},{"@type":"Organization","@id":"https:\/\/kohenavocats.com\/zh-hans\/#organization","name":"Kohen Avocats","url":"https:\/\/kohenavocats.com\/zh-hans\/","logo":{"@type":"ImageObject","inLanguage":"zh-Hans","@id":"https:\/\/kohenavocats.com\/zh-hans\/#\/schema\/logo\/image\/","url":"https:\/\/kohenavocats.com\/wp-content\/uploads\/2026\/01\/Logo-2-1.webp","contentUrl":"https:\/\/kohenavocats.com\/wp-content\/uploads\/2026\/01\/Logo-2-1.webp","width":2114,"height":1253,"caption":"Kohen Avocats"},"image":{"@id":"https:\/\/kohenavocats.com\/zh-hans\/#\/schema\/logo\/image\/"}},{"@type":"Person","@id":"https:\/\/kohenavocats.com\/zh-hans\/#\/schema\/person\/761c9ba54fa1ca84d405cef0831ff751","name":"Kohen","image":{"@type":"ImageObject","inLanguage":"zh-Hans","@id":"https:\/\/secure.gravatar.com\/avatar\/1c5e76ef76bbbfdd2b4da984e2bf2fa4056fd51a27d25ce2c332047f1dfd6e00?s=96&d=identicon&r=g","url":"https:\/\/secure.gravatar.com\/avatar\/1c5e76ef76bbbfdd2b4da984e2bf2fa4056fd51a27d25ce2c332047f1dfd6e00?s=96&d=identicon&r=g","contentUrl":"https:\/\/secure.gravatar.com\/avatar\/1c5e76ef76bbbfdd2b4da984e2bf2fa4056fd51a27d25ce2c332047f1dfd6e00?s=96&d=identicon&r=g","caption":"Kohen"},"sameAs":["https:\/\/www.linkedin.com\/in\/hassan-kohen-448548192\/","https:\/\/www.youtube.com\/@Kohen-Avocats"],"url":"https:\/\/kohenavocats.com\/zh-hans\/author\/kohenmlk\/"}]}},"jetpack_featured_media_url":"https:\/\/kohenavocats.com\/wp-content\/uploads\/2024\/11\/getty-images-Q3a9uErAXXo-unsplash.webp","jetpack_likes_enabled":false,"jetpack_shortlink":"https:\/\/wp.me\/peCrII-2RWs","jetpack-related-posts":[{"id":646701,"url":"https:\/\/kohenavocats.com\/zh-hans\/tribunal-judiciaire-de-avignon-le-4-juin-2025-n25-00249\/","url_meta":{"origin":684012,"position":0},"title":"Tribunal judiciaire de Avignon, le 4 juin 2025, n\u00b025\/00249","author":"Kohen","date":"2026\u5e744\u670822\u65e5","format":false,"excerpt":"Le tribunal judiciaire, statuant en r\u00e9f\u00e9r\u00e9, a rend\u2026","rel":"","context":"\u5728\u201cJurisprudence\u201d\u4e2d","block_context":{"text":"Jurisprudence","link":"https:\/\/kohenavocats.com\/category\/jurisprudence\/"},"img":{"alt_text":"","src":"https:\/\/i0.wp.com\/kohenavocats.com\/wp-content\/uploads\/2024\/08\/henrique-ferreira-ZyYsY0ez2D4-unsplash.webp?resize=350%2C200&ssl=1","width":350,"height":200,"srcset":"https:\/\/i0.wp.com\/kohenavocats.com\/wp-content\/uploads\/2024\/08\/henrique-ferreira-ZyYsY0ez2D4-unsplash.webp?resize=350%2C200&ssl=1 1x, https:\/\/i0.wp.com\/kohenavocats.com\/wp-content\/uploads\/2024\/08\/henrique-ferreira-ZyYsY0ez2D4-unsplash.webp?resize=525%2C300&ssl=1 1.5x, https:\/\/i0.wp.com\/kohenavocats.com\/wp-content\/uploads\/2024\/08\/henrique-ferreira-ZyYsY0ez2D4-unsplash.webp?resize=700%2C400&ssl=1 2x, https:\/\/i0.wp.com\/kohenavocats.com\/wp-content\/uploads\/2024\/08\/henrique-ferreira-ZyYsY0ez2D4-unsplash.webp?resize=1050%2C600&ssl=1 3x, https:\/\/i0.wp.com\/kohenavocats.com\/wp-content\/uploads\/2024\/08\/henrique-ferreira-ZyYsY0ez2D4-unsplash.webp?resize=1400%2C800&ssl=1 4x"},"classes":[]},{"id":620358,"url":"https:\/\/kohenavocats.com\/zh-hans\/tribunal-judiciaire-de-avignon-le-9-decembre-2025-n25-03079\/","url_meta":{"origin":684012,"position":1},"title":"Tribunal judiciaire de Avignon, le 9 d\u00e9cembre 2025, n\u00b025\/03079","author":"Kohen","date":"2026\u5e744\u670820\u65e5","format":false,"excerpt":"Le tribunal judiciaire, statuant en premier ressor\u2026","rel":"","context":"\u5728\u201cJurisprudence\u201d\u4e2d","block_context":{"text":"Jurisprudence","link":"https:\/\/kohenavocats.com\/category\/jurisprudence\/"},"img":{"alt_text":"","src":"https:\/\/i0.wp.com\/kohenavocats.com\/wp-content\/uploads\/2024\/11\/getty-images-cjyN6d8hqio-unsplash.webp?resize=350%2C200&ssl=1","width":350,"height":200,"srcset":"https:\/\/i0.wp.com\/kohenavocats.com\/wp-content\/uploads\/2024\/11\/getty-images-cjyN6d8hqio-unsplash.webp?resize=350%2C200&ssl=1 1x, https:\/\/i0.wp.com\/kohenavocats.com\/wp-content\/uploads\/2024\/11\/getty-images-cjyN6d8hqio-unsplash.webp?resize=525%2C300&ssl=1 1.5x, https:\/\/i0.wp.com\/kohenavocats.com\/wp-content\/uploads\/2024\/11\/getty-images-cjyN6d8hqio-unsplash.webp?resize=700%2C400&ssl=1 2x, https:\/\/i0.wp.com\/kohenavocats.com\/wp-content\/uploads\/2024\/11\/getty-images-cjyN6d8hqio-unsplash.webp?resize=1050%2C600&ssl=1 3x, https:\/\/i0.wp.com\/kohenavocats.com\/wp-content\/uploads\/2024\/11\/getty-images-cjyN6d8hqio-unsplash.webp?resize=1400%2C800&ssl=1 4x"},"classes":[]},{"id":778977,"url":"https:\/\/kohenavocats.com\/zh-hans\/tribunal-judiciaire-de-avignon-le-22-decembre-2025-n25-00392\/","url_meta":{"origin":684012,"position":2},"title":"Tribunal judiciaire de Avignon, le 22 d\u00e9cembre 2025, n\u00b025\/00392","author":"Kohen","date":"2026\u5e744\u670830\u65e5","format":false,"excerpt":"Le Tribunal judiciaire d'Avignon, dans un jugement\u2026","rel":"","context":"\u5728\u201cJurisprudence\u201d\u4e2d","block_context":{"text":"Jurisprudence","link":"https:\/\/kohenavocats.com\/category\/jurisprudence\/"},"img":{"alt_text":"","src":"https:\/\/i0.wp.com\/kohenavocats.com\/wp-content\/uploads\/2024\/11\/jerome-maas-qrCOmWOMdbk-unsplash.webp?resize=350%2C200&ssl=1","width":350,"height":200,"srcset":"https:\/\/i0.wp.com\/kohenavocats.com\/wp-content\/uploads\/2024\/11\/jerome-maas-qrCOmWOMdbk-unsplash.webp?resize=350%2C200&ssl=1 1x, https:\/\/i0.wp.com\/kohenavocats.com\/wp-content\/uploads\/2024\/11\/jerome-maas-qrCOmWOMdbk-unsplash.webp?resize=525%2C300&ssl=1 1.5x, https:\/\/i0.wp.com\/kohenavocats.com\/wp-content\/uploads\/2024\/11\/jerome-maas-qrCOmWOMdbk-unsplash.webp?resize=700%2C400&ssl=1 2x, https:\/\/i0.wp.com\/kohenavocats.com\/wp-content\/uploads\/2024\/11\/jerome-maas-qrCOmWOMdbk-unsplash.webp?resize=1050%2C600&ssl=1 3x, https:\/\/i0.wp.com\/kohenavocats.com\/wp-content\/uploads\/2024\/11\/jerome-maas-qrCOmWOMdbk-unsplash.webp?resize=1400%2C800&ssl=1 4x"},"classes":[]},{"id":796241,"url":"https:\/\/kohenavocats.com\/zh-hans\/tribunal-judiciaire-de-avignon-le-9-decembre-2025-n25-02652\/","url_meta":{"origin":684012,"position":3},"title":"Tribunal judiciaire de Avignon, le 9 d\u00e9cembre 2025, n\u00b025\/02652","author":"Kohen","date":"2026\u5e745\u67081\u65e5","format":false,"excerpt":"Le tribunal judiciaire d'Avignon, dans un jugement\u2026","rel":"","context":"\u5728\u201cJurisprudence\u201d\u4e2d","block_context":{"text":"Jurisprudence","link":"https:\/\/kohenavocats.com\/category\/jurisprudence\/"},"img":{"alt_text":"","src":"https:\/\/i0.wp.com\/kohenavocats.com\/wp-content\/uploads\/2024\/11\/zyanya-citlalli-qhFXS18P2OQ-unsplash.webp?resize=350%2C200&ssl=1","width":350,"height":200,"srcset":"https:\/\/i0.wp.com\/kohenavocats.com\/wp-content\/uploads\/2024\/11\/zyanya-citlalli-qhFXS18P2OQ-unsplash.webp?resize=350%2C200&ssl=1 1x, https:\/\/i0.wp.com\/kohenavocats.com\/wp-content\/uploads\/2024\/11\/zyanya-citlalli-qhFXS18P2OQ-unsplash.webp?resize=525%2C300&ssl=1 1.5x, https:\/\/i0.wp.com\/kohenavocats.com\/wp-content\/uploads\/2024\/11\/zyanya-citlalli-qhFXS18P2OQ-unsplash.webp?resize=700%2C400&ssl=1 2x, https:\/\/i0.wp.com\/kohenavocats.com\/wp-content\/uploads\/2024\/11\/zyanya-citlalli-qhFXS18P2OQ-unsplash.webp?resize=1050%2C600&ssl=1 3x, https:\/\/i0.wp.com\/kohenavocats.com\/wp-content\/uploads\/2024\/11\/zyanya-citlalli-qhFXS18P2OQ-unsplash.webp?resize=1400%2C800&ssl=1 4x"},"classes":[]},{"id":762107,"url":"https:\/\/kohenavocats.com\/zh-hans\/tribunal-judiciaire-de-avignon-le-13-janvier-2026-n25-03084\/","url_meta":{"origin":684012,"position":4},"title":"Tribunal judiciaire de Avignon, le 13 janvier 2026, n\u00b025\/03084","author":"Kohen","date":"2026\u5e744\u670829\u65e5","format":false,"excerpt":"Le tribunal judiciaire d\u2019Avignon, dans un jugement\u2026","rel":"","context":"\u5728\u201cD\u00e9cisions juridiques\u201d\u4e2d","block_context":{"text":"D\u00e9cisions juridiques","link":"https:\/\/kohenavocats.com\/category\/decisions-juridiques\/"},"img":{"alt_text":"","src":"https:\/\/i0.wp.com\/kohenavocats.com\/wp-content\/uploads\/2024\/08\/chris-linnett-aoJDcEy2tBo-unsplash.webp?resize=350%2C200&ssl=1","width":350,"height":200,"srcset":"https:\/\/i0.wp.com\/kohenavocats.com\/wp-content\/uploads\/2024\/08\/chris-linnett-aoJDcEy2tBo-unsplash.webp?resize=350%2C200&ssl=1 1x, https:\/\/i0.wp.com\/kohenavocats.com\/wp-content\/uploads\/2024\/08\/chris-linnett-aoJDcEy2tBo-unsplash.webp?resize=525%2C300&ssl=1 1.5x, https:\/\/i0.wp.com\/kohenavocats.com\/wp-content\/uploads\/2024\/08\/chris-linnett-aoJDcEy2tBo-unsplash.webp?resize=700%2C400&ssl=1 2x, https:\/\/i0.wp.com\/kohenavocats.com\/wp-content\/uploads\/2024\/08\/chris-linnett-aoJDcEy2tBo-unsplash.webp?resize=1050%2C600&ssl=1 3x, https:\/\/i0.wp.com\/kohenavocats.com\/wp-content\/uploads\/2024\/08\/chris-linnett-aoJDcEy2tBo-unsplash.webp?resize=1400%2C800&ssl=1 4x"},"classes":[]},{"id":762108,"url":"https:\/\/kohenavocats.com\/zh-hans\/tribunal-judiciaire-de-avignon-le-13-janvier-2026-n25-03084-2\/","url_meta":{"origin":684012,"position":5},"title":"Tribunal judiciaire de Avignon, le 13 janvier 2026, n\u00b025\/03084","author":"Kohen","date":"2026\u5e744\u670829\u65e5","format":false,"excerpt":"Le tribunal judiciaire d\u2019Avignon, dans un jugement\u2026","rel":"","context":"\u5728\u201cJurisprudence\u201d\u4e2d","block_context":{"text":"Jurisprudence","link":"https:\/\/kohenavocats.com\/category\/jurisprudence\/"},"img":{"alt_text":"","src":"https:\/\/i0.wp.com\/kohenavocats.com\/wp-content\/uploads\/2024\/08\/giammarco-boscaro-a_VP5ObtzWk-unsplash.webp?resize=350%2C200&ssl=1","width":350,"height":200,"srcset":"https:\/\/i0.wp.com\/kohenavocats.com\/wp-content\/uploads\/2024\/08\/giammarco-boscaro-a_VP5ObtzWk-unsplash.webp?resize=350%2C200&ssl=1 1x, https:\/\/i0.wp.com\/kohenavocats.com\/wp-content\/uploads\/2024\/08\/giammarco-boscaro-a_VP5ObtzWk-unsplash.webp?resize=525%2C300&ssl=1 1.5x, https:\/\/i0.wp.com\/kohenavocats.com\/wp-content\/uploads\/2024\/08\/giammarco-boscaro-a_VP5ObtzWk-unsplash.webp?resize=700%2C400&ssl=1 2x, https:\/\/i0.wp.com\/kohenavocats.com\/wp-content\/uploads\/2024\/08\/giammarco-boscaro-a_VP5ObtzWk-unsplash.webp?resize=1050%2C600&ssl=1 3x, https:\/\/i0.wp.com\/kohenavocats.com\/wp-content\/uploads\/2024\/08\/giammarco-boscaro-a_VP5ObtzWk-unsplash.webp?resize=1400%2C800&ssl=1 4x"},"classes":[]}],"jetpack_sharing_enabled":true,"_links":{"self":[{"href":"https:\/\/kohenavocats.com\/zh-hans\/wp-json\/wp\/v2\/posts\/684012","targetHints":{"allow":["GET"]}}],"collection":[{"href":"https:\/\/kohenavocats.com\/zh-hans\/wp-json\/wp\/v2\/posts"}],"about":[{"href":"https:\/\/kohenavocats.com\/zh-hans\/wp-json\/wp\/v2\/types\/post"}],"author":[{"embeddable":true,"href":"https:\/\/kohenavocats.com\/zh-hans\/wp-json\/wp\/v2\/users\/232070755"}],"replies":[{"embeddable":true,"href":"https:\/\/kohenavocats.com\/zh-hans\/wp-json\/wp\/v2\/comments?post=684012"}],"version-history":[{"count":0,"href":"https:\/\/kohenavocats.com\/zh-hans\/wp-json\/wp\/v2\/posts\/684012\/revisions"}],"wp:featuredmedia":[{"embeddable":true,"href":"https:\/\/kohenavocats.com\/zh-hans\/wp-json\/wp\/v2\/media\/9502"}],"wp:attachment":[{"href":"https:\/\/kohenavocats.com\/zh-hans\/wp-json\/wp\/v2\/media?parent=684012"}],"wp:term":[{"taxonomy":"category","embeddable":true,"href":"https:\/\/kohenavocats.com\/zh-hans\/wp-json\/wp\/v2\/categories?post=684012"},{"taxonomy":"post_tag","embeddable":true,"href":"https:\/\/kohenavocats.com\/zh-hans\/wp-json\/wp\/v2\/tags?post=684012"}],"curies":[{"name":"wp","href":"https:\/\/api.w.org\/{rel}","templated":true}]}}