{"id":684344,"date":"2026-04-25T19:35:09","date_gmt":"2026-04-25T17:35:09","guid":{"rendered":"https:\/\/kohenavocats.com\/cour-dappel-de-aix-en-provence-le-11-septembre-2025-n21-09943\/"},"modified":"2026-04-25T19:35:09","modified_gmt":"2026-04-25T17:35:09","slug":"cour-dappel-de-aix-en-provence-le-11-septembre-2025-n21-09943","status":"publish","type":"post","link":"https:\/\/kohenavocats.com\/zh-hans\/cour-dappel-de-aix-en-provence-le-11-septembre-2025-n21-09943\/","title":{"rendered":"Cour d&#8217;appel de Aix-en-Provence, le 11 septembre 2025, n\u00b021\/09943"},"content":{"rendered":"<div class=\"article-content\">\n<p>Par arr\u00eat du 11 septembre 2025, la Cour d\u2019appel d\u2019Aix-en-Provence a tranch\u00e9 un litige relatif au paiement du prix d\u2019une cession de parts sociales. Deux associ\u00e9s \u00e9galitaires avaient mis fin \u00e0 leur association par des cessions crois\u00e9es, l\u2019un s\u2019obligeant \u00e0 r\u00e9gler 60 000 euros comptant au titre du prix. Un ch\u00e8que de 15 000 euros a \u00e9t\u00e9 reconnu, le solde restant discut\u00e9.<\/p>\n<p>Assign\u00e9 devant le tribunal de commerce, l\u2019acqu\u00e9reur du lot litigieux a \u00e9t\u00e9 condamn\u00e9, par jugement du 12 janvier 2021, au paiement int\u00e9gral du prix, outre frais irr\u00e9p\u00e9tibles. Il a relev\u00e9 appel le 1er juillet 2021 en soutenant avoir int\u00e9gralement pay\u00e9 par divers moyens: un ch\u00e8que, des mouvements issus d\u2019un compte courant d\u2019associ\u00e9, le financement d\u2019une licence, et un versement \u00e0 un tiers apparent\u00e9. L\u2019intim\u00e9 a sollicit\u00e9 la confirmation de la condamnation en en limitant toutefois le montant au solde de 45 000 euros, le ch\u00e8que de 15 000 euros \u00e9tant admis.<\/p>\n<p>La question pos\u00e9e tenait \u00e0 la charge et aux modalit\u00e9s de la preuve du paiement all\u00e9gu\u00e9, ainsi qu\u2019\u00e0 l\u2019efficacit\u00e9 lib\u00e9ratoire de paiements pr\u00e9tendument op\u00e9r\u00e9s par des canaux indirects ou au profit de tiers. La cour a rappel\u00e9 la r\u00e8gle de preuve du paiement et celle tenant au destinataire du paiement et a limit\u00e9 la condamnation au solde de 45 000 euros, rejetant le surplus des moyens lib\u00e9ratoires et l\u2019indemnit\u00e9 d\u2019appel au titre de l\u2019article 700 du code de proc\u00e9dure civile.<\/p>\n<p>I. Le sens de la d\u00e9cision: preuve du paiement et destinataire du versement<\/p>\n<p>A. Charge probatoire et contenu de la preuve<\/p>\n<p>La cour replace d\u2019abord le d\u00e9bat dans le cadre probatoire du droit commun. Elle rappelle la r\u00e8gle selon laquelle le d\u00e9biteur qui se pr\u00e9tend lib\u00e9r\u00e9 doit \u00e9tablir le fait extinctif. L\u2019arr\u00eat l\u2019\u00e9nonce en des termes fermes: \u00ab Conform\u00e9ment aux dispositions de l&#8217;article 1353 alin\u00e9a 2 du code civil, il appartient [&#8230;] de justifier du paiement ou du fait qui a produit l&#8217;extinction de cette obligation. \u00bb La formulation souligne \u00e0 la fois la charge et l\u2019objet de la preuve: d\u00e9montrer un paiement au sens juridique, ou un fait \u00e9quivalent d\u2019extinction.<\/p>\n<p>La d\u00e9cision exige, corr\u00e9lativement, des \u00e9l\u00e9ments pr\u00e9cis, contemporains et imputables, capables de rattacher un flux financier \u00e0 la dette d\u00e9termin\u00e9e de prix. Des justifications globales, indiff\u00e9renci\u00e9es ou relatives \u00e0 d\u2019autres relations d\u2019affaires ne suffisent pas. L\u2019arr\u00eat qualifie ainsi l\u2019une des s\u00e9ries de pi\u00e8ces: \u00ab La production par l&#8217;appelant des relev\u00e9s de comptes [&#8230;] faisant appara\u00eetre [&#8230;] des pr\u00e9l\u00e8vements [&#8230;] est totalement inop\u00e9rante \u00e0 d\u00e9montrer un paiement effectu\u00e9 [&#8230;] \u00bb. La cour refuse que de simples mouvements bancaires, m\u00eame importants, tiennent lieu de preuve lorsque ni le b\u00e9n\u00e9ficiaire, ni la cause, ni l\u2019imputation \u00e0 la dette de prix ne ressortent avec certitude.<\/p>\n<p>Ce contr\u00f4le se prolonge lorsque l\u2019appelant pr\u00e9tend, non pas \u00e0 un paiement stricto sensu, mais \u00e0 une extinction par compensation. La cour confronte le moyen \u00e0 l\u2019exigence d\u2019une cr\u00e9ance personnelle, certaine, liquide et exigible. Elle constate l\u2019insuffisance d\u2019un simple poste d\u2019immobilisation dans les comptes d\u2019une autre soci\u00e9t\u00e9 pour caract\u00e9riser une cr\u00e9ance r\u00e9ciproque. D\u2019o\u00f9 cette affirmation nette: \u00ab La seule pr\u00e9sence \u00e0 l\u2019actif du bilan [&#8230;] d\u2019une immobilisation de 12 000 euros au titre d\u2019une \u201clicence bar\u201d est pareillement inefficace \u00e0 \u00e9tablir que cette licence aurait \u00e9t\u00e9 financ\u00e9e [&#8230;] et qu\u2019il en r\u00e9sulterait une cr\u00e9ance [&#8230;] susceptible de compensation \u00bb. Le rejet tient \u00e0 l\u2019absence de preuve du financement par le d\u00e9biteur, de la cause de ce financement, et de l\u2019existence d\u2019une cr\u00e9ance corr\u00e9lative \u00e0 l\u2019\u00e9gard du cr\u00e9ancier du prix.<\/p>\n<p>B. Destinataire du paiement et effets des versements \u00e0 des tiers<\/p>\n<p>La cour pr\u00e9cise ensuite la r\u00e8gle de destination du paiement. L\u2019\u00e9nonc\u00e9 est classique et commande l\u2019issue du litige: \u00ab Aux termes de l&#8217;article 1342-2 du m\u00eame code, le paiement doit \u00eatre fait au cr\u00e9ancier ou \u00e0 la personne d\u00e9sign\u00e9e pour le recevoir. \u00bb Le rappel ferme l\u2019acc\u00e8s aux paiements \u201ccircuits courts\u201d ou extrajudiciaires qui ne justifient ni d\u2019un mandat de recevoir, ni d\u2019une ratification claire, ni d\u2019une imputation non \u00e9quivoque sur la dette en cause.<\/p>\n<p>Cette exigence conduit logiquement au rejet des versements effectu\u00e9s sur des comptes sociaux, au r\u00e8glement de charges d\u2019exploitation, ou \u00e0 des paiements all\u00e9gu\u00e9s \u201cpour le compte\u201d du cr\u00e9ancier, faute d\u2019\u00e9crit, d\u2019imputation explicite et de pouvoirs. Les flux issus d\u2019un compte courant d\u2019associ\u00e9, dirig\u00e9s vers des tiers fournisseurs ou vers une autre entit\u00e9, ne prouvent pas l\u2019ex\u00e9cution d\u2019une obligation personnelle de prix envers le c\u00e9dant. La cour le dit sans ambages pour les d\u00e9penses courantes: \u00ab [&#8230;] est totalement inop\u00e9rante \u00e0 d\u00e9montrer un paiement effectu\u00e9 [&#8230;] au profit [&#8230;] \u00bb. Elle s\u2019en tient au principe d\u2019intuitu personae du paiement, sauf stipulation contraire.<\/p>\n<p>Enfin, le versement remis \u00e0 un proche du cr\u00e9ancier suppos\u00e9, \u00e0 l\u2019\u00e9tranger, est \u00e9cart\u00e9. L\u2019arr\u00eat juge que \u00ab la seule all\u00e9gation par l\u2019appelant d\u2019un paiement de 18 000 euros [&#8230;] ne constitue aucunement la preuve d\u2019un paiement lib\u00e9ratoire \u00bb. L\u2019absence de quittance, de reconnaissance, de tra\u00e7abilit\u00e9, et, surtout, de pouvoir de recevoir prive une telle remise de tout effet extinctif. Seul le ch\u00e8que de 15 000 euros, reconnu par l\u2019intim\u00e9, re\u00e7oit effet, ce qui conduit \u00e0 une r\u00e9duction du quantum de la condamnation au solde de 45 000 euros, le reste des pr\u00e9tentions lib\u00e9ratoires \u00e9tant \u00e9cart\u00e9.<\/p>\n<p>Ce cadre probatoire strict et cette exigence de destinataire l\u00e9gitime structurent la solution et appellent une appr\u00e9ciation de sa valeur, puis une \u00e9tude de sa port\u00e9e.<\/p>\n<p>II. Valeur et port\u00e9e: rigueur probatoire et enseignements pratiques<\/p>\n<p>A. Appr\u00e9ciation critique de la motivation<\/p>\n<p>La motivation s\u2019inscrit dans une orthodoxie assum\u00e9e du droit des obligations. Sur la charge de la preuve, l\u2019arr\u00eat adopte une lecture rigoureuse de l\u2019article 1353, en refusant de diluer l\u2019exigence dans des faisceaux d\u2019indices \u00e9conomiques trop g\u00e9n\u00e9raux. Cette rigueur prot\u00e8ge la s\u00e9curit\u00e9 des cessions de droits sociaux, o\u00f9 la tra\u00e7abilit\u00e9 du prix conditionne la certitude des transmissions.<\/p>\n<p>Sur le destinataire, la r\u00e9f\u00e9rence \u00e0 l\u2019article 1342-2 est bienvenue. Elle fixe une ligne claire: les paiements efficaces supposent soit un versement au cr\u00e9ancier, soit une d\u00e9signation explicite du r\u00e9cipiendaire. En l\u2019esp\u00e8ce, ni les paiements au b\u00e9n\u00e9fice de tiers fournisseurs, ni le financement all\u00e9gu\u00e9 d\u2019un actif d\u2019une autre entit\u00e9, ni le versement \u00e0 un proche du cr\u00e9ancier ne remplissaient ces conditions. La cour refuse, \u00e0 bon droit, de substituer des relations \u00e9conomiques g\u00e9n\u00e9rales \u00e0 la d\u00e9monstration juridique d\u2019un paiement lib\u00e9ratoire.<\/p>\n<p>La r\u00e9ponse donn\u00e9e au moyen de compensation confirme cette coh\u00e9rence. En l\u2019absence de preuve d\u2019une cr\u00e9ance personnelle et certaine corr\u00e9lative au financement de la licence, la compensation l\u00e9gale est \u00e9cart\u00e9e. L\u2019exigence d\u2019une cr\u00e9ance r\u00e9ciproque, liquide et exigible, non s\u00e9rieusement contest\u00e9e, n\u2019\u00e9tait pas satisfaite. La cour \u00e9vite ainsi de faire \u00e9cran \u00e0 l\u2019obligation de prix par des flux inter-soci\u00e9t\u00e9s non contractualis\u00e9s.<\/p>\n<p>La solution accessoire relative aux frais irr\u00e9p\u00e9tibles d\u2019appel est trait\u00e9e avec sobri\u00e9t\u00e9 et sens de l\u2019\u00e9quit\u00e9 proc\u00e9durale. L\u2019arr\u00eat \u00e9nonce: \u00ab Dit n\u2019y avoir lieu \u00e0 condamnation sur le fondement des dispositions de l\u2019article 700 du code de proc\u00e9dure civile pour frais irr\u00e9p\u00e9tibles d\u2019appel \u00bb. La motivation implicite, au regard de la succombance partag\u00e9e, s\u2019accorde avec la mod\u00e9ration usuelle des juridictions d\u2019appel sur ce terrain.<\/p>\n<p>B. Port\u00e9e pour les cessions de parts et le contentieux du prix<\/p>\n<p>La port\u00e9e pratique est nette. Pour les cessions de parts, l\u2019arr\u00eat plaide pour un formalisme probatoire renforc\u00e9: quittances, re\u00e7us, mentions d\u2019imputation, et, le cas \u00e9ch\u00e9ant, clause d\u2019imputation des paiements indirects assortie de la d\u00e9signation d\u2019un mandataire de recevoir. \u00c0 d\u00e9faut, les versements issus de comptes sociaux, m\u00eame inspir\u00e9s par un souci de r\u00e9gularisation interne, ne lib\u00e8rent pas l\u2019obligation personnelle de prix.<\/p>\n<p>S\u2019agissant des paiements \u00e0 des tiers li\u00e9s, la le\u00e7on est tout aussi claire. En l\u2019absence de mandat expr\u00e8s, d\u2019accus\u00e9 de r\u00e9ception ou de ratification non \u00e9quivoque, ils demeurent juridiquement inop\u00e9rants. Le contentieux des \u201cr\u00e8glements de fait\u201d impose une discipline documentaire que l\u2019arr\u00eat rappelle utilement. La solution prot\u00e8ge \u00e9galement les int\u00e9r\u00eats du cr\u00e9ancier, en \u00e9vitant la dispersion des preuves et la confusion des flux.<\/p>\n<p>L\u2019arr\u00eat \u00e9claire, enfin, l\u2019office de la cour d\u2019appel quant au quantum. Apr\u00e8s avoir isol\u00e9 le seul paiement reconnu, la juridiction rectifie la condamnation initiale, \u00ab le jugement \u00e9tant infirm\u00e9 sur le quantum de la condamnation \u00bb. La d\u00e9marche illustre un contr\u00f4le normatif des conditions de la lib\u00e9ration, suivi d\u2019un ajustement strictement chiffr\u00e9 du solde.<\/p>\n<p>Au total, la d\u00e9cision consolide une jurisprudence attentive \u00e0 la preuve rigoureuse de l\u2019ex\u00e9cution des obligations p\u00e9cuniaires n\u00e9es des cessions de droits sociaux. Elle invite les praticiens \u00e0 s\u00e9curiser la cha\u00eene probatoire et, lorsqu\u2019ils entendent admettre des m\u00e9canismes d\u2019imputation indirecte ou de compensation, \u00e0 les stipuler par \u00e9crit en d\u00e9finissant le cr\u00e9ancier, le d\u00e9biteur et le destinataire de chaque flux, sans \u00e9quivoque ni approximation.<\/p>\n<\/div>\n","protected":false},"excerpt":{"rendered":"<p>Par arr\u00eat du 11 septembre 2025, la Cour d\u2019appel d\u2019Aix-en-Provence a tranch\u00e9 un litige relatif au paiement du prix d\u2019une cession de parts sociales. Deux assoc&#8230;<\/p>\n","protected":false},"author":232070755,"featured_media":9725,"comment_status":"open","ping_status":"open","sticky":false,"template":"","format":"standard","meta":{"_crdt_document":"","_jetpack_newsletter_access":"","_jetpack_dont_email_post_to_subs":false,"_jetpack_newsletter_tier_id":0,"_jetpack_memberships_contains_paywalled_content":false,"_kj_source_type":"judilibre","_kj_official_id":"68c3bbcf60ab4032bcf8f3f9","_kj_official_url":"https:\/\/www.courdecassation.fr\/decision\/68c3bbcf60ab4032bcf8f3f9","_kj_judilibre_id":"68c3bbcf60ab4032bcf8f3f9","_kj_jur":"Cour d'appel","_kj_lieu":"Aix-en-Provence","_kj_chambre":"Chambre 3-4","_kj_rg":"21\/09943","_kj_date":"2025-09-11","_jetpack_memberships_contains_paid_content":false,"footnotes":"","jetpack_post_was_ever_published":false},"categories":[7597],"tags":[],"class_list":["post-684344","post","type-post","status-publish","format-standard","has-post-thumbnail","hentry","category-jurisprudence"],"yoast_head":"<!-- This site is optimized with the Yoast SEO Premium plugin v27.5 (Yoast SEO v27.5) - https:\/\/yoast.com\/product\/yoast-seo-premium-wordpress\/ -->\n<title>Cour d&#039;appel de Aix-en-Provence, le 11 septembre 2025, n\u00b021\/09943 - Ma\u00eetre Hassan Kohen, avocat en droit p\u00e9nal \u00e0 Paris<\/title>\n<meta name=\"description\" content=\"Par arr\u00eat du 11 septembre 2025, la Cour d\u2019appel d\u2019Aix-en-Provence a tranch\u00e9 un litige relatif au paiement du prix d\u2019une cession de parts sociales. Deux assoc...\" \/>\n<meta name=\"robots\" content=\"index, follow, max-snippet:-1, max-image-preview:large, max-video-preview:-1\" \/>\n<link rel=\"canonical\" href=\"https:\/\/kohenavocats.com\/zh-hans\/cour-dappel-de-aix-en-provence-le-11-septembre-2025-n21-09943\/\" \/>\n<meta property=\"og:locale\" content=\"zh_CN\" \/>\n<meta property=\"og:type\" content=\"article\" \/>\n<meta property=\"og:title\" content=\"Cour d&#039;appel de Aix-en-Provence, le 11 septembre 2025, n\u00b021\/09943\" \/>\n<meta property=\"og:description\" content=\"Par arr\u00eat du 11 septembre 2025, la Cour d\u2019appel d\u2019Aix-en-Provence a tranch\u00e9 un litige relatif au paiement du prix d\u2019une cession de parts sociales. Deux assoc...\" \/>\n<meta property=\"og:url\" content=\"https:\/\/kohenavocats.com\/zh-hans\/cour-dappel-de-aix-en-provence-le-11-septembre-2025-n21-09943\/\" \/>\n<meta property=\"og:site_name\" content=\"Ma\u00eetre Hassan Kohen, avocat en droit p\u00e9nal \u00e0 Paris\" \/>\n<meta property=\"article:published_time\" content=\"2026-04-25T17:35:09+00:00\" \/>\n<meta property=\"og:image\" content=\"https:\/\/kohenavocats.com\/wp-content\/uploads\/2024\/11\/anita-austvika-lFdweM584mQ-unsplash.webp\" \/>\n\t<meta property=\"og:image:width\" content=\"7360\" \/>\n\t<meta property=\"og:image:height\" content=\"4912\" \/>\n\t<meta property=\"og:image:type\" content=\"image\/webp\" \/>\n<meta name=\"author\" content=\"Kohen\" \/>\n<meta name=\"twitter:card\" content=\"summary_large_image\" \/>\n<meta name=\"twitter:label1\" content=\"\u4f5c\u8005\" \/>\n\t<meta name=\"twitter:data1\" content=\"Kohen\" \/>\n\t<meta name=\"twitter:label2\" content=\"\u9884\u8ba1\u9605\u8bfb\u65f6\u95f4\" \/>\n\t<meta name=\"twitter:data2\" content=\"8 \u5206\" \/>\n<script type=\"application\/ld+json\" class=\"yoast-schema-graph\">{\"@context\":\"https:\\\/\\\/schema.org\",\"@graph\":[{\"@type\":\"Article\",\"@id\":\"https:\\\/\\\/kohenavocats.com\\\/zh-hans\\\/cour-dappel-de-aix-en-provence-le-11-septembre-2025-n21-09943\\\/#article\",\"isPartOf\":{\"@id\":\"https:\\\/\\\/kohenavocats.com\\\/zh-hans\\\/cour-dappel-de-aix-en-provence-le-11-septembre-2025-n21-09943\\\/\"},\"author\":{\"name\":\"Kohen\",\"@id\":\"https:\\\/\\\/kohenavocats.com\\\/zh-hans\\\/#\\\/schema\\\/person\\\/761c9ba54fa1ca84d405cef0831ff751\"},\"headline\":\"Cour d&#8217;appel de Aix-en-Provence, le 11 septembre 2025, n\u00b021\\\/09943\",\"datePublished\":\"2026-04-25T17:35:09+00:00\",\"mainEntityOfPage\":{\"@id\":\"https:\\\/\\\/kohenavocats.com\\\/zh-hans\\\/cour-dappel-de-aix-en-provence-le-11-septembre-2025-n21-09943\\\/\"},\"wordCount\":1620,\"commentCount\":0,\"publisher\":{\"@id\":\"https:\\\/\\\/kohenavocats.com\\\/zh-hans\\\/#organization\"},\"image\":{\"@id\":\"https:\\\/\\\/kohenavocats.com\\\/zh-hans\\\/cour-dappel-de-aix-en-provence-le-11-septembre-2025-n21-09943\\\/#primaryimage\"},\"thumbnailUrl\":\"https:\\\/\\\/kohenavocats.com\\\/wp-content\\\/uploads\\\/2024\\\/11\\\/anita-austvika-lFdweM584mQ-unsplash.webp\",\"articleSection\":[\"Jurisprudence\"],\"inLanguage\":\"zh-Hans\",\"potentialAction\":[{\"@type\":\"CommentAction\",\"name\":\"Comment\",\"target\":[\"https:\\\/\\\/kohenavocats.com\\\/zh-hans\\\/cour-dappel-de-aix-en-provence-le-11-septembre-2025-n21-09943\\\/#respond\"]}],\"citation\":\"Cour d&#8217;appel de Aix-en-Provence, le 11 septembre 2025, n\u00b021\\\/09943\",\"about\":[{\"@type\":\"Thing\",\"name\":\"Jurisprudence\"}],\"dateModified\":\"2026-04-25T17:35:09+00:00\",\"speakable\":{\"@type\":\"SpeakableSpecification\",\"cssSelector\":[\".article-content > p:first-of-type\"]}},{\"@type\":\"WebPage\",\"@id\":\"https:\\\/\\\/kohenavocats.com\\\/zh-hans\\\/cour-dappel-de-aix-en-provence-le-11-septembre-2025-n21-09943\\\/\",\"url\":\"https:\\\/\\\/kohenavocats.com\\\/zh-hans\\\/cour-dappel-de-aix-en-provence-le-11-septembre-2025-n21-09943\\\/\",\"name\":\"Cour d'appel de Aix-en-Provence, le 11 septembre 2025, n\u00b021\\\/09943 - Ma\u00eetre Hassan Kohen, avocat en droit p\u00e9nal \u00e0 Paris\",\"isPartOf\":{\"@id\":\"https:\\\/\\\/kohenavocats.com\\\/zh-hans\\\/#website\"},\"primaryImageOfPage\":{\"@id\":\"https:\\\/\\\/kohenavocats.com\\\/zh-hans\\\/cour-dappel-de-aix-en-provence-le-11-septembre-2025-n21-09943\\\/#primaryimage\"},\"image\":{\"@id\":\"https:\\\/\\\/kohenavocats.com\\\/zh-hans\\\/cour-dappel-de-aix-en-provence-le-11-septembre-2025-n21-09943\\\/#primaryimage\"},\"thumbnailUrl\":\"https:\\\/\\\/kohenavocats.com\\\/wp-content\\\/uploads\\\/2024\\\/11\\\/anita-austvika-lFdweM584mQ-unsplash.webp\",\"datePublished\":\"2026-04-25T17:35:09+00:00\",\"description\":\"Par arr\u00eat du 11 septembre 2025, la Cour d\u2019appel d\u2019Aix-en-Provence a tranch\u00e9 un litige relatif au paiement du prix d\u2019une cession de parts sociales. Deux assoc...\",\"breadcrumb\":{\"@id\":\"https:\\\/\\\/kohenavocats.com\\\/zh-hans\\\/cour-dappel-de-aix-en-provence-le-11-septembre-2025-n21-09943\\\/#breadcrumb\"},\"inLanguage\":\"zh-Hans\",\"potentialAction\":[{\"@type\":\"ReadAction\",\"target\":[\"https:\\\/\\\/kohenavocats.com\\\/zh-hans\\\/cour-dappel-de-aix-en-provence-le-11-septembre-2025-n21-09943\\\/\"]}]},{\"@type\":\"ImageObject\",\"inLanguage\":\"zh-Hans\",\"@id\":\"https:\\\/\\\/kohenavocats.com\\\/zh-hans\\\/cour-dappel-de-aix-en-provence-le-11-septembre-2025-n21-09943\\\/#primaryimage\",\"url\":\"https:\\\/\\\/kohenavocats.com\\\/wp-content\\\/uploads\\\/2024\\\/11\\\/anita-austvika-lFdweM584mQ-unsplash.webp\",\"contentUrl\":\"https:\\\/\\\/kohenavocats.com\\\/wp-content\\\/uploads\\\/2024\\\/11\\\/anita-austvika-lFdweM584mQ-unsplash.webp\",\"width\":7360,\"height\":4912},{\"@type\":\"BreadcrumbList\",\"@id\":\"https:\\\/\\\/kohenavocats.com\\\/zh-hans\\\/cour-dappel-de-aix-en-provence-le-11-septembre-2025-n21-09943\\\/#breadcrumb\",\"itemListElement\":[{\"@type\":\"ListItem\",\"position\":1,\"name\":\"Home\",\"item\":\"https:\\\/\\\/kohenavocats.com\\\/zh-hans\\\/\"},{\"@type\":\"ListItem\",\"position\":2,\"name\":\"Cour d&rsquo;appel de Aix-en-Provence, le 11 septembre 2025, n\u00b021\\\/09943\"}]},{\"@type\":\"WebSite\",\"@id\":\"https:\\\/\\\/kohenavocats.com\\\/zh-hans\\\/#website\",\"url\":\"https:\\\/\\\/kohenavocats.com\\\/zh-hans\\\/\",\"name\":\"Kohen Avocats\",\"description\":\"Ma\u00eetre Hassan Kohen, avocat p\u00e9naliste \u00e0 Paris, intervient exclusivement en droit p\u00e9nal pour la d\u00e9fense des particuliers, notamment en mati\u00e8re d\u2019accusations de viol. Il assure un accompagnement rigoureux d\u00e8s la garde \u00e0 vue jusqu\u2019\u00e0 la Cour d\u2019assises, veillant au strict respect des garanties proc\u00e9durales.\",\"publisher\":{\"@id\":\"https:\\\/\\\/kohenavocats.com\\\/zh-hans\\\/#organization\"},\"potentialAction\":[{\"@type\":\"SearchAction\",\"target\":{\"@type\":\"EntryPoint\",\"urlTemplate\":\"https:\\\/\\\/kohenavocats.com\\\/zh-hans\\\/?s={search_term_string}\"},\"query-input\":{\"@type\":\"PropertyValueSpecification\",\"valueRequired\":true,\"valueName\":\"search_term_string\"}}],\"inLanguage\":\"zh-Hans\"},{\"@type\":\"Organization\",\"@id\":\"https:\\\/\\\/kohenavocats.com\\\/zh-hans\\\/#organization\",\"name\":\"Kohen Avocats\",\"url\":\"https:\\\/\\\/kohenavocats.com\\\/zh-hans\\\/\",\"logo\":{\"@type\":\"ImageObject\",\"inLanguage\":\"zh-Hans\",\"@id\":\"https:\\\/\\\/kohenavocats.com\\\/zh-hans\\\/#\\\/schema\\\/logo\\\/image\\\/\",\"url\":\"https:\\\/\\\/kohenavocats.com\\\/wp-content\\\/uploads\\\/2026\\\/01\\\/Logo-2-1.webp\",\"contentUrl\":\"https:\\\/\\\/kohenavocats.com\\\/wp-content\\\/uploads\\\/2026\\\/01\\\/Logo-2-1.webp\",\"width\":2114,\"height\":1253,\"caption\":\"Kohen Avocats\"},\"image\":{\"@id\":\"https:\\\/\\\/kohenavocats.com\\\/zh-hans\\\/#\\\/schema\\\/logo\\\/image\\\/\"}},{\"@type\":\"Person\",\"@id\":\"https:\\\/\\\/kohenavocats.com\\\/zh-hans\\\/#\\\/schema\\\/person\\\/761c9ba54fa1ca84d405cef0831ff751\",\"name\":\"Kohen\",\"image\":{\"@type\":\"ImageObject\",\"inLanguage\":\"zh-Hans\",\"@id\":\"https:\\\/\\\/secure.gravatar.com\\\/avatar\\\/1c5e76ef76bbbfdd2b4da984e2bf2fa4056fd51a27d25ce2c332047f1dfd6e00?s=96&d=identicon&r=g\",\"url\":\"https:\\\/\\\/secure.gravatar.com\\\/avatar\\\/1c5e76ef76bbbfdd2b4da984e2bf2fa4056fd51a27d25ce2c332047f1dfd6e00?s=96&d=identicon&r=g\",\"contentUrl\":\"https:\\\/\\\/secure.gravatar.com\\\/avatar\\\/1c5e76ef76bbbfdd2b4da984e2bf2fa4056fd51a27d25ce2c332047f1dfd6e00?s=96&d=identicon&r=g\",\"caption\":\"Kohen\"},\"sameAs\":[\"https:\\\/\\\/www.linkedin.com\\\/in\\\/hassan-kohen-448548192\\\/\",\"https:\\\/\\\/www.youtube.com\\\/@Kohen-Avocats\"],\"url\":\"https:\\\/\\\/kohenavocats.com\\\/zh-hans\\\/author\\\/kohenmlk\\\/\"}]}<\/script>\n<!-- \/ Yoast SEO Premium plugin. -->","yoast_head_json":{"title":"Cour d'appel de Aix-en-Provence, le 11 septembre 2025, n\u00b021\/09943 - Ma\u00eetre Hassan Kohen, avocat en droit p\u00e9nal \u00e0 Paris","description":"Par arr\u00eat du 11 septembre 2025, la Cour d\u2019appel d\u2019Aix-en-Provence a tranch\u00e9 un litige relatif au paiement du prix d\u2019une cession de parts sociales. Deux assoc...","robots":{"index":"index","follow":"follow","max-snippet":"max-snippet:-1","max-image-preview":"max-image-preview:large","max-video-preview":"max-video-preview:-1"},"canonical":"https:\/\/kohenavocats.com\/zh-hans\/cour-dappel-de-aix-en-provence-le-11-septembre-2025-n21-09943\/","og_locale":"zh_CN","og_type":"article","og_title":"Cour d'appel de Aix-en-Provence, le 11 septembre 2025, n\u00b021\/09943","og_description":"Par arr\u00eat du 11 septembre 2025, la Cour d\u2019appel d\u2019Aix-en-Provence a tranch\u00e9 un litige relatif au paiement du prix d\u2019une cession de parts sociales. Deux assoc...","og_url":"https:\/\/kohenavocats.com\/zh-hans\/cour-dappel-de-aix-en-provence-le-11-septembre-2025-n21-09943\/","og_site_name":"Ma\u00eetre Hassan Kohen, avocat en droit p\u00e9nal \u00e0 Paris","article_published_time":"2026-04-25T17:35:09+00:00","og_image":[{"width":7360,"height":4912,"url":"https:\/\/kohenavocats.com\/wp-content\/uploads\/2024\/11\/anita-austvika-lFdweM584mQ-unsplash.webp","type":"image\/webp"}],"author":"Kohen","twitter_card":"summary_large_image","twitter_misc":{"\u4f5c\u8005":"Kohen","\u9884\u8ba1\u9605\u8bfb\u65f6\u95f4":"8 \u5206"},"schema":{"@context":"https:\/\/schema.org","@graph":[{"@type":"Article","@id":"https:\/\/kohenavocats.com\/zh-hans\/cour-dappel-de-aix-en-provence-le-11-septembre-2025-n21-09943\/#article","isPartOf":{"@id":"https:\/\/kohenavocats.com\/zh-hans\/cour-dappel-de-aix-en-provence-le-11-septembre-2025-n21-09943\/"},"author":{"name":"Kohen","@id":"https:\/\/kohenavocats.com\/zh-hans\/#\/schema\/person\/761c9ba54fa1ca84d405cef0831ff751"},"headline":"Cour d&#8217;appel de Aix-en-Provence, le 11 septembre 2025, n\u00b021\/09943","datePublished":"2026-04-25T17:35:09+00:00","mainEntityOfPage":{"@id":"https:\/\/kohenavocats.com\/zh-hans\/cour-dappel-de-aix-en-provence-le-11-septembre-2025-n21-09943\/"},"wordCount":1620,"commentCount":0,"publisher":{"@id":"https:\/\/kohenavocats.com\/zh-hans\/#organization"},"image":{"@id":"https:\/\/kohenavocats.com\/zh-hans\/cour-dappel-de-aix-en-provence-le-11-septembre-2025-n21-09943\/#primaryimage"},"thumbnailUrl":"https:\/\/kohenavocats.com\/wp-content\/uploads\/2024\/11\/anita-austvika-lFdweM584mQ-unsplash.webp","articleSection":["Jurisprudence"],"inLanguage":"zh-Hans","potentialAction":[{"@type":"CommentAction","name":"Comment","target":["https:\/\/kohenavocats.com\/zh-hans\/cour-dappel-de-aix-en-provence-le-11-septembre-2025-n21-09943\/#respond"]}],"citation":"Cour d&#8217;appel de Aix-en-Provence, le 11 septembre 2025, n\u00b021\/09943","about":[{"@type":"Thing","name":"Jurisprudence"}],"dateModified":"2026-04-25T17:35:09+00:00","speakable":{"@type":"SpeakableSpecification","cssSelector":[".article-content > p:first-of-type"]}},{"@type":"WebPage","@id":"https:\/\/kohenavocats.com\/zh-hans\/cour-dappel-de-aix-en-provence-le-11-septembre-2025-n21-09943\/","url":"https:\/\/kohenavocats.com\/zh-hans\/cour-dappel-de-aix-en-provence-le-11-septembre-2025-n21-09943\/","name":"Cour d'appel de Aix-en-Provence, le 11 septembre 2025, n\u00b021\/09943 - Ma\u00eetre Hassan Kohen, avocat en droit p\u00e9nal \u00e0 Paris","isPartOf":{"@id":"https:\/\/kohenavocats.com\/zh-hans\/#website"},"primaryImageOfPage":{"@id":"https:\/\/kohenavocats.com\/zh-hans\/cour-dappel-de-aix-en-provence-le-11-septembre-2025-n21-09943\/#primaryimage"},"image":{"@id":"https:\/\/kohenavocats.com\/zh-hans\/cour-dappel-de-aix-en-provence-le-11-septembre-2025-n21-09943\/#primaryimage"},"thumbnailUrl":"https:\/\/kohenavocats.com\/wp-content\/uploads\/2024\/11\/anita-austvika-lFdweM584mQ-unsplash.webp","datePublished":"2026-04-25T17:35:09+00:00","description":"Par arr\u00eat du 11 septembre 2025, la Cour d\u2019appel d\u2019Aix-en-Provence a tranch\u00e9 un litige relatif au paiement du prix d\u2019une cession de parts sociales. Deux assoc...","breadcrumb":{"@id":"https:\/\/kohenavocats.com\/zh-hans\/cour-dappel-de-aix-en-provence-le-11-septembre-2025-n21-09943\/#breadcrumb"},"inLanguage":"zh-Hans","potentialAction":[{"@type":"ReadAction","target":["https:\/\/kohenavocats.com\/zh-hans\/cour-dappel-de-aix-en-provence-le-11-septembre-2025-n21-09943\/"]}]},{"@type":"ImageObject","inLanguage":"zh-Hans","@id":"https:\/\/kohenavocats.com\/zh-hans\/cour-dappel-de-aix-en-provence-le-11-septembre-2025-n21-09943\/#primaryimage","url":"https:\/\/kohenavocats.com\/wp-content\/uploads\/2024\/11\/anita-austvika-lFdweM584mQ-unsplash.webp","contentUrl":"https:\/\/kohenavocats.com\/wp-content\/uploads\/2024\/11\/anita-austvika-lFdweM584mQ-unsplash.webp","width":7360,"height":4912},{"@type":"BreadcrumbList","@id":"https:\/\/kohenavocats.com\/zh-hans\/cour-dappel-de-aix-en-provence-le-11-septembre-2025-n21-09943\/#breadcrumb","itemListElement":[{"@type":"ListItem","position":1,"name":"Home","item":"https:\/\/kohenavocats.com\/zh-hans\/"},{"@type":"ListItem","position":2,"name":"Cour d&rsquo;appel de Aix-en-Provence, le 11 septembre 2025, n\u00b021\/09943"}]},{"@type":"WebSite","@id":"https:\/\/kohenavocats.com\/zh-hans\/#website","url":"https:\/\/kohenavocats.com\/zh-hans\/","name":"Kohen Avocats","description":"Ma\u00eetre Hassan Kohen, avocat p\u00e9naliste \u00e0 Paris, intervient exclusivement en droit p\u00e9nal pour la d\u00e9fense des particuliers, notamment en mati\u00e8re d\u2019accusations de viol. Il assure un accompagnement rigoureux d\u00e8s la garde \u00e0 vue jusqu\u2019\u00e0 la Cour d\u2019assises, veillant au strict respect des garanties proc\u00e9durales.","publisher":{"@id":"https:\/\/kohenavocats.com\/zh-hans\/#organization"},"potentialAction":[{"@type":"SearchAction","target":{"@type":"EntryPoint","urlTemplate":"https:\/\/kohenavocats.com\/zh-hans\/?s={search_term_string}"},"query-input":{"@type":"PropertyValueSpecification","valueRequired":true,"valueName":"search_term_string"}}],"inLanguage":"zh-Hans"},{"@type":"Organization","@id":"https:\/\/kohenavocats.com\/zh-hans\/#organization","name":"Kohen Avocats","url":"https:\/\/kohenavocats.com\/zh-hans\/","logo":{"@type":"ImageObject","inLanguage":"zh-Hans","@id":"https:\/\/kohenavocats.com\/zh-hans\/#\/schema\/logo\/image\/","url":"https:\/\/kohenavocats.com\/wp-content\/uploads\/2026\/01\/Logo-2-1.webp","contentUrl":"https:\/\/kohenavocats.com\/wp-content\/uploads\/2026\/01\/Logo-2-1.webp","width":2114,"height":1253,"caption":"Kohen Avocats"},"image":{"@id":"https:\/\/kohenavocats.com\/zh-hans\/#\/schema\/logo\/image\/"}},{"@type":"Person","@id":"https:\/\/kohenavocats.com\/zh-hans\/#\/schema\/person\/761c9ba54fa1ca84d405cef0831ff751","name":"Kohen","image":{"@type":"ImageObject","inLanguage":"zh-Hans","@id":"https:\/\/secure.gravatar.com\/avatar\/1c5e76ef76bbbfdd2b4da984e2bf2fa4056fd51a27d25ce2c332047f1dfd6e00?s=96&d=identicon&r=g","url":"https:\/\/secure.gravatar.com\/avatar\/1c5e76ef76bbbfdd2b4da984e2bf2fa4056fd51a27d25ce2c332047f1dfd6e00?s=96&d=identicon&r=g","contentUrl":"https:\/\/secure.gravatar.com\/avatar\/1c5e76ef76bbbfdd2b4da984e2bf2fa4056fd51a27d25ce2c332047f1dfd6e00?s=96&d=identicon&r=g","caption":"Kohen"},"sameAs":["https:\/\/www.linkedin.com\/in\/hassan-kohen-448548192\/","https:\/\/www.youtube.com\/@Kohen-Avocats"],"url":"https:\/\/kohenavocats.com\/zh-hans\/author\/kohenmlk\/"}]}},"jetpack_featured_media_url":"https:\/\/kohenavocats.com\/wp-content\/uploads\/2024\/11\/anita-austvika-lFdweM584mQ-unsplash.webp","jetpack_likes_enabled":false,"jetpack_shortlink":"https:\/\/wp.me\/peCrII-2S1O","jetpack-related-posts":[{"id":641032,"url":"https:\/\/kohenavocats.com\/zh-hans\/cour-dappel-de-aix-en-provence-le-27-mai-2025-n21-14845\/","url_meta":{"origin":684344,"position":0},"title":"Cour d&#8217;appel de Aix-en-Provence, le 27 mai 2025, n\u00b021\/14845","author":"Kohen","date":"2026\u5e744\u670821\u65e5","format":false,"excerpt":"La Cour d'appel d'Aix-en-Provence, statuant le 27 \u2026","rel":"","context":"\u5728\u201cJurisprudence\u201d\u4e2d","block_context":{"text":"Jurisprudence","link":"https:\/\/kohenavocats.com\/category\/jurisprudence\/"},"img":{"alt_text":"","src":"https:\/\/i0.wp.com\/kohenavocats.com\/wp-content\/uploads\/2024\/08\/pierre-chatel-innocenti-rSruCiNzPIQ-unsplash.webp?resize=350%2C200&ssl=1","width":350,"height":200,"srcset":"https:\/\/i0.wp.com\/kohenavocats.com\/wp-content\/uploads\/2024\/08\/pierre-chatel-innocenti-rSruCiNzPIQ-unsplash.webp?resize=350%2C200&ssl=1 1x, https:\/\/i0.wp.com\/kohenavocats.com\/wp-content\/uploads\/2024\/08\/pierre-chatel-innocenti-rSruCiNzPIQ-unsplash.webp?resize=525%2C300&ssl=1 1.5x, https:\/\/i0.wp.com\/kohenavocats.com\/wp-content\/uploads\/2024\/08\/pierre-chatel-innocenti-rSruCiNzPIQ-unsplash.webp?resize=700%2C400&ssl=1 2x, https:\/\/i0.wp.com\/kohenavocats.com\/wp-content\/uploads\/2024\/08\/pierre-chatel-innocenti-rSruCiNzPIQ-unsplash.webp?resize=1050%2C600&ssl=1 3x, https:\/\/i0.wp.com\/kohenavocats.com\/wp-content\/uploads\/2024\/08\/pierre-chatel-innocenti-rSruCiNzPIQ-unsplash.webp?resize=1400%2C800&ssl=1 4x"},"classes":[]},{"id":222717,"url":"https:\/\/kohenavocats.com\/zh-hans\/cour-dappel-de-aix-en-provence-le-3-juillet-2025-n24-11356\/","url_meta":{"origin":684344,"position":1},"title":"Cour d&#8217;appel de Aix-en-Provence, le 3 juillet 2025, n\u00b024\/11356","author":"Kohen","date":"2025\u5e7412\u670825\u65e5","format":false,"excerpt":"La Cour d'appel d'Aix-en-Provence, 3 juillet 2025,\u2026","rel":"","context":"\u5728\u201c6914\u201d\u4e2d","block_context":{"text":"6914","link":"https:\/\/kohenavocats.com\/category\/6914\/"},"img":{"alt_text":"","src":"https:\/\/i0.wp.com\/kohenavocats.com\/wp-content\/uploads\/2024\/08\/zoltan-tasi-Fdt2aSbdRig-unsplash.webp?resize=350%2C200&ssl=1","width":350,"height":200,"srcset":"https:\/\/i0.wp.com\/kohenavocats.com\/wp-content\/uploads\/2024\/08\/zoltan-tasi-Fdt2aSbdRig-unsplash.webp?resize=350%2C200&ssl=1 1x, https:\/\/i0.wp.com\/kohenavocats.com\/wp-content\/uploads\/2024\/08\/zoltan-tasi-Fdt2aSbdRig-unsplash.webp?resize=525%2C300&ssl=1 1.5x, https:\/\/i0.wp.com\/kohenavocats.com\/wp-content\/uploads\/2024\/08\/zoltan-tasi-Fdt2aSbdRig-unsplash.webp?resize=700%2C400&ssl=1 2x, https:\/\/i0.wp.com\/kohenavocats.com\/wp-content\/uploads\/2024\/08\/zoltan-tasi-Fdt2aSbdRig-unsplash.webp?resize=1050%2C600&ssl=1 3x, https:\/\/i0.wp.com\/kohenavocats.com\/wp-content\/uploads\/2024\/08\/zoltan-tasi-Fdt2aSbdRig-unsplash.webp?resize=1400%2C800&ssl=1 4x"},"classes":[]},{"id":239183,"url":"https:\/\/kohenavocats.com\/zh-hans\/cour-dappel-de-aix-en-provence-le-10-septembre-2025-n22-09638\/","url_meta":{"origin":684344,"position":2},"title":"Cour d&#8217;appel de Aix-en-Provence, le 10 septembre 2025, n\u00b022\/09638","author":"Kohen","date":"2026\u5e741\u67081\u65e5","format":false,"excerpt":"La cour d'appel d'Aix-en-Provence, par un arr\u00eat re\u2026","rel":"","context":"\u5728\u201cCour d'appel\u201d\u4e2d","block_context":{"text":"Cour d'appel","link":"https:\/\/kohenavocats.com\/category\/cour-dappel\/"},"img":{"alt_text":"","src":"https:\/\/i0.wp.com\/kohenavocats.com\/wp-content\/uploads\/2024\/07\/corentin-J5TYAxwQoM8-unsplash.webp?resize=350%2C200&ssl=1","width":350,"height":200,"srcset":"https:\/\/i0.wp.com\/kohenavocats.com\/wp-content\/uploads\/2024\/07\/corentin-J5TYAxwQoM8-unsplash.webp?resize=350%2C200&ssl=1 1x, https:\/\/i0.wp.com\/kohenavocats.com\/wp-content\/uploads\/2024\/07\/corentin-J5TYAxwQoM8-unsplash.webp?resize=525%2C300&ssl=1 1.5x, https:\/\/i0.wp.com\/kohenavocats.com\/wp-content\/uploads\/2024\/07\/corentin-J5TYAxwQoM8-unsplash.webp?resize=700%2C400&ssl=1 2x, https:\/\/i0.wp.com\/kohenavocats.com\/wp-content\/uploads\/2024\/07\/corentin-J5TYAxwQoM8-unsplash.webp?resize=1050%2C600&ssl=1 3x, https:\/\/i0.wp.com\/kohenavocats.com\/wp-content\/uploads\/2024\/07\/corentin-J5TYAxwQoM8-unsplash.webp?resize=1400%2C800&ssl=1 4x"},"classes":[]},{"id":33282,"url":"https:\/\/kohenavocats.com\/zh-hans\/cour-dappel-de-aix-en-provence-le-10-septembre-2025-n25-00894\/","url_meta":{"origin":684344,"position":3},"title":"Cour d&#8217;appel de Aix-en-Provence, le 10 septembre 2025, n\u00b025\/00894","author":"Kohen","date":"2025\u5e7411\u67085\u65e5","format":false,"excerpt":"Par un arr\u00eat du 10 septembre 2025, la Cour d'appel\u2026","rel":"","context":"\u5728\u201cCour d'appel\u201d\u4e2d","block_context":{"text":"Cour d'appel","link":"https:\/\/kohenavocats.com\/category\/cour-dappel\/"},"img":{"alt_text":"","src":"https:\/\/i0.wp.com\/kohenavocats.com\/wp-content\/uploads\/2024\/11\/haut-risque-JoyJpFZM-ZE-unsplash.webp?resize=350%2C200&ssl=1","width":350,"height":200,"srcset":"https:\/\/i0.wp.com\/kohenavocats.com\/wp-content\/uploads\/2024\/11\/haut-risque-JoyJpFZM-ZE-unsplash.webp?resize=350%2C200&ssl=1 1x, https:\/\/i0.wp.com\/kohenavocats.com\/wp-content\/uploads\/2024\/11\/haut-risque-JoyJpFZM-ZE-unsplash.webp?resize=525%2C300&ssl=1 1.5x, https:\/\/i0.wp.com\/kohenavocats.com\/wp-content\/uploads\/2024\/11\/haut-risque-JoyJpFZM-ZE-unsplash.webp?resize=700%2C400&ssl=1 2x, https:\/\/i0.wp.com\/kohenavocats.com\/wp-content\/uploads\/2024\/11\/haut-risque-JoyJpFZM-ZE-unsplash.webp?resize=1050%2C600&ssl=1 3x, https:\/\/i0.wp.com\/kohenavocats.com\/wp-content\/uploads\/2024\/11\/haut-risque-JoyJpFZM-ZE-unsplash.webp?resize=1400%2C800&ssl=1 4x"},"classes":[]},{"id":486937,"url":"https:\/\/kohenavocats.com\/zh-hans\/tribunal-judiciaire-de-toulon-le-27-novembre-2025-n24-03258\/","url_meta":{"origin":684344,"position":4},"title":"Tribunal judiciaire de Toulon, le 27 novembre 2025, n\u00b024\/03258","author":"Kohen","date":"2026\u5e744\u67088\u65e5","format":false,"excerpt":"Le Tribunal judiciaire de Toulon, le 27 novembre 2\u2026","rel":"","context":"\u5728\u201cJurisprudence\u201d\u4e2d","block_context":{"text":"Jurisprudence","link":"https:\/\/kohenavocats.com\/category\/jurisprudence\/"},"img":{"alt_text":"","src":"https:\/\/i0.wp.com\/kohenavocats.com\/wp-content\/uploads\/2024\/08\/mathias-reding-AUDG_Ja0MOU-unsplash.webp?resize=350%2C200&ssl=1","width":350,"height":200,"srcset":"https:\/\/i0.wp.com\/kohenavocats.com\/wp-content\/uploads\/2024\/08\/mathias-reding-AUDG_Ja0MOU-unsplash.webp?resize=350%2C200&ssl=1 1x, https:\/\/i0.wp.com\/kohenavocats.com\/wp-content\/uploads\/2024\/08\/mathias-reding-AUDG_Ja0MOU-unsplash.webp?resize=525%2C300&ssl=1 1.5x, https:\/\/i0.wp.com\/kohenavocats.com\/wp-content\/uploads\/2024\/08\/mathias-reding-AUDG_Ja0MOU-unsplash.webp?resize=700%2C400&ssl=1 2x, https:\/\/i0.wp.com\/kohenavocats.com\/wp-content\/uploads\/2024\/08\/mathias-reding-AUDG_Ja0MOU-unsplash.webp?resize=1050%2C600&ssl=1 3x, https:\/\/i0.wp.com\/kohenavocats.com\/wp-content\/uploads\/2024\/08\/mathias-reding-AUDG_Ja0MOU-unsplash.webp?resize=1400%2C800&ssl=1 4x"},"classes":[]},{"id":686743,"url":"https:\/\/kohenavocats.com\/zh-hans\/cour-dappel-de-aix-en-provence-le-4-septembre-2025-n21-10862\/","url_meta":{"origin":684344,"position":5},"title":"Cour d&#8217;appel de Aix-en-Provence, le 4 septembre 2025, n\u00b021\/10862","author":"Kohen","date":"2026\u5e744\u670825\u65e5","format":false,"excerpt":"Par un arr\u00eat au fond de la Cour d\u2019appel d\u2019Aix-en-P\u2026","rel":"","context":"\u5728\u201cJurisprudence\u201d\u4e2d","block_context":{"text":"Jurisprudence","link":"https:\/\/kohenavocats.com\/category\/jurisprudence\/"},"img":{"alt_text":"","src":"https:\/\/i0.wp.com\/kohenavocats.com\/wp-content\/uploads\/2024\/08\/zdenek-machacek-lmZtT6q8tt0-unsplash.webp?resize=350%2C200&ssl=1","width":350,"height":200,"srcset":"https:\/\/i0.wp.com\/kohenavocats.com\/wp-content\/uploads\/2024\/08\/zdenek-machacek-lmZtT6q8tt0-unsplash.webp?resize=350%2C200&ssl=1 1x, https:\/\/i0.wp.com\/kohenavocats.com\/wp-content\/uploads\/2024\/08\/zdenek-machacek-lmZtT6q8tt0-unsplash.webp?resize=525%2C300&ssl=1 1.5x, https:\/\/i0.wp.com\/kohenavocats.com\/wp-content\/uploads\/2024\/08\/zdenek-machacek-lmZtT6q8tt0-unsplash.webp?resize=700%2C400&ssl=1 2x, https:\/\/i0.wp.com\/kohenavocats.com\/wp-content\/uploads\/2024\/08\/zdenek-machacek-lmZtT6q8tt0-unsplash.webp?resize=1050%2C600&ssl=1 3x, https:\/\/i0.wp.com\/kohenavocats.com\/wp-content\/uploads\/2024\/08\/zdenek-machacek-lmZtT6q8tt0-unsplash.webp?resize=1400%2C800&ssl=1 4x"},"classes":[]}],"jetpack_sharing_enabled":true,"_links":{"self":[{"href":"https:\/\/kohenavocats.com\/zh-hans\/wp-json\/wp\/v2\/posts\/684344","targetHints":{"allow":["GET"]}}],"collection":[{"href":"https:\/\/kohenavocats.com\/zh-hans\/wp-json\/wp\/v2\/posts"}],"about":[{"href":"https:\/\/kohenavocats.com\/zh-hans\/wp-json\/wp\/v2\/types\/post"}],"author":[{"embeddable":true,"href":"https:\/\/kohenavocats.com\/zh-hans\/wp-json\/wp\/v2\/users\/232070755"}],"replies":[{"embeddable":true,"href":"https:\/\/kohenavocats.com\/zh-hans\/wp-json\/wp\/v2\/comments?post=684344"}],"version-history":[{"count":0,"href":"https:\/\/kohenavocats.com\/zh-hans\/wp-json\/wp\/v2\/posts\/684344\/revisions"}],"wp:featuredmedia":[{"embeddable":true,"href":"https:\/\/kohenavocats.com\/zh-hans\/wp-json\/wp\/v2\/media\/9725"}],"wp:attachment":[{"href":"https:\/\/kohenavocats.com\/zh-hans\/wp-json\/wp\/v2\/media?parent=684344"}],"wp:term":[{"taxonomy":"category","embeddable":true,"href":"https:\/\/kohenavocats.com\/zh-hans\/wp-json\/wp\/v2\/categories?post=684344"},{"taxonomy":"post_tag","embeddable":true,"href":"https:\/\/kohenavocats.com\/zh-hans\/wp-json\/wp\/v2\/tags?post=684344"}],"curies":[{"name":"wp","href":"https:\/\/api.w.org\/{rel}","templated":true}]}}