{"id":685326,"date":"2026-04-25T20:34:45","date_gmt":"2026-04-25T18:34:45","guid":{"rendered":"https:\/\/kohenavocats.com\/tribunal-judiciaire-le-10-juillet-1965-n23-15317\/"},"modified":"2026-04-25T20:34:45","modified_gmt":"2026-04-25T18:34:45","slug":"tribunal-judiciaire-le-10-juillet-1965-n23-15317","status":"publish","type":"post","link":"https:\/\/kohenavocats.com\/zh-hans\/tribunal-judiciaire-le-10-juillet-1965-n23-15317\/","title":{"rendered":"Tribunal judiciaire, le 10 juillet 1965, n\u00b023\/15317"},"content":{"rendered":"<div class=\"article-content\">\n<p>Tribunal judiciaire de [Localit\u00e9 7], 19 juin 2025. Le litige porte sur le recouvrement d\u2019arri\u00e9r\u00e9s de charges de copropri\u00e9t\u00e9 et l\u2019imputation de frais li\u00e9s aux d\u00e9marches de recouvrement. Une copropri\u00e9taire d\u2019un lot au sein d\u2019un immeuble r\u00e9gi par la loi du 10 juillet 1965 n\u2019a pas r\u00e9gl\u00e9 diverses provisions et r\u00e9gularisations. Le syndicat des copropri\u00e9taires a sollicit\u00e9 le paiement du principal, des dommages et int\u00e9r\u00eats distincts et une indemnit\u00e9 proc\u00e9durale. La d\u00e9fenderesse n\u2019a pas comparu, de sorte que la formation statue sur le fond sous le contr\u00f4le rappel\u00e9 par l\u2019article 472 du code de proc\u00e9dure civile, selon lequel \u00ab si le d\u00e9fendeur ne compara\u00eet pas, il est n\u00e9anmoins statu\u00e9 sur le fond. Le juge ne fait droit \u00e0 la demande que dans la mesure o\u00f9 il l&#8217;estime r\u00e9guli\u00e8re, recevable et bien fond\u00e9e \u00bb. La question soulev\u00e9e concerne les exigences probatoires pour \u00e9tablir la dette et les conditions d\u2019imputation au seul copropri\u00e9taire d\u00e9faillant de certains frais de recouvrement au titre de l\u2019article 10-1, ainsi que l\u2019octroi d\u2019une indemnit\u00e9 suppl\u00e9mentaire au-del\u00e0 de l\u2019int\u00e9r\u00eat moratoire. La juridiction admet le principe de la cr\u00e9ance de charges mais r\u00e9duit la somme aux seuls postes justifi\u00e9s, \u00e9carte les frais non \u00e9tablis comme extraordinaires et rejette la demande de dommages et int\u00e9r\u00eats distincts, tout en allouant une indemnit\u00e9 au titre de l\u2019article 700 du code de proc\u00e9dure civile.<\/p>\n<p>I. Le sens de la d\u00e9cision<\/p>\n<p>A. L\u2019exigence probatoire pour la cr\u00e9ance de charges<\/p>\n<p>Le jugement rappelle avec nettet\u00e9 la charge de la preuve et les pi\u00e8ces attendues. Il \u00e9nonce que \u00ab En vertu des dispositions conjugu\u00e9es des articles 1353 du code civil et 9 du code de proc\u00e9dure civile, il appartient au syndicat des copropri\u00e9taires de prouver que le copropri\u00e9taire est redevable de la somme r\u00e9clam\u00e9e dans sa totalit\u00e9 \u00bb. Il pr\u00e9cise encore: \u00ab \u00c0 cette fin, il doit produire tous les documents utiles pour justifier sa demande et notamment un d\u00e9compte de la dette depuis son origine ainsi que les appels de fonds et proc\u00e8s-verbaux des assembl\u00e9es g\u00e9n\u00e9rales correspondantes ayant approuv\u00e9 les comptes et vot\u00e9 les budgets provisionnels du ou des exercices correspondants \u00bb. La solution s\u2019articule donc autour du couple comptes approuv\u00e9s\u2013appels de fonds, appuy\u00e9 par un d\u00e9compte complet, afin d\u2019\u00e9tablir une cr\u00e9ance certaine, liquide et exigible. Les pi\u00e8ces vers\u00e9es ont permis de retenir le principal, assorti des int\u00e9r\u00eats l\u00e9gaux \u00e0 compter de l\u2019assignation, conform\u00e9ment \u00e0 la demande.<\/p>\n<p>B. La d\u00e9limitation des frais imputables au seul copropri\u00e9taire<\/p>\n<p>La formation op\u00e8re une distinction stricte entre les frais relevant de la gestion courante du syndic et ceux, exceptionnels, imputables au seul d\u00e9biteur au sens de l\u2019article 10-1. Elle constate d\u2019abord une carence d\u2019assise contractuelle sur une partie de la p\u00e9riode: \u00ab Le syndicat des coproprietaires ne produit cependant que le contrat conclu avec le syndic pour la p\u00e9riode du 01 juillet 2023 au 31 d\u00e9cembre 2024 si bien qu&#8217;il n&#8217;est pas possible de d\u00e9terminer le montant contractuellement pr\u00e9vu pour les frais factur\u00e9s avant la date de prise d&#8217;effet du contrat \u00bb. Elle qualifie ensuite la nature des diligences attendues pour une imputation individuelle, en soulignant que \u00ab Ces frais ne pourraient donc \u00eatre retenus que s&#8217;ils exc\u00e9daient la gestion courante du syndic et traduisaient des diligences r\u00e9elles, inhabituelles et n\u00e9cessaires propres \u00e0 permettre au syndicat des copropri\u00e9taires de recouvrer une cr\u00e9ance justifi\u00e9e \u00e0 l&#8217;encontre d&#8217;un copropri\u00e9taire d\u00e9faillant, ce qui ressort au demeurant des termes m\u00eames du contrat qui pr\u00e9voit une tarification \u201cuniquement en cas de diligences exceptionnelles\u201d \u00bb. Constatant l\u2019absence de telles diligences, elle tranche sans ambigu\u00eft\u00e9: \u00ab Or, il n&#8217;est justifi\u00e9 en l&#8217;esp\u00e8ce, d&#8217;aucune diligences de cette nature exc\u00e9dant la gestion courante du syndic \u00bb. Le refus d\u2019imputer les frais litigieux s\u2019inscrit ainsi dans une logique probatoire rigoureuse et fonctionnelle.<\/p>\n<p>II. Valeur et port\u00e9e de la d\u00e9cision<\/p>\n<p>A. Une clarification utile des fronti\u00e8res de la gestion du syndic<\/p>\n<p>La d\u00e9cision \u00e9claire la port\u00e9e de l\u2019article 10-1 en subordonnant l\u2019imputation des frais \u00e0 la preuve d\u2019actes positifs exc\u00e9dant la gestion ordinaire. Elle insiste sur la nature des missions de base, ce que confirme la motivation relative aux frais d\u2019avocat: \u00ab l&#8217;activit\u00e9 du syndic pour engager le recouvrement des sommes dues par un copropri\u00e9taire constitue un acte \u00e9l\u00e9mentaire d&#8217;administration de la copropri\u00e9t\u00e9 faisant partie de ses fonctions de base \u00bb. La m\u00e9thode retenue \u00e9vite une requalification artificielle de t\u00e2ches courantes en diligences pr\u00e9tendument exceptionnelles. Elle exige, en outre, l\u2019articulation pr\u00e9cise des frais avec le contrat de syndic applicable dans le temps, condition d\u00e9cisive pour \u00e9carter les postes non couverts. Cette approche renforce la s\u00e9curit\u00e9 juridique des copropri\u00e9taires et la pr\u00e9visibilit\u00e9 des charges, sans entraver les d\u00e9marches r\u00e9ellement n\u00e9cessaires de recouvrement qui, d\u00fbment \u00e9tablies, demeurent imputables.<\/p>\n<p>B. Le rappel du r\u00e9gime de l\u2019int\u00e9r\u00eat moratoire et du pr\u00e9judice distinct<\/p>\n<p>Sur la demande indemnitaire, le jugement rappelle le cadre de l\u2019article 1231-6, selon lequel l\u2019indemnisation du retard consiste d\u2019abord en l\u2019int\u00e9r\u00eat au taux l\u00e9gal, un compl\u00e9ment n\u2019\u00e9tant envisageable qu\u2019en pr\u00e9sence d\u2019un pr\u00e9judice autonome. La motivation est explicite: \u00ab Par cons\u00e9quent, faute de justifier de l&#8217;existence d&#8217;un pr\u00e9judice financier n\u00e9 et actuel, distinct de celui susceptible d&#8217;\u00eatre r\u00e9par\u00e9 par les int\u00e9r\u00eats moratoires assortissant sa cr\u00e9ance en application de l&#8217;article 1231-6 du code civil, le syndicat des copropri\u00e9taires est d\u00e9bout\u00e9 de sa demande de dommages et int\u00e9r\u00eats \u00bb. L\u2019exigence d\u2019un dommage distinct et prouv\u00e9 interdit d\u2019\u00e9riger l\u2019atteinte all\u00e9gu\u00e9e \u00e0 la tr\u00e9sorerie en pr\u00e9judice abstrait. Elle pr\u00e9vient une double r\u00e9paration, l\u2019int\u00e9r\u00eat moratoire accomplissant sa fonction normative de compensation du retard. La solution, ferme mais mesur\u00e9e, maintient l\u2019\u00e9quilibre entre l\u2019effectivit\u00e9 du recouvrement et la protection du d\u00e9biteur contre des condamnations suppl\u00e9tives non caract\u00e9ris\u00e9es. L\u2019ex\u00e9cution provisoire de droit compl\u00e8te enfin l\u2019\u00e9conomie de la d\u00e9cision, sans bouleverser le r\u00e9gime applicable.<\/p>\n<\/div>\n","protected":false},"excerpt":{"rendered":"<p>Tribunal judiciaire de [Localit\u00e9 7], 19 juin 2025. Le litige porte sur le recouvrement d\u2019arri\u00e9r\u00e9s de charges de copropri\u00e9t\u00e9 et l\u2019imputation de frais li\u00e9s aux&#8230;<\/p>\n","protected":false},"author":232070755,"featured_media":9490,"comment_status":"open","ping_status":"open","sticky":false,"template":"","format":"standard","meta":{"_crdt_document":"","_jetpack_newsletter_access":"","_jetpack_dont_email_post_to_subs":false,"_jetpack_newsletter_tier_id":0,"_jetpack_memberships_contains_paywalled_content":false,"_kj_source_type":"","_kj_official_id":"","_kj_official_url":"","_kj_judilibre_id":"","_kj_jur":"","_kj_lieu":"","_kj_chambre":"","_kj_rg":"","_kj_date":"","_jetpack_memberships_contains_paid_content":false,"footnotes":"","jetpack_post_was_ever_published":false},"categories":[7597],"tags":[],"class_list":["post-685326","post","type-post","status-publish","format-standard","has-post-thumbnail","hentry","category-jurisprudence"],"yoast_head":"<!-- This site is optimized with the Yoast SEO Premium plugin v27.5 (Yoast SEO v27.5) - https:\/\/yoast.com\/product\/yoast-seo-premium-wordpress\/ -->\n<title>Tribunal judiciaire, le 10 juillet 1965, n\u00b023\/15317 - Ma\u00eetre Hassan Kohen, avocat en droit p\u00e9nal \u00e0 Paris<\/title>\n<meta name=\"description\" content=\"Tribunal judiciaire de [Localit\u00e9 7], 19 juin 2025. Le litige porte sur le recouvrement d\u2019arri\u00e9r\u00e9s de charges de copropri\u00e9t\u00e9 et l\u2019imputation de frais li\u00e9s aux...\" \/>\n<meta name=\"robots\" content=\"index, follow, max-snippet:-1, max-image-preview:large, max-video-preview:-1\" \/>\n<link rel=\"canonical\" href=\"https:\/\/kohenavocats.com\/zh-hans\/tribunal-judiciaire-le-10-juillet-1965-n23-15317\/\" \/>\n<meta property=\"og:locale\" content=\"zh_CN\" \/>\n<meta property=\"og:type\" content=\"article\" \/>\n<meta property=\"og:title\" content=\"Tribunal judiciaire, le 10 juillet 1965, n\u00b023\/15317\" \/>\n<meta property=\"og:description\" content=\"Tribunal judiciaire de [Localit\u00e9 7], 19 juin 2025. Le litige porte sur le recouvrement d\u2019arri\u00e9r\u00e9s de charges de copropri\u00e9t\u00e9 et l\u2019imputation de frais li\u00e9s aux...\" \/>\n<meta property=\"og:url\" content=\"https:\/\/kohenavocats.com\/zh-hans\/tribunal-judiciaire-le-10-juillet-1965-n23-15317\/\" \/>\n<meta property=\"og:site_name\" content=\"Ma\u00eetre Hassan Kohen, avocat en droit p\u00e9nal \u00e0 Paris\" \/>\n<meta property=\"article:published_time\" content=\"2026-04-25T18:34:45+00:00\" \/>\n<meta property=\"og:image\" content=\"https:\/\/kohenavocats.com\/wp-content\/uploads\/2024\/11\/jigar-panchal-JMz61NKc3E-unsplash-1024x576.webp\" \/>\n\t<meta property=\"og:image:width\" content=\"1024\" \/>\n\t<meta property=\"og:image:height\" content=\"576\" \/>\n\t<meta property=\"og:image:type\" content=\"image\/webp\" \/>\n<meta name=\"author\" content=\"Kohen\" \/>\n<meta name=\"twitter:card\" content=\"summary_large_image\" \/>\n<meta name=\"twitter:label1\" content=\"\u4f5c\u8005\" \/>\n\t<meta name=\"twitter:data1\" content=\"Kohen\" \/>\n\t<meta name=\"twitter:label2\" content=\"\u9884\u8ba1\u9605\u8bfb\u65f6\u95f4\" \/>\n\t<meta name=\"twitter:data2\" content=\"5 \u5206\" \/>\n<script type=\"application\/ld+json\" class=\"yoast-schema-graph\">{\"@context\":\"https:\\\/\\\/schema.org\",\"@graph\":[{\"@type\":\"Article\",\"@id\":\"https:\\\/\\\/kohenavocats.com\\\/zh-hans\\\/tribunal-judiciaire-le-10-juillet-1965-n23-15317\\\/#article\",\"isPartOf\":{\"@id\":\"https:\\\/\\\/kohenavocats.com\\\/zh-hans\\\/tribunal-judiciaire-le-10-juillet-1965-n23-15317\\\/\"},\"author\":{\"name\":\"Kohen\",\"@id\":\"https:\\\/\\\/kohenavocats.com\\\/zh-hans\\\/#\\\/schema\\\/person\\\/761c9ba54fa1ca84d405cef0831ff751\"},\"headline\":\"Tribunal judiciaire, le 10 juillet 1965, n\u00b023\\\/15317\",\"datePublished\":\"2026-04-25T18:34:45+00:00\",\"mainEntityOfPage\":{\"@id\":\"https:\\\/\\\/kohenavocats.com\\\/zh-hans\\\/tribunal-judiciaire-le-10-juillet-1965-n23-15317\\\/\"},\"wordCount\":1101,\"commentCount\":0,\"publisher\":{\"@id\":\"https:\\\/\\\/kohenavocats.com\\\/zh-hans\\\/#organization\"},\"image\":{\"@id\":\"https:\\\/\\\/kohenavocats.com\\\/zh-hans\\\/tribunal-judiciaire-le-10-juillet-1965-n23-15317\\\/#primaryimage\"},\"thumbnailUrl\":\"https:\\\/\\\/kohenavocats.com\\\/wp-content\\\/uploads\\\/2024\\\/11\\\/jigar-panchal-JMz61NKc3E-unsplash.webp\",\"articleSection\":[\"Jurisprudence\"],\"inLanguage\":\"zh-Hans\",\"potentialAction\":[{\"@type\":\"CommentAction\",\"name\":\"Comment\",\"target\":[\"https:\\\/\\\/kohenavocats.com\\\/zh-hans\\\/tribunal-judiciaire-le-10-juillet-1965-n23-15317\\\/#respond\"]}],\"citation\":\"Tribunal judiciaire, le 10 juillet 1965, n\u00b023\\\/15317\",\"about\":[{\"@type\":\"Thing\",\"name\":\"Jurisprudence\"}],\"dateModified\":\"2026-04-25T18:34:45+00:00\",\"speakable\":{\"@type\":\"SpeakableSpecification\",\"cssSelector\":[\".article-content > p:first-of-type\"]}},{\"@type\":\"WebPage\",\"@id\":\"https:\\\/\\\/kohenavocats.com\\\/zh-hans\\\/tribunal-judiciaire-le-10-juillet-1965-n23-15317\\\/\",\"url\":\"https:\\\/\\\/kohenavocats.com\\\/zh-hans\\\/tribunal-judiciaire-le-10-juillet-1965-n23-15317\\\/\",\"name\":\"Tribunal judiciaire, le 10 juillet 1965, n\u00b023\\\/15317 - Ma\u00eetre Hassan Kohen, avocat en droit p\u00e9nal \u00e0 Paris\",\"isPartOf\":{\"@id\":\"https:\\\/\\\/kohenavocats.com\\\/zh-hans\\\/#website\"},\"primaryImageOfPage\":{\"@id\":\"https:\\\/\\\/kohenavocats.com\\\/zh-hans\\\/tribunal-judiciaire-le-10-juillet-1965-n23-15317\\\/#primaryimage\"},\"image\":{\"@id\":\"https:\\\/\\\/kohenavocats.com\\\/zh-hans\\\/tribunal-judiciaire-le-10-juillet-1965-n23-15317\\\/#primaryimage\"},\"thumbnailUrl\":\"https:\\\/\\\/kohenavocats.com\\\/wp-content\\\/uploads\\\/2024\\\/11\\\/jigar-panchal-JMz61NKc3E-unsplash.webp\",\"datePublished\":\"2026-04-25T18:34:45+00:00\",\"description\":\"Tribunal judiciaire de [Localit\u00e9 7], 19 juin 2025. Le litige porte sur le recouvrement d\u2019arri\u00e9r\u00e9s de charges de copropri\u00e9t\u00e9 et l\u2019imputation de frais li\u00e9s aux...\",\"breadcrumb\":{\"@id\":\"https:\\\/\\\/kohenavocats.com\\\/zh-hans\\\/tribunal-judiciaire-le-10-juillet-1965-n23-15317\\\/#breadcrumb\"},\"inLanguage\":\"zh-Hans\",\"potentialAction\":[{\"@type\":\"ReadAction\",\"target\":[\"https:\\\/\\\/kohenavocats.com\\\/zh-hans\\\/tribunal-judiciaire-le-10-juillet-1965-n23-15317\\\/\"]}]},{\"@type\":\"ImageObject\",\"inLanguage\":\"zh-Hans\",\"@id\":\"https:\\\/\\\/kohenavocats.com\\\/zh-hans\\\/tribunal-judiciaire-le-10-juillet-1965-n23-15317\\\/#primaryimage\",\"url\":\"https:\\\/\\\/kohenavocats.com\\\/wp-content\\\/uploads\\\/2024\\\/11\\\/jigar-panchal-JMz61NKc3E-unsplash.webp\",\"contentUrl\":\"https:\\\/\\\/kohenavocats.com\\\/wp-content\\\/uploads\\\/2024\\\/11\\\/jigar-panchal-JMz61NKc3E-unsplash.webp\",\"width\":7680,\"height\":4320},{\"@type\":\"BreadcrumbList\",\"@id\":\"https:\\\/\\\/kohenavocats.com\\\/zh-hans\\\/tribunal-judiciaire-le-10-juillet-1965-n23-15317\\\/#breadcrumb\",\"itemListElement\":[{\"@type\":\"ListItem\",\"position\":1,\"name\":\"Home\",\"item\":\"https:\\\/\\\/kohenavocats.com\\\/zh-hans\\\/\"},{\"@type\":\"ListItem\",\"position\":2,\"name\":\"Tribunal judiciaire, le 10 juillet 1965, n\u00b023\\\/15317\"}]},{\"@type\":\"WebSite\",\"@id\":\"https:\\\/\\\/kohenavocats.com\\\/zh-hans\\\/#website\",\"url\":\"https:\\\/\\\/kohenavocats.com\\\/zh-hans\\\/\",\"name\":\"Kohen Avocats\",\"description\":\"Ma\u00eetre Hassan Kohen, avocat p\u00e9naliste \u00e0 Paris, intervient exclusivement en droit p\u00e9nal pour la d\u00e9fense des particuliers, notamment en mati\u00e8re d\u2019accusations de viol. Il assure un accompagnement rigoureux d\u00e8s la garde \u00e0 vue jusqu\u2019\u00e0 la Cour d\u2019assises, veillant au strict respect des garanties proc\u00e9durales.\",\"publisher\":{\"@id\":\"https:\\\/\\\/kohenavocats.com\\\/zh-hans\\\/#organization\"},\"potentialAction\":[{\"@type\":\"SearchAction\",\"target\":{\"@type\":\"EntryPoint\",\"urlTemplate\":\"https:\\\/\\\/kohenavocats.com\\\/zh-hans\\\/?s={search_term_string}\"},\"query-input\":{\"@type\":\"PropertyValueSpecification\",\"valueRequired\":true,\"valueName\":\"search_term_string\"}}],\"inLanguage\":\"zh-Hans\"},{\"@type\":\"Organization\",\"@id\":\"https:\\\/\\\/kohenavocats.com\\\/zh-hans\\\/#organization\",\"name\":\"Kohen Avocats\",\"url\":\"https:\\\/\\\/kohenavocats.com\\\/zh-hans\\\/\",\"logo\":{\"@type\":\"ImageObject\",\"inLanguage\":\"zh-Hans\",\"@id\":\"https:\\\/\\\/kohenavocats.com\\\/zh-hans\\\/#\\\/schema\\\/logo\\\/image\\\/\",\"url\":\"https:\\\/\\\/kohenavocats.com\\\/wp-content\\\/uploads\\\/2026\\\/01\\\/Logo-2-1.webp\",\"contentUrl\":\"https:\\\/\\\/kohenavocats.com\\\/wp-content\\\/uploads\\\/2026\\\/01\\\/Logo-2-1.webp\",\"width\":2114,\"height\":1253,\"caption\":\"Kohen Avocats\"},\"image\":{\"@id\":\"https:\\\/\\\/kohenavocats.com\\\/zh-hans\\\/#\\\/schema\\\/logo\\\/image\\\/\"}},{\"@type\":\"Person\",\"@id\":\"https:\\\/\\\/kohenavocats.com\\\/zh-hans\\\/#\\\/schema\\\/person\\\/761c9ba54fa1ca84d405cef0831ff751\",\"name\":\"Kohen\",\"image\":{\"@type\":\"ImageObject\",\"inLanguage\":\"zh-Hans\",\"@id\":\"https:\\\/\\\/secure.gravatar.com\\\/avatar\\\/1c5e76ef76bbbfdd2b4da984e2bf2fa4056fd51a27d25ce2c332047f1dfd6e00?s=96&d=identicon&r=g\",\"url\":\"https:\\\/\\\/secure.gravatar.com\\\/avatar\\\/1c5e76ef76bbbfdd2b4da984e2bf2fa4056fd51a27d25ce2c332047f1dfd6e00?s=96&d=identicon&r=g\",\"contentUrl\":\"https:\\\/\\\/secure.gravatar.com\\\/avatar\\\/1c5e76ef76bbbfdd2b4da984e2bf2fa4056fd51a27d25ce2c332047f1dfd6e00?s=96&d=identicon&r=g\",\"caption\":\"Kohen\"},\"sameAs\":[\"https:\\\/\\\/www.linkedin.com\\\/in\\\/hassan-kohen-448548192\\\/\",\"https:\\\/\\\/www.youtube.com\\\/@Kohen-Avocats\"],\"url\":\"https:\\\/\\\/kohenavocats.com\\\/zh-hans\\\/author\\\/kohenmlk\\\/\"}]}<\/script>\n<!-- \/ Yoast SEO Premium plugin. -->","yoast_head_json":{"title":"Tribunal judiciaire, le 10 juillet 1965, n\u00b023\/15317 - Ma\u00eetre Hassan Kohen, avocat en droit p\u00e9nal \u00e0 Paris","description":"Tribunal judiciaire de [Localit\u00e9 7], 19 juin 2025. Le litige porte sur le recouvrement d\u2019arri\u00e9r\u00e9s de charges de copropri\u00e9t\u00e9 et l\u2019imputation de frais li\u00e9s aux...","robots":{"index":"index","follow":"follow","max-snippet":"max-snippet:-1","max-image-preview":"max-image-preview:large","max-video-preview":"max-video-preview:-1"},"canonical":"https:\/\/kohenavocats.com\/zh-hans\/tribunal-judiciaire-le-10-juillet-1965-n23-15317\/","og_locale":"zh_CN","og_type":"article","og_title":"Tribunal judiciaire, le 10 juillet 1965, n\u00b023\/15317","og_description":"Tribunal judiciaire de [Localit\u00e9 7], 19 juin 2025. Le litige porte sur le recouvrement d\u2019arri\u00e9r\u00e9s de charges de copropri\u00e9t\u00e9 et l\u2019imputation de frais li\u00e9s aux...","og_url":"https:\/\/kohenavocats.com\/zh-hans\/tribunal-judiciaire-le-10-juillet-1965-n23-15317\/","og_site_name":"Ma\u00eetre Hassan Kohen, avocat en droit p\u00e9nal \u00e0 Paris","article_published_time":"2026-04-25T18:34:45+00:00","og_image":[{"width":1024,"height":576,"url":"https:\/\/kohenavocats.com\/wp-content\/uploads\/2024\/11\/jigar-panchal-JMz61NKc3E-unsplash-1024x576.webp","type":"image\/webp"}],"author":"Kohen","twitter_card":"summary_large_image","twitter_misc":{"\u4f5c\u8005":"Kohen","\u9884\u8ba1\u9605\u8bfb\u65f6\u95f4":"5 \u5206"},"schema":{"@context":"https:\/\/schema.org","@graph":[{"@type":"Article","@id":"https:\/\/kohenavocats.com\/zh-hans\/tribunal-judiciaire-le-10-juillet-1965-n23-15317\/#article","isPartOf":{"@id":"https:\/\/kohenavocats.com\/zh-hans\/tribunal-judiciaire-le-10-juillet-1965-n23-15317\/"},"author":{"name":"Kohen","@id":"https:\/\/kohenavocats.com\/zh-hans\/#\/schema\/person\/761c9ba54fa1ca84d405cef0831ff751"},"headline":"Tribunal judiciaire, le 10 juillet 1965, n\u00b023\/15317","datePublished":"2026-04-25T18:34:45+00:00","mainEntityOfPage":{"@id":"https:\/\/kohenavocats.com\/zh-hans\/tribunal-judiciaire-le-10-juillet-1965-n23-15317\/"},"wordCount":1101,"commentCount":0,"publisher":{"@id":"https:\/\/kohenavocats.com\/zh-hans\/#organization"},"image":{"@id":"https:\/\/kohenavocats.com\/zh-hans\/tribunal-judiciaire-le-10-juillet-1965-n23-15317\/#primaryimage"},"thumbnailUrl":"https:\/\/kohenavocats.com\/wp-content\/uploads\/2024\/11\/jigar-panchal-JMz61NKc3E-unsplash.webp","articleSection":["Jurisprudence"],"inLanguage":"zh-Hans","potentialAction":[{"@type":"CommentAction","name":"Comment","target":["https:\/\/kohenavocats.com\/zh-hans\/tribunal-judiciaire-le-10-juillet-1965-n23-15317\/#respond"]}],"citation":"Tribunal judiciaire, le 10 juillet 1965, n\u00b023\/15317","about":[{"@type":"Thing","name":"Jurisprudence"}],"dateModified":"2026-04-25T18:34:45+00:00","speakable":{"@type":"SpeakableSpecification","cssSelector":[".article-content > p:first-of-type"]}},{"@type":"WebPage","@id":"https:\/\/kohenavocats.com\/zh-hans\/tribunal-judiciaire-le-10-juillet-1965-n23-15317\/","url":"https:\/\/kohenavocats.com\/zh-hans\/tribunal-judiciaire-le-10-juillet-1965-n23-15317\/","name":"Tribunal judiciaire, le 10 juillet 1965, n\u00b023\/15317 - Ma\u00eetre Hassan Kohen, avocat en droit p\u00e9nal \u00e0 Paris","isPartOf":{"@id":"https:\/\/kohenavocats.com\/zh-hans\/#website"},"primaryImageOfPage":{"@id":"https:\/\/kohenavocats.com\/zh-hans\/tribunal-judiciaire-le-10-juillet-1965-n23-15317\/#primaryimage"},"image":{"@id":"https:\/\/kohenavocats.com\/zh-hans\/tribunal-judiciaire-le-10-juillet-1965-n23-15317\/#primaryimage"},"thumbnailUrl":"https:\/\/kohenavocats.com\/wp-content\/uploads\/2024\/11\/jigar-panchal-JMz61NKc3E-unsplash.webp","datePublished":"2026-04-25T18:34:45+00:00","description":"Tribunal judiciaire de [Localit\u00e9 7], 19 juin 2025. Le litige porte sur le recouvrement d\u2019arri\u00e9r\u00e9s de charges de copropri\u00e9t\u00e9 et l\u2019imputation de frais li\u00e9s aux...","breadcrumb":{"@id":"https:\/\/kohenavocats.com\/zh-hans\/tribunal-judiciaire-le-10-juillet-1965-n23-15317\/#breadcrumb"},"inLanguage":"zh-Hans","potentialAction":[{"@type":"ReadAction","target":["https:\/\/kohenavocats.com\/zh-hans\/tribunal-judiciaire-le-10-juillet-1965-n23-15317\/"]}]},{"@type":"ImageObject","inLanguage":"zh-Hans","@id":"https:\/\/kohenavocats.com\/zh-hans\/tribunal-judiciaire-le-10-juillet-1965-n23-15317\/#primaryimage","url":"https:\/\/kohenavocats.com\/wp-content\/uploads\/2024\/11\/jigar-panchal-JMz61NKc3E-unsplash.webp","contentUrl":"https:\/\/kohenavocats.com\/wp-content\/uploads\/2024\/11\/jigar-panchal-JMz61NKc3E-unsplash.webp","width":7680,"height":4320},{"@type":"BreadcrumbList","@id":"https:\/\/kohenavocats.com\/zh-hans\/tribunal-judiciaire-le-10-juillet-1965-n23-15317\/#breadcrumb","itemListElement":[{"@type":"ListItem","position":1,"name":"Home","item":"https:\/\/kohenavocats.com\/zh-hans\/"},{"@type":"ListItem","position":2,"name":"Tribunal judiciaire, le 10 juillet 1965, n\u00b023\/15317"}]},{"@type":"WebSite","@id":"https:\/\/kohenavocats.com\/zh-hans\/#website","url":"https:\/\/kohenavocats.com\/zh-hans\/","name":"Kohen Avocats","description":"Ma\u00eetre Hassan Kohen, avocat p\u00e9naliste \u00e0 Paris, intervient exclusivement en droit p\u00e9nal pour la d\u00e9fense des particuliers, notamment en mati\u00e8re d\u2019accusations de viol. Il assure un accompagnement rigoureux d\u00e8s la garde \u00e0 vue jusqu\u2019\u00e0 la Cour d\u2019assises, veillant au strict respect des garanties proc\u00e9durales.","publisher":{"@id":"https:\/\/kohenavocats.com\/zh-hans\/#organization"},"potentialAction":[{"@type":"SearchAction","target":{"@type":"EntryPoint","urlTemplate":"https:\/\/kohenavocats.com\/zh-hans\/?s={search_term_string}"},"query-input":{"@type":"PropertyValueSpecification","valueRequired":true,"valueName":"search_term_string"}}],"inLanguage":"zh-Hans"},{"@type":"Organization","@id":"https:\/\/kohenavocats.com\/zh-hans\/#organization","name":"Kohen Avocats","url":"https:\/\/kohenavocats.com\/zh-hans\/","logo":{"@type":"ImageObject","inLanguage":"zh-Hans","@id":"https:\/\/kohenavocats.com\/zh-hans\/#\/schema\/logo\/image\/","url":"https:\/\/kohenavocats.com\/wp-content\/uploads\/2026\/01\/Logo-2-1.webp","contentUrl":"https:\/\/kohenavocats.com\/wp-content\/uploads\/2026\/01\/Logo-2-1.webp","width":2114,"height":1253,"caption":"Kohen Avocats"},"image":{"@id":"https:\/\/kohenavocats.com\/zh-hans\/#\/schema\/logo\/image\/"}},{"@type":"Person","@id":"https:\/\/kohenavocats.com\/zh-hans\/#\/schema\/person\/761c9ba54fa1ca84d405cef0831ff751","name":"Kohen","image":{"@type":"ImageObject","inLanguage":"zh-Hans","@id":"https:\/\/secure.gravatar.com\/avatar\/1c5e76ef76bbbfdd2b4da984e2bf2fa4056fd51a27d25ce2c332047f1dfd6e00?s=96&d=identicon&r=g","url":"https:\/\/secure.gravatar.com\/avatar\/1c5e76ef76bbbfdd2b4da984e2bf2fa4056fd51a27d25ce2c332047f1dfd6e00?s=96&d=identicon&r=g","contentUrl":"https:\/\/secure.gravatar.com\/avatar\/1c5e76ef76bbbfdd2b4da984e2bf2fa4056fd51a27d25ce2c332047f1dfd6e00?s=96&d=identicon&r=g","caption":"Kohen"},"sameAs":["https:\/\/www.linkedin.com\/in\/hassan-kohen-448548192\/","https:\/\/www.youtube.com\/@Kohen-Avocats"],"url":"https:\/\/kohenavocats.com\/zh-hans\/author\/kohenmlk\/"}]}},"jetpack_featured_media_url":"https:\/\/kohenavocats.com\/wp-content\/uploads\/2024\/11\/jigar-panchal-JMz61NKc3E-unsplash.webp","jetpack_likes_enabled":false,"jetpack_shortlink":"https:\/\/wp.me\/peCrII-2ShE","jetpack-related-posts":[{"id":634422,"url":"https:\/\/kohenavocats.com\/zh-hans\/tribunal-judiciaire-de-bordeaux-le-13-mai-2025-n25-01101\/","url_meta":{"origin":685326,"position":0},"title":"Tribunal judiciaire de Bordeaux, le 13 mai 2025, n\u00b025\/01101","author":"Kohen","date":"2026\u5e744\u670821\u65e5","format":false,"excerpt":"La cour de Bordeaux, statuant en proc\u00e9dure acc\u00e9l\u00e9r\u2026","rel":"","context":"\u5728\u201cJurisprudence\u201d\u4e2d","block_context":{"text":"Jurisprudence","link":"https:\/\/kohenavocats.com\/category\/jurisprudence\/"},"img":{"alt_text":"","src":"https:\/\/i0.wp.com\/kohenavocats.com\/wp-content\/uploads\/2024\/08\/pierre-antona-ir9dYEOvx5s-unsplash-1.webp?resize=350%2C200&ssl=1","width":350,"height":200,"srcset":"https:\/\/i0.wp.com\/kohenavocats.com\/wp-content\/uploads\/2024\/08\/pierre-antona-ir9dYEOvx5s-unsplash-1.webp?resize=350%2C200&ssl=1 1x, https:\/\/i0.wp.com\/kohenavocats.com\/wp-content\/uploads\/2024\/08\/pierre-antona-ir9dYEOvx5s-unsplash-1.webp?resize=525%2C300&ssl=1 1.5x, https:\/\/i0.wp.com\/kohenavocats.com\/wp-content\/uploads\/2024\/08\/pierre-antona-ir9dYEOvx5s-unsplash-1.webp?resize=700%2C400&ssl=1 2x, https:\/\/i0.wp.com\/kohenavocats.com\/wp-content\/uploads\/2024\/08\/pierre-antona-ir9dYEOvx5s-unsplash-1.webp?resize=1050%2C600&ssl=1 3x, https:\/\/i0.wp.com\/kohenavocats.com\/wp-content\/uploads\/2024\/08\/pierre-antona-ir9dYEOvx5s-unsplash-1.webp?resize=1400%2C800&ssl=1 4x"},"classes":[]},{"id":486204,"url":"https:\/\/kohenavocats.com\/zh-hans\/tribunal-judiciaire-le-10-juillet-1965-n25-01393\/","url_meta":{"origin":685326,"position":1},"title":"Tribunal judiciaire, le 10 juillet 1965, n\u00b025\/01393","author":"Kohen","date":"2026\u5e744\u67088\u65e5","format":false,"excerpt":"Le tribunal judiciaire, statuant par jugement r\u00e9pu\u2026","rel":"","context":"\u5728\u201cJurisprudence\u201d\u4e2d","block_context":{"text":"Jurisprudence","link":"https:\/\/kohenavocats.com\/category\/jurisprudence\/"},"img":{"alt_text":"","src":"https:\/\/i0.wp.com\/kohenavocats.com\/wp-content\/uploads\/2024\/08\/andre-benz-AiORnUT6sC0-unsplash.webp?resize=350%2C200&ssl=1","width":350,"height":200,"srcset":"https:\/\/i0.wp.com\/kohenavocats.com\/wp-content\/uploads\/2024\/08\/andre-benz-AiORnUT6sC0-unsplash.webp?resize=350%2C200&ssl=1 1x, https:\/\/i0.wp.com\/kohenavocats.com\/wp-content\/uploads\/2024\/08\/andre-benz-AiORnUT6sC0-unsplash.webp?resize=525%2C300&ssl=1 1.5x, https:\/\/i0.wp.com\/kohenavocats.com\/wp-content\/uploads\/2024\/08\/andre-benz-AiORnUT6sC0-unsplash.webp?resize=700%2C400&ssl=1 2x, https:\/\/i0.wp.com\/kohenavocats.com\/wp-content\/uploads\/2024\/08\/andre-benz-AiORnUT6sC0-unsplash.webp?resize=1050%2C600&ssl=1 3x, https:\/\/i0.wp.com\/kohenavocats.com\/wp-content\/uploads\/2024\/08\/andre-benz-AiORnUT6sC0-unsplash.webp?resize=1400%2C800&ssl=1 4x"},"classes":[]},{"id":627086,"url":"https:\/\/kohenavocats.com\/zh-hans\/tribunal-judiciaire-de-lyon-le-10-juillet-1965-n24-03291\/","url_meta":{"origin":685326,"position":2},"title":"Tribunal judiciaire de Lyon, le 10 juillet 1965, n\u00b024\/03291","author":"Kohen","date":"2026\u5e744\u670820\u65e5","format":false,"excerpt":"Le tribunal judiciaire, statuant par d\u00e9faut, a ren\u2026","rel":"","context":"\u5728\u201cJurisprudence\u201d\u4e2d","block_context":{"text":"Jurisprudence","link":"https:\/\/kohenavocats.com\/category\/jurisprudence\/"},"img":{"alt_text":"","src":"https:\/\/i0.wp.com\/kohenavocats.com\/wp-content\/uploads\/2024\/11\/getty-images-QO3j7qdSKv8-unsplash.webp?resize=350%2C200&ssl=1","width":350,"height":200,"srcset":"https:\/\/i0.wp.com\/kohenavocats.com\/wp-content\/uploads\/2024\/11\/getty-images-QO3j7qdSKv8-unsplash.webp?resize=350%2C200&ssl=1 1x, https:\/\/i0.wp.com\/kohenavocats.com\/wp-content\/uploads\/2024\/11\/getty-images-QO3j7qdSKv8-unsplash.webp?resize=525%2C300&ssl=1 1.5x, https:\/\/i0.wp.com\/kohenavocats.com\/wp-content\/uploads\/2024\/11\/getty-images-QO3j7qdSKv8-unsplash.webp?resize=700%2C400&ssl=1 2x, https:\/\/i0.wp.com\/kohenavocats.com\/wp-content\/uploads\/2024\/11\/getty-images-QO3j7qdSKv8-unsplash.webp?resize=1050%2C600&ssl=1 3x, https:\/\/i0.wp.com\/kohenavocats.com\/wp-content\/uploads\/2024\/11\/getty-images-QO3j7qdSKv8-unsplash.webp?resize=1400%2C800&ssl=1 4x"},"classes":[]},{"id":479076,"url":"https:\/\/kohenavocats.com\/zh-hans\/tribunal-judiciaire-le-28-octobre-2025-n25-03846\/","url_meta":{"origin":685326,"position":3},"title":"Tribunal judiciaire, le 28 octobre 2025, n\u00b025\/03846","author":"Kohen","date":"2026\u5e744\u67087\u65e5","format":false,"excerpt":"Le tribunal judiciaire, statuant par jugement r\u00e9pu\u2026","rel":"","context":"\u5728\u201cJurisprudence\u201d\u4e2d","block_context":{"text":"Jurisprudence","link":"https:\/\/kohenavocats.com\/category\/jurisprudence\/"},"img":{"alt_text":"","src":"https:\/\/i0.wp.com\/kohenavocats.com\/wp-content\/uploads\/2024\/07\/valdemaras-d-7VPFyhB_j8Y-unsplash.webp?resize=350%2C200&ssl=1","width":350,"height":200,"srcset":"https:\/\/i0.wp.com\/kohenavocats.com\/wp-content\/uploads\/2024\/07\/valdemaras-d-7VPFyhB_j8Y-unsplash.webp?resize=350%2C200&ssl=1 1x, https:\/\/i0.wp.com\/kohenavocats.com\/wp-content\/uploads\/2024\/07\/valdemaras-d-7VPFyhB_j8Y-unsplash.webp?resize=525%2C300&ssl=1 1.5x, https:\/\/i0.wp.com\/kohenavocats.com\/wp-content\/uploads\/2024\/07\/valdemaras-d-7VPFyhB_j8Y-unsplash.webp?resize=700%2C400&ssl=1 2x, https:\/\/i0.wp.com\/kohenavocats.com\/wp-content\/uploads\/2024\/07\/valdemaras-d-7VPFyhB_j8Y-unsplash.webp?resize=1050%2C600&ssl=1 3x, https:\/\/i0.wp.com\/kohenavocats.com\/wp-content\/uploads\/2024\/07\/valdemaras-d-7VPFyhB_j8Y-unsplash.webp?resize=1400%2C800&ssl=1 4x"},"classes":[]},{"id":647626,"url":"https:\/\/kohenavocats.com\/zh-hans\/tribunal-judiciaire-de-toulouse-le-21-fevrier-2025-n25-02321\/","url_meta":{"origin":685326,"position":4},"title":"Tribunal judiciaire de Toulouse, le 21 f\u00e9vrier 2025, n\u00b025\/02321","author":"Kohen","date":"2026\u5e744\u670822\u65e5","format":false,"excerpt":"Le tribunal judiciaire, par jugement du 21 f\u00e9vrier\u2026","rel":"","context":"\u5728\u201cJurisprudence\u201d\u4e2d","block_context":{"text":"Jurisprudence","link":"https:\/\/kohenavocats.com\/category\/jurisprudence\/"},"img":{"alt_text":"","src":"https:\/\/i0.wp.com\/kohenavocats.com\/wp-content\/uploads\/2024\/11\/mohamed-nohassi-IriAhed60QU-unsplash.webp?resize=350%2C200&ssl=1","width":350,"height":200,"srcset":"https:\/\/i0.wp.com\/kohenavocats.com\/wp-content\/uploads\/2024\/11\/mohamed-nohassi-IriAhed60QU-unsplash.webp?resize=350%2C200&ssl=1 1x, https:\/\/i0.wp.com\/kohenavocats.com\/wp-content\/uploads\/2024\/11\/mohamed-nohassi-IriAhed60QU-unsplash.webp?resize=525%2C300&ssl=1 1.5x, https:\/\/i0.wp.com\/kohenavocats.com\/wp-content\/uploads\/2024\/11\/mohamed-nohassi-IriAhed60QU-unsplash.webp?resize=700%2C400&ssl=1 2x, https:\/\/i0.wp.com\/kohenavocats.com\/wp-content\/uploads\/2024\/11\/mohamed-nohassi-IriAhed60QU-unsplash.webp?resize=1050%2C600&ssl=1 3x, https:\/\/i0.wp.com\/kohenavocats.com\/wp-content\/uploads\/2024\/11\/mohamed-nohassi-IriAhed60QU-unsplash.webp?resize=1400%2C800&ssl=1 4x"},"classes":[]},{"id":472846,"url":"https:\/\/kohenavocats.com\/zh-hans\/tribunal-judiciaire-de-paris-le-11-decembre-2025-n24-11403\/","url_meta":{"origin":685326,"position":5},"title":"Tribunal judiciaire de Paris, le 11 d\u00e9cembre 2025, n\u00b024\/11403","author":"Kohen","date":"2026\u5e744\u67087\u65e5","format":false,"excerpt":"Le tribunal judiciaire, statuant le 11 d\u00e9cembre 20\u2026","rel":"","context":"\u5728\u201cJurisprudence\u201d\u4e2d","block_context":{"text":"Jurisprudence","link":"https:\/\/kohenavocats.com\/category\/jurisprudence\/"},"img":{"alt_text":"","src":"https:\/\/i0.wp.com\/kohenavocats.com\/wp-content\/uploads\/2024\/08\/giammarco-boscaro-a_VP5ObtzWk-unsplash-1.webp?resize=350%2C200&ssl=1","width":350,"height":200,"srcset":"https:\/\/i0.wp.com\/kohenavocats.com\/wp-content\/uploads\/2024\/08\/giammarco-boscaro-a_VP5ObtzWk-unsplash-1.webp?resize=350%2C200&ssl=1 1x, https:\/\/i0.wp.com\/kohenavocats.com\/wp-content\/uploads\/2024\/08\/giammarco-boscaro-a_VP5ObtzWk-unsplash-1.webp?resize=525%2C300&ssl=1 1.5x, https:\/\/i0.wp.com\/kohenavocats.com\/wp-content\/uploads\/2024\/08\/giammarco-boscaro-a_VP5ObtzWk-unsplash-1.webp?resize=700%2C400&ssl=1 2x, https:\/\/i0.wp.com\/kohenavocats.com\/wp-content\/uploads\/2024\/08\/giammarco-boscaro-a_VP5ObtzWk-unsplash-1.webp?resize=1050%2C600&ssl=1 3x, https:\/\/i0.wp.com\/kohenavocats.com\/wp-content\/uploads\/2024\/08\/giammarco-boscaro-a_VP5ObtzWk-unsplash-1.webp?resize=1400%2C800&ssl=1 4x"},"classes":[]}],"jetpack_sharing_enabled":true,"_links":{"self":[{"href":"https:\/\/kohenavocats.com\/zh-hans\/wp-json\/wp\/v2\/posts\/685326","targetHints":{"allow":["GET"]}}],"collection":[{"href":"https:\/\/kohenavocats.com\/zh-hans\/wp-json\/wp\/v2\/posts"}],"about":[{"href":"https:\/\/kohenavocats.com\/zh-hans\/wp-json\/wp\/v2\/types\/post"}],"author":[{"embeddable":true,"href":"https:\/\/kohenavocats.com\/zh-hans\/wp-json\/wp\/v2\/users\/232070755"}],"replies":[{"embeddable":true,"href":"https:\/\/kohenavocats.com\/zh-hans\/wp-json\/wp\/v2\/comments?post=685326"}],"version-history":[{"count":0,"href":"https:\/\/kohenavocats.com\/zh-hans\/wp-json\/wp\/v2\/posts\/685326\/revisions"}],"wp:featuredmedia":[{"embeddable":true,"href":"https:\/\/kohenavocats.com\/zh-hans\/wp-json\/wp\/v2\/media\/9490"}],"wp:attachment":[{"href":"https:\/\/kohenavocats.com\/zh-hans\/wp-json\/wp\/v2\/media?parent=685326"}],"wp:term":[{"taxonomy":"category","embeddable":true,"href":"https:\/\/kohenavocats.com\/zh-hans\/wp-json\/wp\/v2\/categories?post=685326"},{"taxonomy":"post_tag","embeddable":true,"href":"https:\/\/kohenavocats.com\/zh-hans\/wp-json\/wp\/v2\/tags?post=685326"}],"curies":[{"name":"wp","href":"https:\/\/api.w.org\/{rel}","templated":true}]}}