{"id":685395,"date":"2026-04-25T20:36:40","date_gmt":"2026-04-25T18:36:40","guid":{"rendered":"https:\/\/kohenavocats.com\/cour-dappel-de-bordeaux-le-23-juin-2025-n23-04420\/"},"modified":"2026-04-25T20:36:40","modified_gmt":"2026-04-25T18:36:40","slug":"cour-dappel-de-bordeaux-le-23-juin-2025-n23-04420","status":"publish","type":"post","link":"https:\/\/kohenavocats.com\/zh-hans\/cour-dappel-de-bordeaux-le-23-juin-2025-n23-04420\/","title":{"rendered":"Cour d&#8217;appel de Bordeaux, le 23 juin 2025, n\u00b023\/04420"},"content":{"rendered":"<div class=\"article-content\">\n<p>La Cour d\u2019appel de Bordeaux, 23 juin 2025, quatri\u00e8me chambre civile, confirme le rejet d\u2019une action en responsabilit\u00e9 contractuelle fond\u00e9e sur la non\u2011conformit\u00e9 all\u00e9gu\u00e9e d\u2019un \u00e9quipement industriel. Un prestataire de conception avait command\u00e9 un axe de serrage fin 2019 pour les besoins d\u2019une installation sp\u00e9cifique, puis signal\u00e9 divers dysfonctionnements. Deux constats d\u2019huissier et une expertise amiable non contradictoire furent r\u00e9alis\u00e9s en 2020 et 2021, avant une assignation au fond en mars 2022.<\/p>\n<p>Par jugement du 25 juillet 2023, le tribunal de commerce de Bordeaux a d\u00e9bout\u00e9 la demanderesse, laquelle a relev\u00e9 appel en sollicitant l\u2019engagement de la responsabilit\u00e9 contractuelle, des dommages\u2011int\u00e9r\u00eats et l\u2019infirmation du jugement. L\u2019intim\u00e9e concluait \u00e0 la confirmation, invoquant la standardisation du mat\u00e9riel livr\u00e9, l\u2019absence d\u2019instructions techniques exhaustives et l\u2019influence d\u00e9cisive de l\u2019environnement d\u2019utilisation.<\/p>\n<p>La question soumise tenait \u00e0 la caract\u00e9risation d\u2019une d\u00e9livrance non conforme au sens de l\u2019article 1604 du code civil, et, partant, \u00e0 l\u2019allocation de dommages\u2011int\u00e9r\u00eats sur le fondement de l\u2019article 1231\u20111, en l\u2019absence de \u00ab cahier des charges \u00bb pr\u00e9cis et au regard de preuves non contradictoires. La cour r\u00e9pond par la n\u00e9gative, retenant que la preuve d\u2019une non\u2011conformit\u00e9, appr\u00e9ci\u00e9e au regard de caract\u00e9ristiques contractuellement convenues, n\u2019est pas rapport\u00e9e. Elle juge notamment que \u00ab Ces pi\u00e8ces produites par l\u2019appelante ne permettent pas \u00e0 elles seules de d\u00e9terminer une quelconque non conformit\u00e9 compte tenu de leur contenu lacunaire \u00bb, et en d\u00e9duit que \u00ab La d\u00e9cision du tribunal de commerce sera donc confirm\u00e9e de ce chef et il n\u2019y a pas lieu d\u2019examiner les demandes de dommages et int\u00e9r\u00eats de l\u2019appelante \u00bb.<\/p>\n<p>I \u2013 Le sens de la d\u00e9cision: d\u00e9livrance conforme, sp\u00e9cifications et preuve<\/p>\n<p>A \u2013 N\u00e9cessit\u00e9 de caract\u00e9ristiques convenues et d\u2019un r\u00e9f\u00e9rentiel technique exploitable<\/p>\n<p>La cour rappelle, en substance, que la non\u2011conformit\u00e9 se mesure \u00e0 l\u2019aune des qualit\u00e9s convenues, ce qui suppose l\u2019identification d\u2019exigences techniques opposables. L\u2019appelante invoquait une \u00ab demande de prix \u00bb et un document technique, mais n\u2019\u00e9tablissait ni l\u2019existence d\u2019un cahier des charges exhaustif, ni un comparatif entre les caract\u00e9ristiques attendues et celles du bien livr\u00e9. La seule modification ponctuelle du filetage lors de l\u2019accus\u00e9 de r\u00e9ception demeurait insuffisante pour transformer une vente de mat\u00e9riel standard en fourniture sp\u00e9cifique. En l\u2019absence d\u2019instructions compl\u00e8tes quant aux contraintes r\u00e9elles du poste et \u00e0 l\u2019usage envisag\u00e9, la d\u00e9livrance non conforme ne peut \u00eatre pr\u00e9sum\u00e9e.<\/p>\n<p>Ce raisonnement \u00e9claire le c\u0153ur du d\u00e9bat: sans r\u00e9f\u00e9rentiel contractuel clair, la preuve de l\u2019\u00e9cart qualitatif \u00e9choue et l\u2019obligation de d\u00e9livrance conforme ne se voit pas d\u00e9natur\u00e9e en obligation de r\u00e9sultat aggrav\u00e9e.<\/p>\n<p>B \u2013 Appr\u00e9ciation probatoire des constats et de l\u2019expertise amiable non contradictoire<\/p>\n<p>L\u2019office probatoire est scrut\u00e9 avec rigueur. Les fiches internes de non\u2011conformit\u00e9, \u00e9tablies unilat\u00e9ralement, ne suffisent pas. L\u2019expertise amiable, d\u00e9pourvue de contradictoire et inachev\u00e9e, ne convainc pas davantage. La cour souligne que \u00ab Le rapport d\u2019expertise amiable, dat\u00e9 du 24 d\u00e9cembre 2020, n\u2019est pas finalis\u00e9 ; il ne comprend aucune conclusion ni analyse technique \u00bb. Le constat d\u2019huissier relate des observations ponctuelles post\u00e9rieures \u00e0 un incident, sans articulation technique apte \u00e0 imputer de mani\u00e8re certaine les dysfonctionnements \u00e0 une non\u2011conformit\u00e9 initiale.<\/p>\n<p>La juridiction rel\u00e8ve encore, s\u2019agissant des difficult\u00e9s de montage, que \u00ab Il relate les constatations suivantes : \u2018il est not\u00e9 la difficult\u00e9 de mise en place de la bobine du fait de la pr\u00e9sence des deux axes \u00e0 aligner avec la bobine pour permettre le bon positionnement\u2019 \u00bb. Ces \u00e9l\u00e9ments, pris isol\u00e9ment, ne d\u00e9montrent pas l\u2019inad\u00e9quation originelle du mat\u00e9riel aux sp\u00e9cifications convenues, mais la survenance d\u2019al\u00e9as dans un environnement d\u2019utilisation dont les param\u00e8tres pr\u00e9cis n\u2019avaient pas \u00e9t\u00e9 contractualis\u00e9s.<\/p>\n<p>II \u2013 Valeur et port\u00e9e: orthodoxie probatoire et exigences pratiques des achats industriels<\/p>\n<p>A \u2013 Conformit\u00e9 au droit positif: charge de la preuve et limites de l\u2019amiable<\/p>\n<p>La solution s\u2019inscrit dans une ligne constante qui place sur l\u2019acheteur la charge de prouver l\u2019inex\u00e9cution au regard des stipulations convenues, sp\u00e9cialement lorsque la chose livr\u00e9e est standard. Faute de cadre technique opposable, l\u2019all\u00e9gation de non\u2011conformit\u00e9 demeure sp\u00e9culative. L\u2019insistance sur le contradictoire confirme la faible port\u00e9e d\u2019une expertise unilat\u00e9rale pour renverser la pr\u00e9somption de conformit\u00e9 attach\u00e9e \u00e0 une d\u00e9livrance op\u00e9r\u00e9e dans les d\u00e9lais et sans r\u00e9serves d\u00e9cisives initiales. En coh\u00e9rence avec l\u2019article 1231\u20111, l\u2019allocation de dommages\u2011int\u00e9r\u00eats suppose un manquement caract\u00e9ris\u00e9, qui ne peut r\u00e9sulter de simples difficult\u00e9s d\u2019exploitation non imput\u00e9es techniquement au vendeur.<\/p>\n<p>Cette approche pr\u00e9serve l\u2019\u00e9quilibre contractuel: elle \u00e9vite d\u2019\u00e9riger l\u2019obligation de d\u00e9livrance en garantie g\u00e9n\u00e9rale d\u2019aptitude \u00e0 tout usage, ind\u00e9pendamment des informations communiqu\u00e9es et du contexte d\u2019emploi connu lors de la formation du contrat.<\/p>\n<p>B \u2013 Enseignements pratiques: formalisation des besoins, contradictoire et pr\u00e9vention des litiges<\/p>\n<p>La d\u00e9cision invite \u00e0 une discipline accrue dans les achats techniques. La formalisation d\u2019un cahier des charges exhaustif, assorti de param\u00e8tres d\u2019environnement et d\u2019essais pr\u00e9vus, constitue une condition d\u00e9terminante pour appr\u00e9cier la conformit\u00e9. \u00c0 d\u00e9faut, la qualification d\u2019une non\u2011conformit\u00e9 objective demeure fragile et expose l\u2019acheteur \u00e0 un \u00e9chec probatoire. En outre, la conduite rapide de mesures techniques contradictoires, \u00e9ventuellement sous l\u2019\u00e9gide d\u2019une proc\u00e9dure adapt\u00e9e, s\u00e9curise la tra\u00e7abilit\u00e9 des causes et l\u2019imputabilit\u00e9 des d\u00e9fauts all\u00e9gu\u00e9s.<\/p>\n<p>Sur le terrain du conseil, l\u2019identification d\u2019un usage particulier et de contraintes anormales doit \u00eatre port\u00e9e sans ambigu\u00eft\u00e9 \u00e0 la connaissance du fournisseur afin de faire \u00e9voluer le p\u00e9rim\u00e8tre de la d\u00e9livrance. \u00c0 d\u00e9faut d\u2019un tel \u00e9change, l\u2019ex\u00e9cution conforme d\u2019une fourniture standard ne saurait, \u00e0 elle seule, fonder une responsabilit\u00e9. En d\u00e9finitive, la cour rappelle avec nettet\u00e9, par la formule pr\u00e9cit\u00e9e, que \u00ab Ces pi\u00e8ces produites par l\u2019appelante ne permettent pas \u00e0 elles seules de d\u00e9terminer une quelconque non conformit\u00e9 \u00bb, ce qui justifie que \u00ab La d\u00e9cision du tribunal de commerce sera donc confirm\u00e9e de ce chef \u00bb.<\/p>\n<\/div>\n","protected":false},"excerpt":{"rendered":"<p>La Cour d\u2019appel de Bordeaux, 23 juin 2025, quatri\u00e8me chambre civile, confirme le rejet d\u2019une action en responsabilit\u00e9 contractuelle fond\u00e9e sur la non\u2011conform&#8230;<\/p>\n","protected":false},"author":232070755,"featured_media":3150,"comment_status":"open","ping_status":"open","sticky":false,"template":"","format":"standard","meta":{"_crdt_document":"","_jetpack_newsletter_access":"","_jetpack_dont_email_post_to_subs":false,"_jetpack_newsletter_tier_id":0,"_jetpack_memberships_contains_paywalled_content":false,"_kj_source_type":"judilibre","_kj_official_id":"685ce8c8e307e7f2154deb93","_kj_official_url":"https:\/\/www.courdecassation.fr\/decision\/685ce8c8e307e7f2154deb93","_kj_judilibre_id":"685ce8c8e307e7f2154deb93","_kj_jur":"Cour d'appel","_kj_lieu":"Bordeaux","_kj_chambre":"4\u00e8me chambre commerciale","_kj_rg":"23\/04420","_kj_date":"2025-06-23","_jetpack_memberships_contains_paid_content":false,"footnotes":"","jetpack_post_was_ever_published":false},"categories":[7597],"tags":[],"class_list":["post-685395","post","type-post","status-publish","format-standard","has-post-thumbnail","hentry","category-jurisprudence"],"yoast_head":"<!-- This site is optimized with the Yoast SEO Premium plugin v27.5 (Yoast SEO v27.5) - https:\/\/yoast.com\/product\/yoast-seo-premium-wordpress\/ -->\n<title>Cour d&#039;appel de Bordeaux, le 23 juin 2025, n\u00b023\/04420 - Ma\u00eetre Hassan Kohen, avocat en droit p\u00e9nal \u00e0 Paris<\/title>\n<meta name=\"description\" content=\"La Cour d\u2019appel de Bordeaux, 23 juin 2025, quatri\u00e8me chambre civile, confirme le rejet d\u2019une action en responsabilit\u00e9 contractuelle fond\u00e9e sur la non\u2011conform...\" \/>\n<meta name=\"robots\" content=\"index, follow, max-snippet:-1, max-image-preview:large, max-video-preview:-1\" \/>\n<link rel=\"canonical\" href=\"https:\/\/kohenavocats.com\/zh-hans\/cour-dappel-de-bordeaux-le-23-juin-2025-n23-04420\/\" \/>\n<meta property=\"og:locale\" content=\"zh_CN\" \/>\n<meta property=\"og:type\" content=\"article\" \/>\n<meta property=\"og:title\" content=\"Cour d&#039;appel de Bordeaux, le 23 juin 2025, n\u00b023\/04420\" \/>\n<meta property=\"og:description\" content=\"La Cour d\u2019appel de Bordeaux, 23 juin 2025, quatri\u00e8me chambre civile, confirme le rejet d\u2019une action en responsabilit\u00e9 contractuelle fond\u00e9e sur la non\u2011conform...\" \/>\n<meta property=\"og:url\" content=\"https:\/\/kohenavocats.com\/zh-hans\/cour-dappel-de-bordeaux-le-23-juin-2025-n23-04420\/\" \/>\n<meta property=\"og:site_name\" content=\"Ma\u00eetre Hassan Kohen, avocat en droit p\u00e9nal \u00e0 Paris\" \/>\n<meta property=\"article:published_time\" content=\"2026-04-25T18:36:40+00:00\" \/>\n<meta property=\"og:image\" content=\"https:\/\/kohenavocats.com\/wp-content\/uploads\/2024\/05\/daniele-d-andreti-mGH4FxehE2s-unsplash.webp\" \/>\n\t<meta property=\"og:image:width\" content=\"4368\" \/>\n\t<meta property=\"og:image:height\" content=\"2912\" \/>\n\t<meta property=\"og:image:type\" content=\"image\/webp\" \/>\n<meta name=\"author\" content=\"Kohen\" \/>\n<meta name=\"twitter:card\" content=\"summary_large_image\" \/>\n<meta name=\"twitter:label1\" content=\"\u4f5c\u8005\" \/>\n\t<meta name=\"twitter:data1\" content=\"Kohen\" \/>\n\t<meta name=\"twitter:label2\" content=\"\u9884\u8ba1\u9605\u8bfb\u65f6\u95f4\" \/>\n\t<meta name=\"twitter:data2\" content=\"5 \u5206\" \/>\n<script type=\"application\/ld+json\" class=\"yoast-schema-graph\">{\"@context\":\"https:\\\/\\\/schema.org\",\"@graph\":[{\"@type\":\"Article\",\"@id\":\"https:\\\/\\\/kohenavocats.com\\\/zh-hans\\\/cour-dappel-de-bordeaux-le-23-juin-2025-n23-04420\\\/#article\",\"isPartOf\":{\"@id\":\"https:\\\/\\\/kohenavocats.com\\\/zh-hans\\\/cour-dappel-de-bordeaux-le-23-juin-2025-n23-04420\\\/\"},\"author\":{\"name\":\"Kohen\",\"@id\":\"https:\\\/\\\/kohenavocats.com\\\/zh-hans\\\/#\\\/schema\\\/person\\\/761c9ba54fa1ca84d405cef0831ff751\"},\"headline\":\"Cour d&#8217;appel de Bordeaux, le 23 juin 2025, n\u00b023\\\/04420\",\"datePublished\":\"2026-04-25T18:36:40+00:00\",\"mainEntityOfPage\":{\"@id\":\"https:\\\/\\\/kohenavocats.com\\\/zh-hans\\\/cour-dappel-de-bordeaux-le-23-juin-2025-n23-04420\\\/\"},\"wordCount\":1094,\"commentCount\":0,\"publisher\":{\"@id\":\"https:\\\/\\\/kohenavocats.com\\\/zh-hans\\\/#organization\"},\"image\":{\"@id\":\"https:\\\/\\\/kohenavocats.com\\\/zh-hans\\\/cour-dappel-de-bordeaux-le-23-juin-2025-n23-04420\\\/#primaryimage\"},\"thumbnailUrl\":\"https:\\\/\\\/kohenavocats.com\\\/wp-content\\\/uploads\\\/2024\\\/05\\\/daniele-d-andreti-mGH4FxehE2s-unsplash.webp\",\"articleSection\":[\"Jurisprudence\"],\"inLanguage\":\"zh-Hans\",\"potentialAction\":[{\"@type\":\"CommentAction\",\"name\":\"Comment\",\"target\":[\"https:\\\/\\\/kohenavocats.com\\\/zh-hans\\\/cour-dappel-de-bordeaux-le-23-juin-2025-n23-04420\\\/#respond\"]}],\"citation\":\"Cour d&#8217;appel de Bordeaux, le 23 juin 2025, n\u00b023\\\/04420\",\"about\":[{\"@type\":\"Thing\",\"name\":\"Jurisprudence\"}],\"dateModified\":\"2026-04-25T18:36:40+00:00\",\"speakable\":{\"@type\":\"SpeakableSpecification\",\"cssSelector\":[\".article-content > p:first-of-type\"]}},{\"@type\":\"WebPage\",\"@id\":\"https:\\\/\\\/kohenavocats.com\\\/zh-hans\\\/cour-dappel-de-bordeaux-le-23-juin-2025-n23-04420\\\/\",\"url\":\"https:\\\/\\\/kohenavocats.com\\\/zh-hans\\\/cour-dappel-de-bordeaux-le-23-juin-2025-n23-04420\\\/\",\"name\":\"Cour d'appel de Bordeaux, le 23 juin 2025, n\u00b023\\\/04420 - Ma\u00eetre Hassan Kohen, avocat en droit p\u00e9nal \u00e0 Paris\",\"isPartOf\":{\"@id\":\"https:\\\/\\\/kohenavocats.com\\\/zh-hans\\\/#website\"},\"primaryImageOfPage\":{\"@id\":\"https:\\\/\\\/kohenavocats.com\\\/zh-hans\\\/cour-dappel-de-bordeaux-le-23-juin-2025-n23-04420\\\/#primaryimage\"},\"image\":{\"@id\":\"https:\\\/\\\/kohenavocats.com\\\/zh-hans\\\/cour-dappel-de-bordeaux-le-23-juin-2025-n23-04420\\\/#primaryimage\"},\"thumbnailUrl\":\"https:\\\/\\\/kohenavocats.com\\\/wp-content\\\/uploads\\\/2024\\\/05\\\/daniele-d-andreti-mGH4FxehE2s-unsplash.webp\",\"datePublished\":\"2026-04-25T18:36:40+00:00\",\"description\":\"La Cour d\u2019appel de Bordeaux, 23 juin 2025, quatri\u00e8me chambre civile, confirme le rejet d\u2019une action en responsabilit\u00e9 contractuelle fond\u00e9e sur la non\u2011conform...\",\"breadcrumb\":{\"@id\":\"https:\\\/\\\/kohenavocats.com\\\/zh-hans\\\/cour-dappel-de-bordeaux-le-23-juin-2025-n23-04420\\\/#breadcrumb\"},\"inLanguage\":\"zh-Hans\",\"potentialAction\":[{\"@type\":\"ReadAction\",\"target\":[\"https:\\\/\\\/kohenavocats.com\\\/zh-hans\\\/cour-dappel-de-bordeaux-le-23-juin-2025-n23-04420\\\/\"]}]},{\"@type\":\"ImageObject\",\"inLanguage\":\"zh-Hans\",\"@id\":\"https:\\\/\\\/kohenavocats.com\\\/zh-hans\\\/cour-dappel-de-bordeaux-le-23-juin-2025-n23-04420\\\/#primaryimage\",\"url\":\"https:\\\/\\\/kohenavocats.com\\\/wp-content\\\/uploads\\\/2024\\\/05\\\/daniele-d-andreti-mGH4FxehE2s-unsplash.webp\",\"contentUrl\":\"https:\\\/\\\/kohenavocats.com\\\/wp-content\\\/uploads\\\/2024\\\/05\\\/daniele-d-andreti-mGH4FxehE2s-unsplash.webp\",\"width\":4368,\"height\":2912},{\"@type\":\"BreadcrumbList\",\"@id\":\"https:\\\/\\\/kohenavocats.com\\\/zh-hans\\\/cour-dappel-de-bordeaux-le-23-juin-2025-n23-04420\\\/#breadcrumb\",\"itemListElement\":[{\"@type\":\"ListItem\",\"position\":1,\"name\":\"Home\",\"item\":\"https:\\\/\\\/kohenavocats.com\\\/zh-hans\\\/\"},{\"@type\":\"ListItem\",\"position\":2,\"name\":\"Cour d&rsquo;appel de Bordeaux, le 23 juin 2025, n\u00b023\\\/04420\"}]},{\"@type\":\"WebSite\",\"@id\":\"https:\\\/\\\/kohenavocats.com\\\/zh-hans\\\/#website\",\"url\":\"https:\\\/\\\/kohenavocats.com\\\/zh-hans\\\/\",\"name\":\"Kohen Avocats\",\"description\":\"Ma\u00eetre Hassan Kohen, avocat p\u00e9naliste \u00e0 Paris, intervient exclusivement en droit p\u00e9nal pour la d\u00e9fense des particuliers, notamment en mati\u00e8re d\u2019accusations de viol. Il assure un accompagnement rigoureux d\u00e8s la garde \u00e0 vue jusqu\u2019\u00e0 la Cour d\u2019assises, veillant au strict respect des garanties proc\u00e9durales.\",\"publisher\":{\"@id\":\"https:\\\/\\\/kohenavocats.com\\\/zh-hans\\\/#organization\"},\"potentialAction\":[{\"@type\":\"SearchAction\",\"target\":{\"@type\":\"EntryPoint\",\"urlTemplate\":\"https:\\\/\\\/kohenavocats.com\\\/zh-hans\\\/?s={search_term_string}\"},\"query-input\":{\"@type\":\"PropertyValueSpecification\",\"valueRequired\":true,\"valueName\":\"search_term_string\"}}],\"inLanguage\":\"zh-Hans\"},{\"@type\":\"Organization\",\"@id\":\"https:\\\/\\\/kohenavocats.com\\\/zh-hans\\\/#organization\",\"name\":\"Kohen Avocats\",\"url\":\"https:\\\/\\\/kohenavocats.com\\\/zh-hans\\\/\",\"logo\":{\"@type\":\"ImageObject\",\"inLanguage\":\"zh-Hans\",\"@id\":\"https:\\\/\\\/kohenavocats.com\\\/zh-hans\\\/#\\\/schema\\\/logo\\\/image\\\/\",\"url\":\"https:\\\/\\\/kohenavocats.com\\\/wp-content\\\/uploads\\\/2026\\\/01\\\/Logo-2-1.webp\",\"contentUrl\":\"https:\\\/\\\/kohenavocats.com\\\/wp-content\\\/uploads\\\/2026\\\/01\\\/Logo-2-1.webp\",\"width\":2114,\"height\":1253,\"caption\":\"Kohen Avocats\"},\"image\":{\"@id\":\"https:\\\/\\\/kohenavocats.com\\\/zh-hans\\\/#\\\/schema\\\/logo\\\/image\\\/\"}},{\"@type\":\"Person\",\"@id\":\"https:\\\/\\\/kohenavocats.com\\\/zh-hans\\\/#\\\/schema\\\/person\\\/761c9ba54fa1ca84d405cef0831ff751\",\"name\":\"Kohen\",\"image\":{\"@type\":\"ImageObject\",\"inLanguage\":\"zh-Hans\",\"@id\":\"https:\\\/\\\/secure.gravatar.com\\\/avatar\\\/1c5e76ef76bbbfdd2b4da984e2bf2fa4056fd51a27d25ce2c332047f1dfd6e00?s=96&d=identicon&r=g\",\"url\":\"https:\\\/\\\/secure.gravatar.com\\\/avatar\\\/1c5e76ef76bbbfdd2b4da984e2bf2fa4056fd51a27d25ce2c332047f1dfd6e00?s=96&d=identicon&r=g\",\"contentUrl\":\"https:\\\/\\\/secure.gravatar.com\\\/avatar\\\/1c5e76ef76bbbfdd2b4da984e2bf2fa4056fd51a27d25ce2c332047f1dfd6e00?s=96&d=identicon&r=g\",\"caption\":\"Kohen\"},\"sameAs\":[\"https:\\\/\\\/www.linkedin.com\\\/in\\\/hassan-kohen-448548192\\\/\",\"https:\\\/\\\/www.youtube.com\\\/@Kohen-Avocats\"],\"url\":\"https:\\\/\\\/kohenavocats.com\\\/zh-hans\\\/author\\\/kohenmlk\\\/\"}]}<\/script>\n<!-- \/ Yoast SEO Premium plugin. -->","yoast_head_json":{"title":"Cour d'appel de Bordeaux, le 23 juin 2025, n\u00b023\/04420 - Ma\u00eetre Hassan Kohen, avocat en droit p\u00e9nal \u00e0 Paris","description":"La Cour d\u2019appel de Bordeaux, 23 juin 2025, quatri\u00e8me chambre civile, confirme le rejet d\u2019une action en responsabilit\u00e9 contractuelle fond\u00e9e sur la non\u2011conform...","robots":{"index":"index","follow":"follow","max-snippet":"max-snippet:-1","max-image-preview":"max-image-preview:large","max-video-preview":"max-video-preview:-1"},"canonical":"https:\/\/kohenavocats.com\/zh-hans\/cour-dappel-de-bordeaux-le-23-juin-2025-n23-04420\/","og_locale":"zh_CN","og_type":"article","og_title":"Cour d'appel de Bordeaux, le 23 juin 2025, n\u00b023\/04420","og_description":"La Cour d\u2019appel de Bordeaux, 23 juin 2025, quatri\u00e8me chambre civile, confirme le rejet d\u2019une action en responsabilit\u00e9 contractuelle fond\u00e9e sur la non\u2011conform...","og_url":"https:\/\/kohenavocats.com\/zh-hans\/cour-dappel-de-bordeaux-le-23-juin-2025-n23-04420\/","og_site_name":"Ma\u00eetre Hassan Kohen, avocat en droit p\u00e9nal \u00e0 Paris","article_published_time":"2026-04-25T18:36:40+00:00","og_image":[{"width":4368,"height":2912,"url":"https:\/\/kohenavocats.com\/wp-content\/uploads\/2024\/05\/daniele-d-andreti-mGH4FxehE2s-unsplash.webp","type":"image\/webp"}],"author":"Kohen","twitter_card":"summary_large_image","twitter_misc":{"\u4f5c\u8005":"Kohen","\u9884\u8ba1\u9605\u8bfb\u65f6\u95f4":"5 \u5206"},"schema":{"@context":"https:\/\/schema.org","@graph":[{"@type":"Article","@id":"https:\/\/kohenavocats.com\/zh-hans\/cour-dappel-de-bordeaux-le-23-juin-2025-n23-04420\/#article","isPartOf":{"@id":"https:\/\/kohenavocats.com\/zh-hans\/cour-dappel-de-bordeaux-le-23-juin-2025-n23-04420\/"},"author":{"name":"Kohen","@id":"https:\/\/kohenavocats.com\/zh-hans\/#\/schema\/person\/761c9ba54fa1ca84d405cef0831ff751"},"headline":"Cour d&#8217;appel de Bordeaux, le 23 juin 2025, n\u00b023\/04420","datePublished":"2026-04-25T18:36:40+00:00","mainEntityOfPage":{"@id":"https:\/\/kohenavocats.com\/zh-hans\/cour-dappel-de-bordeaux-le-23-juin-2025-n23-04420\/"},"wordCount":1094,"commentCount":0,"publisher":{"@id":"https:\/\/kohenavocats.com\/zh-hans\/#organization"},"image":{"@id":"https:\/\/kohenavocats.com\/zh-hans\/cour-dappel-de-bordeaux-le-23-juin-2025-n23-04420\/#primaryimage"},"thumbnailUrl":"https:\/\/kohenavocats.com\/wp-content\/uploads\/2024\/05\/daniele-d-andreti-mGH4FxehE2s-unsplash.webp","articleSection":["Jurisprudence"],"inLanguage":"zh-Hans","potentialAction":[{"@type":"CommentAction","name":"Comment","target":["https:\/\/kohenavocats.com\/zh-hans\/cour-dappel-de-bordeaux-le-23-juin-2025-n23-04420\/#respond"]}],"citation":"Cour d&#8217;appel de Bordeaux, le 23 juin 2025, n\u00b023\/04420","about":[{"@type":"Thing","name":"Jurisprudence"}],"dateModified":"2026-04-25T18:36:40+00:00","speakable":{"@type":"SpeakableSpecification","cssSelector":[".article-content > p:first-of-type"]}},{"@type":"WebPage","@id":"https:\/\/kohenavocats.com\/zh-hans\/cour-dappel-de-bordeaux-le-23-juin-2025-n23-04420\/","url":"https:\/\/kohenavocats.com\/zh-hans\/cour-dappel-de-bordeaux-le-23-juin-2025-n23-04420\/","name":"Cour d'appel de Bordeaux, le 23 juin 2025, n\u00b023\/04420 - Ma\u00eetre Hassan Kohen, avocat en droit p\u00e9nal \u00e0 Paris","isPartOf":{"@id":"https:\/\/kohenavocats.com\/zh-hans\/#website"},"primaryImageOfPage":{"@id":"https:\/\/kohenavocats.com\/zh-hans\/cour-dappel-de-bordeaux-le-23-juin-2025-n23-04420\/#primaryimage"},"image":{"@id":"https:\/\/kohenavocats.com\/zh-hans\/cour-dappel-de-bordeaux-le-23-juin-2025-n23-04420\/#primaryimage"},"thumbnailUrl":"https:\/\/kohenavocats.com\/wp-content\/uploads\/2024\/05\/daniele-d-andreti-mGH4FxehE2s-unsplash.webp","datePublished":"2026-04-25T18:36:40+00:00","description":"La Cour d\u2019appel de Bordeaux, 23 juin 2025, quatri\u00e8me chambre civile, confirme le rejet d\u2019une action en responsabilit\u00e9 contractuelle fond\u00e9e sur la non\u2011conform...","breadcrumb":{"@id":"https:\/\/kohenavocats.com\/zh-hans\/cour-dappel-de-bordeaux-le-23-juin-2025-n23-04420\/#breadcrumb"},"inLanguage":"zh-Hans","potentialAction":[{"@type":"ReadAction","target":["https:\/\/kohenavocats.com\/zh-hans\/cour-dappel-de-bordeaux-le-23-juin-2025-n23-04420\/"]}]},{"@type":"ImageObject","inLanguage":"zh-Hans","@id":"https:\/\/kohenavocats.com\/zh-hans\/cour-dappel-de-bordeaux-le-23-juin-2025-n23-04420\/#primaryimage","url":"https:\/\/kohenavocats.com\/wp-content\/uploads\/2024\/05\/daniele-d-andreti-mGH4FxehE2s-unsplash.webp","contentUrl":"https:\/\/kohenavocats.com\/wp-content\/uploads\/2024\/05\/daniele-d-andreti-mGH4FxehE2s-unsplash.webp","width":4368,"height":2912},{"@type":"BreadcrumbList","@id":"https:\/\/kohenavocats.com\/zh-hans\/cour-dappel-de-bordeaux-le-23-juin-2025-n23-04420\/#breadcrumb","itemListElement":[{"@type":"ListItem","position":1,"name":"Home","item":"https:\/\/kohenavocats.com\/zh-hans\/"},{"@type":"ListItem","position":2,"name":"Cour d&rsquo;appel de Bordeaux, le 23 juin 2025, n\u00b023\/04420"}]},{"@type":"WebSite","@id":"https:\/\/kohenavocats.com\/zh-hans\/#website","url":"https:\/\/kohenavocats.com\/zh-hans\/","name":"Kohen Avocats","description":"Ma\u00eetre Hassan Kohen, avocat p\u00e9naliste \u00e0 Paris, intervient exclusivement en droit p\u00e9nal pour la d\u00e9fense des particuliers, notamment en mati\u00e8re d\u2019accusations de viol. Il assure un accompagnement rigoureux d\u00e8s la garde \u00e0 vue jusqu\u2019\u00e0 la Cour d\u2019assises, veillant au strict respect des garanties proc\u00e9durales.","publisher":{"@id":"https:\/\/kohenavocats.com\/zh-hans\/#organization"},"potentialAction":[{"@type":"SearchAction","target":{"@type":"EntryPoint","urlTemplate":"https:\/\/kohenavocats.com\/zh-hans\/?s={search_term_string}"},"query-input":{"@type":"PropertyValueSpecification","valueRequired":true,"valueName":"search_term_string"}}],"inLanguage":"zh-Hans"},{"@type":"Organization","@id":"https:\/\/kohenavocats.com\/zh-hans\/#organization","name":"Kohen Avocats","url":"https:\/\/kohenavocats.com\/zh-hans\/","logo":{"@type":"ImageObject","inLanguage":"zh-Hans","@id":"https:\/\/kohenavocats.com\/zh-hans\/#\/schema\/logo\/image\/","url":"https:\/\/kohenavocats.com\/wp-content\/uploads\/2026\/01\/Logo-2-1.webp","contentUrl":"https:\/\/kohenavocats.com\/wp-content\/uploads\/2026\/01\/Logo-2-1.webp","width":2114,"height":1253,"caption":"Kohen Avocats"},"image":{"@id":"https:\/\/kohenavocats.com\/zh-hans\/#\/schema\/logo\/image\/"}},{"@type":"Person","@id":"https:\/\/kohenavocats.com\/zh-hans\/#\/schema\/person\/761c9ba54fa1ca84d405cef0831ff751","name":"Kohen","image":{"@type":"ImageObject","inLanguage":"zh-Hans","@id":"https:\/\/secure.gravatar.com\/avatar\/1c5e76ef76bbbfdd2b4da984e2bf2fa4056fd51a27d25ce2c332047f1dfd6e00?s=96&d=identicon&r=g","url":"https:\/\/secure.gravatar.com\/avatar\/1c5e76ef76bbbfdd2b4da984e2bf2fa4056fd51a27d25ce2c332047f1dfd6e00?s=96&d=identicon&r=g","contentUrl":"https:\/\/secure.gravatar.com\/avatar\/1c5e76ef76bbbfdd2b4da984e2bf2fa4056fd51a27d25ce2c332047f1dfd6e00?s=96&d=identicon&r=g","caption":"Kohen"},"sameAs":["https:\/\/www.linkedin.com\/in\/hassan-kohen-448548192\/","https:\/\/www.youtube.com\/@Kohen-Avocats"],"url":"https:\/\/kohenavocats.com\/zh-hans\/author\/kohenmlk\/"}]}},"jetpack_featured_media_url":"https:\/\/kohenavocats.com\/wp-content\/uploads\/2024\/05\/daniele-d-andreti-mGH4FxehE2s-unsplash.webp","jetpack_likes_enabled":false,"jetpack_shortlink":"https:\/\/wp.me\/peCrII-2SiL","jetpack-related-posts":[{"id":141290,"url":"https:\/\/kohenavocats.com\/zh-hans\/tribunal-judiciaire-de-bordeaux-le-16-juin-2025-n22-00937\/","url_meta":{"origin":685395,"position":0},"title":"Tribunal judiciaire de Bordeaux, le 16 juin 2025, n\u00b022\/00937","author":"Kohen","date":"2025\u5e7411\u670812\u65e5","format":false,"excerpt":"Par une ordonnance du 16 juin 2025, le tribunal ju\u2026","rel":"","context":"\u5728\u201cD\u00e9cisions juridiques\u201d\u4e2d","block_context":{"text":"D\u00e9cisions juridiques","link":"https:\/\/kohenavocats.com\/category\/decisions-juridiques\/"},"img":{"alt_text":"","src":"https:\/\/i0.wp.com\/kohenavocats.com\/wp-content\/uploads\/2024\/11\/allison-saeng-MrtYdShGeQY-unsplash.webp?resize=350%2C200&ssl=1","width":350,"height":200,"srcset":"https:\/\/i0.wp.com\/kohenavocats.com\/wp-content\/uploads\/2024\/11\/allison-saeng-MrtYdShGeQY-unsplash.webp?resize=350%2C200&ssl=1 1x, https:\/\/i0.wp.com\/kohenavocats.com\/wp-content\/uploads\/2024\/11\/allison-saeng-MrtYdShGeQY-unsplash.webp?resize=525%2C300&ssl=1 1.5x, https:\/\/i0.wp.com\/kohenavocats.com\/wp-content\/uploads\/2024\/11\/allison-saeng-MrtYdShGeQY-unsplash.webp?resize=700%2C400&ssl=1 2x, https:\/\/i0.wp.com\/kohenavocats.com\/wp-content\/uploads\/2024\/11\/allison-saeng-MrtYdShGeQY-unsplash.webp?resize=1050%2C600&ssl=1 3x, https:\/\/i0.wp.com\/kohenavocats.com\/wp-content\/uploads\/2024\/11\/allison-saeng-MrtYdShGeQY-unsplash.webp?resize=1400%2C800&ssl=1 4x"},"classes":[]},{"id":140371,"url":"https:\/\/kohenavocats.com\/zh-hans\/tribunal-judiciaire-de-bordeaux-le-23-juin-2025-n25-00682\/","url_meta":{"origin":685395,"position":1},"title":"Tribunal judiciaire de Bordeaux, le 23 juin 2025, n\u00b025\/00682","author":"Kohen","date":"2025\u5e7411\u670812\u65e5","format":false,"excerpt":"Tribunal judiciaire de Bordeaux, ordonnance de r\u00e9f\u2026","rel":"","context":"\u5728\u201cD\u00e9cisions juridiques\u201d\u4e2d","block_context":{"text":"D\u00e9cisions juridiques","link":"https:\/\/kohenavocats.com\/category\/decisions-juridiques\/"},"img":{"alt_text":"","src":"https:\/\/i0.wp.com\/kohenavocats.com\/wp-content\/uploads\/2024\/11\/kevin-delval-JCjXLkyk6Kw-unsplash.webp?resize=350%2C200&ssl=1","width":350,"height":200,"srcset":"https:\/\/i0.wp.com\/kohenavocats.com\/wp-content\/uploads\/2024\/11\/kevin-delval-JCjXLkyk6Kw-unsplash.webp?resize=350%2C200&ssl=1 1x, https:\/\/i0.wp.com\/kohenavocats.com\/wp-content\/uploads\/2024\/11\/kevin-delval-JCjXLkyk6Kw-unsplash.webp?resize=525%2C300&ssl=1 1.5x, https:\/\/i0.wp.com\/kohenavocats.com\/wp-content\/uploads\/2024\/11\/kevin-delval-JCjXLkyk6Kw-unsplash.webp?resize=700%2C400&ssl=1 2x, https:\/\/i0.wp.com\/kohenavocats.com\/wp-content\/uploads\/2024\/11\/kevin-delval-JCjXLkyk6Kw-unsplash.webp?resize=1050%2C600&ssl=1 3x, https:\/\/i0.wp.com\/kohenavocats.com\/wp-content\/uploads\/2024\/11\/kevin-delval-JCjXLkyk6Kw-unsplash.webp?resize=1400%2C800&ssl=1 4x"},"classes":[]},{"id":712686,"url":"https:\/\/kohenavocats.com\/zh-hans\/cour-dappel-de-bordeaux-le-8-janvier-2026-n22-03215\/","url_meta":{"origin":685395,"position":2},"title":"Cour d&#8217;appel de Bordeaux, le 8 janvier 2026, n\u00b022\/03215","author":"Kohen","date":"2026\u5e744\u670827\u65e5","format":false,"excerpt":"La cour d'appel de Bordeaux, dans son arr\u00eat du 8 j\u2026","rel":"","context":"\u5728\u201cJurisprudence\u201d\u4e2d","block_context":{"text":"Jurisprudence","link":"https:\/\/kohenavocats.com\/category\/jurisprudence\/"},"img":{"alt_text":"","src":"https:\/\/i0.wp.com\/kohenavocats.com\/wp-content\/uploads\/2024\/08\/lisa-IfngoxB5ORA-unsplash-1.webp?resize=350%2C200&ssl=1","width":350,"height":200,"srcset":"https:\/\/i0.wp.com\/kohenavocats.com\/wp-content\/uploads\/2024\/08\/lisa-IfngoxB5ORA-unsplash-1.webp?resize=350%2C200&ssl=1 1x, https:\/\/i0.wp.com\/kohenavocats.com\/wp-content\/uploads\/2024\/08\/lisa-IfngoxB5ORA-unsplash-1.webp?resize=525%2C300&ssl=1 1.5x, https:\/\/i0.wp.com\/kohenavocats.com\/wp-content\/uploads\/2024\/08\/lisa-IfngoxB5ORA-unsplash-1.webp?resize=700%2C400&ssl=1 2x, https:\/\/i0.wp.com\/kohenavocats.com\/wp-content\/uploads\/2024\/08\/lisa-IfngoxB5ORA-unsplash-1.webp?resize=1050%2C600&ssl=1 3x, https:\/\/i0.wp.com\/kohenavocats.com\/wp-content\/uploads\/2024\/08\/lisa-IfngoxB5ORA-unsplash-1.webp?resize=1400%2C800&ssl=1 4x"},"classes":[]},{"id":712684,"url":"https:\/\/kohenavocats.com\/zh-hans\/cour-dappel-de-bordeaux-le-8-janvier-2026-n23-04168\/","url_meta":{"origin":685395,"position":3},"title":"Cour d&#8217;appel de Bordeaux, le 8 janvier 2026, n\u00b023\/04168","author":"Kohen","date":"2026\u5e744\u670827\u65e5","format":false,"excerpt":"La cour d'appel de Bordeaux, dans un arr\u00eat du 8 ja\u2026","rel":"","context":"\u5728\u201cJurisprudence\u201d\u4e2d","block_context":{"text":"Jurisprudence","link":"https:\/\/kohenavocats.com\/category\/jurisprudence\/"},"img":{"alt_text":"","src":"https:\/\/i0.wp.com\/kohenavocats.com\/wp-content\/uploads\/2024\/08\/luis-cortes-m92ge4NGDIM-unsplash.webp?resize=350%2C200&ssl=1","width":350,"height":200,"srcset":"https:\/\/i0.wp.com\/kohenavocats.com\/wp-content\/uploads\/2024\/08\/luis-cortes-m92ge4NGDIM-unsplash.webp?resize=350%2C200&ssl=1 1x, https:\/\/i0.wp.com\/kohenavocats.com\/wp-content\/uploads\/2024\/08\/luis-cortes-m92ge4NGDIM-unsplash.webp?resize=525%2C300&ssl=1 1.5x, https:\/\/i0.wp.com\/kohenavocats.com\/wp-content\/uploads\/2024\/08\/luis-cortes-m92ge4NGDIM-unsplash.webp?resize=700%2C400&ssl=1 2x, https:\/\/i0.wp.com\/kohenavocats.com\/wp-content\/uploads\/2024\/08\/luis-cortes-m92ge4NGDIM-unsplash.webp?resize=1050%2C600&ssl=1 3x, https:\/\/i0.wp.com\/kohenavocats.com\/wp-content\/uploads\/2024\/08\/luis-cortes-m92ge4NGDIM-unsplash.webp?resize=1400%2C800&ssl=1 4x"},"classes":[]},{"id":140879,"url":"https:\/\/kohenavocats.com\/zh-hans\/cour-dappel-de-bordeaux-le-24-juin-2025-n23-05778\/","url_meta":{"origin":685395,"position":4},"title":"Cour d&#8217;appel de Bordeaux, le 24 juin 2025, n\u00b023\/05778","author":"Kohen","date":"2025\u5e7411\u670812\u65e5","format":false,"excerpt":"Cour d'appel de Bordeaux, 24 juin 2025. Une mineur\u2026","rel":"","context":"\u5728\u201cCour d'appel\u201d\u4e2d","block_context":{"text":"Cour d'appel","link":"https:\/\/kohenavocats.com\/category\/cour-dappel\/"},"img":{"alt_text":"","src":"https:\/\/i0.wp.com\/kohenavocats.com\/wp-content\/uploads\/2024\/11\/kedar-gadge-qNbe1RLo06M-unsplash.webp?resize=350%2C200&ssl=1","width":350,"height":200,"srcset":"https:\/\/i0.wp.com\/kohenavocats.com\/wp-content\/uploads\/2024\/11\/kedar-gadge-qNbe1RLo06M-unsplash.webp?resize=350%2C200&ssl=1 1x, https:\/\/i0.wp.com\/kohenavocats.com\/wp-content\/uploads\/2024\/11\/kedar-gadge-qNbe1RLo06M-unsplash.webp?resize=525%2C300&ssl=1 1.5x, https:\/\/i0.wp.com\/kohenavocats.com\/wp-content\/uploads\/2024\/11\/kedar-gadge-qNbe1RLo06M-unsplash.webp?resize=700%2C400&ssl=1 2x, https:\/\/i0.wp.com\/kohenavocats.com\/wp-content\/uploads\/2024\/11\/kedar-gadge-qNbe1RLo06M-unsplash.webp?resize=1050%2C600&ssl=1 3x, https:\/\/i0.wp.com\/kohenavocats.com\/wp-content\/uploads\/2024\/11\/kedar-gadge-qNbe1RLo06M-unsplash.webp?resize=1400%2C800&ssl=1 4x"},"classes":[]},{"id":712166,"url":"https:\/\/kohenavocats.com\/zh-hans\/tribunal-judiciaire-de-bordeaux-le-6-janvier-2026-n21-00470\/","url_meta":{"origin":685395,"position":5},"title":"Tribunal judiciaire de Bordeaux, le 6 janvier 2026, n\u00b021\/00470","author":"Kohen","date":"2026\u5e744\u670827\u65e5","format":false,"excerpt":"Le tribunal judiciaire de Bordeaux, dans son jugem\u2026","rel":"","context":"\u5728\u201cD\u00e9cisions juridiques\u201d\u4e2d","block_context":{"text":"D\u00e9cisions juridiques","link":"https:\/\/kohenavocats.com\/category\/decisions-juridiques\/"},"img":{"alt_text":"","src":"https:\/\/i0.wp.com\/kohenavocats.com\/wp-content\/uploads\/2024\/11\/getty-images-C3aPAKHj558-unsplash.webp?resize=350%2C200&ssl=1","width":350,"height":200,"srcset":"https:\/\/i0.wp.com\/kohenavocats.com\/wp-content\/uploads\/2024\/11\/getty-images-C3aPAKHj558-unsplash.webp?resize=350%2C200&ssl=1 1x, https:\/\/i0.wp.com\/kohenavocats.com\/wp-content\/uploads\/2024\/11\/getty-images-C3aPAKHj558-unsplash.webp?resize=525%2C300&ssl=1 1.5x, https:\/\/i0.wp.com\/kohenavocats.com\/wp-content\/uploads\/2024\/11\/getty-images-C3aPAKHj558-unsplash.webp?resize=700%2C400&ssl=1 2x, https:\/\/i0.wp.com\/kohenavocats.com\/wp-content\/uploads\/2024\/11\/getty-images-C3aPAKHj558-unsplash.webp?resize=1050%2C600&ssl=1 3x, https:\/\/i0.wp.com\/kohenavocats.com\/wp-content\/uploads\/2024\/11\/getty-images-C3aPAKHj558-unsplash.webp?resize=1400%2C800&ssl=1 4x"},"classes":[]}],"jetpack_sharing_enabled":true,"_links":{"self":[{"href":"https:\/\/kohenavocats.com\/zh-hans\/wp-json\/wp\/v2\/posts\/685395","targetHints":{"allow":["GET"]}}],"collection":[{"href":"https:\/\/kohenavocats.com\/zh-hans\/wp-json\/wp\/v2\/posts"}],"about":[{"href":"https:\/\/kohenavocats.com\/zh-hans\/wp-json\/wp\/v2\/types\/post"}],"author":[{"embeddable":true,"href":"https:\/\/kohenavocats.com\/zh-hans\/wp-json\/wp\/v2\/users\/232070755"}],"replies":[{"embeddable":true,"href":"https:\/\/kohenavocats.com\/zh-hans\/wp-json\/wp\/v2\/comments?post=685395"}],"version-history":[{"count":0,"href":"https:\/\/kohenavocats.com\/zh-hans\/wp-json\/wp\/v2\/posts\/685395\/revisions"}],"wp:featuredmedia":[{"embeddable":true,"href":"https:\/\/kohenavocats.com\/zh-hans\/wp-json\/wp\/v2\/media\/3150"}],"wp:attachment":[{"href":"https:\/\/kohenavocats.com\/zh-hans\/wp-json\/wp\/v2\/media?parent=685395"}],"wp:term":[{"taxonomy":"category","embeddable":true,"href":"https:\/\/kohenavocats.com\/zh-hans\/wp-json\/wp\/v2\/categories?post=685395"},{"taxonomy":"post_tag","embeddable":true,"href":"https:\/\/kohenavocats.com\/zh-hans\/wp-json\/wp\/v2\/tags?post=685395"}],"curies":[{"name":"wp","href":"https:\/\/api.w.org\/{rel}","templated":true}]}}