{"id":685413,"date":"2026-04-25T20:37:22","date_gmt":"2026-04-25T18:37:22","guid":{"rendered":"https:\/\/kohenavocats.com\/cour-dappel-de-paris-le-3-juillet-2025-n23-15-913\/"},"modified":"2026-04-25T20:37:22","modified_gmt":"2026-04-25T18:37:22","slug":"cour-dappel-de-paris-le-3-juillet-2025-n23-15-913","status":"publish","type":"post","link":"https:\/\/kohenavocats.com\/zh-hans\/cour-dappel-de-paris-le-3-juillet-2025-n23-15-913\/","title":{"rendered":"Cour d&#8217;appel de Paris, le 3 juillet 2025, n\u00b023-15.913"},"content":{"rendered":"<div class=\"article-content\">\n<p>La Cour de cassation, deuxi\u00e8me chambre civile, 3 juillet 2025, rejette un pourvoi dirig\u00e9 contre l&#8217;arr\u00eat rendu par la cour d&#8217;appel de Paris, 17 mars 2023. L&#8217;esp\u00e8ce oppose deux personnes, dans un litige dont la nature n&#8217;est pas pr\u00e9cis\u00e9e par la d\u00e9cision de rejet non sp\u00e9cialement motiv\u00e9. Le demandeur au pourvoi sollicitait la cassation de l&#8217;arr\u00eat d&#8217;appel; l&#8217;intim\u00e9 concluait au rejet avec demandes au titre de l&#8217;article 700. La proc\u00e9dure r\u00e9v\u00e8le un arr\u00eat d&#8217;appel contest\u00e9, puis un pourvoi examin\u00e9 par la formation pr\u00e9cit\u00e9e, apr\u00e8s communication au parquet g\u00e9n\u00e9ral et d\u00e9bats publics. La question juridique tient aux conditions d&#8217;usage de l&#8217;article 1014, alin\u00e9a 1er, et aux effets attach\u00e9s \u00e0 un rejet non sp\u00e9cialement motiv\u00e9. La Cour \u00e9nonce d&#8217;abord ceci: \u00ab Les moyens de cassation, qui sont invoqu\u00e9s \u00e0 l&#8217;encontre de la d\u00e9cision attaqu\u00e9e, ne sont manifestement pas de nature \u00e0 entra\u00eener la cassation. \u00bb Elle ajoute ensuite: \u00ab En application de l&#8217;article 1014, alin\u00e9a 1er, du code de proc\u00e9dure civile, il n&#8217;y a donc pas lieu de statuer par une d\u00e9cision sp\u00e9cialement motiv\u00e9e sur ce pourvoi. \u00bb Le dispositif pr\u00e9cise encore \u00ab REJETTE le pourvoi ; \u00bb et, au titre des frais irr\u00e9p\u00e9tibles, \u00ab En application de l&#8217;article 700 du code de proc\u00e9dure civile, rejette la demande ; \u00bb.<\/p>\n<p>I. Conditions et effets du rejet non sp\u00e9cialement motiv\u00e9<\/p>\n<p>A. Conditions d&#8217;application de l&#8217;article 1014 du code de proc\u00e9dure civile<\/p>\n<p>La formule retenue vise des moyens manifestement impropres \u00e0 provoquer la censure, dont l&#8217;examen ne requiert pas une motivation individualis\u00e9e et d\u00e9velopp\u00e9e. La Cour indique ainsi que l&#8217;inaptitude des griefs ressort avec \u00e9vidence, ce qui autorise l&#8217;usage de la proc\u00e9dure simplifi\u00e9e pr\u00e9vue par l&#8217;article 1014. L&#8217;expression \u00ab manifestement \u00bb op\u00e8re un filtrage minimal, en r\u00e9servant ce traitement aux pourvois ne posant ni difficult\u00e9 s\u00e9rieuse ni question nouvelle.<\/p>\n<p>Le texte n&#8217;exige pas une \u00e9num\u00e9ration des griefs \u00e9cart\u00e9s, mais suppose une lecture effective du dossier et un contr\u00f4le juridictionnel r\u00e9el. La technique permet de rejeter simultan\u00e9ment plusieurs moyens, y compris de proc\u00e9dure, lorsque leur inefficacit\u00e9 se d\u00e9duit des r\u00e8gles applicables avec une certitude suffisante. La d\u00e9cision ici comment\u00e9e illustre ce maniement, en rappelant express\u00e9ment la base textuelle et la raison d&#8217;\u00e9conomie d&#8217;\u00e9criture qui la justifie.<\/p>\n<p>B. Effets proc\u00e9duraux et autorit\u00e9 attach\u00e9e<\/p>\n<p>Le rejet non sp\u00e9cialement motiv\u00e9 produit les effets d&#8217;une d\u00e9cision au fond sur le pourvoi, en cristallisant l&#8217;autorit\u00e9 de la chose jug\u00e9e au stade de cassation. L&#8217;arr\u00eat d&#8217;appel devient irr\u00e9vocable, sauf voies extraordinaires dont les conditions demeurent strictes et \u00e9trang\u00e8res au contr\u00f4le ordinaire de l\u00e9galit\u00e9. Le dispositif confirme cette issue en ces termes: \u00ab REJETTE le pourvoi ; \u00bb et refuse, au demeurant, les frais irr\u00e9p\u00e9tibles sollicit\u00e9s. La d\u00e9cision pr\u00e9cise \u00e0 cet \u00e9gard: \u00ab En application de l&#8217;article 700 du code de proc\u00e9dure civile, rejette la demande ; \u00bb ce qui cl\u00f4t l&#8217;instance.<\/p>\n<p>Reste \u00e0 appr\u00e9cier la valeur de ce proc\u00e9d\u00e9 et les limites qu&#8217;il entra\u00eene pour l&#8217;intelligibilit\u00e9 des solutions et la pr\u00e9visibilit\u00e9 du droit.<\/p>\n<p>II. Appr\u00e9ciation critique et perspectives<\/p>\n<p>A. C\u00e9l\u00e9rit\u00e9, lisibilit\u00e9 normative et s\u00e9curit\u00e9<\/p>\n<p>La rationalisation op\u00e9r\u00e9e par l&#8217;article 1014 r\u00e9pond \u00e0 l&#8217;enjeu de ma\u00eetrise des d\u00e9lais, sans priver les parties d&#8217;un v\u00e9ritable examen des moyens. Le rappel de la base l\u00e9gale et de la \u00ab manifestet\u00e9 \u00bb des griefs assure une lisibilit\u00e9 minimale, suffisante \u00e0 justifier la bri\u00e8vet\u00e9 du motif. La Cour maintient ainsi la coh\u00e9rence de sa fonction r\u00e9gulatrice, en \u00e9vitant d&#8217;\u00e9riger en principes des solutions d&#8217;esp\u00e8ce appelant seulement confirmation. Cette \u00e9conomie d&#8217;\u00e9criture pr\u00e9serve la hi\u00e9rarchie des d\u00e9cisions, en concentrant l&#8217;effort motivationnel sur les arr\u00eats appel\u00e9s \u00e0 guider la jurisprudence.<\/p>\n<p>B. Exigence de motivation et garanties<\/p>\n<p>L&#8217;absence de motifs d\u00e9velopp\u00e9s peut toutefois frustrer l&#8217;attente d&#8217;explication, notamment lorsque les moyens paraissent s\u00e9rieux aux yeux des plaideurs ou de la doctrine. Le risque principal tient \u00e0 la difficult\u00e9 d&#8217;identifier la raison pr\u00e9cise du rejet, ce qui complique l&#8217;anticipation des solutions futures dans des esp\u00e8ces proches. La Cour att\u00e9nue n\u00e9anmoins ce risque en r\u00e9servant la proc\u00e9dure aux moyens manifestement inefficaces, et en s&#8217;appuyant sur l&#8217;arr\u00eat d&#8217;appel pour la compr\u00e9hension du litige. Le contr\u00f4le conduit par la formation r\u00e9guli\u00e8re, l&#8217;audience publique et la r\u00e9f\u00e9rence explicite au fondement textuel constituent des garanties structurelles suffisantes. L&#8217;\u00e9quilibre recherch\u00e9 combine c\u00e9l\u00e9rit\u00e9 proc\u00e9durale et loyaut\u00e9 de la d\u00e9cision, tout en \u00e9vitant une surcharge r\u00e9dactionnelle impropre \u00e0 la mission de r\u00e9gulation normative.<\/p>\n<\/div>\n","protected":false},"excerpt":{"rendered":"<p>La Cour de cassation, deuxi\u00e8me chambre civile, 3 juillet 2025, rejette un pourvoi dirig\u00e9 contre l&#8217;arr\u00eat rendu par la cour d&#8217;appel de Paris, 17 mars 2023. L&#8217;e&#8230;<\/p>\n","protected":false},"author":232070755,"featured_media":4672,"comment_status":"open","ping_status":"open","sticky":false,"template":"","format":"standard","meta":{"_crdt_document":"","_jetpack_newsletter_access":"","_jetpack_dont_email_post_to_subs":false,"_jetpack_newsletter_tier_id":0,"_jetpack_memberships_contains_paywalled_content":false,"_kj_source_type":"","_kj_official_id":"","_kj_official_url":"","_kj_judilibre_id":"","_kj_jur":"","_kj_lieu":"","_kj_chambre":"","_kj_rg":"","_kj_date":"","_jetpack_memberships_contains_paid_content":false,"footnotes":"","jetpack_post_was_ever_published":false},"categories":[7597],"tags":[],"class_list":["post-685413","post","type-post","status-publish","format-standard","has-post-thumbnail","hentry","category-jurisprudence"],"yoast_head":"<!-- This site is optimized with the Yoast SEO Premium plugin v27.5 (Yoast SEO v27.5) - https:\/\/yoast.com\/product\/yoast-seo-premium-wordpress\/ -->\n<title>Cour d&#039;appel de Paris, le 3 juillet 2025, n\u00b023-15.913 - Ma\u00eetre Hassan Kohen, avocat en droit p\u00e9nal \u00e0 Paris<\/title>\n<meta name=\"description\" content=\"La Cour de cassation, deuxi\u00e8me chambre civile, 3 juillet 2025, rejette un pourvoi dirig\u00e9 contre l&#039;arr\u00eat rendu par la cour d&#039;appel de Paris, 17 mars 2023. L&#039;e...\" \/>\n<meta name=\"robots\" content=\"index, follow, max-snippet:-1, max-image-preview:large, max-video-preview:-1\" \/>\n<link rel=\"canonical\" href=\"https:\/\/kohenavocats.com\/zh-hans\/cour-dappel-de-paris-le-3-juillet-2025-n23-15-913\/\" \/>\n<meta property=\"og:locale\" content=\"zh_CN\" \/>\n<meta property=\"og:type\" content=\"article\" \/>\n<meta property=\"og:title\" content=\"Cour d&#039;appel de Paris, le 3 juillet 2025, n\u00b023-15.913\" \/>\n<meta property=\"og:description\" content=\"La Cour de cassation, deuxi\u00e8me chambre civile, 3 juillet 2025, rejette un pourvoi dirig\u00e9 contre l&#039;arr\u00eat rendu par la cour d&#039;appel de Paris, 17 mars 2023. L&#039;e...\" \/>\n<meta property=\"og:url\" content=\"https:\/\/kohenavocats.com\/zh-hans\/cour-dappel-de-paris-le-3-juillet-2025-n23-15-913\/\" \/>\n<meta property=\"og:site_name\" content=\"Ma\u00eetre Hassan Kohen, avocat en droit p\u00e9nal \u00e0 Paris\" \/>\n<meta property=\"article:published_time\" content=\"2026-04-25T18:37:22+00:00\" \/>\n<meta property=\"og:image\" content=\"https:\/\/kohenavocats.com\/wp-content\/uploads\/2024\/08\/allan-francis-ymVi7QhCiTI-unsplash.webp\" \/>\n\t<meta property=\"og:image:width\" content=\"8041\" \/>\n\t<meta property=\"og:image:height\" content=\"4523\" \/>\n\t<meta property=\"og:image:type\" content=\"image\/webp\" \/>\n<meta name=\"author\" content=\"Kohen\" \/>\n<meta name=\"twitter:card\" content=\"summary_large_image\" \/>\n<meta name=\"twitter:label1\" content=\"\u4f5c\u8005\" \/>\n\t<meta name=\"twitter:data1\" content=\"Kohen\" \/>\n\t<meta name=\"twitter:label2\" content=\"\u9884\u8ba1\u9605\u8bfb\u65f6\u95f4\" \/>\n\t<meta name=\"twitter:data2\" content=\"4 \u5206\" \/>\n<script type=\"application\/ld+json\" class=\"yoast-schema-graph\">{\"@context\":\"https:\\\/\\\/schema.org\",\"@graph\":[{\"@type\":\"Article\",\"@id\":\"https:\\\/\\\/kohenavocats.com\\\/zh-hans\\\/cour-dappel-de-paris-le-3-juillet-2025-n23-15-913\\\/#article\",\"isPartOf\":{\"@id\":\"https:\\\/\\\/kohenavocats.com\\\/zh-hans\\\/cour-dappel-de-paris-le-3-juillet-2025-n23-15-913\\\/\"},\"author\":{\"name\":\"Kohen\",\"@id\":\"https:\\\/\\\/kohenavocats.com\\\/zh-hans\\\/#\\\/schema\\\/person\\\/761c9ba54fa1ca84d405cef0831ff751\"},\"headline\":\"Cour d&#8217;appel de Paris, le 3 juillet 2025, n\u00b023-15.913\",\"datePublished\":\"2026-04-25T18:37:22+00:00\",\"mainEntityOfPage\":{\"@id\":\"https:\\\/\\\/kohenavocats.com\\\/zh-hans\\\/cour-dappel-de-paris-le-3-juillet-2025-n23-15-913\\\/\"},\"wordCount\":839,\"commentCount\":0,\"publisher\":{\"@id\":\"https:\\\/\\\/kohenavocats.com\\\/zh-hans\\\/#organization\"},\"image\":{\"@id\":\"https:\\\/\\\/kohenavocats.com\\\/zh-hans\\\/cour-dappel-de-paris-le-3-juillet-2025-n23-15-913\\\/#primaryimage\"},\"thumbnailUrl\":\"https:\\\/\\\/kohenavocats.com\\\/wp-content\\\/uploads\\\/2024\\\/08\\\/allan-francis-ymVi7QhCiTI-unsplash.webp\",\"articleSection\":[\"Jurisprudence\"],\"inLanguage\":\"zh-Hans\",\"potentialAction\":[{\"@type\":\"CommentAction\",\"name\":\"Comment\",\"target\":[\"https:\\\/\\\/kohenavocats.com\\\/zh-hans\\\/cour-dappel-de-paris-le-3-juillet-2025-n23-15-913\\\/#respond\"]}],\"citation\":\"Cour d&#8217;appel de Paris, le 3 juillet 2025, n\u00b023-15.913\",\"about\":[{\"@type\":\"Thing\",\"name\":\"Jurisprudence\"}],\"dateModified\":\"2026-04-25T18:37:22+00:00\",\"speakable\":{\"@type\":\"SpeakableSpecification\",\"cssSelector\":[\".article-content > p:first-of-type\"]}},{\"@type\":\"WebPage\",\"@id\":\"https:\\\/\\\/kohenavocats.com\\\/zh-hans\\\/cour-dappel-de-paris-le-3-juillet-2025-n23-15-913\\\/\",\"url\":\"https:\\\/\\\/kohenavocats.com\\\/zh-hans\\\/cour-dappel-de-paris-le-3-juillet-2025-n23-15-913\\\/\",\"name\":\"Cour d'appel de Paris, le 3 juillet 2025, n\u00b023-15.913 - Ma\u00eetre Hassan Kohen, avocat en droit p\u00e9nal \u00e0 Paris\",\"isPartOf\":{\"@id\":\"https:\\\/\\\/kohenavocats.com\\\/zh-hans\\\/#website\"},\"primaryImageOfPage\":{\"@id\":\"https:\\\/\\\/kohenavocats.com\\\/zh-hans\\\/cour-dappel-de-paris-le-3-juillet-2025-n23-15-913\\\/#primaryimage\"},\"image\":{\"@id\":\"https:\\\/\\\/kohenavocats.com\\\/zh-hans\\\/cour-dappel-de-paris-le-3-juillet-2025-n23-15-913\\\/#primaryimage\"},\"thumbnailUrl\":\"https:\\\/\\\/kohenavocats.com\\\/wp-content\\\/uploads\\\/2024\\\/08\\\/allan-francis-ymVi7QhCiTI-unsplash.webp\",\"datePublished\":\"2026-04-25T18:37:22+00:00\",\"description\":\"La Cour de cassation, deuxi\u00e8me chambre civile, 3 juillet 2025, rejette un pourvoi dirig\u00e9 contre l'arr\u00eat rendu par la cour d'appel de Paris, 17 mars 2023. L'e...\",\"breadcrumb\":{\"@id\":\"https:\\\/\\\/kohenavocats.com\\\/zh-hans\\\/cour-dappel-de-paris-le-3-juillet-2025-n23-15-913\\\/#breadcrumb\"},\"inLanguage\":\"zh-Hans\",\"potentialAction\":[{\"@type\":\"ReadAction\",\"target\":[\"https:\\\/\\\/kohenavocats.com\\\/zh-hans\\\/cour-dappel-de-paris-le-3-juillet-2025-n23-15-913\\\/\"]}]},{\"@type\":\"ImageObject\",\"inLanguage\":\"zh-Hans\",\"@id\":\"https:\\\/\\\/kohenavocats.com\\\/zh-hans\\\/cour-dappel-de-paris-le-3-juillet-2025-n23-15-913\\\/#primaryimage\",\"url\":\"https:\\\/\\\/kohenavocats.com\\\/wp-content\\\/uploads\\\/2024\\\/08\\\/allan-francis-ymVi7QhCiTI-unsplash.webp\",\"contentUrl\":\"https:\\\/\\\/kohenavocats.com\\\/wp-content\\\/uploads\\\/2024\\\/08\\\/allan-francis-ymVi7QhCiTI-unsplash.webp\",\"width\":8041,\"height\":4523},{\"@type\":\"BreadcrumbList\",\"@id\":\"https:\\\/\\\/kohenavocats.com\\\/zh-hans\\\/cour-dappel-de-paris-le-3-juillet-2025-n23-15-913\\\/#breadcrumb\",\"itemListElement\":[{\"@type\":\"ListItem\",\"position\":1,\"name\":\"Home\",\"item\":\"https:\\\/\\\/kohenavocats.com\\\/zh-hans\\\/\"},{\"@type\":\"ListItem\",\"position\":2,\"name\":\"Cour d&rsquo;appel de Paris, le 3 juillet 2025, n\u00b023-15.913\"}]},{\"@type\":\"WebSite\",\"@id\":\"https:\\\/\\\/kohenavocats.com\\\/zh-hans\\\/#website\",\"url\":\"https:\\\/\\\/kohenavocats.com\\\/zh-hans\\\/\",\"name\":\"Kohen Avocats\",\"description\":\"Ma\u00eetre Hassan Kohen, avocat p\u00e9naliste \u00e0 Paris, intervient exclusivement en droit p\u00e9nal pour la d\u00e9fense des particuliers, notamment en mati\u00e8re d\u2019accusations de viol. Il assure un accompagnement rigoureux d\u00e8s la garde \u00e0 vue jusqu\u2019\u00e0 la Cour d\u2019assises, veillant au strict respect des garanties proc\u00e9durales.\",\"publisher\":{\"@id\":\"https:\\\/\\\/kohenavocats.com\\\/zh-hans\\\/#organization\"},\"potentialAction\":[{\"@type\":\"SearchAction\",\"target\":{\"@type\":\"EntryPoint\",\"urlTemplate\":\"https:\\\/\\\/kohenavocats.com\\\/zh-hans\\\/?s={search_term_string}\"},\"query-input\":{\"@type\":\"PropertyValueSpecification\",\"valueRequired\":true,\"valueName\":\"search_term_string\"}}],\"inLanguage\":\"zh-Hans\"},{\"@type\":\"Organization\",\"@id\":\"https:\\\/\\\/kohenavocats.com\\\/zh-hans\\\/#organization\",\"name\":\"Kohen Avocats\",\"url\":\"https:\\\/\\\/kohenavocats.com\\\/zh-hans\\\/\",\"logo\":{\"@type\":\"ImageObject\",\"inLanguage\":\"zh-Hans\",\"@id\":\"https:\\\/\\\/kohenavocats.com\\\/zh-hans\\\/#\\\/schema\\\/logo\\\/image\\\/\",\"url\":\"https:\\\/\\\/kohenavocats.com\\\/wp-content\\\/uploads\\\/2026\\\/01\\\/Logo-2-1.webp\",\"contentUrl\":\"https:\\\/\\\/kohenavocats.com\\\/wp-content\\\/uploads\\\/2026\\\/01\\\/Logo-2-1.webp\",\"width\":2114,\"height\":1253,\"caption\":\"Kohen Avocats\"},\"image\":{\"@id\":\"https:\\\/\\\/kohenavocats.com\\\/zh-hans\\\/#\\\/schema\\\/logo\\\/image\\\/\"}},{\"@type\":\"Person\",\"@id\":\"https:\\\/\\\/kohenavocats.com\\\/zh-hans\\\/#\\\/schema\\\/person\\\/761c9ba54fa1ca84d405cef0831ff751\",\"name\":\"Kohen\",\"image\":{\"@type\":\"ImageObject\",\"inLanguage\":\"zh-Hans\",\"@id\":\"https:\\\/\\\/secure.gravatar.com\\\/avatar\\\/1c5e76ef76bbbfdd2b4da984e2bf2fa4056fd51a27d25ce2c332047f1dfd6e00?s=96&d=identicon&r=g\",\"url\":\"https:\\\/\\\/secure.gravatar.com\\\/avatar\\\/1c5e76ef76bbbfdd2b4da984e2bf2fa4056fd51a27d25ce2c332047f1dfd6e00?s=96&d=identicon&r=g\",\"contentUrl\":\"https:\\\/\\\/secure.gravatar.com\\\/avatar\\\/1c5e76ef76bbbfdd2b4da984e2bf2fa4056fd51a27d25ce2c332047f1dfd6e00?s=96&d=identicon&r=g\",\"caption\":\"Kohen\"},\"sameAs\":[\"https:\\\/\\\/www.linkedin.com\\\/in\\\/hassan-kohen-448548192\\\/\",\"https:\\\/\\\/www.youtube.com\\\/@Kohen-Avocats\"],\"url\":\"https:\\\/\\\/kohenavocats.com\\\/zh-hans\\\/author\\\/kohenmlk\\\/\"}]}<\/script>\n<!-- \/ Yoast SEO Premium plugin. -->","yoast_head_json":{"title":"Cour d'appel de Paris, le 3 juillet 2025, n\u00b023-15.913 - Ma\u00eetre Hassan Kohen, avocat en droit p\u00e9nal \u00e0 Paris","description":"La Cour de cassation, deuxi\u00e8me chambre civile, 3 juillet 2025, rejette un pourvoi dirig\u00e9 contre l'arr\u00eat rendu par la cour d'appel de Paris, 17 mars 2023. L'e...","robots":{"index":"index","follow":"follow","max-snippet":"max-snippet:-1","max-image-preview":"max-image-preview:large","max-video-preview":"max-video-preview:-1"},"canonical":"https:\/\/kohenavocats.com\/zh-hans\/cour-dappel-de-paris-le-3-juillet-2025-n23-15-913\/","og_locale":"zh_CN","og_type":"article","og_title":"Cour d'appel de Paris, le 3 juillet 2025, n\u00b023-15.913","og_description":"La Cour de cassation, deuxi\u00e8me chambre civile, 3 juillet 2025, rejette un pourvoi dirig\u00e9 contre l'arr\u00eat rendu par la cour d'appel de Paris, 17 mars 2023. L'e...","og_url":"https:\/\/kohenavocats.com\/zh-hans\/cour-dappel-de-paris-le-3-juillet-2025-n23-15-913\/","og_site_name":"Ma\u00eetre Hassan Kohen, avocat en droit p\u00e9nal \u00e0 Paris","article_published_time":"2026-04-25T18:37:22+00:00","og_image":[{"width":8041,"height":4523,"url":"https:\/\/kohenavocats.com\/wp-content\/uploads\/2024\/08\/allan-francis-ymVi7QhCiTI-unsplash.webp","type":"image\/webp"}],"author":"Kohen","twitter_card":"summary_large_image","twitter_misc":{"\u4f5c\u8005":"Kohen","\u9884\u8ba1\u9605\u8bfb\u65f6\u95f4":"4 \u5206"},"schema":{"@context":"https:\/\/schema.org","@graph":[{"@type":"Article","@id":"https:\/\/kohenavocats.com\/zh-hans\/cour-dappel-de-paris-le-3-juillet-2025-n23-15-913\/#article","isPartOf":{"@id":"https:\/\/kohenavocats.com\/zh-hans\/cour-dappel-de-paris-le-3-juillet-2025-n23-15-913\/"},"author":{"name":"Kohen","@id":"https:\/\/kohenavocats.com\/zh-hans\/#\/schema\/person\/761c9ba54fa1ca84d405cef0831ff751"},"headline":"Cour d&#8217;appel de Paris, le 3 juillet 2025, n\u00b023-15.913","datePublished":"2026-04-25T18:37:22+00:00","mainEntityOfPage":{"@id":"https:\/\/kohenavocats.com\/zh-hans\/cour-dappel-de-paris-le-3-juillet-2025-n23-15-913\/"},"wordCount":839,"commentCount":0,"publisher":{"@id":"https:\/\/kohenavocats.com\/zh-hans\/#organization"},"image":{"@id":"https:\/\/kohenavocats.com\/zh-hans\/cour-dappel-de-paris-le-3-juillet-2025-n23-15-913\/#primaryimage"},"thumbnailUrl":"https:\/\/kohenavocats.com\/wp-content\/uploads\/2024\/08\/allan-francis-ymVi7QhCiTI-unsplash.webp","articleSection":["Jurisprudence"],"inLanguage":"zh-Hans","potentialAction":[{"@type":"CommentAction","name":"Comment","target":["https:\/\/kohenavocats.com\/zh-hans\/cour-dappel-de-paris-le-3-juillet-2025-n23-15-913\/#respond"]}],"citation":"Cour d&#8217;appel de Paris, le 3 juillet 2025, n\u00b023-15.913","about":[{"@type":"Thing","name":"Jurisprudence"}],"dateModified":"2026-04-25T18:37:22+00:00","speakable":{"@type":"SpeakableSpecification","cssSelector":[".article-content > p:first-of-type"]}},{"@type":"WebPage","@id":"https:\/\/kohenavocats.com\/zh-hans\/cour-dappel-de-paris-le-3-juillet-2025-n23-15-913\/","url":"https:\/\/kohenavocats.com\/zh-hans\/cour-dappel-de-paris-le-3-juillet-2025-n23-15-913\/","name":"Cour d'appel de Paris, le 3 juillet 2025, n\u00b023-15.913 - Ma\u00eetre Hassan Kohen, avocat en droit p\u00e9nal \u00e0 Paris","isPartOf":{"@id":"https:\/\/kohenavocats.com\/zh-hans\/#website"},"primaryImageOfPage":{"@id":"https:\/\/kohenavocats.com\/zh-hans\/cour-dappel-de-paris-le-3-juillet-2025-n23-15-913\/#primaryimage"},"image":{"@id":"https:\/\/kohenavocats.com\/zh-hans\/cour-dappel-de-paris-le-3-juillet-2025-n23-15-913\/#primaryimage"},"thumbnailUrl":"https:\/\/kohenavocats.com\/wp-content\/uploads\/2024\/08\/allan-francis-ymVi7QhCiTI-unsplash.webp","datePublished":"2026-04-25T18:37:22+00:00","description":"La Cour de cassation, deuxi\u00e8me chambre civile, 3 juillet 2025, rejette un pourvoi dirig\u00e9 contre l'arr\u00eat rendu par la cour d'appel de Paris, 17 mars 2023. L'e...","breadcrumb":{"@id":"https:\/\/kohenavocats.com\/zh-hans\/cour-dappel-de-paris-le-3-juillet-2025-n23-15-913\/#breadcrumb"},"inLanguage":"zh-Hans","potentialAction":[{"@type":"ReadAction","target":["https:\/\/kohenavocats.com\/zh-hans\/cour-dappel-de-paris-le-3-juillet-2025-n23-15-913\/"]}]},{"@type":"ImageObject","inLanguage":"zh-Hans","@id":"https:\/\/kohenavocats.com\/zh-hans\/cour-dappel-de-paris-le-3-juillet-2025-n23-15-913\/#primaryimage","url":"https:\/\/kohenavocats.com\/wp-content\/uploads\/2024\/08\/allan-francis-ymVi7QhCiTI-unsplash.webp","contentUrl":"https:\/\/kohenavocats.com\/wp-content\/uploads\/2024\/08\/allan-francis-ymVi7QhCiTI-unsplash.webp","width":8041,"height":4523},{"@type":"BreadcrumbList","@id":"https:\/\/kohenavocats.com\/zh-hans\/cour-dappel-de-paris-le-3-juillet-2025-n23-15-913\/#breadcrumb","itemListElement":[{"@type":"ListItem","position":1,"name":"Home","item":"https:\/\/kohenavocats.com\/zh-hans\/"},{"@type":"ListItem","position":2,"name":"Cour d&rsquo;appel de Paris, le 3 juillet 2025, n\u00b023-15.913"}]},{"@type":"WebSite","@id":"https:\/\/kohenavocats.com\/zh-hans\/#website","url":"https:\/\/kohenavocats.com\/zh-hans\/","name":"Kohen Avocats","description":"Ma\u00eetre Hassan Kohen, avocat p\u00e9naliste \u00e0 Paris, intervient exclusivement en droit p\u00e9nal pour la d\u00e9fense des particuliers, notamment en mati\u00e8re d\u2019accusations de viol. Il assure un accompagnement rigoureux d\u00e8s la garde \u00e0 vue jusqu\u2019\u00e0 la Cour d\u2019assises, veillant au strict respect des garanties proc\u00e9durales.","publisher":{"@id":"https:\/\/kohenavocats.com\/zh-hans\/#organization"},"potentialAction":[{"@type":"SearchAction","target":{"@type":"EntryPoint","urlTemplate":"https:\/\/kohenavocats.com\/zh-hans\/?s={search_term_string}"},"query-input":{"@type":"PropertyValueSpecification","valueRequired":true,"valueName":"search_term_string"}}],"inLanguage":"zh-Hans"},{"@type":"Organization","@id":"https:\/\/kohenavocats.com\/zh-hans\/#organization","name":"Kohen Avocats","url":"https:\/\/kohenavocats.com\/zh-hans\/","logo":{"@type":"ImageObject","inLanguage":"zh-Hans","@id":"https:\/\/kohenavocats.com\/zh-hans\/#\/schema\/logo\/image\/","url":"https:\/\/kohenavocats.com\/wp-content\/uploads\/2026\/01\/Logo-2-1.webp","contentUrl":"https:\/\/kohenavocats.com\/wp-content\/uploads\/2026\/01\/Logo-2-1.webp","width":2114,"height":1253,"caption":"Kohen Avocats"},"image":{"@id":"https:\/\/kohenavocats.com\/zh-hans\/#\/schema\/logo\/image\/"}},{"@type":"Person","@id":"https:\/\/kohenavocats.com\/zh-hans\/#\/schema\/person\/761c9ba54fa1ca84d405cef0831ff751","name":"Kohen","image":{"@type":"ImageObject","inLanguage":"zh-Hans","@id":"https:\/\/secure.gravatar.com\/avatar\/1c5e76ef76bbbfdd2b4da984e2bf2fa4056fd51a27d25ce2c332047f1dfd6e00?s=96&d=identicon&r=g","url":"https:\/\/secure.gravatar.com\/avatar\/1c5e76ef76bbbfdd2b4da984e2bf2fa4056fd51a27d25ce2c332047f1dfd6e00?s=96&d=identicon&r=g","contentUrl":"https:\/\/secure.gravatar.com\/avatar\/1c5e76ef76bbbfdd2b4da984e2bf2fa4056fd51a27d25ce2c332047f1dfd6e00?s=96&d=identicon&r=g","caption":"Kohen"},"sameAs":["https:\/\/www.linkedin.com\/in\/hassan-kohen-448548192\/","https:\/\/www.youtube.com\/@Kohen-Avocats"],"url":"https:\/\/kohenavocats.com\/zh-hans\/author\/kohenmlk\/"}]}},"jetpack_featured_media_url":"https:\/\/kohenavocats.com\/wp-content\/uploads\/2024\/08\/allan-francis-ymVi7QhCiTI-unsplash.webp","jetpack_likes_enabled":false,"jetpack_shortlink":"https:\/\/wp.me\/peCrII-2Sj3","jetpack-related-posts":[{"id":236456,"url":"https:\/\/kohenavocats.com\/zh-hans\/chambre-commerciale-financiere-et-economique-de-la-cour-de-cassation-le-2-juillet-2025-n24-16-041\/","url_meta":{"origin":685413,"position":0},"title":"Chambre commerciale financi\u00e8re et \u00e9conomique de la Cour de cassation, le 2 juillet 2025, n\u00b024-16.041","author":"Kohen","date":"2025\u5e7412\u670829\u65e5","format":false,"excerpt":"La d\u00e9cision rendue par la chambre commerciale, fin\u2026","rel":"","context":"\u5728\u201cCour de cassation\u201d\u4e2d","block_context":{"text":"Cour de cassation","link":"https:\/\/kohenavocats.com\/category\/cour-de-cassation\/"},"img":{"alt_text":"","src":"https:\/\/i0.wp.com\/kohenavocats.com\/wp-content\/uploads\/2024\/11\/getty-images-Sk9JF1KDz6M-unsplash.webp?resize=350%2C200&ssl=1","width":350,"height":200,"srcset":"https:\/\/i0.wp.com\/kohenavocats.com\/wp-content\/uploads\/2024\/11\/getty-images-Sk9JF1KDz6M-unsplash.webp?resize=350%2C200&ssl=1 1x, https:\/\/i0.wp.com\/kohenavocats.com\/wp-content\/uploads\/2024\/11\/getty-images-Sk9JF1KDz6M-unsplash.webp?resize=525%2C300&ssl=1 1.5x, https:\/\/i0.wp.com\/kohenavocats.com\/wp-content\/uploads\/2024\/11\/getty-images-Sk9JF1KDz6M-unsplash.webp?resize=700%2C400&ssl=1 2x, https:\/\/i0.wp.com\/kohenavocats.com\/wp-content\/uploads\/2024\/11\/getty-images-Sk9JF1KDz6M-unsplash.webp?resize=1050%2C600&ssl=1 3x, https:\/\/i0.wp.com\/kohenavocats.com\/wp-content\/uploads\/2024\/11\/getty-images-Sk9JF1KDz6M-unsplash.webp?resize=1400%2C800&ssl=1 4x"},"classes":[]},{"id":235729,"url":"https:\/\/kohenavocats.com\/zh-hans\/chambre-commerciale-financiere-et-economique-de-la-cour-de-cassation-le-2-juillet-2025-n24-16-759\/","url_meta":{"origin":685413,"position":1},"title":"Chambre commerciale financi\u00e8re et \u00e9conomique de la Cour de cassation, le 2 juillet 2025, n\u00b024-16.759","author":"Kohen","date":"2025\u5e7412\u670828\u65e5","format":false,"excerpt":"La chambre commerciale, financi\u00e8re et \u00e9conomique d\u2026","rel":"","context":"\u5728\u201cCour de cassation\u201d\u4e2d","block_context":{"text":"Cour de cassation","link":"https:\/\/kohenavocats.com\/category\/cour-de-cassation\/"},"img":{"alt_text":"","src":"https:\/\/i0.wp.com\/kohenavocats.com\/wp-content\/uploads\/2024\/11\/alex-shuper-EpYGXgIeTTQ-unsplash.webp?resize=350%2C200&ssl=1","width":350,"height":200,"srcset":"https:\/\/i0.wp.com\/kohenavocats.com\/wp-content\/uploads\/2024\/11\/alex-shuper-EpYGXgIeTTQ-unsplash.webp?resize=350%2C200&ssl=1 1x, https:\/\/i0.wp.com\/kohenavocats.com\/wp-content\/uploads\/2024\/11\/alex-shuper-EpYGXgIeTTQ-unsplash.webp?resize=525%2C300&ssl=1 1.5x, https:\/\/i0.wp.com\/kohenavocats.com\/wp-content\/uploads\/2024\/11\/alex-shuper-EpYGXgIeTTQ-unsplash.webp?resize=700%2C400&ssl=1 2x, https:\/\/i0.wp.com\/kohenavocats.com\/wp-content\/uploads\/2024\/11\/alex-shuper-EpYGXgIeTTQ-unsplash.webp?resize=1050%2C600&ssl=1 3x, https:\/\/i0.wp.com\/kohenavocats.com\/wp-content\/uploads\/2024\/11\/alex-shuper-EpYGXgIeTTQ-unsplash.webp?resize=1400%2C800&ssl=1 4x"},"classes":[]},{"id":235832,"url":"https:\/\/kohenavocats.com\/zh-hans\/premiere-chambre-civile-de-la-cour-de-cassation-le-9-juillet-2025-n23-19-539\/","url_meta":{"origin":685413,"position":2},"title":"Premi\u00e8re chambre civile de la Cour de cassation, le 9 juillet 2025, n\u00b023-19.539","author":"Kohen","date":"2025\u5e7412\u670829\u65e5","format":false,"excerpt":"La d\u00e9cision rendue par la premi\u00e8re chambre civile \u2026","rel":"","context":"\u5728\u201cCour de cassation\u201d\u4e2d","block_context":{"text":"Cour de cassation","link":"https:\/\/kohenavocats.com\/category\/cour-de-cassation\/"},"img":{"alt_text":"","src":"https:\/\/i0.wp.com\/kohenavocats.com\/wp-content\/uploads\/2024\/08\/sofia-vila-flor-iX4r2YviN8E-unsplash.webp?resize=350%2C200&ssl=1","width":350,"height":200,"srcset":"https:\/\/i0.wp.com\/kohenavocats.com\/wp-content\/uploads\/2024\/08\/sofia-vila-flor-iX4r2YviN8E-unsplash.webp?resize=350%2C200&ssl=1 1x, https:\/\/i0.wp.com\/kohenavocats.com\/wp-content\/uploads\/2024\/08\/sofia-vila-flor-iX4r2YviN8E-unsplash.webp?resize=525%2C300&ssl=1 1.5x, https:\/\/i0.wp.com\/kohenavocats.com\/wp-content\/uploads\/2024\/08\/sofia-vila-flor-iX4r2YviN8E-unsplash.webp?resize=700%2C400&ssl=1 2x, https:\/\/i0.wp.com\/kohenavocats.com\/wp-content\/uploads\/2024\/08\/sofia-vila-flor-iX4r2YviN8E-unsplash.webp?resize=1050%2C600&ssl=1 3x, https:\/\/i0.wp.com\/kohenavocats.com\/wp-content\/uploads\/2024\/08\/sofia-vila-flor-iX4r2YviN8E-unsplash.webp?resize=1400%2C800&ssl=1 4x"},"classes":[]},{"id":50327,"url":"https:\/\/kohenavocats.com\/zh-hans\/chambre-sociale-de-la-cour-de-cassation-le-18-juin-2025-n24-17-849\/","url_meta":{"origin":685413,"position":3},"title":"Chambre sociale de la Cour de cassation, le 18 juin 2025, n\u00b024-17.849","author":"Kohen","date":"2025\u5e7411\u67088\u65e5","format":false,"excerpt":"La chambre sociale de la Cour de cassation, par d\u00e9\u2026","rel":"","context":"\u5728\u201cCour de cassation\u201d\u4e2d","block_context":{"text":"Cour de cassation","link":"https:\/\/kohenavocats.com\/category\/cour-de-cassation\/"},"img":{"alt_text":"","src":"https:\/\/i0.wp.com\/kohenavocats.com\/wp-content\/uploads\/2024\/08\/nathan-cima-Oo1B6DhVtBo-unsplash.webp?resize=350%2C200&ssl=1","width":350,"height":200,"srcset":"https:\/\/i0.wp.com\/kohenavocats.com\/wp-content\/uploads\/2024\/08\/nathan-cima-Oo1B6DhVtBo-unsplash.webp?resize=350%2C200&ssl=1 1x, https:\/\/i0.wp.com\/kohenavocats.com\/wp-content\/uploads\/2024\/08\/nathan-cima-Oo1B6DhVtBo-unsplash.webp?resize=525%2C300&ssl=1 1.5x, https:\/\/i0.wp.com\/kohenavocats.com\/wp-content\/uploads\/2024\/08\/nathan-cima-Oo1B6DhVtBo-unsplash.webp?resize=700%2C400&ssl=1 2x, https:\/\/i0.wp.com\/kohenavocats.com\/wp-content\/uploads\/2024\/08\/nathan-cima-Oo1B6DhVtBo-unsplash.webp?resize=1050%2C600&ssl=1 3x, https:\/\/i0.wp.com\/kohenavocats.com\/wp-content\/uploads\/2024\/08\/nathan-cima-Oo1B6DhVtBo-unsplash.webp?resize=1400%2C800&ssl=1 4x"},"classes":[]},{"id":441038,"url":"https:\/\/kohenavocats.com\/zh-hans\/cour-de-cassation-le-29-janvier-2026-n24-11-193\/","url_meta":{"origin":685413,"position":4},"title":"Cour de cassation, le 29 janvier 2026, n\u00b024-11.193","author":"","date":"2026\u5e744\u67084\u65e5","format":false,"excerpt":"La Cour de cassation, troisi\u00e8me chambre civile, da\u2026","rel":"","context":"\u5728\u201cCour de cassation\u201d\u4e2d","block_context":{"text":"Cour de cassation","link":"https:\/\/kohenavocats.com\/category\/cour-de-cassation\/"},"img":{"alt_text":"","src":"https:\/\/i0.wp.com\/kohenavocats.com\/wp-content\/uploads\/2024\/08\/zoltan-tasi-Fdt2aSbdRig-unsplash.webp?resize=350%2C200&ssl=1","width":350,"height":200,"srcset":"https:\/\/i0.wp.com\/kohenavocats.com\/wp-content\/uploads\/2024\/08\/zoltan-tasi-Fdt2aSbdRig-unsplash.webp?resize=350%2C200&ssl=1 1x, https:\/\/i0.wp.com\/kohenavocats.com\/wp-content\/uploads\/2024\/08\/zoltan-tasi-Fdt2aSbdRig-unsplash.webp?resize=525%2C300&ssl=1 1.5x, https:\/\/i0.wp.com\/kohenavocats.com\/wp-content\/uploads\/2024\/08\/zoltan-tasi-Fdt2aSbdRig-unsplash.webp?resize=700%2C400&ssl=1 2x, https:\/\/i0.wp.com\/kohenavocats.com\/wp-content\/uploads\/2024\/08\/zoltan-tasi-Fdt2aSbdRig-unsplash.webp?resize=1050%2C600&ssl=1 3x, https:\/\/i0.wp.com\/kohenavocats.com\/wp-content\/uploads\/2024\/08\/zoltan-tasi-Fdt2aSbdRig-unsplash.webp?resize=1400%2C800&ssl=1 4x"},"classes":[]},{"id":87952,"url":"https:\/\/kohenavocats.com\/zh-hans\/chambre-commerciale-financiere-et-economique-de-la-cour-de-cassation-le-2-juillet-2025-n24-16-787\/","url_meta":{"origin":685413,"position":5},"title":"Chambre commerciale financi\u00e8re et \u00e9conomique de la Cour de cassation, le 2 juillet 2025, n\u00b024-16.787","author":"Kohen","date":"2025\u5e7411\u670810\u65e5","format":false,"excerpt":"Rendue par la Cour de cassation, chambre commercia\u2026","rel":"","context":"\u5728\u201cTravaux Parlementaires\u201d\u4e2d","block_context":{"text":"Travaux Parlementaires","link":"https:\/\/kohenavocats.com\/category\/travaux-parlementaires\/"},"img":{"alt_text":"","src":"https:\/\/i0.wp.com\/kohenavocats.com\/wp-content\/uploads\/2024\/08\/andre-benz-AiORnUT6sC0-unsplash.webp?resize=350%2C200&ssl=1","width":350,"height":200,"srcset":"https:\/\/i0.wp.com\/kohenavocats.com\/wp-content\/uploads\/2024\/08\/andre-benz-AiORnUT6sC0-unsplash.webp?resize=350%2C200&ssl=1 1x, https:\/\/i0.wp.com\/kohenavocats.com\/wp-content\/uploads\/2024\/08\/andre-benz-AiORnUT6sC0-unsplash.webp?resize=525%2C300&ssl=1 1.5x, https:\/\/i0.wp.com\/kohenavocats.com\/wp-content\/uploads\/2024\/08\/andre-benz-AiORnUT6sC0-unsplash.webp?resize=700%2C400&ssl=1 2x, https:\/\/i0.wp.com\/kohenavocats.com\/wp-content\/uploads\/2024\/08\/andre-benz-AiORnUT6sC0-unsplash.webp?resize=1050%2C600&ssl=1 3x, https:\/\/i0.wp.com\/kohenavocats.com\/wp-content\/uploads\/2024\/08\/andre-benz-AiORnUT6sC0-unsplash.webp?resize=1400%2C800&ssl=1 4x"},"classes":[]}],"jetpack_sharing_enabled":true,"_links":{"self":[{"href":"https:\/\/kohenavocats.com\/zh-hans\/wp-json\/wp\/v2\/posts\/685413","targetHints":{"allow":["GET"]}}],"collection":[{"href":"https:\/\/kohenavocats.com\/zh-hans\/wp-json\/wp\/v2\/posts"}],"about":[{"href":"https:\/\/kohenavocats.com\/zh-hans\/wp-json\/wp\/v2\/types\/post"}],"author":[{"embeddable":true,"href":"https:\/\/kohenavocats.com\/zh-hans\/wp-json\/wp\/v2\/users\/232070755"}],"replies":[{"embeddable":true,"href":"https:\/\/kohenavocats.com\/zh-hans\/wp-json\/wp\/v2\/comments?post=685413"}],"version-history":[{"count":0,"href":"https:\/\/kohenavocats.com\/zh-hans\/wp-json\/wp\/v2\/posts\/685413\/revisions"}],"wp:featuredmedia":[{"embeddable":true,"href":"https:\/\/kohenavocats.com\/zh-hans\/wp-json\/wp\/v2\/media\/4672"}],"wp:attachment":[{"href":"https:\/\/kohenavocats.com\/zh-hans\/wp-json\/wp\/v2\/media?parent=685413"}],"wp:term":[{"taxonomy":"category","embeddable":true,"href":"https:\/\/kohenavocats.com\/zh-hans\/wp-json\/wp\/v2\/categories?post=685413"},{"taxonomy":"post_tag","embeddable":true,"href":"https:\/\/kohenavocats.com\/zh-hans\/wp-json\/wp\/v2\/tags?post=685413"}],"curies":[{"name":"wp","href":"https:\/\/api.w.org\/{rel}","templated":true}]}}