{"id":685453,"date":"2026-04-25T20:39:18","date_gmt":"2026-04-25T18:39:18","guid":{"rendered":"https:\/\/kohenavocats.com\/cour-dappel-de-nimes-le-28-aout-2025-n24-00866\/"},"modified":"2026-04-25T20:39:18","modified_gmt":"2026-04-25T18:39:18","slug":"cour-dappel-de-nimes-le-28-aout-2025-n24-00866","status":"publish","type":"post","link":"https:\/\/kohenavocats.com\/zh-hans\/cour-dappel-de-nimes-le-28-aout-2025-n24-00866\/","title":{"rendered":"Cour d&#8217;appel de N\u00eemes, le 28 ao\u00fbt 2025, n\u00b024\/00866"},"content":{"rendered":"<div class=\"article-content\">\n<p>Par un arr\u00eat du 28 ao\u00fbt 2025, la Cour d\u2019appel de N\u00eemes (2e chambre, section A) tranche un litige de voisinage relatif \u00e0 l\u2019acc\u00e8s d\u2019un fonds et \u00e0 la nature d\u2019un chemin longeant le fonds voisin. L\u2019appelant, acqu\u00e9reur en 2019 d\u2019une maison et de parcelles attenantes, invoque une servitude de passage constitu\u00e9e en 1999 au profit de son fonds. Il reproche \u00e0 son voisin d\u2019entraver ce passage par des cl\u00f4tures et des engins. Le tribunal judiciaire d\u2019Avignon, le 6 f\u00e9vrier 2024, l\u2019a d\u00e9bout\u00e9. En cause d\u2019appel, il sollicite principalement la reconnaissance d\u2019un chemin d\u2019exploitation, \u00e0 titre alternatif un chemin commun, et subsidiairement diverses adaptations de la servitude conventionnelle. L\u2019intim\u00e9 oppose l\u2019irrecevabilit\u00e9 de cette pr\u00e9tention comme nouvelle. La cour \u00e9carte cette fin de non\u2011recevoir en relevant que \u00ab Les pr\u00e9tentions ne sont pas nouvelles d\u00e8s lors qu\u2019elles tendent aux m\u00eames fins que celles soumises au premier juge m\u00eame si leur fondement juridique est diff\u00e9rent. \u00bb Elle en d\u00e9duit que \u00ab la demande n\u2019est pas nouvelle et est donc recevable \u00bb. Sur le fond, la cour rappelle que \u00ab De ces dispositions, il ressort que la d\u00e9finition du chemin d\u2019exploitation est fonctionnelle \u00bb, pr\u00e9cise ses principaux caract\u00e8res, puis juge qu\u2019\u00ab il est opportun avant dire droit d\u2019ordonner une expertise afin d\u2019\u00e9clairer la cour \u00bb.<\/p>\n<p>I. Recevabilit\u00e9 en appel d\u2019une pr\u00e9tention fond\u00e9e sur une nouvelle qualification<\/p>\n<p>A. L\u2019identit\u00e9 des fins au sens de l\u2019article 565 du code de proc\u00e9dure civile<br \/>\nLa cour s\u2019appuie sur l\u2019article 565 du code de proc\u00e9dure civile, cit\u00e9 dans ses motifs, pour raisonner en termes de finalit\u00e9 du litige. L\u2019appelant ne change pas son objectif contentieux, qui consiste \u00e0 obtenir un acc\u00e8s complet \u00e0 sa propri\u00e9t\u00e9 et la suppression des obstacles. Il change seulement le fondement juridique du support de cet acc\u00e8s, en sollicitant la reconnaissance d\u2019un chemin d\u2019exploitation plut\u00f4t que l\u2019application exclusive d\u2019une servitude conventionnelle. La cour constate que la nouvelle pr\u00e9tention tend \u00ab aux m\u00eames fins \u00bb que celles soumises au premier juge. Cette approche distingue utilement la pr\u00e9tention, d\u00e9finie par son but, du moyen, d\u00e9fini par son fondement. Elle permet \u00e0 l\u2019instance d\u2019appel d\u2019embrasser l\u2019entier d\u00e9bat juridique pertinent sans rigidifier le cadre du premier degr\u00e9.<\/p>\n<p>Le rappel du texte par la cour renforce cette lecture pragmatique. L\u2019\u00e9nonc\u00e9 selon lequel \u00ab Les pr\u00e9tentions ne sont pas nouvelles d\u00e8s lors qu\u2019elles tendent aux m\u00eames fins \u00bb offre un crit\u00e8re stable. Il autorise un changement de base normative lorsque l\u2019objet du litige demeure identique. La cour ajoute en cons\u00e9quence que \u00ab la demande n\u2019est pas nouvelle et est donc recevable \u00bb. La solution prot\u00e8ge l\u2019\u00e9conomie du proc\u00e8s et \u00e9vite un retour en premi\u00e8re instance pour une simple requalification. Elle ne m\u00e9conna\u00eet pas les droits de la d\u00e9fense, d\u00e8s lors que l\u2019intim\u00e9 a pu discuter le caract\u00e8re pr\u00e9tendument nouveau, ainsi que la qualification souhait\u00e9e et ses effets.<\/p>\n<p>B. Les garanties proc\u00e9durales et la ma\u00eetrise du cadre du litige<br \/>\nL\u2019admission de la pr\u00e9tention ne d\u00e9nature pas le cadre du litige. L\u2019objet initial, ax\u00e9 sur l\u2019acc\u00e8s et la lev\u00e9e des obstacles, demeure. La substitution de fondement n\u2019introduit pas une demande cumulative \u00e9trang\u00e8re, mais r\u00e9oriente l\u2019analyse vers un r\u00e9gime collectif d\u2019usage du sol. L\u2019intim\u00e9 conserve la facult\u00e9 de discuter les \u00e9l\u00e9ments de fait et les cons\u00e9quences juridiques de cette qualification. La cour, en limitant sa d\u00e9cision \u00e0 la recevabilit\u00e9, m\u00e9nage un temps d\u2019instruction contradictoire. L\u2019\u00e9quilibre entre adaptabilit\u00e9 du d\u00e9bat et loyaut\u00e9 proc\u00e9durale se trouve ainsi pr\u00e9serv\u00e9.<\/p>\n<p>Cette ma\u00eetrise proc\u00e9durale pr\u00e9pare le terrain pour un examen technique de la qualification. La cour n\u2019anticipe pas la solution de fond. Elle canalise le contentieux vers les points r\u00e9ellement d\u00e9terminants. La mesure d\u2019instruction ordonn\u00e9e plus loin s\u2019inscrit dans ce cadre, qui articule l\u2019ouverture de l\u2019office du juge en appel avec la s\u00e9curit\u00e9 du contradictoire.<\/p>\n<p>II. Qualification du chemin d\u2019exploitation et office du juge<\/p>\n<p>A. D\u00e9finition fonctionnelle, autonomie et permanence du chemin d\u2019exploitation<br \/>\nLa cour rappelle fermement la nature du chemin d\u2019exploitation. Elle souligne que \u00ab De ces dispositions, il ressort que la d\u00e9finition du chemin d\u2019exploitation est fonctionnelle \u00bb. L\u2019\u00e9l\u00e9ment d\u00e9cisif r\u00e9side dans l\u2019affectation exclusive \u00e0 la communication entre fonds ou \u00e0 leur exploitation (C. rur., art. L. 162\u20111). Peu importe la propri\u00e9t\u00e9 du sol, l\u2019assiette pouvant longer, traverser ou aboutir \u00e0 divers fonds (Civ. 3e, 7 d\u00e9c. 2010, n\u00b0 09\u201110.069). La cour insiste ensuite sur la stabilit\u00e9 du r\u00e9gime. Le chemin d\u2019exploitation \u00ab ne se perd pas par non\u2011usage et sa disparition mat\u00e9rielle ne suffit pas \u00e0 priver les propri\u00e9taires riverains des droits que leur conf\u00e8re la loi \u00bb (Civ. 3e, 19 mai 1999, n\u00b0 97\u201116.428). Sa suppression suppose le consentement unanime des int\u00e9ress\u00e9s (C. rur., art. L. 162\u20113).<\/p>\n<p>La cour affirme, en outre, l\u2019autonomie de cette institution par rapport aux servitudes. Elle \u00e9nonce que \u00ab l\u2019existence d\u2019une servitude de passage sur l\u2019assiette du chemin n\u2019est pas exclusive de sa qualification de chemin d\u2019exploitation \u00bb (Civ. 3e, 14 juin 2018, n\u00b0 17\u201120.567). Les deux figures coexistent sans se confondre. La cour ajoute enfin que \u00ab le chemin d\u2019exploitation ne perd pas sa qualit\u00e9 du fait que l\u2019une des parcelles desservies poss\u00e8de en outre un acc\u00e8s direct \u00e0 la voie publique \u00bb (Civ. 3e, 24 oct. 1990, n\u00b0 89\u201112.618). Ces rappels s\u00e9curisent la grille d\u2019analyse. Ils \u00e9cartent des objections fr\u00e9quentes tir\u00e9es de l\u2019acc\u00e8s alternatif \u00e0 la voie publique ou de la pr\u00e9sence d\u2019une servitude conventionnelle.<\/p>\n<p>B. L\u2019expertise avant dire droit: pertinence probatoire et port\u00e9e pratique<br \/>\nFace \u00e0 des \u00e9l\u00e9ments documentaires et mat\u00e9riels contradictoires, la cour juge qu\u2019\u00ab il est opportun avant dire droit d\u2019ordonner une expertise afin d\u2019\u00e9clairer la cour \u00bb. La mission confi\u00e9e porte sur la description des lieux, la d\u00e9termination de l\u2019assiette, la continuit\u00e9 et l\u2019extension \u00e9ventuelle du chemin, ainsi que la fourniture d\u2019un plan. L\u2019instruction vise des donn\u00e9es de terrain d\u00e9cisives: ancien trac\u00e9, usages effectifs, morphologie et indices physiques d\u2019affectation. Le dispositif pr\u00e9voit un pr\u00e9\u2011rapport et des observations, garantissant le contradictoire pendant l\u2019expertise (C. pr. civ., art. 242 s.).<\/p>\n<p>La mesure retenue sert l\u2019office du juge dans un contentieux \u00e0 forte dimension factuelle. La qualification fonctionnelle requiert une v\u00e9rification serr\u00e9e des usages et de l\u2019affectation des lieux. L\u2019expertise \u00e9claire la fronti\u00e8re entre desserte interne d\u2019un ensemble foncier et desserte commune de divers fonds. Elle aide aussi \u00e0 localiser l\u2019assiette, n\u00e9cessaire pour pr\u00e9venir des conflits d\u2019empi\u00e9tement. La cour se place ainsi en position de statuer utilement, en conciliant les int\u00e9r\u00eats des riverains et la stabilit\u00e9 d\u2019un r\u00e9gime d\u2019usage partag\u00e9.<\/p>\n<p>Cette d\u00e9marche pr\u00e9sente des implications pratiques claires. Si la qualification est retenue, l\u2019usage commun en r\u00e9sultera pour tous les int\u00e9ress\u00e9s, ind\u00e9pendamment des titres. En revanche, l\u2019\u00e9chec de la qualification recentrerait le litige sur la servitude conventionnelle et son trac\u00e9, avec des effets plus \u00e9troits. L\u2019ordonnance d\u2019expertise m\u00e9nage ces alternatives sans pr\u00e9juger du fond. Elle \u00e9vite une d\u00e9cision h\u00e2tive sur un dossier techniquement incomplet, tout en balisant les crit\u00e8res pertinents.<\/p>\n<p>A travers ces motifs, la d\u00e9cision articule deux apports. D\u2019une part, elle confirme une lecture finaliste de la recevabilit\u00e9 en appel, respectueuse de l\u2019\u00e9conomie du litige et des droits de la d\u00e9fense. D\u2019autre part, elle r\u00e9affirme les traits distinctifs du chemin d\u2019exploitation, institution autonome et durable, dont la preuve appelle souvent une investigation topographique et historique approfondie. L\u2019\u00e9quilibre retenu, entre ouverture proc\u00e9durale et prudence probatoire, pr\u00e9pare une solution de fond \u00e9clair\u00e9e sur l\u2019assiette, la destination et l\u2019usage r\u00e9el du chemin litigieux.<\/p>\n<\/div>\n","protected":false},"excerpt":{"rendered":"<p>Par un arr\u00eat du 28 ao\u00fbt 2025, la Cour d\u2019appel de N\u00eemes (2e chambre, section A) tranche un litige de voisinage relatif \u00e0 l\u2019acc\u00e8s d\u2019un fonds et \u00e0 la nature d\u2019u&#8230;<\/p>\n","protected":false},"author":232070755,"featured_media":4664,"comment_status":"open","ping_status":"open","sticky":false,"template":"","format":"standard","meta":{"_crdt_document":"","_jetpack_newsletter_access":"","_jetpack_dont_email_post_to_subs":false,"_jetpack_newsletter_tier_id":0,"_jetpack_memberships_contains_paywalled_content":false,"_kj_source_type":"","_kj_official_id":"","_kj_official_url":"","_kj_judilibre_id":"","_kj_jur":"","_kj_lieu":"","_kj_chambre":"","_kj_rg":"","_kj_date":"","_jetpack_memberships_contains_paid_content":false,"footnotes":"","jetpack_post_was_ever_published":false},"categories":[7597],"tags":[],"class_list":["post-685453","post","type-post","status-publish","format-standard","has-post-thumbnail","hentry","category-jurisprudence"],"yoast_head":"<!-- This site is optimized with the Yoast SEO Premium plugin v27.5 (Yoast SEO v27.5) - https:\/\/yoast.com\/product\/yoast-seo-premium-wordpress\/ -->\n<title>Cour d&#039;appel de N\u00eemes, le 28 ao\u00fbt 2025, n\u00b024\/00866 - Ma\u00eetre Hassan Kohen, avocat en droit p\u00e9nal \u00e0 Paris<\/title>\n<meta name=\"description\" content=\"Par un arr\u00eat du 28 ao\u00fbt 2025, la Cour d\u2019appel de N\u00eemes (2e chambre, section A) tranche un litige de voisinage relatif \u00e0 l\u2019acc\u00e8s d\u2019un fonds et \u00e0 la nature d\u2019u...\" \/>\n<meta name=\"robots\" content=\"index, follow, max-snippet:-1, max-image-preview:large, max-video-preview:-1\" \/>\n<link rel=\"canonical\" href=\"https:\/\/kohenavocats.com\/zh-hans\/cour-dappel-de-nimes-le-28-aout-2025-n24-00866\/\" \/>\n<meta property=\"og:locale\" content=\"zh_CN\" \/>\n<meta property=\"og:type\" content=\"article\" \/>\n<meta property=\"og:title\" content=\"Cour d&#039;appel de N\u00eemes, le 28 ao\u00fbt 2025, n\u00b024\/00866\" \/>\n<meta property=\"og:description\" content=\"Par un arr\u00eat du 28 ao\u00fbt 2025, la Cour d\u2019appel de N\u00eemes (2e chambre, section A) tranche un litige de voisinage relatif \u00e0 l\u2019acc\u00e8s d\u2019un fonds et \u00e0 la nature d\u2019u...\" \/>\n<meta property=\"og:url\" content=\"https:\/\/kohenavocats.com\/zh-hans\/cour-dappel-de-nimes-le-28-aout-2025-n24-00866\/\" \/>\n<meta property=\"og:site_name\" content=\"Ma\u00eetre Hassan Kohen, avocat en droit p\u00e9nal \u00e0 Paris\" \/>\n<meta property=\"article:published_time\" content=\"2026-04-25T18:39:18+00:00\" \/>\n<meta property=\"og:image\" content=\"https:\/\/kohenavocats.com\/wp-content\/uploads\/2024\/08\/maximilian-zahn-SKf_POUVJnQ-unsplash.webp\" \/>\n\t<meta property=\"og:image:width\" content=\"6000\" \/>\n\t<meta property=\"og:image:height\" content=\"4000\" \/>\n\t<meta property=\"og:image:type\" content=\"image\/webp\" \/>\n<meta name=\"author\" content=\"Kohen\" \/>\n<meta name=\"twitter:card\" content=\"summary_large_image\" \/>\n<meta name=\"twitter:label1\" content=\"\u4f5c\u8005\" \/>\n\t<meta name=\"twitter:data1\" content=\"Kohen\" \/>\n\t<meta name=\"twitter:label2\" content=\"\u9884\u8ba1\u9605\u8bfb\u65f6\u95f4\" \/>\n\t<meta name=\"twitter:data2\" content=\"7 \u5206\" \/>\n<script type=\"application\/ld+json\" class=\"yoast-schema-graph\">{\"@context\":\"https:\\\/\\\/schema.org\",\"@graph\":[{\"@type\":\"Article\",\"@id\":\"https:\\\/\\\/kohenavocats.com\\\/zh-hans\\\/cour-dappel-de-nimes-le-28-aout-2025-n24-00866\\\/#article\",\"isPartOf\":{\"@id\":\"https:\\\/\\\/kohenavocats.com\\\/zh-hans\\\/cour-dappel-de-nimes-le-28-aout-2025-n24-00866\\\/\"},\"author\":{\"name\":\"Kohen\",\"@id\":\"https:\\\/\\\/kohenavocats.com\\\/zh-hans\\\/#\\\/schema\\\/person\\\/761c9ba54fa1ca84d405cef0831ff751\"},\"headline\":\"Cour d&#8217;appel de N\u00eemes, le 28 ao\u00fbt 2025, n\u00b024\\\/00866\",\"datePublished\":\"2026-04-25T18:39:18+00:00\",\"mainEntityOfPage\":{\"@id\":\"https:\\\/\\\/kohenavocats.com\\\/zh-hans\\\/cour-dappel-de-nimes-le-28-aout-2025-n24-00866\\\/\"},\"wordCount\":1381,\"commentCount\":0,\"publisher\":{\"@id\":\"https:\\\/\\\/kohenavocats.com\\\/zh-hans\\\/#organization\"},\"image\":{\"@id\":\"https:\\\/\\\/kohenavocats.com\\\/zh-hans\\\/cour-dappel-de-nimes-le-28-aout-2025-n24-00866\\\/#primaryimage\"},\"thumbnailUrl\":\"https:\\\/\\\/kohenavocats.com\\\/wp-content\\\/uploads\\\/2024\\\/08\\\/maximilian-zahn-SKf_POUVJnQ-unsplash.webp\",\"articleSection\":[\"Jurisprudence\"],\"inLanguage\":\"zh-Hans\",\"potentialAction\":[{\"@type\":\"CommentAction\",\"name\":\"Comment\",\"target\":[\"https:\\\/\\\/kohenavocats.com\\\/zh-hans\\\/cour-dappel-de-nimes-le-28-aout-2025-n24-00866\\\/#respond\"]}],\"citation\":\"Cour d&#8217;appel de N\u00eemes, le 28 ao\u00fbt 2025, n\u00b024\\\/00866\",\"about\":[{\"@type\":\"Thing\",\"name\":\"Jurisprudence\"}],\"dateModified\":\"2026-04-25T18:39:18+00:00\",\"speakable\":{\"@type\":\"SpeakableSpecification\",\"cssSelector\":[\".article-content > p:first-of-type\"]}},{\"@type\":\"WebPage\",\"@id\":\"https:\\\/\\\/kohenavocats.com\\\/zh-hans\\\/cour-dappel-de-nimes-le-28-aout-2025-n24-00866\\\/\",\"url\":\"https:\\\/\\\/kohenavocats.com\\\/zh-hans\\\/cour-dappel-de-nimes-le-28-aout-2025-n24-00866\\\/\",\"name\":\"Cour d'appel de N\u00eemes, le 28 ao\u00fbt 2025, n\u00b024\\\/00866 - Ma\u00eetre Hassan Kohen, avocat en droit p\u00e9nal \u00e0 Paris\",\"isPartOf\":{\"@id\":\"https:\\\/\\\/kohenavocats.com\\\/zh-hans\\\/#website\"},\"primaryImageOfPage\":{\"@id\":\"https:\\\/\\\/kohenavocats.com\\\/zh-hans\\\/cour-dappel-de-nimes-le-28-aout-2025-n24-00866\\\/#primaryimage\"},\"image\":{\"@id\":\"https:\\\/\\\/kohenavocats.com\\\/zh-hans\\\/cour-dappel-de-nimes-le-28-aout-2025-n24-00866\\\/#primaryimage\"},\"thumbnailUrl\":\"https:\\\/\\\/kohenavocats.com\\\/wp-content\\\/uploads\\\/2024\\\/08\\\/maximilian-zahn-SKf_POUVJnQ-unsplash.webp\",\"datePublished\":\"2026-04-25T18:39:18+00:00\",\"description\":\"Par un arr\u00eat du 28 ao\u00fbt 2025, la Cour d\u2019appel de N\u00eemes (2e chambre, section A) tranche un litige de voisinage relatif \u00e0 l\u2019acc\u00e8s d\u2019un fonds et \u00e0 la nature d\u2019u...\",\"breadcrumb\":{\"@id\":\"https:\\\/\\\/kohenavocats.com\\\/zh-hans\\\/cour-dappel-de-nimes-le-28-aout-2025-n24-00866\\\/#breadcrumb\"},\"inLanguage\":\"zh-Hans\",\"potentialAction\":[{\"@type\":\"ReadAction\",\"target\":[\"https:\\\/\\\/kohenavocats.com\\\/zh-hans\\\/cour-dappel-de-nimes-le-28-aout-2025-n24-00866\\\/\"]}]},{\"@type\":\"ImageObject\",\"inLanguage\":\"zh-Hans\",\"@id\":\"https:\\\/\\\/kohenavocats.com\\\/zh-hans\\\/cour-dappel-de-nimes-le-28-aout-2025-n24-00866\\\/#primaryimage\",\"url\":\"https:\\\/\\\/kohenavocats.com\\\/wp-content\\\/uploads\\\/2024\\\/08\\\/maximilian-zahn-SKf_POUVJnQ-unsplash.webp\",\"contentUrl\":\"https:\\\/\\\/kohenavocats.com\\\/wp-content\\\/uploads\\\/2024\\\/08\\\/maximilian-zahn-SKf_POUVJnQ-unsplash.webp\",\"width\":6000,\"height\":4000},{\"@type\":\"BreadcrumbList\",\"@id\":\"https:\\\/\\\/kohenavocats.com\\\/zh-hans\\\/cour-dappel-de-nimes-le-28-aout-2025-n24-00866\\\/#breadcrumb\",\"itemListElement\":[{\"@type\":\"ListItem\",\"position\":1,\"name\":\"Home\",\"item\":\"https:\\\/\\\/kohenavocats.com\\\/zh-hans\\\/\"},{\"@type\":\"ListItem\",\"position\":2,\"name\":\"Cour d&rsquo;appel de N\u00eemes, le 28 ao\u00fbt 2025, n\u00b024\\\/00866\"}]},{\"@type\":\"WebSite\",\"@id\":\"https:\\\/\\\/kohenavocats.com\\\/zh-hans\\\/#website\",\"url\":\"https:\\\/\\\/kohenavocats.com\\\/zh-hans\\\/\",\"name\":\"Kohen Avocats\",\"description\":\"Ma\u00eetre Hassan Kohen, avocat p\u00e9naliste \u00e0 Paris, intervient exclusivement en droit p\u00e9nal pour la d\u00e9fense des particuliers, notamment en mati\u00e8re d\u2019accusations de viol. Il assure un accompagnement rigoureux d\u00e8s la garde \u00e0 vue jusqu\u2019\u00e0 la Cour d\u2019assises, veillant au strict respect des garanties proc\u00e9durales.\",\"publisher\":{\"@id\":\"https:\\\/\\\/kohenavocats.com\\\/zh-hans\\\/#organization\"},\"potentialAction\":[{\"@type\":\"SearchAction\",\"target\":{\"@type\":\"EntryPoint\",\"urlTemplate\":\"https:\\\/\\\/kohenavocats.com\\\/zh-hans\\\/?s={search_term_string}\"},\"query-input\":{\"@type\":\"PropertyValueSpecification\",\"valueRequired\":true,\"valueName\":\"search_term_string\"}}],\"inLanguage\":\"zh-Hans\"},{\"@type\":\"Organization\",\"@id\":\"https:\\\/\\\/kohenavocats.com\\\/zh-hans\\\/#organization\",\"name\":\"Kohen Avocats\",\"url\":\"https:\\\/\\\/kohenavocats.com\\\/zh-hans\\\/\",\"logo\":{\"@type\":\"ImageObject\",\"inLanguage\":\"zh-Hans\",\"@id\":\"https:\\\/\\\/kohenavocats.com\\\/zh-hans\\\/#\\\/schema\\\/logo\\\/image\\\/\",\"url\":\"https:\\\/\\\/kohenavocats.com\\\/wp-content\\\/uploads\\\/2026\\\/01\\\/Logo-2-1.webp\",\"contentUrl\":\"https:\\\/\\\/kohenavocats.com\\\/wp-content\\\/uploads\\\/2026\\\/01\\\/Logo-2-1.webp\",\"width\":2114,\"height\":1253,\"caption\":\"Kohen Avocats\"},\"image\":{\"@id\":\"https:\\\/\\\/kohenavocats.com\\\/zh-hans\\\/#\\\/schema\\\/logo\\\/image\\\/\"}},{\"@type\":\"Person\",\"@id\":\"https:\\\/\\\/kohenavocats.com\\\/zh-hans\\\/#\\\/schema\\\/person\\\/761c9ba54fa1ca84d405cef0831ff751\",\"name\":\"Kohen\",\"image\":{\"@type\":\"ImageObject\",\"inLanguage\":\"zh-Hans\",\"@id\":\"https:\\\/\\\/secure.gravatar.com\\\/avatar\\\/1c5e76ef76bbbfdd2b4da984e2bf2fa4056fd51a27d25ce2c332047f1dfd6e00?s=96&d=identicon&r=g\",\"url\":\"https:\\\/\\\/secure.gravatar.com\\\/avatar\\\/1c5e76ef76bbbfdd2b4da984e2bf2fa4056fd51a27d25ce2c332047f1dfd6e00?s=96&d=identicon&r=g\",\"contentUrl\":\"https:\\\/\\\/secure.gravatar.com\\\/avatar\\\/1c5e76ef76bbbfdd2b4da984e2bf2fa4056fd51a27d25ce2c332047f1dfd6e00?s=96&d=identicon&r=g\",\"caption\":\"Kohen\"},\"sameAs\":[\"https:\\\/\\\/www.linkedin.com\\\/in\\\/hassan-kohen-448548192\\\/\",\"https:\\\/\\\/www.youtube.com\\\/@Kohen-Avocats\"],\"url\":\"https:\\\/\\\/kohenavocats.com\\\/zh-hans\\\/author\\\/kohenmlk\\\/\"}]}<\/script>\n<!-- \/ Yoast SEO Premium plugin. -->","yoast_head_json":{"title":"Cour d'appel de N\u00eemes, le 28 ao\u00fbt 2025, n\u00b024\/00866 - Ma\u00eetre Hassan Kohen, avocat en droit p\u00e9nal \u00e0 Paris","description":"Par un arr\u00eat du 28 ao\u00fbt 2025, la Cour d\u2019appel de N\u00eemes (2e chambre, section A) tranche un litige de voisinage relatif \u00e0 l\u2019acc\u00e8s d\u2019un fonds et \u00e0 la nature d\u2019u...","robots":{"index":"index","follow":"follow","max-snippet":"max-snippet:-1","max-image-preview":"max-image-preview:large","max-video-preview":"max-video-preview:-1"},"canonical":"https:\/\/kohenavocats.com\/zh-hans\/cour-dappel-de-nimes-le-28-aout-2025-n24-00866\/","og_locale":"zh_CN","og_type":"article","og_title":"Cour d'appel de N\u00eemes, le 28 ao\u00fbt 2025, n\u00b024\/00866","og_description":"Par un arr\u00eat du 28 ao\u00fbt 2025, la Cour d\u2019appel de N\u00eemes (2e chambre, section A) tranche un litige de voisinage relatif \u00e0 l\u2019acc\u00e8s d\u2019un fonds et \u00e0 la nature d\u2019u...","og_url":"https:\/\/kohenavocats.com\/zh-hans\/cour-dappel-de-nimes-le-28-aout-2025-n24-00866\/","og_site_name":"Ma\u00eetre Hassan Kohen, avocat en droit p\u00e9nal \u00e0 Paris","article_published_time":"2026-04-25T18:39:18+00:00","og_image":[{"width":6000,"height":4000,"url":"https:\/\/kohenavocats.com\/wp-content\/uploads\/2024\/08\/maximilian-zahn-SKf_POUVJnQ-unsplash.webp","type":"image\/webp"}],"author":"Kohen","twitter_card":"summary_large_image","twitter_misc":{"\u4f5c\u8005":"Kohen","\u9884\u8ba1\u9605\u8bfb\u65f6\u95f4":"7 \u5206"},"schema":{"@context":"https:\/\/schema.org","@graph":[{"@type":"Article","@id":"https:\/\/kohenavocats.com\/zh-hans\/cour-dappel-de-nimes-le-28-aout-2025-n24-00866\/#article","isPartOf":{"@id":"https:\/\/kohenavocats.com\/zh-hans\/cour-dappel-de-nimes-le-28-aout-2025-n24-00866\/"},"author":{"name":"Kohen","@id":"https:\/\/kohenavocats.com\/zh-hans\/#\/schema\/person\/761c9ba54fa1ca84d405cef0831ff751"},"headline":"Cour d&#8217;appel de N\u00eemes, le 28 ao\u00fbt 2025, n\u00b024\/00866","datePublished":"2026-04-25T18:39:18+00:00","mainEntityOfPage":{"@id":"https:\/\/kohenavocats.com\/zh-hans\/cour-dappel-de-nimes-le-28-aout-2025-n24-00866\/"},"wordCount":1381,"commentCount":0,"publisher":{"@id":"https:\/\/kohenavocats.com\/zh-hans\/#organization"},"image":{"@id":"https:\/\/kohenavocats.com\/zh-hans\/cour-dappel-de-nimes-le-28-aout-2025-n24-00866\/#primaryimage"},"thumbnailUrl":"https:\/\/kohenavocats.com\/wp-content\/uploads\/2024\/08\/maximilian-zahn-SKf_POUVJnQ-unsplash.webp","articleSection":["Jurisprudence"],"inLanguage":"zh-Hans","potentialAction":[{"@type":"CommentAction","name":"Comment","target":["https:\/\/kohenavocats.com\/zh-hans\/cour-dappel-de-nimes-le-28-aout-2025-n24-00866\/#respond"]}],"citation":"Cour d&#8217;appel de N\u00eemes, le 28 ao\u00fbt 2025, n\u00b024\/00866","about":[{"@type":"Thing","name":"Jurisprudence"}],"dateModified":"2026-04-25T18:39:18+00:00","speakable":{"@type":"SpeakableSpecification","cssSelector":[".article-content > p:first-of-type"]}},{"@type":"WebPage","@id":"https:\/\/kohenavocats.com\/zh-hans\/cour-dappel-de-nimes-le-28-aout-2025-n24-00866\/","url":"https:\/\/kohenavocats.com\/zh-hans\/cour-dappel-de-nimes-le-28-aout-2025-n24-00866\/","name":"Cour d'appel de N\u00eemes, le 28 ao\u00fbt 2025, n\u00b024\/00866 - Ma\u00eetre Hassan Kohen, avocat en droit p\u00e9nal \u00e0 Paris","isPartOf":{"@id":"https:\/\/kohenavocats.com\/zh-hans\/#website"},"primaryImageOfPage":{"@id":"https:\/\/kohenavocats.com\/zh-hans\/cour-dappel-de-nimes-le-28-aout-2025-n24-00866\/#primaryimage"},"image":{"@id":"https:\/\/kohenavocats.com\/zh-hans\/cour-dappel-de-nimes-le-28-aout-2025-n24-00866\/#primaryimage"},"thumbnailUrl":"https:\/\/kohenavocats.com\/wp-content\/uploads\/2024\/08\/maximilian-zahn-SKf_POUVJnQ-unsplash.webp","datePublished":"2026-04-25T18:39:18+00:00","description":"Par un arr\u00eat du 28 ao\u00fbt 2025, la Cour d\u2019appel de N\u00eemes (2e chambre, section A) tranche un litige de voisinage relatif \u00e0 l\u2019acc\u00e8s d\u2019un fonds et \u00e0 la nature d\u2019u...","breadcrumb":{"@id":"https:\/\/kohenavocats.com\/zh-hans\/cour-dappel-de-nimes-le-28-aout-2025-n24-00866\/#breadcrumb"},"inLanguage":"zh-Hans","potentialAction":[{"@type":"ReadAction","target":["https:\/\/kohenavocats.com\/zh-hans\/cour-dappel-de-nimes-le-28-aout-2025-n24-00866\/"]}]},{"@type":"ImageObject","inLanguage":"zh-Hans","@id":"https:\/\/kohenavocats.com\/zh-hans\/cour-dappel-de-nimes-le-28-aout-2025-n24-00866\/#primaryimage","url":"https:\/\/kohenavocats.com\/wp-content\/uploads\/2024\/08\/maximilian-zahn-SKf_POUVJnQ-unsplash.webp","contentUrl":"https:\/\/kohenavocats.com\/wp-content\/uploads\/2024\/08\/maximilian-zahn-SKf_POUVJnQ-unsplash.webp","width":6000,"height":4000},{"@type":"BreadcrumbList","@id":"https:\/\/kohenavocats.com\/zh-hans\/cour-dappel-de-nimes-le-28-aout-2025-n24-00866\/#breadcrumb","itemListElement":[{"@type":"ListItem","position":1,"name":"Home","item":"https:\/\/kohenavocats.com\/zh-hans\/"},{"@type":"ListItem","position":2,"name":"Cour d&rsquo;appel de N\u00eemes, le 28 ao\u00fbt 2025, n\u00b024\/00866"}]},{"@type":"WebSite","@id":"https:\/\/kohenavocats.com\/zh-hans\/#website","url":"https:\/\/kohenavocats.com\/zh-hans\/","name":"Kohen Avocats","description":"Ma\u00eetre Hassan Kohen, avocat p\u00e9naliste \u00e0 Paris, intervient exclusivement en droit p\u00e9nal pour la d\u00e9fense des particuliers, notamment en mati\u00e8re d\u2019accusations de viol. Il assure un accompagnement rigoureux d\u00e8s la garde \u00e0 vue jusqu\u2019\u00e0 la Cour d\u2019assises, veillant au strict respect des garanties proc\u00e9durales.","publisher":{"@id":"https:\/\/kohenavocats.com\/zh-hans\/#organization"},"potentialAction":[{"@type":"SearchAction","target":{"@type":"EntryPoint","urlTemplate":"https:\/\/kohenavocats.com\/zh-hans\/?s={search_term_string}"},"query-input":{"@type":"PropertyValueSpecification","valueRequired":true,"valueName":"search_term_string"}}],"inLanguage":"zh-Hans"},{"@type":"Organization","@id":"https:\/\/kohenavocats.com\/zh-hans\/#organization","name":"Kohen Avocats","url":"https:\/\/kohenavocats.com\/zh-hans\/","logo":{"@type":"ImageObject","inLanguage":"zh-Hans","@id":"https:\/\/kohenavocats.com\/zh-hans\/#\/schema\/logo\/image\/","url":"https:\/\/kohenavocats.com\/wp-content\/uploads\/2026\/01\/Logo-2-1.webp","contentUrl":"https:\/\/kohenavocats.com\/wp-content\/uploads\/2026\/01\/Logo-2-1.webp","width":2114,"height":1253,"caption":"Kohen Avocats"},"image":{"@id":"https:\/\/kohenavocats.com\/zh-hans\/#\/schema\/logo\/image\/"}},{"@type":"Person","@id":"https:\/\/kohenavocats.com\/zh-hans\/#\/schema\/person\/761c9ba54fa1ca84d405cef0831ff751","name":"Kohen","image":{"@type":"ImageObject","inLanguage":"zh-Hans","@id":"https:\/\/secure.gravatar.com\/avatar\/1c5e76ef76bbbfdd2b4da984e2bf2fa4056fd51a27d25ce2c332047f1dfd6e00?s=96&d=identicon&r=g","url":"https:\/\/secure.gravatar.com\/avatar\/1c5e76ef76bbbfdd2b4da984e2bf2fa4056fd51a27d25ce2c332047f1dfd6e00?s=96&d=identicon&r=g","contentUrl":"https:\/\/secure.gravatar.com\/avatar\/1c5e76ef76bbbfdd2b4da984e2bf2fa4056fd51a27d25ce2c332047f1dfd6e00?s=96&d=identicon&r=g","caption":"Kohen"},"sameAs":["https:\/\/www.linkedin.com\/in\/hassan-kohen-448548192\/","https:\/\/www.youtube.com\/@Kohen-Avocats"],"url":"https:\/\/kohenavocats.com\/zh-hans\/author\/kohenmlk\/"}]}},"jetpack_featured_media_url":"https:\/\/kohenavocats.com\/wp-content\/uploads\/2024\/08\/maximilian-zahn-SKf_POUVJnQ-unsplash.webp","jetpack_likes_enabled":false,"jetpack_shortlink":"https:\/\/wp.me\/peCrII-2SjH","jetpack-related-posts":[{"id":709404,"url":"https:\/\/kohenavocats.com\/zh-hans\/cour-dappel-de-nimes-le-18-decembre-2025-n24-00862\/","url_meta":{"origin":685453,"position":0},"title":"Cour d&#8217;appel de N\u00eemes, le 18 d\u00e9cembre 2025, n\u00b024\/00862","author":"Kohen","date":"2026\u5e744\u670827\u65e5","format":false,"excerpt":"La cour d'appel de N\u00eemes a rendu un arr\u00eat le 18 d\u00e9\u2026","rel":"","context":"\u5728\u201cJurisprudence\u201d\u4e2d","block_context":{"text":"Jurisprudence","link":"https:\/\/kohenavocats.com\/category\/jurisprudence\/"},"img":{"alt_text":"","src":"https:\/\/i0.wp.com\/kohenavocats.com\/wp-content\/uploads\/2024\/11\/mohamed-nohassi-6QR1fxoLiDQ-unsplash.webp?resize=350%2C200&ssl=1","width":350,"height":200,"srcset":"https:\/\/i0.wp.com\/kohenavocats.com\/wp-content\/uploads\/2024\/11\/mohamed-nohassi-6QR1fxoLiDQ-unsplash.webp?resize=350%2C200&ssl=1 1x, https:\/\/i0.wp.com\/kohenavocats.com\/wp-content\/uploads\/2024\/11\/mohamed-nohassi-6QR1fxoLiDQ-unsplash.webp?resize=525%2C300&ssl=1 1.5x, https:\/\/i0.wp.com\/kohenavocats.com\/wp-content\/uploads\/2024\/11\/mohamed-nohassi-6QR1fxoLiDQ-unsplash.webp?resize=700%2C400&ssl=1 2x, https:\/\/i0.wp.com\/kohenavocats.com\/wp-content\/uploads\/2024\/11\/mohamed-nohassi-6QR1fxoLiDQ-unsplash.webp?resize=1050%2C600&ssl=1 3x, https:\/\/i0.wp.com\/kohenavocats.com\/wp-content\/uploads\/2024\/11\/mohamed-nohassi-6QR1fxoLiDQ-unsplash.webp?resize=1400%2C800&ssl=1 4x"},"classes":[]},{"id":683533,"url":"https:\/\/kohenavocats.com\/zh-hans\/cour-dappel-de-nimes-le-28-aout-2025-n23-00661\/","url_meta":{"origin":685453,"position":1},"title":"Cour d&#8217;appel de N\u00eemes, le 28 ao\u00fbt 2025, n\u00b023\/00661","author":"Kohen","date":"2026\u5e744\u670825\u65e5","format":false,"excerpt":"La Cour d'appel de N\u00eemes, le 28 ao\u00fbt 2025, tranche\u2026","rel":"","context":"\u5728\u201cJurisprudence\u201d\u4e2d","block_context":{"text":"Jurisprudence","link":"https:\/\/kohenavocats.com\/category\/jurisprudence\/"},"img":{"alt_text":"","src":"https:\/\/i0.wp.com\/kohenavocats.com\/wp-content\/uploads\/2024\/08\/pierre-chatel-innocenti-5ASZ_qxS9dQ-unsplash.webp?resize=350%2C200&ssl=1","width":350,"height":200,"srcset":"https:\/\/i0.wp.com\/kohenavocats.com\/wp-content\/uploads\/2024\/08\/pierre-chatel-innocenti-5ASZ_qxS9dQ-unsplash.webp?resize=350%2C200&ssl=1 1x, https:\/\/i0.wp.com\/kohenavocats.com\/wp-content\/uploads\/2024\/08\/pierre-chatel-innocenti-5ASZ_qxS9dQ-unsplash.webp?resize=525%2C300&ssl=1 1.5x, https:\/\/i0.wp.com\/kohenavocats.com\/wp-content\/uploads\/2024\/08\/pierre-chatel-innocenti-5ASZ_qxS9dQ-unsplash.webp?resize=700%2C400&ssl=1 2x, https:\/\/i0.wp.com\/kohenavocats.com\/wp-content\/uploads\/2024\/08\/pierre-chatel-innocenti-5ASZ_qxS9dQ-unsplash.webp?resize=1050%2C600&ssl=1 3x, https:\/\/i0.wp.com\/kohenavocats.com\/wp-content\/uploads\/2024\/08\/pierre-chatel-innocenti-5ASZ_qxS9dQ-unsplash.webp?resize=1400%2C800&ssl=1 4x"},"classes":[]},{"id":536001,"url":"https:\/\/kohenavocats.com\/zh-hans\/cour-dappel-de-lyon-le-21-octobre-2025-n22-07357\/","url_meta":{"origin":685453,"position":2},"title":"Cour d&#8217;appel de Lyon, le 21 octobre 2025, n\u00b022\/07357","author":"Kohen","date":"2026\u5e744\u67089\u65e5","format":false,"excerpt":"Cour d'appel de Bourg-en-Bresse, troisi\u00e8me chambre\u2026","rel":"","context":"\u5728\u201cCour d'appel\u201d\u4e2d","block_context":{"text":"Cour d'appel","link":"https:\/\/kohenavocats.com\/category\/cour-dappel\/"},"img":{"alt_text":"","src":"https:\/\/i0.wp.com\/kohenavocats.com\/wp-content\/uploads\/2024\/11\/thomas-franke-2wMK7kH4kQI-unsplash.webp?resize=350%2C200&ssl=1","width":350,"height":200,"srcset":"https:\/\/i0.wp.com\/kohenavocats.com\/wp-content\/uploads\/2024\/11\/thomas-franke-2wMK7kH4kQI-unsplash.webp?resize=350%2C200&ssl=1 1x, https:\/\/i0.wp.com\/kohenavocats.com\/wp-content\/uploads\/2024\/11\/thomas-franke-2wMK7kH4kQI-unsplash.webp?resize=525%2C300&ssl=1 1.5x, https:\/\/i0.wp.com\/kohenavocats.com\/wp-content\/uploads\/2024\/11\/thomas-franke-2wMK7kH4kQI-unsplash.webp?resize=700%2C400&ssl=1 2x, https:\/\/i0.wp.com\/kohenavocats.com\/wp-content\/uploads\/2024\/11\/thomas-franke-2wMK7kH4kQI-unsplash.webp?resize=1050%2C600&ssl=1 3x, https:\/\/i0.wp.com\/kohenavocats.com\/wp-content\/uploads\/2024\/11\/thomas-franke-2wMK7kH4kQI-unsplash.webp?resize=1400%2C800&ssl=1 4x"},"classes":[]},{"id":517211,"url":"https:\/\/kohenavocats.com\/zh-hans\/tribunal-judiciaire-de-bordeaux-le-30-octobre-2025-n22-07552\/","url_meta":{"origin":685453,"position":3},"title":"Tribunal judiciaire de Bordeaux, le 30 octobre 2025, n\u00b022\/07552","author":"Kohen","date":"2026\u5e744\u67088\u65e5","format":false,"excerpt":"Le tribunal judiciaire, statuant en premier ressor\u2026","rel":"","context":"\u5728\u201cD\u00e9cisions juridiques\u201d\u4e2d","block_context":{"text":"D\u00e9cisions juridiques","link":"https:\/\/kohenavocats.com\/category\/decisions-juridiques\/"},"img":{"alt_text":"","src":"https:\/\/i0.wp.com\/kohenavocats.com\/wp-content\/uploads\/2024\/08\/tom-gainor-TRALLodRQE0-unsplash.webp?resize=350%2C200&ssl=1","width":350,"height":200,"srcset":"https:\/\/i0.wp.com\/kohenavocats.com\/wp-content\/uploads\/2024\/08\/tom-gainor-TRALLodRQE0-unsplash.webp?resize=350%2C200&ssl=1 1x, https:\/\/i0.wp.com\/kohenavocats.com\/wp-content\/uploads\/2024\/08\/tom-gainor-TRALLodRQE0-unsplash.webp?resize=525%2C300&ssl=1 1.5x, https:\/\/i0.wp.com\/kohenavocats.com\/wp-content\/uploads\/2024\/08\/tom-gainor-TRALLodRQE0-unsplash.webp?resize=700%2C400&ssl=1 2x, https:\/\/i0.wp.com\/kohenavocats.com\/wp-content\/uploads\/2024\/08\/tom-gainor-TRALLodRQE0-unsplash.webp?resize=1050%2C600&ssl=1 3x, https:\/\/i0.wp.com\/kohenavocats.com\/wp-content\/uploads\/2024\/08\/tom-gainor-TRALLodRQE0-unsplash.webp?resize=1400%2C800&ssl=1 4x"},"classes":[]},{"id":424883,"url":"https:\/\/kohenavocats.com\/zh-hans\/cour-dappel-de-pau-le-11-avril-2012-n11-01324\/","url_meta":{"origin":685453,"position":4},"title":"Cour d&#8217;appel de Pau, le 11 avril 2012, n\u00b011\/01324","author":"Kohen","date":"2026\u5e743\u670823\u65e5","format":false,"excerpt":"La Cour d'appel de Pau, dans un arr\u00eat du 11 avril \u2026","rel":"","context":"\u5728\u201cCour d'appel\u201d\u4e2d","block_context":{"text":"Cour d'appel","link":"https:\/\/kohenavocats.com\/category\/cour-dappel\/"},"img":{"alt_text":"","src":"https:\/\/i0.wp.com\/kohenavocats.com\/wp-content\/uploads\/2024\/11\/mohamed-nohassi-hj1WiuQsWzY-unsplash.webp?resize=350%2C200&ssl=1","width":350,"height":200,"srcset":"https:\/\/i0.wp.com\/kohenavocats.com\/wp-content\/uploads\/2024\/11\/mohamed-nohassi-hj1WiuQsWzY-unsplash.webp?resize=350%2C200&ssl=1 1x, https:\/\/i0.wp.com\/kohenavocats.com\/wp-content\/uploads\/2024\/11\/mohamed-nohassi-hj1WiuQsWzY-unsplash.webp?resize=525%2C300&ssl=1 1.5x, https:\/\/i0.wp.com\/kohenavocats.com\/wp-content\/uploads\/2024\/11\/mohamed-nohassi-hj1WiuQsWzY-unsplash.webp?resize=700%2C400&ssl=1 2x, https:\/\/i0.wp.com\/kohenavocats.com\/wp-content\/uploads\/2024\/11\/mohamed-nohassi-hj1WiuQsWzY-unsplash.webp?resize=1050%2C600&ssl=1 3x, https:\/\/i0.wp.com\/kohenavocats.com\/wp-content\/uploads\/2024\/11\/mohamed-nohassi-hj1WiuQsWzY-unsplash.webp?resize=1400%2C800&ssl=1 4x"},"classes":[]},{"id":499012,"url":"https:\/\/kohenavocats.com\/zh-hans\/tribunal-judiciaire-le-6-novembre-2025-n25-00094\/","url_meta":{"origin":685453,"position":5},"title":"Tribunal judiciaire, le 6 novembre 2025, n\u00b025\/00094","author":"Kohen","date":"2026\u5e744\u67088\u65e5","format":false,"excerpt":"Le tribunal judiciaire, dans un jugement en date n\u2026","rel":"","context":"\u5728\u201cJurisprudence\u201d\u4e2d","block_context":{"text":"Jurisprudence","link":"https:\/\/kohenavocats.com\/category\/jurisprudence\/"},"img":{"alt_text":"","src":"https:\/\/i0.wp.com\/kohenavocats.com\/wp-content\/uploads\/2024\/11\/getty-images-IfcBri1Vu6s-unsplash.webp?resize=350%2C200&ssl=1","width":350,"height":200,"srcset":"https:\/\/i0.wp.com\/kohenavocats.com\/wp-content\/uploads\/2024\/11\/getty-images-IfcBri1Vu6s-unsplash.webp?resize=350%2C200&ssl=1 1x, https:\/\/i0.wp.com\/kohenavocats.com\/wp-content\/uploads\/2024\/11\/getty-images-IfcBri1Vu6s-unsplash.webp?resize=525%2C300&ssl=1 1.5x, https:\/\/i0.wp.com\/kohenavocats.com\/wp-content\/uploads\/2024\/11\/getty-images-IfcBri1Vu6s-unsplash.webp?resize=700%2C400&ssl=1 2x, https:\/\/i0.wp.com\/kohenavocats.com\/wp-content\/uploads\/2024\/11\/getty-images-IfcBri1Vu6s-unsplash.webp?resize=1050%2C600&ssl=1 3x, https:\/\/i0.wp.com\/kohenavocats.com\/wp-content\/uploads\/2024\/11\/getty-images-IfcBri1Vu6s-unsplash.webp?resize=1400%2C800&ssl=1 4x"},"classes":[]}],"jetpack_sharing_enabled":true,"_links":{"self":[{"href":"https:\/\/kohenavocats.com\/zh-hans\/wp-json\/wp\/v2\/posts\/685453","targetHints":{"allow":["GET"]}}],"collection":[{"href":"https:\/\/kohenavocats.com\/zh-hans\/wp-json\/wp\/v2\/posts"}],"about":[{"href":"https:\/\/kohenavocats.com\/zh-hans\/wp-json\/wp\/v2\/types\/post"}],"author":[{"embeddable":true,"href":"https:\/\/kohenavocats.com\/zh-hans\/wp-json\/wp\/v2\/users\/232070755"}],"replies":[{"embeddable":true,"href":"https:\/\/kohenavocats.com\/zh-hans\/wp-json\/wp\/v2\/comments?post=685453"}],"version-history":[{"count":0,"href":"https:\/\/kohenavocats.com\/zh-hans\/wp-json\/wp\/v2\/posts\/685453\/revisions"}],"wp:featuredmedia":[{"embeddable":true,"href":"https:\/\/kohenavocats.com\/zh-hans\/wp-json\/wp\/v2\/media\/4664"}],"wp:attachment":[{"href":"https:\/\/kohenavocats.com\/zh-hans\/wp-json\/wp\/v2\/media?parent=685453"}],"wp:term":[{"taxonomy":"category","embeddable":true,"href":"https:\/\/kohenavocats.com\/zh-hans\/wp-json\/wp\/v2\/categories?post=685453"},{"taxonomy":"post_tag","embeddable":true,"href":"https:\/\/kohenavocats.com\/zh-hans\/wp-json\/wp\/v2\/tags?post=685453"}],"curies":[{"name":"wp","href":"https:\/\/api.w.org\/{rel}","templated":true}]}}