{"id":685455,"date":"2026-04-25T20:39:27","date_gmt":"2026-04-25T18:39:27","guid":{"rendered":"https:\/\/kohenavocats.com\/cour-dappel-de-bastia-le-18-juin-2025-n24-00607\/"},"modified":"2026-04-25T20:39:27","modified_gmt":"2026-04-25T18:39:27","slug":"cour-dappel-de-bastia-le-18-juin-2025-n24-00607","status":"publish","type":"post","link":"https:\/\/kohenavocats.com\/zh-hans\/cour-dappel-de-bastia-le-18-juin-2025-n24-00607\/","title":{"rendered":"Cour d&#8217;appel de Bastia, le 18 juin 2025, n\u00b024\/00607"},"content":{"rendered":"<div class=\"article-content\">\n<p>Par un arr\u00eat du 18 juin 2025, la Cour d&#8217;appel de Bastia statue sur une requ\u00eate en omission de statuer. La demande tend \u00e0 compl\u00e9ter un arr\u00eat du 8 novembre 2023 en pr\u00e9cisant l&#8217;irrecevabilit\u00e9 d&#8217;une pr\u00e9tention omise au dispositif. Le litige trouve son origine dans des relations locatives commerciales et des impay\u00e9s, tranch\u00e9s en partie par le tribunal judiciaire d&#8217;Ajaccio le 10 f\u00e9vrier 2022.<\/p>\n<p>En appel, l&#8217;occupant commercial a sollicit\u00e9 la restitution de loyers depuis 2015, puis, ult\u00e9rieurement, des dommages-int\u00e9r\u00eats d&#8217;un montant identique. La juridiction du 8 novembre 2023 a rejet\u00e9 cette \u00e9volution des pr\u00e9tentions comme nouvelle, mais l&#8217;omission affectait le dispositif de l&#8217;arr\u00eat. Une requ\u00eate a alors \u00e9t\u00e9 form\u00e9e le 4 novembre 2024, tandis qu&#8217;une contestation sur sa recevabilit\u00e9 \u00e9tait soulev\u00e9e par l&#8217;intim\u00e9e. Le requ\u00e9rant sollicitait que soit act\u00e9e l&#8217;irrecevabilit\u00e9 de 193 800 euros, et la restitution de 30 000 euros, demandes contre lesquelles l&#8217;intim\u00e9e concluait.<\/p>\n<p>La question porte sur les conditions et les limites du compl\u00e9ment de dispositif au titre de l&#8217;article 463 du code de proc\u00e9dure civile. La cour d\u00e9clare la requ\u00eate recevable, compl\u00e8te le dispositif sur l&#8217;irrecevabilit\u00e9 de la demande de 193 800 euros, et rejette les autres points. Les d\u00e9pens sont laiss\u00e9s au Tr\u00e9sor public, les demandes au titre de l&#8217;article 700 \u00e9tant \u00e9cart\u00e9es.<\/p>\n<p>I. Le compl\u00e9ment de dispositif au titre de l&#8217;article 463<\/p>\n<p>A. Recevabilit\u00e9 de la requ\u00eate<\/p>\n<p>La cour rappelle le cadre de l&#8217;article 463, qui autorise la juridiction \u00e0 compl\u00e9ter son jugement sans porter atteinte \u00e0 la chose jug\u00e9e. Elle \u00e9carte l&#8217;irrecevabilit\u00e9 tir\u00e9e d&#8217;un \u00e9ventuel pourvoi en indiquant que la Cour de cassation n&#8217;est pas saisie de ce chef. \u00ab La requ\u00eate en omission de statuer sera en cons\u00e9quence d\u00e9clar\u00e9e recevable. \u00bb<\/p>\n<p>La motivation accorde une port\u00e9e concr\u00e8te \u00e0 la mention \u00ab de ce chef \u00bb pr\u00e9vue par le texte, en isolant le point non soumis au contr\u00f4le de cassation. Ce raisonnement s\u00e9curise le d\u00e9lai d&#8217;un an, qui court ind\u00e9pendamment des recours sur des chefs distincts du dispositif.<\/p>\n<p>B. Port\u00e9e et limites du compl\u00e9ment<\/p>\n<p>La juridiction constate l&#8217;omission affectant un chef d\u00e9cisoire, puis d\u00e9cide d&#8217;y rem\u00e9dier en ajoutant la mention manquante au dispositif. \u00ab Il est exact que ce point n&#8217;a pas \u00e9t\u00e9 repris au dispositif de l&#8217;arr\u00eat qui sera compl\u00e9t\u00e9 en cons\u00e9quence, ce qui permettra \u00e0 la soci\u00e9t\u00e9 requ\u00e9rante de former un pourvoi en cassation compl\u00e9mentaire de ce chef. \u00bb<\/p>\n<p>L&#8217;ajout ne modifie pas la solution de fond, il consacre l&#8217;autorit\u00e9 du dispositif en coh\u00e9rence avec les motifs d\u00e9cisoires. La mention ordonn\u00e9e sur la minute et les exp\u00e9ditions garantit l&#8217;effectivit\u00e9 des voies de recours, dans le respect des bornes attach\u00e9es \u00e0 la chose jug\u00e9e.<\/p>\n<p>II. L&#8217;irrecevabilit\u00e9 de la pr\u00e9tention nouvelle et ses incidences<\/p>\n<p>A. Caract\u00e9risation de la nouveaut\u00e9 en appel<\/p>\n<p>Au fond, l&#8217;arr\u00eat du 8 novembre 2023 avait censur\u00e9 le glissement d&#8217;une restitution d&#8217;indus vers une demande indemnitaire de m\u00eame montant. La motivation souligne la diff\u00e9rence d&#8217;objet et de fondement, malgr\u00e9 l&#8217;identit\u00e9 chiffr\u00e9e, ce qui correspond aux exigences des articles 564 et 565. \u00ab A la lecture du libell\u00e9 de ses pr\u00e9tentions de premi\u00e8re instance que la somme de 193.800 \u20ac qu&#8217;elle sollicitait correspondait \u00e0 la restitution des loyers vers\u00e9s depuis le 30 janvier 2015 \u00e0 parfaire, qu&#8217;elle la sollicite d\u00e9sormais en cause d&#8217;appel \u00e0 titre de dommages-int\u00e9r\u00eats et que ces demandes, en d\u00e9pit de la similarit\u00e9 du montant r\u00e9clam\u00e9, proc\u00e8dent de fondements juridiques distincts et poursuivent des objets diff\u00e9rents. Cette demande sera par cons\u00e9quent d\u00e9clar\u00e9e irrecevable \u00bb.<\/p>\n<p>La solution, classique, confirme que l&#8217;identit\u00e9 du quantum ne neutralise pas la mutation de l&#8217;objet ni la modification du support juridique. Elle s&#8217;inscrit dans une conception stricte des pr\u00e9tentions en appel, qui pr\u00e9vient les d\u00e9tournements de la double instance.<\/p>\n<p>B. Absence d&#8217;omission sur la demande de 30 000 euros<\/p>\n<p>S&#8217;agissant des loyers imput\u00e9s comme ind\u00fbment pay\u00e9s entre 2019 et 2021, la cour rel\u00e8ve qu&#8217;aucun chef n&#8217;est demeur\u00e9 sans r\u00e9ponse. Le dispositif de 2023 fixait globalement les sommes dues pour la p\u00e9riode litigieuse, ce qui exclut l&#8217;absence de statuer invoqu\u00e9e.<\/p>\n<p>La solution rappelle que l&#8217;omission de statuer vise un chef autonome, et non une divergence d&#8217;appr\u00e9ciation sur des postes d\u00e9j\u00e0 tranch\u00e9s. L&#8217;outil correctif ne devient pas une voie d&#8217;appel d\u00e9guis\u00e9e, dont l&#8217;objet resterait l&#8217;augmentation ou la r\u00e9duction d&#8217;un quantum d\u00e9cid\u00e9.<\/p>\n<\/div>\n","protected":false},"excerpt":{"rendered":"<p>Par un arr\u00eat du 18 juin 2025, la Cour d&#8217;appel de Bastia statue sur une requ\u00eate en omission de statuer. La demande tend \u00e0 compl\u00e9ter un arr\u00eat du 8 novembre 202&#8230;<\/p>\n","protected":false},"author":232070755,"featured_media":9483,"comment_status":"open","ping_status":"open","sticky":false,"template":"","format":"standard","meta":{"_crdt_document":"","_jetpack_newsletter_access":"","_jetpack_dont_email_post_to_subs":false,"_jetpack_newsletter_tier_id":0,"_jetpack_memberships_contains_paywalled_content":false,"_kj_source_type":"judilibre","_kj_official_id":"68539ebd0c9618370f2b6a28","_kj_official_url":"https:\/\/www.courdecassation.fr\/decision\/68539ebd0c9618370f2b6a28","_kj_judilibre_id":"68539ebd0c9618370f2b6a28","_kj_jur":"Cour d'appel","_kj_lieu":"Bastia","_kj_chambre":"Chambre civile Section 2","_kj_rg":"24\/00607","_kj_date":"2025-06-18","_jetpack_memberships_contains_paid_content":false,"footnotes":"","jetpack_post_was_ever_published":false},"categories":[7597],"tags":[],"class_list":["post-685455","post","type-post","status-publish","format-standard","has-post-thumbnail","hentry","category-jurisprudence"],"yoast_head":"<!-- This site is optimized with the Yoast SEO Premium plugin v27.5 (Yoast SEO v27.5) - https:\/\/yoast.com\/product\/yoast-seo-premium-wordpress\/ -->\n<title>Cour d&#039;appel de Bastia, le 18 juin 2025, n\u00b024\/00607 - Ma\u00eetre Hassan Kohen, avocat en droit p\u00e9nal \u00e0 Paris<\/title>\n<meta name=\"description\" content=\"Par un arr\u00eat du 18 juin 2025, la Cour d&#039;appel de Bastia statue sur une requ\u00eate en omission de statuer. La demande tend \u00e0 compl\u00e9ter un arr\u00eat du 8 novembre 202...\" \/>\n<meta name=\"robots\" content=\"index, follow, max-snippet:-1, max-image-preview:large, max-video-preview:-1\" \/>\n<link rel=\"canonical\" href=\"https:\/\/kohenavocats.com\/zh-hans\/cour-dappel-de-bastia-le-18-juin-2025-n24-00607\/\" \/>\n<meta property=\"og:locale\" content=\"zh_CN\" \/>\n<meta property=\"og:type\" content=\"article\" \/>\n<meta property=\"og:title\" content=\"Cour d&#039;appel de Bastia, le 18 juin 2025, n\u00b024\/00607\" \/>\n<meta property=\"og:description\" content=\"Par un arr\u00eat du 18 juin 2025, la Cour d&#039;appel de Bastia statue sur une requ\u00eate en omission de statuer. La demande tend \u00e0 compl\u00e9ter un arr\u00eat du 8 novembre 202...\" \/>\n<meta property=\"og:url\" content=\"https:\/\/kohenavocats.com\/zh-hans\/cour-dappel-de-bastia-le-18-juin-2025-n24-00607\/\" \/>\n<meta property=\"og:site_name\" content=\"Ma\u00eetre Hassan Kohen, avocat en droit p\u00e9nal \u00e0 Paris\" \/>\n<meta property=\"article:published_time\" content=\"2026-04-25T18:39:27+00:00\" \/>\n<meta property=\"og:image\" content=\"https:\/\/kohenavocats.com\/wp-content\/uploads\/2024\/11\/declan-sun-JYXbjhOGTCs-unsplash.webp\" \/>\n\t<meta property=\"og:image:width\" content=\"4553\" \/>\n\t<meta property=\"og:image:height\" content=\"3888\" \/>\n\t<meta property=\"og:image:type\" content=\"image\/webp\" \/>\n<meta name=\"author\" content=\"Kohen\" \/>\n<meta name=\"twitter:card\" content=\"summary_large_image\" \/>\n<meta name=\"twitter:label1\" content=\"\u4f5c\u8005\" \/>\n\t<meta name=\"twitter:data1\" content=\"Kohen\" \/>\n\t<meta name=\"twitter:label2\" content=\"\u9884\u8ba1\u9605\u8bfb\u65f6\u95f4\" \/>\n\t<meta name=\"twitter:data2\" content=\"4 \u5206\" \/>\n<script type=\"application\/ld+json\" class=\"yoast-schema-graph\">{\"@context\":\"https:\\\/\\\/schema.org\",\"@graph\":[{\"@type\":\"Article\",\"@id\":\"https:\\\/\\\/kohenavocats.com\\\/zh-hans\\\/cour-dappel-de-bastia-le-18-juin-2025-n24-00607\\\/#article\",\"isPartOf\":{\"@id\":\"https:\\\/\\\/kohenavocats.com\\\/zh-hans\\\/cour-dappel-de-bastia-le-18-juin-2025-n24-00607\\\/\"},\"author\":{\"name\":\"Kohen\",\"@id\":\"https:\\\/\\\/kohenavocats.com\\\/zh-hans\\\/#\\\/schema\\\/person\\\/761c9ba54fa1ca84d405cef0831ff751\"},\"headline\":\"Cour d&#8217;appel de Bastia, le 18 juin 2025, n\u00b024\\\/00607\",\"datePublished\":\"2026-04-25T18:39:27+00:00\",\"mainEntityOfPage\":{\"@id\":\"https:\\\/\\\/kohenavocats.com\\\/zh-hans\\\/cour-dappel-de-bastia-le-18-juin-2025-n24-00607\\\/\"},\"wordCount\":804,\"commentCount\":0,\"publisher\":{\"@id\":\"https:\\\/\\\/kohenavocats.com\\\/zh-hans\\\/#organization\"},\"image\":{\"@id\":\"https:\\\/\\\/kohenavocats.com\\\/zh-hans\\\/cour-dappel-de-bastia-le-18-juin-2025-n24-00607\\\/#primaryimage\"},\"thumbnailUrl\":\"https:\\\/\\\/kohenavocats.com\\\/wp-content\\\/uploads\\\/2024\\\/11\\\/declan-sun-JYXbjhOGTCs-unsplash.webp\",\"articleSection\":[\"Jurisprudence\"],\"inLanguage\":\"zh-Hans\",\"potentialAction\":[{\"@type\":\"CommentAction\",\"name\":\"Comment\",\"target\":[\"https:\\\/\\\/kohenavocats.com\\\/zh-hans\\\/cour-dappel-de-bastia-le-18-juin-2025-n24-00607\\\/#respond\"]}],\"citation\":\"Cour d&#8217;appel de Bastia, le 18 juin 2025, n\u00b024\\\/00607\",\"about\":[{\"@type\":\"Thing\",\"name\":\"Jurisprudence\"}],\"dateModified\":\"2026-04-25T18:39:27+00:00\",\"speakable\":{\"@type\":\"SpeakableSpecification\",\"cssSelector\":[\".article-content > p:first-of-type\"]}},{\"@type\":\"WebPage\",\"@id\":\"https:\\\/\\\/kohenavocats.com\\\/zh-hans\\\/cour-dappel-de-bastia-le-18-juin-2025-n24-00607\\\/\",\"url\":\"https:\\\/\\\/kohenavocats.com\\\/zh-hans\\\/cour-dappel-de-bastia-le-18-juin-2025-n24-00607\\\/\",\"name\":\"Cour d'appel de Bastia, le 18 juin 2025, n\u00b024\\\/00607 - Ma\u00eetre Hassan Kohen, avocat en droit p\u00e9nal \u00e0 Paris\",\"isPartOf\":{\"@id\":\"https:\\\/\\\/kohenavocats.com\\\/zh-hans\\\/#website\"},\"primaryImageOfPage\":{\"@id\":\"https:\\\/\\\/kohenavocats.com\\\/zh-hans\\\/cour-dappel-de-bastia-le-18-juin-2025-n24-00607\\\/#primaryimage\"},\"image\":{\"@id\":\"https:\\\/\\\/kohenavocats.com\\\/zh-hans\\\/cour-dappel-de-bastia-le-18-juin-2025-n24-00607\\\/#primaryimage\"},\"thumbnailUrl\":\"https:\\\/\\\/kohenavocats.com\\\/wp-content\\\/uploads\\\/2024\\\/11\\\/declan-sun-JYXbjhOGTCs-unsplash.webp\",\"datePublished\":\"2026-04-25T18:39:27+00:00\",\"description\":\"Par un arr\u00eat du 18 juin 2025, la Cour d'appel de Bastia statue sur une requ\u00eate en omission de statuer. La demande tend \u00e0 compl\u00e9ter un arr\u00eat du 8 novembre 202...\",\"breadcrumb\":{\"@id\":\"https:\\\/\\\/kohenavocats.com\\\/zh-hans\\\/cour-dappel-de-bastia-le-18-juin-2025-n24-00607\\\/#breadcrumb\"},\"inLanguage\":\"zh-Hans\",\"potentialAction\":[{\"@type\":\"ReadAction\",\"target\":[\"https:\\\/\\\/kohenavocats.com\\\/zh-hans\\\/cour-dappel-de-bastia-le-18-juin-2025-n24-00607\\\/\"]}]},{\"@type\":\"ImageObject\",\"inLanguage\":\"zh-Hans\",\"@id\":\"https:\\\/\\\/kohenavocats.com\\\/zh-hans\\\/cour-dappel-de-bastia-le-18-juin-2025-n24-00607\\\/#primaryimage\",\"url\":\"https:\\\/\\\/kohenavocats.com\\\/wp-content\\\/uploads\\\/2024\\\/11\\\/declan-sun-JYXbjhOGTCs-unsplash.webp\",\"contentUrl\":\"https:\\\/\\\/kohenavocats.com\\\/wp-content\\\/uploads\\\/2024\\\/11\\\/declan-sun-JYXbjhOGTCs-unsplash.webp\",\"width\":4553,\"height\":3888},{\"@type\":\"BreadcrumbList\",\"@id\":\"https:\\\/\\\/kohenavocats.com\\\/zh-hans\\\/cour-dappel-de-bastia-le-18-juin-2025-n24-00607\\\/#breadcrumb\",\"itemListElement\":[{\"@type\":\"ListItem\",\"position\":1,\"name\":\"Home\",\"item\":\"https:\\\/\\\/kohenavocats.com\\\/zh-hans\\\/\"},{\"@type\":\"ListItem\",\"position\":2,\"name\":\"Cour d&rsquo;appel de Bastia, le 18 juin 2025, n\u00b024\\\/00607\"}]},{\"@type\":\"WebSite\",\"@id\":\"https:\\\/\\\/kohenavocats.com\\\/zh-hans\\\/#website\",\"url\":\"https:\\\/\\\/kohenavocats.com\\\/zh-hans\\\/\",\"name\":\"Kohen Avocats\",\"description\":\"Ma\u00eetre Hassan Kohen, avocat p\u00e9naliste \u00e0 Paris, intervient exclusivement en droit p\u00e9nal pour la d\u00e9fense des particuliers, notamment en mati\u00e8re d\u2019accusations de viol. Il assure un accompagnement rigoureux d\u00e8s la garde \u00e0 vue jusqu\u2019\u00e0 la Cour d\u2019assises, veillant au strict respect des garanties proc\u00e9durales.\",\"publisher\":{\"@id\":\"https:\\\/\\\/kohenavocats.com\\\/zh-hans\\\/#organization\"},\"potentialAction\":[{\"@type\":\"SearchAction\",\"target\":{\"@type\":\"EntryPoint\",\"urlTemplate\":\"https:\\\/\\\/kohenavocats.com\\\/zh-hans\\\/?s={search_term_string}\"},\"query-input\":{\"@type\":\"PropertyValueSpecification\",\"valueRequired\":true,\"valueName\":\"search_term_string\"}}],\"inLanguage\":\"zh-Hans\"},{\"@type\":\"Organization\",\"@id\":\"https:\\\/\\\/kohenavocats.com\\\/zh-hans\\\/#organization\",\"name\":\"Kohen Avocats\",\"url\":\"https:\\\/\\\/kohenavocats.com\\\/zh-hans\\\/\",\"logo\":{\"@type\":\"ImageObject\",\"inLanguage\":\"zh-Hans\",\"@id\":\"https:\\\/\\\/kohenavocats.com\\\/zh-hans\\\/#\\\/schema\\\/logo\\\/image\\\/\",\"url\":\"https:\\\/\\\/kohenavocats.com\\\/wp-content\\\/uploads\\\/2026\\\/01\\\/Logo-2-1.webp\",\"contentUrl\":\"https:\\\/\\\/kohenavocats.com\\\/wp-content\\\/uploads\\\/2026\\\/01\\\/Logo-2-1.webp\",\"width\":2114,\"height\":1253,\"caption\":\"Kohen Avocats\"},\"image\":{\"@id\":\"https:\\\/\\\/kohenavocats.com\\\/zh-hans\\\/#\\\/schema\\\/logo\\\/image\\\/\"}},{\"@type\":\"Person\",\"@id\":\"https:\\\/\\\/kohenavocats.com\\\/zh-hans\\\/#\\\/schema\\\/person\\\/761c9ba54fa1ca84d405cef0831ff751\",\"name\":\"Kohen\",\"image\":{\"@type\":\"ImageObject\",\"inLanguage\":\"zh-Hans\",\"@id\":\"https:\\\/\\\/secure.gravatar.com\\\/avatar\\\/1c5e76ef76bbbfdd2b4da984e2bf2fa4056fd51a27d25ce2c332047f1dfd6e00?s=96&d=identicon&r=g\",\"url\":\"https:\\\/\\\/secure.gravatar.com\\\/avatar\\\/1c5e76ef76bbbfdd2b4da984e2bf2fa4056fd51a27d25ce2c332047f1dfd6e00?s=96&d=identicon&r=g\",\"contentUrl\":\"https:\\\/\\\/secure.gravatar.com\\\/avatar\\\/1c5e76ef76bbbfdd2b4da984e2bf2fa4056fd51a27d25ce2c332047f1dfd6e00?s=96&d=identicon&r=g\",\"caption\":\"Kohen\"},\"sameAs\":[\"https:\\\/\\\/www.linkedin.com\\\/in\\\/hassan-kohen-448548192\\\/\",\"https:\\\/\\\/www.youtube.com\\\/@Kohen-Avocats\"],\"url\":\"https:\\\/\\\/kohenavocats.com\\\/zh-hans\\\/author\\\/kohenmlk\\\/\"}]}<\/script>\n<!-- \/ Yoast SEO Premium plugin. -->","yoast_head_json":{"title":"Cour d'appel de Bastia, le 18 juin 2025, n\u00b024\/00607 - Ma\u00eetre Hassan Kohen, avocat en droit p\u00e9nal \u00e0 Paris","description":"Par un arr\u00eat du 18 juin 2025, la Cour d'appel de Bastia statue sur une requ\u00eate en omission de statuer. La demande tend \u00e0 compl\u00e9ter un arr\u00eat du 8 novembre 202...","robots":{"index":"index","follow":"follow","max-snippet":"max-snippet:-1","max-image-preview":"max-image-preview:large","max-video-preview":"max-video-preview:-1"},"canonical":"https:\/\/kohenavocats.com\/zh-hans\/cour-dappel-de-bastia-le-18-juin-2025-n24-00607\/","og_locale":"zh_CN","og_type":"article","og_title":"Cour d'appel de Bastia, le 18 juin 2025, n\u00b024\/00607","og_description":"Par un arr\u00eat du 18 juin 2025, la Cour d'appel de Bastia statue sur une requ\u00eate en omission de statuer. La demande tend \u00e0 compl\u00e9ter un arr\u00eat du 8 novembre 202...","og_url":"https:\/\/kohenavocats.com\/zh-hans\/cour-dappel-de-bastia-le-18-juin-2025-n24-00607\/","og_site_name":"Ma\u00eetre Hassan Kohen, avocat en droit p\u00e9nal \u00e0 Paris","article_published_time":"2026-04-25T18:39:27+00:00","og_image":[{"width":4553,"height":3888,"url":"https:\/\/kohenavocats.com\/wp-content\/uploads\/2024\/11\/declan-sun-JYXbjhOGTCs-unsplash.webp","type":"image\/webp"}],"author":"Kohen","twitter_card":"summary_large_image","twitter_misc":{"\u4f5c\u8005":"Kohen","\u9884\u8ba1\u9605\u8bfb\u65f6\u95f4":"4 \u5206"},"schema":{"@context":"https:\/\/schema.org","@graph":[{"@type":"Article","@id":"https:\/\/kohenavocats.com\/zh-hans\/cour-dappel-de-bastia-le-18-juin-2025-n24-00607\/#article","isPartOf":{"@id":"https:\/\/kohenavocats.com\/zh-hans\/cour-dappel-de-bastia-le-18-juin-2025-n24-00607\/"},"author":{"name":"Kohen","@id":"https:\/\/kohenavocats.com\/zh-hans\/#\/schema\/person\/761c9ba54fa1ca84d405cef0831ff751"},"headline":"Cour d&#8217;appel de Bastia, le 18 juin 2025, n\u00b024\/00607","datePublished":"2026-04-25T18:39:27+00:00","mainEntityOfPage":{"@id":"https:\/\/kohenavocats.com\/zh-hans\/cour-dappel-de-bastia-le-18-juin-2025-n24-00607\/"},"wordCount":804,"commentCount":0,"publisher":{"@id":"https:\/\/kohenavocats.com\/zh-hans\/#organization"},"image":{"@id":"https:\/\/kohenavocats.com\/zh-hans\/cour-dappel-de-bastia-le-18-juin-2025-n24-00607\/#primaryimage"},"thumbnailUrl":"https:\/\/kohenavocats.com\/wp-content\/uploads\/2024\/11\/declan-sun-JYXbjhOGTCs-unsplash.webp","articleSection":["Jurisprudence"],"inLanguage":"zh-Hans","potentialAction":[{"@type":"CommentAction","name":"Comment","target":["https:\/\/kohenavocats.com\/zh-hans\/cour-dappel-de-bastia-le-18-juin-2025-n24-00607\/#respond"]}],"citation":"Cour d&#8217;appel de Bastia, le 18 juin 2025, n\u00b024\/00607","about":[{"@type":"Thing","name":"Jurisprudence"}],"dateModified":"2026-04-25T18:39:27+00:00","speakable":{"@type":"SpeakableSpecification","cssSelector":[".article-content > p:first-of-type"]}},{"@type":"WebPage","@id":"https:\/\/kohenavocats.com\/zh-hans\/cour-dappel-de-bastia-le-18-juin-2025-n24-00607\/","url":"https:\/\/kohenavocats.com\/zh-hans\/cour-dappel-de-bastia-le-18-juin-2025-n24-00607\/","name":"Cour d'appel de Bastia, le 18 juin 2025, n\u00b024\/00607 - Ma\u00eetre Hassan Kohen, avocat en droit p\u00e9nal \u00e0 Paris","isPartOf":{"@id":"https:\/\/kohenavocats.com\/zh-hans\/#website"},"primaryImageOfPage":{"@id":"https:\/\/kohenavocats.com\/zh-hans\/cour-dappel-de-bastia-le-18-juin-2025-n24-00607\/#primaryimage"},"image":{"@id":"https:\/\/kohenavocats.com\/zh-hans\/cour-dappel-de-bastia-le-18-juin-2025-n24-00607\/#primaryimage"},"thumbnailUrl":"https:\/\/kohenavocats.com\/wp-content\/uploads\/2024\/11\/declan-sun-JYXbjhOGTCs-unsplash.webp","datePublished":"2026-04-25T18:39:27+00:00","description":"Par un arr\u00eat du 18 juin 2025, la Cour d'appel de Bastia statue sur une requ\u00eate en omission de statuer. La demande tend \u00e0 compl\u00e9ter un arr\u00eat du 8 novembre 202...","breadcrumb":{"@id":"https:\/\/kohenavocats.com\/zh-hans\/cour-dappel-de-bastia-le-18-juin-2025-n24-00607\/#breadcrumb"},"inLanguage":"zh-Hans","potentialAction":[{"@type":"ReadAction","target":["https:\/\/kohenavocats.com\/zh-hans\/cour-dappel-de-bastia-le-18-juin-2025-n24-00607\/"]}]},{"@type":"ImageObject","inLanguage":"zh-Hans","@id":"https:\/\/kohenavocats.com\/zh-hans\/cour-dappel-de-bastia-le-18-juin-2025-n24-00607\/#primaryimage","url":"https:\/\/kohenavocats.com\/wp-content\/uploads\/2024\/11\/declan-sun-JYXbjhOGTCs-unsplash.webp","contentUrl":"https:\/\/kohenavocats.com\/wp-content\/uploads\/2024\/11\/declan-sun-JYXbjhOGTCs-unsplash.webp","width":4553,"height":3888},{"@type":"BreadcrumbList","@id":"https:\/\/kohenavocats.com\/zh-hans\/cour-dappel-de-bastia-le-18-juin-2025-n24-00607\/#breadcrumb","itemListElement":[{"@type":"ListItem","position":1,"name":"Home","item":"https:\/\/kohenavocats.com\/zh-hans\/"},{"@type":"ListItem","position":2,"name":"Cour d&rsquo;appel de Bastia, le 18 juin 2025, n\u00b024\/00607"}]},{"@type":"WebSite","@id":"https:\/\/kohenavocats.com\/zh-hans\/#website","url":"https:\/\/kohenavocats.com\/zh-hans\/","name":"Kohen Avocats","description":"Ma\u00eetre Hassan Kohen, avocat p\u00e9naliste \u00e0 Paris, intervient exclusivement en droit p\u00e9nal pour la d\u00e9fense des particuliers, notamment en mati\u00e8re d\u2019accusations de viol. Il assure un accompagnement rigoureux d\u00e8s la garde \u00e0 vue jusqu\u2019\u00e0 la Cour d\u2019assises, veillant au strict respect des garanties proc\u00e9durales.","publisher":{"@id":"https:\/\/kohenavocats.com\/zh-hans\/#organization"},"potentialAction":[{"@type":"SearchAction","target":{"@type":"EntryPoint","urlTemplate":"https:\/\/kohenavocats.com\/zh-hans\/?s={search_term_string}"},"query-input":{"@type":"PropertyValueSpecification","valueRequired":true,"valueName":"search_term_string"}}],"inLanguage":"zh-Hans"},{"@type":"Organization","@id":"https:\/\/kohenavocats.com\/zh-hans\/#organization","name":"Kohen Avocats","url":"https:\/\/kohenavocats.com\/zh-hans\/","logo":{"@type":"ImageObject","inLanguage":"zh-Hans","@id":"https:\/\/kohenavocats.com\/zh-hans\/#\/schema\/logo\/image\/","url":"https:\/\/kohenavocats.com\/wp-content\/uploads\/2026\/01\/Logo-2-1.webp","contentUrl":"https:\/\/kohenavocats.com\/wp-content\/uploads\/2026\/01\/Logo-2-1.webp","width":2114,"height":1253,"caption":"Kohen Avocats"},"image":{"@id":"https:\/\/kohenavocats.com\/zh-hans\/#\/schema\/logo\/image\/"}},{"@type":"Person","@id":"https:\/\/kohenavocats.com\/zh-hans\/#\/schema\/person\/761c9ba54fa1ca84d405cef0831ff751","name":"Kohen","image":{"@type":"ImageObject","inLanguage":"zh-Hans","@id":"https:\/\/secure.gravatar.com\/avatar\/1c5e76ef76bbbfdd2b4da984e2bf2fa4056fd51a27d25ce2c332047f1dfd6e00?s=96&d=identicon&r=g","url":"https:\/\/secure.gravatar.com\/avatar\/1c5e76ef76bbbfdd2b4da984e2bf2fa4056fd51a27d25ce2c332047f1dfd6e00?s=96&d=identicon&r=g","contentUrl":"https:\/\/secure.gravatar.com\/avatar\/1c5e76ef76bbbfdd2b4da984e2bf2fa4056fd51a27d25ce2c332047f1dfd6e00?s=96&d=identicon&r=g","caption":"Kohen"},"sameAs":["https:\/\/www.linkedin.com\/in\/hassan-kohen-448548192\/","https:\/\/www.youtube.com\/@Kohen-Avocats"],"url":"https:\/\/kohenavocats.com\/zh-hans\/author\/kohenmlk\/"}]}},"jetpack_featured_media_url":"https:\/\/kohenavocats.com\/wp-content\/uploads\/2024\/11\/declan-sun-JYXbjhOGTCs-unsplash.webp","jetpack_likes_enabled":false,"jetpack_shortlink":"https:\/\/wp.me\/peCrII-2SjJ","jetpack-related-posts":[{"id":488979,"url":"https:\/\/kohenavocats.com\/zh-hans\/tribunal-judiciaire-de-bastia-le-24-novembre-2025-n25-00178\/","url_meta":{"origin":685455,"position":0},"title":"Tribunal judiciaire de Bastia, le 24 novembre 2025, n\u00b025\/00178","author":"Kohen","date":"2026\u5e744\u67088\u65e5","format":false,"excerpt":"Le P\u00f4le social du tribunal judiciaire de Bastia, s\u2026","rel":"","context":"\u5728\u201cD\u00e9cisions juridiques\u201d\u4e2d","block_context":{"text":"D\u00e9cisions juridiques","link":"https:\/\/kohenavocats.com\/category\/decisions-juridiques\/"},"img":{"alt_text":"","src":"https:\/\/i0.wp.com\/kohenavocats.com\/wp-content\/uploads\/2024\/08\/stephanie-leblanc-5dZBzZxISXE-unsplash.webp?resize=350%2C200&ssl=1","width":350,"height":200,"srcset":"https:\/\/i0.wp.com\/kohenavocats.com\/wp-content\/uploads\/2024\/08\/stephanie-leblanc-5dZBzZxISXE-unsplash.webp?resize=350%2C200&ssl=1 1x, https:\/\/i0.wp.com\/kohenavocats.com\/wp-content\/uploads\/2024\/08\/stephanie-leblanc-5dZBzZxISXE-unsplash.webp?resize=525%2C300&ssl=1 1.5x, https:\/\/i0.wp.com\/kohenavocats.com\/wp-content\/uploads\/2024\/08\/stephanie-leblanc-5dZBzZxISXE-unsplash.webp?resize=700%2C400&ssl=1 2x, https:\/\/i0.wp.com\/kohenavocats.com\/wp-content\/uploads\/2024\/08\/stephanie-leblanc-5dZBzZxISXE-unsplash.webp?resize=1050%2C600&ssl=1 3x, https:\/\/i0.wp.com\/kohenavocats.com\/wp-content\/uploads\/2024\/08\/stephanie-leblanc-5dZBzZxISXE-unsplash.webp?resize=1400%2C800&ssl=1 4x"},"classes":[]},{"id":488349,"url":"https:\/\/kohenavocats.com\/zh-hans\/tribunal-judiciaire-de-bastia-le-16-juin-2025-n25-00178\/","url_meta":{"origin":685455,"position":1},"title":"Tribunal judiciaire de Bastia, le 16 juin 2025, n\u00b025\/00178","author":"Kohen","date":"2026\u5e744\u67088\u65e5","format":false,"excerpt":"Le P\u00f4le social du tribunal judiciaire de Bastia, s\u2026","rel":"","context":"\u5728\u201cJurisprudence\u201d\u4e2d","block_context":{"text":"Jurisprudence","link":"https:\/\/kohenavocats.com\/category\/jurisprudence\/"},"img":{"alt_text":"","src":"https:\/\/i0.wp.com\/kohenavocats.com\/wp-content\/uploads\/2024\/07\/colin-lloyd-_JEiyOfC2y8-unsplash.webp?resize=350%2C200&ssl=1","width":350,"height":200,"srcset":"https:\/\/i0.wp.com\/kohenavocats.com\/wp-content\/uploads\/2024\/07\/colin-lloyd-_JEiyOfC2y8-unsplash.webp?resize=350%2C200&ssl=1 1x, https:\/\/i0.wp.com\/kohenavocats.com\/wp-content\/uploads\/2024\/07\/colin-lloyd-_JEiyOfC2y8-unsplash.webp?resize=525%2C300&ssl=1 1.5x, https:\/\/i0.wp.com\/kohenavocats.com\/wp-content\/uploads\/2024\/07\/colin-lloyd-_JEiyOfC2y8-unsplash.webp?resize=700%2C400&ssl=1 2x, https:\/\/i0.wp.com\/kohenavocats.com\/wp-content\/uploads\/2024\/07\/colin-lloyd-_JEiyOfC2y8-unsplash.webp?resize=1050%2C600&ssl=1 3x, https:\/\/i0.wp.com\/kohenavocats.com\/wp-content\/uploads\/2024\/07\/colin-lloyd-_JEiyOfC2y8-unsplash.webp?resize=1400%2C800&ssl=1 4x"},"classes":[]},{"id":654971,"url":"https:\/\/kohenavocats.com\/zh-hans\/cour-dappel-de-bastia-le-27-novembre-2024-n24-00680\/","url_meta":{"origin":685455,"position":2},"title":"Cour d&#8217;appel de Bastia, le 27 novembre 2024, n\u00b024\/00680","author":"Kohen","date":"2026\u5e744\u670823\u65e5","format":false,"excerpt":"La Cour d\u2019appel de Bastia, statuant le premier oct\u2026","rel":"","context":"\u5728\u201cJurisprudence\u201d\u4e2d","block_context":{"text":"Jurisprudence","link":"https:\/\/kohenavocats.com\/category\/jurisprudence\/"},"img":{"alt_text":"","src":"https:\/\/i0.wp.com\/kohenavocats.com\/wp-content\/uploads\/2024\/07\/leonard-cotte-R5scocnOOdM-unsplash.webp?resize=350%2C200&ssl=1","width":350,"height":200,"srcset":"https:\/\/i0.wp.com\/kohenavocats.com\/wp-content\/uploads\/2024\/07\/leonard-cotte-R5scocnOOdM-unsplash.webp?resize=350%2C200&ssl=1 1x, https:\/\/i0.wp.com\/kohenavocats.com\/wp-content\/uploads\/2024\/07\/leonard-cotte-R5scocnOOdM-unsplash.webp?resize=525%2C300&ssl=1 1.5x, https:\/\/i0.wp.com\/kohenavocats.com\/wp-content\/uploads\/2024\/07\/leonard-cotte-R5scocnOOdM-unsplash.webp?resize=700%2C400&ssl=1 2x, https:\/\/i0.wp.com\/kohenavocats.com\/wp-content\/uploads\/2024\/07\/leonard-cotte-R5scocnOOdM-unsplash.webp?resize=1050%2C600&ssl=1 3x, https:\/\/i0.wp.com\/kohenavocats.com\/wp-content\/uploads\/2024\/07\/leonard-cotte-R5scocnOOdM-unsplash.webp?resize=1400%2C800&ssl=1 4x"},"classes":[]},{"id":423103,"url":"https:\/\/kohenavocats.com\/zh-hans\/cour-dappel-de-bastia-le-16-novembre-2011-n11-00519\/","url_meta":{"origin":685455,"position":3},"title":"Cour d&#8217;appel de Bastia, le 16 novembre 2011, n\u00b011\/00519","author":"Kohen","date":"2026\u5e743\u670823\u65e5","format":false,"excerpt":"La Cour d\u2019appel de Bastia, dans un arr\u00eat du 16 nov\u2026","rel":"","context":"\u5728\u201cCour d'appel\u201d\u4e2d","block_context":{"text":"Cour d'appel","link":"https:\/\/kohenavocats.com\/category\/cour-dappel\/"},"img":{"alt_text":"","src":"https:\/\/i0.wp.com\/kohenavocats.com\/wp-content\/uploads\/2024\/11\/ave-calvar-4fJHeKyHyX8-unsplash.webp?resize=350%2C200&ssl=1","width":350,"height":200,"srcset":"https:\/\/i0.wp.com\/kohenavocats.com\/wp-content\/uploads\/2024\/11\/ave-calvar-4fJHeKyHyX8-unsplash.webp?resize=350%2C200&ssl=1 1x, https:\/\/i0.wp.com\/kohenavocats.com\/wp-content\/uploads\/2024\/11\/ave-calvar-4fJHeKyHyX8-unsplash.webp?resize=525%2C300&ssl=1 1.5x, https:\/\/i0.wp.com\/kohenavocats.com\/wp-content\/uploads\/2024\/11\/ave-calvar-4fJHeKyHyX8-unsplash.webp?resize=700%2C400&ssl=1 2x, https:\/\/i0.wp.com\/kohenavocats.com\/wp-content\/uploads\/2024\/11\/ave-calvar-4fJHeKyHyX8-unsplash.webp?resize=1050%2C600&ssl=1 3x, https:\/\/i0.wp.com\/kohenavocats.com\/wp-content\/uploads\/2024\/11\/ave-calvar-4fJHeKyHyX8-unsplash.webp?resize=1400%2C800&ssl=1 4x"},"classes":[]},{"id":685248,"url":"https:\/\/kohenavocats.com\/zh-hans\/cour-dappel-de-bastia-le-3-septembre-2025-n25-00173\/","url_meta":{"origin":685455,"position":4},"title":"Cour d&#8217;appel de Bastia, le 3 septembre 2025, n\u00b025\/00173","author":"Kohen","date":"2026\u5e744\u670825\u65e5","format":false,"excerpt":"La Cour d'appel de Bastia, le 3 septembre 2025, s\u2019\u2026","rel":"","context":"\u5728\u201cJurisprudence\u201d\u4e2d","block_context":{"text":"Jurisprudence","link":"https:\/\/kohenavocats.com\/category\/jurisprudence\/"},"img":{"alt_text":"","src":"https:\/\/i0.wp.com\/kohenavocats.com\/wp-content\/uploads\/2024\/11\/chris-barbalis-axkgSXdeD98-unsplash-1.webp?resize=350%2C200&ssl=1","width":350,"height":200,"srcset":"https:\/\/i0.wp.com\/kohenavocats.com\/wp-content\/uploads\/2024\/11\/chris-barbalis-axkgSXdeD98-unsplash-1.webp?resize=350%2C200&ssl=1 1x, https:\/\/i0.wp.com\/kohenavocats.com\/wp-content\/uploads\/2024\/11\/chris-barbalis-axkgSXdeD98-unsplash-1.webp?resize=525%2C300&ssl=1 1.5x, https:\/\/i0.wp.com\/kohenavocats.com\/wp-content\/uploads\/2024\/11\/chris-barbalis-axkgSXdeD98-unsplash-1.webp?resize=700%2C400&ssl=1 2x, https:\/\/i0.wp.com\/kohenavocats.com\/wp-content\/uploads\/2024\/11\/chris-barbalis-axkgSXdeD98-unsplash-1.webp?resize=1050%2C600&ssl=1 3x, https:\/\/i0.wp.com\/kohenavocats.com\/wp-content\/uploads\/2024\/11\/chris-barbalis-axkgSXdeD98-unsplash-1.webp?resize=1400%2C800&ssl=1 4x"},"classes":[]},{"id":640304,"url":"https:\/\/kohenavocats.com\/zh-hans\/cour-dappel-de-bastia-le-26-novembre-2025-n25-00875\/","url_meta":{"origin":685455,"position":5},"title":"Cour d&#8217;appel de Bastia, le 26 novembre 2025, n\u00b025\/00875","author":"Kohen","date":"2026\u5e744\u670821\u65e5","format":false,"excerpt":"La Cour d'appel de Bastia, le 26 novembre 2025, st\u2026","rel":"","context":"\u5728\u201cJurisprudence\u201d\u4e2d","block_context":{"text":"Jurisprudence","link":"https:\/\/kohenavocats.com\/category\/jurisprudence\/"},"img":{"alt_text":"","src":"https:\/\/i0.wp.com\/kohenavocats.com\/wp-content\/uploads\/2024\/11\/getty-images-2H2Bo1Xmc8I-unsplash.webp?resize=350%2C200&ssl=1","width":350,"height":200,"srcset":"https:\/\/i0.wp.com\/kohenavocats.com\/wp-content\/uploads\/2024\/11\/getty-images-2H2Bo1Xmc8I-unsplash.webp?resize=350%2C200&ssl=1 1x, https:\/\/i0.wp.com\/kohenavocats.com\/wp-content\/uploads\/2024\/11\/getty-images-2H2Bo1Xmc8I-unsplash.webp?resize=525%2C300&ssl=1 1.5x, https:\/\/i0.wp.com\/kohenavocats.com\/wp-content\/uploads\/2024\/11\/getty-images-2H2Bo1Xmc8I-unsplash.webp?resize=700%2C400&ssl=1 2x, https:\/\/i0.wp.com\/kohenavocats.com\/wp-content\/uploads\/2024\/11\/getty-images-2H2Bo1Xmc8I-unsplash.webp?resize=1050%2C600&ssl=1 3x, https:\/\/i0.wp.com\/kohenavocats.com\/wp-content\/uploads\/2024\/11\/getty-images-2H2Bo1Xmc8I-unsplash.webp?resize=1400%2C800&ssl=1 4x"},"classes":[]}],"jetpack_sharing_enabled":true,"_links":{"self":[{"href":"https:\/\/kohenavocats.com\/zh-hans\/wp-json\/wp\/v2\/posts\/685455","targetHints":{"allow":["GET"]}}],"collection":[{"href":"https:\/\/kohenavocats.com\/zh-hans\/wp-json\/wp\/v2\/posts"}],"about":[{"href":"https:\/\/kohenavocats.com\/zh-hans\/wp-json\/wp\/v2\/types\/post"}],"author":[{"embeddable":true,"href":"https:\/\/kohenavocats.com\/zh-hans\/wp-json\/wp\/v2\/users\/232070755"}],"replies":[{"embeddable":true,"href":"https:\/\/kohenavocats.com\/zh-hans\/wp-json\/wp\/v2\/comments?post=685455"}],"version-history":[{"count":0,"href":"https:\/\/kohenavocats.com\/zh-hans\/wp-json\/wp\/v2\/posts\/685455\/revisions"}],"wp:featuredmedia":[{"embeddable":true,"href":"https:\/\/kohenavocats.com\/zh-hans\/wp-json\/wp\/v2\/media\/9483"}],"wp:attachment":[{"href":"https:\/\/kohenavocats.com\/zh-hans\/wp-json\/wp\/v2\/media?parent=685455"}],"wp:term":[{"taxonomy":"category","embeddable":true,"href":"https:\/\/kohenavocats.com\/zh-hans\/wp-json\/wp\/v2\/categories?post=685455"},{"taxonomy":"post_tag","embeddable":true,"href":"https:\/\/kohenavocats.com\/zh-hans\/wp-json\/wp\/v2\/tags?post=685455"}],"curies":[{"name":"wp","href":"https:\/\/api.w.org\/{rel}","templated":true}]}}