{"id":685506,"date":"2026-04-25T20:44:19","date_gmt":"2026-04-25T18:44:19","guid":{"rendered":"https:\/\/kohenavocats.com\/cour-dappel-de-bordeaux-le-3-juillet-2025-n22-01051\/"},"modified":"2026-04-25T20:44:19","modified_gmt":"2026-04-25T18:44:19","slug":"cour-dappel-de-bordeaux-le-3-juillet-2025-n22-01051","status":"publish","type":"post","link":"https:\/\/kohenavocats.com\/zh-hans\/cour-dappel-de-bordeaux-le-3-juillet-2025-n22-01051\/","title":{"rendered":"Cour d&#8217;appel de Bordeaux, le 3 juillet 2025, n\u00b022\/01051"},"content":{"rendered":"<div class=\"article-content\">\n<p>La cour d\u2019appel de Bordeaux, 3 juillet 2025, 2e chambre civile, statue au fond sur un litige de voisinage li\u00e9 \u00e0 l\u2019effondrement d\u2019un mur pignon et \u00e0 un glissement de terrain. Deux fonds contigus, implant\u00e9s en d\u00e9nivel\u00e9, sont concern\u00e9s : le b\u00e2timent en contrebas s\u2019est partiellement \u00e9croul\u00e9, entra\u00eenant une perte de terres sur le fonds surplombant. L\u2019assureur du fonds sup\u00e9rieur avait envisag\u00e9 un remblai, demeur\u00e9 impossible faute de reconstruction pr\u00e9alable du pignon.<\/p>\n<p>Apr\u00e8s expertise judiciaire, le tribunal judiciaire de P\u00e9rigueux, 11 janvier 2022, a retenu la responsabilit\u00e9 du propri\u00e9taire du b\u00e2timent effondr\u00e9. Il a ordonn\u00e9 des travaux de stabilisation sous astreinte, allou\u00e9 des dommages et int\u00e9r\u00eats pour la jouissance, et statu\u00e9 sur les d\u00e9pens et l\u2019article 700. L\u2019appel reprochait une erreur sur la mitoyennet\u00e9, l\u2019imputabilit\u00e9 du glissement aux apports de terre du fonds sup\u00e9rieur, et un ultra petita dans l\u2019ordonnance des travaux. L\u2019intim\u00e9e demandait la confirmation, ou \u00e0 d\u00e9faut la condamnation \u00e0 reconstruire un ouvrage soutenant le remblai, avec indexation BT01, astreinte et maintien des sommes allou\u00e9es.<\/p>\n<p>La question de droit portait d\u2019abord sur l\u2019imputabilit\u00e9 du dommage au sens des articles 1242, alin\u00e9a 1, et 1244 du code civil, malgr\u00e9 l\u2019incertitude sur les limites. Se posait ensuite l\u2019office du juge quant aux mesures r\u00e9paratoires, \u00e0 la lumi\u00e8re de l\u2019article 5 du code de proc\u00e9dure civile et des r\u00e8gles d\u2019accessoire. La cour confirme la responsabilit\u00e9 du propri\u00e9taire de l\u2019immeuble ruin\u00e9, qualifie le d\u00e9faut d\u2019entretien, r\u00e9pare l\u2019ultra petita, et ordonne les travaux pr\u00e9conis\u00e9s par l\u2019expert avec indexation.<\/p>\n<p>I. L\u2019engagement de la responsabilit\u00e9 du propri\u00e9taire du b\u00e2timent<\/p>\n<p>A. Le double fondement mobilis\u00e9: fait des choses et ruine des b\u00e2timents<\/p>\n<p>La cour rappelle le principe directeur de la responsabilit\u00e9 du fait des choses, en ces termes: &#8220;Il est constant que le propri\u00e9taire d&#8217;un bien est responsable de plein droit des d\u00e9sordres que le bien a caus\u00e9s&#8221;. Elle pr\u00e9cise encore: &#8220;il incombe seulement, eu \u00e9gard \u00e0 cette pr\u00e9somption de responsabilit\u00e9, \u00e0 la victime, d&#8217;\u00e9tablir que la chose a \u00e9t\u00e9, en quelque mani\u00e8re et ne f\u00fbt-ce que pour partie, l&#8217;instrument du dommage&#8221;. Ce rappel, align\u00e9 sur Civ. 3e, 22 mars 2018, n\u00b0 17-13.467, fonde une pr\u00e9somption d\u2019imputabilit\u00e9 dont la charge probatoire demeure circonscrite.<\/p>\n<p>La cour mobilise aussi l\u2019article 1244 relatif \u00e0 la ruine du b\u00e2timent, justifi\u00e9e par un d\u00e9faut d\u2019entretien, ind\u00e9pendamment de la controverse sur la mitoyennet\u00e9 du pignon. Le d\u00e9bat sur l\u2019article 653 est neutralis\u00e9, la pr\u00e9somption de mitoyennet\u00e9 ne s\u2019appliquant pas \u00e0 un mur pignon \u00e9difi\u00e9 en bordure d\u2019un jardin voisin. La solution recentre donc l\u2019analyse sur la chose instrument du dommage et la ruine, sans d\u00e9tour par la propri\u00e9t\u00e9 du mur s\u00e9paratif.<\/p>\n<p>B. L\u2019appr\u00e9ciation probatoire et la qualification causale au regard de l\u2019expertise<\/p>\n<p>La cour constate l\u2019incertitude des limites, mais rel\u00e8ve qu\u2019une bande de terrain du fonds sup\u00e9rieur s\u2019est affaiss\u00e9e, point non s\u00e9rieusement contest\u00e9. Elle retient, au vu du rapport, que &#8220;la cause pr\u00e9pond\u00e9rante se situe dans l&#8217;effondrement de la partie arri\u00e8re de la charpente et de la couverture&#8221;. Le rapport \u00e9nonce des sc\u00e9narios non exclusifs: &#8220;Les causes potentielles sont multiples:&#8221; et mentionne notamment &#8220;sape en pied par un afflux d&#8217;eau de pluie&#8221;. Ces \u00e9l\u00e9ments \u00e9tablissent un faisceau probatoire coh\u00e9rent, privil\u00e9giant le d\u00e9faut d\u2019entretien comme cause efficiente.<\/p>\n<p>La cour \u00e9carte les photographies noires et blanches, trop impr\u00e9cises pour d\u00e9montrer des apports de terre distincts, ainsi que des attestations r\u00e9duites \u00e0 de simples hypoth\u00e8ses. Elle souligne au contraire des indices objectifs de carence, toiture d\u00e9pourvue d\u2019\u00e9vacuation et pr\u00e9sence de termites ant\u00e9rieurement constat\u00e9e. Le constat technique est net: &#8220;l&#8217;\u00e9gout arri\u00e8re de la couverture reposait sur une banquette de la paroi nord sans \u00e9vacuation canalis\u00e9e&#8221;. La qualification s\u2019ensuit logiquement: l\u2019instrument du dommage est la chose gard\u00e9e; la ruine imputable au d\u00e9faut d\u2019entretien justifie, en cumul, l\u2019article 1244.<\/p>\n<p>II. Les cons\u00e9quences proc\u00e9durales et r\u00e9paratoires<\/p>\n<p>A. L\u2019ultra petita sanctionn\u00e9 et la recomposition du dispositif en appel<\/p>\n<p>Le premier juge avait enjoint l\u2019ex\u00e9cution des travaux &#8220;prescrits par l\u2019expert&#8221;, alors que la demande n\u2019\u00e9tait pas formul\u00e9e en ces termes dans les derni\u00e8res conclusions. La cour rappelle l\u2019article 5 du code de proc\u00e9dure civile: &#8220;le juge doit se prononcer sur tout ce qui est demand\u00e9 et seulement sur ce qui est demand\u00e9&#8221;. Elle en tire la cons\u00e9quence d\u2019une infirmation sur ce point pr\u00e9cis, puis appr\u00e9cie la recevabilit\u00e9 de la demande en appel, sur le terrain des pr\u00e9tentions d\u00e9rivant du m\u00eame fait.<\/p>\n<p>La cour rel\u00e8ve que &#8220;cette demande a le m\u00eame fondement que la demande initiale, et poursuit la m\u00eame fin&#8221;, application classique de l\u2019article 565 du code de proc\u00e9dure civile. Cette recomposition respecte l\u2019interdit d\u2019ultra petita, tout en pr\u00e9servant l\u2019effectivit\u00e9 de la r\u00e9paration, conforme au cadre proc\u00e9dural et \u00e0 la progression des op\u00e9rations d\u2019expertise. La solution illustre un contr\u00f4le attentif de l\u2019office du juge, conjugu\u00e9 \u00e0 un usage pragmatique des pouvoirs de la juridiction d\u2019appel en mati\u00e8re de pr\u00e9tentions d\u00e9riv\u00e9es.<\/p>\n<p>B. Les mesures de remise en \u00e9tat, leurs accessoires et le pr\u00e9judice de jouissance<\/p>\n<p>La cour retient les pr\u00e9conisations techniques de l\u2019expert, rappel\u00e9es ainsi: &#8220;un enrochement prot\u00e9g\u00e9 en t\u00eate par un grillage, ou un remblai formant talotage sur la base de 6 m\u00e8tres de haut, par 20 m\u00e8tres c\u00f4t\u00e9 nord et ouest, et la cl\u00f4ture c\u00f4t\u00e9 est&#8221;. L\u2019astreinte provisoire est maintenue, la liquidation \u00e9tant r\u00e9serv\u00e9e, afin de stimuler l\u2019ex\u00e9cution dans un d\u00e9lai utile apr\u00e8s la signification de l\u2019arr\u00eat. Le choix de la technique de confortement, plut\u00f4t que la seule reconstruction d\u2019un pignon, r\u00e9pond \u00e0 l\u2019objectif de stabiliser durablement la rive et de pr\u00e9venir les risques.<\/p>\n<p>S\u2019agissant du chiffrage, la cour admet l\u2019indexation BT01, la demande n\u2019\u00e9tant pas nouvelle d\u00e8s lors qu\u2019elle &#8220;s&#8217;analyse en l&#8217;accessoire de la demande principale&#8221;. Elle consacre express\u00e9ment la modalit\u00e9 financi\u00e8re: &#8220;il convient de dire que les travaux pr\u00e9conis\u00e9s par l&#8217;expert seront r\u00e9index\u00e9s selon l&#8217;\u00e9volution de l&#8217;indice BT01 entre la date du d\u00e9p\u00f4t du rapport d&#8217;expertise et la pr\u00e9sente d\u00e9cision&#8221;. Cette solution adapte le co\u00fbt aux variations conjoncturelles, et pr\u00e9vient l\u2019\u00e9rosion \u00e9conomique de la r\u00e9paration dans un contexte de chantiers diff\u00e9r\u00e9s.<\/p>\n<p>Le pr\u00e9judice de jouissance est confirm\u00e9 \u00e0 6 000 euros, la perte d\u2019usage, bien que circonscrite, s\u2019accompagnant d\u2019un risque de poursuite des \u00e9boulements et de chute depuis le fonds. La cour tire les cons\u00e9quences indemnitaires d\u2019un trouble r\u00e9el et persistant, objectiv\u00e9 par l\u2019expertise, sans sur\u00e9valuation ni minimisation. Les d\u00e9pens et l\u2019indemnit\u00e9 de l\u2019article 700 suivent la solution d\u2019ensemble, l\u2019appel n\u2019emportant qu\u2019une rectification limit\u00e9e de l\u2019ultra petita initial.<\/p>\n<\/div>\n","protected":false},"excerpt":{"rendered":"<p>La cour d\u2019appel de Bordeaux, 3 juillet 2025, 2e chambre civile, statue au fond sur un litige de voisinage li\u00e9 \u00e0 l\u2019effondrement d\u2019un mur pignon et \u00e0 un glisse&#8230;<\/p>\n","protected":false},"author":232070755,"featured_media":4891,"comment_status":"open","ping_status":"open","sticky":false,"template":"","format":"standard","meta":{"_crdt_document":"","_jetpack_newsletter_access":"","_jetpack_dont_email_post_to_subs":false,"_jetpack_newsletter_tier_id":0,"_jetpack_memberships_contains_paywalled_content":false,"_kj_source_type":"judilibre","_kj_official_id":"68676a33ae73470041cef8dd","_kj_official_url":"https:\/\/www.courdecassation.fr\/decision\/68676a33ae73470041cef8dd","_kj_judilibre_id":"68676a33ae73470041cef8dd","_kj_jur":"Cour d'appel","_kj_lieu":"Bordeaux","_kj_chambre":"2\u00e8me Chambre civile","_kj_rg":"22\/01051","_kj_date":"2025-07-03","_jetpack_memberships_contains_paid_content":false,"footnotes":"","jetpack_post_was_ever_published":false},"categories":[7597],"tags":[],"class_list":["post-685506","post","type-post","status-publish","format-standard","has-post-thumbnail","hentry","category-jurisprudence"],"yoast_head":"<!-- This site is optimized with the Yoast SEO Premium plugin v27.5 (Yoast SEO v27.5) - https:\/\/yoast.com\/product\/yoast-seo-premium-wordpress\/ -->\n<title>Cour d&#039;appel de Bordeaux, le 3 juillet 2025, n\u00b022\/01051 - Ma\u00eetre Hassan Kohen, avocat en droit p\u00e9nal \u00e0 Paris<\/title>\n<meta name=\"description\" content=\"La cour d\u2019appel de Bordeaux, 3 juillet 2025, 2e chambre civile, statue au fond sur un litige de voisinage li\u00e9 \u00e0 l\u2019effondrement d\u2019un mur pignon et \u00e0 un glisse...\" \/>\n<meta name=\"robots\" content=\"index, follow, max-snippet:-1, max-image-preview:large, max-video-preview:-1\" \/>\n<link rel=\"canonical\" href=\"https:\/\/kohenavocats.com\/zh-hans\/cour-dappel-de-bordeaux-le-3-juillet-2025-n22-01051\/\" \/>\n<meta property=\"og:locale\" content=\"zh_CN\" \/>\n<meta property=\"og:type\" content=\"article\" \/>\n<meta property=\"og:title\" content=\"Cour d&#039;appel de Bordeaux, le 3 juillet 2025, n\u00b022\/01051\" \/>\n<meta property=\"og:description\" content=\"La cour d\u2019appel de Bordeaux, 3 juillet 2025, 2e chambre civile, statue au fond sur un litige de voisinage li\u00e9 \u00e0 l\u2019effondrement d\u2019un mur pignon et \u00e0 un glisse...\" \/>\n<meta property=\"og:url\" content=\"https:\/\/kohenavocats.com\/zh-hans\/cour-dappel-de-bordeaux-le-3-juillet-2025-n22-01051\/\" \/>\n<meta property=\"og:site_name\" content=\"Ma\u00eetre Hassan Kohen, avocat en droit p\u00e9nal \u00e0 Paris\" \/>\n<meta property=\"article:published_time\" content=\"2026-04-25T18:44:19+00:00\" \/>\n<meta property=\"og:image\" content=\"https:\/\/kohenavocats.com\/wp-content\/uploads\/2024\/08\/pascal-bernardon-bUC0D8FFwAA-unsplash.webp\" \/>\n\t<meta property=\"og:image:width\" content=\"5424\" \/>\n\t<meta property=\"og:image:height\" content=\"3096\" \/>\n\t<meta property=\"og:image:type\" content=\"image\/webp\" \/>\n<meta name=\"author\" content=\"Kohen\" \/>\n<meta name=\"twitter:card\" content=\"summary_large_image\" \/>\n<meta name=\"twitter:label1\" content=\"\u4f5c\u8005\" \/>\n\t<meta name=\"twitter:data1\" content=\"Kohen\" \/>\n\t<meta name=\"twitter:label2\" content=\"\u9884\u8ba1\u9605\u8bfb\u65f6\u95f4\" \/>\n\t<meta name=\"twitter:data2\" content=\"6 \u5206\" \/>\n<script type=\"application\/ld+json\" class=\"yoast-schema-graph\">{\"@context\":\"https:\\\/\\\/schema.org\",\"@graph\":[{\"@type\":\"Article\",\"@id\":\"https:\\\/\\\/kohenavocats.com\\\/zh-hans\\\/cour-dappel-de-bordeaux-le-3-juillet-2025-n22-01051\\\/#article\",\"isPartOf\":{\"@id\":\"https:\\\/\\\/kohenavocats.com\\\/zh-hans\\\/cour-dappel-de-bordeaux-le-3-juillet-2025-n22-01051\\\/\"},\"author\":{\"name\":\"Kohen\",\"@id\":\"https:\\\/\\\/kohenavocats.com\\\/zh-hans\\\/#\\\/schema\\\/person\\\/761c9ba54fa1ca84d405cef0831ff751\"},\"headline\":\"Cour d&#8217;appel de Bordeaux, le 3 juillet 2025, n\u00b022\\\/01051\",\"datePublished\":\"2026-04-25T18:44:19+00:00\",\"mainEntityOfPage\":{\"@id\":\"https:\\\/\\\/kohenavocats.com\\\/zh-hans\\\/cour-dappel-de-bordeaux-le-3-juillet-2025-n22-01051\\\/\"},\"wordCount\":1239,\"commentCount\":0,\"publisher\":{\"@id\":\"https:\\\/\\\/kohenavocats.com\\\/zh-hans\\\/#organization\"},\"image\":{\"@id\":\"https:\\\/\\\/kohenavocats.com\\\/zh-hans\\\/cour-dappel-de-bordeaux-le-3-juillet-2025-n22-01051\\\/#primaryimage\"},\"thumbnailUrl\":\"https:\\\/\\\/kohenavocats.com\\\/wp-content\\\/uploads\\\/2024\\\/08\\\/pascal-bernardon-bUC0D8FFwAA-unsplash.webp\",\"articleSection\":[\"Jurisprudence\"],\"inLanguage\":\"zh-Hans\",\"potentialAction\":[{\"@type\":\"CommentAction\",\"name\":\"Comment\",\"target\":[\"https:\\\/\\\/kohenavocats.com\\\/zh-hans\\\/cour-dappel-de-bordeaux-le-3-juillet-2025-n22-01051\\\/#respond\"]}],\"citation\":\"Cour d&#8217;appel de Bordeaux, le 3 juillet 2025, n\u00b022\\\/01051\",\"about\":[{\"@type\":\"Thing\",\"name\":\"Jurisprudence\"}],\"dateModified\":\"2026-04-25T18:44:19+00:00\",\"speakable\":{\"@type\":\"SpeakableSpecification\",\"cssSelector\":[\".article-content > p:first-of-type\"]}},{\"@type\":\"WebPage\",\"@id\":\"https:\\\/\\\/kohenavocats.com\\\/zh-hans\\\/cour-dappel-de-bordeaux-le-3-juillet-2025-n22-01051\\\/\",\"url\":\"https:\\\/\\\/kohenavocats.com\\\/zh-hans\\\/cour-dappel-de-bordeaux-le-3-juillet-2025-n22-01051\\\/\",\"name\":\"Cour d'appel de Bordeaux, le 3 juillet 2025, n\u00b022\\\/01051 - Ma\u00eetre Hassan Kohen, avocat en droit p\u00e9nal \u00e0 Paris\",\"isPartOf\":{\"@id\":\"https:\\\/\\\/kohenavocats.com\\\/zh-hans\\\/#website\"},\"primaryImageOfPage\":{\"@id\":\"https:\\\/\\\/kohenavocats.com\\\/zh-hans\\\/cour-dappel-de-bordeaux-le-3-juillet-2025-n22-01051\\\/#primaryimage\"},\"image\":{\"@id\":\"https:\\\/\\\/kohenavocats.com\\\/zh-hans\\\/cour-dappel-de-bordeaux-le-3-juillet-2025-n22-01051\\\/#primaryimage\"},\"thumbnailUrl\":\"https:\\\/\\\/kohenavocats.com\\\/wp-content\\\/uploads\\\/2024\\\/08\\\/pascal-bernardon-bUC0D8FFwAA-unsplash.webp\",\"datePublished\":\"2026-04-25T18:44:19+00:00\",\"description\":\"La cour d\u2019appel de Bordeaux, 3 juillet 2025, 2e chambre civile, statue au fond sur un litige de voisinage li\u00e9 \u00e0 l\u2019effondrement d\u2019un mur pignon et \u00e0 un glisse...\",\"breadcrumb\":{\"@id\":\"https:\\\/\\\/kohenavocats.com\\\/zh-hans\\\/cour-dappel-de-bordeaux-le-3-juillet-2025-n22-01051\\\/#breadcrumb\"},\"inLanguage\":\"zh-Hans\",\"potentialAction\":[{\"@type\":\"ReadAction\",\"target\":[\"https:\\\/\\\/kohenavocats.com\\\/zh-hans\\\/cour-dappel-de-bordeaux-le-3-juillet-2025-n22-01051\\\/\"]}]},{\"@type\":\"ImageObject\",\"inLanguage\":\"zh-Hans\",\"@id\":\"https:\\\/\\\/kohenavocats.com\\\/zh-hans\\\/cour-dappel-de-bordeaux-le-3-juillet-2025-n22-01051\\\/#primaryimage\",\"url\":\"https:\\\/\\\/kohenavocats.com\\\/wp-content\\\/uploads\\\/2024\\\/08\\\/pascal-bernardon-bUC0D8FFwAA-unsplash.webp\",\"contentUrl\":\"https:\\\/\\\/kohenavocats.com\\\/wp-content\\\/uploads\\\/2024\\\/08\\\/pascal-bernardon-bUC0D8FFwAA-unsplash.webp\",\"width\":5424,\"height\":3096},{\"@type\":\"BreadcrumbList\",\"@id\":\"https:\\\/\\\/kohenavocats.com\\\/zh-hans\\\/cour-dappel-de-bordeaux-le-3-juillet-2025-n22-01051\\\/#breadcrumb\",\"itemListElement\":[{\"@type\":\"ListItem\",\"position\":1,\"name\":\"Home\",\"item\":\"https:\\\/\\\/kohenavocats.com\\\/zh-hans\\\/\"},{\"@type\":\"ListItem\",\"position\":2,\"name\":\"Cour d&rsquo;appel de Bordeaux, le 3 juillet 2025, n\u00b022\\\/01051\"}]},{\"@type\":\"WebSite\",\"@id\":\"https:\\\/\\\/kohenavocats.com\\\/zh-hans\\\/#website\",\"url\":\"https:\\\/\\\/kohenavocats.com\\\/zh-hans\\\/\",\"name\":\"Kohen Avocats\",\"description\":\"Ma\u00eetre Hassan Kohen, avocat p\u00e9naliste \u00e0 Paris, intervient exclusivement en droit p\u00e9nal pour la d\u00e9fense des particuliers, notamment en mati\u00e8re d\u2019accusations de viol. Il assure un accompagnement rigoureux d\u00e8s la garde \u00e0 vue jusqu\u2019\u00e0 la Cour d\u2019assises, veillant au strict respect des garanties proc\u00e9durales.\",\"publisher\":{\"@id\":\"https:\\\/\\\/kohenavocats.com\\\/zh-hans\\\/#organization\"},\"potentialAction\":[{\"@type\":\"SearchAction\",\"target\":{\"@type\":\"EntryPoint\",\"urlTemplate\":\"https:\\\/\\\/kohenavocats.com\\\/zh-hans\\\/?s={search_term_string}\"},\"query-input\":{\"@type\":\"PropertyValueSpecification\",\"valueRequired\":true,\"valueName\":\"search_term_string\"}}],\"inLanguage\":\"zh-Hans\"},{\"@type\":\"Organization\",\"@id\":\"https:\\\/\\\/kohenavocats.com\\\/zh-hans\\\/#organization\",\"name\":\"Kohen Avocats\",\"url\":\"https:\\\/\\\/kohenavocats.com\\\/zh-hans\\\/\",\"logo\":{\"@type\":\"ImageObject\",\"inLanguage\":\"zh-Hans\",\"@id\":\"https:\\\/\\\/kohenavocats.com\\\/zh-hans\\\/#\\\/schema\\\/logo\\\/image\\\/\",\"url\":\"https:\\\/\\\/kohenavocats.com\\\/wp-content\\\/uploads\\\/2026\\\/01\\\/Logo-2-1.webp\",\"contentUrl\":\"https:\\\/\\\/kohenavocats.com\\\/wp-content\\\/uploads\\\/2026\\\/01\\\/Logo-2-1.webp\",\"width\":2114,\"height\":1253,\"caption\":\"Kohen Avocats\"},\"image\":{\"@id\":\"https:\\\/\\\/kohenavocats.com\\\/zh-hans\\\/#\\\/schema\\\/logo\\\/image\\\/\"}},{\"@type\":\"Person\",\"@id\":\"https:\\\/\\\/kohenavocats.com\\\/zh-hans\\\/#\\\/schema\\\/person\\\/761c9ba54fa1ca84d405cef0831ff751\",\"name\":\"Kohen\",\"image\":{\"@type\":\"ImageObject\",\"inLanguage\":\"zh-Hans\",\"@id\":\"https:\\\/\\\/secure.gravatar.com\\\/avatar\\\/1c5e76ef76bbbfdd2b4da984e2bf2fa4056fd51a27d25ce2c332047f1dfd6e00?s=96&d=identicon&r=g\",\"url\":\"https:\\\/\\\/secure.gravatar.com\\\/avatar\\\/1c5e76ef76bbbfdd2b4da984e2bf2fa4056fd51a27d25ce2c332047f1dfd6e00?s=96&d=identicon&r=g\",\"contentUrl\":\"https:\\\/\\\/secure.gravatar.com\\\/avatar\\\/1c5e76ef76bbbfdd2b4da984e2bf2fa4056fd51a27d25ce2c332047f1dfd6e00?s=96&d=identicon&r=g\",\"caption\":\"Kohen\"},\"sameAs\":[\"https:\\\/\\\/www.linkedin.com\\\/in\\\/hassan-kohen-448548192\\\/\",\"https:\\\/\\\/www.youtube.com\\\/@Kohen-Avocats\"],\"url\":\"https:\\\/\\\/kohenavocats.com\\\/zh-hans\\\/author\\\/kohenmlk\\\/\"}]}<\/script>\n<!-- \/ Yoast SEO Premium plugin. -->","yoast_head_json":{"title":"Cour d'appel de Bordeaux, le 3 juillet 2025, n\u00b022\/01051 - Ma\u00eetre Hassan Kohen, avocat en droit p\u00e9nal \u00e0 Paris","description":"La cour d\u2019appel de Bordeaux, 3 juillet 2025, 2e chambre civile, statue au fond sur un litige de voisinage li\u00e9 \u00e0 l\u2019effondrement d\u2019un mur pignon et \u00e0 un glisse...","robots":{"index":"index","follow":"follow","max-snippet":"max-snippet:-1","max-image-preview":"max-image-preview:large","max-video-preview":"max-video-preview:-1"},"canonical":"https:\/\/kohenavocats.com\/zh-hans\/cour-dappel-de-bordeaux-le-3-juillet-2025-n22-01051\/","og_locale":"zh_CN","og_type":"article","og_title":"Cour d'appel de Bordeaux, le 3 juillet 2025, n\u00b022\/01051","og_description":"La cour d\u2019appel de Bordeaux, 3 juillet 2025, 2e chambre civile, statue au fond sur un litige de voisinage li\u00e9 \u00e0 l\u2019effondrement d\u2019un mur pignon et \u00e0 un glisse...","og_url":"https:\/\/kohenavocats.com\/zh-hans\/cour-dappel-de-bordeaux-le-3-juillet-2025-n22-01051\/","og_site_name":"Ma\u00eetre Hassan Kohen, avocat en droit p\u00e9nal \u00e0 Paris","article_published_time":"2026-04-25T18:44:19+00:00","og_image":[{"width":5424,"height":3096,"url":"https:\/\/kohenavocats.com\/wp-content\/uploads\/2024\/08\/pascal-bernardon-bUC0D8FFwAA-unsplash.webp","type":"image\/webp"}],"author":"Kohen","twitter_card":"summary_large_image","twitter_misc":{"\u4f5c\u8005":"Kohen","\u9884\u8ba1\u9605\u8bfb\u65f6\u95f4":"6 \u5206"},"schema":{"@context":"https:\/\/schema.org","@graph":[{"@type":"Article","@id":"https:\/\/kohenavocats.com\/zh-hans\/cour-dappel-de-bordeaux-le-3-juillet-2025-n22-01051\/#article","isPartOf":{"@id":"https:\/\/kohenavocats.com\/zh-hans\/cour-dappel-de-bordeaux-le-3-juillet-2025-n22-01051\/"},"author":{"name":"Kohen","@id":"https:\/\/kohenavocats.com\/zh-hans\/#\/schema\/person\/761c9ba54fa1ca84d405cef0831ff751"},"headline":"Cour d&#8217;appel de Bordeaux, le 3 juillet 2025, n\u00b022\/01051","datePublished":"2026-04-25T18:44:19+00:00","mainEntityOfPage":{"@id":"https:\/\/kohenavocats.com\/zh-hans\/cour-dappel-de-bordeaux-le-3-juillet-2025-n22-01051\/"},"wordCount":1239,"commentCount":0,"publisher":{"@id":"https:\/\/kohenavocats.com\/zh-hans\/#organization"},"image":{"@id":"https:\/\/kohenavocats.com\/zh-hans\/cour-dappel-de-bordeaux-le-3-juillet-2025-n22-01051\/#primaryimage"},"thumbnailUrl":"https:\/\/kohenavocats.com\/wp-content\/uploads\/2024\/08\/pascal-bernardon-bUC0D8FFwAA-unsplash.webp","articleSection":["Jurisprudence"],"inLanguage":"zh-Hans","potentialAction":[{"@type":"CommentAction","name":"Comment","target":["https:\/\/kohenavocats.com\/zh-hans\/cour-dappel-de-bordeaux-le-3-juillet-2025-n22-01051\/#respond"]}],"citation":"Cour d&#8217;appel de Bordeaux, le 3 juillet 2025, n\u00b022\/01051","about":[{"@type":"Thing","name":"Jurisprudence"}],"dateModified":"2026-04-25T18:44:19+00:00","speakable":{"@type":"SpeakableSpecification","cssSelector":[".article-content > p:first-of-type"]}},{"@type":"WebPage","@id":"https:\/\/kohenavocats.com\/zh-hans\/cour-dappel-de-bordeaux-le-3-juillet-2025-n22-01051\/","url":"https:\/\/kohenavocats.com\/zh-hans\/cour-dappel-de-bordeaux-le-3-juillet-2025-n22-01051\/","name":"Cour d'appel de Bordeaux, le 3 juillet 2025, n\u00b022\/01051 - Ma\u00eetre Hassan Kohen, avocat en droit p\u00e9nal \u00e0 Paris","isPartOf":{"@id":"https:\/\/kohenavocats.com\/zh-hans\/#website"},"primaryImageOfPage":{"@id":"https:\/\/kohenavocats.com\/zh-hans\/cour-dappel-de-bordeaux-le-3-juillet-2025-n22-01051\/#primaryimage"},"image":{"@id":"https:\/\/kohenavocats.com\/zh-hans\/cour-dappel-de-bordeaux-le-3-juillet-2025-n22-01051\/#primaryimage"},"thumbnailUrl":"https:\/\/kohenavocats.com\/wp-content\/uploads\/2024\/08\/pascal-bernardon-bUC0D8FFwAA-unsplash.webp","datePublished":"2026-04-25T18:44:19+00:00","description":"La cour d\u2019appel de Bordeaux, 3 juillet 2025, 2e chambre civile, statue au fond sur un litige de voisinage li\u00e9 \u00e0 l\u2019effondrement d\u2019un mur pignon et \u00e0 un glisse...","breadcrumb":{"@id":"https:\/\/kohenavocats.com\/zh-hans\/cour-dappel-de-bordeaux-le-3-juillet-2025-n22-01051\/#breadcrumb"},"inLanguage":"zh-Hans","potentialAction":[{"@type":"ReadAction","target":["https:\/\/kohenavocats.com\/zh-hans\/cour-dappel-de-bordeaux-le-3-juillet-2025-n22-01051\/"]}]},{"@type":"ImageObject","inLanguage":"zh-Hans","@id":"https:\/\/kohenavocats.com\/zh-hans\/cour-dappel-de-bordeaux-le-3-juillet-2025-n22-01051\/#primaryimage","url":"https:\/\/kohenavocats.com\/wp-content\/uploads\/2024\/08\/pascal-bernardon-bUC0D8FFwAA-unsplash.webp","contentUrl":"https:\/\/kohenavocats.com\/wp-content\/uploads\/2024\/08\/pascal-bernardon-bUC0D8FFwAA-unsplash.webp","width":5424,"height":3096},{"@type":"BreadcrumbList","@id":"https:\/\/kohenavocats.com\/zh-hans\/cour-dappel-de-bordeaux-le-3-juillet-2025-n22-01051\/#breadcrumb","itemListElement":[{"@type":"ListItem","position":1,"name":"Home","item":"https:\/\/kohenavocats.com\/zh-hans\/"},{"@type":"ListItem","position":2,"name":"Cour d&rsquo;appel de Bordeaux, le 3 juillet 2025, n\u00b022\/01051"}]},{"@type":"WebSite","@id":"https:\/\/kohenavocats.com\/zh-hans\/#website","url":"https:\/\/kohenavocats.com\/zh-hans\/","name":"Kohen Avocats","description":"Ma\u00eetre Hassan Kohen, avocat p\u00e9naliste \u00e0 Paris, intervient exclusivement en droit p\u00e9nal pour la d\u00e9fense des particuliers, notamment en mati\u00e8re d\u2019accusations de viol. Il assure un accompagnement rigoureux d\u00e8s la garde \u00e0 vue jusqu\u2019\u00e0 la Cour d\u2019assises, veillant au strict respect des garanties proc\u00e9durales.","publisher":{"@id":"https:\/\/kohenavocats.com\/zh-hans\/#organization"},"potentialAction":[{"@type":"SearchAction","target":{"@type":"EntryPoint","urlTemplate":"https:\/\/kohenavocats.com\/zh-hans\/?s={search_term_string}"},"query-input":{"@type":"PropertyValueSpecification","valueRequired":true,"valueName":"search_term_string"}}],"inLanguage":"zh-Hans"},{"@type":"Organization","@id":"https:\/\/kohenavocats.com\/zh-hans\/#organization","name":"Kohen Avocats","url":"https:\/\/kohenavocats.com\/zh-hans\/","logo":{"@type":"ImageObject","inLanguage":"zh-Hans","@id":"https:\/\/kohenavocats.com\/zh-hans\/#\/schema\/logo\/image\/","url":"https:\/\/kohenavocats.com\/wp-content\/uploads\/2026\/01\/Logo-2-1.webp","contentUrl":"https:\/\/kohenavocats.com\/wp-content\/uploads\/2026\/01\/Logo-2-1.webp","width":2114,"height":1253,"caption":"Kohen Avocats"},"image":{"@id":"https:\/\/kohenavocats.com\/zh-hans\/#\/schema\/logo\/image\/"}},{"@type":"Person","@id":"https:\/\/kohenavocats.com\/zh-hans\/#\/schema\/person\/761c9ba54fa1ca84d405cef0831ff751","name":"Kohen","image":{"@type":"ImageObject","inLanguage":"zh-Hans","@id":"https:\/\/secure.gravatar.com\/avatar\/1c5e76ef76bbbfdd2b4da984e2bf2fa4056fd51a27d25ce2c332047f1dfd6e00?s=96&d=identicon&r=g","url":"https:\/\/secure.gravatar.com\/avatar\/1c5e76ef76bbbfdd2b4da984e2bf2fa4056fd51a27d25ce2c332047f1dfd6e00?s=96&d=identicon&r=g","contentUrl":"https:\/\/secure.gravatar.com\/avatar\/1c5e76ef76bbbfdd2b4da984e2bf2fa4056fd51a27d25ce2c332047f1dfd6e00?s=96&d=identicon&r=g","caption":"Kohen"},"sameAs":["https:\/\/www.linkedin.com\/in\/hassan-kohen-448548192\/","https:\/\/www.youtube.com\/@Kohen-Avocats"],"url":"https:\/\/kohenavocats.com\/zh-hans\/author\/kohenmlk\/"}]}},"jetpack_featured_media_url":"https:\/\/kohenavocats.com\/wp-content\/uploads\/2024\/08\/pascal-bernardon-bUC0D8FFwAA-unsplash.webp","jetpack_likes_enabled":false,"jetpack_shortlink":"https:\/\/wp.me\/peCrII-2Sky","jetpack-related-posts":[{"id":222365,"url":"https:\/\/kohenavocats.com\/zh-hans\/cour-dappel-de-toulouse-le-10-septembre-2025-n19-02698\/","url_meta":{"origin":685506,"position":0},"title":"Cour d&#8217;appel de Toulouse, le 10 septembre 2025, n\u00b019\/02698","author":"Kohen","date":"2025\u5e7412\u670825\u65e5","format":false,"excerpt":"Par un arr\u00eat de la Cour d\u2019appel de Toulouse du 10 \u2026","rel":"","context":"\u5728\u201cCour d'appel\u201d\u4e2d","block_context":{"text":"Cour d'appel","link":"https:\/\/kohenavocats.com\/category\/cour-dappel\/"},"img":{"alt_text":"","src":"https:\/\/i0.wp.com\/kohenavocats.com\/wp-content\/uploads\/2024\/08\/kylie-paz-cbl1K6yJlDI-unsplash.webp?resize=350%2C200&ssl=1","width":350,"height":200,"srcset":"https:\/\/i0.wp.com\/kohenavocats.com\/wp-content\/uploads\/2024\/08\/kylie-paz-cbl1K6yJlDI-unsplash.webp?resize=350%2C200&ssl=1 1x, https:\/\/i0.wp.com\/kohenavocats.com\/wp-content\/uploads\/2024\/08\/kylie-paz-cbl1K6yJlDI-unsplash.webp?resize=525%2C300&ssl=1 1.5x, https:\/\/i0.wp.com\/kohenavocats.com\/wp-content\/uploads\/2024\/08\/kylie-paz-cbl1K6yJlDI-unsplash.webp?resize=700%2C400&ssl=1 2x, https:\/\/i0.wp.com\/kohenavocats.com\/wp-content\/uploads\/2024\/08\/kylie-paz-cbl1K6yJlDI-unsplash.webp?resize=1050%2C600&ssl=1 3x, https:\/\/i0.wp.com\/kohenavocats.com\/wp-content\/uploads\/2024\/08\/kylie-paz-cbl1K6yJlDI-unsplash.webp?resize=1400%2C800&ssl=1 4x"},"classes":[]},{"id":463852,"url":"https:\/\/kohenavocats.com\/zh-hans\/caa-caa-de-versailles-26-06-2025-n-23ve00978\/","url_meta":{"origin":685506,"position":1},"title":"CAA \u2013 CAA de VERSAILLES \u2013 26\/06\/2025 \u2013 n\u00b0 23VE00978","author":"Kohen","date":"2026\u5e744\u67087\u65e5","format":false,"excerpt":"Par un arr\u00eat du 26 juin 2025, la Cour administrati\u2026","rel":"","context":"\u5728\u201cJuridictions administratives\u201d\u4e2d","block_context":{"text":"Juridictions administratives","link":"https:\/\/kohenavocats.com\/category\/juridictions-administratives\/"},"img":{"alt_text":"","src":"https:\/\/i0.wp.com\/kohenavocats.com\/wp-content\/uploads\/2024\/08\/stefanos-kogkas-9zo1-38VfCE-unsplash.webp?resize=350%2C200&ssl=1","width":350,"height":200,"srcset":"https:\/\/i0.wp.com\/kohenavocats.com\/wp-content\/uploads\/2024\/08\/stefanos-kogkas-9zo1-38VfCE-unsplash.webp?resize=350%2C200&ssl=1 1x, https:\/\/i0.wp.com\/kohenavocats.com\/wp-content\/uploads\/2024\/08\/stefanos-kogkas-9zo1-38VfCE-unsplash.webp?resize=525%2C300&ssl=1 1.5x, https:\/\/i0.wp.com\/kohenavocats.com\/wp-content\/uploads\/2024\/08\/stefanos-kogkas-9zo1-38VfCE-unsplash.webp?resize=700%2C400&ssl=1 2x, https:\/\/i0.wp.com\/kohenavocats.com\/wp-content\/uploads\/2024\/08\/stefanos-kogkas-9zo1-38VfCE-unsplash.webp?resize=1050%2C600&ssl=1 3x, https:\/\/i0.wp.com\/kohenavocats.com\/wp-content\/uploads\/2024\/08\/stefanos-kogkas-9zo1-38VfCE-unsplash.webp?resize=1400%2C800&ssl=1 4x"},"classes":[]},{"id":685099,"url":"https:\/\/kohenavocats.com\/zh-hans\/cour-dappel-de-rennes-le-9-septembre-2025-n22-06212\/","url_meta":{"origin":685506,"position":2},"title":"Cour d&#8217;appel de Rennes, le 9 septembre 2025, n\u00b022\/06212","author":"Kohen","date":"2026\u5e744\u670825\u65e5","format":false,"excerpt":"Par un arr\u00eat de la Cour d'appel de Rennes du 9 sep\u2026","rel":"","context":"\u5728\u201cJurisprudence\u201d\u4e2d","block_context":{"text":"Jurisprudence","link":"https:\/\/kohenavocats.com\/category\/jurisprudence\/"},"img":{"alt_text":"","src":"https:\/\/i0.wp.com\/kohenavocats.com\/wp-content\/uploads\/2024\/08\/kylie-paz-cbl1K6yJlDI-unsplash-1.webp?resize=350%2C200&ssl=1","width":350,"height":200,"srcset":"https:\/\/i0.wp.com\/kohenavocats.com\/wp-content\/uploads\/2024\/08\/kylie-paz-cbl1K6yJlDI-unsplash-1.webp?resize=350%2C200&ssl=1 1x, https:\/\/i0.wp.com\/kohenavocats.com\/wp-content\/uploads\/2024\/08\/kylie-paz-cbl1K6yJlDI-unsplash-1.webp?resize=525%2C300&ssl=1 1.5x, https:\/\/i0.wp.com\/kohenavocats.com\/wp-content\/uploads\/2024\/08\/kylie-paz-cbl1K6yJlDI-unsplash-1.webp?resize=700%2C400&ssl=1 2x, https:\/\/i0.wp.com\/kohenavocats.com\/wp-content\/uploads\/2024\/08\/kylie-paz-cbl1K6yJlDI-unsplash-1.webp?resize=1050%2C600&ssl=1 3x, https:\/\/i0.wp.com\/kohenavocats.com\/wp-content\/uploads\/2024\/08\/kylie-paz-cbl1K6yJlDI-unsplash-1.webp?resize=1400%2C800&ssl=1 4x"},"classes":[]},{"id":470212,"url":"https:\/\/kohenavocats.com\/zh-hans\/caa-caa-de-douai-06-03-2025-n-24da00620\/","url_meta":{"origin":685506,"position":3},"title":"CAA \u2013 CAA de DOUAI \u2013 06\/03\/2025 \u2013 n\u00b0 24DA00620","author":"Kohen","date":"2026\u5e744\u67087\u65e5","format":false,"excerpt":"Par un arr\u00eat en date du 6 mars 2025, une cour admi\u2026","rel":"","context":"\u5728\u201cJuridictions administratives\u201d\u4e2d","block_context":{"text":"Juridictions administratives","link":"https:\/\/kohenavocats.com\/category\/juridictions-administratives\/"},"img":{"alt_text":"","src":"https:\/\/i0.wp.com\/kohenavocats.com\/wp-content\/uploads\/2024\/08\/pascal-bernardon-bUC0D8FFwAA-unsplash.webp?resize=350%2C200&ssl=1","width":350,"height":200,"srcset":"https:\/\/i0.wp.com\/kohenavocats.com\/wp-content\/uploads\/2024\/08\/pascal-bernardon-bUC0D8FFwAA-unsplash.webp?resize=350%2C200&ssl=1 1x, https:\/\/i0.wp.com\/kohenavocats.com\/wp-content\/uploads\/2024\/08\/pascal-bernardon-bUC0D8FFwAA-unsplash.webp?resize=525%2C300&ssl=1 1.5x, https:\/\/i0.wp.com\/kohenavocats.com\/wp-content\/uploads\/2024\/08\/pascal-bernardon-bUC0D8FFwAA-unsplash.webp?resize=700%2C400&ssl=1 2x, https:\/\/i0.wp.com\/kohenavocats.com\/wp-content\/uploads\/2024\/08\/pascal-bernardon-bUC0D8FFwAA-unsplash.webp?resize=1050%2C600&ssl=1 3x, https:\/\/i0.wp.com\/kohenavocats.com\/wp-content\/uploads\/2024\/08\/pascal-bernardon-bUC0D8FFwAA-unsplash.webp?resize=1400%2C800&ssl=1 4x"},"classes":[]},{"id":684477,"url":"https:\/\/kohenavocats.com\/zh-hans\/cour-dappel-de-bordeaux-le-17-juillet-2025-n23-02446\/","url_meta":{"origin":685506,"position":4},"title":"Cour d&#8217;appel de Bordeaux, le 17 juillet 2025, n\u00b023\/02446","author":"Kohen","date":"2026\u5e744\u670825\u65e5","format":false,"excerpt":"Par un arr\u00eat du 17 juillet 2025, la Cour d'appel d\u2026","rel":"","context":"\u5728\u201cJurisprudence\u201d\u4e2d","block_context":{"text":"Jurisprudence","link":"https:\/\/kohenavocats.com\/category\/jurisprudence\/"},"img":{"alt_text":"","src":"https:\/\/i0.wp.com\/kohenavocats.com\/wp-content\/uploads\/2024\/08\/joshua-rawson-harris-WLXkaubn0Ig-unsplash.webp?resize=350%2C200&ssl=1","width":350,"height":200,"srcset":"https:\/\/i0.wp.com\/kohenavocats.com\/wp-content\/uploads\/2024\/08\/joshua-rawson-harris-WLXkaubn0Ig-unsplash.webp?resize=350%2C200&ssl=1 1x, https:\/\/i0.wp.com\/kohenavocats.com\/wp-content\/uploads\/2024\/08\/joshua-rawson-harris-WLXkaubn0Ig-unsplash.webp?resize=525%2C300&ssl=1 1.5x, https:\/\/i0.wp.com\/kohenavocats.com\/wp-content\/uploads\/2024\/08\/joshua-rawson-harris-WLXkaubn0Ig-unsplash.webp?resize=700%2C400&ssl=1 2x, https:\/\/i0.wp.com\/kohenavocats.com\/wp-content\/uploads\/2024\/08\/joshua-rawson-harris-WLXkaubn0Ig-unsplash.webp?resize=1050%2C600&ssl=1 3x, https:\/\/i0.wp.com\/kohenavocats.com\/wp-content\/uploads\/2024\/08\/joshua-rawson-harris-WLXkaubn0Ig-unsplash.webp?resize=1400%2C800&ssl=1 4x"},"classes":[]},{"id":229564,"url":"https:\/\/kohenavocats.com\/zh-hans\/cour-dappel-de-rouen-le-4-juillet-2025-n23-04279\/","url_meta":{"origin":685506,"position":5},"title":"Cour d&#8217;appel de Rouen, le 4 juillet 2025, n\u00b023\/04279","author":"Kohen","date":"2025\u5e7412\u670827\u65e5","format":false,"excerpt":"Now using node v22.15.1 (npm v10.8.2)Utilisation d\u2026","rel":"","context":"\u5728\u201cCour d'appel\u201d\u4e2d","block_context":{"text":"Cour d'appel","link":"https:\/\/kohenavocats.com\/category\/cour-dappel\/"},"img":{"alt_text":"","src":"https:\/\/i0.wp.com\/kohenavocats.com\/wp-content\/uploads\/2024\/11\/sonder-quest-2qpJllgSXCs-unsplash.webp?resize=350%2C200&ssl=1","width":350,"height":200,"srcset":"https:\/\/i0.wp.com\/kohenavocats.com\/wp-content\/uploads\/2024\/11\/sonder-quest-2qpJllgSXCs-unsplash.webp?resize=350%2C200&ssl=1 1x, https:\/\/i0.wp.com\/kohenavocats.com\/wp-content\/uploads\/2024\/11\/sonder-quest-2qpJllgSXCs-unsplash.webp?resize=525%2C300&ssl=1 1.5x, https:\/\/i0.wp.com\/kohenavocats.com\/wp-content\/uploads\/2024\/11\/sonder-quest-2qpJllgSXCs-unsplash.webp?resize=700%2C400&ssl=1 2x, https:\/\/i0.wp.com\/kohenavocats.com\/wp-content\/uploads\/2024\/11\/sonder-quest-2qpJllgSXCs-unsplash.webp?resize=1050%2C600&ssl=1 3x, https:\/\/i0.wp.com\/kohenavocats.com\/wp-content\/uploads\/2024\/11\/sonder-quest-2qpJllgSXCs-unsplash.webp?resize=1400%2C800&ssl=1 4x"},"classes":[]}],"jetpack_sharing_enabled":true,"_links":{"self":[{"href":"https:\/\/kohenavocats.com\/zh-hans\/wp-json\/wp\/v2\/posts\/685506","targetHints":{"allow":["GET"]}}],"collection":[{"href":"https:\/\/kohenavocats.com\/zh-hans\/wp-json\/wp\/v2\/posts"}],"about":[{"href":"https:\/\/kohenavocats.com\/zh-hans\/wp-json\/wp\/v2\/types\/post"}],"author":[{"embeddable":true,"href":"https:\/\/kohenavocats.com\/zh-hans\/wp-json\/wp\/v2\/users\/232070755"}],"replies":[{"embeddable":true,"href":"https:\/\/kohenavocats.com\/zh-hans\/wp-json\/wp\/v2\/comments?post=685506"}],"version-history":[{"count":0,"href":"https:\/\/kohenavocats.com\/zh-hans\/wp-json\/wp\/v2\/posts\/685506\/revisions"}],"wp:featuredmedia":[{"embeddable":true,"href":"https:\/\/kohenavocats.com\/zh-hans\/wp-json\/wp\/v2\/media\/4891"}],"wp:attachment":[{"href":"https:\/\/kohenavocats.com\/zh-hans\/wp-json\/wp\/v2\/media?parent=685506"}],"wp:term":[{"taxonomy":"category","embeddable":true,"href":"https:\/\/kohenavocats.com\/zh-hans\/wp-json\/wp\/v2\/categories?post=685506"},{"taxonomy":"post_tag","embeddable":true,"href":"https:\/\/kohenavocats.com\/zh-hans\/wp-json\/wp\/v2\/tags?post=685506"}],"curies":[{"name":"wp","href":"https:\/\/api.w.org\/{rel}","templated":true}]}}