{"id":685540,"date":"2026-04-25T20:47:34","date_gmt":"2026-04-25T18:47:34","guid":{"rendered":"https:\/\/kohenavocats.com\/cour-dappel-de-douai-le-4-septembre-2025-n24-02368\/"},"modified":"2026-04-25T20:47:34","modified_gmt":"2026-04-25T18:47:34","slug":"cour-dappel-de-douai-le-4-septembre-2025-n24-02368","status":"publish","type":"post","link":"https:\/\/kohenavocats.com\/zh-hans\/cour-dappel-de-douai-le-4-septembre-2025-n24-02368\/","title":{"rendered":"Cour d&#8217;appel de Douai, le 4 septembre 2025, n\u00b024\/02368"},"content":{"rendered":"<div class=\"article-content\">\n<p>Par arr\u00eat du 4 septembre 2025, Cour d&#8217;appel de Douai, chambre 8 section 4, les juges se prononcent sur les effets d\u2019un d\u00e9sistement d\u2019appel. Le litige provient d\u2019une d\u00e9cision du juge des contentieux de la protection de [Localit\u00e9 6], rendue le 15 avril 2024, \u00e0 propos de l\u2019occupation d\u2019un logement. L\u2019appel a \u00e9t\u00e9 interjet\u00e9 le 15 mai 2024, puis l\u2019appelante a d\u00e9clar\u00e9 se d\u00e9sister apr\u00e8s avoir quitt\u00e9 les lieux et apur\u00e9 sa dette. L\u2019intim\u00e9e a demand\u00e9 la confirmation du jugement et une indemnit\u00e9 de 900 euros sur le fondement de l\u2019article 700 du code de proc\u00e9dure civile.<\/p>\n<p>Une ordonnance de cl\u00f4ture est intervenue le 6 juin 2025, l\u2019affaire ayant \u00e9t\u00e9 audienc\u00e9e le 1er juillet 2025 devant un magistrat charg\u00e9 du rapport. La d\u00e9cision d\u00e9clare l\u2019appel recevable, constate un d\u00e9sistement parfait, refuse l\u2019indemnit\u00e9 sollicit\u00e9e au titre des frais irr\u00e9p\u00e9tibles et met les d\u00e9pens \u00e0 la charge de l\u2019appelante. La question \u00e9tait double: d\u00e9terminer les conditions et effets du d\u00e9sistement d\u2019appel, puis r\u00e9gler les cons\u00e9quences financi\u00e8res de l\u2019extinction de l\u2019instance.<\/p>\n<p>I. Le d\u00e9sistement parfait et ses effets<\/p>\n<p>A. Les conditions d\u2019un d\u00e9sistement non soumis \u00e0 acceptation<\/p>\n<p>La cour rappelle le cadre textuel applicable et en livre la lettre. &#8220;Aux termes des articles 401 et 403 du code de proc\u00e9dure civile, le d\u00e9sistement de l&#8217;appel, qui emporte acquiescement au jugement, n&#8217;a besoin d&#8217;\u00eatre accept\u00e9 que s&#8217;il contient des r\u00e9serves ou si la partie \u00e0 l&#8217;\u00e9gard de laquelle il est fait a pr\u00e9alablement form\u00e9 un appel incident ou une demande incidente.&#8221; Le cas d\u2019esp\u00e8ce s\u2019inscrit pr\u00e9cis\u00e9ment dans cette hypoth\u00e8se classique de retrait proc\u00e9dural, d\u00e9pourvu de r\u00e9serve et non contrari\u00e9 par un appel incident.<\/p>\n<p>L\u2019appelante s\u2019est d\u00e9sist\u00e9e avant l\u2019audience, sans r\u00e9serve, et l\u2019intim\u00e9e n\u2019avait engag\u00e9 ni appel incident ni demande incidente autonome. Le maintien d\u2019une demande de confirmation et d\u2019une pr\u00e9tention sur le fondement de l\u2019article 700 ne constitue pas, \u00e0 lui seul, une voie d\u2019attaque incidente. L\u2019\u00e9conomie des articles 401 et 403 privil\u00e9gie ici la libert\u00e9 d\u2019extinction unilat\u00e9rale lorsque le contradictoire n\u2019est pas complexifi\u00e9 par des pr\u00e9tentions incidentes.<\/p>\n<p>B. L\u2019acquiescement au jugement et le dessaisissement du juge d\u2019appel<\/p>\n<p>La d\u00e9cision articule clairement les suites proc\u00e9durales du retrait op\u00e9r\u00e9. &#8220;Le d\u00e9sistement de l&#8217;appelant avant l&#8217;audience n&#8217;\u00e9tant assorti d&#8217;aucune r\u00e9serve et \u00e0 d\u00e9faut de tout appel incident, le d\u00e9sistement est parfait et emporte \u00e0 la fois acquiescement au jugement et dessaisissement de la cour, laquelle ne peut plus \u00eatre saisie d&#8217;aucun moyen de r\u00e9formation du dit jugement.&#8221; Le double effet attach\u00e9 au d\u00e9sistement parfait ferme la voie \u00e0 toute discussion au fond et assigne au juge d\u2019appel un office strictement n\u00e9gatif.<\/p>\n<p>L\u2019acquiescement finalise la solution retenue en premi\u00e8re instance et cristallise l\u2019autorit\u00e9 qui en r\u00e9sulte entre les parties. Le dessaisissement prohibe toute r\u00e9formation, y compris partielle, et \u00e9vite un contentieux devenu th\u00e9orique apr\u00e8s apurement de la dette et restitution des lieux. La solution, fid\u00e8le au texte, prot\u00e8ge l\u2019efficacit\u00e9 proc\u00e9durale et la s\u00e9curit\u00e9 juridique, sans heurter les droits de la d\u00e9fense.<\/p>\n<p>II. Le r\u00e8glement des frais apr\u00e8s l\u2019extinction de l\u2019instance<\/p>\n<p>A. Le refus d\u2019indemnit\u00e9 au titre de l\u2019article 700: l\u2019\u00e9quit\u00e9 comme boussole<\/p>\n<p>La cour d\u00e9boute l\u2019intim\u00e9e de sa demande fond\u00e9e sur l\u2019article 700, apr\u00e8s avoir appr\u00e9ci\u00e9 la situation \u00e9conomique respective des parties. La motivation met en avant la disparit\u00e9 et consacre l\u2019office d\u2019\u00e9quit\u00e9 conf\u00e9r\u00e9 par ce texte. Le d\u00e9sistement parfait n\u2019implique pas m\u00e9caniquement une indemnit\u00e9, m\u00eame lorsque la partie intim\u00e9e a conclu \u00e0 la confirmation.<\/p>\n<p>Ce refus s\u2019inscrit dans la logique d\u2019une charge prudente des frais irr\u00e9p\u00e9tibles, r\u00e9serv\u00e9e aux hypoth\u00e8ses o\u00f9 la r\u00e9sistance fut d\u00e9raisonnable ou co\u00fbteuse \u00e0 l\u2019exc\u00e8s. Ici, l\u2019extinction volontaire et anticip\u00e9e de l\u2019instance, li\u00e9e \u00e0 l\u2019apurement de la dette et \u00e0 la lib\u00e9ration des locaux, milite pour une neutralit\u00e9 indemnitaire. La solution encourage, en pratique, les sorties amiables sans surench\u00e8re financi\u00e8re.<\/p>\n<p>B. Les d\u00e9pens \u00e0 la charge de l\u2019appelante: l\u2019application de l\u2019article 399<\/p>\n<p>La cour statue classiquement sur les d\u00e9pens en rappelant la r\u00e8gle. &#8220;Selon les dispositions de l&#8217;article 399 du code de proc\u00e9dure civile, le d\u00e9sistement emporte, sauf convention contraire, soumission de payer les frais de l&#8217;instance \u00e9teinte&#8221; ; la charge des d\u00e9pens d\u2019appel incombe donc \u00e0 l\u2019appelante, faute d\u2019accord d\u00e9rogatoire. La solution est m\u00e9canique, et d\u00e9coule du lien causal entre le retrait et l\u2019extinction de l\u2019instance.<\/p>\n<p>Ce rappel pr\u00e9serve la coh\u00e9rence de la r\u00e9partition des co\u00fbts proc\u00e9duraux apr\u00e8s retrait, tout en laissant ouverte la voie conventionnelle. Les parties peuvent am\u00e9nager contractuellement la charge des frais, notamment dans un protocole de d\u00e9sistement organis\u00e9. En l\u2019absence d\u2019un tel accord, l\u2019article 399 garantit une allocation pr\u00e9visible et conforme au droit positif.<\/p>\n<p>L\u2019ensemble compose un \u00e9quilibre lisible: libert\u00e9 de se d\u00e9sister sans acceptation en l\u2019absence de r\u00e9serves ou de voies incidentes, dessaisissement corr\u00e9latif du juge et fermeture du d\u00e9bat au fond. Sur le terrain financier, l\u2019\u00e9quit\u00e9 gouverne l\u2019article 700, tandis que l\u2019article 399 ordonne, par principe, la charge des d\u00e9pens au d\u00e9sistant, sauf stipulation contraire. Cette articulation prot\u00e8ge la c\u00e9l\u00e9rit\u00e9 de la proc\u00e9dure et la stabilit\u00e9 des d\u00e9cisions tout en m\u00e9nageant un espace transactionnel utile.<\/p>\n<\/div>\n","protected":false},"excerpt":{"rendered":"<p>Par arr\u00eat du 4 septembre 2025, Cour d&#8217;appel de Douai, chambre 8 section 4, les juges se prononcent sur les effets d\u2019un d\u00e9sistement d\u2019appel. Le litige provien&#8230;<\/p>\n","protected":false},"author":232070755,"featured_media":4757,"comment_status":"open","ping_status":"open","sticky":false,"template":"","format":"standard","meta":{"_crdt_document":"","_jetpack_newsletter_access":"","_jetpack_dont_email_post_to_subs":false,"_jetpack_newsletter_tier_id":0,"_jetpack_memberships_contains_paywalled_content":false,"_kj_source_type":"judilibre","_kj_official_id":"68ba7217cf08ba3fa2a767be","_kj_official_url":"https:\/\/www.courdecassation.fr\/decision\/68ba7217cf08ba3fa2a767be","_kj_judilibre_id":"68ba7217cf08ba3fa2a767be","_kj_jur":"Cour d'appel","_kj_lieu":"Douai","_kj_chambre":"CHAMBRE 8 SECTION 4","_kj_rg":"24\/02368","_kj_date":"2025-09-04","_jetpack_memberships_contains_paid_content":false,"footnotes":"","jetpack_post_was_ever_published":false},"categories":[7597],"tags":[],"class_list":["post-685540","post","type-post","status-publish","format-standard","has-post-thumbnail","hentry","category-jurisprudence"],"yoast_head":"<!-- This site is optimized with the Yoast SEO Premium plugin v27.5 (Yoast SEO v27.5) - https:\/\/yoast.com\/product\/yoast-seo-premium-wordpress\/ -->\n<title>Cour d&#039;appel de Douai, le 4 septembre 2025, n\u00b024\/02368 - Ma\u00eetre Hassan Kohen, avocat en droit p\u00e9nal \u00e0 Paris<\/title>\n<meta name=\"description\" content=\"Par arr\u00eat du 4 septembre 2025, Cour d&#039;appel de Douai, chambre 8 section 4, les juges se prononcent sur les effets d\u2019un d\u00e9sistement d\u2019appel. Le litige provien...\" \/>\n<meta name=\"robots\" content=\"index, follow, max-snippet:-1, max-image-preview:large, max-video-preview:-1\" \/>\n<link rel=\"canonical\" href=\"https:\/\/kohenavocats.com\/zh-hans\/cour-dappel-de-douai-le-4-septembre-2025-n24-02368\/\" \/>\n<meta property=\"og:locale\" content=\"zh_CN\" \/>\n<meta property=\"og:type\" content=\"article\" \/>\n<meta property=\"og:title\" content=\"Cour d&#039;appel de Douai, le 4 septembre 2025, n\u00b024\/02368\" \/>\n<meta property=\"og:description\" content=\"Par arr\u00eat du 4 septembre 2025, Cour d&#039;appel de Douai, chambre 8 section 4, les juges se prononcent sur les effets d\u2019un d\u00e9sistement d\u2019appel. Le litige provien...\" \/>\n<meta property=\"og:url\" content=\"https:\/\/kohenavocats.com\/zh-hans\/cour-dappel-de-douai-le-4-septembre-2025-n24-02368\/\" \/>\n<meta property=\"og:site_name\" content=\"Ma\u00eetre Hassan Kohen, avocat en droit p\u00e9nal \u00e0 Paris\" \/>\n<meta property=\"article:published_time\" content=\"2026-04-25T18:47:34+00:00\" \/>\n<meta property=\"og:image\" content=\"https:\/\/kohenavocats.com\/wp-content\/uploads\/2024\/08\/daniel-bustos-KfhRfj6ZQPY-unsplash.webp\" \/>\n\t<meta property=\"og:image:width\" content=\"5023\" \/>\n\t<meta property=\"og:image:height\" content=\"3588\" \/>\n\t<meta property=\"og:image:type\" content=\"image\/webp\" \/>\n<meta name=\"author\" content=\"Kohen\" \/>\n<meta name=\"twitter:card\" content=\"summary_large_image\" \/>\n<meta name=\"twitter:label1\" content=\"\u4f5c\u8005\" \/>\n\t<meta name=\"twitter:data1\" content=\"Kohen\" \/>\n\t<meta name=\"twitter:label2\" content=\"\u9884\u8ba1\u9605\u8bfb\u65f6\u95f4\" \/>\n\t<meta name=\"twitter:data2\" content=\"5 \u5206\" \/>\n<script type=\"application\/ld+json\" class=\"yoast-schema-graph\">{\"@context\":\"https:\\\/\\\/schema.org\",\"@graph\":[{\"@type\":\"Article\",\"@id\":\"https:\\\/\\\/kohenavocats.com\\\/zh-hans\\\/cour-dappel-de-douai-le-4-septembre-2025-n24-02368\\\/#article\",\"isPartOf\":{\"@id\":\"https:\\\/\\\/kohenavocats.com\\\/zh-hans\\\/cour-dappel-de-douai-le-4-septembre-2025-n24-02368\\\/\"},\"author\":{\"name\":\"Kohen\",\"@id\":\"https:\\\/\\\/kohenavocats.com\\\/zh-hans\\\/#\\\/schema\\\/person\\\/761c9ba54fa1ca84d405cef0831ff751\"},\"headline\":\"Cour d&#8217;appel de Douai, le 4 septembre 2025, n\u00b024\\\/02368\",\"datePublished\":\"2026-04-25T18:47:34+00:00\",\"mainEntityOfPage\":{\"@id\":\"https:\\\/\\\/kohenavocats.com\\\/zh-hans\\\/cour-dappel-de-douai-le-4-septembre-2025-n24-02368\\\/\"},\"wordCount\":987,\"commentCount\":0,\"publisher\":{\"@id\":\"https:\\\/\\\/kohenavocats.com\\\/zh-hans\\\/#organization\"},\"image\":{\"@id\":\"https:\\\/\\\/kohenavocats.com\\\/zh-hans\\\/cour-dappel-de-douai-le-4-septembre-2025-n24-02368\\\/#primaryimage\"},\"thumbnailUrl\":\"https:\\\/\\\/kohenavocats.com\\\/wp-content\\\/uploads\\\/2024\\\/08\\\/daniel-bustos-KfhRfj6ZQPY-unsplash.webp\",\"articleSection\":[\"Jurisprudence\"],\"inLanguage\":\"zh-Hans\",\"potentialAction\":[{\"@type\":\"CommentAction\",\"name\":\"Comment\",\"target\":[\"https:\\\/\\\/kohenavocats.com\\\/zh-hans\\\/cour-dappel-de-douai-le-4-septembre-2025-n24-02368\\\/#respond\"]}],\"citation\":\"Cour d&#8217;appel de Douai, le 4 septembre 2025, n\u00b024\\\/02368\",\"about\":[{\"@type\":\"Thing\",\"name\":\"Jurisprudence\"}],\"dateModified\":\"2026-04-25T18:47:34+00:00\",\"speakable\":{\"@type\":\"SpeakableSpecification\",\"cssSelector\":[\".article-content > p:first-of-type\"]}},{\"@type\":\"WebPage\",\"@id\":\"https:\\\/\\\/kohenavocats.com\\\/zh-hans\\\/cour-dappel-de-douai-le-4-septembre-2025-n24-02368\\\/\",\"url\":\"https:\\\/\\\/kohenavocats.com\\\/zh-hans\\\/cour-dappel-de-douai-le-4-septembre-2025-n24-02368\\\/\",\"name\":\"Cour d'appel de Douai, le 4 septembre 2025, n\u00b024\\\/02368 - Ma\u00eetre Hassan Kohen, avocat en droit p\u00e9nal \u00e0 Paris\",\"isPartOf\":{\"@id\":\"https:\\\/\\\/kohenavocats.com\\\/zh-hans\\\/#website\"},\"primaryImageOfPage\":{\"@id\":\"https:\\\/\\\/kohenavocats.com\\\/zh-hans\\\/cour-dappel-de-douai-le-4-septembre-2025-n24-02368\\\/#primaryimage\"},\"image\":{\"@id\":\"https:\\\/\\\/kohenavocats.com\\\/zh-hans\\\/cour-dappel-de-douai-le-4-septembre-2025-n24-02368\\\/#primaryimage\"},\"thumbnailUrl\":\"https:\\\/\\\/kohenavocats.com\\\/wp-content\\\/uploads\\\/2024\\\/08\\\/daniel-bustos-KfhRfj6ZQPY-unsplash.webp\",\"datePublished\":\"2026-04-25T18:47:34+00:00\",\"description\":\"Par arr\u00eat du 4 septembre 2025, Cour d'appel de Douai, chambre 8 section 4, les juges se prononcent sur les effets d\u2019un d\u00e9sistement d\u2019appel. Le litige provien...\",\"breadcrumb\":{\"@id\":\"https:\\\/\\\/kohenavocats.com\\\/zh-hans\\\/cour-dappel-de-douai-le-4-septembre-2025-n24-02368\\\/#breadcrumb\"},\"inLanguage\":\"zh-Hans\",\"potentialAction\":[{\"@type\":\"ReadAction\",\"target\":[\"https:\\\/\\\/kohenavocats.com\\\/zh-hans\\\/cour-dappel-de-douai-le-4-septembre-2025-n24-02368\\\/\"]}]},{\"@type\":\"ImageObject\",\"inLanguage\":\"zh-Hans\",\"@id\":\"https:\\\/\\\/kohenavocats.com\\\/zh-hans\\\/cour-dappel-de-douai-le-4-septembre-2025-n24-02368\\\/#primaryimage\",\"url\":\"https:\\\/\\\/kohenavocats.com\\\/wp-content\\\/uploads\\\/2024\\\/08\\\/daniel-bustos-KfhRfj6ZQPY-unsplash.webp\",\"contentUrl\":\"https:\\\/\\\/kohenavocats.com\\\/wp-content\\\/uploads\\\/2024\\\/08\\\/daniel-bustos-KfhRfj6ZQPY-unsplash.webp\",\"width\":5023,\"height\":3588},{\"@type\":\"BreadcrumbList\",\"@id\":\"https:\\\/\\\/kohenavocats.com\\\/zh-hans\\\/cour-dappel-de-douai-le-4-septembre-2025-n24-02368\\\/#breadcrumb\",\"itemListElement\":[{\"@type\":\"ListItem\",\"position\":1,\"name\":\"Home\",\"item\":\"https:\\\/\\\/kohenavocats.com\\\/zh-hans\\\/\"},{\"@type\":\"ListItem\",\"position\":2,\"name\":\"Cour d&rsquo;appel de Douai, le 4 septembre 2025, n\u00b024\\\/02368\"}]},{\"@type\":\"WebSite\",\"@id\":\"https:\\\/\\\/kohenavocats.com\\\/zh-hans\\\/#website\",\"url\":\"https:\\\/\\\/kohenavocats.com\\\/zh-hans\\\/\",\"name\":\"Kohen Avocats\",\"description\":\"Ma\u00eetre Hassan Kohen, avocat p\u00e9naliste \u00e0 Paris, intervient exclusivement en droit p\u00e9nal pour la d\u00e9fense des particuliers, notamment en mati\u00e8re d\u2019accusations de viol. Il assure un accompagnement rigoureux d\u00e8s la garde \u00e0 vue jusqu\u2019\u00e0 la Cour d\u2019assises, veillant au strict respect des garanties proc\u00e9durales.\",\"publisher\":{\"@id\":\"https:\\\/\\\/kohenavocats.com\\\/zh-hans\\\/#organization\"},\"potentialAction\":[{\"@type\":\"SearchAction\",\"target\":{\"@type\":\"EntryPoint\",\"urlTemplate\":\"https:\\\/\\\/kohenavocats.com\\\/zh-hans\\\/?s={search_term_string}\"},\"query-input\":{\"@type\":\"PropertyValueSpecification\",\"valueRequired\":true,\"valueName\":\"search_term_string\"}}],\"inLanguage\":\"zh-Hans\"},{\"@type\":\"Organization\",\"@id\":\"https:\\\/\\\/kohenavocats.com\\\/zh-hans\\\/#organization\",\"name\":\"Kohen Avocats\",\"url\":\"https:\\\/\\\/kohenavocats.com\\\/zh-hans\\\/\",\"logo\":{\"@type\":\"ImageObject\",\"inLanguage\":\"zh-Hans\",\"@id\":\"https:\\\/\\\/kohenavocats.com\\\/zh-hans\\\/#\\\/schema\\\/logo\\\/image\\\/\",\"url\":\"https:\\\/\\\/kohenavocats.com\\\/wp-content\\\/uploads\\\/2026\\\/01\\\/Logo-2-1.webp\",\"contentUrl\":\"https:\\\/\\\/kohenavocats.com\\\/wp-content\\\/uploads\\\/2026\\\/01\\\/Logo-2-1.webp\",\"width\":2114,\"height\":1253,\"caption\":\"Kohen Avocats\"},\"image\":{\"@id\":\"https:\\\/\\\/kohenavocats.com\\\/zh-hans\\\/#\\\/schema\\\/logo\\\/image\\\/\"}},{\"@type\":\"Person\",\"@id\":\"https:\\\/\\\/kohenavocats.com\\\/zh-hans\\\/#\\\/schema\\\/person\\\/761c9ba54fa1ca84d405cef0831ff751\",\"name\":\"Kohen\",\"image\":{\"@type\":\"ImageObject\",\"inLanguage\":\"zh-Hans\",\"@id\":\"https:\\\/\\\/secure.gravatar.com\\\/avatar\\\/1c5e76ef76bbbfdd2b4da984e2bf2fa4056fd51a27d25ce2c332047f1dfd6e00?s=96&d=identicon&r=g\",\"url\":\"https:\\\/\\\/secure.gravatar.com\\\/avatar\\\/1c5e76ef76bbbfdd2b4da984e2bf2fa4056fd51a27d25ce2c332047f1dfd6e00?s=96&d=identicon&r=g\",\"contentUrl\":\"https:\\\/\\\/secure.gravatar.com\\\/avatar\\\/1c5e76ef76bbbfdd2b4da984e2bf2fa4056fd51a27d25ce2c332047f1dfd6e00?s=96&d=identicon&r=g\",\"caption\":\"Kohen\"},\"sameAs\":[\"https:\\\/\\\/www.linkedin.com\\\/in\\\/hassan-kohen-448548192\\\/\",\"https:\\\/\\\/www.youtube.com\\\/@Kohen-Avocats\"],\"url\":\"https:\\\/\\\/kohenavocats.com\\\/zh-hans\\\/author\\\/kohenmlk\\\/\"}]}<\/script>\n<!-- \/ Yoast SEO Premium plugin. -->","yoast_head_json":{"title":"Cour d'appel de Douai, le 4 septembre 2025, n\u00b024\/02368 - Ma\u00eetre Hassan Kohen, avocat en droit p\u00e9nal \u00e0 Paris","description":"Par arr\u00eat du 4 septembre 2025, Cour d'appel de Douai, chambre 8 section 4, les juges se prononcent sur les effets d\u2019un d\u00e9sistement d\u2019appel. Le litige provien...","robots":{"index":"index","follow":"follow","max-snippet":"max-snippet:-1","max-image-preview":"max-image-preview:large","max-video-preview":"max-video-preview:-1"},"canonical":"https:\/\/kohenavocats.com\/zh-hans\/cour-dappel-de-douai-le-4-septembre-2025-n24-02368\/","og_locale":"zh_CN","og_type":"article","og_title":"Cour d'appel de Douai, le 4 septembre 2025, n\u00b024\/02368","og_description":"Par arr\u00eat du 4 septembre 2025, Cour d'appel de Douai, chambre 8 section 4, les juges se prononcent sur les effets d\u2019un d\u00e9sistement d\u2019appel. Le litige provien...","og_url":"https:\/\/kohenavocats.com\/zh-hans\/cour-dappel-de-douai-le-4-septembre-2025-n24-02368\/","og_site_name":"Ma\u00eetre Hassan Kohen, avocat en droit p\u00e9nal \u00e0 Paris","article_published_time":"2026-04-25T18:47:34+00:00","og_image":[{"width":5023,"height":3588,"url":"https:\/\/kohenavocats.com\/wp-content\/uploads\/2024\/08\/daniel-bustos-KfhRfj6ZQPY-unsplash.webp","type":"image\/webp"}],"author":"Kohen","twitter_card":"summary_large_image","twitter_misc":{"\u4f5c\u8005":"Kohen","\u9884\u8ba1\u9605\u8bfb\u65f6\u95f4":"5 \u5206"},"schema":{"@context":"https:\/\/schema.org","@graph":[{"@type":"Article","@id":"https:\/\/kohenavocats.com\/zh-hans\/cour-dappel-de-douai-le-4-septembre-2025-n24-02368\/#article","isPartOf":{"@id":"https:\/\/kohenavocats.com\/zh-hans\/cour-dappel-de-douai-le-4-septembre-2025-n24-02368\/"},"author":{"name":"Kohen","@id":"https:\/\/kohenavocats.com\/zh-hans\/#\/schema\/person\/761c9ba54fa1ca84d405cef0831ff751"},"headline":"Cour d&#8217;appel de Douai, le 4 septembre 2025, n\u00b024\/02368","datePublished":"2026-04-25T18:47:34+00:00","mainEntityOfPage":{"@id":"https:\/\/kohenavocats.com\/zh-hans\/cour-dappel-de-douai-le-4-septembre-2025-n24-02368\/"},"wordCount":987,"commentCount":0,"publisher":{"@id":"https:\/\/kohenavocats.com\/zh-hans\/#organization"},"image":{"@id":"https:\/\/kohenavocats.com\/zh-hans\/cour-dappel-de-douai-le-4-septembre-2025-n24-02368\/#primaryimage"},"thumbnailUrl":"https:\/\/kohenavocats.com\/wp-content\/uploads\/2024\/08\/daniel-bustos-KfhRfj6ZQPY-unsplash.webp","articleSection":["Jurisprudence"],"inLanguage":"zh-Hans","potentialAction":[{"@type":"CommentAction","name":"Comment","target":["https:\/\/kohenavocats.com\/zh-hans\/cour-dappel-de-douai-le-4-septembre-2025-n24-02368\/#respond"]}],"citation":"Cour d&#8217;appel de Douai, le 4 septembre 2025, n\u00b024\/02368","about":[{"@type":"Thing","name":"Jurisprudence"}],"dateModified":"2026-04-25T18:47:34+00:00","speakable":{"@type":"SpeakableSpecification","cssSelector":[".article-content > p:first-of-type"]}},{"@type":"WebPage","@id":"https:\/\/kohenavocats.com\/zh-hans\/cour-dappel-de-douai-le-4-septembre-2025-n24-02368\/","url":"https:\/\/kohenavocats.com\/zh-hans\/cour-dappel-de-douai-le-4-septembre-2025-n24-02368\/","name":"Cour d'appel de Douai, le 4 septembre 2025, n\u00b024\/02368 - Ma\u00eetre Hassan Kohen, avocat en droit p\u00e9nal \u00e0 Paris","isPartOf":{"@id":"https:\/\/kohenavocats.com\/zh-hans\/#website"},"primaryImageOfPage":{"@id":"https:\/\/kohenavocats.com\/zh-hans\/cour-dappel-de-douai-le-4-septembre-2025-n24-02368\/#primaryimage"},"image":{"@id":"https:\/\/kohenavocats.com\/zh-hans\/cour-dappel-de-douai-le-4-septembre-2025-n24-02368\/#primaryimage"},"thumbnailUrl":"https:\/\/kohenavocats.com\/wp-content\/uploads\/2024\/08\/daniel-bustos-KfhRfj6ZQPY-unsplash.webp","datePublished":"2026-04-25T18:47:34+00:00","description":"Par arr\u00eat du 4 septembre 2025, Cour d'appel de Douai, chambre 8 section 4, les juges se prononcent sur les effets d\u2019un d\u00e9sistement d\u2019appel. Le litige provien...","breadcrumb":{"@id":"https:\/\/kohenavocats.com\/zh-hans\/cour-dappel-de-douai-le-4-septembre-2025-n24-02368\/#breadcrumb"},"inLanguage":"zh-Hans","potentialAction":[{"@type":"ReadAction","target":["https:\/\/kohenavocats.com\/zh-hans\/cour-dappel-de-douai-le-4-septembre-2025-n24-02368\/"]}]},{"@type":"ImageObject","inLanguage":"zh-Hans","@id":"https:\/\/kohenavocats.com\/zh-hans\/cour-dappel-de-douai-le-4-septembre-2025-n24-02368\/#primaryimage","url":"https:\/\/kohenavocats.com\/wp-content\/uploads\/2024\/08\/daniel-bustos-KfhRfj6ZQPY-unsplash.webp","contentUrl":"https:\/\/kohenavocats.com\/wp-content\/uploads\/2024\/08\/daniel-bustos-KfhRfj6ZQPY-unsplash.webp","width":5023,"height":3588},{"@type":"BreadcrumbList","@id":"https:\/\/kohenavocats.com\/zh-hans\/cour-dappel-de-douai-le-4-septembre-2025-n24-02368\/#breadcrumb","itemListElement":[{"@type":"ListItem","position":1,"name":"Home","item":"https:\/\/kohenavocats.com\/zh-hans\/"},{"@type":"ListItem","position":2,"name":"Cour d&rsquo;appel de Douai, le 4 septembre 2025, n\u00b024\/02368"}]},{"@type":"WebSite","@id":"https:\/\/kohenavocats.com\/zh-hans\/#website","url":"https:\/\/kohenavocats.com\/zh-hans\/","name":"Kohen Avocats","description":"Ma\u00eetre Hassan Kohen, avocat p\u00e9naliste \u00e0 Paris, intervient exclusivement en droit p\u00e9nal pour la d\u00e9fense des particuliers, notamment en mati\u00e8re d\u2019accusations de viol. Il assure un accompagnement rigoureux d\u00e8s la garde \u00e0 vue jusqu\u2019\u00e0 la Cour d\u2019assises, veillant au strict respect des garanties proc\u00e9durales.","publisher":{"@id":"https:\/\/kohenavocats.com\/zh-hans\/#organization"},"potentialAction":[{"@type":"SearchAction","target":{"@type":"EntryPoint","urlTemplate":"https:\/\/kohenavocats.com\/zh-hans\/?s={search_term_string}"},"query-input":{"@type":"PropertyValueSpecification","valueRequired":true,"valueName":"search_term_string"}}],"inLanguage":"zh-Hans"},{"@type":"Organization","@id":"https:\/\/kohenavocats.com\/zh-hans\/#organization","name":"Kohen Avocats","url":"https:\/\/kohenavocats.com\/zh-hans\/","logo":{"@type":"ImageObject","inLanguage":"zh-Hans","@id":"https:\/\/kohenavocats.com\/zh-hans\/#\/schema\/logo\/image\/","url":"https:\/\/kohenavocats.com\/wp-content\/uploads\/2026\/01\/Logo-2-1.webp","contentUrl":"https:\/\/kohenavocats.com\/wp-content\/uploads\/2026\/01\/Logo-2-1.webp","width":2114,"height":1253,"caption":"Kohen Avocats"},"image":{"@id":"https:\/\/kohenavocats.com\/zh-hans\/#\/schema\/logo\/image\/"}},{"@type":"Person","@id":"https:\/\/kohenavocats.com\/zh-hans\/#\/schema\/person\/761c9ba54fa1ca84d405cef0831ff751","name":"Kohen","image":{"@type":"ImageObject","inLanguage":"zh-Hans","@id":"https:\/\/secure.gravatar.com\/avatar\/1c5e76ef76bbbfdd2b4da984e2bf2fa4056fd51a27d25ce2c332047f1dfd6e00?s=96&d=identicon&r=g","url":"https:\/\/secure.gravatar.com\/avatar\/1c5e76ef76bbbfdd2b4da984e2bf2fa4056fd51a27d25ce2c332047f1dfd6e00?s=96&d=identicon&r=g","contentUrl":"https:\/\/secure.gravatar.com\/avatar\/1c5e76ef76bbbfdd2b4da984e2bf2fa4056fd51a27d25ce2c332047f1dfd6e00?s=96&d=identicon&r=g","caption":"Kohen"},"sameAs":["https:\/\/www.linkedin.com\/in\/hassan-kohen-448548192\/","https:\/\/www.youtube.com\/@Kohen-Avocats"],"url":"https:\/\/kohenavocats.com\/zh-hans\/author\/kohenmlk\/"}]}},"jetpack_featured_media_url":"https:\/\/kohenavocats.com\/wp-content\/uploads\/2024\/08\/daniel-bustos-KfhRfj6ZQPY-unsplash.webp","jetpack_likes_enabled":false,"jetpack_shortlink":"https:\/\/wp.me\/peCrII-2Sl6","jetpack-related-posts":[{"id":141130,"url":"https:\/\/kohenavocats.com\/zh-hans\/cour-dappel-de-rennes-le-10-septembre-2025-n21-02436\/","url_meta":{"origin":685540,"position":0},"title":"Cour d&#8217;appel de Rennes, le 10 septembre 2025, n\u00b021\/02436","author":"Kohen","date":"2025\u5e7411\u670812\u65e5","format":false,"excerpt":"Rendue par la Cour d\u2019appel de Rennes le 10 septemb\u2026","rel":"","context":"\u5728\u201cCour d'appel\u201d\u4e2d","block_context":{"text":"Cour d'appel","link":"https:\/\/kohenavocats.com\/category\/cour-dappel\/"},"img":{"alt_text":"","src":"https:\/\/i0.wp.com\/kohenavocats.com\/wp-content\/uploads\/2024\/11\/getty-images-kFxpWMQcm0E-unsplash.webp?resize=350%2C200&ssl=1","width":350,"height":200,"srcset":"https:\/\/i0.wp.com\/kohenavocats.com\/wp-content\/uploads\/2024\/11\/getty-images-kFxpWMQcm0E-unsplash.webp?resize=350%2C200&ssl=1 1x, https:\/\/i0.wp.com\/kohenavocats.com\/wp-content\/uploads\/2024\/11\/getty-images-kFxpWMQcm0E-unsplash.webp?resize=525%2C300&ssl=1 1.5x, https:\/\/i0.wp.com\/kohenavocats.com\/wp-content\/uploads\/2024\/11\/getty-images-kFxpWMQcm0E-unsplash.webp?resize=700%2C400&ssl=1 2x, https:\/\/i0.wp.com\/kohenavocats.com\/wp-content\/uploads\/2024\/11\/getty-images-kFxpWMQcm0E-unsplash.webp?resize=1050%2C600&ssl=1 3x, https:\/\/i0.wp.com\/kohenavocats.com\/wp-content\/uploads\/2024\/11\/getty-images-kFxpWMQcm0E-unsplash.webp?resize=1400%2C800&ssl=1 4x"},"classes":[]},{"id":140820,"url":"https:\/\/kohenavocats.com\/zh-hans\/cour-dappel-de-nimes-le-10-juillet-2025-n23-03839\/","url_meta":{"origin":685540,"position":1},"title":"Cour d&#8217;appel de N\u00eemes, le 10 juillet 2025, n\u00b023\/03839","author":"Kohen","date":"2025\u5e7411\u670812\u65e5","format":false,"excerpt":"Par un arr\u00eat du 10 juillet 2025, la Cour d\u2019a\u2026","rel":"","context":"\u5728\u201cCour d'appel\u201d\u4e2d","block_context":{"text":"Cour d'appel","link":"https:\/\/kohenavocats.com\/category\/cour-dappel\/"},"img":{"alt_text":"","src":"https:\/\/i0.wp.com\/kohenavocats.com\/wp-content\/uploads\/2024\/11\/anita-austvika-0SYgXsw1BV4-unsplash.webp?resize=350%2C200&ssl=1","width":350,"height":200,"srcset":"https:\/\/i0.wp.com\/kohenavocats.com\/wp-content\/uploads\/2024\/11\/anita-austvika-0SYgXsw1BV4-unsplash.webp?resize=350%2C200&ssl=1 1x, https:\/\/i0.wp.com\/kohenavocats.com\/wp-content\/uploads\/2024\/11\/anita-austvika-0SYgXsw1BV4-unsplash.webp?resize=525%2C300&ssl=1 1.5x, https:\/\/i0.wp.com\/kohenavocats.com\/wp-content\/uploads\/2024\/11\/anita-austvika-0SYgXsw1BV4-unsplash.webp?resize=700%2C400&ssl=1 2x, https:\/\/i0.wp.com\/kohenavocats.com\/wp-content\/uploads\/2024\/11\/anita-austvika-0SYgXsw1BV4-unsplash.webp?resize=1050%2C600&ssl=1 3x, https:\/\/i0.wp.com\/kohenavocats.com\/wp-content\/uploads\/2024\/11\/anita-austvika-0SYgXsw1BV4-unsplash.webp?resize=1400%2C800&ssl=1 4x"},"classes":[]},{"id":140681,"url":"https:\/\/kohenavocats.com\/zh-hans\/cour-dappel-de-versailles-le-10-juillet-2025-n24-07727\/","url_meta":{"origin":685540,"position":2},"title":"Cour d&#8217;appel de Versailles, le 10 juillet 2025, n\u00b024\/07727","author":"Kohen","date":"2025\u5e7411\u670812\u65e5","format":false,"excerpt":"Par un arr\u00eat du 10 juillet 2025, la cour d\u2019a\u2026","rel":"","context":"\u5728\u201cCour d'appel\u201d\u4e2d","block_context":{"text":"Cour d'appel","link":"https:\/\/kohenavocats.com\/category\/cour-dappel\/"},"img":{"alt_text":"","src":"https:\/\/i0.wp.com\/kohenavocats.com\/wp-content\/uploads\/2024\/11\/getty-images-F5R9DuVUaPU-unsplash.webp?resize=350%2C200&ssl=1","width":350,"height":200,"srcset":"https:\/\/i0.wp.com\/kohenavocats.com\/wp-content\/uploads\/2024\/11\/getty-images-F5R9DuVUaPU-unsplash.webp?resize=350%2C200&ssl=1 1x, https:\/\/i0.wp.com\/kohenavocats.com\/wp-content\/uploads\/2024\/11\/getty-images-F5R9DuVUaPU-unsplash.webp?resize=525%2C300&ssl=1 1.5x, https:\/\/i0.wp.com\/kohenavocats.com\/wp-content\/uploads\/2024\/11\/getty-images-F5R9DuVUaPU-unsplash.webp?resize=700%2C400&ssl=1 2x, https:\/\/i0.wp.com\/kohenavocats.com\/wp-content\/uploads\/2024\/11\/getty-images-F5R9DuVUaPU-unsplash.webp?resize=1050%2C600&ssl=1 3x, https:\/\/i0.wp.com\/kohenavocats.com\/wp-content\/uploads\/2024\/11\/getty-images-F5R9DuVUaPU-unsplash.webp?resize=1400%2C800&ssl=1 4x"},"classes":[]},{"id":712649,"url":"https:\/\/kohenavocats.com\/zh-hans\/cour-dappel-de-douai-le-8-janvier-2026-n24-04325\/","url_meta":{"origin":685540,"position":3},"title":"Cour d&#8217;appel de Douai, le 8 janvier 2026, n\u00b024\/04325","author":"Kohen","date":"2026\u5e744\u670827\u65e5","format":false,"excerpt":"La cour d\u2019appel de Douai, dans un arr\u00eat du 8 janvi\u2026","rel":"","context":"\u5728\u201cJurisprudence\u201d\u4e2d","block_context":{"text":"Jurisprudence","link":"https:\/\/kohenavocats.com\/category\/jurisprudence\/"},"img":{"alt_text":"","src":"https:\/\/i0.wp.com\/kohenavocats.com\/wp-content\/uploads\/2024\/11\/chris-czermak-PamFFHL6fVY-unsplash.webp?resize=350%2C200&ssl=1","width":350,"height":200,"srcset":"https:\/\/i0.wp.com\/kohenavocats.com\/wp-content\/uploads\/2024\/11\/chris-czermak-PamFFHL6fVY-unsplash.webp?resize=350%2C200&ssl=1 1x, https:\/\/i0.wp.com\/kohenavocats.com\/wp-content\/uploads\/2024\/11\/chris-czermak-PamFFHL6fVY-unsplash.webp?resize=525%2C300&ssl=1 1.5x, https:\/\/i0.wp.com\/kohenavocats.com\/wp-content\/uploads\/2024\/11\/chris-czermak-PamFFHL6fVY-unsplash.webp?resize=700%2C400&ssl=1 2x, https:\/\/i0.wp.com\/kohenavocats.com\/wp-content\/uploads\/2024\/11\/chris-czermak-PamFFHL6fVY-unsplash.webp?resize=1050%2C600&ssl=1 3x, https:\/\/i0.wp.com\/kohenavocats.com\/wp-content\/uploads\/2024\/11\/chris-czermak-PamFFHL6fVY-unsplash.webp?resize=1400%2C800&ssl=1 4x"},"classes":[]},{"id":141050,"url":"https:\/\/kohenavocats.com\/zh-hans\/cour-dappel-de-paris-le-9-septembre-2025-n22-06372\/","url_meta":{"origin":685540,"position":4},"title":"Cour d&#8217;appel de Paris, le 9 septembre 2025, n\u00b022\/06372","author":"Kohen","date":"2025\u5e7411\u670812\u65e5","format":false,"excerpt":"La Cour d\u2019appel de Paris, 9 septembre 2025, \u2026","rel":"","context":"\u5728\u201cCour d'appel\u201d\u4e2d","block_context":{"text":"Cour d'appel","link":"https:\/\/kohenavocats.com\/category\/cour-dappel\/"},"img":{"alt_text":"","src":"https:\/\/i0.wp.com\/kohenavocats.com\/wp-content\/uploads\/2024\/11\/getty-images-TGyzkRiEysA-unsplash.webp?resize=350%2C200&ssl=1","width":350,"height":200,"srcset":"https:\/\/i0.wp.com\/kohenavocats.com\/wp-content\/uploads\/2024\/11\/getty-images-TGyzkRiEysA-unsplash.webp?resize=350%2C200&ssl=1 1x, https:\/\/i0.wp.com\/kohenavocats.com\/wp-content\/uploads\/2024\/11\/getty-images-TGyzkRiEysA-unsplash.webp?resize=525%2C300&ssl=1 1.5x, https:\/\/i0.wp.com\/kohenavocats.com\/wp-content\/uploads\/2024\/11\/getty-images-TGyzkRiEysA-unsplash.webp?resize=700%2C400&ssl=1 2x, https:\/\/i0.wp.com\/kohenavocats.com\/wp-content\/uploads\/2024\/11\/getty-images-TGyzkRiEysA-unsplash.webp?resize=1050%2C600&ssl=1 3x, https:\/\/i0.wp.com\/kohenavocats.com\/wp-content\/uploads\/2024\/11\/getty-images-TGyzkRiEysA-unsplash.webp?resize=1400%2C800&ssl=1 4x"},"classes":[]}],"jetpack_sharing_enabled":true,"_links":{"self":[{"href":"https:\/\/kohenavocats.com\/zh-hans\/wp-json\/wp\/v2\/posts\/685540","targetHints":{"allow":["GET"]}}],"collection":[{"href":"https:\/\/kohenavocats.com\/zh-hans\/wp-json\/wp\/v2\/posts"}],"about":[{"href":"https:\/\/kohenavocats.com\/zh-hans\/wp-json\/wp\/v2\/types\/post"}],"author":[{"embeddable":true,"href":"https:\/\/kohenavocats.com\/zh-hans\/wp-json\/wp\/v2\/users\/232070755"}],"replies":[{"embeddable":true,"href":"https:\/\/kohenavocats.com\/zh-hans\/wp-json\/wp\/v2\/comments?post=685540"}],"version-history":[{"count":0,"href":"https:\/\/kohenavocats.com\/zh-hans\/wp-json\/wp\/v2\/posts\/685540\/revisions"}],"wp:featuredmedia":[{"embeddable":true,"href":"https:\/\/kohenavocats.com\/zh-hans\/wp-json\/wp\/v2\/media\/4757"}],"wp:attachment":[{"href":"https:\/\/kohenavocats.com\/zh-hans\/wp-json\/wp\/v2\/media?parent=685540"}],"wp:term":[{"taxonomy":"category","embeddable":true,"href":"https:\/\/kohenavocats.com\/zh-hans\/wp-json\/wp\/v2\/categories?post=685540"},{"taxonomy":"post_tag","embeddable":true,"href":"https:\/\/kohenavocats.com\/zh-hans\/wp-json\/wp\/v2\/tags?post=685540"}],"curies":[{"name":"wp","href":"https:\/\/api.w.org\/{rel}","templated":true}]}}