{"id":686863,"date":"2026-04-25T22:04:56","date_gmt":"2026-04-25T20:04:56","guid":{"rendered":"https:\/\/kohenavocats.com\/tribunal-judiciaire-de-bordeaux-le-28-juillet-2025-n25-00794\/"},"modified":"2026-04-25T22:04:56","modified_gmt":"2026-04-25T20:04:56","slug":"tribunal-judiciaire-de-bordeaux-le-28-juillet-2025-n25-00794","status":"publish","type":"post","link":"https:\/\/kohenavocats.com\/zh-hans\/tribunal-judiciaire-de-bordeaux-le-28-juillet-2025-n25-00794\/","title":{"rendered":"Tribunal judiciaire de Bordeaux, le 28 juillet 2025, n\u00b025\/00794"},"content":{"rendered":"<div class=\"article-content\">\n<p>Le Tribunal judiciaire de Bordeaux, statuant en r\u00e9f\u00e9r\u00e9 le 28 juillet 2025, a \u00e9t\u00e9 saisi par un acqu\u00e9reur d\u2019un v\u00e9hicule camping-car afin d\u2019ordonner une expertise en application de l\u2019article 145 du code de proc\u00e9dure civile. L\u2019acqu\u00e9reur all\u00e8gue la pr\u00e9sence de d\u00e9sordres \u00e9lectriques et autres affectant l\u2019usage du bien acquis aupr\u00e8s d\u2019un vendeur professionnel. Face \u00e0 la d\u00e9faillance d\u2019un fabricant allemand et aux contestations des autres parties, notamment sur l\u2019identit\u00e9 du constructeur, le juge a d\u00fb se prononcer sur la recevabilit\u00e9 de l\u2019intervention volontaire d\u2019une soci\u00e9t\u00e9 et sur le bien-fond\u00e9 de la mesure d\u2019instruction sollicit\u00e9e. La question de droit pos\u00e9e est de savoir si, en pr\u00e9sence d\u2019un motif l\u00e9gitime et avant tout proc\u00e8s au fond, le juge des r\u00e9f\u00e9r\u00e9s peut ordonner une expertise destin\u00e9e \u00e0 \u00e9tablir des faits susceptibles d\u2019\u00e9clairer un litige futur, notamment sur l\u2019existence d\u2019un vice cach\u00e9. Le juge a r\u00e9pondu positivement en ordonnant l\u2019expertise selon une mission d\u00e9taill\u00e9e. Cette d\u00e9cision illustre le r\u00f4le probatoire du r\u00e9f\u00e9r\u00e9 pr\u00e9ventif et soul\u00e8ve des interrogations sur l\u2019\u00e9tendue de la mission confi\u00e9e \u00e0 l\u2019expert, entre \u00e9tablissement des faits et pr\u00e9-jugement des questions de droit.<\/p>\n<p><strong>I. La confirmation du r\u00f4le probatoire du r\u00e9f\u00e9r\u00e9 pr\u00e9ventif sous le contr\u00f4le du motif l\u00e9gitime<\/strong><\/p>\n<p>L\u2019ordonnance rappelle avec rigueur les conditions d\u2019application de l\u2019article 145 du code de proc\u00e9dure civile, en insistant sur l\u2019exigence d\u2019un motif l\u00e9gitime et sur la nature purement probatoire de la mesure. Le juge op\u00e8re une distinction nette entre l\u2019\u00e9tablissement des faits et l\u2019appr\u00e9ciation des responsabilit\u00e9s, ce qui constitue la limite essentielle de son office en cette mati\u00e8re.<\/p>\n<p><strong>A. L\u2019exigence d\u2019un motif l\u00e9gitime justifiant la conservation anticip\u00e9e de la preuve<\/strong><\/p>\n<p>Le juge des r\u00e9f\u00e9r\u00e9s v\u00e9rifie que le demandeur rapporte la preuve d\u2019un int\u00e9r\u00eat \u00e0 agir et d\u2019une situation justifiant une intervention anticip\u00e9e. En l\u2019esp\u00e8ce, l\u2019acqu\u00e9reur a produit des \u00e9l\u00e9ments concrets sur les d\u00e9sordres all\u00e9gu\u00e9s, ce qui a permis au juge de constater l\u2019existence d\u2019un litige s\u00e9rieux. Le juge retient que \u00ab Monsieur [T], par les pi\u00e8ces qu\u2019il verse aux d\u00e9bats, justifie d\u2019un motif l\u00e9gitime pour obtenir qu\u2019une mesure d\u2019instruction soit [\u2026] ordonn\u00e9e \u00bb. Cette appr\u00e9ciation in concreto du motif l\u00e9gitime est classique et permet d\u2019\u00e9viter les demandes dilatoires ou purement sp\u00e9culatives. La mesure se justifie d\u2019autant plus que le bien, un v\u00e9hicule complexe, est susceptible de se d\u00e9grader ou que les preuves techniques pourraient se perdre sans une investigation rapide. Le juge souligne ainsi la fonction pr\u00e9ventive du r\u00e9f\u00e9r\u00e9, qui est de fixer un \u00e9tat des lieux objectif avant que la situation ne se modifie.<\/p>\n<p><strong>B. La mission strictement probatoire de l\u2019expert, distincte de l\u2019appr\u00e9ciation juridique<\/strong><\/p>\n<p>Le juge veille \u00e0 cantonner l\u2019expert \u00e0 un r\u00f4le d\u2019auxiliaire de justice charg\u00e9 de constater des faits techniques, sans empi\u00e9ter sur le pouvoir du juge du fond. La mission est r\u00e9dig\u00e9e avec pr\u00e9cision pour \u00e9viter toute confusion. L\u2019expert doit \u00ab donner aux juges du fond tous \u00e9l\u00e9ments techniques et de fait leur permettant de d\u00e9terminer si le vice aujourd\u2019hui constat\u00e9 existait ou non lors de la vente \u00bb. Cette formulation est cruciale : elle charge l\u2019expert de fournir des \u00e9l\u00e9ments de preuve, mais ne lui demande pas de conclure sur l\u2019existence juridique d\u2019un vice cach\u00e9, qualification qui rel\u00e8ve du juge. De m\u00eame, la mission inclut de \u00ab dire si les d\u00e9sordres all\u00e9gu\u00e9s existent [\u2026] et dire s\u2019ils sont de nature \u00e0 rendre le v\u00e9hicule impropre \u00e0 son usage \u00bb. Cette derni\u00e8re question, bien que proche d\u2019une appr\u00e9ciation juridique, reste une constatation technique sur l\u2019aptitude du bien \u00e0 fonctionner, qui sera un \u00e9l\u00e9ment essentiel pour le juge du fond. Cette d\u00e9limitation est conforme \u00e0 la jurisprudence constante qui interdit \u00e0 l\u2019expert de se prononcer sur des questions de droit.<\/p>\n<p><strong>II. Les limites et les risques d\u2019une mission d\u2019expertise extensive en amont du proc\u00e8s<\/strong><\/p>\n<p>Si l\u2019ordonnance respecte les principes directeurs du r\u00e9f\u00e9r\u00e9 pr\u00e9ventif, la grande pr\u00e9cision de la mission confi\u00e9e \u00e0 l\u2019expert et la gestion processuelle des parties d\u00e9fenderesses r\u00e9v\u00e8lent certaines difficult\u00e9s pratiques et des risques d\u2019anticipation sur le fond du litige.<\/p>\n<p><strong>A. Une mission d\u00e9taill\u00e9e r\u00e9pondant aux contestations des parties mais risquant de pr\u00e9juger du litige<\/strong><\/p>\n<p>La mission est exceptionnellement compl\u00e8te, int\u00e9grant notamment une demande sp\u00e9cifique de la d\u00e9fenderesse visant \u00e0 faire pr\u00e9ciser \u00ab si les d\u00e9sordres [\u2026] existaient \u00e0 la date de la vente du camping-car survenue entre la soci\u00e9t\u00e9 SUNLIGHT et la SAS TOP LOISIRS [Localit\u00e9 13], le 24 novembre 2020 \u00bb. Cette incorporation d\u2019une question pos\u00e9e par une partie d\u00e9fenderesse d\u00e9montre le souci du juge d\u2019un contradictoire effectif. Cependant, l\u2019\u00e9tendue de la mission, qui couvre aussi bien l\u2019\u00e9tat du v\u00e9hicule \u00e0 l\u2019acquisition, l\u2019origine des d\u00e9sordres, leur caract\u00e8re d\u00e9celable, que l\u2019opportunit\u00e9 \u00e9conomique des r\u00e9parations, transforme l\u2019expertise en une enqu\u00eate quasi-compl\u00e8te sur le litige. Si le juge rappelle que cela se fait \u00ab sans aucune appr\u00e9ciation des responsabilit\u00e9s et garanties encourues \u00bb, la fronti\u00e8re est t\u00e9nue. Demander \u00e0 l\u2019expert de \u00ab donner son avis sur la nature, la dur\u00e9e et le co\u00fbt des travaux [\u2026] en donnant aux juges du fond tous \u00e9l\u00e9ments susceptibles de leur permettre de d\u00e9terminer l\u2019opportunit\u00e9 \u00e9conomique d\u2019y recourir \u00bb revient \u00e0 lui faire effectuer une grande partie du travail d\u2019instruction qui incombera normalement au juge du fond. Cette pratique, bien que courante, peut avoir pour effet de cristalliser le d\u00e9bat autour du rapport d\u2019expertise et de r\u00e9duire la marge de man\u0153uvre de la juridiction de fond.<\/p>\n<p><strong>B. La gestion des parties et la question pr\u00e9judicielle de la qualit\u00e9 pour \u00eatre entendu au fond<\/strong><\/p>\n<p>L\u2019ordonnance traite \u00e9galement d\u2019une question pr\u00e9alable concernant l\u2019identit\u00e9 des parties au litige potentiel. Constatant que \u00ab le constructeur du v\u00e9hicule litigieux n\u2019est pas la SAS STELLANTIS AUTO mais la SAS AUTOMOBILES CITROEN \u00bb, le juge \u00ab met hors de cause la premi\u00e8re et d\u00e9clare la seconde recevable en son intervention volontaire \u00bb. Cette d\u00e9cision, qui semble technique, a une port\u00e9e importante. Elle r\u00e8gle une question d\u2019identit\u00e9 de la partie susceptible d\u2019engager sa responsabilit\u00e9 en tant que constructeur, ce qui est une question de fond pr\u00e9judicielle. Le juge du r\u00e9f\u00e9r\u00e9, en se pronon\u00e7ant sur ce point pour les besoins de l\u2019expertise, tranche en r\u00e9alit\u00e9 une question relative \u00e0 la qualit\u00e9 pour \u00eatre entendu au fond, ce qui pourrait \u00eatre contestable. N\u00e9anmoins, cette d\u00e9cision est pragmatique et vise \u00e0 garantir l\u2019efficacit\u00e9 de la mesure d\u2019instruction en associant la partie v\u00e9ritablement concern\u00e9e. Elle illustre la difficult\u00e9 pour le juge des r\u00e9f\u00e9r\u00e9s de circonscrire strictement son intervention \u00e0 la seule mesure probatoire, sans \u00eatre amen\u00e9 \u00e0 trancher des \u00e9l\u00e9ments connexes du litige. Enfin, le juge organise les aspects financiers de mani\u00e8re \u00e0 ne pas bloquer la mesure, en fixant une provision \u00e0 la charge du demandeur et en pr\u00e9voyant la caducit\u00e9 en cas de d\u00e9faut de consignation, tout en lui laissant la possibilit\u00e9 d\u2019int\u00e9grer ces frais dans son pr\u00e9judice ult\u00e9rieur.<\/p>\n<\/div>\n","protected":false},"excerpt":{"rendered":"<p>Le Tribunal judiciaire de Bordeaux, statuant en r\u00e9f\u00e9r\u00e9 le 28 juillet 2025, a \u00e9t\u00e9 saisi par un acqu\u00e9reur d\u2019un v\u00e9hicule camping-car afin d\u2019ordonner une experti&#8230;<\/p>\n","protected":false},"author":232070755,"featured_media":9482,"comment_status":"open","ping_status":"open","sticky":false,"template":"","format":"standard","meta":{"_crdt_document":"","_jetpack_newsletter_access":"","_jetpack_dont_email_post_to_subs":false,"_jetpack_newsletter_tier_id":0,"_jetpack_memberships_contains_paywalled_content":false,"_kj_source_type":"","_kj_official_id":"","_kj_official_url":"","_kj_judilibre_id":"","_kj_jur":"","_kj_lieu":"","_kj_chambre":"","_kj_rg":"","_kj_date":"","_jetpack_memberships_contains_paid_content":false,"footnotes":"","jetpack_post_was_ever_published":false},"categories":[7597],"tags":[],"class_list":["post-686863","post","type-post","status-publish","format-standard","has-post-thumbnail","hentry","category-jurisprudence"],"yoast_head":"<!-- This site is optimized with the Yoast SEO Premium plugin v27.4 (Yoast SEO v27.4) - https:\/\/yoast.com\/product\/yoast-seo-premium-wordpress\/ -->\n<title>Tribunal judiciaire de Bordeaux, le 28 juillet 2025, n\u00b025\/00794 - Ma\u00eetre Hassan Kohen, avocat en droit p\u00e9nal \u00e0 Paris<\/title>\n<meta name=\"description\" content=\"Le Tribunal judiciaire de Bordeaux, statuant en r\u00e9f\u00e9r\u00e9 le 28 juillet 2025, a \u00e9t\u00e9 saisi par un acqu\u00e9reur d\u2019un v\u00e9hicule camping-car afin d\u2019ordonner une experti...\" \/>\n<meta name=\"robots\" content=\"index, follow, max-snippet:-1, max-image-preview:large, max-video-preview:-1\" \/>\n<link rel=\"canonical\" href=\"https:\/\/kohenavocats.com\/zh-hans\/tribunal-judiciaire-de-bordeaux-le-28-juillet-2025-n25-00794\/\" \/>\n<meta property=\"og:locale\" content=\"zh_CN\" \/>\n<meta property=\"og:type\" content=\"article\" \/>\n<meta property=\"og:title\" content=\"Tribunal judiciaire de Bordeaux, le 28 juillet 2025, n\u00b025\/00794\" \/>\n<meta property=\"og:description\" content=\"Le Tribunal judiciaire de Bordeaux, statuant en r\u00e9f\u00e9r\u00e9 le 28 juillet 2025, a \u00e9t\u00e9 saisi par un acqu\u00e9reur d\u2019un v\u00e9hicule camping-car afin d\u2019ordonner une experti...\" \/>\n<meta property=\"og:url\" content=\"https:\/\/kohenavocats.com\/zh-hans\/tribunal-judiciaire-de-bordeaux-le-28-juillet-2025-n25-00794\/\" \/>\n<meta property=\"og:site_name\" content=\"Ma\u00eetre Hassan Kohen, avocat en droit p\u00e9nal \u00e0 Paris\" \/>\n<meta property=\"article:published_time\" content=\"2026-04-25T20:04:56+00:00\" \/>\n<meta property=\"og:image\" content=\"https:\/\/kohenavocats.com\/wp-content\/uploads\/2024\/11\/mohamed-nohassi-kZiOPpjVuEg-unsplash.webp\" \/>\n\t<meta property=\"og:image:width\" content=\"6528\" \/>\n\t<meta property=\"og:image:height\" content=\"5499\" \/>\n\t<meta property=\"og:image:type\" content=\"image\/webp\" \/>\n<meta name=\"author\" content=\"Kohen\" \/>\n<meta name=\"twitter:card\" content=\"summary_large_image\" \/>\n<meta name=\"twitter:label1\" content=\"\u4f5c\u8005\" \/>\n\t<meta name=\"twitter:data1\" content=\"Kohen\" \/>\n\t<meta name=\"twitter:label2\" content=\"\u9884\u8ba1\u9605\u8bfb\u65f6\u95f4\" \/>\n\t<meta name=\"twitter:data2\" content=\"6 \u5206\" \/>\n<script type=\"application\/ld+json\" class=\"yoast-schema-graph\">{\"@context\":\"https:\\\/\\\/schema.org\",\"@graph\":[{\"@type\":\"Article\",\"@id\":\"https:\\\/\\\/kohenavocats.com\\\/zh-hans\\\/tribunal-judiciaire-de-bordeaux-le-28-juillet-2025-n25-00794\\\/#article\",\"isPartOf\":{\"@id\":\"https:\\\/\\\/kohenavocats.com\\\/zh-hans\\\/tribunal-judiciaire-de-bordeaux-le-28-juillet-2025-n25-00794\\\/\"},\"author\":{\"name\":\"Kohen\",\"@id\":\"https:\\\/\\\/kohenavocats.com\\\/zh-hans\\\/#\\\/schema\\\/person\\\/761c9ba54fa1ca84d405cef0831ff751\"},\"headline\":\"Tribunal judiciaire de Bordeaux, le 28 juillet 2025, n\u00b025\\\/00794\",\"datePublished\":\"2026-04-25T20:04:56+00:00\",\"mainEntityOfPage\":{\"@id\":\"https:\\\/\\\/kohenavocats.com\\\/zh-hans\\\/tribunal-judiciaire-de-bordeaux-le-28-juillet-2025-n25-00794\\\/\"},\"wordCount\":1301,\"commentCount\":0,\"publisher\":{\"@id\":\"https:\\\/\\\/kohenavocats.com\\\/zh-hans\\\/#organization\"},\"image\":{\"@id\":\"https:\\\/\\\/kohenavocats.com\\\/zh-hans\\\/tribunal-judiciaire-de-bordeaux-le-28-juillet-2025-n25-00794\\\/#primaryimage\"},\"thumbnailUrl\":\"https:\\\/\\\/kohenavocats.com\\\/wp-content\\\/uploads\\\/2024\\\/11\\\/mohamed-nohassi-kZiOPpjVuEg-unsplash.webp\",\"articleSection\":[\"Jurisprudence\"],\"inLanguage\":\"zh-Hans\",\"potentialAction\":[{\"@type\":\"CommentAction\",\"name\":\"Comment\",\"target\":[\"https:\\\/\\\/kohenavocats.com\\\/zh-hans\\\/tribunal-judiciaire-de-bordeaux-le-28-juillet-2025-n25-00794\\\/#respond\"]}],\"citation\":\"Tribunal judiciaire de Bordeaux, le 28 juillet 2025, n\u00b025\\\/00794\",\"about\":[{\"@type\":\"Thing\",\"name\":\"Jurisprudence\"}],\"dateModified\":\"2026-04-25T20:04:56+00:00\",\"speakable\":{\"@type\":\"SpeakableSpecification\",\"cssSelector\":[\".article-content > p:first-of-type\"]}},{\"@type\":\"WebPage\",\"@id\":\"https:\\\/\\\/kohenavocats.com\\\/zh-hans\\\/tribunal-judiciaire-de-bordeaux-le-28-juillet-2025-n25-00794\\\/\",\"url\":\"https:\\\/\\\/kohenavocats.com\\\/zh-hans\\\/tribunal-judiciaire-de-bordeaux-le-28-juillet-2025-n25-00794\\\/\",\"name\":\"Tribunal judiciaire de Bordeaux, le 28 juillet 2025, n\u00b025\\\/00794 - Ma\u00eetre Hassan Kohen, avocat en droit p\u00e9nal \u00e0 Paris\",\"isPartOf\":{\"@id\":\"https:\\\/\\\/kohenavocats.com\\\/zh-hans\\\/#website\"},\"primaryImageOfPage\":{\"@id\":\"https:\\\/\\\/kohenavocats.com\\\/zh-hans\\\/tribunal-judiciaire-de-bordeaux-le-28-juillet-2025-n25-00794\\\/#primaryimage\"},\"image\":{\"@id\":\"https:\\\/\\\/kohenavocats.com\\\/zh-hans\\\/tribunal-judiciaire-de-bordeaux-le-28-juillet-2025-n25-00794\\\/#primaryimage\"},\"thumbnailUrl\":\"https:\\\/\\\/kohenavocats.com\\\/wp-content\\\/uploads\\\/2024\\\/11\\\/mohamed-nohassi-kZiOPpjVuEg-unsplash.webp\",\"datePublished\":\"2026-04-25T20:04:56+00:00\",\"description\":\"Le Tribunal judiciaire de Bordeaux, statuant en r\u00e9f\u00e9r\u00e9 le 28 juillet 2025, a \u00e9t\u00e9 saisi par un acqu\u00e9reur d\u2019un v\u00e9hicule camping-car afin d\u2019ordonner une experti...\",\"breadcrumb\":{\"@id\":\"https:\\\/\\\/kohenavocats.com\\\/zh-hans\\\/tribunal-judiciaire-de-bordeaux-le-28-juillet-2025-n25-00794\\\/#breadcrumb\"},\"inLanguage\":\"zh-Hans\",\"potentialAction\":[{\"@type\":\"ReadAction\",\"target\":[\"https:\\\/\\\/kohenavocats.com\\\/zh-hans\\\/tribunal-judiciaire-de-bordeaux-le-28-juillet-2025-n25-00794\\\/\"]}]},{\"@type\":\"ImageObject\",\"inLanguage\":\"zh-Hans\",\"@id\":\"https:\\\/\\\/kohenavocats.com\\\/zh-hans\\\/tribunal-judiciaire-de-bordeaux-le-28-juillet-2025-n25-00794\\\/#primaryimage\",\"url\":\"https:\\\/\\\/kohenavocats.com\\\/wp-content\\\/uploads\\\/2024\\\/11\\\/mohamed-nohassi-kZiOPpjVuEg-unsplash.webp\",\"contentUrl\":\"https:\\\/\\\/kohenavocats.com\\\/wp-content\\\/uploads\\\/2024\\\/11\\\/mohamed-nohassi-kZiOPpjVuEg-unsplash.webp\",\"width\":6528,\"height\":5499},{\"@type\":\"BreadcrumbList\",\"@id\":\"https:\\\/\\\/kohenavocats.com\\\/zh-hans\\\/tribunal-judiciaire-de-bordeaux-le-28-juillet-2025-n25-00794\\\/#breadcrumb\",\"itemListElement\":[{\"@type\":\"ListItem\",\"position\":1,\"name\":\"Home\",\"item\":\"https:\\\/\\\/kohenavocats.com\\\/zh-hans\\\/\"},{\"@type\":\"ListItem\",\"position\":2,\"name\":\"Tribunal judiciaire de Bordeaux, le 28 juillet 2025, n\u00b025\\\/00794\"}]},{\"@type\":\"WebSite\",\"@id\":\"https:\\\/\\\/kohenavocats.com\\\/zh-hans\\\/#website\",\"url\":\"https:\\\/\\\/kohenavocats.com\\\/zh-hans\\\/\",\"name\":\"Kohen Avocats\",\"description\":\"Ma\u00eetre Hassan Kohen, avocat p\u00e9naliste \u00e0 Paris, intervient exclusivement en droit p\u00e9nal pour la d\u00e9fense des particuliers, notamment en mati\u00e8re d\u2019accusations de viol. Il assure un accompagnement rigoureux d\u00e8s la garde \u00e0 vue jusqu\u2019\u00e0 la Cour d\u2019assises, veillant au strict respect des garanties proc\u00e9durales.\",\"publisher\":{\"@id\":\"https:\\\/\\\/kohenavocats.com\\\/zh-hans\\\/#organization\"},\"potentialAction\":[{\"@type\":\"SearchAction\",\"target\":{\"@type\":\"EntryPoint\",\"urlTemplate\":\"https:\\\/\\\/kohenavocats.com\\\/zh-hans\\\/?s={search_term_string}\"},\"query-input\":{\"@type\":\"PropertyValueSpecification\",\"valueRequired\":true,\"valueName\":\"search_term_string\"}}],\"inLanguage\":\"zh-Hans\"},{\"@type\":\"Organization\",\"@id\":\"https:\\\/\\\/kohenavocats.com\\\/zh-hans\\\/#organization\",\"name\":\"Kohen Avocats\",\"url\":\"https:\\\/\\\/kohenavocats.com\\\/zh-hans\\\/\",\"logo\":{\"@type\":\"ImageObject\",\"inLanguage\":\"zh-Hans\",\"@id\":\"https:\\\/\\\/kohenavocats.com\\\/zh-hans\\\/#\\\/schema\\\/logo\\\/image\\\/\",\"url\":\"https:\\\/\\\/kohenavocats.com\\\/wp-content\\\/uploads\\\/2026\\\/01\\\/Logo-2-1.webp\",\"contentUrl\":\"https:\\\/\\\/kohenavocats.com\\\/wp-content\\\/uploads\\\/2026\\\/01\\\/Logo-2-1.webp\",\"width\":2114,\"height\":1253,\"caption\":\"Kohen Avocats\"},\"image\":{\"@id\":\"https:\\\/\\\/kohenavocats.com\\\/zh-hans\\\/#\\\/schema\\\/logo\\\/image\\\/\"}},{\"@type\":\"Person\",\"@id\":\"https:\\\/\\\/kohenavocats.com\\\/zh-hans\\\/#\\\/schema\\\/person\\\/761c9ba54fa1ca84d405cef0831ff751\",\"name\":\"Kohen\",\"image\":{\"@type\":\"ImageObject\",\"inLanguage\":\"zh-Hans\",\"@id\":\"https:\\\/\\\/secure.gravatar.com\\\/avatar\\\/1c5e76ef76bbbfdd2b4da984e2bf2fa4056fd51a27d25ce2c332047f1dfd6e00?s=96&d=identicon&r=g\",\"url\":\"https:\\\/\\\/secure.gravatar.com\\\/avatar\\\/1c5e76ef76bbbfdd2b4da984e2bf2fa4056fd51a27d25ce2c332047f1dfd6e00?s=96&d=identicon&r=g\",\"contentUrl\":\"https:\\\/\\\/secure.gravatar.com\\\/avatar\\\/1c5e76ef76bbbfdd2b4da984e2bf2fa4056fd51a27d25ce2c332047f1dfd6e00?s=96&d=identicon&r=g\",\"caption\":\"Kohen\"},\"sameAs\":[\"https:\\\/\\\/www.linkedin.com\\\/in\\\/hassan-kohen-448548192\\\/\",\"https:\\\/\\\/www.youtube.com\\\/@Kohen-Avocats\"],\"url\":\"https:\\\/\\\/kohenavocats.com\\\/zh-hans\\\/author\\\/kohenmlk\\\/\"}]}<\/script>\n<!-- \/ Yoast SEO Premium plugin. -->","yoast_head_json":{"title":"Tribunal judiciaire de Bordeaux, le 28 juillet 2025, n\u00b025\/00794 - Ma\u00eetre Hassan Kohen, avocat en droit p\u00e9nal \u00e0 Paris","description":"Le Tribunal judiciaire de Bordeaux, statuant en r\u00e9f\u00e9r\u00e9 le 28 juillet 2025, a \u00e9t\u00e9 saisi par un acqu\u00e9reur d\u2019un v\u00e9hicule camping-car afin d\u2019ordonner une experti...","robots":{"index":"index","follow":"follow","max-snippet":"max-snippet:-1","max-image-preview":"max-image-preview:large","max-video-preview":"max-video-preview:-1"},"canonical":"https:\/\/kohenavocats.com\/zh-hans\/tribunal-judiciaire-de-bordeaux-le-28-juillet-2025-n25-00794\/","og_locale":"zh_CN","og_type":"article","og_title":"Tribunal judiciaire de Bordeaux, le 28 juillet 2025, n\u00b025\/00794","og_description":"Le Tribunal judiciaire de Bordeaux, statuant en r\u00e9f\u00e9r\u00e9 le 28 juillet 2025, a \u00e9t\u00e9 saisi par un acqu\u00e9reur d\u2019un v\u00e9hicule camping-car afin d\u2019ordonner une experti...","og_url":"https:\/\/kohenavocats.com\/zh-hans\/tribunal-judiciaire-de-bordeaux-le-28-juillet-2025-n25-00794\/","og_site_name":"Ma\u00eetre Hassan Kohen, avocat en droit p\u00e9nal \u00e0 Paris","article_published_time":"2026-04-25T20:04:56+00:00","og_image":[{"width":6528,"height":5499,"url":"https:\/\/kohenavocats.com\/wp-content\/uploads\/2024\/11\/mohamed-nohassi-kZiOPpjVuEg-unsplash.webp","type":"image\/webp"}],"author":"Kohen","twitter_card":"summary_large_image","twitter_misc":{"\u4f5c\u8005":"Kohen","\u9884\u8ba1\u9605\u8bfb\u65f6\u95f4":"6 \u5206"},"schema":{"@context":"https:\/\/schema.org","@graph":[{"@type":"Article","@id":"https:\/\/kohenavocats.com\/zh-hans\/tribunal-judiciaire-de-bordeaux-le-28-juillet-2025-n25-00794\/#article","isPartOf":{"@id":"https:\/\/kohenavocats.com\/zh-hans\/tribunal-judiciaire-de-bordeaux-le-28-juillet-2025-n25-00794\/"},"author":{"name":"Kohen","@id":"https:\/\/kohenavocats.com\/zh-hans\/#\/schema\/person\/761c9ba54fa1ca84d405cef0831ff751"},"headline":"Tribunal judiciaire de Bordeaux, le 28 juillet 2025, n\u00b025\/00794","datePublished":"2026-04-25T20:04:56+00:00","mainEntityOfPage":{"@id":"https:\/\/kohenavocats.com\/zh-hans\/tribunal-judiciaire-de-bordeaux-le-28-juillet-2025-n25-00794\/"},"wordCount":1301,"commentCount":0,"publisher":{"@id":"https:\/\/kohenavocats.com\/zh-hans\/#organization"},"image":{"@id":"https:\/\/kohenavocats.com\/zh-hans\/tribunal-judiciaire-de-bordeaux-le-28-juillet-2025-n25-00794\/#primaryimage"},"thumbnailUrl":"https:\/\/kohenavocats.com\/wp-content\/uploads\/2024\/11\/mohamed-nohassi-kZiOPpjVuEg-unsplash.webp","articleSection":["Jurisprudence"],"inLanguage":"zh-Hans","potentialAction":[{"@type":"CommentAction","name":"Comment","target":["https:\/\/kohenavocats.com\/zh-hans\/tribunal-judiciaire-de-bordeaux-le-28-juillet-2025-n25-00794\/#respond"]}],"citation":"Tribunal judiciaire de Bordeaux, le 28 juillet 2025, n\u00b025\/00794","about":[{"@type":"Thing","name":"Jurisprudence"}],"dateModified":"2026-04-25T20:04:56+00:00","speakable":{"@type":"SpeakableSpecification","cssSelector":[".article-content > p:first-of-type"]}},{"@type":"WebPage","@id":"https:\/\/kohenavocats.com\/zh-hans\/tribunal-judiciaire-de-bordeaux-le-28-juillet-2025-n25-00794\/","url":"https:\/\/kohenavocats.com\/zh-hans\/tribunal-judiciaire-de-bordeaux-le-28-juillet-2025-n25-00794\/","name":"Tribunal judiciaire de Bordeaux, le 28 juillet 2025, n\u00b025\/00794 - Ma\u00eetre Hassan Kohen, avocat en droit p\u00e9nal \u00e0 Paris","isPartOf":{"@id":"https:\/\/kohenavocats.com\/zh-hans\/#website"},"primaryImageOfPage":{"@id":"https:\/\/kohenavocats.com\/zh-hans\/tribunal-judiciaire-de-bordeaux-le-28-juillet-2025-n25-00794\/#primaryimage"},"image":{"@id":"https:\/\/kohenavocats.com\/zh-hans\/tribunal-judiciaire-de-bordeaux-le-28-juillet-2025-n25-00794\/#primaryimage"},"thumbnailUrl":"https:\/\/kohenavocats.com\/wp-content\/uploads\/2024\/11\/mohamed-nohassi-kZiOPpjVuEg-unsplash.webp","datePublished":"2026-04-25T20:04:56+00:00","description":"Le Tribunal judiciaire de Bordeaux, statuant en r\u00e9f\u00e9r\u00e9 le 28 juillet 2025, a \u00e9t\u00e9 saisi par un acqu\u00e9reur d\u2019un v\u00e9hicule camping-car afin d\u2019ordonner une experti...","breadcrumb":{"@id":"https:\/\/kohenavocats.com\/zh-hans\/tribunal-judiciaire-de-bordeaux-le-28-juillet-2025-n25-00794\/#breadcrumb"},"inLanguage":"zh-Hans","potentialAction":[{"@type":"ReadAction","target":["https:\/\/kohenavocats.com\/zh-hans\/tribunal-judiciaire-de-bordeaux-le-28-juillet-2025-n25-00794\/"]}]},{"@type":"ImageObject","inLanguage":"zh-Hans","@id":"https:\/\/kohenavocats.com\/zh-hans\/tribunal-judiciaire-de-bordeaux-le-28-juillet-2025-n25-00794\/#primaryimage","url":"https:\/\/kohenavocats.com\/wp-content\/uploads\/2024\/11\/mohamed-nohassi-kZiOPpjVuEg-unsplash.webp","contentUrl":"https:\/\/kohenavocats.com\/wp-content\/uploads\/2024\/11\/mohamed-nohassi-kZiOPpjVuEg-unsplash.webp","width":6528,"height":5499},{"@type":"BreadcrumbList","@id":"https:\/\/kohenavocats.com\/zh-hans\/tribunal-judiciaire-de-bordeaux-le-28-juillet-2025-n25-00794\/#breadcrumb","itemListElement":[{"@type":"ListItem","position":1,"name":"Home","item":"https:\/\/kohenavocats.com\/zh-hans\/"},{"@type":"ListItem","position":2,"name":"Tribunal judiciaire de Bordeaux, le 28 juillet 2025, n\u00b025\/00794"}]},{"@type":"WebSite","@id":"https:\/\/kohenavocats.com\/zh-hans\/#website","url":"https:\/\/kohenavocats.com\/zh-hans\/","name":"Kohen Avocats","description":"Ma\u00eetre Hassan Kohen, avocat p\u00e9naliste \u00e0 Paris, intervient exclusivement en droit p\u00e9nal pour la d\u00e9fense des particuliers, notamment en mati\u00e8re d\u2019accusations de viol. Il assure un accompagnement rigoureux d\u00e8s la garde \u00e0 vue jusqu\u2019\u00e0 la Cour d\u2019assises, veillant au strict respect des garanties proc\u00e9durales.","publisher":{"@id":"https:\/\/kohenavocats.com\/zh-hans\/#organization"},"potentialAction":[{"@type":"SearchAction","target":{"@type":"EntryPoint","urlTemplate":"https:\/\/kohenavocats.com\/zh-hans\/?s={search_term_string}"},"query-input":{"@type":"PropertyValueSpecification","valueRequired":true,"valueName":"search_term_string"}}],"inLanguage":"zh-Hans"},{"@type":"Organization","@id":"https:\/\/kohenavocats.com\/zh-hans\/#organization","name":"Kohen Avocats","url":"https:\/\/kohenavocats.com\/zh-hans\/","logo":{"@type":"ImageObject","inLanguage":"zh-Hans","@id":"https:\/\/kohenavocats.com\/zh-hans\/#\/schema\/logo\/image\/","url":"https:\/\/kohenavocats.com\/wp-content\/uploads\/2026\/01\/Logo-2-1.webp","contentUrl":"https:\/\/kohenavocats.com\/wp-content\/uploads\/2026\/01\/Logo-2-1.webp","width":2114,"height":1253,"caption":"Kohen Avocats"},"image":{"@id":"https:\/\/kohenavocats.com\/zh-hans\/#\/schema\/logo\/image\/"}},{"@type":"Person","@id":"https:\/\/kohenavocats.com\/zh-hans\/#\/schema\/person\/761c9ba54fa1ca84d405cef0831ff751","name":"Kohen","image":{"@type":"ImageObject","inLanguage":"zh-Hans","@id":"https:\/\/secure.gravatar.com\/avatar\/1c5e76ef76bbbfdd2b4da984e2bf2fa4056fd51a27d25ce2c332047f1dfd6e00?s=96&d=identicon&r=g","url":"https:\/\/secure.gravatar.com\/avatar\/1c5e76ef76bbbfdd2b4da984e2bf2fa4056fd51a27d25ce2c332047f1dfd6e00?s=96&d=identicon&r=g","contentUrl":"https:\/\/secure.gravatar.com\/avatar\/1c5e76ef76bbbfdd2b4da984e2bf2fa4056fd51a27d25ce2c332047f1dfd6e00?s=96&d=identicon&r=g","caption":"Kohen"},"sameAs":["https:\/\/www.linkedin.com\/in\/hassan-kohen-448548192\/","https:\/\/www.youtube.com\/@Kohen-Avocats"],"url":"https:\/\/kohenavocats.com\/zh-hans\/author\/kohenmlk\/"}]}},"jetpack_featured_media_url":"https:\/\/kohenavocats.com\/wp-content\/uploads\/2024\/11\/mohamed-nohassi-kZiOPpjVuEg-unsplash.webp","jetpack_likes_enabled":false,"jetpack_shortlink":"https:\/\/wp.me\/peCrII-2SGr","jetpack-related-posts":[{"id":686767,"url":"https:\/\/kohenavocats.com\/zh-hans\/tribunal-judiciaire-de-bordeaux-le-28-juillet-2025-n25-00231\/","url_meta":{"origin":686863,"position":0},"title":"Tribunal judiciaire de Bordeaux, le 28 juillet 2025, n\u00b025\/00231","author":"Kohen","date":"2026\u5e744\u670825\u65e5","format":false,"excerpt":"Le Tribunal judiciaire de Bordeaux, statuant en r\u00e9\u2026","rel":"","context":"\u5728\u201cJurisprudence\u201d\u4e2d","block_context":{"text":"Jurisprudence","link":"https:\/\/kohenavocats.com\/category\/jurisprudence\/"},"img":{"alt_text":"","src":"https:\/\/i0.wp.com\/kohenavocats.com\/wp-content\/uploads\/2024\/08\/rosilaine-alves-674oH-T1wNo-unsplash.webp?resize=350%2C200&ssl=1","width":350,"height":200,"srcset":"https:\/\/i0.wp.com\/kohenavocats.com\/wp-content\/uploads\/2024\/08\/rosilaine-alves-674oH-T1wNo-unsplash.webp?resize=350%2C200&ssl=1 1x, https:\/\/i0.wp.com\/kohenavocats.com\/wp-content\/uploads\/2024\/08\/rosilaine-alves-674oH-T1wNo-unsplash.webp?resize=525%2C300&ssl=1 1.5x, https:\/\/i0.wp.com\/kohenavocats.com\/wp-content\/uploads\/2024\/08\/rosilaine-alves-674oH-T1wNo-unsplash.webp?resize=700%2C400&ssl=1 2x, https:\/\/i0.wp.com\/kohenavocats.com\/wp-content\/uploads\/2024\/08\/rosilaine-alves-674oH-T1wNo-unsplash.webp?resize=1050%2C600&ssl=1 3x, https:\/\/i0.wp.com\/kohenavocats.com\/wp-content\/uploads\/2024\/08\/rosilaine-alves-674oH-T1wNo-unsplash.webp?resize=1400%2C800&ssl=1 4x"},"classes":[]},{"id":686858,"url":"https:\/\/kohenavocats.com\/zh-hans\/tribunal-judiciaire-de-bordeaux-le-28-juillet-2025-n25-01522\/","url_meta":{"origin":686863,"position":1},"title":"Tribunal judiciaire de Bordeaux, le 28 juillet 2025, n\u00b025\/01522","author":"Kohen","date":"2026\u5e744\u670825\u65e5","format":false,"excerpt":"Le tribunal judiciaire de Bordeaux, statuant en r\u00e9\u2026","rel":"","context":"\u5728\u201cJurisprudence\u201d\u4e2d","block_context":{"text":"Jurisprudence","link":"https:\/\/kohenavocats.com\/category\/jurisprudence\/"},"img":{"alt_text":"","src":"https:\/\/i0.wp.com\/kohenavocats.com\/wp-content\/uploads\/2024\/08\/jean-baptiste-d-dWvNz4JdkKQ-unsplash.webp?resize=350%2C200&ssl=1","width":350,"height":200,"srcset":"https:\/\/i0.wp.com\/kohenavocats.com\/wp-content\/uploads\/2024\/08\/jean-baptiste-d-dWvNz4JdkKQ-unsplash.webp?resize=350%2C200&ssl=1 1x, https:\/\/i0.wp.com\/kohenavocats.com\/wp-content\/uploads\/2024\/08\/jean-baptiste-d-dWvNz4JdkKQ-unsplash.webp?resize=525%2C300&ssl=1 1.5x, https:\/\/i0.wp.com\/kohenavocats.com\/wp-content\/uploads\/2024\/08\/jean-baptiste-d-dWvNz4JdkKQ-unsplash.webp?resize=700%2C400&ssl=1 2x, https:\/\/i0.wp.com\/kohenavocats.com\/wp-content\/uploads\/2024\/08\/jean-baptiste-d-dWvNz4JdkKQ-unsplash.webp?resize=1050%2C600&ssl=1 3x, https:\/\/i0.wp.com\/kohenavocats.com\/wp-content\/uploads\/2024\/08\/jean-baptiste-d-dWvNz4JdkKQ-unsplash.webp?resize=1400%2C800&ssl=1 4x"},"classes":[]},{"id":238747,"url":"https:\/\/kohenavocats.com\/zh-hans\/cour-dappel-de-bordeaux-le-10-juillet-2025-n24-04945\/","url_meta":{"origin":686863,"position":2},"title":"Cour d&#8217;appel de Bordeaux, le 10 juillet 2025, n\u00b024\/04945","author":"Kohen","date":"2025\u5e7412\u670831\u65e5","format":false,"excerpt":"La vente d'un immeuble peut donner lieu, post\u00e9rieu\u2026","rel":"","context":"\u5728\u201cCour d'appel\u201d\u4e2d","block_context":{"text":"Cour d'appel","link":"https:\/\/kohenavocats.com\/category\/cour-dappel\/"},"img":{"alt_text":"","src":"https:\/\/i0.wp.com\/kohenavocats.com\/wp-content\/uploads\/2024\/11\/getty-images-YCdjFYsEk9Q-unsplash.webp?resize=350%2C200&ssl=1","width":350,"height":200,"srcset":"https:\/\/i0.wp.com\/kohenavocats.com\/wp-content\/uploads\/2024\/11\/getty-images-YCdjFYsEk9Q-unsplash.webp?resize=350%2C200&ssl=1 1x, https:\/\/i0.wp.com\/kohenavocats.com\/wp-content\/uploads\/2024\/11\/getty-images-YCdjFYsEk9Q-unsplash.webp?resize=525%2C300&ssl=1 1.5x, https:\/\/i0.wp.com\/kohenavocats.com\/wp-content\/uploads\/2024\/11\/getty-images-YCdjFYsEk9Q-unsplash.webp?resize=700%2C400&ssl=1 2x, https:\/\/i0.wp.com\/kohenavocats.com\/wp-content\/uploads\/2024\/11\/getty-images-YCdjFYsEk9Q-unsplash.webp?resize=1050%2C600&ssl=1 3x, https:\/\/i0.wp.com\/kohenavocats.com\/wp-content\/uploads\/2024\/11\/getty-images-YCdjFYsEk9Q-unsplash.webp?resize=1400%2C800&ssl=1 4x"},"classes":[]},{"id":485407,"url":"https:\/\/kohenavocats.com\/zh-hans\/tribunal-judiciaire-de-bordeaux-le-13-fevrier-2025-n25-01553\/","url_meta":{"origin":686863,"position":3},"title":"Tribunal judiciaire de Bordeaux, le 13 f\u00e9vrier 2025, n\u00b025\/01553","author":"Kohen","date":"2026\u5e744\u67088\u65e5","format":false,"excerpt":"Le Tribunal judiciaire de Bordeaux, statuant en r\u00e9\u2026","rel":"","context":"\u5728\u201cJurisprudence\u201d\u4e2d","block_context":{"text":"Jurisprudence","link":"https:\/\/kohenavocats.com\/category\/jurisprudence\/"},"img":{"alt_text":"","src":"https:\/\/i0.wp.com\/kohenavocats.com\/wp-content\/uploads\/2024\/08\/philippe-oursel-qtRnYktkhxw-unsplash.webp?resize=350%2C200&ssl=1","width":350,"height":200,"srcset":"https:\/\/i0.wp.com\/kohenavocats.com\/wp-content\/uploads\/2024\/08\/philippe-oursel-qtRnYktkhxw-unsplash.webp?resize=350%2C200&ssl=1 1x, https:\/\/i0.wp.com\/kohenavocats.com\/wp-content\/uploads\/2024\/08\/philippe-oursel-qtRnYktkhxw-unsplash.webp?resize=525%2C300&ssl=1 1.5x, https:\/\/i0.wp.com\/kohenavocats.com\/wp-content\/uploads\/2024\/08\/philippe-oursel-qtRnYktkhxw-unsplash.webp?resize=700%2C400&ssl=1 2x, https:\/\/i0.wp.com\/kohenavocats.com\/wp-content\/uploads\/2024\/08\/philippe-oursel-qtRnYktkhxw-unsplash.webp?resize=1050%2C600&ssl=1 3x, https:\/\/i0.wp.com\/kohenavocats.com\/wp-content\/uploads\/2024\/08\/philippe-oursel-qtRnYktkhxw-unsplash.webp?resize=1400%2C800&ssl=1 4x"},"classes":[]},{"id":632107,"url":"https:\/\/kohenavocats.com\/zh-hans\/tribunal-judiciaire-de-bordeaux-le-14-octobre-2025-n25-00029\/","url_meta":{"origin":686863,"position":4},"title":"Tribunal judiciaire de Bordeaux, le 14 octobre 2025, n\u00b025\/00029","author":"Kohen","date":"2026\u5e744\u670821\u65e5","format":false,"excerpt":"Le tribunal de proximit\u00e9 d\u2019Arcachon, statuant en r\u2026","rel":"","context":"\u5728\u201cJurisprudence\u201d\u4e2d","block_context":{"text":"Jurisprudence","link":"https:\/\/kohenavocats.com\/category\/jurisprudence\/"},"img":{"alt_text":"","src":"https:\/\/i0.wp.com\/kohenavocats.com\/wp-content\/uploads\/2024\/11\/virginia-marinova-xqo5V5aU09g-unsplash-1.webp?resize=350%2C200&ssl=1","width":350,"height":200,"srcset":"https:\/\/i0.wp.com\/kohenavocats.com\/wp-content\/uploads\/2024\/11\/virginia-marinova-xqo5V5aU09g-unsplash-1.webp?resize=350%2C200&ssl=1 1x, https:\/\/i0.wp.com\/kohenavocats.com\/wp-content\/uploads\/2024\/11\/virginia-marinova-xqo5V5aU09g-unsplash-1.webp?resize=525%2C300&ssl=1 1.5x, https:\/\/i0.wp.com\/kohenavocats.com\/wp-content\/uploads\/2024\/11\/virginia-marinova-xqo5V5aU09g-unsplash-1.webp?resize=700%2C400&ssl=1 2x, https:\/\/i0.wp.com\/kohenavocats.com\/wp-content\/uploads\/2024\/11\/virginia-marinova-xqo5V5aU09g-unsplash-1.webp?resize=1050%2C600&ssl=1 3x, https:\/\/i0.wp.com\/kohenavocats.com\/wp-content\/uploads\/2024\/11\/virginia-marinova-xqo5V5aU09g-unsplash-1.webp?resize=1400%2C800&ssl=1 4x"},"classes":[]},{"id":608580,"url":"https:\/\/kohenavocats.com\/zh-hans\/cour-dappel-de-bordeaux-le-18-decembre-2025-n25-00563\/","url_meta":{"origin":686863,"position":5},"title":"Cour d&#8217;appel de Bordeaux, le 18 d\u00e9cembre 2025, n\u00b025\/00563","author":"Kohen","date":"2026\u5e744\u670819\u65e5","format":false,"excerpt":"La cour d'appel de Bordeaux, statuant en mati\u00e8re c\u2026","rel":"","context":"\u5728\u201cJurisprudence\u201d\u4e2d","block_context":{"text":"Jurisprudence","link":"https:\/\/kohenavocats.com\/category\/jurisprudence\/"},"img":{"alt_text":"","src":"https:\/\/i0.wp.com\/kohenavocats.com\/wp-content\/uploads\/2024\/07\/giammarco-boscaro-xLhKkk2tKkA-unsplash.webp?resize=350%2C200&ssl=1","width":350,"height":200,"srcset":"https:\/\/i0.wp.com\/kohenavocats.com\/wp-content\/uploads\/2024\/07\/giammarco-boscaro-xLhKkk2tKkA-unsplash.webp?resize=350%2C200&ssl=1 1x, https:\/\/i0.wp.com\/kohenavocats.com\/wp-content\/uploads\/2024\/07\/giammarco-boscaro-xLhKkk2tKkA-unsplash.webp?resize=525%2C300&ssl=1 1.5x, https:\/\/i0.wp.com\/kohenavocats.com\/wp-content\/uploads\/2024\/07\/giammarco-boscaro-xLhKkk2tKkA-unsplash.webp?resize=700%2C400&ssl=1 2x, https:\/\/i0.wp.com\/kohenavocats.com\/wp-content\/uploads\/2024\/07\/giammarco-boscaro-xLhKkk2tKkA-unsplash.webp?resize=1050%2C600&ssl=1 3x, https:\/\/i0.wp.com\/kohenavocats.com\/wp-content\/uploads\/2024\/07\/giammarco-boscaro-xLhKkk2tKkA-unsplash.webp?resize=1400%2C800&ssl=1 4x"},"classes":[]}],"jetpack_sharing_enabled":true,"_links":{"self":[{"href":"https:\/\/kohenavocats.com\/zh-hans\/wp-json\/wp\/v2\/posts\/686863","targetHints":{"allow":["GET"]}}],"collection":[{"href":"https:\/\/kohenavocats.com\/zh-hans\/wp-json\/wp\/v2\/posts"}],"about":[{"href":"https:\/\/kohenavocats.com\/zh-hans\/wp-json\/wp\/v2\/types\/post"}],"author":[{"embeddable":true,"href":"https:\/\/kohenavocats.com\/zh-hans\/wp-json\/wp\/v2\/users\/232070755"}],"replies":[{"embeddable":true,"href":"https:\/\/kohenavocats.com\/zh-hans\/wp-json\/wp\/v2\/comments?post=686863"}],"version-history":[{"count":0,"href":"https:\/\/kohenavocats.com\/zh-hans\/wp-json\/wp\/v2\/posts\/686863\/revisions"}],"wp:featuredmedia":[{"embeddable":true,"href":"https:\/\/kohenavocats.com\/zh-hans\/wp-json\/wp\/v2\/media\/9482"}],"wp:attachment":[{"href":"https:\/\/kohenavocats.com\/zh-hans\/wp-json\/wp\/v2\/media?parent=686863"}],"wp:term":[{"taxonomy":"category","embeddable":true,"href":"https:\/\/kohenavocats.com\/zh-hans\/wp-json\/wp\/v2\/categories?post=686863"},{"taxonomy":"post_tag","embeddable":true,"href":"https:\/\/kohenavocats.com\/zh-hans\/wp-json\/wp\/v2\/tags?post=686863"}],"curies":[{"name":"wp","href":"https:\/\/api.w.org\/{rel}","templated":true}]}}