{"id":691983,"date":"2026-04-26T12:08:50","date_gmt":"2026-04-26T10:08:50","guid":{"rendered":"https:\/\/kohenavocats.com\/delai-effacement-b2-apres-requete-audience-relance-refus\/"},"modified":"2026-04-26T12:08:50","modified_gmt":"2026-04-26T10:08:50","slug":"delai-effacement-b2-apres-requete-audience-relance-refus","status":"publish","type":"post","link":"https:\/\/kohenavocats.com\/zh-hans\/delai-effacement-b2-apres-requete-audience-relance-refus\/","title":{"rendered":"D\u00e9lai d&#8217;effacement du B2 apr\u00e8s requ\u00eate : audience, relance et refus"},"content":{"rendered":"<p>Vous avez d\u00e9pos\u00e9 une requ\u00eate pour faire retirer une mention de votre bulletin n\u00b0 2. Le probl\u00e8me n&#8217;est plus th\u00e9orique. Vous attendez une r\u00e9ponse du tribunal, un employeur vous demande une situation claire, une administration instruit un agr\u00e9ment, ou une carte professionnelle d\u00e9pend d&#8217;un casier compatible avec l&#8217;activit\u00e9 vis\u00e9e.<\/p>\n<p>La question utile n&#8217;est donc pas seulement : &#8220;peut-on effacer le B2 ?&#8221;. Cette question est d\u00e9j\u00e0 trait\u00e9e dans le guide du cabinet sur le <a href=\"https:\/\/kohenavocats.com\/casier-judiciaire-b2-b3-eviter-mention-exclusion-effacement\/\">casier judiciaire B2 et B3<\/a> et dans le <a href=\"https:\/\/kohenavocats.com\/effacement-casier-judiciaire-b2\/\">simulateur B2<\/a>. La vraie question, une fois la requ\u00eate envoy\u00e9e, est diff\u00e9rente : combien de temps faut-il attendre, qui relancer, quelles pi\u00e8ces ajouter, que faire si le tribunal tarde, et comment r\u00e9agir si la demande est rejet\u00e9e ?<\/p>\n<h2>1. V\u00e9rifier d&#8217;abord ce que vous avez vraiment demand\u00e9<\/h2>\n<p>Le vocabulaire cr\u00e9e beaucoup d&#8217;erreurs. On parle souvent d'&#8221;effacement du B2&#8243;, mais plusieurs demandes diff\u00e9rentes peuvent \u00eatre en cause.<\/p>\n<p>La premi\u00e8re est l&#8217;exclusion de la mention d&#8217;une condamnation au bulletin n\u00b0 2. Elle repose principalement sur l&#8217;<a href=\"https:\/\/www.legifrance.gouv.fr\/codes\/article_lc\/LEGIARTI000025585884\">article 775-1 du Code de proc\u00e9dure p\u00e9nale<\/a>. Le tribunal peut l&#8217;ordonner au moment de la condamnation ou plus tard, sur requ\u00eate. Cette exclusion \u00e9vite que la condamnation apparaisse au B2, sans faire dispara\u00eetre m\u00e9caniquement toute trace au bulletin n\u00b0 1.<\/p>\n<p>La deuxi\u00e8me est l&#8217;exclusion du bulletin n\u00b0 3, vis\u00e9e par l&#8217;<a href=\"https:\/\/www.legifrance.gouv.fr\/loda\/article_lc\/LEGIARTI000006578330\/1996-04-12\">article 777-1 du Code de proc\u00e9dure p\u00e9nale<\/a>. Elle ne r\u00e9pond pas au m\u00eame besoin. Le B3 est celui que la personne peut demander elle-m\u00eame et produire \u00e0 un tiers. Le B2 concerne surtout les administrations, certains organismes et certains employeurs autoris\u00e9s.<\/p>\n<p>La troisi\u00e8me est la r\u00e9habilitation judiciaire ou l\u00e9gale, qui peut conduire \u00e0 une sortie des bulletins n\u00b0 2 et n\u00b0 3 selon le r\u00e9gime applicable. Service-Public rappelle que l&#8217;effacement automatique intervient apr\u00e8s certains d\u00e9lais et que la r\u00e9habilitation judiciaire suppose une demande sp\u00e9cifique lorsque l&#8217;on ne veut pas attendre l&#8217;\u00e9coulement complet du d\u00e9lai l\u00e9gal<sup id=\"fnref:1\"><a class=\"footnote-ref\" href=\"#fn:1\">1<\/a><\/sup>.<\/p>\n<p>Avant de relancer le tribunal, il faut donc relire la requ\u00eate d\u00e9pos\u00e9e. Une demande mal nomm\u00e9e peut \u00eatre comprise de travers, surtout si elle m\u00e9lange B2, B3, TAJ, FNAEG ou FIJAIS.<\/p>\n<h2>2. Le d\u00e9lai d\u00e9pend de la proc\u00e9dure utilis\u00e9e<\/h2>\n<p>Il n&#8217;existe pas un d\u00e9lai unique applicable \u00e0 toutes les requ\u00eates B2. En pratique, le temps de traitement d\u00e9pend de quatre facteurs :<\/p>\n<ul>\n<li>la juridiction comp\u00e9tente ;<\/li>\n<li>l&#8217;anciennet\u00e9 de la condamnation ;<\/li>\n<li>la n\u00e9cessit\u00e9 d&#8217;entendre le requ\u00e9rant ou son avocat ;<\/li>\n<li>la qualit\u00e9 du dossier transmis au parquet.<\/li>\n<\/ul>\n<p>Lorsque la demande est post\u00e9rieure \u00e0 la condamnation, l&#8217;article 775-1 renvoie aux r\u00e8gles de comp\u00e9tence et de proc\u00e9dure des <a href=\"https:\/\/www.legifrance.gouv.fr\/codes\/article_lc\/LEGIARTI000048442241\">articles 702-1<\/a> et <a href=\"https:\/\/www.legifrance.gouv.fr\/codes\/article_lc\/LEGIARTI000048442243\">703 du Code de proc\u00e9dure p\u00e9nale<\/a>. L&#8217;article 703 pr\u00e9voit que la requ\u00eate est adress\u00e9e au procureur de la R\u00e9publique, que le minist\u00e8re public recueille les renseignements utiles, puis que la juridiction statue en chambre du conseil, le requ\u00e9rant ou son avocat entendu ou d\u00fbment convoqu\u00e9.<\/p>\n<p>Concr\u00e8tement, cela explique pourquoi une requ\u00eate B2 ne se traite pas comme un simple formulaire administratif. Le parquet doit recevoir le dossier. Des v\u00e9rifications peuvent \u00eatre faites. Une audience ou une chambre du conseil peut \u00eatre fix\u00e9e. Le greffe doit ensuite notifier la d\u00e9cision.<\/p>\n<p>Dans les ressorts de Paris et d&#8217;\u00cele-de-France, le d\u00e9lai pratique varie aussi selon la charge des chambres correctionnelles, les renvois d&#8217;audience, les p\u00e9riodes de vacation et la compl\u00e9tude du dossier. Une requ\u00eate compl\u00e8te, cibl\u00e9e et accompagn\u00e9e des justificatifs utiles se traite plus proprement qu&#8217;une lettre g\u00e9n\u00e9rale demandant &#8220;l&#8217;effacement du casier&#8221;.<\/p>\n<h2>3. Quand faut-il relancer ?<\/h2>\n<p>La relance doit \u00eatre utile. Relancer trop t\u00f4t ne change rien. Relancer trop tard peut faire perdre une opportunit\u00e9 professionnelle.<\/p>\n<p>Un premier contr\u00f4le doit \u00eatre fait d\u00e8s l&#8217;envoi :<\/p>\n<ul>\n<li>preuve d&#8217;envoi ou d\u00e9p\u00f4t au greffe ;<\/li>\n<li>juridiction exacte ;<\/li>\n<li>identit\u00e9 compl\u00e8te ;<\/li>\n<li>copie de la d\u00e9cision p\u00e9nale ;<\/li>\n<li>bulletin ou extrait permettant d&#8217;identifier la mention concern\u00e9e ;<\/li>\n<li>pi\u00e8ces professionnelles justifiant l&#8217;urgence.<\/li>\n<\/ul>\n<p>Si aucun accus\u00e9 de r\u00e9ception, aucune demande de pi\u00e8ce et aucune convocation ne revient apr\u00e8s plusieurs semaines, une relance sobre peut \u00eatre adress\u00e9e au parquet ou au greffe comp\u00e9tent. Elle doit rappeler la date d&#8217;envoi, l&#8217;objet exact de la requ\u00eate, la condamnation concern\u00e9e, et l&#8217;urgence concr\u00e8te si elle existe.<\/p>\n<p>La relance ne doit pas devenir un second m\u00e9moire confus. Elle doit aider le service \u00e0 retrouver le dossier.<\/p>\n<p>Exemple de structure :<\/p>\n<ul>\n<li>&#8220;requ\u00eate en exclusion de mention au bulletin n\u00b0 2&#8221; ;<\/li>\n<li>date de la condamnation ;<\/li>\n<li>juridiction ayant statu\u00e9 ;<\/li>\n<li>date d&#8217;envoi de la requ\u00eate ;<\/li>\n<li>pi\u00e8ce professionnelle nouvelle ;<\/li>\n<li>demande d&#8217;information sur l&#8217;audiencement ou l&#8217;\u00e9tat d&#8217;instruction.<\/li>\n<\/ul>\n<p>Si un employeur public, une pr\u00e9fecture, une f\u00e9d\u00e9ration sportive, une autorit\u00e9 d&#8217;agr\u00e9ment, une administration de s\u00e9curit\u00e9 ou un organisme intervenant aupr\u00e8s de mineurs attend une r\u00e9ponse, il faut joindre le document qui prouve cette \u00e9ch\u00e9ance. Le juge ne statue pas sur une g\u00eane abstraite. Il statue mieux lorsqu&#8217;il comprend le verrou pr\u00e9cis cr\u00e9\u00e9 par la mention.<\/p>\n<h2>4. Quelles pi\u00e8ces ajouter si le dossier n&#8217;avance pas ?<\/h2>\n<p>Le B2 est un bulletin professionnellement sensible. Service-Public rappelle que le bulletin n\u00b0 2 n&#8217;est pas remis directement \u00e0 la personne concern\u00e9e et qu&#8217;il peut \u00eatre d\u00e9livr\u00e9 \u00e0 certaines autorit\u00e9s publiques ainsi qu&#8217;\u00e0 certains employeurs autoris\u00e9s, notamment dans des secteurs impliquant des mineurs<sup id=\"fnref:2\"><a class=\"footnote-ref\" href=\"#fn:2\">2<\/a><\/sup>.<\/p>\n<p>Il faut donc prouver l&#8217;enjeu r\u00e9el.<\/p>\n<p>Les pi\u00e8ces utiles sont g\u00e9n\u00e9ralement les suivantes :<\/p>\n<ul>\n<li>contrat de travail, promesse d&#8217;embauche ou offre conditionn\u00e9e ;<\/li>\n<li>demande d&#8217;agr\u00e9ment, de carte professionnelle ou d&#8217;inscription ;<\/li>\n<li>courrier d&#8217;une administration ou d&#8217;un ordre professionnel ;<\/li>\n<li>justificatifs de formation ou de reconversion ;<\/li>\n<li>attestations r\u00e9centes d&#8217;activit\u00e9 ;<\/li>\n<li>preuve d&#8217;absence de nouvelle condamnation, si elle est disponible ;<\/li>\n<li>\u00e9l\u00e9ments de r\u00e9paration, d&#8217;indemnisation ou de paiement des sommes dues ;<\/li>\n<li>note courte expliquant le lien entre la mention B2 et le blocage professionnel.<\/li>\n<\/ul>\n<p>L&#8217;erreur consiste \u00e0 envoyer dix pi\u00e8ces morales et aucune pi\u00e8ce utile. Une attestation vague disant que la personne est &#8220;s\u00e9rieuse&#8221; p\u00e8se moins qu&#8217;un document montrant qu&#8217;une embauche est suspendue \u00e0 une v\u00e9rification B2.<\/p>\n<h2>5. Que faire si l&#8217;audience approche ?<\/h2>\n<p>Une audience ou une chambre du conseil n&#8217;est pas une formalit\u00e9. Il faut pr\u00e9parer une r\u00e9ponse \u00e0 trois questions.<\/p>\n<p>Premi\u00e8re question : pourquoi cette mention cr\u00e9e-t-elle aujourd&#8217;hui un obstacle pr\u00e9cis ?<\/p>\n<p>Deuxi\u00e8me question : pourquoi l&#8217;exclusion ne contredit-elle pas les objectifs de la peine et de la pr\u00e9vention de la r\u00e9cidive ?<\/p>\n<p>Troisi\u00e8me question : pourquoi la demande est-elle proportionn\u00e9e au regard des faits, du temps \u00e9coul\u00e9, du parcours depuis la condamnation et de l&#8217;activit\u00e9 vis\u00e9e ?<\/p>\n<p>La jurisprudence montre que la situation professionnelle doit \u00eatre prouv\u00e9e. Dans un arr\u00eat du <a href=\"https:\/\/www.courdecassation.fr\/decision\/5fca9f93e8a41395b069ba2f\">16 janvier 2018, n\u00b0 16-87.168<\/a>, la chambre criminelle rel\u00e8ve, au sujet d&#8217;un refus d&#8217;exclusion du B2, que le pr\u00e9venu ne justifiait pas que sa situation professionnelle actuelle risquait d&#8217;\u00eatre compromise par la mention de la condamnation. Le message pratique est net : l&#8217;argument professionnel doit \u00eatre document\u00e9.<\/p>\n<p>\u00c0 l&#8217;inverse, la demande ne doit pas nier les faits jug\u00e9s. Elle doit expliquer la situation actuelle. Ce n&#8217;est pas un appel d\u00e9guis\u00e9 du jugement. C&#8217;est une demande d&#8217;am\u00e9nagement de la publicit\u00e9 de la condamnation sur un bulletin pr\u00e9cis.<\/p>\n<h2>6. Que faire en cas de refus ?<\/h2>\n<p>Un refus n&#8217;est pas toujours la fin du dossier. Il faut d&#8217;abord lire la d\u00e9cision.<\/p>\n<p>Trois hypoth\u00e8ses se pr\u00e9sentent souvent.<\/p>\n<p>La premi\u00e8re : la requ\u00eate a \u00e9t\u00e9 rejet\u00e9e parce que le dossier ne prouvait pas assez l&#8217;enjeu professionnel. Dans ce cas, il faut identifier les pi\u00e8ces manquantes et pr\u00e9parer une nouvelle strat\u00e9gie au bon moment.<\/p>\n<p>La deuxi\u00e8me : la requ\u00eate a \u00e9t\u00e9 d\u00e9clar\u00e9e irrecevable. Il faut alors v\u00e9rifier la comp\u00e9tence de la juridiction, le bulletin vis\u00e9, la date des faits, la qualification, et les limites l\u00e9gales. Certaines infractions mentionn\u00e9es \u00e0 l&#8217;article 706-47 du Code de proc\u00e9dure p\u00e9nale ferment la voie de l&#8217;article 775-1, mais l&#8217;analyse doit rester pr\u00e9cise.<\/p>\n<p>La troisi\u00e8me : le refus repose sur une appr\u00e9ciation de proportionnalit\u00e9. Il faut alors travailler le temps, la stabilit\u00e9, l&#8217;absence de nouvelle infraction, la r\u00e9paration et l&#8217;enjeu professionnel nouveau.<\/p>\n<p>L&#8217;arr\u00eat de <a href=\"https:\/\/www.courdecassation.fr\/decision\/5fca690d0510a552e11b7347\">Cass. crim., 7 ao\u00fbt 2019, n\u00b0 19-80.839<\/a>, rendu sur une question prioritaire de constitutionnalit\u00e9, rappelle que le juge appr\u00e9cie notamment la gravit\u00e9 des condamnations et le comportement du demandeur pendant le d\u00e9lai d&#8217;\u00e9preuve afin de v\u00e9rifier si l&#8217;effacement sollicit\u00e9 reste n\u00e9cessaire et proportionn\u00e9. La requ\u00eate doit donc parler de proportionnalit\u00e9, pas seulement d&#8217;int\u00e9r\u00eat personnel.<\/p>\n<h2>7. Comment traiter une urgence emploi ou agr\u00e9ment ?<\/h2>\n<p>Il faut \u00e9viter deux r\u00e9flexes.<\/p>\n<p>Le premier consiste \u00e0 promettre \u00e0 l&#8217;employeur que le B2 sera effac\u00e9 &#8220;rapidement&#8221;. Ce n&#8217;est pas ma\u00eetrisable. La d\u00e9cision appartient au juge.<\/p>\n<p>Le second consiste \u00e0 envoyer au tribunal un dossier dans la panique, sans pi\u00e8ces.<\/p>\n<p>La bonne m\u00e9thode est plus simple :<\/p>\n<ul>\n<li>identifier le bulletin concern\u00e9 ;<\/li>\n<li>v\u00e9rifier si l&#8217;employeur peut r\u00e9ellement acc\u00e9der au B2 ou s&#8217;il demande en r\u00e9alit\u00e9 un B3 ;<\/li>\n<li>obtenir un \u00e9crit sur l&#8217;urgence ou la condition d&#8217;embauche ;<\/li>\n<li>d\u00e9poser une requ\u00eate cibl\u00e9e ou compl\u00e9ter celle d\u00e9j\u00e0 d\u00e9pos\u00e9e ;<\/li>\n<li>demander, lorsque c&#8217;est pertinent, une information sur l&#8217;audiencement ;<\/li>\n<li>pr\u00e9parer une note courte pour expliquer pourquoi la mention bloque concr\u00e8tement l&#8217;activit\u00e9.<\/li>\n<\/ul>\n<p>Pour les dossiers de s\u00e9curit\u00e9 priv\u00e9e, transport, petite enfance, sant\u00e9, sport, fonction publique, activit\u00e9 aupr\u00e8s des mineurs ou habilitation administrative, la demande doit \u00eatre calibr\u00e9e avec plus de rigueur. Le juge voudra comprendre la nature exacte de l&#8217;activit\u00e9 et le lien entre la condamnation et les risques que le B2 cherche \u00e0 pr\u00e9venir.<\/p>\n<h2>8. Cinq angles voisins \u00e0 ne pas confondre<\/h2>\n<p>Si votre requ\u00eate B2 n&#8217;avance pas, il faut aussi v\u00e9rifier que vous ne poursuivez pas le mauvais objectif.<\/p>\n<p>Premier angle : l&#8217;exclusion du B2 d\u00e8s l&#8217;audience p\u00e9nale. Elle doit \u00eatre demand\u00e9e avant que le probl\u00e8me professionnel ne se mat\u00e9rialise.<\/p>\n<p>Deuxi\u00e8me angle : l&#8217;exclusion du B3. Elle r\u00e9pond \u00e0 un autre besoin, notamment lorsque le tiers demande \u00e0 la personne de produire elle-m\u00eame un extrait.<\/p>\n<p>Troisi\u00e8me angle : le TAJ. Le <a href=\"https:\/\/kohenavocats.com\/effacement-taj-apres-classement-sans-suite-courrier-delai-refus\/\">TAJ<\/a> ne suit pas les r\u00e8gles du casier judiciaire.<\/p>\n<p>Quatri\u00e8me angle : le FNAEG ou le FIJAIS. Ces fichiers r\u00e9pondent \u00e0 des r\u00e9gimes propres, qui ne disparaissent pas par une simple exclusion du B2.<\/p>\n<p>Cinqui\u00e8me angle : la CRPC. Si vous \u00eates encore avant l&#8217;homologation, l&#8217;enjeu B2 doit \u00eatre trait\u00e9 dans la n\u00e9gociation. Le cabinet a publi\u00e9 un article d\u00e9di\u00e9 sur la <a href=\"https:\/\/kohenavocats.com\/crpc-casier-judiciaire-b2-b3-exclusion-homologation\/\">CRPC et le casier judiciaire<\/a>.<\/p>\n<h2>9. Ce qu&#8217;il faut retenir<\/h2>\n<p>Apr\u00e8s le d\u00e9p\u00f4t d&#8217;une requ\u00eate B2, le d\u00e9lai d\u00e9pend de la juridiction, de l&#8217;instruction par le parquet, de l&#8217;audiencement et de la qualit\u00e9 du dossier. Il ne suffit pas d&#8217;attendre. Il faut suivre la requ\u00eate, relancer utilement, ajouter les pi\u00e8ces professionnelles pertinentes et pr\u00e9parer l&#8217;audience comme un dossier de proportionnalit\u00e9.<\/p>\n<p>L&#8217;objectif n&#8217;est pas de demander un effacement abstrait. L&#8217;objectif est de montrer pourquoi une mention pr\u00e9cise, sur un bulletin pr\u00e9cis, bloque aujourd&#8217;hui un emploi, un agr\u00e9ment, une carte professionnelle ou une activit\u00e9 r\u00e9glement\u00e9e.<\/p>\n<p>Pour une personne \u00e0 Paris ou en \u00cele-de-France, le bon r\u00e9flexe consiste \u00e0 identifier le tribunal comp\u00e9tent, conserver toutes les preuves d&#8217;envoi, documenter l&#8217;urgence professionnelle, puis pr\u00e9parer une requ\u00eate ou une relance lisible. Une demande courte, exacte et prouv\u00e9e vaut mieux qu&#8217;un dossier volumineux qui m\u00e9lange B2, B3, TAJ et effacement g\u00e9n\u00e9ral.<\/p>\n<h2>Besoin d&#8217;un avis rapide sur votre dossier<\/h2>\n<p>Consultation t\u00e9l\u00e9phonique en 48 heures avec un avocat du cabinet.<\/p>\n<p>Analyse cibl\u00e9e de votre requ\u00eate B2, de vos pi\u00e8ces et du bon canal de relance.<\/p>\n<p><a href=\"tel:+33689113445\">06 89 11 34 45<\/a><\/p>\n<p><a href=\"https:\/\/kohenavocats.com\/contactez-nous\/\">Prendre contact avec le cabinet<\/a><\/p>\n<p>Cabinet \u00e0 Paris, intervention en \u00cele-de-France.<\/p>\n<div class=\"footnote\">\n<hr>\n<ol>\n<li id=\"fn:1\">\n<p>Service-Public, &#8220;Une condamnation peut-elle \u00eatre effac\u00e9e du casier judiciaire ?&#8221;, v\u00e9rifi\u00e9 le 20 octobre 2025 : <a href=\"https:\/\/www.service-public.gouv.fr\/particuliers\/vosdroits\/F31802&#038;#160\" rel=\"nofollow\">https:\/\/www.service-public.gouv.fr\/particuliers\/vosdroits\/F31802&#038;#160<\/a>;<a class=\"footnote-backref\" href=\"#fnref:1\" title=\"Jump back to footnote 1 in the text\">&#8617;<\/a><\/p>\n<\/li>\n<li id=\"fn:2\">\n<p>Service-Public, &#8220;Bulletin n\u00b02 du casier judiciaire : \u00e0 qui peut-il \u00eatre d\u00e9livr\u00e9 ?&#8221;, v\u00e9rifi\u00e9 le 26 mars 2024 : <a href=\"https:\/\/www.service-public.fr\/particuliers\/vosdroits\/F35453&#038;#160\" rel=\"nofollow\">https:\/\/www.service-public.fr\/particuliers\/vosdroits\/F35453&#038;#160<\/a>;<a class=\"footnote-backref\" href=\"#fnref:2\" title=\"Jump back to footnote 2 in the text\">&#8617;<\/a><\/p>\n<\/li>\n<\/ol>\n<\/div>\n","protected":false},"excerpt":{"rendered":"<p>Apr\u00e8s une requ\u00eate d&#8217;effacement du B2, le vrai sujet devient le d\u00e9lai : audiencement, relance utile, pi\u00e8ces professionnelles et strat\u00e9gie en cas de refus.<\/p>\n","protected":false},"author":232070755,"featured_media":9544,"comment_status":"open","ping_status":"open","sticky":false,"template":"","format":"standard","meta":{"_crdt_document":"","_jetpack_newsletter_access":"","_jetpack_dont_email_post_to_subs":false,"_jetpack_newsletter_tier_id":0,"_jetpack_memberships_contains_paywalled_content":false,"_kj_source_type":"","_kj_official_id":"","_kj_official_url":"","_kj_judilibre_id":"","_kj_jur":"","_kj_lieu":"","_kj_chambre":"","_kj_rg":"","_kj_date":"","_jetpack_memberships_contains_paid_content":false,"footnotes":"","jetpack_post_was_ever_published":false},"categories":[6995,6364],"tags":[],"class_list":["post-691983","post","type-post","status-publish","format-standard","has-post-thumbnail","hentry","category-decryptage","category-penal"],"yoast_head":"<!-- This site is optimized with the Yoast SEO Premium plugin v27.5 (Yoast SEO v27.5) - https:\/\/yoast.com\/product\/yoast-seo-premium-wordpress\/ -->\n<title>D\u00e9lai d&#039;effacement du B2 apr\u00e8s requ\u00eate : audience, relance et refus - Ma\u00eetre Hassan Kohen, avocat en droit p\u00e9nal \u00e0 Paris<\/title>\n<meta name=\"robots\" content=\"index, follow, max-snippet:-1, max-image-preview:large, max-video-preview:-1\" \/>\n<link rel=\"canonical\" href=\"https:\/\/kohenavocats.com\/zh-hans\/delai-effacement-b2-apres-requete-audience-relance-refus\/\" \/>\n<meta property=\"og:locale\" content=\"zh_CN\" \/>\n<meta property=\"og:type\" content=\"article\" \/>\n<meta property=\"og:title\" content=\"D\u00e9lai d&#039;effacement du B2 apr\u00e8s requ\u00eate : audience, relance et refus\" \/>\n<meta property=\"og:description\" content=\"Apr\u00e8s une requ\u00eate d&#039;effacement du B2, le vrai sujet devient le d\u00e9lai : audiencement, relance utile, pi\u00e8ces professionnelles et strat\u00e9gie en cas de refus.\" \/>\n<meta property=\"og:url\" content=\"https:\/\/kohenavocats.com\/zh-hans\/delai-effacement-b2-apres-requete-audience-relance-refus\/\" \/>\n<meta property=\"og:site_name\" content=\"Ma\u00eetre Hassan Kohen, avocat en droit p\u00e9nal \u00e0 Paris\" \/>\n<meta property=\"article:published_time\" content=\"2026-04-26T10:08:50+00:00\" \/>\n<meta name=\"author\" content=\"Kohen\" \/>\n<meta name=\"twitter:card\" content=\"summary_large_image\" \/>\n<meta name=\"twitter:label1\" content=\"\u4f5c\u8005\" \/>\n\t<meta name=\"twitter:data1\" content=\"Kohen\" \/>\n\t<meta name=\"twitter:label2\" content=\"\u9884\u8ba1\u9605\u8bfb\u65f6\u95f4\" \/>\n\t<meta name=\"twitter:data2\" content=\"10 \u5206\" \/>\n<script type=\"application\/ld+json\" class=\"yoast-schema-graph\">{\"@context\":\"https:\\\/\\\/schema.org\",\"@graph\":[{\"@type\":\"Article\",\"@id\":\"https:\\\/\\\/kohenavocats.com\\\/zh-hans\\\/delai-effacement-b2-apres-requete-audience-relance-refus\\\/#article\",\"isPartOf\":{\"@id\":\"https:\\\/\\\/kohenavocats.com\\\/zh-hans\\\/delai-effacement-b2-apres-requete-audience-relance-refus\\\/\"},\"author\":{\"name\":\"Kohen\",\"@id\":\"https:\\\/\\\/kohenavocats.com\\\/zh-hans\\\/#\\\/schema\\\/person\\\/761c9ba54fa1ca84d405cef0831ff751\"},\"headline\":\"D\u00e9lai d&#8217;effacement du B2 apr\u00e8s requ\u00eate : audience, relance et refus\",\"datePublished\":\"2026-04-26T10:08:50+00:00\",\"mainEntityOfPage\":{\"@id\":\"https:\\\/\\\/kohenavocats.com\\\/zh-hans\\\/delai-effacement-b2-apres-requete-audience-relance-refus\\\/\"},\"wordCount\":2165,\"commentCount\":0,\"publisher\":{\"@id\":\"https:\\\/\\\/kohenavocats.com\\\/zh-hans\\\/#organization\"},\"image\":{\"@id\":\"https:\\\/\\\/kohenavocats.com\\\/zh-hans\\\/delai-effacement-b2-apres-requete-audience-relance-refus\\\/#primaryimage\"},\"thumbnailUrl\":\"https:\\\/\\\/kohenavocats.com\\\/wp-content\\\/uploads\\\/2024\\\/11\\\/and-machines-6IbHR1pTE0Q-unsplash.webp\",\"articleSection\":[\"D\u00e9cryptage\",\"P\u00e9nal\"],\"inLanguage\":\"zh-Hans\",\"potentialAction\":[{\"@type\":\"CommentAction\",\"name\":\"Comment\",\"target\":[\"https:\\\/\\\/kohenavocats.com\\\/zh-hans\\\/delai-effacement-b2-apres-requete-audience-relance-refus\\\/#respond\"]}],\"citation\":\"D\u00e9lai d&#8217;effacement du B2 apr\u00e8s requ\u00eate : audience, relance et refus\",\"about\":[{\"@type\":\"Thing\",\"name\":\"D\u00e9cryptage\"},{\"@type\":\"Thing\",\"name\":\"P\u00e9nal\"}],\"dateModified\":\"2026-04-26T10:08:50+00:00\",\"speakable\":{\"@type\":\"SpeakableSpecification\",\"cssSelector\":[\".article-content > p:first-of-type\"]}},{\"@type\":\"WebPage\",\"@id\":\"https:\\\/\\\/kohenavocats.com\\\/zh-hans\\\/delai-effacement-b2-apres-requete-audience-relance-refus\\\/\",\"url\":\"https:\\\/\\\/kohenavocats.com\\\/zh-hans\\\/delai-effacement-b2-apres-requete-audience-relance-refus\\\/\",\"name\":\"D\u00e9lai d'effacement du B2 apr\u00e8s requ\u00eate : audience, relance et refus - Ma\u00eetre Hassan Kohen, avocat en droit p\u00e9nal \u00e0 Paris\",\"isPartOf\":{\"@id\":\"https:\\\/\\\/kohenavocats.com\\\/zh-hans\\\/#website\"},\"primaryImageOfPage\":{\"@id\":\"https:\\\/\\\/kohenavocats.com\\\/zh-hans\\\/delai-effacement-b2-apres-requete-audience-relance-refus\\\/#primaryimage\"},\"image\":{\"@id\":\"https:\\\/\\\/kohenavocats.com\\\/zh-hans\\\/delai-effacement-b2-apres-requete-audience-relance-refus\\\/#primaryimage\"},\"thumbnailUrl\":\"https:\\\/\\\/kohenavocats.com\\\/wp-content\\\/uploads\\\/2024\\\/11\\\/and-machines-6IbHR1pTE0Q-unsplash.webp\",\"datePublished\":\"2026-04-26T10:08:50+00:00\",\"breadcrumb\":{\"@id\":\"https:\\\/\\\/kohenavocats.com\\\/zh-hans\\\/delai-effacement-b2-apres-requete-audience-relance-refus\\\/#breadcrumb\"},\"inLanguage\":\"zh-Hans\",\"potentialAction\":[{\"@type\":\"ReadAction\",\"target\":[\"https:\\\/\\\/kohenavocats.com\\\/zh-hans\\\/delai-effacement-b2-apres-requete-audience-relance-refus\\\/\"]}]},{\"@type\":\"ImageObject\",\"inLanguage\":\"zh-Hans\",\"@id\":\"https:\\\/\\\/kohenavocats.com\\\/zh-hans\\\/delai-effacement-b2-apres-requete-audience-relance-refus\\\/#primaryimage\",\"url\":\"https:\\\/\\\/kohenavocats.com\\\/wp-content\\\/uploads\\\/2024\\\/11\\\/and-machines-6IbHR1pTE0Q-unsplash.webp\",\"contentUrl\":\"https:\\\/\\\/kohenavocats.com\\\/wp-content\\\/uploads\\\/2024\\\/11\\\/and-machines-6IbHR1pTE0Q-unsplash.webp\",\"width\":4960,\"height\":3507},{\"@type\":\"BreadcrumbList\",\"@id\":\"https:\\\/\\\/kohenavocats.com\\\/zh-hans\\\/delai-effacement-b2-apres-requete-audience-relance-refus\\\/#breadcrumb\",\"itemListElement\":[{\"@type\":\"ListItem\",\"position\":1,\"name\":\"Home\",\"item\":\"https:\\\/\\\/kohenavocats.com\\\/zh-hans\\\/\"},{\"@type\":\"ListItem\",\"position\":2,\"name\":\"D\u00e9lai d&rsquo;effacement du B2 apr\u00e8s requ\u00eate : audience, relance et refus\"}]},{\"@type\":\"WebSite\",\"@id\":\"https:\\\/\\\/kohenavocats.com\\\/zh-hans\\\/#website\",\"url\":\"https:\\\/\\\/kohenavocats.com\\\/zh-hans\\\/\",\"name\":\"Kohen Avocats\",\"description\":\"Ma\u00eetre Hassan Kohen, avocat p\u00e9naliste \u00e0 Paris, intervient exclusivement en droit p\u00e9nal pour la d\u00e9fense des particuliers, notamment en mati\u00e8re d\u2019accusations de viol. Il assure un accompagnement rigoureux d\u00e8s la garde \u00e0 vue jusqu\u2019\u00e0 la Cour d\u2019assises, veillant au strict respect des garanties proc\u00e9durales.\",\"publisher\":{\"@id\":\"https:\\\/\\\/kohenavocats.com\\\/zh-hans\\\/#organization\"},\"potentialAction\":[{\"@type\":\"SearchAction\",\"target\":{\"@type\":\"EntryPoint\",\"urlTemplate\":\"https:\\\/\\\/kohenavocats.com\\\/zh-hans\\\/?s={search_term_string}\"},\"query-input\":{\"@type\":\"PropertyValueSpecification\",\"valueRequired\":true,\"valueName\":\"search_term_string\"}}],\"inLanguage\":\"zh-Hans\"},{\"@type\":\"Organization\",\"@id\":\"https:\\\/\\\/kohenavocats.com\\\/zh-hans\\\/#organization\",\"name\":\"Kohen Avocats\",\"url\":\"https:\\\/\\\/kohenavocats.com\\\/zh-hans\\\/\",\"logo\":{\"@type\":\"ImageObject\",\"inLanguage\":\"zh-Hans\",\"@id\":\"https:\\\/\\\/kohenavocats.com\\\/zh-hans\\\/#\\\/schema\\\/logo\\\/image\\\/\",\"url\":\"https:\\\/\\\/kohenavocats.com\\\/wp-content\\\/uploads\\\/2026\\\/01\\\/Logo-2-1.webp\",\"contentUrl\":\"https:\\\/\\\/kohenavocats.com\\\/wp-content\\\/uploads\\\/2026\\\/01\\\/Logo-2-1.webp\",\"width\":2114,\"height\":1253,\"caption\":\"Kohen Avocats\"},\"image\":{\"@id\":\"https:\\\/\\\/kohenavocats.com\\\/zh-hans\\\/#\\\/schema\\\/logo\\\/image\\\/\"}},{\"@type\":\"Person\",\"@id\":\"https:\\\/\\\/kohenavocats.com\\\/zh-hans\\\/#\\\/schema\\\/person\\\/761c9ba54fa1ca84d405cef0831ff751\",\"name\":\"Kohen\",\"image\":{\"@type\":\"ImageObject\",\"inLanguage\":\"zh-Hans\",\"@id\":\"https:\\\/\\\/secure.gravatar.com\\\/avatar\\\/1c5e76ef76bbbfdd2b4da984e2bf2fa4056fd51a27d25ce2c332047f1dfd6e00?s=96&d=identicon&r=g\",\"url\":\"https:\\\/\\\/secure.gravatar.com\\\/avatar\\\/1c5e76ef76bbbfdd2b4da984e2bf2fa4056fd51a27d25ce2c332047f1dfd6e00?s=96&d=identicon&r=g\",\"contentUrl\":\"https:\\\/\\\/secure.gravatar.com\\\/avatar\\\/1c5e76ef76bbbfdd2b4da984e2bf2fa4056fd51a27d25ce2c332047f1dfd6e00?s=96&d=identicon&r=g\",\"caption\":\"Kohen\"},\"sameAs\":[\"https:\\\/\\\/www.linkedin.com\\\/in\\\/hassan-kohen-448548192\\\/\",\"https:\\\/\\\/www.youtube.com\\\/@Kohen-Avocats\"],\"url\":\"https:\\\/\\\/kohenavocats.com\\\/zh-hans\\\/author\\\/kohenmlk\\\/\"}]}<\/script>\n<!-- \/ Yoast SEO Premium plugin. -->","yoast_head_json":{"title":"D\u00e9lai d'effacement du B2 apr\u00e8s requ\u00eate : audience, relance et refus - Ma\u00eetre Hassan Kohen, avocat en droit p\u00e9nal \u00e0 Paris","robots":{"index":"index","follow":"follow","max-snippet":"max-snippet:-1","max-image-preview":"max-image-preview:large","max-video-preview":"max-video-preview:-1"},"canonical":"https:\/\/kohenavocats.com\/zh-hans\/delai-effacement-b2-apres-requete-audience-relance-refus\/","og_locale":"zh_CN","og_type":"article","og_title":"D\u00e9lai d'effacement du B2 apr\u00e8s requ\u00eate : audience, relance et refus","og_description":"Apr\u00e8s une requ\u00eate d'effacement du B2, le vrai sujet devient le d\u00e9lai : audiencement, relance utile, pi\u00e8ces professionnelles et strat\u00e9gie en cas de refus.","og_url":"https:\/\/kohenavocats.com\/zh-hans\/delai-effacement-b2-apres-requete-audience-relance-refus\/","og_site_name":"Ma\u00eetre Hassan Kohen, avocat en droit p\u00e9nal \u00e0 Paris","article_published_time":"2026-04-26T10:08:50+00:00","author":"Kohen","twitter_card":"summary_large_image","twitter_misc":{"\u4f5c\u8005":"Kohen","\u9884\u8ba1\u9605\u8bfb\u65f6\u95f4":"10 \u5206"},"schema":{"@context":"https:\/\/schema.org","@graph":[{"@type":"Article","@id":"https:\/\/kohenavocats.com\/zh-hans\/delai-effacement-b2-apres-requete-audience-relance-refus\/#article","isPartOf":{"@id":"https:\/\/kohenavocats.com\/zh-hans\/delai-effacement-b2-apres-requete-audience-relance-refus\/"},"author":{"name":"Kohen","@id":"https:\/\/kohenavocats.com\/zh-hans\/#\/schema\/person\/761c9ba54fa1ca84d405cef0831ff751"},"headline":"D\u00e9lai d&#8217;effacement du B2 apr\u00e8s requ\u00eate : audience, relance et refus","datePublished":"2026-04-26T10:08:50+00:00","mainEntityOfPage":{"@id":"https:\/\/kohenavocats.com\/zh-hans\/delai-effacement-b2-apres-requete-audience-relance-refus\/"},"wordCount":2165,"commentCount":0,"publisher":{"@id":"https:\/\/kohenavocats.com\/zh-hans\/#organization"},"image":{"@id":"https:\/\/kohenavocats.com\/zh-hans\/delai-effacement-b2-apres-requete-audience-relance-refus\/#primaryimage"},"thumbnailUrl":"https:\/\/kohenavocats.com\/wp-content\/uploads\/2024\/11\/and-machines-6IbHR1pTE0Q-unsplash.webp","articleSection":["D\u00e9cryptage","P\u00e9nal"],"inLanguage":"zh-Hans","potentialAction":[{"@type":"CommentAction","name":"Comment","target":["https:\/\/kohenavocats.com\/zh-hans\/delai-effacement-b2-apres-requete-audience-relance-refus\/#respond"]}],"citation":"D\u00e9lai d&#8217;effacement du B2 apr\u00e8s requ\u00eate : audience, relance et refus","about":[{"@type":"Thing","name":"D\u00e9cryptage"},{"@type":"Thing","name":"P\u00e9nal"}],"dateModified":"2026-04-26T10:08:50+00:00","speakable":{"@type":"SpeakableSpecification","cssSelector":[".article-content > p:first-of-type"]}},{"@type":"WebPage","@id":"https:\/\/kohenavocats.com\/zh-hans\/delai-effacement-b2-apres-requete-audience-relance-refus\/","url":"https:\/\/kohenavocats.com\/zh-hans\/delai-effacement-b2-apres-requete-audience-relance-refus\/","name":"D\u00e9lai d'effacement du B2 apr\u00e8s requ\u00eate : audience, relance et refus - Ma\u00eetre Hassan Kohen, avocat en droit p\u00e9nal \u00e0 Paris","isPartOf":{"@id":"https:\/\/kohenavocats.com\/zh-hans\/#website"},"primaryImageOfPage":{"@id":"https:\/\/kohenavocats.com\/zh-hans\/delai-effacement-b2-apres-requete-audience-relance-refus\/#primaryimage"},"image":{"@id":"https:\/\/kohenavocats.com\/zh-hans\/delai-effacement-b2-apres-requete-audience-relance-refus\/#primaryimage"},"thumbnailUrl":"https:\/\/kohenavocats.com\/wp-content\/uploads\/2024\/11\/and-machines-6IbHR1pTE0Q-unsplash.webp","datePublished":"2026-04-26T10:08:50+00:00","breadcrumb":{"@id":"https:\/\/kohenavocats.com\/zh-hans\/delai-effacement-b2-apres-requete-audience-relance-refus\/#breadcrumb"},"inLanguage":"zh-Hans","potentialAction":[{"@type":"ReadAction","target":["https:\/\/kohenavocats.com\/zh-hans\/delai-effacement-b2-apres-requete-audience-relance-refus\/"]}]},{"@type":"ImageObject","inLanguage":"zh-Hans","@id":"https:\/\/kohenavocats.com\/zh-hans\/delai-effacement-b2-apres-requete-audience-relance-refus\/#primaryimage","url":"https:\/\/kohenavocats.com\/wp-content\/uploads\/2024\/11\/and-machines-6IbHR1pTE0Q-unsplash.webp","contentUrl":"https:\/\/kohenavocats.com\/wp-content\/uploads\/2024\/11\/and-machines-6IbHR1pTE0Q-unsplash.webp","width":4960,"height":3507},{"@type":"BreadcrumbList","@id":"https:\/\/kohenavocats.com\/zh-hans\/delai-effacement-b2-apres-requete-audience-relance-refus\/#breadcrumb","itemListElement":[{"@type":"ListItem","position":1,"name":"Home","item":"https:\/\/kohenavocats.com\/zh-hans\/"},{"@type":"ListItem","position":2,"name":"D\u00e9lai d&rsquo;effacement du B2 apr\u00e8s requ\u00eate : audience, relance et refus"}]},{"@type":"WebSite","@id":"https:\/\/kohenavocats.com\/zh-hans\/#website","url":"https:\/\/kohenavocats.com\/zh-hans\/","name":"Kohen Avocats","description":"Ma\u00eetre Hassan Kohen, avocat p\u00e9naliste \u00e0 Paris, intervient exclusivement en droit p\u00e9nal pour la d\u00e9fense des particuliers, notamment en mati\u00e8re d\u2019accusations de viol. Il assure un accompagnement rigoureux d\u00e8s la garde \u00e0 vue jusqu\u2019\u00e0 la Cour d\u2019assises, veillant au strict respect des garanties proc\u00e9durales.","publisher":{"@id":"https:\/\/kohenavocats.com\/zh-hans\/#organization"},"potentialAction":[{"@type":"SearchAction","target":{"@type":"EntryPoint","urlTemplate":"https:\/\/kohenavocats.com\/zh-hans\/?s={search_term_string}"},"query-input":{"@type":"PropertyValueSpecification","valueRequired":true,"valueName":"search_term_string"}}],"inLanguage":"zh-Hans"},{"@type":"Organization","@id":"https:\/\/kohenavocats.com\/zh-hans\/#organization","name":"Kohen Avocats","url":"https:\/\/kohenavocats.com\/zh-hans\/","logo":{"@type":"ImageObject","inLanguage":"zh-Hans","@id":"https:\/\/kohenavocats.com\/zh-hans\/#\/schema\/logo\/image\/","url":"https:\/\/kohenavocats.com\/wp-content\/uploads\/2026\/01\/Logo-2-1.webp","contentUrl":"https:\/\/kohenavocats.com\/wp-content\/uploads\/2026\/01\/Logo-2-1.webp","width":2114,"height":1253,"caption":"Kohen Avocats"},"image":{"@id":"https:\/\/kohenavocats.com\/zh-hans\/#\/schema\/logo\/image\/"}},{"@type":"Person","@id":"https:\/\/kohenavocats.com\/zh-hans\/#\/schema\/person\/761c9ba54fa1ca84d405cef0831ff751","name":"Kohen","image":{"@type":"ImageObject","inLanguage":"zh-Hans","@id":"https:\/\/secure.gravatar.com\/avatar\/1c5e76ef76bbbfdd2b4da984e2bf2fa4056fd51a27d25ce2c332047f1dfd6e00?s=96&d=identicon&r=g","url":"https:\/\/secure.gravatar.com\/avatar\/1c5e76ef76bbbfdd2b4da984e2bf2fa4056fd51a27d25ce2c332047f1dfd6e00?s=96&d=identicon&r=g","contentUrl":"https:\/\/secure.gravatar.com\/avatar\/1c5e76ef76bbbfdd2b4da984e2bf2fa4056fd51a27d25ce2c332047f1dfd6e00?s=96&d=identicon&r=g","caption":"Kohen"},"sameAs":["https:\/\/www.linkedin.com\/in\/hassan-kohen-448548192\/","https:\/\/www.youtube.com\/@Kohen-Avocats"],"url":"https:\/\/kohenavocats.com\/zh-hans\/author\/kohenmlk\/"}]}},"jetpack_featured_media_url":"https:\/\/kohenavocats.com\/wp-content\/uploads\/2024\/11\/and-machines-6IbHR1pTE0Q-unsplash.webp","jetpack_likes_enabled":false,"jetpack_shortlink":"https:\/\/wp.me\/peCrII-2U11","jetpack-related-posts":[{"id":643770,"url":"https:\/\/kohenavocats.com\/zh-hans\/casier-judiciaire-b2-b3-eviter-mention-exclusion-effacement\/","url_meta":{"origin":691983,"position":0},"title":"Casier judiciaire B2 et B3 : peut-on \u00e9viter la mention, demander l&#8217;exclusion ou obtenir l&#8217;effacement ?","author":"Kohen","date":"2026\u5e744\u670822\u65e5","format":false,"excerpt":"B1, B2, B3, exclusion de mention, requ\u00eate apr\u00e8s co\u2026","rel":"","context":"\u5728\u201cD\u00e9cryptage\u201d\u4e2d","block_context":{"text":"D\u00e9cryptage","link":"https:\/\/kohenavocats.com\/category\/decryptage\/"},"img":{"alt_text":"","src":"https:\/\/i0.wp.com\/kohenavocats.com\/wp-content\/uploads\/2024\/08\/gloria-villa-ByP0PtBXpi0-unsplash.webp?resize=350%2C200&ssl=1","width":350,"height":200,"srcset":"https:\/\/i0.wp.com\/kohenavocats.com\/wp-content\/uploads\/2024\/08\/gloria-villa-ByP0PtBXpi0-unsplash.webp?resize=350%2C200&ssl=1 1x, https:\/\/i0.wp.com\/kohenavocats.com\/wp-content\/uploads\/2024\/08\/gloria-villa-ByP0PtBXpi0-unsplash.webp?resize=525%2C300&ssl=1 1.5x, https:\/\/i0.wp.com\/kohenavocats.com\/wp-content\/uploads\/2024\/08\/gloria-villa-ByP0PtBXpi0-unsplash.webp?resize=700%2C400&ssl=1 2x, https:\/\/i0.wp.com\/kohenavocats.com\/wp-content\/uploads\/2024\/08\/gloria-villa-ByP0PtBXpi0-unsplash.webp?resize=1050%2C600&ssl=1 3x, https:\/\/i0.wp.com\/kohenavocats.com\/wp-content\/uploads\/2024\/08\/gloria-villa-ByP0PtBXpi0-unsplash.webp?resize=1400%2C800&ssl=1 4x"},"classes":[]},{"id":675580,"url":"https:\/\/kohenavocats.com\/zh-hans\/crpc-casier-judiciaire-b2-b3-exclusion-homologation\/","url_meta":{"origin":691983,"position":1},"title":"CRPC et casier judiciaire : B2, B3, emploi, permis, faut-il demander l&#8217;exclusion avant l&#8217;homologation ?","author":"Kohen","date":"2026\u5e744\u670824\u65e5","format":false,"excerpt":"Une CRPC homologu\u00e9e peut laisser une trace au casi\u2026","rel":"","context":"\u5728\u201cCode des assurances\u201d\u4e2d","block_context":{"text":"Code des assurances","link":"https:\/\/kohenavocats.com\/category\/code-des-assurances\/"},"img":{"alt_text":"","src":"https:\/\/i0.wp.com\/kohenavocats.com\/wp-content\/uploads\/2024\/08\/stephanie-leblanc-5dZBzZxISXE-unsplash.webp?resize=350%2C200&ssl=1","width":350,"height":200,"srcset":"https:\/\/i0.wp.com\/kohenavocats.com\/wp-content\/uploads\/2024\/08\/stephanie-leblanc-5dZBzZxISXE-unsplash.webp?resize=350%2C200&ssl=1 1x, https:\/\/i0.wp.com\/kohenavocats.com\/wp-content\/uploads\/2024\/08\/stephanie-leblanc-5dZBzZxISXE-unsplash.webp?resize=525%2C300&ssl=1 1.5x, https:\/\/i0.wp.com\/kohenavocats.com\/wp-content\/uploads\/2024\/08\/stephanie-leblanc-5dZBzZxISXE-unsplash.webp?resize=700%2C400&ssl=1 2x, https:\/\/i0.wp.com\/kohenavocats.com\/wp-content\/uploads\/2024\/08\/stephanie-leblanc-5dZBzZxISXE-unsplash.webp?resize=1050%2C600&ssl=1 3x, https:\/\/i0.wp.com\/kohenavocats.com\/wp-content\/uploads\/2024\/08\/stephanie-leblanc-5dZBzZxISXE-unsplash.webp?resize=1400%2C800&ssl=1 4x"},"classes":[]},{"id":234215,"url":"https:\/\/kohenavocats.com\/zh-hans\/une-condamnation-peut-elle-etre-effacee-du-casier-judiciaire\/","url_meta":{"origin":691983,"position":2},"title":"Une condamnation peut-elle \u00eatre effac\u00e9e du casier judiciaire\u00a0?","author":"Kohen","date":"2026\u5e744\u67084\u65e5","format":false,"excerpt":"Information : Cette fiche presente les regles gene\u2026","rel":"","context":"\u5728\u201cSanctions penales\u201d\u4e2d","block_context":{"text":"Sanctions penales","link":"https:\/\/kohenavocats.com\/category\/penal\/sanctions-penales\/"},"img":{"alt_text":"","src":"https:\/\/i0.wp.com\/kohenavocats.com\/wp-content\/uploads\/2024\/11\/volodymyr-kondriianenko-n2EXdta0MeM-unsplash.webp?resize=350%2C200&ssl=1","width":350,"height":200,"srcset":"https:\/\/i0.wp.com\/kohenavocats.com\/wp-content\/uploads\/2024\/11\/volodymyr-kondriianenko-n2EXdta0MeM-unsplash.webp?resize=350%2C200&ssl=1 1x, https:\/\/i0.wp.com\/kohenavocats.com\/wp-content\/uploads\/2024\/11\/volodymyr-kondriianenko-n2EXdta0MeM-unsplash.webp?resize=525%2C300&ssl=1 1.5x, https:\/\/i0.wp.com\/kohenavocats.com\/wp-content\/uploads\/2024\/11\/volodymyr-kondriianenko-n2EXdta0MeM-unsplash.webp?resize=700%2C400&ssl=1 2x, https:\/\/i0.wp.com\/kohenavocats.com\/wp-content\/uploads\/2024\/11\/volodymyr-kondriianenko-n2EXdta0MeM-unsplash.webp?resize=1050%2C600&ssl=1 3x, https:\/\/i0.wp.com\/kohenavocats.com\/wp-content\/uploads\/2024\/11\/volodymyr-kondriianenko-n2EXdta0MeM-unsplash.webp?resize=1400%2C800&ssl=1 4x"},"classes":[]},{"id":235464,"url":"https:\/\/kohenavocats.com\/zh-hans\/qui-peut-acceder-au-bulletin-n-2-du-casier-judiciaire\/","url_meta":{"origin":691983,"position":3},"title":"Qui peut acc\u00e9der au bulletin n\u00b02 du casier judiciaire\u00a0?","author":"Kohen","date":"2026\u5e744\u67084\u65e5","format":false,"excerpt":"Information : Cette fiche presente les regles gene\u2026","rel":"","context":"\u5728\u201cSanctions penales\u201d\u4e2d","block_context":{"text":"Sanctions penales","link":"https:\/\/kohenavocats.com\/category\/penal\/sanctions-penales\/"},"img":{"alt_text":"","src":"https:\/\/i0.wp.com\/kohenavocats.com\/wp-content\/uploads\/2024\/08\/julio-wolf-_eilSGpKYlY-unsplash.webp?resize=350%2C200&ssl=1","width":350,"height":200,"srcset":"https:\/\/i0.wp.com\/kohenavocats.com\/wp-content\/uploads\/2024\/08\/julio-wolf-_eilSGpKYlY-unsplash.webp?resize=350%2C200&ssl=1 1x, https:\/\/i0.wp.com\/kohenavocats.com\/wp-content\/uploads\/2024\/08\/julio-wolf-_eilSGpKYlY-unsplash.webp?resize=525%2C300&ssl=1 1.5x, https:\/\/i0.wp.com\/kohenavocats.com\/wp-content\/uploads\/2024\/08\/julio-wolf-_eilSGpKYlY-unsplash.webp?resize=700%2C400&ssl=1 2x, https:\/\/i0.wp.com\/kohenavocats.com\/wp-content\/uploads\/2024\/08\/julio-wolf-_eilSGpKYlY-unsplash.webp?resize=1050%2C600&ssl=1 3x, https:\/\/i0.wp.com\/kohenavocats.com\/wp-content\/uploads\/2024\/08\/julio-wolf-_eilSGpKYlY-unsplash.webp?resize=1400%2C800&ssl=1 4x"},"classes":[]},{"id":662847,"url":"https:\/\/kohenavocats.com\/zh-hans\/effacement-taj-apres-classement-sans-suite-courrier-delai-refus\/","url_meta":{"origin":691983,"position":4},"title":"Effacement TAJ apr\u00e8s classement sans suite : quel courrier envoyer, \u00e0 qui, dans quel d\u00e9lai et que faire en cas de refus ?","author":"Kohen","date":"2026\u5e744\u670823\u65e5","format":false,"excerpt":"Effacement TAJ apr\u00e8s classement sans suite : bon p\u2026","rel":"","context":"\u5728\u201cD\u00e9cryptage\u201d\u4e2d","block_context":{"text":"D\u00e9cryptage","link":"https:\/\/kohenavocats.com\/category\/decryptage\/"},"img":{"alt_text":"","src":"https:\/\/i0.wp.com\/kohenavocats.com\/wp-content\/uploads\/2024\/11\/sarah-penney-NJk-fi1gyOY-unsplash.webp?resize=350%2C200&ssl=1","width":350,"height":200,"srcset":"https:\/\/i0.wp.com\/kohenavocats.com\/wp-content\/uploads\/2024\/11\/sarah-penney-NJk-fi1gyOY-unsplash.webp?resize=350%2C200&ssl=1 1x, https:\/\/i0.wp.com\/kohenavocats.com\/wp-content\/uploads\/2024\/11\/sarah-penney-NJk-fi1gyOY-unsplash.webp?resize=525%2C300&ssl=1 1.5x, https:\/\/i0.wp.com\/kohenavocats.com\/wp-content\/uploads\/2024\/11\/sarah-penney-NJk-fi1gyOY-unsplash.webp?resize=700%2C400&ssl=1 2x, https:\/\/i0.wp.com\/kohenavocats.com\/wp-content\/uploads\/2024\/11\/sarah-penney-NJk-fi1gyOY-unsplash.webp?resize=1050%2C600&ssl=1 3x, https:\/\/i0.wp.com\/kohenavocats.com\/wp-content\/uploads\/2024\/11\/sarah-penney-NJk-fi1gyOY-unsplash.webp?resize=1400%2C800&ssl=1 4x"},"classes":[]},{"id":635781,"url":"https:\/\/kohenavocats.com\/zh-hans\/crpc-faut-il-accepter-refuser-ou-demander-un-delai-avant-lhomologation\/","url_meta":{"origin":691983,"position":5},"title":"CRPC : faut-il accepter, refuser ou demander un d\u00e9lai avant l&#8217;homologation ?","author":"Kohen","date":"2026\u5e744\u670821\u65e5","format":false,"excerpt":"Convocation en CRPC : comment arbitrer entre accep\u2026","rel":"","context":"\u5728\u201cD\u00e9cryptage\u201d\u4e2d","block_context":{"text":"D\u00e9cryptage","link":"https:\/\/kohenavocats.com\/category\/decryptage\/"},"img":{"alt_text":"","src":"https:\/\/i0.wp.com\/kohenavocats.com\/wp-content\/uploads\/2024\/11\/mohamed-nohassi-AE9Z7hVNOPE-unsplash.webp?resize=350%2C200&ssl=1","width":350,"height":200,"srcset":"https:\/\/i0.wp.com\/kohenavocats.com\/wp-content\/uploads\/2024\/11\/mohamed-nohassi-AE9Z7hVNOPE-unsplash.webp?resize=350%2C200&ssl=1 1x, https:\/\/i0.wp.com\/kohenavocats.com\/wp-content\/uploads\/2024\/11\/mohamed-nohassi-AE9Z7hVNOPE-unsplash.webp?resize=525%2C300&ssl=1 1.5x, https:\/\/i0.wp.com\/kohenavocats.com\/wp-content\/uploads\/2024\/11\/mohamed-nohassi-AE9Z7hVNOPE-unsplash.webp?resize=700%2C400&ssl=1 2x, https:\/\/i0.wp.com\/kohenavocats.com\/wp-content\/uploads\/2024\/11\/mohamed-nohassi-AE9Z7hVNOPE-unsplash.webp?resize=1050%2C600&ssl=1 3x, https:\/\/i0.wp.com\/kohenavocats.com\/wp-content\/uploads\/2024\/11\/mohamed-nohassi-AE9Z7hVNOPE-unsplash.webp?resize=1400%2C800&ssl=1 4x"},"classes":[]}],"jetpack_sharing_enabled":true,"_links":{"self":[{"href":"https:\/\/kohenavocats.com\/zh-hans\/wp-json\/wp\/v2\/posts\/691983","targetHints":{"allow":["GET"]}}],"collection":[{"href":"https:\/\/kohenavocats.com\/zh-hans\/wp-json\/wp\/v2\/posts"}],"about":[{"href":"https:\/\/kohenavocats.com\/zh-hans\/wp-json\/wp\/v2\/types\/post"}],"author":[{"embeddable":true,"href":"https:\/\/kohenavocats.com\/zh-hans\/wp-json\/wp\/v2\/users\/232070755"}],"replies":[{"embeddable":true,"href":"https:\/\/kohenavocats.com\/zh-hans\/wp-json\/wp\/v2\/comments?post=691983"}],"version-history":[{"count":0,"href":"https:\/\/kohenavocats.com\/zh-hans\/wp-json\/wp\/v2\/posts\/691983\/revisions"}],"wp:featuredmedia":[{"embeddable":true,"href":"https:\/\/kohenavocats.com\/zh-hans\/wp-json\/wp\/v2\/media\/9544"}],"wp:attachment":[{"href":"https:\/\/kohenavocats.com\/zh-hans\/wp-json\/wp\/v2\/media?parent=691983"}],"wp:term":[{"taxonomy":"category","embeddable":true,"href":"https:\/\/kohenavocats.com\/zh-hans\/wp-json\/wp\/v2\/categories?post=691983"},{"taxonomy":"post_tag","embeddable":true,"href":"https:\/\/kohenavocats.com\/zh-hans\/wp-json\/wp\/v2\/tags?post=691983"}],"curies":[{"name":"wp","href":"https:\/\/api.w.org\/{rel}","templated":true}]}}