{"id":704068,"date":"2026-04-27T14:37:09","date_gmt":"2026-04-27T12:37:09","guid":{"rendered":"https:\/\/kohenavocats.com\/cour-de-cassation-le-27-novembre-2025-n23-12-676\/"},"modified":"2026-04-27T14:37:09","modified_gmt":"2026-04-27T12:37:09","slug":"cour-de-cassation-le-27-novembre-2025-n23-12-676","status":"publish","type":"post","link":"https:\/\/kohenavocats.com\/zh-hans\/cour-de-cassation-le-27-novembre-2025-n23-12-676\/","title":{"rendered":"Cour de cassation, le 27 novembre 2025, n\u00b023-12.676"},"content":{"rendered":"<div class='article-content'>\n<style scoped>.toc-article{background:#f8f9fa;border:1px solid #e2e6ea;border-left:4px solid #2c5f8a;border-radius:6px;padding:20px 24px;margin:0 0 32px;font-size:15px;line-height:1.6}.toc-article p{margin:0 0 10px;font-size:16px;font-weight:600;color:#1a1a1a}.toc-article ul{list-style:none;margin:0;padding:0}.toc-article li.toc-h2{padding:4px 0}.toc-article li.toc-h3{padding:2px 0 2px 20px;font-size:14px}.toc-article a{color:#2c5f8a;text-decoration:none;border-bottom:1px dotted #a0b4c8}.toc-article a:hover{color:#1a3d5c;border-bottom-color:#1a3d5c}<\/style>\n<nav class=\"toc-article\" role=\"navigation\" aria-label=\"Sommaire\">\n<p>Sommaire<\/p>\n<ul>\n<li class=\"toc-h2\"><a href=\"#fondements-juridiques\">Fondements juridiques<\/a><\/li>\n<\/ul>\n<\/nav>\n<p>La troisi\u00e8me chambre civile de la Cour de cassation a rendu un arr\u00eat de proc\u00e9dure le 27 novembre 2025. Une personne physique, d\u00e9bitrice d\u2019un pourvoi en cassation, a vu son redressement judiciaire prononc\u00e9 en cours d\u2019instance. La question \u00e9tait de savoir si cette proc\u00e9dure collective interrompt l\u2019instance de cassation et quelles en sont les cons\u00e9quences proc\u00e9durales. La Cour de cassation a r\u00e9pondu par la n\u00e9gative sur l\u2019interruption, mais a ordonn\u00e9 la mise en cause du mandataire judiciaire sous peine d\u2019irrecevabilit\u00e9.<\/p>\n<p>L\u2019absence d\u2019interruption de l\u2019instance par le redressement judiciaire.<\/p>\n<p>La Haute juridiction rappelle le principe selon lequel le redressement judiciaire n\u2019interrompt pas automatiquement l\u2019instance. Elle pr\u00e9cise que <em>&#8220;si l&#8217;instance de cassation n&#8217;est pas interrompue, d\u00e8s lors qu&#8217;aux termes de l&#8217;article 369 du code de proc\u00e9dure civile, le redressement judiciaire n&#8217;interrompt l&#8217;instance que lorsqu&#8217;il emporte dessaisissement du d\u00e9biteur, ce qui n&#8217;est pas le cas en l&#8217;esp\u00e8ce, aucun administrateur n&#8217;ayant \u00e9t\u00e9 d\u00e9sign\u00e9&#8221;<\/em> (paragraphe 3). Le sens de cette solution est de cantonner l\u2019interruption aux seuls cas o\u00f9 le d\u00e9biteur est dessaisi, ce qui n\u2019est pas le cas ici. La valeur de cet arr\u00eat est de confirmer une interpr\u00e9tation stricte de l\u2019article 369 du code de proc\u00e9dure civile, d\u00e9j\u00e0 pos\u00e9e par la jurisprudence ant\u00e9rieure. La port\u00e9e est de s\u00e9curiser le cours de l\u2019instance de cassation malgr\u00e9 l\u2019ouverture d\u2019une proc\u00e9dure collective.<\/p>\n<p>La n\u00e9cessit\u00e9 de la mise en cause du mandataire judiciaire pour r\u00e9gulariser le pourvoi.<\/p>\n<p>La Cour de cassation d\u00e9duit de l\u2019absence d\u2019interruption que <em>&#8220;la mise en cause du mandataire judiciaire est n\u00e9cessaire \u00e0 la r\u00e9gularisation du pourvoi&#8221;<\/em> (paragraphe 3). Le sens de cette obligation est de garantir la contradiction en pr\u00e9sence du repr\u00e9sentant des cr\u00e9anciers. La valeur de cette solution est de combler un vide proc\u00e9dural, comme l\u2019illustre l\u2019arr\u00eat du 4 septembre 2025 qui avait <em>&#8220;donn\u00e9 acte&#8221;<\/em> d\u2019une mise en cause volontaire. La port\u00e9e de l\u2019arr\u00eat est imp\u00e9rative : en application de l\u2019article 332 du code de proc\u00e9dure civile, la Cour impartit un d\u00e9lai de quatre mois aux parties pour effectuer cette mise en cause, \u00e0 d\u00e9faut de quoi <em>&#8220;l&#8217;irrecevabilit\u00e9 du pourvoi sera prononc\u00e9e&#8221;<\/em> (dispositif).<\/p>\n<\/div>\n<style scoped>.fondements-juridiques{margin:40px 0 0;padding:0}.fondements-juridiques>h2{font-size:22px;color:#1a1a1a;border-bottom:2px solid #2c5f8a;padding-bottom:10px;margin-bottom:20px}.fj-article{background:#fdfdfd;border:1px solid #e8e8e8;border-radius:6px;padding:20px;margin-bottom:16px}.fj-article h3{font-size:17px;color:#2c5f8a;margin:0 0 12px;font-weight:600}.fj-texte{font-size:15px;line-height:1.7;color:#333}.fj-texte p{margin:8px 0}.fj-badge{font-size:11px;padding:2px 8px;border-radius:3px;margin-left:8px;font-weight:500;vertical-align:middle}.fj-en-vigueur{background:#e8f5e9;color:#2e7d32}.fj-abroge{background:#ffebee;color:#c62828}.fj-modifie{background:#fff3e0;color:#e65100}<\/style>\n<section class=\"fondements-juridiques\">\n<h2 id=\"fondements-juridiques\">Fondements juridiques<\/h2>\n<div class=\"fj-article\">\n<h3><a href=\"https:\/\/www.legifrance.gouv.fr\/codes\/article_lc\/LEGIARTI000051928786\" rel=\"nofollow\" target=\"_blank\">Article 369 du Code de proc\u00e9dure civile<\/a> <span class=\"fj-badge fj-en-vigueur\">En vigueur<\/span><\/h3>\n<div class=\"fj-texte\">\n<p>L&#8217;instance est interrompue par :<\/p>\n<p>&#8211; la majorit\u00e9 d&#8217;une partie ;<\/p>\n<p>&#8211; la cessation de fonctions de l&#8217;avocat lorsque la repr\u00e9sentation est obligatoire ;<\/p>\n<p>&#8211; l&#8217;effet du jugement qui prononce la sauvegarde, le redressement judiciaire ou la liquidation judiciaire dans les causes o\u00f9 il emporte assistance ou dessaisissement du d\u00e9biteur.<\/p>\n<\/div>\n<\/div>\n<div class=\"fj-article\">\n<h3><a href=\"https:\/\/www.legifrance.gouv.fr\/codes\/article_lc\/LEGIARTI000006410489\" rel=\"nofollow\" target=\"_blank\">Article 332 du Code de proc\u00e9dure civile<\/a> <span class=\"fj-badge fj-en-vigueur\">En vigueur<\/span><\/h3>\n<div class=\"fj-texte\">\n<p>   Le juge peut inviter les parties \u00e0 mettre en cause tous les int\u00e9ress\u00e9s dont la pr\u00e9sence lui para\u00eet n\u00e9cessaire \u00e0 la solution du litige.<\/p>\n<\/p>\n<p>   En mati\u00e8re gracieuse, il peut ordonner la mise en cause des personnes dont les droits ou les charges risquent d&#8217;\u00eatre affect\u00e9s par la d\u00e9cision \u00e0 prendre.<\/p>\n<\/div>\n<\/div>\n<\/section>\n","protected":false},"excerpt":{"rendered":"<p>La troisi\u00e8me chambre civile de la Cour de cassation a rendu un arr\u00eat de proc\u00e9dure le 27 novembre 2025. Une personne physique, d\u00e9bitrice d\u2019un pourvoi en&#8230;<\/p>\n","protected":false},"author":232070755,"featured_media":4896,"comment_status":"open","ping_status":"open","sticky":false,"template":"","format":"standard","meta":{"_crdt_document":"","_jetpack_newsletter_access":"","_jetpack_dont_email_post_to_subs":false,"_jetpack_newsletter_tier_id":0,"_jetpack_memberships_contains_paywalled_content":false,"_kj_source_type":"","_kj_official_id":"","_kj_official_url":"","_kj_judilibre_id":"","_kj_jur":"","_kj_lieu":"","_kj_chambre":"","_kj_rg":"","_kj_date":"","_jetpack_memberships_contains_paid_content":false,"footnotes":"","jetpack_post_was_ever_published":false},"categories":[6437,6454],"tags":[],"class_list":["post-704068","post","type-post","status-publish","format-standard","has-post-thumbnail","hentry","category-cour-de-cassation","category-decisions-juridiques"],"yoast_head":"<!-- This site is optimized with the Yoast SEO Premium plugin v27.4 (Yoast SEO v27.4) - https:\/\/yoast.com\/product\/yoast-seo-premium-wordpress\/ -->\n<title>Cour de cassation, le 27 novembre 2025, n\u00b023-12.676 - Ma\u00eetre Hassan Kohen, avocat en droit p\u00e9nal \u00e0 Paris<\/title>\n<meta name=\"description\" content=\"La troisi\u00e8me chambre civile de la Cour de cassation a rendu un arr\u00eat de proc\u00e9dure le 27 novembre 2025. Une personne physique, d\u00e9bitrice d\u2019un pourvoi en...\" \/>\n<meta name=\"robots\" content=\"index, follow, max-snippet:-1, max-image-preview:large, max-video-preview:-1\" \/>\n<link rel=\"canonical\" href=\"https:\/\/kohenavocats.com\/zh-hans\/cour-de-cassation-le-27-novembre-2025-n23-12-676\/\" \/>\n<meta property=\"og:locale\" content=\"zh_CN\" \/>\n<meta property=\"og:type\" content=\"article\" \/>\n<meta property=\"og:title\" content=\"Cour de cassation, le 27 novembre 2025, n\u00b023-12.676\" \/>\n<meta property=\"og:description\" content=\"La troisi\u00e8me chambre civile de la Cour de cassation a rendu un arr\u00eat de proc\u00e9dure le 27 novembre 2025. Une personne physique, d\u00e9bitrice d\u2019un pourvoi en...\" \/>\n<meta property=\"og:url\" content=\"https:\/\/kohenavocats.com\/zh-hans\/cour-de-cassation-le-27-novembre-2025-n23-12-676\/\" \/>\n<meta property=\"og:site_name\" content=\"Ma\u00eetre Hassan Kohen, avocat en droit p\u00e9nal \u00e0 Paris\" \/>\n<meta property=\"article:published_time\" content=\"2026-04-27T12:37:09+00:00\" \/>\n<meta property=\"og:image\" content=\"https:\/\/kohenavocats.com\/wp-content\/uploads\/2024\/08\/stephanie-leblanc-B0sAjqnp1Q8-unsplash.webp\" \/>\n\t<meta property=\"og:image:width\" content=\"5832\" \/>\n\t<meta property=\"og:image:height\" content=\"3888\" \/>\n\t<meta property=\"og:image:type\" content=\"image\/webp\" \/>\n<meta name=\"author\" content=\"Kohen\" \/>\n<meta name=\"twitter:card\" content=\"summary_large_image\" \/>\n<meta name=\"twitter:label1\" content=\"\u4f5c\u8005\" \/>\n\t<meta name=\"twitter:data1\" content=\"Kohen\" \/>\n\t<meta name=\"twitter:label2\" content=\"\u9884\u8ba1\u9605\u8bfb\u65f6\u95f4\" \/>\n\t<meta name=\"twitter:data2\" content=\"3 \u5206\" \/>\n<script type=\"application\/ld+json\" class=\"yoast-schema-graph\">{\"@context\":\"https:\\\/\\\/schema.org\",\"@graph\":[{\"@type\":\"Article\",\"@id\":\"https:\\\/\\\/kohenavocats.com\\\/zh-hans\\\/cour-de-cassation-le-27-novembre-2025-n23-12-676\\\/#article\",\"isPartOf\":{\"@id\":\"https:\\\/\\\/kohenavocats.com\\\/zh-hans\\\/cour-de-cassation-le-27-novembre-2025-n23-12-676\\\/\"},\"author\":{\"name\":\"Kohen\",\"@id\":\"https:\\\/\\\/kohenavocats.com\\\/zh-hans\\\/#\\\/schema\\\/person\\\/761c9ba54fa1ca84d405cef0831ff751\"},\"headline\":\"Cour de cassation, le 27 novembre 2025, n\u00b023-12.676\",\"datePublished\":\"2026-04-27T12:37:09+00:00\",\"mainEntityOfPage\":{\"@id\":\"https:\\\/\\\/kohenavocats.com\\\/zh-hans\\\/cour-de-cassation-le-27-novembre-2025-n23-12-676\\\/\"},\"wordCount\":544,\"commentCount\":0,\"publisher\":{\"@id\":\"https:\\\/\\\/kohenavocats.com\\\/zh-hans\\\/#organization\"},\"image\":{\"@id\":\"https:\\\/\\\/kohenavocats.com\\\/zh-hans\\\/cour-de-cassation-le-27-novembre-2025-n23-12-676\\\/#primaryimage\"},\"thumbnailUrl\":\"https:\\\/\\\/kohenavocats.com\\\/wp-content\\\/uploads\\\/2024\\\/08\\\/stephanie-leblanc-B0sAjqnp1Q8-unsplash.webp\",\"articleSection\":[\"Cour de cassation\",\"D\u00e9cisions juridiques\"],\"inLanguage\":\"zh-Hans\",\"potentialAction\":[{\"@type\":\"CommentAction\",\"name\":\"Comment\",\"target\":[\"https:\\\/\\\/kohenavocats.com\\\/zh-hans\\\/cour-de-cassation-le-27-novembre-2025-n23-12-676\\\/#respond\"]}],\"citation\":\"Cour de cassation, le 27 novembre 2025, n\u00b023-12.676\",\"about\":[{\"@type\":\"Thing\",\"name\":\"Cour de cassation\"},{\"@type\":\"Thing\",\"name\":\"D\u00e9cisions juridiques\"}],\"dateModified\":\"2026-04-27T12:37:09+00:00\",\"speakable\":{\"@type\":\"SpeakableSpecification\",\"cssSelector\":[\".article-content > p:first-of-type\"]}},{\"@type\":\"WebPage\",\"@id\":\"https:\\\/\\\/kohenavocats.com\\\/zh-hans\\\/cour-de-cassation-le-27-novembre-2025-n23-12-676\\\/\",\"url\":\"https:\\\/\\\/kohenavocats.com\\\/zh-hans\\\/cour-de-cassation-le-27-novembre-2025-n23-12-676\\\/\",\"name\":\"Cour de cassation, le 27 novembre 2025, n\u00b023-12.676 - Ma\u00eetre Hassan Kohen, avocat en droit p\u00e9nal \u00e0 Paris\",\"isPartOf\":{\"@id\":\"https:\\\/\\\/kohenavocats.com\\\/zh-hans\\\/#website\"},\"primaryImageOfPage\":{\"@id\":\"https:\\\/\\\/kohenavocats.com\\\/zh-hans\\\/cour-de-cassation-le-27-novembre-2025-n23-12-676\\\/#primaryimage\"},\"image\":{\"@id\":\"https:\\\/\\\/kohenavocats.com\\\/zh-hans\\\/cour-de-cassation-le-27-novembre-2025-n23-12-676\\\/#primaryimage\"},\"thumbnailUrl\":\"https:\\\/\\\/kohenavocats.com\\\/wp-content\\\/uploads\\\/2024\\\/08\\\/stephanie-leblanc-B0sAjqnp1Q8-unsplash.webp\",\"datePublished\":\"2026-04-27T12:37:09+00:00\",\"description\":\"La troisi\u00e8me chambre civile de la Cour de cassation a rendu un arr\u00eat de proc\u00e9dure le 27 novembre 2025. Une personne physique, d\u00e9bitrice d\u2019un pourvoi en...\",\"breadcrumb\":{\"@id\":\"https:\\\/\\\/kohenavocats.com\\\/zh-hans\\\/cour-de-cassation-le-27-novembre-2025-n23-12-676\\\/#breadcrumb\"},\"inLanguage\":\"zh-Hans\",\"potentialAction\":[{\"@type\":\"ReadAction\",\"target\":[\"https:\\\/\\\/kohenavocats.com\\\/zh-hans\\\/cour-de-cassation-le-27-novembre-2025-n23-12-676\\\/\"]}]},{\"@type\":\"ImageObject\",\"inLanguage\":\"zh-Hans\",\"@id\":\"https:\\\/\\\/kohenavocats.com\\\/zh-hans\\\/cour-de-cassation-le-27-novembre-2025-n23-12-676\\\/#primaryimage\",\"url\":\"https:\\\/\\\/kohenavocats.com\\\/wp-content\\\/uploads\\\/2024\\\/08\\\/stephanie-leblanc-B0sAjqnp1Q8-unsplash.webp\",\"contentUrl\":\"https:\\\/\\\/kohenavocats.com\\\/wp-content\\\/uploads\\\/2024\\\/08\\\/stephanie-leblanc-B0sAjqnp1Q8-unsplash.webp\",\"width\":5832,\"height\":3888},{\"@type\":\"BreadcrumbList\",\"@id\":\"https:\\\/\\\/kohenavocats.com\\\/zh-hans\\\/cour-de-cassation-le-27-novembre-2025-n23-12-676\\\/#breadcrumb\",\"itemListElement\":[{\"@type\":\"ListItem\",\"position\":1,\"name\":\"Home\",\"item\":\"https:\\\/\\\/kohenavocats.com\\\/zh-hans\\\/\"},{\"@type\":\"ListItem\",\"position\":2,\"name\":\"Cour de cassation, le 27 novembre 2025, n\u00b023-12.676\"}]},{\"@type\":\"WebSite\",\"@id\":\"https:\\\/\\\/kohenavocats.com\\\/zh-hans\\\/#website\",\"url\":\"https:\\\/\\\/kohenavocats.com\\\/zh-hans\\\/\",\"name\":\"Kohen Avocats\",\"description\":\"Ma\u00eetre Hassan Kohen, avocat p\u00e9naliste \u00e0 Paris, intervient exclusivement en droit p\u00e9nal pour la d\u00e9fense des particuliers, notamment en mati\u00e8re d\u2019accusations de viol. Il assure un accompagnement rigoureux d\u00e8s la garde \u00e0 vue jusqu\u2019\u00e0 la Cour d\u2019assises, veillant au strict respect des garanties proc\u00e9durales.\",\"publisher\":{\"@id\":\"https:\\\/\\\/kohenavocats.com\\\/zh-hans\\\/#organization\"},\"potentialAction\":[{\"@type\":\"SearchAction\",\"target\":{\"@type\":\"EntryPoint\",\"urlTemplate\":\"https:\\\/\\\/kohenavocats.com\\\/zh-hans\\\/?s={search_term_string}\"},\"query-input\":{\"@type\":\"PropertyValueSpecification\",\"valueRequired\":true,\"valueName\":\"search_term_string\"}}],\"inLanguage\":\"zh-Hans\"},{\"@type\":\"Organization\",\"@id\":\"https:\\\/\\\/kohenavocats.com\\\/zh-hans\\\/#organization\",\"name\":\"Kohen Avocats\",\"url\":\"https:\\\/\\\/kohenavocats.com\\\/zh-hans\\\/\",\"logo\":{\"@type\":\"ImageObject\",\"inLanguage\":\"zh-Hans\",\"@id\":\"https:\\\/\\\/kohenavocats.com\\\/zh-hans\\\/#\\\/schema\\\/logo\\\/image\\\/\",\"url\":\"https:\\\/\\\/kohenavocats.com\\\/wp-content\\\/uploads\\\/2026\\\/01\\\/Logo-2-1.webp\",\"contentUrl\":\"https:\\\/\\\/kohenavocats.com\\\/wp-content\\\/uploads\\\/2026\\\/01\\\/Logo-2-1.webp\",\"width\":2114,\"height\":1253,\"caption\":\"Kohen Avocats\"},\"image\":{\"@id\":\"https:\\\/\\\/kohenavocats.com\\\/zh-hans\\\/#\\\/schema\\\/logo\\\/image\\\/\"}},{\"@type\":\"Person\",\"@id\":\"https:\\\/\\\/kohenavocats.com\\\/zh-hans\\\/#\\\/schema\\\/person\\\/761c9ba54fa1ca84d405cef0831ff751\",\"name\":\"Kohen\",\"image\":{\"@type\":\"ImageObject\",\"inLanguage\":\"zh-Hans\",\"@id\":\"https:\\\/\\\/secure.gravatar.com\\\/avatar\\\/1c5e76ef76bbbfdd2b4da984e2bf2fa4056fd51a27d25ce2c332047f1dfd6e00?s=96&d=identicon&r=g\",\"url\":\"https:\\\/\\\/secure.gravatar.com\\\/avatar\\\/1c5e76ef76bbbfdd2b4da984e2bf2fa4056fd51a27d25ce2c332047f1dfd6e00?s=96&d=identicon&r=g\",\"contentUrl\":\"https:\\\/\\\/secure.gravatar.com\\\/avatar\\\/1c5e76ef76bbbfdd2b4da984e2bf2fa4056fd51a27d25ce2c332047f1dfd6e00?s=96&d=identicon&r=g\",\"caption\":\"Kohen\"},\"sameAs\":[\"https:\\\/\\\/www.linkedin.com\\\/in\\\/hassan-kohen-448548192\\\/\",\"https:\\\/\\\/www.youtube.com\\\/@Kohen-Avocats\"],\"url\":\"https:\\\/\\\/kohenavocats.com\\\/zh-hans\\\/author\\\/kohenmlk\\\/\"}]}<\/script>\n<!-- \/ Yoast SEO Premium plugin. -->","yoast_head_json":{"title":"Cour de cassation, le 27 novembre 2025, n\u00b023-12.676 - Ma\u00eetre Hassan Kohen, avocat en droit p\u00e9nal \u00e0 Paris","description":"La troisi\u00e8me chambre civile de la Cour de cassation a rendu un arr\u00eat de proc\u00e9dure le 27 novembre 2025. Une personne physique, d\u00e9bitrice d\u2019un pourvoi en...","robots":{"index":"index","follow":"follow","max-snippet":"max-snippet:-1","max-image-preview":"max-image-preview:large","max-video-preview":"max-video-preview:-1"},"canonical":"https:\/\/kohenavocats.com\/zh-hans\/cour-de-cassation-le-27-novembre-2025-n23-12-676\/","og_locale":"zh_CN","og_type":"article","og_title":"Cour de cassation, le 27 novembre 2025, n\u00b023-12.676","og_description":"La troisi\u00e8me chambre civile de la Cour de cassation a rendu un arr\u00eat de proc\u00e9dure le 27 novembre 2025. Une personne physique, d\u00e9bitrice d\u2019un pourvoi en...","og_url":"https:\/\/kohenavocats.com\/zh-hans\/cour-de-cassation-le-27-novembre-2025-n23-12-676\/","og_site_name":"Ma\u00eetre Hassan Kohen, avocat en droit p\u00e9nal \u00e0 Paris","article_published_time":"2026-04-27T12:37:09+00:00","og_image":[{"width":5832,"height":3888,"url":"https:\/\/kohenavocats.com\/wp-content\/uploads\/2024\/08\/stephanie-leblanc-B0sAjqnp1Q8-unsplash.webp","type":"image\/webp"}],"author":"Kohen","twitter_card":"summary_large_image","twitter_misc":{"\u4f5c\u8005":"Kohen","\u9884\u8ba1\u9605\u8bfb\u65f6\u95f4":"3 \u5206"},"schema":{"@context":"https:\/\/schema.org","@graph":[{"@type":"Article","@id":"https:\/\/kohenavocats.com\/zh-hans\/cour-de-cassation-le-27-novembre-2025-n23-12-676\/#article","isPartOf":{"@id":"https:\/\/kohenavocats.com\/zh-hans\/cour-de-cassation-le-27-novembre-2025-n23-12-676\/"},"author":{"name":"Kohen","@id":"https:\/\/kohenavocats.com\/zh-hans\/#\/schema\/person\/761c9ba54fa1ca84d405cef0831ff751"},"headline":"Cour de cassation, le 27 novembre 2025, n\u00b023-12.676","datePublished":"2026-04-27T12:37:09+00:00","mainEntityOfPage":{"@id":"https:\/\/kohenavocats.com\/zh-hans\/cour-de-cassation-le-27-novembre-2025-n23-12-676\/"},"wordCount":544,"commentCount":0,"publisher":{"@id":"https:\/\/kohenavocats.com\/zh-hans\/#organization"},"image":{"@id":"https:\/\/kohenavocats.com\/zh-hans\/cour-de-cassation-le-27-novembre-2025-n23-12-676\/#primaryimage"},"thumbnailUrl":"https:\/\/kohenavocats.com\/wp-content\/uploads\/2024\/08\/stephanie-leblanc-B0sAjqnp1Q8-unsplash.webp","articleSection":["Cour de cassation","D\u00e9cisions juridiques"],"inLanguage":"zh-Hans","potentialAction":[{"@type":"CommentAction","name":"Comment","target":["https:\/\/kohenavocats.com\/zh-hans\/cour-de-cassation-le-27-novembre-2025-n23-12-676\/#respond"]}],"citation":"Cour de cassation, le 27 novembre 2025, n\u00b023-12.676","about":[{"@type":"Thing","name":"Cour de cassation"},{"@type":"Thing","name":"D\u00e9cisions juridiques"}],"dateModified":"2026-04-27T12:37:09+00:00","speakable":{"@type":"SpeakableSpecification","cssSelector":[".article-content > p:first-of-type"]}},{"@type":"WebPage","@id":"https:\/\/kohenavocats.com\/zh-hans\/cour-de-cassation-le-27-novembre-2025-n23-12-676\/","url":"https:\/\/kohenavocats.com\/zh-hans\/cour-de-cassation-le-27-novembre-2025-n23-12-676\/","name":"Cour de cassation, le 27 novembre 2025, n\u00b023-12.676 - Ma\u00eetre Hassan Kohen, avocat en droit p\u00e9nal \u00e0 Paris","isPartOf":{"@id":"https:\/\/kohenavocats.com\/zh-hans\/#website"},"primaryImageOfPage":{"@id":"https:\/\/kohenavocats.com\/zh-hans\/cour-de-cassation-le-27-novembre-2025-n23-12-676\/#primaryimage"},"image":{"@id":"https:\/\/kohenavocats.com\/zh-hans\/cour-de-cassation-le-27-novembre-2025-n23-12-676\/#primaryimage"},"thumbnailUrl":"https:\/\/kohenavocats.com\/wp-content\/uploads\/2024\/08\/stephanie-leblanc-B0sAjqnp1Q8-unsplash.webp","datePublished":"2026-04-27T12:37:09+00:00","description":"La troisi\u00e8me chambre civile de la Cour de cassation a rendu un arr\u00eat de proc\u00e9dure le 27 novembre 2025. Une personne physique, d\u00e9bitrice d\u2019un pourvoi en...","breadcrumb":{"@id":"https:\/\/kohenavocats.com\/zh-hans\/cour-de-cassation-le-27-novembre-2025-n23-12-676\/#breadcrumb"},"inLanguage":"zh-Hans","potentialAction":[{"@type":"ReadAction","target":["https:\/\/kohenavocats.com\/zh-hans\/cour-de-cassation-le-27-novembre-2025-n23-12-676\/"]}]},{"@type":"ImageObject","inLanguage":"zh-Hans","@id":"https:\/\/kohenavocats.com\/zh-hans\/cour-de-cassation-le-27-novembre-2025-n23-12-676\/#primaryimage","url":"https:\/\/kohenavocats.com\/wp-content\/uploads\/2024\/08\/stephanie-leblanc-B0sAjqnp1Q8-unsplash.webp","contentUrl":"https:\/\/kohenavocats.com\/wp-content\/uploads\/2024\/08\/stephanie-leblanc-B0sAjqnp1Q8-unsplash.webp","width":5832,"height":3888},{"@type":"BreadcrumbList","@id":"https:\/\/kohenavocats.com\/zh-hans\/cour-de-cassation-le-27-novembre-2025-n23-12-676\/#breadcrumb","itemListElement":[{"@type":"ListItem","position":1,"name":"Home","item":"https:\/\/kohenavocats.com\/zh-hans\/"},{"@type":"ListItem","position":2,"name":"Cour de cassation, le 27 novembre 2025, n\u00b023-12.676"}]},{"@type":"WebSite","@id":"https:\/\/kohenavocats.com\/zh-hans\/#website","url":"https:\/\/kohenavocats.com\/zh-hans\/","name":"Kohen Avocats","description":"Ma\u00eetre Hassan Kohen, avocat p\u00e9naliste \u00e0 Paris, intervient exclusivement en droit p\u00e9nal pour la d\u00e9fense des particuliers, notamment en mati\u00e8re d\u2019accusations de viol. Il assure un accompagnement rigoureux d\u00e8s la garde \u00e0 vue jusqu\u2019\u00e0 la Cour d\u2019assises, veillant au strict respect des garanties proc\u00e9durales.","publisher":{"@id":"https:\/\/kohenavocats.com\/zh-hans\/#organization"},"potentialAction":[{"@type":"SearchAction","target":{"@type":"EntryPoint","urlTemplate":"https:\/\/kohenavocats.com\/zh-hans\/?s={search_term_string}"},"query-input":{"@type":"PropertyValueSpecification","valueRequired":true,"valueName":"search_term_string"}}],"inLanguage":"zh-Hans"},{"@type":"Organization","@id":"https:\/\/kohenavocats.com\/zh-hans\/#organization","name":"Kohen Avocats","url":"https:\/\/kohenavocats.com\/zh-hans\/","logo":{"@type":"ImageObject","inLanguage":"zh-Hans","@id":"https:\/\/kohenavocats.com\/zh-hans\/#\/schema\/logo\/image\/","url":"https:\/\/kohenavocats.com\/wp-content\/uploads\/2026\/01\/Logo-2-1.webp","contentUrl":"https:\/\/kohenavocats.com\/wp-content\/uploads\/2026\/01\/Logo-2-1.webp","width":2114,"height":1253,"caption":"Kohen Avocats"},"image":{"@id":"https:\/\/kohenavocats.com\/zh-hans\/#\/schema\/logo\/image\/"}},{"@type":"Person","@id":"https:\/\/kohenavocats.com\/zh-hans\/#\/schema\/person\/761c9ba54fa1ca84d405cef0831ff751","name":"Kohen","image":{"@type":"ImageObject","inLanguage":"zh-Hans","@id":"https:\/\/secure.gravatar.com\/avatar\/1c5e76ef76bbbfdd2b4da984e2bf2fa4056fd51a27d25ce2c332047f1dfd6e00?s=96&d=identicon&r=g","url":"https:\/\/secure.gravatar.com\/avatar\/1c5e76ef76bbbfdd2b4da984e2bf2fa4056fd51a27d25ce2c332047f1dfd6e00?s=96&d=identicon&r=g","contentUrl":"https:\/\/secure.gravatar.com\/avatar\/1c5e76ef76bbbfdd2b4da984e2bf2fa4056fd51a27d25ce2c332047f1dfd6e00?s=96&d=identicon&r=g","caption":"Kohen"},"sameAs":["https:\/\/www.linkedin.com\/in\/hassan-kohen-448548192\/","https:\/\/www.youtube.com\/@Kohen-Avocats"],"url":"https:\/\/kohenavocats.com\/zh-hans\/author\/kohenmlk\/"}]}},"jetpack_featured_media_url":"https:\/\/kohenavocats.com\/wp-content\/uploads\/2024\/08\/stephanie-leblanc-B0sAjqnp1Q8-unsplash.webp","jetpack_likes_enabled":false,"jetpack_shortlink":"https:\/\/wp.me\/peCrII-2X9W","jetpack-related-posts":[{"id":707901,"url":"https:\/\/kohenavocats.com\/zh-hans\/cour-dappel-de-aix-en-provence-le-11-decembre-2025-n25-02240\/","url_meta":{"origin":704068,"position":0},"title":"Cour d&#8217;appel de Aix-en-Provence, le 11 d\u00e9cembre 2025, n\u00b025\/02240","author":"Kohen","date":"2026\u5e744\u670827\u65e5","format":false,"excerpt":"La cour d'appel d'Aix-en-Provence, dans un arr\u00eat d\u2026","rel":"","context":"\u5728\u201cCour d'appel\u201d\u4e2d","block_context":{"text":"Cour d'appel","link":"https:\/\/kohenavocats.com\/category\/cour-dappel\/"},"img":{"alt_text":"","src":"https:\/\/i0.wp.com\/kohenavocats.com\/wp-content\/uploads\/2024\/08\/nathan-cima-y5aFdoCjB5U-unsplash.webp?resize=350%2C200&ssl=1","width":350,"height":200,"srcset":"https:\/\/i0.wp.com\/kohenavocats.com\/wp-content\/uploads\/2024\/08\/nathan-cima-y5aFdoCjB5U-unsplash.webp?resize=350%2C200&ssl=1 1x, https:\/\/i0.wp.com\/kohenavocats.com\/wp-content\/uploads\/2024\/08\/nathan-cima-y5aFdoCjB5U-unsplash.webp?resize=525%2C300&ssl=1 1.5x, https:\/\/i0.wp.com\/kohenavocats.com\/wp-content\/uploads\/2024\/08\/nathan-cima-y5aFdoCjB5U-unsplash.webp?resize=700%2C400&ssl=1 2x, https:\/\/i0.wp.com\/kohenavocats.com\/wp-content\/uploads\/2024\/08\/nathan-cima-y5aFdoCjB5U-unsplash.webp?resize=1050%2C600&ssl=1 3x, https:\/\/i0.wp.com\/kohenavocats.com\/wp-content\/uploads\/2024\/08\/nathan-cima-y5aFdoCjB5U-unsplash.webp?resize=1400%2C800&ssl=1 4x"},"classes":[]},{"id":716448,"url":"https:\/\/kohenavocats.com\/zh-hans\/cour-dappel-de-aix-en-provence-le-16-janvier-2026-n24-02184\/","url_meta":{"origin":704068,"position":1},"title":"Cour d&#8217;appel de Aix-en-Provence, le 16 janvier 2026, n\u00b024\/02184","author":"Kohen","date":"2026\u5e744\u670828\u65e5","format":false,"excerpt":"La cour d\u2019appel d\u2019Aix-en-Provence, dans son arr\u00eat \u2026","rel":"","context":"\u5728\u201cCour d'appel\u201d\u4e2d","block_context":{"text":"Cour d'appel","link":"https:\/\/kohenavocats.com\/category\/cour-dappel\/"},"img":{"alt_text":"","src":"https:\/\/i0.wp.com\/kohenavocats.com\/wp-content\/uploads\/2024\/07\/pierre-bamin-tY7hL5Bu7Ic-unsplash.webp?resize=350%2C200&ssl=1","width":350,"height":200,"srcset":"https:\/\/i0.wp.com\/kohenavocats.com\/wp-content\/uploads\/2024\/07\/pierre-bamin-tY7hL5Bu7Ic-unsplash.webp?resize=350%2C200&ssl=1 1x, https:\/\/i0.wp.com\/kohenavocats.com\/wp-content\/uploads\/2024\/07\/pierre-bamin-tY7hL5Bu7Ic-unsplash.webp?resize=525%2C300&ssl=1 1.5x, https:\/\/i0.wp.com\/kohenavocats.com\/wp-content\/uploads\/2024\/07\/pierre-bamin-tY7hL5Bu7Ic-unsplash.webp?resize=700%2C400&ssl=1 2x, https:\/\/i0.wp.com\/kohenavocats.com\/wp-content\/uploads\/2024\/07\/pierre-bamin-tY7hL5Bu7Ic-unsplash.webp?resize=1050%2C600&ssl=1 3x, https:\/\/i0.wp.com\/kohenavocats.com\/wp-content\/uploads\/2024\/07\/pierre-bamin-tY7hL5Bu7Ic-unsplash.webp?resize=1400%2C800&ssl=1 4x"},"classes":[]},{"id":716505,"url":"https:\/\/kohenavocats.com\/zh-hans\/cour-dappel-de-aix-en-provence-le-16-janvier-2026-n25-01160\/","url_meta":{"origin":704068,"position":2},"title":"Cour d&#8217;appel de Aix-en-Provence, le 16 janvier 2026, n\u00b025\/01160","author":"Kohen","date":"2026\u5e744\u670828\u65e5","format":false,"excerpt":"La cour d\u2019appel d\u2019Aix-en-Provence, dans un arr\u00eat d\u2026","rel":"","context":"\u5728\u201cCour d'appel\u201d\u4e2d","block_context":{"text":"Cour d'appel","link":"https:\/\/kohenavocats.com\/category\/cour-dappel\/"},"img":{"alt_text":"","src":"https:\/\/i0.wp.com\/kohenavocats.com\/wp-content\/uploads\/2024\/08\/valentin-kremer-zqipptjLLJc-unsplash.webp?resize=350%2C200&ssl=1","width":350,"height":200,"srcset":"https:\/\/i0.wp.com\/kohenavocats.com\/wp-content\/uploads\/2024\/08\/valentin-kremer-zqipptjLLJc-unsplash.webp?resize=350%2C200&ssl=1 1x, https:\/\/i0.wp.com\/kohenavocats.com\/wp-content\/uploads\/2024\/08\/valentin-kremer-zqipptjLLJc-unsplash.webp?resize=525%2C300&ssl=1 1.5x, https:\/\/i0.wp.com\/kohenavocats.com\/wp-content\/uploads\/2024\/08\/valentin-kremer-zqipptjLLJc-unsplash.webp?resize=700%2C400&ssl=1 2x, https:\/\/i0.wp.com\/kohenavocats.com\/wp-content\/uploads\/2024\/08\/valentin-kremer-zqipptjLLJc-unsplash.webp?resize=1050%2C600&ssl=1 3x, https:\/\/i0.wp.com\/kohenavocats.com\/wp-content\/uploads\/2024\/08\/valentin-kremer-zqipptjLLJc-unsplash.webp?resize=1400%2C800&ssl=1 4x"},"classes":[]},{"id":716113,"url":"https:\/\/kohenavocats.com\/zh-hans\/cour-dappel-de-versailles-le-15-janvier-2026-n24-05367\/","url_meta":{"origin":704068,"position":3},"title":"Cour d&#8217;appel de Versailles, le 15 janvier 2026, n\u00b024\/05367","author":"Kohen","date":"2026\u5e744\u670828\u65e5","format":false,"excerpt":"La cour d\u2019appel de Versailles a rendu un arr\u00eat par\u2026","rel":"","context":"\u5728\u201cCour d'appel\u201d\u4e2d","block_context":{"text":"Cour d'appel","link":"https:\/\/kohenavocats.com\/category\/cour-dappel\/"},"img":{"alt_text":"","src":"https:\/\/i0.wp.com\/kohenavocats.com\/wp-content\/uploads\/2024\/08\/nelson-ricardo-7L4Yr-xfHE0-unsplash.webp?resize=350%2C200&ssl=1","width":350,"height":200,"srcset":"https:\/\/i0.wp.com\/kohenavocats.com\/wp-content\/uploads\/2024\/08\/nelson-ricardo-7L4Yr-xfHE0-unsplash.webp?resize=350%2C200&ssl=1 1x, https:\/\/i0.wp.com\/kohenavocats.com\/wp-content\/uploads\/2024\/08\/nelson-ricardo-7L4Yr-xfHE0-unsplash.webp?resize=525%2C300&ssl=1 1.5x, https:\/\/i0.wp.com\/kohenavocats.com\/wp-content\/uploads\/2024\/08\/nelson-ricardo-7L4Yr-xfHE0-unsplash.webp?resize=700%2C400&ssl=1 2x, https:\/\/i0.wp.com\/kohenavocats.com\/wp-content\/uploads\/2024\/08\/nelson-ricardo-7L4Yr-xfHE0-unsplash.webp?resize=1050%2C600&ssl=1 3x, https:\/\/i0.wp.com\/kohenavocats.com\/wp-content\/uploads\/2024\/08\/nelson-ricardo-7L4Yr-xfHE0-unsplash.webp?resize=1400%2C800&ssl=1 4x"},"classes":[]},{"id":708006,"url":"https:\/\/kohenavocats.com\/zh-hans\/ce-conseil-detat-24-04-2026-n-512731\/","url_meta":{"origin":704068,"position":4},"title":"CE &#8211; Conseil d&#8217;\u00c9tat &#8211; 24\/04\/2026 &#8211; n\u00b0 512731","author":"Kohen","date":"2026\u5e744\u670827\u65e5","format":false,"excerpt":"Le Conseil d'\u00c9tat, dans une d\u00e9cision du 24 avril 2\u2026","rel":"","context":"\u5728\u201cJuridictions administratives\u201d\u4e2d","block_context":{"text":"Juridictions administratives","link":"https:\/\/kohenavocats.com\/category\/juridictions-administratives\/"},"img":{"alt_text":"","src":"https:\/\/i0.wp.com\/kohenavocats.com\/wp-content\/uploads\/2024\/11\/lala-azizli-IdY1J7h1vwQ-unsplash.webp?resize=350%2C200&ssl=1","width":350,"height":200,"srcset":"https:\/\/i0.wp.com\/kohenavocats.com\/wp-content\/uploads\/2024\/11\/lala-azizli-IdY1J7h1vwQ-unsplash.webp?resize=350%2C200&ssl=1 1x, https:\/\/i0.wp.com\/kohenavocats.com\/wp-content\/uploads\/2024\/11\/lala-azizli-IdY1J7h1vwQ-unsplash.webp?resize=525%2C300&ssl=1 1.5x, https:\/\/i0.wp.com\/kohenavocats.com\/wp-content\/uploads\/2024\/11\/lala-azizli-IdY1J7h1vwQ-unsplash.webp?resize=700%2C400&ssl=1 2x, https:\/\/i0.wp.com\/kohenavocats.com\/wp-content\/uploads\/2024\/11\/lala-azizli-IdY1J7h1vwQ-unsplash.webp?resize=1050%2C600&ssl=1 3x, https:\/\/i0.wp.com\/kohenavocats.com\/wp-content\/uploads\/2024\/11\/lala-azizli-IdY1J7h1vwQ-unsplash.webp?resize=1400%2C800&ssl=1 4x"},"classes":[]},{"id":708374,"url":"https:\/\/kohenavocats.com\/zh-hans\/tribunal-judiciaire-de-nantes-le-12-decembre-2025-n24-00040\/","url_meta":{"origin":704068,"position":5},"title":"Tribunal judiciaire de Nantes, le 12 d\u00e9cembre 2025, n\u00b024\/00040","author":"Kohen","date":"2026\u5e744\u670827\u65e5","format":false,"excerpt":"Le jugement rendu le 12 d\u00e9cembre 2025 par le juge \u2026","rel":"","context":"\u5728\u201cD\u00e9cisions juridiques\u201d\u4e2d","block_context":{"text":"D\u00e9cisions juridiques","link":"https:\/\/kohenavocats.com\/category\/decisions-juridiques\/"},"img":{"alt_text":"","src":"https:\/\/i0.wp.com\/kohenavocats.com\/wp-content\/uploads\/2024\/11\/getty-images-btf-2n_Kcgw-unsplash.webp?resize=350%2C200&ssl=1","width":350,"height":200,"srcset":"https:\/\/i0.wp.com\/kohenavocats.com\/wp-content\/uploads\/2024\/11\/getty-images-btf-2n_Kcgw-unsplash.webp?resize=350%2C200&ssl=1 1x, https:\/\/i0.wp.com\/kohenavocats.com\/wp-content\/uploads\/2024\/11\/getty-images-btf-2n_Kcgw-unsplash.webp?resize=525%2C300&ssl=1 1.5x, https:\/\/i0.wp.com\/kohenavocats.com\/wp-content\/uploads\/2024\/11\/getty-images-btf-2n_Kcgw-unsplash.webp?resize=700%2C400&ssl=1 2x, https:\/\/i0.wp.com\/kohenavocats.com\/wp-content\/uploads\/2024\/11\/getty-images-btf-2n_Kcgw-unsplash.webp?resize=1050%2C600&ssl=1 3x, https:\/\/i0.wp.com\/kohenavocats.com\/wp-content\/uploads\/2024\/11\/getty-images-btf-2n_Kcgw-unsplash.webp?resize=1400%2C800&ssl=1 4x"},"classes":[]}],"jetpack_sharing_enabled":true,"_links":{"self":[{"href":"https:\/\/kohenavocats.com\/zh-hans\/wp-json\/wp\/v2\/posts\/704068","targetHints":{"allow":["GET"]}}],"collection":[{"href":"https:\/\/kohenavocats.com\/zh-hans\/wp-json\/wp\/v2\/posts"}],"about":[{"href":"https:\/\/kohenavocats.com\/zh-hans\/wp-json\/wp\/v2\/types\/post"}],"author":[{"embeddable":true,"href":"https:\/\/kohenavocats.com\/zh-hans\/wp-json\/wp\/v2\/users\/232070755"}],"replies":[{"embeddable":true,"href":"https:\/\/kohenavocats.com\/zh-hans\/wp-json\/wp\/v2\/comments?post=704068"}],"version-history":[{"count":0,"href":"https:\/\/kohenavocats.com\/zh-hans\/wp-json\/wp\/v2\/posts\/704068\/revisions"}],"wp:featuredmedia":[{"embeddable":true,"href":"https:\/\/kohenavocats.com\/zh-hans\/wp-json\/wp\/v2\/media\/4896"}],"wp:attachment":[{"href":"https:\/\/kohenavocats.com\/zh-hans\/wp-json\/wp\/v2\/media?parent=704068"}],"wp:term":[{"taxonomy":"category","embeddable":true,"href":"https:\/\/kohenavocats.com\/zh-hans\/wp-json\/wp\/v2\/categories?post=704068"},{"taxonomy":"post_tag","embeddable":true,"href":"https:\/\/kohenavocats.com\/zh-hans\/wp-json\/wp\/v2\/tags?post=704068"}],"curies":[{"name":"wp","href":"https:\/\/api.w.org\/{rel}","templated":true}]}}