{"id":704715,"date":"2026-04-27T16:37:04","date_gmt":"2026-04-27T14:37:04","guid":{"rendered":"https:\/\/kohenavocats.com\/caa-de-douai-le-1-avril-2026-n24da01520\/"},"modified":"2026-04-27T16:37:04","modified_gmt":"2026-04-27T14:37:04","slug":"caa-de-douai-le-1-avril-2026-n24da01520","status":"publish","type":"post","link":"https:\/\/kohenavocats.com\/zh-hans\/caa-de-douai-le-1-avril-2026-n24da01520\/","title":{"rendered":"CAA de DOUAI, le 1 avril 2026, n\u00b024DA01520"},"content":{"rendered":"<div class='article-content'>\n<p>La cour administrative d\u2019appel de Douai, dans un arr\u00eat du 1er avril 2026, a rejet\u00e9 la requ\u00eate d\u2019un agent public contestant sa suspension pour refus de vaccination anti-Covid. L\u2019agent, employ\u00e9 par un \u00e9tablissement public de sant\u00e9 mentale, avait \u00e9t\u00e9 suspendu sans r\u00e9mun\u00e9ration apr\u00e8s le 15 septembre 2021. Il soutenait que cette d\u00e9cision \u00e9tait ill\u00e9gale pour divers motifs, notamment l\u2019incomp\u00e9tence de l\u2019auteur de l\u2019acte et l\u2019atteinte \u00e0 ses droits fondamentaux. La question centrale portait sur la conformit\u00e9 de la suspension aux textes sanitaires et aux libert\u00e9s individuelles. La cour a confirm\u00e9 la l\u00e9galit\u00e9 de la mesure et rejet\u00e9 l\u2019ensemble des moyens.<\/p>\n<p>I. La r\u00e9gularit\u00e9 proc\u00e9durale de la suspension pour d\u00e9faut de vaccination.<br \/>La cour \u00e9carte d\u2019abord les griefs relatifs \u00e0 la comp\u00e9tence et \u00e0 la motivation de la d\u00e9cision contest\u00e9e. Elle juge que la d\u00e9l\u00e9gation de signature accord\u00e9e \u00e0 la directrice des ressources humaines \u00e9tait valable, car elle portait sur tous les actes administratifs, sans \u00eatre limit\u00e9e par la date des textes fondant la mesure. La d\u00e9cision est \u00e9galement suffisamment motiv\u00e9e, car elle mentionne les textes applicables et le constat du non-respect de l\u2019obligation vaccinale.<\/p>\n<p>La cour valide ensuite le respect de l\u2019obligation d\u2019information pr\u00e9alable par l\u2019employeur. Elle rel\u00e8ve que l\u2019agent a \u00e9t\u00e9 re\u00e7u en entretien et inform\u00e9 des cons\u00e9quences de son refus, ainsi que de la possibilit\u00e9 de poser des cong\u00e9s, conform\u00e9ment au III de l\u2019article 14 de la loi du 5 ao\u00fbt 2021. <em>&#8220;L&#8217;EPSM Lille-M\u00e9tropole a satisfait \u00e0 l&#8217;obligation d&#8217;information pr\u00e9vue au III de l&#8217;article 14 de la loi du 5 ao\u00fbt 2021&#8221;<\/em> (point 6). La proc\u00e9dure est donc r\u00e9guli\u00e8re sur ce point.<\/p>\n<p>Enfin, la cour qualifie la suspension comme une simple mesure de constat, et non comme une sanction. Elle pr\u00e9cise que l\u2019autorit\u00e9 administrative <em>&#8220;se borne \u00e0 constater que l&#8217;agent ne remplit plus les conditions l\u00e9gales pour exercer son activit\u00e9&#8221;<\/em> (point 7). Cette mesure ne n\u00e9cessitant pas de proc\u00e9dure contradictoire, le moyen tir\u00e9 de l\u2019absence de droits de la d\u00e9fense est \u00e9cart\u00e9 comme inop\u00e9rant.<\/p>\n<p>II. La proportionnalit\u00e9 de l\u2019obligation vaccinale au regard des droits fondamentaux.<br \/>La cour examine la compatibilit\u00e9 de l\u2019obligation vaccinale avec la convention d\u2019Oviedo. Elle reconna\u00eet que la vaccination obligatoire constitue une restriction au droit au consentement \u00e9clair\u00e9, mais admet cette restriction si elle est justifi\u00e9e par la sant\u00e9 publique et proportionn\u00e9e. Elle estime que le large consensus scientifique sur l\u2019efficacit\u00e9 du vaccin et la raret\u00e9 des effets ind\u00e9sirables graves justifient cette mesure. <em>&#8220;Aucun des \u00e9l\u00e9ments qu&#8217;il apporte n&#8217;est de nature \u00e0 remettre en cause le large consensus scientifique&#8221;<\/em> (point 12).<\/p>\n<p>La cour \u00e9carte \u00e9galement l\u2019atteinte au droit au travail et \u00e0 l\u2019int\u00e9grit\u00e9 physique. Elle juge que l\u2019obligation vaccinale poursuit un objectif de sant\u00e9 publique, \u00e0 savoir prot\u00e9ger les patients et garantir le fonctionnement des services hospitaliers. La suspension, qui est une cons\u00e9quence pr\u00e9vue par la loi, ne porte pas une atteinte disproportionn\u00e9e \u00e0 ces droits. La d\u00e9cision de la cour se fonde sur une appr\u00e9ciation stricte des faits et du droit.<\/p>\n<p>La port\u00e9e de cet arr\u00eat est de confirmer la l\u00e9galit\u00e9 des mesures de suspension prises en application de la loi du 5 ao\u00fbt 2021. Il marque une interpr\u00e9tation extensive de la notion de mesure de constat, excluant les garanties proc\u00e9durales li\u00e9es aux sanctions. Il valide \u00e9galement le contr\u00f4le de proportionnalit\u00e9 de l\u2019obligation vaccinale, en s\u2019appuyant sur l\u2019\u00e9tat des connaissances scientifiques et les objectifs de sant\u00e9 publique.<\/p>\n<\/div>\n","protected":false},"excerpt":{"rendered":"<p>La cour administrative d\u2019appel de Douai, dans un arr\u00eat du 1er avril 2026, a rejet\u00e9 la requ\u00eate d\u2019un agent public contestant sa suspension pour refus de&#8230;<\/p>\n","protected":false},"author":232070755,"featured_media":4668,"comment_status":"open","ping_status":"open","sticky":false,"template":"","format":"standard","meta":{"_crdt_document":"","_jetpack_newsletter_access":"","_jetpack_dont_email_post_to_subs":false,"_jetpack_newsletter_tier_id":0,"_jetpack_memberships_contains_paywalled_content":false,"_kj_source_type":"","_kj_official_id":"","_kj_official_url":"","_kj_judilibre_id":"","_kj_jur":"","_kj_lieu":"","_kj_chambre":"","_kj_rg":"","_kj_date":"","_jetpack_memberships_contains_paid_content":false,"footnotes":"","jetpack_post_was_ever_published":false},"categories":[40784,6454],"tags":[],"class_list":["post-704715","post","type-post","status-publish","format-standard","has-post-thumbnail","hentry","category-caa-de-douai","category-decisions-juridiques"],"yoast_head":"<!-- This site is optimized with the Yoast SEO Premium plugin v27.4 (Yoast SEO v27.4) - https:\/\/yoast.com\/product\/yoast-seo-premium-wordpress\/ -->\n<title>CAA de DOUAI, le 1 avril 2026, n\u00b024DA01520 - Ma\u00eetre Hassan Kohen, avocat en droit p\u00e9nal \u00e0 Paris<\/title>\n<meta name=\"description\" content=\"La cour administrative d\u2019appel de Douai, dans un arr\u00eat du 1er avril 2026, a rejet\u00e9 la requ\u00eate d\u2019un agent public contestant sa suspension pour refus de...\" \/>\n<meta name=\"robots\" content=\"index, follow, max-snippet:-1, max-image-preview:large, max-video-preview:-1\" \/>\n<link rel=\"canonical\" href=\"https:\/\/kohenavocats.com\/zh-hans\/caa-de-douai-le-1-avril-2026-n24da01520\/\" \/>\n<meta property=\"og:locale\" content=\"zh_CN\" \/>\n<meta property=\"og:type\" content=\"article\" \/>\n<meta property=\"og:title\" content=\"CAA de DOUAI, le 1 avril 2026, n\u00b024DA01520\" \/>\n<meta property=\"og:description\" content=\"La cour administrative d\u2019appel de Douai, dans un arr\u00eat du 1er avril 2026, a rejet\u00e9 la requ\u00eate d\u2019un agent public contestant sa suspension pour refus de...\" \/>\n<meta property=\"og:url\" content=\"https:\/\/kohenavocats.com\/zh-hans\/caa-de-douai-le-1-avril-2026-n24da01520\/\" \/>\n<meta property=\"og:site_name\" content=\"Ma\u00eetre Hassan Kohen, avocat en droit p\u00e9nal \u00e0 Paris\" \/>\n<meta property=\"article:published_time\" content=\"2026-04-27T14:37:04+00:00\" \/>\n<meta property=\"og:image\" content=\"https:\/\/kohenavocats.com\/wp-content\/uploads\/2024\/08\/valeria-m-zgvMPH83znI-unsplash.webp\" \/>\n\t<meta property=\"og:image:width\" content=\"2797\" \/>\n\t<meta property=\"og:image:height\" content=\"1854\" \/>\n\t<meta property=\"og:image:type\" content=\"image\/webp\" \/>\n<meta name=\"author\" content=\"Kohen\" \/>\n<meta name=\"twitter:card\" content=\"summary_large_image\" \/>\n<meta name=\"twitter:label1\" content=\"\u4f5c\u8005\" \/>\n\t<meta name=\"twitter:data1\" content=\"Kohen\" \/>\n\t<meta name=\"twitter:label2\" content=\"\u9884\u8ba1\u9605\u8bfb\u65f6\u95f4\" \/>\n\t<meta name=\"twitter:data2\" content=\"3 \u5206\" \/>\n<script type=\"application\/ld+json\" class=\"yoast-schema-graph\">{\"@context\":\"https:\\\/\\\/schema.org\",\"@graph\":[{\"@type\":\"Article\",\"@id\":\"https:\\\/\\\/kohenavocats.com\\\/zh-hans\\\/caa-de-douai-le-1-avril-2026-n24da01520\\\/#article\",\"isPartOf\":{\"@id\":\"https:\\\/\\\/kohenavocats.com\\\/zh-hans\\\/caa-de-douai-le-1-avril-2026-n24da01520\\\/\"},\"author\":{\"name\":\"Kohen\",\"@id\":\"https:\\\/\\\/kohenavocats.com\\\/zh-hans\\\/#\\\/schema\\\/person\\\/761c9ba54fa1ca84d405cef0831ff751\"},\"headline\":\"CAA de DOUAI, le 1 avril 2026, n\u00b024DA01520\",\"datePublished\":\"2026-04-27T14:37:04+00:00\",\"mainEntityOfPage\":{\"@id\":\"https:\\\/\\\/kohenavocats.com\\\/zh-hans\\\/caa-de-douai-le-1-avril-2026-n24da01520\\\/\"},\"wordCount\":631,\"commentCount\":0,\"publisher\":{\"@id\":\"https:\\\/\\\/kohenavocats.com\\\/zh-hans\\\/#organization\"},\"image\":{\"@id\":\"https:\\\/\\\/kohenavocats.com\\\/zh-hans\\\/caa-de-douai-le-1-avril-2026-n24da01520\\\/#primaryimage\"},\"thumbnailUrl\":\"https:\\\/\\\/kohenavocats.com\\\/wp-content\\\/uploads\\\/2024\\\/08\\\/valeria-m-zgvMPH83znI-unsplash.webp\",\"articleSection\":[\"CAA de DOUAI\",\"D\u00e9cisions juridiques\"],\"inLanguage\":\"zh-Hans\",\"potentialAction\":[{\"@type\":\"CommentAction\",\"name\":\"Comment\",\"target\":[\"https:\\\/\\\/kohenavocats.com\\\/zh-hans\\\/caa-de-douai-le-1-avril-2026-n24da01520\\\/#respond\"]}],\"citation\":\"CAA de DOUAI, le 1 avril 2026, n\u00b024DA01520\",\"about\":[{\"@type\":\"Thing\",\"name\":\"CAA de DOUAI\"},{\"@type\":\"Thing\",\"name\":\"D\u00e9cisions juridiques\"}],\"dateModified\":\"2026-04-27T14:37:04+00:00\",\"speakable\":{\"@type\":\"SpeakableSpecification\",\"cssSelector\":[\".article-content > p:first-of-type\"]}},{\"@type\":\"WebPage\",\"@id\":\"https:\\\/\\\/kohenavocats.com\\\/zh-hans\\\/caa-de-douai-le-1-avril-2026-n24da01520\\\/\",\"url\":\"https:\\\/\\\/kohenavocats.com\\\/zh-hans\\\/caa-de-douai-le-1-avril-2026-n24da01520\\\/\",\"name\":\"CAA de DOUAI, le 1 avril 2026, n\u00b024DA01520 - Ma\u00eetre Hassan Kohen, avocat en droit p\u00e9nal \u00e0 Paris\",\"isPartOf\":{\"@id\":\"https:\\\/\\\/kohenavocats.com\\\/zh-hans\\\/#website\"},\"primaryImageOfPage\":{\"@id\":\"https:\\\/\\\/kohenavocats.com\\\/zh-hans\\\/caa-de-douai-le-1-avril-2026-n24da01520\\\/#primaryimage\"},\"image\":{\"@id\":\"https:\\\/\\\/kohenavocats.com\\\/zh-hans\\\/caa-de-douai-le-1-avril-2026-n24da01520\\\/#primaryimage\"},\"thumbnailUrl\":\"https:\\\/\\\/kohenavocats.com\\\/wp-content\\\/uploads\\\/2024\\\/08\\\/valeria-m-zgvMPH83znI-unsplash.webp\",\"datePublished\":\"2026-04-27T14:37:04+00:00\",\"description\":\"La cour administrative d\u2019appel de Douai, dans un arr\u00eat du 1er avril 2026, a rejet\u00e9 la requ\u00eate d\u2019un agent public contestant sa suspension pour refus de...\",\"breadcrumb\":{\"@id\":\"https:\\\/\\\/kohenavocats.com\\\/zh-hans\\\/caa-de-douai-le-1-avril-2026-n24da01520\\\/#breadcrumb\"},\"inLanguage\":\"zh-Hans\",\"potentialAction\":[{\"@type\":\"ReadAction\",\"target\":[\"https:\\\/\\\/kohenavocats.com\\\/zh-hans\\\/caa-de-douai-le-1-avril-2026-n24da01520\\\/\"]}]},{\"@type\":\"ImageObject\",\"inLanguage\":\"zh-Hans\",\"@id\":\"https:\\\/\\\/kohenavocats.com\\\/zh-hans\\\/caa-de-douai-le-1-avril-2026-n24da01520\\\/#primaryimage\",\"url\":\"https:\\\/\\\/kohenavocats.com\\\/wp-content\\\/uploads\\\/2024\\\/08\\\/valeria-m-zgvMPH83znI-unsplash.webp\",\"contentUrl\":\"https:\\\/\\\/kohenavocats.com\\\/wp-content\\\/uploads\\\/2024\\\/08\\\/valeria-m-zgvMPH83znI-unsplash.webp\",\"width\":2797,\"height\":1854},{\"@type\":\"BreadcrumbList\",\"@id\":\"https:\\\/\\\/kohenavocats.com\\\/zh-hans\\\/caa-de-douai-le-1-avril-2026-n24da01520\\\/#breadcrumb\",\"itemListElement\":[{\"@type\":\"ListItem\",\"position\":1,\"name\":\"Home\",\"item\":\"https:\\\/\\\/kohenavocats.com\\\/zh-hans\\\/\"},{\"@type\":\"ListItem\",\"position\":2,\"name\":\"CAA de DOUAI, le 1 avril 2026, n\u00b024DA01520\"}]},{\"@type\":\"WebSite\",\"@id\":\"https:\\\/\\\/kohenavocats.com\\\/zh-hans\\\/#website\",\"url\":\"https:\\\/\\\/kohenavocats.com\\\/zh-hans\\\/\",\"name\":\"Kohen Avocats\",\"description\":\"Ma\u00eetre Hassan Kohen, avocat p\u00e9naliste \u00e0 Paris, intervient exclusivement en droit p\u00e9nal pour la d\u00e9fense des particuliers, notamment en mati\u00e8re d\u2019accusations de viol. Il assure un accompagnement rigoureux d\u00e8s la garde \u00e0 vue jusqu\u2019\u00e0 la Cour d\u2019assises, veillant au strict respect des garanties proc\u00e9durales.\",\"publisher\":{\"@id\":\"https:\\\/\\\/kohenavocats.com\\\/zh-hans\\\/#organization\"},\"potentialAction\":[{\"@type\":\"SearchAction\",\"target\":{\"@type\":\"EntryPoint\",\"urlTemplate\":\"https:\\\/\\\/kohenavocats.com\\\/zh-hans\\\/?s={search_term_string}\"},\"query-input\":{\"@type\":\"PropertyValueSpecification\",\"valueRequired\":true,\"valueName\":\"search_term_string\"}}],\"inLanguage\":\"zh-Hans\"},{\"@type\":\"Organization\",\"@id\":\"https:\\\/\\\/kohenavocats.com\\\/zh-hans\\\/#organization\",\"name\":\"Kohen Avocats\",\"url\":\"https:\\\/\\\/kohenavocats.com\\\/zh-hans\\\/\",\"logo\":{\"@type\":\"ImageObject\",\"inLanguage\":\"zh-Hans\",\"@id\":\"https:\\\/\\\/kohenavocats.com\\\/zh-hans\\\/#\\\/schema\\\/logo\\\/image\\\/\",\"url\":\"https:\\\/\\\/kohenavocats.com\\\/wp-content\\\/uploads\\\/2026\\\/01\\\/Logo-2-1.webp\",\"contentUrl\":\"https:\\\/\\\/kohenavocats.com\\\/wp-content\\\/uploads\\\/2026\\\/01\\\/Logo-2-1.webp\",\"width\":2114,\"height\":1253,\"caption\":\"Kohen Avocats\"},\"image\":{\"@id\":\"https:\\\/\\\/kohenavocats.com\\\/zh-hans\\\/#\\\/schema\\\/logo\\\/image\\\/\"}},{\"@type\":\"Person\",\"@id\":\"https:\\\/\\\/kohenavocats.com\\\/zh-hans\\\/#\\\/schema\\\/person\\\/761c9ba54fa1ca84d405cef0831ff751\",\"name\":\"Kohen\",\"image\":{\"@type\":\"ImageObject\",\"inLanguage\":\"zh-Hans\",\"@id\":\"https:\\\/\\\/secure.gravatar.com\\\/avatar\\\/1c5e76ef76bbbfdd2b4da984e2bf2fa4056fd51a27d25ce2c332047f1dfd6e00?s=96&d=identicon&r=g\",\"url\":\"https:\\\/\\\/secure.gravatar.com\\\/avatar\\\/1c5e76ef76bbbfdd2b4da984e2bf2fa4056fd51a27d25ce2c332047f1dfd6e00?s=96&d=identicon&r=g\",\"contentUrl\":\"https:\\\/\\\/secure.gravatar.com\\\/avatar\\\/1c5e76ef76bbbfdd2b4da984e2bf2fa4056fd51a27d25ce2c332047f1dfd6e00?s=96&d=identicon&r=g\",\"caption\":\"Kohen\"},\"sameAs\":[\"https:\\\/\\\/www.linkedin.com\\\/in\\\/hassan-kohen-448548192\\\/\",\"https:\\\/\\\/www.youtube.com\\\/@Kohen-Avocats\"],\"url\":\"https:\\\/\\\/kohenavocats.com\\\/zh-hans\\\/author\\\/kohenmlk\\\/\"}]}<\/script>\n<!-- \/ Yoast SEO Premium plugin. -->","yoast_head_json":{"title":"CAA de DOUAI, le 1 avril 2026, n\u00b024DA01520 - Ma\u00eetre Hassan Kohen, avocat en droit p\u00e9nal \u00e0 Paris","description":"La cour administrative d\u2019appel de Douai, dans un arr\u00eat du 1er avril 2026, a rejet\u00e9 la requ\u00eate d\u2019un agent public contestant sa suspension pour refus de...","robots":{"index":"index","follow":"follow","max-snippet":"max-snippet:-1","max-image-preview":"max-image-preview:large","max-video-preview":"max-video-preview:-1"},"canonical":"https:\/\/kohenavocats.com\/zh-hans\/caa-de-douai-le-1-avril-2026-n24da01520\/","og_locale":"zh_CN","og_type":"article","og_title":"CAA de DOUAI, le 1 avril 2026, n\u00b024DA01520","og_description":"La cour administrative d\u2019appel de Douai, dans un arr\u00eat du 1er avril 2026, a rejet\u00e9 la requ\u00eate d\u2019un agent public contestant sa suspension pour refus de...","og_url":"https:\/\/kohenavocats.com\/zh-hans\/caa-de-douai-le-1-avril-2026-n24da01520\/","og_site_name":"Ma\u00eetre Hassan Kohen, avocat en droit p\u00e9nal \u00e0 Paris","article_published_time":"2026-04-27T14:37:04+00:00","og_image":[{"width":2797,"height":1854,"url":"https:\/\/kohenavocats.com\/wp-content\/uploads\/2024\/08\/valeria-m-zgvMPH83znI-unsplash.webp","type":"image\/webp"}],"author":"Kohen","twitter_card":"summary_large_image","twitter_misc":{"\u4f5c\u8005":"Kohen","\u9884\u8ba1\u9605\u8bfb\u65f6\u95f4":"3 \u5206"},"schema":{"@context":"https:\/\/schema.org","@graph":[{"@type":"Article","@id":"https:\/\/kohenavocats.com\/zh-hans\/caa-de-douai-le-1-avril-2026-n24da01520\/#article","isPartOf":{"@id":"https:\/\/kohenavocats.com\/zh-hans\/caa-de-douai-le-1-avril-2026-n24da01520\/"},"author":{"name":"Kohen","@id":"https:\/\/kohenavocats.com\/zh-hans\/#\/schema\/person\/761c9ba54fa1ca84d405cef0831ff751"},"headline":"CAA de DOUAI, le 1 avril 2026, n\u00b024DA01520","datePublished":"2026-04-27T14:37:04+00:00","mainEntityOfPage":{"@id":"https:\/\/kohenavocats.com\/zh-hans\/caa-de-douai-le-1-avril-2026-n24da01520\/"},"wordCount":631,"commentCount":0,"publisher":{"@id":"https:\/\/kohenavocats.com\/zh-hans\/#organization"},"image":{"@id":"https:\/\/kohenavocats.com\/zh-hans\/caa-de-douai-le-1-avril-2026-n24da01520\/#primaryimage"},"thumbnailUrl":"https:\/\/kohenavocats.com\/wp-content\/uploads\/2024\/08\/valeria-m-zgvMPH83znI-unsplash.webp","articleSection":["CAA de DOUAI","D\u00e9cisions juridiques"],"inLanguage":"zh-Hans","potentialAction":[{"@type":"CommentAction","name":"Comment","target":["https:\/\/kohenavocats.com\/zh-hans\/caa-de-douai-le-1-avril-2026-n24da01520\/#respond"]}],"citation":"CAA de DOUAI, le 1 avril 2026, n\u00b024DA01520","about":[{"@type":"Thing","name":"CAA de DOUAI"},{"@type":"Thing","name":"D\u00e9cisions juridiques"}],"dateModified":"2026-04-27T14:37:04+00:00","speakable":{"@type":"SpeakableSpecification","cssSelector":[".article-content > p:first-of-type"]}},{"@type":"WebPage","@id":"https:\/\/kohenavocats.com\/zh-hans\/caa-de-douai-le-1-avril-2026-n24da01520\/","url":"https:\/\/kohenavocats.com\/zh-hans\/caa-de-douai-le-1-avril-2026-n24da01520\/","name":"CAA de DOUAI, le 1 avril 2026, n\u00b024DA01520 - Ma\u00eetre Hassan Kohen, avocat en droit p\u00e9nal \u00e0 Paris","isPartOf":{"@id":"https:\/\/kohenavocats.com\/zh-hans\/#website"},"primaryImageOfPage":{"@id":"https:\/\/kohenavocats.com\/zh-hans\/caa-de-douai-le-1-avril-2026-n24da01520\/#primaryimage"},"image":{"@id":"https:\/\/kohenavocats.com\/zh-hans\/caa-de-douai-le-1-avril-2026-n24da01520\/#primaryimage"},"thumbnailUrl":"https:\/\/kohenavocats.com\/wp-content\/uploads\/2024\/08\/valeria-m-zgvMPH83znI-unsplash.webp","datePublished":"2026-04-27T14:37:04+00:00","description":"La cour administrative d\u2019appel de Douai, dans un arr\u00eat du 1er avril 2026, a rejet\u00e9 la requ\u00eate d\u2019un agent public contestant sa suspension pour refus de...","breadcrumb":{"@id":"https:\/\/kohenavocats.com\/zh-hans\/caa-de-douai-le-1-avril-2026-n24da01520\/#breadcrumb"},"inLanguage":"zh-Hans","potentialAction":[{"@type":"ReadAction","target":["https:\/\/kohenavocats.com\/zh-hans\/caa-de-douai-le-1-avril-2026-n24da01520\/"]}]},{"@type":"ImageObject","inLanguage":"zh-Hans","@id":"https:\/\/kohenavocats.com\/zh-hans\/caa-de-douai-le-1-avril-2026-n24da01520\/#primaryimage","url":"https:\/\/kohenavocats.com\/wp-content\/uploads\/2024\/08\/valeria-m-zgvMPH83znI-unsplash.webp","contentUrl":"https:\/\/kohenavocats.com\/wp-content\/uploads\/2024\/08\/valeria-m-zgvMPH83znI-unsplash.webp","width":2797,"height":1854},{"@type":"BreadcrumbList","@id":"https:\/\/kohenavocats.com\/zh-hans\/caa-de-douai-le-1-avril-2026-n24da01520\/#breadcrumb","itemListElement":[{"@type":"ListItem","position":1,"name":"Home","item":"https:\/\/kohenavocats.com\/zh-hans\/"},{"@type":"ListItem","position":2,"name":"CAA de DOUAI, le 1 avril 2026, n\u00b024DA01520"}]},{"@type":"WebSite","@id":"https:\/\/kohenavocats.com\/zh-hans\/#website","url":"https:\/\/kohenavocats.com\/zh-hans\/","name":"Kohen Avocats","description":"Ma\u00eetre Hassan Kohen, avocat p\u00e9naliste \u00e0 Paris, intervient exclusivement en droit p\u00e9nal pour la d\u00e9fense des particuliers, notamment en mati\u00e8re d\u2019accusations de viol. Il assure un accompagnement rigoureux d\u00e8s la garde \u00e0 vue jusqu\u2019\u00e0 la Cour d\u2019assises, veillant au strict respect des garanties proc\u00e9durales.","publisher":{"@id":"https:\/\/kohenavocats.com\/zh-hans\/#organization"},"potentialAction":[{"@type":"SearchAction","target":{"@type":"EntryPoint","urlTemplate":"https:\/\/kohenavocats.com\/zh-hans\/?s={search_term_string}"},"query-input":{"@type":"PropertyValueSpecification","valueRequired":true,"valueName":"search_term_string"}}],"inLanguage":"zh-Hans"},{"@type":"Organization","@id":"https:\/\/kohenavocats.com\/zh-hans\/#organization","name":"Kohen Avocats","url":"https:\/\/kohenavocats.com\/zh-hans\/","logo":{"@type":"ImageObject","inLanguage":"zh-Hans","@id":"https:\/\/kohenavocats.com\/zh-hans\/#\/schema\/logo\/image\/","url":"https:\/\/kohenavocats.com\/wp-content\/uploads\/2026\/01\/Logo-2-1.webp","contentUrl":"https:\/\/kohenavocats.com\/wp-content\/uploads\/2026\/01\/Logo-2-1.webp","width":2114,"height":1253,"caption":"Kohen Avocats"},"image":{"@id":"https:\/\/kohenavocats.com\/zh-hans\/#\/schema\/logo\/image\/"}},{"@type":"Person","@id":"https:\/\/kohenavocats.com\/zh-hans\/#\/schema\/person\/761c9ba54fa1ca84d405cef0831ff751","name":"Kohen","image":{"@type":"ImageObject","inLanguage":"zh-Hans","@id":"https:\/\/secure.gravatar.com\/avatar\/1c5e76ef76bbbfdd2b4da984e2bf2fa4056fd51a27d25ce2c332047f1dfd6e00?s=96&d=identicon&r=g","url":"https:\/\/secure.gravatar.com\/avatar\/1c5e76ef76bbbfdd2b4da984e2bf2fa4056fd51a27d25ce2c332047f1dfd6e00?s=96&d=identicon&r=g","contentUrl":"https:\/\/secure.gravatar.com\/avatar\/1c5e76ef76bbbfdd2b4da984e2bf2fa4056fd51a27d25ce2c332047f1dfd6e00?s=96&d=identicon&r=g","caption":"Kohen"},"sameAs":["https:\/\/www.linkedin.com\/in\/hassan-kohen-448548192\/","https:\/\/www.youtube.com\/@Kohen-Avocats"],"url":"https:\/\/kohenavocats.com\/zh-hans\/author\/kohenmlk\/"}]}},"jetpack_featured_media_url":"https:\/\/kohenavocats.com\/wp-content\/uploads\/2024\/08\/valeria-m-zgvMPH83znI-unsplash.webp","jetpack_likes_enabled":false,"jetpack_shortlink":"https:\/\/wp.me\/peCrII-2Xkn","jetpack-related-posts":[{"id":707886,"url":"https:\/\/kohenavocats.com\/zh-hans\/cour-dappel-de-douai-le-11-decembre-2025-n24-03168\/","url_meta":{"origin":704715,"position":0},"title":"Cour d&#8217;appel de Douai, le 11 d\u00e9cembre 2025, n\u00b024\/03168","author":"Kohen","date":"2026\u5e744\u670827\u65e5","format":false,"excerpt":"Par un arr\u00eat du 11 d\u00e9cembre 2025, la cour d\u2019appel \u2026","rel":"","context":"\u5728\u201cJurisprudence\u201d\u4e2d","block_context":{"text":"Jurisprudence","link":"https:\/\/kohenavocats.com\/category\/jurisprudence\/"},"img":{"alt_text":"","src":"https:\/\/i0.wp.com\/kohenavocats.com\/wp-content\/uploads\/2024\/08\/andrew-adams-f6xlGzsRC_o-unsplash.webp?resize=350%2C200&ssl=1","width":350,"height":200,"srcset":"https:\/\/i0.wp.com\/kohenavocats.com\/wp-content\/uploads\/2024\/08\/andrew-adams-f6xlGzsRC_o-unsplash.webp?resize=350%2C200&ssl=1 1x, https:\/\/i0.wp.com\/kohenavocats.com\/wp-content\/uploads\/2024\/08\/andrew-adams-f6xlGzsRC_o-unsplash.webp?resize=525%2C300&ssl=1 1.5x, https:\/\/i0.wp.com\/kohenavocats.com\/wp-content\/uploads\/2024\/08\/andrew-adams-f6xlGzsRC_o-unsplash.webp?resize=700%2C400&ssl=1 2x, https:\/\/i0.wp.com\/kohenavocats.com\/wp-content\/uploads\/2024\/08\/andrew-adams-f6xlGzsRC_o-unsplash.webp?resize=1050%2C600&ssl=1 3x, https:\/\/i0.wp.com\/kohenavocats.com\/wp-content\/uploads\/2024\/08\/andrew-adams-f6xlGzsRC_o-unsplash.webp?resize=1400%2C800&ssl=1 4x"},"classes":[]},{"id":307368,"url":"https:\/\/kohenavocats.com\/zh-hans\/cour-dappel-administrative-de-douai-le-3-fevrier-2026-n24da01915\/","url_meta":{"origin":704715,"position":1},"title":"Cour d&#8217;appel administrative de Douai, le 3 f\u00e9vrier 2026, n\u00b024DA01915","author":"Kohen","date":"2026\u5e742\u67086\u65e5","format":false,"excerpt":"La cour administrative d\u2019appel rejette l\u2019appel for\u2026","rel":"","context":"\u5728\u201cCour administrative d'appel\u201d\u4e2d","block_context":{"text":"Cour administrative d'appel","link":"https:\/\/kohenavocats.com\/category\/cour-administrative-dappel\/"},"img":{"alt_text":"","src":"https:\/\/i0.wp.com\/kohenavocats.com\/wp-content\/uploads\/2024\/08\/susan-q-yin-YQhhlCS9Hto-unsplash-1.webp?resize=350%2C200&ssl=1","width":350,"height":200,"srcset":"https:\/\/i0.wp.com\/kohenavocats.com\/wp-content\/uploads\/2024\/08\/susan-q-yin-YQhhlCS9Hto-unsplash-1.webp?resize=350%2C200&ssl=1 1x, https:\/\/i0.wp.com\/kohenavocats.com\/wp-content\/uploads\/2024\/08\/susan-q-yin-YQhhlCS9Hto-unsplash-1.webp?resize=525%2C300&ssl=1 1.5x, https:\/\/i0.wp.com\/kohenavocats.com\/wp-content\/uploads\/2024\/08\/susan-q-yin-YQhhlCS9Hto-unsplash-1.webp?resize=700%2C400&ssl=1 2x, https:\/\/i0.wp.com\/kohenavocats.com\/wp-content\/uploads\/2024\/08\/susan-q-yin-YQhhlCS9Hto-unsplash-1.webp?resize=1050%2C600&ssl=1 3x, https:\/\/i0.wp.com\/kohenavocats.com\/wp-content\/uploads\/2024\/08\/susan-q-yin-YQhhlCS9Hto-unsplash-1.webp?resize=1400%2C800&ssl=1 4x"},"classes":[]},{"id":715855,"url":"https:\/\/kohenavocats.com\/zh-hans\/cour-dappel-de-douai-le-15-janvier-2026-n23-02076\/","url_meta":{"origin":704715,"position":2},"title":"Cour d&#8217;appel de Douai, le 15 janvier 2026, n\u00b023\/02076","author":"Kohen","date":"2026\u5e744\u670828\u65e5","format":false,"excerpt":"La cour d\u2019appel de Douai, dans son arr\u00eat du 15 jan\u2026","rel":"","context":"\u5728\u201cJurisprudence\u201d\u4e2d","block_context":{"text":"Jurisprudence","link":"https:\/\/kohenavocats.com\/category\/jurisprudence\/"},"img":{"alt_text":"","src":"https:\/\/i0.wp.com\/kohenavocats.com\/wp-content\/uploads\/2024\/08\/jungxon-uuHZylr_9GY-unsplash.webp?resize=350%2C200&ssl=1","width":350,"height":200,"srcset":"https:\/\/i0.wp.com\/kohenavocats.com\/wp-content\/uploads\/2024\/08\/jungxon-uuHZylr_9GY-unsplash.webp?resize=350%2C200&ssl=1 1x, https:\/\/i0.wp.com\/kohenavocats.com\/wp-content\/uploads\/2024\/08\/jungxon-uuHZylr_9GY-unsplash.webp?resize=525%2C300&ssl=1 1.5x, https:\/\/i0.wp.com\/kohenavocats.com\/wp-content\/uploads\/2024\/08\/jungxon-uuHZylr_9GY-unsplash.webp?resize=700%2C400&ssl=1 2x, https:\/\/i0.wp.com\/kohenavocats.com\/wp-content\/uploads\/2024\/08\/jungxon-uuHZylr_9GY-unsplash.webp?resize=1050%2C600&ssl=1 3x, https:\/\/i0.wp.com\/kohenavocats.com\/wp-content\/uploads\/2024\/08\/jungxon-uuHZylr_9GY-unsplash.webp?resize=1400%2C800&ssl=1 4x"},"classes":[]},{"id":707633,"url":"https:\/\/kohenavocats.com\/zh-hans\/caa-de-bordeaux-le-21-avril-2026-n24bx02724\/","url_meta":{"origin":704715,"position":3},"title":"CAA de BORDEAUX, le 21 avril 2026, n\u00b024BX02724","author":"Kohen","date":"2026\u5e744\u670827\u65e5","format":false,"excerpt":"La cour administrative d\u2019appel de Bordeaux, dans u\u2026","rel":"","context":"\u5728\u201cCAA de BORDEAUX\u201d\u4e2d","block_context":{"text":"CAA de BORDEAUX","link":"https:\/\/kohenavocats.com\/category\/caa-de-bordeaux\/"},"img":{"alt_text":"","src":"https:\/\/i0.wp.com\/kohenavocats.com\/wp-content\/uploads\/2024\/07\/alex-block-PdDBTrkGYLo-unsplash-1.webp?resize=350%2C200&ssl=1","width":350,"height":200,"srcset":"https:\/\/i0.wp.com\/kohenavocats.com\/wp-content\/uploads\/2024\/07\/alex-block-PdDBTrkGYLo-unsplash-1.webp?resize=350%2C200&ssl=1 1x, https:\/\/i0.wp.com\/kohenavocats.com\/wp-content\/uploads\/2024\/07\/alex-block-PdDBTrkGYLo-unsplash-1.webp?resize=525%2C300&ssl=1 1.5x, https:\/\/i0.wp.com\/kohenavocats.com\/wp-content\/uploads\/2024\/07\/alex-block-PdDBTrkGYLo-unsplash-1.webp?resize=700%2C400&ssl=1 2x, https:\/\/i0.wp.com\/kohenavocats.com\/wp-content\/uploads\/2024\/07\/alex-block-PdDBTrkGYLo-unsplash-1.webp?resize=1050%2C600&ssl=1 3x, https:\/\/i0.wp.com\/kohenavocats.com\/wp-content\/uploads\/2024\/07\/alex-block-PdDBTrkGYLo-unsplash-1.webp?resize=1400%2C800&ssl=1 4x"},"classes":[]},{"id":707997,"url":"https:\/\/kohenavocats.com\/zh-hans\/ce-conseil-detat-24-04-2026-n-501219\/","url_meta":{"origin":704715,"position":4},"title":"CE &#8211; Conseil d&#8217;\u00c9tat &#8211; 24\/04\/2026 &#8211; n\u00b0 501219","author":"Kohen","date":"2026\u5e744\u670827\u65e5","format":false,"excerpt":"Le Conseil d'\u00c9tat, dans un arr\u00eat du 24 avril 2026,\u2026","rel":"","context":"\u5728\u201cJuridictions administratives\u201d\u4e2d","block_context":{"text":"Juridictions administratives","link":"https:\/\/kohenavocats.com\/category\/juridictions-administratives\/"},"img":{"alt_text":"","src":"https:\/\/i0.wp.com\/kohenavocats.com\/wp-content\/uploads\/2024\/07\/corentin-J5TYAxwQoM8-unsplash.webp?resize=350%2C200&ssl=1","width":350,"height":200,"srcset":"https:\/\/i0.wp.com\/kohenavocats.com\/wp-content\/uploads\/2024\/07\/corentin-J5TYAxwQoM8-unsplash.webp?resize=350%2C200&ssl=1 1x, https:\/\/i0.wp.com\/kohenavocats.com\/wp-content\/uploads\/2024\/07\/corentin-J5TYAxwQoM8-unsplash.webp?resize=525%2C300&ssl=1 1.5x, https:\/\/i0.wp.com\/kohenavocats.com\/wp-content\/uploads\/2024\/07\/corentin-J5TYAxwQoM8-unsplash.webp?resize=700%2C400&ssl=1 2x, https:\/\/i0.wp.com\/kohenavocats.com\/wp-content\/uploads\/2024\/07\/corentin-J5TYAxwQoM8-unsplash.webp?resize=1050%2C600&ssl=1 3x, https:\/\/i0.wp.com\/kohenavocats.com\/wp-content\/uploads\/2024\/07\/corentin-J5TYAxwQoM8-unsplash.webp?resize=1400%2C800&ssl=1 4x"},"classes":[]},{"id":304537,"url":"https:\/\/kohenavocats.com\/zh-hans\/cour-dappel-administrative-de-douai-le-3-fevrier-2026-n24da02410\/","url_meta":{"origin":704715,"position":5},"title":"Cour d&#8217;appel administrative de Douai, le 3 f\u00e9vrier 2026, n\u00b024DA02410","author":"Kohen","date":"2026\u5e742\u67085\u65e5","format":false,"excerpt":"La pr\u00e9sente d\u00e9cision de la cour administrative d&r\u2026","rel":"","context":"\u5728\u201cCour administrative d'appel\u201d\u4e2d","block_context":{"text":"Cour administrative d'appel","link":"https:\/\/kohenavocats.com\/category\/cour-administrative-dappel\/"},"img":{"alt_text":"","src":"https:\/\/i0.wp.com\/kohenavocats.com\/wp-content\/uploads\/2024\/11\/allison-saeng-8bn59-WwQyk-unsplash.webp?resize=350%2C200&ssl=1","width":350,"height":200,"srcset":"https:\/\/i0.wp.com\/kohenavocats.com\/wp-content\/uploads\/2024\/11\/allison-saeng-8bn59-WwQyk-unsplash.webp?resize=350%2C200&ssl=1 1x, https:\/\/i0.wp.com\/kohenavocats.com\/wp-content\/uploads\/2024\/11\/allison-saeng-8bn59-WwQyk-unsplash.webp?resize=525%2C300&ssl=1 1.5x, https:\/\/i0.wp.com\/kohenavocats.com\/wp-content\/uploads\/2024\/11\/allison-saeng-8bn59-WwQyk-unsplash.webp?resize=700%2C400&ssl=1 2x, https:\/\/i0.wp.com\/kohenavocats.com\/wp-content\/uploads\/2024\/11\/allison-saeng-8bn59-WwQyk-unsplash.webp?resize=1050%2C600&ssl=1 3x, https:\/\/i0.wp.com\/kohenavocats.com\/wp-content\/uploads\/2024\/11\/allison-saeng-8bn59-WwQyk-unsplash.webp?resize=1400%2C800&ssl=1 4x"},"classes":[]}],"jetpack_sharing_enabled":true,"_links":{"self":[{"href":"https:\/\/kohenavocats.com\/zh-hans\/wp-json\/wp\/v2\/posts\/704715","targetHints":{"allow":["GET"]}}],"collection":[{"href":"https:\/\/kohenavocats.com\/zh-hans\/wp-json\/wp\/v2\/posts"}],"about":[{"href":"https:\/\/kohenavocats.com\/zh-hans\/wp-json\/wp\/v2\/types\/post"}],"author":[{"embeddable":true,"href":"https:\/\/kohenavocats.com\/zh-hans\/wp-json\/wp\/v2\/users\/232070755"}],"replies":[{"embeddable":true,"href":"https:\/\/kohenavocats.com\/zh-hans\/wp-json\/wp\/v2\/comments?post=704715"}],"version-history":[{"count":0,"href":"https:\/\/kohenavocats.com\/zh-hans\/wp-json\/wp\/v2\/posts\/704715\/revisions"}],"wp:featuredmedia":[{"embeddable":true,"href":"https:\/\/kohenavocats.com\/zh-hans\/wp-json\/wp\/v2\/media\/4668"}],"wp:attachment":[{"href":"https:\/\/kohenavocats.com\/zh-hans\/wp-json\/wp\/v2\/media?parent=704715"}],"wp:term":[{"taxonomy":"category","embeddable":true,"href":"https:\/\/kohenavocats.com\/zh-hans\/wp-json\/wp\/v2\/categories?post=704715"},{"taxonomy":"post_tag","embeddable":true,"href":"https:\/\/kohenavocats.com\/zh-hans\/wp-json\/wp\/v2\/tags?post=704715"}],"curies":[{"name":"wp","href":"https:\/\/api.w.org\/{rel}","templated":true}]}}