{"id":705048,"date":"2026-04-27T17:22:01","date_gmt":"2026-04-27T15:22:01","guid":{"rendered":"https:\/\/kohenavocats.com\/conseil-constitutionnel-le-6-mars-1959-n58-43\/"},"modified":"2026-04-27T17:22:01","modified_gmt":"2026-04-27T15:22:01","slug":"conseil-constitutionnel-le-6-mars-1959-n58-43","status":"publish","type":"post","link":"https:\/\/kohenavocats.com\/zh-hans\/conseil-constitutionnel-le-6-mars-1959-n58-43\/","title":{"rendered":"Conseil constitutionnel, le 6 mars 1959, n\u00b058-43"},"content":{"rendered":"<div class=\"article-content\">\n<p>Le Conseil constitutionnel, dans sa d\u00e9cision du 6 mars 1959, a statu\u00e9 sur un contentieux \u00e9lectoral n\u00e9 de la publication d&#8217;une lettre minist\u00e9rielle. Un candidat malheureux aux \u00e9lections l\u00e9gislatives contestait la r\u00e9gularit\u00e9 du scrutin, estimant que la diffusion d&#8217;un courrier officiel avait favoris\u00e9 son adversaire. Le requ\u00e9rant soutenait que cette lettre constituait une intervention prohib\u00e9e de l&#8217;administration en p\u00e9riode \u00e9lectorale. La question de droit portait sur la qualification de cette publication comme manoeuvre \u00e9lectorale illicite. Le Conseil constitutionnel a rejet\u00e9 la requ\u00eate et valid\u00e9 l&#8217;\u00e9lection contest\u00e9e.<\/p>\n<p>I. La qualification restrictive de l&#8217;intervention minist\u00e9rielle<\/p>\n<p>Le juge constitutionnel a \u00e9cart\u00e9 la qualification d&#8217;intervention officielle en faveur du candidat \u00e9lu. Il a consid\u00e9r\u00e9 que la lettre, r\u00e9dig\u00e9e avant la campagne, ne contenait aucun engagement pr\u00e9cis sur le sort des documents transmis. &#8220;cette lettre, envoy\u00e9e au sieur Lecourt avant l&#8217;ouverture de la campagne \u00e9lectorale, et qui ne comporte aucune pr\u00e9cision quant \u00e0 la suite effective qui serait donn\u00e9e \u00e0 la d\u00e9marche du sieur Lecourt, ne constitue pas, contrairement \u00e0 ce que soutient le requ\u00e9rant &#8220;une intervention officielle &#8221; en faveur du candidat Lecourt&#8221; (Consid\u00e9rant 3). Cette interpr\u00e9tation stricte limite la notion de pression administrative.<\/p>\n<p>La valeur de cette d\u00e9cision est de poser un crit\u00e8re objectif pour caract\u00e9riser une manoeuvre \u00e9lectorale. L&#8217;absence d&#8217;engagement formel et le caract\u00e8re g\u00e9n\u00e9ral de l&#8217;accus\u00e9 de r\u00e9ception neutralisent l&#8217;illic\u00e9it\u00e9 potentielle. La port\u00e9e est de pr\u00e9server la libert\u00e9 d&#8217;expression des \u00e9lus et des ministres en dehors de la campagne officielle.<\/p>\n<p>II. L&#8217;absence de manoeuvre de nature \u00e0 fausser le scrutin<\/p>\n<p>Le Conseil constitutionnel a ensuite appr\u00e9ci\u00e9 l&#8217;impact de la publication sur la sinc\u00e9rit\u00e9 du vote. Il a jug\u00e9 que la simple diffusion de cette correspondance anodine ne pouvait alt\u00e9rer la volont\u00e9 des \u00e9lecteurs. &#8220;sa publication ne peut d\u00e8s lors, \u00eatre regard\u00e9e comme une manoeuvre illicite de nature \u00e0 fausser les conditions de la consultation \u00e9lectorale&#8221; (Consid\u00e9rant 3). Le lien de causalit\u00e9 entre l&#8217;acte et le r\u00e9sultat \u00e9lectoral est donc ni\u00e9.<\/p>\n<p>La valeur de ce raisonnement est d&#8217;exiger un pr\u00e9judice \u00e9lectoral r\u00e9el pour annuler un scrutin. La simple potentialit\u00e9 d&#8217;une influence ne suffit pas \u00e0 caract\u00e9riser une irr\u00e9gularit\u00e9. La port\u00e9e de l&#8217;arr\u00eat est de rappeler que le juge ne sanctionne que les manoeuvres d\u00e9terminantes, prot\u00e9geant ainsi la stabilit\u00e9 des \u00e9lections.<\/p>\n<\/div>\n","protected":false},"excerpt":{"rendered":"<p>Le Conseil constitutionnel, dans sa d\u00e9cision du 6 mars 1959, a statu\u00e9 sur un contentieux \u00e9lectoral n\u00e9 de la publication d&#8217;une lettre minist\u00e9rielle. Un candid&#8230;<\/p>\n","protected":false},"author":232070755,"featured_media":9602,"comment_status":"open","ping_status":"open","sticky":false,"template":"","format":"standard","meta":{"_crdt_document":"","_jetpack_newsletter_access":"","_jetpack_dont_email_post_to_subs":false,"_jetpack_newsletter_tier_id":0,"_jetpack_memberships_contains_paywalled_content":false,"_kj_source_type":"","_kj_official_id":"","_kj_official_url":"","_kj_judilibre_id":"","_kj_jur":"","_kj_lieu":"","_kj_chambre":"","_kj_rg":"","_kj_date":"","_jetpack_memberships_contains_paid_content":false,"footnotes":"","jetpack_post_was_ever_published":false},"categories":[7597],"tags":[],"class_list":["post-705048","post","type-post","status-publish","format-standard","has-post-thumbnail","hentry","category-jurisprudence"],"yoast_head":"<!-- This site is optimized with the Yoast SEO Premium plugin v27.4 (Yoast SEO v27.4) - https:\/\/yoast.com\/product\/yoast-seo-premium-wordpress\/ -->\n<title>Conseil constitutionnel, le 6 mars 1959, n\u00b058-43 - Ma\u00eetre Hassan Kohen, avocat en droit p\u00e9nal \u00e0 Paris<\/title>\n<meta name=\"description\" content=\"Le Conseil constitutionnel, dans sa d\u00e9cision du 6 mars 1959, a statu\u00e9 sur un contentieux \u00e9lectoral n\u00e9 de la publication d&#039;une lettre minist\u00e9rielle. Un candid...\" \/>\n<meta name=\"robots\" content=\"index, follow, max-snippet:-1, max-image-preview:large, max-video-preview:-1\" \/>\n<link rel=\"canonical\" href=\"https:\/\/kohenavocats.com\/zh-hans\/conseil-constitutionnel-le-6-mars-1959-n58-43\/\" \/>\n<meta property=\"og:locale\" content=\"zh_CN\" \/>\n<meta property=\"og:type\" content=\"article\" \/>\n<meta property=\"og:title\" content=\"Conseil constitutionnel, le 6 mars 1959, n\u00b058-43\" \/>\n<meta property=\"og:description\" content=\"Le Conseil constitutionnel, dans sa d\u00e9cision du 6 mars 1959, a statu\u00e9 sur un contentieux \u00e9lectoral n\u00e9 de la publication d&#039;une lettre minist\u00e9rielle. Un candid...\" \/>\n<meta property=\"og:url\" content=\"https:\/\/kohenavocats.com\/zh-hans\/conseil-constitutionnel-le-6-mars-1959-n58-43\/\" \/>\n<meta property=\"og:site_name\" content=\"Ma\u00eetre Hassan Kohen, avocat en droit p\u00e9nal \u00e0 Paris\" \/>\n<meta property=\"article:published_time\" content=\"2026-04-27T15:22:01+00:00\" \/>\n<meta property=\"og:image\" content=\"https:\/\/kohenavocats.com\/wp-content\/uploads\/2024\/11\/allec-gomes-Dk73Vli6eCs-unsplash.webp\" \/>\n\t<meta property=\"og:image:width\" content=\"6000\" \/>\n\t<meta property=\"og:image:height\" content=\"9000\" \/>\n\t<meta property=\"og:image:type\" content=\"image\/webp\" \/>\n<meta name=\"author\" content=\"Kohen\" \/>\n<meta name=\"twitter:card\" content=\"summary_large_image\" \/>\n<meta name=\"twitter:label1\" content=\"\u4f5c\u8005\" \/>\n\t<meta name=\"twitter:data1\" content=\"Kohen\" \/>\n\t<meta name=\"twitter:label2\" content=\"\u9884\u8ba1\u9605\u8bfb\u65f6\u95f4\" \/>\n\t<meta name=\"twitter:data2\" content=\"2 \u5206\" \/>\n<script type=\"application\/ld+json\" class=\"yoast-schema-graph\">{\"@context\":\"https:\\\/\\\/schema.org\",\"@graph\":[{\"@type\":\"Article\",\"@id\":\"https:\\\/\\\/kohenavocats.com\\\/zh-hans\\\/conseil-constitutionnel-le-6-mars-1959-n58-43\\\/#article\",\"isPartOf\":{\"@id\":\"https:\\\/\\\/kohenavocats.com\\\/zh-hans\\\/conseil-constitutionnel-le-6-mars-1959-n58-43\\\/\"},\"author\":{\"name\":\"Kohen\",\"@id\":\"https:\\\/\\\/kohenavocats.com\\\/zh-hans\\\/#\\\/schema\\\/person\\\/761c9ba54fa1ca84d405cef0831ff751\"},\"headline\":\"Conseil constitutionnel, le 6 mars 1959, n\u00b058-43\",\"datePublished\":\"2026-04-27T15:22:01+00:00\",\"mainEntityOfPage\":{\"@id\":\"https:\\\/\\\/kohenavocats.com\\\/zh-hans\\\/conseil-constitutionnel-le-6-mars-1959-n58-43\\\/\"},\"wordCount\":427,\"commentCount\":0,\"publisher\":{\"@id\":\"https:\\\/\\\/kohenavocats.com\\\/zh-hans\\\/#organization\"},\"image\":{\"@id\":\"https:\\\/\\\/kohenavocats.com\\\/zh-hans\\\/conseil-constitutionnel-le-6-mars-1959-n58-43\\\/#primaryimage\"},\"thumbnailUrl\":\"https:\\\/\\\/kohenavocats.com\\\/wp-content\\\/uploads\\\/2024\\\/11\\\/allec-gomes-Dk73Vli6eCs-unsplash.webp\",\"articleSection\":[\"Jurisprudence\"],\"inLanguage\":\"zh-Hans\",\"potentialAction\":[{\"@type\":\"CommentAction\",\"name\":\"Comment\",\"target\":[\"https:\\\/\\\/kohenavocats.com\\\/zh-hans\\\/conseil-constitutionnel-le-6-mars-1959-n58-43\\\/#respond\"]}],\"citation\":\"Conseil constitutionnel, le 6 mars 1959, n\u00b058-43\",\"about\":[{\"@type\":\"Thing\",\"name\":\"Jurisprudence\"}],\"dateModified\":\"2026-04-27T15:22:01+00:00\",\"speakable\":{\"@type\":\"SpeakableSpecification\",\"cssSelector\":[\".article-content > p:first-of-type\"]}},{\"@type\":\"WebPage\",\"@id\":\"https:\\\/\\\/kohenavocats.com\\\/zh-hans\\\/conseil-constitutionnel-le-6-mars-1959-n58-43\\\/\",\"url\":\"https:\\\/\\\/kohenavocats.com\\\/zh-hans\\\/conseil-constitutionnel-le-6-mars-1959-n58-43\\\/\",\"name\":\"Conseil constitutionnel, le 6 mars 1959, n\u00b058-43 - Ma\u00eetre Hassan Kohen, avocat en droit p\u00e9nal \u00e0 Paris\",\"isPartOf\":{\"@id\":\"https:\\\/\\\/kohenavocats.com\\\/zh-hans\\\/#website\"},\"primaryImageOfPage\":{\"@id\":\"https:\\\/\\\/kohenavocats.com\\\/zh-hans\\\/conseil-constitutionnel-le-6-mars-1959-n58-43\\\/#primaryimage\"},\"image\":{\"@id\":\"https:\\\/\\\/kohenavocats.com\\\/zh-hans\\\/conseil-constitutionnel-le-6-mars-1959-n58-43\\\/#primaryimage\"},\"thumbnailUrl\":\"https:\\\/\\\/kohenavocats.com\\\/wp-content\\\/uploads\\\/2024\\\/11\\\/allec-gomes-Dk73Vli6eCs-unsplash.webp\",\"datePublished\":\"2026-04-27T15:22:01+00:00\",\"description\":\"Le Conseil constitutionnel, dans sa d\u00e9cision du 6 mars 1959, a statu\u00e9 sur un contentieux \u00e9lectoral n\u00e9 de la publication d'une lettre minist\u00e9rielle. Un candid...\",\"breadcrumb\":{\"@id\":\"https:\\\/\\\/kohenavocats.com\\\/zh-hans\\\/conseil-constitutionnel-le-6-mars-1959-n58-43\\\/#breadcrumb\"},\"inLanguage\":\"zh-Hans\",\"potentialAction\":[{\"@type\":\"ReadAction\",\"target\":[\"https:\\\/\\\/kohenavocats.com\\\/zh-hans\\\/conseil-constitutionnel-le-6-mars-1959-n58-43\\\/\"]}]},{\"@type\":\"ImageObject\",\"inLanguage\":\"zh-Hans\",\"@id\":\"https:\\\/\\\/kohenavocats.com\\\/zh-hans\\\/conseil-constitutionnel-le-6-mars-1959-n58-43\\\/#primaryimage\",\"url\":\"https:\\\/\\\/kohenavocats.com\\\/wp-content\\\/uploads\\\/2024\\\/11\\\/allec-gomes-Dk73Vli6eCs-unsplash.webp\",\"contentUrl\":\"https:\\\/\\\/kohenavocats.com\\\/wp-content\\\/uploads\\\/2024\\\/11\\\/allec-gomes-Dk73Vli6eCs-unsplash.webp\",\"width\":6000,\"height\":9000},{\"@type\":\"BreadcrumbList\",\"@id\":\"https:\\\/\\\/kohenavocats.com\\\/zh-hans\\\/conseil-constitutionnel-le-6-mars-1959-n58-43\\\/#breadcrumb\",\"itemListElement\":[{\"@type\":\"ListItem\",\"position\":1,\"name\":\"Home\",\"item\":\"https:\\\/\\\/kohenavocats.com\\\/zh-hans\\\/\"},{\"@type\":\"ListItem\",\"position\":2,\"name\":\"Conseil constitutionnel, le 6 mars 1959, n\u00b058-43\"}]},{\"@type\":\"WebSite\",\"@id\":\"https:\\\/\\\/kohenavocats.com\\\/zh-hans\\\/#website\",\"url\":\"https:\\\/\\\/kohenavocats.com\\\/zh-hans\\\/\",\"name\":\"Kohen Avocats\",\"description\":\"Ma\u00eetre Hassan Kohen, avocat p\u00e9naliste \u00e0 Paris, intervient exclusivement en droit p\u00e9nal pour la d\u00e9fense des particuliers, notamment en mati\u00e8re d\u2019accusations de viol. Il assure un accompagnement rigoureux d\u00e8s la garde \u00e0 vue jusqu\u2019\u00e0 la Cour d\u2019assises, veillant au strict respect des garanties proc\u00e9durales.\",\"publisher\":{\"@id\":\"https:\\\/\\\/kohenavocats.com\\\/zh-hans\\\/#organization\"},\"potentialAction\":[{\"@type\":\"SearchAction\",\"target\":{\"@type\":\"EntryPoint\",\"urlTemplate\":\"https:\\\/\\\/kohenavocats.com\\\/zh-hans\\\/?s={search_term_string}\"},\"query-input\":{\"@type\":\"PropertyValueSpecification\",\"valueRequired\":true,\"valueName\":\"search_term_string\"}}],\"inLanguage\":\"zh-Hans\"},{\"@type\":\"Organization\",\"@id\":\"https:\\\/\\\/kohenavocats.com\\\/zh-hans\\\/#organization\",\"name\":\"Kohen Avocats\",\"url\":\"https:\\\/\\\/kohenavocats.com\\\/zh-hans\\\/\",\"logo\":{\"@type\":\"ImageObject\",\"inLanguage\":\"zh-Hans\",\"@id\":\"https:\\\/\\\/kohenavocats.com\\\/zh-hans\\\/#\\\/schema\\\/logo\\\/image\\\/\",\"url\":\"https:\\\/\\\/kohenavocats.com\\\/wp-content\\\/uploads\\\/2026\\\/01\\\/Logo-2-1.webp\",\"contentUrl\":\"https:\\\/\\\/kohenavocats.com\\\/wp-content\\\/uploads\\\/2026\\\/01\\\/Logo-2-1.webp\",\"width\":2114,\"height\":1253,\"caption\":\"Kohen Avocats\"},\"image\":{\"@id\":\"https:\\\/\\\/kohenavocats.com\\\/zh-hans\\\/#\\\/schema\\\/logo\\\/image\\\/\"}},{\"@type\":\"Person\",\"@id\":\"https:\\\/\\\/kohenavocats.com\\\/zh-hans\\\/#\\\/schema\\\/person\\\/761c9ba54fa1ca84d405cef0831ff751\",\"name\":\"Kohen\",\"image\":{\"@type\":\"ImageObject\",\"inLanguage\":\"zh-Hans\",\"@id\":\"https:\\\/\\\/secure.gravatar.com\\\/avatar\\\/1c5e76ef76bbbfdd2b4da984e2bf2fa4056fd51a27d25ce2c332047f1dfd6e00?s=96&d=identicon&r=g\",\"url\":\"https:\\\/\\\/secure.gravatar.com\\\/avatar\\\/1c5e76ef76bbbfdd2b4da984e2bf2fa4056fd51a27d25ce2c332047f1dfd6e00?s=96&d=identicon&r=g\",\"contentUrl\":\"https:\\\/\\\/secure.gravatar.com\\\/avatar\\\/1c5e76ef76bbbfdd2b4da984e2bf2fa4056fd51a27d25ce2c332047f1dfd6e00?s=96&d=identicon&r=g\",\"caption\":\"Kohen\"},\"sameAs\":[\"https:\\\/\\\/www.linkedin.com\\\/in\\\/hassan-kohen-448548192\\\/\",\"https:\\\/\\\/www.youtube.com\\\/@Kohen-Avocats\"],\"url\":\"https:\\\/\\\/kohenavocats.com\\\/zh-hans\\\/author\\\/kohenmlk\\\/\"}]}<\/script>\n<!-- \/ Yoast SEO Premium plugin. -->","yoast_head_json":{"title":"Conseil constitutionnel, le 6 mars 1959, n\u00b058-43 - Ma\u00eetre Hassan Kohen, avocat en droit p\u00e9nal \u00e0 Paris","description":"Le Conseil constitutionnel, dans sa d\u00e9cision du 6 mars 1959, a statu\u00e9 sur un contentieux \u00e9lectoral n\u00e9 de la publication d'une lettre minist\u00e9rielle. Un candid...","robots":{"index":"index","follow":"follow","max-snippet":"max-snippet:-1","max-image-preview":"max-image-preview:large","max-video-preview":"max-video-preview:-1"},"canonical":"https:\/\/kohenavocats.com\/zh-hans\/conseil-constitutionnel-le-6-mars-1959-n58-43\/","og_locale":"zh_CN","og_type":"article","og_title":"Conseil constitutionnel, le 6 mars 1959, n\u00b058-43","og_description":"Le Conseil constitutionnel, dans sa d\u00e9cision du 6 mars 1959, a statu\u00e9 sur un contentieux \u00e9lectoral n\u00e9 de la publication d'une lettre minist\u00e9rielle. Un candid...","og_url":"https:\/\/kohenavocats.com\/zh-hans\/conseil-constitutionnel-le-6-mars-1959-n58-43\/","og_site_name":"Ma\u00eetre Hassan Kohen, avocat en droit p\u00e9nal \u00e0 Paris","article_published_time":"2026-04-27T15:22:01+00:00","og_image":[{"width":6000,"height":9000,"url":"https:\/\/kohenavocats.com\/wp-content\/uploads\/2024\/11\/allec-gomes-Dk73Vli6eCs-unsplash.webp","type":"image\/webp"}],"author":"Kohen","twitter_card":"summary_large_image","twitter_misc":{"\u4f5c\u8005":"Kohen","\u9884\u8ba1\u9605\u8bfb\u65f6\u95f4":"2 \u5206"},"schema":{"@context":"https:\/\/schema.org","@graph":[{"@type":"Article","@id":"https:\/\/kohenavocats.com\/zh-hans\/conseil-constitutionnel-le-6-mars-1959-n58-43\/#article","isPartOf":{"@id":"https:\/\/kohenavocats.com\/zh-hans\/conseil-constitutionnel-le-6-mars-1959-n58-43\/"},"author":{"name":"Kohen","@id":"https:\/\/kohenavocats.com\/zh-hans\/#\/schema\/person\/761c9ba54fa1ca84d405cef0831ff751"},"headline":"Conseil constitutionnel, le 6 mars 1959, n\u00b058-43","datePublished":"2026-04-27T15:22:01+00:00","mainEntityOfPage":{"@id":"https:\/\/kohenavocats.com\/zh-hans\/conseil-constitutionnel-le-6-mars-1959-n58-43\/"},"wordCount":427,"commentCount":0,"publisher":{"@id":"https:\/\/kohenavocats.com\/zh-hans\/#organization"},"image":{"@id":"https:\/\/kohenavocats.com\/zh-hans\/conseil-constitutionnel-le-6-mars-1959-n58-43\/#primaryimage"},"thumbnailUrl":"https:\/\/kohenavocats.com\/wp-content\/uploads\/2024\/11\/allec-gomes-Dk73Vli6eCs-unsplash.webp","articleSection":["Jurisprudence"],"inLanguage":"zh-Hans","potentialAction":[{"@type":"CommentAction","name":"Comment","target":["https:\/\/kohenavocats.com\/zh-hans\/conseil-constitutionnel-le-6-mars-1959-n58-43\/#respond"]}],"citation":"Conseil constitutionnel, le 6 mars 1959, n\u00b058-43","about":[{"@type":"Thing","name":"Jurisprudence"}],"dateModified":"2026-04-27T15:22:01+00:00","speakable":{"@type":"SpeakableSpecification","cssSelector":[".article-content > p:first-of-type"]}},{"@type":"WebPage","@id":"https:\/\/kohenavocats.com\/zh-hans\/conseil-constitutionnel-le-6-mars-1959-n58-43\/","url":"https:\/\/kohenavocats.com\/zh-hans\/conseil-constitutionnel-le-6-mars-1959-n58-43\/","name":"Conseil constitutionnel, le 6 mars 1959, n\u00b058-43 - Ma\u00eetre Hassan Kohen, avocat en droit p\u00e9nal \u00e0 Paris","isPartOf":{"@id":"https:\/\/kohenavocats.com\/zh-hans\/#website"},"primaryImageOfPage":{"@id":"https:\/\/kohenavocats.com\/zh-hans\/conseil-constitutionnel-le-6-mars-1959-n58-43\/#primaryimage"},"image":{"@id":"https:\/\/kohenavocats.com\/zh-hans\/conseil-constitutionnel-le-6-mars-1959-n58-43\/#primaryimage"},"thumbnailUrl":"https:\/\/kohenavocats.com\/wp-content\/uploads\/2024\/11\/allec-gomes-Dk73Vli6eCs-unsplash.webp","datePublished":"2026-04-27T15:22:01+00:00","description":"Le Conseil constitutionnel, dans sa d\u00e9cision du 6 mars 1959, a statu\u00e9 sur un contentieux \u00e9lectoral n\u00e9 de la publication d'une lettre minist\u00e9rielle. Un candid...","breadcrumb":{"@id":"https:\/\/kohenavocats.com\/zh-hans\/conseil-constitutionnel-le-6-mars-1959-n58-43\/#breadcrumb"},"inLanguage":"zh-Hans","potentialAction":[{"@type":"ReadAction","target":["https:\/\/kohenavocats.com\/zh-hans\/conseil-constitutionnel-le-6-mars-1959-n58-43\/"]}]},{"@type":"ImageObject","inLanguage":"zh-Hans","@id":"https:\/\/kohenavocats.com\/zh-hans\/conseil-constitutionnel-le-6-mars-1959-n58-43\/#primaryimage","url":"https:\/\/kohenavocats.com\/wp-content\/uploads\/2024\/11\/allec-gomes-Dk73Vli6eCs-unsplash.webp","contentUrl":"https:\/\/kohenavocats.com\/wp-content\/uploads\/2024\/11\/allec-gomes-Dk73Vli6eCs-unsplash.webp","width":6000,"height":9000},{"@type":"BreadcrumbList","@id":"https:\/\/kohenavocats.com\/zh-hans\/conseil-constitutionnel-le-6-mars-1959-n58-43\/#breadcrumb","itemListElement":[{"@type":"ListItem","position":1,"name":"Home","item":"https:\/\/kohenavocats.com\/zh-hans\/"},{"@type":"ListItem","position":2,"name":"Conseil constitutionnel, le 6 mars 1959, n\u00b058-43"}]},{"@type":"WebSite","@id":"https:\/\/kohenavocats.com\/zh-hans\/#website","url":"https:\/\/kohenavocats.com\/zh-hans\/","name":"Kohen Avocats","description":"Ma\u00eetre Hassan Kohen, avocat p\u00e9naliste \u00e0 Paris, intervient exclusivement en droit p\u00e9nal pour la d\u00e9fense des particuliers, notamment en mati\u00e8re d\u2019accusations de viol. Il assure un accompagnement rigoureux d\u00e8s la garde \u00e0 vue jusqu\u2019\u00e0 la Cour d\u2019assises, veillant au strict respect des garanties proc\u00e9durales.","publisher":{"@id":"https:\/\/kohenavocats.com\/zh-hans\/#organization"},"potentialAction":[{"@type":"SearchAction","target":{"@type":"EntryPoint","urlTemplate":"https:\/\/kohenavocats.com\/zh-hans\/?s={search_term_string}"},"query-input":{"@type":"PropertyValueSpecification","valueRequired":true,"valueName":"search_term_string"}}],"inLanguage":"zh-Hans"},{"@type":"Organization","@id":"https:\/\/kohenavocats.com\/zh-hans\/#organization","name":"Kohen Avocats","url":"https:\/\/kohenavocats.com\/zh-hans\/","logo":{"@type":"ImageObject","inLanguage":"zh-Hans","@id":"https:\/\/kohenavocats.com\/zh-hans\/#\/schema\/logo\/image\/","url":"https:\/\/kohenavocats.com\/wp-content\/uploads\/2026\/01\/Logo-2-1.webp","contentUrl":"https:\/\/kohenavocats.com\/wp-content\/uploads\/2026\/01\/Logo-2-1.webp","width":2114,"height":1253,"caption":"Kohen Avocats"},"image":{"@id":"https:\/\/kohenavocats.com\/zh-hans\/#\/schema\/logo\/image\/"}},{"@type":"Person","@id":"https:\/\/kohenavocats.com\/zh-hans\/#\/schema\/person\/761c9ba54fa1ca84d405cef0831ff751","name":"Kohen","image":{"@type":"ImageObject","inLanguage":"zh-Hans","@id":"https:\/\/secure.gravatar.com\/avatar\/1c5e76ef76bbbfdd2b4da984e2bf2fa4056fd51a27d25ce2c332047f1dfd6e00?s=96&d=identicon&r=g","url":"https:\/\/secure.gravatar.com\/avatar\/1c5e76ef76bbbfdd2b4da984e2bf2fa4056fd51a27d25ce2c332047f1dfd6e00?s=96&d=identicon&r=g","contentUrl":"https:\/\/secure.gravatar.com\/avatar\/1c5e76ef76bbbfdd2b4da984e2bf2fa4056fd51a27d25ce2c332047f1dfd6e00?s=96&d=identicon&r=g","caption":"Kohen"},"sameAs":["https:\/\/www.linkedin.com\/in\/hassan-kohen-448548192\/","https:\/\/www.youtube.com\/@Kohen-Avocats"],"url":"https:\/\/kohenavocats.com\/zh-hans\/author\/kohenmlk\/"}]}},"jetpack_featured_media_url":"https:\/\/kohenavocats.com\/wp-content\/uploads\/2024\/11\/allec-gomes-Dk73Vli6eCs-unsplash.webp","jetpack_likes_enabled":false,"jetpack_shortlink":"https:\/\/wp.me\/peCrII-2XpK","jetpack-related-posts":[{"id":705154,"url":"https:\/\/kohenavocats.com\/zh-hans\/conseil-constitutionnel-le-28-mai-1959-n59-210\/","url_meta":{"origin":705048,"position":0},"title":"Conseil constitutionnel, le 28 mai 1959, n\u00b059-210","author":"Kohen","date":"2026\u5e744\u670827\u65e5","format":false,"excerpt":"Le Conseil constitutionnel a rendu une d\u00e9cision le\u2026","rel":"","context":"\u5728\u201cConseil constitutionnel\u201d\u4e2d","block_context":{"text":"Conseil constitutionnel","link":"https:\/\/kohenavocats.com\/category\/jurisprudence-constitutionnelle\/"},"img":{"alt_text":"","src":"https:\/\/i0.wp.com\/kohenavocats.com\/wp-content\/uploads\/2024\/08\/isaiah-b-pwS850MaFYo-unsplash.webp?resize=350%2C200&ssl=1","width":350,"height":200,"srcset":"https:\/\/i0.wp.com\/kohenavocats.com\/wp-content\/uploads\/2024\/08\/isaiah-b-pwS850MaFYo-unsplash.webp?resize=350%2C200&ssl=1 1x, https:\/\/i0.wp.com\/kohenavocats.com\/wp-content\/uploads\/2024\/08\/isaiah-b-pwS850MaFYo-unsplash.webp?resize=525%2C300&ssl=1 1.5x, https:\/\/i0.wp.com\/kohenavocats.com\/wp-content\/uploads\/2024\/08\/isaiah-b-pwS850MaFYo-unsplash.webp?resize=700%2C400&ssl=1 2x, https:\/\/i0.wp.com\/kohenavocats.com\/wp-content\/uploads\/2024\/08\/isaiah-b-pwS850MaFYo-unsplash.webp?resize=1050%2C600&ssl=1 3x, https:\/\/i0.wp.com\/kohenavocats.com\/wp-content\/uploads\/2024\/08\/isaiah-b-pwS850MaFYo-unsplash.webp?resize=1400%2C800&ssl=1 4x"},"classes":[]},{"id":705191,"url":"https:\/\/kohenavocats.com\/zh-hans\/conseil-constitutionnel-le-16-juin-1959-n59-223\/","url_meta":{"origin":705048,"position":1},"title":"Conseil constitutionnel, le 16 juin 1959, n\u00b059-223","author":"Kohen","date":"2026\u5e744\u670827\u65e5","format":false,"excerpt":"Le Conseil constitutionnel a rendu une d\u00e9cision le\u2026","rel":"","context":"\u5728\u201cConseil constitutionnel\u201d\u4e2d","block_context":{"text":"Conseil constitutionnel","link":"https:\/\/kohenavocats.com\/category\/jurisprudence-constitutionnelle\/"},"img":{"alt_text":"","src":"https:\/\/i0.wp.com\/kohenavocats.com\/wp-content\/uploads\/2024\/08\/daniele-d-andreti-ud9u7beav2s-unsplash.webp?resize=350%2C200&ssl=1","width":350,"height":200,"srcset":"https:\/\/i0.wp.com\/kohenavocats.com\/wp-content\/uploads\/2024\/08\/daniele-d-andreti-ud9u7beav2s-unsplash.webp?resize=350%2C200&ssl=1 1x, https:\/\/i0.wp.com\/kohenavocats.com\/wp-content\/uploads\/2024\/08\/daniele-d-andreti-ud9u7beav2s-unsplash.webp?resize=525%2C300&ssl=1 1.5x, https:\/\/i0.wp.com\/kohenavocats.com\/wp-content\/uploads\/2024\/08\/daniele-d-andreti-ud9u7beav2s-unsplash.webp?resize=700%2C400&ssl=1 2x, https:\/\/i0.wp.com\/kohenavocats.com\/wp-content\/uploads\/2024\/08\/daniele-d-andreti-ud9u7beav2s-unsplash.webp?resize=1050%2C600&ssl=1 3x, https:\/\/i0.wp.com\/kohenavocats.com\/wp-content\/uploads\/2024\/08\/daniele-d-andreti-ud9u7beav2s-unsplash.webp?resize=1400%2C800&ssl=1 4x"},"classes":[]},{"id":705179,"url":"https:\/\/kohenavocats.com\/zh-hans\/conseil-constitutionnel-le-16-juin-1959-n59-212\/","url_meta":{"origin":705048,"position":2},"title":"Conseil constitutionnel, le 16 juin 1959, n\u00b059-212","author":"Kohen","date":"2026\u5e744\u670827\u65e5","format":false,"excerpt":"Le Conseil constitutionnel a rendu une d\u00e9cision le\u2026","rel":"","context":"\u5728\u201cConseil constitutionnel\u201d\u4e2d","block_context":{"text":"Conseil constitutionnel","link":"https:\/\/kohenavocats.com\/category\/jurisprudence-constitutionnelle\/"},"img":{"alt_text":"","src":"https:\/\/i0.wp.com\/kohenavocats.com\/wp-content\/uploads\/2024\/08\/zhu-yunxiao-M-RTlATkDWU-unsplash.webp?resize=350%2C200&ssl=1","width":350,"height":200,"srcset":"https:\/\/i0.wp.com\/kohenavocats.com\/wp-content\/uploads\/2024\/08\/zhu-yunxiao-M-RTlATkDWU-unsplash.webp?resize=350%2C200&ssl=1 1x, https:\/\/i0.wp.com\/kohenavocats.com\/wp-content\/uploads\/2024\/08\/zhu-yunxiao-M-RTlATkDWU-unsplash.webp?resize=525%2C300&ssl=1 1.5x, https:\/\/i0.wp.com\/kohenavocats.com\/wp-content\/uploads\/2024\/08\/zhu-yunxiao-M-RTlATkDWU-unsplash.webp?resize=700%2C400&ssl=1 2x, https:\/\/i0.wp.com\/kohenavocats.com\/wp-content\/uploads\/2024\/08\/zhu-yunxiao-M-RTlATkDWU-unsplash.webp?resize=1050%2C600&ssl=1 3x, https:\/\/i0.wp.com\/kohenavocats.com\/wp-content\/uploads\/2024\/08\/zhu-yunxiao-M-RTlATkDWU-unsplash.webp?resize=1400%2C800&ssl=1 4x"},"classes":[]},{"id":705282,"url":"https:\/\/kohenavocats.com\/zh-hans\/conseil-constitutionnel-le-6-fevrier-1959-n58-67\/","url_meta":{"origin":705048,"position":3},"title":"Conseil constitutionnel, le 6 f\u00e9vrier 1959, n\u00b058-67","author":"Kohen","date":"2026\u5e744\u670827\u65e5","format":false,"excerpt":"La Commission constitutionnelle provisoire, dans u\u2026","rel":"","context":"\u5728\u201cConseil constitutionnel\u201d\u4e2d","block_context":{"text":"Conseil constitutionnel","link":"https:\/\/kohenavocats.com\/category\/jurisprudence-constitutionnelle\/"},"img":{"alt_text":"","src":"https:\/\/i0.wp.com\/kohenavocats.com\/wp-content\/uploads\/2024\/11\/michael-tucker-Zd_0XzZevtI-unsplash.webp?resize=350%2C200&ssl=1","width":350,"height":200,"srcset":"https:\/\/i0.wp.com\/kohenavocats.com\/wp-content\/uploads\/2024\/11\/michael-tucker-Zd_0XzZevtI-unsplash.webp?resize=350%2C200&ssl=1 1x, https:\/\/i0.wp.com\/kohenavocats.com\/wp-content\/uploads\/2024\/11\/michael-tucker-Zd_0XzZevtI-unsplash.webp?resize=525%2C300&ssl=1 1.5x, https:\/\/i0.wp.com\/kohenavocats.com\/wp-content\/uploads\/2024\/11\/michael-tucker-Zd_0XzZevtI-unsplash.webp?resize=700%2C400&ssl=1 2x, https:\/\/i0.wp.com\/kohenavocats.com\/wp-content\/uploads\/2024\/11\/michael-tucker-Zd_0XzZevtI-unsplash.webp?resize=1050%2C600&ssl=1 3x, https:\/\/i0.wp.com\/kohenavocats.com\/wp-content\/uploads\/2024\/11\/michael-tucker-Zd_0XzZevtI-unsplash.webp?resize=1400%2C800&ssl=1 4x"},"classes":[]},{"id":705121,"url":"https:\/\/kohenavocats.com\/zh-hans\/conseil-constitutionnel-le-27-novembre-1959-n59-231\/","url_meta":{"origin":705048,"position":4},"title":"Conseil constitutionnel, le 27 novembre 1959, n\u00b059-231","author":"Kohen","date":"2026\u5e744\u670827\u65e5","format":false,"excerpt":"Le Conseil constitutionnel a rendu une d\u00e9cision le\u2026","rel":"","context":"\u5728\u201cConseil constitutionnel\u201d\u4e2d","block_context":{"text":"Conseil constitutionnel","link":"https:\/\/kohenavocats.com\/category\/jurisprudence-constitutionnelle\/"},"img":{"alt_text":"","src":"https:\/\/i0.wp.com\/kohenavocats.com\/wp-content\/uploads\/2024\/07\/valdemaras-d-7VPFyhB_j8Y-unsplash.webp?resize=350%2C200&ssl=1","width":350,"height":200,"srcset":"https:\/\/i0.wp.com\/kohenavocats.com\/wp-content\/uploads\/2024\/07\/valdemaras-d-7VPFyhB_j8Y-unsplash.webp?resize=350%2C200&ssl=1 1x, https:\/\/i0.wp.com\/kohenavocats.com\/wp-content\/uploads\/2024\/07\/valdemaras-d-7VPFyhB_j8Y-unsplash.webp?resize=525%2C300&ssl=1 1.5x, https:\/\/i0.wp.com\/kohenavocats.com\/wp-content\/uploads\/2024\/07\/valdemaras-d-7VPFyhB_j8Y-unsplash.webp?resize=700%2C400&ssl=1 2x, https:\/\/i0.wp.com\/kohenavocats.com\/wp-content\/uploads\/2024\/07\/valdemaras-d-7VPFyhB_j8Y-unsplash.webp?resize=1050%2C600&ssl=1 3x, https:\/\/i0.wp.com\/kohenavocats.com\/wp-content\/uploads\/2024\/07\/valdemaras-d-7VPFyhB_j8Y-unsplash.webp?resize=1400%2C800&ssl=1 4x"},"classes":[]},{"id":705055,"url":"https:\/\/kohenavocats.com\/zh-hans\/conseil-constitutionnel-le-5-fevrier-1959-n58-77\/","url_meta":{"origin":705048,"position":5},"title":"Conseil constitutionnel, le 5 f\u00e9vrier 1959, n\u00b058-77","author":"Kohen","date":"2026\u5e744\u670827\u65e5","format":false,"excerpt":"Le Conseil constitutionnel, dans une d\u00e9cision du 5\u2026","rel":"","context":"\u5728\u201cJurisprudence\u201d\u4e2d","block_context":{"text":"Jurisprudence","link":"https:\/\/kohenavocats.com\/category\/jurisprudence\/"},"img":{"alt_text":"","src":"https:\/\/i0.wp.com\/kohenavocats.com\/wp-content\/uploads\/2024\/05\/daniele-d-andreti-mGH4FxehE2s-unsplash.webp?resize=350%2C200&ssl=1","width":350,"height":200,"srcset":"https:\/\/i0.wp.com\/kohenavocats.com\/wp-content\/uploads\/2024\/05\/daniele-d-andreti-mGH4FxehE2s-unsplash.webp?resize=350%2C200&ssl=1 1x, https:\/\/i0.wp.com\/kohenavocats.com\/wp-content\/uploads\/2024\/05\/daniele-d-andreti-mGH4FxehE2s-unsplash.webp?resize=525%2C300&ssl=1 1.5x, https:\/\/i0.wp.com\/kohenavocats.com\/wp-content\/uploads\/2024\/05\/daniele-d-andreti-mGH4FxehE2s-unsplash.webp?resize=700%2C400&ssl=1 2x, https:\/\/i0.wp.com\/kohenavocats.com\/wp-content\/uploads\/2024\/05\/daniele-d-andreti-mGH4FxehE2s-unsplash.webp?resize=1050%2C600&ssl=1 3x, https:\/\/i0.wp.com\/kohenavocats.com\/wp-content\/uploads\/2024\/05\/daniele-d-andreti-mGH4FxehE2s-unsplash.webp?resize=1400%2C800&ssl=1 4x"},"classes":[]}],"jetpack_sharing_enabled":true,"_links":{"self":[{"href":"https:\/\/kohenavocats.com\/zh-hans\/wp-json\/wp\/v2\/posts\/705048","targetHints":{"allow":["GET"]}}],"collection":[{"href":"https:\/\/kohenavocats.com\/zh-hans\/wp-json\/wp\/v2\/posts"}],"about":[{"href":"https:\/\/kohenavocats.com\/zh-hans\/wp-json\/wp\/v2\/types\/post"}],"author":[{"embeddable":true,"href":"https:\/\/kohenavocats.com\/zh-hans\/wp-json\/wp\/v2\/users\/232070755"}],"replies":[{"embeddable":true,"href":"https:\/\/kohenavocats.com\/zh-hans\/wp-json\/wp\/v2\/comments?post=705048"}],"version-history":[{"count":0,"href":"https:\/\/kohenavocats.com\/zh-hans\/wp-json\/wp\/v2\/posts\/705048\/revisions"}],"wp:featuredmedia":[{"embeddable":true,"href":"https:\/\/kohenavocats.com\/zh-hans\/wp-json\/wp\/v2\/media\/9602"}],"wp:attachment":[{"href":"https:\/\/kohenavocats.com\/zh-hans\/wp-json\/wp\/v2\/media?parent=705048"}],"wp:term":[{"taxonomy":"category","embeddable":true,"href":"https:\/\/kohenavocats.com\/zh-hans\/wp-json\/wp\/v2\/categories?post=705048"},{"taxonomy":"post_tag","embeddable":true,"href":"https:\/\/kohenavocats.com\/zh-hans\/wp-json\/wp\/v2\/tags?post=705048"}],"curies":[{"name":"wp","href":"https:\/\/api.w.org\/{rel}","templated":true}]}}