{"id":705051,"date":"2026-04-27T17:22:13","date_gmt":"2026-04-27T15:22:13","guid":{"rendered":"https:\/\/kohenavocats.com\/conseil-constitutionnel-le-8-mars-1960-n58-36\/"},"modified":"2026-04-27T17:22:13","modified_gmt":"2026-04-27T15:22:13","slug":"conseil-constitutionnel-le-8-mars-1960-n58-36","status":"publish","type":"post","link":"https:\/\/kohenavocats.com\/zh-hans\/conseil-constitutionnel-le-8-mars-1960-n58-36\/","title":{"rendered":"Conseil constitutionnel, le 8 mars 1960, n\u00b058-36"},"content":{"rendered":"<div class=\"article-content\">\n<p>Le Conseil constitutionnel, dans sa d\u00e9cision du 8 mars 1960, rejette la requ\u00eate en annulation de l\u2019\u00e9lection d\u2019un d\u00e9put\u00e9 de Paris. Le requ\u00e9rant, candidat battu, contestait la r\u00e9gularit\u00e9 du scrutin en invoquant plusieurs griefs. Il soutenait notamment que l\u2019\u00e9lu avait diffus\u00e9 une affiche l\u2019accusant d\u2019un faux, causant ainsi un pr\u00e9judice dans l\u2019esprit des \u00e9lecteurs. La question de droit portait sur l\u2019appr\u00e9ciation de la gravit\u00e9 des irr\u00e9gularit\u00e9s de propagande \u00e9lectorale. Le Conseil constitutionnel a estim\u00e9 que les griefs n\u2019\u00e9taient pas de nature \u00e0 justifier l\u2019annulation de l\u2019\u00e9lection.<\/p>\n<p>La libert\u00e9 d\u2019expression du candidat attaqu\u00e9 est reconnue face \u00e0 une irr\u00e9gularit\u00e9 pr\u00e9alable.<\/p>\n<p>Le Conseil rel\u00e8ve d\u2019abord que le candidat battu a lui-m\u00eame commis une irr\u00e9gularit\u00e9 en publiant un texte sur le panneau de son concurrent. Il pr\u00e9cise que \u201cle sieur Barr\u00e8s a n\u00e9anmoins commis une irr\u00e9gularit\u00e9 en les publiant sur le panneau du sieur Gu\u00e9rard sous une forme qui permettait de supposer qu\u2019elles \u00e9manaient directement de ce dernier\u201d (consid\u00e9rant 2). Le Conseil juge ensuite que l\u2019\u00e9lu, bien qu\u2019ayant employ\u00e9 une forme excessive, \u00e9tait fond\u00e9 \u00e0 reprocher cette faute. \u201cle sieur Legaret, s\u2019il s\u2019est exprim\u00e9 sous une forme excessive et susceptible elle aussi d\u2019une fausse interpr\u00e9tation, \u00e9tait cependant fond\u00e9 \u00e0 reprocher cette irr\u00e9gularit\u00e9 au sieur Barr\u00e8s\u201d (consid\u00e9rant 3). Cette solution consacre un principe de r\u00e9ciprocit\u00e9 dans l\u2019appr\u00e9ciation des fautes de propagande. Sa valeur est d\u2019\u00e9tablir un \u00e9quilibre entre la libert\u00e9 d\u2019expression et la loyaut\u00e9 du d\u00e9bat \u00e9lectoral. La port\u00e9e de ce consid\u00e9rant est de limiter le contentieux \u00e9lectoral aux seules irr\u00e9gularit\u00e9s unilat\u00e9rales et d\u00e9cisives.<\/p>\n<p>Les autres griefs sont \u00e9cart\u00e9s faute de preuve ou de caract\u00e8re d\u00e9terminant sur le scrutin.<\/p>\n<p>Le Conseil constate que l\u2019apposition d\u2019affiches apr\u00e8s le d\u00e9lai l\u00e9gal n\u2019est pas \u00e9tablie par l\u2019instruction. \u201cLe fait pour le sieur Legaret d\u2019avoir appos\u00e9 des affiches post\u00e9rieurement au d\u00e9lai fix\u00e9 par le d\u00e9cret du 30 octobre 1958 ne peut \u00eatre tenu pour \u00e9tabli\u201d (consid\u00e9rant 4). Il \u00e9carte \u00e9galement le grief relatif \u00e0 une circulaire du Centre national des Ind\u00e9pendants, dont l\u2019origine politique n\u2019est pas contest\u00e9e. \u201cil est n\u00e9anmoins \u00e9tabli qu\u2019elle \u00e9mane bien du \u2018Centre national des Ind\u00e9pendants\u2019 qui n\u2019en conteste d\u2019ailleurs nullement l\u2019origine\u201d (consid\u00e9rant 5). La valeur de cette motivation est de rappeler que la charge de la preuve incombe au requ\u00e9rant. Sa port\u00e9e est de refuser d\u2019annuler une \u00e9lection pour des irr\u00e9gularit\u00e9s mineures ou non d\u00e9montr\u00e9es. Enfin, le Conseil conclut que, \u201ceu \u00e9gard notamment \u00e0 l\u2019\u00e9cart des voix recueillies par les concurrents, les griefs invoqu\u00e9s par le requ\u00e9rant ne sont pas de nature \u00e0 justifier l\u2019annulation de l\u2019\u00e9lection contest\u00e9e\u201d (consid\u00e9rant 6). Ce consid\u00e9rant final ancre le contr\u00f4le dans une appr\u00e9ciation concr\u00e8te de l\u2019influence des faits sur le r\u00e9sultat du scrutin.<\/p>\n<\/div>\n","protected":false},"excerpt":{"rendered":"<p>Le Conseil constitutionnel, dans sa d\u00e9cision du 8 mars 1960, rejette la requ\u00eate en annulation de l\u2019\u00e9lection d\u2019un d\u00e9put\u00e9 de Paris. Le requ\u00e9rant, candidat batt&#8230;<\/p>\n","protected":false},"author":232070755,"featured_media":4676,"comment_status":"open","ping_status":"open","sticky":false,"template":"","format":"standard","meta":{"_crdt_document":"","_jetpack_newsletter_access":"","_jetpack_dont_email_post_to_subs":false,"_jetpack_newsletter_tier_id":0,"_jetpack_memberships_contains_paywalled_content":false,"_kj_source_type":"","_kj_official_id":"","_kj_official_url":"","_kj_judilibre_id":"","_kj_jur":"","_kj_lieu":"","_kj_chambre":"","_kj_rg":"","_kj_date":"","_jetpack_memberships_contains_paid_content":false,"footnotes":"","jetpack_post_was_ever_published":false},"categories":[7597],"tags":[],"class_list":["post-705051","post","type-post","status-publish","format-standard","has-post-thumbnail","hentry","category-jurisprudence"],"yoast_head":"<!-- This site is optimized with the Yoast SEO Premium plugin v27.4 (Yoast SEO v27.4) - https:\/\/yoast.com\/product\/yoast-seo-premium-wordpress\/ -->\n<title>Conseil constitutionnel, le 8 mars 1960, n\u00b058-36 - Ma\u00eetre Hassan Kohen, avocat en droit p\u00e9nal \u00e0 Paris<\/title>\n<meta name=\"description\" content=\"Le Conseil constitutionnel, dans sa d\u00e9cision du 8 mars 1960, rejette la requ\u00eate en annulation de l\u2019\u00e9lection d\u2019un d\u00e9put\u00e9 de Paris. Le requ\u00e9rant, candidat batt...\" \/>\n<meta name=\"robots\" content=\"index, follow, max-snippet:-1, max-image-preview:large, max-video-preview:-1\" \/>\n<link rel=\"canonical\" href=\"https:\/\/kohenavocats.com\/zh-hans\/conseil-constitutionnel-le-8-mars-1960-n58-36\/\" \/>\n<meta property=\"og:locale\" content=\"zh_CN\" \/>\n<meta property=\"og:type\" content=\"article\" \/>\n<meta property=\"og:title\" content=\"Conseil constitutionnel, le 8 mars 1960, n\u00b058-36\" \/>\n<meta property=\"og:description\" content=\"Le Conseil constitutionnel, dans sa d\u00e9cision du 8 mars 1960, rejette la requ\u00eate en annulation de l\u2019\u00e9lection d\u2019un d\u00e9put\u00e9 de Paris. Le requ\u00e9rant, candidat batt...\" \/>\n<meta property=\"og:url\" content=\"https:\/\/kohenavocats.com\/zh-hans\/conseil-constitutionnel-le-8-mars-1960-n58-36\/\" \/>\n<meta property=\"og:site_name\" content=\"Ma\u00eetre Hassan Kohen, avocat en droit p\u00e9nal \u00e0 Paris\" \/>\n<meta property=\"article:published_time\" content=\"2026-04-27T15:22:13+00:00\" \/>\n<meta property=\"og:image\" content=\"https:\/\/kohenavocats.com\/wp-content\/uploads\/2024\/08\/alice-P1D60RN7KuQ-unsplash.webp\" \/>\n\t<meta property=\"og:image:width\" content=\"4000\" \/>\n\t<meta property=\"og:image:height\" content=\"3000\" \/>\n\t<meta property=\"og:image:type\" content=\"image\/webp\" \/>\n<meta name=\"author\" content=\"Kohen\" \/>\n<meta name=\"twitter:card\" content=\"summary_large_image\" \/>\n<meta name=\"twitter:label1\" content=\"\u4f5c\u8005\" \/>\n\t<meta name=\"twitter:data1\" content=\"Kohen\" \/>\n\t<meta name=\"twitter:label2\" content=\"\u9884\u8ba1\u9605\u8bfb\u65f6\u95f4\" \/>\n\t<meta name=\"twitter:data2\" content=\"3 \u5206\" \/>\n<script type=\"application\/ld+json\" class=\"yoast-schema-graph\">{\"@context\":\"https:\\\/\\\/schema.org\",\"@graph\":[{\"@type\":\"Article\",\"@id\":\"https:\\\/\\\/kohenavocats.com\\\/zh-hans\\\/conseil-constitutionnel-le-8-mars-1960-n58-36\\\/#article\",\"isPartOf\":{\"@id\":\"https:\\\/\\\/kohenavocats.com\\\/zh-hans\\\/conseil-constitutionnel-le-8-mars-1960-n58-36\\\/\"},\"author\":{\"name\":\"Kohen\",\"@id\":\"https:\\\/\\\/kohenavocats.com\\\/zh-hans\\\/#\\\/schema\\\/person\\\/761c9ba54fa1ca84d405cef0831ff751\"},\"headline\":\"Conseil constitutionnel, le 8 mars 1960, n\u00b058-36\",\"datePublished\":\"2026-04-27T15:22:13+00:00\",\"mainEntityOfPage\":{\"@id\":\"https:\\\/\\\/kohenavocats.com\\\/zh-hans\\\/conseil-constitutionnel-le-8-mars-1960-n58-36\\\/\"},\"wordCount\":525,\"commentCount\":0,\"publisher\":{\"@id\":\"https:\\\/\\\/kohenavocats.com\\\/zh-hans\\\/#organization\"},\"image\":{\"@id\":\"https:\\\/\\\/kohenavocats.com\\\/zh-hans\\\/conseil-constitutionnel-le-8-mars-1960-n58-36\\\/#primaryimage\"},\"thumbnailUrl\":\"https:\\\/\\\/kohenavocats.com\\\/wp-content\\\/uploads\\\/2024\\\/08\\\/alice-P1D60RN7KuQ-unsplash.webp\",\"articleSection\":[\"Jurisprudence\"],\"inLanguage\":\"zh-Hans\",\"potentialAction\":[{\"@type\":\"CommentAction\",\"name\":\"Comment\",\"target\":[\"https:\\\/\\\/kohenavocats.com\\\/zh-hans\\\/conseil-constitutionnel-le-8-mars-1960-n58-36\\\/#respond\"]}],\"citation\":\"Conseil constitutionnel, le 8 mars 1960, n\u00b058-36\",\"about\":[{\"@type\":\"Thing\",\"name\":\"Jurisprudence\"}],\"dateModified\":\"2026-04-27T15:22:13+00:00\",\"speakable\":{\"@type\":\"SpeakableSpecification\",\"cssSelector\":[\".article-content > p:first-of-type\"]}},{\"@type\":\"WebPage\",\"@id\":\"https:\\\/\\\/kohenavocats.com\\\/zh-hans\\\/conseil-constitutionnel-le-8-mars-1960-n58-36\\\/\",\"url\":\"https:\\\/\\\/kohenavocats.com\\\/zh-hans\\\/conseil-constitutionnel-le-8-mars-1960-n58-36\\\/\",\"name\":\"Conseil constitutionnel, le 8 mars 1960, n\u00b058-36 - Ma\u00eetre Hassan Kohen, avocat en droit p\u00e9nal \u00e0 Paris\",\"isPartOf\":{\"@id\":\"https:\\\/\\\/kohenavocats.com\\\/zh-hans\\\/#website\"},\"primaryImageOfPage\":{\"@id\":\"https:\\\/\\\/kohenavocats.com\\\/zh-hans\\\/conseil-constitutionnel-le-8-mars-1960-n58-36\\\/#primaryimage\"},\"image\":{\"@id\":\"https:\\\/\\\/kohenavocats.com\\\/zh-hans\\\/conseil-constitutionnel-le-8-mars-1960-n58-36\\\/#primaryimage\"},\"thumbnailUrl\":\"https:\\\/\\\/kohenavocats.com\\\/wp-content\\\/uploads\\\/2024\\\/08\\\/alice-P1D60RN7KuQ-unsplash.webp\",\"datePublished\":\"2026-04-27T15:22:13+00:00\",\"description\":\"Le Conseil constitutionnel, dans sa d\u00e9cision du 8 mars 1960, rejette la requ\u00eate en annulation de l\u2019\u00e9lection d\u2019un d\u00e9put\u00e9 de Paris. Le requ\u00e9rant, candidat batt...\",\"breadcrumb\":{\"@id\":\"https:\\\/\\\/kohenavocats.com\\\/zh-hans\\\/conseil-constitutionnel-le-8-mars-1960-n58-36\\\/#breadcrumb\"},\"inLanguage\":\"zh-Hans\",\"potentialAction\":[{\"@type\":\"ReadAction\",\"target\":[\"https:\\\/\\\/kohenavocats.com\\\/zh-hans\\\/conseil-constitutionnel-le-8-mars-1960-n58-36\\\/\"]}]},{\"@type\":\"ImageObject\",\"inLanguage\":\"zh-Hans\",\"@id\":\"https:\\\/\\\/kohenavocats.com\\\/zh-hans\\\/conseil-constitutionnel-le-8-mars-1960-n58-36\\\/#primaryimage\",\"url\":\"https:\\\/\\\/kohenavocats.com\\\/wp-content\\\/uploads\\\/2024\\\/08\\\/alice-P1D60RN7KuQ-unsplash.webp\",\"contentUrl\":\"https:\\\/\\\/kohenavocats.com\\\/wp-content\\\/uploads\\\/2024\\\/08\\\/alice-P1D60RN7KuQ-unsplash.webp\",\"width\":4000,\"height\":3000},{\"@type\":\"BreadcrumbList\",\"@id\":\"https:\\\/\\\/kohenavocats.com\\\/zh-hans\\\/conseil-constitutionnel-le-8-mars-1960-n58-36\\\/#breadcrumb\",\"itemListElement\":[{\"@type\":\"ListItem\",\"position\":1,\"name\":\"Home\",\"item\":\"https:\\\/\\\/kohenavocats.com\\\/zh-hans\\\/\"},{\"@type\":\"ListItem\",\"position\":2,\"name\":\"Conseil constitutionnel, le 8 mars 1960, n\u00b058-36\"}]},{\"@type\":\"WebSite\",\"@id\":\"https:\\\/\\\/kohenavocats.com\\\/zh-hans\\\/#website\",\"url\":\"https:\\\/\\\/kohenavocats.com\\\/zh-hans\\\/\",\"name\":\"Kohen Avocats\",\"description\":\"Ma\u00eetre Hassan Kohen, avocat p\u00e9naliste \u00e0 Paris, intervient exclusivement en droit p\u00e9nal pour la d\u00e9fense des particuliers, notamment en mati\u00e8re d\u2019accusations de viol. Il assure un accompagnement rigoureux d\u00e8s la garde \u00e0 vue jusqu\u2019\u00e0 la Cour d\u2019assises, veillant au strict respect des garanties proc\u00e9durales.\",\"publisher\":{\"@id\":\"https:\\\/\\\/kohenavocats.com\\\/zh-hans\\\/#organization\"},\"potentialAction\":[{\"@type\":\"SearchAction\",\"target\":{\"@type\":\"EntryPoint\",\"urlTemplate\":\"https:\\\/\\\/kohenavocats.com\\\/zh-hans\\\/?s={search_term_string}\"},\"query-input\":{\"@type\":\"PropertyValueSpecification\",\"valueRequired\":true,\"valueName\":\"search_term_string\"}}],\"inLanguage\":\"zh-Hans\"},{\"@type\":\"Organization\",\"@id\":\"https:\\\/\\\/kohenavocats.com\\\/zh-hans\\\/#organization\",\"name\":\"Kohen Avocats\",\"url\":\"https:\\\/\\\/kohenavocats.com\\\/zh-hans\\\/\",\"logo\":{\"@type\":\"ImageObject\",\"inLanguage\":\"zh-Hans\",\"@id\":\"https:\\\/\\\/kohenavocats.com\\\/zh-hans\\\/#\\\/schema\\\/logo\\\/image\\\/\",\"url\":\"https:\\\/\\\/kohenavocats.com\\\/wp-content\\\/uploads\\\/2026\\\/01\\\/Logo-2-1.webp\",\"contentUrl\":\"https:\\\/\\\/kohenavocats.com\\\/wp-content\\\/uploads\\\/2026\\\/01\\\/Logo-2-1.webp\",\"width\":2114,\"height\":1253,\"caption\":\"Kohen Avocats\"},\"image\":{\"@id\":\"https:\\\/\\\/kohenavocats.com\\\/zh-hans\\\/#\\\/schema\\\/logo\\\/image\\\/\"}},{\"@type\":\"Person\",\"@id\":\"https:\\\/\\\/kohenavocats.com\\\/zh-hans\\\/#\\\/schema\\\/person\\\/761c9ba54fa1ca84d405cef0831ff751\",\"name\":\"Kohen\",\"image\":{\"@type\":\"ImageObject\",\"inLanguage\":\"zh-Hans\",\"@id\":\"https:\\\/\\\/secure.gravatar.com\\\/avatar\\\/1c5e76ef76bbbfdd2b4da984e2bf2fa4056fd51a27d25ce2c332047f1dfd6e00?s=96&d=identicon&r=g\",\"url\":\"https:\\\/\\\/secure.gravatar.com\\\/avatar\\\/1c5e76ef76bbbfdd2b4da984e2bf2fa4056fd51a27d25ce2c332047f1dfd6e00?s=96&d=identicon&r=g\",\"contentUrl\":\"https:\\\/\\\/secure.gravatar.com\\\/avatar\\\/1c5e76ef76bbbfdd2b4da984e2bf2fa4056fd51a27d25ce2c332047f1dfd6e00?s=96&d=identicon&r=g\",\"caption\":\"Kohen\"},\"sameAs\":[\"https:\\\/\\\/www.linkedin.com\\\/in\\\/hassan-kohen-448548192\\\/\",\"https:\\\/\\\/www.youtube.com\\\/@Kohen-Avocats\"],\"url\":\"https:\\\/\\\/kohenavocats.com\\\/zh-hans\\\/author\\\/kohenmlk\\\/\"}]}<\/script>\n<!-- \/ Yoast SEO Premium plugin. -->","yoast_head_json":{"title":"Conseil constitutionnel, le 8 mars 1960, n\u00b058-36 - Ma\u00eetre Hassan Kohen, avocat en droit p\u00e9nal \u00e0 Paris","description":"Le Conseil constitutionnel, dans sa d\u00e9cision du 8 mars 1960, rejette la requ\u00eate en annulation de l\u2019\u00e9lection d\u2019un d\u00e9put\u00e9 de Paris. Le requ\u00e9rant, candidat batt...","robots":{"index":"index","follow":"follow","max-snippet":"max-snippet:-1","max-image-preview":"max-image-preview:large","max-video-preview":"max-video-preview:-1"},"canonical":"https:\/\/kohenavocats.com\/zh-hans\/conseil-constitutionnel-le-8-mars-1960-n58-36\/","og_locale":"zh_CN","og_type":"article","og_title":"Conseil constitutionnel, le 8 mars 1960, n\u00b058-36","og_description":"Le Conseil constitutionnel, dans sa d\u00e9cision du 8 mars 1960, rejette la requ\u00eate en annulation de l\u2019\u00e9lection d\u2019un d\u00e9put\u00e9 de Paris. Le requ\u00e9rant, candidat batt...","og_url":"https:\/\/kohenavocats.com\/zh-hans\/conseil-constitutionnel-le-8-mars-1960-n58-36\/","og_site_name":"Ma\u00eetre Hassan Kohen, avocat en droit p\u00e9nal \u00e0 Paris","article_published_time":"2026-04-27T15:22:13+00:00","og_image":[{"width":4000,"height":3000,"url":"https:\/\/kohenavocats.com\/wp-content\/uploads\/2024\/08\/alice-P1D60RN7KuQ-unsplash.webp","type":"image\/webp"}],"author":"Kohen","twitter_card":"summary_large_image","twitter_misc":{"\u4f5c\u8005":"Kohen","\u9884\u8ba1\u9605\u8bfb\u65f6\u95f4":"3 \u5206"},"schema":{"@context":"https:\/\/schema.org","@graph":[{"@type":"Article","@id":"https:\/\/kohenavocats.com\/zh-hans\/conseil-constitutionnel-le-8-mars-1960-n58-36\/#article","isPartOf":{"@id":"https:\/\/kohenavocats.com\/zh-hans\/conseil-constitutionnel-le-8-mars-1960-n58-36\/"},"author":{"name":"Kohen","@id":"https:\/\/kohenavocats.com\/zh-hans\/#\/schema\/person\/761c9ba54fa1ca84d405cef0831ff751"},"headline":"Conseil constitutionnel, le 8 mars 1960, n\u00b058-36","datePublished":"2026-04-27T15:22:13+00:00","mainEntityOfPage":{"@id":"https:\/\/kohenavocats.com\/zh-hans\/conseil-constitutionnel-le-8-mars-1960-n58-36\/"},"wordCount":525,"commentCount":0,"publisher":{"@id":"https:\/\/kohenavocats.com\/zh-hans\/#organization"},"image":{"@id":"https:\/\/kohenavocats.com\/zh-hans\/conseil-constitutionnel-le-8-mars-1960-n58-36\/#primaryimage"},"thumbnailUrl":"https:\/\/kohenavocats.com\/wp-content\/uploads\/2024\/08\/alice-P1D60RN7KuQ-unsplash.webp","articleSection":["Jurisprudence"],"inLanguage":"zh-Hans","potentialAction":[{"@type":"CommentAction","name":"Comment","target":["https:\/\/kohenavocats.com\/zh-hans\/conseil-constitutionnel-le-8-mars-1960-n58-36\/#respond"]}],"citation":"Conseil constitutionnel, le 8 mars 1960, n\u00b058-36","about":[{"@type":"Thing","name":"Jurisprudence"}],"dateModified":"2026-04-27T15:22:13+00:00","speakable":{"@type":"SpeakableSpecification","cssSelector":[".article-content > p:first-of-type"]}},{"@type":"WebPage","@id":"https:\/\/kohenavocats.com\/zh-hans\/conseil-constitutionnel-le-8-mars-1960-n58-36\/","url":"https:\/\/kohenavocats.com\/zh-hans\/conseil-constitutionnel-le-8-mars-1960-n58-36\/","name":"Conseil constitutionnel, le 8 mars 1960, n\u00b058-36 - Ma\u00eetre Hassan Kohen, avocat en droit p\u00e9nal \u00e0 Paris","isPartOf":{"@id":"https:\/\/kohenavocats.com\/zh-hans\/#website"},"primaryImageOfPage":{"@id":"https:\/\/kohenavocats.com\/zh-hans\/conseil-constitutionnel-le-8-mars-1960-n58-36\/#primaryimage"},"image":{"@id":"https:\/\/kohenavocats.com\/zh-hans\/conseil-constitutionnel-le-8-mars-1960-n58-36\/#primaryimage"},"thumbnailUrl":"https:\/\/kohenavocats.com\/wp-content\/uploads\/2024\/08\/alice-P1D60RN7KuQ-unsplash.webp","datePublished":"2026-04-27T15:22:13+00:00","description":"Le Conseil constitutionnel, dans sa d\u00e9cision du 8 mars 1960, rejette la requ\u00eate en annulation de l\u2019\u00e9lection d\u2019un d\u00e9put\u00e9 de Paris. Le requ\u00e9rant, candidat batt...","breadcrumb":{"@id":"https:\/\/kohenavocats.com\/zh-hans\/conseil-constitutionnel-le-8-mars-1960-n58-36\/#breadcrumb"},"inLanguage":"zh-Hans","potentialAction":[{"@type":"ReadAction","target":["https:\/\/kohenavocats.com\/zh-hans\/conseil-constitutionnel-le-8-mars-1960-n58-36\/"]}]},{"@type":"ImageObject","inLanguage":"zh-Hans","@id":"https:\/\/kohenavocats.com\/zh-hans\/conseil-constitutionnel-le-8-mars-1960-n58-36\/#primaryimage","url":"https:\/\/kohenavocats.com\/wp-content\/uploads\/2024\/08\/alice-P1D60RN7KuQ-unsplash.webp","contentUrl":"https:\/\/kohenavocats.com\/wp-content\/uploads\/2024\/08\/alice-P1D60RN7KuQ-unsplash.webp","width":4000,"height":3000},{"@type":"BreadcrumbList","@id":"https:\/\/kohenavocats.com\/zh-hans\/conseil-constitutionnel-le-8-mars-1960-n58-36\/#breadcrumb","itemListElement":[{"@type":"ListItem","position":1,"name":"Home","item":"https:\/\/kohenavocats.com\/zh-hans\/"},{"@type":"ListItem","position":2,"name":"Conseil constitutionnel, le 8 mars 1960, n\u00b058-36"}]},{"@type":"WebSite","@id":"https:\/\/kohenavocats.com\/zh-hans\/#website","url":"https:\/\/kohenavocats.com\/zh-hans\/","name":"Kohen Avocats","description":"Ma\u00eetre Hassan Kohen, avocat p\u00e9naliste \u00e0 Paris, intervient exclusivement en droit p\u00e9nal pour la d\u00e9fense des particuliers, notamment en mati\u00e8re d\u2019accusations de viol. Il assure un accompagnement rigoureux d\u00e8s la garde \u00e0 vue jusqu\u2019\u00e0 la Cour d\u2019assises, veillant au strict respect des garanties proc\u00e9durales.","publisher":{"@id":"https:\/\/kohenavocats.com\/zh-hans\/#organization"},"potentialAction":[{"@type":"SearchAction","target":{"@type":"EntryPoint","urlTemplate":"https:\/\/kohenavocats.com\/zh-hans\/?s={search_term_string}"},"query-input":{"@type":"PropertyValueSpecification","valueRequired":true,"valueName":"search_term_string"}}],"inLanguage":"zh-Hans"},{"@type":"Organization","@id":"https:\/\/kohenavocats.com\/zh-hans\/#organization","name":"Kohen Avocats","url":"https:\/\/kohenavocats.com\/zh-hans\/","logo":{"@type":"ImageObject","inLanguage":"zh-Hans","@id":"https:\/\/kohenavocats.com\/zh-hans\/#\/schema\/logo\/image\/","url":"https:\/\/kohenavocats.com\/wp-content\/uploads\/2026\/01\/Logo-2-1.webp","contentUrl":"https:\/\/kohenavocats.com\/wp-content\/uploads\/2026\/01\/Logo-2-1.webp","width":2114,"height":1253,"caption":"Kohen Avocats"},"image":{"@id":"https:\/\/kohenavocats.com\/zh-hans\/#\/schema\/logo\/image\/"}},{"@type":"Person","@id":"https:\/\/kohenavocats.com\/zh-hans\/#\/schema\/person\/761c9ba54fa1ca84d405cef0831ff751","name":"Kohen","image":{"@type":"ImageObject","inLanguage":"zh-Hans","@id":"https:\/\/secure.gravatar.com\/avatar\/1c5e76ef76bbbfdd2b4da984e2bf2fa4056fd51a27d25ce2c332047f1dfd6e00?s=96&d=identicon&r=g","url":"https:\/\/secure.gravatar.com\/avatar\/1c5e76ef76bbbfdd2b4da984e2bf2fa4056fd51a27d25ce2c332047f1dfd6e00?s=96&d=identicon&r=g","contentUrl":"https:\/\/secure.gravatar.com\/avatar\/1c5e76ef76bbbfdd2b4da984e2bf2fa4056fd51a27d25ce2c332047f1dfd6e00?s=96&d=identicon&r=g","caption":"Kohen"},"sameAs":["https:\/\/www.linkedin.com\/in\/hassan-kohen-448548192\/","https:\/\/www.youtube.com\/@Kohen-Avocats"],"url":"https:\/\/kohenavocats.com\/zh-hans\/author\/kohenmlk\/"}]}},"jetpack_featured_media_url":"https:\/\/kohenavocats.com\/wp-content\/uploads\/2024\/08\/alice-P1D60RN7KuQ-unsplash.webp","jetpack_likes_enabled":false,"jetpack_shortlink":"https:\/\/wp.me\/peCrII-2XpN","jetpack-related-posts":[{"id":414552,"url":"https:\/\/kohenavocats.com\/zh-hans\/conseil-constitutionnel-decision-n-2024-6334-an-du-7-mars-2025-13\/","url_meta":{"origin":705051,"position":0},"title":"Conseil constitutionnel, D\u00e9cision n\u00b0 2024-6334 AN du 7 mars 2025","author":"Kohen","date":"2026\u5e743\u670821\u65e5","format":false,"excerpt":"Le Conseil constitutionnel, statuant sur une requ\u00ea\u2026","rel":"","context":"\u5728\u201cConseil constitutionnel\u201d\u4e2d","block_context":{"text":"Conseil constitutionnel","link":"https:\/\/kohenavocats.com\/category\/jurisprudence-constitutionnelle\/"},"img":{"alt_text":"","src":"https:\/\/i0.wp.com\/kohenavocats.com\/wp-content\/uploads\/2024\/08\/roman-kraft-X1exjxxBho4-unsplash.webp?resize=350%2C200&ssl=1","width":350,"height":200,"srcset":"https:\/\/i0.wp.com\/kohenavocats.com\/wp-content\/uploads\/2024\/08\/roman-kraft-X1exjxxBho4-unsplash.webp?resize=350%2C200&ssl=1 1x, https:\/\/i0.wp.com\/kohenavocats.com\/wp-content\/uploads\/2024\/08\/roman-kraft-X1exjxxBho4-unsplash.webp?resize=525%2C300&ssl=1 1.5x, https:\/\/i0.wp.com\/kohenavocats.com\/wp-content\/uploads\/2024\/08\/roman-kraft-X1exjxxBho4-unsplash.webp?resize=700%2C400&ssl=1 2x, https:\/\/i0.wp.com\/kohenavocats.com\/wp-content\/uploads\/2024\/08\/roman-kraft-X1exjxxBho4-unsplash.webp?resize=1050%2C600&ssl=1 3x, https:\/\/i0.wp.com\/kohenavocats.com\/wp-content\/uploads\/2024\/08\/roman-kraft-X1exjxxBho4-unsplash.webp?resize=1400%2C800&ssl=1 4x"},"classes":[]},{"id":414519,"url":"https:\/\/kohenavocats.com\/zh-hans\/conseil-constitutionnel-decision-n-2024-6334-an-du-7-mars-2025-12\/","url_meta":{"origin":705051,"position":1},"title":"Conseil constitutionnel, D\u00e9cision n\u00b0 2024-6334 AN du 7 mars 2025","author":"Kohen","date":"2026\u5e743\u670821\u65e5","format":false,"excerpt":"Le Conseil constitutionnel, statuant sur une requ\u00ea\u2026","rel":"","context":"\u5728\u201cConseil constitutionnel\u201d\u4e2d","block_context":{"text":"Conseil constitutionnel","link":"https:\/\/kohenavocats.com\/category\/jurisprudence-constitutionnelle\/"},"img":{"alt_text":"","src":"https:\/\/i0.wp.com\/kohenavocats.com\/wp-content\/uploads\/2024\/11\/getty-images-U0gb3evEU8I-unsplash.webp?resize=350%2C200&ssl=1","width":350,"height":200,"srcset":"https:\/\/i0.wp.com\/kohenavocats.com\/wp-content\/uploads\/2024\/11\/getty-images-U0gb3evEU8I-unsplash.webp?resize=350%2C200&ssl=1 1x, https:\/\/i0.wp.com\/kohenavocats.com\/wp-content\/uploads\/2024\/11\/getty-images-U0gb3evEU8I-unsplash.webp?resize=525%2C300&ssl=1 1.5x, https:\/\/i0.wp.com\/kohenavocats.com\/wp-content\/uploads\/2024\/11\/getty-images-U0gb3evEU8I-unsplash.webp?resize=700%2C400&ssl=1 2x, https:\/\/i0.wp.com\/kohenavocats.com\/wp-content\/uploads\/2024\/11\/getty-images-U0gb3evEU8I-unsplash.webp?resize=1050%2C600&ssl=1 3x, https:\/\/i0.wp.com\/kohenavocats.com\/wp-content\/uploads\/2024\/11\/getty-images-U0gb3evEU8I-unsplash.webp?resize=1400%2C800&ssl=1 4x"},"classes":[]},{"id":705964,"url":"https:\/\/kohenavocats.com\/zh-hans\/conseil-constitutionnel-le-20-juillet-2012-n2012-4622\/","url_meta":{"origin":705051,"position":2},"title":"Conseil constitutionnel, le 20 juillet 2012, n\u00b02012-4622","author":"Kohen","date":"2026\u5e744\u670827\u65e5","format":false,"excerpt":"Le Conseil constitutionnel a statu\u00e9 le 20 juillet \u2026","rel":"","context":"\u5728\u201cConseil constitutionnel\u201d\u4e2d","block_context":{"text":"Conseil constitutionnel","link":"https:\/\/kohenavocats.com\/category\/jurisprudence-constitutionnelle\/"},"img":{"alt_text":"","src":"https:\/\/i0.wp.com\/kohenavocats.com\/wp-content\/uploads\/2024\/08\/nicolas-picard-XpnMqxyf8RQ-unsplash.webp?resize=350%2C200&ssl=1","width":350,"height":200,"srcset":"https:\/\/i0.wp.com\/kohenavocats.com\/wp-content\/uploads\/2024\/08\/nicolas-picard-XpnMqxyf8RQ-unsplash.webp?resize=350%2C200&ssl=1 1x, https:\/\/i0.wp.com\/kohenavocats.com\/wp-content\/uploads\/2024\/08\/nicolas-picard-XpnMqxyf8RQ-unsplash.webp?resize=525%2C300&ssl=1 1.5x, https:\/\/i0.wp.com\/kohenavocats.com\/wp-content\/uploads\/2024\/08\/nicolas-picard-XpnMqxyf8RQ-unsplash.webp?resize=700%2C400&ssl=1 2x, https:\/\/i0.wp.com\/kohenavocats.com\/wp-content\/uploads\/2024\/08\/nicolas-picard-XpnMqxyf8RQ-unsplash.webp?resize=1050%2C600&ssl=1 3x, https:\/\/i0.wp.com\/kohenavocats.com\/wp-content\/uploads\/2024\/08\/nicolas-picard-XpnMqxyf8RQ-unsplash.webp?resize=1400%2C800&ssl=1 4x"},"classes":[]},{"id":411170,"url":"https:\/\/kohenavocats.com\/zh-hans\/conseil-constitutionnel-decision-n-2024-6363-an-du-31-janvier-2025-3\/","url_meta":{"origin":705051,"position":3},"title":"Conseil constitutionnel, D\u00e9cision n\u00b0 2024-6363 AN du 31 janvier 2025","author":"Kohen","date":"2026\u5e743\u670816\u65e5","format":false,"excerpt":"Le Conseil constitutionnel, par une d\u00e9cision du 30\u2026","rel":"","context":"\u5728\u201cConseil constitutionnel\u201d\u4e2d","block_context":{"text":"Conseil constitutionnel","link":"https:\/\/kohenavocats.com\/category\/jurisprudence-constitutionnelle\/"},"img":{"alt_text":"","src":"https:\/\/i0.wp.com\/kohenavocats.com\/wp-content\/uploads\/2024\/07\/louis-velazquez-XWW746i6WoM-unsplash.webp?resize=350%2C200&ssl=1","width":350,"height":200,"srcset":"https:\/\/i0.wp.com\/kohenavocats.com\/wp-content\/uploads\/2024\/07\/louis-velazquez-XWW746i6WoM-unsplash.webp?resize=350%2C200&ssl=1 1x, https:\/\/i0.wp.com\/kohenavocats.com\/wp-content\/uploads\/2024\/07\/louis-velazquez-XWW746i6WoM-unsplash.webp?resize=525%2C300&ssl=1 1.5x, https:\/\/i0.wp.com\/kohenavocats.com\/wp-content\/uploads\/2024\/07\/louis-velazquez-XWW746i6WoM-unsplash.webp?resize=700%2C400&ssl=1 2x, https:\/\/i0.wp.com\/kohenavocats.com\/wp-content\/uploads\/2024\/07\/louis-velazquez-XWW746i6WoM-unsplash.webp?resize=1050%2C600&ssl=1 3x, https:\/\/i0.wp.com\/kohenavocats.com\/wp-content\/uploads\/2024\/07\/louis-velazquez-XWW746i6WoM-unsplash.webp?resize=1400%2C800&ssl=1 4x"},"classes":[]},{"id":411167,"url":"https:\/\/kohenavocats.com\/zh-hans\/conseil-constitutionnel-decision-n-2024-6363-an-du-31-janvier-2025-2\/","url_meta":{"origin":705051,"position":4},"title":"Conseil constitutionnel, D\u00e9cision n\u00b0 2024-6363 AN du 31 janvier 2025","author":"Kohen","date":"2026\u5e743\u670816\u65e5","format":false,"excerpt":"Le Conseil constitutionnel, par une d\u00e9cision du 30\u2026","rel":"","context":"\u5728\u201cConseil constitutionnel\u201d\u4e2d","block_context":{"text":"Conseil constitutionnel","link":"https:\/\/kohenavocats.com\/category\/jurisprudence-constitutionnelle\/"},"img":{"alt_text":"","src":"https:\/\/i0.wp.com\/kohenavocats.com\/wp-content\/uploads\/2024\/11\/mohamed-nohassi-_gRInX3DeBQ-unsplash.webp?resize=350%2C200&ssl=1","width":350,"height":200,"srcset":"https:\/\/i0.wp.com\/kohenavocats.com\/wp-content\/uploads\/2024\/11\/mohamed-nohassi-_gRInX3DeBQ-unsplash.webp?resize=350%2C200&ssl=1 1x, https:\/\/i0.wp.com\/kohenavocats.com\/wp-content\/uploads\/2024\/11\/mohamed-nohassi-_gRInX3DeBQ-unsplash.webp?resize=525%2C300&ssl=1 1.5x, https:\/\/i0.wp.com\/kohenavocats.com\/wp-content\/uploads\/2024\/11\/mohamed-nohassi-_gRInX3DeBQ-unsplash.webp?resize=700%2C400&ssl=1 2x, https:\/\/i0.wp.com\/kohenavocats.com\/wp-content\/uploads\/2024\/11\/mohamed-nohassi-_gRInX3DeBQ-unsplash.webp?resize=1050%2C600&ssl=1 3x, https:\/\/i0.wp.com\/kohenavocats.com\/wp-content\/uploads\/2024\/11\/mohamed-nohassi-_gRInX3DeBQ-unsplash.webp?resize=1400%2C800&ssl=1 4x"},"classes":[]}],"jetpack_sharing_enabled":true,"_links":{"self":[{"href":"https:\/\/kohenavocats.com\/zh-hans\/wp-json\/wp\/v2\/posts\/705051","targetHints":{"allow":["GET"]}}],"collection":[{"href":"https:\/\/kohenavocats.com\/zh-hans\/wp-json\/wp\/v2\/posts"}],"about":[{"href":"https:\/\/kohenavocats.com\/zh-hans\/wp-json\/wp\/v2\/types\/post"}],"author":[{"embeddable":true,"href":"https:\/\/kohenavocats.com\/zh-hans\/wp-json\/wp\/v2\/users\/232070755"}],"replies":[{"embeddable":true,"href":"https:\/\/kohenavocats.com\/zh-hans\/wp-json\/wp\/v2\/comments?post=705051"}],"version-history":[{"count":0,"href":"https:\/\/kohenavocats.com\/zh-hans\/wp-json\/wp\/v2\/posts\/705051\/revisions"}],"wp:featuredmedia":[{"embeddable":true,"href":"https:\/\/kohenavocats.com\/zh-hans\/wp-json\/wp\/v2\/media\/4676"}],"wp:attachment":[{"href":"https:\/\/kohenavocats.com\/zh-hans\/wp-json\/wp\/v2\/media?parent=705051"}],"wp:term":[{"taxonomy":"category","embeddable":true,"href":"https:\/\/kohenavocats.com\/zh-hans\/wp-json\/wp\/v2\/categories?post=705051"},{"taxonomy":"post_tag","embeddable":true,"href":"https:\/\/kohenavocats.com\/zh-hans\/wp-json\/wp\/v2\/tags?post=705051"}],"curies":[{"name":"wp","href":"https:\/\/api.w.org\/{rel}","templated":true}]}}