{"id":705866,"date":"2026-04-27T17:53:08","date_gmt":"2026-04-27T15:53:08","guid":{"rendered":"https:\/\/kohenavocats.com\/conseil-constitutionnel-le-28-janvier-2011-n2010-91\/"},"modified":"2026-04-27T17:53:08","modified_gmt":"2026-04-27T15:53:08","slug":"conseil-constitutionnel-le-28-janvier-2011-n2010-91","status":"publish","type":"post","link":"https:\/\/kohenavocats.com\/zh-hans\/conseil-constitutionnel-le-28-janvier-2011-n2010-91\/","title":{"rendered":"Conseil constitutionnel, le 28 janvier 2011, n\u00b02010-91"},"content":{"rendered":"<div class=\"article-content\">\n<p>Le Conseil constitutionnel, dans sa d\u00e9cision du 28 janvier 2011, a examin\u00e9 la conformit\u00e9 de l&#8217;article L. 1432-11 du code de la sant\u00e9 publique \u00e0 la Constitution. Une f\u00e9d\u00e9ration syndicale contestait cette disposition, qui organise la repr\u00e9sentation du personnel au sein des agences r\u00e9gionales de sant\u00e9. La requ\u00e9rante soutenait que le texte m\u00e9connaissait le principe de participation des travailleurs \u00e0 la d\u00e9termination collective des conditions de travail. La question centrale portait sur la possibilit\u00e9 pour le l\u00e9gislateur de ne pas pr\u00e9voir de coll\u00e8ges \u00e9lectoraux distincts ni de consultation s\u00e9par\u00e9e pour les personnels de droit public et de droit priv\u00e9. Le Conseil constitutionnel a valid\u00e9 la disposition, la d\u00e9clarant conforme \u00e0 la Constitution.<\/p>\n<p>La port\u00e9e du principe de participation des travailleurs face aux choix du l\u00e9gislateur.<\/p>\n<p>Le Conseil constitutionnel rappelle d&#8217;abord la source et les limites du principe invoqu\u00e9. Il affirme que \u00ab c&#8217;est au l\u00e9gislateur qu&#8217;il revient de d\u00e9terminer, dans le respect du principe \u00e9nonc\u00e9 au huiti\u00e8me alin\u00e9a du Pr\u00e9ambule, les conditions et garanties de sa mise en oeuvre \u00bb (consid\u00e9rant 3). Cette pr\u00e9cision fixe le cadre du contr\u00f4le : le l\u00e9gislateur dispose d&#8217;une marge d&#8217;appr\u00e9ciation pour organiser la participation des travailleurs. Le Conseil ne se livre donc pas \u00e0 un contr\u00f4le strict, mais v\u00e9rifie seulement l&#8217;absence de m\u00e9connaissance manifeste du principe. La valeur de cette position est de reconna\u00eetre une comp\u00e9tence discr\u00e9tionnaire au l\u00e9gislateur dans la concr\u00e9tisation des droits sociaux constitutionnels. La port\u00e9e de ce consid\u00e9rant est fondamentale, car il \u00e9carte toute exigence constitutionnelle pr\u00e9cise quant aux modalit\u00e9s \u00e9lectorales.<\/p>\n<p>La justification de l&#8217;absence de coll\u00e8ges distincts et de consultation s\u00e9par\u00e9e.<\/p>\n<p>Le Conseil constitutionnel \u00e9carte ensuite les deux griefs soulev\u00e9s par la requ\u00e9rante. Il estime d&#8217;abord que \u00ab le principe de participation \u00e0 la d\u00e9termination des conditions de travail n&#8217;imposait pas au l\u00e9gislateur de pr\u00e9voir l&#8217;existence de coll\u00e8ges \u00e9lectoraux distincts \u00bb (consid\u00e9rant 4). Il juge suffisant que la loi \u00ab assure une repr\u00e9sentation effective de l&#8217;ensemble des personnels \u00bb (consid\u00e9rant 4). Cette solution met l&#8217;accent sur l&#8217;effectivit\u00e9 de la repr\u00e9sentation plut\u00f4t que sur ses modalit\u00e9s techniques. Le Conseil valide ensuite la consultation unique en consid\u00e9rant qu&#8217; \u00ab il \u00e9tait loisible au l\u00e9gislateur de pr\u00e9voir que les repr\u00e9sentants des salari\u00e9s de droit public et de droit priv\u00e9 ne soient pas consult\u00e9s de mani\u00e8re s\u00e9par\u00e9e \u00bb (consid\u00e9rant 5). La port\u00e9e de ces deux r\u00e9ponses est de consacrer une grande libert\u00e9 du l\u00e9gislateur pour unifier le dialogue social au sein d&#8217;une m\u00eame structure. La valeur de la d\u00e9cision est de refuser de constitutionnaliser des r\u00e8gles \u00e9lectorales sp\u00e9cifiques pour des personnels aux statuts pourtant diff\u00e9rents.<\/p>\n<\/div>\n","protected":false},"excerpt":{"rendered":"<p>Le Conseil constitutionnel, dans sa d\u00e9cision du 28 janvier 2011, a examin\u00e9 la conformit\u00e9 de l&#8217;article L. 1432-11 du code de la sant\u00e9 publique \u00e0 la Constituti&#8230;<\/p>\n","protected":false},"author":232070755,"featured_media":3924,"comment_status":"open","ping_status":"open","sticky":false,"template":"","format":"standard","meta":{"_crdt_document":"","_jetpack_newsletter_access":"","_jetpack_dont_email_post_to_subs":false,"_jetpack_newsletter_tier_id":0,"_jetpack_memberships_contains_paywalled_content":false,"_kj_source_type":"cc","_kj_official_id":"CONSTEXT000023603679","_kj_official_url":"https:\/\/www.conseil-constitutionnel.fr\/decision\/2011\/201091QPC.htm","_kj_judilibre_id":"","_kj_jur":"Conseil constitutionnel","_kj_lieu":"Paris","_kj_chambre":"QPC","_kj_rg":"2010-91","_kj_date":"2011-01-28","_jetpack_memberships_contains_paid_content":false,"footnotes":"","jetpack_post_was_ever_published":false},"categories":[7597],"tags":[],"class_list":["post-705866","post","type-post","status-publish","format-standard","has-post-thumbnail","hentry","category-jurisprudence"],"yoast_head":"<!-- This site is optimized with the Yoast SEO Premium plugin v27.5 (Yoast SEO v27.5) - https:\/\/yoast.com\/product\/yoast-seo-premium-wordpress\/ -->\n<title>Conseil constitutionnel, le 28 janvier 2011, n\u00b02010-91 - Ma\u00eetre Hassan Kohen, avocat en droit p\u00e9nal \u00e0 Paris<\/title>\n<meta name=\"description\" content=\"Le Conseil constitutionnel, dans sa d\u00e9cision du 28 janvier 2011, a examin\u00e9 la conformit\u00e9 de l&#039;article L. 1432-11 du code de la sant\u00e9 publique \u00e0 la Constituti...\" \/>\n<meta name=\"robots\" content=\"index, follow, max-snippet:-1, max-image-preview:large, max-video-preview:-1\" \/>\n<link rel=\"canonical\" href=\"https:\/\/kohenavocats.com\/zh-hans\/conseil-constitutionnel-le-28-janvier-2011-n2010-91\/\" \/>\n<meta property=\"og:locale\" content=\"zh_CN\" \/>\n<meta property=\"og:type\" content=\"article\" \/>\n<meta property=\"og:title\" content=\"Conseil constitutionnel, le 28 janvier 2011, n\u00b02010-91\" \/>\n<meta property=\"og:description\" content=\"Le Conseil constitutionnel, dans sa d\u00e9cision du 28 janvier 2011, a examin\u00e9 la conformit\u00e9 de l&#039;article L. 1432-11 du code de la sant\u00e9 publique \u00e0 la Constituti...\" \/>\n<meta property=\"og:url\" content=\"https:\/\/kohenavocats.com\/zh-hans\/conseil-constitutionnel-le-28-janvier-2011-n2010-91\/\" \/>\n<meta property=\"og:site_name\" content=\"Ma\u00eetre Hassan Kohen, avocat en droit p\u00e9nal \u00e0 Paris\" \/>\n<meta property=\"article:published_time\" content=\"2026-04-27T15:53:08+00:00\" \/>\n<meta property=\"og:image\" content=\"https:\/\/kohenavocats.com\/wp-content\/uploads\/2024\/07\/zach-plank-o-cpCRdEgxs-unsplash.webp\" \/>\n\t<meta property=\"og:image:width\" content=\"6028\" \/>\n\t<meta property=\"og:image:height\" content=\"4019\" \/>\n\t<meta property=\"og:image:type\" content=\"image\/webp\" \/>\n<meta name=\"author\" content=\"Kohen\" \/>\n<meta name=\"twitter:card\" content=\"summary_large_image\" \/>\n<meta name=\"twitter:label1\" content=\"\u4f5c\u8005\" \/>\n\t<meta name=\"twitter:data1\" content=\"Kohen\" \/>\n\t<meta name=\"twitter:label2\" content=\"\u9884\u8ba1\u9605\u8bfb\u65f6\u95f4\" \/>\n\t<meta name=\"twitter:data2\" content=\"2 \u5206\" \/>\n<script type=\"application\/ld+json\" class=\"yoast-schema-graph\">{\"@context\":\"https:\\\/\\\/schema.org\",\"@graph\":[{\"@type\":\"Article\",\"@id\":\"https:\\\/\\\/kohenavocats.com\\\/zh-hans\\\/conseil-constitutionnel-le-28-janvier-2011-n2010-91\\\/#article\",\"isPartOf\":{\"@id\":\"https:\\\/\\\/kohenavocats.com\\\/zh-hans\\\/conseil-constitutionnel-le-28-janvier-2011-n2010-91\\\/\"},\"author\":{\"name\":\"Kohen\",\"@id\":\"https:\\\/\\\/kohenavocats.com\\\/zh-hans\\\/#\\\/schema\\\/person\\\/761c9ba54fa1ca84d405cef0831ff751\"},\"headline\":\"Conseil constitutionnel, le 28 janvier 2011, n\u00b02010-91\",\"datePublished\":\"2026-04-27T15:53:08+00:00\",\"mainEntityOfPage\":{\"@id\":\"https:\\\/\\\/kohenavocats.com\\\/zh-hans\\\/conseil-constitutionnel-le-28-janvier-2011-n2010-91\\\/\"},\"wordCount\":493,\"commentCount\":0,\"publisher\":{\"@id\":\"https:\\\/\\\/kohenavocats.com\\\/zh-hans\\\/#organization\"},\"image\":{\"@id\":\"https:\\\/\\\/kohenavocats.com\\\/zh-hans\\\/conseil-constitutionnel-le-28-janvier-2011-n2010-91\\\/#primaryimage\"},\"thumbnailUrl\":\"https:\\\/\\\/kohenavocats.com\\\/wp-content\\\/uploads\\\/2024\\\/07\\\/zach-plank-o-cpCRdEgxs-unsplash.webp\",\"articleSection\":[\"Jurisprudence\"],\"inLanguage\":\"zh-Hans\",\"potentialAction\":[{\"@type\":\"CommentAction\",\"name\":\"Comment\",\"target\":[\"https:\\\/\\\/kohenavocats.com\\\/zh-hans\\\/conseil-constitutionnel-le-28-janvier-2011-n2010-91\\\/#respond\"]}],\"citation\":\"Conseil constitutionnel, le 28 janvier 2011, n\u00b02010-91\",\"about\":[{\"@type\":\"Thing\",\"name\":\"Jurisprudence\"}],\"dateModified\":\"2026-04-27T15:53:08+00:00\",\"speakable\":{\"@type\":\"SpeakableSpecification\",\"cssSelector\":[\".article-content > p:first-of-type\"]}},{\"@type\":\"WebPage\",\"@id\":\"https:\\\/\\\/kohenavocats.com\\\/zh-hans\\\/conseil-constitutionnel-le-28-janvier-2011-n2010-91\\\/\",\"url\":\"https:\\\/\\\/kohenavocats.com\\\/zh-hans\\\/conseil-constitutionnel-le-28-janvier-2011-n2010-91\\\/\",\"name\":\"Conseil constitutionnel, le 28 janvier 2011, n\u00b02010-91 - Ma\u00eetre Hassan Kohen, avocat en droit p\u00e9nal \u00e0 Paris\",\"isPartOf\":{\"@id\":\"https:\\\/\\\/kohenavocats.com\\\/zh-hans\\\/#website\"},\"primaryImageOfPage\":{\"@id\":\"https:\\\/\\\/kohenavocats.com\\\/zh-hans\\\/conseil-constitutionnel-le-28-janvier-2011-n2010-91\\\/#primaryimage\"},\"image\":{\"@id\":\"https:\\\/\\\/kohenavocats.com\\\/zh-hans\\\/conseil-constitutionnel-le-28-janvier-2011-n2010-91\\\/#primaryimage\"},\"thumbnailUrl\":\"https:\\\/\\\/kohenavocats.com\\\/wp-content\\\/uploads\\\/2024\\\/07\\\/zach-plank-o-cpCRdEgxs-unsplash.webp\",\"datePublished\":\"2026-04-27T15:53:08+00:00\",\"description\":\"Le Conseil constitutionnel, dans sa d\u00e9cision du 28 janvier 2011, a examin\u00e9 la conformit\u00e9 de l'article L. 1432-11 du code de la sant\u00e9 publique \u00e0 la Constituti...\",\"breadcrumb\":{\"@id\":\"https:\\\/\\\/kohenavocats.com\\\/zh-hans\\\/conseil-constitutionnel-le-28-janvier-2011-n2010-91\\\/#breadcrumb\"},\"inLanguage\":\"zh-Hans\",\"potentialAction\":[{\"@type\":\"ReadAction\",\"target\":[\"https:\\\/\\\/kohenavocats.com\\\/zh-hans\\\/conseil-constitutionnel-le-28-janvier-2011-n2010-91\\\/\"]}]},{\"@type\":\"ImageObject\",\"inLanguage\":\"zh-Hans\",\"@id\":\"https:\\\/\\\/kohenavocats.com\\\/zh-hans\\\/conseil-constitutionnel-le-28-janvier-2011-n2010-91\\\/#primaryimage\",\"url\":\"https:\\\/\\\/kohenavocats.com\\\/wp-content\\\/uploads\\\/2024\\\/07\\\/zach-plank-o-cpCRdEgxs-unsplash.webp\",\"contentUrl\":\"https:\\\/\\\/kohenavocats.com\\\/wp-content\\\/uploads\\\/2024\\\/07\\\/zach-plank-o-cpCRdEgxs-unsplash.webp\",\"width\":6028,\"height\":4019},{\"@type\":\"BreadcrumbList\",\"@id\":\"https:\\\/\\\/kohenavocats.com\\\/zh-hans\\\/conseil-constitutionnel-le-28-janvier-2011-n2010-91\\\/#breadcrumb\",\"itemListElement\":[{\"@type\":\"ListItem\",\"position\":1,\"name\":\"Home\",\"item\":\"https:\\\/\\\/kohenavocats.com\\\/zh-hans\\\/\"},{\"@type\":\"ListItem\",\"position\":2,\"name\":\"Conseil constitutionnel, le 28 janvier 2011, n\u00b02010-91\"}]},{\"@type\":\"WebSite\",\"@id\":\"https:\\\/\\\/kohenavocats.com\\\/zh-hans\\\/#website\",\"url\":\"https:\\\/\\\/kohenavocats.com\\\/zh-hans\\\/\",\"name\":\"Kohen Avocats\",\"description\":\"Ma\u00eetre Hassan Kohen, avocat p\u00e9naliste \u00e0 Paris, intervient exclusivement en droit p\u00e9nal pour la d\u00e9fense des particuliers, notamment en mati\u00e8re d\u2019accusations de viol. Il assure un accompagnement rigoureux d\u00e8s la garde \u00e0 vue jusqu\u2019\u00e0 la Cour d\u2019assises, veillant au strict respect des garanties proc\u00e9durales.\",\"publisher\":{\"@id\":\"https:\\\/\\\/kohenavocats.com\\\/zh-hans\\\/#organization\"},\"potentialAction\":[{\"@type\":\"SearchAction\",\"target\":{\"@type\":\"EntryPoint\",\"urlTemplate\":\"https:\\\/\\\/kohenavocats.com\\\/zh-hans\\\/?s={search_term_string}\"},\"query-input\":{\"@type\":\"PropertyValueSpecification\",\"valueRequired\":true,\"valueName\":\"search_term_string\"}}],\"inLanguage\":\"zh-Hans\"},{\"@type\":\"Organization\",\"@id\":\"https:\\\/\\\/kohenavocats.com\\\/zh-hans\\\/#organization\",\"name\":\"Kohen Avocats\",\"url\":\"https:\\\/\\\/kohenavocats.com\\\/zh-hans\\\/\",\"logo\":{\"@type\":\"ImageObject\",\"inLanguage\":\"zh-Hans\",\"@id\":\"https:\\\/\\\/kohenavocats.com\\\/zh-hans\\\/#\\\/schema\\\/logo\\\/image\\\/\",\"url\":\"https:\\\/\\\/kohenavocats.com\\\/wp-content\\\/uploads\\\/2026\\\/01\\\/Logo-2-1.webp\",\"contentUrl\":\"https:\\\/\\\/kohenavocats.com\\\/wp-content\\\/uploads\\\/2026\\\/01\\\/Logo-2-1.webp\",\"width\":2114,\"height\":1253,\"caption\":\"Kohen Avocats\"},\"image\":{\"@id\":\"https:\\\/\\\/kohenavocats.com\\\/zh-hans\\\/#\\\/schema\\\/logo\\\/image\\\/\"}},{\"@type\":\"Person\",\"@id\":\"https:\\\/\\\/kohenavocats.com\\\/zh-hans\\\/#\\\/schema\\\/person\\\/761c9ba54fa1ca84d405cef0831ff751\",\"name\":\"Kohen\",\"image\":{\"@type\":\"ImageObject\",\"inLanguage\":\"zh-Hans\",\"@id\":\"https:\\\/\\\/secure.gravatar.com\\\/avatar\\\/1c5e76ef76bbbfdd2b4da984e2bf2fa4056fd51a27d25ce2c332047f1dfd6e00?s=96&d=identicon&r=g\",\"url\":\"https:\\\/\\\/secure.gravatar.com\\\/avatar\\\/1c5e76ef76bbbfdd2b4da984e2bf2fa4056fd51a27d25ce2c332047f1dfd6e00?s=96&d=identicon&r=g\",\"contentUrl\":\"https:\\\/\\\/secure.gravatar.com\\\/avatar\\\/1c5e76ef76bbbfdd2b4da984e2bf2fa4056fd51a27d25ce2c332047f1dfd6e00?s=96&d=identicon&r=g\",\"caption\":\"Kohen\"},\"sameAs\":[\"https:\\\/\\\/www.linkedin.com\\\/in\\\/hassan-kohen-448548192\\\/\",\"https:\\\/\\\/www.youtube.com\\\/@Kohen-Avocats\"],\"url\":\"https:\\\/\\\/kohenavocats.com\\\/zh-hans\\\/author\\\/kohenmlk\\\/\"}]}<\/script>\n<!-- \/ Yoast SEO Premium plugin. -->","yoast_head_json":{"title":"Conseil constitutionnel, le 28 janvier 2011, n\u00b02010-91 - Ma\u00eetre Hassan Kohen, avocat en droit p\u00e9nal \u00e0 Paris","description":"Le Conseil constitutionnel, dans sa d\u00e9cision du 28 janvier 2011, a examin\u00e9 la conformit\u00e9 de l'article L. 1432-11 du code de la sant\u00e9 publique \u00e0 la Constituti...","robots":{"index":"index","follow":"follow","max-snippet":"max-snippet:-1","max-image-preview":"max-image-preview:large","max-video-preview":"max-video-preview:-1"},"canonical":"https:\/\/kohenavocats.com\/zh-hans\/conseil-constitutionnel-le-28-janvier-2011-n2010-91\/","og_locale":"zh_CN","og_type":"article","og_title":"Conseil constitutionnel, le 28 janvier 2011, n\u00b02010-91","og_description":"Le Conseil constitutionnel, dans sa d\u00e9cision du 28 janvier 2011, a examin\u00e9 la conformit\u00e9 de l'article L. 1432-11 du code de la sant\u00e9 publique \u00e0 la Constituti...","og_url":"https:\/\/kohenavocats.com\/zh-hans\/conseil-constitutionnel-le-28-janvier-2011-n2010-91\/","og_site_name":"Ma\u00eetre Hassan Kohen, avocat en droit p\u00e9nal \u00e0 Paris","article_published_time":"2026-04-27T15:53:08+00:00","og_image":[{"width":6028,"height":4019,"url":"https:\/\/kohenavocats.com\/wp-content\/uploads\/2024\/07\/zach-plank-o-cpCRdEgxs-unsplash.webp","type":"image\/webp"}],"author":"Kohen","twitter_card":"summary_large_image","twitter_misc":{"\u4f5c\u8005":"Kohen","\u9884\u8ba1\u9605\u8bfb\u65f6\u95f4":"2 \u5206"},"schema":{"@context":"https:\/\/schema.org","@graph":[{"@type":"Article","@id":"https:\/\/kohenavocats.com\/zh-hans\/conseil-constitutionnel-le-28-janvier-2011-n2010-91\/#article","isPartOf":{"@id":"https:\/\/kohenavocats.com\/zh-hans\/conseil-constitutionnel-le-28-janvier-2011-n2010-91\/"},"author":{"name":"Kohen","@id":"https:\/\/kohenavocats.com\/zh-hans\/#\/schema\/person\/761c9ba54fa1ca84d405cef0831ff751"},"headline":"Conseil constitutionnel, le 28 janvier 2011, n\u00b02010-91","datePublished":"2026-04-27T15:53:08+00:00","mainEntityOfPage":{"@id":"https:\/\/kohenavocats.com\/zh-hans\/conseil-constitutionnel-le-28-janvier-2011-n2010-91\/"},"wordCount":493,"commentCount":0,"publisher":{"@id":"https:\/\/kohenavocats.com\/zh-hans\/#organization"},"image":{"@id":"https:\/\/kohenavocats.com\/zh-hans\/conseil-constitutionnel-le-28-janvier-2011-n2010-91\/#primaryimage"},"thumbnailUrl":"https:\/\/kohenavocats.com\/wp-content\/uploads\/2024\/07\/zach-plank-o-cpCRdEgxs-unsplash.webp","articleSection":["Jurisprudence"],"inLanguage":"zh-Hans","potentialAction":[{"@type":"CommentAction","name":"Comment","target":["https:\/\/kohenavocats.com\/zh-hans\/conseil-constitutionnel-le-28-janvier-2011-n2010-91\/#respond"]}],"citation":"Conseil constitutionnel, le 28 janvier 2011, n\u00b02010-91","about":[{"@type":"Thing","name":"Jurisprudence"}],"dateModified":"2026-04-27T15:53:08+00:00","speakable":{"@type":"SpeakableSpecification","cssSelector":[".article-content > p:first-of-type"]}},{"@type":"WebPage","@id":"https:\/\/kohenavocats.com\/zh-hans\/conseil-constitutionnel-le-28-janvier-2011-n2010-91\/","url":"https:\/\/kohenavocats.com\/zh-hans\/conseil-constitutionnel-le-28-janvier-2011-n2010-91\/","name":"Conseil constitutionnel, le 28 janvier 2011, n\u00b02010-91 - Ma\u00eetre Hassan Kohen, avocat en droit p\u00e9nal \u00e0 Paris","isPartOf":{"@id":"https:\/\/kohenavocats.com\/zh-hans\/#website"},"primaryImageOfPage":{"@id":"https:\/\/kohenavocats.com\/zh-hans\/conseil-constitutionnel-le-28-janvier-2011-n2010-91\/#primaryimage"},"image":{"@id":"https:\/\/kohenavocats.com\/zh-hans\/conseil-constitutionnel-le-28-janvier-2011-n2010-91\/#primaryimage"},"thumbnailUrl":"https:\/\/kohenavocats.com\/wp-content\/uploads\/2024\/07\/zach-plank-o-cpCRdEgxs-unsplash.webp","datePublished":"2026-04-27T15:53:08+00:00","description":"Le Conseil constitutionnel, dans sa d\u00e9cision du 28 janvier 2011, a examin\u00e9 la conformit\u00e9 de l'article L. 1432-11 du code de la sant\u00e9 publique \u00e0 la Constituti...","breadcrumb":{"@id":"https:\/\/kohenavocats.com\/zh-hans\/conseil-constitutionnel-le-28-janvier-2011-n2010-91\/#breadcrumb"},"inLanguage":"zh-Hans","potentialAction":[{"@type":"ReadAction","target":["https:\/\/kohenavocats.com\/zh-hans\/conseil-constitutionnel-le-28-janvier-2011-n2010-91\/"]}]},{"@type":"ImageObject","inLanguage":"zh-Hans","@id":"https:\/\/kohenavocats.com\/zh-hans\/conseil-constitutionnel-le-28-janvier-2011-n2010-91\/#primaryimage","url":"https:\/\/kohenavocats.com\/wp-content\/uploads\/2024\/07\/zach-plank-o-cpCRdEgxs-unsplash.webp","contentUrl":"https:\/\/kohenavocats.com\/wp-content\/uploads\/2024\/07\/zach-plank-o-cpCRdEgxs-unsplash.webp","width":6028,"height":4019},{"@type":"BreadcrumbList","@id":"https:\/\/kohenavocats.com\/zh-hans\/conseil-constitutionnel-le-28-janvier-2011-n2010-91\/#breadcrumb","itemListElement":[{"@type":"ListItem","position":1,"name":"Home","item":"https:\/\/kohenavocats.com\/zh-hans\/"},{"@type":"ListItem","position":2,"name":"Conseil constitutionnel, le 28 janvier 2011, n\u00b02010-91"}]},{"@type":"WebSite","@id":"https:\/\/kohenavocats.com\/zh-hans\/#website","url":"https:\/\/kohenavocats.com\/zh-hans\/","name":"Kohen Avocats","description":"Ma\u00eetre Hassan Kohen, avocat p\u00e9naliste \u00e0 Paris, intervient exclusivement en droit p\u00e9nal pour la d\u00e9fense des particuliers, notamment en mati\u00e8re d\u2019accusations de viol. Il assure un accompagnement rigoureux d\u00e8s la garde \u00e0 vue jusqu\u2019\u00e0 la Cour d\u2019assises, veillant au strict respect des garanties proc\u00e9durales.","publisher":{"@id":"https:\/\/kohenavocats.com\/zh-hans\/#organization"},"potentialAction":[{"@type":"SearchAction","target":{"@type":"EntryPoint","urlTemplate":"https:\/\/kohenavocats.com\/zh-hans\/?s={search_term_string}"},"query-input":{"@type":"PropertyValueSpecification","valueRequired":true,"valueName":"search_term_string"}}],"inLanguage":"zh-Hans"},{"@type":"Organization","@id":"https:\/\/kohenavocats.com\/zh-hans\/#organization","name":"Kohen Avocats","url":"https:\/\/kohenavocats.com\/zh-hans\/","logo":{"@type":"ImageObject","inLanguage":"zh-Hans","@id":"https:\/\/kohenavocats.com\/zh-hans\/#\/schema\/logo\/image\/","url":"https:\/\/kohenavocats.com\/wp-content\/uploads\/2026\/01\/Logo-2-1.webp","contentUrl":"https:\/\/kohenavocats.com\/wp-content\/uploads\/2026\/01\/Logo-2-1.webp","width":2114,"height":1253,"caption":"Kohen Avocats"},"image":{"@id":"https:\/\/kohenavocats.com\/zh-hans\/#\/schema\/logo\/image\/"}},{"@type":"Person","@id":"https:\/\/kohenavocats.com\/zh-hans\/#\/schema\/person\/761c9ba54fa1ca84d405cef0831ff751","name":"Kohen","image":{"@type":"ImageObject","inLanguage":"zh-Hans","@id":"https:\/\/secure.gravatar.com\/avatar\/1c5e76ef76bbbfdd2b4da984e2bf2fa4056fd51a27d25ce2c332047f1dfd6e00?s=96&d=identicon&r=g","url":"https:\/\/secure.gravatar.com\/avatar\/1c5e76ef76bbbfdd2b4da984e2bf2fa4056fd51a27d25ce2c332047f1dfd6e00?s=96&d=identicon&r=g","contentUrl":"https:\/\/secure.gravatar.com\/avatar\/1c5e76ef76bbbfdd2b4da984e2bf2fa4056fd51a27d25ce2c332047f1dfd6e00?s=96&d=identicon&r=g","caption":"Kohen"},"sameAs":["https:\/\/www.linkedin.com\/in\/hassan-kohen-448548192\/","https:\/\/www.youtube.com\/@Kohen-Avocats"],"url":"https:\/\/kohenavocats.com\/zh-hans\/author\/kohenmlk\/"}]}},"jetpack_featured_media_url":"https:\/\/kohenavocats.com\/wp-content\/uploads\/2024\/07\/zach-plank-o-cpCRdEgxs-unsplash.webp","jetpack_likes_enabled":false,"jetpack_shortlink":"https:\/\/wp.me\/peCrII-2XCW","jetpack-related-posts":[{"id":233493,"url":"https:\/\/kohenavocats.com\/zh-hans\/conseil-constitutionnel-decision-n-2010-91-qpc-du-28-janvier-2011\/","url_meta":{"origin":705866,"position":0},"title":"Conseil constitutionnel, D\u00e9cision n\u00b0 2010-91 QPC du 28 janvier 2011","author":"Kohen","date":"2025\u5e7412\u670828\u65e5","format":false,"excerpt":"Le Conseil constitutionnel, par une d\u00e9cision du 28\u2026","rel":"","context":"\u5728\u201cConseil constitutionnel\u201d\u4e2d","block_context":{"text":"Conseil constitutionnel","link":"https:\/\/kohenavocats.com\/category\/jurisprudence-constitutionnelle\/"},"img":{"alt_text":"","src":"https:\/\/i0.wp.com\/kohenavocats.com\/wp-content\/uploads\/2024\/11\/zyanya-citlalli-qhFXS18P2OQ-unsplash-1.webp?resize=350%2C200&ssl=1","width":350,"height":200,"srcset":"https:\/\/i0.wp.com\/kohenavocats.com\/wp-content\/uploads\/2024\/11\/zyanya-citlalli-qhFXS18P2OQ-unsplash-1.webp?resize=350%2C200&ssl=1 1x, https:\/\/i0.wp.com\/kohenavocats.com\/wp-content\/uploads\/2024\/11\/zyanya-citlalli-qhFXS18P2OQ-unsplash-1.webp?resize=525%2C300&ssl=1 1.5x, https:\/\/i0.wp.com\/kohenavocats.com\/wp-content\/uploads\/2024\/11\/zyanya-citlalli-qhFXS18P2OQ-unsplash-1.webp?resize=700%2C400&ssl=1 2x, https:\/\/i0.wp.com\/kohenavocats.com\/wp-content\/uploads\/2024\/11\/zyanya-citlalli-qhFXS18P2OQ-unsplash-1.webp?resize=1050%2C600&ssl=1 3x, https:\/\/i0.wp.com\/kohenavocats.com\/wp-content\/uploads\/2024\/11\/zyanya-citlalli-qhFXS18P2OQ-unsplash-1.webp?resize=1400%2C800&ssl=1 4x"},"classes":[]},{"id":801739,"url":"https:\/\/kohenavocats.com\/zh-hans\/conseil-constitutionnel-le-6-mai-2011-n2011-128\/","url_meta":{"origin":705866,"position":1},"title":"Conseil constitutionnel, le 6 mai 2011, n\u00b02011-128","author":"Kohen","date":"2026\u5e745\u67081\u65e5","format":false,"excerpt":"Le Conseil constitutionnel, dans sa d\u00e9cision du 5 \u2026","rel":"","context":"\u5728\u201cConseil constitutionnel\u201d\u4e2d","block_context":{"text":"Conseil constitutionnel","link":"https:\/\/kohenavocats.com\/category\/jurisprudence-constitutionnelle\/"},"img":{"alt_text":"","src":"https:\/\/i0.wp.com\/kohenavocats.com\/wp-content\/uploads\/2024\/11\/xhiliana-CfCB8S-7RM4-unsplash.webp?resize=350%2C200&ssl=1","width":350,"height":200,"srcset":"https:\/\/i0.wp.com\/kohenavocats.com\/wp-content\/uploads\/2024\/11\/xhiliana-CfCB8S-7RM4-unsplash.webp?resize=350%2C200&ssl=1 1x, https:\/\/i0.wp.com\/kohenavocats.com\/wp-content\/uploads\/2024\/11\/xhiliana-CfCB8S-7RM4-unsplash.webp?resize=525%2C300&ssl=1 1.5x, https:\/\/i0.wp.com\/kohenavocats.com\/wp-content\/uploads\/2024\/11\/xhiliana-CfCB8S-7RM4-unsplash.webp?resize=700%2C400&ssl=1 2x, https:\/\/i0.wp.com\/kohenavocats.com\/wp-content\/uploads\/2024\/11\/xhiliana-CfCB8S-7RM4-unsplash.webp?resize=1050%2C600&ssl=1 3x, https:\/\/i0.wp.com\/kohenavocats.com\/wp-content\/uploads\/2024\/11\/xhiliana-CfCB8S-7RM4-unsplash.webp?resize=1400%2C800&ssl=1 4x"},"classes":[]},{"id":801738,"url":"https:\/\/kohenavocats.com\/zh-hans\/conseil-constitutionnel-le-5-mai-2011-n2011-128\/","url_meta":{"origin":705866,"position":2},"title":"Conseil constitutionnel, le 5 mai 2011, n\u00b02011-128","author":"Kohen","date":"2026\u5e745\u67081\u65e5","format":false,"excerpt":"Le Conseil constitutionnel, dans sa d\u00e9cision du 5 \u2026","rel":"","context":"\u5728\u201cJurisprudence\u201d\u4e2d","block_context":{"text":"Jurisprudence","link":"https:\/\/kohenavocats.com\/category\/jurisprudence\/"},"img":{"alt_text":"","src":"https:\/\/i0.wp.com\/kohenavocats.com\/wp-content\/uploads\/2024\/11\/zyanya-citlalli-ypy0AuAozUo-unsplash.webp?resize=350%2C200&ssl=1","width":350,"height":200,"srcset":"https:\/\/i0.wp.com\/kohenavocats.com\/wp-content\/uploads\/2024\/11\/zyanya-citlalli-ypy0AuAozUo-unsplash.webp?resize=350%2C200&ssl=1 1x, https:\/\/i0.wp.com\/kohenavocats.com\/wp-content\/uploads\/2024\/11\/zyanya-citlalli-ypy0AuAozUo-unsplash.webp?resize=525%2C300&ssl=1 1.5x, https:\/\/i0.wp.com\/kohenavocats.com\/wp-content\/uploads\/2024\/11\/zyanya-citlalli-ypy0AuAozUo-unsplash.webp?resize=700%2C400&ssl=1 2x, https:\/\/i0.wp.com\/kohenavocats.com\/wp-content\/uploads\/2024\/11\/zyanya-citlalli-ypy0AuAozUo-unsplash.webp?resize=1050%2C600&ssl=1 3x, https:\/\/i0.wp.com\/kohenavocats.com\/wp-content\/uploads\/2024\/11\/zyanya-citlalli-ypy0AuAozUo-unsplash.webp?resize=1400%2C800&ssl=1 4x"},"classes":[]},{"id":391429,"url":"https:\/\/kohenavocats.com\/zh-hans\/conseil-constitutionnel-decision-n-2010-91-qpc-du-28-janvier-2011-4\/","url_meta":{"origin":705866,"position":3},"title":"Conseil constitutionnel, D\u00e9cision n\u00b0 2010-91 QPC du 28 janvier 2011","author":"Kohen","date":"2026\u5e743\u67084\u65e5","format":false,"excerpt":"Le Conseil constitutionnel a rendu le 28 janvier 2\u2026","rel":"","context":"\u5728\u201cConseil constitutionnel\u201d\u4e2d","block_context":{"text":"Conseil constitutionnel","link":"https:\/\/kohenavocats.com\/category\/jurisprudence-constitutionnelle\/"},"img":{"alt_text":"","src":"https:\/\/i0.wp.com\/kohenavocats.com\/wp-content\/uploads\/2024\/11\/getty-images-HWIZ10Iyb84-unsplash.webp?resize=350%2C200&ssl=1","width":350,"height":200,"srcset":"https:\/\/i0.wp.com\/kohenavocats.com\/wp-content\/uploads\/2024\/11\/getty-images-HWIZ10Iyb84-unsplash.webp?resize=350%2C200&ssl=1 1x, https:\/\/i0.wp.com\/kohenavocats.com\/wp-content\/uploads\/2024\/11\/getty-images-HWIZ10Iyb84-unsplash.webp?resize=525%2C300&ssl=1 1.5x, https:\/\/i0.wp.com\/kohenavocats.com\/wp-content\/uploads\/2024\/11\/getty-images-HWIZ10Iyb84-unsplash.webp?resize=700%2C400&ssl=1 2x, https:\/\/i0.wp.com\/kohenavocats.com\/wp-content\/uploads\/2024\/11\/getty-images-HWIZ10Iyb84-unsplash.webp?resize=1050%2C600&ssl=1 3x, https:\/\/i0.wp.com\/kohenavocats.com\/wp-content\/uploads\/2024\/11\/getty-images-HWIZ10Iyb84-unsplash.webp?resize=1400%2C800&ssl=1 4x"},"classes":[]}],"jetpack_sharing_enabled":true,"_links":{"self":[{"href":"https:\/\/kohenavocats.com\/zh-hans\/wp-json\/wp\/v2\/posts\/705866","targetHints":{"allow":["GET"]}}],"collection":[{"href":"https:\/\/kohenavocats.com\/zh-hans\/wp-json\/wp\/v2\/posts"}],"about":[{"href":"https:\/\/kohenavocats.com\/zh-hans\/wp-json\/wp\/v2\/types\/post"}],"author":[{"embeddable":true,"href":"https:\/\/kohenavocats.com\/zh-hans\/wp-json\/wp\/v2\/users\/232070755"}],"replies":[{"embeddable":true,"href":"https:\/\/kohenavocats.com\/zh-hans\/wp-json\/wp\/v2\/comments?post=705866"}],"version-history":[{"count":0,"href":"https:\/\/kohenavocats.com\/zh-hans\/wp-json\/wp\/v2\/posts\/705866\/revisions"}],"wp:featuredmedia":[{"embeddable":true,"href":"https:\/\/kohenavocats.com\/zh-hans\/wp-json\/wp\/v2\/media\/3924"}],"wp:attachment":[{"href":"https:\/\/kohenavocats.com\/zh-hans\/wp-json\/wp\/v2\/media?parent=705866"}],"wp:term":[{"taxonomy":"category","embeddable":true,"href":"https:\/\/kohenavocats.com\/zh-hans\/wp-json\/wp\/v2\/categories?post=705866"},{"taxonomy":"post_tag","embeddable":true,"href":"https:\/\/kohenavocats.com\/zh-hans\/wp-json\/wp\/v2\/tags?post=705866"}],"curies":[{"name":"wp","href":"https:\/\/api.w.org\/{rel}","templated":true}]}}