{"id":713639,"date":"2026-04-27T23:33:33","date_gmt":"2026-04-27T21:33:33","guid":{"rendered":"https:\/\/kohenavocats.com\/ce-conseil-detat-10-04-2026-n-509959\/"},"modified":"2026-04-27T23:33:33","modified_gmt":"2026-04-27T21:33:33","slug":"ce-conseil-detat-10-04-2026-n-509959","status":"publish","type":"post","link":"https:\/\/kohenavocats.com\/zh-hans\/ce-conseil-detat-10-04-2026-n-509959\/","title":{"rendered":"CE &#8211; Conseil d&#8217;\u00c9tat &#8211; 10\/04\/2026 &#8211; n\u00b0 509959"},"content":{"rendered":"<div class='article-content'>\n<p>Le Conseil d&#8217;\u00c9tat, dans un arr\u00eat du 10 avril 2026, a statu\u00e9 sur le recours d&#8217;un chef d&#8217;escadron de gendarmerie contestant une sanction disciplinaire de dix jours d&#8217;arr\u00eats.<br \/>Le requ\u00e9rant avait \u00e9t\u00e9 sanctionn\u00e9 pour avoir, en permission, menac\u00e9 des agents verbalisateurs en invoquant sa qualit\u00e9 d&#8217;officier afin d&#8217;obtenir l&#8217;annulation d&#8217;une amende de stationnement.<br \/>Il soutenait que son dossier disciplinaire \u00e9tait incomplet, que les faits \u00e9taient inexacts, que la sanction \u00e9tait disproportionn\u00e9e et qu&#8217;il existait un d\u00e9tournement de pouvoir.<br \/>La haute juridiction administrative a rejet\u00e9 l&#8217;ensemble de ses moyens et confirm\u00e9 la l\u00e9galit\u00e9 de la sanction prononc\u00e9e par le directeur g\u00e9n\u00e9ral de la gendarmerie nationale.<\/p>\n<p>I. La r\u00e9gularit\u00e9 de la proc\u00e9dure disciplinaire est pr\u00e9serv\u00e9e malgr\u00e9 l&#8217;incompl\u00e9tude du dossier.<\/p>\n<p>La communication du dossier disciplinaire doit permettre au militaire de pr\u00e9parer utilement sa d\u00e9fense avant toute sanction.<br \/>Le juge estime que l&#8217;absence d&#8217;un compte-rendu dans le dossier ne vicie pas la proc\u00e9dure.<br \/>Ainsi, <em>&#8220;le requ\u00e9rant a \u00e9t\u00e9 mis \u00e0 m\u00eame de r\u00e9clamer, s&#8217;il le jugeait utile, la jonction \u00e0 ce dossier de ce compte-rendu&#8221;<\/em> (point 2).<br \/>Cette solution pr\u00e9cise que l&#8217;administration n&#8217;a pas d&#8217;obligation de compl\u00e9tude spontan\u00e9e lorsque l&#8217;agent peut solliciter lui-m\u00eame l&#8217;ajout.<br \/>La valeur de cette d\u00e9cision est de limiter les vices de forme aux seules atteintes effectives aux droits de la d\u00e9fense.<br \/>Sa port\u00e9e est d&#8217;imposer au militaire sanctionn\u00e9 de d\u00e9montrer qu&#8217;il a \u00e9t\u00e9 emp\u00each\u00e9 de se d\u00e9fendre, non simplement que le dossier \u00e9tait lacunaire.<\/p>\n<p>II. La sanction disciplinaire est proportionn\u00e9e aux fautes commises par l&#8217;officier.<\/p>\n<p>Le juge contr\u00f4le l&#8217;ad\u00e9quation entre la gravit\u00e9 des faits et la s\u00e9v\u00e9rit\u00e9 de la peine inflig\u00e9e par l&#8217;administration.<br \/>Il rel\u00e8ve que le requ\u00e9rant a utilis\u00e9 son grade pour contester une amende sur un ton mena\u00e7ant, ce qui constitue une faute grave.<br \/>La d\u00e9cision retient que <em>&#8220;eu \u00e9gard aux responsabilit\u00e9s de M. B&#8230; et \u00e0 la circonstance, non contest\u00e9e, qu&#8217;une premi\u00e8re sanction disciplinaire (&#8230;) lui avait d\u00e9j\u00e0 \u00e9t\u00e9 inflig\u00e9e en 2019&#8221;<\/em> (point 4).<br \/>Cette appr\u00e9ciation in concreto montre que le juge prend en compte le pass\u00e9 disciplinaire et les responsabilit\u00e9s de l&#8217;agent.<br \/>La valeur de ce contr\u00f4le est de v\u00e9rifier qu&#8217;aucune disproportion manifeste n&#8217;entache la d\u00e9cision de l&#8217;autorit\u00e9 militaire.<br \/>Sa port\u00e9e est de rappeler que la r\u00e9cidive et la nature des fonctions justifient une sanction plus s\u00e9v\u00e8re, m\u00eame au sein du premier groupe.<\/p>\n<\/div>\n","protected":false},"excerpt":{"rendered":"<p>Le Conseil d&#8217;\u00c9tat, dans un arr\u00eat du 10 avril 2026, a statu\u00e9 sur le recours d&#8217;un chef d&#8217;escadron de gendarmerie contestant une sanction disciplinaire de&#8230;<\/p>\n","protected":false},"author":232070755,"featured_media":9509,"comment_status":"open","ping_status":"open","sticky":false,"template":"","format":"standard","meta":{"_crdt_document":"","_jetpack_newsletter_access":"","_jetpack_dont_email_post_to_subs":false,"_jetpack_newsletter_tier_id":0,"_jetpack_memberships_contains_paywalled_content":false,"_kj_source_type":"","_kj_official_id":"","_kj_official_url":"","_kj_judilibre_id":"","_kj_jur":"","_kj_lieu":"","_kj_chambre":"","_kj_rg":"","_kj_date":"","_jetpack_memberships_contains_paid_content":false,"footnotes":"","jetpack_post_was_ever_published":false},"categories":[7593],"tags":[],"class_list":["post-713639","post","type-post","status-publish","format-standard","has-post-thumbnail","hentry","category-juridictions-administratives"],"yoast_head":"<!-- This site is optimized with the Yoast SEO Premium plugin v27.5 (Yoast SEO v27.5) - https:\/\/yoast.com\/product\/yoast-seo-premium-wordpress\/ -->\n<title>CE - Conseil d&#039;\u00c9tat - 10\/04\/2026 - n\u00b0 509959 - Ma\u00eetre Hassan Kohen, avocat en droit p\u00e9nal \u00e0 Paris<\/title>\n<meta name=\"description\" content=\"Le Conseil d&#039;\u00c9tat, dans un arr\u00eat du 10 avril 2026, a statu\u00e9 sur le recours d&#039;un chef d&#039;escadron de gendarmerie contestant une sanction disciplinaire de...\" \/>\n<meta name=\"robots\" content=\"index, follow, max-snippet:-1, max-image-preview:large, max-video-preview:-1\" \/>\n<link rel=\"canonical\" href=\"https:\/\/kohenavocats.com\/zh-hans\/ce-conseil-detat-10-04-2026-n-509959\/\" \/>\n<meta property=\"og:locale\" content=\"zh_CN\" \/>\n<meta property=\"og:type\" content=\"article\" \/>\n<meta property=\"og:title\" content=\"CE - Conseil d&#039;\u00c9tat - 10\/04\/2026 - n\u00b0 509959\" \/>\n<meta property=\"og:description\" content=\"Le Conseil d&#039;\u00c9tat, dans un arr\u00eat du 10 avril 2026, a statu\u00e9 sur le recours d&#039;un chef d&#039;escadron de gendarmerie contestant une sanction disciplinaire de...\" \/>\n<meta property=\"og:url\" content=\"https:\/\/kohenavocats.com\/zh-hans\/ce-conseil-detat-10-04-2026-n-509959\/\" \/>\n<meta property=\"og:site_name\" content=\"Ma\u00eetre Hassan Kohen, avocat en droit p\u00e9nal \u00e0 Paris\" \/>\n<meta property=\"article:published_time\" content=\"2026-04-27T21:33:33+00:00\" \/>\n<meta property=\"og:image\" content=\"https:\/\/kohenavocats.com\/wp-content\/uploads\/2024\/11\/getty-images-hURFShgggjI-unsplash.webp\" \/>\n\t<meta property=\"og:image:width\" content=\"5000\" \/>\n\t<meta property=\"og:image:height\" content=\"3750\" \/>\n\t<meta property=\"og:image:type\" content=\"image\/webp\" \/>\n<meta name=\"author\" content=\"Kohen\" \/>\n<meta name=\"twitter:card\" content=\"summary_large_image\" \/>\n<meta name=\"twitter:label1\" content=\"\u4f5c\u8005\" \/>\n\t<meta name=\"twitter:data1\" content=\"Kohen\" \/>\n\t<meta name=\"twitter:label2\" content=\"\u9884\u8ba1\u9605\u8bfb\u65f6\u95f4\" \/>\n\t<meta name=\"twitter:data2\" content=\"2 \u5206\" \/>\n<script type=\"application\/ld+json\" class=\"yoast-schema-graph\">{\"@context\":\"https:\\\/\\\/schema.org\",\"@graph\":[{\"@type\":\"Article\",\"@id\":\"https:\\\/\\\/kohenavocats.com\\\/zh-hans\\\/ce-conseil-detat-10-04-2026-n-509959\\\/#article\",\"isPartOf\":{\"@id\":\"https:\\\/\\\/kohenavocats.com\\\/zh-hans\\\/ce-conseil-detat-10-04-2026-n-509959\\\/\"},\"author\":{\"name\":\"Kohen\",\"@id\":\"https:\\\/\\\/kohenavocats.com\\\/zh-hans\\\/#\\\/schema\\\/person\\\/761c9ba54fa1ca84d405cef0831ff751\"},\"headline\":\"CE &#8211; Conseil d&#8217;\u00c9tat &#8211; 10\\\/04\\\/2026 &#8211; n\u00b0 509959\",\"datePublished\":\"2026-04-27T21:33:33+00:00\",\"mainEntityOfPage\":{\"@id\":\"https:\\\/\\\/kohenavocats.com\\\/zh-hans\\\/ce-conseil-detat-10-04-2026-n-509959\\\/\"},\"wordCount\":460,\"commentCount\":0,\"publisher\":{\"@id\":\"https:\\\/\\\/kohenavocats.com\\\/zh-hans\\\/#organization\"},\"image\":{\"@id\":\"https:\\\/\\\/kohenavocats.com\\\/zh-hans\\\/ce-conseil-detat-10-04-2026-n-509959\\\/#primaryimage\"},\"thumbnailUrl\":\"https:\\\/\\\/kohenavocats.com\\\/wp-content\\\/uploads\\\/2024\\\/11\\\/getty-images-hURFShgggjI-unsplash.webp\",\"articleSection\":[\"Juridictions administratives\"],\"inLanguage\":\"zh-Hans\",\"potentialAction\":[{\"@type\":\"CommentAction\",\"name\":\"Comment\",\"target\":[\"https:\\\/\\\/kohenavocats.com\\\/zh-hans\\\/ce-conseil-detat-10-04-2026-n-509959\\\/#respond\"]}],\"citation\":\"CE &#8211; Conseil d&#8217;\u00c9tat &#8211; 10\\\/04\\\/2026 &#8211; n\u00b0 509959\",\"about\":[{\"@type\":\"Thing\",\"name\":\"Juridictions administratives\"}],\"dateModified\":\"2026-04-27T21:33:33+00:00\",\"speakable\":{\"@type\":\"SpeakableSpecification\",\"cssSelector\":[\".article-content > p:first-of-type\"]}},{\"@type\":\"WebPage\",\"@id\":\"https:\\\/\\\/kohenavocats.com\\\/zh-hans\\\/ce-conseil-detat-10-04-2026-n-509959\\\/\",\"url\":\"https:\\\/\\\/kohenavocats.com\\\/zh-hans\\\/ce-conseil-detat-10-04-2026-n-509959\\\/\",\"name\":\"CE - Conseil d'\u00c9tat - 10\\\/04\\\/2026 - n\u00b0 509959 - Ma\u00eetre Hassan Kohen, avocat en droit p\u00e9nal \u00e0 Paris\",\"isPartOf\":{\"@id\":\"https:\\\/\\\/kohenavocats.com\\\/zh-hans\\\/#website\"},\"primaryImageOfPage\":{\"@id\":\"https:\\\/\\\/kohenavocats.com\\\/zh-hans\\\/ce-conseil-detat-10-04-2026-n-509959\\\/#primaryimage\"},\"image\":{\"@id\":\"https:\\\/\\\/kohenavocats.com\\\/zh-hans\\\/ce-conseil-detat-10-04-2026-n-509959\\\/#primaryimage\"},\"thumbnailUrl\":\"https:\\\/\\\/kohenavocats.com\\\/wp-content\\\/uploads\\\/2024\\\/11\\\/getty-images-hURFShgggjI-unsplash.webp\",\"datePublished\":\"2026-04-27T21:33:33+00:00\",\"description\":\"Le Conseil d'\u00c9tat, dans un arr\u00eat du 10 avril 2026, a statu\u00e9 sur le recours d'un chef d'escadron de gendarmerie contestant une sanction disciplinaire de...\",\"breadcrumb\":{\"@id\":\"https:\\\/\\\/kohenavocats.com\\\/zh-hans\\\/ce-conseil-detat-10-04-2026-n-509959\\\/#breadcrumb\"},\"inLanguage\":\"zh-Hans\",\"potentialAction\":[{\"@type\":\"ReadAction\",\"target\":[\"https:\\\/\\\/kohenavocats.com\\\/zh-hans\\\/ce-conseil-detat-10-04-2026-n-509959\\\/\"]}]},{\"@type\":\"ImageObject\",\"inLanguage\":\"zh-Hans\",\"@id\":\"https:\\\/\\\/kohenavocats.com\\\/zh-hans\\\/ce-conseil-detat-10-04-2026-n-509959\\\/#primaryimage\",\"url\":\"https:\\\/\\\/kohenavocats.com\\\/wp-content\\\/uploads\\\/2024\\\/11\\\/getty-images-hURFShgggjI-unsplash.webp\",\"contentUrl\":\"https:\\\/\\\/kohenavocats.com\\\/wp-content\\\/uploads\\\/2024\\\/11\\\/getty-images-hURFShgggjI-unsplash.webp\",\"width\":5000,\"height\":3750},{\"@type\":\"BreadcrumbList\",\"@id\":\"https:\\\/\\\/kohenavocats.com\\\/zh-hans\\\/ce-conseil-detat-10-04-2026-n-509959\\\/#breadcrumb\",\"itemListElement\":[{\"@type\":\"ListItem\",\"position\":1,\"name\":\"Home\",\"item\":\"https:\\\/\\\/kohenavocats.com\\\/zh-hans\\\/\"},{\"@type\":\"ListItem\",\"position\":2,\"name\":\"CE &#8211; Conseil d&rsquo;\u00c9tat &#8211; 10\\\/04\\\/2026 &#8211; n\u00b0 509959\"}]},{\"@type\":\"WebSite\",\"@id\":\"https:\\\/\\\/kohenavocats.com\\\/zh-hans\\\/#website\",\"url\":\"https:\\\/\\\/kohenavocats.com\\\/zh-hans\\\/\",\"name\":\"Kohen Avocats\",\"description\":\"Ma\u00eetre Hassan Kohen, avocat p\u00e9naliste \u00e0 Paris, intervient exclusivement en droit p\u00e9nal pour la d\u00e9fense des particuliers, notamment en mati\u00e8re d\u2019accusations de viol. Il assure un accompagnement rigoureux d\u00e8s la garde \u00e0 vue jusqu\u2019\u00e0 la Cour d\u2019assises, veillant au strict respect des garanties proc\u00e9durales.\",\"publisher\":{\"@id\":\"https:\\\/\\\/kohenavocats.com\\\/zh-hans\\\/#organization\"},\"potentialAction\":[{\"@type\":\"SearchAction\",\"target\":{\"@type\":\"EntryPoint\",\"urlTemplate\":\"https:\\\/\\\/kohenavocats.com\\\/zh-hans\\\/?s={search_term_string}\"},\"query-input\":{\"@type\":\"PropertyValueSpecification\",\"valueRequired\":true,\"valueName\":\"search_term_string\"}}],\"inLanguage\":\"zh-Hans\"},{\"@type\":\"Organization\",\"@id\":\"https:\\\/\\\/kohenavocats.com\\\/zh-hans\\\/#organization\",\"name\":\"Kohen Avocats\",\"url\":\"https:\\\/\\\/kohenavocats.com\\\/zh-hans\\\/\",\"logo\":{\"@type\":\"ImageObject\",\"inLanguage\":\"zh-Hans\",\"@id\":\"https:\\\/\\\/kohenavocats.com\\\/zh-hans\\\/#\\\/schema\\\/logo\\\/image\\\/\",\"url\":\"https:\\\/\\\/kohenavocats.com\\\/wp-content\\\/uploads\\\/2026\\\/01\\\/Logo-2-1.webp\",\"contentUrl\":\"https:\\\/\\\/kohenavocats.com\\\/wp-content\\\/uploads\\\/2026\\\/01\\\/Logo-2-1.webp\",\"width\":2114,\"height\":1253,\"caption\":\"Kohen Avocats\"},\"image\":{\"@id\":\"https:\\\/\\\/kohenavocats.com\\\/zh-hans\\\/#\\\/schema\\\/logo\\\/image\\\/\"}},{\"@type\":\"Person\",\"@id\":\"https:\\\/\\\/kohenavocats.com\\\/zh-hans\\\/#\\\/schema\\\/person\\\/761c9ba54fa1ca84d405cef0831ff751\",\"name\":\"Kohen\",\"image\":{\"@type\":\"ImageObject\",\"inLanguage\":\"zh-Hans\",\"@id\":\"https:\\\/\\\/secure.gravatar.com\\\/avatar\\\/1c5e76ef76bbbfdd2b4da984e2bf2fa4056fd51a27d25ce2c332047f1dfd6e00?s=96&d=identicon&r=g\",\"url\":\"https:\\\/\\\/secure.gravatar.com\\\/avatar\\\/1c5e76ef76bbbfdd2b4da984e2bf2fa4056fd51a27d25ce2c332047f1dfd6e00?s=96&d=identicon&r=g\",\"contentUrl\":\"https:\\\/\\\/secure.gravatar.com\\\/avatar\\\/1c5e76ef76bbbfdd2b4da984e2bf2fa4056fd51a27d25ce2c332047f1dfd6e00?s=96&d=identicon&r=g\",\"caption\":\"Kohen\"},\"sameAs\":[\"https:\\\/\\\/www.linkedin.com\\\/in\\\/hassan-kohen-448548192\\\/\",\"https:\\\/\\\/www.youtube.com\\\/@Kohen-Avocats\"],\"url\":\"https:\\\/\\\/kohenavocats.com\\\/zh-hans\\\/author\\\/kohenmlk\\\/\"}]}<\/script>\n<!-- \/ Yoast SEO Premium plugin. -->","yoast_head_json":{"title":"CE - Conseil d'\u00c9tat - 10\/04\/2026 - n\u00b0 509959 - Ma\u00eetre Hassan Kohen, avocat en droit p\u00e9nal \u00e0 Paris","description":"Le Conseil d'\u00c9tat, dans un arr\u00eat du 10 avril 2026, a statu\u00e9 sur le recours d'un chef d'escadron de gendarmerie contestant une sanction disciplinaire de...","robots":{"index":"index","follow":"follow","max-snippet":"max-snippet:-1","max-image-preview":"max-image-preview:large","max-video-preview":"max-video-preview:-1"},"canonical":"https:\/\/kohenavocats.com\/zh-hans\/ce-conseil-detat-10-04-2026-n-509959\/","og_locale":"zh_CN","og_type":"article","og_title":"CE - Conseil d'\u00c9tat - 10\/04\/2026 - n\u00b0 509959","og_description":"Le Conseil d'\u00c9tat, dans un arr\u00eat du 10 avril 2026, a statu\u00e9 sur le recours d'un chef d'escadron de gendarmerie contestant une sanction disciplinaire de...","og_url":"https:\/\/kohenavocats.com\/zh-hans\/ce-conseil-detat-10-04-2026-n-509959\/","og_site_name":"Ma\u00eetre Hassan Kohen, avocat en droit p\u00e9nal \u00e0 Paris","article_published_time":"2026-04-27T21:33:33+00:00","og_image":[{"width":5000,"height":3750,"url":"https:\/\/kohenavocats.com\/wp-content\/uploads\/2024\/11\/getty-images-hURFShgggjI-unsplash.webp","type":"image\/webp"}],"author":"Kohen","twitter_card":"summary_large_image","twitter_misc":{"\u4f5c\u8005":"Kohen","\u9884\u8ba1\u9605\u8bfb\u65f6\u95f4":"2 \u5206"},"schema":{"@context":"https:\/\/schema.org","@graph":[{"@type":"Article","@id":"https:\/\/kohenavocats.com\/zh-hans\/ce-conseil-detat-10-04-2026-n-509959\/#article","isPartOf":{"@id":"https:\/\/kohenavocats.com\/zh-hans\/ce-conseil-detat-10-04-2026-n-509959\/"},"author":{"name":"Kohen","@id":"https:\/\/kohenavocats.com\/zh-hans\/#\/schema\/person\/761c9ba54fa1ca84d405cef0831ff751"},"headline":"CE &#8211; Conseil d&#8217;\u00c9tat &#8211; 10\/04\/2026 &#8211; n\u00b0 509959","datePublished":"2026-04-27T21:33:33+00:00","mainEntityOfPage":{"@id":"https:\/\/kohenavocats.com\/zh-hans\/ce-conseil-detat-10-04-2026-n-509959\/"},"wordCount":460,"commentCount":0,"publisher":{"@id":"https:\/\/kohenavocats.com\/zh-hans\/#organization"},"image":{"@id":"https:\/\/kohenavocats.com\/zh-hans\/ce-conseil-detat-10-04-2026-n-509959\/#primaryimage"},"thumbnailUrl":"https:\/\/kohenavocats.com\/wp-content\/uploads\/2024\/11\/getty-images-hURFShgggjI-unsplash.webp","articleSection":["Juridictions administratives"],"inLanguage":"zh-Hans","potentialAction":[{"@type":"CommentAction","name":"Comment","target":["https:\/\/kohenavocats.com\/zh-hans\/ce-conseil-detat-10-04-2026-n-509959\/#respond"]}],"citation":"CE &#8211; Conseil d&#8217;\u00c9tat &#8211; 10\/04\/2026 &#8211; n\u00b0 509959","about":[{"@type":"Thing","name":"Juridictions administratives"}],"dateModified":"2026-04-27T21:33:33+00:00","speakable":{"@type":"SpeakableSpecification","cssSelector":[".article-content > p:first-of-type"]}},{"@type":"WebPage","@id":"https:\/\/kohenavocats.com\/zh-hans\/ce-conseil-detat-10-04-2026-n-509959\/","url":"https:\/\/kohenavocats.com\/zh-hans\/ce-conseil-detat-10-04-2026-n-509959\/","name":"CE - Conseil d'\u00c9tat - 10\/04\/2026 - n\u00b0 509959 - Ma\u00eetre Hassan Kohen, avocat en droit p\u00e9nal \u00e0 Paris","isPartOf":{"@id":"https:\/\/kohenavocats.com\/zh-hans\/#website"},"primaryImageOfPage":{"@id":"https:\/\/kohenavocats.com\/zh-hans\/ce-conseil-detat-10-04-2026-n-509959\/#primaryimage"},"image":{"@id":"https:\/\/kohenavocats.com\/zh-hans\/ce-conseil-detat-10-04-2026-n-509959\/#primaryimage"},"thumbnailUrl":"https:\/\/kohenavocats.com\/wp-content\/uploads\/2024\/11\/getty-images-hURFShgggjI-unsplash.webp","datePublished":"2026-04-27T21:33:33+00:00","description":"Le Conseil d'\u00c9tat, dans un arr\u00eat du 10 avril 2026, a statu\u00e9 sur le recours d'un chef d'escadron de gendarmerie contestant une sanction disciplinaire de...","breadcrumb":{"@id":"https:\/\/kohenavocats.com\/zh-hans\/ce-conseil-detat-10-04-2026-n-509959\/#breadcrumb"},"inLanguage":"zh-Hans","potentialAction":[{"@type":"ReadAction","target":["https:\/\/kohenavocats.com\/zh-hans\/ce-conseil-detat-10-04-2026-n-509959\/"]}]},{"@type":"ImageObject","inLanguage":"zh-Hans","@id":"https:\/\/kohenavocats.com\/zh-hans\/ce-conseil-detat-10-04-2026-n-509959\/#primaryimage","url":"https:\/\/kohenavocats.com\/wp-content\/uploads\/2024\/11\/getty-images-hURFShgggjI-unsplash.webp","contentUrl":"https:\/\/kohenavocats.com\/wp-content\/uploads\/2024\/11\/getty-images-hURFShgggjI-unsplash.webp","width":5000,"height":3750},{"@type":"BreadcrumbList","@id":"https:\/\/kohenavocats.com\/zh-hans\/ce-conseil-detat-10-04-2026-n-509959\/#breadcrumb","itemListElement":[{"@type":"ListItem","position":1,"name":"Home","item":"https:\/\/kohenavocats.com\/zh-hans\/"},{"@type":"ListItem","position":2,"name":"CE &#8211; Conseil d&rsquo;\u00c9tat &#8211; 10\/04\/2026 &#8211; n\u00b0 509959"}]},{"@type":"WebSite","@id":"https:\/\/kohenavocats.com\/zh-hans\/#website","url":"https:\/\/kohenavocats.com\/zh-hans\/","name":"Kohen Avocats","description":"Ma\u00eetre Hassan Kohen, avocat p\u00e9naliste \u00e0 Paris, intervient exclusivement en droit p\u00e9nal pour la d\u00e9fense des particuliers, notamment en mati\u00e8re d\u2019accusations de viol. Il assure un accompagnement rigoureux d\u00e8s la garde \u00e0 vue jusqu\u2019\u00e0 la Cour d\u2019assises, veillant au strict respect des garanties proc\u00e9durales.","publisher":{"@id":"https:\/\/kohenavocats.com\/zh-hans\/#organization"},"potentialAction":[{"@type":"SearchAction","target":{"@type":"EntryPoint","urlTemplate":"https:\/\/kohenavocats.com\/zh-hans\/?s={search_term_string}"},"query-input":{"@type":"PropertyValueSpecification","valueRequired":true,"valueName":"search_term_string"}}],"inLanguage":"zh-Hans"},{"@type":"Organization","@id":"https:\/\/kohenavocats.com\/zh-hans\/#organization","name":"Kohen Avocats","url":"https:\/\/kohenavocats.com\/zh-hans\/","logo":{"@type":"ImageObject","inLanguage":"zh-Hans","@id":"https:\/\/kohenavocats.com\/zh-hans\/#\/schema\/logo\/image\/","url":"https:\/\/kohenavocats.com\/wp-content\/uploads\/2026\/01\/Logo-2-1.webp","contentUrl":"https:\/\/kohenavocats.com\/wp-content\/uploads\/2026\/01\/Logo-2-1.webp","width":2114,"height":1253,"caption":"Kohen Avocats"},"image":{"@id":"https:\/\/kohenavocats.com\/zh-hans\/#\/schema\/logo\/image\/"}},{"@type":"Person","@id":"https:\/\/kohenavocats.com\/zh-hans\/#\/schema\/person\/761c9ba54fa1ca84d405cef0831ff751","name":"Kohen","image":{"@type":"ImageObject","inLanguage":"zh-Hans","@id":"https:\/\/secure.gravatar.com\/avatar\/1c5e76ef76bbbfdd2b4da984e2bf2fa4056fd51a27d25ce2c332047f1dfd6e00?s=96&d=identicon&r=g","url":"https:\/\/secure.gravatar.com\/avatar\/1c5e76ef76bbbfdd2b4da984e2bf2fa4056fd51a27d25ce2c332047f1dfd6e00?s=96&d=identicon&r=g","contentUrl":"https:\/\/secure.gravatar.com\/avatar\/1c5e76ef76bbbfdd2b4da984e2bf2fa4056fd51a27d25ce2c332047f1dfd6e00?s=96&d=identicon&r=g","caption":"Kohen"},"sameAs":["https:\/\/www.linkedin.com\/in\/hassan-kohen-448548192\/","https:\/\/www.youtube.com\/@Kohen-Avocats"],"url":"https:\/\/kohenavocats.com\/zh-hans\/author\/kohenmlk\/"}]}},"jetpack_featured_media_url":"https:\/\/kohenavocats.com\/wp-content\/uploads\/2024\/11\/getty-images-hURFShgggjI-unsplash.webp","jetpack_likes_enabled":false,"jetpack_shortlink":"https:\/\/wp.me\/peCrII-2ZEj","jetpack-related-posts":[{"id":455869,"url":"https:\/\/kohenavocats.com\/zh-hans\/ce-conseil-detat-05-02-2026-n-506970\/","url_meta":{"origin":713639,"position":0},"title":"CE \u2013 Conseil d&#8217;\u00c9tat \u2013 05\/02\/2026 \u2013 n\u00b0 506970","author":"Kohen","date":"2026\u5e744\u67086\u65e5","format":false,"excerpt":"Par une d\u00e9cision rendue le 5 f\u00e9vrier 2026, le Cons\u2026","rel":"","context":"\u5728\u201cJuridictions administratives\u201d\u4e2d","block_context":{"text":"Juridictions administratives","link":"https:\/\/kohenavocats.com\/category\/juridictions-administratives\/"},"img":{"alt_text":"","src":"https:\/\/i0.wp.com\/kohenavocats.com\/wp-content\/uploads\/2024\/07\/alex-block-PdDBTrkGYLo-unsplash-1.webp?resize=350%2C200&ssl=1","width":350,"height":200,"srcset":"https:\/\/i0.wp.com\/kohenavocats.com\/wp-content\/uploads\/2024\/07\/alex-block-PdDBTrkGYLo-unsplash-1.webp?resize=350%2C200&ssl=1 1x, https:\/\/i0.wp.com\/kohenavocats.com\/wp-content\/uploads\/2024\/07\/alex-block-PdDBTrkGYLo-unsplash-1.webp?resize=525%2C300&ssl=1 1.5x, https:\/\/i0.wp.com\/kohenavocats.com\/wp-content\/uploads\/2024\/07\/alex-block-PdDBTrkGYLo-unsplash-1.webp?resize=700%2C400&ssl=1 2x, https:\/\/i0.wp.com\/kohenavocats.com\/wp-content\/uploads\/2024\/07\/alex-block-PdDBTrkGYLo-unsplash-1.webp?resize=1050%2C600&ssl=1 3x, https:\/\/i0.wp.com\/kohenavocats.com\/wp-content\/uploads\/2024\/07\/alex-block-PdDBTrkGYLo-unsplash-1.webp?resize=1400%2C800&ssl=1 4x"},"classes":[]},{"id":475615,"url":"https:\/\/kohenavocats.com\/zh-hans\/ce-conseil-detat-06-06-2025-n-499014\/","url_meta":{"origin":713639,"position":1},"title":"CE \u2013 Conseil d&#8217;\u00c9tat \u2013 06\/06\/2025 \u2013 n\u00b0 499014","author":"Kohen","date":"2026\u5e744\u67087\u65e5","format":false,"excerpt":"Par une d\u00e9cision rendue le 6 juin 2025, le Conseil\u2026","rel":"","context":"\u5728\u201cJuridictions administratives\u201d\u4e2d","block_context":{"text":"Juridictions administratives","link":"https:\/\/kohenavocats.com\/category\/juridictions-administratives\/"},"img":{"alt_text":"","src":"https:\/\/i0.wp.com\/kohenavocats.com\/wp-content\/uploads\/2024\/07\/clarisse-meyer-jKU2NneZAbI-unsplash.webp?resize=350%2C200&ssl=1","width":350,"height":200,"srcset":"https:\/\/i0.wp.com\/kohenavocats.com\/wp-content\/uploads\/2024\/07\/clarisse-meyer-jKU2NneZAbI-unsplash.webp?resize=350%2C200&ssl=1 1x, https:\/\/i0.wp.com\/kohenavocats.com\/wp-content\/uploads\/2024\/07\/clarisse-meyer-jKU2NneZAbI-unsplash.webp?resize=525%2C300&ssl=1 1.5x, https:\/\/i0.wp.com\/kohenavocats.com\/wp-content\/uploads\/2024\/07\/clarisse-meyer-jKU2NneZAbI-unsplash.webp?resize=700%2C400&ssl=1 2x, https:\/\/i0.wp.com\/kohenavocats.com\/wp-content\/uploads\/2024\/07\/clarisse-meyer-jKU2NneZAbI-unsplash.webp?resize=1050%2C600&ssl=1 3x, https:\/\/i0.wp.com\/kohenavocats.com\/wp-content\/uploads\/2024\/07\/clarisse-meyer-jKU2NneZAbI-unsplash.webp?resize=1400%2C800&ssl=1 4x"},"classes":[]},{"id":206546,"url":"https:\/\/kohenavocats.com\/zh-hans\/7eme-chambre-du-conseil-detat-le-11-juillet-2025-n496653\/","url_meta":{"origin":713639,"position":2},"title":"7\u00e8me chambre du Conseil d&#8217;\u00c9tat, le 11 juillet 2025, n\u00b0496653","author":"Kohen","date":"2025\u5e7412\u670822\u65e5","format":false,"excerpt":"Par une d\u00e9cision en date du 11 juillet 2025, le Co\u2026","rel":"","context":"\u5728\u201cConseil d'\u00c9tat\u201d\u4e2d","block_context":{"text":"Conseil d'\u00c9tat","link":"https:\/\/kohenavocats.com\/category\/conseil-detat\/"},"img":{"alt_text":"","src":"https:\/\/i0.wp.com\/kohenavocats.com\/wp-content\/uploads\/2024\/11\/planet-volumes-C4bN-gxQQig-unsplash.webp?resize=350%2C200&ssl=1","width":350,"height":200,"srcset":"https:\/\/i0.wp.com\/kohenavocats.com\/wp-content\/uploads\/2024\/11\/planet-volumes-C4bN-gxQQig-unsplash.webp?resize=350%2C200&ssl=1 1x, https:\/\/i0.wp.com\/kohenavocats.com\/wp-content\/uploads\/2024\/11\/planet-volumes-C4bN-gxQQig-unsplash.webp?resize=525%2C300&ssl=1 1.5x, https:\/\/i0.wp.com\/kohenavocats.com\/wp-content\/uploads\/2024\/11\/planet-volumes-C4bN-gxQQig-unsplash.webp?resize=700%2C400&ssl=1 2x, https:\/\/i0.wp.com\/kohenavocats.com\/wp-content\/uploads\/2024\/11\/planet-volumes-C4bN-gxQQig-unsplash.webp?resize=1050%2C600&ssl=1 3x, https:\/\/i0.wp.com\/kohenavocats.com\/wp-content\/uploads\/2024\/11\/planet-volumes-C4bN-gxQQig-unsplash.webp?resize=1400%2C800&ssl=1 4x"},"classes":[]},{"id":457778,"url":"https:\/\/kohenavocats.com\/zh-hans\/ce-conseil-detat-30-12-2025-n-498150\/","url_meta":{"origin":713639,"position":3},"title":"CE \u2013 Conseil d&#8217;\u00c9tat \u2013 30\/12\/2025 \u2013 n\u00b0 498150","author":"Kohen","date":"2026\u5e744\u67087\u65e5","format":false,"excerpt":"Par une d\u00e9cision rendue le 30 d\u00e9cembre 2025, le Co\u2026","rel":"","context":"\u5728\u201cJuridictions administratives\u201d\u4e2d","block_context":{"text":"Juridictions administratives","link":"https:\/\/kohenavocats.com\/category\/juridictions-administratives\/"},"img":{"alt_text":"","src":"https:\/\/i0.wp.com\/kohenavocats.com\/wp-content\/uploads\/2024\/11\/getty-images-U7YRxXgIqmo-unsplash.webp?resize=350%2C200&ssl=1","width":350,"height":200,"srcset":"https:\/\/i0.wp.com\/kohenavocats.com\/wp-content\/uploads\/2024\/11\/getty-images-U7YRxXgIqmo-unsplash.webp?resize=350%2C200&ssl=1 1x, https:\/\/i0.wp.com\/kohenavocats.com\/wp-content\/uploads\/2024\/11\/getty-images-U7YRxXgIqmo-unsplash.webp?resize=525%2C300&ssl=1 1.5x, https:\/\/i0.wp.com\/kohenavocats.com\/wp-content\/uploads\/2024\/11\/getty-images-U7YRxXgIqmo-unsplash.webp?resize=700%2C400&ssl=1 2x, https:\/\/i0.wp.com\/kohenavocats.com\/wp-content\/uploads\/2024\/11\/getty-images-U7YRxXgIqmo-unsplash.webp?resize=1050%2C600&ssl=1 3x, https:\/\/i0.wp.com\/kohenavocats.com\/wp-content\/uploads\/2024\/11\/getty-images-U7YRxXgIqmo-unsplash.webp?resize=1400%2C800&ssl=1 4x"},"classes":[]},{"id":472003,"url":"https:\/\/kohenavocats.com\/zh-hans\/ce-conseil-detat-11-07-2025-n-496653\/","url_meta":{"origin":713639,"position":4},"title":"CE \u2013 Conseil d&#8217;\u00c9tat \u2013 11\/07\/2025 \u2013 n\u00b0 496653","author":"Kohen","date":"2026\u5e744\u67087\u65e5","format":false,"excerpt":"Par une d\u00e9cision en date du 11 juillet 2025, le Co\u2026","rel":"","context":"\u5728\u201cJuridictions administratives\u201d\u4e2d","block_context":{"text":"Juridictions administratives","link":"https:\/\/kohenavocats.com\/category\/juridictions-administratives\/"},"img":{"alt_text":"","src":"https:\/\/i0.wp.com\/kohenavocats.com\/wp-content\/uploads\/2024\/08\/yohan-marion-UYA82FGMzFE-unsplash.webp?resize=350%2C200&ssl=1","width":350,"height":200,"srcset":"https:\/\/i0.wp.com\/kohenavocats.com\/wp-content\/uploads\/2024\/08\/yohan-marion-UYA82FGMzFE-unsplash.webp?resize=350%2C200&ssl=1 1x, https:\/\/i0.wp.com\/kohenavocats.com\/wp-content\/uploads\/2024\/08\/yohan-marion-UYA82FGMzFE-unsplash.webp?resize=525%2C300&ssl=1 1.5x, https:\/\/i0.wp.com\/kohenavocats.com\/wp-content\/uploads\/2024\/08\/yohan-marion-UYA82FGMzFE-unsplash.webp?resize=700%2C400&ssl=1 2x, https:\/\/i0.wp.com\/kohenavocats.com\/wp-content\/uploads\/2024\/08\/yohan-marion-UYA82FGMzFE-unsplash.webp?resize=1050%2C600&ssl=1 3x, https:\/\/i0.wp.com\/kohenavocats.com\/wp-content\/uploads\/2024\/08\/yohan-marion-UYA82FGMzFE-unsplash.webp?resize=1400%2C800&ssl=1 4x"},"classes":[]},{"id":464731,"url":"https:\/\/kohenavocats.com\/zh-hans\/ce-conseil-detat-06-06-2025-n-498375\/","url_meta":{"origin":713639,"position":5},"title":"CE \u2013 Conseil d&#8217;\u00c9tat \u2013 06\/06\/2025 \u2013 n\u00b0 498375","author":"Kohen","date":"2026\u5e744\u67087\u65e5","format":false,"excerpt":"Par une d\u00e9cision du 6 juin 2025, le Conseil d\u2019\u00c9tat\u2026","rel":"","context":"\u5728\u201cJuridictions administratives\u201d\u4e2d","block_context":{"text":"Juridictions administratives","link":"https:\/\/kohenavocats.com\/category\/juridictions-administratives\/"},"img":{"alt_text":"","src":"https:\/\/i0.wp.com\/kohenavocats.com\/wp-content\/uploads\/2024\/08\/andre-benz-AiORnUT6sC0-unsplash.webp?resize=350%2C200&ssl=1","width":350,"height":200,"srcset":"https:\/\/i0.wp.com\/kohenavocats.com\/wp-content\/uploads\/2024\/08\/andre-benz-AiORnUT6sC0-unsplash.webp?resize=350%2C200&ssl=1 1x, https:\/\/i0.wp.com\/kohenavocats.com\/wp-content\/uploads\/2024\/08\/andre-benz-AiORnUT6sC0-unsplash.webp?resize=525%2C300&ssl=1 1.5x, https:\/\/i0.wp.com\/kohenavocats.com\/wp-content\/uploads\/2024\/08\/andre-benz-AiORnUT6sC0-unsplash.webp?resize=700%2C400&ssl=1 2x, https:\/\/i0.wp.com\/kohenavocats.com\/wp-content\/uploads\/2024\/08\/andre-benz-AiORnUT6sC0-unsplash.webp?resize=1050%2C600&ssl=1 3x, https:\/\/i0.wp.com\/kohenavocats.com\/wp-content\/uploads\/2024\/08\/andre-benz-AiORnUT6sC0-unsplash.webp?resize=1400%2C800&ssl=1 4x"},"classes":[]}],"jetpack_sharing_enabled":true,"_links":{"self":[{"href":"https:\/\/kohenavocats.com\/zh-hans\/wp-json\/wp\/v2\/posts\/713639","targetHints":{"allow":["GET"]}}],"collection":[{"href":"https:\/\/kohenavocats.com\/zh-hans\/wp-json\/wp\/v2\/posts"}],"about":[{"href":"https:\/\/kohenavocats.com\/zh-hans\/wp-json\/wp\/v2\/types\/post"}],"author":[{"embeddable":true,"href":"https:\/\/kohenavocats.com\/zh-hans\/wp-json\/wp\/v2\/users\/232070755"}],"replies":[{"embeddable":true,"href":"https:\/\/kohenavocats.com\/zh-hans\/wp-json\/wp\/v2\/comments?post=713639"}],"version-history":[{"count":0,"href":"https:\/\/kohenavocats.com\/zh-hans\/wp-json\/wp\/v2\/posts\/713639\/revisions"}],"wp:featuredmedia":[{"embeddable":true,"href":"https:\/\/kohenavocats.com\/zh-hans\/wp-json\/wp\/v2\/media\/9509"}],"wp:attachment":[{"href":"https:\/\/kohenavocats.com\/zh-hans\/wp-json\/wp\/v2\/media?parent=713639"}],"wp:term":[{"taxonomy":"category","embeddable":true,"href":"https:\/\/kohenavocats.com\/zh-hans\/wp-json\/wp\/v2\/categories?post=713639"},{"taxonomy":"post_tag","embeddable":true,"href":"https:\/\/kohenavocats.com\/zh-hans\/wp-json\/wp\/v2\/tags?post=713639"}],"curies":[{"name":"wp","href":"https:\/\/api.w.org\/{rel}","templated":true}]}}