{"id":713647,"date":"2026-04-27T23:33:41","date_gmt":"2026-04-27T21:33:41","guid":{"rendered":"https:\/\/kohenavocats.com\/tribunal-judiciaire-de-lyon-le-8-janvier-2026-n21-01967\/"},"modified":"2026-04-27T23:33:41","modified_gmt":"2026-04-27T21:33:41","slug":"tribunal-judiciaire-de-lyon-le-8-janvier-2026-n21-01967","status":"publish","type":"post","link":"https:\/\/kohenavocats.com\/zh-hans\/tribunal-judiciaire-de-lyon-le-8-janvier-2026-n21-01967\/","title":{"rendered":"Tribunal judiciaire de Lyon, le 8 janvier 2026, n\u00b021\/01967"},"content":{"rendered":"<div class=\"article-content\">\n<p>Le tribunal judiciaire de Lyon, dans son jugement du 8 janvier 2026, statuait sur les int\u00e9r\u00eats civils d\u2019une infraction de vol avec violence. Un pr\u00e9venu avait \u00e9t\u00e9 d\u00e9clar\u00e9 coupable par un jugement correctionnel du 1er mars 2021 pour des faits commis le 13 juin 2020. La victime, alors mineure, avait subi une incapacit\u00e9 totale de travail de vingt et un jours et conservait un d\u00e9ficit fonctionnel permanent de deux pour cent. La question de droit portait sur l\u2019\u00e9valuation et la r\u00e9partition des pr\u00e9judices corporels entre la victime et la caisse primaire d\u2019assurance maladie. Le tribunal a condamn\u00e9 l\u2019auteur \u00e0 verser 4 186,50 euros \u00e0 la victime et 252,86 euros \u00e0 l\u2019organisme social.<\/p>\n<p>La juridiction a d\u2019abord statu\u00e9 sur les pr\u00e9judices patrimoniaux en distinguant les parts de la caisse et de la victime. Pour les d\u00e9penses de sant\u00e9 actuelles, elle a constat\u00e9 que la victime ne pr\u00e9sentait aucune r\u00e9clamation, ayant \u00e9t\u00e9 enti\u00e8rement prise en charge. \u201cLe pr\u00e9judice correspond donc au montant de la cr\u00e9ance des organismes sociaux subrog\u00e9s\u201d (Motifs, section 1-1-1). Le tribunal a ainsi allou\u00e9 252,86 euros \u00e0 la caisse, valeur qui r\u00e9side dans la stricte application de l\u2019article L 376-1 du code de la s\u00e9curit\u00e9 sociale. La port\u00e9e de cette solution est d\u2019\u00e9viter une double indemnisation en cantonnant le recours subrogatoire aux seuls postes pris en charge.<\/p>\n<p>Concernant l\u2019assistance par tierce personne temporaire, le juge a retenu un besoin d\u2019une heure par jour pendant vingt-deux jours, sur la base du rapport d\u2019expertise. Il a fix\u00e9 un co\u00fbt horaire de 19 euros, en consid\u00e9ration du montant du SMIC, pour aboutir \u00e0 399 euros. Le sens de cette \u00e9valuation est d\u2019indemniser une aide non sp\u00e9cialis\u00e9e \u00e0 la vie quotidienne, sans r\u00e9f\u00e9rence \u00e0 un bar\u00e8me national imp\u00e9ratif. Sa valeur est d\u2019ancrer le calcul sur un \u00e9l\u00e9ment objectif et variable, le salaire minimum, garantissant une actualisation implicite.<\/p>\n<p>Le tribunal a ensuite \u00e9valu\u00e9 les pr\u00e9judices extra-patrimoniaux en commen\u00e7ant par le d\u00e9ficit fonctionnel temporaire. Il a retenu un taux journalier de 28 euros, appliqu\u00e9 aux diff\u00e9rentes p\u00e9riodes d\u2019incapacit\u00e9 partielle, pour un total ramen\u00e9 \u00e0 487,50 euros. La solution se fonde sur une appr\u00e9ciation souveraine du juge, qui module le montant en fonction de la gravit\u00e9 des s\u00e9quelles. La port\u00e9e de cette m\u00e9thode est de personnaliser l\u2019indemnisation selon l\u2019intensit\u00e9 du pr\u00e9judice subi chaque jour.<\/p>\n<p>Pour le d\u00e9ficit fonctionnel permanent, le magistrat a fix\u00e9 la valeur du point \u00e0 2 150 euros, compte tenu de l\u2019\u00e2ge de la victime, seize ans \u00e0 la consolidation. Il a ainsi allou\u00e9 4 300 euros pour un taux de deux pour cent. Le sens de cette d\u00e9cision est de prendre en compte la jeunesse de la victime pour majorer l\u2019indemnisation, conform\u00e9ment \u00e0 une jurisprudence constante. Sa valeur est de rappeler que l\u2019\u00e2ge est un crit\u00e8re essentiel pour \u00e9valuer la perte de qualit\u00e9 de vie future.<\/p>\n<\/div>\n","protected":false},"excerpt":{"rendered":"<p>Le tribunal judiciaire de Lyon, dans son jugement du 8 janvier 2026, statuait sur les int\u00e9r\u00eats civils d\u2019une infraction de vol avec violence. Un pr\u00e9venu avait&#8230;<\/p>\n","protected":false},"author":232070755,"featured_media":9496,"comment_status":"open","ping_status":"open","sticky":false,"template":"","format":"standard","meta":{"_crdt_document":"","_jetpack_newsletter_access":"","_jetpack_dont_email_post_to_subs":false,"_jetpack_newsletter_tier_id":0,"_jetpack_memberships_contains_paywalled_content":false,"_kj_source_type":"judilibre","_kj_official_id":"697aca28cdc6046d470bcc63","_kj_official_url":"https:\/\/www.courdecassation.fr\/decision\/697aca28cdc6046d470bcc63","_kj_judilibre_id":"697aca28cdc6046d470bcc63","_kj_jur":"Tribunal judiciaire","_kj_lieu":"Lyon","_kj_chambre":"Quatri\u00e8me Int\u00e9r\u00eats Civils","_kj_rg":"21\/01967","_kj_date":"2026-01-08","_jetpack_memberships_contains_paid_content":false,"footnotes":"","jetpack_post_was_ever_published":false},"categories":[7597],"tags":[],"class_list":["post-713647","post","type-post","status-publish","format-standard","has-post-thumbnail","hentry","category-jurisprudence"],"yoast_head":"<!-- This site is optimized with the Yoast SEO Premium plugin v27.4 (Yoast SEO v27.4) - https:\/\/yoast.com\/product\/yoast-seo-premium-wordpress\/ -->\n<title>Tribunal judiciaire de Lyon, le 8 janvier 2026, n\u00b021\/01967 - Ma\u00eetre Hassan Kohen, avocat en droit p\u00e9nal \u00e0 Paris<\/title>\n<meta name=\"description\" content=\"Le tribunal judiciaire de Lyon, dans son jugement du 8 janvier 2026, statuait sur les int\u00e9r\u00eats civils d\u2019une infraction de vol avec violence. Un pr\u00e9venu avait...\" \/>\n<meta name=\"robots\" content=\"index, follow, max-snippet:-1, max-image-preview:large, max-video-preview:-1\" \/>\n<link rel=\"canonical\" href=\"https:\/\/kohenavocats.com\/zh-hans\/tribunal-judiciaire-de-lyon-le-8-janvier-2026-n21-01967\/\" \/>\n<meta property=\"og:locale\" content=\"zh_CN\" \/>\n<meta property=\"og:type\" content=\"article\" \/>\n<meta property=\"og:title\" content=\"Tribunal judiciaire de Lyon, le 8 janvier 2026, n\u00b021\/01967\" \/>\n<meta property=\"og:description\" content=\"Le tribunal judiciaire de Lyon, dans son jugement du 8 janvier 2026, statuait sur les int\u00e9r\u00eats civils d\u2019une infraction de vol avec violence. Un pr\u00e9venu avait...\" \/>\n<meta property=\"og:url\" content=\"https:\/\/kohenavocats.com\/zh-hans\/tribunal-judiciaire-de-lyon-le-8-janvier-2026-n21-01967\/\" \/>\n<meta property=\"og:site_name\" content=\"Ma\u00eetre Hassan Kohen, avocat en droit p\u00e9nal \u00e0 Paris\" \/>\n<meta property=\"article:published_time\" content=\"2026-04-27T21:33:41+00:00\" \/>\n<meta property=\"og:image\" content=\"https:\/\/kohenavocats.com\/wp-content\/uploads\/2024\/11\/getty-images-7NmYG4-AE24-unsplash.webp\" \/>\n\t<meta property=\"og:image:width\" content=\"6500\" \/>\n\t<meta property=\"og:image:height\" content=\"4000\" \/>\n\t<meta property=\"og:image:type\" content=\"image\/webp\" \/>\n<meta name=\"author\" content=\"Kohen\" \/>\n<meta name=\"twitter:card\" content=\"summary_large_image\" \/>\n<meta name=\"twitter:label1\" content=\"\u4f5c\u8005\" \/>\n\t<meta name=\"twitter:data1\" content=\"Kohen\" \/>\n\t<meta name=\"twitter:label2\" content=\"\u9884\u8ba1\u9605\u8bfb\u65f6\u95f4\" \/>\n\t<meta name=\"twitter:data2\" content=\"2 \u5206\" \/>\n<script type=\"application\/ld+json\" class=\"yoast-schema-graph\">{\"@context\":\"https:\\\/\\\/schema.org\",\"@graph\":[{\"@type\":\"Article\",\"@id\":\"https:\\\/\\\/kohenavocats.com\\\/zh-hans\\\/tribunal-judiciaire-de-lyon-le-8-janvier-2026-n21-01967\\\/#article\",\"isPartOf\":{\"@id\":\"https:\\\/\\\/kohenavocats.com\\\/zh-hans\\\/tribunal-judiciaire-de-lyon-le-8-janvier-2026-n21-01967\\\/\"},\"author\":{\"name\":\"Kohen\",\"@id\":\"https:\\\/\\\/kohenavocats.com\\\/zh-hans\\\/#\\\/schema\\\/person\\\/761c9ba54fa1ca84d405cef0831ff751\"},\"headline\":\"Tribunal judiciaire de Lyon, le 8 janvier 2026, n\u00b021\\\/01967\",\"datePublished\":\"2026-04-27T21:33:41+00:00\",\"mainEntityOfPage\":{\"@id\":\"https:\\\/\\\/kohenavocats.com\\\/zh-hans\\\/tribunal-judiciaire-de-lyon-le-8-janvier-2026-n21-01967\\\/\"},\"wordCount\":504,\"commentCount\":0,\"publisher\":{\"@id\":\"https:\\\/\\\/kohenavocats.com\\\/zh-hans\\\/#organization\"},\"image\":{\"@id\":\"https:\\\/\\\/kohenavocats.com\\\/zh-hans\\\/tribunal-judiciaire-de-lyon-le-8-janvier-2026-n21-01967\\\/#primaryimage\"},\"thumbnailUrl\":\"https:\\\/\\\/kohenavocats.com\\\/wp-content\\\/uploads\\\/2024\\\/11\\\/getty-images-7NmYG4-AE24-unsplash.webp\",\"articleSection\":[\"Jurisprudence\"],\"inLanguage\":\"zh-Hans\",\"potentialAction\":[{\"@type\":\"CommentAction\",\"name\":\"Comment\",\"target\":[\"https:\\\/\\\/kohenavocats.com\\\/zh-hans\\\/tribunal-judiciaire-de-lyon-le-8-janvier-2026-n21-01967\\\/#respond\"]}],\"citation\":\"Tribunal judiciaire de Lyon, le 8 janvier 2026, n\u00b021\\\/01967\",\"about\":[{\"@type\":\"Thing\",\"name\":\"Jurisprudence\"}],\"dateModified\":\"2026-04-27T21:33:41+00:00\",\"speakable\":{\"@type\":\"SpeakableSpecification\",\"cssSelector\":[\".article-content > p:first-of-type\"]}},{\"@type\":\"WebPage\",\"@id\":\"https:\\\/\\\/kohenavocats.com\\\/zh-hans\\\/tribunal-judiciaire-de-lyon-le-8-janvier-2026-n21-01967\\\/\",\"url\":\"https:\\\/\\\/kohenavocats.com\\\/zh-hans\\\/tribunal-judiciaire-de-lyon-le-8-janvier-2026-n21-01967\\\/\",\"name\":\"Tribunal judiciaire de Lyon, le 8 janvier 2026, n\u00b021\\\/01967 - Ma\u00eetre Hassan Kohen, avocat en droit p\u00e9nal \u00e0 Paris\",\"isPartOf\":{\"@id\":\"https:\\\/\\\/kohenavocats.com\\\/zh-hans\\\/#website\"},\"primaryImageOfPage\":{\"@id\":\"https:\\\/\\\/kohenavocats.com\\\/zh-hans\\\/tribunal-judiciaire-de-lyon-le-8-janvier-2026-n21-01967\\\/#primaryimage\"},\"image\":{\"@id\":\"https:\\\/\\\/kohenavocats.com\\\/zh-hans\\\/tribunal-judiciaire-de-lyon-le-8-janvier-2026-n21-01967\\\/#primaryimage\"},\"thumbnailUrl\":\"https:\\\/\\\/kohenavocats.com\\\/wp-content\\\/uploads\\\/2024\\\/11\\\/getty-images-7NmYG4-AE24-unsplash.webp\",\"datePublished\":\"2026-04-27T21:33:41+00:00\",\"description\":\"Le tribunal judiciaire de Lyon, dans son jugement du 8 janvier 2026, statuait sur les int\u00e9r\u00eats civils d\u2019une infraction de vol avec violence. Un pr\u00e9venu avait...\",\"breadcrumb\":{\"@id\":\"https:\\\/\\\/kohenavocats.com\\\/zh-hans\\\/tribunal-judiciaire-de-lyon-le-8-janvier-2026-n21-01967\\\/#breadcrumb\"},\"inLanguage\":\"zh-Hans\",\"potentialAction\":[{\"@type\":\"ReadAction\",\"target\":[\"https:\\\/\\\/kohenavocats.com\\\/zh-hans\\\/tribunal-judiciaire-de-lyon-le-8-janvier-2026-n21-01967\\\/\"]}]},{\"@type\":\"ImageObject\",\"inLanguage\":\"zh-Hans\",\"@id\":\"https:\\\/\\\/kohenavocats.com\\\/zh-hans\\\/tribunal-judiciaire-de-lyon-le-8-janvier-2026-n21-01967\\\/#primaryimage\",\"url\":\"https:\\\/\\\/kohenavocats.com\\\/wp-content\\\/uploads\\\/2024\\\/11\\\/getty-images-7NmYG4-AE24-unsplash.webp\",\"contentUrl\":\"https:\\\/\\\/kohenavocats.com\\\/wp-content\\\/uploads\\\/2024\\\/11\\\/getty-images-7NmYG4-AE24-unsplash.webp\",\"width\":6500,\"height\":4000},{\"@type\":\"BreadcrumbList\",\"@id\":\"https:\\\/\\\/kohenavocats.com\\\/zh-hans\\\/tribunal-judiciaire-de-lyon-le-8-janvier-2026-n21-01967\\\/#breadcrumb\",\"itemListElement\":[{\"@type\":\"ListItem\",\"position\":1,\"name\":\"Home\",\"item\":\"https:\\\/\\\/kohenavocats.com\\\/zh-hans\\\/\"},{\"@type\":\"ListItem\",\"position\":2,\"name\":\"Tribunal judiciaire de Lyon, le 8 janvier 2026, n\u00b021\\\/01967\"}]},{\"@type\":\"WebSite\",\"@id\":\"https:\\\/\\\/kohenavocats.com\\\/zh-hans\\\/#website\",\"url\":\"https:\\\/\\\/kohenavocats.com\\\/zh-hans\\\/\",\"name\":\"Kohen Avocats\",\"description\":\"Ma\u00eetre Hassan Kohen, avocat p\u00e9naliste \u00e0 Paris, intervient exclusivement en droit p\u00e9nal pour la d\u00e9fense des particuliers, notamment en mati\u00e8re d\u2019accusations de viol. Il assure un accompagnement rigoureux d\u00e8s la garde \u00e0 vue jusqu\u2019\u00e0 la Cour d\u2019assises, veillant au strict respect des garanties proc\u00e9durales.\",\"publisher\":{\"@id\":\"https:\\\/\\\/kohenavocats.com\\\/zh-hans\\\/#organization\"},\"potentialAction\":[{\"@type\":\"SearchAction\",\"target\":{\"@type\":\"EntryPoint\",\"urlTemplate\":\"https:\\\/\\\/kohenavocats.com\\\/zh-hans\\\/?s={search_term_string}\"},\"query-input\":{\"@type\":\"PropertyValueSpecification\",\"valueRequired\":true,\"valueName\":\"search_term_string\"}}],\"inLanguage\":\"zh-Hans\"},{\"@type\":\"Organization\",\"@id\":\"https:\\\/\\\/kohenavocats.com\\\/zh-hans\\\/#organization\",\"name\":\"Kohen Avocats\",\"url\":\"https:\\\/\\\/kohenavocats.com\\\/zh-hans\\\/\",\"logo\":{\"@type\":\"ImageObject\",\"inLanguage\":\"zh-Hans\",\"@id\":\"https:\\\/\\\/kohenavocats.com\\\/zh-hans\\\/#\\\/schema\\\/logo\\\/image\\\/\",\"url\":\"https:\\\/\\\/kohenavocats.com\\\/wp-content\\\/uploads\\\/2026\\\/01\\\/Logo-2-1.webp\",\"contentUrl\":\"https:\\\/\\\/kohenavocats.com\\\/wp-content\\\/uploads\\\/2026\\\/01\\\/Logo-2-1.webp\",\"width\":2114,\"height\":1253,\"caption\":\"Kohen Avocats\"},\"image\":{\"@id\":\"https:\\\/\\\/kohenavocats.com\\\/zh-hans\\\/#\\\/schema\\\/logo\\\/image\\\/\"}},{\"@type\":\"Person\",\"@id\":\"https:\\\/\\\/kohenavocats.com\\\/zh-hans\\\/#\\\/schema\\\/person\\\/761c9ba54fa1ca84d405cef0831ff751\",\"name\":\"Kohen\",\"image\":{\"@type\":\"ImageObject\",\"inLanguage\":\"zh-Hans\",\"@id\":\"https:\\\/\\\/secure.gravatar.com\\\/avatar\\\/1c5e76ef76bbbfdd2b4da984e2bf2fa4056fd51a27d25ce2c332047f1dfd6e00?s=96&d=identicon&r=g\",\"url\":\"https:\\\/\\\/secure.gravatar.com\\\/avatar\\\/1c5e76ef76bbbfdd2b4da984e2bf2fa4056fd51a27d25ce2c332047f1dfd6e00?s=96&d=identicon&r=g\",\"contentUrl\":\"https:\\\/\\\/secure.gravatar.com\\\/avatar\\\/1c5e76ef76bbbfdd2b4da984e2bf2fa4056fd51a27d25ce2c332047f1dfd6e00?s=96&d=identicon&r=g\",\"caption\":\"Kohen\"},\"sameAs\":[\"https:\\\/\\\/www.linkedin.com\\\/in\\\/hassan-kohen-448548192\\\/\",\"https:\\\/\\\/www.youtube.com\\\/@Kohen-Avocats\"],\"url\":\"https:\\\/\\\/kohenavocats.com\\\/zh-hans\\\/author\\\/kohenmlk\\\/\"}]}<\/script>\n<!-- \/ Yoast SEO Premium plugin. -->","yoast_head_json":{"title":"Tribunal judiciaire de Lyon, le 8 janvier 2026, n\u00b021\/01967 - Ma\u00eetre Hassan Kohen, avocat en droit p\u00e9nal \u00e0 Paris","description":"Le tribunal judiciaire de Lyon, dans son jugement du 8 janvier 2026, statuait sur les int\u00e9r\u00eats civils d\u2019une infraction de vol avec violence. Un pr\u00e9venu avait...","robots":{"index":"index","follow":"follow","max-snippet":"max-snippet:-1","max-image-preview":"max-image-preview:large","max-video-preview":"max-video-preview:-1"},"canonical":"https:\/\/kohenavocats.com\/zh-hans\/tribunal-judiciaire-de-lyon-le-8-janvier-2026-n21-01967\/","og_locale":"zh_CN","og_type":"article","og_title":"Tribunal judiciaire de Lyon, le 8 janvier 2026, n\u00b021\/01967","og_description":"Le tribunal judiciaire de Lyon, dans son jugement du 8 janvier 2026, statuait sur les int\u00e9r\u00eats civils d\u2019une infraction de vol avec violence. Un pr\u00e9venu avait...","og_url":"https:\/\/kohenavocats.com\/zh-hans\/tribunal-judiciaire-de-lyon-le-8-janvier-2026-n21-01967\/","og_site_name":"Ma\u00eetre Hassan Kohen, avocat en droit p\u00e9nal \u00e0 Paris","article_published_time":"2026-04-27T21:33:41+00:00","og_image":[{"width":6500,"height":4000,"url":"https:\/\/kohenavocats.com\/wp-content\/uploads\/2024\/11\/getty-images-7NmYG4-AE24-unsplash.webp","type":"image\/webp"}],"author":"Kohen","twitter_card":"summary_large_image","twitter_misc":{"\u4f5c\u8005":"Kohen","\u9884\u8ba1\u9605\u8bfb\u65f6\u95f4":"2 \u5206"},"schema":{"@context":"https:\/\/schema.org","@graph":[{"@type":"Article","@id":"https:\/\/kohenavocats.com\/zh-hans\/tribunal-judiciaire-de-lyon-le-8-janvier-2026-n21-01967\/#article","isPartOf":{"@id":"https:\/\/kohenavocats.com\/zh-hans\/tribunal-judiciaire-de-lyon-le-8-janvier-2026-n21-01967\/"},"author":{"name":"Kohen","@id":"https:\/\/kohenavocats.com\/zh-hans\/#\/schema\/person\/761c9ba54fa1ca84d405cef0831ff751"},"headline":"Tribunal judiciaire de Lyon, le 8 janvier 2026, n\u00b021\/01967","datePublished":"2026-04-27T21:33:41+00:00","mainEntityOfPage":{"@id":"https:\/\/kohenavocats.com\/zh-hans\/tribunal-judiciaire-de-lyon-le-8-janvier-2026-n21-01967\/"},"wordCount":504,"commentCount":0,"publisher":{"@id":"https:\/\/kohenavocats.com\/zh-hans\/#organization"},"image":{"@id":"https:\/\/kohenavocats.com\/zh-hans\/tribunal-judiciaire-de-lyon-le-8-janvier-2026-n21-01967\/#primaryimage"},"thumbnailUrl":"https:\/\/kohenavocats.com\/wp-content\/uploads\/2024\/11\/getty-images-7NmYG4-AE24-unsplash.webp","articleSection":["Jurisprudence"],"inLanguage":"zh-Hans","potentialAction":[{"@type":"CommentAction","name":"Comment","target":["https:\/\/kohenavocats.com\/zh-hans\/tribunal-judiciaire-de-lyon-le-8-janvier-2026-n21-01967\/#respond"]}],"citation":"Tribunal judiciaire de Lyon, le 8 janvier 2026, n\u00b021\/01967","about":[{"@type":"Thing","name":"Jurisprudence"}],"dateModified":"2026-04-27T21:33:41+00:00","speakable":{"@type":"SpeakableSpecification","cssSelector":[".article-content > p:first-of-type"]}},{"@type":"WebPage","@id":"https:\/\/kohenavocats.com\/zh-hans\/tribunal-judiciaire-de-lyon-le-8-janvier-2026-n21-01967\/","url":"https:\/\/kohenavocats.com\/zh-hans\/tribunal-judiciaire-de-lyon-le-8-janvier-2026-n21-01967\/","name":"Tribunal judiciaire de Lyon, le 8 janvier 2026, n\u00b021\/01967 - Ma\u00eetre Hassan Kohen, avocat en droit p\u00e9nal \u00e0 Paris","isPartOf":{"@id":"https:\/\/kohenavocats.com\/zh-hans\/#website"},"primaryImageOfPage":{"@id":"https:\/\/kohenavocats.com\/zh-hans\/tribunal-judiciaire-de-lyon-le-8-janvier-2026-n21-01967\/#primaryimage"},"image":{"@id":"https:\/\/kohenavocats.com\/zh-hans\/tribunal-judiciaire-de-lyon-le-8-janvier-2026-n21-01967\/#primaryimage"},"thumbnailUrl":"https:\/\/kohenavocats.com\/wp-content\/uploads\/2024\/11\/getty-images-7NmYG4-AE24-unsplash.webp","datePublished":"2026-04-27T21:33:41+00:00","description":"Le tribunal judiciaire de Lyon, dans son jugement du 8 janvier 2026, statuait sur les int\u00e9r\u00eats civils d\u2019une infraction de vol avec violence. Un pr\u00e9venu avait...","breadcrumb":{"@id":"https:\/\/kohenavocats.com\/zh-hans\/tribunal-judiciaire-de-lyon-le-8-janvier-2026-n21-01967\/#breadcrumb"},"inLanguage":"zh-Hans","potentialAction":[{"@type":"ReadAction","target":["https:\/\/kohenavocats.com\/zh-hans\/tribunal-judiciaire-de-lyon-le-8-janvier-2026-n21-01967\/"]}]},{"@type":"ImageObject","inLanguage":"zh-Hans","@id":"https:\/\/kohenavocats.com\/zh-hans\/tribunal-judiciaire-de-lyon-le-8-janvier-2026-n21-01967\/#primaryimage","url":"https:\/\/kohenavocats.com\/wp-content\/uploads\/2024\/11\/getty-images-7NmYG4-AE24-unsplash.webp","contentUrl":"https:\/\/kohenavocats.com\/wp-content\/uploads\/2024\/11\/getty-images-7NmYG4-AE24-unsplash.webp","width":6500,"height":4000},{"@type":"BreadcrumbList","@id":"https:\/\/kohenavocats.com\/zh-hans\/tribunal-judiciaire-de-lyon-le-8-janvier-2026-n21-01967\/#breadcrumb","itemListElement":[{"@type":"ListItem","position":1,"name":"Home","item":"https:\/\/kohenavocats.com\/zh-hans\/"},{"@type":"ListItem","position":2,"name":"Tribunal judiciaire de Lyon, le 8 janvier 2026, n\u00b021\/01967"}]},{"@type":"WebSite","@id":"https:\/\/kohenavocats.com\/zh-hans\/#website","url":"https:\/\/kohenavocats.com\/zh-hans\/","name":"Kohen Avocats","description":"Ma\u00eetre Hassan Kohen, avocat p\u00e9naliste \u00e0 Paris, intervient exclusivement en droit p\u00e9nal pour la d\u00e9fense des particuliers, notamment en mati\u00e8re d\u2019accusations de viol. Il assure un accompagnement rigoureux d\u00e8s la garde \u00e0 vue jusqu\u2019\u00e0 la Cour d\u2019assises, veillant au strict respect des garanties proc\u00e9durales.","publisher":{"@id":"https:\/\/kohenavocats.com\/zh-hans\/#organization"},"potentialAction":[{"@type":"SearchAction","target":{"@type":"EntryPoint","urlTemplate":"https:\/\/kohenavocats.com\/zh-hans\/?s={search_term_string}"},"query-input":{"@type":"PropertyValueSpecification","valueRequired":true,"valueName":"search_term_string"}}],"inLanguage":"zh-Hans"},{"@type":"Organization","@id":"https:\/\/kohenavocats.com\/zh-hans\/#organization","name":"Kohen Avocats","url":"https:\/\/kohenavocats.com\/zh-hans\/","logo":{"@type":"ImageObject","inLanguage":"zh-Hans","@id":"https:\/\/kohenavocats.com\/zh-hans\/#\/schema\/logo\/image\/","url":"https:\/\/kohenavocats.com\/wp-content\/uploads\/2026\/01\/Logo-2-1.webp","contentUrl":"https:\/\/kohenavocats.com\/wp-content\/uploads\/2026\/01\/Logo-2-1.webp","width":2114,"height":1253,"caption":"Kohen Avocats"},"image":{"@id":"https:\/\/kohenavocats.com\/zh-hans\/#\/schema\/logo\/image\/"}},{"@type":"Person","@id":"https:\/\/kohenavocats.com\/zh-hans\/#\/schema\/person\/761c9ba54fa1ca84d405cef0831ff751","name":"Kohen","image":{"@type":"ImageObject","inLanguage":"zh-Hans","@id":"https:\/\/secure.gravatar.com\/avatar\/1c5e76ef76bbbfdd2b4da984e2bf2fa4056fd51a27d25ce2c332047f1dfd6e00?s=96&d=identicon&r=g","url":"https:\/\/secure.gravatar.com\/avatar\/1c5e76ef76bbbfdd2b4da984e2bf2fa4056fd51a27d25ce2c332047f1dfd6e00?s=96&d=identicon&r=g","contentUrl":"https:\/\/secure.gravatar.com\/avatar\/1c5e76ef76bbbfdd2b4da984e2bf2fa4056fd51a27d25ce2c332047f1dfd6e00?s=96&d=identicon&r=g","caption":"Kohen"},"sameAs":["https:\/\/www.linkedin.com\/in\/hassan-kohen-448548192\/","https:\/\/www.youtube.com\/@Kohen-Avocats"],"url":"https:\/\/kohenavocats.com\/zh-hans\/author\/kohenmlk\/"}]}},"jetpack_featured_media_url":"https:\/\/kohenavocats.com\/wp-content\/uploads\/2024\/11\/getty-images-7NmYG4-AE24-unsplash.webp","jetpack_likes_enabled":false,"jetpack_shortlink":"https:\/\/wp.me\/peCrII-2ZEr","jetpack-related-posts":[{"id":267254,"url":"https:\/\/kohenavocats.com\/zh-hans\/tribunal-judiciaire-de-lyon-le-1-juillet-2025-n21-01716\/","url_meta":{"origin":713647,"position":0},"title":"Tribunal judiciaire de Lyon, le 1 juillet 2025, n\u00b021\/01716","author":"Kohen","date":"2026\u5e741\u670810\u65e5","format":false,"excerpt":"Rendu par le p\u00f4le social du tribunal judiciaire de\u2026","rel":"","context":"\u5728\u201cD\u00e9cisions juridiques\u201d\u4e2d","block_context":{"text":"D\u00e9cisions juridiques","link":"https:\/\/kohenavocats.com\/category\/decisions-juridiques\/"},"img":{"alt_text":"","src":"https:\/\/i0.wp.com\/kohenavocats.com\/wp-content\/uploads\/2024\/11\/allison-saeng-Xp2cnkaRwlw-unsplash.webp?resize=350%2C200&ssl=1","width":350,"height":200,"srcset":"https:\/\/i0.wp.com\/kohenavocats.com\/wp-content\/uploads\/2024\/11\/allison-saeng-Xp2cnkaRwlw-unsplash.webp?resize=350%2C200&ssl=1 1x, https:\/\/i0.wp.com\/kohenavocats.com\/wp-content\/uploads\/2024\/11\/allison-saeng-Xp2cnkaRwlw-unsplash.webp?resize=525%2C300&ssl=1 1.5x, https:\/\/i0.wp.com\/kohenavocats.com\/wp-content\/uploads\/2024\/11\/allison-saeng-Xp2cnkaRwlw-unsplash.webp?resize=700%2C400&ssl=1 2x, https:\/\/i0.wp.com\/kohenavocats.com\/wp-content\/uploads\/2024\/11\/allison-saeng-Xp2cnkaRwlw-unsplash.webp?resize=1050%2C600&ssl=1 3x, https:\/\/i0.wp.com\/kohenavocats.com\/wp-content\/uploads\/2024\/11\/allison-saeng-Xp2cnkaRwlw-unsplash.webp?resize=1400%2C800&ssl=1 4x"},"classes":[]},{"id":266089,"url":"https:\/\/kohenavocats.com\/zh-hans\/tribunal-judiciaire-de-angouleme-le-24-juin-2025-n24-00138\/","url_meta":{"origin":713647,"position":1},"title":"Tribunal judiciaire de Angoul\u00eame, le 24 juin 2025, n\u00b024\/00138","author":"Kohen","date":"2026\u5e741\u670810\u65e5","format":false,"excerpt":"Rendue par le Tribunal judiciaire d\u2019Angoul\u00eame le 2\u2026","rel":"","context":"\u5728\u201cD\u00e9cisions juridiques\u201d\u4e2d","block_context":{"text":"D\u00e9cisions juridiques","link":"https:\/\/kohenavocats.com\/category\/decisions-juridiques\/"},"img":{"alt_text":"","src":"https:\/\/i0.wp.com\/kohenavocats.com\/wp-content\/uploads\/2024\/06\/giammarco-boscaro-eWpBNXRHfTI-unsplash.jpg?resize=350%2C200&ssl=1","width":350,"height":200,"srcset":"https:\/\/i0.wp.com\/kohenavocats.com\/wp-content\/uploads\/2024\/06\/giammarco-boscaro-eWpBNXRHfTI-unsplash.jpg?resize=350%2C200&ssl=1 1x, https:\/\/i0.wp.com\/kohenavocats.com\/wp-content\/uploads\/2024\/06\/giammarco-boscaro-eWpBNXRHfTI-unsplash.jpg?resize=525%2C300&ssl=1 1.5x, https:\/\/i0.wp.com\/kohenavocats.com\/wp-content\/uploads\/2024\/06\/giammarco-boscaro-eWpBNXRHfTI-unsplash.jpg?resize=700%2C400&ssl=1 2x, https:\/\/i0.wp.com\/kohenavocats.com\/wp-content\/uploads\/2024\/06\/giammarco-boscaro-eWpBNXRHfTI-unsplash.jpg?resize=1050%2C600&ssl=1 3x, https:\/\/i0.wp.com\/kohenavocats.com\/wp-content\/uploads\/2024\/06\/giammarco-boscaro-eWpBNXRHfTI-unsplash.jpg?resize=1400%2C800&ssl=1 4x"},"classes":[]},{"id":274262,"url":"https:\/\/kohenavocats.com\/zh-hans\/cour-dappel-administrative-de-lyon-le-11-decembre-2025-n24ly01957\/","url_meta":{"origin":713647,"position":2},"title":"Cour d&#8217;appel administrative de Lyon, le 11 d\u00e9cembre 2025, n\u00b024LY01957","author":"Kohen","date":"2026\u5e741\u670811\u65e5","format":false,"excerpt":"La Cour administrative d'appel de Lyon, par un arr\u2026","rel":"","context":"\u5728\u201cCour administrative d'appel\u201d\u4e2d","block_context":{"text":"Cour administrative d'appel","link":"https:\/\/kohenavocats.com\/category\/cour-administrative-dappel\/"},"img":{"alt_text":"","src":"https:\/\/i0.wp.com\/kohenavocats.com\/wp-content\/uploads\/2024\/07\/nathan-cima-L89SN03SJK8-unsplash.webp?resize=350%2C200&ssl=1","width":350,"height":200,"srcset":"https:\/\/i0.wp.com\/kohenavocats.com\/wp-content\/uploads\/2024\/07\/nathan-cima-L89SN03SJK8-unsplash.webp?resize=350%2C200&ssl=1 1x, https:\/\/i0.wp.com\/kohenavocats.com\/wp-content\/uploads\/2024\/07\/nathan-cima-L89SN03SJK8-unsplash.webp?resize=525%2C300&ssl=1 1.5x, https:\/\/i0.wp.com\/kohenavocats.com\/wp-content\/uploads\/2024\/07\/nathan-cima-L89SN03SJK8-unsplash.webp?resize=700%2C400&ssl=1 2x, https:\/\/i0.wp.com\/kohenavocats.com\/wp-content\/uploads\/2024\/07\/nathan-cima-L89SN03SJK8-unsplash.webp?resize=1050%2C600&ssl=1 3x, https:\/\/i0.wp.com\/kohenavocats.com\/wp-content\/uploads\/2024\/07\/nathan-cima-L89SN03SJK8-unsplash.webp?resize=1400%2C800&ssl=1 4x"},"classes":[]},{"id":715006,"url":"https:\/\/kohenavocats.com\/zh-hans\/tribunal-judiciaire-de-lyon-le-13-janvier-2026-n24-02811\/","url_meta":{"origin":713647,"position":3},"title":"Tribunal judiciaire de Lyon, le 13 janvier 2026, n\u00b024\/02811","author":"Kohen","date":"2026\u5e744\u670828\u65e5","format":false,"excerpt":"Le tribunal judiciaire de Lyon, dans un jugement d\u2026","rel":"","context":"\u5728\u201cJurisprudence\u201d\u4e2d","block_context":{"text":"Jurisprudence","link":"https:\/\/kohenavocats.com\/category\/jurisprudence\/"},"img":{"alt_text":"","src":"https:\/\/i0.wp.com\/kohenavocats.com\/wp-content\/uploads\/2024\/07\/alex-block-PdDBTrkGYLo-unsplash-1-1.webp?resize=350%2C200&ssl=1","width":350,"height":200,"srcset":"https:\/\/i0.wp.com\/kohenavocats.com\/wp-content\/uploads\/2024\/07\/alex-block-PdDBTrkGYLo-unsplash-1-1.webp?resize=350%2C200&ssl=1 1x, https:\/\/i0.wp.com\/kohenavocats.com\/wp-content\/uploads\/2024\/07\/alex-block-PdDBTrkGYLo-unsplash-1-1.webp?resize=525%2C300&ssl=1 1.5x, https:\/\/i0.wp.com\/kohenavocats.com\/wp-content\/uploads\/2024\/07\/alex-block-PdDBTrkGYLo-unsplash-1-1.webp?resize=700%2C400&ssl=1 2x, https:\/\/i0.wp.com\/kohenavocats.com\/wp-content\/uploads\/2024\/07\/alex-block-PdDBTrkGYLo-unsplash-1-1.webp?resize=1050%2C600&ssl=1 3x, https:\/\/i0.wp.com\/kohenavocats.com\/wp-content\/uploads\/2024\/07\/alex-block-PdDBTrkGYLo-unsplash-1-1.webp?resize=1400%2C800&ssl=1 4x"},"classes":[]},{"id":285552,"url":"https:\/\/kohenavocats.com\/zh-hans\/cour-dappel-administrative-de-marseille-le-19-decembre-2025-n23ma02976\/","url_meta":{"origin":713647,"position":4},"title":"Cour d&#8217;appel administrative de Marseille, le 19 d\u00e9cembre 2025, n\u00b023MA02976","author":"Kohen","date":"2026\u5e741\u670813\u65e5","format":false,"excerpt":"La cour administrative d'appel de Marseille, par u\u2026","rel":"","context":"\u5728\u201cCour administrative d'appel\u201d\u4e2d","block_context":{"text":"Cour administrative d'appel","link":"https:\/\/kohenavocats.com\/category\/cour-administrative-dappel\/"},"img":{"alt_text":"","src":"https:\/\/i0.wp.com\/kohenavocats.com\/wp-content\/uploads\/2024\/11\/allison-saeng-D22VPXUIm0o-unsplash.webp?resize=350%2C200&ssl=1","width":350,"height":200,"srcset":"https:\/\/i0.wp.com\/kohenavocats.com\/wp-content\/uploads\/2024\/11\/allison-saeng-D22VPXUIm0o-unsplash.webp?resize=350%2C200&ssl=1 1x, https:\/\/i0.wp.com\/kohenavocats.com\/wp-content\/uploads\/2024\/11\/allison-saeng-D22VPXUIm0o-unsplash.webp?resize=525%2C300&ssl=1 1.5x, https:\/\/i0.wp.com\/kohenavocats.com\/wp-content\/uploads\/2024\/11\/allison-saeng-D22VPXUIm0o-unsplash.webp?resize=700%2C400&ssl=1 2x, https:\/\/i0.wp.com\/kohenavocats.com\/wp-content\/uploads\/2024\/11\/allison-saeng-D22VPXUIm0o-unsplash.webp?resize=1050%2C600&ssl=1 3x, https:\/\/i0.wp.com\/kohenavocats.com\/wp-content\/uploads\/2024\/11\/allison-saeng-D22VPXUIm0o-unsplash.webp?resize=1400%2C800&ssl=1 4x"},"classes":[]},{"id":274282,"url":"https:\/\/kohenavocats.com\/zh-hans\/cour-dappel-administrative-de-marseille-le-12-decembre-2025-n23ma01987\/","url_meta":{"origin":713647,"position":5},"title":"Cour d&#8217;appel administrative de Marseille, le 12 d\u00e9cembre 2025, n\u00b023MA01987","author":"Kohen","date":"2026\u5e741\u670811\u65e5","format":false,"excerpt":"La cour administrative d'appel de Marseille a rend\u2026","rel":"","context":"\u5728\u201cCour administrative d'appel\u201d\u4e2d","block_context":{"text":"Cour administrative d'appel","link":"https:\/\/kohenavocats.com\/category\/cour-administrative-dappel\/"},"img":{"alt_text":"","src":"https:\/\/i0.wp.com\/kohenavocats.com\/wp-content\/uploads\/2024\/08\/robert-bye-Onwjkrjy1kk-unsplash.webp?resize=350%2C200&ssl=1","width":350,"height":200,"srcset":"https:\/\/i0.wp.com\/kohenavocats.com\/wp-content\/uploads\/2024\/08\/robert-bye-Onwjkrjy1kk-unsplash.webp?resize=350%2C200&ssl=1 1x, https:\/\/i0.wp.com\/kohenavocats.com\/wp-content\/uploads\/2024\/08\/robert-bye-Onwjkrjy1kk-unsplash.webp?resize=525%2C300&ssl=1 1.5x, https:\/\/i0.wp.com\/kohenavocats.com\/wp-content\/uploads\/2024\/08\/robert-bye-Onwjkrjy1kk-unsplash.webp?resize=700%2C400&ssl=1 2x, https:\/\/i0.wp.com\/kohenavocats.com\/wp-content\/uploads\/2024\/08\/robert-bye-Onwjkrjy1kk-unsplash.webp?resize=1050%2C600&ssl=1 3x, https:\/\/i0.wp.com\/kohenavocats.com\/wp-content\/uploads\/2024\/08\/robert-bye-Onwjkrjy1kk-unsplash.webp?resize=1400%2C800&ssl=1 4x"},"classes":[]}],"jetpack_sharing_enabled":true,"_links":{"self":[{"href":"https:\/\/kohenavocats.com\/zh-hans\/wp-json\/wp\/v2\/posts\/713647","targetHints":{"allow":["GET"]}}],"collection":[{"href":"https:\/\/kohenavocats.com\/zh-hans\/wp-json\/wp\/v2\/posts"}],"about":[{"href":"https:\/\/kohenavocats.com\/zh-hans\/wp-json\/wp\/v2\/types\/post"}],"author":[{"embeddable":true,"href":"https:\/\/kohenavocats.com\/zh-hans\/wp-json\/wp\/v2\/users\/232070755"}],"replies":[{"embeddable":true,"href":"https:\/\/kohenavocats.com\/zh-hans\/wp-json\/wp\/v2\/comments?post=713647"}],"version-history":[{"count":0,"href":"https:\/\/kohenavocats.com\/zh-hans\/wp-json\/wp\/v2\/posts\/713647\/revisions"}],"wp:featuredmedia":[{"embeddable":true,"href":"https:\/\/kohenavocats.com\/zh-hans\/wp-json\/wp\/v2\/media\/9496"}],"wp:attachment":[{"href":"https:\/\/kohenavocats.com\/zh-hans\/wp-json\/wp\/v2\/media?parent=713647"}],"wp:term":[{"taxonomy":"category","embeddable":true,"href":"https:\/\/kohenavocats.com\/zh-hans\/wp-json\/wp\/v2\/categories?post=713647"},{"taxonomy":"post_tag","embeddable":true,"href":"https:\/\/kohenavocats.com\/zh-hans\/wp-json\/wp\/v2\/tags?post=713647"}],"curies":[{"name":"wp","href":"https:\/\/api.w.org\/{rel}","templated":true}]}}