{"id":713650,"date":"2026-04-27T23:33:45","date_gmt":"2026-04-27T21:33:45","guid":{"rendered":"https:\/\/kohenavocats.com\/tribunal-judiciaire-de-bordeaux-le-8-janvier-2026-n22-01320\/"},"modified":"2026-04-27T23:33:45","modified_gmt":"2026-04-27T21:33:45","slug":"tribunal-judiciaire-de-bordeaux-le-8-janvier-2026-n22-01320","status":"publish","type":"post","link":"https:\/\/kohenavocats.com\/zh-hans\/tribunal-judiciaire-de-bordeaux-le-8-janvier-2026-n22-01320\/","title":{"rendered":"Tribunal judiciaire de Bordeaux, le 8 janvier 2026, n\u00b022\/01320"},"content":{"rendered":"<div class=\"article-content\">\n<p>Le tribunal judiciaire de Bordeaux, dans son jugement du 8 janvier 2026, a constat\u00e9 le d\u00e9faut d\u2019objet d\u2019un recours contre une mise en demeure de l\u2019URSSAF. La requ\u00e9rante contestait une mise en demeure du 11 mars 2022 pour travail dissimul\u00e9 et un rappel de cotisations. L\u2019URSSAF a cependant annul\u00e9 cet acte et l\u2019a remplac\u00e9 par deux nouvelles mises en demeure du 30 ao\u00fbt 2022. La question de droit portait sur la survie de l\u2019instance initiale apr\u00e8s l\u2019annulation de l\u2019acte attaqu\u00e9. Le tribunal a r\u00e9pondu en jugeant le recours devenu sans objet.<\/p>\n<p>L\u2019exception de proc\u00e9dure tir\u00e9e de la disparition de l\u2019objet du litige.<br \/>\nLe tribunal constate que la mise en demeure contest\u00e9e a \u00e9t\u00e9 annul\u00e9e et remplac\u00e9e par deux nouveaux actes. Il affirme que \u00ab le pr\u00e9sent recours form\u00e9 par [O] [J] \u00e9pouse [L] est devenu sans objet \u00bb (Motifs, p. 4). En cons\u00e9quence, il rejette l\u2019ensemble des demandes de la requ\u00e9rante, y compris celle fond\u00e9e sur l\u2019article 700 du code de proc\u00e9dure civile.<\/p>\n<p>La valeur de cette solution est d\u2019abord pratique. Elle \u00e9teint l\u2019instance sans examen au fond lorsque l\u2019acte contest\u00e9 dispara\u00eet. Sa port\u00e9e est de rappeler que le juge ne peut statuer sur un recours priv\u00e9 d\u2019objet. Le sens de la d\u00e9cision est de garantir l\u2019\u00e9conomie proc\u00e9durale en \u00e9vitant un jugement inutile.<\/p>\n<p>Le sort des demandes accessoires et des d\u00e9pens.<br \/>\nLe tribunal laisse \u00e0 chaque partie la charge de ses propres d\u00e9pens. Il \u00e9carte l\u2019ex\u00e9cution provisoire en estimant que sa n\u00e9cessit\u00e9 n\u2019est pas d\u00e9montr\u00e9e. Cette solution est conforme au principe selon lequel le succ\u00e8s ou l\u2019\u00e9chec de l\u2019instance commande la charge des frais.<\/p>\n<p>La valeur de cette solution est l\u2019application des articles 696 du code de proc\u00e9dure civile et R.142-10-6 du code de la s\u00e9curit\u00e9 sociale. Sa port\u00e9e est de confirmer que l\u2019absence d\u2019objet du recours n\u2019entra\u00eene pas automatiquement la condamnation de l\u2019administration aux d\u00e9pens. Le sens de la d\u00e9cision est de neutraliser les cons\u00e9quences financi\u00e8res d\u2019une instance devenue sans objet.<\/p>\n<\/div>\n","protected":false},"excerpt":{"rendered":"<p>Le tribunal judiciaire de Bordeaux, dans son jugement du 8 janvier 2026, a constat\u00e9 le d\u00e9faut d\u2019objet d\u2019un recours contre une mise en demeure de l\u2019URSSAF. La&#8230;<\/p>\n","protected":false},"author":232070755,"featured_media":4731,"comment_status":"open","ping_status":"open","sticky":false,"template":"","format":"standard","meta":{"_crdt_document":"","_jetpack_newsletter_access":"","_jetpack_dont_email_post_to_subs":false,"_jetpack_newsletter_tier_id":0,"_jetpack_memberships_contains_paywalled_content":false,"_kj_source_type":"judilibre","_kj_official_id":"697851e6cdc6046d47d4e90b","_kj_official_url":"https:\/\/www.courdecassation.fr\/decision\/697851e6cdc6046d47d4e90b","_kj_judilibre_id":"697851e6cdc6046d47d4e90b","_kj_jur":"Tribunal judiciaire","_kj_lieu":"Bordeaux","_kj_chambre":"CTX PROTECTION SOCIALE","_kj_rg":"22\/01320","_kj_date":"2026-01-08","_jetpack_memberships_contains_paid_content":false,"footnotes":"","jetpack_post_was_ever_published":false},"categories":[7597],"tags":[],"class_list":["post-713650","post","type-post","status-publish","format-standard","has-post-thumbnail","hentry","category-jurisprudence"],"yoast_head":"<!-- This site is optimized with the Yoast SEO Premium plugin v27.5 (Yoast SEO v27.5) - https:\/\/yoast.com\/product\/yoast-seo-premium-wordpress\/ -->\n<title>Tribunal judiciaire de Bordeaux, le 8 janvier 2026, n\u00b022\/01320 - Ma\u00eetre Hassan Kohen, avocat en droit p\u00e9nal \u00e0 Paris<\/title>\n<meta name=\"description\" content=\"Le tribunal judiciaire de Bordeaux, dans son jugement du 8 janvier 2026, a constat\u00e9 le d\u00e9faut d\u2019objet d\u2019un recours contre une mise en demeure de l\u2019URSSAF. La...\" \/>\n<meta name=\"robots\" content=\"index, follow, max-snippet:-1, max-image-preview:large, max-video-preview:-1\" \/>\n<link rel=\"canonical\" href=\"https:\/\/kohenavocats.com\/zh-hans\/tribunal-judiciaire-de-bordeaux-le-8-janvier-2026-n22-01320\/\" \/>\n<meta property=\"og:locale\" content=\"zh_CN\" \/>\n<meta property=\"og:type\" content=\"article\" \/>\n<meta property=\"og:title\" content=\"Tribunal judiciaire de Bordeaux, le 8 janvier 2026, n\u00b022\/01320\" \/>\n<meta property=\"og:description\" content=\"Le tribunal judiciaire de Bordeaux, dans son jugement du 8 janvier 2026, a constat\u00e9 le d\u00e9faut d\u2019objet d\u2019un recours contre une mise en demeure de l\u2019URSSAF. La...\" \/>\n<meta property=\"og:url\" content=\"https:\/\/kohenavocats.com\/zh-hans\/tribunal-judiciaire-de-bordeaux-le-8-janvier-2026-n22-01320\/\" \/>\n<meta property=\"og:site_name\" content=\"Ma\u00eetre Hassan Kohen, avocat en droit p\u00e9nal \u00e0 Paris\" \/>\n<meta property=\"article:published_time\" content=\"2026-04-27T21:33:45+00:00\" \/>\n<meta property=\"og:image\" content=\"https:\/\/kohenavocats.com\/wp-content\/uploads\/2024\/08\/nelson-ricardo-7L4Yr-xfHE0-unsplash.webp\" \/>\n\t<meta property=\"og:image:width\" content=\"6016\" \/>\n\t<meta property=\"og:image:height\" content=\"4000\" \/>\n\t<meta property=\"og:image:type\" content=\"image\/webp\" \/>\n<meta name=\"author\" content=\"Kohen\" \/>\n<meta name=\"twitter:card\" content=\"summary_large_image\" \/>\n<meta name=\"twitter:label1\" content=\"\u4f5c\u8005\" \/>\n\t<meta name=\"twitter:data1\" content=\"Kohen\" \/>\n\t<meta name=\"twitter:label2\" content=\"\u9884\u8ba1\u9605\u8bfb\u65f6\u95f4\" \/>\n\t<meta name=\"twitter:data2\" content=\"2 \u5206\" \/>\n<script type=\"application\/ld+json\" class=\"yoast-schema-graph\">{\"@context\":\"https:\\\/\\\/schema.org\",\"@graph\":[{\"@type\":\"Article\",\"@id\":\"https:\\\/\\\/kohenavocats.com\\\/zh-hans\\\/tribunal-judiciaire-de-bordeaux-le-8-janvier-2026-n22-01320\\\/#article\",\"isPartOf\":{\"@id\":\"https:\\\/\\\/kohenavocats.com\\\/zh-hans\\\/tribunal-judiciaire-de-bordeaux-le-8-janvier-2026-n22-01320\\\/\"},\"author\":{\"name\":\"Kohen\",\"@id\":\"https:\\\/\\\/kohenavocats.com\\\/zh-hans\\\/#\\\/schema\\\/person\\\/761c9ba54fa1ca84d405cef0831ff751\"},\"headline\":\"Tribunal judiciaire de Bordeaux, le 8 janvier 2026, n\u00b022\\\/01320\",\"datePublished\":\"2026-04-27T21:33:45+00:00\",\"mainEntityOfPage\":{\"@id\":\"https:\\\/\\\/kohenavocats.com\\\/zh-hans\\\/tribunal-judiciaire-de-bordeaux-le-8-janvier-2026-n22-01320\\\/\"},\"wordCount\":380,\"commentCount\":0,\"publisher\":{\"@id\":\"https:\\\/\\\/kohenavocats.com\\\/zh-hans\\\/#organization\"},\"image\":{\"@id\":\"https:\\\/\\\/kohenavocats.com\\\/zh-hans\\\/tribunal-judiciaire-de-bordeaux-le-8-janvier-2026-n22-01320\\\/#primaryimage\"},\"thumbnailUrl\":\"https:\\\/\\\/kohenavocats.com\\\/wp-content\\\/uploads\\\/2024\\\/08\\\/nelson-ricardo-7L4Yr-xfHE0-unsplash.webp\",\"articleSection\":[\"Jurisprudence\"],\"inLanguage\":\"zh-Hans\",\"potentialAction\":[{\"@type\":\"CommentAction\",\"name\":\"Comment\",\"target\":[\"https:\\\/\\\/kohenavocats.com\\\/zh-hans\\\/tribunal-judiciaire-de-bordeaux-le-8-janvier-2026-n22-01320\\\/#respond\"]}],\"citation\":\"Tribunal judiciaire de Bordeaux, le 8 janvier 2026, n\u00b022\\\/01320\",\"about\":[{\"@type\":\"Thing\",\"name\":\"Jurisprudence\"}],\"dateModified\":\"2026-04-27T21:33:45+00:00\",\"speakable\":{\"@type\":\"SpeakableSpecification\",\"cssSelector\":[\".article-content > p:first-of-type\"]}},{\"@type\":\"WebPage\",\"@id\":\"https:\\\/\\\/kohenavocats.com\\\/zh-hans\\\/tribunal-judiciaire-de-bordeaux-le-8-janvier-2026-n22-01320\\\/\",\"url\":\"https:\\\/\\\/kohenavocats.com\\\/zh-hans\\\/tribunal-judiciaire-de-bordeaux-le-8-janvier-2026-n22-01320\\\/\",\"name\":\"Tribunal judiciaire de Bordeaux, le 8 janvier 2026, n\u00b022\\\/01320 - Ma\u00eetre Hassan Kohen, avocat en droit p\u00e9nal \u00e0 Paris\",\"isPartOf\":{\"@id\":\"https:\\\/\\\/kohenavocats.com\\\/zh-hans\\\/#website\"},\"primaryImageOfPage\":{\"@id\":\"https:\\\/\\\/kohenavocats.com\\\/zh-hans\\\/tribunal-judiciaire-de-bordeaux-le-8-janvier-2026-n22-01320\\\/#primaryimage\"},\"image\":{\"@id\":\"https:\\\/\\\/kohenavocats.com\\\/zh-hans\\\/tribunal-judiciaire-de-bordeaux-le-8-janvier-2026-n22-01320\\\/#primaryimage\"},\"thumbnailUrl\":\"https:\\\/\\\/kohenavocats.com\\\/wp-content\\\/uploads\\\/2024\\\/08\\\/nelson-ricardo-7L4Yr-xfHE0-unsplash.webp\",\"datePublished\":\"2026-04-27T21:33:45+00:00\",\"description\":\"Le tribunal judiciaire de Bordeaux, dans son jugement du 8 janvier 2026, a constat\u00e9 le d\u00e9faut d\u2019objet d\u2019un recours contre une mise en demeure de l\u2019URSSAF. La...\",\"breadcrumb\":{\"@id\":\"https:\\\/\\\/kohenavocats.com\\\/zh-hans\\\/tribunal-judiciaire-de-bordeaux-le-8-janvier-2026-n22-01320\\\/#breadcrumb\"},\"inLanguage\":\"zh-Hans\",\"potentialAction\":[{\"@type\":\"ReadAction\",\"target\":[\"https:\\\/\\\/kohenavocats.com\\\/zh-hans\\\/tribunal-judiciaire-de-bordeaux-le-8-janvier-2026-n22-01320\\\/\"]}]},{\"@type\":\"ImageObject\",\"inLanguage\":\"zh-Hans\",\"@id\":\"https:\\\/\\\/kohenavocats.com\\\/zh-hans\\\/tribunal-judiciaire-de-bordeaux-le-8-janvier-2026-n22-01320\\\/#primaryimage\",\"url\":\"https:\\\/\\\/kohenavocats.com\\\/wp-content\\\/uploads\\\/2024\\\/08\\\/nelson-ricardo-7L4Yr-xfHE0-unsplash.webp\",\"contentUrl\":\"https:\\\/\\\/kohenavocats.com\\\/wp-content\\\/uploads\\\/2024\\\/08\\\/nelson-ricardo-7L4Yr-xfHE0-unsplash.webp\",\"width\":6016,\"height\":4000},{\"@type\":\"BreadcrumbList\",\"@id\":\"https:\\\/\\\/kohenavocats.com\\\/zh-hans\\\/tribunal-judiciaire-de-bordeaux-le-8-janvier-2026-n22-01320\\\/#breadcrumb\",\"itemListElement\":[{\"@type\":\"ListItem\",\"position\":1,\"name\":\"Home\",\"item\":\"https:\\\/\\\/kohenavocats.com\\\/zh-hans\\\/\"},{\"@type\":\"ListItem\",\"position\":2,\"name\":\"Tribunal judiciaire de Bordeaux, le 8 janvier 2026, n\u00b022\\\/01320\"}]},{\"@type\":\"WebSite\",\"@id\":\"https:\\\/\\\/kohenavocats.com\\\/zh-hans\\\/#website\",\"url\":\"https:\\\/\\\/kohenavocats.com\\\/zh-hans\\\/\",\"name\":\"Kohen Avocats\",\"description\":\"Ma\u00eetre Hassan Kohen, avocat p\u00e9naliste \u00e0 Paris, intervient exclusivement en droit p\u00e9nal pour la d\u00e9fense des particuliers, notamment en mati\u00e8re d\u2019accusations de viol. Il assure un accompagnement rigoureux d\u00e8s la garde \u00e0 vue jusqu\u2019\u00e0 la Cour d\u2019assises, veillant au strict respect des garanties proc\u00e9durales.\",\"publisher\":{\"@id\":\"https:\\\/\\\/kohenavocats.com\\\/zh-hans\\\/#organization\"},\"potentialAction\":[{\"@type\":\"SearchAction\",\"target\":{\"@type\":\"EntryPoint\",\"urlTemplate\":\"https:\\\/\\\/kohenavocats.com\\\/zh-hans\\\/?s={search_term_string}\"},\"query-input\":{\"@type\":\"PropertyValueSpecification\",\"valueRequired\":true,\"valueName\":\"search_term_string\"}}],\"inLanguage\":\"zh-Hans\"},{\"@type\":\"Organization\",\"@id\":\"https:\\\/\\\/kohenavocats.com\\\/zh-hans\\\/#organization\",\"name\":\"Kohen Avocats\",\"url\":\"https:\\\/\\\/kohenavocats.com\\\/zh-hans\\\/\",\"logo\":{\"@type\":\"ImageObject\",\"inLanguage\":\"zh-Hans\",\"@id\":\"https:\\\/\\\/kohenavocats.com\\\/zh-hans\\\/#\\\/schema\\\/logo\\\/image\\\/\",\"url\":\"https:\\\/\\\/kohenavocats.com\\\/wp-content\\\/uploads\\\/2026\\\/01\\\/Logo-2-1.webp\",\"contentUrl\":\"https:\\\/\\\/kohenavocats.com\\\/wp-content\\\/uploads\\\/2026\\\/01\\\/Logo-2-1.webp\",\"width\":2114,\"height\":1253,\"caption\":\"Kohen Avocats\"},\"image\":{\"@id\":\"https:\\\/\\\/kohenavocats.com\\\/zh-hans\\\/#\\\/schema\\\/logo\\\/image\\\/\"}},{\"@type\":\"Person\",\"@id\":\"https:\\\/\\\/kohenavocats.com\\\/zh-hans\\\/#\\\/schema\\\/person\\\/761c9ba54fa1ca84d405cef0831ff751\",\"name\":\"Kohen\",\"image\":{\"@type\":\"ImageObject\",\"inLanguage\":\"zh-Hans\",\"@id\":\"https:\\\/\\\/secure.gravatar.com\\\/avatar\\\/1c5e76ef76bbbfdd2b4da984e2bf2fa4056fd51a27d25ce2c332047f1dfd6e00?s=96&d=identicon&r=g\",\"url\":\"https:\\\/\\\/secure.gravatar.com\\\/avatar\\\/1c5e76ef76bbbfdd2b4da984e2bf2fa4056fd51a27d25ce2c332047f1dfd6e00?s=96&d=identicon&r=g\",\"contentUrl\":\"https:\\\/\\\/secure.gravatar.com\\\/avatar\\\/1c5e76ef76bbbfdd2b4da984e2bf2fa4056fd51a27d25ce2c332047f1dfd6e00?s=96&d=identicon&r=g\",\"caption\":\"Kohen\"},\"sameAs\":[\"https:\\\/\\\/www.linkedin.com\\\/in\\\/hassan-kohen-448548192\\\/\",\"https:\\\/\\\/www.youtube.com\\\/@Kohen-Avocats\"],\"url\":\"https:\\\/\\\/kohenavocats.com\\\/zh-hans\\\/author\\\/kohenmlk\\\/\"}]}<\/script>\n<!-- \/ Yoast SEO Premium plugin. -->","yoast_head_json":{"title":"Tribunal judiciaire de Bordeaux, le 8 janvier 2026, n\u00b022\/01320 - Ma\u00eetre Hassan Kohen, avocat en droit p\u00e9nal \u00e0 Paris","description":"Le tribunal judiciaire de Bordeaux, dans son jugement du 8 janvier 2026, a constat\u00e9 le d\u00e9faut d\u2019objet d\u2019un recours contre une mise en demeure de l\u2019URSSAF. La...","robots":{"index":"index","follow":"follow","max-snippet":"max-snippet:-1","max-image-preview":"max-image-preview:large","max-video-preview":"max-video-preview:-1"},"canonical":"https:\/\/kohenavocats.com\/zh-hans\/tribunal-judiciaire-de-bordeaux-le-8-janvier-2026-n22-01320\/","og_locale":"zh_CN","og_type":"article","og_title":"Tribunal judiciaire de Bordeaux, le 8 janvier 2026, n\u00b022\/01320","og_description":"Le tribunal judiciaire de Bordeaux, dans son jugement du 8 janvier 2026, a constat\u00e9 le d\u00e9faut d\u2019objet d\u2019un recours contre une mise en demeure de l\u2019URSSAF. La...","og_url":"https:\/\/kohenavocats.com\/zh-hans\/tribunal-judiciaire-de-bordeaux-le-8-janvier-2026-n22-01320\/","og_site_name":"Ma\u00eetre Hassan Kohen, avocat en droit p\u00e9nal \u00e0 Paris","article_published_time":"2026-04-27T21:33:45+00:00","og_image":[{"width":6016,"height":4000,"url":"https:\/\/kohenavocats.com\/wp-content\/uploads\/2024\/08\/nelson-ricardo-7L4Yr-xfHE0-unsplash.webp","type":"image\/webp"}],"author":"Kohen","twitter_card":"summary_large_image","twitter_misc":{"\u4f5c\u8005":"Kohen","\u9884\u8ba1\u9605\u8bfb\u65f6\u95f4":"2 \u5206"},"schema":{"@context":"https:\/\/schema.org","@graph":[{"@type":"Article","@id":"https:\/\/kohenavocats.com\/zh-hans\/tribunal-judiciaire-de-bordeaux-le-8-janvier-2026-n22-01320\/#article","isPartOf":{"@id":"https:\/\/kohenavocats.com\/zh-hans\/tribunal-judiciaire-de-bordeaux-le-8-janvier-2026-n22-01320\/"},"author":{"name":"Kohen","@id":"https:\/\/kohenavocats.com\/zh-hans\/#\/schema\/person\/761c9ba54fa1ca84d405cef0831ff751"},"headline":"Tribunal judiciaire de Bordeaux, le 8 janvier 2026, n\u00b022\/01320","datePublished":"2026-04-27T21:33:45+00:00","mainEntityOfPage":{"@id":"https:\/\/kohenavocats.com\/zh-hans\/tribunal-judiciaire-de-bordeaux-le-8-janvier-2026-n22-01320\/"},"wordCount":380,"commentCount":0,"publisher":{"@id":"https:\/\/kohenavocats.com\/zh-hans\/#organization"},"image":{"@id":"https:\/\/kohenavocats.com\/zh-hans\/tribunal-judiciaire-de-bordeaux-le-8-janvier-2026-n22-01320\/#primaryimage"},"thumbnailUrl":"https:\/\/kohenavocats.com\/wp-content\/uploads\/2024\/08\/nelson-ricardo-7L4Yr-xfHE0-unsplash.webp","articleSection":["Jurisprudence"],"inLanguage":"zh-Hans","potentialAction":[{"@type":"CommentAction","name":"Comment","target":["https:\/\/kohenavocats.com\/zh-hans\/tribunal-judiciaire-de-bordeaux-le-8-janvier-2026-n22-01320\/#respond"]}],"citation":"Tribunal judiciaire de Bordeaux, le 8 janvier 2026, n\u00b022\/01320","about":[{"@type":"Thing","name":"Jurisprudence"}],"dateModified":"2026-04-27T21:33:45+00:00","speakable":{"@type":"SpeakableSpecification","cssSelector":[".article-content > p:first-of-type"]}},{"@type":"WebPage","@id":"https:\/\/kohenavocats.com\/zh-hans\/tribunal-judiciaire-de-bordeaux-le-8-janvier-2026-n22-01320\/","url":"https:\/\/kohenavocats.com\/zh-hans\/tribunal-judiciaire-de-bordeaux-le-8-janvier-2026-n22-01320\/","name":"Tribunal judiciaire de Bordeaux, le 8 janvier 2026, n\u00b022\/01320 - Ma\u00eetre Hassan Kohen, avocat en droit p\u00e9nal \u00e0 Paris","isPartOf":{"@id":"https:\/\/kohenavocats.com\/zh-hans\/#website"},"primaryImageOfPage":{"@id":"https:\/\/kohenavocats.com\/zh-hans\/tribunal-judiciaire-de-bordeaux-le-8-janvier-2026-n22-01320\/#primaryimage"},"image":{"@id":"https:\/\/kohenavocats.com\/zh-hans\/tribunal-judiciaire-de-bordeaux-le-8-janvier-2026-n22-01320\/#primaryimage"},"thumbnailUrl":"https:\/\/kohenavocats.com\/wp-content\/uploads\/2024\/08\/nelson-ricardo-7L4Yr-xfHE0-unsplash.webp","datePublished":"2026-04-27T21:33:45+00:00","description":"Le tribunal judiciaire de Bordeaux, dans son jugement du 8 janvier 2026, a constat\u00e9 le d\u00e9faut d\u2019objet d\u2019un recours contre une mise en demeure de l\u2019URSSAF. La...","breadcrumb":{"@id":"https:\/\/kohenavocats.com\/zh-hans\/tribunal-judiciaire-de-bordeaux-le-8-janvier-2026-n22-01320\/#breadcrumb"},"inLanguage":"zh-Hans","potentialAction":[{"@type":"ReadAction","target":["https:\/\/kohenavocats.com\/zh-hans\/tribunal-judiciaire-de-bordeaux-le-8-janvier-2026-n22-01320\/"]}]},{"@type":"ImageObject","inLanguage":"zh-Hans","@id":"https:\/\/kohenavocats.com\/zh-hans\/tribunal-judiciaire-de-bordeaux-le-8-janvier-2026-n22-01320\/#primaryimage","url":"https:\/\/kohenavocats.com\/wp-content\/uploads\/2024\/08\/nelson-ricardo-7L4Yr-xfHE0-unsplash.webp","contentUrl":"https:\/\/kohenavocats.com\/wp-content\/uploads\/2024\/08\/nelson-ricardo-7L4Yr-xfHE0-unsplash.webp","width":6016,"height":4000},{"@type":"BreadcrumbList","@id":"https:\/\/kohenavocats.com\/zh-hans\/tribunal-judiciaire-de-bordeaux-le-8-janvier-2026-n22-01320\/#breadcrumb","itemListElement":[{"@type":"ListItem","position":1,"name":"Home","item":"https:\/\/kohenavocats.com\/zh-hans\/"},{"@type":"ListItem","position":2,"name":"Tribunal judiciaire de Bordeaux, le 8 janvier 2026, n\u00b022\/01320"}]},{"@type":"WebSite","@id":"https:\/\/kohenavocats.com\/zh-hans\/#website","url":"https:\/\/kohenavocats.com\/zh-hans\/","name":"Kohen Avocats","description":"Ma\u00eetre Hassan Kohen, avocat p\u00e9naliste \u00e0 Paris, intervient exclusivement en droit p\u00e9nal pour la d\u00e9fense des particuliers, notamment en mati\u00e8re d\u2019accusations de viol. Il assure un accompagnement rigoureux d\u00e8s la garde \u00e0 vue jusqu\u2019\u00e0 la Cour d\u2019assises, veillant au strict respect des garanties proc\u00e9durales.","publisher":{"@id":"https:\/\/kohenavocats.com\/zh-hans\/#organization"},"potentialAction":[{"@type":"SearchAction","target":{"@type":"EntryPoint","urlTemplate":"https:\/\/kohenavocats.com\/zh-hans\/?s={search_term_string}"},"query-input":{"@type":"PropertyValueSpecification","valueRequired":true,"valueName":"search_term_string"}}],"inLanguage":"zh-Hans"},{"@type":"Organization","@id":"https:\/\/kohenavocats.com\/zh-hans\/#organization","name":"Kohen Avocats","url":"https:\/\/kohenavocats.com\/zh-hans\/","logo":{"@type":"ImageObject","inLanguage":"zh-Hans","@id":"https:\/\/kohenavocats.com\/zh-hans\/#\/schema\/logo\/image\/","url":"https:\/\/kohenavocats.com\/wp-content\/uploads\/2026\/01\/Logo-2-1.webp","contentUrl":"https:\/\/kohenavocats.com\/wp-content\/uploads\/2026\/01\/Logo-2-1.webp","width":2114,"height":1253,"caption":"Kohen Avocats"},"image":{"@id":"https:\/\/kohenavocats.com\/zh-hans\/#\/schema\/logo\/image\/"}},{"@type":"Person","@id":"https:\/\/kohenavocats.com\/zh-hans\/#\/schema\/person\/761c9ba54fa1ca84d405cef0831ff751","name":"Kohen","image":{"@type":"ImageObject","inLanguage":"zh-Hans","@id":"https:\/\/secure.gravatar.com\/avatar\/1c5e76ef76bbbfdd2b4da984e2bf2fa4056fd51a27d25ce2c332047f1dfd6e00?s=96&d=identicon&r=g","url":"https:\/\/secure.gravatar.com\/avatar\/1c5e76ef76bbbfdd2b4da984e2bf2fa4056fd51a27d25ce2c332047f1dfd6e00?s=96&d=identicon&r=g","contentUrl":"https:\/\/secure.gravatar.com\/avatar\/1c5e76ef76bbbfdd2b4da984e2bf2fa4056fd51a27d25ce2c332047f1dfd6e00?s=96&d=identicon&r=g","caption":"Kohen"},"sameAs":["https:\/\/www.linkedin.com\/in\/hassan-kohen-448548192\/","https:\/\/www.youtube.com\/@Kohen-Avocats"],"url":"https:\/\/kohenavocats.com\/zh-hans\/author\/kohenmlk\/"}]}},"jetpack_featured_media_url":"https:\/\/kohenavocats.com\/wp-content\/uploads\/2024\/08\/nelson-ricardo-7L4Yr-xfHE0-unsplash.webp","jetpack_likes_enabled":false,"jetpack_shortlink":"https:\/\/wp.me\/peCrII-2ZEu","jetpack-related-posts":[{"id":433037,"url":"https:\/\/kohenavocats.com\/zh-hans\/cour-dappel-de-bordeaux-le-26-fevrier-2026-n25-02597\/","url_meta":{"origin":713650,"position":0},"title":"Cour d&#8217;appel de Bordeaux, le 26 f\u00e9vrier 2026, n\u00b025\/02597","author":"Kohen","date":"2026\u5e743\u670824\u65e5","format":false,"excerpt":"Un contr\u00f4le des services de police a constat\u00e9 en j\u2026","rel":"","context":"\u5728\u201cCour d'appel\u201d\u4e2d","block_context":{"text":"Cour d'appel","link":"https:\/\/kohenavocats.com\/category\/cour-dappel\/"},"img":{"alt_text":"","src":"https:\/\/i0.wp.com\/kohenavocats.com\/wp-content\/uploads\/2024\/08\/waqar-KY7GFNrxoOY-unsplash-2.webp?resize=350%2C200&ssl=1","width":350,"height":200,"srcset":"https:\/\/i0.wp.com\/kohenavocats.com\/wp-content\/uploads\/2024\/08\/waqar-KY7GFNrxoOY-unsplash-2.webp?resize=350%2C200&ssl=1 1x, https:\/\/i0.wp.com\/kohenavocats.com\/wp-content\/uploads\/2024\/08\/waqar-KY7GFNrxoOY-unsplash-2.webp?resize=525%2C300&ssl=1 1.5x, https:\/\/i0.wp.com\/kohenavocats.com\/wp-content\/uploads\/2024\/08\/waqar-KY7GFNrxoOY-unsplash-2.webp?resize=700%2C400&ssl=1 2x, https:\/\/i0.wp.com\/kohenavocats.com\/wp-content\/uploads\/2024\/08\/waqar-KY7GFNrxoOY-unsplash-2.webp?resize=1050%2C600&ssl=1 3x, https:\/\/i0.wp.com\/kohenavocats.com\/wp-content\/uploads\/2024\/08\/waqar-KY7GFNrxoOY-unsplash-2.webp?resize=1400%2C800&ssl=1 4x"},"classes":[]},{"id":653312,"url":"https:\/\/kohenavocats.com\/zh-hans\/tribunal-judiciaire-de-paris-le-15-octobre-2021-n19-05119\/","url_meta":{"origin":713650,"position":1},"title":"Tribunal judiciaire de Paris, le 15 octobre 2021, n\u00b019\/05119","author":"Kohen","date":"2026\u5e744\u670823\u65e5","format":false,"excerpt":"Le tribunal judiciaire de Paris, statuant le 15 oc\u2026","rel":"","context":"\u5728\u201cJurisprudence\u201d\u4e2d","block_context":{"text":"Jurisprudence","link":"https:\/\/kohenavocats.com\/category\/jurisprudence\/"},"img":{"alt_text":"","src":"https:\/\/i0.wp.com\/kohenavocats.com\/wp-content\/uploads\/2024\/11\/sho-w-NEMLiQMKWas-unsplash.webp?resize=350%2C200&ssl=1","width":350,"height":200,"srcset":"https:\/\/i0.wp.com\/kohenavocats.com\/wp-content\/uploads\/2024\/11\/sho-w-NEMLiQMKWas-unsplash.webp?resize=350%2C200&ssl=1 1x, https:\/\/i0.wp.com\/kohenavocats.com\/wp-content\/uploads\/2024\/11\/sho-w-NEMLiQMKWas-unsplash.webp?resize=525%2C300&ssl=1 1.5x, https:\/\/i0.wp.com\/kohenavocats.com\/wp-content\/uploads\/2024\/11\/sho-w-NEMLiQMKWas-unsplash.webp?resize=700%2C400&ssl=1 2x, https:\/\/i0.wp.com\/kohenavocats.com\/wp-content\/uploads\/2024\/11\/sho-w-NEMLiQMKWas-unsplash.webp?resize=1050%2C600&ssl=1 3x, https:\/\/i0.wp.com\/kohenavocats.com\/wp-content\/uploads\/2024\/11\/sho-w-NEMLiQMKWas-unsplash.webp?resize=1400%2C800&ssl=1 4x"},"classes":[]},{"id":429921,"url":"https:\/\/kohenavocats.com\/zh-hans\/cour-dappel-de-poitiers-le-12-fevrier-2026-n22-00094\/","url_meta":{"origin":713650,"position":2},"title":"Cour d&#8217;appel de Poitiers, le 12 f\u00e9vrier 2026, n\u00b022\/00094","author":"Kohen","date":"2026\u5e743\u670824\u65e5","format":false,"excerpt":"Un m\u00e9decin, affili\u00e9 au r\u00e9gime des travailleurs ind\u2026","rel":"","context":"\u5728\u201cCour d'appel\u201d\u4e2d","block_context":{"text":"Cour d'appel","link":"https:\/\/kohenavocats.com\/category\/cour-dappel\/"},"img":{"alt_text":"","src":"https:\/\/i0.wp.com\/kohenavocats.com\/wp-content\/uploads\/2024\/08\/stefan-steinbauer-HK8IoD-5zpg-unsplash.webp?resize=350%2C200&ssl=1","width":350,"height":200,"srcset":"https:\/\/i0.wp.com\/kohenavocats.com\/wp-content\/uploads\/2024\/08\/stefan-steinbauer-HK8IoD-5zpg-unsplash.webp?resize=350%2C200&ssl=1 1x, https:\/\/i0.wp.com\/kohenavocats.com\/wp-content\/uploads\/2024\/08\/stefan-steinbauer-HK8IoD-5zpg-unsplash.webp?resize=525%2C300&ssl=1 1.5x, https:\/\/i0.wp.com\/kohenavocats.com\/wp-content\/uploads\/2024\/08\/stefan-steinbauer-HK8IoD-5zpg-unsplash.webp?resize=700%2C400&ssl=1 2x, https:\/\/i0.wp.com\/kohenavocats.com\/wp-content\/uploads\/2024\/08\/stefan-steinbauer-HK8IoD-5zpg-unsplash.webp?resize=1050%2C600&ssl=1 3x, https:\/\/i0.wp.com\/kohenavocats.com\/wp-content\/uploads\/2024\/08\/stefan-steinbauer-HK8IoD-5zpg-unsplash.webp?resize=1400%2C800&ssl=1 4x"},"classes":[]},{"id":477925,"url":"https:\/\/kohenavocats.com\/zh-hans\/tribunal-judiciaire-de-paris-le-4-decembre-2025-n23-01207\/","url_meta":{"origin":713650,"position":3},"title":"Tribunal judiciaire de Paris, le 4 d\u00e9cembre 2025, n\u00b023\/01207","author":"Kohen","date":"2026\u5e744\u67087\u65e5","format":false,"excerpt":"Le tribunal judiciaire de Paris, le 4 d\u00e9cembre 202\u2026","rel":"","context":"\u5728\u201cJurisprudence\u201d\u4e2d","block_context":{"text":"Jurisprudence","link":"https:\/\/kohenavocats.com\/category\/jurisprudence\/"},"img":{"alt_text":"","src":"https:\/\/i0.wp.com\/kohenavocats.com\/wp-content\/uploads\/2024\/07\/wesley-tingey-KJgkqQcdynQ-unsplash.webp?resize=350%2C200&ssl=1","width":350,"height":200,"srcset":"https:\/\/i0.wp.com\/kohenavocats.com\/wp-content\/uploads\/2024\/07\/wesley-tingey-KJgkqQcdynQ-unsplash.webp?resize=350%2C200&ssl=1 1x, https:\/\/i0.wp.com\/kohenavocats.com\/wp-content\/uploads\/2024\/07\/wesley-tingey-KJgkqQcdynQ-unsplash.webp?resize=525%2C300&ssl=1 1.5x, https:\/\/i0.wp.com\/kohenavocats.com\/wp-content\/uploads\/2024\/07\/wesley-tingey-KJgkqQcdynQ-unsplash.webp?resize=700%2C400&ssl=1 2x, https:\/\/i0.wp.com\/kohenavocats.com\/wp-content\/uploads\/2024\/07\/wesley-tingey-KJgkqQcdynQ-unsplash.webp?resize=1050%2C600&ssl=1 3x, https:\/\/i0.wp.com\/kohenavocats.com\/wp-content\/uploads\/2024\/07\/wesley-tingey-KJgkqQcdynQ-unsplash.webp?resize=1400%2C800&ssl=1 4x"},"classes":[]},{"id":646351,"url":"https:\/\/kohenavocats.com\/zh-hans\/tribunal-judiciaire-de-vannes-le-25-mars-2025-n25-00002\/","url_meta":{"origin":713650,"position":4},"title":"Tribunal judiciaire de Vannes, le 25 mars 2025, n\u00b025\/00002","author":"Kohen","date":"2026\u5e744\u670822\u65e5","format":false,"excerpt":"Le p\u00f4le social du tribunal judiciaire de Vannes st\u2026","rel":"","context":"\u5728\u201cJurisprudence\u201d\u4e2d","block_context":{"text":"Jurisprudence","link":"https:\/\/kohenavocats.com\/category\/jurisprudence\/"},"img":{"alt_text":"","src":"https:\/\/i0.wp.com\/kohenavocats.com\/wp-content\/uploads\/2024\/11\/getty-images-btf-2n_Kcgw-unsplash.webp?resize=350%2C200&ssl=1","width":350,"height":200,"srcset":"https:\/\/i0.wp.com\/kohenavocats.com\/wp-content\/uploads\/2024\/11\/getty-images-btf-2n_Kcgw-unsplash.webp?resize=350%2C200&ssl=1 1x, https:\/\/i0.wp.com\/kohenavocats.com\/wp-content\/uploads\/2024\/11\/getty-images-btf-2n_Kcgw-unsplash.webp?resize=525%2C300&ssl=1 1.5x, https:\/\/i0.wp.com\/kohenavocats.com\/wp-content\/uploads\/2024\/11\/getty-images-btf-2n_Kcgw-unsplash.webp?resize=700%2C400&ssl=1 2x, https:\/\/i0.wp.com\/kohenavocats.com\/wp-content\/uploads\/2024\/11\/getty-images-btf-2n_Kcgw-unsplash.webp?resize=1050%2C600&ssl=1 3x, https:\/\/i0.wp.com\/kohenavocats.com\/wp-content\/uploads\/2024\/11\/getty-images-btf-2n_Kcgw-unsplash.webp?resize=1400%2C800&ssl=1 4x"},"classes":[]},{"id":208549,"url":"https:\/\/kohenavocats.com\/zh-hans\/cour-dappel-administrative-de-bordeaux-le-1-juillet-2025-n24bx02068\/","url_meta":{"origin":713650,"position":5},"title":"Cour d&#8217;appel administrative de Bordeaux, le 1 juillet 2025, n\u00b024BX02068","author":"Kohen","date":"2025\u5e7412\u670823\u65e5","format":false,"excerpt":"Un arr\u00eat rendu par la cour administrative d'appel \u2026","rel":"","context":"\u5728\u201cCour administrative d'appel\u201d\u4e2d","block_context":{"text":"Cour administrative d'appel","link":"https:\/\/kohenavocats.com\/category\/cour-administrative-dappel\/"},"img":{"alt_text":"","src":"https:\/\/i0.wp.com\/kohenavocats.com\/wp-content\/uploads\/2024\/11\/getty-images-H1-kEUjMDq4-unsplash.webp?resize=350%2C200&ssl=1","width":350,"height":200,"srcset":"https:\/\/i0.wp.com\/kohenavocats.com\/wp-content\/uploads\/2024\/11\/getty-images-H1-kEUjMDq4-unsplash.webp?resize=350%2C200&ssl=1 1x, https:\/\/i0.wp.com\/kohenavocats.com\/wp-content\/uploads\/2024\/11\/getty-images-H1-kEUjMDq4-unsplash.webp?resize=525%2C300&ssl=1 1.5x, https:\/\/i0.wp.com\/kohenavocats.com\/wp-content\/uploads\/2024\/11\/getty-images-H1-kEUjMDq4-unsplash.webp?resize=700%2C400&ssl=1 2x, https:\/\/i0.wp.com\/kohenavocats.com\/wp-content\/uploads\/2024\/11\/getty-images-H1-kEUjMDq4-unsplash.webp?resize=1050%2C600&ssl=1 3x, https:\/\/i0.wp.com\/kohenavocats.com\/wp-content\/uploads\/2024\/11\/getty-images-H1-kEUjMDq4-unsplash.webp?resize=1400%2C800&ssl=1 4x"},"classes":[]}],"jetpack_sharing_enabled":true,"_links":{"self":[{"href":"https:\/\/kohenavocats.com\/zh-hans\/wp-json\/wp\/v2\/posts\/713650","targetHints":{"allow":["GET"]}}],"collection":[{"href":"https:\/\/kohenavocats.com\/zh-hans\/wp-json\/wp\/v2\/posts"}],"about":[{"href":"https:\/\/kohenavocats.com\/zh-hans\/wp-json\/wp\/v2\/types\/post"}],"author":[{"embeddable":true,"href":"https:\/\/kohenavocats.com\/zh-hans\/wp-json\/wp\/v2\/users\/232070755"}],"replies":[{"embeddable":true,"href":"https:\/\/kohenavocats.com\/zh-hans\/wp-json\/wp\/v2\/comments?post=713650"}],"version-history":[{"count":0,"href":"https:\/\/kohenavocats.com\/zh-hans\/wp-json\/wp\/v2\/posts\/713650\/revisions"}],"wp:featuredmedia":[{"embeddable":true,"href":"https:\/\/kohenavocats.com\/zh-hans\/wp-json\/wp\/v2\/media\/4731"}],"wp:attachment":[{"href":"https:\/\/kohenavocats.com\/zh-hans\/wp-json\/wp\/v2\/media?parent=713650"}],"wp:term":[{"taxonomy":"category","embeddable":true,"href":"https:\/\/kohenavocats.com\/zh-hans\/wp-json\/wp\/v2\/categories?post=713650"},{"taxonomy":"post_tag","embeddable":true,"href":"https:\/\/kohenavocats.com\/zh-hans\/wp-json\/wp\/v2\/tags?post=713650"}],"curies":[{"name":"wp","href":"https:\/\/api.w.org\/{rel}","templated":true}]}}