{"id":714141,"date":"2026-04-28T00:00:07","date_gmt":"2026-04-27T22:00:07","guid":{"rendered":"https:\/\/kohenavocats.com\/tribunal-judiciaire-de-troyes-le-9-janvier-2026-n25-00524\/"},"modified":"2026-04-28T00:00:07","modified_gmt":"2026-04-27T22:00:07","slug":"tribunal-judiciaire-de-troyes-le-9-janvier-2026-n25-00524","status":"publish","type":"post","link":"https:\/\/kohenavocats.com\/zh-hans\/tribunal-judiciaire-de-troyes-le-9-janvier-2026-n25-00524\/","title":{"rendered":"Tribunal judiciaire de Troyes, le 9 janvier 2026, n\u00b025\/00524"},"content":{"rendered":"<div class=\"article-content\">\n<p>Le juge des r\u00e9f\u00e9r\u00e9s du tribunal judiciaire de Troyes a rendu une ordonnance le 9 janvier 2026 dans un litige locatif. Une bailleresse avait assign\u00e9 ses deux locataires en r\u00e9f\u00e9r\u00e9 pour constater l&#8217;acquisition de la clause r\u00e9solutoire du bail. Le commandement de payer et de justifier d&#8217;une assurance, d\u00e9livr\u00e9 le 27 mars 2025, \u00e9tait demeur\u00e9 infructueux. La question de droit portait sur la validit\u00e9 de la r\u00e9siliation du bail pour d\u00e9faut d&#8217;assurance et impay\u00e9s. Le juge a constat\u00e9 la r\u00e9siliation de plein droit du contrat \u00e0 compter du 28 avril 2025 et a ordonn\u00e9 l&#8217;expulsion.<\/p>\n<p>La recevabilit\u00e9 de l&#8217;action et l&#8217;acquisition de la clause r\u00e9solutoire.<\/p>\n<p>Le juge a d&#8217;abord v\u00e9rifi\u00e9 la recevabilit\u00e9 de la demande en constatant le respect des formalit\u00e9s pr\u00e9alables. Il a relev\u00e9 que la notification \u00e0 la pr\u00e9fecture avait \u00e9t\u00e9 effectu\u00e9e plus de six semaines avant l&#8217;audience. Il a \u00e9galement constat\u00e9 que la bailleresse avait saisi la CCAPEX deux mois avant l&#8217;assignation, conform\u00e9ment \u00e0 l&#8217;article 24 de la loi de 1989. Cette double v\u00e9rification \u00e9tablit la rigueur proc\u00e9durale exig\u00e9e pour les actions en r\u00e9siliation de bail.<\/p>\n<p>Sur le fond, le magistrat a examin\u00e9 le commandement d\u00e9livr\u00e9 le 27 mars 2025, lequel visait la clause r\u00e9solutoire. Il a constat\u00e9 que &#8220;les pi\u00e8ces produites aux d\u00e9bats ne d\u00e9montrent pas que le logement a \u00e9t\u00e9 assur\u00e9 dans le d\u00e9lai l\u00e9gal d\u2019un mois suivant ce commandement&#8221; (Motifs, 1.2). Ce constat suffit \u00e0 caract\u00e9riser le manquement contractuel des preneurs \u00e0 leur obligation d&#8217;assurance. La solution illustre la rigueur du juge dans l&#8217;application de la clause r\u00e9solutoire l\u00e9gale.<\/p>\n<p>La port\u00e9e de cette d\u00e9cision est de rappeler que le d\u00e9faut de justification d&#8217;assurance, apr\u00e8s un commandement conforme, entra\u00eene automatiquement la r\u00e9siliation du bail. La valeur de l&#8217;arr\u00eat tient \u00e0 la confirmation que le juge des r\u00e9f\u00e9r\u00e9s peut constater cette acquisition sans examiner le bien-fond\u00e9 de la clause. Le sens est de prot\u00e9ger le bailleur contre un risque locatif non couvert, en permettant une expulsion rapide.<\/p>\n<p>Les condamnations provisionnelles au paiement et aux d\u00e9pens.<\/p>\n<p>Le juge a ensuite condamn\u00e9 solidairement les locataires \u00e0 verser une provision de 6630 euros au titre de l&#8217;arri\u00e9r\u00e9 locatif. Il a fond\u00e9 sa d\u00e9cision sur le d\u00e9compte produit par la bailleresse, que les d\u00e9fendeurs, absents, n&#8217;ont pas contest\u00e9. Cette somme inclut les loyers impay\u00e9s jusqu&#8217;\u00e0 la r\u00e9siliation, puis les indemnit\u00e9s d&#8217;occupation jusqu&#8217;\u00e0 la date de l&#8217;ordonnance.<\/p>\n<p>Le magistrat a \u00e9galement fix\u00e9 une indemnit\u00e9 mensuelle d&#8217;occupation \u00e0 compter du 22 novembre 2025 jusqu&#8217;\u00e0 la lib\u00e9ration des lieux. Il a pr\u00e9cis\u00e9 que cette indemnit\u00e9 serait &#8220;fix\u00e9e au montant r\u00e9sultant du loyer et des charges, tel qu&#8217;il aurait \u00e9t\u00e9 si le contrat s&#8217;\u00e9tait poursuivi&#8221; (Motifs, 2). Cette mesure vise \u00e0 indemniser le bailleur pour la jouissance indue du logement apr\u00e8s la r\u00e9siliation.<\/p>\n<p>La valeur de cette solution est de rappeler le caract\u00e8re provisionnel de la condamnation en r\u00e9f\u00e9r\u00e9, limit\u00e9e \u00e0 ce qui n&#8217;est pas s\u00e9rieusement contestable. Le sens est de garantir au propri\u00e9taire une indemnisation rapide de son pr\u00e9judice locatif. La port\u00e9e pratique est d&#8217;offrir un outil efficace au bailleur pour recouvrer sa cr\u00e9ance sans attendre le jugement au fond.<\/p>\n<\/div>\n","protected":false},"excerpt":{"rendered":"<p>Le juge des r\u00e9f\u00e9r\u00e9s du tribunal judiciaire de Troyes a rendu une ordonnance le 9 janvier 2026 dans un litige locatif. Une bailleresse avait assign\u00e9 ses deux &#8230;<\/p>\n","protected":false},"author":232070755,"featured_media":3894,"comment_status":"open","ping_status":"open","sticky":false,"template":"","format":"standard","meta":{"_crdt_document":"","_jetpack_newsletter_access":"","_jetpack_dont_email_post_to_subs":false,"_jetpack_newsletter_tier_id":0,"_jetpack_memberships_contains_paywalled_content":false,"_kj_source_type":"judilibre","_kj_official_id":"6976fdbdcdc6046d47bb2321","_kj_official_url":"https:\/\/www.courdecassation.fr\/decision\/6976fdbdcdc6046d47bb2321","_kj_judilibre_id":"6976fdbdcdc6046d47bb2321","_kj_jur":"Tribunal judiciaire","_kj_lieu":"Troyes","_kj_chambre":"Chambre 3 ctx protection","_kj_rg":"25\/00524","_kj_date":"2026-01-09","_jetpack_memberships_contains_paid_content":false,"footnotes":"","jetpack_post_was_ever_published":false},"categories":[7597],"tags":[],"class_list":["post-714141","post","type-post","status-publish","format-standard","has-post-thumbnail","hentry","category-jurisprudence"],"yoast_head":"<!-- This site is optimized with the Yoast SEO Premium plugin v27.5 (Yoast SEO v27.5) - https:\/\/yoast.com\/product\/yoast-seo-premium-wordpress\/ -->\n<title>Tribunal judiciaire de Troyes, le 9 janvier 2026, n\u00b025\/00524 - Ma\u00eetre Hassan Kohen, avocat en droit p\u00e9nal \u00e0 Paris<\/title>\n<meta name=\"description\" content=\"Le juge des r\u00e9f\u00e9r\u00e9s du tribunal judiciaire de Troyes a rendu une ordonnance le 9 janvier 2026 dans un litige locatif. Une bailleresse avait assign\u00e9 ses deux ...\" \/>\n<meta name=\"robots\" content=\"index, follow, max-snippet:-1, max-image-preview:large, max-video-preview:-1\" \/>\n<link rel=\"canonical\" href=\"https:\/\/kohenavocats.com\/zh-hans\/tribunal-judiciaire-de-troyes-le-9-janvier-2026-n25-00524\/\" \/>\n<meta property=\"og:locale\" content=\"zh_CN\" \/>\n<meta property=\"og:type\" content=\"article\" \/>\n<meta property=\"og:title\" content=\"Tribunal judiciaire de Troyes, le 9 janvier 2026, n\u00b025\/00524\" \/>\n<meta property=\"og:description\" content=\"Le juge des r\u00e9f\u00e9r\u00e9s du tribunal judiciaire de Troyes a rendu une ordonnance le 9 janvier 2026 dans un litige locatif. Une bailleresse avait assign\u00e9 ses deux ...\" \/>\n<meta property=\"og:url\" content=\"https:\/\/kohenavocats.com\/zh-hans\/tribunal-judiciaire-de-troyes-le-9-janvier-2026-n25-00524\/\" \/>\n<meta property=\"og:site_name\" content=\"Ma\u00eetre Hassan Kohen, avocat en droit p\u00e9nal \u00e0 Paris\" \/>\n<meta property=\"article:published_time\" content=\"2026-04-27T22:00:07+00:00\" \/>\n<meta property=\"og:image\" content=\"https:\/\/kohenavocats.com\/wp-content\/uploads\/2024\/07\/chris-lawton-zvKx6ixUhWQ-unsplash.webp\" \/>\n\t<meta property=\"og:image:width\" content=\"6000\" \/>\n\t<meta property=\"og:image:height\" content=\"4000\" \/>\n\t<meta property=\"og:image:type\" content=\"image\/webp\" \/>\n<meta name=\"author\" content=\"Kohen\" \/>\n<meta name=\"twitter:card\" content=\"summary_large_image\" \/>\n<meta name=\"twitter:label1\" content=\"\u4f5c\u8005\" \/>\n\t<meta name=\"twitter:data1\" content=\"Kohen\" \/>\n\t<meta name=\"twitter:label2\" content=\"\u9884\u8ba1\u9605\u8bfb\u65f6\u95f4\" \/>\n\t<meta name=\"twitter:data2\" content=\"3 \u5206\" \/>\n<script type=\"application\/ld+json\" class=\"yoast-schema-graph\">{\"@context\":\"https:\\\/\\\/schema.org\",\"@graph\":[{\"@type\":\"Article\",\"@id\":\"https:\\\/\\\/kohenavocats.com\\\/zh-hans\\\/tribunal-judiciaire-de-troyes-le-9-janvier-2026-n25-00524\\\/#article\",\"isPartOf\":{\"@id\":\"https:\\\/\\\/kohenavocats.com\\\/zh-hans\\\/tribunal-judiciaire-de-troyes-le-9-janvier-2026-n25-00524\\\/\"},\"author\":{\"name\":\"Kohen\",\"@id\":\"https:\\\/\\\/kohenavocats.com\\\/zh-hans\\\/#\\\/schema\\\/person\\\/761c9ba54fa1ca84d405cef0831ff751\"},\"headline\":\"Tribunal judiciaire de Troyes, le 9 janvier 2026, n\u00b025\\\/00524\",\"datePublished\":\"2026-04-27T22:00:07+00:00\",\"mainEntityOfPage\":{\"@id\":\"https:\\\/\\\/kohenavocats.com\\\/zh-hans\\\/tribunal-judiciaire-de-troyes-le-9-janvier-2026-n25-00524\\\/\"},\"wordCount\":579,\"commentCount\":0,\"publisher\":{\"@id\":\"https:\\\/\\\/kohenavocats.com\\\/zh-hans\\\/#organization\"},\"image\":{\"@id\":\"https:\\\/\\\/kohenavocats.com\\\/zh-hans\\\/tribunal-judiciaire-de-troyes-le-9-janvier-2026-n25-00524\\\/#primaryimage\"},\"thumbnailUrl\":\"https:\\\/\\\/kohenavocats.com\\\/wp-content\\\/uploads\\\/2024\\\/07\\\/chris-lawton-zvKx6ixUhWQ-unsplash.webp\",\"articleSection\":[\"Jurisprudence\"],\"inLanguage\":\"zh-Hans\",\"potentialAction\":[{\"@type\":\"CommentAction\",\"name\":\"Comment\",\"target\":[\"https:\\\/\\\/kohenavocats.com\\\/zh-hans\\\/tribunal-judiciaire-de-troyes-le-9-janvier-2026-n25-00524\\\/#respond\"]}],\"citation\":\"Tribunal judiciaire de Troyes, le 9 janvier 2026, n\u00b025\\\/00524\",\"about\":[{\"@type\":\"Thing\",\"name\":\"Jurisprudence\"}],\"dateModified\":\"2026-04-27T22:00:07+00:00\",\"speakable\":{\"@type\":\"SpeakableSpecification\",\"cssSelector\":[\".article-content > p:first-of-type\"]}},{\"@type\":\"WebPage\",\"@id\":\"https:\\\/\\\/kohenavocats.com\\\/zh-hans\\\/tribunal-judiciaire-de-troyes-le-9-janvier-2026-n25-00524\\\/\",\"url\":\"https:\\\/\\\/kohenavocats.com\\\/zh-hans\\\/tribunal-judiciaire-de-troyes-le-9-janvier-2026-n25-00524\\\/\",\"name\":\"Tribunal judiciaire de Troyes, le 9 janvier 2026, n\u00b025\\\/00524 - Ma\u00eetre Hassan Kohen, avocat en droit p\u00e9nal \u00e0 Paris\",\"isPartOf\":{\"@id\":\"https:\\\/\\\/kohenavocats.com\\\/zh-hans\\\/#website\"},\"primaryImageOfPage\":{\"@id\":\"https:\\\/\\\/kohenavocats.com\\\/zh-hans\\\/tribunal-judiciaire-de-troyes-le-9-janvier-2026-n25-00524\\\/#primaryimage\"},\"image\":{\"@id\":\"https:\\\/\\\/kohenavocats.com\\\/zh-hans\\\/tribunal-judiciaire-de-troyes-le-9-janvier-2026-n25-00524\\\/#primaryimage\"},\"thumbnailUrl\":\"https:\\\/\\\/kohenavocats.com\\\/wp-content\\\/uploads\\\/2024\\\/07\\\/chris-lawton-zvKx6ixUhWQ-unsplash.webp\",\"datePublished\":\"2026-04-27T22:00:07+00:00\",\"description\":\"Le juge des r\u00e9f\u00e9r\u00e9s du tribunal judiciaire de Troyes a rendu une ordonnance le 9 janvier 2026 dans un litige locatif. Une bailleresse avait assign\u00e9 ses deux ...\",\"breadcrumb\":{\"@id\":\"https:\\\/\\\/kohenavocats.com\\\/zh-hans\\\/tribunal-judiciaire-de-troyes-le-9-janvier-2026-n25-00524\\\/#breadcrumb\"},\"inLanguage\":\"zh-Hans\",\"potentialAction\":[{\"@type\":\"ReadAction\",\"target\":[\"https:\\\/\\\/kohenavocats.com\\\/zh-hans\\\/tribunal-judiciaire-de-troyes-le-9-janvier-2026-n25-00524\\\/\"]}]},{\"@type\":\"ImageObject\",\"inLanguage\":\"zh-Hans\",\"@id\":\"https:\\\/\\\/kohenavocats.com\\\/zh-hans\\\/tribunal-judiciaire-de-troyes-le-9-janvier-2026-n25-00524\\\/#primaryimage\",\"url\":\"https:\\\/\\\/kohenavocats.com\\\/wp-content\\\/uploads\\\/2024\\\/07\\\/chris-lawton-zvKx6ixUhWQ-unsplash.webp\",\"contentUrl\":\"https:\\\/\\\/kohenavocats.com\\\/wp-content\\\/uploads\\\/2024\\\/07\\\/chris-lawton-zvKx6ixUhWQ-unsplash.webp\",\"width\":6000,\"height\":4000},{\"@type\":\"BreadcrumbList\",\"@id\":\"https:\\\/\\\/kohenavocats.com\\\/zh-hans\\\/tribunal-judiciaire-de-troyes-le-9-janvier-2026-n25-00524\\\/#breadcrumb\",\"itemListElement\":[{\"@type\":\"ListItem\",\"position\":1,\"name\":\"Home\",\"item\":\"https:\\\/\\\/kohenavocats.com\\\/zh-hans\\\/\"},{\"@type\":\"ListItem\",\"position\":2,\"name\":\"Tribunal judiciaire de Troyes, le 9 janvier 2026, n\u00b025\\\/00524\"}]},{\"@type\":\"WebSite\",\"@id\":\"https:\\\/\\\/kohenavocats.com\\\/zh-hans\\\/#website\",\"url\":\"https:\\\/\\\/kohenavocats.com\\\/zh-hans\\\/\",\"name\":\"Kohen Avocats\",\"description\":\"Ma\u00eetre Hassan Kohen, avocat p\u00e9naliste \u00e0 Paris, intervient exclusivement en droit p\u00e9nal pour la d\u00e9fense des particuliers, notamment en mati\u00e8re d\u2019accusations de viol. Il assure un accompagnement rigoureux d\u00e8s la garde \u00e0 vue jusqu\u2019\u00e0 la Cour d\u2019assises, veillant au strict respect des garanties proc\u00e9durales.\",\"publisher\":{\"@id\":\"https:\\\/\\\/kohenavocats.com\\\/zh-hans\\\/#organization\"},\"potentialAction\":[{\"@type\":\"SearchAction\",\"target\":{\"@type\":\"EntryPoint\",\"urlTemplate\":\"https:\\\/\\\/kohenavocats.com\\\/zh-hans\\\/?s={search_term_string}\"},\"query-input\":{\"@type\":\"PropertyValueSpecification\",\"valueRequired\":true,\"valueName\":\"search_term_string\"}}],\"inLanguage\":\"zh-Hans\"},{\"@type\":\"Organization\",\"@id\":\"https:\\\/\\\/kohenavocats.com\\\/zh-hans\\\/#organization\",\"name\":\"Kohen Avocats\",\"url\":\"https:\\\/\\\/kohenavocats.com\\\/zh-hans\\\/\",\"logo\":{\"@type\":\"ImageObject\",\"inLanguage\":\"zh-Hans\",\"@id\":\"https:\\\/\\\/kohenavocats.com\\\/zh-hans\\\/#\\\/schema\\\/logo\\\/image\\\/\",\"url\":\"https:\\\/\\\/kohenavocats.com\\\/wp-content\\\/uploads\\\/2026\\\/01\\\/Logo-2-1.webp\",\"contentUrl\":\"https:\\\/\\\/kohenavocats.com\\\/wp-content\\\/uploads\\\/2026\\\/01\\\/Logo-2-1.webp\",\"width\":2114,\"height\":1253,\"caption\":\"Kohen Avocats\"},\"image\":{\"@id\":\"https:\\\/\\\/kohenavocats.com\\\/zh-hans\\\/#\\\/schema\\\/logo\\\/image\\\/\"}},{\"@type\":\"Person\",\"@id\":\"https:\\\/\\\/kohenavocats.com\\\/zh-hans\\\/#\\\/schema\\\/person\\\/761c9ba54fa1ca84d405cef0831ff751\",\"name\":\"Kohen\",\"image\":{\"@type\":\"ImageObject\",\"inLanguage\":\"zh-Hans\",\"@id\":\"https:\\\/\\\/secure.gravatar.com\\\/avatar\\\/1c5e76ef76bbbfdd2b4da984e2bf2fa4056fd51a27d25ce2c332047f1dfd6e00?s=96&d=identicon&r=g\",\"url\":\"https:\\\/\\\/secure.gravatar.com\\\/avatar\\\/1c5e76ef76bbbfdd2b4da984e2bf2fa4056fd51a27d25ce2c332047f1dfd6e00?s=96&d=identicon&r=g\",\"contentUrl\":\"https:\\\/\\\/secure.gravatar.com\\\/avatar\\\/1c5e76ef76bbbfdd2b4da984e2bf2fa4056fd51a27d25ce2c332047f1dfd6e00?s=96&d=identicon&r=g\",\"caption\":\"Kohen\"},\"sameAs\":[\"https:\\\/\\\/www.linkedin.com\\\/in\\\/hassan-kohen-448548192\\\/\",\"https:\\\/\\\/www.youtube.com\\\/@Kohen-Avocats\"],\"url\":\"https:\\\/\\\/kohenavocats.com\\\/zh-hans\\\/author\\\/kohenmlk\\\/\"}]}<\/script>\n<!-- \/ Yoast SEO Premium plugin. -->","yoast_head_json":{"title":"Tribunal judiciaire de Troyes, le 9 janvier 2026, n\u00b025\/00524 - Ma\u00eetre Hassan Kohen, avocat en droit p\u00e9nal \u00e0 Paris","description":"Le juge des r\u00e9f\u00e9r\u00e9s du tribunal judiciaire de Troyes a rendu une ordonnance le 9 janvier 2026 dans un litige locatif. Une bailleresse avait assign\u00e9 ses deux ...","robots":{"index":"index","follow":"follow","max-snippet":"max-snippet:-1","max-image-preview":"max-image-preview:large","max-video-preview":"max-video-preview:-1"},"canonical":"https:\/\/kohenavocats.com\/zh-hans\/tribunal-judiciaire-de-troyes-le-9-janvier-2026-n25-00524\/","og_locale":"zh_CN","og_type":"article","og_title":"Tribunal judiciaire de Troyes, le 9 janvier 2026, n\u00b025\/00524","og_description":"Le juge des r\u00e9f\u00e9r\u00e9s du tribunal judiciaire de Troyes a rendu une ordonnance le 9 janvier 2026 dans un litige locatif. Une bailleresse avait assign\u00e9 ses deux ...","og_url":"https:\/\/kohenavocats.com\/zh-hans\/tribunal-judiciaire-de-troyes-le-9-janvier-2026-n25-00524\/","og_site_name":"Ma\u00eetre Hassan Kohen, avocat en droit p\u00e9nal \u00e0 Paris","article_published_time":"2026-04-27T22:00:07+00:00","og_image":[{"width":6000,"height":4000,"url":"https:\/\/kohenavocats.com\/wp-content\/uploads\/2024\/07\/chris-lawton-zvKx6ixUhWQ-unsplash.webp","type":"image\/webp"}],"author":"Kohen","twitter_card":"summary_large_image","twitter_misc":{"\u4f5c\u8005":"Kohen","\u9884\u8ba1\u9605\u8bfb\u65f6\u95f4":"3 \u5206"},"schema":{"@context":"https:\/\/schema.org","@graph":[{"@type":"Article","@id":"https:\/\/kohenavocats.com\/zh-hans\/tribunal-judiciaire-de-troyes-le-9-janvier-2026-n25-00524\/#article","isPartOf":{"@id":"https:\/\/kohenavocats.com\/zh-hans\/tribunal-judiciaire-de-troyes-le-9-janvier-2026-n25-00524\/"},"author":{"name":"Kohen","@id":"https:\/\/kohenavocats.com\/zh-hans\/#\/schema\/person\/761c9ba54fa1ca84d405cef0831ff751"},"headline":"Tribunal judiciaire de Troyes, le 9 janvier 2026, n\u00b025\/00524","datePublished":"2026-04-27T22:00:07+00:00","mainEntityOfPage":{"@id":"https:\/\/kohenavocats.com\/zh-hans\/tribunal-judiciaire-de-troyes-le-9-janvier-2026-n25-00524\/"},"wordCount":579,"commentCount":0,"publisher":{"@id":"https:\/\/kohenavocats.com\/zh-hans\/#organization"},"image":{"@id":"https:\/\/kohenavocats.com\/zh-hans\/tribunal-judiciaire-de-troyes-le-9-janvier-2026-n25-00524\/#primaryimage"},"thumbnailUrl":"https:\/\/kohenavocats.com\/wp-content\/uploads\/2024\/07\/chris-lawton-zvKx6ixUhWQ-unsplash.webp","articleSection":["Jurisprudence"],"inLanguage":"zh-Hans","potentialAction":[{"@type":"CommentAction","name":"Comment","target":["https:\/\/kohenavocats.com\/zh-hans\/tribunal-judiciaire-de-troyes-le-9-janvier-2026-n25-00524\/#respond"]}],"citation":"Tribunal judiciaire de Troyes, le 9 janvier 2026, n\u00b025\/00524","about":[{"@type":"Thing","name":"Jurisprudence"}],"dateModified":"2026-04-27T22:00:07+00:00","speakable":{"@type":"SpeakableSpecification","cssSelector":[".article-content > p:first-of-type"]}},{"@type":"WebPage","@id":"https:\/\/kohenavocats.com\/zh-hans\/tribunal-judiciaire-de-troyes-le-9-janvier-2026-n25-00524\/","url":"https:\/\/kohenavocats.com\/zh-hans\/tribunal-judiciaire-de-troyes-le-9-janvier-2026-n25-00524\/","name":"Tribunal judiciaire de Troyes, le 9 janvier 2026, n\u00b025\/00524 - Ma\u00eetre Hassan Kohen, avocat en droit p\u00e9nal \u00e0 Paris","isPartOf":{"@id":"https:\/\/kohenavocats.com\/zh-hans\/#website"},"primaryImageOfPage":{"@id":"https:\/\/kohenavocats.com\/zh-hans\/tribunal-judiciaire-de-troyes-le-9-janvier-2026-n25-00524\/#primaryimage"},"image":{"@id":"https:\/\/kohenavocats.com\/zh-hans\/tribunal-judiciaire-de-troyes-le-9-janvier-2026-n25-00524\/#primaryimage"},"thumbnailUrl":"https:\/\/kohenavocats.com\/wp-content\/uploads\/2024\/07\/chris-lawton-zvKx6ixUhWQ-unsplash.webp","datePublished":"2026-04-27T22:00:07+00:00","description":"Le juge des r\u00e9f\u00e9r\u00e9s du tribunal judiciaire de Troyes a rendu une ordonnance le 9 janvier 2026 dans un litige locatif. Une bailleresse avait assign\u00e9 ses deux ...","breadcrumb":{"@id":"https:\/\/kohenavocats.com\/zh-hans\/tribunal-judiciaire-de-troyes-le-9-janvier-2026-n25-00524\/#breadcrumb"},"inLanguage":"zh-Hans","potentialAction":[{"@type":"ReadAction","target":["https:\/\/kohenavocats.com\/zh-hans\/tribunal-judiciaire-de-troyes-le-9-janvier-2026-n25-00524\/"]}]},{"@type":"ImageObject","inLanguage":"zh-Hans","@id":"https:\/\/kohenavocats.com\/zh-hans\/tribunal-judiciaire-de-troyes-le-9-janvier-2026-n25-00524\/#primaryimage","url":"https:\/\/kohenavocats.com\/wp-content\/uploads\/2024\/07\/chris-lawton-zvKx6ixUhWQ-unsplash.webp","contentUrl":"https:\/\/kohenavocats.com\/wp-content\/uploads\/2024\/07\/chris-lawton-zvKx6ixUhWQ-unsplash.webp","width":6000,"height":4000},{"@type":"BreadcrumbList","@id":"https:\/\/kohenavocats.com\/zh-hans\/tribunal-judiciaire-de-troyes-le-9-janvier-2026-n25-00524\/#breadcrumb","itemListElement":[{"@type":"ListItem","position":1,"name":"Home","item":"https:\/\/kohenavocats.com\/zh-hans\/"},{"@type":"ListItem","position":2,"name":"Tribunal judiciaire de Troyes, le 9 janvier 2026, n\u00b025\/00524"}]},{"@type":"WebSite","@id":"https:\/\/kohenavocats.com\/zh-hans\/#website","url":"https:\/\/kohenavocats.com\/zh-hans\/","name":"Kohen Avocats","description":"Ma\u00eetre Hassan Kohen, avocat p\u00e9naliste \u00e0 Paris, intervient exclusivement en droit p\u00e9nal pour la d\u00e9fense des particuliers, notamment en mati\u00e8re d\u2019accusations de viol. Il assure un accompagnement rigoureux d\u00e8s la garde \u00e0 vue jusqu\u2019\u00e0 la Cour d\u2019assises, veillant au strict respect des garanties proc\u00e9durales.","publisher":{"@id":"https:\/\/kohenavocats.com\/zh-hans\/#organization"},"potentialAction":[{"@type":"SearchAction","target":{"@type":"EntryPoint","urlTemplate":"https:\/\/kohenavocats.com\/zh-hans\/?s={search_term_string}"},"query-input":{"@type":"PropertyValueSpecification","valueRequired":true,"valueName":"search_term_string"}}],"inLanguage":"zh-Hans"},{"@type":"Organization","@id":"https:\/\/kohenavocats.com\/zh-hans\/#organization","name":"Kohen Avocats","url":"https:\/\/kohenavocats.com\/zh-hans\/","logo":{"@type":"ImageObject","inLanguage":"zh-Hans","@id":"https:\/\/kohenavocats.com\/zh-hans\/#\/schema\/logo\/image\/","url":"https:\/\/kohenavocats.com\/wp-content\/uploads\/2026\/01\/Logo-2-1.webp","contentUrl":"https:\/\/kohenavocats.com\/wp-content\/uploads\/2026\/01\/Logo-2-1.webp","width":2114,"height":1253,"caption":"Kohen Avocats"},"image":{"@id":"https:\/\/kohenavocats.com\/zh-hans\/#\/schema\/logo\/image\/"}},{"@type":"Person","@id":"https:\/\/kohenavocats.com\/zh-hans\/#\/schema\/person\/761c9ba54fa1ca84d405cef0831ff751","name":"Kohen","image":{"@type":"ImageObject","inLanguage":"zh-Hans","@id":"https:\/\/secure.gravatar.com\/avatar\/1c5e76ef76bbbfdd2b4da984e2bf2fa4056fd51a27d25ce2c332047f1dfd6e00?s=96&d=identicon&r=g","url":"https:\/\/secure.gravatar.com\/avatar\/1c5e76ef76bbbfdd2b4da984e2bf2fa4056fd51a27d25ce2c332047f1dfd6e00?s=96&d=identicon&r=g","contentUrl":"https:\/\/secure.gravatar.com\/avatar\/1c5e76ef76bbbfdd2b4da984e2bf2fa4056fd51a27d25ce2c332047f1dfd6e00?s=96&d=identicon&r=g","caption":"Kohen"},"sameAs":["https:\/\/www.linkedin.com\/in\/hassan-kohen-448548192\/","https:\/\/www.youtube.com\/@Kohen-Avocats"],"url":"https:\/\/kohenavocats.com\/zh-hans\/author\/kohenmlk\/"}]}},"jetpack_featured_media_url":"https:\/\/kohenavocats.com\/wp-content\/uploads\/2024\/07\/chris-lawton-zvKx6ixUhWQ-unsplash.webp","jetpack_likes_enabled":false,"jetpack_shortlink":"https:\/\/wp.me\/peCrII-2ZMp","jetpack-related-posts":[{"id":659784,"url":"https:\/\/kohenavocats.com\/zh-hans\/tribunal-judiciaire-de-troyes-le-26-septembre-2025-n24-00408\/","url_meta":{"origin":714141,"position":0},"title":"Tribunal judiciaire de Troyes, le 26 septembre 2025, n\u00b024\/00408","author":"Kohen","date":"2026\u5e744\u670823\u65e5","format":false,"excerpt":"Le tribunal judiciaire, statuant en r\u00e9f\u00e9r\u00e9 le 26 s\u2026","rel":"","context":"\u5728\u201cJurisprudence\u201d\u4e2d","block_context":{"text":"Jurisprudence","link":"https:\/\/kohenavocats.com\/category\/jurisprudence\/"},"img":{"alt_text":"","src":"https:\/\/i0.wp.com\/kohenavocats.com\/wp-content\/uploads\/2024\/08\/adam-wood-IDVIKdf8JYw-unsplash.webp?resize=350%2C200&ssl=1","width":350,"height":200,"srcset":"https:\/\/i0.wp.com\/kohenavocats.com\/wp-content\/uploads\/2024\/08\/adam-wood-IDVIKdf8JYw-unsplash.webp?resize=350%2C200&ssl=1 1x, https:\/\/i0.wp.com\/kohenavocats.com\/wp-content\/uploads\/2024\/08\/adam-wood-IDVIKdf8JYw-unsplash.webp?resize=525%2C300&ssl=1 1.5x, https:\/\/i0.wp.com\/kohenavocats.com\/wp-content\/uploads\/2024\/08\/adam-wood-IDVIKdf8JYw-unsplash.webp?resize=700%2C400&ssl=1 2x, https:\/\/i0.wp.com\/kohenavocats.com\/wp-content\/uploads\/2024\/08\/adam-wood-IDVIKdf8JYw-unsplash.webp?resize=1050%2C600&ssl=1 3x, https:\/\/i0.wp.com\/kohenavocats.com\/wp-content\/uploads\/2024\/08\/adam-wood-IDVIKdf8JYw-unsplash.webp?resize=1400%2C800&ssl=1 4x"},"classes":[]},{"id":659418,"url":"https:\/\/kohenavocats.com\/zh-hans\/tribunal-judiciaire-de-troyes-le-26-septembre-2025-n24-00122\/","url_meta":{"origin":714141,"position":1},"title":"Tribunal judiciaire de Troyes, le 26 septembre 2025, n\u00b024\/00122","author":"Kohen","date":"2026\u5e744\u670823\u65e5","format":false,"excerpt":"Le tribunal judiciaire, statuant en r\u00e9f\u00e9r\u00e9 le 26 s\u2026","rel":"","context":"\u5728\u201cJurisprudence\u201d\u4e2d","block_context":{"text":"Jurisprudence","link":"https:\/\/kohenavocats.com\/category\/jurisprudence\/"},"img":{"alt_text":"","src":"https:\/\/i0.wp.com\/kohenavocats.com\/wp-content\/uploads\/2024\/11\/virginia-marinova-35wSdu41mac-unsplash.webp?resize=350%2C200&ssl=1","width":350,"height":200,"srcset":"https:\/\/i0.wp.com\/kohenavocats.com\/wp-content\/uploads\/2024\/11\/virginia-marinova-35wSdu41mac-unsplash.webp?resize=350%2C200&ssl=1 1x, https:\/\/i0.wp.com\/kohenavocats.com\/wp-content\/uploads\/2024\/11\/virginia-marinova-35wSdu41mac-unsplash.webp?resize=525%2C300&ssl=1 1.5x, https:\/\/i0.wp.com\/kohenavocats.com\/wp-content\/uploads\/2024\/11\/virginia-marinova-35wSdu41mac-unsplash.webp?resize=700%2C400&ssl=1 2x, https:\/\/i0.wp.com\/kohenavocats.com\/wp-content\/uploads\/2024\/11\/virginia-marinova-35wSdu41mac-unsplash.webp?resize=1050%2C600&ssl=1 3x, https:\/\/i0.wp.com\/kohenavocats.com\/wp-content\/uploads\/2024\/11\/virginia-marinova-35wSdu41mac-unsplash.webp?resize=1400%2C800&ssl=1 4x"},"classes":[]},{"id":659452,"url":"https:\/\/kohenavocats.com\/zh-hans\/tribunal-judiciaire-de-troyes-le-26-septembre-2025-n24-00496\/","url_meta":{"origin":714141,"position":2},"title":"Tribunal judiciaire de Troyes, le 26 septembre 2025, n\u00b024\/00496","author":"Kohen","date":"2026\u5e744\u670823\u65e5","format":false,"excerpt":"Le tribunal judiciaire, statuant en r\u00e9f\u00e9r\u00e9 le 26 s\u2026","rel":"","context":"\u5728\u201cJurisprudence\u201d\u4e2d","block_context":{"text":"Jurisprudence","link":"https:\/\/kohenavocats.com\/category\/jurisprudence\/"},"img":{"alt_text":"","src":"https:\/\/i0.wp.com\/kohenavocats.com\/wp-content\/uploads\/2024\/11\/sho-w-NEMLiQMKWas-unsplash.webp?resize=350%2C200&ssl=1","width":350,"height":200,"srcset":"https:\/\/i0.wp.com\/kohenavocats.com\/wp-content\/uploads\/2024\/11\/sho-w-NEMLiQMKWas-unsplash.webp?resize=350%2C200&ssl=1 1x, https:\/\/i0.wp.com\/kohenavocats.com\/wp-content\/uploads\/2024\/11\/sho-w-NEMLiQMKWas-unsplash.webp?resize=525%2C300&ssl=1 1.5x, https:\/\/i0.wp.com\/kohenavocats.com\/wp-content\/uploads\/2024\/11\/sho-w-NEMLiQMKWas-unsplash.webp?resize=700%2C400&ssl=1 2x, https:\/\/i0.wp.com\/kohenavocats.com\/wp-content\/uploads\/2024\/11\/sho-w-NEMLiQMKWas-unsplash.webp?resize=1050%2C600&ssl=1 3x, https:\/\/i0.wp.com\/kohenavocats.com\/wp-content\/uploads\/2024\/11\/sho-w-NEMLiQMKWas-unsplash.webp?resize=1400%2C800&ssl=1 4x"},"classes":[]},{"id":659828,"url":"https:\/\/kohenavocats.com\/zh-hans\/tribunal-judiciaire-de-troyes-le-26-septembre-2025-n24-00403\/","url_meta":{"origin":714141,"position":3},"title":"Tribunal judiciaire de Troyes, le 26 septembre 2025, n\u00b024\/00403","author":"Kohen","date":"2026\u5e744\u670823\u65e5","format":false,"excerpt":"Le tribunal judiciaire, statuant en r\u00e9f\u00e9r\u00e9 le 26 s\u2026","rel":"","context":"\u5728\u201cJurisprudence\u201d\u4e2d","block_context":{"text":"Jurisprudence","link":"https:\/\/kohenavocats.com\/category\/jurisprudence\/"},"img":{"alt_text":"","src":"https:\/\/i0.wp.com\/kohenavocats.com\/wp-content\/uploads\/2024\/11\/getty-images-uXScU4WS2YM-unsplash.webp?resize=350%2C200&ssl=1","width":350,"height":200,"srcset":"https:\/\/i0.wp.com\/kohenavocats.com\/wp-content\/uploads\/2024\/11\/getty-images-uXScU4WS2YM-unsplash.webp?resize=350%2C200&ssl=1 1x, https:\/\/i0.wp.com\/kohenavocats.com\/wp-content\/uploads\/2024\/11\/getty-images-uXScU4WS2YM-unsplash.webp?resize=525%2C300&ssl=1 1.5x, https:\/\/i0.wp.com\/kohenavocats.com\/wp-content\/uploads\/2024\/11\/getty-images-uXScU4WS2YM-unsplash.webp?resize=700%2C400&ssl=1 2x, https:\/\/i0.wp.com\/kohenavocats.com\/wp-content\/uploads\/2024\/11\/getty-images-uXScU4WS2YM-unsplash.webp?resize=1050%2C600&ssl=1 3x, https:\/\/i0.wp.com\/kohenavocats.com\/wp-content\/uploads\/2024\/11\/getty-images-uXScU4WS2YM-unsplash.webp?resize=1400%2C800&ssl=1 4x"},"classes":[]},{"id":659455,"url":"https:\/\/kohenavocats.com\/zh-hans\/tribunal-judiciaire-de-troyes-le-26-septembre-2025-n24-00864\/","url_meta":{"origin":714141,"position":4},"title":"Tribunal judiciaire de Troyes, le 26 septembre 2025, n\u00b024\/00864","author":"Kohen","date":"2026\u5e744\u670823\u65e5","format":false,"excerpt":"Le tribunal judiciaire, statuant en r\u00e9f\u00e9r\u00e9 le 26 s\u2026","rel":"","context":"\u5728\u201cJurisprudence\u201d\u4e2d","block_context":{"text":"Jurisprudence","link":"https:\/\/kohenavocats.com\/category\/jurisprudence\/"},"img":{"alt_text":"","src":"https:\/\/i0.wp.com\/kohenavocats.com\/wp-content\/uploads\/2024\/07\/daniel-roe-2OqFyMN7R_E-unsplash.webp?resize=350%2C200&ssl=1","width":350,"height":200,"srcset":"https:\/\/i0.wp.com\/kohenavocats.com\/wp-content\/uploads\/2024\/07\/daniel-roe-2OqFyMN7R_E-unsplash.webp?resize=350%2C200&ssl=1 1x, https:\/\/i0.wp.com\/kohenavocats.com\/wp-content\/uploads\/2024\/07\/daniel-roe-2OqFyMN7R_E-unsplash.webp?resize=525%2C300&ssl=1 1.5x, https:\/\/i0.wp.com\/kohenavocats.com\/wp-content\/uploads\/2024\/07\/daniel-roe-2OqFyMN7R_E-unsplash.webp?resize=700%2C400&ssl=1 2x, https:\/\/i0.wp.com\/kohenavocats.com\/wp-content\/uploads\/2024\/07\/daniel-roe-2OqFyMN7R_E-unsplash.webp?resize=1050%2C600&ssl=1 3x, https:\/\/i0.wp.com\/kohenavocats.com\/wp-content\/uploads\/2024\/07\/daniel-roe-2OqFyMN7R_E-unsplash.webp?resize=1400%2C800&ssl=1 4x"},"classes":[]},{"id":659376,"url":"https:\/\/kohenavocats.com\/zh-hans\/tribunal-judiciaire-de-troyes-le-26-septembre-2025-n24-00891\/","url_meta":{"origin":714141,"position":5},"title":"Tribunal judiciaire de Troyes, le 26 septembre 2025, n\u00b024\/00891","author":"Kohen","date":"2026\u5e744\u670823\u65e5","format":false,"excerpt":"Le tribunal judiciaire, statuant en r\u00e9f\u00e9r\u00e9 le 26 s\u2026","rel":"","context":"\u5728\u201cJurisprudence\u201d\u4e2d","block_context":{"text":"Jurisprudence","link":"https:\/\/kohenavocats.com\/category\/jurisprudence\/"},"img":{"alt_text":"","src":"https:\/\/i0.wp.com\/kohenavocats.com\/wp-content\/uploads\/2024\/08\/xavier-s-7HJR2NQrBWw-unsplash.webp?resize=350%2C200&ssl=1","width":350,"height":200,"srcset":"https:\/\/i0.wp.com\/kohenavocats.com\/wp-content\/uploads\/2024\/08\/xavier-s-7HJR2NQrBWw-unsplash.webp?resize=350%2C200&ssl=1 1x, https:\/\/i0.wp.com\/kohenavocats.com\/wp-content\/uploads\/2024\/08\/xavier-s-7HJR2NQrBWw-unsplash.webp?resize=525%2C300&ssl=1 1.5x, https:\/\/i0.wp.com\/kohenavocats.com\/wp-content\/uploads\/2024\/08\/xavier-s-7HJR2NQrBWw-unsplash.webp?resize=700%2C400&ssl=1 2x, https:\/\/i0.wp.com\/kohenavocats.com\/wp-content\/uploads\/2024\/08\/xavier-s-7HJR2NQrBWw-unsplash.webp?resize=1050%2C600&ssl=1 3x, https:\/\/i0.wp.com\/kohenavocats.com\/wp-content\/uploads\/2024\/08\/xavier-s-7HJR2NQrBWw-unsplash.webp?resize=1400%2C800&ssl=1 4x"},"classes":[]}],"jetpack_sharing_enabled":true,"_links":{"self":[{"href":"https:\/\/kohenavocats.com\/zh-hans\/wp-json\/wp\/v2\/posts\/714141","targetHints":{"allow":["GET"]}}],"collection":[{"href":"https:\/\/kohenavocats.com\/zh-hans\/wp-json\/wp\/v2\/posts"}],"about":[{"href":"https:\/\/kohenavocats.com\/zh-hans\/wp-json\/wp\/v2\/types\/post"}],"author":[{"embeddable":true,"href":"https:\/\/kohenavocats.com\/zh-hans\/wp-json\/wp\/v2\/users\/232070755"}],"replies":[{"embeddable":true,"href":"https:\/\/kohenavocats.com\/zh-hans\/wp-json\/wp\/v2\/comments?post=714141"}],"version-history":[{"count":0,"href":"https:\/\/kohenavocats.com\/zh-hans\/wp-json\/wp\/v2\/posts\/714141\/revisions"}],"wp:featuredmedia":[{"embeddable":true,"href":"https:\/\/kohenavocats.com\/zh-hans\/wp-json\/wp\/v2\/media\/3894"}],"wp:attachment":[{"href":"https:\/\/kohenavocats.com\/zh-hans\/wp-json\/wp\/v2\/media?parent=714141"}],"wp:term":[{"taxonomy":"category","embeddable":true,"href":"https:\/\/kohenavocats.com\/zh-hans\/wp-json\/wp\/v2\/categories?post=714141"},{"taxonomy":"post_tag","embeddable":true,"href":"https:\/\/kohenavocats.com\/zh-hans\/wp-json\/wp\/v2\/tags?post=714141"}],"curies":[{"name":"wp","href":"https:\/\/api.w.org\/{rel}","templated":true}]}}