{"id":716316,"date":"2026-04-28T01:42:52","date_gmt":"2026-04-27T23:42:52","guid":{"rendered":"https:\/\/kohenavocats.com\/tribunal-judiciaire-de-aix-en-provence-le-15-janvier-2026-n23-02654\/"},"modified":"2026-04-28T01:42:52","modified_gmt":"2026-04-27T23:42:52","slug":"tribunal-judiciaire-de-aix-en-provence-le-15-janvier-2026-n23-02654","status":"publish","type":"post","link":"https:\/\/kohenavocats.com\/zh-hans\/tribunal-judiciaire-de-aix-en-provence-le-15-janvier-2026-n23-02654\/","title":{"rendered":"Tribunal judiciaire de Aix-en-Provence, le 15 janvier 2026, n\u00b023\/02654"},"content":{"rendered":"<div class=\"article-content\">\n<p>Le tribunal judiciaire d\u2019Aix-en-Provence a rendu un jugement r\u00e9put\u00e9 contradictoire le 15 janvier 2026. Un conducteur victime d\u2019un accident de la circulation trajet-travail a assign\u00e9 son assureur et la CPAM en r\u00e9paration de son pr\u00e9judice corporel. La question de droit portait sur l\u2019\u00e9tendue de l\u2019indemnisation apr\u00e8s consolidation et sur l\u2019application de l\u2019article 700 du code de proc\u00e9dure civile. La juridiction a partiellement fait droit aux demandes en allouant plusieurs sommes tout en rejetant la demande fond\u00e9e sur l\u2019\u00e9quit\u00e9.<\/p>\n<p>L\u2019affirmation du droit \u00e0 r\u00e9paration int\u00e9grale de la victime.<\/p>\n<p>Le tribunal rappelle que le droit \u00e0 indemnisation n\u2019est pas contest\u00e9 par la partie d\u00e9fenderesse. Il pr\u00e9cise que \u201cle droit \u00e0 indemnisation n\u2019est pas contest\u00e9, en cons\u00e9quence le droit \u00e0 r\u00e9paration de [D] [O] [X] est entier\u201d (Motifs, Sur le droit \u00e0 indemnisation). Cette solution applique strictement la loi du 5 juillet 1985 en l\u2019absence de faute de la victime. La valeur de ce principe est de garantir une r\u00e9paration automatique pour tout conducteur impliqu\u00e9. La port\u00e9e est ici limit\u00e9e \u00e0 une simple confirmation, faute de d\u00e9bat sur ce point.<\/p>\n<p>L\u2019\u00e9valuation pr\u00e9cise des pr\u00e9judices corporels par poste.<\/p>\n<p>Le tribunal retient les conclusions de l\u2019expert pour chaque chef de pr\u00e9judice temporaire et permanent. Il indemnise le d\u00e9ficit fonctionnel temporaire sur une base journali\u00e8re de 32 euros et les souffrances endur\u00e9es \u00e0 2500 euros. Cette m\u00e9thode respecte le principe de r\u00e9paration int\u00e9grale en chiffrant chaque poste distinctement. La valeur de cette approche est de garantir une individualisation de l\u2019indemnisation selon les s\u00e9quelles r\u00e9elles. La port\u00e9e est de fixer un r\u00e9f\u00e9rentiel pour les victimes de pr\u00e9judices similaires.<\/p>\n<p>Le rejet de la demande fond\u00e9e sur l\u2019article 700 du code de proc\u00e9dure civile.<\/p>\n<p>Le tribunal \u00e9carte la demande de la victime au titre des frais irr\u00e9p\u00e9tibles en raison de son choix proc\u00e9dural. Il estime que \u201ceu \u00e9gard \u00e0 son choix de ne pas recourir \u00e0 la proc\u00e9dure amiable, l\u2019\u00e9quit\u00e9 ne commande donc pas d\u2019accueillir la demande\u201d (Motifs, Sur l\u2019indemnit\u00e9 pour frais expos\u00e9s). Cette solution sanctionne le non-respect du d\u00e9lai de cinq mois offert \u00e0 l\u2019assureur pour formuler une offre. La valeur de ce motif est de favoriser les r\u00e8glements amiables avant toute action judiciaire. La port\u00e9e incite les victimes \u00e0 patienter avant d\u2019assigner pour \u00e9viter de perdre ce chef de demande.<\/p>\n<\/div>\n","protected":false},"excerpt":{"rendered":"<p>Le tribunal judiciaire d\u2019Aix-en-Provence a rendu un jugement r\u00e9put\u00e9 contradictoire le 15 janvier 2026. Un conducteur victime d\u2019un accident de la circulation &#8230;<\/p>\n","protected":false},"author":232070755,"featured_media":3899,"comment_status":"open","ping_status":"open","sticky":false,"template":"","format":"standard","meta":{"_crdt_document":"","_jetpack_newsletter_access":"","_jetpack_dont_email_post_to_subs":false,"_jetpack_newsletter_tier_id":0,"_jetpack_memberships_contains_paywalled_content":false,"_kj_source_type":"judilibre","_kj_official_id":"6983af02cdc6046d47ee67c6","_kj_official_url":"https:\/\/www.courdecassation.fr\/decision\/6983af02cdc6046d47ee67c6","_kj_judilibre_id":"6983af02cdc6046d47ee67c6","_kj_jur":"Tribunal judiciaire","_kj_lieu":"Tribunal judiciaire d'Aix-en-Provence","_kj_chambre":"CH GENERALISTE B","_kj_rg":"23\/02654","_kj_date":"2026-01-15","_jetpack_memberships_contains_paid_content":false,"footnotes":"","jetpack_post_was_ever_published":false},"categories":[7597],"tags":[],"class_list":["post-716316","post","type-post","status-publish","format-standard","has-post-thumbnail","hentry","category-jurisprudence"],"yoast_head":"<!-- This site is optimized with the Yoast SEO Premium plugin v27.5 (Yoast SEO v27.5) - https:\/\/yoast.com\/product\/yoast-seo-premium-wordpress\/ -->\n<title>Tribunal judiciaire de Aix-en-Provence, le 15 janvier 2026, n\u00b023\/02654 - Ma\u00eetre Hassan Kohen, avocat en droit p\u00e9nal \u00e0 Paris<\/title>\n<meta name=\"description\" content=\"Le tribunal judiciaire d\u2019Aix-en-Provence a rendu un jugement r\u00e9put\u00e9 contradictoire le 15 janvier 2026. Un conducteur victime d\u2019un accident de la circulation ...\" \/>\n<meta name=\"robots\" content=\"index, follow, max-snippet:-1, max-image-preview:large, max-video-preview:-1\" \/>\n<link rel=\"canonical\" href=\"https:\/\/kohenavocats.com\/zh-hans\/tribunal-judiciaire-de-aix-en-provence-le-15-janvier-2026-n23-02654\/\" \/>\n<meta property=\"og:locale\" content=\"zh_CN\" \/>\n<meta property=\"og:type\" content=\"article\" \/>\n<meta property=\"og:title\" content=\"Tribunal judiciaire de Aix-en-Provence, le 15 janvier 2026, n\u00b023\/02654\" \/>\n<meta property=\"og:description\" content=\"Le tribunal judiciaire d\u2019Aix-en-Provence a rendu un jugement r\u00e9put\u00e9 contradictoire le 15 janvier 2026. Un conducteur victime d\u2019un accident de la circulation ...\" \/>\n<meta property=\"og:url\" content=\"https:\/\/kohenavocats.com\/zh-hans\/tribunal-judiciaire-de-aix-en-provence-le-15-janvier-2026-n23-02654\/\" \/>\n<meta property=\"og:site_name\" content=\"Ma\u00eetre Hassan Kohen, avocat en droit p\u00e9nal \u00e0 Paris\" \/>\n<meta property=\"article:published_time\" content=\"2026-04-27T23:42:52+00:00\" \/>\n<meta property=\"og:image\" content=\"https:\/\/kohenavocats.com\/wp-content\/uploads\/2024\/07\/daniel-roe-2OqFyMN7R_E-unsplash.webp\" \/>\n\t<meta property=\"og:image:width\" content=\"3168\" \/>\n\t<meta property=\"og:image:height\" content=\"2116\" \/>\n\t<meta property=\"og:image:type\" content=\"image\/webp\" \/>\n<meta name=\"author\" content=\"Kohen\" \/>\n<meta name=\"twitter:card\" content=\"summary_large_image\" \/>\n<meta name=\"twitter:label1\" content=\"\u4f5c\u8005\" \/>\n\t<meta name=\"twitter:data1\" content=\"Kohen\" \/>\n\t<meta name=\"twitter:label2\" content=\"\u9884\u8ba1\u9605\u8bfb\u65f6\u95f4\" \/>\n\t<meta name=\"twitter:data2\" content=\"2 \u5206\" \/>\n<script type=\"application\/ld+json\" class=\"yoast-schema-graph\">{\"@context\":\"https:\\\/\\\/schema.org\",\"@graph\":[{\"@type\":\"Article\",\"@id\":\"https:\\\/\\\/kohenavocats.com\\\/zh-hans\\\/tribunal-judiciaire-de-aix-en-provence-le-15-janvier-2026-n23-02654\\\/#article\",\"isPartOf\":{\"@id\":\"https:\\\/\\\/kohenavocats.com\\\/zh-hans\\\/tribunal-judiciaire-de-aix-en-provence-le-15-janvier-2026-n23-02654\\\/\"},\"author\":{\"name\":\"Kohen\",\"@id\":\"https:\\\/\\\/kohenavocats.com\\\/zh-hans\\\/#\\\/schema\\\/person\\\/761c9ba54fa1ca84d405cef0831ff751\"},\"headline\":\"Tribunal judiciaire de Aix-en-Provence, le 15 janvier 2026, n\u00b023\\\/02654\",\"datePublished\":\"2026-04-27T23:42:52+00:00\",\"mainEntityOfPage\":{\"@id\":\"https:\\\/\\\/kohenavocats.com\\\/zh-hans\\\/tribunal-judiciaire-de-aix-en-provence-le-15-janvier-2026-n23-02654\\\/\"},\"wordCount\":422,\"commentCount\":0,\"publisher\":{\"@id\":\"https:\\\/\\\/kohenavocats.com\\\/zh-hans\\\/#organization\"},\"image\":{\"@id\":\"https:\\\/\\\/kohenavocats.com\\\/zh-hans\\\/tribunal-judiciaire-de-aix-en-provence-le-15-janvier-2026-n23-02654\\\/#primaryimage\"},\"thumbnailUrl\":\"https:\\\/\\\/kohenavocats.com\\\/wp-content\\\/uploads\\\/2024\\\/07\\\/daniel-roe-2OqFyMN7R_E-unsplash.webp\",\"articleSection\":[\"Jurisprudence\"],\"inLanguage\":\"zh-Hans\",\"potentialAction\":[{\"@type\":\"CommentAction\",\"name\":\"Comment\",\"target\":[\"https:\\\/\\\/kohenavocats.com\\\/zh-hans\\\/tribunal-judiciaire-de-aix-en-provence-le-15-janvier-2026-n23-02654\\\/#respond\"]}],\"citation\":\"Tribunal judiciaire de Aix-en-Provence, le 15 janvier 2026, n\u00b023\\\/02654\",\"about\":[{\"@type\":\"Thing\",\"name\":\"Jurisprudence\"}],\"dateModified\":\"2026-04-27T23:42:52+00:00\",\"speakable\":{\"@type\":\"SpeakableSpecification\",\"cssSelector\":[\".article-content > p:first-of-type\"]}},{\"@type\":\"WebPage\",\"@id\":\"https:\\\/\\\/kohenavocats.com\\\/zh-hans\\\/tribunal-judiciaire-de-aix-en-provence-le-15-janvier-2026-n23-02654\\\/\",\"url\":\"https:\\\/\\\/kohenavocats.com\\\/zh-hans\\\/tribunal-judiciaire-de-aix-en-provence-le-15-janvier-2026-n23-02654\\\/\",\"name\":\"Tribunal judiciaire de Aix-en-Provence, le 15 janvier 2026, n\u00b023\\\/02654 - Ma\u00eetre Hassan Kohen, avocat en droit p\u00e9nal \u00e0 Paris\",\"isPartOf\":{\"@id\":\"https:\\\/\\\/kohenavocats.com\\\/zh-hans\\\/#website\"},\"primaryImageOfPage\":{\"@id\":\"https:\\\/\\\/kohenavocats.com\\\/zh-hans\\\/tribunal-judiciaire-de-aix-en-provence-le-15-janvier-2026-n23-02654\\\/#primaryimage\"},\"image\":{\"@id\":\"https:\\\/\\\/kohenavocats.com\\\/zh-hans\\\/tribunal-judiciaire-de-aix-en-provence-le-15-janvier-2026-n23-02654\\\/#primaryimage\"},\"thumbnailUrl\":\"https:\\\/\\\/kohenavocats.com\\\/wp-content\\\/uploads\\\/2024\\\/07\\\/daniel-roe-2OqFyMN7R_E-unsplash.webp\",\"datePublished\":\"2026-04-27T23:42:52+00:00\",\"description\":\"Le tribunal judiciaire d\u2019Aix-en-Provence a rendu un jugement r\u00e9put\u00e9 contradictoire le 15 janvier 2026. Un conducteur victime d\u2019un accident de la circulation ...\",\"breadcrumb\":{\"@id\":\"https:\\\/\\\/kohenavocats.com\\\/zh-hans\\\/tribunal-judiciaire-de-aix-en-provence-le-15-janvier-2026-n23-02654\\\/#breadcrumb\"},\"inLanguage\":\"zh-Hans\",\"potentialAction\":[{\"@type\":\"ReadAction\",\"target\":[\"https:\\\/\\\/kohenavocats.com\\\/zh-hans\\\/tribunal-judiciaire-de-aix-en-provence-le-15-janvier-2026-n23-02654\\\/\"]}]},{\"@type\":\"ImageObject\",\"inLanguage\":\"zh-Hans\",\"@id\":\"https:\\\/\\\/kohenavocats.com\\\/zh-hans\\\/tribunal-judiciaire-de-aix-en-provence-le-15-janvier-2026-n23-02654\\\/#primaryimage\",\"url\":\"https:\\\/\\\/kohenavocats.com\\\/wp-content\\\/uploads\\\/2024\\\/07\\\/daniel-roe-2OqFyMN7R_E-unsplash.webp\",\"contentUrl\":\"https:\\\/\\\/kohenavocats.com\\\/wp-content\\\/uploads\\\/2024\\\/07\\\/daniel-roe-2OqFyMN7R_E-unsplash.webp\",\"width\":3168,\"height\":2116},{\"@type\":\"BreadcrumbList\",\"@id\":\"https:\\\/\\\/kohenavocats.com\\\/zh-hans\\\/tribunal-judiciaire-de-aix-en-provence-le-15-janvier-2026-n23-02654\\\/#breadcrumb\",\"itemListElement\":[{\"@type\":\"ListItem\",\"position\":1,\"name\":\"Home\",\"item\":\"https:\\\/\\\/kohenavocats.com\\\/zh-hans\\\/\"},{\"@type\":\"ListItem\",\"position\":2,\"name\":\"Tribunal judiciaire de Aix-en-Provence, le 15 janvier 2026, n\u00b023\\\/02654\"}]},{\"@type\":\"WebSite\",\"@id\":\"https:\\\/\\\/kohenavocats.com\\\/zh-hans\\\/#website\",\"url\":\"https:\\\/\\\/kohenavocats.com\\\/zh-hans\\\/\",\"name\":\"Kohen Avocats\",\"description\":\"Ma\u00eetre Hassan Kohen, avocat p\u00e9naliste \u00e0 Paris, intervient exclusivement en droit p\u00e9nal pour la d\u00e9fense des particuliers, notamment en mati\u00e8re d\u2019accusations de viol. Il assure un accompagnement rigoureux d\u00e8s la garde \u00e0 vue jusqu\u2019\u00e0 la Cour d\u2019assises, veillant au strict respect des garanties proc\u00e9durales.\",\"publisher\":{\"@id\":\"https:\\\/\\\/kohenavocats.com\\\/zh-hans\\\/#organization\"},\"potentialAction\":[{\"@type\":\"SearchAction\",\"target\":{\"@type\":\"EntryPoint\",\"urlTemplate\":\"https:\\\/\\\/kohenavocats.com\\\/zh-hans\\\/?s={search_term_string}\"},\"query-input\":{\"@type\":\"PropertyValueSpecification\",\"valueRequired\":true,\"valueName\":\"search_term_string\"}}],\"inLanguage\":\"zh-Hans\"},{\"@type\":\"Organization\",\"@id\":\"https:\\\/\\\/kohenavocats.com\\\/zh-hans\\\/#organization\",\"name\":\"Kohen Avocats\",\"url\":\"https:\\\/\\\/kohenavocats.com\\\/zh-hans\\\/\",\"logo\":{\"@type\":\"ImageObject\",\"inLanguage\":\"zh-Hans\",\"@id\":\"https:\\\/\\\/kohenavocats.com\\\/zh-hans\\\/#\\\/schema\\\/logo\\\/image\\\/\",\"url\":\"https:\\\/\\\/kohenavocats.com\\\/wp-content\\\/uploads\\\/2026\\\/01\\\/Logo-2-1.webp\",\"contentUrl\":\"https:\\\/\\\/kohenavocats.com\\\/wp-content\\\/uploads\\\/2026\\\/01\\\/Logo-2-1.webp\",\"width\":2114,\"height\":1253,\"caption\":\"Kohen Avocats\"},\"image\":{\"@id\":\"https:\\\/\\\/kohenavocats.com\\\/zh-hans\\\/#\\\/schema\\\/logo\\\/image\\\/\"}},{\"@type\":\"Person\",\"@id\":\"https:\\\/\\\/kohenavocats.com\\\/zh-hans\\\/#\\\/schema\\\/person\\\/761c9ba54fa1ca84d405cef0831ff751\",\"name\":\"Kohen\",\"image\":{\"@type\":\"ImageObject\",\"inLanguage\":\"zh-Hans\",\"@id\":\"https:\\\/\\\/secure.gravatar.com\\\/avatar\\\/1c5e76ef76bbbfdd2b4da984e2bf2fa4056fd51a27d25ce2c332047f1dfd6e00?s=96&d=identicon&r=g\",\"url\":\"https:\\\/\\\/secure.gravatar.com\\\/avatar\\\/1c5e76ef76bbbfdd2b4da984e2bf2fa4056fd51a27d25ce2c332047f1dfd6e00?s=96&d=identicon&r=g\",\"contentUrl\":\"https:\\\/\\\/secure.gravatar.com\\\/avatar\\\/1c5e76ef76bbbfdd2b4da984e2bf2fa4056fd51a27d25ce2c332047f1dfd6e00?s=96&d=identicon&r=g\",\"caption\":\"Kohen\"},\"sameAs\":[\"https:\\\/\\\/www.linkedin.com\\\/in\\\/hassan-kohen-448548192\\\/\",\"https:\\\/\\\/www.youtube.com\\\/@Kohen-Avocats\"],\"url\":\"https:\\\/\\\/kohenavocats.com\\\/zh-hans\\\/author\\\/kohenmlk\\\/\"}]}<\/script>\n<!-- \/ Yoast SEO Premium plugin. -->","yoast_head_json":{"title":"Tribunal judiciaire de Aix-en-Provence, le 15 janvier 2026, n\u00b023\/02654 - Ma\u00eetre Hassan Kohen, avocat en droit p\u00e9nal \u00e0 Paris","description":"Le tribunal judiciaire d\u2019Aix-en-Provence a rendu un jugement r\u00e9put\u00e9 contradictoire le 15 janvier 2026. Un conducteur victime d\u2019un accident de la circulation ...","robots":{"index":"index","follow":"follow","max-snippet":"max-snippet:-1","max-image-preview":"max-image-preview:large","max-video-preview":"max-video-preview:-1"},"canonical":"https:\/\/kohenavocats.com\/zh-hans\/tribunal-judiciaire-de-aix-en-provence-le-15-janvier-2026-n23-02654\/","og_locale":"zh_CN","og_type":"article","og_title":"Tribunal judiciaire de Aix-en-Provence, le 15 janvier 2026, n\u00b023\/02654","og_description":"Le tribunal judiciaire d\u2019Aix-en-Provence a rendu un jugement r\u00e9put\u00e9 contradictoire le 15 janvier 2026. Un conducteur victime d\u2019un accident de la circulation ...","og_url":"https:\/\/kohenavocats.com\/zh-hans\/tribunal-judiciaire-de-aix-en-provence-le-15-janvier-2026-n23-02654\/","og_site_name":"Ma\u00eetre Hassan Kohen, avocat en droit p\u00e9nal \u00e0 Paris","article_published_time":"2026-04-27T23:42:52+00:00","og_image":[{"width":3168,"height":2116,"url":"https:\/\/kohenavocats.com\/wp-content\/uploads\/2024\/07\/daniel-roe-2OqFyMN7R_E-unsplash.webp","type":"image\/webp"}],"author":"Kohen","twitter_card":"summary_large_image","twitter_misc":{"\u4f5c\u8005":"Kohen","\u9884\u8ba1\u9605\u8bfb\u65f6\u95f4":"2 \u5206"},"schema":{"@context":"https:\/\/schema.org","@graph":[{"@type":"Article","@id":"https:\/\/kohenavocats.com\/zh-hans\/tribunal-judiciaire-de-aix-en-provence-le-15-janvier-2026-n23-02654\/#article","isPartOf":{"@id":"https:\/\/kohenavocats.com\/zh-hans\/tribunal-judiciaire-de-aix-en-provence-le-15-janvier-2026-n23-02654\/"},"author":{"name":"Kohen","@id":"https:\/\/kohenavocats.com\/zh-hans\/#\/schema\/person\/761c9ba54fa1ca84d405cef0831ff751"},"headline":"Tribunal judiciaire de Aix-en-Provence, le 15 janvier 2026, n\u00b023\/02654","datePublished":"2026-04-27T23:42:52+00:00","mainEntityOfPage":{"@id":"https:\/\/kohenavocats.com\/zh-hans\/tribunal-judiciaire-de-aix-en-provence-le-15-janvier-2026-n23-02654\/"},"wordCount":422,"commentCount":0,"publisher":{"@id":"https:\/\/kohenavocats.com\/zh-hans\/#organization"},"image":{"@id":"https:\/\/kohenavocats.com\/zh-hans\/tribunal-judiciaire-de-aix-en-provence-le-15-janvier-2026-n23-02654\/#primaryimage"},"thumbnailUrl":"https:\/\/kohenavocats.com\/wp-content\/uploads\/2024\/07\/daniel-roe-2OqFyMN7R_E-unsplash.webp","articleSection":["Jurisprudence"],"inLanguage":"zh-Hans","potentialAction":[{"@type":"CommentAction","name":"Comment","target":["https:\/\/kohenavocats.com\/zh-hans\/tribunal-judiciaire-de-aix-en-provence-le-15-janvier-2026-n23-02654\/#respond"]}],"citation":"Tribunal judiciaire de Aix-en-Provence, le 15 janvier 2026, n\u00b023\/02654","about":[{"@type":"Thing","name":"Jurisprudence"}],"dateModified":"2026-04-27T23:42:52+00:00","speakable":{"@type":"SpeakableSpecification","cssSelector":[".article-content > p:first-of-type"]}},{"@type":"WebPage","@id":"https:\/\/kohenavocats.com\/zh-hans\/tribunal-judiciaire-de-aix-en-provence-le-15-janvier-2026-n23-02654\/","url":"https:\/\/kohenavocats.com\/zh-hans\/tribunal-judiciaire-de-aix-en-provence-le-15-janvier-2026-n23-02654\/","name":"Tribunal judiciaire de Aix-en-Provence, le 15 janvier 2026, n\u00b023\/02654 - Ma\u00eetre Hassan Kohen, avocat en droit p\u00e9nal \u00e0 Paris","isPartOf":{"@id":"https:\/\/kohenavocats.com\/zh-hans\/#website"},"primaryImageOfPage":{"@id":"https:\/\/kohenavocats.com\/zh-hans\/tribunal-judiciaire-de-aix-en-provence-le-15-janvier-2026-n23-02654\/#primaryimage"},"image":{"@id":"https:\/\/kohenavocats.com\/zh-hans\/tribunal-judiciaire-de-aix-en-provence-le-15-janvier-2026-n23-02654\/#primaryimage"},"thumbnailUrl":"https:\/\/kohenavocats.com\/wp-content\/uploads\/2024\/07\/daniel-roe-2OqFyMN7R_E-unsplash.webp","datePublished":"2026-04-27T23:42:52+00:00","description":"Le tribunal judiciaire d\u2019Aix-en-Provence a rendu un jugement r\u00e9put\u00e9 contradictoire le 15 janvier 2026. Un conducteur victime d\u2019un accident de la circulation ...","breadcrumb":{"@id":"https:\/\/kohenavocats.com\/zh-hans\/tribunal-judiciaire-de-aix-en-provence-le-15-janvier-2026-n23-02654\/#breadcrumb"},"inLanguage":"zh-Hans","potentialAction":[{"@type":"ReadAction","target":["https:\/\/kohenavocats.com\/zh-hans\/tribunal-judiciaire-de-aix-en-provence-le-15-janvier-2026-n23-02654\/"]}]},{"@type":"ImageObject","inLanguage":"zh-Hans","@id":"https:\/\/kohenavocats.com\/zh-hans\/tribunal-judiciaire-de-aix-en-provence-le-15-janvier-2026-n23-02654\/#primaryimage","url":"https:\/\/kohenavocats.com\/wp-content\/uploads\/2024\/07\/daniel-roe-2OqFyMN7R_E-unsplash.webp","contentUrl":"https:\/\/kohenavocats.com\/wp-content\/uploads\/2024\/07\/daniel-roe-2OqFyMN7R_E-unsplash.webp","width":3168,"height":2116},{"@type":"BreadcrumbList","@id":"https:\/\/kohenavocats.com\/zh-hans\/tribunal-judiciaire-de-aix-en-provence-le-15-janvier-2026-n23-02654\/#breadcrumb","itemListElement":[{"@type":"ListItem","position":1,"name":"Home","item":"https:\/\/kohenavocats.com\/zh-hans\/"},{"@type":"ListItem","position":2,"name":"Tribunal judiciaire de Aix-en-Provence, le 15 janvier 2026, n\u00b023\/02654"}]},{"@type":"WebSite","@id":"https:\/\/kohenavocats.com\/zh-hans\/#website","url":"https:\/\/kohenavocats.com\/zh-hans\/","name":"Kohen Avocats","description":"Ma\u00eetre Hassan Kohen, avocat p\u00e9naliste \u00e0 Paris, intervient exclusivement en droit p\u00e9nal pour la d\u00e9fense des particuliers, notamment en mati\u00e8re d\u2019accusations de viol. Il assure un accompagnement rigoureux d\u00e8s la garde \u00e0 vue jusqu\u2019\u00e0 la Cour d\u2019assises, veillant au strict respect des garanties proc\u00e9durales.","publisher":{"@id":"https:\/\/kohenavocats.com\/zh-hans\/#organization"},"potentialAction":[{"@type":"SearchAction","target":{"@type":"EntryPoint","urlTemplate":"https:\/\/kohenavocats.com\/zh-hans\/?s={search_term_string}"},"query-input":{"@type":"PropertyValueSpecification","valueRequired":true,"valueName":"search_term_string"}}],"inLanguage":"zh-Hans"},{"@type":"Organization","@id":"https:\/\/kohenavocats.com\/zh-hans\/#organization","name":"Kohen Avocats","url":"https:\/\/kohenavocats.com\/zh-hans\/","logo":{"@type":"ImageObject","inLanguage":"zh-Hans","@id":"https:\/\/kohenavocats.com\/zh-hans\/#\/schema\/logo\/image\/","url":"https:\/\/kohenavocats.com\/wp-content\/uploads\/2026\/01\/Logo-2-1.webp","contentUrl":"https:\/\/kohenavocats.com\/wp-content\/uploads\/2026\/01\/Logo-2-1.webp","width":2114,"height":1253,"caption":"Kohen Avocats"},"image":{"@id":"https:\/\/kohenavocats.com\/zh-hans\/#\/schema\/logo\/image\/"}},{"@type":"Person","@id":"https:\/\/kohenavocats.com\/zh-hans\/#\/schema\/person\/761c9ba54fa1ca84d405cef0831ff751","name":"Kohen","image":{"@type":"ImageObject","inLanguage":"zh-Hans","@id":"https:\/\/secure.gravatar.com\/avatar\/1c5e76ef76bbbfdd2b4da984e2bf2fa4056fd51a27d25ce2c332047f1dfd6e00?s=96&d=identicon&r=g","url":"https:\/\/secure.gravatar.com\/avatar\/1c5e76ef76bbbfdd2b4da984e2bf2fa4056fd51a27d25ce2c332047f1dfd6e00?s=96&d=identicon&r=g","contentUrl":"https:\/\/secure.gravatar.com\/avatar\/1c5e76ef76bbbfdd2b4da984e2bf2fa4056fd51a27d25ce2c332047f1dfd6e00?s=96&d=identicon&r=g","caption":"Kohen"},"sameAs":["https:\/\/www.linkedin.com\/in\/hassan-kohen-448548192\/","https:\/\/www.youtube.com\/@Kohen-Avocats"],"url":"https:\/\/kohenavocats.com\/zh-hans\/author\/kohenmlk\/"}]}},"jetpack_featured_media_url":"https:\/\/kohenavocats.com\/wp-content\/uploads\/2024\/07\/daniel-roe-2OqFyMN7R_E-unsplash.webp","jetpack_likes_enabled":false,"jetpack_shortlink":"https:\/\/wp.me\/peCrII-30lu","jetpack-related-posts":[{"id":624774,"url":"https:\/\/kohenavocats.com\/zh-hans\/tribunal-judiciaire-de-aix-en-provence-le-5-janvier-2026-n22-05678\/","url_meta":{"origin":716316,"position":0},"title":"Tribunal judiciaire de Aix-en-Provence, le 5 janvier 2026, n\u00b022\/05678","author":"Kohen","date":"2026\u5e744\u670820\u65e5","format":false,"excerpt":"Le tribunal judiciaire d\u2019Aix-en-Provence, statuant\u2026","rel":"","context":"\u5728\u201cJurisprudence\u201d\u4e2d","block_context":{"text":"Jurisprudence","link":"https:\/\/kohenavocats.com\/category\/jurisprudence\/"},"img":{"alt_text":"","src":"https:\/\/i0.wp.com\/kohenavocats.com\/wp-content\/uploads\/2024\/07\/lucie-morel-DsWjM4iOmyA-unsplash.webp?resize=350%2C200&ssl=1","width":350,"height":200,"srcset":"https:\/\/i0.wp.com\/kohenavocats.com\/wp-content\/uploads\/2024\/07\/lucie-morel-DsWjM4iOmyA-unsplash.webp?resize=350%2C200&ssl=1 1x, https:\/\/i0.wp.com\/kohenavocats.com\/wp-content\/uploads\/2024\/07\/lucie-morel-DsWjM4iOmyA-unsplash.webp?resize=525%2C300&ssl=1 1.5x, https:\/\/i0.wp.com\/kohenavocats.com\/wp-content\/uploads\/2024\/07\/lucie-morel-DsWjM4iOmyA-unsplash.webp?resize=700%2C400&ssl=1 2x, https:\/\/i0.wp.com\/kohenavocats.com\/wp-content\/uploads\/2024\/07\/lucie-morel-DsWjM4iOmyA-unsplash.webp?resize=1050%2C600&ssl=1 3x, https:\/\/i0.wp.com\/kohenavocats.com\/wp-content\/uploads\/2024\/07\/lucie-morel-DsWjM4iOmyA-unsplash.webp?resize=1400%2C800&ssl=1 4x"},"classes":[]},{"id":662350,"url":"https:\/\/kohenavocats.com\/zh-hans\/tribunal-judiciaire-de-aix-en-provence-le-8-janvier-2026-n23-00904\/","url_meta":{"origin":716316,"position":1},"title":"Tribunal judiciaire de Aix-en-Provence, le 8 janvier 2026, n\u00b023\/00904","author":"Kohen","date":"2026\u5e744\u670823\u65e5","format":false,"excerpt":"Le tribunal judiciaire d\u2019Aix-en-Provence, statuant\u2026","rel":"","context":"\u5728\u201cJurisprudence\u201d\u4e2d","block_context":{"text":"Jurisprudence","link":"https:\/\/kohenavocats.com\/category\/jurisprudence\/"},"img":{"alt_text":"","src":"https:\/\/i0.wp.com\/kohenavocats.com\/wp-content\/uploads\/2024\/11\/ph-m-nh-t-QLIDNQGghjM-unsplash.webp?resize=350%2C200&ssl=1","width":350,"height":200,"srcset":"https:\/\/i0.wp.com\/kohenavocats.com\/wp-content\/uploads\/2024\/11\/ph-m-nh-t-QLIDNQGghjM-unsplash.webp?resize=350%2C200&ssl=1 1x, https:\/\/i0.wp.com\/kohenavocats.com\/wp-content\/uploads\/2024\/11\/ph-m-nh-t-QLIDNQGghjM-unsplash.webp?resize=525%2C300&ssl=1 1.5x, https:\/\/i0.wp.com\/kohenavocats.com\/wp-content\/uploads\/2024\/11\/ph-m-nh-t-QLIDNQGghjM-unsplash.webp?resize=700%2C400&ssl=1 2x, https:\/\/i0.wp.com\/kohenavocats.com\/wp-content\/uploads\/2024\/11\/ph-m-nh-t-QLIDNQGghjM-unsplash.webp?resize=1050%2C600&ssl=1 3x, https:\/\/i0.wp.com\/kohenavocats.com\/wp-content\/uploads\/2024\/11\/ph-m-nh-t-QLIDNQGghjM-unsplash.webp?resize=1400%2C800&ssl=1 4x"},"classes":[]},{"id":663026,"url":"https:\/\/kohenavocats.com\/zh-hans\/tribunal-judiciaire-de-aix-en-provence-le-26-janvier-2026-n22-03048\/","url_meta":{"origin":716316,"position":2},"title":"Tribunal judiciaire de Aix-en-Provence, le 26 janvier 2026, n\u00b022\/03048","author":"Kohen","date":"2026\u5e744\u670823\u65e5","format":false,"excerpt":"Le tribunal judiciaire d\u2019Aix-en-Provence, statuant\u2026","rel":"","context":"\u5728\u201cJurisprudence\u201d\u4e2d","block_context":{"text":"Jurisprudence","link":"https:\/\/kohenavocats.com\/category\/jurisprudence\/"},"img":{"alt_text":"","src":"https:\/\/i0.wp.com\/kohenavocats.com\/wp-content\/uploads\/2024\/08\/fabian-mardi-tQuEvmj83U4-unsplash.webp?resize=350%2C200&ssl=1","width":350,"height":200,"srcset":"https:\/\/i0.wp.com\/kohenavocats.com\/wp-content\/uploads\/2024\/08\/fabian-mardi-tQuEvmj83U4-unsplash.webp?resize=350%2C200&ssl=1 1x, https:\/\/i0.wp.com\/kohenavocats.com\/wp-content\/uploads\/2024\/08\/fabian-mardi-tQuEvmj83U4-unsplash.webp?resize=525%2C300&ssl=1 1.5x, https:\/\/i0.wp.com\/kohenavocats.com\/wp-content\/uploads\/2024\/08\/fabian-mardi-tQuEvmj83U4-unsplash.webp?resize=700%2C400&ssl=1 2x, https:\/\/i0.wp.com\/kohenavocats.com\/wp-content\/uploads\/2024\/08\/fabian-mardi-tQuEvmj83U4-unsplash.webp?resize=1050%2C600&ssl=1 3x, https:\/\/i0.wp.com\/kohenavocats.com\/wp-content\/uploads\/2024\/08\/fabian-mardi-tQuEvmj83U4-unsplash.webp?resize=1400%2C800&ssl=1 4x"},"classes":[]},{"id":653020,"url":"https:\/\/kohenavocats.com\/zh-hans\/tribunal-judiciaire-de-aix-en-provence-le-16-janvier-2026-n23-03680\/","url_meta":{"origin":716316,"position":3},"title":"Tribunal judiciaire de Aix-en-Provence, le 16 janvier 2026, n\u00b023\/03680","author":"Kohen","date":"2026\u5e744\u670822\u65e5","format":false,"excerpt":"Le tribunal judiciaire d\u2019Aix-en-Provence, statuant\u2026","rel":"","context":"\u5728\u201cJurisprudence\u201d\u4e2d","block_context":{"text":"Jurisprudence","link":"https:\/\/kohenavocats.com\/category\/jurisprudence\/"},"img":{"alt_text":"","src":"https:\/\/i0.wp.com\/kohenavocats.com\/wp-content\/uploads\/2024\/08\/denise-schuld-zasdQFfh4oA-unsplash.webp?resize=350%2C200&ssl=1","width":350,"height":200,"srcset":"https:\/\/i0.wp.com\/kohenavocats.com\/wp-content\/uploads\/2024\/08\/denise-schuld-zasdQFfh4oA-unsplash.webp?resize=350%2C200&ssl=1 1x, https:\/\/i0.wp.com\/kohenavocats.com\/wp-content\/uploads\/2024\/08\/denise-schuld-zasdQFfh4oA-unsplash.webp?resize=525%2C300&ssl=1 1.5x, https:\/\/i0.wp.com\/kohenavocats.com\/wp-content\/uploads\/2024\/08\/denise-schuld-zasdQFfh4oA-unsplash.webp?resize=700%2C400&ssl=1 2x, https:\/\/i0.wp.com\/kohenavocats.com\/wp-content\/uploads\/2024\/08\/denise-schuld-zasdQFfh4oA-unsplash.webp?resize=1050%2C600&ssl=1 3x, https:\/\/i0.wp.com\/kohenavocats.com\/wp-content\/uploads\/2024\/08\/denise-schuld-zasdQFfh4oA-unsplash.webp?resize=1400%2C800&ssl=1 4x"},"classes":[]},{"id":670275,"url":"https:\/\/kohenavocats.com\/zh-hans\/tribunal-judiciaire-de-aix-en-provence-le-9-juillet-2024-n23-02658\/","url_meta":{"origin":716316,"position":4},"title":"Tribunal judiciaire de Aix-en-Provence, le 9 juillet 2024, n\u00b023\/02658","author":"Kohen","date":"2026\u5e744\u670824\u65e5","format":false,"excerpt":"Le tribunal judiciaire d\u2019Aix-en-Provence, statuant\u2026","rel":"","context":"\u5728\u201cCode des assurances\u201d\u4e2d","block_context":{"text":"Code des assurances","link":"https:\/\/kohenavocats.com\/category\/code-des-assurances\/"},"img":{"alt_text":"","src":"https:\/\/i0.wp.com\/kohenavocats.com\/wp-content\/uploads\/2024\/08\/jad-limcaco-NT1mJPgni6A-unsplash.webp?resize=350%2C200&ssl=1","width":350,"height":200,"srcset":"https:\/\/i0.wp.com\/kohenavocats.com\/wp-content\/uploads\/2024\/08\/jad-limcaco-NT1mJPgni6A-unsplash.webp?resize=350%2C200&ssl=1 1x, https:\/\/i0.wp.com\/kohenavocats.com\/wp-content\/uploads\/2024\/08\/jad-limcaco-NT1mJPgni6A-unsplash.webp?resize=525%2C300&ssl=1 1.5x, https:\/\/i0.wp.com\/kohenavocats.com\/wp-content\/uploads\/2024\/08\/jad-limcaco-NT1mJPgni6A-unsplash.webp?resize=700%2C400&ssl=1 2x, https:\/\/i0.wp.com\/kohenavocats.com\/wp-content\/uploads\/2024\/08\/jad-limcaco-NT1mJPgni6A-unsplash.webp?resize=1050%2C600&ssl=1 3x, https:\/\/i0.wp.com\/kohenavocats.com\/wp-content\/uploads\/2024\/08\/jad-limcaco-NT1mJPgni6A-unsplash.webp?resize=1400%2C800&ssl=1 4x"},"classes":[]},{"id":662344,"url":"https:\/\/kohenavocats.com\/zh-hans\/tribunal-judiciaire-de-aix-en-provence-le-15-janvier-2024-n23-00905\/","url_meta":{"origin":716316,"position":5},"title":"Tribunal judiciaire de Aix-en-Provence, le 15 janvier 2024, n\u00b023\/00905","author":"Kohen","date":"2026\u5e744\u670823\u65e5","format":false,"excerpt":"Le tribunal judiciaire d\u2019Aix-en-Provence, statuant\u2026","rel":"","context":"\u5728\u201cJurisprudence\u201d\u4e2d","block_context":{"text":"Jurisprudence","link":"https:\/\/kohenavocats.com\/category\/jurisprudence\/"},"img":{"alt_text":"","src":"https:\/\/i0.wp.com\/kohenavocats.com\/wp-content\/uploads\/2024\/07\/alex-block-PdDBTrkGYLo-unsplash-2.webp?resize=350%2C200&ssl=1","width":350,"height":200,"srcset":"https:\/\/i0.wp.com\/kohenavocats.com\/wp-content\/uploads\/2024\/07\/alex-block-PdDBTrkGYLo-unsplash-2.webp?resize=350%2C200&ssl=1 1x, https:\/\/i0.wp.com\/kohenavocats.com\/wp-content\/uploads\/2024\/07\/alex-block-PdDBTrkGYLo-unsplash-2.webp?resize=525%2C300&ssl=1 1.5x, https:\/\/i0.wp.com\/kohenavocats.com\/wp-content\/uploads\/2024\/07\/alex-block-PdDBTrkGYLo-unsplash-2.webp?resize=700%2C400&ssl=1 2x, https:\/\/i0.wp.com\/kohenavocats.com\/wp-content\/uploads\/2024\/07\/alex-block-PdDBTrkGYLo-unsplash-2.webp?resize=1050%2C600&ssl=1 3x, https:\/\/i0.wp.com\/kohenavocats.com\/wp-content\/uploads\/2024\/07\/alex-block-PdDBTrkGYLo-unsplash-2.webp?resize=1400%2C800&ssl=1 4x"},"classes":[]}],"jetpack_sharing_enabled":true,"_links":{"self":[{"href":"https:\/\/kohenavocats.com\/zh-hans\/wp-json\/wp\/v2\/posts\/716316","targetHints":{"allow":["GET"]}}],"collection":[{"href":"https:\/\/kohenavocats.com\/zh-hans\/wp-json\/wp\/v2\/posts"}],"about":[{"href":"https:\/\/kohenavocats.com\/zh-hans\/wp-json\/wp\/v2\/types\/post"}],"author":[{"embeddable":true,"href":"https:\/\/kohenavocats.com\/zh-hans\/wp-json\/wp\/v2\/users\/232070755"}],"replies":[{"embeddable":true,"href":"https:\/\/kohenavocats.com\/zh-hans\/wp-json\/wp\/v2\/comments?post=716316"}],"version-history":[{"count":0,"href":"https:\/\/kohenavocats.com\/zh-hans\/wp-json\/wp\/v2\/posts\/716316\/revisions"}],"wp:featuredmedia":[{"embeddable":true,"href":"https:\/\/kohenavocats.com\/zh-hans\/wp-json\/wp\/v2\/media\/3899"}],"wp:attachment":[{"href":"https:\/\/kohenavocats.com\/zh-hans\/wp-json\/wp\/v2\/media?parent=716316"}],"wp:term":[{"taxonomy":"category","embeddable":true,"href":"https:\/\/kohenavocats.com\/zh-hans\/wp-json\/wp\/v2\/categories?post=716316"},{"taxonomy":"post_tag","embeddable":true,"href":"https:\/\/kohenavocats.com\/zh-hans\/wp-json\/wp\/v2\/tags?post=716316"}],"curies":[{"name":"wp","href":"https:\/\/api.w.org\/{rel}","templated":true}]}}