{"id":716512,"date":"2026-04-28T01:52:54","date_gmt":"2026-04-27T23:52:54","guid":{"rendered":"https:\/\/kohenavocats.com\/cour-dappel-de-aix-en-provence-le-16-janvier-2026-n22-03388\/"},"modified":"2026-04-28T01:52:54","modified_gmt":"2026-04-27T23:52:54","slug":"cour-dappel-de-aix-en-provence-le-16-janvier-2026-n22-03388","status":"publish","type":"post","link":"https:\/\/kohenavocats.com\/zh-hans\/cour-dappel-de-aix-en-provence-le-16-janvier-2026-n22-03388\/","title":{"rendered":"Cour d&#8217;appel de Aix-en-Provence, le 16 janvier 2026, n\u00b022\/03388"},"content":{"rendered":"<div class='article-content'>\n<style scoped>.toc-article{background:#f8f9fa;border:1px solid #e2e6ea;border-left:4px solid #2c5f8a;border-radius:6px;padding:20px 24px;margin:0 0 32px;font-size:15px;line-height:1.6}.toc-article p{margin:0 0 10px;font-size:16px;font-weight:600;color:#1a1a1a}.toc-article ul{list-style:none;margin:0;padding:0}.toc-article li.toc-h2{padding:4px 0}.toc-article li.toc-h3{padding:2px 0 2px 20px;font-size:14px}.toc-article a{color:#2c5f8a;text-decoration:none;border-bottom:1px dotted #a0b4c8}.toc-article a:hover{color:#1a3d5c;border-bottom-color:#1a3d5c}<\/style>\n<nav class=\"toc-article\" role=\"navigation\" aria-label=\"Sommaire\">\n<p>Sommaire<\/p>\n<ul>\n<li class=\"toc-h2\"><a href=\"#fondements-juridiques\">Fondements juridiques<\/a><\/li>\n<\/ul>\n<\/nav>\n<p>La cour d\u2019appel d\u2019Aix-en-Provence, dans son arr\u00eat du 16 janvier 2026, \u00e9tait saisie d\u2019un litige prud\u2019homal cons\u00e9cutif \u00e0 la rupture d\u2019une relation de travail. Un salari\u00e9 avait \u00e9t\u00e9 engag\u00e9 par une soci\u00e9t\u00e9, puis licenci\u00e9 verbalement, et contestait les conditions de son emploi et de son d\u00e9part. La question centrale portait sur la qualification du contrat de travail \u00e0 compter du 1er janvier 2018 et sur les cons\u00e9quences de l\u2019absence de contrat \u00e9crit. La cour a confirm\u00e9 la requalification en contrat \u00e0 dur\u00e9e ind\u00e9termin\u00e9e \u00e0 temps plein et a jug\u00e9 le licenciement sans cause r\u00e9elle et s\u00e9rieuse.<\/p>\n<p>I. La requalification du contrat de travail en contrat \u00e0 dur\u00e9e ind\u00e9termin\u00e9e \u00e0 temps plein.<\/p>\n<p>A. L\u2019absence de contrat \u00e9crit entra\u00eene une pr\u00e9somption de contrat \u00e0 dur\u00e9e ind\u00e9termin\u00e9e. La cour rappelle qu\u2019il ne fait pas d\u00e9bat qu\u2019aucun contrat \u00e0 compter du 1er janvier 2018 n\u2019a \u00e9t\u00e9 sign\u00e9 par les deux parties. Faute de preuve d\u2019un refus frauduleux du salari\u00e9, le contrat est requalifi\u00e9 en contrat \u00e0 dur\u00e9e ind\u00e9termin\u00e9e. Cette solution est classique et conforme \u00e0 l\u2019exigence de protection du salari\u00e9 contre les abus de contrats pr\u00e9caires.<\/p>\n<p>B. L\u2019absence de contrat \u00e9crit fait \u00e9galement pr\u00e9sumer un travail \u00e0 temps complet. La cour applique la r\u00e8gle selon laquelle l\u2019employeur doit d\u00e9montrer que le salari\u00e9 n\u2019\u00e9tait pas contraint de se tenir constamment \u00e0 sa disposition. Les attestations fournies sont jug\u00e9es insuffisantes, car elles ne d\u00e9montrent pas les conditions d\u2019emploi ni l\u2019impossibilit\u00e9 de pr\u00e9voir le rythme de travail. Cette d\u00e9cision a une valeur protectrice forte pour le salari\u00e9.<\/p>\n<p>II. Les cons\u00e9quences financi\u00e8res et juridiques de la rupture abusive.<\/p>\n<p>A. La rupture verbale constitue un licenciement sans cause r\u00e9elle et s\u00e9rieuse. La cour retient que l\u2019employeur a mis fin \u00e0 la relation de travail le 31 ao\u00fbt 2018 sans lettre motiv\u00e9e. Les attestations de l\u2019employeur ne permettent pas d\u2019\u00e9tablir un abandon de poste volontaire du salari\u00e9. Cette solution r\u00e9affirme le formalisme protecteur de la proc\u00e9dure de licenciement.<\/p>\n<p>B. L\u2019indemnisation du salari\u00e9 est r\u00e9duite en raison de sa faible anciennet\u00e9 et de la taille de l\u2019entreprise. La cour alloue 300 euros de dommages et int\u00e9r\u00eats pour licenciement sans cause r\u00e9elle et s\u00e9rieuse, soit un mois de salaire brut. Elle rejette l\u2019indemnit\u00e9 pour licenciement irr\u00e9gulier, car le bar\u00e8me de l\u2019article L. 1235-3 couvre d\u00e9j\u00e0 l\u2019int\u00e9gralit\u00e9 du pr\u00e9judice. Cette port\u00e9e est conforme \u00e0 la jurisprudence qui interdit le cumul des indemnit\u00e9s.<\/p>\n<\/div>\n<style scoped>.fondements-juridiques{margin:40px 0 0;padding:0}.fondements-juridiques>h2{font-size:22px;color:#1a1a1a;border-bottom:2px solid #2c5f8a;padding-bottom:10px;margin-bottom:20px}.fj-article{background:#fdfdfd;border:1px solid #e8e8e8;border-radius:6px;padding:20px;margin-bottom:16px}.fj-article h3{font-size:17px;color:#2c5f8a;margin:0 0 12px;font-weight:600}.fj-texte{font-size:15px;line-height:1.7;color:#333}.fj-texte p{margin:8px 0}.fj-badge{font-size:11px;padding:2px 8px;border-radius:3px;margin-left:8px;font-weight:500;vertical-align:middle}.fj-en-vigueur{background:#e8f5e9;color:#2e7d32}.fj-abroge{background:#ffebee;color:#c62828}.fj-modifie{background:#fff3e0;color:#e65100}<\/style>\n<section class=\"fondements-juridiques\">\n<h2 id=\"fondements-juridiques\">Fondements juridiques<\/h2>\n<div class=\"fj-article\">\n<h3><a href=\"https:\/\/www.legifrance.gouv.fr\/codes\/article_lc\/LEGIARTI000038799598\" rel=\"nofollow\" target=\"_blank\">Article L. 227-9-1 du Code de commerce<\/a> <span class=\"fj-badge fj-en-vigueur\">En vigueur<\/span><\/h3>\n<div class=\"fj-texte\">\n<p>Les associ\u00e9s peuvent nommer un ou plusieurs commissaires aux comptes dans les conditions pr\u00e9vues \u00e0 l&#8217;article L. 227-9.<\/p>\n<p>Sont tenues de d\u00e9signer au moins un commissaire aux comptes les soci\u00e9t\u00e9s par actions simplifi\u00e9es qui d\u00e9passent, \u00e0 la cl\u00f4ture d&#8217;un exercice social, deux des seuils suivants, fix\u00e9s par d\u00e9cret : le total de leur bilan, le montant de leur chiffre d&#8217;affaires hors taxe ou le nombre moyen de leurs salari\u00e9s au cours de l&#8217;exercice.<\/p>\n<p>M\u00eame si les conditions pr\u00e9vues au deuxi\u00e8me alin\u00e9a ne sont pas atteintes, la nomination d&#8217;un commissaire aux comptes peut \u00eatre demand\u00e9e en justice par un ou plusieurs associ\u00e9s repr\u00e9sentant au moins le dixi\u00e8me du capital.<\/p>\n<p>Lorsque les conditions pr\u00e9vues au deuxi\u00e8me alin\u00e9a du pr\u00e9sent article ne sont pas atteintes, un commissaire aux comptes peut \u00eatre nomm\u00e9 pour faire application du second alin\u00e9a de l&#8217;article L. 225-146.<\/p>\n<p>Sont \u00e9galement tenues de d\u00e9signer un commissaire aux comptes, pour un mandat de trois exercices, les soci\u00e9t\u00e9s dont un ou plusieurs associ\u00e9s repr\u00e9sentant au moins le tiers du capital en font la demande motiv\u00e9e aupr\u00e8s de la soci\u00e9t\u00e9.<\/p>\n<\/div>\n<\/div>\n<\/section>\n","protected":false},"excerpt":{"rendered":"<p>La cour d\u2019appel d\u2019Aix-en-Provence, dans son arr\u00eat du 16 janvier 2026, \u00e9tait saisie d\u2019un litige prud\u2019homal cons\u00e9cutif \u00e0 la rupture d\u2019une relation de&#8230;<\/p>\n","protected":false},"author":232070755,"featured_media":9538,"comment_status":"open","ping_status":"open","sticky":false,"template":"","format":"standard","meta":{"_crdt_document":"","_jetpack_newsletter_access":"","_jetpack_dont_email_post_to_subs":false,"_jetpack_newsletter_tier_id":0,"_jetpack_memberships_contains_paywalled_content":false,"_kj_source_type":"judilibre","_kj_official_id":"696b724acdc6046d47a2b54f","_kj_official_url":"https:\/\/www.courdecassation.fr\/decision\/696b724acdc6046d47a2b54f","_kj_judilibre_id":"696b724acdc6046d47a2b54f","_kj_jur":"Cour d'appel","_kj_lieu":"Cour d'appel d'Aix-en-Provence","_kj_chambre":"Chambre 4-6","_kj_rg":"22\/03388","_kj_date":"2026-01-16","_jetpack_memberships_contains_paid_content":false,"footnotes":"","jetpack_post_was_ever_published":false},"categories":[6455,6454],"tags":[],"class_list":["post-716512","post","type-post","status-publish","format-standard","has-post-thumbnail","hentry","category-cour-dappel","category-decisions-juridiques"],"yoast_head":"<!-- This site is optimized with the Yoast SEO Premium plugin v27.5 (Yoast SEO v27.5) - https:\/\/yoast.com\/product\/yoast-seo-premium-wordpress\/ -->\n<title>Cour d&#039;appel de Aix-en-Provence, le 16 janvier 2026, n\u00b022\/03388 - Ma\u00eetre Hassan Kohen, avocat en droit p\u00e9nal \u00e0 Paris<\/title>\n<meta name=\"description\" content=\"La cour d\u2019appel d\u2019Aix-en-Provence, dans son arr\u00eat du 16 janvier 2026, \u00e9tait saisie d\u2019un litige prud\u2019homal cons\u00e9cutif \u00e0 la rupture d\u2019une relation de...\" \/>\n<meta name=\"robots\" content=\"index, follow, max-snippet:-1, max-image-preview:large, max-video-preview:-1\" \/>\n<link rel=\"canonical\" href=\"https:\/\/kohenavocats.com\/zh-hans\/cour-dappel-de-aix-en-provence-le-16-janvier-2026-n22-03388\/\" \/>\n<meta property=\"og:locale\" content=\"zh_CN\" \/>\n<meta property=\"og:type\" content=\"article\" \/>\n<meta property=\"og:title\" content=\"Cour d&#039;appel de Aix-en-Provence, le 16 janvier 2026, n\u00b022\/03388\" \/>\n<meta property=\"og:description\" content=\"La cour d\u2019appel d\u2019Aix-en-Provence, dans son arr\u00eat du 16 janvier 2026, \u00e9tait saisie d\u2019un litige prud\u2019homal cons\u00e9cutif \u00e0 la rupture d\u2019une relation de...\" \/>\n<meta property=\"og:url\" content=\"https:\/\/kohenavocats.com\/zh-hans\/cour-dappel-de-aix-en-provence-le-16-janvier-2026-n22-03388\/\" \/>\n<meta property=\"og:site_name\" content=\"Ma\u00eetre Hassan Kohen, avocat en droit p\u00e9nal \u00e0 Paris\" \/>\n<meta property=\"article:published_time\" content=\"2026-04-27T23:52:54+00:00\" \/>\n<meta property=\"og:image\" content=\"https:\/\/kohenavocats.com\/wp-content\/uploads\/2024\/11\/mohamed-nohassi-LQw7fIchK-o-unsplash.webp\" \/>\n\t<meta property=\"og:image:width\" content=\"6528\" \/>\n\t<meta property=\"og:image:height\" content=\"4290\" \/>\n\t<meta property=\"og:image:type\" content=\"image\/webp\" \/>\n<meta name=\"author\" content=\"Kohen\" \/>\n<meta name=\"twitter:card\" content=\"summary_large_image\" \/>\n<meta name=\"twitter:label1\" content=\"\u4f5c\u8005\" \/>\n\t<meta name=\"twitter:data1\" content=\"Kohen\" \/>\n\t<meta name=\"twitter:label2\" content=\"\u9884\u8ba1\u9605\u8bfb\u65f6\u95f4\" \/>\n\t<meta name=\"twitter:data2\" content=\"3 \u5206\" \/>\n<script type=\"application\/ld+json\" class=\"yoast-schema-graph\">{\"@context\":\"https:\\\/\\\/schema.org\",\"@graph\":[{\"@type\":\"Article\",\"@id\":\"https:\\\/\\\/kohenavocats.com\\\/zh-hans\\\/cour-dappel-de-aix-en-provence-le-16-janvier-2026-n22-03388\\\/#article\",\"isPartOf\":{\"@id\":\"https:\\\/\\\/kohenavocats.com\\\/zh-hans\\\/cour-dappel-de-aix-en-provence-le-16-janvier-2026-n22-03388\\\/\"},\"author\":{\"name\":\"Kohen\",\"@id\":\"https:\\\/\\\/kohenavocats.com\\\/zh-hans\\\/#\\\/schema\\\/person\\\/761c9ba54fa1ca84d405cef0831ff751\"},\"headline\":\"Cour d&#8217;appel de Aix-en-Provence, le 16 janvier 2026, n\u00b022\\\/03388\",\"datePublished\":\"2026-04-27T23:52:54+00:00\",\"mainEntityOfPage\":{\"@id\":\"https:\\\/\\\/kohenavocats.com\\\/zh-hans\\\/cour-dappel-de-aix-en-provence-le-16-janvier-2026-n22-03388\\\/\"},\"wordCount\":678,\"commentCount\":0,\"publisher\":{\"@id\":\"https:\\\/\\\/kohenavocats.com\\\/zh-hans\\\/#organization\"},\"image\":{\"@id\":\"https:\\\/\\\/kohenavocats.com\\\/zh-hans\\\/cour-dappel-de-aix-en-provence-le-16-janvier-2026-n22-03388\\\/#primaryimage\"},\"thumbnailUrl\":\"https:\\\/\\\/kohenavocats.com\\\/wp-content\\\/uploads\\\/2024\\\/11\\\/mohamed-nohassi-LQw7fIchK-o-unsplash.webp\",\"articleSection\":[\"Cour d'appel\",\"D\u00e9cisions juridiques\"],\"inLanguage\":\"zh-Hans\",\"potentialAction\":[{\"@type\":\"CommentAction\",\"name\":\"Comment\",\"target\":[\"https:\\\/\\\/kohenavocats.com\\\/zh-hans\\\/cour-dappel-de-aix-en-provence-le-16-janvier-2026-n22-03388\\\/#respond\"]}],\"citation\":\"Cour d&#8217;appel de Aix-en-Provence, le 16 janvier 2026, n\u00b022\\\/03388\",\"about\":[{\"@type\":\"Thing\",\"name\":\"Cour d'appel\"},{\"@type\":\"Thing\",\"name\":\"D\u00e9cisions juridiques\"}],\"dateModified\":\"2026-04-27T23:52:54+00:00\",\"speakable\":{\"@type\":\"SpeakableSpecification\",\"cssSelector\":[\".article-content > p:first-of-type\"]}},{\"@type\":\"WebPage\",\"@id\":\"https:\\\/\\\/kohenavocats.com\\\/zh-hans\\\/cour-dappel-de-aix-en-provence-le-16-janvier-2026-n22-03388\\\/\",\"url\":\"https:\\\/\\\/kohenavocats.com\\\/zh-hans\\\/cour-dappel-de-aix-en-provence-le-16-janvier-2026-n22-03388\\\/\",\"name\":\"Cour d'appel de Aix-en-Provence, le 16 janvier 2026, n\u00b022\\\/03388 - Ma\u00eetre Hassan Kohen, avocat en droit p\u00e9nal \u00e0 Paris\",\"isPartOf\":{\"@id\":\"https:\\\/\\\/kohenavocats.com\\\/zh-hans\\\/#website\"},\"primaryImageOfPage\":{\"@id\":\"https:\\\/\\\/kohenavocats.com\\\/zh-hans\\\/cour-dappel-de-aix-en-provence-le-16-janvier-2026-n22-03388\\\/#primaryimage\"},\"image\":{\"@id\":\"https:\\\/\\\/kohenavocats.com\\\/zh-hans\\\/cour-dappel-de-aix-en-provence-le-16-janvier-2026-n22-03388\\\/#primaryimage\"},\"thumbnailUrl\":\"https:\\\/\\\/kohenavocats.com\\\/wp-content\\\/uploads\\\/2024\\\/11\\\/mohamed-nohassi-LQw7fIchK-o-unsplash.webp\",\"datePublished\":\"2026-04-27T23:52:54+00:00\",\"description\":\"La cour d\u2019appel d\u2019Aix-en-Provence, dans son arr\u00eat du 16 janvier 2026, \u00e9tait saisie d\u2019un litige prud\u2019homal cons\u00e9cutif \u00e0 la rupture d\u2019une relation de...\",\"breadcrumb\":{\"@id\":\"https:\\\/\\\/kohenavocats.com\\\/zh-hans\\\/cour-dappel-de-aix-en-provence-le-16-janvier-2026-n22-03388\\\/#breadcrumb\"},\"inLanguage\":\"zh-Hans\",\"potentialAction\":[{\"@type\":\"ReadAction\",\"target\":[\"https:\\\/\\\/kohenavocats.com\\\/zh-hans\\\/cour-dappel-de-aix-en-provence-le-16-janvier-2026-n22-03388\\\/\"]}]},{\"@type\":\"ImageObject\",\"inLanguage\":\"zh-Hans\",\"@id\":\"https:\\\/\\\/kohenavocats.com\\\/zh-hans\\\/cour-dappel-de-aix-en-provence-le-16-janvier-2026-n22-03388\\\/#primaryimage\",\"url\":\"https:\\\/\\\/kohenavocats.com\\\/wp-content\\\/uploads\\\/2024\\\/11\\\/mohamed-nohassi-LQw7fIchK-o-unsplash.webp\",\"contentUrl\":\"https:\\\/\\\/kohenavocats.com\\\/wp-content\\\/uploads\\\/2024\\\/11\\\/mohamed-nohassi-LQw7fIchK-o-unsplash.webp\",\"width\":6528,\"height\":4290},{\"@type\":\"BreadcrumbList\",\"@id\":\"https:\\\/\\\/kohenavocats.com\\\/zh-hans\\\/cour-dappel-de-aix-en-provence-le-16-janvier-2026-n22-03388\\\/#breadcrumb\",\"itemListElement\":[{\"@type\":\"ListItem\",\"position\":1,\"name\":\"Home\",\"item\":\"https:\\\/\\\/kohenavocats.com\\\/zh-hans\\\/\"},{\"@type\":\"ListItem\",\"position\":2,\"name\":\"Cour d&rsquo;appel de Aix-en-Provence, le 16 janvier 2026, n\u00b022\\\/03388\"}]},{\"@type\":\"WebSite\",\"@id\":\"https:\\\/\\\/kohenavocats.com\\\/zh-hans\\\/#website\",\"url\":\"https:\\\/\\\/kohenavocats.com\\\/zh-hans\\\/\",\"name\":\"Kohen Avocats\",\"description\":\"Ma\u00eetre Hassan Kohen, avocat p\u00e9naliste \u00e0 Paris, intervient exclusivement en droit p\u00e9nal pour la d\u00e9fense des particuliers, notamment en mati\u00e8re d\u2019accusations de viol. Il assure un accompagnement rigoureux d\u00e8s la garde \u00e0 vue jusqu\u2019\u00e0 la Cour d\u2019assises, veillant au strict respect des garanties proc\u00e9durales.\",\"publisher\":{\"@id\":\"https:\\\/\\\/kohenavocats.com\\\/zh-hans\\\/#organization\"},\"potentialAction\":[{\"@type\":\"SearchAction\",\"target\":{\"@type\":\"EntryPoint\",\"urlTemplate\":\"https:\\\/\\\/kohenavocats.com\\\/zh-hans\\\/?s={search_term_string}\"},\"query-input\":{\"@type\":\"PropertyValueSpecification\",\"valueRequired\":true,\"valueName\":\"search_term_string\"}}],\"inLanguage\":\"zh-Hans\"},{\"@type\":\"Organization\",\"@id\":\"https:\\\/\\\/kohenavocats.com\\\/zh-hans\\\/#organization\",\"name\":\"Kohen Avocats\",\"url\":\"https:\\\/\\\/kohenavocats.com\\\/zh-hans\\\/\",\"logo\":{\"@type\":\"ImageObject\",\"inLanguage\":\"zh-Hans\",\"@id\":\"https:\\\/\\\/kohenavocats.com\\\/zh-hans\\\/#\\\/schema\\\/logo\\\/image\\\/\",\"url\":\"https:\\\/\\\/kohenavocats.com\\\/wp-content\\\/uploads\\\/2026\\\/01\\\/Logo-2-1.webp\",\"contentUrl\":\"https:\\\/\\\/kohenavocats.com\\\/wp-content\\\/uploads\\\/2026\\\/01\\\/Logo-2-1.webp\",\"width\":2114,\"height\":1253,\"caption\":\"Kohen Avocats\"},\"image\":{\"@id\":\"https:\\\/\\\/kohenavocats.com\\\/zh-hans\\\/#\\\/schema\\\/logo\\\/image\\\/\"}},{\"@type\":\"Person\",\"@id\":\"https:\\\/\\\/kohenavocats.com\\\/zh-hans\\\/#\\\/schema\\\/person\\\/761c9ba54fa1ca84d405cef0831ff751\",\"name\":\"Kohen\",\"image\":{\"@type\":\"ImageObject\",\"inLanguage\":\"zh-Hans\",\"@id\":\"https:\\\/\\\/secure.gravatar.com\\\/avatar\\\/1c5e76ef76bbbfdd2b4da984e2bf2fa4056fd51a27d25ce2c332047f1dfd6e00?s=96&d=identicon&r=g\",\"url\":\"https:\\\/\\\/secure.gravatar.com\\\/avatar\\\/1c5e76ef76bbbfdd2b4da984e2bf2fa4056fd51a27d25ce2c332047f1dfd6e00?s=96&d=identicon&r=g\",\"contentUrl\":\"https:\\\/\\\/secure.gravatar.com\\\/avatar\\\/1c5e76ef76bbbfdd2b4da984e2bf2fa4056fd51a27d25ce2c332047f1dfd6e00?s=96&d=identicon&r=g\",\"caption\":\"Kohen\"},\"sameAs\":[\"https:\\\/\\\/www.linkedin.com\\\/in\\\/hassan-kohen-448548192\\\/\",\"https:\\\/\\\/www.youtube.com\\\/@Kohen-Avocats\"],\"url\":\"https:\\\/\\\/kohenavocats.com\\\/zh-hans\\\/author\\\/kohenmlk\\\/\"}]}<\/script>\n<!-- \/ Yoast SEO Premium plugin. -->","yoast_head_json":{"title":"Cour d'appel de Aix-en-Provence, le 16 janvier 2026, n\u00b022\/03388 - Ma\u00eetre Hassan Kohen, avocat en droit p\u00e9nal \u00e0 Paris","description":"La cour d\u2019appel d\u2019Aix-en-Provence, dans son arr\u00eat du 16 janvier 2026, \u00e9tait saisie d\u2019un litige prud\u2019homal cons\u00e9cutif \u00e0 la rupture d\u2019une relation de...","robots":{"index":"index","follow":"follow","max-snippet":"max-snippet:-1","max-image-preview":"max-image-preview:large","max-video-preview":"max-video-preview:-1"},"canonical":"https:\/\/kohenavocats.com\/zh-hans\/cour-dappel-de-aix-en-provence-le-16-janvier-2026-n22-03388\/","og_locale":"zh_CN","og_type":"article","og_title":"Cour d'appel de Aix-en-Provence, le 16 janvier 2026, n\u00b022\/03388","og_description":"La cour d\u2019appel d\u2019Aix-en-Provence, dans son arr\u00eat du 16 janvier 2026, \u00e9tait saisie d\u2019un litige prud\u2019homal cons\u00e9cutif \u00e0 la rupture d\u2019une relation de...","og_url":"https:\/\/kohenavocats.com\/zh-hans\/cour-dappel-de-aix-en-provence-le-16-janvier-2026-n22-03388\/","og_site_name":"Ma\u00eetre Hassan Kohen, avocat en droit p\u00e9nal \u00e0 Paris","article_published_time":"2026-04-27T23:52:54+00:00","og_image":[{"width":6528,"height":4290,"url":"https:\/\/kohenavocats.com\/wp-content\/uploads\/2024\/11\/mohamed-nohassi-LQw7fIchK-o-unsplash.webp","type":"image\/webp"}],"author":"Kohen","twitter_card":"summary_large_image","twitter_misc":{"\u4f5c\u8005":"Kohen","\u9884\u8ba1\u9605\u8bfb\u65f6\u95f4":"3 \u5206"},"schema":{"@context":"https:\/\/schema.org","@graph":[{"@type":"Article","@id":"https:\/\/kohenavocats.com\/zh-hans\/cour-dappel-de-aix-en-provence-le-16-janvier-2026-n22-03388\/#article","isPartOf":{"@id":"https:\/\/kohenavocats.com\/zh-hans\/cour-dappel-de-aix-en-provence-le-16-janvier-2026-n22-03388\/"},"author":{"name":"Kohen","@id":"https:\/\/kohenavocats.com\/zh-hans\/#\/schema\/person\/761c9ba54fa1ca84d405cef0831ff751"},"headline":"Cour d&#8217;appel de Aix-en-Provence, le 16 janvier 2026, n\u00b022\/03388","datePublished":"2026-04-27T23:52:54+00:00","mainEntityOfPage":{"@id":"https:\/\/kohenavocats.com\/zh-hans\/cour-dappel-de-aix-en-provence-le-16-janvier-2026-n22-03388\/"},"wordCount":678,"commentCount":0,"publisher":{"@id":"https:\/\/kohenavocats.com\/zh-hans\/#organization"},"image":{"@id":"https:\/\/kohenavocats.com\/zh-hans\/cour-dappel-de-aix-en-provence-le-16-janvier-2026-n22-03388\/#primaryimage"},"thumbnailUrl":"https:\/\/kohenavocats.com\/wp-content\/uploads\/2024\/11\/mohamed-nohassi-LQw7fIchK-o-unsplash.webp","articleSection":["Cour d'appel","D\u00e9cisions juridiques"],"inLanguage":"zh-Hans","potentialAction":[{"@type":"CommentAction","name":"Comment","target":["https:\/\/kohenavocats.com\/zh-hans\/cour-dappel-de-aix-en-provence-le-16-janvier-2026-n22-03388\/#respond"]}],"citation":"Cour d&#8217;appel de Aix-en-Provence, le 16 janvier 2026, n\u00b022\/03388","about":[{"@type":"Thing","name":"Cour d'appel"},{"@type":"Thing","name":"D\u00e9cisions juridiques"}],"dateModified":"2026-04-27T23:52:54+00:00","speakable":{"@type":"SpeakableSpecification","cssSelector":[".article-content > p:first-of-type"]}},{"@type":"WebPage","@id":"https:\/\/kohenavocats.com\/zh-hans\/cour-dappel-de-aix-en-provence-le-16-janvier-2026-n22-03388\/","url":"https:\/\/kohenavocats.com\/zh-hans\/cour-dappel-de-aix-en-provence-le-16-janvier-2026-n22-03388\/","name":"Cour d'appel de Aix-en-Provence, le 16 janvier 2026, n\u00b022\/03388 - Ma\u00eetre Hassan Kohen, avocat en droit p\u00e9nal \u00e0 Paris","isPartOf":{"@id":"https:\/\/kohenavocats.com\/zh-hans\/#website"},"primaryImageOfPage":{"@id":"https:\/\/kohenavocats.com\/zh-hans\/cour-dappel-de-aix-en-provence-le-16-janvier-2026-n22-03388\/#primaryimage"},"image":{"@id":"https:\/\/kohenavocats.com\/zh-hans\/cour-dappel-de-aix-en-provence-le-16-janvier-2026-n22-03388\/#primaryimage"},"thumbnailUrl":"https:\/\/kohenavocats.com\/wp-content\/uploads\/2024\/11\/mohamed-nohassi-LQw7fIchK-o-unsplash.webp","datePublished":"2026-04-27T23:52:54+00:00","description":"La cour d\u2019appel d\u2019Aix-en-Provence, dans son arr\u00eat du 16 janvier 2026, \u00e9tait saisie d\u2019un litige prud\u2019homal cons\u00e9cutif \u00e0 la rupture d\u2019une relation de...","breadcrumb":{"@id":"https:\/\/kohenavocats.com\/zh-hans\/cour-dappel-de-aix-en-provence-le-16-janvier-2026-n22-03388\/#breadcrumb"},"inLanguage":"zh-Hans","potentialAction":[{"@type":"ReadAction","target":["https:\/\/kohenavocats.com\/zh-hans\/cour-dappel-de-aix-en-provence-le-16-janvier-2026-n22-03388\/"]}]},{"@type":"ImageObject","inLanguage":"zh-Hans","@id":"https:\/\/kohenavocats.com\/zh-hans\/cour-dappel-de-aix-en-provence-le-16-janvier-2026-n22-03388\/#primaryimage","url":"https:\/\/kohenavocats.com\/wp-content\/uploads\/2024\/11\/mohamed-nohassi-LQw7fIchK-o-unsplash.webp","contentUrl":"https:\/\/kohenavocats.com\/wp-content\/uploads\/2024\/11\/mohamed-nohassi-LQw7fIchK-o-unsplash.webp","width":6528,"height":4290},{"@type":"BreadcrumbList","@id":"https:\/\/kohenavocats.com\/zh-hans\/cour-dappel-de-aix-en-provence-le-16-janvier-2026-n22-03388\/#breadcrumb","itemListElement":[{"@type":"ListItem","position":1,"name":"Home","item":"https:\/\/kohenavocats.com\/zh-hans\/"},{"@type":"ListItem","position":2,"name":"Cour d&rsquo;appel de Aix-en-Provence, le 16 janvier 2026, n\u00b022\/03388"}]},{"@type":"WebSite","@id":"https:\/\/kohenavocats.com\/zh-hans\/#website","url":"https:\/\/kohenavocats.com\/zh-hans\/","name":"Kohen Avocats","description":"Ma\u00eetre Hassan Kohen, avocat p\u00e9naliste \u00e0 Paris, intervient exclusivement en droit p\u00e9nal pour la d\u00e9fense des particuliers, notamment en mati\u00e8re d\u2019accusations de viol. Il assure un accompagnement rigoureux d\u00e8s la garde \u00e0 vue jusqu\u2019\u00e0 la Cour d\u2019assises, veillant au strict respect des garanties proc\u00e9durales.","publisher":{"@id":"https:\/\/kohenavocats.com\/zh-hans\/#organization"},"potentialAction":[{"@type":"SearchAction","target":{"@type":"EntryPoint","urlTemplate":"https:\/\/kohenavocats.com\/zh-hans\/?s={search_term_string}"},"query-input":{"@type":"PropertyValueSpecification","valueRequired":true,"valueName":"search_term_string"}}],"inLanguage":"zh-Hans"},{"@type":"Organization","@id":"https:\/\/kohenavocats.com\/zh-hans\/#organization","name":"Kohen Avocats","url":"https:\/\/kohenavocats.com\/zh-hans\/","logo":{"@type":"ImageObject","inLanguage":"zh-Hans","@id":"https:\/\/kohenavocats.com\/zh-hans\/#\/schema\/logo\/image\/","url":"https:\/\/kohenavocats.com\/wp-content\/uploads\/2026\/01\/Logo-2-1.webp","contentUrl":"https:\/\/kohenavocats.com\/wp-content\/uploads\/2026\/01\/Logo-2-1.webp","width":2114,"height":1253,"caption":"Kohen Avocats"},"image":{"@id":"https:\/\/kohenavocats.com\/zh-hans\/#\/schema\/logo\/image\/"}},{"@type":"Person","@id":"https:\/\/kohenavocats.com\/zh-hans\/#\/schema\/person\/761c9ba54fa1ca84d405cef0831ff751","name":"Kohen","image":{"@type":"ImageObject","inLanguage":"zh-Hans","@id":"https:\/\/secure.gravatar.com\/avatar\/1c5e76ef76bbbfdd2b4da984e2bf2fa4056fd51a27d25ce2c332047f1dfd6e00?s=96&d=identicon&r=g","url":"https:\/\/secure.gravatar.com\/avatar\/1c5e76ef76bbbfdd2b4da984e2bf2fa4056fd51a27d25ce2c332047f1dfd6e00?s=96&d=identicon&r=g","contentUrl":"https:\/\/secure.gravatar.com\/avatar\/1c5e76ef76bbbfdd2b4da984e2bf2fa4056fd51a27d25ce2c332047f1dfd6e00?s=96&d=identicon&r=g","caption":"Kohen"},"sameAs":["https:\/\/www.linkedin.com\/in\/hassan-kohen-448548192\/","https:\/\/www.youtube.com\/@Kohen-Avocats"],"url":"https:\/\/kohenavocats.com\/zh-hans\/author\/kohenmlk\/"}]}},"jetpack_featured_media_url":"https:\/\/kohenavocats.com\/wp-content\/uploads\/2024\/11\/mohamed-nohassi-LQw7fIchK-o-unsplash.webp","jetpack_likes_enabled":false,"jetpack_shortlink":"https:\/\/wp.me\/peCrII-30oE","jetpack-related-posts":[{"id":736614,"url":"https:\/\/kohenavocats.com\/zh-hans\/cour-dappel-de-la-reunion-le-29-janvier-2026-n24-01269\/","url_meta":{"origin":716512,"position":0},"title":"Cour d&#8217;appel de la R\u00e9union, le 29 janvier 2026, n\u00b024\/01269","author":"Kohen","date":"2026\u5e744\u670828\u65e5","format":false,"excerpt":"La cour d'appel de Saint-Denis de La R\u00e9union, dans\u2026","rel":"","context":"\u5728\u201cCour d'appel\u201d\u4e2d","block_context":{"text":"Cour d'appel","link":"https:\/\/kohenavocats.com\/category\/cour-dappel\/"},"img":{"alt_text":"","src":"https:\/\/i0.wp.com\/kohenavocats.com\/wp-content\/uploads\/2024\/08\/susan-q-yin-YQhhlCS9Hto-unsplash-1.webp?resize=350%2C200&ssl=1","width":350,"height":200,"srcset":"https:\/\/i0.wp.com\/kohenavocats.com\/wp-content\/uploads\/2024\/08\/susan-q-yin-YQhhlCS9Hto-unsplash-1.webp?resize=350%2C200&ssl=1 1x, https:\/\/i0.wp.com\/kohenavocats.com\/wp-content\/uploads\/2024\/08\/susan-q-yin-YQhhlCS9Hto-unsplash-1.webp?resize=525%2C300&ssl=1 1.5x, https:\/\/i0.wp.com\/kohenavocats.com\/wp-content\/uploads\/2024\/08\/susan-q-yin-YQhhlCS9Hto-unsplash-1.webp?resize=700%2C400&ssl=1 2x, https:\/\/i0.wp.com\/kohenavocats.com\/wp-content\/uploads\/2024\/08\/susan-q-yin-YQhhlCS9Hto-unsplash-1.webp?resize=1050%2C600&ssl=1 3x, https:\/\/i0.wp.com\/kohenavocats.com\/wp-content\/uploads\/2024\/08\/susan-q-yin-YQhhlCS9Hto-unsplash-1.webp?resize=1400%2C800&ssl=1 4x"},"classes":[]},{"id":733915,"url":"https:\/\/kohenavocats.com\/zh-hans\/cour-dappel-de-aix-en-provence-le-30-janvier-2026-n22-06157\/","url_meta":{"origin":716512,"position":1},"title":"Cour d&#8217;appel de Aix-en-Provence, le 30 janvier 2026, n\u00b022\/06157","author":"Kohen","date":"2026\u5e744\u670828\u65e5","format":false,"excerpt":"La cour d\u2019appel d\u2019Aix-en-Provence, dans son arr\u00eat \u2026","rel":"","context":"\u5728\u201cCour d'appel\u201d\u4e2d","block_context":{"text":"Cour d'appel","link":"https:\/\/kohenavocats.com\/category\/cour-dappel\/"},"img":{"alt_text":"","src":"https:\/\/i0.wp.com\/kohenavocats.com\/wp-content\/uploads\/2024\/11\/getty-images-U0gb3evEU8I-unsplash.webp?resize=350%2C200&ssl=1","width":350,"height":200,"srcset":"https:\/\/i0.wp.com\/kohenavocats.com\/wp-content\/uploads\/2024\/11\/getty-images-U0gb3evEU8I-unsplash.webp?resize=350%2C200&ssl=1 1x, https:\/\/i0.wp.com\/kohenavocats.com\/wp-content\/uploads\/2024\/11\/getty-images-U0gb3evEU8I-unsplash.webp?resize=525%2C300&ssl=1 1.5x, https:\/\/i0.wp.com\/kohenavocats.com\/wp-content\/uploads\/2024\/11\/getty-images-U0gb3evEU8I-unsplash.webp?resize=700%2C400&ssl=1 2x, https:\/\/i0.wp.com\/kohenavocats.com\/wp-content\/uploads\/2024\/11\/getty-images-U0gb3evEU8I-unsplash.webp?resize=1050%2C600&ssl=1 3x, https:\/\/i0.wp.com\/kohenavocats.com\/wp-content\/uploads\/2024\/11\/getty-images-U0gb3evEU8I-unsplash.webp?resize=1400%2C800&ssl=1 4x"},"classes":[]},{"id":733914,"url":"https:\/\/kohenavocats.com\/zh-hans\/cour-dappel-de-aix-en-provence-le-30-janvier-2026-n22-06467\/","url_meta":{"origin":716512,"position":2},"title":"Cour d&#8217;appel de Aix-en-Provence, le 30 janvier 2026, n\u00b022\/06467","author":"Kohen","date":"2026\u5e744\u670828\u65e5","format":false,"excerpt":"La cour d\u2019appel d\u2019Aix-en-Provence, dans un arr\u00eat d\u2026","rel":"","context":"\u5728\u201cCour d'appel\u201d\u4e2d","block_context":{"text":"Cour d'appel","link":"https:\/\/kohenavocats.com\/category\/cour-dappel\/"},"img":{"alt_text":"","src":"https:\/\/i0.wp.com\/kohenavocats.com\/wp-content\/uploads\/2024\/08\/judith-ekedi-jangwa-FVA1CH1_LSk-unsplash.webp?resize=350%2C200&ssl=1","width":350,"height":200,"srcset":"https:\/\/i0.wp.com\/kohenavocats.com\/wp-content\/uploads\/2024\/08\/judith-ekedi-jangwa-FVA1CH1_LSk-unsplash.webp?resize=350%2C200&ssl=1 1x, https:\/\/i0.wp.com\/kohenavocats.com\/wp-content\/uploads\/2024\/08\/judith-ekedi-jangwa-FVA1CH1_LSk-unsplash.webp?resize=525%2C300&ssl=1 1.5x, https:\/\/i0.wp.com\/kohenavocats.com\/wp-content\/uploads\/2024\/08\/judith-ekedi-jangwa-FVA1CH1_LSk-unsplash.webp?resize=700%2C400&ssl=1 2x, https:\/\/i0.wp.com\/kohenavocats.com\/wp-content\/uploads\/2024\/08\/judith-ekedi-jangwa-FVA1CH1_LSk-unsplash.webp?resize=1050%2C600&ssl=1 3x, https:\/\/i0.wp.com\/kohenavocats.com\/wp-content\/uploads\/2024\/08\/judith-ekedi-jangwa-FVA1CH1_LSk-unsplash.webp?resize=1400%2C800&ssl=1 4x"},"classes":[]},{"id":736611,"url":"https:\/\/kohenavocats.com\/zh-hans\/cour-dappel-de-rouen-le-29-janvier-2026-n25-00178\/","url_meta":{"origin":716512,"position":3},"title":"Cour d&#8217;appel de Rouen, le 29 janvier 2026, n\u00b025\/00178","author":"Kohen","date":"2026\u5e744\u670828\u65e5","format":false,"excerpt":"La cour d\u2019appel de Rouen, dans son arr\u00eat du 29 jan\u2026","rel":"","context":"\u5728\u201cCour d'appel\u201d\u4e2d","block_context":{"text":"Cour d'appel","link":"https:\/\/kohenavocats.com\/category\/cour-dappel\/"},"img":{"alt_text":"","src":"https:\/\/i0.wp.com\/kohenavocats.com\/wp-content\/uploads\/2024\/08\/amy-gatenby-jwNtJHycBnw-unsplash.webp?resize=350%2C200&ssl=1","width":350,"height":200,"srcset":"https:\/\/i0.wp.com\/kohenavocats.com\/wp-content\/uploads\/2024\/08\/amy-gatenby-jwNtJHycBnw-unsplash.webp?resize=350%2C200&ssl=1 1x, https:\/\/i0.wp.com\/kohenavocats.com\/wp-content\/uploads\/2024\/08\/amy-gatenby-jwNtJHycBnw-unsplash.webp?resize=525%2C300&ssl=1 1.5x, https:\/\/i0.wp.com\/kohenavocats.com\/wp-content\/uploads\/2024\/08\/amy-gatenby-jwNtJHycBnw-unsplash.webp?resize=700%2C400&ssl=1 2x, https:\/\/i0.wp.com\/kohenavocats.com\/wp-content\/uploads\/2024\/08\/amy-gatenby-jwNtJHycBnw-unsplash.webp?resize=1050%2C600&ssl=1 3x, https:\/\/i0.wp.com\/kohenavocats.com\/wp-content\/uploads\/2024\/08\/amy-gatenby-jwNtJHycBnw-unsplash.webp?resize=1400%2C800&ssl=1 4x"},"classes":[]},{"id":733922,"url":"https:\/\/kohenavocats.com\/zh-hans\/cour-dappel-de-douai-le-30-janvier-2026-n24-01998\/","url_meta":{"origin":716512,"position":4},"title":"Cour d&#8217;appel de Douai, le 30 janvier 2026, n\u00b024\/01998","author":"Kohen","date":"2026\u5e744\u670828\u65e5","format":false,"excerpt":"La cour d\u2019appel de Douai, dans un arr\u00eat du 30 janv\u2026","rel":"","context":"\u5728\u201cCour d'appel\u201d\u4e2d","block_context":{"text":"Cour d'appel","link":"https:\/\/kohenavocats.com\/category\/cour-dappel\/"},"img":{"alt_text":"","src":"https:\/\/i0.wp.com\/kohenavocats.com\/wp-content\/uploads\/2024\/11\/getty-images-tv21aoxFzwY-unsplash.webp?resize=350%2C200&ssl=1","width":350,"height":200,"srcset":"https:\/\/i0.wp.com\/kohenavocats.com\/wp-content\/uploads\/2024\/11\/getty-images-tv21aoxFzwY-unsplash.webp?resize=350%2C200&ssl=1 1x, https:\/\/i0.wp.com\/kohenavocats.com\/wp-content\/uploads\/2024\/11\/getty-images-tv21aoxFzwY-unsplash.webp?resize=525%2C300&ssl=1 1.5x, https:\/\/i0.wp.com\/kohenavocats.com\/wp-content\/uploads\/2024\/11\/getty-images-tv21aoxFzwY-unsplash.webp?resize=700%2C400&ssl=1 2x, https:\/\/i0.wp.com\/kohenavocats.com\/wp-content\/uploads\/2024\/11\/getty-images-tv21aoxFzwY-unsplash.webp?resize=1050%2C600&ssl=1 3x, https:\/\/i0.wp.com\/kohenavocats.com\/wp-content\/uploads\/2024\/11\/getty-images-tv21aoxFzwY-unsplash.webp?resize=1400%2C800&ssl=1 4x"},"classes":[]},{"id":720411,"url":"https:\/\/kohenavocats.com\/zh-hans\/tribunal-de-commerce-de-commerce-daix-en-provence-le-3-fevrier-2026-n2021008467\/","url_meta":{"origin":716512,"position":5},"title":"Tribunal de commerce de commerce d&#8217;Aix-en-Provence, le 3 f\u00e9vrier 2026, n\u00b02021008467","author":"Kohen","date":"2026\u5e744\u670828\u65e5","format":false,"excerpt":"Le tribunal de commerce d\u2019Aix-en-Provence, par un \u2026","rel":"","context":"\u5728\u201cD\u00e9cisions juridiques\u201d\u4e2d","block_context":{"text":"D\u00e9cisions juridiques","link":"https:\/\/kohenavocats.com\/category\/decisions-juridiques\/"},"img":{"alt_text":"","src":"https:\/\/i0.wp.com\/kohenavocats.com\/wp-content\/uploads\/2024\/08\/amir-mortezaie-bKLKnHSwk4A-unsplash.webp?resize=350%2C200&ssl=1","width":350,"height":200,"srcset":"https:\/\/i0.wp.com\/kohenavocats.com\/wp-content\/uploads\/2024\/08\/amir-mortezaie-bKLKnHSwk4A-unsplash.webp?resize=350%2C200&ssl=1 1x, https:\/\/i0.wp.com\/kohenavocats.com\/wp-content\/uploads\/2024\/08\/amir-mortezaie-bKLKnHSwk4A-unsplash.webp?resize=525%2C300&ssl=1 1.5x, https:\/\/i0.wp.com\/kohenavocats.com\/wp-content\/uploads\/2024\/08\/amir-mortezaie-bKLKnHSwk4A-unsplash.webp?resize=700%2C400&ssl=1 2x, https:\/\/i0.wp.com\/kohenavocats.com\/wp-content\/uploads\/2024\/08\/amir-mortezaie-bKLKnHSwk4A-unsplash.webp?resize=1050%2C600&ssl=1 3x, https:\/\/i0.wp.com\/kohenavocats.com\/wp-content\/uploads\/2024\/08\/amir-mortezaie-bKLKnHSwk4A-unsplash.webp?resize=1400%2C800&ssl=1 4x"},"classes":[]}],"jetpack_sharing_enabled":true,"_links":{"self":[{"href":"https:\/\/kohenavocats.com\/zh-hans\/wp-json\/wp\/v2\/posts\/716512","targetHints":{"allow":["GET"]}}],"collection":[{"href":"https:\/\/kohenavocats.com\/zh-hans\/wp-json\/wp\/v2\/posts"}],"about":[{"href":"https:\/\/kohenavocats.com\/zh-hans\/wp-json\/wp\/v2\/types\/post"}],"author":[{"embeddable":true,"href":"https:\/\/kohenavocats.com\/zh-hans\/wp-json\/wp\/v2\/users\/232070755"}],"replies":[{"embeddable":true,"href":"https:\/\/kohenavocats.com\/zh-hans\/wp-json\/wp\/v2\/comments?post=716512"}],"version-history":[{"count":0,"href":"https:\/\/kohenavocats.com\/zh-hans\/wp-json\/wp\/v2\/posts\/716512\/revisions"}],"wp:featuredmedia":[{"embeddable":true,"href":"https:\/\/kohenavocats.com\/zh-hans\/wp-json\/wp\/v2\/media\/9538"}],"wp:attachment":[{"href":"https:\/\/kohenavocats.com\/zh-hans\/wp-json\/wp\/v2\/media?parent=716512"}],"wp:term":[{"taxonomy":"category","embeddable":true,"href":"https:\/\/kohenavocats.com\/zh-hans\/wp-json\/wp\/v2\/categories?post=716512"},{"taxonomy":"post_tag","embeddable":true,"href":"https:\/\/kohenavocats.com\/zh-hans\/wp-json\/wp\/v2\/tags?post=716512"}],"curies":[{"name":"wp","href":"https:\/\/api.w.org\/{rel}","templated":true}]}}