{"id":716514,"date":"2026-04-28T01:53:02","date_gmt":"2026-04-27T23:53:02","guid":{"rendered":"https:\/\/kohenavocats.com\/tribunal-de-commerce-de-chalon-sur-saone-le-15-janvier-2026-n2025007173\/"},"modified":"2026-04-28T01:53:02","modified_gmt":"2026-04-27T23:53:02","slug":"tribunal-de-commerce-de-chalon-sur-saone-le-15-janvier-2026-n2025007173","status":"publish","type":"post","link":"https:\/\/kohenavocats.com\/zh-hans\/tribunal-de-commerce-de-chalon-sur-saone-le-15-janvier-2026-n2025007173\/","title":{"rendered":"Tribunal de commerce de Chalon-sur-Sa\u00f4ne, le 15 janvier 2026, n\u00b02025007173"},"content":{"rendered":"<div class='article-content'>\n<style scoped>.toc-article{background:#f8f9fa;border:1px solid #e2e6ea;border-left:4px solid #2c5f8a;border-radius:6px;padding:20px 24px;margin:0 0 32px;font-size:15px;line-height:1.6}.toc-article p{margin:0 0 10px;font-size:16px;font-weight:600;color:#1a1a1a}.toc-article ul{list-style:none;margin:0;padding:0}.toc-article li.toc-h2{padding:4px 0}.toc-article li.toc-h3{padding:2px 0 2px 20px;font-size:14px}.toc-article a{color:#2c5f8a;text-decoration:none;border-bottom:1px dotted #a0b4c8}.toc-article a:hover{color:#1a3d5c;border-bottom-color:#1a3d5c}<\/style>\n<nav class=\"toc-article\" role=\"navigation\" aria-label=\"Sommaire\">\n<p>Sommaire<\/p>\n<ul>\n<li class=\"toc-h2\"><a href=\"#fondements-juridiques\">Fondements juridiques<\/a><\/li>\n<\/ul>\n<\/nav>\n<p>Par un jugement du 15 janvier 2026, le tribunal de commerce de Chalon-sur-Sa\u00f4ne s&#8217;est prononc\u00e9 sur la poursuite de la p\u00e9riode d&#8217;observation dans le cadre d&#8217;un redressement judiciaire. Une proc\u00e9dure collective avait \u00e9t\u00e9 ouverte le 22 mai 2025, avec une p\u00e9riode d&#8217;observation initiale renouvel\u00e9e jusqu&#8217;au 22 mai 2026. Le dirigeant sollicitait la poursuite de cette p\u00e9riode, tandis que le mandataire judiciaire ne s&#8217;y opposait pas. La question de droit portait sur les conditions permettant de prolonger la p\u00e9riode d&#8217;observation au regard de l&#8217;article L. 622-9 du code de commerce. Le tribunal a fait droit \u00e0 la demande et autoris\u00e9 la poursuite de la p\u00e9riode d&#8217;observation.<\/p>\n<p>I. Le contr\u00f4le du tribunal sur les perspectives de redressement<\/p>\n<p>Le tribunal exerce un pouvoir de v\u00e9rification de la viabilit\u00e9 \u00e9conomique du d\u00e9biteur durant la phase d&#8217;observation. Il s&#8217;assure que l&#8217;activit\u00e9 se poursuit dans des conditions satisfaisantes pour envisager un plan de redressement. En l&#8217;esp\u00e8ce, le juge constate que le d\u00e9biteur a communiqu\u00e9 ses r\u00e9sultats d&#8217;exploitation et sa situation de tr\u00e9sorerie. Il rel\u00e8ve que <em>&#8220;l&#8217;activit\u00e9 se poursuit dans des conditions satisfaisantes, permettant ainsi la mise en \u0153uvre d&#8217;une solution \u00e0 la proc\u00e9dure&#8221;<\/em> (Motifs de la d\u00e9cision). Cette appr\u00e9ciation concr\u00e8te des \u00e9l\u00e9ments comptables fonde la d\u00e9cision de prolongation.<\/p>\n<p>La valeur de cette solution r\u00e9side dans la souplesse laiss\u00e9e au juge pour \u00e9valuer la capacit\u00e9 du d\u00e9biteur \u00e0 surmonter ses difficult\u00e9s. Le tribunal ne se contente pas d&#8217;un simple constat d&#8217;absence d&#8217;opposition du mandataire judiciaire. Il exige la production de documents financiers pr\u00e9cis, ce qui garantit un contr\u00f4le effectif sur la viabilit\u00e9 de l&#8217;entreprise. Cette approche pragmatique \u00e9vite une rupture brutale de la proc\u00e9dure tout en prot\u00e9geant les int\u00e9r\u00eats des cr\u00e9anciers.<\/p>\n<p>II. Les effets de la d\u00e9cision sur le d\u00e9roulement de la proc\u00e9dure collective<\/p>\n<p>La prolongation de la p\u00e9riode d&#8217;observation permet au d\u00e9biteur de poursuivre son activit\u00e9 sous la protection du tribunal. Le jugement fixe une nouvelle audience au 5 mars 2026 pour un nouvel examen de la situation. Il impose \u00e9galement au dirigeant de produire un compte de r\u00e9sultats, un pr\u00e9visionnel d&#8217;exploitation et une situation de tr\u00e9sorerie actualis\u00e9e. Ces obligations visent \u00e0 maintenir un suivi rigoureux de l&#8217;\u00e9volution financi\u00e8re de l&#8217;entreprise.<\/p>\n<p>La port\u00e9e de cette d\u00e9cision est double pour le d\u00e9roulement de la proc\u00e9dure collective. D&#8217;une part, elle offre au d\u00e9biteur un d\u00e9lai suppl\u00e9mentaire pour \u00e9laborer un plan de redressement viable et convaincre ses cr\u00e9anciers. D&#8217;autre part, elle impose un contr\u00f4le renforc\u00e9 du tribunal, qui conditionne la poursuite de la p\u00e9riode d&#8217;observation \u00e0 la d\u00e9monstration d&#8217;une am\u00e9lioration tangible. Ce m\u00e9canisme assure un \u00e9quilibre entre la sauvegarde de l&#8217;entreprise et la protection des int\u00e9r\u00eats \u00e9conomiques en pr\u00e9sence.<\/p>\n<\/div>\n<style scoped>.fondements-juridiques{margin:40px 0 0;padding:0}.fondements-juridiques>h2{font-size:22px;color:#1a1a1a;border-bottom:2px solid #2c5f8a;padding-bottom:10px;margin-bottom:20px}.fj-article{background:#fdfdfd;border:1px solid #e8e8e8;border-radius:6px;padding:20px;margin-bottom:16px}.fj-article h3{font-size:17px;color:#2c5f8a;margin:0 0 12px;font-weight:600}.fj-texte{font-size:15px;line-height:1.7;color:#333}.fj-texte p{margin:8px 0}.fj-badge{font-size:11px;padding:2px 8px;border-radius:3px;margin-left:8px;font-weight:500;vertical-align:middle}.fj-en-vigueur{background:#e8f5e9;color:#2e7d32}.fj-abroge{background:#ffebee;color:#c62828}.fj-modifie{background:#fff3e0;color:#e65100}<\/style>\n<section class=\"fondements-juridiques\">\n<h2 id=\"fondements-juridiques\">Fondements juridiques<\/h2>\n<div class=\"fj-article\">\n<h3><a href=\"https:\/\/www.legifrance.gouv.fr\/codes\/article_lc\/LEGIARTI000006236633\" rel=\"nofollow\" target=\"_blank\">Article L. 622-9 du Code de commerce<\/a> <span class=\"fj-badge fj-en-vigueur\">En vigueur<\/span><\/h3>\n<div class=\"fj-texte\">\n<p>   L&#8217;activit\u00e9 de l&#8217;entreprise est poursuivie pendant la p\u00e9riode d&#8217;observation, sous r\u00e9serve des dispositions des articles L. 622-10 \u00e0 L. 622-16.<\/p>\n<\/p>\n<\/div>\n<\/div>\n<\/section>\n","protected":false},"excerpt":{"rendered":"<p>Par un jugement du 15 janvier 2026, le tribunal de commerce de Chalon-sur-Sa\u00f4ne s&#8217;est prononc\u00e9 sur la poursuite de la p\u00e9riode d&#8217;observation dans le cadre&#8230;<\/p>\n","protected":false},"author":232070755,"featured_media":4755,"comment_status":"open","ping_status":"open","sticky":false,"template":"","format":"standard","meta":{"_crdt_document":"","_jetpack_newsletter_access":"","_jetpack_dont_email_post_to_subs":false,"_jetpack_newsletter_tier_id":0,"_jetpack_memberships_contains_paywalled_content":false,"_kj_source_type":"judilibre","_kj_official_id":"69bb3b08cdc6046d47258545","_kj_official_url":"https:\/\/www.courdecassation.fr\/decision\/69bb3b08cdc6046d47258545","_kj_judilibre_id":"69bb3b08cdc6046d47258545","_kj_jur":"Tribunal de commerce","_kj_lieu":"Chalon-sur-Sa\u00f4ne","_kj_chambre":"PROCEDURE COLLECTIVE","_kj_rg":"2025007173","_kj_date":"2026-01-15","_jetpack_memberships_contains_paid_content":false,"footnotes":"","jetpack_post_was_ever_published":false},"categories":[6454,7207],"tags":[],"class_list":["post-716514","post","type-post","status-publish","format-standard","has-post-thumbnail","hentry","category-decisions-juridiques","category-tribunal-de-commerce"],"yoast_head":"<!-- This site is optimized with the Yoast SEO Premium plugin v27.5 (Yoast SEO v27.5) - https:\/\/yoast.com\/product\/yoast-seo-premium-wordpress\/ -->\n<title>Tribunal de commerce de Chalon-sur-Sa\u00f4ne, le 15 janvier 2026, n\u00b02025007173 - Ma\u00eetre Hassan Kohen, avocat en droit p\u00e9nal \u00e0 Paris<\/title>\n<meta name=\"description\" content=\"Par un jugement du 15 janvier 2026, le tribunal de commerce de Chalon-sur-Sa\u00f4ne s&#039;est prononc\u00e9 sur la poursuite de la p\u00e9riode d&#039;observation dans le cadre...\" \/>\n<meta name=\"robots\" content=\"index, follow, max-snippet:-1, max-image-preview:large, max-video-preview:-1\" \/>\n<link rel=\"canonical\" href=\"https:\/\/kohenavocats.com\/zh-hans\/tribunal-de-commerce-de-chalon-sur-saone-le-15-janvier-2026-n2025007173\/\" \/>\n<meta property=\"og:locale\" content=\"zh_CN\" \/>\n<meta property=\"og:type\" content=\"article\" \/>\n<meta property=\"og:title\" content=\"Tribunal de commerce de Chalon-sur-Sa\u00f4ne, le 15 janvier 2026, n\u00b02025007173\" \/>\n<meta property=\"og:description\" content=\"Par un jugement du 15 janvier 2026, le tribunal de commerce de Chalon-sur-Sa\u00f4ne s&#039;est prononc\u00e9 sur la poursuite de la p\u00e9riode d&#039;observation dans le cadre...\" \/>\n<meta property=\"og:url\" content=\"https:\/\/kohenavocats.com\/zh-hans\/tribunal-de-commerce-de-chalon-sur-saone-le-15-janvier-2026-n2025007173\/\" \/>\n<meta property=\"og:site_name\" content=\"Ma\u00eetre Hassan Kohen, avocat en droit p\u00e9nal \u00e0 Paris\" \/>\n<meta property=\"article:published_time\" content=\"2026-04-27T23:53:02+00:00\" \/>\n<meta property=\"og:image\" content=\"https:\/\/kohenavocats.com\/wp-content\/uploads\/2024\/08\/camille-brodard-tJSToBa5cwc-unsplash.webp\" \/>\n\t<meta property=\"og:image:width\" content=\"3000\" \/>\n\t<meta property=\"og:image:height\" content=\"2000\" \/>\n\t<meta property=\"og:image:type\" content=\"image\/webp\" \/>\n<meta name=\"author\" content=\"Kohen\" \/>\n<meta name=\"twitter:card\" content=\"summary_large_image\" \/>\n<meta name=\"twitter:label1\" content=\"\u4f5c\u8005\" \/>\n\t<meta name=\"twitter:data1\" content=\"Kohen\" \/>\n\t<meta name=\"twitter:label2\" content=\"\u9884\u8ba1\u9605\u8bfb\u65f6\u95f4\" \/>\n\t<meta name=\"twitter:data2\" content=\"3 \u5206\" \/>\n<script type=\"application\/ld+json\" class=\"yoast-schema-graph\">{\"@context\":\"https:\\\/\\\/schema.org\",\"@graph\":[{\"@type\":\"Article\",\"@id\":\"https:\\\/\\\/kohenavocats.com\\\/zh-hans\\\/tribunal-de-commerce-de-chalon-sur-saone-le-15-janvier-2026-n2025007173\\\/#article\",\"isPartOf\":{\"@id\":\"https:\\\/\\\/kohenavocats.com\\\/zh-hans\\\/tribunal-de-commerce-de-chalon-sur-saone-le-15-janvier-2026-n2025007173\\\/\"},\"author\":{\"name\":\"Kohen\",\"@id\":\"https:\\\/\\\/kohenavocats.com\\\/zh-hans\\\/#\\\/schema\\\/person\\\/761c9ba54fa1ca84d405cef0831ff751\"},\"headline\":\"Tribunal de commerce de Chalon-sur-Sa\u00f4ne, le 15 janvier 2026, n\u00b02025007173\",\"datePublished\":\"2026-04-27T23:53:02+00:00\",\"mainEntityOfPage\":{\"@id\":\"https:\\\/\\\/kohenavocats.com\\\/zh-hans\\\/tribunal-de-commerce-de-chalon-sur-saone-le-15-janvier-2026-n2025007173\\\/\"},\"wordCount\":552,\"commentCount\":0,\"publisher\":{\"@id\":\"https:\\\/\\\/kohenavocats.com\\\/zh-hans\\\/#organization\"},\"image\":{\"@id\":\"https:\\\/\\\/kohenavocats.com\\\/zh-hans\\\/tribunal-de-commerce-de-chalon-sur-saone-le-15-janvier-2026-n2025007173\\\/#primaryimage\"},\"thumbnailUrl\":\"https:\\\/\\\/kohenavocats.com\\\/wp-content\\\/uploads\\\/2024\\\/08\\\/camille-brodard-tJSToBa5cwc-unsplash.webp\",\"articleSection\":[\"D\u00e9cisions juridiques\",\"Tribunal de commerce\"],\"inLanguage\":\"zh-Hans\",\"potentialAction\":[{\"@type\":\"CommentAction\",\"name\":\"Comment\",\"target\":[\"https:\\\/\\\/kohenavocats.com\\\/zh-hans\\\/tribunal-de-commerce-de-chalon-sur-saone-le-15-janvier-2026-n2025007173\\\/#respond\"]}],\"citation\":\"Tribunal de commerce de Chalon-sur-Sa\u00f4ne, le 15 janvier 2026, n\u00b02025007173\",\"about\":[{\"@type\":\"Thing\",\"name\":\"D\u00e9cisions juridiques\"},{\"@type\":\"Thing\",\"name\":\"Tribunal de commerce\"}],\"dateModified\":\"2026-04-27T23:53:02+00:00\",\"speakable\":{\"@type\":\"SpeakableSpecification\",\"cssSelector\":[\".article-content > p:first-of-type\"]}},{\"@type\":\"WebPage\",\"@id\":\"https:\\\/\\\/kohenavocats.com\\\/zh-hans\\\/tribunal-de-commerce-de-chalon-sur-saone-le-15-janvier-2026-n2025007173\\\/\",\"url\":\"https:\\\/\\\/kohenavocats.com\\\/zh-hans\\\/tribunal-de-commerce-de-chalon-sur-saone-le-15-janvier-2026-n2025007173\\\/\",\"name\":\"Tribunal de commerce de Chalon-sur-Sa\u00f4ne, le 15 janvier 2026, n\u00b02025007173 - Ma\u00eetre Hassan Kohen, avocat en droit p\u00e9nal \u00e0 Paris\",\"isPartOf\":{\"@id\":\"https:\\\/\\\/kohenavocats.com\\\/zh-hans\\\/#website\"},\"primaryImageOfPage\":{\"@id\":\"https:\\\/\\\/kohenavocats.com\\\/zh-hans\\\/tribunal-de-commerce-de-chalon-sur-saone-le-15-janvier-2026-n2025007173\\\/#primaryimage\"},\"image\":{\"@id\":\"https:\\\/\\\/kohenavocats.com\\\/zh-hans\\\/tribunal-de-commerce-de-chalon-sur-saone-le-15-janvier-2026-n2025007173\\\/#primaryimage\"},\"thumbnailUrl\":\"https:\\\/\\\/kohenavocats.com\\\/wp-content\\\/uploads\\\/2024\\\/08\\\/camille-brodard-tJSToBa5cwc-unsplash.webp\",\"datePublished\":\"2026-04-27T23:53:02+00:00\",\"description\":\"Par un jugement du 15 janvier 2026, le tribunal de commerce de Chalon-sur-Sa\u00f4ne s'est prononc\u00e9 sur la poursuite de la p\u00e9riode d'observation dans le cadre...\",\"breadcrumb\":{\"@id\":\"https:\\\/\\\/kohenavocats.com\\\/zh-hans\\\/tribunal-de-commerce-de-chalon-sur-saone-le-15-janvier-2026-n2025007173\\\/#breadcrumb\"},\"inLanguage\":\"zh-Hans\",\"potentialAction\":[{\"@type\":\"ReadAction\",\"target\":[\"https:\\\/\\\/kohenavocats.com\\\/zh-hans\\\/tribunal-de-commerce-de-chalon-sur-saone-le-15-janvier-2026-n2025007173\\\/\"]}]},{\"@type\":\"ImageObject\",\"inLanguage\":\"zh-Hans\",\"@id\":\"https:\\\/\\\/kohenavocats.com\\\/zh-hans\\\/tribunal-de-commerce-de-chalon-sur-saone-le-15-janvier-2026-n2025007173\\\/#primaryimage\",\"url\":\"https:\\\/\\\/kohenavocats.com\\\/wp-content\\\/uploads\\\/2024\\\/08\\\/camille-brodard-tJSToBa5cwc-unsplash.webp\",\"contentUrl\":\"https:\\\/\\\/kohenavocats.com\\\/wp-content\\\/uploads\\\/2024\\\/08\\\/camille-brodard-tJSToBa5cwc-unsplash.webp\",\"width\":3000,\"height\":2000},{\"@type\":\"BreadcrumbList\",\"@id\":\"https:\\\/\\\/kohenavocats.com\\\/zh-hans\\\/tribunal-de-commerce-de-chalon-sur-saone-le-15-janvier-2026-n2025007173\\\/#breadcrumb\",\"itemListElement\":[{\"@type\":\"ListItem\",\"position\":1,\"name\":\"Home\",\"item\":\"https:\\\/\\\/kohenavocats.com\\\/zh-hans\\\/\"},{\"@type\":\"ListItem\",\"position\":2,\"name\":\"Tribunal de commerce de Chalon-sur-Sa\u00f4ne, le 15 janvier 2026, n\u00b02025007173\"}]},{\"@type\":\"WebSite\",\"@id\":\"https:\\\/\\\/kohenavocats.com\\\/zh-hans\\\/#website\",\"url\":\"https:\\\/\\\/kohenavocats.com\\\/zh-hans\\\/\",\"name\":\"Kohen Avocats\",\"description\":\"Ma\u00eetre Hassan Kohen, avocat p\u00e9naliste \u00e0 Paris, intervient exclusivement en droit p\u00e9nal pour la d\u00e9fense des particuliers, notamment en mati\u00e8re d\u2019accusations de viol. Il assure un accompagnement rigoureux d\u00e8s la garde \u00e0 vue jusqu\u2019\u00e0 la Cour d\u2019assises, veillant au strict respect des garanties proc\u00e9durales.\",\"publisher\":{\"@id\":\"https:\\\/\\\/kohenavocats.com\\\/zh-hans\\\/#organization\"},\"potentialAction\":[{\"@type\":\"SearchAction\",\"target\":{\"@type\":\"EntryPoint\",\"urlTemplate\":\"https:\\\/\\\/kohenavocats.com\\\/zh-hans\\\/?s={search_term_string}\"},\"query-input\":{\"@type\":\"PropertyValueSpecification\",\"valueRequired\":true,\"valueName\":\"search_term_string\"}}],\"inLanguage\":\"zh-Hans\"},{\"@type\":\"Organization\",\"@id\":\"https:\\\/\\\/kohenavocats.com\\\/zh-hans\\\/#organization\",\"name\":\"Kohen Avocats\",\"url\":\"https:\\\/\\\/kohenavocats.com\\\/zh-hans\\\/\",\"logo\":{\"@type\":\"ImageObject\",\"inLanguage\":\"zh-Hans\",\"@id\":\"https:\\\/\\\/kohenavocats.com\\\/zh-hans\\\/#\\\/schema\\\/logo\\\/image\\\/\",\"url\":\"https:\\\/\\\/kohenavocats.com\\\/wp-content\\\/uploads\\\/2026\\\/01\\\/Logo-2-1.webp\",\"contentUrl\":\"https:\\\/\\\/kohenavocats.com\\\/wp-content\\\/uploads\\\/2026\\\/01\\\/Logo-2-1.webp\",\"width\":2114,\"height\":1253,\"caption\":\"Kohen Avocats\"},\"image\":{\"@id\":\"https:\\\/\\\/kohenavocats.com\\\/zh-hans\\\/#\\\/schema\\\/logo\\\/image\\\/\"}},{\"@type\":\"Person\",\"@id\":\"https:\\\/\\\/kohenavocats.com\\\/zh-hans\\\/#\\\/schema\\\/person\\\/761c9ba54fa1ca84d405cef0831ff751\",\"name\":\"Kohen\",\"image\":{\"@type\":\"ImageObject\",\"inLanguage\":\"zh-Hans\",\"@id\":\"https:\\\/\\\/secure.gravatar.com\\\/avatar\\\/1c5e76ef76bbbfdd2b4da984e2bf2fa4056fd51a27d25ce2c332047f1dfd6e00?s=96&d=identicon&r=g\",\"url\":\"https:\\\/\\\/secure.gravatar.com\\\/avatar\\\/1c5e76ef76bbbfdd2b4da984e2bf2fa4056fd51a27d25ce2c332047f1dfd6e00?s=96&d=identicon&r=g\",\"contentUrl\":\"https:\\\/\\\/secure.gravatar.com\\\/avatar\\\/1c5e76ef76bbbfdd2b4da984e2bf2fa4056fd51a27d25ce2c332047f1dfd6e00?s=96&d=identicon&r=g\",\"caption\":\"Kohen\"},\"sameAs\":[\"https:\\\/\\\/www.linkedin.com\\\/in\\\/hassan-kohen-448548192\\\/\",\"https:\\\/\\\/www.youtube.com\\\/@Kohen-Avocats\"],\"url\":\"https:\\\/\\\/kohenavocats.com\\\/zh-hans\\\/author\\\/kohenmlk\\\/\"}]}<\/script>\n<!-- \/ Yoast SEO Premium plugin. -->","yoast_head_json":{"title":"Tribunal de commerce de Chalon-sur-Sa\u00f4ne, le 15 janvier 2026, n\u00b02025007173 - Ma\u00eetre Hassan Kohen, avocat en droit p\u00e9nal \u00e0 Paris","description":"Par un jugement du 15 janvier 2026, le tribunal de commerce de Chalon-sur-Sa\u00f4ne s'est prononc\u00e9 sur la poursuite de la p\u00e9riode d'observation dans le cadre...","robots":{"index":"index","follow":"follow","max-snippet":"max-snippet:-1","max-image-preview":"max-image-preview:large","max-video-preview":"max-video-preview:-1"},"canonical":"https:\/\/kohenavocats.com\/zh-hans\/tribunal-de-commerce-de-chalon-sur-saone-le-15-janvier-2026-n2025007173\/","og_locale":"zh_CN","og_type":"article","og_title":"Tribunal de commerce de Chalon-sur-Sa\u00f4ne, le 15 janvier 2026, n\u00b02025007173","og_description":"Par un jugement du 15 janvier 2026, le tribunal de commerce de Chalon-sur-Sa\u00f4ne s'est prononc\u00e9 sur la poursuite de la p\u00e9riode d'observation dans le cadre...","og_url":"https:\/\/kohenavocats.com\/zh-hans\/tribunal-de-commerce-de-chalon-sur-saone-le-15-janvier-2026-n2025007173\/","og_site_name":"Ma\u00eetre Hassan Kohen, avocat en droit p\u00e9nal \u00e0 Paris","article_published_time":"2026-04-27T23:53:02+00:00","og_image":[{"width":3000,"height":2000,"url":"https:\/\/kohenavocats.com\/wp-content\/uploads\/2024\/08\/camille-brodard-tJSToBa5cwc-unsplash.webp","type":"image\/webp"}],"author":"Kohen","twitter_card":"summary_large_image","twitter_misc":{"\u4f5c\u8005":"Kohen","\u9884\u8ba1\u9605\u8bfb\u65f6\u95f4":"3 \u5206"},"schema":{"@context":"https:\/\/schema.org","@graph":[{"@type":"Article","@id":"https:\/\/kohenavocats.com\/zh-hans\/tribunal-de-commerce-de-chalon-sur-saone-le-15-janvier-2026-n2025007173\/#article","isPartOf":{"@id":"https:\/\/kohenavocats.com\/zh-hans\/tribunal-de-commerce-de-chalon-sur-saone-le-15-janvier-2026-n2025007173\/"},"author":{"name":"Kohen","@id":"https:\/\/kohenavocats.com\/zh-hans\/#\/schema\/person\/761c9ba54fa1ca84d405cef0831ff751"},"headline":"Tribunal de commerce de Chalon-sur-Sa\u00f4ne, le 15 janvier 2026, n\u00b02025007173","datePublished":"2026-04-27T23:53:02+00:00","mainEntityOfPage":{"@id":"https:\/\/kohenavocats.com\/zh-hans\/tribunal-de-commerce-de-chalon-sur-saone-le-15-janvier-2026-n2025007173\/"},"wordCount":552,"commentCount":0,"publisher":{"@id":"https:\/\/kohenavocats.com\/zh-hans\/#organization"},"image":{"@id":"https:\/\/kohenavocats.com\/zh-hans\/tribunal-de-commerce-de-chalon-sur-saone-le-15-janvier-2026-n2025007173\/#primaryimage"},"thumbnailUrl":"https:\/\/kohenavocats.com\/wp-content\/uploads\/2024\/08\/camille-brodard-tJSToBa5cwc-unsplash.webp","articleSection":["D\u00e9cisions juridiques","Tribunal de commerce"],"inLanguage":"zh-Hans","potentialAction":[{"@type":"CommentAction","name":"Comment","target":["https:\/\/kohenavocats.com\/zh-hans\/tribunal-de-commerce-de-chalon-sur-saone-le-15-janvier-2026-n2025007173\/#respond"]}],"citation":"Tribunal de commerce de Chalon-sur-Sa\u00f4ne, le 15 janvier 2026, n\u00b02025007173","about":[{"@type":"Thing","name":"D\u00e9cisions juridiques"},{"@type":"Thing","name":"Tribunal de commerce"}],"dateModified":"2026-04-27T23:53:02+00:00","speakable":{"@type":"SpeakableSpecification","cssSelector":[".article-content > p:first-of-type"]}},{"@type":"WebPage","@id":"https:\/\/kohenavocats.com\/zh-hans\/tribunal-de-commerce-de-chalon-sur-saone-le-15-janvier-2026-n2025007173\/","url":"https:\/\/kohenavocats.com\/zh-hans\/tribunal-de-commerce-de-chalon-sur-saone-le-15-janvier-2026-n2025007173\/","name":"Tribunal de commerce de Chalon-sur-Sa\u00f4ne, le 15 janvier 2026, n\u00b02025007173 - Ma\u00eetre Hassan Kohen, avocat en droit p\u00e9nal \u00e0 Paris","isPartOf":{"@id":"https:\/\/kohenavocats.com\/zh-hans\/#website"},"primaryImageOfPage":{"@id":"https:\/\/kohenavocats.com\/zh-hans\/tribunal-de-commerce-de-chalon-sur-saone-le-15-janvier-2026-n2025007173\/#primaryimage"},"image":{"@id":"https:\/\/kohenavocats.com\/zh-hans\/tribunal-de-commerce-de-chalon-sur-saone-le-15-janvier-2026-n2025007173\/#primaryimage"},"thumbnailUrl":"https:\/\/kohenavocats.com\/wp-content\/uploads\/2024\/08\/camille-brodard-tJSToBa5cwc-unsplash.webp","datePublished":"2026-04-27T23:53:02+00:00","description":"Par un jugement du 15 janvier 2026, le tribunal de commerce de Chalon-sur-Sa\u00f4ne s'est prononc\u00e9 sur la poursuite de la p\u00e9riode d'observation dans le cadre...","breadcrumb":{"@id":"https:\/\/kohenavocats.com\/zh-hans\/tribunal-de-commerce-de-chalon-sur-saone-le-15-janvier-2026-n2025007173\/#breadcrumb"},"inLanguage":"zh-Hans","potentialAction":[{"@type":"ReadAction","target":["https:\/\/kohenavocats.com\/zh-hans\/tribunal-de-commerce-de-chalon-sur-saone-le-15-janvier-2026-n2025007173\/"]}]},{"@type":"ImageObject","inLanguage":"zh-Hans","@id":"https:\/\/kohenavocats.com\/zh-hans\/tribunal-de-commerce-de-chalon-sur-saone-le-15-janvier-2026-n2025007173\/#primaryimage","url":"https:\/\/kohenavocats.com\/wp-content\/uploads\/2024\/08\/camille-brodard-tJSToBa5cwc-unsplash.webp","contentUrl":"https:\/\/kohenavocats.com\/wp-content\/uploads\/2024\/08\/camille-brodard-tJSToBa5cwc-unsplash.webp","width":3000,"height":2000},{"@type":"BreadcrumbList","@id":"https:\/\/kohenavocats.com\/zh-hans\/tribunal-de-commerce-de-chalon-sur-saone-le-15-janvier-2026-n2025007173\/#breadcrumb","itemListElement":[{"@type":"ListItem","position":1,"name":"Home","item":"https:\/\/kohenavocats.com\/zh-hans\/"},{"@type":"ListItem","position":2,"name":"Tribunal de commerce de Chalon-sur-Sa\u00f4ne, le 15 janvier 2026, n\u00b02025007173"}]},{"@type":"WebSite","@id":"https:\/\/kohenavocats.com\/zh-hans\/#website","url":"https:\/\/kohenavocats.com\/zh-hans\/","name":"Kohen Avocats","description":"Ma\u00eetre Hassan Kohen, avocat p\u00e9naliste \u00e0 Paris, intervient exclusivement en droit p\u00e9nal pour la d\u00e9fense des particuliers, notamment en mati\u00e8re d\u2019accusations de viol. Il assure un accompagnement rigoureux d\u00e8s la garde \u00e0 vue jusqu\u2019\u00e0 la Cour d\u2019assises, veillant au strict respect des garanties proc\u00e9durales.","publisher":{"@id":"https:\/\/kohenavocats.com\/zh-hans\/#organization"},"potentialAction":[{"@type":"SearchAction","target":{"@type":"EntryPoint","urlTemplate":"https:\/\/kohenavocats.com\/zh-hans\/?s={search_term_string}"},"query-input":{"@type":"PropertyValueSpecification","valueRequired":true,"valueName":"search_term_string"}}],"inLanguage":"zh-Hans"},{"@type":"Organization","@id":"https:\/\/kohenavocats.com\/zh-hans\/#organization","name":"Kohen Avocats","url":"https:\/\/kohenavocats.com\/zh-hans\/","logo":{"@type":"ImageObject","inLanguage":"zh-Hans","@id":"https:\/\/kohenavocats.com\/zh-hans\/#\/schema\/logo\/image\/","url":"https:\/\/kohenavocats.com\/wp-content\/uploads\/2026\/01\/Logo-2-1.webp","contentUrl":"https:\/\/kohenavocats.com\/wp-content\/uploads\/2026\/01\/Logo-2-1.webp","width":2114,"height":1253,"caption":"Kohen Avocats"},"image":{"@id":"https:\/\/kohenavocats.com\/zh-hans\/#\/schema\/logo\/image\/"}},{"@type":"Person","@id":"https:\/\/kohenavocats.com\/zh-hans\/#\/schema\/person\/761c9ba54fa1ca84d405cef0831ff751","name":"Kohen","image":{"@type":"ImageObject","inLanguage":"zh-Hans","@id":"https:\/\/secure.gravatar.com\/avatar\/1c5e76ef76bbbfdd2b4da984e2bf2fa4056fd51a27d25ce2c332047f1dfd6e00?s=96&d=identicon&r=g","url":"https:\/\/secure.gravatar.com\/avatar\/1c5e76ef76bbbfdd2b4da984e2bf2fa4056fd51a27d25ce2c332047f1dfd6e00?s=96&d=identicon&r=g","contentUrl":"https:\/\/secure.gravatar.com\/avatar\/1c5e76ef76bbbfdd2b4da984e2bf2fa4056fd51a27d25ce2c332047f1dfd6e00?s=96&d=identicon&r=g","caption":"Kohen"},"sameAs":["https:\/\/www.linkedin.com\/in\/hassan-kohen-448548192\/","https:\/\/www.youtube.com\/@Kohen-Avocats"],"url":"https:\/\/kohenavocats.com\/zh-hans\/author\/kohenmlk\/"}]}},"jetpack_featured_media_url":"https:\/\/kohenavocats.com\/wp-content\/uploads\/2024\/08\/camille-brodard-tJSToBa5cwc-unsplash.webp","jetpack_likes_enabled":false,"jetpack_shortlink":"https:\/\/wp.me\/peCrII-30oG","jetpack-related-posts":[{"id":712236,"url":"https:\/\/kohenavocats.com\/zh-hans\/tribunal-de-commerce-de-bordeaux-le-6-janvier-2026-n2025r01089\/","url_meta":{"origin":716514,"position":0},"title":"Tribunal de commerce de Bordeaux, le 6 janvier 2026, n\u00b02025R01089","author":"Kohen","date":"2026\u5e744\u670827\u65e5","format":false,"excerpt":"Le Tribunal de commerce de Bordeaux, statuant en r\u2026","rel":"","context":"\u5728\u201cD\u00e9cisions juridiques\u201d\u4e2d","block_context":{"text":"D\u00e9cisions juridiques","link":"https:\/\/kohenavocats.com\/category\/decisions-juridiques\/"},"img":{"alt_text":"","src":"https:\/\/i0.wp.com\/kohenavocats.com\/wp-content\/uploads\/2024\/11\/getty-images-sMJ3mY9amdU-unsplash.webp?resize=350%2C200&ssl=1","width":350,"height":200,"srcset":"https:\/\/i0.wp.com\/kohenavocats.com\/wp-content\/uploads\/2024\/11\/getty-images-sMJ3mY9amdU-unsplash.webp?resize=350%2C200&ssl=1 1x, https:\/\/i0.wp.com\/kohenavocats.com\/wp-content\/uploads\/2024\/11\/getty-images-sMJ3mY9amdU-unsplash.webp?resize=525%2C300&ssl=1 1.5x, https:\/\/i0.wp.com\/kohenavocats.com\/wp-content\/uploads\/2024\/11\/getty-images-sMJ3mY9amdU-unsplash.webp?resize=700%2C400&ssl=1 2x, https:\/\/i0.wp.com\/kohenavocats.com\/wp-content\/uploads\/2024\/11\/getty-images-sMJ3mY9amdU-unsplash.webp?resize=1050%2C600&ssl=1 3x, https:\/\/i0.wp.com\/kohenavocats.com\/wp-content\/uploads\/2024\/11\/getty-images-sMJ3mY9amdU-unsplash.webp?resize=1400%2C800&ssl=1 4x"},"classes":[]},{"id":712235,"url":"https:\/\/kohenavocats.com\/zh-hans\/tribunal-de-commerce-de-bordeaux-le-6-janvier-2026-n2025r01084\/","url_meta":{"origin":716514,"position":1},"title":"Tribunal de commerce de Bordeaux, le 6 janvier 2026, n\u00b02025R01084","author":"Kohen","date":"2026\u5e744\u670827\u65e5","format":false,"excerpt":"Le Tribunal de commerce de Bordeaux, statuant en r\u2026","rel":"","context":"\u5728\u201cD\u00e9cisions juridiques\u201d\u4e2d","block_context":{"text":"D\u00e9cisions juridiques","link":"https:\/\/kohenavocats.com\/category\/decisions-juridiques\/"},"img":{"alt_text":"","src":"https:\/\/i0.wp.com\/kohenavocats.com\/wp-content\/uploads\/2024\/08\/doctor-tinieblas-0HVonrT2MBM-unsplash.webp?resize=350%2C200&ssl=1","width":350,"height":200,"srcset":"https:\/\/i0.wp.com\/kohenavocats.com\/wp-content\/uploads\/2024\/08\/doctor-tinieblas-0HVonrT2MBM-unsplash.webp?resize=350%2C200&ssl=1 1x, https:\/\/i0.wp.com\/kohenavocats.com\/wp-content\/uploads\/2024\/08\/doctor-tinieblas-0HVonrT2MBM-unsplash.webp?resize=525%2C300&ssl=1 1.5x, https:\/\/i0.wp.com\/kohenavocats.com\/wp-content\/uploads\/2024\/08\/doctor-tinieblas-0HVonrT2MBM-unsplash.webp?resize=700%2C400&ssl=1 2x, https:\/\/i0.wp.com\/kohenavocats.com\/wp-content\/uploads\/2024\/08\/doctor-tinieblas-0HVonrT2MBM-unsplash.webp?resize=1050%2C600&ssl=1 3x, https:\/\/i0.wp.com\/kohenavocats.com\/wp-content\/uploads\/2024\/08\/doctor-tinieblas-0HVonrT2MBM-unsplash.webp?resize=1400%2C800&ssl=1 4x"},"classes":[]},{"id":720514,"url":"https:\/\/kohenavocats.com\/zh-hans\/tribunal-de-commerce-de-commerce-daix-en-provence-le-3-fevrier-2026-n2024015333\/","url_meta":{"origin":716514,"position":2},"title":"Tribunal de commerce de commerce d&#8217;Aix-en-Provence, le 3 f\u00e9vrier 2026, n\u00b02024015333","author":"Kohen","date":"2026\u5e744\u670828\u65e5","format":false,"excerpt":"Le tribunal de commerce d\u2019Aix-en-Provence, dans un\u2026","rel":"","context":"\u5728\u201cD\u00e9cisions juridiques\u201d\u4e2d","block_context":{"text":"D\u00e9cisions juridiques","link":"https:\/\/kohenavocats.com\/category\/decisions-juridiques\/"},"img":{"alt_text":"","src":"https:\/\/i0.wp.com\/kohenavocats.com\/wp-content\/uploads\/2024\/11\/getty-images-UahLMixvshE-unsplash.webp?resize=350%2C200&ssl=1","width":350,"height":200,"srcset":"https:\/\/i0.wp.com\/kohenavocats.com\/wp-content\/uploads\/2024\/11\/getty-images-UahLMixvshE-unsplash.webp?resize=350%2C200&ssl=1 1x, https:\/\/i0.wp.com\/kohenavocats.com\/wp-content\/uploads\/2024\/11\/getty-images-UahLMixvshE-unsplash.webp?resize=525%2C300&ssl=1 1.5x, https:\/\/i0.wp.com\/kohenavocats.com\/wp-content\/uploads\/2024\/11\/getty-images-UahLMixvshE-unsplash.webp?resize=700%2C400&ssl=1 2x, https:\/\/i0.wp.com\/kohenavocats.com\/wp-content\/uploads\/2024\/11\/getty-images-UahLMixvshE-unsplash.webp?resize=1050%2C600&ssl=1 3x, https:\/\/i0.wp.com\/kohenavocats.com\/wp-content\/uploads\/2024\/11\/getty-images-UahLMixvshE-unsplash.webp?resize=1400%2C800&ssl=1 4x"},"classes":[]},{"id":720410,"url":"https:\/\/kohenavocats.com\/zh-hans\/tribunal-de-commerce-le-3-fevrier-2026-n2025000779\/","url_meta":{"origin":716514,"position":3},"title":"Tribunal de commerce, le 3 f\u00e9vrier 2026, n\u00b02025000779","author":"Kohen","date":"2026\u5e744\u670828\u65e5","format":false,"excerpt":"Le Tribunal des activit\u00e9s \u00e9conomiques du Mans, par\u2026","rel":"","context":"\u5728\u201cD\u00e9cisions juridiques\u201d\u4e2d","block_context":{"text":"D\u00e9cisions juridiques","link":"https:\/\/kohenavocats.com\/category\/decisions-juridiques\/"},"img":{"alt_text":"","src":"https:\/\/i0.wp.com\/kohenavocats.com\/wp-content\/uploads\/2024\/11\/philip-oroni-7cSSg-1365U-unsplash.webp?resize=350%2C200&ssl=1","width":350,"height":200,"srcset":"https:\/\/i0.wp.com\/kohenavocats.com\/wp-content\/uploads\/2024\/11\/philip-oroni-7cSSg-1365U-unsplash.webp?resize=350%2C200&ssl=1 1x, https:\/\/i0.wp.com\/kohenavocats.com\/wp-content\/uploads\/2024\/11\/philip-oroni-7cSSg-1365U-unsplash.webp?resize=525%2C300&ssl=1 1.5x, https:\/\/i0.wp.com\/kohenavocats.com\/wp-content\/uploads\/2024\/11\/philip-oroni-7cSSg-1365U-unsplash.webp?resize=700%2C400&ssl=1 2x, https:\/\/i0.wp.com\/kohenavocats.com\/wp-content\/uploads\/2024\/11\/philip-oroni-7cSSg-1365U-unsplash.webp?resize=1050%2C600&ssl=1 3x, https:\/\/i0.wp.com\/kohenavocats.com\/wp-content\/uploads\/2024\/11\/philip-oroni-7cSSg-1365U-unsplash.webp?resize=1400%2C800&ssl=1 4x"},"classes":[]},{"id":720411,"url":"https:\/\/kohenavocats.com\/zh-hans\/tribunal-de-commerce-de-commerce-daix-en-provence-le-3-fevrier-2026-n2021008467\/","url_meta":{"origin":716514,"position":4},"title":"Tribunal de commerce de commerce d&#8217;Aix-en-Provence, le 3 f\u00e9vrier 2026, n\u00b02021008467","author":"Kohen","date":"2026\u5e744\u670828\u65e5","format":false,"excerpt":"Le tribunal de commerce d\u2019Aix-en-Provence, par un \u2026","rel":"","context":"\u5728\u201cD\u00e9cisions juridiques\u201d\u4e2d","block_context":{"text":"D\u00e9cisions juridiques","link":"https:\/\/kohenavocats.com\/category\/decisions-juridiques\/"},"img":{"alt_text":"","src":"https:\/\/i0.wp.com\/kohenavocats.com\/wp-content\/uploads\/2024\/08\/amir-mortezaie-bKLKnHSwk4A-unsplash.webp?resize=350%2C200&ssl=1","width":350,"height":200,"srcset":"https:\/\/i0.wp.com\/kohenavocats.com\/wp-content\/uploads\/2024\/08\/amir-mortezaie-bKLKnHSwk4A-unsplash.webp?resize=350%2C200&ssl=1 1x, https:\/\/i0.wp.com\/kohenavocats.com\/wp-content\/uploads\/2024\/08\/amir-mortezaie-bKLKnHSwk4A-unsplash.webp?resize=525%2C300&ssl=1 1.5x, https:\/\/i0.wp.com\/kohenavocats.com\/wp-content\/uploads\/2024\/08\/amir-mortezaie-bKLKnHSwk4A-unsplash.webp?resize=700%2C400&ssl=1 2x, https:\/\/i0.wp.com\/kohenavocats.com\/wp-content\/uploads\/2024\/08\/amir-mortezaie-bKLKnHSwk4A-unsplash.webp?resize=1050%2C600&ssl=1 3x, https:\/\/i0.wp.com\/kohenavocats.com\/wp-content\/uploads\/2024\/08\/amir-mortezaie-bKLKnHSwk4A-unsplash.webp?resize=1400%2C800&ssl=1 4x"},"classes":[]},{"id":712581,"url":"https:\/\/kohenavocats.com\/zh-hans\/tribunal-de-commerce-de-toulouse-le-7-janvier-2026-n2025014577\/","url_meta":{"origin":716514,"position":5},"title":"Tribunal de commerce de Toulouse, le 7 janvier 2026, n\u00b02025014577","author":"Kohen","date":"2026\u5e744\u670827\u65e5","format":false,"excerpt":"Le Tribunal de commerce de Toulouse, dans un jugem\u2026","rel":"","context":"\u5728\u201cD\u00e9cisions juridiques\u201d\u4e2d","block_context":{"text":"D\u00e9cisions juridiques","link":"https:\/\/kohenavocats.com\/category\/decisions-juridiques\/"},"img":{"alt_text":"","src":"https:\/\/i0.wp.com\/kohenavocats.com\/wp-content\/uploads\/2024\/11\/laura-adai-aOfktR2DUFI-unsplash.webp?resize=350%2C200&ssl=1","width":350,"height":200,"srcset":"https:\/\/i0.wp.com\/kohenavocats.com\/wp-content\/uploads\/2024\/11\/laura-adai-aOfktR2DUFI-unsplash.webp?resize=350%2C200&ssl=1 1x, https:\/\/i0.wp.com\/kohenavocats.com\/wp-content\/uploads\/2024\/11\/laura-adai-aOfktR2DUFI-unsplash.webp?resize=525%2C300&ssl=1 1.5x, https:\/\/i0.wp.com\/kohenavocats.com\/wp-content\/uploads\/2024\/11\/laura-adai-aOfktR2DUFI-unsplash.webp?resize=700%2C400&ssl=1 2x, https:\/\/i0.wp.com\/kohenavocats.com\/wp-content\/uploads\/2024\/11\/laura-adai-aOfktR2DUFI-unsplash.webp?resize=1050%2C600&ssl=1 3x, https:\/\/i0.wp.com\/kohenavocats.com\/wp-content\/uploads\/2024\/11\/laura-adai-aOfktR2DUFI-unsplash.webp?resize=1400%2C800&ssl=1 4x"},"classes":[]}],"jetpack_sharing_enabled":true,"_links":{"self":[{"href":"https:\/\/kohenavocats.com\/zh-hans\/wp-json\/wp\/v2\/posts\/716514","targetHints":{"allow":["GET"]}}],"collection":[{"href":"https:\/\/kohenavocats.com\/zh-hans\/wp-json\/wp\/v2\/posts"}],"about":[{"href":"https:\/\/kohenavocats.com\/zh-hans\/wp-json\/wp\/v2\/types\/post"}],"author":[{"embeddable":true,"href":"https:\/\/kohenavocats.com\/zh-hans\/wp-json\/wp\/v2\/users\/232070755"}],"replies":[{"embeddable":true,"href":"https:\/\/kohenavocats.com\/zh-hans\/wp-json\/wp\/v2\/comments?post=716514"}],"version-history":[{"count":0,"href":"https:\/\/kohenavocats.com\/zh-hans\/wp-json\/wp\/v2\/posts\/716514\/revisions"}],"wp:featuredmedia":[{"embeddable":true,"href":"https:\/\/kohenavocats.com\/zh-hans\/wp-json\/wp\/v2\/media\/4755"}],"wp:attachment":[{"href":"https:\/\/kohenavocats.com\/zh-hans\/wp-json\/wp\/v2\/media?parent=716514"}],"wp:term":[{"taxonomy":"category","embeddable":true,"href":"https:\/\/kohenavocats.com\/zh-hans\/wp-json\/wp\/v2\/categories?post=716514"},{"taxonomy":"post_tag","embeddable":true,"href":"https:\/\/kohenavocats.com\/zh-hans\/wp-json\/wp\/v2\/tags?post=716514"}],"curies":[{"name":"wp","href":"https:\/\/api.w.org\/{rel}","templated":true}]}}