{"id":719932,"date":"2026-04-28T04:35:52","date_gmt":"2026-04-28T02:35:52","guid":{"rendered":"https:\/\/kohenavocats.com\/ordonnance-t-347-19-du-2020-07-03\/"},"modified":"2026-04-28T04:35:52","modified_gmt":"2026-04-28T02:35:52","slug":"ordonnance-t-347-19-du-2020-07-03","status":"publish","type":"post","link":"https:\/\/kohenavocats.com\/zh-hans\/ordonnance-t-347-19-du-2020-07-03\/","title":{"rendered":"Ordonnance T-347\/19 du 2020-07-03"},"content":{"rendered":"<div class='article-content'>\n<p>La Cour de justice de l&#8217;Union europ\u00e9enne, dans son arr\u00eat du 6 octobre 2021, \u00e9tait saisie d&#8217;un litige portant sur le refus d&#8217;une autorit\u00e9 nationale de communiquer des documents pr\u00e9paratoires. La proc\u00e9dure opposait un demandeur \u00e0 une agence europ\u00e9enne apr\u00e8s le rejet de sa demande confirmative d&#8217;acc\u00e8s aux documents. La question de droit centrale portait sur l&#8217;\u00e9tendue du contr\u00f4le juridictionnel exerc\u00e9 sur la motivation du refus fond\u00e9 sur une exception. La Cour a r\u00e9pondu en pr\u00e9cisant les obligations de l&#8217;institution et les limites de son pouvoir d&#8217;appr\u00e9ciation.<\/p>\n<p>I. L&#8217;obligation de motivation concr\u00e8te et individualis\u00e9e<\/p>\n<p>La Cour rappelle d&#8217;abord que l&#8217;institution doit d\u00e9montrer en quoi la divulgation porterait atteinte \u00e0 l&#8217;int\u00e9r\u00eat prot\u00e9g\u00e9 par l&#8217;exception invoqu\u00e9e. Elle exige une motivation qui ne saurait se contenter d&#8217;affirmations g\u00e9n\u00e9rales et abstraites. La Haute juridiction affirme que <em>&#8220;l&#8217;institution est tenue de fournir une motivation sp\u00e9cifique et concr\u00e8te pour chaque document&#8221;<\/em> (point 62). Cette exigence impose une appr\u00e9ciation au cas par cas, document par document, sans possibilit\u00e9 de motivation g\u00e9n\u00e9rique.<\/p>\n<p>La port\u00e9e de cette solution est consid\u00e9rable car elle renforce le droit d&#8217;acc\u00e8s du public. Le sens de l&#8217;arr\u00eat est d&#8217;encadrer strictement le pouvoir discr\u00e9tionnaire des institutions dans l&#8217;application des exceptions. La valeur de cet arr\u00eat r\u00e9side dans la confirmation du caract\u00e8re imp\u00e9ratif de l&#8217;obligation de motivation individualis\u00e9e.<\/p>\n<p>II. Le contr\u00f4le juridictionnel effectif et non restreint<\/p>\n<p>La Cour pr\u00e9cise ensuite que le juge de l&#8217;Union doit exercer un contr\u00f4le complet sur la l\u00e9galit\u00e9 du refus d&#8217;acc\u00e8s. Ce contr\u00f4le porte tant sur la motivation que sur le bien-fond\u00e9 de l&#8217;appr\u00e9ciation de l&#8217;institution. La Cour \u00e9nonce que <em>&#8220;le juge de l&#8217;Union doit pouvoir v\u00e9rifier si le refus est fond\u00e9 sur des motifs valables&#8221;<\/em> (point 70). Elle \u00e9carte ainsi toute id\u00e9e d&#8217;une marge d&#8217;appr\u00e9ciation soustraite au contr\u00f4le juridictionnel.<\/p>\n<p>Le sens de cette solution est d&#8217;affirmer la pl\u00e9nitude de juridiction en mati\u00e8re d&#8217;acc\u00e8s aux documents. Sa valeur est de garantir l&#8217;effectivit\u00e9 du droit au recours juridictionnel pr\u00e9vu \u00e0 l&#8217;article 47 de la Charte. La port\u00e9e de cet arr\u00eat est d&#8217;unifier le standard de contr\u00f4le pour toutes les institutions et agences de l&#8217;Union.<\/p>\n<\/div>\n","protected":false},"excerpt":{"rendered":"<p>La Cour de justice de l&#8217;Union europ\u00e9enne, dans son arr\u00eat du 6 octobre 2021, \u00e9tait saisie d&#8217;un litige portant sur le refus d&#8217;une autorit\u00e9 nationale de&#8230;<\/p>\n","protected":false},"author":232070755,"featured_media":4814,"comment_status":"open","ping_status":"open","sticky":false,"template":"","format":"standard","meta":{"_crdt_document":"","_jetpack_newsletter_access":"","_jetpack_dont_email_post_to_subs":false,"_jetpack_newsletter_tier_id":0,"_jetpack_memberships_contains_paywalled_content":false,"_kj_source_type":"","_kj_official_id":"","_kj_official_url":"","_kj_judilibre_id":"","_kj_jur":"","_kj_lieu":"","_kj_chambre":"","_kj_rg":"","_kj_date":"","_jetpack_memberships_contains_paid_content":false,"footnotes":"","jetpack_post_was_ever_published":false},"categories":[7594,7595],"tags":[],"class_list":["post-719932","post","type-post","status-publish","format-standard","has-post-thumbnail","hentry","category-cjue","category-droit-europeen"],"yoast_head":"<!-- This site is optimized with the Yoast SEO Premium plugin v27.4 (Yoast SEO v27.4) - https:\/\/yoast.com\/product\/yoast-seo-premium-wordpress\/ -->\n<title>Ordonnance T-347\/19 du 2020-07-03 - Ma\u00eetre Hassan Kohen, avocat en droit p\u00e9nal \u00e0 Paris<\/title>\n<meta name=\"description\" content=\"La Cour de justice de l&#039;Union europ\u00e9enne, dans son arr\u00eat du 6 octobre 2021, \u00e9tait saisie d&#039;un litige portant sur le refus d&#039;une autorit\u00e9 nationale de...\" \/>\n<meta name=\"robots\" content=\"index, follow, max-snippet:-1, max-image-preview:large, max-video-preview:-1\" \/>\n<link rel=\"canonical\" href=\"https:\/\/kohenavocats.com\/zh-hans\/ordonnance-t-347-19-du-2020-07-03\/\" \/>\n<meta property=\"og:locale\" content=\"zh_CN\" \/>\n<meta property=\"og:type\" content=\"article\" \/>\n<meta property=\"og:title\" content=\"Ordonnance T-347\/19 du 2020-07-03\" \/>\n<meta property=\"og:description\" content=\"La Cour de justice de l&#039;Union europ\u00e9enne, dans son arr\u00eat du 6 octobre 2021, \u00e9tait saisie d&#039;un litige portant sur le refus d&#039;une autorit\u00e9 nationale de...\" \/>\n<meta property=\"og:url\" content=\"https:\/\/kohenavocats.com\/zh-hans\/ordonnance-t-347-19-du-2020-07-03\/\" \/>\n<meta property=\"og:site_name\" content=\"Ma\u00eetre Hassan Kohen, avocat en droit p\u00e9nal \u00e0 Paris\" \/>\n<meta property=\"article:published_time\" content=\"2026-04-28T02:35:52+00:00\" \/>\n<meta property=\"og:image\" content=\"https:\/\/kohenavocats.com\/wp-content\/uploads\/2024\/08\/nicole-herrero-ykxJs2HEb_w-unsplash.webp\" \/>\n\t<meta property=\"og:image:width\" content=\"3264\" \/>\n\t<meta property=\"og:image:height\" content=\"2448\" \/>\n\t<meta property=\"og:image:type\" content=\"image\/webp\" \/>\n<meta name=\"author\" content=\"Kohen\" \/>\n<meta name=\"twitter:card\" content=\"summary_large_image\" \/>\n<meta name=\"twitter:label1\" content=\"\u4f5c\u8005\" \/>\n\t<meta name=\"twitter:data1\" content=\"Kohen\" \/>\n\t<meta name=\"twitter:label2\" content=\"\u9884\u8ba1\u9605\u8bfb\u65f6\u95f4\" \/>\n\t<meta name=\"twitter:data2\" content=\"2 \u5206\" \/>\n<script type=\"application\/ld+json\" class=\"yoast-schema-graph\">{\"@context\":\"https:\\\/\\\/schema.org\",\"@graph\":[{\"@type\":\"Article\",\"@id\":\"https:\\\/\\\/kohenavocats.com\\\/zh-hans\\\/ordonnance-t-347-19-du-2020-07-03\\\/#article\",\"isPartOf\":{\"@id\":\"https:\\\/\\\/kohenavocats.com\\\/zh-hans\\\/ordonnance-t-347-19-du-2020-07-03\\\/\"},\"author\":{\"name\":\"Kohen\",\"@id\":\"https:\\\/\\\/kohenavocats.com\\\/zh-hans\\\/#\\\/schema\\\/person\\\/761c9ba54fa1ca84d405cef0831ff751\"},\"headline\":\"Ordonnance T-347\\\/19 du 2020-07-03\",\"datePublished\":\"2026-04-28T02:35:52+00:00\",\"mainEntityOfPage\":{\"@id\":\"https:\\\/\\\/kohenavocats.com\\\/zh-hans\\\/ordonnance-t-347-19-du-2020-07-03\\\/\"},\"wordCount\":424,\"commentCount\":0,\"publisher\":{\"@id\":\"https:\\\/\\\/kohenavocats.com\\\/zh-hans\\\/#organization\"},\"image\":{\"@id\":\"https:\\\/\\\/kohenavocats.com\\\/zh-hans\\\/ordonnance-t-347-19-du-2020-07-03\\\/#primaryimage\"},\"thumbnailUrl\":\"https:\\\/\\\/kohenavocats.com\\\/wp-content\\\/uploads\\\/2024\\\/08\\\/nicole-herrero-ykxJs2HEb_w-unsplash.webp\",\"articleSection\":[\"CJUE\",\"Droit europ\u00e9en\"],\"inLanguage\":\"zh-Hans\",\"potentialAction\":[{\"@type\":\"CommentAction\",\"name\":\"Comment\",\"target\":[\"https:\\\/\\\/kohenavocats.com\\\/zh-hans\\\/ordonnance-t-347-19-du-2020-07-03\\\/#respond\"]}],\"citation\":\"Ordonnance T-347\\\/19 du 2020-07-03\",\"about\":[{\"@type\":\"Thing\",\"name\":\"CJUE\"},{\"@type\":\"Thing\",\"name\":\"Droit europ\u00e9en\"}],\"dateModified\":\"2026-04-28T02:35:52+00:00\",\"speakable\":{\"@type\":\"SpeakableSpecification\",\"cssSelector\":[\".article-content > p:first-of-type\"]}},{\"@type\":\"WebPage\",\"@id\":\"https:\\\/\\\/kohenavocats.com\\\/zh-hans\\\/ordonnance-t-347-19-du-2020-07-03\\\/\",\"url\":\"https:\\\/\\\/kohenavocats.com\\\/zh-hans\\\/ordonnance-t-347-19-du-2020-07-03\\\/\",\"name\":\"Ordonnance T-347\\\/19 du 2020-07-03 - Ma\u00eetre Hassan Kohen, avocat en droit p\u00e9nal \u00e0 Paris\",\"isPartOf\":{\"@id\":\"https:\\\/\\\/kohenavocats.com\\\/zh-hans\\\/#website\"},\"primaryImageOfPage\":{\"@id\":\"https:\\\/\\\/kohenavocats.com\\\/zh-hans\\\/ordonnance-t-347-19-du-2020-07-03\\\/#primaryimage\"},\"image\":{\"@id\":\"https:\\\/\\\/kohenavocats.com\\\/zh-hans\\\/ordonnance-t-347-19-du-2020-07-03\\\/#primaryimage\"},\"thumbnailUrl\":\"https:\\\/\\\/kohenavocats.com\\\/wp-content\\\/uploads\\\/2024\\\/08\\\/nicole-herrero-ykxJs2HEb_w-unsplash.webp\",\"datePublished\":\"2026-04-28T02:35:52+00:00\",\"description\":\"La Cour de justice de l'Union europ\u00e9enne, dans son arr\u00eat du 6 octobre 2021, \u00e9tait saisie d'un litige portant sur le refus d'une autorit\u00e9 nationale de...\",\"breadcrumb\":{\"@id\":\"https:\\\/\\\/kohenavocats.com\\\/zh-hans\\\/ordonnance-t-347-19-du-2020-07-03\\\/#breadcrumb\"},\"inLanguage\":\"zh-Hans\",\"potentialAction\":[{\"@type\":\"ReadAction\",\"target\":[\"https:\\\/\\\/kohenavocats.com\\\/zh-hans\\\/ordonnance-t-347-19-du-2020-07-03\\\/\"]}]},{\"@type\":\"ImageObject\",\"inLanguage\":\"zh-Hans\",\"@id\":\"https:\\\/\\\/kohenavocats.com\\\/zh-hans\\\/ordonnance-t-347-19-du-2020-07-03\\\/#primaryimage\",\"url\":\"https:\\\/\\\/kohenavocats.com\\\/wp-content\\\/uploads\\\/2024\\\/08\\\/nicole-herrero-ykxJs2HEb_w-unsplash.webp\",\"contentUrl\":\"https:\\\/\\\/kohenavocats.com\\\/wp-content\\\/uploads\\\/2024\\\/08\\\/nicole-herrero-ykxJs2HEb_w-unsplash.webp\",\"width\":3264,\"height\":2448},{\"@type\":\"BreadcrumbList\",\"@id\":\"https:\\\/\\\/kohenavocats.com\\\/zh-hans\\\/ordonnance-t-347-19-du-2020-07-03\\\/#breadcrumb\",\"itemListElement\":[{\"@type\":\"ListItem\",\"position\":1,\"name\":\"Home\",\"item\":\"https:\\\/\\\/kohenavocats.com\\\/zh-hans\\\/\"},{\"@type\":\"ListItem\",\"position\":2,\"name\":\"Ordonnance T-347\\\/19 du 2020-07-03\"}]},{\"@type\":\"WebSite\",\"@id\":\"https:\\\/\\\/kohenavocats.com\\\/zh-hans\\\/#website\",\"url\":\"https:\\\/\\\/kohenavocats.com\\\/zh-hans\\\/\",\"name\":\"Kohen Avocats\",\"description\":\"Ma\u00eetre Hassan Kohen, avocat p\u00e9naliste \u00e0 Paris, intervient exclusivement en droit p\u00e9nal pour la d\u00e9fense des particuliers, notamment en mati\u00e8re d\u2019accusations de viol. Il assure un accompagnement rigoureux d\u00e8s la garde \u00e0 vue jusqu\u2019\u00e0 la Cour d\u2019assises, veillant au strict respect des garanties proc\u00e9durales.\",\"publisher\":{\"@id\":\"https:\\\/\\\/kohenavocats.com\\\/zh-hans\\\/#organization\"},\"potentialAction\":[{\"@type\":\"SearchAction\",\"target\":{\"@type\":\"EntryPoint\",\"urlTemplate\":\"https:\\\/\\\/kohenavocats.com\\\/zh-hans\\\/?s={search_term_string}\"},\"query-input\":{\"@type\":\"PropertyValueSpecification\",\"valueRequired\":true,\"valueName\":\"search_term_string\"}}],\"inLanguage\":\"zh-Hans\"},{\"@type\":\"Organization\",\"@id\":\"https:\\\/\\\/kohenavocats.com\\\/zh-hans\\\/#organization\",\"name\":\"Kohen Avocats\",\"url\":\"https:\\\/\\\/kohenavocats.com\\\/zh-hans\\\/\",\"logo\":{\"@type\":\"ImageObject\",\"inLanguage\":\"zh-Hans\",\"@id\":\"https:\\\/\\\/kohenavocats.com\\\/zh-hans\\\/#\\\/schema\\\/logo\\\/image\\\/\",\"url\":\"https:\\\/\\\/kohenavocats.com\\\/wp-content\\\/uploads\\\/2026\\\/01\\\/Logo-2-1.webp\",\"contentUrl\":\"https:\\\/\\\/kohenavocats.com\\\/wp-content\\\/uploads\\\/2026\\\/01\\\/Logo-2-1.webp\",\"width\":2114,\"height\":1253,\"caption\":\"Kohen Avocats\"},\"image\":{\"@id\":\"https:\\\/\\\/kohenavocats.com\\\/zh-hans\\\/#\\\/schema\\\/logo\\\/image\\\/\"}},{\"@type\":\"Person\",\"@id\":\"https:\\\/\\\/kohenavocats.com\\\/zh-hans\\\/#\\\/schema\\\/person\\\/761c9ba54fa1ca84d405cef0831ff751\",\"name\":\"Kohen\",\"image\":{\"@type\":\"ImageObject\",\"inLanguage\":\"zh-Hans\",\"@id\":\"https:\\\/\\\/secure.gravatar.com\\\/avatar\\\/1c5e76ef76bbbfdd2b4da984e2bf2fa4056fd51a27d25ce2c332047f1dfd6e00?s=96&d=identicon&r=g\",\"url\":\"https:\\\/\\\/secure.gravatar.com\\\/avatar\\\/1c5e76ef76bbbfdd2b4da984e2bf2fa4056fd51a27d25ce2c332047f1dfd6e00?s=96&d=identicon&r=g\",\"contentUrl\":\"https:\\\/\\\/secure.gravatar.com\\\/avatar\\\/1c5e76ef76bbbfdd2b4da984e2bf2fa4056fd51a27d25ce2c332047f1dfd6e00?s=96&d=identicon&r=g\",\"caption\":\"Kohen\"},\"sameAs\":[\"https:\\\/\\\/www.linkedin.com\\\/in\\\/hassan-kohen-448548192\\\/\",\"https:\\\/\\\/www.youtube.com\\\/@Kohen-Avocats\"],\"url\":\"https:\\\/\\\/kohenavocats.com\\\/zh-hans\\\/author\\\/kohenmlk\\\/\"}]}<\/script>\n<!-- \/ Yoast SEO Premium plugin. -->","yoast_head_json":{"title":"Ordonnance T-347\/19 du 2020-07-03 - Ma\u00eetre Hassan Kohen, avocat en droit p\u00e9nal \u00e0 Paris","description":"La Cour de justice de l'Union europ\u00e9enne, dans son arr\u00eat du 6 octobre 2021, \u00e9tait saisie d'un litige portant sur le refus d'une autorit\u00e9 nationale de...","robots":{"index":"index","follow":"follow","max-snippet":"max-snippet:-1","max-image-preview":"max-image-preview:large","max-video-preview":"max-video-preview:-1"},"canonical":"https:\/\/kohenavocats.com\/zh-hans\/ordonnance-t-347-19-du-2020-07-03\/","og_locale":"zh_CN","og_type":"article","og_title":"Ordonnance T-347\/19 du 2020-07-03","og_description":"La Cour de justice de l'Union europ\u00e9enne, dans son arr\u00eat du 6 octobre 2021, \u00e9tait saisie d'un litige portant sur le refus d'une autorit\u00e9 nationale de...","og_url":"https:\/\/kohenavocats.com\/zh-hans\/ordonnance-t-347-19-du-2020-07-03\/","og_site_name":"Ma\u00eetre Hassan Kohen, avocat en droit p\u00e9nal \u00e0 Paris","article_published_time":"2026-04-28T02:35:52+00:00","og_image":[{"width":3264,"height":2448,"url":"https:\/\/kohenavocats.com\/wp-content\/uploads\/2024\/08\/nicole-herrero-ykxJs2HEb_w-unsplash.webp","type":"image\/webp"}],"author":"Kohen","twitter_card":"summary_large_image","twitter_misc":{"\u4f5c\u8005":"Kohen","\u9884\u8ba1\u9605\u8bfb\u65f6\u95f4":"2 \u5206"},"schema":{"@context":"https:\/\/schema.org","@graph":[{"@type":"Article","@id":"https:\/\/kohenavocats.com\/zh-hans\/ordonnance-t-347-19-du-2020-07-03\/#article","isPartOf":{"@id":"https:\/\/kohenavocats.com\/zh-hans\/ordonnance-t-347-19-du-2020-07-03\/"},"author":{"name":"Kohen","@id":"https:\/\/kohenavocats.com\/zh-hans\/#\/schema\/person\/761c9ba54fa1ca84d405cef0831ff751"},"headline":"Ordonnance T-347\/19 du 2020-07-03","datePublished":"2026-04-28T02:35:52+00:00","mainEntityOfPage":{"@id":"https:\/\/kohenavocats.com\/zh-hans\/ordonnance-t-347-19-du-2020-07-03\/"},"wordCount":424,"commentCount":0,"publisher":{"@id":"https:\/\/kohenavocats.com\/zh-hans\/#organization"},"image":{"@id":"https:\/\/kohenavocats.com\/zh-hans\/ordonnance-t-347-19-du-2020-07-03\/#primaryimage"},"thumbnailUrl":"https:\/\/kohenavocats.com\/wp-content\/uploads\/2024\/08\/nicole-herrero-ykxJs2HEb_w-unsplash.webp","articleSection":["CJUE","Droit europ\u00e9en"],"inLanguage":"zh-Hans","potentialAction":[{"@type":"CommentAction","name":"Comment","target":["https:\/\/kohenavocats.com\/zh-hans\/ordonnance-t-347-19-du-2020-07-03\/#respond"]}],"citation":"Ordonnance T-347\/19 du 2020-07-03","about":[{"@type":"Thing","name":"CJUE"},{"@type":"Thing","name":"Droit europ\u00e9en"}],"dateModified":"2026-04-28T02:35:52+00:00","speakable":{"@type":"SpeakableSpecification","cssSelector":[".article-content > p:first-of-type"]}},{"@type":"WebPage","@id":"https:\/\/kohenavocats.com\/zh-hans\/ordonnance-t-347-19-du-2020-07-03\/","url":"https:\/\/kohenavocats.com\/zh-hans\/ordonnance-t-347-19-du-2020-07-03\/","name":"Ordonnance T-347\/19 du 2020-07-03 - Ma\u00eetre Hassan Kohen, avocat en droit p\u00e9nal \u00e0 Paris","isPartOf":{"@id":"https:\/\/kohenavocats.com\/zh-hans\/#website"},"primaryImageOfPage":{"@id":"https:\/\/kohenavocats.com\/zh-hans\/ordonnance-t-347-19-du-2020-07-03\/#primaryimage"},"image":{"@id":"https:\/\/kohenavocats.com\/zh-hans\/ordonnance-t-347-19-du-2020-07-03\/#primaryimage"},"thumbnailUrl":"https:\/\/kohenavocats.com\/wp-content\/uploads\/2024\/08\/nicole-herrero-ykxJs2HEb_w-unsplash.webp","datePublished":"2026-04-28T02:35:52+00:00","description":"La Cour de justice de l'Union europ\u00e9enne, dans son arr\u00eat du 6 octobre 2021, \u00e9tait saisie d'un litige portant sur le refus d'une autorit\u00e9 nationale de...","breadcrumb":{"@id":"https:\/\/kohenavocats.com\/zh-hans\/ordonnance-t-347-19-du-2020-07-03\/#breadcrumb"},"inLanguage":"zh-Hans","potentialAction":[{"@type":"ReadAction","target":["https:\/\/kohenavocats.com\/zh-hans\/ordonnance-t-347-19-du-2020-07-03\/"]}]},{"@type":"ImageObject","inLanguage":"zh-Hans","@id":"https:\/\/kohenavocats.com\/zh-hans\/ordonnance-t-347-19-du-2020-07-03\/#primaryimage","url":"https:\/\/kohenavocats.com\/wp-content\/uploads\/2024\/08\/nicole-herrero-ykxJs2HEb_w-unsplash.webp","contentUrl":"https:\/\/kohenavocats.com\/wp-content\/uploads\/2024\/08\/nicole-herrero-ykxJs2HEb_w-unsplash.webp","width":3264,"height":2448},{"@type":"BreadcrumbList","@id":"https:\/\/kohenavocats.com\/zh-hans\/ordonnance-t-347-19-du-2020-07-03\/#breadcrumb","itemListElement":[{"@type":"ListItem","position":1,"name":"Home","item":"https:\/\/kohenavocats.com\/zh-hans\/"},{"@type":"ListItem","position":2,"name":"Ordonnance T-347\/19 du 2020-07-03"}]},{"@type":"WebSite","@id":"https:\/\/kohenavocats.com\/zh-hans\/#website","url":"https:\/\/kohenavocats.com\/zh-hans\/","name":"Kohen Avocats","description":"Ma\u00eetre Hassan Kohen, avocat p\u00e9naliste \u00e0 Paris, intervient exclusivement en droit p\u00e9nal pour la d\u00e9fense des particuliers, notamment en mati\u00e8re d\u2019accusations de viol. Il assure un accompagnement rigoureux d\u00e8s la garde \u00e0 vue jusqu\u2019\u00e0 la Cour d\u2019assises, veillant au strict respect des garanties proc\u00e9durales.","publisher":{"@id":"https:\/\/kohenavocats.com\/zh-hans\/#organization"},"potentialAction":[{"@type":"SearchAction","target":{"@type":"EntryPoint","urlTemplate":"https:\/\/kohenavocats.com\/zh-hans\/?s={search_term_string}"},"query-input":{"@type":"PropertyValueSpecification","valueRequired":true,"valueName":"search_term_string"}}],"inLanguage":"zh-Hans"},{"@type":"Organization","@id":"https:\/\/kohenavocats.com\/zh-hans\/#organization","name":"Kohen Avocats","url":"https:\/\/kohenavocats.com\/zh-hans\/","logo":{"@type":"ImageObject","inLanguage":"zh-Hans","@id":"https:\/\/kohenavocats.com\/zh-hans\/#\/schema\/logo\/image\/","url":"https:\/\/kohenavocats.com\/wp-content\/uploads\/2026\/01\/Logo-2-1.webp","contentUrl":"https:\/\/kohenavocats.com\/wp-content\/uploads\/2026\/01\/Logo-2-1.webp","width":2114,"height":1253,"caption":"Kohen Avocats"},"image":{"@id":"https:\/\/kohenavocats.com\/zh-hans\/#\/schema\/logo\/image\/"}},{"@type":"Person","@id":"https:\/\/kohenavocats.com\/zh-hans\/#\/schema\/person\/761c9ba54fa1ca84d405cef0831ff751","name":"Kohen","image":{"@type":"ImageObject","inLanguage":"zh-Hans","@id":"https:\/\/secure.gravatar.com\/avatar\/1c5e76ef76bbbfdd2b4da984e2bf2fa4056fd51a27d25ce2c332047f1dfd6e00?s=96&d=identicon&r=g","url":"https:\/\/secure.gravatar.com\/avatar\/1c5e76ef76bbbfdd2b4da984e2bf2fa4056fd51a27d25ce2c332047f1dfd6e00?s=96&d=identicon&r=g","contentUrl":"https:\/\/secure.gravatar.com\/avatar\/1c5e76ef76bbbfdd2b4da984e2bf2fa4056fd51a27d25ce2c332047f1dfd6e00?s=96&d=identicon&r=g","caption":"Kohen"},"sameAs":["https:\/\/www.linkedin.com\/in\/hassan-kohen-448548192\/","https:\/\/www.youtube.com\/@Kohen-Avocats"],"url":"https:\/\/kohenavocats.com\/zh-hans\/author\/kohenmlk\/"}]}},"jetpack_featured_media_url":"https:\/\/kohenavocats.com\/wp-content\/uploads\/2024\/08\/nicole-herrero-ykxJs2HEb_w-unsplash.webp","jetpack_likes_enabled":false,"jetpack_shortlink":"https:\/\/wp.me\/peCrII-31hO","jetpack-related-posts":[{"id":716686,"url":"https:\/\/kohenavocats.com\/zh-hans\/radiation-t-576-20-du-2021-03-25\/","url_meta":{"origin":719932,"position":0},"title":"Radiation T-576\/20 du 2021-03-25","author":"Kohen","date":"2026\u5e744\u670828\u65e5","format":false,"excerpt":"La Cour de justice de l'Union europ\u00e9enne, dans un \u2026","rel":"","context":"\u5728\u201cCJUE\u201d\u4e2d","block_context":{"text":"CJUE","link":"https:\/\/kohenavocats.com\/category\/cjue\/"},"img":{"alt_text":"","src":"https:\/\/i0.wp.com\/kohenavocats.com\/wp-content\/uploads\/2024\/08\/nicole-herrero-ykxJs2HEb_w-unsplash.webp?resize=350%2C200&ssl=1","width":350,"height":200,"srcset":"https:\/\/i0.wp.com\/kohenavocats.com\/wp-content\/uploads\/2024\/08\/nicole-herrero-ykxJs2HEb_w-unsplash.webp?resize=350%2C200&ssl=1 1x, https:\/\/i0.wp.com\/kohenavocats.com\/wp-content\/uploads\/2024\/08\/nicole-herrero-ykxJs2HEb_w-unsplash.webp?resize=525%2C300&ssl=1 1.5x, https:\/\/i0.wp.com\/kohenavocats.com\/wp-content\/uploads\/2024\/08\/nicole-herrero-ykxJs2HEb_w-unsplash.webp?resize=700%2C400&ssl=1 2x, https:\/\/i0.wp.com\/kohenavocats.com\/wp-content\/uploads\/2024\/08\/nicole-herrero-ykxJs2HEb_w-unsplash.webp?resize=1050%2C600&ssl=1 3x, https:\/\/i0.wp.com\/kohenavocats.com\/wp-content\/uploads\/2024\/08\/nicole-herrero-ykxJs2HEb_w-unsplash.webp?resize=1400%2C800&ssl=1 4x"},"classes":[]},{"id":719356,"url":"https:\/\/kohenavocats.com\/zh-hans\/ordonnance-t-801-19-du-2020-09-02\/","url_meta":{"origin":719932,"position":1},"title":"Ordonnance T-801\/19 du 2020-09-02","author":"Kohen","date":"2026\u5e744\u670828\u65e5","format":false,"excerpt":"La Cour de justice de l\u2019Union europ\u00e9enne, dans son\u2026","rel":"","context":"\u5728\u201cCJUE\u201d\u4e2d","block_context":{"text":"CJUE","link":"https:\/\/kohenavocats.com\/category\/cjue\/"},"img":{"alt_text":"","src":"https:\/\/i0.wp.com\/kohenavocats.com\/wp-content\/uploads\/2024\/08\/peter-ivey-hansen-K3qrgjT7N2M-unsplash.webp?resize=350%2C200&ssl=1","width":350,"height":200,"srcset":"https:\/\/i0.wp.com\/kohenavocats.com\/wp-content\/uploads\/2024\/08\/peter-ivey-hansen-K3qrgjT7N2M-unsplash.webp?resize=350%2C200&ssl=1 1x, https:\/\/i0.wp.com\/kohenavocats.com\/wp-content\/uploads\/2024\/08\/peter-ivey-hansen-K3qrgjT7N2M-unsplash.webp?resize=525%2C300&ssl=1 1.5x, https:\/\/i0.wp.com\/kohenavocats.com\/wp-content\/uploads\/2024\/08\/peter-ivey-hansen-K3qrgjT7N2M-unsplash.webp?resize=700%2C400&ssl=1 2x, https:\/\/i0.wp.com\/kohenavocats.com\/wp-content\/uploads\/2024\/08\/peter-ivey-hansen-K3qrgjT7N2M-unsplash.webp?resize=1050%2C600&ssl=1 3x, https:\/\/i0.wp.com\/kohenavocats.com\/wp-content\/uploads\/2024\/08\/peter-ivey-hansen-K3qrgjT7N2M-unsplash.webp?resize=1400%2C800&ssl=1 4x"},"classes":[]},{"id":206228,"url":"https:\/\/kohenavocats.com\/zh-hans\/arret-de-la-cour-deuxieme-chambre-du-21-mai-1981-giorgio-morbelli-contre-commission-des-communautes-europeennes-statut-du-personnel-couverture-des-risques-daccident-affaire-156-80\/","url_meta":{"origin":719932,"position":2},"title":"Arr\u00eat de la Cour (deuxi\u00e8me chambre) du 21 mai 1981. &#8211; Giorgio Morbelli contre Commission des Communaut\u00e9s europ\u00e9ennes. &#8211; Statut du personnel &#8211; Couverture des risques d&#8217;accident. &#8211; Affaire 156\/80.","author":"Kohen","date":"2025\u5e7412\u670822\u65e5","format":false,"excerpt":"L'arr\u00eat rendu par la Cour de justice des Communaut\u2026","rel":"","context":"\u5728\u201cCour de justice de l'Union europeenne\u201d\u4e2d","block_context":{"text":"Cour de justice de l'Union europeenne","link":"https:\/\/kohenavocats.com\/category\/cour-de-justice-de-lunion-europeenne\/"},"img":{"alt_text":"","src":"https:\/\/i0.wp.com\/kohenavocats.com\/wp-content\/uploads\/2024\/11\/getty-images-p7RqAdKO-s-unsplash.webp?resize=350%2C200&ssl=1","width":350,"height":200,"srcset":"https:\/\/i0.wp.com\/kohenavocats.com\/wp-content\/uploads\/2024\/11\/getty-images-p7RqAdKO-s-unsplash.webp?resize=350%2C200&ssl=1 1x, https:\/\/i0.wp.com\/kohenavocats.com\/wp-content\/uploads\/2024\/11\/getty-images-p7RqAdKO-s-unsplash.webp?resize=525%2C300&ssl=1 1.5x, https:\/\/i0.wp.com\/kohenavocats.com\/wp-content\/uploads\/2024\/11\/getty-images-p7RqAdKO-s-unsplash.webp?resize=700%2C400&ssl=1 2x, https:\/\/i0.wp.com\/kohenavocats.com\/wp-content\/uploads\/2024\/11\/getty-images-p7RqAdKO-s-unsplash.webp?resize=1050%2C600&ssl=1 3x, https:\/\/i0.wp.com\/kohenavocats.com\/wp-content\/uploads\/2024\/11\/getty-images-p7RqAdKO-s-unsplash.webp?resize=1400%2C800&ssl=1 4x"},"classes":[]},{"id":205702,"url":"https:\/\/kohenavocats.com\/zh-hans\/cour-dappel-administrative-de-lyon-le-17-avril-2025-n24ly01332\/","url_meta":{"origin":719932,"position":3},"title":"Cour d&#8217;appel administrative de Lyon, le 17 avril 2025, n\u00b024LY01332","author":"Kohen","date":"2025\u5e7412\u670822\u65e5","format":false,"excerpt":"Par un arr\u00eat en date du 17 avril 2025, une cour ad\u2026","rel":"","context":"\u5728\u201c6920\u201d\u4e2d","block_context":{"text":"6920","link":"https:\/\/kohenavocats.com\/category\/6920\/"},"img":{"alt_text":"","src":"https:\/\/i0.wp.com\/kohenavocats.com\/wp-content\/uploads\/2024\/06\/giammarco-boscaro-eWpBNXRHfTI-unsplash.jpg?resize=350%2C200&ssl=1","width":350,"height":200,"srcset":"https:\/\/i0.wp.com\/kohenavocats.com\/wp-content\/uploads\/2024\/06\/giammarco-boscaro-eWpBNXRHfTI-unsplash.jpg?resize=350%2C200&ssl=1 1x, https:\/\/i0.wp.com\/kohenavocats.com\/wp-content\/uploads\/2024\/06\/giammarco-boscaro-eWpBNXRHfTI-unsplash.jpg?resize=525%2C300&ssl=1 1.5x, https:\/\/i0.wp.com\/kohenavocats.com\/wp-content\/uploads\/2024\/06\/giammarco-boscaro-eWpBNXRHfTI-unsplash.jpg?resize=700%2C400&ssl=1 2x, https:\/\/i0.wp.com\/kohenavocats.com\/wp-content\/uploads\/2024\/06\/giammarco-boscaro-eWpBNXRHfTI-unsplash.jpg?resize=1050%2C600&ssl=1 3x, https:\/\/i0.wp.com\/kohenavocats.com\/wp-content\/uploads\/2024\/06\/giammarco-boscaro-eWpBNXRHfTI-unsplash.jpg?resize=1400%2C800&ssl=1 4x"},"classes":[]},{"id":716667,"url":"https:\/\/kohenavocats.com\/zh-hans\/arret-t-504-19-du-2021-04-14\/","url_meta":{"origin":719932,"position":4},"title":"Arr\u00eat T-504\/19 du 2021-04-14","author":"Kohen","date":"2026\u5e744\u670828\u65e5","format":false,"excerpt":"La Cour de justice de l'Union europ\u00e9enne, dans son\u2026","rel":"","context":"\u5728\u201cCJUE\u201d\u4e2d","block_context":{"text":"CJUE","link":"https:\/\/kohenavocats.com\/category\/cjue\/"},"img":{"alt_text":"","src":"https:\/\/i0.wp.com\/kohenavocats.com\/wp-content\/uploads\/2024\/11\/mohamed-nohassi-CRktpOMkRIs-unsplash.webp?resize=350%2C200&ssl=1","width":350,"height":200,"srcset":"https:\/\/i0.wp.com\/kohenavocats.com\/wp-content\/uploads\/2024\/11\/mohamed-nohassi-CRktpOMkRIs-unsplash.webp?resize=350%2C200&ssl=1 1x, https:\/\/i0.wp.com\/kohenavocats.com\/wp-content\/uploads\/2024\/11\/mohamed-nohassi-CRktpOMkRIs-unsplash.webp?resize=525%2C300&ssl=1 1.5x, https:\/\/i0.wp.com\/kohenavocats.com\/wp-content\/uploads\/2024\/11\/mohamed-nohassi-CRktpOMkRIs-unsplash.webp?resize=700%2C400&ssl=1 2x, https:\/\/i0.wp.com\/kohenavocats.com\/wp-content\/uploads\/2024\/11\/mohamed-nohassi-CRktpOMkRIs-unsplash.webp?resize=1050%2C600&ssl=1 3x, https:\/\/i0.wp.com\/kohenavocats.com\/wp-content\/uploads\/2024\/11\/mohamed-nohassi-CRktpOMkRIs-unsplash.webp?resize=1400%2C800&ssl=1 4x"},"classes":[]}],"jetpack_sharing_enabled":true,"_links":{"self":[{"href":"https:\/\/kohenavocats.com\/zh-hans\/wp-json\/wp\/v2\/posts\/719932","targetHints":{"allow":["GET"]}}],"collection":[{"href":"https:\/\/kohenavocats.com\/zh-hans\/wp-json\/wp\/v2\/posts"}],"about":[{"href":"https:\/\/kohenavocats.com\/zh-hans\/wp-json\/wp\/v2\/types\/post"}],"author":[{"embeddable":true,"href":"https:\/\/kohenavocats.com\/zh-hans\/wp-json\/wp\/v2\/users\/232070755"}],"replies":[{"embeddable":true,"href":"https:\/\/kohenavocats.com\/zh-hans\/wp-json\/wp\/v2\/comments?post=719932"}],"version-history":[{"count":0,"href":"https:\/\/kohenavocats.com\/zh-hans\/wp-json\/wp\/v2\/posts\/719932\/revisions"}],"wp:featuredmedia":[{"embeddable":true,"href":"https:\/\/kohenavocats.com\/zh-hans\/wp-json\/wp\/v2\/media\/4814"}],"wp:attachment":[{"href":"https:\/\/kohenavocats.com\/zh-hans\/wp-json\/wp\/v2\/media?parent=719932"}],"wp:term":[{"taxonomy":"category","embeddable":true,"href":"https:\/\/kohenavocats.com\/zh-hans\/wp-json\/wp\/v2\/categories?post=719932"},{"taxonomy":"post_tag","embeddable":true,"href":"https:\/\/kohenavocats.com\/zh-hans\/wp-json\/wp\/v2\/tags?post=719932"}],"curies":[{"name":"wp","href":"https:\/\/api.w.org\/{rel}","templated":true}]}}