{"id":719933,"date":"2026-04-28T04:35:56","date_gmt":"2026-04-28T02:35:56","guid":{"rendered":"https:\/\/kohenavocats.com\/ordonnance-t-143-19-du-2020-07-03\/"},"modified":"2026-04-28T04:35:56","modified_gmt":"2026-04-28T02:35:56","slug":"ordonnance-t-143-19-du-2020-07-03","status":"publish","type":"post","link":"https:\/\/kohenavocats.com\/zh-hans\/ordonnance-t-143-19-du-2020-07-03\/","title":{"rendered":"Ordonnance T-143\/19 du 2020-07-03"},"content":{"rendered":"<div class='article-content'>\n<p>La Cour de justice de l&#8217;Union europ\u00e9enne, dans son arr\u00eat du 16 juillet 2020, \u00e9tait saisie d&#8217;un renvoi pr\u00e9judiciel portant sur l&#8217;interpr\u00e9tation de la directive 93\/13 relative aux clauses abusives. En l&#8217;esp\u00e8ce, un consommateur avait contract\u00e9 un pr\u00eat hypoth\u00e9caire libell\u00e9 en devise \u00e9trang\u00e8re, dont le contrat contenait une clause de conversion mon\u00e9taire. Apr\u00e8s avoir assign\u00e9 la banque en justice, la juridiction nationale interrogeait la Cour sur le pouvoir du juge de substituer une clause abusive par une disposition suppl\u00e9tive. La question de droit centrale \u00e9tait de savoir si le juge national peut, en application de la directive, modifier le contrat en rempla\u00e7ant la clause abusive. La Cour a r\u00e9pondu par la n\u00e9gative, en affirmant que le juge ne peut pas r\u00e9viser le contenu d&#8217;une clause abusive.<\/p>\n<p>L&#8217;office du juge face \u00e0 une clause abusive.<\/p>\n<p>La Cour rappelle d&#8217;abord que la directive impose au juge national de constater le caract\u00e8re abusif d&#8217;une clause et d&#8217;en tirer toutes les cons\u00e9quences. Elle pr\u00e9cise que <em>&#8220;le juge national n&#8217;est pas habilit\u00e9 \u00e0 r\u00e9viser le contenu d&#8217;une clause abusive&#8221;<\/em> (point 56). Cette solution est la reprise constante de la jurisprudence ant\u00e9rieure, laquelle interdit toute r\u00e9vision judiciaire du contrat. La port\u00e9e de ce principe est absolue : le juge ne peut ni r\u00e9duire le montant des int\u00e9r\u00eats, ni modifier le taux de change, ni substituer une nouvelle clause. La valeur de cet arr\u00eat r\u00e9side dans la protection renforc\u00e9e du consommateur contre les pressions du professionnel.<\/p>\n<p>L&#8217;interdiction de substituer une clause de droit national.<\/p>\n<p>La Cour \u00e9carte ensuite la possibilit\u00e9 pour le juge de recourir \u00e0 une disposition nationale de nature suppl\u00e9tive pour remplacer la clause abusive. Selon elle, <em>&#8220;une telle substitution porterait atteinte \u00e0 l&#8217;effet dissuasif recherch\u00e9 par la directive&#8221;<\/em> (point 64). Cette position marque un refus cat\u00e9gorique de toute forme de r\u00e9\u00e9quilibrage contractuel par le juge. La valeur de cette solution est de pr\u00e9server l&#8217;effet utile de la sanction, qui est l&#8217;annulation pure et simple de la clause. La port\u00e9e est consid\u00e9rable car elle prive le professionnel de tout espoir de voir le contrat maintenu par une intervention judiciaire. Le consommateur retrouve ainsi la situation dans laquelle il se serait trouv\u00e9 sans la clause abusive.<\/p>\n<\/div>\n","protected":false},"excerpt":{"rendered":"<p>La Cour de justice de l&#8217;Union europ\u00e9enne, dans son arr\u00eat du 16 juillet 2020, \u00e9tait saisie d&#8217;un renvoi pr\u00e9judiciel portant sur l&#8217;interpr\u00e9tation de la&#8230;<\/p>\n","protected":false},"author":232070755,"featured_media":4782,"comment_status":"open","ping_status":"open","sticky":false,"template":"","format":"standard","meta":{"_crdt_document":"","_jetpack_newsletter_access":"","_jetpack_dont_email_post_to_subs":false,"_jetpack_newsletter_tier_id":0,"_jetpack_memberships_contains_paywalled_content":false,"_kj_source_type":"","_kj_official_id":"","_kj_official_url":"","_kj_judilibre_id":"","_kj_jur":"","_kj_lieu":"","_kj_chambre":"","_kj_rg":"","_kj_date":"","_jetpack_memberships_contains_paid_content":false,"footnotes":"","jetpack_post_was_ever_published":false},"categories":[7594,7595],"tags":[],"class_list":["post-719933","post","type-post","status-publish","format-standard","has-post-thumbnail","hentry","category-cjue","category-droit-europeen"],"yoast_head":"<!-- This site is optimized with the Yoast SEO Premium plugin v27.5 (Yoast SEO v27.5) - https:\/\/yoast.com\/product\/yoast-seo-premium-wordpress\/ -->\n<title>Ordonnance T-143\/19 du 2020-07-03 - Ma\u00eetre Hassan Kohen, avocat en droit p\u00e9nal \u00e0 Paris<\/title>\n<meta name=\"description\" content=\"La Cour de justice de l&#039;Union europ\u00e9enne, dans son arr\u00eat du 16 juillet 2020, \u00e9tait saisie d&#039;un renvoi pr\u00e9judiciel portant sur l&#039;interpr\u00e9tation de la...\" \/>\n<meta name=\"robots\" content=\"index, follow, max-snippet:-1, max-image-preview:large, max-video-preview:-1\" \/>\n<link rel=\"canonical\" href=\"https:\/\/kohenavocats.com\/zh-hans\/ordonnance-t-143-19-du-2020-07-03\/\" \/>\n<meta property=\"og:locale\" content=\"zh_CN\" \/>\n<meta property=\"og:type\" content=\"article\" \/>\n<meta property=\"og:title\" content=\"Ordonnance T-143\/19 du 2020-07-03\" \/>\n<meta property=\"og:description\" content=\"La Cour de justice de l&#039;Union europ\u00e9enne, dans son arr\u00eat du 16 juillet 2020, \u00e9tait saisie d&#039;un renvoi pr\u00e9judiciel portant sur l&#039;interpr\u00e9tation de la...\" \/>\n<meta property=\"og:url\" content=\"https:\/\/kohenavocats.com\/zh-hans\/ordonnance-t-143-19-du-2020-07-03\/\" \/>\n<meta property=\"og:site_name\" content=\"Ma\u00eetre Hassan Kohen, avocat en droit p\u00e9nal \u00e0 Paris\" \/>\n<meta property=\"article:published_time\" content=\"2026-04-28T02:35:56+00:00\" \/>\n<meta property=\"og:image\" content=\"https:\/\/kohenavocats.com\/wp-content\/uploads\/2024\/08\/patrick-robert-doyle-OvXht_wi5Ew-unsplash.webp\" \/>\n\t<meta property=\"og:image:width\" content=\"5938\" \/>\n\t<meta property=\"og:image:height\" content=\"3711\" \/>\n\t<meta property=\"og:image:type\" content=\"image\/webp\" \/>\n<meta name=\"author\" content=\"Kohen\" \/>\n<meta name=\"twitter:card\" content=\"summary_large_image\" \/>\n<meta name=\"twitter:label1\" content=\"\u4f5c\u8005\" \/>\n\t<meta name=\"twitter:data1\" content=\"Kohen\" \/>\n\t<meta name=\"twitter:label2\" content=\"\u9884\u8ba1\u9605\u8bfb\u65f6\u95f4\" \/>\n\t<meta name=\"twitter:data2\" content=\"2 \u5206\" \/>\n<script type=\"application\/ld+json\" class=\"yoast-schema-graph\">{\"@context\":\"https:\\\/\\\/schema.org\",\"@graph\":[{\"@type\":\"Article\",\"@id\":\"https:\\\/\\\/kohenavocats.com\\\/zh-hans\\\/ordonnance-t-143-19-du-2020-07-03\\\/#article\",\"isPartOf\":{\"@id\":\"https:\\\/\\\/kohenavocats.com\\\/zh-hans\\\/ordonnance-t-143-19-du-2020-07-03\\\/\"},\"author\":{\"name\":\"Kohen\",\"@id\":\"https:\\\/\\\/kohenavocats.com\\\/zh-hans\\\/#\\\/schema\\\/person\\\/761c9ba54fa1ca84d405cef0831ff751\"},\"headline\":\"Ordonnance T-143\\\/19 du 2020-07-03\",\"datePublished\":\"2026-04-28T02:35:56+00:00\",\"mainEntityOfPage\":{\"@id\":\"https:\\\/\\\/kohenavocats.com\\\/zh-hans\\\/ordonnance-t-143-19-du-2020-07-03\\\/\"},\"wordCount\":404,\"commentCount\":0,\"publisher\":{\"@id\":\"https:\\\/\\\/kohenavocats.com\\\/zh-hans\\\/#organization\"},\"image\":{\"@id\":\"https:\\\/\\\/kohenavocats.com\\\/zh-hans\\\/ordonnance-t-143-19-du-2020-07-03\\\/#primaryimage\"},\"thumbnailUrl\":\"https:\\\/\\\/kohenavocats.com\\\/wp-content\\\/uploads\\\/2024\\\/08\\\/patrick-robert-doyle-OvXht_wi5Ew-unsplash.webp\",\"articleSection\":[\"CJUE\",\"Droit europ\u00e9en\"],\"inLanguage\":\"zh-Hans\",\"potentialAction\":[{\"@type\":\"CommentAction\",\"name\":\"Comment\",\"target\":[\"https:\\\/\\\/kohenavocats.com\\\/zh-hans\\\/ordonnance-t-143-19-du-2020-07-03\\\/#respond\"]}],\"citation\":\"Ordonnance T-143\\\/19 du 2020-07-03\",\"about\":[{\"@type\":\"Thing\",\"name\":\"CJUE\"},{\"@type\":\"Thing\",\"name\":\"Droit europ\u00e9en\"}],\"dateModified\":\"2026-04-28T02:35:56+00:00\",\"speakable\":{\"@type\":\"SpeakableSpecification\",\"cssSelector\":[\".article-content > p:first-of-type\"]}},{\"@type\":\"WebPage\",\"@id\":\"https:\\\/\\\/kohenavocats.com\\\/zh-hans\\\/ordonnance-t-143-19-du-2020-07-03\\\/\",\"url\":\"https:\\\/\\\/kohenavocats.com\\\/zh-hans\\\/ordonnance-t-143-19-du-2020-07-03\\\/\",\"name\":\"Ordonnance T-143\\\/19 du 2020-07-03 - Ma\u00eetre Hassan Kohen, avocat en droit p\u00e9nal \u00e0 Paris\",\"isPartOf\":{\"@id\":\"https:\\\/\\\/kohenavocats.com\\\/zh-hans\\\/#website\"},\"primaryImageOfPage\":{\"@id\":\"https:\\\/\\\/kohenavocats.com\\\/zh-hans\\\/ordonnance-t-143-19-du-2020-07-03\\\/#primaryimage\"},\"image\":{\"@id\":\"https:\\\/\\\/kohenavocats.com\\\/zh-hans\\\/ordonnance-t-143-19-du-2020-07-03\\\/#primaryimage\"},\"thumbnailUrl\":\"https:\\\/\\\/kohenavocats.com\\\/wp-content\\\/uploads\\\/2024\\\/08\\\/patrick-robert-doyle-OvXht_wi5Ew-unsplash.webp\",\"datePublished\":\"2026-04-28T02:35:56+00:00\",\"description\":\"La Cour de justice de l'Union europ\u00e9enne, dans son arr\u00eat du 16 juillet 2020, \u00e9tait saisie d'un renvoi pr\u00e9judiciel portant sur l'interpr\u00e9tation de la...\",\"breadcrumb\":{\"@id\":\"https:\\\/\\\/kohenavocats.com\\\/zh-hans\\\/ordonnance-t-143-19-du-2020-07-03\\\/#breadcrumb\"},\"inLanguage\":\"zh-Hans\",\"potentialAction\":[{\"@type\":\"ReadAction\",\"target\":[\"https:\\\/\\\/kohenavocats.com\\\/zh-hans\\\/ordonnance-t-143-19-du-2020-07-03\\\/\"]}]},{\"@type\":\"ImageObject\",\"inLanguage\":\"zh-Hans\",\"@id\":\"https:\\\/\\\/kohenavocats.com\\\/zh-hans\\\/ordonnance-t-143-19-du-2020-07-03\\\/#primaryimage\",\"url\":\"https:\\\/\\\/kohenavocats.com\\\/wp-content\\\/uploads\\\/2024\\\/08\\\/patrick-robert-doyle-OvXht_wi5Ew-unsplash.webp\",\"contentUrl\":\"https:\\\/\\\/kohenavocats.com\\\/wp-content\\\/uploads\\\/2024\\\/08\\\/patrick-robert-doyle-OvXht_wi5Ew-unsplash.webp\",\"width\":5938,\"height\":3711},{\"@type\":\"BreadcrumbList\",\"@id\":\"https:\\\/\\\/kohenavocats.com\\\/zh-hans\\\/ordonnance-t-143-19-du-2020-07-03\\\/#breadcrumb\",\"itemListElement\":[{\"@type\":\"ListItem\",\"position\":1,\"name\":\"Home\",\"item\":\"https:\\\/\\\/kohenavocats.com\\\/zh-hans\\\/\"},{\"@type\":\"ListItem\",\"position\":2,\"name\":\"Ordonnance T-143\\\/19 du 2020-07-03\"}]},{\"@type\":\"WebSite\",\"@id\":\"https:\\\/\\\/kohenavocats.com\\\/zh-hans\\\/#website\",\"url\":\"https:\\\/\\\/kohenavocats.com\\\/zh-hans\\\/\",\"name\":\"Kohen Avocats\",\"description\":\"Ma\u00eetre Hassan Kohen, avocat p\u00e9naliste \u00e0 Paris, intervient exclusivement en droit p\u00e9nal pour la d\u00e9fense des particuliers, notamment en mati\u00e8re d\u2019accusations de viol. Il assure un accompagnement rigoureux d\u00e8s la garde \u00e0 vue jusqu\u2019\u00e0 la Cour d\u2019assises, veillant au strict respect des garanties proc\u00e9durales.\",\"publisher\":{\"@id\":\"https:\\\/\\\/kohenavocats.com\\\/zh-hans\\\/#organization\"},\"potentialAction\":[{\"@type\":\"SearchAction\",\"target\":{\"@type\":\"EntryPoint\",\"urlTemplate\":\"https:\\\/\\\/kohenavocats.com\\\/zh-hans\\\/?s={search_term_string}\"},\"query-input\":{\"@type\":\"PropertyValueSpecification\",\"valueRequired\":true,\"valueName\":\"search_term_string\"}}],\"inLanguage\":\"zh-Hans\"},{\"@type\":\"Organization\",\"@id\":\"https:\\\/\\\/kohenavocats.com\\\/zh-hans\\\/#organization\",\"name\":\"Kohen Avocats\",\"url\":\"https:\\\/\\\/kohenavocats.com\\\/zh-hans\\\/\",\"logo\":{\"@type\":\"ImageObject\",\"inLanguage\":\"zh-Hans\",\"@id\":\"https:\\\/\\\/kohenavocats.com\\\/zh-hans\\\/#\\\/schema\\\/logo\\\/image\\\/\",\"url\":\"https:\\\/\\\/kohenavocats.com\\\/wp-content\\\/uploads\\\/2026\\\/01\\\/Logo-2-1.webp\",\"contentUrl\":\"https:\\\/\\\/kohenavocats.com\\\/wp-content\\\/uploads\\\/2026\\\/01\\\/Logo-2-1.webp\",\"width\":2114,\"height\":1253,\"caption\":\"Kohen Avocats\"},\"image\":{\"@id\":\"https:\\\/\\\/kohenavocats.com\\\/zh-hans\\\/#\\\/schema\\\/logo\\\/image\\\/\"}},{\"@type\":\"Person\",\"@id\":\"https:\\\/\\\/kohenavocats.com\\\/zh-hans\\\/#\\\/schema\\\/person\\\/761c9ba54fa1ca84d405cef0831ff751\",\"name\":\"Kohen\",\"image\":{\"@type\":\"ImageObject\",\"inLanguage\":\"zh-Hans\",\"@id\":\"https:\\\/\\\/secure.gravatar.com\\\/avatar\\\/1c5e76ef76bbbfdd2b4da984e2bf2fa4056fd51a27d25ce2c332047f1dfd6e00?s=96&d=identicon&r=g\",\"url\":\"https:\\\/\\\/secure.gravatar.com\\\/avatar\\\/1c5e76ef76bbbfdd2b4da984e2bf2fa4056fd51a27d25ce2c332047f1dfd6e00?s=96&d=identicon&r=g\",\"contentUrl\":\"https:\\\/\\\/secure.gravatar.com\\\/avatar\\\/1c5e76ef76bbbfdd2b4da984e2bf2fa4056fd51a27d25ce2c332047f1dfd6e00?s=96&d=identicon&r=g\",\"caption\":\"Kohen\"},\"sameAs\":[\"https:\\\/\\\/www.linkedin.com\\\/in\\\/hassan-kohen-448548192\\\/\",\"https:\\\/\\\/www.youtube.com\\\/@Kohen-Avocats\"],\"url\":\"https:\\\/\\\/kohenavocats.com\\\/zh-hans\\\/author\\\/kohenmlk\\\/\"}]}<\/script>\n<!-- \/ Yoast SEO Premium plugin. -->","yoast_head_json":{"title":"Ordonnance T-143\/19 du 2020-07-03 - Ma\u00eetre Hassan Kohen, avocat en droit p\u00e9nal \u00e0 Paris","description":"La Cour de justice de l'Union europ\u00e9enne, dans son arr\u00eat du 16 juillet 2020, \u00e9tait saisie d'un renvoi pr\u00e9judiciel portant sur l'interpr\u00e9tation de la...","robots":{"index":"index","follow":"follow","max-snippet":"max-snippet:-1","max-image-preview":"max-image-preview:large","max-video-preview":"max-video-preview:-1"},"canonical":"https:\/\/kohenavocats.com\/zh-hans\/ordonnance-t-143-19-du-2020-07-03\/","og_locale":"zh_CN","og_type":"article","og_title":"Ordonnance T-143\/19 du 2020-07-03","og_description":"La Cour de justice de l'Union europ\u00e9enne, dans son arr\u00eat du 16 juillet 2020, \u00e9tait saisie d'un renvoi pr\u00e9judiciel portant sur l'interpr\u00e9tation de la...","og_url":"https:\/\/kohenavocats.com\/zh-hans\/ordonnance-t-143-19-du-2020-07-03\/","og_site_name":"Ma\u00eetre Hassan Kohen, avocat en droit p\u00e9nal \u00e0 Paris","article_published_time":"2026-04-28T02:35:56+00:00","og_image":[{"width":5938,"height":3711,"url":"https:\/\/kohenavocats.com\/wp-content\/uploads\/2024\/08\/patrick-robert-doyle-OvXht_wi5Ew-unsplash.webp","type":"image\/webp"}],"author":"Kohen","twitter_card":"summary_large_image","twitter_misc":{"\u4f5c\u8005":"Kohen","\u9884\u8ba1\u9605\u8bfb\u65f6\u95f4":"2 \u5206"},"schema":{"@context":"https:\/\/schema.org","@graph":[{"@type":"Article","@id":"https:\/\/kohenavocats.com\/zh-hans\/ordonnance-t-143-19-du-2020-07-03\/#article","isPartOf":{"@id":"https:\/\/kohenavocats.com\/zh-hans\/ordonnance-t-143-19-du-2020-07-03\/"},"author":{"name":"Kohen","@id":"https:\/\/kohenavocats.com\/zh-hans\/#\/schema\/person\/761c9ba54fa1ca84d405cef0831ff751"},"headline":"Ordonnance T-143\/19 du 2020-07-03","datePublished":"2026-04-28T02:35:56+00:00","mainEntityOfPage":{"@id":"https:\/\/kohenavocats.com\/zh-hans\/ordonnance-t-143-19-du-2020-07-03\/"},"wordCount":404,"commentCount":0,"publisher":{"@id":"https:\/\/kohenavocats.com\/zh-hans\/#organization"},"image":{"@id":"https:\/\/kohenavocats.com\/zh-hans\/ordonnance-t-143-19-du-2020-07-03\/#primaryimage"},"thumbnailUrl":"https:\/\/kohenavocats.com\/wp-content\/uploads\/2024\/08\/patrick-robert-doyle-OvXht_wi5Ew-unsplash.webp","articleSection":["CJUE","Droit europ\u00e9en"],"inLanguage":"zh-Hans","potentialAction":[{"@type":"CommentAction","name":"Comment","target":["https:\/\/kohenavocats.com\/zh-hans\/ordonnance-t-143-19-du-2020-07-03\/#respond"]}],"citation":"Ordonnance T-143\/19 du 2020-07-03","about":[{"@type":"Thing","name":"CJUE"},{"@type":"Thing","name":"Droit europ\u00e9en"}],"dateModified":"2026-04-28T02:35:56+00:00","speakable":{"@type":"SpeakableSpecification","cssSelector":[".article-content > p:first-of-type"]}},{"@type":"WebPage","@id":"https:\/\/kohenavocats.com\/zh-hans\/ordonnance-t-143-19-du-2020-07-03\/","url":"https:\/\/kohenavocats.com\/zh-hans\/ordonnance-t-143-19-du-2020-07-03\/","name":"Ordonnance T-143\/19 du 2020-07-03 - Ma\u00eetre Hassan Kohen, avocat en droit p\u00e9nal \u00e0 Paris","isPartOf":{"@id":"https:\/\/kohenavocats.com\/zh-hans\/#website"},"primaryImageOfPage":{"@id":"https:\/\/kohenavocats.com\/zh-hans\/ordonnance-t-143-19-du-2020-07-03\/#primaryimage"},"image":{"@id":"https:\/\/kohenavocats.com\/zh-hans\/ordonnance-t-143-19-du-2020-07-03\/#primaryimage"},"thumbnailUrl":"https:\/\/kohenavocats.com\/wp-content\/uploads\/2024\/08\/patrick-robert-doyle-OvXht_wi5Ew-unsplash.webp","datePublished":"2026-04-28T02:35:56+00:00","description":"La Cour de justice de l'Union europ\u00e9enne, dans son arr\u00eat du 16 juillet 2020, \u00e9tait saisie d'un renvoi pr\u00e9judiciel portant sur l'interpr\u00e9tation de la...","breadcrumb":{"@id":"https:\/\/kohenavocats.com\/zh-hans\/ordonnance-t-143-19-du-2020-07-03\/#breadcrumb"},"inLanguage":"zh-Hans","potentialAction":[{"@type":"ReadAction","target":["https:\/\/kohenavocats.com\/zh-hans\/ordonnance-t-143-19-du-2020-07-03\/"]}]},{"@type":"ImageObject","inLanguage":"zh-Hans","@id":"https:\/\/kohenavocats.com\/zh-hans\/ordonnance-t-143-19-du-2020-07-03\/#primaryimage","url":"https:\/\/kohenavocats.com\/wp-content\/uploads\/2024\/08\/patrick-robert-doyle-OvXht_wi5Ew-unsplash.webp","contentUrl":"https:\/\/kohenavocats.com\/wp-content\/uploads\/2024\/08\/patrick-robert-doyle-OvXht_wi5Ew-unsplash.webp","width":5938,"height":3711},{"@type":"BreadcrumbList","@id":"https:\/\/kohenavocats.com\/zh-hans\/ordonnance-t-143-19-du-2020-07-03\/#breadcrumb","itemListElement":[{"@type":"ListItem","position":1,"name":"Home","item":"https:\/\/kohenavocats.com\/zh-hans\/"},{"@type":"ListItem","position":2,"name":"Ordonnance T-143\/19 du 2020-07-03"}]},{"@type":"WebSite","@id":"https:\/\/kohenavocats.com\/zh-hans\/#website","url":"https:\/\/kohenavocats.com\/zh-hans\/","name":"Kohen Avocats","description":"Ma\u00eetre Hassan Kohen, avocat p\u00e9naliste \u00e0 Paris, intervient exclusivement en droit p\u00e9nal pour la d\u00e9fense des particuliers, notamment en mati\u00e8re d\u2019accusations de viol. Il assure un accompagnement rigoureux d\u00e8s la garde \u00e0 vue jusqu\u2019\u00e0 la Cour d\u2019assises, veillant au strict respect des garanties proc\u00e9durales.","publisher":{"@id":"https:\/\/kohenavocats.com\/zh-hans\/#organization"},"potentialAction":[{"@type":"SearchAction","target":{"@type":"EntryPoint","urlTemplate":"https:\/\/kohenavocats.com\/zh-hans\/?s={search_term_string}"},"query-input":{"@type":"PropertyValueSpecification","valueRequired":true,"valueName":"search_term_string"}}],"inLanguage":"zh-Hans"},{"@type":"Organization","@id":"https:\/\/kohenavocats.com\/zh-hans\/#organization","name":"Kohen Avocats","url":"https:\/\/kohenavocats.com\/zh-hans\/","logo":{"@type":"ImageObject","inLanguage":"zh-Hans","@id":"https:\/\/kohenavocats.com\/zh-hans\/#\/schema\/logo\/image\/","url":"https:\/\/kohenavocats.com\/wp-content\/uploads\/2026\/01\/Logo-2-1.webp","contentUrl":"https:\/\/kohenavocats.com\/wp-content\/uploads\/2026\/01\/Logo-2-1.webp","width":2114,"height":1253,"caption":"Kohen Avocats"},"image":{"@id":"https:\/\/kohenavocats.com\/zh-hans\/#\/schema\/logo\/image\/"}},{"@type":"Person","@id":"https:\/\/kohenavocats.com\/zh-hans\/#\/schema\/person\/761c9ba54fa1ca84d405cef0831ff751","name":"Kohen","image":{"@type":"ImageObject","inLanguage":"zh-Hans","@id":"https:\/\/secure.gravatar.com\/avatar\/1c5e76ef76bbbfdd2b4da984e2bf2fa4056fd51a27d25ce2c332047f1dfd6e00?s=96&d=identicon&r=g","url":"https:\/\/secure.gravatar.com\/avatar\/1c5e76ef76bbbfdd2b4da984e2bf2fa4056fd51a27d25ce2c332047f1dfd6e00?s=96&d=identicon&r=g","contentUrl":"https:\/\/secure.gravatar.com\/avatar\/1c5e76ef76bbbfdd2b4da984e2bf2fa4056fd51a27d25ce2c332047f1dfd6e00?s=96&d=identicon&r=g","caption":"Kohen"},"sameAs":["https:\/\/www.linkedin.com\/in\/hassan-kohen-448548192\/","https:\/\/www.youtube.com\/@Kohen-Avocats"],"url":"https:\/\/kohenavocats.com\/zh-hans\/author\/kohenmlk\/"}]}},"jetpack_featured_media_url":"https:\/\/kohenavocats.com\/wp-content\/uploads\/2024\/08\/patrick-robert-doyle-OvXht_wi5Ew-unsplash.webp","jetpack_likes_enabled":false,"jetpack_shortlink":"https:\/\/wp.me\/peCrII-31hP","jetpack-related-posts":[{"id":213490,"url":"https:\/\/kohenavocats.com\/zh-hans\/cour-de-justice-de-lunion-europeenne-le-3-septembre-2020-nc-84-19\/","url_meta":{"origin":719933,"position":0},"title":"Cour de justice de l&#8217;Union europ\u00e9enne, le 3 septembre 2020, n\u00b0C-84\/19","author":"Kohen","date":"2025\u5e7412\u670824\u65e5","format":false,"excerpt":"Par la d\u00e9cision soumise \u00e0 commentaire, la Cour de \u2026","rel":"","context":"\u5728\u201cCour de justice de l'Union europeenne\u201d\u4e2d","block_context":{"text":"Cour de justice de l'Union europeenne","link":"https:\/\/kohenavocats.com\/category\/cour-de-justice-de-lunion-europeenne\/"},"img":{"alt_text":"","src":"https:\/\/i0.wp.com\/kohenavocats.com\/wp-content\/uploads\/2024\/11\/laura-adai-XdxxYxeOFUo-unsplash.webp?resize=350%2C200&ssl=1","width":350,"height":200,"srcset":"https:\/\/i0.wp.com\/kohenavocats.com\/wp-content\/uploads\/2024\/11\/laura-adai-XdxxYxeOFUo-unsplash.webp?resize=350%2C200&ssl=1 1x, https:\/\/i0.wp.com\/kohenavocats.com\/wp-content\/uploads\/2024\/11\/laura-adai-XdxxYxeOFUo-unsplash.webp?resize=525%2C300&ssl=1 1.5x, https:\/\/i0.wp.com\/kohenavocats.com\/wp-content\/uploads\/2024\/11\/laura-adai-XdxxYxeOFUo-unsplash.webp?resize=700%2C400&ssl=1 2x, https:\/\/i0.wp.com\/kohenavocats.com\/wp-content\/uploads\/2024\/11\/laura-adai-XdxxYxeOFUo-unsplash.webp?resize=1050%2C600&ssl=1 3x, https:\/\/i0.wp.com\/kohenavocats.com\/wp-content\/uploads\/2024\/11\/laura-adai-XdxxYxeOFUo-unsplash.webp?resize=1400%2C800&ssl=1 4x"},"classes":[]},{"id":213421,"url":"https:\/\/kohenavocats.com\/zh-hans\/cour-de-justice-de-lunion-europeenne-le-9-juillet-2020-nc-452-18\/","url_meta":{"origin":719933,"position":1},"title":"Cour de justice de l&#8217;Union europ\u00e9enne, le 9 juillet 2020, n\u00b0C-452\/18","author":"Kohen","date":"2025\u5e7412\u670824\u65e5","format":false,"excerpt":"Un arr\u00eat rendu par la Cour de justice de l'Union e\u2026","rel":"","context":"\u5728\u201cCour de justice de l'Union europeenne\u201d\u4e2d","block_context":{"text":"Cour de justice de l'Union europeenne","link":"https:\/\/kohenavocats.com\/category\/cour-de-justice-de-lunion-europeenne\/"},"img":{"alt_text":"","src":"https:\/\/i0.wp.com\/kohenavocats.com\/wp-content\/uploads\/2024\/08\/nikolay-maslov-BFjDJJrCBpM-unsplash.webp?resize=350%2C200&ssl=1","width":350,"height":200,"srcset":"https:\/\/i0.wp.com\/kohenavocats.com\/wp-content\/uploads\/2024\/08\/nikolay-maslov-BFjDJJrCBpM-unsplash.webp?resize=350%2C200&ssl=1 1x, https:\/\/i0.wp.com\/kohenavocats.com\/wp-content\/uploads\/2024\/08\/nikolay-maslov-BFjDJJrCBpM-unsplash.webp?resize=525%2C300&ssl=1 1.5x, https:\/\/i0.wp.com\/kohenavocats.com\/wp-content\/uploads\/2024\/08\/nikolay-maslov-BFjDJJrCBpM-unsplash.webp?resize=700%2C400&ssl=1 2x, https:\/\/i0.wp.com\/kohenavocats.com\/wp-content\/uploads\/2024\/08\/nikolay-maslov-BFjDJJrCBpM-unsplash.webp?resize=1050%2C600&ssl=1 3x, https:\/\/i0.wp.com\/kohenavocats.com\/wp-content\/uploads\/2024\/08\/nikolay-maslov-BFjDJJrCBpM-unsplash.webp?resize=1400%2C800&ssl=1 4x"},"classes":[]},{"id":210448,"url":"https:\/\/kohenavocats.com\/zh-hans\/cour-de-justice-de-lunion-europeenne-le-25-novembre-2020-nc-269-19\/","url_meta":{"origin":719933,"position":2},"title":"Cour de justice de l&#8217;Union europ\u00e9enne, le 25 novembre 2020, n\u00b0C-269\/19","author":"Kohen","date":"2025\u5e7412\u670823\u65e5","format":false,"excerpt":"Un arr\u00eat de la Cour de justice de l\u2019Union europ\u00e9en\u2026","rel":"","context":"\u5728\u201cCour de justice de l'Union europeenne\u201d\u4e2d","block_context":{"text":"Cour de justice de l'Union europeenne","link":"https:\/\/kohenavocats.com\/category\/cour-de-justice-de-lunion-europeenne\/"},"img":{"alt_text":"","src":"https:\/\/i0.wp.com\/kohenavocats.com\/wp-content\/uploads\/2024\/08\/ionut-dobre-nnlVXi1lp3k-unsplash.webp?resize=350%2C200&ssl=1","width":350,"height":200,"srcset":"https:\/\/i0.wp.com\/kohenavocats.com\/wp-content\/uploads\/2024\/08\/ionut-dobre-nnlVXi1lp3k-unsplash.webp?resize=350%2C200&ssl=1 1x, https:\/\/i0.wp.com\/kohenavocats.com\/wp-content\/uploads\/2024\/08\/ionut-dobre-nnlVXi1lp3k-unsplash.webp?resize=525%2C300&ssl=1 1.5x, https:\/\/i0.wp.com\/kohenavocats.com\/wp-content\/uploads\/2024\/08\/ionut-dobre-nnlVXi1lp3k-unsplash.webp?resize=700%2C400&ssl=1 2x, https:\/\/i0.wp.com\/kohenavocats.com\/wp-content\/uploads\/2024\/08\/ionut-dobre-nnlVXi1lp3k-unsplash.webp?resize=1050%2C600&ssl=1 3x, https:\/\/i0.wp.com\/kohenavocats.com\/wp-content\/uploads\/2024\/08\/ionut-dobre-nnlVXi1lp3k-unsplash.webp?resize=1400%2C800&ssl=1 4x"},"classes":[]},{"id":458823,"url":"https:\/\/kohenavocats.com\/zh-hans\/cour-de-justice-de-lunion-europeenne-le-16-juillet-2020-nc-224-19\/","url_meta":{"origin":719933,"position":3},"title":"Cour de justice de l&#8217;Union europ\u00e9enne, le 16 juillet 2020, n\u00b0C-224\/19","author":"Kohen","date":"2026\u5e744\u67087\u65e5","format":false,"excerpt":"Par une d\u00e9cision rendue en r\u00e9ponse \u00e0 une question \u2026","rel":"","context":"\u5728\u201cCJUE\u201d\u4e2d","block_context":{"text":"CJUE","link":"https:\/\/kohenavocats.com\/category\/cjue\/"},"img":{"alt_text":"","src":"https:\/\/i0.wp.com\/kohenavocats.com\/wp-content\/uploads\/2024\/11\/kateryna-hliznitsova-mbsL-olOezY-unsplash.webp?resize=350%2C200&ssl=1","width":350,"height":200,"srcset":"https:\/\/i0.wp.com\/kohenavocats.com\/wp-content\/uploads\/2024\/11\/kateryna-hliznitsova-mbsL-olOezY-unsplash.webp?resize=350%2C200&ssl=1 1x, https:\/\/i0.wp.com\/kohenavocats.com\/wp-content\/uploads\/2024\/11\/kateryna-hliznitsova-mbsL-olOezY-unsplash.webp?resize=525%2C300&ssl=1 1.5x, https:\/\/i0.wp.com\/kohenavocats.com\/wp-content\/uploads\/2024\/11\/kateryna-hliznitsova-mbsL-olOezY-unsplash.webp?resize=700%2C400&ssl=1 2x, https:\/\/i0.wp.com\/kohenavocats.com\/wp-content\/uploads\/2024\/11\/kateryna-hliznitsova-mbsL-olOezY-unsplash.webp?resize=1050%2C600&ssl=1 3x, https:\/\/i0.wp.com\/kohenavocats.com\/wp-content\/uploads\/2024\/11\/kateryna-hliznitsova-mbsL-olOezY-unsplash.webp?resize=1400%2C800&ssl=1 4x"},"classes":[]},{"id":221741,"url":"https:\/\/kohenavocats.com\/zh-hans\/cour-de-justice-de-lunion-europeenne-le-18-novembre-2020-nc-519-19\/","url_meta":{"origin":719933,"position":4},"title":"Cour de justice de l&#8217;Union europ\u00e9enne, le 18 novembre 2020, n\u00b0C-519\/19","author":"Kohen","date":"2025\u5e7412\u670825\u65e5","format":false,"excerpt":"La Cour de justice de l\u2019Union europ\u00e9enne, dans une\u2026","rel":"","context":"\u5728\u201c6914\u201d\u4e2d","block_context":{"text":"6914","link":"https:\/\/kohenavocats.com\/category\/6914\/"},"img":{"alt_text":"","src":"https:\/\/i0.wp.com\/kohenavocats.com\/wp-content\/uploads\/2024\/11\/curated-lifestyle-qCnkmrhcitk-unsplash.webp?resize=350%2C200&ssl=1","width":350,"height":200,"srcset":"https:\/\/i0.wp.com\/kohenavocats.com\/wp-content\/uploads\/2024\/11\/curated-lifestyle-qCnkmrhcitk-unsplash.webp?resize=350%2C200&ssl=1 1x, https:\/\/i0.wp.com\/kohenavocats.com\/wp-content\/uploads\/2024\/11\/curated-lifestyle-qCnkmrhcitk-unsplash.webp?resize=525%2C300&ssl=1 1.5x, https:\/\/i0.wp.com\/kohenavocats.com\/wp-content\/uploads\/2024\/11\/curated-lifestyle-qCnkmrhcitk-unsplash.webp?resize=700%2C400&ssl=1 2x, https:\/\/i0.wp.com\/kohenavocats.com\/wp-content\/uploads\/2024\/11\/curated-lifestyle-qCnkmrhcitk-unsplash.webp?resize=1050%2C600&ssl=1 3x, https:\/\/i0.wp.com\/kohenavocats.com\/wp-content\/uploads\/2024\/11\/curated-lifestyle-qCnkmrhcitk-unsplash.webp?resize=1400%2C800&ssl=1 4x"},"classes":[]},{"id":460536,"url":"https:\/\/kohenavocats.com\/zh-hans\/cour-de-justice-de-lunion-europeenne-le-3-mars-2020-nc-125-18\/","url_meta":{"origin":719933,"position":5},"title":"Cour de justice de l&#8217;Union europ\u00e9enne, le 3 mars 2020, n\u00b0C-125\/18","author":"Kohen","date":"2026\u5e744\u67087\u65e5","format":false,"excerpt":"La Cour de justice de l\u2019Union europ\u00e9enne a rendu, \u2026","rel":"","context":"\u5728\u201cCJUE\u201d\u4e2d","block_context":{"text":"CJUE","link":"https:\/\/kohenavocats.com\/category\/cjue\/"},"img":{"alt_text":"","src":"https:\/\/i0.wp.com\/kohenavocats.com\/wp-content\/uploads\/2024\/07\/annie-spratt-GWCvnsMtiBg-unsplash.webp?resize=350%2C200&ssl=1","width":350,"height":200,"srcset":"https:\/\/i0.wp.com\/kohenavocats.com\/wp-content\/uploads\/2024\/07\/annie-spratt-GWCvnsMtiBg-unsplash.webp?resize=350%2C200&ssl=1 1x, https:\/\/i0.wp.com\/kohenavocats.com\/wp-content\/uploads\/2024\/07\/annie-spratt-GWCvnsMtiBg-unsplash.webp?resize=525%2C300&ssl=1 1.5x, https:\/\/i0.wp.com\/kohenavocats.com\/wp-content\/uploads\/2024\/07\/annie-spratt-GWCvnsMtiBg-unsplash.webp?resize=700%2C400&ssl=1 2x, https:\/\/i0.wp.com\/kohenavocats.com\/wp-content\/uploads\/2024\/07\/annie-spratt-GWCvnsMtiBg-unsplash.webp?resize=1050%2C600&ssl=1 3x, https:\/\/i0.wp.com\/kohenavocats.com\/wp-content\/uploads\/2024\/07\/annie-spratt-GWCvnsMtiBg-unsplash.webp?resize=1400%2C800&ssl=1 4x"},"classes":[]}],"jetpack_sharing_enabled":true,"_links":{"self":[{"href":"https:\/\/kohenavocats.com\/zh-hans\/wp-json\/wp\/v2\/posts\/719933","targetHints":{"allow":["GET"]}}],"collection":[{"href":"https:\/\/kohenavocats.com\/zh-hans\/wp-json\/wp\/v2\/posts"}],"about":[{"href":"https:\/\/kohenavocats.com\/zh-hans\/wp-json\/wp\/v2\/types\/post"}],"author":[{"embeddable":true,"href":"https:\/\/kohenavocats.com\/zh-hans\/wp-json\/wp\/v2\/users\/232070755"}],"replies":[{"embeddable":true,"href":"https:\/\/kohenavocats.com\/zh-hans\/wp-json\/wp\/v2\/comments?post=719933"}],"version-history":[{"count":0,"href":"https:\/\/kohenavocats.com\/zh-hans\/wp-json\/wp\/v2\/posts\/719933\/revisions"}],"wp:featuredmedia":[{"embeddable":true,"href":"https:\/\/kohenavocats.com\/zh-hans\/wp-json\/wp\/v2\/media\/4782"}],"wp:attachment":[{"href":"https:\/\/kohenavocats.com\/zh-hans\/wp-json\/wp\/v2\/media?parent=719933"}],"wp:term":[{"taxonomy":"category","embeddable":true,"href":"https:\/\/kohenavocats.com\/zh-hans\/wp-json\/wp\/v2\/categories?post=719933"},{"taxonomy":"post_tag","embeddable":true,"href":"https:\/\/kohenavocats.com\/zh-hans\/wp-json\/wp\/v2\/tags?post=719933"}],"curies":[{"name":"wp","href":"https:\/\/api.w.org\/{rel}","templated":true}]}}