{"id":719935,"date":"2026-04-28T04:36:06","date_gmt":"2026-04-28T02:36:06","guid":{"rendered":"https:\/\/kohenavocats.com\/arret-c-684-19-du-2020-07-02\/"},"modified":"2026-04-28T04:36:06","modified_gmt":"2026-04-28T02:36:06","slug":"arret-c-684-19-du-2020-07-02","status":"publish","type":"post","link":"https:\/\/kohenavocats.com\/zh-hans\/arret-c-684-19-du-2020-07-02\/","title":{"rendered":"Arr\u00eat C-684\/19 du 2020-07-02"},"content":{"rendered":"<div class='article-content'>\n<p>La Cour de justice de l&#8217;Union europ\u00e9enne, dixi\u00e8me chambre, a rendu le 2 juillet 2020 un arr\u00eat pr\u00e9judiciel sur l&#8217;interpr\u00e9tation de l&#8217;article 5, paragraphe 1, de la directive 2008\/95. Un cabinet d&#8217;avocats titulaire d&#8217;une marque avait obtenu l&#8217;interdiction pour un concurrent d&#8217;utiliser un signe identique. Ce concurrent avait fait placer une annonce litigieuse sur un annuaire en ligne puis l&#8217;avait retir\u00e9e. L&#8217;annonce avait \u00e9t\u00e9 reprise sur d&#8217;autres sites Internet par leurs exploitants. La juridiction de renvoi interrogeait la Cour sur l&#8217;imputabilit\u00e9 de cette reprise \u00e0 l&#8217;annonceur initial au titre de l&#8217;usage de la marque.<\/p>\n<p>I. L&#8217;absence d&#8217;usage par l&#8217;annonceur en cas de reprise autonome.<\/p>\n<p>La Cour rappelle que l&#8217;usage d&#8217;un signe implique un comportement actif et une ma\u00eetrise de l&#8217;acte. Elle \u00e9nonce que <em>&#8220;ne sauraient en revanche, sous l&#8217;angle de l&#8217;article 5, paragraphe 1, de la directive 2008\/95, \u00eatre imput\u00e9s \u00e0 ladite personne des actes autonomes d&#8217;autres op\u00e9rateurs \u00e9conomiques&#8221;<\/em> (point 22). L&#8217;annonceur n&#8217;est pas l&#8217;auteur de l&#8217;usage lorsque des exploitants de sites Internet reprennent l&#8217;annonce de leur propre initiative et en leur propre nom. Le seul fait que la reprise procure un avantage \u00e9conomique \u00e0 l&#8217;annonceur est insuffisant pour caract\u00e9riser un usage de sa part.<\/p>\n<p>II. La port\u00e9e de la solution et l&#8217;identification de l&#8217;auteur de l&#8217;usage.<\/p>\n<p>La solution de la Cour a une valeur de clarification sur la notion de ma\u00eetrise de l&#8217;acte d&#8217;usage. Elle impose \u00e0 la juridiction nationale de v\u00e9rifier l&#8217;existence d&#8217;une relation directe ou indirecte entre l&#8217;annonceur et les exploitants des sites de reprise. En l&#8217;absence de cette relation, le titulaire de la marque peut agir contre les exploitants des sites, car ceux-ci font alors un usage prohib\u00e9 du signe. La Cour pr\u00e9cise que le caract\u00e8re initialement licite ou illicite de l&#8217;annonce est <em>&#8220;d\u00e9pourvu de pertinence&#8221;<\/em> (point 30) pour d\u00e9terminer qui est l&#8217;auteur de l&#8217;usage lors de la reprise.<\/p>\n<\/div>\n","protected":false},"excerpt":{"rendered":"<p>La Cour de justice de l&#8217;Union europ\u00e9enne, dixi\u00e8me chambre, a rendu le 2 juillet 2020 un arr\u00eat pr\u00e9judiciel sur l&#8217;interpr\u00e9tation de l&#8217;article 5, paragraphe&#8230;<\/p>\n","protected":false},"author":232070755,"featured_media":4775,"comment_status":"open","ping_status":"open","sticky":false,"template":"","format":"standard","meta":{"_crdt_document":"","_jetpack_newsletter_access":"","_jetpack_dont_email_post_to_subs":false,"_jetpack_newsletter_tier_id":0,"_jetpack_memberships_contains_paywalled_content":false,"_kj_source_type":"","_kj_official_id":"","_kj_official_url":"","_kj_judilibre_id":"","_kj_jur":"","_kj_lieu":"","_kj_chambre":"","_kj_rg":"","_kj_date":"","_jetpack_memberships_contains_paid_content":false,"footnotes":"","jetpack_post_was_ever_published":false},"categories":[7594,7595],"tags":[],"class_list":["post-719935","post","type-post","status-publish","format-standard","has-post-thumbnail","hentry","category-cjue","category-droit-europeen"],"yoast_head":"<!-- This site is optimized with the Yoast SEO Premium plugin v27.5 (Yoast SEO v27.5) - https:\/\/yoast.com\/product\/yoast-seo-premium-wordpress\/ -->\n<title>Arr\u00eat C-684\/19 du 2020-07-02 - Ma\u00eetre Hassan Kohen, avocat en droit p\u00e9nal \u00e0 Paris<\/title>\n<meta name=\"description\" content=\"La Cour de justice de l&#039;Union europ\u00e9enne, dixi\u00e8me chambre, a rendu le 2 juillet 2020 un arr\u00eat pr\u00e9judiciel sur l&#039;interpr\u00e9tation de l&#039;article 5, paragraphe...\" \/>\n<meta name=\"robots\" content=\"index, follow, max-snippet:-1, max-image-preview:large, max-video-preview:-1\" \/>\n<link rel=\"canonical\" href=\"https:\/\/kohenavocats.com\/zh-hans\/arret-c-684-19-du-2020-07-02\/\" \/>\n<meta property=\"og:locale\" content=\"zh_CN\" \/>\n<meta property=\"og:type\" content=\"article\" \/>\n<meta property=\"og:title\" content=\"Arr\u00eat C-684\/19 du 2020-07-02\" \/>\n<meta property=\"og:description\" content=\"La Cour de justice de l&#039;Union europ\u00e9enne, dixi\u00e8me chambre, a rendu le 2 juillet 2020 un arr\u00eat pr\u00e9judiciel sur l&#039;interpr\u00e9tation de l&#039;article 5, paragraphe...\" \/>\n<meta property=\"og:url\" content=\"https:\/\/kohenavocats.com\/zh-hans\/arret-c-684-19-du-2020-07-02\/\" \/>\n<meta property=\"og:site_name\" content=\"Ma\u00eetre Hassan Kohen, avocat en droit p\u00e9nal \u00e0 Paris\" \/>\n<meta property=\"article:published_time\" content=\"2026-04-28T02:36:06+00:00\" \/>\n<meta property=\"og:image\" content=\"https:\/\/kohenavocats.com\/wp-content\/uploads\/2024\/08\/kris-atomic-6xJ9GUbbFEo-unsplash.webp\" \/>\n\t<meta property=\"og:image:width\" content=\"5700\" \/>\n\t<meta property=\"og:image:height\" content=\"3800\" \/>\n\t<meta property=\"og:image:type\" content=\"image\/webp\" \/>\n<meta name=\"author\" content=\"Kohen\" \/>\n<meta name=\"twitter:card\" content=\"summary_large_image\" \/>\n<meta name=\"twitter:label1\" content=\"\u4f5c\u8005\" \/>\n\t<meta name=\"twitter:data1\" content=\"Kohen\" \/>\n\t<meta name=\"twitter:label2\" content=\"\u9884\u8ba1\u9605\u8bfb\u65f6\u95f4\" \/>\n\t<meta name=\"twitter:data2\" content=\"2 \u5206\" \/>\n<script type=\"application\/ld+json\" class=\"yoast-schema-graph\">{\"@context\":\"https:\\\/\\\/schema.org\",\"@graph\":[{\"@type\":\"Article\",\"@id\":\"https:\\\/\\\/kohenavocats.com\\\/zh-hans\\\/arret-c-684-19-du-2020-07-02\\\/#article\",\"isPartOf\":{\"@id\":\"https:\\\/\\\/kohenavocats.com\\\/zh-hans\\\/arret-c-684-19-du-2020-07-02\\\/\"},\"author\":{\"name\":\"Kohen\",\"@id\":\"https:\\\/\\\/kohenavocats.com\\\/zh-hans\\\/#\\\/schema\\\/person\\\/761c9ba54fa1ca84d405cef0831ff751\"},\"headline\":\"Arr\u00eat C-684\\\/19 du 2020-07-02\",\"datePublished\":\"2026-04-28T02:36:06+00:00\",\"mainEntityOfPage\":{\"@id\":\"https:\\\/\\\/kohenavocats.com\\\/zh-hans\\\/arret-c-684-19-du-2020-07-02\\\/\"},\"wordCount\":352,\"commentCount\":0,\"publisher\":{\"@id\":\"https:\\\/\\\/kohenavocats.com\\\/zh-hans\\\/#organization\"},\"image\":{\"@id\":\"https:\\\/\\\/kohenavocats.com\\\/zh-hans\\\/arret-c-684-19-du-2020-07-02\\\/#primaryimage\"},\"thumbnailUrl\":\"https:\\\/\\\/kohenavocats.com\\\/wp-content\\\/uploads\\\/2024\\\/08\\\/kris-atomic-6xJ9GUbbFEo-unsplash.webp\",\"articleSection\":[\"CJUE\",\"Droit europ\u00e9en\"],\"inLanguage\":\"zh-Hans\",\"potentialAction\":[{\"@type\":\"CommentAction\",\"name\":\"Comment\",\"target\":[\"https:\\\/\\\/kohenavocats.com\\\/zh-hans\\\/arret-c-684-19-du-2020-07-02\\\/#respond\"]}],\"citation\":\"Arr\u00eat C-684\\\/19 du 2020-07-02\",\"about\":[{\"@type\":\"Thing\",\"name\":\"CJUE\"},{\"@type\":\"Thing\",\"name\":\"Droit europ\u00e9en\"}],\"dateModified\":\"2026-04-28T02:36:06+00:00\",\"speakable\":{\"@type\":\"SpeakableSpecification\",\"cssSelector\":[\".article-content > p:first-of-type\"]}},{\"@type\":\"WebPage\",\"@id\":\"https:\\\/\\\/kohenavocats.com\\\/zh-hans\\\/arret-c-684-19-du-2020-07-02\\\/\",\"url\":\"https:\\\/\\\/kohenavocats.com\\\/zh-hans\\\/arret-c-684-19-du-2020-07-02\\\/\",\"name\":\"Arr\u00eat C-684\\\/19 du 2020-07-02 - Ma\u00eetre Hassan Kohen, avocat en droit p\u00e9nal \u00e0 Paris\",\"isPartOf\":{\"@id\":\"https:\\\/\\\/kohenavocats.com\\\/zh-hans\\\/#website\"},\"primaryImageOfPage\":{\"@id\":\"https:\\\/\\\/kohenavocats.com\\\/zh-hans\\\/arret-c-684-19-du-2020-07-02\\\/#primaryimage\"},\"image\":{\"@id\":\"https:\\\/\\\/kohenavocats.com\\\/zh-hans\\\/arret-c-684-19-du-2020-07-02\\\/#primaryimage\"},\"thumbnailUrl\":\"https:\\\/\\\/kohenavocats.com\\\/wp-content\\\/uploads\\\/2024\\\/08\\\/kris-atomic-6xJ9GUbbFEo-unsplash.webp\",\"datePublished\":\"2026-04-28T02:36:06+00:00\",\"description\":\"La Cour de justice de l'Union europ\u00e9enne, dixi\u00e8me chambre, a rendu le 2 juillet 2020 un arr\u00eat pr\u00e9judiciel sur l'interpr\u00e9tation de l'article 5, paragraphe...\",\"breadcrumb\":{\"@id\":\"https:\\\/\\\/kohenavocats.com\\\/zh-hans\\\/arret-c-684-19-du-2020-07-02\\\/#breadcrumb\"},\"inLanguage\":\"zh-Hans\",\"potentialAction\":[{\"@type\":\"ReadAction\",\"target\":[\"https:\\\/\\\/kohenavocats.com\\\/zh-hans\\\/arret-c-684-19-du-2020-07-02\\\/\"]}]},{\"@type\":\"ImageObject\",\"inLanguage\":\"zh-Hans\",\"@id\":\"https:\\\/\\\/kohenavocats.com\\\/zh-hans\\\/arret-c-684-19-du-2020-07-02\\\/#primaryimage\",\"url\":\"https:\\\/\\\/kohenavocats.com\\\/wp-content\\\/uploads\\\/2024\\\/08\\\/kris-atomic-6xJ9GUbbFEo-unsplash.webp\",\"contentUrl\":\"https:\\\/\\\/kohenavocats.com\\\/wp-content\\\/uploads\\\/2024\\\/08\\\/kris-atomic-6xJ9GUbbFEo-unsplash.webp\",\"width\":5700,\"height\":3800},{\"@type\":\"BreadcrumbList\",\"@id\":\"https:\\\/\\\/kohenavocats.com\\\/zh-hans\\\/arret-c-684-19-du-2020-07-02\\\/#breadcrumb\",\"itemListElement\":[{\"@type\":\"ListItem\",\"position\":1,\"name\":\"Home\",\"item\":\"https:\\\/\\\/kohenavocats.com\\\/zh-hans\\\/\"},{\"@type\":\"ListItem\",\"position\":2,\"name\":\"Arr\u00eat C-684\\\/19 du 2020-07-02\"}]},{\"@type\":\"WebSite\",\"@id\":\"https:\\\/\\\/kohenavocats.com\\\/zh-hans\\\/#website\",\"url\":\"https:\\\/\\\/kohenavocats.com\\\/zh-hans\\\/\",\"name\":\"Kohen Avocats\",\"description\":\"Ma\u00eetre Hassan Kohen, avocat p\u00e9naliste \u00e0 Paris, intervient exclusivement en droit p\u00e9nal pour la d\u00e9fense des particuliers, notamment en mati\u00e8re d\u2019accusations de viol. Il assure un accompagnement rigoureux d\u00e8s la garde \u00e0 vue jusqu\u2019\u00e0 la Cour d\u2019assises, veillant au strict respect des garanties proc\u00e9durales.\",\"publisher\":{\"@id\":\"https:\\\/\\\/kohenavocats.com\\\/zh-hans\\\/#organization\"},\"potentialAction\":[{\"@type\":\"SearchAction\",\"target\":{\"@type\":\"EntryPoint\",\"urlTemplate\":\"https:\\\/\\\/kohenavocats.com\\\/zh-hans\\\/?s={search_term_string}\"},\"query-input\":{\"@type\":\"PropertyValueSpecification\",\"valueRequired\":true,\"valueName\":\"search_term_string\"}}],\"inLanguage\":\"zh-Hans\"},{\"@type\":\"Organization\",\"@id\":\"https:\\\/\\\/kohenavocats.com\\\/zh-hans\\\/#organization\",\"name\":\"Kohen Avocats\",\"url\":\"https:\\\/\\\/kohenavocats.com\\\/zh-hans\\\/\",\"logo\":{\"@type\":\"ImageObject\",\"inLanguage\":\"zh-Hans\",\"@id\":\"https:\\\/\\\/kohenavocats.com\\\/zh-hans\\\/#\\\/schema\\\/logo\\\/image\\\/\",\"url\":\"https:\\\/\\\/kohenavocats.com\\\/wp-content\\\/uploads\\\/2026\\\/01\\\/Logo-2-1.webp\",\"contentUrl\":\"https:\\\/\\\/kohenavocats.com\\\/wp-content\\\/uploads\\\/2026\\\/01\\\/Logo-2-1.webp\",\"width\":2114,\"height\":1253,\"caption\":\"Kohen Avocats\"},\"image\":{\"@id\":\"https:\\\/\\\/kohenavocats.com\\\/zh-hans\\\/#\\\/schema\\\/logo\\\/image\\\/\"}},{\"@type\":\"Person\",\"@id\":\"https:\\\/\\\/kohenavocats.com\\\/zh-hans\\\/#\\\/schema\\\/person\\\/761c9ba54fa1ca84d405cef0831ff751\",\"name\":\"Kohen\",\"image\":{\"@type\":\"ImageObject\",\"inLanguage\":\"zh-Hans\",\"@id\":\"https:\\\/\\\/secure.gravatar.com\\\/avatar\\\/1c5e76ef76bbbfdd2b4da984e2bf2fa4056fd51a27d25ce2c332047f1dfd6e00?s=96&d=identicon&r=g\",\"url\":\"https:\\\/\\\/secure.gravatar.com\\\/avatar\\\/1c5e76ef76bbbfdd2b4da984e2bf2fa4056fd51a27d25ce2c332047f1dfd6e00?s=96&d=identicon&r=g\",\"contentUrl\":\"https:\\\/\\\/secure.gravatar.com\\\/avatar\\\/1c5e76ef76bbbfdd2b4da984e2bf2fa4056fd51a27d25ce2c332047f1dfd6e00?s=96&d=identicon&r=g\",\"caption\":\"Kohen\"},\"sameAs\":[\"https:\\\/\\\/www.linkedin.com\\\/in\\\/hassan-kohen-448548192\\\/\",\"https:\\\/\\\/www.youtube.com\\\/@Kohen-Avocats\"],\"url\":\"https:\\\/\\\/kohenavocats.com\\\/zh-hans\\\/author\\\/kohenmlk\\\/\"}]}<\/script>\n<!-- \/ Yoast SEO Premium plugin. -->","yoast_head_json":{"title":"Arr\u00eat C-684\/19 du 2020-07-02 - Ma\u00eetre Hassan Kohen, avocat en droit p\u00e9nal \u00e0 Paris","description":"La Cour de justice de l'Union europ\u00e9enne, dixi\u00e8me chambre, a rendu le 2 juillet 2020 un arr\u00eat pr\u00e9judiciel sur l'interpr\u00e9tation de l'article 5, paragraphe...","robots":{"index":"index","follow":"follow","max-snippet":"max-snippet:-1","max-image-preview":"max-image-preview:large","max-video-preview":"max-video-preview:-1"},"canonical":"https:\/\/kohenavocats.com\/zh-hans\/arret-c-684-19-du-2020-07-02\/","og_locale":"zh_CN","og_type":"article","og_title":"Arr\u00eat C-684\/19 du 2020-07-02","og_description":"La Cour de justice de l'Union europ\u00e9enne, dixi\u00e8me chambre, a rendu le 2 juillet 2020 un arr\u00eat pr\u00e9judiciel sur l'interpr\u00e9tation de l'article 5, paragraphe...","og_url":"https:\/\/kohenavocats.com\/zh-hans\/arret-c-684-19-du-2020-07-02\/","og_site_name":"Ma\u00eetre Hassan Kohen, avocat en droit p\u00e9nal \u00e0 Paris","article_published_time":"2026-04-28T02:36:06+00:00","og_image":[{"width":5700,"height":3800,"url":"https:\/\/kohenavocats.com\/wp-content\/uploads\/2024\/08\/kris-atomic-6xJ9GUbbFEo-unsplash.webp","type":"image\/webp"}],"author":"Kohen","twitter_card":"summary_large_image","twitter_misc":{"\u4f5c\u8005":"Kohen","\u9884\u8ba1\u9605\u8bfb\u65f6\u95f4":"2 \u5206"},"schema":{"@context":"https:\/\/schema.org","@graph":[{"@type":"Article","@id":"https:\/\/kohenavocats.com\/zh-hans\/arret-c-684-19-du-2020-07-02\/#article","isPartOf":{"@id":"https:\/\/kohenavocats.com\/zh-hans\/arret-c-684-19-du-2020-07-02\/"},"author":{"name":"Kohen","@id":"https:\/\/kohenavocats.com\/zh-hans\/#\/schema\/person\/761c9ba54fa1ca84d405cef0831ff751"},"headline":"Arr\u00eat C-684\/19 du 2020-07-02","datePublished":"2026-04-28T02:36:06+00:00","mainEntityOfPage":{"@id":"https:\/\/kohenavocats.com\/zh-hans\/arret-c-684-19-du-2020-07-02\/"},"wordCount":352,"commentCount":0,"publisher":{"@id":"https:\/\/kohenavocats.com\/zh-hans\/#organization"},"image":{"@id":"https:\/\/kohenavocats.com\/zh-hans\/arret-c-684-19-du-2020-07-02\/#primaryimage"},"thumbnailUrl":"https:\/\/kohenavocats.com\/wp-content\/uploads\/2024\/08\/kris-atomic-6xJ9GUbbFEo-unsplash.webp","articleSection":["CJUE","Droit europ\u00e9en"],"inLanguage":"zh-Hans","potentialAction":[{"@type":"CommentAction","name":"Comment","target":["https:\/\/kohenavocats.com\/zh-hans\/arret-c-684-19-du-2020-07-02\/#respond"]}],"citation":"Arr\u00eat C-684\/19 du 2020-07-02","about":[{"@type":"Thing","name":"CJUE"},{"@type":"Thing","name":"Droit europ\u00e9en"}],"dateModified":"2026-04-28T02:36:06+00:00","speakable":{"@type":"SpeakableSpecification","cssSelector":[".article-content > p:first-of-type"]}},{"@type":"WebPage","@id":"https:\/\/kohenavocats.com\/zh-hans\/arret-c-684-19-du-2020-07-02\/","url":"https:\/\/kohenavocats.com\/zh-hans\/arret-c-684-19-du-2020-07-02\/","name":"Arr\u00eat C-684\/19 du 2020-07-02 - Ma\u00eetre Hassan Kohen, avocat en droit p\u00e9nal \u00e0 Paris","isPartOf":{"@id":"https:\/\/kohenavocats.com\/zh-hans\/#website"},"primaryImageOfPage":{"@id":"https:\/\/kohenavocats.com\/zh-hans\/arret-c-684-19-du-2020-07-02\/#primaryimage"},"image":{"@id":"https:\/\/kohenavocats.com\/zh-hans\/arret-c-684-19-du-2020-07-02\/#primaryimage"},"thumbnailUrl":"https:\/\/kohenavocats.com\/wp-content\/uploads\/2024\/08\/kris-atomic-6xJ9GUbbFEo-unsplash.webp","datePublished":"2026-04-28T02:36:06+00:00","description":"La Cour de justice de l'Union europ\u00e9enne, dixi\u00e8me chambre, a rendu le 2 juillet 2020 un arr\u00eat pr\u00e9judiciel sur l'interpr\u00e9tation de l'article 5, paragraphe...","breadcrumb":{"@id":"https:\/\/kohenavocats.com\/zh-hans\/arret-c-684-19-du-2020-07-02\/#breadcrumb"},"inLanguage":"zh-Hans","potentialAction":[{"@type":"ReadAction","target":["https:\/\/kohenavocats.com\/zh-hans\/arret-c-684-19-du-2020-07-02\/"]}]},{"@type":"ImageObject","inLanguage":"zh-Hans","@id":"https:\/\/kohenavocats.com\/zh-hans\/arret-c-684-19-du-2020-07-02\/#primaryimage","url":"https:\/\/kohenavocats.com\/wp-content\/uploads\/2024\/08\/kris-atomic-6xJ9GUbbFEo-unsplash.webp","contentUrl":"https:\/\/kohenavocats.com\/wp-content\/uploads\/2024\/08\/kris-atomic-6xJ9GUbbFEo-unsplash.webp","width":5700,"height":3800},{"@type":"BreadcrumbList","@id":"https:\/\/kohenavocats.com\/zh-hans\/arret-c-684-19-du-2020-07-02\/#breadcrumb","itemListElement":[{"@type":"ListItem","position":1,"name":"Home","item":"https:\/\/kohenavocats.com\/zh-hans\/"},{"@type":"ListItem","position":2,"name":"Arr\u00eat C-684\/19 du 2020-07-02"}]},{"@type":"WebSite","@id":"https:\/\/kohenavocats.com\/zh-hans\/#website","url":"https:\/\/kohenavocats.com\/zh-hans\/","name":"Kohen Avocats","description":"Ma\u00eetre Hassan Kohen, avocat p\u00e9naliste \u00e0 Paris, intervient exclusivement en droit p\u00e9nal pour la d\u00e9fense des particuliers, notamment en mati\u00e8re d\u2019accusations de viol. Il assure un accompagnement rigoureux d\u00e8s la garde \u00e0 vue jusqu\u2019\u00e0 la Cour d\u2019assises, veillant au strict respect des garanties proc\u00e9durales.","publisher":{"@id":"https:\/\/kohenavocats.com\/zh-hans\/#organization"},"potentialAction":[{"@type":"SearchAction","target":{"@type":"EntryPoint","urlTemplate":"https:\/\/kohenavocats.com\/zh-hans\/?s={search_term_string}"},"query-input":{"@type":"PropertyValueSpecification","valueRequired":true,"valueName":"search_term_string"}}],"inLanguage":"zh-Hans"},{"@type":"Organization","@id":"https:\/\/kohenavocats.com\/zh-hans\/#organization","name":"Kohen Avocats","url":"https:\/\/kohenavocats.com\/zh-hans\/","logo":{"@type":"ImageObject","inLanguage":"zh-Hans","@id":"https:\/\/kohenavocats.com\/zh-hans\/#\/schema\/logo\/image\/","url":"https:\/\/kohenavocats.com\/wp-content\/uploads\/2026\/01\/Logo-2-1.webp","contentUrl":"https:\/\/kohenavocats.com\/wp-content\/uploads\/2026\/01\/Logo-2-1.webp","width":2114,"height":1253,"caption":"Kohen Avocats"},"image":{"@id":"https:\/\/kohenavocats.com\/zh-hans\/#\/schema\/logo\/image\/"}},{"@type":"Person","@id":"https:\/\/kohenavocats.com\/zh-hans\/#\/schema\/person\/761c9ba54fa1ca84d405cef0831ff751","name":"Kohen","image":{"@type":"ImageObject","inLanguage":"zh-Hans","@id":"https:\/\/secure.gravatar.com\/avatar\/1c5e76ef76bbbfdd2b4da984e2bf2fa4056fd51a27d25ce2c332047f1dfd6e00?s=96&d=identicon&r=g","url":"https:\/\/secure.gravatar.com\/avatar\/1c5e76ef76bbbfdd2b4da984e2bf2fa4056fd51a27d25ce2c332047f1dfd6e00?s=96&d=identicon&r=g","contentUrl":"https:\/\/secure.gravatar.com\/avatar\/1c5e76ef76bbbfdd2b4da984e2bf2fa4056fd51a27d25ce2c332047f1dfd6e00?s=96&d=identicon&r=g","caption":"Kohen"},"sameAs":["https:\/\/www.linkedin.com\/in\/hassan-kohen-448548192\/","https:\/\/www.youtube.com\/@Kohen-Avocats"],"url":"https:\/\/kohenavocats.com\/zh-hans\/author\/kohenmlk\/"}]}},"jetpack_featured_media_url":"https:\/\/kohenavocats.com\/wp-content\/uploads\/2024\/08\/kris-atomic-6xJ9GUbbFEo-unsplash.webp","jetpack_likes_enabled":false,"jetpack_shortlink":"https:\/\/wp.me\/peCrII-31hR","jetpack-related-posts":[{"id":720236,"url":"https:\/\/kohenavocats.com\/zh-hans\/arret-t-552-19-du-2020-06-25\/","url_meta":{"origin":719935,"position":0},"title":"Arr\u00eat T-552\/19 du 2020-06-25","author":"Kohen","date":"2026\u5e744\u670828\u65e5","format":false,"excerpt":"La Cour de justice de l\u2019Union europ\u00e9enne a rendu u\u2026","rel":"","context":"\u5728\u201cCJUE\u201d\u4e2d","block_context":{"text":"CJUE","link":"https:\/\/kohenavocats.com\/category\/cjue\/"},"img":{"alt_text":"","src":"https:\/\/i0.wp.com\/kohenavocats.com\/wp-content\/uploads\/2024\/11\/laura-adai-7irj5rVew44-unsplash.webp?resize=350%2C200&ssl=1","width":350,"height":200,"srcset":"https:\/\/i0.wp.com\/kohenavocats.com\/wp-content\/uploads\/2024\/11\/laura-adai-7irj5rVew44-unsplash.webp?resize=350%2C200&ssl=1 1x, https:\/\/i0.wp.com\/kohenavocats.com\/wp-content\/uploads\/2024\/11\/laura-adai-7irj5rVew44-unsplash.webp?resize=525%2C300&ssl=1 1.5x, https:\/\/i0.wp.com\/kohenavocats.com\/wp-content\/uploads\/2024\/11\/laura-adai-7irj5rVew44-unsplash.webp?resize=700%2C400&ssl=1 2x, https:\/\/i0.wp.com\/kohenavocats.com\/wp-content\/uploads\/2024\/11\/laura-adai-7irj5rVew44-unsplash.webp?resize=1050%2C600&ssl=1 3x, https:\/\/i0.wp.com\/kohenavocats.com\/wp-content\/uploads\/2024\/11\/laura-adai-7irj5rVew44-unsplash.webp?resize=1400%2C800&ssl=1 4x"},"classes":[]},{"id":720459,"url":"https:\/\/kohenavocats.com\/zh-hans\/cour-dappel-de-nancy-le-4-fevrier-2026-n25-00335\/","url_meta":{"origin":719935,"position":1},"title":"Cour d&#8217;appel de Nancy, le 4 f\u00e9vrier 2026, n\u00b025\/00335","author":"Kohen","date":"2026\u5e744\u670828\u65e5","format":false,"excerpt":"La Cour d'appel de Nancy, dans un arr\u00eat du 4 f\u00e9vri\u2026","rel":"","context":"\u5728\u201cJurisprudence\u201d\u4e2d","block_context":{"text":"Jurisprudence","link":"https:\/\/kohenavocats.com\/category\/jurisprudence\/"},"img":{"alt_text":"","src":"https:\/\/i0.wp.com\/kohenavocats.com\/wp-content\/uploads\/2024\/11\/allison-saeng-D22VPXUIm0o-unsplash.webp?resize=350%2C200&ssl=1","width":350,"height":200,"srcset":"https:\/\/i0.wp.com\/kohenavocats.com\/wp-content\/uploads\/2024\/11\/allison-saeng-D22VPXUIm0o-unsplash.webp?resize=350%2C200&ssl=1 1x, https:\/\/i0.wp.com\/kohenavocats.com\/wp-content\/uploads\/2024\/11\/allison-saeng-D22VPXUIm0o-unsplash.webp?resize=525%2C300&ssl=1 1.5x, https:\/\/i0.wp.com\/kohenavocats.com\/wp-content\/uploads\/2024\/11\/allison-saeng-D22VPXUIm0o-unsplash.webp?resize=700%2C400&ssl=1 2x, https:\/\/i0.wp.com\/kohenavocats.com\/wp-content\/uploads\/2024\/11\/allison-saeng-D22VPXUIm0o-unsplash.webp?resize=1050%2C600&ssl=1 3x, https:\/\/i0.wp.com\/kohenavocats.com\/wp-content\/uploads\/2024\/11\/allison-saeng-D22VPXUIm0o-unsplash.webp?resize=1400%2C800&ssl=1 4x"},"classes":[]},{"id":720746,"url":"https:\/\/kohenavocats.com\/zh-hans\/ordonnance-t-796-19-du-2020-03-05\/","url_meta":{"origin":719935,"position":2},"title":"Ordonnance T-796\/19 du 2020-03-05","author":"Kohen","date":"2026\u5e744\u670828\u65e5","format":false,"excerpt":"La Cour de justice de l'Union europ\u00e9enne, dans son\u2026","rel":"","context":"\u5728\u201cCJUE\u201d\u4e2d","block_context":{"text":"CJUE","link":"https:\/\/kohenavocats.com\/category\/cjue\/"},"img":{"alt_text":"","src":"https:\/\/i0.wp.com\/kohenavocats.com\/wp-content\/uploads\/2024\/08\/real_-jansen-vGG8w7zDoMw-unsplash.webp?resize=350%2C200&ssl=1","width":350,"height":200,"srcset":"https:\/\/i0.wp.com\/kohenavocats.com\/wp-content\/uploads\/2024\/08\/real_-jansen-vGG8w7zDoMw-unsplash.webp?resize=350%2C200&ssl=1 1x, https:\/\/i0.wp.com\/kohenavocats.com\/wp-content\/uploads\/2024\/08\/real_-jansen-vGG8w7zDoMw-unsplash.webp?resize=525%2C300&ssl=1 1.5x, https:\/\/i0.wp.com\/kohenavocats.com\/wp-content\/uploads\/2024\/08\/real_-jansen-vGG8w7zDoMw-unsplash.webp?resize=700%2C400&ssl=1 2x, https:\/\/i0.wp.com\/kohenavocats.com\/wp-content\/uploads\/2024\/08\/real_-jansen-vGG8w7zDoMw-unsplash.webp?resize=1050%2C600&ssl=1 3x, https:\/\/i0.wp.com\/kohenavocats.com\/wp-content\/uploads\/2024\/08\/real_-jansen-vGG8w7zDoMw-unsplash.webp?resize=1400%2C800&ssl=1 4x"},"classes":[]},{"id":720827,"url":"https:\/\/kohenavocats.com\/zh-hans\/arret-c-252-18-du-2020-02-13\/","url_meta":{"origin":719935,"position":3},"title":"Arr\u00eat C-252\/18 du 2020-02-13","author":"Kohen","date":"2026\u5e744\u670828\u65e5","format":false,"excerpt":"La Cour de justice, neuvi\u00e8me chambre, a rendu le 1\u2026","rel":"","context":"\u5728\u201cCJUE\u201d\u4e2d","block_context":{"text":"CJUE","link":"https:\/\/kohenavocats.com\/category\/cjue\/"},"img":{"alt_text":"","src":"https:\/\/i0.wp.com\/kohenavocats.com\/wp-content\/uploads\/2024\/11\/leandra-rieger-LrXNGasPQ2M-unsplash.webp?resize=350%2C200&ssl=1","width":350,"height":200,"srcset":"https:\/\/i0.wp.com\/kohenavocats.com\/wp-content\/uploads\/2024\/11\/leandra-rieger-LrXNGasPQ2M-unsplash.webp?resize=350%2C200&ssl=1 1x, https:\/\/i0.wp.com\/kohenavocats.com\/wp-content\/uploads\/2024\/11\/leandra-rieger-LrXNGasPQ2M-unsplash.webp?resize=525%2C300&ssl=1 1.5x, https:\/\/i0.wp.com\/kohenavocats.com\/wp-content\/uploads\/2024\/11\/leandra-rieger-LrXNGasPQ2M-unsplash.webp?resize=700%2C400&ssl=1 2x, https:\/\/i0.wp.com\/kohenavocats.com\/wp-content\/uploads\/2024\/11\/leandra-rieger-LrXNGasPQ2M-unsplash.webp?resize=1050%2C600&ssl=1 3x, https:\/\/i0.wp.com\/kohenavocats.com\/wp-content\/uploads\/2024\/11\/leandra-rieger-LrXNGasPQ2M-unsplash.webp?resize=1400%2C800&ssl=1 4x"},"classes":[]},{"id":720688,"url":"https:\/\/kohenavocats.com\/zh-hans\/arret-c-192-19-du-2020-03-11\/","url_meta":{"origin":719935,"position":4},"title":"Arr\u00eat C-192\/19 du 2020-03-11","author":"Kohen","date":"2026\u5e744\u670828\u65e5","format":false,"excerpt":"La Cour de justice de l'Union europ\u00e9enne, septi\u00e8me\u2026","rel":"","context":"\u5728\u201cCJUE\u201d\u4e2d","block_context":{"text":"CJUE","link":"https:\/\/kohenavocats.com\/category\/cjue\/"},"img":{"alt_text":"","src":"https:\/\/i0.wp.com\/kohenavocats.com\/wp-content\/uploads\/2024\/11\/ave-calvar-yJLFsme5WMU-unsplash.webp?resize=350%2C200&ssl=1","width":350,"height":200,"srcset":"https:\/\/i0.wp.com\/kohenavocats.com\/wp-content\/uploads\/2024\/11\/ave-calvar-yJLFsme5WMU-unsplash.webp?resize=350%2C200&ssl=1 1x, https:\/\/i0.wp.com\/kohenavocats.com\/wp-content\/uploads\/2024\/11\/ave-calvar-yJLFsme5WMU-unsplash.webp?resize=525%2C300&ssl=1 1.5x, https:\/\/i0.wp.com\/kohenavocats.com\/wp-content\/uploads\/2024\/11\/ave-calvar-yJLFsme5WMU-unsplash.webp?resize=700%2C400&ssl=1 2x, https:\/\/i0.wp.com\/kohenavocats.com\/wp-content\/uploads\/2024\/11\/ave-calvar-yJLFsme5WMU-unsplash.webp?resize=1050%2C600&ssl=1 3x, https:\/\/i0.wp.com\/kohenavocats.com\/wp-content\/uploads\/2024\/11\/ave-calvar-yJLFsme5WMU-unsplash.webp?resize=1400%2C800&ssl=1 4x"},"classes":[]},{"id":720314,"url":"https:\/\/kohenavocats.com\/zh-hans\/arret-t-653-18-du-2020-03-26\/","url_meta":{"origin":719935,"position":5},"title":"Arr\u00eat T-653\/18 du 2020-03-26","author":"Kohen","date":"2026\u5e744\u670828\u65e5","format":false,"excerpt":"La Cour de justice de l'Union europ\u00e9enne a rendu u\u2026","rel":"","context":"\u5728\u201cCJUE\u201d\u4e2d","block_context":{"text":"CJUE","link":"https:\/\/kohenavocats.com\/category\/cjue\/"},"img":{"alt_text":"","src":"https:\/\/i0.wp.com\/kohenavocats.com\/wp-content\/uploads\/2024\/11\/getty-images-p1ZW7qeVRyE-unsplash.webp?resize=350%2C200&ssl=1","width":350,"height":200,"srcset":"https:\/\/i0.wp.com\/kohenavocats.com\/wp-content\/uploads\/2024\/11\/getty-images-p1ZW7qeVRyE-unsplash.webp?resize=350%2C200&ssl=1 1x, https:\/\/i0.wp.com\/kohenavocats.com\/wp-content\/uploads\/2024\/11\/getty-images-p1ZW7qeVRyE-unsplash.webp?resize=525%2C300&ssl=1 1.5x, https:\/\/i0.wp.com\/kohenavocats.com\/wp-content\/uploads\/2024\/11\/getty-images-p1ZW7qeVRyE-unsplash.webp?resize=700%2C400&ssl=1 2x, https:\/\/i0.wp.com\/kohenavocats.com\/wp-content\/uploads\/2024\/11\/getty-images-p1ZW7qeVRyE-unsplash.webp?resize=1050%2C600&ssl=1 3x, https:\/\/i0.wp.com\/kohenavocats.com\/wp-content\/uploads\/2024\/11\/getty-images-p1ZW7qeVRyE-unsplash.webp?resize=1400%2C800&ssl=1 4x"},"classes":[]}],"jetpack_sharing_enabled":true,"_links":{"self":[{"href":"https:\/\/kohenavocats.com\/zh-hans\/wp-json\/wp\/v2\/posts\/719935","targetHints":{"allow":["GET"]}}],"collection":[{"href":"https:\/\/kohenavocats.com\/zh-hans\/wp-json\/wp\/v2\/posts"}],"about":[{"href":"https:\/\/kohenavocats.com\/zh-hans\/wp-json\/wp\/v2\/types\/post"}],"author":[{"embeddable":true,"href":"https:\/\/kohenavocats.com\/zh-hans\/wp-json\/wp\/v2\/users\/232070755"}],"replies":[{"embeddable":true,"href":"https:\/\/kohenavocats.com\/zh-hans\/wp-json\/wp\/v2\/comments?post=719935"}],"version-history":[{"count":0,"href":"https:\/\/kohenavocats.com\/zh-hans\/wp-json\/wp\/v2\/posts\/719935\/revisions"}],"wp:featuredmedia":[{"embeddable":true,"href":"https:\/\/kohenavocats.com\/zh-hans\/wp-json\/wp\/v2\/media\/4775"}],"wp:attachment":[{"href":"https:\/\/kohenavocats.com\/zh-hans\/wp-json\/wp\/v2\/media?parent=719935"}],"wp:term":[{"taxonomy":"category","embeddable":true,"href":"https:\/\/kohenavocats.com\/zh-hans\/wp-json\/wp\/v2\/categories?post=719935"},{"taxonomy":"post_tag","embeddable":true,"href":"https:\/\/kohenavocats.com\/zh-hans\/wp-json\/wp\/v2\/tags?post=719935"}],"curies":[{"name":"wp","href":"https:\/\/api.w.org\/{rel}","templated":true}]}}