{"id":722516,"date":"2026-04-28T06:37:17","date_gmt":"2026-04-28T04:37:17","guid":{"rendered":"https:\/\/kohenavocats.com\/cour-dappel-de-aix-en-provence-le-6-fevrier-2026-n22-01718\/"},"modified":"2026-04-28T06:37:17","modified_gmt":"2026-04-28T04:37:17","slug":"cour-dappel-de-aix-en-provence-le-6-fevrier-2026-n22-01718","status":"publish","type":"post","link":"https:\/\/kohenavocats.com\/zh-hans\/cour-dappel-de-aix-en-provence-le-6-fevrier-2026-n22-01718\/","title":{"rendered":"Cour d&#8217;appel de Aix-en-Provence, le 6 f\u00e9vrier 2026, n\u00b022\/01718"},"content":{"rendered":"<div class=\"article-content\">\n<p>La cour d\u2019appel d\u2019Aix-en-Provence, dans son arr\u00eat du 6 f\u00e9vrier 2026, \u00e9tait saisie d\u2019un litige opposant une salari\u00e9e \u00e0 son employeur en liquidation judiciaire et \u00e0 l\u2019organisme de garantie des salaires. La salari\u00e9e avait obtenu en premi\u00e8re instance la condamnation directe de l\u2019Unedic \u00e0 lui verser diverses indemnit\u00e9s de rupture. L\u2019organisme de garantie a relev\u00e9 appel en contestant cette condamnation directe \u00e0 paiement.<\/p>\n<p>L\u2019absence d\u2019action directe du salari\u00e9 contre l\u2019AGS.<br \/>\nLa cour rappelle le principe selon lequel le salari\u00e9 ne peut agir directement contre l\u2019institution de garantie. Elle \u00e9nonce que les textes excluent pour le salari\u00e9 le droit d\u2019agir directement contre les institutions int\u00e9ress\u00e9es et lui permettent seulement de demander que les cr\u00e9ances litigieuses soient inscrites sur le relev\u00e9 dress\u00e9 par le mandataire judiciaire afin d\u2019entra\u00eener l\u2019obligation pour lesdites institutions de verser, selon la proc\u00e9dure l\u00e9gale, les sommes litigieuses entre les mains de celui-ci (motifs de l\u2019arr\u00eat). Cette solution a une valeur de rappel d\u2019une r\u00e8gle proc\u00e9durale imp\u00e9rative. La port\u00e9e est imm\u00e9diate : le jugement condamnant l\u2019Unedic \u00e0 un paiement direct est infirm\u00e9, car cette voie est irr\u00e9guli\u00e8re.<\/p>\n<p>L\u2019office du juge et la fixation des cr\u00e9ances au passif.<br \/>\nLa cour constate que le mandataire liquidateur a \u00e9tabli un relev\u00e9 de cr\u00e9ances correspondant aux montants r\u00e9clam\u00e9s. Elle estime que la demande d\u2019injonction pour \u00e9tablir ce relev\u00e9 devient sans objet. Par ailleurs, l\u2019organisme de garantie ne discute pas utilement le b\u00e9n\u00e9fice de la garantie. La cour fixe donc les cr\u00e9ances de la salari\u00e9e au passif de la liquidation judiciaire pour les sommes suivantes : indemnit\u00e9 compensatrice de pr\u00e9avis et cong\u00e9s pay\u00e9s aff\u00e9rents, indemnit\u00e9 compensatrice de cong\u00e9s pay\u00e9s, prime annuelle et indemnit\u00e9 l\u00e9gale de licenciement. La valeur de cette solution est de permettre la r\u00e9gularisation de la proc\u00e9dure en respectant le circuit l\u00e9gal de paiement. La port\u00e9e est que l\u2019arr\u00eat est d\u00e9clar\u00e9 opposable \u00e0 l\u2019Unedic dans les limites de sa garantie, ce qui enclenche l\u2019obligation de versement entre les mains du liquidateur.<\/p>\n<\/div>\n","protected":false},"excerpt":{"rendered":"<p>La cour d\u2019appel d\u2019Aix-en-Provence, dans son arr\u00eat du 6 f\u00e9vrier 2026, \u00e9tait saisie d\u2019un litige opposant une salari\u00e9e \u00e0 son employeur en liquidation judiciaire&#8230;<\/p>\n","protected":false},"author":232070755,"featured_media":9542,"comment_status":"open","ping_status":"open","sticky":false,"template":"","format":"standard","meta":{"_crdt_document":"","_jetpack_newsletter_access":"","_jetpack_dont_email_post_to_subs":false,"_jetpack_newsletter_tier_id":0,"_jetpack_memberships_contains_paywalled_content":false,"_kj_source_type":"judilibre","_kj_official_id":"6986e165cdc6046d4752e54e","_kj_official_url":"https:\/\/www.courdecassation.fr\/decision\/6986e165cdc6046d4752e54e","_kj_judilibre_id":"6986e165cdc6046d4752e54e","_kj_jur":"Cour d'appel","_kj_lieu":"Cour d'appel d'Aix-en-Provence","_kj_chambre":"Chambre 4-2","_kj_rg":"22\/01718","_kj_date":"2026-02-06","_jetpack_memberships_contains_paid_content":false,"footnotes":"","jetpack_post_was_ever_published":false},"categories":[7597],"tags":[],"class_list":["post-722516","post","type-post","status-publish","format-standard","has-post-thumbnail","hentry","category-jurisprudence"],"yoast_head":"<!-- This site is optimized with the Yoast SEO Premium plugin v27.5 (Yoast SEO v27.5) - https:\/\/yoast.com\/product\/yoast-seo-premium-wordpress\/ -->\n<title>Cour d&#039;appel de Aix-en-Provence, le 6 f\u00e9vrier 2026, n\u00b022\/01718 - Ma\u00eetre Hassan Kohen, avocat en droit p\u00e9nal \u00e0 Paris<\/title>\n<meta name=\"description\" content=\"La cour d\u2019appel d\u2019Aix-en-Provence, dans son arr\u00eat du 6 f\u00e9vrier 2026, \u00e9tait saisie d\u2019un litige opposant une salari\u00e9e \u00e0 son employeur en liquidation judiciaire...\" \/>\n<meta name=\"robots\" content=\"index, follow, max-snippet:-1, max-image-preview:large, max-video-preview:-1\" \/>\n<link rel=\"canonical\" href=\"https:\/\/kohenavocats.com\/zh-hans\/cour-dappel-de-aix-en-provence-le-6-fevrier-2026-n22-01718\/\" \/>\n<meta property=\"og:locale\" content=\"zh_CN\" \/>\n<meta property=\"og:type\" content=\"article\" \/>\n<meta property=\"og:title\" content=\"Cour d&#039;appel de Aix-en-Provence, le 6 f\u00e9vrier 2026, n\u00b022\/01718\" \/>\n<meta property=\"og:description\" content=\"La cour d\u2019appel d\u2019Aix-en-Provence, dans son arr\u00eat du 6 f\u00e9vrier 2026, \u00e9tait saisie d\u2019un litige opposant une salari\u00e9e \u00e0 son employeur en liquidation judiciaire...\" \/>\n<meta property=\"og:url\" content=\"https:\/\/kohenavocats.com\/zh-hans\/cour-dappel-de-aix-en-provence-le-6-fevrier-2026-n22-01718\/\" \/>\n<meta property=\"og:site_name\" content=\"Ma\u00eetre Hassan Kohen, avocat en droit p\u00e9nal \u00e0 Paris\" \/>\n<meta property=\"article:published_time\" content=\"2026-04-28T04:37:17+00:00\" \/>\n<meta property=\"og:image\" content=\"https:\/\/kohenavocats.com\/wp-content\/uploads\/2024\/11\/pawel-czerwinski-mIT9kEQBC6Q-unsplash.webp\" \/>\n\t<meta property=\"og:image:width\" content=\"7500\" \/>\n\t<meta property=\"og:image:height\" content=\"5000\" \/>\n\t<meta property=\"og:image:type\" content=\"image\/webp\" \/>\n<meta name=\"author\" content=\"Kohen\" \/>\n<meta name=\"twitter:card\" content=\"summary_large_image\" \/>\n<meta name=\"twitter:label1\" content=\"\u4f5c\u8005\" \/>\n\t<meta name=\"twitter:data1\" content=\"Kohen\" \/>\n\t<meta name=\"twitter:label2\" content=\"\u9884\u8ba1\u9605\u8bfb\u65f6\u95f4\" \/>\n\t<meta name=\"twitter:data2\" content=\"2 \u5206\" \/>\n<script type=\"application\/ld+json\" class=\"yoast-schema-graph\">{\"@context\":\"https:\\\/\\\/schema.org\",\"@graph\":[{\"@type\":\"Article\",\"@id\":\"https:\\\/\\\/kohenavocats.com\\\/zh-hans\\\/cour-dappel-de-aix-en-provence-le-6-fevrier-2026-n22-01718\\\/#article\",\"isPartOf\":{\"@id\":\"https:\\\/\\\/kohenavocats.com\\\/zh-hans\\\/cour-dappel-de-aix-en-provence-le-6-fevrier-2026-n22-01718\\\/\"},\"author\":{\"name\":\"Kohen\",\"@id\":\"https:\\\/\\\/kohenavocats.com\\\/zh-hans\\\/#\\\/schema\\\/person\\\/761c9ba54fa1ca84d405cef0831ff751\"},\"headline\":\"Cour d&#8217;appel de Aix-en-Provence, le 6 f\u00e9vrier 2026, n\u00b022\\\/01718\",\"datePublished\":\"2026-04-28T04:37:17+00:00\",\"mainEntityOfPage\":{\"@id\":\"https:\\\/\\\/kohenavocats.com\\\/zh-hans\\\/cour-dappel-de-aix-en-provence-le-6-fevrier-2026-n22-01718\\\/\"},\"wordCount\":381,\"commentCount\":0,\"publisher\":{\"@id\":\"https:\\\/\\\/kohenavocats.com\\\/zh-hans\\\/#organization\"},\"image\":{\"@id\":\"https:\\\/\\\/kohenavocats.com\\\/zh-hans\\\/cour-dappel-de-aix-en-provence-le-6-fevrier-2026-n22-01718\\\/#primaryimage\"},\"thumbnailUrl\":\"https:\\\/\\\/kohenavocats.com\\\/wp-content\\\/uploads\\\/2024\\\/11\\\/pawel-czerwinski-mIT9kEQBC6Q-unsplash.webp\",\"articleSection\":[\"Jurisprudence\"],\"inLanguage\":\"zh-Hans\",\"potentialAction\":[{\"@type\":\"CommentAction\",\"name\":\"Comment\",\"target\":[\"https:\\\/\\\/kohenavocats.com\\\/zh-hans\\\/cour-dappel-de-aix-en-provence-le-6-fevrier-2026-n22-01718\\\/#respond\"]}],\"citation\":\"Cour d&#8217;appel de Aix-en-Provence, le 6 f\u00e9vrier 2026, n\u00b022\\\/01718\",\"about\":[{\"@type\":\"Thing\",\"name\":\"Jurisprudence\"}],\"dateModified\":\"2026-04-28T04:37:17+00:00\",\"speakable\":{\"@type\":\"SpeakableSpecification\",\"cssSelector\":[\".article-content > p:first-of-type\"]}},{\"@type\":\"WebPage\",\"@id\":\"https:\\\/\\\/kohenavocats.com\\\/zh-hans\\\/cour-dappel-de-aix-en-provence-le-6-fevrier-2026-n22-01718\\\/\",\"url\":\"https:\\\/\\\/kohenavocats.com\\\/zh-hans\\\/cour-dappel-de-aix-en-provence-le-6-fevrier-2026-n22-01718\\\/\",\"name\":\"Cour d'appel de Aix-en-Provence, le 6 f\u00e9vrier 2026, n\u00b022\\\/01718 - Ma\u00eetre Hassan Kohen, avocat en droit p\u00e9nal \u00e0 Paris\",\"isPartOf\":{\"@id\":\"https:\\\/\\\/kohenavocats.com\\\/zh-hans\\\/#website\"},\"primaryImageOfPage\":{\"@id\":\"https:\\\/\\\/kohenavocats.com\\\/zh-hans\\\/cour-dappel-de-aix-en-provence-le-6-fevrier-2026-n22-01718\\\/#primaryimage\"},\"image\":{\"@id\":\"https:\\\/\\\/kohenavocats.com\\\/zh-hans\\\/cour-dappel-de-aix-en-provence-le-6-fevrier-2026-n22-01718\\\/#primaryimage\"},\"thumbnailUrl\":\"https:\\\/\\\/kohenavocats.com\\\/wp-content\\\/uploads\\\/2024\\\/11\\\/pawel-czerwinski-mIT9kEQBC6Q-unsplash.webp\",\"datePublished\":\"2026-04-28T04:37:17+00:00\",\"description\":\"La cour d\u2019appel d\u2019Aix-en-Provence, dans son arr\u00eat du 6 f\u00e9vrier 2026, \u00e9tait saisie d\u2019un litige opposant une salari\u00e9e \u00e0 son employeur en liquidation judiciaire...\",\"breadcrumb\":{\"@id\":\"https:\\\/\\\/kohenavocats.com\\\/zh-hans\\\/cour-dappel-de-aix-en-provence-le-6-fevrier-2026-n22-01718\\\/#breadcrumb\"},\"inLanguage\":\"zh-Hans\",\"potentialAction\":[{\"@type\":\"ReadAction\",\"target\":[\"https:\\\/\\\/kohenavocats.com\\\/zh-hans\\\/cour-dappel-de-aix-en-provence-le-6-fevrier-2026-n22-01718\\\/\"]}]},{\"@type\":\"ImageObject\",\"inLanguage\":\"zh-Hans\",\"@id\":\"https:\\\/\\\/kohenavocats.com\\\/zh-hans\\\/cour-dappel-de-aix-en-provence-le-6-fevrier-2026-n22-01718\\\/#primaryimage\",\"url\":\"https:\\\/\\\/kohenavocats.com\\\/wp-content\\\/uploads\\\/2024\\\/11\\\/pawel-czerwinski-mIT9kEQBC6Q-unsplash.webp\",\"contentUrl\":\"https:\\\/\\\/kohenavocats.com\\\/wp-content\\\/uploads\\\/2024\\\/11\\\/pawel-czerwinski-mIT9kEQBC6Q-unsplash.webp\",\"width\":7500,\"height\":5000},{\"@type\":\"BreadcrumbList\",\"@id\":\"https:\\\/\\\/kohenavocats.com\\\/zh-hans\\\/cour-dappel-de-aix-en-provence-le-6-fevrier-2026-n22-01718\\\/#breadcrumb\",\"itemListElement\":[{\"@type\":\"ListItem\",\"position\":1,\"name\":\"Home\",\"item\":\"https:\\\/\\\/kohenavocats.com\\\/zh-hans\\\/\"},{\"@type\":\"ListItem\",\"position\":2,\"name\":\"Cour d&rsquo;appel de Aix-en-Provence, le 6 f\u00e9vrier 2026, n\u00b022\\\/01718\"}]},{\"@type\":\"WebSite\",\"@id\":\"https:\\\/\\\/kohenavocats.com\\\/zh-hans\\\/#website\",\"url\":\"https:\\\/\\\/kohenavocats.com\\\/zh-hans\\\/\",\"name\":\"Kohen Avocats\",\"description\":\"Ma\u00eetre Hassan Kohen, avocat p\u00e9naliste \u00e0 Paris, intervient exclusivement en droit p\u00e9nal pour la d\u00e9fense des particuliers, notamment en mati\u00e8re d\u2019accusations de viol. Il assure un accompagnement rigoureux d\u00e8s la garde \u00e0 vue jusqu\u2019\u00e0 la Cour d\u2019assises, veillant au strict respect des garanties proc\u00e9durales.\",\"publisher\":{\"@id\":\"https:\\\/\\\/kohenavocats.com\\\/zh-hans\\\/#organization\"},\"potentialAction\":[{\"@type\":\"SearchAction\",\"target\":{\"@type\":\"EntryPoint\",\"urlTemplate\":\"https:\\\/\\\/kohenavocats.com\\\/zh-hans\\\/?s={search_term_string}\"},\"query-input\":{\"@type\":\"PropertyValueSpecification\",\"valueRequired\":true,\"valueName\":\"search_term_string\"}}],\"inLanguage\":\"zh-Hans\"},{\"@type\":\"Organization\",\"@id\":\"https:\\\/\\\/kohenavocats.com\\\/zh-hans\\\/#organization\",\"name\":\"Kohen Avocats\",\"url\":\"https:\\\/\\\/kohenavocats.com\\\/zh-hans\\\/\",\"logo\":{\"@type\":\"ImageObject\",\"inLanguage\":\"zh-Hans\",\"@id\":\"https:\\\/\\\/kohenavocats.com\\\/zh-hans\\\/#\\\/schema\\\/logo\\\/image\\\/\",\"url\":\"https:\\\/\\\/kohenavocats.com\\\/wp-content\\\/uploads\\\/2026\\\/01\\\/Logo-2-1.webp\",\"contentUrl\":\"https:\\\/\\\/kohenavocats.com\\\/wp-content\\\/uploads\\\/2026\\\/01\\\/Logo-2-1.webp\",\"width\":2114,\"height\":1253,\"caption\":\"Kohen Avocats\"},\"image\":{\"@id\":\"https:\\\/\\\/kohenavocats.com\\\/zh-hans\\\/#\\\/schema\\\/logo\\\/image\\\/\"}},{\"@type\":\"Person\",\"@id\":\"https:\\\/\\\/kohenavocats.com\\\/zh-hans\\\/#\\\/schema\\\/person\\\/761c9ba54fa1ca84d405cef0831ff751\",\"name\":\"Kohen\",\"image\":{\"@type\":\"ImageObject\",\"inLanguage\":\"zh-Hans\",\"@id\":\"https:\\\/\\\/secure.gravatar.com\\\/avatar\\\/1c5e76ef76bbbfdd2b4da984e2bf2fa4056fd51a27d25ce2c332047f1dfd6e00?s=96&d=identicon&r=g\",\"url\":\"https:\\\/\\\/secure.gravatar.com\\\/avatar\\\/1c5e76ef76bbbfdd2b4da984e2bf2fa4056fd51a27d25ce2c332047f1dfd6e00?s=96&d=identicon&r=g\",\"contentUrl\":\"https:\\\/\\\/secure.gravatar.com\\\/avatar\\\/1c5e76ef76bbbfdd2b4da984e2bf2fa4056fd51a27d25ce2c332047f1dfd6e00?s=96&d=identicon&r=g\",\"caption\":\"Kohen\"},\"sameAs\":[\"https:\\\/\\\/www.linkedin.com\\\/in\\\/hassan-kohen-448548192\\\/\",\"https:\\\/\\\/www.youtube.com\\\/@Kohen-Avocats\"],\"url\":\"https:\\\/\\\/kohenavocats.com\\\/zh-hans\\\/author\\\/kohenmlk\\\/\"}]}<\/script>\n<!-- \/ Yoast SEO Premium plugin. -->","yoast_head_json":{"title":"Cour d'appel de Aix-en-Provence, le 6 f\u00e9vrier 2026, n\u00b022\/01718 - Ma\u00eetre Hassan Kohen, avocat en droit p\u00e9nal \u00e0 Paris","description":"La cour d\u2019appel d\u2019Aix-en-Provence, dans son arr\u00eat du 6 f\u00e9vrier 2026, \u00e9tait saisie d\u2019un litige opposant une salari\u00e9e \u00e0 son employeur en liquidation judiciaire...","robots":{"index":"index","follow":"follow","max-snippet":"max-snippet:-1","max-image-preview":"max-image-preview:large","max-video-preview":"max-video-preview:-1"},"canonical":"https:\/\/kohenavocats.com\/zh-hans\/cour-dappel-de-aix-en-provence-le-6-fevrier-2026-n22-01718\/","og_locale":"zh_CN","og_type":"article","og_title":"Cour d'appel de Aix-en-Provence, le 6 f\u00e9vrier 2026, n\u00b022\/01718","og_description":"La cour d\u2019appel d\u2019Aix-en-Provence, dans son arr\u00eat du 6 f\u00e9vrier 2026, \u00e9tait saisie d\u2019un litige opposant une salari\u00e9e \u00e0 son employeur en liquidation judiciaire...","og_url":"https:\/\/kohenavocats.com\/zh-hans\/cour-dappel-de-aix-en-provence-le-6-fevrier-2026-n22-01718\/","og_site_name":"Ma\u00eetre Hassan Kohen, avocat en droit p\u00e9nal \u00e0 Paris","article_published_time":"2026-04-28T04:37:17+00:00","og_image":[{"width":7500,"height":5000,"url":"https:\/\/kohenavocats.com\/wp-content\/uploads\/2024\/11\/pawel-czerwinski-mIT9kEQBC6Q-unsplash.webp","type":"image\/webp"}],"author":"Kohen","twitter_card":"summary_large_image","twitter_misc":{"\u4f5c\u8005":"Kohen","\u9884\u8ba1\u9605\u8bfb\u65f6\u95f4":"2 \u5206"},"schema":{"@context":"https:\/\/schema.org","@graph":[{"@type":"Article","@id":"https:\/\/kohenavocats.com\/zh-hans\/cour-dappel-de-aix-en-provence-le-6-fevrier-2026-n22-01718\/#article","isPartOf":{"@id":"https:\/\/kohenavocats.com\/zh-hans\/cour-dappel-de-aix-en-provence-le-6-fevrier-2026-n22-01718\/"},"author":{"name":"Kohen","@id":"https:\/\/kohenavocats.com\/zh-hans\/#\/schema\/person\/761c9ba54fa1ca84d405cef0831ff751"},"headline":"Cour d&#8217;appel de Aix-en-Provence, le 6 f\u00e9vrier 2026, n\u00b022\/01718","datePublished":"2026-04-28T04:37:17+00:00","mainEntityOfPage":{"@id":"https:\/\/kohenavocats.com\/zh-hans\/cour-dappel-de-aix-en-provence-le-6-fevrier-2026-n22-01718\/"},"wordCount":381,"commentCount":0,"publisher":{"@id":"https:\/\/kohenavocats.com\/zh-hans\/#organization"},"image":{"@id":"https:\/\/kohenavocats.com\/zh-hans\/cour-dappel-de-aix-en-provence-le-6-fevrier-2026-n22-01718\/#primaryimage"},"thumbnailUrl":"https:\/\/kohenavocats.com\/wp-content\/uploads\/2024\/11\/pawel-czerwinski-mIT9kEQBC6Q-unsplash.webp","articleSection":["Jurisprudence"],"inLanguage":"zh-Hans","potentialAction":[{"@type":"CommentAction","name":"Comment","target":["https:\/\/kohenavocats.com\/zh-hans\/cour-dappel-de-aix-en-provence-le-6-fevrier-2026-n22-01718\/#respond"]}],"citation":"Cour d&#8217;appel de Aix-en-Provence, le 6 f\u00e9vrier 2026, n\u00b022\/01718","about":[{"@type":"Thing","name":"Jurisprudence"}],"dateModified":"2026-04-28T04:37:17+00:00","speakable":{"@type":"SpeakableSpecification","cssSelector":[".article-content > p:first-of-type"]}},{"@type":"WebPage","@id":"https:\/\/kohenavocats.com\/zh-hans\/cour-dappel-de-aix-en-provence-le-6-fevrier-2026-n22-01718\/","url":"https:\/\/kohenavocats.com\/zh-hans\/cour-dappel-de-aix-en-provence-le-6-fevrier-2026-n22-01718\/","name":"Cour d'appel de Aix-en-Provence, le 6 f\u00e9vrier 2026, n\u00b022\/01718 - Ma\u00eetre Hassan Kohen, avocat en droit p\u00e9nal \u00e0 Paris","isPartOf":{"@id":"https:\/\/kohenavocats.com\/zh-hans\/#website"},"primaryImageOfPage":{"@id":"https:\/\/kohenavocats.com\/zh-hans\/cour-dappel-de-aix-en-provence-le-6-fevrier-2026-n22-01718\/#primaryimage"},"image":{"@id":"https:\/\/kohenavocats.com\/zh-hans\/cour-dappel-de-aix-en-provence-le-6-fevrier-2026-n22-01718\/#primaryimage"},"thumbnailUrl":"https:\/\/kohenavocats.com\/wp-content\/uploads\/2024\/11\/pawel-czerwinski-mIT9kEQBC6Q-unsplash.webp","datePublished":"2026-04-28T04:37:17+00:00","description":"La cour d\u2019appel d\u2019Aix-en-Provence, dans son arr\u00eat du 6 f\u00e9vrier 2026, \u00e9tait saisie d\u2019un litige opposant une salari\u00e9e \u00e0 son employeur en liquidation judiciaire...","breadcrumb":{"@id":"https:\/\/kohenavocats.com\/zh-hans\/cour-dappel-de-aix-en-provence-le-6-fevrier-2026-n22-01718\/#breadcrumb"},"inLanguage":"zh-Hans","potentialAction":[{"@type":"ReadAction","target":["https:\/\/kohenavocats.com\/zh-hans\/cour-dappel-de-aix-en-provence-le-6-fevrier-2026-n22-01718\/"]}]},{"@type":"ImageObject","inLanguage":"zh-Hans","@id":"https:\/\/kohenavocats.com\/zh-hans\/cour-dappel-de-aix-en-provence-le-6-fevrier-2026-n22-01718\/#primaryimage","url":"https:\/\/kohenavocats.com\/wp-content\/uploads\/2024\/11\/pawel-czerwinski-mIT9kEQBC6Q-unsplash.webp","contentUrl":"https:\/\/kohenavocats.com\/wp-content\/uploads\/2024\/11\/pawel-czerwinski-mIT9kEQBC6Q-unsplash.webp","width":7500,"height":5000},{"@type":"BreadcrumbList","@id":"https:\/\/kohenavocats.com\/zh-hans\/cour-dappel-de-aix-en-provence-le-6-fevrier-2026-n22-01718\/#breadcrumb","itemListElement":[{"@type":"ListItem","position":1,"name":"Home","item":"https:\/\/kohenavocats.com\/zh-hans\/"},{"@type":"ListItem","position":2,"name":"Cour d&rsquo;appel de Aix-en-Provence, le 6 f\u00e9vrier 2026, n\u00b022\/01718"}]},{"@type":"WebSite","@id":"https:\/\/kohenavocats.com\/zh-hans\/#website","url":"https:\/\/kohenavocats.com\/zh-hans\/","name":"Kohen Avocats","description":"Ma\u00eetre Hassan Kohen, avocat p\u00e9naliste \u00e0 Paris, intervient exclusivement en droit p\u00e9nal pour la d\u00e9fense des particuliers, notamment en mati\u00e8re d\u2019accusations de viol. Il assure un accompagnement rigoureux d\u00e8s la garde \u00e0 vue jusqu\u2019\u00e0 la Cour d\u2019assises, veillant au strict respect des garanties proc\u00e9durales.","publisher":{"@id":"https:\/\/kohenavocats.com\/zh-hans\/#organization"},"potentialAction":[{"@type":"SearchAction","target":{"@type":"EntryPoint","urlTemplate":"https:\/\/kohenavocats.com\/zh-hans\/?s={search_term_string}"},"query-input":{"@type":"PropertyValueSpecification","valueRequired":true,"valueName":"search_term_string"}}],"inLanguage":"zh-Hans"},{"@type":"Organization","@id":"https:\/\/kohenavocats.com\/zh-hans\/#organization","name":"Kohen Avocats","url":"https:\/\/kohenavocats.com\/zh-hans\/","logo":{"@type":"ImageObject","inLanguage":"zh-Hans","@id":"https:\/\/kohenavocats.com\/zh-hans\/#\/schema\/logo\/image\/","url":"https:\/\/kohenavocats.com\/wp-content\/uploads\/2026\/01\/Logo-2-1.webp","contentUrl":"https:\/\/kohenavocats.com\/wp-content\/uploads\/2026\/01\/Logo-2-1.webp","width":2114,"height":1253,"caption":"Kohen Avocats"},"image":{"@id":"https:\/\/kohenavocats.com\/zh-hans\/#\/schema\/logo\/image\/"}},{"@type":"Person","@id":"https:\/\/kohenavocats.com\/zh-hans\/#\/schema\/person\/761c9ba54fa1ca84d405cef0831ff751","name":"Kohen","image":{"@type":"ImageObject","inLanguage":"zh-Hans","@id":"https:\/\/secure.gravatar.com\/avatar\/1c5e76ef76bbbfdd2b4da984e2bf2fa4056fd51a27d25ce2c332047f1dfd6e00?s=96&d=identicon&r=g","url":"https:\/\/secure.gravatar.com\/avatar\/1c5e76ef76bbbfdd2b4da984e2bf2fa4056fd51a27d25ce2c332047f1dfd6e00?s=96&d=identicon&r=g","contentUrl":"https:\/\/secure.gravatar.com\/avatar\/1c5e76ef76bbbfdd2b4da984e2bf2fa4056fd51a27d25ce2c332047f1dfd6e00?s=96&d=identicon&r=g","caption":"Kohen"},"sameAs":["https:\/\/www.linkedin.com\/in\/hassan-kohen-448548192\/","https:\/\/www.youtube.com\/@Kohen-Avocats"],"url":"https:\/\/kohenavocats.com\/zh-hans\/author\/kohenmlk\/"}]}},"jetpack_featured_media_url":"https:\/\/kohenavocats.com\/wp-content\/uploads\/2024\/11\/pawel-czerwinski-mIT9kEQBC6Q-unsplash.webp","jetpack_likes_enabled":false,"jetpack_shortlink":"https:\/\/wp.me\/peCrII-31Xu","jetpack-related-posts":[{"id":434465,"url":"https:\/\/kohenavocats.com\/zh-hans\/cour-dappel-de-aix-en-provence-le-26-fevrier-2026-n21-17001\/","url_meta":{"origin":722516,"position":0},"title":"Cour d&#8217;appel de Aix-en-Provence, le 26 f\u00e9vrier 2026, n\u00b021\/17001","author":"Kohen","date":"2026\u5e743\u670824\u65e5","format":false,"excerpt":"La Cour d\u2019appel d\u2019Aix-en-Provence, dans un arr\u00eat d\u2026","rel":"","context":"\u5728\u201cCour d'appel\u201d\u4e2d","block_context":{"text":"Cour d'appel","link":"https:\/\/kohenavocats.com\/category\/cour-dappel\/"},"img":{"alt_text":"","src":"https:\/\/i0.wp.com\/kohenavocats.com\/wp-content\/uploads\/2024\/08\/henrique-ferreira-ZyYsY0ez2D4-unsplash.webp?resize=350%2C200&ssl=1","width":350,"height":200,"srcset":"https:\/\/i0.wp.com\/kohenavocats.com\/wp-content\/uploads\/2024\/08\/henrique-ferreira-ZyYsY0ez2D4-unsplash.webp?resize=350%2C200&ssl=1 1x, https:\/\/i0.wp.com\/kohenavocats.com\/wp-content\/uploads\/2024\/08\/henrique-ferreira-ZyYsY0ez2D4-unsplash.webp?resize=525%2C300&ssl=1 1.5x, https:\/\/i0.wp.com\/kohenavocats.com\/wp-content\/uploads\/2024\/08\/henrique-ferreira-ZyYsY0ez2D4-unsplash.webp?resize=700%2C400&ssl=1 2x, https:\/\/i0.wp.com\/kohenavocats.com\/wp-content\/uploads\/2024\/08\/henrique-ferreira-ZyYsY0ez2D4-unsplash.webp?resize=1050%2C600&ssl=1 3x, https:\/\/i0.wp.com\/kohenavocats.com\/wp-content\/uploads\/2024\/08\/henrique-ferreira-ZyYsY0ez2D4-unsplash.webp?resize=1400%2C800&ssl=1 4x"},"classes":[]},{"id":434638,"url":"https:\/\/kohenavocats.com\/zh-hans\/cour-dappel-de-aix-en-provence-le-26-fevrier-2026-n21-09299\/","url_meta":{"origin":722516,"position":1},"title":"Cour d&#8217;appel de Aix-en-Provence, le 26 f\u00e9vrier 2026, n\u00b021\/09299","author":"Kohen","date":"2026\u5e743\u670825\u65e5","format":false,"excerpt":"La Cour d\u2019appel d\u2019Aix-en-Provence, dans un arr\u00eat d\u2026","rel":"","context":"\u5728\u201cCour d'appel\u201d\u4e2d","block_context":{"text":"Cour d'appel","link":"https:\/\/kohenavocats.com\/category\/cour-dappel\/"},"img":{"alt_text":"","src":"https:\/\/i0.wp.com\/kohenavocats.com\/wp-content\/uploads\/2024\/08\/katie-moum-o0kbc907i20-unsplash.webp?resize=350%2C200&ssl=1","width":350,"height":200,"srcset":"https:\/\/i0.wp.com\/kohenavocats.com\/wp-content\/uploads\/2024\/08\/katie-moum-o0kbc907i20-unsplash.webp?resize=350%2C200&ssl=1 1x, https:\/\/i0.wp.com\/kohenavocats.com\/wp-content\/uploads\/2024\/08\/katie-moum-o0kbc907i20-unsplash.webp?resize=525%2C300&ssl=1 1.5x, https:\/\/i0.wp.com\/kohenavocats.com\/wp-content\/uploads\/2024\/08\/katie-moum-o0kbc907i20-unsplash.webp?resize=700%2C400&ssl=1 2x, https:\/\/i0.wp.com\/kohenavocats.com\/wp-content\/uploads\/2024\/08\/katie-moum-o0kbc907i20-unsplash.webp?resize=1050%2C600&ssl=1 3x, https:\/\/i0.wp.com\/kohenavocats.com\/wp-content\/uploads\/2024\/08\/katie-moum-o0kbc907i20-unsplash.webp?resize=1400%2C800&ssl=1 4x"},"classes":[]},{"id":434019,"url":"https:\/\/kohenavocats.com\/zh-hans\/cour-dappel-de-aix-en-provence-le-26-fevrier-2026-n21-09576\/","url_meta":{"origin":722516,"position":2},"title":"Cour d&#8217;appel de Aix-en-Provence, le 26 f\u00e9vrier 2026, n\u00b021\/09576","author":"Kohen","date":"2026\u5e743\u670824\u65e5","format":false,"excerpt":"La Cour d\u2019appel d\u2019Aix-en-Provence, dans un arr\u00eat d\u2026","rel":"","context":"\u5728\u201cCour d'appel\u201d\u4e2d","block_context":{"text":"Cour d'appel","link":"https:\/\/kohenavocats.com\/category\/cour-dappel\/"},"img":{"alt_text":"","src":"https:\/\/i0.wp.com\/kohenavocats.com\/wp-content\/uploads\/2024\/11\/lala-azizli-FwzWgaUqjlc-unsplash.webp?resize=350%2C200&ssl=1","width":350,"height":200,"srcset":"https:\/\/i0.wp.com\/kohenavocats.com\/wp-content\/uploads\/2024\/11\/lala-azizli-FwzWgaUqjlc-unsplash.webp?resize=350%2C200&ssl=1 1x, https:\/\/i0.wp.com\/kohenavocats.com\/wp-content\/uploads\/2024\/11\/lala-azizli-FwzWgaUqjlc-unsplash.webp?resize=525%2C300&ssl=1 1.5x, https:\/\/i0.wp.com\/kohenavocats.com\/wp-content\/uploads\/2024\/11\/lala-azizli-FwzWgaUqjlc-unsplash.webp?resize=700%2C400&ssl=1 2x, https:\/\/i0.wp.com\/kohenavocats.com\/wp-content\/uploads\/2024\/11\/lala-azizli-FwzWgaUqjlc-unsplash.webp?resize=1050%2C600&ssl=1 3x, https:\/\/i0.wp.com\/kohenavocats.com\/wp-content\/uploads\/2024\/11\/lala-azizli-FwzWgaUqjlc-unsplash.webp?resize=1400%2C800&ssl=1 4x"},"classes":[]},{"id":425658,"url":"https:\/\/kohenavocats.com\/zh-hans\/cour-dappel-de-aix-en-provence-le-19-fevrier-2026-n21-04655\/","url_meta":{"origin":722516,"position":3},"title":"Cour d&#8217;appel de Aix-en-Provence, le 19 f\u00e9vrier 2026, n\u00b021\/04655","author":"Kohen","date":"2026\u5e743\u670823\u65e5","format":false,"excerpt":"La Cour d\u2019appel d\u2019Aix-en-Provence, dans un arr\u00eat d\u2026","rel":"","context":"\u5728\u201cCour d'appel\u201d\u4e2d","block_context":{"text":"Cour d'appel","link":"https:\/\/kohenavocats.com\/category\/cour-dappel\/"},"img":{"alt_text":"","src":"https:\/\/i0.wp.com\/kohenavocats.com\/wp-content\/uploads\/2024\/08\/chelms-varthoumlien-4lTf2N6pHZw-unsplash.webp?resize=350%2C200&ssl=1","width":350,"height":200,"srcset":"https:\/\/i0.wp.com\/kohenavocats.com\/wp-content\/uploads\/2024\/08\/chelms-varthoumlien-4lTf2N6pHZw-unsplash.webp?resize=350%2C200&ssl=1 1x, https:\/\/i0.wp.com\/kohenavocats.com\/wp-content\/uploads\/2024\/08\/chelms-varthoumlien-4lTf2N6pHZw-unsplash.webp?resize=525%2C300&ssl=1 1.5x, https:\/\/i0.wp.com\/kohenavocats.com\/wp-content\/uploads\/2024\/08\/chelms-varthoumlien-4lTf2N6pHZw-unsplash.webp?resize=700%2C400&ssl=1 2x, https:\/\/i0.wp.com\/kohenavocats.com\/wp-content\/uploads\/2024\/08\/chelms-varthoumlien-4lTf2N6pHZw-unsplash.webp?resize=1050%2C600&ssl=1 3x, https:\/\/i0.wp.com\/kohenavocats.com\/wp-content\/uploads\/2024\/08\/chelms-varthoumlien-4lTf2N6pHZw-unsplash.webp?resize=1400%2C800&ssl=1 4x"},"classes":[]},{"id":437033,"url":"https:\/\/kohenavocats.com\/zh-hans\/cour-dappel-de-aix-en-provence-le-27-fevrier-2026-n22-05030\/","url_meta":{"origin":722516,"position":4},"title":"Cour d&#8217;appel de Aix-en-Provence, le 27 f\u00e9vrier 2026, n\u00b022\/05030","author":"Kohen","date":"2026\u5e743\u670825\u65e5","format":false,"excerpt":"La Cour d\u2019appel d\u2019Aix-en-Provence, dans un arr\u00eat d\u2026","rel":"","context":"\u5728\u201cCour d'appel\u201d\u4e2d","block_context":{"text":"Cour d'appel","link":"https:\/\/kohenavocats.com\/category\/cour-dappel\/"},"img":{"alt_text":"","src":"https:\/\/i0.wp.com\/kohenavocats.com\/wp-content\/uploads\/2024\/11\/chris-barbalis-axkgSXdeD98-unsplash-1.webp?resize=350%2C200&ssl=1","width":350,"height":200,"srcset":"https:\/\/i0.wp.com\/kohenavocats.com\/wp-content\/uploads\/2024\/11\/chris-barbalis-axkgSXdeD98-unsplash-1.webp?resize=350%2C200&ssl=1 1x, https:\/\/i0.wp.com\/kohenavocats.com\/wp-content\/uploads\/2024\/11\/chris-barbalis-axkgSXdeD98-unsplash-1.webp?resize=525%2C300&ssl=1 1.5x, https:\/\/i0.wp.com\/kohenavocats.com\/wp-content\/uploads\/2024\/11\/chris-barbalis-axkgSXdeD98-unsplash-1.webp?resize=700%2C400&ssl=1 2x, https:\/\/i0.wp.com\/kohenavocats.com\/wp-content\/uploads\/2024\/11\/chris-barbalis-axkgSXdeD98-unsplash-1.webp?resize=1050%2C600&ssl=1 3x, https:\/\/i0.wp.com\/kohenavocats.com\/wp-content\/uploads\/2024\/11\/chris-barbalis-axkgSXdeD98-unsplash-1.webp?resize=1400%2C800&ssl=1 4x"},"classes":[]},{"id":434464,"url":"https:\/\/kohenavocats.com\/zh-hans\/cour-dappel-de-aix-en-provence-le-26-fevrier-2026-n21-17465\/","url_meta":{"origin":722516,"position":5},"title":"Cour d&#8217;appel de Aix-en-Provence, le 26 f\u00e9vrier 2026, n\u00b021\/17465","author":"Kohen","date":"2026\u5e743\u670824\u65e5","format":false,"excerpt":"La Cour d\u2019appel d\u2019Aix-en-Provence, dans un arr\u00eat d\u2026","rel":"","context":"\u5728\u201cCour d'appel\u201d\u4e2d","block_context":{"text":"Cour d'appel","link":"https:\/\/kohenavocats.com\/category\/cour-dappel\/"},"img":{"alt_text":"","src":"https:\/\/i0.wp.com\/kohenavocats.com\/wp-content\/uploads\/2024\/08\/deniz-demirci-wrMPwcYTRpc-unsplash.webp?resize=350%2C200&ssl=1","width":350,"height":200,"srcset":"https:\/\/i0.wp.com\/kohenavocats.com\/wp-content\/uploads\/2024\/08\/deniz-demirci-wrMPwcYTRpc-unsplash.webp?resize=350%2C200&ssl=1 1x, https:\/\/i0.wp.com\/kohenavocats.com\/wp-content\/uploads\/2024\/08\/deniz-demirci-wrMPwcYTRpc-unsplash.webp?resize=525%2C300&ssl=1 1.5x, https:\/\/i0.wp.com\/kohenavocats.com\/wp-content\/uploads\/2024\/08\/deniz-demirci-wrMPwcYTRpc-unsplash.webp?resize=700%2C400&ssl=1 2x, https:\/\/i0.wp.com\/kohenavocats.com\/wp-content\/uploads\/2024\/08\/deniz-demirci-wrMPwcYTRpc-unsplash.webp?resize=1050%2C600&ssl=1 3x, https:\/\/i0.wp.com\/kohenavocats.com\/wp-content\/uploads\/2024\/08\/deniz-demirci-wrMPwcYTRpc-unsplash.webp?resize=1400%2C800&ssl=1 4x"},"classes":[]}],"jetpack_sharing_enabled":true,"_links":{"self":[{"href":"https:\/\/kohenavocats.com\/zh-hans\/wp-json\/wp\/v2\/posts\/722516","targetHints":{"allow":["GET"]}}],"collection":[{"href":"https:\/\/kohenavocats.com\/zh-hans\/wp-json\/wp\/v2\/posts"}],"about":[{"href":"https:\/\/kohenavocats.com\/zh-hans\/wp-json\/wp\/v2\/types\/post"}],"author":[{"embeddable":true,"href":"https:\/\/kohenavocats.com\/zh-hans\/wp-json\/wp\/v2\/users\/232070755"}],"replies":[{"embeddable":true,"href":"https:\/\/kohenavocats.com\/zh-hans\/wp-json\/wp\/v2\/comments?post=722516"}],"version-history":[{"count":0,"href":"https:\/\/kohenavocats.com\/zh-hans\/wp-json\/wp\/v2\/posts\/722516\/revisions"}],"wp:featuredmedia":[{"embeddable":true,"href":"https:\/\/kohenavocats.com\/zh-hans\/wp-json\/wp\/v2\/media\/9542"}],"wp:attachment":[{"href":"https:\/\/kohenavocats.com\/zh-hans\/wp-json\/wp\/v2\/media?parent=722516"}],"wp:term":[{"taxonomy":"category","embeddable":true,"href":"https:\/\/kohenavocats.com\/zh-hans\/wp-json\/wp\/v2\/categories?post=722516"},{"taxonomy":"post_tag","embeddable":true,"href":"https:\/\/kohenavocats.com\/zh-hans\/wp-json\/wp\/v2\/tags?post=722516"}],"curies":[{"name":"wp","href":"https:\/\/api.w.org\/{rel}","templated":true}]}}