{"id":733921,"date":"2026-04-28T16:53:52","date_gmt":"2026-04-28T14:53:52","guid":{"rendered":"https:\/\/kohenavocats.com\/cour-dappel-de-douai-le-30-janvier-2026-n24-02051\/"},"modified":"2026-04-28T16:53:52","modified_gmt":"2026-04-28T14:53:52","slug":"cour-dappel-de-douai-le-30-janvier-2026-n24-02051","status":"publish","type":"post","link":"https:\/\/kohenavocats.com\/zh-hans\/cour-dappel-de-douai-le-30-janvier-2026-n24-02051\/","title":{"rendered":"Cour d&#8217;appel de Douai, le 30 janvier 2026, n\u00b024\/02051"},"content":{"rendered":"<div class='article-content'>\n<style scoped>.toc-article{background:#f8f9fa;border:1px solid #e2e6ea;border-left:4px solid #2c5f8a;border-radius:6px;padding:20px 24px;margin:0 0 32px;font-size:15px;line-height:1.6}.toc-article p{margin:0 0 10px;font-size:16px;font-weight:600;color:#1a1a1a}.toc-article ul{list-style:none;margin:0;padding:0}.toc-article li.toc-h2{padding:4px 0}.toc-article li.toc-h3{padding:2px 0 2px 20px;font-size:14px}.toc-article a{color:#2c5f8a;text-decoration:none;border-bottom:1px dotted #a0b4c8}.toc-article a:hover{color:#1a3d5c;border-bottom-color:#1a3d5c}<\/style>\n<nav class=\"toc-article\" role=\"navigation\" aria-label=\"Sommaire\">\n<p>Sommaire<\/p>\n<ul>\n<li class=\"toc-h2\"><a href=\"#fondements-juridiques\">Fondements juridiques<\/a><\/li>\n<\/ul>\n<\/nav>\n<p>La cour d&#8217;appel de Douai, dans un arr\u00eat du 30 janvier 2026, a infirm\u00e9 le jugement prud&#8217;homal. Un salari\u00e9 chauffeur avait \u00e9t\u00e9 licenci\u00e9 pour faute grave apr\u00e8s une surconsommation de carburant et des infractions \u00e0 la r\u00e9glementation sociale. La question \u00e9tait de savoir si ces deux griefs, contest\u00e9s par le salari\u00e9, caract\u00e9risaient une faute grave justifiant son d\u00e9part imm\u00e9diat. La cour a r\u00e9pondu par l&#8217;affirmative, retenant la faute grave et d\u00e9boutant le salari\u00e9 de toutes ses demandes.<\/p>\n<p>I. La caract\u00e9risation d&#8217;une violation grave des obligations contractuelles<\/p>\n<p>La cour a d&#8217;abord \u00e9tabli la r\u00e9alit\u00e9 des manquements reproch\u00e9s au salari\u00e9.<br \/>Elle a relev\u00e9 que <em>&#8220;la r\u00e9it\u00e9ration d&#8217;agissements d\u00e9j\u00e0 relev\u00e9s pr\u00e9alablement par la soci\u00e9t\u00e9 [1] constitue, par suite, un manquement fautif&#8221;<\/em> (Motifs, sur la faute grave). Ce faisant, la cour souligne la persistance du salari\u00e9 \u00e0 enfreindre les r\u00e8gles apr\u00e8s deux rappels \u00e0 l&#8217;ordre, ce qui aggrave son comportement. La valeur de ce raisonnement est de d\u00e9montrer que la r\u00e9p\u00e9tition d&#8217;une faute, m\u00eame d\u00e9j\u00e0 sanctionn\u00e9e par un simple avertissement, peut fonder une faute grave.<br \/>La port\u00e9e de cette solution est de rappeler que l&#8217;employeur doit prouver les faits, mais que la r\u00e9it\u00e9ration facilite cette preuve et renforce la gravit\u00e9 du manquement.<\/p>\n<p>Ensuite, la cour a retenu le grief de surconsommation de carburant \u00e0 des fins personnelles.<br \/>Elle a constat\u00e9 que la surconsommation constat\u00e9e de 668 litres par mois d\u00e9passait largement les 211 litres n\u00e9cessaires aux trajets autoris\u00e9s. La cour a ainsi estim\u00e9 que l&#8217;employeur rapportait <em>&#8220;la preuve d&#8217;une utilisation de la carte de carburant par [le salari\u00e9] \u00e0 des fins strictement personnelles&#8221;<\/em> (Motifs, sur la faute grave). Le sens de cette d\u00e9cision est de consid\u00e9rer que l&#8217;usage abusif d&#8217;un avantage professionnel constitue une violation des obligations contractuelles.<br \/>Sa port\u00e9e est de pr\u00e9ciser que la simple autorisation d&#8217;un usage personnel limit\u00e9 n&#8217;exon\u00e8re pas le salari\u00e9 de tout contr\u00f4le et que tout d\u00e9passement significatif est fautif.<\/p>\n<p>II. L&#8217;affirmation de l&#8217;impossibilit\u00e9 de maintenir le salari\u00e9 dans l&#8217;entreprise<\/p>\n<p>La cour a ensuite appr\u00e9ci\u00e9 la gravit\u00e9 de ces manquements pour justifier la rupture imm\u00e9diate du contrat.<br \/>Elle a consid\u00e9r\u00e9 que <em>&#8220;l&#8217;ensemble de ces agissements constituent, d\u00e8s lors, une violation grave des obligations d\u00e9coulant du contrat de travail \u00e0 l&#8217;\u00e9gard de l&#8217;employeur&#8221;<\/em> (Motifs, sur la faute grave). La valeur de cet attendu est de lier les deux griefs pour former un tout coh\u00e9rent et suffisamment grave. La cour ne se contente pas d&#8217;un seul fait, mais appr\u00e9cie la globalit\u00e9 du comportement du salari\u00e9.<br \/>La port\u00e9e de ce raisonnement est de rappeler que la faute grave peut r\u00e9sulter d&#8217;un faisceau d&#8217;indices convergents, dont la r\u00e9union rend impossible le maintien du lien contractuel.<\/p>\n<p>Enfin, la cour a soulign\u00e9 le contexte de l&#8217;affaire pour asseoir sa d\u00e9cision.<br \/>Elle a pr\u00e9cis\u00e9 que ces faits intervenaient <em>&#8220;dans un contexte de deux rappels ant\u00e9rieurs par la soci\u00e9t\u00e9 [1]&#8221;<\/em> (Motifs, sur la faute grave). Ce faisant, la cour insiste sur l&#8217;absence de r\u00e9action du salari\u00e9 face aux avertissements pr\u00e9c\u00e9dents. La port\u00e9e de cette solution est de confirmer que l&#8217;employeur n&#8217;a pas \u00e0 supporter ind\u00e9finiment une situation o\u00f9 le salari\u00e9 ne se conforme pas \u00e0 ses obligations, malgr\u00e9 des mises en garde r\u00e9p\u00e9t\u00e9es.<br \/>Le sens de l&#8217;arr\u00eat est donc de valider un licenciement pour faute grave en raison de manquements \u00e9tablis, r\u00e9p\u00e9t\u00e9s et suffisamment graves pour rompre imm\u00e9diatement le contrat.<\/p>\n<\/div>\n<style scoped>.fondements-juridiques{margin:40px 0 0;padding:0}.fondements-juridiques>h2{font-size:22px;color:#1a1a1a;border-bottom:2px solid #2c5f8a;padding-bottom:10px;margin-bottom:20px}.fj-article{background:#fdfdfd;border:1px solid #e8e8e8;border-radius:6px;padding:20px;margin-bottom:16px}.fj-article h3{font-size:17px;color:#2c5f8a;margin:0 0 12px;font-weight:600}.fj-texte{font-size:15px;line-height:1.7;color:#333}.fj-texte p{margin:8px 0}.fj-badge{font-size:11px;padding:2px 8px;border-radius:3px;margin-left:8px;font-weight:500;vertical-align:middle}.fj-en-vigueur{background:#e8f5e9;color:#2e7d32}.fj-abroge{background:#ffebee;color:#c62828}.fj-modifie{background:#fff3e0;color:#e65100}<\/style>\n<section class=\"fondements-juridiques\">\n<h2 id=\"fondements-juridiques\">Fondements juridiques<\/h2>\n<div class=\"fj-article\">\n<h3><a href=\"https:\/\/www.legifrance.gouv.fr\/codes\/article_lc\/LEGIARTI000035651060\" rel=\"nofollow\" target=\"_blank\">Article L. 2314-23 du Code du travail<\/a> <span class=\"fj-badge fj-en-vigueur\">En vigueur<\/span><\/h3>\n<div class=\"fj-texte\">\n<p>Pour les salari\u00e9s mis \u00e0 disposition qui remplissent les conditions mentionn\u00e9es au 2\u00b0 de l&#8217;article L. 1111-2, la condition de pr\u00e9sence dans l&#8217;entreprise utilisatrice est de douze mois continus pour y \u00eatre \u00e9lecteur. Les salari\u00e9s mis \u00e0 disposition ne sont pas \u00e9ligibles dans l&#8217;entreprise utilisatrice. <\/p>\n<p>Les salari\u00e9s mis \u00e0 disposition qui remplissent les conditions mentionn\u00e9es au premier alin\u00e9a choisissent s&#8217;ils exercent leur droit de vote dans l&#8217;entreprise qui les emploie ou l&#8217;entreprise utilisatrice.<\/p>\n<\/div>\n<\/div>\n<\/section>\n","protected":false},"excerpt":{"rendered":"<p>La cour d&#8217;appel de Douai, dans un arr\u00eat du 30 janvier 2026, a infirm\u00e9 le jugement prud&#8217;homal. Un salari\u00e9 chauffeur avait \u00e9t\u00e9 licenci\u00e9 pour faute grave&#8230;<\/p>\n","protected":false},"author":232070755,"featured_media":9565,"comment_status":"open","ping_status":"open","sticky":false,"template":"","format":"standard","meta":{"_crdt_document":"","_jetpack_newsletter_access":"","_jetpack_dont_email_post_to_subs":false,"_jetpack_newsletter_tier_id":0,"_jetpack_memberships_contains_paywalled_content":false,"_kj_source_type":"","_kj_official_id":"","_kj_official_url":"","_kj_judilibre_id":"","_kj_jur":"","_kj_lieu":"","_kj_chambre":"","_kj_rg":"","_kj_date":"","_jetpack_memberships_contains_paid_content":false,"footnotes":"","jetpack_post_was_ever_published":false},"categories":[6455,6454],"tags":[],"class_list":["post-733921","post","type-post","status-publish","format-standard","has-post-thumbnail","hentry","category-cour-dappel","category-decisions-juridiques"],"yoast_head":"<!-- This site is optimized with the Yoast SEO Premium plugin v27.5 (Yoast SEO v27.5) - https:\/\/yoast.com\/product\/yoast-seo-premium-wordpress\/ -->\n<title>Cour d&#039;appel de Douai, le 30 janvier 2026, n\u00b024\/02051 - Ma\u00eetre Hassan Kohen, avocat en droit p\u00e9nal \u00e0 Paris<\/title>\n<meta name=\"description\" content=\"La cour d&#039;appel de Douai, dans un arr\u00eat du 30 janvier 2026, a infirm\u00e9 le jugement prud&#039;homal. Un salari\u00e9 chauffeur avait \u00e9t\u00e9 licenci\u00e9 pour faute grave...\" \/>\n<meta name=\"robots\" content=\"index, follow, max-snippet:-1, max-image-preview:large, max-video-preview:-1\" \/>\n<link rel=\"canonical\" href=\"https:\/\/kohenavocats.com\/zh-hans\/cour-dappel-de-douai-le-30-janvier-2026-n24-02051\/\" \/>\n<meta property=\"og:locale\" content=\"zh_CN\" \/>\n<meta property=\"og:type\" content=\"article\" \/>\n<meta property=\"og:title\" content=\"Cour d&#039;appel de Douai, le 30 janvier 2026, n\u00b024\/02051\" \/>\n<meta property=\"og:description\" content=\"La cour d&#039;appel de Douai, dans un arr\u00eat du 30 janvier 2026, a infirm\u00e9 le jugement prud&#039;homal. Un salari\u00e9 chauffeur avait \u00e9t\u00e9 licenci\u00e9 pour faute grave...\" \/>\n<meta property=\"og:url\" content=\"https:\/\/kohenavocats.com\/zh-hans\/cour-dappel-de-douai-le-30-janvier-2026-n24-02051\/\" \/>\n<meta property=\"og:site_name\" content=\"Ma\u00eetre Hassan Kohen, avocat en droit p\u00e9nal \u00e0 Paris\" \/>\n<meta property=\"article:published_time\" content=\"2026-04-28T14:53:52+00:00\" \/>\n<meta property=\"og:image\" content=\"https:\/\/kohenavocats.com\/wp-content\/uploads\/2024\/11\/zyanya-citlalli-bEhnA88B_mA-unsplash.webp\" \/>\n\t<meta property=\"og:image:width\" content=\"3840\" \/>\n\t<meta property=\"og:image:height\" content=\"2160\" \/>\n\t<meta property=\"og:image:type\" content=\"image\/webp\" \/>\n<meta name=\"author\" content=\"Kohen\" \/>\n<meta name=\"twitter:card\" content=\"summary_large_image\" \/>\n<meta name=\"twitter:label1\" content=\"\u4f5c\u8005\" \/>\n\t<meta name=\"twitter:data1\" content=\"Kohen\" \/>\n\t<meta name=\"twitter:label2\" content=\"\u9884\u8ba1\u9605\u8bfb\u65f6\u95f4\" \/>\n\t<meta name=\"twitter:data2\" content=\"3 \u5206\" \/>\n<script type=\"application\/ld+json\" class=\"yoast-schema-graph\">{\"@context\":\"https:\\\/\\\/schema.org\",\"@graph\":[{\"@type\":\"Article\",\"@id\":\"https:\\\/\\\/kohenavocats.com\\\/zh-hans\\\/cour-dappel-de-douai-le-30-janvier-2026-n24-02051\\\/#article\",\"isPartOf\":{\"@id\":\"https:\\\/\\\/kohenavocats.com\\\/zh-hans\\\/cour-dappel-de-douai-le-30-janvier-2026-n24-02051\\\/\"},\"author\":{\"name\":\"Kohen\",\"@id\":\"https:\\\/\\\/kohenavocats.com\\\/zh-hans\\\/#\\\/schema\\\/person\\\/761c9ba54fa1ca84d405cef0831ff751\"},\"headline\":\"Cour d&#8217;appel de Douai, le 30 janvier 2026, n\u00b024\\\/02051\",\"datePublished\":\"2026-04-28T14:53:52+00:00\",\"mainEntityOfPage\":{\"@id\":\"https:\\\/\\\/kohenavocats.com\\\/zh-hans\\\/cour-dappel-de-douai-le-30-janvier-2026-n24-02051\\\/\"},\"wordCount\":729,\"commentCount\":0,\"publisher\":{\"@id\":\"https:\\\/\\\/kohenavocats.com\\\/zh-hans\\\/#organization\"},\"image\":{\"@id\":\"https:\\\/\\\/kohenavocats.com\\\/zh-hans\\\/cour-dappel-de-douai-le-30-janvier-2026-n24-02051\\\/#primaryimage\"},\"thumbnailUrl\":\"https:\\\/\\\/kohenavocats.com\\\/wp-content\\\/uploads\\\/2024\\\/11\\\/zyanya-citlalli-bEhnA88B_mA-unsplash.webp\",\"articleSection\":[\"Cour d'appel\",\"D\u00e9cisions juridiques\"],\"inLanguage\":\"zh-Hans\",\"potentialAction\":[{\"@type\":\"CommentAction\",\"name\":\"Comment\",\"target\":[\"https:\\\/\\\/kohenavocats.com\\\/zh-hans\\\/cour-dappel-de-douai-le-30-janvier-2026-n24-02051\\\/#respond\"]}],\"citation\":\"Cour d&#8217;appel de Douai, le 30 janvier 2026, n\u00b024\\\/02051\",\"about\":[{\"@type\":\"Thing\",\"name\":\"Cour d'appel\"},{\"@type\":\"Thing\",\"name\":\"D\u00e9cisions juridiques\"}],\"dateModified\":\"2026-04-28T14:53:52+00:00\",\"speakable\":{\"@type\":\"SpeakableSpecification\",\"cssSelector\":[\".article-content > p:first-of-type\"]}},{\"@type\":\"WebPage\",\"@id\":\"https:\\\/\\\/kohenavocats.com\\\/zh-hans\\\/cour-dappel-de-douai-le-30-janvier-2026-n24-02051\\\/\",\"url\":\"https:\\\/\\\/kohenavocats.com\\\/zh-hans\\\/cour-dappel-de-douai-le-30-janvier-2026-n24-02051\\\/\",\"name\":\"Cour d'appel de Douai, le 30 janvier 2026, n\u00b024\\\/02051 - Ma\u00eetre Hassan Kohen, avocat en droit p\u00e9nal \u00e0 Paris\",\"isPartOf\":{\"@id\":\"https:\\\/\\\/kohenavocats.com\\\/zh-hans\\\/#website\"},\"primaryImageOfPage\":{\"@id\":\"https:\\\/\\\/kohenavocats.com\\\/zh-hans\\\/cour-dappel-de-douai-le-30-janvier-2026-n24-02051\\\/#primaryimage\"},\"image\":{\"@id\":\"https:\\\/\\\/kohenavocats.com\\\/zh-hans\\\/cour-dappel-de-douai-le-30-janvier-2026-n24-02051\\\/#primaryimage\"},\"thumbnailUrl\":\"https:\\\/\\\/kohenavocats.com\\\/wp-content\\\/uploads\\\/2024\\\/11\\\/zyanya-citlalli-bEhnA88B_mA-unsplash.webp\",\"datePublished\":\"2026-04-28T14:53:52+00:00\",\"description\":\"La cour d'appel de Douai, dans un arr\u00eat du 30 janvier 2026, a infirm\u00e9 le jugement prud'homal. Un salari\u00e9 chauffeur avait \u00e9t\u00e9 licenci\u00e9 pour faute grave...\",\"breadcrumb\":{\"@id\":\"https:\\\/\\\/kohenavocats.com\\\/zh-hans\\\/cour-dappel-de-douai-le-30-janvier-2026-n24-02051\\\/#breadcrumb\"},\"inLanguage\":\"zh-Hans\",\"potentialAction\":[{\"@type\":\"ReadAction\",\"target\":[\"https:\\\/\\\/kohenavocats.com\\\/zh-hans\\\/cour-dappel-de-douai-le-30-janvier-2026-n24-02051\\\/\"]}]},{\"@type\":\"ImageObject\",\"inLanguage\":\"zh-Hans\",\"@id\":\"https:\\\/\\\/kohenavocats.com\\\/zh-hans\\\/cour-dappel-de-douai-le-30-janvier-2026-n24-02051\\\/#primaryimage\",\"url\":\"https:\\\/\\\/kohenavocats.com\\\/wp-content\\\/uploads\\\/2024\\\/11\\\/zyanya-citlalli-bEhnA88B_mA-unsplash.webp\",\"contentUrl\":\"https:\\\/\\\/kohenavocats.com\\\/wp-content\\\/uploads\\\/2024\\\/11\\\/zyanya-citlalli-bEhnA88B_mA-unsplash.webp\",\"width\":3840,\"height\":2160},{\"@type\":\"BreadcrumbList\",\"@id\":\"https:\\\/\\\/kohenavocats.com\\\/zh-hans\\\/cour-dappel-de-douai-le-30-janvier-2026-n24-02051\\\/#breadcrumb\",\"itemListElement\":[{\"@type\":\"ListItem\",\"position\":1,\"name\":\"Home\",\"item\":\"https:\\\/\\\/kohenavocats.com\\\/zh-hans\\\/\"},{\"@type\":\"ListItem\",\"position\":2,\"name\":\"Cour d&rsquo;appel de Douai, le 30 janvier 2026, n\u00b024\\\/02051\"}]},{\"@type\":\"WebSite\",\"@id\":\"https:\\\/\\\/kohenavocats.com\\\/zh-hans\\\/#website\",\"url\":\"https:\\\/\\\/kohenavocats.com\\\/zh-hans\\\/\",\"name\":\"Kohen Avocats\",\"description\":\"Ma\u00eetre Hassan Kohen, avocat p\u00e9naliste \u00e0 Paris, intervient exclusivement en droit p\u00e9nal pour la d\u00e9fense des particuliers, notamment en mati\u00e8re d\u2019accusations de viol. Il assure un accompagnement rigoureux d\u00e8s la garde \u00e0 vue jusqu\u2019\u00e0 la Cour d\u2019assises, veillant au strict respect des garanties proc\u00e9durales.\",\"publisher\":{\"@id\":\"https:\\\/\\\/kohenavocats.com\\\/zh-hans\\\/#organization\"},\"potentialAction\":[{\"@type\":\"SearchAction\",\"target\":{\"@type\":\"EntryPoint\",\"urlTemplate\":\"https:\\\/\\\/kohenavocats.com\\\/zh-hans\\\/?s={search_term_string}\"},\"query-input\":{\"@type\":\"PropertyValueSpecification\",\"valueRequired\":true,\"valueName\":\"search_term_string\"}}],\"inLanguage\":\"zh-Hans\"},{\"@type\":\"Organization\",\"@id\":\"https:\\\/\\\/kohenavocats.com\\\/zh-hans\\\/#organization\",\"name\":\"Kohen Avocats\",\"url\":\"https:\\\/\\\/kohenavocats.com\\\/zh-hans\\\/\",\"logo\":{\"@type\":\"ImageObject\",\"inLanguage\":\"zh-Hans\",\"@id\":\"https:\\\/\\\/kohenavocats.com\\\/zh-hans\\\/#\\\/schema\\\/logo\\\/image\\\/\",\"url\":\"https:\\\/\\\/kohenavocats.com\\\/wp-content\\\/uploads\\\/2026\\\/01\\\/Logo-2-1.webp\",\"contentUrl\":\"https:\\\/\\\/kohenavocats.com\\\/wp-content\\\/uploads\\\/2026\\\/01\\\/Logo-2-1.webp\",\"width\":2114,\"height\":1253,\"caption\":\"Kohen Avocats\"},\"image\":{\"@id\":\"https:\\\/\\\/kohenavocats.com\\\/zh-hans\\\/#\\\/schema\\\/logo\\\/image\\\/\"}},{\"@type\":\"Person\",\"@id\":\"https:\\\/\\\/kohenavocats.com\\\/zh-hans\\\/#\\\/schema\\\/person\\\/761c9ba54fa1ca84d405cef0831ff751\",\"name\":\"Kohen\",\"image\":{\"@type\":\"ImageObject\",\"inLanguage\":\"zh-Hans\",\"@id\":\"https:\\\/\\\/secure.gravatar.com\\\/avatar\\\/1c5e76ef76bbbfdd2b4da984e2bf2fa4056fd51a27d25ce2c332047f1dfd6e00?s=96&d=identicon&r=g\",\"url\":\"https:\\\/\\\/secure.gravatar.com\\\/avatar\\\/1c5e76ef76bbbfdd2b4da984e2bf2fa4056fd51a27d25ce2c332047f1dfd6e00?s=96&d=identicon&r=g\",\"contentUrl\":\"https:\\\/\\\/secure.gravatar.com\\\/avatar\\\/1c5e76ef76bbbfdd2b4da984e2bf2fa4056fd51a27d25ce2c332047f1dfd6e00?s=96&d=identicon&r=g\",\"caption\":\"Kohen\"},\"sameAs\":[\"https:\\\/\\\/www.linkedin.com\\\/in\\\/hassan-kohen-448548192\\\/\",\"https:\\\/\\\/www.youtube.com\\\/@Kohen-Avocats\"],\"url\":\"https:\\\/\\\/kohenavocats.com\\\/zh-hans\\\/author\\\/kohenmlk\\\/\"}]}<\/script>\n<!-- \/ Yoast SEO Premium plugin. -->","yoast_head_json":{"title":"Cour d'appel de Douai, le 30 janvier 2026, n\u00b024\/02051 - Ma\u00eetre Hassan Kohen, avocat en droit p\u00e9nal \u00e0 Paris","description":"La cour d'appel de Douai, dans un arr\u00eat du 30 janvier 2026, a infirm\u00e9 le jugement prud'homal. Un salari\u00e9 chauffeur avait \u00e9t\u00e9 licenci\u00e9 pour faute grave...","robots":{"index":"index","follow":"follow","max-snippet":"max-snippet:-1","max-image-preview":"max-image-preview:large","max-video-preview":"max-video-preview:-1"},"canonical":"https:\/\/kohenavocats.com\/zh-hans\/cour-dappel-de-douai-le-30-janvier-2026-n24-02051\/","og_locale":"zh_CN","og_type":"article","og_title":"Cour d'appel de Douai, le 30 janvier 2026, n\u00b024\/02051","og_description":"La cour d'appel de Douai, dans un arr\u00eat du 30 janvier 2026, a infirm\u00e9 le jugement prud'homal. Un salari\u00e9 chauffeur avait \u00e9t\u00e9 licenci\u00e9 pour faute grave...","og_url":"https:\/\/kohenavocats.com\/zh-hans\/cour-dappel-de-douai-le-30-janvier-2026-n24-02051\/","og_site_name":"Ma\u00eetre Hassan Kohen, avocat en droit p\u00e9nal \u00e0 Paris","article_published_time":"2026-04-28T14:53:52+00:00","og_image":[{"width":3840,"height":2160,"url":"https:\/\/kohenavocats.com\/wp-content\/uploads\/2024\/11\/zyanya-citlalli-bEhnA88B_mA-unsplash.webp","type":"image\/webp"}],"author":"Kohen","twitter_card":"summary_large_image","twitter_misc":{"\u4f5c\u8005":"Kohen","\u9884\u8ba1\u9605\u8bfb\u65f6\u95f4":"3 \u5206"},"schema":{"@context":"https:\/\/schema.org","@graph":[{"@type":"Article","@id":"https:\/\/kohenavocats.com\/zh-hans\/cour-dappel-de-douai-le-30-janvier-2026-n24-02051\/#article","isPartOf":{"@id":"https:\/\/kohenavocats.com\/zh-hans\/cour-dappel-de-douai-le-30-janvier-2026-n24-02051\/"},"author":{"name":"Kohen","@id":"https:\/\/kohenavocats.com\/zh-hans\/#\/schema\/person\/761c9ba54fa1ca84d405cef0831ff751"},"headline":"Cour d&#8217;appel de Douai, le 30 janvier 2026, n\u00b024\/02051","datePublished":"2026-04-28T14:53:52+00:00","mainEntityOfPage":{"@id":"https:\/\/kohenavocats.com\/zh-hans\/cour-dappel-de-douai-le-30-janvier-2026-n24-02051\/"},"wordCount":729,"commentCount":0,"publisher":{"@id":"https:\/\/kohenavocats.com\/zh-hans\/#organization"},"image":{"@id":"https:\/\/kohenavocats.com\/zh-hans\/cour-dappel-de-douai-le-30-janvier-2026-n24-02051\/#primaryimage"},"thumbnailUrl":"https:\/\/kohenavocats.com\/wp-content\/uploads\/2024\/11\/zyanya-citlalli-bEhnA88B_mA-unsplash.webp","articleSection":["Cour d'appel","D\u00e9cisions juridiques"],"inLanguage":"zh-Hans","potentialAction":[{"@type":"CommentAction","name":"Comment","target":["https:\/\/kohenavocats.com\/zh-hans\/cour-dappel-de-douai-le-30-janvier-2026-n24-02051\/#respond"]}],"citation":"Cour d&#8217;appel de Douai, le 30 janvier 2026, n\u00b024\/02051","about":[{"@type":"Thing","name":"Cour d'appel"},{"@type":"Thing","name":"D\u00e9cisions juridiques"}],"dateModified":"2026-04-28T14:53:52+00:00","speakable":{"@type":"SpeakableSpecification","cssSelector":[".article-content > p:first-of-type"]}},{"@type":"WebPage","@id":"https:\/\/kohenavocats.com\/zh-hans\/cour-dappel-de-douai-le-30-janvier-2026-n24-02051\/","url":"https:\/\/kohenavocats.com\/zh-hans\/cour-dappel-de-douai-le-30-janvier-2026-n24-02051\/","name":"Cour d'appel de Douai, le 30 janvier 2026, n\u00b024\/02051 - Ma\u00eetre Hassan Kohen, avocat en droit p\u00e9nal \u00e0 Paris","isPartOf":{"@id":"https:\/\/kohenavocats.com\/zh-hans\/#website"},"primaryImageOfPage":{"@id":"https:\/\/kohenavocats.com\/zh-hans\/cour-dappel-de-douai-le-30-janvier-2026-n24-02051\/#primaryimage"},"image":{"@id":"https:\/\/kohenavocats.com\/zh-hans\/cour-dappel-de-douai-le-30-janvier-2026-n24-02051\/#primaryimage"},"thumbnailUrl":"https:\/\/kohenavocats.com\/wp-content\/uploads\/2024\/11\/zyanya-citlalli-bEhnA88B_mA-unsplash.webp","datePublished":"2026-04-28T14:53:52+00:00","description":"La cour d'appel de Douai, dans un arr\u00eat du 30 janvier 2026, a infirm\u00e9 le jugement prud'homal. Un salari\u00e9 chauffeur avait \u00e9t\u00e9 licenci\u00e9 pour faute grave...","breadcrumb":{"@id":"https:\/\/kohenavocats.com\/zh-hans\/cour-dappel-de-douai-le-30-janvier-2026-n24-02051\/#breadcrumb"},"inLanguage":"zh-Hans","potentialAction":[{"@type":"ReadAction","target":["https:\/\/kohenavocats.com\/zh-hans\/cour-dappel-de-douai-le-30-janvier-2026-n24-02051\/"]}]},{"@type":"ImageObject","inLanguage":"zh-Hans","@id":"https:\/\/kohenavocats.com\/zh-hans\/cour-dappel-de-douai-le-30-janvier-2026-n24-02051\/#primaryimage","url":"https:\/\/kohenavocats.com\/wp-content\/uploads\/2024\/11\/zyanya-citlalli-bEhnA88B_mA-unsplash.webp","contentUrl":"https:\/\/kohenavocats.com\/wp-content\/uploads\/2024\/11\/zyanya-citlalli-bEhnA88B_mA-unsplash.webp","width":3840,"height":2160},{"@type":"BreadcrumbList","@id":"https:\/\/kohenavocats.com\/zh-hans\/cour-dappel-de-douai-le-30-janvier-2026-n24-02051\/#breadcrumb","itemListElement":[{"@type":"ListItem","position":1,"name":"Home","item":"https:\/\/kohenavocats.com\/zh-hans\/"},{"@type":"ListItem","position":2,"name":"Cour d&rsquo;appel de Douai, le 30 janvier 2026, n\u00b024\/02051"}]},{"@type":"WebSite","@id":"https:\/\/kohenavocats.com\/zh-hans\/#website","url":"https:\/\/kohenavocats.com\/zh-hans\/","name":"Kohen Avocats","description":"Ma\u00eetre Hassan Kohen, avocat p\u00e9naliste \u00e0 Paris, intervient exclusivement en droit p\u00e9nal pour la d\u00e9fense des particuliers, notamment en mati\u00e8re d\u2019accusations de viol. Il assure un accompagnement rigoureux d\u00e8s la garde \u00e0 vue jusqu\u2019\u00e0 la Cour d\u2019assises, veillant au strict respect des garanties proc\u00e9durales.","publisher":{"@id":"https:\/\/kohenavocats.com\/zh-hans\/#organization"},"potentialAction":[{"@type":"SearchAction","target":{"@type":"EntryPoint","urlTemplate":"https:\/\/kohenavocats.com\/zh-hans\/?s={search_term_string}"},"query-input":{"@type":"PropertyValueSpecification","valueRequired":true,"valueName":"search_term_string"}}],"inLanguage":"zh-Hans"},{"@type":"Organization","@id":"https:\/\/kohenavocats.com\/zh-hans\/#organization","name":"Kohen Avocats","url":"https:\/\/kohenavocats.com\/zh-hans\/","logo":{"@type":"ImageObject","inLanguage":"zh-Hans","@id":"https:\/\/kohenavocats.com\/zh-hans\/#\/schema\/logo\/image\/","url":"https:\/\/kohenavocats.com\/wp-content\/uploads\/2026\/01\/Logo-2-1.webp","contentUrl":"https:\/\/kohenavocats.com\/wp-content\/uploads\/2026\/01\/Logo-2-1.webp","width":2114,"height":1253,"caption":"Kohen Avocats"},"image":{"@id":"https:\/\/kohenavocats.com\/zh-hans\/#\/schema\/logo\/image\/"}},{"@type":"Person","@id":"https:\/\/kohenavocats.com\/zh-hans\/#\/schema\/person\/761c9ba54fa1ca84d405cef0831ff751","name":"Kohen","image":{"@type":"ImageObject","inLanguage":"zh-Hans","@id":"https:\/\/secure.gravatar.com\/avatar\/1c5e76ef76bbbfdd2b4da984e2bf2fa4056fd51a27d25ce2c332047f1dfd6e00?s=96&d=identicon&r=g","url":"https:\/\/secure.gravatar.com\/avatar\/1c5e76ef76bbbfdd2b4da984e2bf2fa4056fd51a27d25ce2c332047f1dfd6e00?s=96&d=identicon&r=g","contentUrl":"https:\/\/secure.gravatar.com\/avatar\/1c5e76ef76bbbfdd2b4da984e2bf2fa4056fd51a27d25ce2c332047f1dfd6e00?s=96&d=identicon&r=g","caption":"Kohen"},"sameAs":["https:\/\/www.linkedin.com\/in\/hassan-kohen-448548192\/","https:\/\/www.youtube.com\/@Kohen-Avocats"],"url":"https:\/\/kohenavocats.com\/zh-hans\/author\/kohenmlk\/"}]}},"jetpack_featured_media_url":"https:\/\/kohenavocats.com\/wp-content\/uploads\/2024\/11\/zyanya-citlalli-bEhnA88B_mA-unsplash.webp","jetpack_likes_enabled":false,"jetpack_shortlink":"https:\/\/wp.me\/peCrII-34Vr","jetpack-related-posts":[{"id":441807,"url":"https:\/\/kohenavocats.com\/zh-hans\/cour-de-cassation-le-28-janvier-2026-n23-20-245\/","url_meta":{"origin":733921,"position":0},"title":"Cour de cassation, le 28 janvier 2026, n\u00b023-20.245","author":"","date":"2026\u5e744\u67084\u65e5","format":false,"excerpt":"Il r\u00e9sulte de la loi des 2-17 mars 1791, des princ\u2026","rel":"","context":"\u5728\u201cCour de cassation\u201d\u4e2d","block_context":{"text":"Cour de cassation","link":"https:\/\/kohenavocats.com\/category\/cour-de-cassation\/"},"img":{"alt_text":"","src":"https:\/\/i0.wp.com\/kohenavocats.com\/wp-content\/uploads\/2024\/05\/daniele-d-andreti-mGH4FxehE2s-unsplash.webp?resize=350%2C200&ssl=1","width":350,"height":200,"srcset":"https:\/\/i0.wp.com\/kohenavocats.com\/wp-content\/uploads\/2024\/05\/daniele-d-andreti-mGH4FxehE2s-unsplash.webp?resize=350%2C200&ssl=1 1x, https:\/\/i0.wp.com\/kohenavocats.com\/wp-content\/uploads\/2024\/05\/daniele-d-andreti-mGH4FxehE2s-unsplash.webp?resize=525%2C300&ssl=1 1.5x, https:\/\/i0.wp.com\/kohenavocats.com\/wp-content\/uploads\/2024\/05\/daniele-d-andreti-mGH4FxehE2s-unsplash.webp?resize=700%2C400&ssl=1 2x, https:\/\/i0.wp.com\/kohenavocats.com\/wp-content\/uploads\/2024\/05\/daniele-d-andreti-mGH4FxehE2s-unsplash.webp?resize=1050%2C600&ssl=1 3x, https:\/\/i0.wp.com\/kohenavocats.com\/wp-content\/uploads\/2024\/05\/daniele-d-andreti-mGH4FxehE2s-unsplash.webp?resize=1400%2C800&ssl=1 4x"},"classes":[]},{"id":457029,"url":"https:\/\/kohenavocats.com\/zh-hans\/caa-caa-de-douai-21-01-2026-n-25da00930\/","url_meta":{"origin":733921,"position":1},"title":"CAA \u2013 CAA de DOUAI \u2013 21\/01\/2026 \u2013 n\u00b0 25DA00930","author":"Kohen","date":"2026\u5e744\u67087\u65e5","format":false,"excerpt":"Par un arr\u00eat rendu le 21 janvier 2026, la cour adm\u2026","rel":"","context":"\u5728\u201cJuridictions administratives\u201d\u4e2d","block_context":{"text":"Juridictions administratives","link":"https:\/\/kohenavocats.com\/category\/juridictions-administratives\/"},"img":{"alt_text":"","src":"https:\/\/i0.wp.com\/kohenavocats.com\/wp-content\/uploads\/2024\/11\/lala-azizli-oAaj82io-2k-unsplash-1.webp?resize=350%2C200&ssl=1","width":350,"height":200,"srcset":"https:\/\/i0.wp.com\/kohenavocats.com\/wp-content\/uploads\/2024\/11\/lala-azizli-oAaj82io-2k-unsplash-1.webp?resize=350%2C200&ssl=1 1x, https:\/\/i0.wp.com\/kohenavocats.com\/wp-content\/uploads\/2024\/11\/lala-azizli-oAaj82io-2k-unsplash-1.webp?resize=525%2C300&ssl=1 1.5x, https:\/\/i0.wp.com\/kohenavocats.com\/wp-content\/uploads\/2024\/11\/lala-azizli-oAaj82io-2k-unsplash-1.webp?resize=700%2C400&ssl=1 2x, https:\/\/i0.wp.com\/kohenavocats.com\/wp-content\/uploads\/2024\/11\/lala-azizli-oAaj82io-2k-unsplash-1.webp?resize=1050%2C600&ssl=1 3x, https:\/\/i0.wp.com\/kohenavocats.com\/wp-content\/uploads\/2024\/11\/lala-azizli-oAaj82io-2k-unsplash-1.webp?resize=1400%2C800&ssl=1 4x"},"classes":[]},{"id":496746,"url":"https:\/\/kohenavocats.com\/zh-hans\/tribunal-judiciaire-de-meaux-le-30-novembre-2025-n25-04875\/","url_meta":{"origin":733921,"position":2},"title":"Tribunal judiciaire de Meaux, le 30 novembre 2025, n\u00b025\/04875","author":"Kohen","date":"2026\u5e744\u67088\u65e5","format":false,"excerpt":"Le tribunal judiciaire, statuant comme juge des li\u2026","rel":"","context":"\u5728\u201cD\u00e9cisions juridiques\u201d\u4e2d","block_context":{"text":"D\u00e9cisions juridiques","link":"https:\/\/kohenavocats.com\/category\/decisions-juridiques\/"},"img":{"alt_text":"","src":"https:\/\/i0.wp.com\/kohenavocats.com\/wp-content\/uploads\/2024\/11\/planet-volumes-69z5zredkrw-unsplash.webp?resize=350%2C200&ssl=1","width":350,"height":200,"srcset":"https:\/\/i0.wp.com\/kohenavocats.com\/wp-content\/uploads\/2024\/11\/planet-volumes-69z5zredkrw-unsplash.webp?resize=350%2C200&ssl=1 1x, https:\/\/i0.wp.com\/kohenavocats.com\/wp-content\/uploads\/2024\/11\/planet-volumes-69z5zredkrw-unsplash.webp?resize=525%2C300&ssl=1 1.5x, https:\/\/i0.wp.com\/kohenavocats.com\/wp-content\/uploads\/2024\/11\/planet-volumes-69z5zredkrw-unsplash.webp?resize=700%2C400&ssl=1 2x, https:\/\/i0.wp.com\/kohenavocats.com\/wp-content\/uploads\/2024\/11\/planet-volumes-69z5zredkrw-unsplash.webp?resize=1050%2C600&ssl=1 3x, https:\/\/i0.wp.com\/kohenavocats.com\/wp-content\/uploads\/2024\/11\/planet-volumes-69z5zredkrw-unsplash.webp?resize=1400%2C800&ssl=1 4x"},"classes":[]},{"id":495576,"url":"https:\/\/kohenavocats.com\/zh-hans\/tribunal-de-commerce-de-reims-le-2-decembre-2025-n2025f05186\/","url_meta":{"origin":733921,"position":3},"title":"Tribunal de commerce de Reims, le 2 d\u00e9cembre 2025, n\u00b02025F05186","author":"Kohen","date":"2026\u5e744\u67088\u65e5","format":false,"excerpt":"Le tribunal de commerce de Reims, statuant le 13 j\u2026","rel":"","context":"\u5728\u201cD\u00e9cisions juridiques\u201d\u4e2d","block_context":{"text":"D\u00e9cisions juridiques","link":"https:\/\/kohenavocats.com\/category\/decisions-juridiques\/"},"img":{"alt_text":"","src":"https:\/\/i0.wp.com\/kohenavocats.com\/wp-content\/uploads\/2024\/08\/matthias-iordache-jocHp74qyCw-unsplash.webp?resize=350%2C200&ssl=1","width":350,"height":200,"srcset":"https:\/\/i0.wp.com\/kohenavocats.com\/wp-content\/uploads\/2024\/08\/matthias-iordache-jocHp74qyCw-unsplash.webp?resize=350%2C200&ssl=1 1x, https:\/\/i0.wp.com\/kohenavocats.com\/wp-content\/uploads\/2024\/08\/matthias-iordache-jocHp74qyCw-unsplash.webp?resize=525%2C300&ssl=1 1.5x, https:\/\/i0.wp.com\/kohenavocats.com\/wp-content\/uploads\/2024\/08\/matthias-iordache-jocHp74qyCw-unsplash.webp?resize=700%2C400&ssl=1 2x, https:\/\/i0.wp.com\/kohenavocats.com\/wp-content\/uploads\/2024\/08\/matthias-iordache-jocHp74qyCw-unsplash.webp?resize=1050%2C600&ssl=1 3x, https:\/\/i0.wp.com\/kohenavocats.com\/wp-content\/uploads\/2024\/08\/matthias-iordache-jocHp74qyCw-unsplash.webp?resize=1400%2C800&ssl=1 4x"},"classes":[]},{"id":457257,"url":"https:\/\/kohenavocats.com\/zh-hans\/caa-caa-de-douai-14-01-2026-n-24da00515\/","url_meta":{"origin":733921,"position":4},"title":"CAA \u2013 CAA de DOUAI \u2013 14\/01\/2026 \u2013 n\u00b0 24DA00515","author":"Kohen","date":"2026\u5e744\u67087\u65e5","format":false,"excerpt":"Par un arr\u00eat rendu le 14 janvier 2026, la Cour adm\u2026","rel":"","context":"\u5728\u201cJuridictions administratives\u201d\u4e2d","block_context":{"text":"Juridictions administratives","link":"https:\/\/kohenavocats.com\/category\/juridictions-administratives\/"},"img":{"alt_text":"","src":"https:\/\/i0.wp.com\/kohenavocats.com\/wp-content\/uploads\/2024\/08\/anthony-choren-WU1RbgzDoAs-unsplash.webp?resize=350%2C200&ssl=1","width":350,"height":200,"srcset":"https:\/\/i0.wp.com\/kohenavocats.com\/wp-content\/uploads\/2024\/08\/anthony-choren-WU1RbgzDoAs-unsplash.webp?resize=350%2C200&ssl=1 1x, https:\/\/i0.wp.com\/kohenavocats.com\/wp-content\/uploads\/2024\/08\/anthony-choren-WU1RbgzDoAs-unsplash.webp?resize=525%2C300&ssl=1 1.5x, https:\/\/i0.wp.com\/kohenavocats.com\/wp-content\/uploads\/2024\/08\/anthony-choren-WU1RbgzDoAs-unsplash.webp?resize=700%2C400&ssl=1 2x, https:\/\/i0.wp.com\/kohenavocats.com\/wp-content\/uploads\/2024\/08\/anthony-choren-WU1RbgzDoAs-unsplash.webp?resize=1050%2C600&ssl=1 3x, https:\/\/i0.wp.com\/kohenavocats.com\/wp-content\/uploads\/2024\/08\/anthony-choren-WU1RbgzDoAs-unsplash.webp?resize=1400%2C800&ssl=1 4x"},"classes":[]},{"id":457320,"url":"https:\/\/kohenavocats.com\/zh-hans\/caa-caa-de-douai-14-01-2026-n-24da01233\/","url_meta":{"origin":733921,"position":5},"title":"CAA \u2013 CAA de DOUAI \u2013 14\/01\/2026 \u2013 n\u00b0 24DA01233","author":"Kohen","date":"2026\u5e744\u67087\u65e5","format":false,"excerpt":"La Cour administrative d'appel de Douai a rendu, l\u2026","rel":"","context":"\u5728\u201cJuridictions administratives\u201d\u4e2d","block_context":{"text":"Juridictions administratives","link":"https:\/\/kohenavocats.com\/category\/juridictions-administratives\/"},"img":{"alt_text":"","src":"https:\/\/i0.wp.com\/kohenavocats.com\/wp-content\/uploads\/2024\/11\/virginia-marinova-3UfkjHxVch0-unsplash.webp?resize=350%2C200&ssl=1","width":350,"height":200,"srcset":"https:\/\/i0.wp.com\/kohenavocats.com\/wp-content\/uploads\/2024\/11\/virginia-marinova-3UfkjHxVch0-unsplash.webp?resize=350%2C200&ssl=1 1x, https:\/\/i0.wp.com\/kohenavocats.com\/wp-content\/uploads\/2024\/11\/virginia-marinova-3UfkjHxVch0-unsplash.webp?resize=525%2C300&ssl=1 1.5x, https:\/\/i0.wp.com\/kohenavocats.com\/wp-content\/uploads\/2024\/11\/virginia-marinova-3UfkjHxVch0-unsplash.webp?resize=700%2C400&ssl=1 2x, https:\/\/i0.wp.com\/kohenavocats.com\/wp-content\/uploads\/2024\/11\/virginia-marinova-3UfkjHxVch0-unsplash.webp?resize=1050%2C600&ssl=1 3x, https:\/\/i0.wp.com\/kohenavocats.com\/wp-content\/uploads\/2024\/11\/virginia-marinova-3UfkjHxVch0-unsplash.webp?resize=1400%2C800&ssl=1 4x"},"classes":[]}],"jetpack_sharing_enabled":true,"_links":{"self":[{"href":"https:\/\/kohenavocats.com\/zh-hans\/wp-json\/wp\/v2\/posts\/733921","targetHints":{"allow":["GET"]}}],"collection":[{"href":"https:\/\/kohenavocats.com\/zh-hans\/wp-json\/wp\/v2\/posts"}],"about":[{"href":"https:\/\/kohenavocats.com\/zh-hans\/wp-json\/wp\/v2\/types\/post"}],"author":[{"embeddable":true,"href":"https:\/\/kohenavocats.com\/zh-hans\/wp-json\/wp\/v2\/users\/232070755"}],"replies":[{"embeddable":true,"href":"https:\/\/kohenavocats.com\/zh-hans\/wp-json\/wp\/v2\/comments?post=733921"}],"version-history":[{"count":0,"href":"https:\/\/kohenavocats.com\/zh-hans\/wp-json\/wp\/v2\/posts\/733921\/revisions"}],"wp:featuredmedia":[{"embeddable":true,"href":"https:\/\/kohenavocats.com\/zh-hans\/wp-json\/wp\/v2\/media\/9565"}],"wp:attachment":[{"href":"https:\/\/kohenavocats.com\/zh-hans\/wp-json\/wp\/v2\/media?parent=733921"}],"wp:term":[{"taxonomy":"category","embeddable":true,"href":"https:\/\/kohenavocats.com\/zh-hans\/wp-json\/wp\/v2\/categories?post=733921"},{"taxonomy":"post_tag","embeddable":true,"href":"https:\/\/kohenavocats.com\/zh-hans\/wp-json\/wp\/v2\/tags?post=733921"}],"curies":[{"name":"wp","href":"https:\/\/api.w.org\/{rel}","templated":true}]}}