{"id":733924,"date":"2026-04-28T16:54:06","date_gmt":"2026-04-28T14:54:06","guid":{"rendered":"https:\/\/kohenavocats.com\/cour-dappel-de-douai-le-30-janvier-2026-n24-01904\/"},"modified":"2026-04-28T16:54:06","modified_gmt":"2026-04-28T14:54:06","slug":"cour-dappel-de-douai-le-30-janvier-2026-n24-01904","status":"publish","type":"post","link":"https:\/\/kohenavocats.com\/zh-hans\/cour-dappel-de-douai-le-30-janvier-2026-n24-01904\/","title":{"rendered":"Cour d&#8217;appel de Douai, le 30 janvier 2026, n\u00b024\/01904"},"content":{"rendered":"<div class='article-content'>\n<style scoped>.toc-article{background:#f8f9fa;border:1px solid #e2e6ea;border-left:4px solid #2c5f8a;border-radius:6px;padding:20px 24px;margin:0 0 32px;font-size:15px;line-height:1.6}.toc-article p{margin:0 0 10px;font-size:16px;font-weight:600;color:#1a1a1a}.toc-article ul{list-style:none;margin:0;padding:0}.toc-article li.toc-h2{padding:4px 0}.toc-article li.toc-h3{padding:2px 0 2px 20px;font-size:14px}.toc-article a{color:#2c5f8a;text-decoration:none;border-bottom:1px dotted #a0b4c8}.toc-article a:hover{color:#1a3d5c;border-bottom-color:#1a3d5c}<\/style>\n<nav class=\"toc-article\" role=\"navigation\" aria-label=\"Sommaire\">\n<p>Sommaire<\/p>\n<ul>\n<li class=\"toc-h2\"><a href=\"#fondements-juridiques\">Fondements juridiques<\/a><\/li>\n<\/ul>\n<\/nav>\n<p>La Cour d&#8217;appel de Douai, dans son arr\u00eat du 30 janvier 2026, statue sur l&#8217;appel d&#8217;un salari\u00e9 licenci\u00e9 pour faute grave. Le salari\u00e9 contestait son licenciement et r\u00e9clamait divers rappels de salaire, commissions et indemnit\u00e9s.<\/p>\n<p>En premi\u00e8re instance, le conseil de prud&#8217;hommes avait requalifi\u00e9 le licenciement en cause r\u00e9elle et s\u00e9rieuse et accord\u00e9 un rappel de commissions. L&#8217;employeur et le salari\u00e9 ont tous deux interjet\u00e9 appel de cette d\u00e9cision.<\/p>\n<p>La question de droit centrale portait sur la qualification du licenciement et le bien-fond\u00e9 des demandes financi\u00e8res accessoires. La cour devait d\u00e9terminer si les faits reproch\u00e9s constituaient une faute grave justifiant un d\u00e9part imm\u00e9diat.<\/p>\n<p>La solution retenue par la cour est un rejet partiel de l&#8217;appel du salari\u00e9 et une confirmation partielle du jugement. Le licenciement pour faute grave est valid\u00e9, mais la clause de non-concurrence est jug\u00e9e due.<\/p>\n<p>La cour a estim\u00e9 que le comportement d\u00e9loyal du salari\u00e9 \u00e9tait \u00e9tabli.<\/p>\n<p>I. La confirmation du licenciement pour faute grave<\/p>\n<p>La cour d&#8217;appel a consid\u00e9r\u00e9 que les griefs \u00e9taient suffisamment graves pour justifier un d\u00e9part imm\u00e9diat.<\/p>\n<p>A. La mat\u00e9rialit\u00e9 des actes d\u00e9loyaux<\/p>\n<p>La cour rel\u00e8ve que l&#8217;employeur d\u00e9montre que le salari\u00e9 a confondu ses int\u00e9r\u00eats personnels avec ceux de la soci\u00e9t\u00e9. Il a notamment fait financer un compte courant d&#8217;associ\u00e9 par son employeur au profit de sa propre soci\u00e9t\u00e9.<\/p>\n<p>Le salari\u00e9 a \u00e9galement fait acheter du mat\u00e9riel par l&#8217;entreprise pour ses soci\u00e9t\u00e9s personnelles. La cour note que <em>&#8220;la mat\u00e9rialit\u00e9 des \u00e9l\u00e9ments susvis\u00e9s sont d\u00e9montr\u00e9s par l&#8217;intim\u00e9e&#8221;<\/em> (Motifs, page 11). Ces actes constituent une violation flagrante de l&#8217;obligation de loyaut\u00e9.<\/p>\n<p>B. La qualification de faute grave justifi\u00e9e<\/p>\n<p>La cour estime que ce comportement d\u00e9viant rendait impossible le maintien du salari\u00e9 dans l&#8217;entreprise. Le salari\u00e9 a privil\u00e9gi\u00e9 ses propres int\u00e9r\u00eats au d\u00e9triment de ceux de son employeur.<\/p>\n<p>La cour en d\u00e9duit que <em>&#8220;les griefs susvis\u00e9s sont constitutifs d&#8217;une faute grave justifiant le d\u00e9part imm\u00e9diat&#8221;<\/em> (Motifs, page 12). Le jugement est donc confirm\u00e9 sur ce point, ce qui prive le salari\u00e9 de toute indemnit\u00e9 de rupture.<\/p>\n<p>II. Le paiement de la contrepartie de la clause de non-concurrence<\/p>\n<p>La cour a jug\u00e9 que l&#8217;employeur n&#8217;avait pas valablement lib\u00e9r\u00e9 le salari\u00e9 de son obligation de non-concurrence.<\/p>\n<p>A. La renonciation irr\u00e9guli\u00e8re de l&#8217;employeur<\/p>\n<p>La clause contractuelle imposait un accord \u00e9crit du salari\u00e9 pour que l&#8217;employeur puisse renoncer \u00e0 la clause. Or, l&#8217;employeur a lib\u00e9r\u00e9 le salari\u00e9 unilat\u00e9ralement sans recueillir son assentiment.<\/p>\n<p>La cour pr\u00e9cise que <em>&#8220;la d\u00e9cision de mettre fin aux effet de la clause sont sans objet&#8221;<\/em> (Motifs, page 12). Cette renonciation unilat\u00e9rale est donc inopposable au salari\u00e9.<\/p>\n<p>B. L&#8217;absence de preuve d&#8217;une violation par le salari\u00e9<\/p>\n<p>L&#8217;employeur a tent\u00e9 de d\u00e9montrer une violation de la clause par le salari\u00e9 post\u00e9rieurement \u00e0 son licenciement. Il a invoqu\u00e9 l&#8217;activit\u00e9 concurrente des soci\u00e9t\u00e9s g\u00e9r\u00e9es par le salari\u00e9.<\/p>\n<p>Cependant, la cour a constat\u00e9 que l&#8217;employeur ne rapportait pas la preuve de cette violation. Elle souligne que <em>&#8220;la soci\u00e9t\u00e9 [1] ne rapporte donc pas la preuve de la mat\u00e9rialit\u00e9 d&#8217;actes de concurrence d\u00e9loyale&#8221;<\/em> (Motifs, page 13). Le salari\u00e9 est donc fond\u00e9 \u00e0 r\u00e9clamer la contrepartie financi\u00e8re.<\/p>\n<p>La port\u00e9e de cet arr\u00eat est double. Il rappelle d&#8217;abord la rigueur avec laquelle les juges appr\u00e9cient la faute grave, notamment en cas de d\u00e9loyaut\u00e9 caract\u00e9ris\u00e9e. Il pr\u00e9cise ensuite que la renonciation \u00e0 une clause de non-concurrence doit respecter strictement les formes contractuellement pr\u00e9vues.<\/p>\n<\/div>\n<style scoped>.fondements-juridiques{margin:40px 0 0;padding:0}.fondements-juridiques>h2{font-size:22px;color:#1a1a1a;border-bottom:2px solid #2c5f8a;padding-bottom:10px;margin-bottom:20px}.fj-article{background:#fdfdfd;border:1px solid #e8e8e8;border-radius:6px;padding:20px;margin-bottom:16px}.fj-article h3{font-size:17px;color:#2c5f8a;margin:0 0 12px;font-weight:600}.fj-texte{font-size:15px;line-height:1.7;color:#333}.fj-texte p{margin:8px 0}.fj-badge{font-size:11px;padding:2px 8px;border-radius:3px;margin-left:8px;font-weight:500;vertical-align:middle}.fj-en-vigueur{background:#e8f5e9;color:#2e7d32}.fj-abroge{background:#ffebee;color:#c62828}.fj-modifie{background:#fff3e0;color:#e65100}<\/style>\n<section class=\"fondements-juridiques\">\n<h2 id=\"fondements-juridiques\">Fondements juridiques<\/h2>\n<div class=\"fj-article\">\n<h3><a href=\"https:\/\/www.legifrance.gouv.fr\/codes\/article_lc\/LEGIARTI000035651060\" rel=\"nofollow\" target=\"_blank\">Article L. 2314-23 du Code du travail<\/a> <span class=\"fj-badge fj-en-vigueur\">En vigueur<\/span><\/h3>\n<div class=\"fj-texte\">\n<p>Pour les salari\u00e9s mis \u00e0 disposition qui remplissent les conditions mentionn\u00e9es au 2\u00b0 de l&#8217;article L. 1111-2, la condition de pr\u00e9sence dans l&#8217;entreprise utilisatrice est de douze mois continus pour y \u00eatre \u00e9lecteur. Les salari\u00e9s mis \u00e0 disposition ne sont pas \u00e9ligibles dans l&#8217;entreprise utilisatrice. <\/p>\n<p>Les salari\u00e9s mis \u00e0 disposition qui remplissent les conditions mentionn\u00e9es au premier alin\u00e9a choisissent s&#8217;ils exercent leur droit de vote dans l&#8217;entreprise qui les emploie ou l&#8217;entreprise utilisatrice.<\/p>\n<\/div>\n<\/div>\n<\/section>\n","protected":false},"excerpt":{"rendered":"<p>La Cour d&#8217;appel de Douai, dans son arr\u00eat du 30 janvier 2026, statue sur l&#8217;appel d&#8217;un salari\u00e9 licenci\u00e9 pour faute grave. Le salari\u00e9 contestait son&#8230;<\/p>\n","protected":false},"author":232070755,"featured_media":9490,"comment_status":"open","ping_status":"open","sticky":false,"template":"","format":"standard","meta":{"_crdt_document":"","_jetpack_newsletter_access":"","_jetpack_dont_email_post_to_subs":false,"_jetpack_newsletter_tier_id":0,"_jetpack_memberships_contains_paywalled_content":false,"_kj_source_type":"judilibre","_kj_official_id":"698ed306cdc6046d472ae22a","_kj_official_url":"https:\/\/www.courdecassation.fr\/decision\/698ed306cdc6046d472ae22a","_kj_judilibre_id":"698ed306cdc6046d472ae22a","_kj_jur":"Cour d'appel","_kj_lieu":"Douai","_kj_chambre":"Sociale D salle 1","_kj_rg":"24\/01904","_kj_date":"2026-01-30","_jetpack_memberships_contains_paid_content":false,"footnotes":"","jetpack_post_was_ever_published":false},"categories":[6455,6454],"tags":[],"class_list":["post-733924","post","type-post","status-publish","format-standard","has-post-thumbnail","hentry","category-cour-dappel","category-decisions-juridiques"],"yoast_head":"<!-- This site is optimized with the Yoast SEO Premium plugin v27.5 (Yoast SEO v27.5) - https:\/\/yoast.com\/product\/yoast-seo-premium-wordpress\/ -->\n<title>Cour d&#039;appel de Douai, le 30 janvier 2026, n\u00b024\/01904 - Ma\u00eetre Hassan Kohen, avocat en droit p\u00e9nal \u00e0 Paris<\/title>\n<meta name=\"description\" content=\"La Cour d&#039;appel de Douai, dans son arr\u00eat du 30 janvier 2026, statue sur l&#039;appel d&#039;un salari\u00e9 licenci\u00e9 pour faute grave. Le salari\u00e9 contestait son...\" \/>\n<meta name=\"robots\" content=\"index, follow, max-snippet:-1, max-image-preview:large, max-video-preview:-1\" \/>\n<link rel=\"canonical\" href=\"https:\/\/kohenavocats.com\/zh-hans\/cour-dappel-de-douai-le-30-janvier-2026-n24-01904\/\" \/>\n<meta property=\"og:locale\" content=\"zh_CN\" \/>\n<meta property=\"og:type\" content=\"article\" \/>\n<meta property=\"og:title\" content=\"Cour d&#039;appel de Douai, le 30 janvier 2026, n\u00b024\/01904\" \/>\n<meta property=\"og:description\" content=\"La Cour d&#039;appel de Douai, dans son arr\u00eat du 30 janvier 2026, statue sur l&#039;appel d&#039;un salari\u00e9 licenci\u00e9 pour faute grave. Le salari\u00e9 contestait son...\" \/>\n<meta property=\"og:url\" content=\"https:\/\/kohenavocats.com\/zh-hans\/cour-dappel-de-douai-le-30-janvier-2026-n24-01904\/\" \/>\n<meta property=\"og:site_name\" content=\"Ma\u00eetre Hassan Kohen, avocat en droit p\u00e9nal \u00e0 Paris\" \/>\n<meta property=\"article:published_time\" content=\"2026-04-28T14:54:06+00:00\" \/>\n<meta property=\"og:image\" content=\"https:\/\/kohenavocats.com\/wp-content\/uploads\/2024\/11\/jigar-panchal-JMz61NKc3E-unsplash-1024x576.webp\" \/>\n\t<meta property=\"og:image:width\" content=\"1024\" \/>\n\t<meta property=\"og:image:height\" content=\"576\" \/>\n\t<meta property=\"og:image:type\" content=\"image\/webp\" \/>\n<meta name=\"author\" content=\"Kohen\" \/>\n<meta name=\"twitter:card\" content=\"summary_large_image\" \/>\n<meta name=\"twitter:label1\" content=\"\u4f5c\u8005\" \/>\n\t<meta name=\"twitter:data1\" content=\"Kohen\" \/>\n\t<meta name=\"twitter:label2\" content=\"\u9884\u8ba1\u9605\u8bfb\u65f6\u95f4\" \/>\n\t<meta name=\"twitter:data2\" content=\"3 \u5206\" \/>\n<script type=\"application\/ld+json\" class=\"yoast-schema-graph\">{\"@context\":\"https:\\\/\\\/schema.org\",\"@graph\":[{\"@type\":\"Article\",\"@id\":\"https:\\\/\\\/kohenavocats.com\\\/zh-hans\\\/cour-dappel-de-douai-le-30-janvier-2026-n24-01904\\\/#article\",\"isPartOf\":{\"@id\":\"https:\\\/\\\/kohenavocats.com\\\/zh-hans\\\/cour-dappel-de-douai-le-30-janvier-2026-n24-01904\\\/\"},\"author\":{\"name\":\"Kohen\",\"@id\":\"https:\\\/\\\/kohenavocats.com\\\/zh-hans\\\/#\\\/schema\\\/person\\\/761c9ba54fa1ca84d405cef0831ff751\"},\"headline\":\"Cour d&#8217;appel de Douai, le 30 janvier 2026, n\u00b024\\\/01904\",\"datePublished\":\"2026-04-28T14:54:06+00:00\",\"mainEntityOfPage\":{\"@id\":\"https:\\\/\\\/kohenavocats.com\\\/zh-hans\\\/cour-dappel-de-douai-le-30-janvier-2026-n24-01904\\\/\"},\"wordCount\":739,\"commentCount\":0,\"publisher\":{\"@id\":\"https:\\\/\\\/kohenavocats.com\\\/zh-hans\\\/#organization\"},\"image\":{\"@id\":\"https:\\\/\\\/kohenavocats.com\\\/zh-hans\\\/cour-dappel-de-douai-le-30-janvier-2026-n24-01904\\\/#primaryimage\"},\"thumbnailUrl\":\"https:\\\/\\\/kohenavocats.com\\\/wp-content\\\/uploads\\\/2024\\\/11\\\/jigar-panchal-JMz61NKc3E-unsplash.webp\",\"articleSection\":[\"Cour d'appel\",\"D\u00e9cisions juridiques\"],\"inLanguage\":\"zh-Hans\",\"potentialAction\":[{\"@type\":\"CommentAction\",\"name\":\"Comment\",\"target\":[\"https:\\\/\\\/kohenavocats.com\\\/zh-hans\\\/cour-dappel-de-douai-le-30-janvier-2026-n24-01904\\\/#respond\"]}],\"citation\":\"Cour d&#8217;appel de Douai, le 30 janvier 2026, n\u00b024\\\/01904\",\"about\":[{\"@type\":\"Thing\",\"name\":\"Cour d'appel\"},{\"@type\":\"Thing\",\"name\":\"D\u00e9cisions juridiques\"}],\"dateModified\":\"2026-04-28T14:54:06+00:00\",\"speakable\":{\"@type\":\"SpeakableSpecification\",\"cssSelector\":[\".article-content > p:first-of-type\"]}},{\"@type\":\"WebPage\",\"@id\":\"https:\\\/\\\/kohenavocats.com\\\/zh-hans\\\/cour-dappel-de-douai-le-30-janvier-2026-n24-01904\\\/\",\"url\":\"https:\\\/\\\/kohenavocats.com\\\/zh-hans\\\/cour-dappel-de-douai-le-30-janvier-2026-n24-01904\\\/\",\"name\":\"Cour d'appel de Douai, le 30 janvier 2026, n\u00b024\\\/01904 - Ma\u00eetre Hassan Kohen, avocat en droit p\u00e9nal \u00e0 Paris\",\"isPartOf\":{\"@id\":\"https:\\\/\\\/kohenavocats.com\\\/zh-hans\\\/#website\"},\"primaryImageOfPage\":{\"@id\":\"https:\\\/\\\/kohenavocats.com\\\/zh-hans\\\/cour-dappel-de-douai-le-30-janvier-2026-n24-01904\\\/#primaryimage\"},\"image\":{\"@id\":\"https:\\\/\\\/kohenavocats.com\\\/zh-hans\\\/cour-dappel-de-douai-le-30-janvier-2026-n24-01904\\\/#primaryimage\"},\"thumbnailUrl\":\"https:\\\/\\\/kohenavocats.com\\\/wp-content\\\/uploads\\\/2024\\\/11\\\/jigar-panchal-JMz61NKc3E-unsplash.webp\",\"datePublished\":\"2026-04-28T14:54:06+00:00\",\"description\":\"La Cour d'appel de Douai, dans son arr\u00eat du 30 janvier 2026, statue sur l'appel d'un salari\u00e9 licenci\u00e9 pour faute grave. Le salari\u00e9 contestait son...\",\"breadcrumb\":{\"@id\":\"https:\\\/\\\/kohenavocats.com\\\/zh-hans\\\/cour-dappel-de-douai-le-30-janvier-2026-n24-01904\\\/#breadcrumb\"},\"inLanguage\":\"zh-Hans\",\"potentialAction\":[{\"@type\":\"ReadAction\",\"target\":[\"https:\\\/\\\/kohenavocats.com\\\/zh-hans\\\/cour-dappel-de-douai-le-30-janvier-2026-n24-01904\\\/\"]}]},{\"@type\":\"ImageObject\",\"inLanguage\":\"zh-Hans\",\"@id\":\"https:\\\/\\\/kohenavocats.com\\\/zh-hans\\\/cour-dappel-de-douai-le-30-janvier-2026-n24-01904\\\/#primaryimage\",\"url\":\"https:\\\/\\\/kohenavocats.com\\\/wp-content\\\/uploads\\\/2024\\\/11\\\/jigar-panchal-JMz61NKc3E-unsplash.webp\",\"contentUrl\":\"https:\\\/\\\/kohenavocats.com\\\/wp-content\\\/uploads\\\/2024\\\/11\\\/jigar-panchal-JMz61NKc3E-unsplash.webp\",\"width\":7680,\"height\":4320},{\"@type\":\"BreadcrumbList\",\"@id\":\"https:\\\/\\\/kohenavocats.com\\\/zh-hans\\\/cour-dappel-de-douai-le-30-janvier-2026-n24-01904\\\/#breadcrumb\",\"itemListElement\":[{\"@type\":\"ListItem\",\"position\":1,\"name\":\"Home\",\"item\":\"https:\\\/\\\/kohenavocats.com\\\/zh-hans\\\/\"},{\"@type\":\"ListItem\",\"position\":2,\"name\":\"Cour d&rsquo;appel de Douai, le 30 janvier 2026, n\u00b024\\\/01904\"}]},{\"@type\":\"WebSite\",\"@id\":\"https:\\\/\\\/kohenavocats.com\\\/zh-hans\\\/#website\",\"url\":\"https:\\\/\\\/kohenavocats.com\\\/zh-hans\\\/\",\"name\":\"Kohen Avocats\",\"description\":\"Ma\u00eetre Hassan Kohen, avocat p\u00e9naliste \u00e0 Paris, intervient exclusivement en droit p\u00e9nal pour la d\u00e9fense des particuliers, notamment en mati\u00e8re d\u2019accusations de viol. Il assure un accompagnement rigoureux d\u00e8s la garde \u00e0 vue jusqu\u2019\u00e0 la Cour d\u2019assises, veillant au strict respect des garanties proc\u00e9durales.\",\"publisher\":{\"@id\":\"https:\\\/\\\/kohenavocats.com\\\/zh-hans\\\/#organization\"},\"potentialAction\":[{\"@type\":\"SearchAction\",\"target\":{\"@type\":\"EntryPoint\",\"urlTemplate\":\"https:\\\/\\\/kohenavocats.com\\\/zh-hans\\\/?s={search_term_string}\"},\"query-input\":{\"@type\":\"PropertyValueSpecification\",\"valueRequired\":true,\"valueName\":\"search_term_string\"}}],\"inLanguage\":\"zh-Hans\"},{\"@type\":\"Organization\",\"@id\":\"https:\\\/\\\/kohenavocats.com\\\/zh-hans\\\/#organization\",\"name\":\"Kohen Avocats\",\"url\":\"https:\\\/\\\/kohenavocats.com\\\/zh-hans\\\/\",\"logo\":{\"@type\":\"ImageObject\",\"inLanguage\":\"zh-Hans\",\"@id\":\"https:\\\/\\\/kohenavocats.com\\\/zh-hans\\\/#\\\/schema\\\/logo\\\/image\\\/\",\"url\":\"https:\\\/\\\/kohenavocats.com\\\/wp-content\\\/uploads\\\/2026\\\/01\\\/Logo-2-1.webp\",\"contentUrl\":\"https:\\\/\\\/kohenavocats.com\\\/wp-content\\\/uploads\\\/2026\\\/01\\\/Logo-2-1.webp\",\"width\":2114,\"height\":1253,\"caption\":\"Kohen Avocats\"},\"image\":{\"@id\":\"https:\\\/\\\/kohenavocats.com\\\/zh-hans\\\/#\\\/schema\\\/logo\\\/image\\\/\"}},{\"@type\":\"Person\",\"@id\":\"https:\\\/\\\/kohenavocats.com\\\/zh-hans\\\/#\\\/schema\\\/person\\\/761c9ba54fa1ca84d405cef0831ff751\",\"name\":\"Kohen\",\"image\":{\"@type\":\"ImageObject\",\"inLanguage\":\"zh-Hans\",\"@id\":\"https:\\\/\\\/secure.gravatar.com\\\/avatar\\\/1c5e76ef76bbbfdd2b4da984e2bf2fa4056fd51a27d25ce2c332047f1dfd6e00?s=96&d=identicon&r=g\",\"url\":\"https:\\\/\\\/secure.gravatar.com\\\/avatar\\\/1c5e76ef76bbbfdd2b4da984e2bf2fa4056fd51a27d25ce2c332047f1dfd6e00?s=96&d=identicon&r=g\",\"contentUrl\":\"https:\\\/\\\/secure.gravatar.com\\\/avatar\\\/1c5e76ef76bbbfdd2b4da984e2bf2fa4056fd51a27d25ce2c332047f1dfd6e00?s=96&d=identicon&r=g\",\"caption\":\"Kohen\"},\"sameAs\":[\"https:\\\/\\\/www.linkedin.com\\\/in\\\/hassan-kohen-448548192\\\/\",\"https:\\\/\\\/www.youtube.com\\\/@Kohen-Avocats\"],\"url\":\"https:\\\/\\\/kohenavocats.com\\\/zh-hans\\\/author\\\/kohenmlk\\\/\"}]}<\/script>\n<!-- \/ Yoast SEO Premium plugin. -->","yoast_head_json":{"title":"Cour d'appel de Douai, le 30 janvier 2026, n\u00b024\/01904 - Ma\u00eetre Hassan Kohen, avocat en droit p\u00e9nal \u00e0 Paris","description":"La Cour d'appel de Douai, dans son arr\u00eat du 30 janvier 2026, statue sur l'appel d'un salari\u00e9 licenci\u00e9 pour faute grave. Le salari\u00e9 contestait son...","robots":{"index":"index","follow":"follow","max-snippet":"max-snippet:-1","max-image-preview":"max-image-preview:large","max-video-preview":"max-video-preview:-1"},"canonical":"https:\/\/kohenavocats.com\/zh-hans\/cour-dappel-de-douai-le-30-janvier-2026-n24-01904\/","og_locale":"zh_CN","og_type":"article","og_title":"Cour d'appel de Douai, le 30 janvier 2026, n\u00b024\/01904","og_description":"La Cour d'appel de Douai, dans son arr\u00eat du 30 janvier 2026, statue sur l'appel d'un salari\u00e9 licenci\u00e9 pour faute grave. Le salari\u00e9 contestait son...","og_url":"https:\/\/kohenavocats.com\/zh-hans\/cour-dappel-de-douai-le-30-janvier-2026-n24-01904\/","og_site_name":"Ma\u00eetre Hassan Kohen, avocat en droit p\u00e9nal \u00e0 Paris","article_published_time":"2026-04-28T14:54:06+00:00","og_image":[{"width":1024,"height":576,"url":"https:\/\/kohenavocats.com\/wp-content\/uploads\/2024\/11\/jigar-panchal-JMz61NKc3E-unsplash-1024x576.webp","type":"image\/webp"}],"author":"Kohen","twitter_card":"summary_large_image","twitter_misc":{"\u4f5c\u8005":"Kohen","\u9884\u8ba1\u9605\u8bfb\u65f6\u95f4":"3 \u5206"},"schema":{"@context":"https:\/\/schema.org","@graph":[{"@type":"Article","@id":"https:\/\/kohenavocats.com\/zh-hans\/cour-dappel-de-douai-le-30-janvier-2026-n24-01904\/#article","isPartOf":{"@id":"https:\/\/kohenavocats.com\/zh-hans\/cour-dappel-de-douai-le-30-janvier-2026-n24-01904\/"},"author":{"name":"Kohen","@id":"https:\/\/kohenavocats.com\/zh-hans\/#\/schema\/person\/761c9ba54fa1ca84d405cef0831ff751"},"headline":"Cour d&#8217;appel de Douai, le 30 janvier 2026, n\u00b024\/01904","datePublished":"2026-04-28T14:54:06+00:00","mainEntityOfPage":{"@id":"https:\/\/kohenavocats.com\/zh-hans\/cour-dappel-de-douai-le-30-janvier-2026-n24-01904\/"},"wordCount":739,"commentCount":0,"publisher":{"@id":"https:\/\/kohenavocats.com\/zh-hans\/#organization"},"image":{"@id":"https:\/\/kohenavocats.com\/zh-hans\/cour-dappel-de-douai-le-30-janvier-2026-n24-01904\/#primaryimage"},"thumbnailUrl":"https:\/\/kohenavocats.com\/wp-content\/uploads\/2024\/11\/jigar-panchal-JMz61NKc3E-unsplash.webp","articleSection":["Cour d'appel","D\u00e9cisions juridiques"],"inLanguage":"zh-Hans","potentialAction":[{"@type":"CommentAction","name":"Comment","target":["https:\/\/kohenavocats.com\/zh-hans\/cour-dappel-de-douai-le-30-janvier-2026-n24-01904\/#respond"]}],"citation":"Cour d&#8217;appel de Douai, le 30 janvier 2026, n\u00b024\/01904","about":[{"@type":"Thing","name":"Cour d'appel"},{"@type":"Thing","name":"D\u00e9cisions juridiques"}],"dateModified":"2026-04-28T14:54:06+00:00","speakable":{"@type":"SpeakableSpecification","cssSelector":[".article-content > p:first-of-type"]}},{"@type":"WebPage","@id":"https:\/\/kohenavocats.com\/zh-hans\/cour-dappel-de-douai-le-30-janvier-2026-n24-01904\/","url":"https:\/\/kohenavocats.com\/zh-hans\/cour-dappel-de-douai-le-30-janvier-2026-n24-01904\/","name":"Cour d'appel de Douai, le 30 janvier 2026, n\u00b024\/01904 - Ma\u00eetre Hassan Kohen, avocat en droit p\u00e9nal \u00e0 Paris","isPartOf":{"@id":"https:\/\/kohenavocats.com\/zh-hans\/#website"},"primaryImageOfPage":{"@id":"https:\/\/kohenavocats.com\/zh-hans\/cour-dappel-de-douai-le-30-janvier-2026-n24-01904\/#primaryimage"},"image":{"@id":"https:\/\/kohenavocats.com\/zh-hans\/cour-dappel-de-douai-le-30-janvier-2026-n24-01904\/#primaryimage"},"thumbnailUrl":"https:\/\/kohenavocats.com\/wp-content\/uploads\/2024\/11\/jigar-panchal-JMz61NKc3E-unsplash.webp","datePublished":"2026-04-28T14:54:06+00:00","description":"La Cour d'appel de Douai, dans son arr\u00eat du 30 janvier 2026, statue sur l'appel d'un salari\u00e9 licenci\u00e9 pour faute grave. Le salari\u00e9 contestait son...","breadcrumb":{"@id":"https:\/\/kohenavocats.com\/zh-hans\/cour-dappel-de-douai-le-30-janvier-2026-n24-01904\/#breadcrumb"},"inLanguage":"zh-Hans","potentialAction":[{"@type":"ReadAction","target":["https:\/\/kohenavocats.com\/zh-hans\/cour-dappel-de-douai-le-30-janvier-2026-n24-01904\/"]}]},{"@type":"ImageObject","inLanguage":"zh-Hans","@id":"https:\/\/kohenavocats.com\/zh-hans\/cour-dappel-de-douai-le-30-janvier-2026-n24-01904\/#primaryimage","url":"https:\/\/kohenavocats.com\/wp-content\/uploads\/2024\/11\/jigar-panchal-JMz61NKc3E-unsplash.webp","contentUrl":"https:\/\/kohenavocats.com\/wp-content\/uploads\/2024\/11\/jigar-panchal-JMz61NKc3E-unsplash.webp","width":7680,"height":4320},{"@type":"BreadcrumbList","@id":"https:\/\/kohenavocats.com\/zh-hans\/cour-dappel-de-douai-le-30-janvier-2026-n24-01904\/#breadcrumb","itemListElement":[{"@type":"ListItem","position":1,"name":"Home","item":"https:\/\/kohenavocats.com\/zh-hans\/"},{"@type":"ListItem","position":2,"name":"Cour d&rsquo;appel de Douai, le 30 janvier 2026, n\u00b024\/01904"}]},{"@type":"WebSite","@id":"https:\/\/kohenavocats.com\/zh-hans\/#website","url":"https:\/\/kohenavocats.com\/zh-hans\/","name":"Kohen Avocats","description":"Ma\u00eetre Hassan Kohen, avocat p\u00e9naliste \u00e0 Paris, intervient exclusivement en droit p\u00e9nal pour la d\u00e9fense des particuliers, notamment en mati\u00e8re d\u2019accusations de viol. Il assure un accompagnement rigoureux d\u00e8s la garde \u00e0 vue jusqu\u2019\u00e0 la Cour d\u2019assises, veillant au strict respect des garanties proc\u00e9durales.","publisher":{"@id":"https:\/\/kohenavocats.com\/zh-hans\/#organization"},"potentialAction":[{"@type":"SearchAction","target":{"@type":"EntryPoint","urlTemplate":"https:\/\/kohenavocats.com\/zh-hans\/?s={search_term_string}"},"query-input":{"@type":"PropertyValueSpecification","valueRequired":true,"valueName":"search_term_string"}}],"inLanguage":"zh-Hans"},{"@type":"Organization","@id":"https:\/\/kohenavocats.com\/zh-hans\/#organization","name":"Kohen Avocats","url":"https:\/\/kohenavocats.com\/zh-hans\/","logo":{"@type":"ImageObject","inLanguage":"zh-Hans","@id":"https:\/\/kohenavocats.com\/zh-hans\/#\/schema\/logo\/image\/","url":"https:\/\/kohenavocats.com\/wp-content\/uploads\/2026\/01\/Logo-2-1.webp","contentUrl":"https:\/\/kohenavocats.com\/wp-content\/uploads\/2026\/01\/Logo-2-1.webp","width":2114,"height":1253,"caption":"Kohen Avocats"},"image":{"@id":"https:\/\/kohenavocats.com\/zh-hans\/#\/schema\/logo\/image\/"}},{"@type":"Person","@id":"https:\/\/kohenavocats.com\/zh-hans\/#\/schema\/person\/761c9ba54fa1ca84d405cef0831ff751","name":"Kohen","image":{"@type":"ImageObject","inLanguage":"zh-Hans","@id":"https:\/\/secure.gravatar.com\/avatar\/1c5e76ef76bbbfdd2b4da984e2bf2fa4056fd51a27d25ce2c332047f1dfd6e00?s=96&d=identicon&r=g","url":"https:\/\/secure.gravatar.com\/avatar\/1c5e76ef76bbbfdd2b4da984e2bf2fa4056fd51a27d25ce2c332047f1dfd6e00?s=96&d=identicon&r=g","contentUrl":"https:\/\/secure.gravatar.com\/avatar\/1c5e76ef76bbbfdd2b4da984e2bf2fa4056fd51a27d25ce2c332047f1dfd6e00?s=96&d=identicon&r=g","caption":"Kohen"},"sameAs":["https:\/\/www.linkedin.com\/in\/hassan-kohen-448548192\/","https:\/\/www.youtube.com\/@Kohen-Avocats"],"url":"https:\/\/kohenavocats.com\/zh-hans\/author\/kohenmlk\/"}]}},"jetpack_featured_media_url":"https:\/\/kohenavocats.com\/wp-content\/uploads\/2024\/11\/jigar-panchal-JMz61NKc3E-unsplash.webp","jetpack_likes_enabled":false,"jetpack_shortlink":"https:\/\/wp.me\/peCrII-34Vu","jetpack-related-posts":[{"id":801905,"url":"https:\/\/kohenavocats.com\/zh-hans\/conseil-constitutionnel-le-14-octobre-2010-n2010-54\/","url_meta":{"origin":733924,"position":0},"title":"Conseil constitutionnel, le 14 octobre 2010, n\u00b02010-54","author":"Kohen","date":"2026\u5e745\u67081\u65e5","format":false,"excerpt":"Le Conseil constitutionnel a statu\u00e9 le 14 octobre \u2026","rel":"","context":"\u5728\u201cConseil constitutionnel\u201d\u4e2d","block_context":{"text":"Conseil constitutionnel","link":"https:\/\/kohenavocats.com\/category\/jurisprudence-constitutionnelle\/"},"img":{"alt_text":"","src":"https:\/\/i0.wp.com\/kohenavocats.com\/wp-content\/uploads\/2024\/11\/getty-images-IixEkPUt3kU-unsplash.webp?resize=350%2C200&ssl=1","width":350,"height":200,"srcset":"https:\/\/i0.wp.com\/kohenavocats.com\/wp-content\/uploads\/2024\/11\/getty-images-IixEkPUt3kU-unsplash.webp?resize=350%2C200&ssl=1 1x, https:\/\/i0.wp.com\/kohenavocats.com\/wp-content\/uploads\/2024\/11\/getty-images-IixEkPUt3kU-unsplash.webp?resize=525%2C300&ssl=1 1.5x, https:\/\/i0.wp.com\/kohenavocats.com\/wp-content\/uploads\/2024\/11\/getty-images-IixEkPUt3kU-unsplash.webp?resize=700%2C400&ssl=1 2x, https:\/\/i0.wp.com\/kohenavocats.com\/wp-content\/uploads\/2024\/11\/getty-images-IixEkPUt3kU-unsplash.webp?resize=1050%2C600&ssl=1 3x, https:\/\/i0.wp.com\/kohenavocats.com\/wp-content\/uploads\/2024\/11\/getty-images-IixEkPUt3kU-unsplash.webp?resize=1400%2C800&ssl=1 4x"},"classes":[]},{"id":801865,"url":"https:\/\/kohenavocats.com\/zh-hans\/conseil-constitutionnel-le-12-novembre-2010-n2010-60\/","url_meta":{"origin":733924,"position":1},"title":"Conseil constitutionnel, le 12 novembre 2010, n\u00b02010-60","author":"Kohen","date":"2026\u5e745\u67081\u65e5","format":false,"excerpt":"Le Conseil constitutionnel, par une d\u00e9cision du 12\u2026","rel":"","context":"\u5728\u201cConseil constitutionnel\u201d\u4e2d","block_context":{"text":"Conseil constitutionnel","link":"https:\/\/kohenavocats.com\/category\/jurisprudence-constitutionnelle\/"},"img":{"alt_text":"","src":"https:\/\/i0.wp.com\/kohenavocats.com\/wp-content\/uploads\/2024\/08\/julio-wolf-_eilSGpKYlY-unsplash.webp?resize=350%2C200&ssl=1","width":350,"height":200,"srcset":"https:\/\/i0.wp.com\/kohenavocats.com\/wp-content\/uploads\/2024\/08\/julio-wolf-_eilSGpKYlY-unsplash.webp?resize=350%2C200&ssl=1 1x, https:\/\/i0.wp.com\/kohenavocats.com\/wp-content\/uploads\/2024\/08\/julio-wolf-_eilSGpKYlY-unsplash.webp?resize=525%2C300&ssl=1 1.5x, https:\/\/i0.wp.com\/kohenavocats.com\/wp-content\/uploads\/2024\/08\/julio-wolf-_eilSGpKYlY-unsplash.webp?resize=700%2C400&ssl=1 2x, https:\/\/i0.wp.com\/kohenavocats.com\/wp-content\/uploads\/2024\/08\/julio-wolf-_eilSGpKYlY-unsplash.webp?resize=1050%2C600&ssl=1 3x, https:\/\/i0.wp.com\/kohenavocats.com\/wp-content\/uploads\/2024\/08\/julio-wolf-_eilSGpKYlY-unsplash.webp?resize=1400%2C800&ssl=1 4x"},"classes":[]},{"id":801783,"url":"https:\/\/kohenavocats.com\/zh-hans\/conseil-constitutionnel-le-28-janvier-2011-n2010-95\/","url_meta":{"origin":733924,"position":2},"title":"Conseil constitutionnel, le 28 janvier 2011, n\u00b02010-95","author":"Kohen","date":"2026\u5e745\u67081\u65e5","format":false,"excerpt":"Le Conseil constitutionnel a rendu une d\u00e9cision le\u2026","rel":"","context":"\u5728\u201cConseil constitutionnel\u201d\u4e2d","block_context":{"text":"Conseil constitutionnel","link":"https:\/\/kohenavocats.com\/category\/jurisprudence-constitutionnelle\/"},"img":{"alt_text":"","src":"https:\/\/i0.wp.com\/kohenavocats.com\/wp-content\/uploads\/2024\/11\/mohamed-nohassi-AE9Z7hVNOPE-unsplash.webp?resize=350%2C200&ssl=1","width":350,"height":200,"srcset":"https:\/\/i0.wp.com\/kohenavocats.com\/wp-content\/uploads\/2024\/11\/mohamed-nohassi-AE9Z7hVNOPE-unsplash.webp?resize=350%2C200&ssl=1 1x, https:\/\/i0.wp.com\/kohenavocats.com\/wp-content\/uploads\/2024\/11\/mohamed-nohassi-AE9Z7hVNOPE-unsplash.webp?resize=525%2C300&ssl=1 1.5x, https:\/\/i0.wp.com\/kohenavocats.com\/wp-content\/uploads\/2024\/11\/mohamed-nohassi-AE9Z7hVNOPE-unsplash.webp?resize=700%2C400&ssl=1 2x, https:\/\/i0.wp.com\/kohenavocats.com\/wp-content\/uploads\/2024\/11\/mohamed-nohassi-AE9Z7hVNOPE-unsplash.webp?resize=1050%2C600&ssl=1 3x, https:\/\/i0.wp.com\/kohenavocats.com\/wp-content\/uploads\/2024\/11\/mohamed-nohassi-AE9Z7hVNOPE-unsplash.webp?resize=1400%2C800&ssl=1 4x"},"classes":[]},{"id":801895,"url":"https:\/\/kohenavocats.com\/zh-hans\/conseil-constitutionnel-le-6-octobre-2010-n2010-39\/","url_meta":{"origin":733924,"position":3},"title":"Conseil constitutionnel, le 6 octobre 2010, n\u00b02010-39","author":"Kohen","date":"2026\u5e745\u67081\u65e5","format":false,"excerpt":"Le Conseil constitutionnel, dans sa d\u00e9cision du 6 \u2026","rel":"","context":"\u5728\u201cConseil constitutionnel\u201d\u4e2d","block_context":{"text":"Conseil constitutionnel","link":"https:\/\/kohenavocats.com\/category\/jurisprudence-constitutionnelle\/"},"img":{"alt_text":"","src":"https:\/\/i0.wp.com\/kohenavocats.com\/wp-content\/uploads\/2024\/11\/ayush-kumar-lRZ-KmsecQ-unsplash.webp?resize=350%2C200&ssl=1","width":350,"height":200,"srcset":"https:\/\/i0.wp.com\/kohenavocats.com\/wp-content\/uploads\/2024\/11\/ayush-kumar-lRZ-KmsecQ-unsplash.webp?resize=350%2C200&ssl=1 1x, https:\/\/i0.wp.com\/kohenavocats.com\/wp-content\/uploads\/2024\/11\/ayush-kumar-lRZ-KmsecQ-unsplash.webp?resize=525%2C300&ssl=1 1.5x, https:\/\/i0.wp.com\/kohenavocats.com\/wp-content\/uploads\/2024\/11\/ayush-kumar-lRZ-KmsecQ-unsplash.webp?resize=700%2C400&ssl=1 2x, https:\/\/i0.wp.com\/kohenavocats.com\/wp-content\/uploads\/2024\/11\/ayush-kumar-lRZ-KmsecQ-unsplash.webp?resize=1050%2C600&ssl=1 3x, https:\/\/i0.wp.com\/kohenavocats.com\/wp-content\/uploads\/2024\/11\/ayush-kumar-lRZ-KmsecQ-unsplash.webp?resize=1400%2C800&ssl=1 4x"},"classes":[]},{"id":801841,"url":"https:\/\/kohenavocats.com\/zh-hans\/conseil-constitutionnel-le-19-novembre-2010-n2010-68\/","url_meta":{"origin":733924,"position":4},"title":"Conseil constitutionnel, le 19 novembre 2010, n\u00b02010-68","author":"Kohen","date":"2026\u5e745\u67081\u65e5","format":false,"excerpt":"Le Conseil constitutionnel a statu\u00e9 le 19 novembre\u2026","rel":"","context":"\u5728\u201cNon cat\u00e9goris\u00e9\u201d\u4e2d","block_context":{"text":"Non cat\u00e9goris\u00e9","link":"https:\/\/kohenavocats.com\/category\/non-categorise\/"},"img":{"alt_text":"","src":"https:\/\/i0.wp.com\/kohenavocats.com\/wp-content\/uploads\/2024\/11\/getty-images-v_YYHSi9aoU-unsplash.webp?resize=350%2C200&ssl=1","width":350,"height":200,"srcset":"https:\/\/i0.wp.com\/kohenavocats.com\/wp-content\/uploads\/2024\/11\/getty-images-v_YYHSi9aoU-unsplash.webp?resize=350%2C200&ssl=1 1x, https:\/\/i0.wp.com\/kohenavocats.com\/wp-content\/uploads\/2024\/11\/getty-images-v_YYHSi9aoU-unsplash.webp?resize=525%2C300&ssl=1 1.5x, https:\/\/i0.wp.com\/kohenavocats.com\/wp-content\/uploads\/2024\/11\/getty-images-v_YYHSi9aoU-unsplash.webp?resize=700%2C400&ssl=1 2x, https:\/\/i0.wp.com\/kohenavocats.com\/wp-content\/uploads\/2024\/11\/getty-images-v_YYHSi9aoU-unsplash.webp?resize=1050%2C600&ssl=1 3x, https:\/\/i0.wp.com\/kohenavocats.com\/wp-content\/uploads\/2024\/11\/getty-images-v_YYHSi9aoU-unsplash.webp?resize=1400%2C800&ssl=1 4x"},"classes":[]},{"id":801824,"url":"https:\/\/kohenavocats.com\/zh-hans\/conseil-constitutionnel-le-26-novembre-2010-n2010-69\/","url_meta":{"origin":733924,"position":5},"title":"Conseil constitutionnel, le 26 novembre 2010, n\u00b02010-69","author":"Kohen","date":"2026\u5e745\u67081\u65e5","format":false,"excerpt":"Le Conseil constitutionnel a rendu une d\u00e9cision de\u2026","rel":"","context":"\u5728\u201cConseil constitutionnel\u201d\u4e2d","block_context":{"text":"Conseil constitutionnel","link":"https:\/\/kohenavocats.com\/category\/jurisprudence-constitutionnelle\/"},"img":{"alt_text":"","src":"https:\/\/i0.wp.com\/kohenavocats.com\/wp-content\/uploads\/2024\/08\/yohan-marion-UYA82FGMzFE-unsplash.webp?resize=350%2C200&ssl=1","width":350,"height":200,"srcset":"https:\/\/i0.wp.com\/kohenavocats.com\/wp-content\/uploads\/2024\/08\/yohan-marion-UYA82FGMzFE-unsplash.webp?resize=350%2C200&ssl=1 1x, https:\/\/i0.wp.com\/kohenavocats.com\/wp-content\/uploads\/2024\/08\/yohan-marion-UYA82FGMzFE-unsplash.webp?resize=525%2C300&ssl=1 1.5x, https:\/\/i0.wp.com\/kohenavocats.com\/wp-content\/uploads\/2024\/08\/yohan-marion-UYA82FGMzFE-unsplash.webp?resize=700%2C400&ssl=1 2x, https:\/\/i0.wp.com\/kohenavocats.com\/wp-content\/uploads\/2024\/08\/yohan-marion-UYA82FGMzFE-unsplash.webp?resize=1050%2C600&ssl=1 3x, https:\/\/i0.wp.com\/kohenavocats.com\/wp-content\/uploads\/2024\/08\/yohan-marion-UYA82FGMzFE-unsplash.webp?resize=1400%2C800&ssl=1 4x"},"classes":[]}],"jetpack_sharing_enabled":true,"_links":{"self":[{"href":"https:\/\/kohenavocats.com\/zh-hans\/wp-json\/wp\/v2\/posts\/733924","targetHints":{"allow":["GET"]}}],"collection":[{"href":"https:\/\/kohenavocats.com\/zh-hans\/wp-json\/wp\/v2\/posts"}],"about":[{"href":"https:\/\/kohenavocats.com\/zh-hans\/wp-json\/wp\/v2\/types\/post"}],"author":[{"embeddable":true,"href":"https:\/\/kohenavocats.com\/zh-hans\/wp-json\/wp\/v2\/users\/232070755"}],"replies":[{"embeddable":true,"href":"https:\/\/kohenavocats.com\/zh-hans\/wp-json\/wp\/v2\/comments?post=733924"}],"version-history":[{"count":0,"href":"https:\/\/kohenavocats.com\/zh-hans\/wp-json\/wp\/v2\/posts\/733924\/revisions"}],"wp:featuredmedia":[{"embeddable":true,"href":"https:\/\/kohenavocats.com\/zh-hans\/wp-json\/wp\/v2\/media\/9490"}],"wp:attachment":[{"href":"https:\/\/kohenavocats.com\/zh-hans\/wp-json\/wp\/v2\/media?parent=733924"}],"wp:term":[{"taxonomy":"category","embeddable":true,"href":"https:\/\/kohenavocats.com\/zh-hans\/wp-json\/wp\/v2\/categories?post=733924"},{"taxonomy":"post_tag","embeddable":true,"href":"https:\/\/kohenavocats.com\/zh-hans\/wp-json\/wp\/v2\/tags?post=733924"}],"curies":[{"name":"wp","href":"https:\/\/api.w.org\/{rel}","templated":true}]}}