{"id":741835,"date":"2026-04-29T01:44:15","date_gmt":"2026-04-28T23:44:15","guid":{"rendered":"https:\/\/kohenavocats.com\/tribunal-judiciaire-de-meaux-le-26-janvier-2026-n26-00449\/"},"modified":"2026-04-29T01:44:15","modified_gmt":"2026-04-28T23:44:15","slug":"tribunal-judiciaire-de-meaux-le-26-janvier-2026-n26-00449","status":"publish","type":"post","link":"https:\/\/kohenavocats.com\/zh-hans\/tribunal-judiciaire-de-meaux-le-26-janvier-2026-n26-00449\/","title":{"rendered":"Tribunal judiciaire de Meaux, le 26 janvier 2026, n\u00b026\/00449"},"content":{"rendered":"<div class='article-content'>\n<style scoped>.toc-article{background:#f8f9fa;border:1px solid #e2e6ea;border-left:4px solid #2c5f8a;border-radius:6px;padding:20px 24px;margin:0 0 32px;font-size:15px;line-height:1.6}.toc-article p{margin:0 0 10px;font-size:16px;font-weight:600;color:#1a1a1a}.toc-article ul{list-style:none;margin:0;padding:0}.toc-article li.toc-h2{padding:4px 0}.toc-article li.toc-h3{padding:2px 0 2px 20px;font-size:14px}.toc-article a{color:#2c5f8a;text-decoration:none;border-bottom:1px dotted #a0b4c8}.toc-article a:hover{color:#1a3d5c;border-bottom-color:#1a3d5c}<\/style>\n<nav class=\"toc-article\" role=\"navigation\" aria-label=\"Sommaire\">\n<p>Sommaire<\/p>\n<ul>\n<li class=\"toc-h2\"><a href=\"#fondements-juridiques\">Fondements juridiques<\/a><\/li>\n<\/ul>\n<\/nav>\n<p>Le tribunal judiciaire de Meaux, statuant le 26 janvier 2026 comme juge des libert\u00e9s et de la d\u00e9tention, a \u00e9t\u00e9 saisi d\u2019une premi\u00e8re requ\u00eate en prolongation de r\u00e9tention administrative. Un \u00e9tranger en situation irr\u00e9guli\u00e8re, faisant l\u2019objet d\u2019une obligation de quitter le territoire, avait \u00e9t\u00e9 plac\u00e9 en r\u00e9tention le 20 janvier 2026. Le pr\u00e9fet a sollicit\u00e9 une prolongation de vingt-six jours, la mesure d\u2019\u00e9loignement n\u2019ayant pu \u00eatre ex\u00e9cut\u00e9e dans le d\u00e9lai de quatre-vingt-seize heures. La question de droit portait sur la r\u00e9gularit\u00e9 de la proc\u00e9dure et la justification des diligences de l\u2019administration. Le juge a fait droit \u00e0 la demande en ordonnant la prolongation de la r\u00e9tention. Il a d\u2019abord d\u00e9clar\u00e9 la requ\u00eate recevable et la proc\u00e9dure r\u00e9guli\u00e8re, puis a constat\u00e9 l\u2019absence de critique sur les diligences accomplies.<\/p>\n<p>La r\u00e9gularit\u00e9 de la proc\u00e9dure et l\u2019information des droits garantissent la recevabilit\u00e9 de la requ\u00eate pr\u00e9fectorale.<\/p>\n<p>Le juge a v\u00e9rifi\u00e9 que la personne retenue avait \u00e9t\u00e9 inform\u00e9e de ses droits d\u00e8s son arriv\u00e9e au lieu de r\u00e9tention. Il rel\u00e8ve que l\u2019int\u00e9ress\u00e9 a \u00e9t\u00e9 <em>&#8220;pleinement inform\u00e9e de ses droits et plac\u00e9e en \u00e9tat de les faire valoir&#8221;<\/em> (Motifs de la d\u00e9cision). Cette constatation \u00e9tablit la conformit\u00e9 de la phase initiale de la r\u00e9tention aux exigences l\u00e9gales. En l\u2019absence de tout moyen soulev\u00e9 sur ce point, la r\u00e9gularit\u00e9 de la proc\u00e9dure est ainsi consacr\u00e9e. La valeur de ce contr\u00f4le est essentielle, car elle conditionne la l\u00e9galit\u00e9 de la privation de libert\u00e9. La port\u00e9e de cette d\u00e9cision confirme que le respect des droits fondamentaux du retenu est un pr\u00e9alable intangible \u00e0 toute prolongation.<\/p>\n<p>L\u2019appr\u00e9ciation des diligences de l\u2019administration justifie la prolongation de la mesure de r\u00e9tention.<\/p>\n<p>Le magistrat a examin\u00e9 les efforts fournis par l\u2019administration pour ex\u00e9cuter l\u2019\u00e9loignement dans les d\u00e9lais impartis. Il constate qu\u2019 <em>&#8220;il n\u2019est \u00e9mis aucune critique sur les diligences accomplies jusqu\u2019\u00e0 pr\u00e9sent par l\u2019Administration&#8221;<\/em> (Motifs de la d\u00e9cision). Ce constat n\u00e9gatif suffit \u00e0 satisfaire \u00e0 l\u2019exigence de l\u2019article L. 741-3 du code pr\u00e9cit\u00e9. Le sens de cette appr\u00e9ciation est de v\u00e9rifier que la r\u00e9tention n\u2019exc\u00e8de pas le temps strictement n\u00e9cessaire. La port\u00e9e de cette solution est de rappeler que le juge se borne \u00e0 un contr\u00f4le de l\u2019absence de carence manifeste. En l\u2019esp\u00e8ce, l\u2019absence de critique conduit \u00e0 la prolongation automatique de la mesure pour la dur\u00e9e demand\u00e9e.<\/p>\n<\/div>\n<style scoped>.fondements-juridiques{margin:40px 0 0;padding:0}.fondements-juridiques>h2{font-size:22px;color:#1a1a1a;border-bottom:2px solid #2c5f8a;padding-bottom:10px;margin-bottom:20px}.fj-article{background:#fdfdfd;border:1px solid #e8e8e8;border-radius:6px;padding:20px;margin-bottom:16px}.fj-article h3{font-size:17px;color:#2c5f8a;margin:0 0 12px;font-weight:600}.fj-texte{font-size:15px;line-height:1.7;color:#333}.fj-texte p{margin:8px 0}.fj-badge{font-size:11px;padding:2px 8px;border-radius:3px;margin-left:8px;font-weight:500;vertical-align:middle}.fj-en-vigueur{background:#e8f5e9;color:#2e7d32}.fj-abroge{background:#ffebee;color:#c62828}.fj-modifie{background:#fff3e0;color:#e65100}<\/style>\n<section class=\"fondements-juridiques\">\n<h2 id=\"fondements-juridiques\">Fondements juridiques<\/h2>\n<div class=\"fj-article\">\n<h3><a href=\"https:\/\/www.legifrance.gouv.fr\/codes\/article_lc\/LEGIARTI000037667139\" rel=\"nofollow\" target=\"_blank\">Article L. 145-4 du Code de commerce<\/a> <span class=\"fj-badge fj-en-vigueur\">En vigueur<\/span><\/h3>\n<div class=\"fj-texte\">\n<p>La dur\u00e9e du contrat de location ne peut \u00eatre inf\u00e9rieure \u00e0 neuf ans.<\/p>\n<p>Toutefois, le preneur a la facult\u00e9 de donner cong\u00e9 \u00e0 l&#8217;expiration d&#8217;une p\u00e9riode triennale, au moins six mois \u00e0 l&#8217;avance, par lettre recommand\u00e9e avec demande d&#8217;avis de r\u00e9ception ou par acte extrajudiciaire. Les baux conclus pour une dur\u00e9e sup\u00e9rieure \u00e0 neuf ans, les baux des locaux construits en vue d&#8217;une seule utilisation, les baux des locaux \u00e0 usage exclusif de bureaux et ceux des locaux de stockage mentionn\u00e9s au 3\u00b0 du III de l&#8217;article 231 ter du code g\u00e9n\u00e9ral des imp\u00f4ts peuvent comporter des stipulations contraires.<\/p>\n<p>Le bailleur a la m\u00eame facult\u00e9, dans les formes et d\u00e9lai de l&#8217;article L. 145-9, s&#8217;il entend invoquer les dispositions des articles L. 145-18, L. 145-21, L. 145-23-1 et L. 145-24 afin de construire, de reconstruire ou de sur\u00e9lever l&#8217;immeuble existant, de r\u00e9affecter le local d&#8217;habitation accessoire \u00e0 cet usage, de transformer \u00e0 usage principal d&#8217;habitation un immeuble existant par reconstruction, r\u00e9novation ou r\u00e9habilitation ou d&#8217;ex\u00e9cuter des travaux prescrits ou autoris\u00e9s dans le cadre d&#8217;une op\u00e9ration de restauration immobili\u00e8re et en cas de d\u00e9molition de l&#8217;immeuble dans le cadre d&#8217;un projet de renouvellement urbain.<\/p>\n<p>Le preneur ayant demand\u00e9 \u00e0 b\u00e9n\u00e9ficier de ses droits \u00e0 la retraite du r\u00e9gime social auquel il est affili\u00e9 ou ayant \u00e9t\u00e9 admis au b\u00e9n\u00e9fice d&#8217;une pension d&#8217;invalidit\u00e9 attribu\u00e9e dans le cadre de ce r\u00e9gime social a la facult\u00e9 de donner cong\u00e9 dans les formes et d\u00e9lais pr\u00e9vus au deuxi\u00e8me alin\u00e9a du pr\u00e9sent article. Il en est de m\u00eame pour ses ayants droit en cas de d\u00e9c\u00e8s du preneur.<\/p>\n<p>Les dispositions de l&#8217;alin\u00e9a pr\u00e9c\u00e9dent sont applicables \u00e0 l&#8217;associ\u00e9 unique d&#8217;une entreprise unipersonnelle \u00e0 responsabilit\u00e9 limit\u00e9e, ou au g\u00e9rant majoritaire depuis au moins deux ans d&#8217;une soci\u00e9t\u00e9 \u00e0 responsabilit\u00e9 limit\u00e9e, lorsque celle-ci est titulaire du bail.<\/p>\n<\/div>\n<\/div>\n<div class=\"fj-article\">\n<h3><a href=\"https:\/\/www.legifrance.gouv.fr\/codes\/article_lc\/LEGIARTI000031012840\" rel=\"nofollow\" target=\"_blank\">Article L. 145-9 du Code de commerce<\/a> <span class=\"fj-badge fj-en-vigueur\">En vigueur<\/span><\/h3>\n<div class=\"fj-texte\">\n<p>Par d\u00e9rogation aux articles 1736 et 1737 du code civil, les baux de locaux soumis au pr\u00e9sent chapitre ne cessent que par l&#8217;effet d&#8217;un cong\u00e9 donn\u00e9 six mois \u00e0 l&#8217;avance ou d&#8217;une demande de renouvellement. <\/p>\n<p>A d\u00e9faut de cong\u00e9 ou de demande de renouvellement, le bail fait par \u00e9crit se prolonge tacitement au-del\u00e0 du terme fix\u00e9 par le contrat. Au cours de la tacite prolongation, le cong\u00e9 doit \u00eatre donn\u00e9 au moins six mois \u00e0 l&#8217;avance et pour le dernier jour du trimestre civil. <\/p>\n<p>Le bail dont la dur\u00e9e est subordonn\u00e9e \u00e0 un \u00e9v\u00e9nement dont la r\u00e9alisation autorise le bailleur \u00e0 demander la r\u00e9siliation ne cesse, au-del\u00e0 de la dur\u00e9e de neuf ans, que par l&#8217;effet d&#8217;une notification faite six mois \u00e0 l&#8217;avance et pour le dernier jour du trimestre civil. Cette notification doit mentionner la r\u00e9alisation de l&#8217;\u00e9v\u00e9nement pr\u00e9vu au contrat. <\/p>\n<p>S&#8217;agissant d&#8217;un bail comportant plusieurs p\u00e9riodes, si le bailleur d\u00e9nonce le bail \u00e0 la fin des neuf premi\u00e8res ann\u00e9es ou \u00e0 l&#8217;expiration de l&#8217;une des p\u00e9riodes suivantes, le cong\u00e9 doit \u00eatre donn\u00e9 dans les d\u00e9lais pr\u00e9vus \u00e0 l&#8217;alin\u00e9a premier ci-dessus. <\/p>\n<p>Le cong\u00e9 doit \u00eatre donn\u00e9 par acte extrajudiciaire. Il doit, \u00e0 peine de nullit\u00e9, pr\u00e9ciser les motifs pour lesquels il est donn\u00e9 et indiquer que le locataire qui entend, soit contester le cong\u00e9, soit demander le paiement d&#8217;une indemnit\u00e9 d&#8217;\u00e9viction, doit saisir le tribunal avant l&#8217;expiration d&#8217;un d\u00e9lai de deux ans \u00e0 compter de la date pour laquelle le cong\u00e9 a \u00e9t\u00e9 donn\u00e9.<\/p>\n<\/div>\n<\/div>\n<div class=\"fj-article\">\n<h3><a href=\"https:\/\/www.legifrance.gouv.fr\/codes\/article_lc\/LEGIARTI000032041008\" rel=\"nofollow\" target=\"_blank\">Article 1134 du Code civil<\/a> <span class=\"fj-badge fj-en-vigueur\">En vigueur<\/span><\/h3>\n<div class=\"fj-texte\">L&#8217;erreur sur les qualit\u00e9s essentielles du cocontractant n&#8217;est une cause de nullit\u00e9 que dans les contrats conclus en consid\u00e9ration de la personne. <\/p>\n<\/div>\n<\/div>\n<\/section>\n","protected":false},"excerpt":{"rendered":"<p>Le tribunal judiciaire de Meaux, statuant le 26 janvier 2026 comme juge des libert\u00e9s et de la d\u00e9tention, a \u00e9t\u00e9 saisi d\u2019une premi\u00e8re requ\u00eate en&#8230;<\/p>\n","protected":false},"author":232070755,"featured_media":4847,"comment_status":"open","ping_status":"open","sticky":false,"template":"","format":"standard","meta":{"_crdt_document":"","_jetpack_newsletter_access":"","_jetpack_dont_email_post_to_subs":false,"_jetpack_newsletter_tier_id":0,"_jetpack_memberships_contains_paywalled_content":false,"_kj_source_type":"judilibre","_kj_official_id":"69842fe4cdc6046d47f8e132","_kj_official_url":"https:\/\/www.courdecassation.fr\/decision\/69842fe4cdc6046d47f8e132","_kj_judilibre_id":"69842fe4cdc6046d47f8e132","_kj_jur":"Tribunal judiciaire","_kj_lieu":"Meaux","_kj_chambre":"R\u00e9tention admin \u00e9trangers","_kj_rg":"26\/00449","_kj_date":"2026-01-26","_jetpack_memberships_contains_paid_content":false,"footnotes":"","jetpack_post_was_ever_published":false},"categories":[6454,6440],"tags":[],"class_list":["post-741835","post","type-post","status-publish","format-standard","has-post-thumbnail","hentry","category-decisions-juridiques","category-tribunal-judiciaire"],"yoast_head":"<!-- This site is optimized with the Yoast SEO Premium plugin v27.5 (Yoast SEO v27.5) - https:\/\/yoast.com\/product\/yoast-seo-premium-wordpress\/ -->\n<title>Tribunal judiciaire de Meaux, le 26 janvier 2026, n\u00b026\/00449 - Ma\u00eetre Hassan Kohen, avocat en droit p\u00e9nal \u00e0 Paris<\/title>\n<meta name=\"description\" content=\"Le tribunal judiciaire de Meaux, statuant le 26 janvier 2026 comme juge des libert\u00e9s et de la d\u00e9tention, a \u00e9t\u00e9 saisi d\u2019une premi\u00e8re requ\u00eate en...\" \/>\n<meta name=\"robots\" content=\"index, follow, max-snippet:-1, max-image-preview:large, max-video-preview:-1\" \/>\n<link rel=\"canonical\" href=\"https:\/\/kohenavocats.com\/zh-hans\/tribunal-judiciaire-de-meaux-le-26-janvier-2026-n26-00449\/\" \/>\n<meta property=\"og:locale\" content=\"zh_CN\" \/>\n<meta property=\"og:type\" content=\"article\" \/>\n<meta property=\"og:title\" content=\"Tribunal judiciaire de Meaux, le 26 janvier 2026, n\u00b026\/00449\" \/>\n<meta property=\"og:description\" content=\"Le tribunal judiciaire de Meaux, statuant le 26 janvier 2026 comme juge des libert\u00e9s et de la d\u00e9tention, a \u00e9t\u00e9 saisi d\u2019une premi\u00e8re requ\u00eate en...\" \/>\n<meta property=\"og:url\" content=\"https:\/\/kohenavocats.com\/zh-hans\/tribunal-judiciaire-de-meaux-le-26-janvier-2026-n26-00449\/\" \/>\n<meta property=\"og:site_name\" content=\"Ma\u00eetre Hassan Kohen, avocat en droit p\u00e9nal \u00e0 Paris\" \/>\n<meta property=\"article:published_time\" content=\"2026-04-28T23:44:15+00:00\" \/>\n<meta property=\"og:image\" content=\"https:\/\/kohenavocats.com\/wp-content\/uploads\/2024\/08\/waqar-KY7GFNrxoOY-unsplash-2.webp\" \/>\n\t<meta property=\"og:image:width\" content=\"6000\" \/>\n\t<meta property=\"og:image:height\" content=\"3597\" \/>\n\t<meta property=\"og:image:type\" content=\"image\/webp\" \/>\n<meta name=\"author\" content=\"Kohen\" \/>\n<meta name=\"twitter:card\" content=\"summary_large_image\" \/>\n<meta name=\"twitter:label1\" content=\"\u4f5c\u8005\" \/>\n\t<meta name=\"twitter:data1\" content=\"Kohen\" \/>\n\t<meta name=\"twitter:label2\" content=\"\u9884\u8ba1\u9605\u8bfb\u65f6\u95f4\" \/>\n\t<meta name=\"twitter:data2\" content=\"5 \u5206\" \/>\n<script type=\"application\/ld+json\" class=\"yoast-schema-graph\">{\"@context\":\"https:\\\/\\\/schema.org\",\"@graph\":[{\"@type\":\"Article\",\"@id\":\"https:\\\/\\\/kohenavocats.com\\\/zh-hans\\\/tribunal-judiciaire-de-meaux-le-26-janvier-2026-n26-00449\\\/#article\",\"isPartOf\":{\"@id\":\"https:\\\/\\\/kohenavocats.com\\\/zh-hans\\\/tribunal-judiciaire-de-meaux-le-26-janvier-2026-n26-00449\\\/\"},\"author\":{\"name\":\"Kohen\",\"@id\":\"https:\\\/\\\/kohenavocats.com\\\/zh-hans\\\/#\\\/schema\\\/person\\\/761c9ba54fa1ca84d405cef0831ff751\"},\"headline\":\"Tribunal judiciaire de Meaux, le 26 janvier 2026, n\u00b026\\\/00449\",\"datePublished\":\"2026-04-28T23:44:15+00:00\",\"mainEntityOfPage\":{\"@id\":\"https:\\\/\\\/kohenavocats.com\\\/zh-hans\\\/tribunal-judiciaire-de-meaux-le-26-janvier-2026-n26-00449\\\/\"},\"wordCount\":1136,\"commentCount\":0,\"publisher\":{\"@id\":\"https:\\\/\\\/kohenavocats.com\\\/zh-hans\\\/#organization\"},\"image\":{\"@id\":\"https:\\\/\\\/kohenavocats.com\\\/zh-hans\\\/tribunal-judiciaire-de-meaux-le-26-janvier-2026-n26-00449\\\/#primaryimage\"},\"thumbnailUrl\":\"https:\\\/\\\/kohenavocats.com\\\/wp-content\\\/uploads\\\/2024\\\/08\\\/waqar-KY7GFNrxoOY-unsplash-2.webp\",\"articleSection\":[\"D\u00e9cisions juridiques\",\"Tribunal judiciaire\"],\"inLanguage\":\"zh-Hans\",\"potentialAction\":[{\"@type\":\"CommentAction\",\"name\":\"Comment\",\"target\":[\"https:\\\/\\\/kohenavocats.com\\\/zh-hans\\\/tribunal-judiciaire-de-meaux-le-26-janvier-2026-n26-00449\\\/#respond\"]}],\"citation\":\"Tribunal judiciaire de Meaux, le 26 janvier 2026, n\u00b026\\\/00449\",\"about\":[{\"@type\":\"Thing\",\"name\":\"D\u00e9cisions juridiques\"},{\"@type\":\"Thing\",\"name\":\"Tribunal judiciaire\"}],\"dateModified\":\"2026-04-28T23:44:15+00:00\",\"speakable\":{\"@type\":\"SpeakableSpecification\",\"cssSelector\":[\".article-content > p:first-of-type\"]}},{\"@type\":\"WebPage\",\"@id\":\"https:\\\/\\\/kohenavocats.com\\\/zh-hans\\\/tribunal-judiciaire-de-meaux-le-26-janvier-2026-n26-00449\\\/\",\"url\":\"https:\\\/\\\/kohenavocats.com\\\/zh-hans\\\/tribunal-judiciaire-de-meaux-le-26-janvier-2026-n26-00449\\\/\",\"name\":\"Tribunal judiciaire de Meaux, le 26 janvier 2026, n\u00b026\\\/00449 - Ma\u00eetre Hassan Kohen, avocat en droit p\u00e9nal \u00e0 Paris\",\"isPartOf\":{\"@id\":\"https:\\\/\\\/kohenavocats.com\\\/zh-hans\\\/#website\"},\"primaryImageOfPage\":{\"@id\":\"https:\\\/\\\/kohenavocats.com\\\/zh-hans\\\/tribunal-judiciaire-de-meaux-le-26-janvier-2026-n26-00449\\\/#primaryimage\"},\"image\":{\"@id\":\"https:\\\/\\\/kohenavocats.com\\\/zh-hans\\\/tribunal-judiciaire-de-meaux-le-26-janvier-2026-n26-00449\\\/#primaryimage\"},\"thumbnailUrl\":\"https:\\\/\\\/kohenavocats.com\\\/wp-content\\\/uploads\\\/2024\\\/08\\\/waqar-KY7GFNrxoOY-unsplash-2.webp\",\"datePublished\":\"2026-04-28T23:44:15+00:00\",\"description\":\"Le tribunal judiciaire de Meaux, statuant le 26 janvier 2026 comme juge des libert\u00e9s et de la d\u00e9tention, a \u00e9t\u00e9 saisi d\u2019une premi\u00e8re requ\u00eate en...\",\"breadcrumb\":{\"@id\":\"https:\\\/\\\/kohenavocats.com\\\/zh-hans\\\/tribunal-judiciaire-de-meaux-le-26-janvier-2026-n26-00449\\\/#breadcrumb\"},\"inLanguage\":\"zh-Hans\",\"potentialAction\":[{\"@type\":\"ReadAction\",\"target\":[\"https:\\\/\\\/kohenavocats.com\\\/zh-hans\\\/tribunal-judiciaire-de-meaux-le-26-janvier-2026-n26-00449\\\/\"]}]},{\"@type\":\"ImageObject\",\"inLanguage\":\"zh-Hans\",\"@id\":\"https:\\\/\\\/kohenavocats.com\\\/zh-hans\\\/tribunal-judiciaire-de-meaux-le-26-janvier-2026-n26-00449\\\/#primaryimage\",\"url\":\"https:\\\/\\\/kohenavocats.com\\\/wp-content\\\/uploads\\\/2024\\\/08\\\/waqar-KY7GFNrxoOY-unsplash-2.webp\",\"contentUrl\":\"https:\\\/\\\/kohenavocats.com\\\/wp-content\\\/uploads\\\/2024\\\/08\\\/waqar-KY7GFNrxoOY-unsplash-2.webp\",\"width\":6000,\"height\":3597},{\"@type\":\"BreadcrumbList\",\"@id\":\"https:\\\/\\\/kohenavocats.com\\\/zh-hans\\\/tribunal-judiciaire-de-meaux-le-26-janvier-2026-n26-00449\\\/#breadcrumb\",\"itemListElement\":[{\"@type\":\"ListItem\",\"position\":1,\"name\":\"Home\",\"item\":\"https:\\\/\\\/kohenavocats.com\\\/zh-hans\\\/\"},{\"@type\":\"ListItem\",\"position\":2,\"name\":\"Tribunal judiciaire de Meaux, le 26 janvier 2026, n\u00b026\\\/00449\"}]},{\"@type\":\"WebSite\",\"@id\":\"https:\\\/\\\/kohenavocats.com\\\/zh-hans\\\/#website\",\"url\":\"https:\\\/\\\/kohenavocats.com\\\/zh-hans\\\/\",\"name\":\"Kohen Avocats\",\"description\":\"Ma\u00eetre Hassan Kohen, avocat p\u00e9naliste \u00e0 Paris, intervient exclusivement en droit p\u00e9nal pour la d\u00e9fense des particuliers, notamment en mati\u00e8re d\u2019accusations de viol. Il assure un accompagnement rigoureux d\u00e8s la garde \u00e0 vue jusqu\u2019\u00e0 la Cour d\u2019assises, veillant au strict respect des garanties proc\u00e9durales.\",\"publisher\":{\"@id\":\"https:\\\/\\\/kohenavocats.com\\\/zh-hans\\\/#organization\"},\"potentialAction\":[{\"@type\":\"SearchAction\",\"target\":{\"@type\":\"EntryPoint\",\"urlTemplate\":\"https:\\\/\\\/kohenavocats.com\\\/zh-hans\\\/?s={search_term_string}\"},\"query-input\":{\"@type\":\"PropertyValueSpecification\",\"valueRequired\":true,\"valueName\":\"search_term_string\"}}],\"inLanguage\":\"zh-Hans\"},{\"@type\":\"Organization\",\"@id\":\"https:\\\/\\\/kohenavocats.com\\\/zh-hans\\\/#organization\",\"name\":\"Kohen Avocats\",\"url\":\"https:\\\/\\\/kohenavocats.com\\\/zh-hans\\\/\",\"logo\":{\"@type\":\"ImageObject\",\"inLanguage\":\"zh-Hans\",\"@id\":\"https:\\\/\\\/kohenavocats.com\\\/zh-hans\\\/#\\\/schema\\\/logo\\\/image\\\/\",\"url\":\"https:\\\/\\\/kohenavocats.com\\\/wp-content\\\/uploads\\\/2026\\\/01\\\/Logo-2-1.webp\",\"contentUrl\":\"https:\\\/\\\/kohenavocats.com\\\/wp-content\\\/uploads\\\/2026\\\/01\\\/Logo-2-1.webp\",\"width\":2114,\"height\":1253,\"caption\":\"Kohen Avocats\"},\"image\":{\"@id\":\"https:\\\/\\\/kohenavocats.com\\\/zh-hans\\\/#\\\/schema\\\/logo\\\/image\\\/\"}},{\"@type\":\"Person\",\"@id\":\"https:\\\/\\\/kohenavocats.com\\\/zh-hans\\\/#\\\/schema\\\/person\\\/761c9ba54fa1ca84d405cef0831ff751\",\"name\":\"Kohen\",\"image\":{\"@type\":\"ImageObject\",\"inLanguage\":\"zh-Hans\",\"@id\":\"https:\\\/\\\/secure.gravatar.com\\\/avatar\\\/1c5e76ef76bbbfdd2b4da984e2bf2fa4056fd51a27d25ce2c332047f1dfd6e00?s=96&d=identicon&r=g\",\"url\":\"https:\\\/\\\/secure.gravatar.com\\\/avatar\\\/1c5e76ef76bbbfdd2b4da984e2bf2fa4056fd51a27d25ce2c332047f1dfd6e00?s=96&d=identicon&r=g\",\"contentUrl\":\"https:\\\/\\\/secure.gravatar.com\\\/avatar\\\/1c5e76ef76bbbfdd2b4da984e2bf2fa4056fd51a27d25ce2c332047f1dfd6e00?s=96&d=identicon&r=g\",\"caption\":\"Kohen\"},\"sameAs\":[\"https:\\\/\\\/www.linkedin.com\\\/in\\\/hassan-kohen-448548192\\\/\",\"https:\\\/\\\/www.youtube.com\\\/@Kohen-Avocats\"],\"url\":\"https:\\\/\\\/kohenavocats.com\\\/zh-hans\\\/author\\\/kohenmlk\\\/\"}]}<\/script>\n<!-- \/ Yoast SEO Premium plugin. -->","yoast_head_json":{"title":"Tribunal judiciaire de Meaux, le 26 janvier 2026, n\u00b026\/00449 - Ma\u00eetre Hassan Kohen, avocat en droit p\u00e9nal \u00e0 Paris","description":"Le tribunal judiciaire de Meaux, statuant le 26 janvier 2026 comme juge des libert\u00e9s et de la d\u00e9tention, a \u00e9t\u00e9 saisi d\u2019une premi\u00e8re requ\u00eate en...","robots":{"index":"index","follow":"follow","max-snippet":"max-snippet:-1","max-image-preview":"max-image-preview:large","max-video-preview":"max-video-preview:-1"},"canonical":"https:\/\/kohenavocats.com\/zh-hans\/tribunal-judiciaire-de-meaux-le-26-janvier-2026-n26-00449\/","og_locale":"zh_CN","og_type":"article","og_title":"Tribunal judiciaire de Meaux, le 26 janvier 2026, n\u00b026\/00449","og_description":"Le tribunal judiciaire de Meaux, statuant le 26 janvier 2026 comme juge des libert\u00e9s et de la d\u00e9tention, a \u00e9t\u00e9 saisi d\u2019une premi\u00e8re requ\u00eate en...","og_url":"https:\/\/kohenavocats.com\/zh-hans\/tribunal-judiciaire-de-meaux-le-26-janvier-2026-n26-00449\/","og_site_name":"Ma\u00eetre Hassan Kohen, avocat en droit p\u00e9nal \u00e0 Paris","article_published_time":"2026-04-28T23:44:15+00:00","og_image":[{"width":6000,"height":3597,"url":"https:\/\/kohenavocats.com\/wp-content\/uploads\/2024\/08\/waqar-KY7GFNrxoOY-unsplash-2.webp","type":"image\/webp"}],"author":"Kohen","twitter_card":"summary_large_image","twitter_misc":{"\u4f5c\u8005":"Kohen","\u9884\u8ba1\u9605\u8bfb\u65f6\u95f4":"5 \u5206"},"schema":{"@context":"https:\/\/schema.org","@graph":[{"@type":"Article","@id":"https:\/\/kohenavocats.com\/zh-hans\/tribunal-judiciaire-de-meaux-le-26-janvier-2026-n26-00449\/#article","isPartOf":{"@id":"https:\/\/kohenavocats.com\/zh-hans\/tribunal-judiciaire-de-meaux-le-26-janvier-2026-n26-00449\/"},"author":{"name":"Kohen","@id":"https:\/\/kohenavocats.com\/zh-hans\/#\/schema\/person\/761c9ba54fa1ca84d405cef0831ff751"},"headline":"Tribunal judiciaire de Meaux, le 26 janvier 2026, n\u00b026\/00449","datePublished":"2026-04-28T23:44:15+00:00","mainEntityOfPage":{"@id":"https:\/\/kohenavocats.com\/zh-hans\/tribunal-judiciaire-de-meaux-le-26-janvier-2026-n26-00449\/"},"wordCount":1136,"commentCount":0,"publisher":{"@id":"https:\/\/kohenavocats.com\/zh-hans\/#organization"},"image":{"@id":"https:\/\/kohenavocats.com\/zh-hans\/tribunal-judiciaire-de-meaux-le-26-janvier-2026-n26-00449\/#primaryimage"},"thumbnailUrl":"https:\/\/kohenavocats.com\/wp-content\/uploads\/2024\/08\/waqar-KY7GFNrxoOY-unsplash-2.webp","articleSection":["D\u00e9cisions juridiques","Tribunal judiciaire"],"inLanguage":"zh-Hans","potentialAction":[{"@type":"CommentAction","name":"Comment","target":["https:\/\/kohenavocats.com\/zh-hans\/tribunal-judiciaire-de-meaux-le-26-janvier-2026-n26-00449\/#respond"]}],"citation":"Tribunal judiciaire de Meaux, le 26 janvier 2026, n\u00b026\/00449","about":[{"@type":"Thing","name":"D\u00e9cisions juridiques"},{"@type":"Thing","name":"Tribunal judiciaire"}],"dateModified":"2026-04-28T23:44:15+00:00","speakable":{"@type":"SpeakableSpecification","cssSelector":[".article-content > p:first-of-type"]}},{"@type":"WebPage","@id":"https:\/\/kohenavocats.com\/zh-hans\/tribunal-judiciaire-de-meaux-le-26-janvier-2026-n26-00449\/","url":"https:\/\/kohenavocats.com\/zh-hans\/tribunal-judiciaire-de-meaux-le-26-janvier-2026-n26-00449\/","name":"Tribunal judiciaire de Meaux, le 26 janvier 2026, n\u00b026\/00449 - Ma\u00eetre Hassan Kohen, avocat en droit p\u00e9nal \u00e0 Paris","isPartOf":{"@id":"https:\/\/kohenavocats.com\/zh-hans\/#website"},"primaryImageOfPage":{"@id":"https:\/\/kohenavocats.com\/zh-hans\/tribunal-judiciaire-de-meaux-le-26-janvier-2026-n26-00449\/#primaryimage"},"image":{"@id":"https:\/\/kohenavocats.com\/zh-hans\/tribunal-judiciaire-de-meaux-le-26-janvier-2026-n26-00449\/#primaryimage"},"thumbnailUrl":"https:\/\/kohenavocats.com\/wp-content\/uploads\/2024\/08\/waqar-KY7GFNrxoOY-unsplash-2.webp","datePublished":"2026-04-28T23:44:15+00:00","description":"Le tribunal judiciaire de Meaux, statuant le 26 janvier 2026 comme juge des libert\u00e9s et de la d\u00e9tention, a \u00e9t\u00e9 saisi d\u2019une premi\u00e8re requ\u00eate en...","breadcrumb":{"@id":"https:\/\/kohenavocats.com\/zh-hans\/tribunal-judiciaire-de-meaux-le-26-janvier-2026-n26-00449\/#breadcrumb"},"inLanguage":"zh-Hans","potentialAction":[{"@type":"ReadAction","target":["https:\/\/kohenavocats.com\/zh-hans\/tribunal-judiciaire-de-meaux-le-26-janvier-2026-n26-00449\/"]}]},{"@type":"ImageObject","inLanguage":"zh-Hans","@id":"https:\/\/kohenavocats.com\/zh-hans\/tribunal-judiciaire-de-meaux-le-26-janvier-2026-n26-00449\/#primaryimage","url":"https:\/\/kohenavocats.com\/wp-content\/uploads\/2024\/08\/waqar-KY7GFNrxoOY-unsplash-2.webp","contentUrl":"https:\/\/kohenavocats.com\/wp-content\/uploads\/2024\/08\/waqar-KY7GFNrxoOY-unsplash-2.webp","width":6000,"height":3597},{"@type":"BreadcrumbList","@id":"https:\/\/kohenavocats.com\/zh-hans\/tribunal-judiciaire-de-meaux-le-26-janvier-2026-n26-00449\/#breadcrumb","itemListElement":[{"@type":"ListItem","position":1,"name":"Home","item":"https:\/\/kohenavocats.com\/zh-hans\/"},{"@type":"ListItem","position":2,"name":"Tribunal judiciaire de Meaux, le 26 janvier 2026, n\u00b026\/00449"}]},{"@type":"WebSite","@id":"https:\/\/kohenavocats.com\/zh-hans\/#website","url":"https:\/\/kohenavocats.com\/zh-hans\/","name":"Kohen Avocats","description":"Ma\u00eetre Hassan Kohen, avocat p\u00e9naliste \u00e0 Paris, intervient exclusivement en droit p\u00e9nal pour la d\u00e9fense des particuliers, notamment en mati\u00e8re d\u2019accusations de viol. Il assure un accompagnement rigoureux d\u00e8s la garde \u00e0 vue jusqu\u2019\u00e0 la Cour d\u2019assises, veillant au strict respect des garanties proc\u00e9durales.","publisher":{"@id":"https:\/\/kohenavocats.com\/zh-hans\/#organization"},"potentialAction":[{"@type":"SearchAction","target":{"@type":"EntryPoint","urlTemplate":"https:\/\/kohenavocats.com\/zh-hans\/?s={search_term_string}"},"query-input":{"@type":"PropertyValueSpecification","valueRequired":true,"valueName":"search_term_string"}}],"inLanguage":"zh-Hans"},{"@type":"Organization","@id":"https:\/\/kohenavocats.com\/zh-hans\/#organization","name":"Kohen Avocats","url":"https:\/\/kohenavocats.com\/zh-hans\/","logo":{"@type":"ImageObject","inLanguage":"zh-Hans","@id":"https:\/\/kohenavocats.com\/zh-hans\/#\/schema\/logo\/image\/","url":"https:\/\/kohenavocats.com\/wp-content\/uploads\/2026\/01\/Logo-2-1.webp","contentUrl":"https:\/\/kohenavocats.com\/wp-content\/uploads\/2026\/01\/Logo-2-1.webp","width":2114,"height":1253,"caption":"Kohen Avocats"},"image":{"@id":"https:\/\/kohenavocats.com\/zh-hans\/#\/schema\/logo\/image\/"}},{"@type":"Person","@id":"https:\/\/kohenavocats.com\/zh-hans\/#\/schema\/person\/761c9ba54fa1ca84d405cef0831ff751","name":"Kohen","image":{"@type":"ImageObject","inLanguage":"zh-Hans","@id":"https:\/\/secure.gravatar.com\/avatar\/1c5e76ef76bbbfdd2b4da984e2bf2fa4056fd51a27d25ce2c332047f1dfd6e00?s=96&d=identicon&r=g","url":"https:\/\/secure.gravatar.com\/avatar\/1c5e76ef76bbbfdd2b4da984e2bf2fa4056fd51a27d25ce2c332047f1dfd6e00?s=96&d=identicon&r=g","contentUrl":"https:\/\/secure.gravatar.com\/avatar\/1c5e76ef76bbbfdd2b4da984e2bf2fa4056fd51a27d25ce2c332047f1dfd6e00?s=96&d=identicon&r=g","caption":"Kohen"},"sameAs":["https:\/\/www.linkedin.com\/in\/hassan-kohen-448548192\/","https:\/\/www.youtube.com\/@Kohen-Avocats"],"url":"https:\/\/kohenavocats.com\/zh-hans\/author\/kohenmlk\/"}]}},"jetpack_featured_media_url":"https:\/\/kohenavocats.com\/wp-content\/uploads\/2024\/08\/waqar-KY7GFNrxoOY-unsplash-2.webp","jetpack_likes_enabled":false,"jetpack_shortlink":"https:\/\/wp.me\/peCrII-36Z5","jetpack-related-posts":[{"id":496561,"url":"https:\/\/kohenavocats.com\/zh-hans\/tribunal-judiciaire-de-meaux-le-1-decembre-2025-n24-00960\/","url_meta":{"origin":741835,"position":0},"title":"Tribunal judiciaire de Meaux, le 1 d\u00e9cembre 2025, n\u00b024\/00960","author":"Kohen","date":"2026\u5e744\u67088\u65e5","format":false,"excerpt":"Le tribunal judiciaire, statuant en mati\u00e8re social\u2026","rel":"","context":"\u5728\u201cD\u00e9cisions juridiques\u201d\u4e2d","block_context":{"text":"D\u00e9cisions juridiques","link":"https:\/\/kohenavocats.com\/category\/decisions-juridiques\/"},"img":{"alt_text":"","src":"https:\/\/i0.wp.com\/kohenavocats.com\/wp-content\/uploads\/2024\/08\/cristina-gottardi-GeKoZualPmA-unsplash.webp?resize=350%2C200&ssl=1","width":350,"height":200,"srcset":"https:\/\/i0.wp.com\/kohenavocats.com\/wp-content\/uploads\/2024\/08\/cristina-gottardi-GeKoZualPmA-unsplash.webp?resize=350%2C200&ssl=1 1x, https:\/\/i0.wp.com\/kohenavocats.com\/wp-content\/uploads\/2024\/08\/cristina-gottardi-GeKoZualPmA-unsplash.webp?resize=525%2C300&ssl=1 1.5x, https:\/\/i0.wp.com\/kohenavocats.com\/wp-content\/uploads\/2024\/08\/cristina-gottardi-GeKoZualPmA-unsplash.webp?resize=700%2C400&ssl=1 2x, https:\/\/i0.wp.com\/kohenavocats.com\/wp-content\/uploads\/2024\/08\/cristina-gottardi-GeKoZualPmA-unsplash.webp?resize=1050%2C600&ssl=1 3x, https:\/\/i0.wp.com\/kohenavocats.com\/wp-content\/uploads\/2024\/08\/cristina-gottardi-GeKoZualPmA-unsplash.webp?resize=1400%2C800&ssl=1 4x"},"classes":[]},{"id":494962,"url":"https:\/\/kohenavocats.com\/zh-hans\/tribunal-judiciaire-de-meaux-le-16-octobre-2025-n25-04152\/","url_meta":{"origin":741835,"position":1},"title":"Tribunal judiciaire de Meaux, le 16 octobre 2025, n\u00b025\/04152","author":"Kohen","date":"2026\u5e744\u67088\u65e5","format":false,"excerpt":"Le tribunal judiciaire de Meaux, statuant comme ju\u2026","rel":"","context":"\u5728\u201cD\u00e9cisions juridiques\u201d\u4e2d","block_context":{"text":"D\u00e9cisions juridiques","link":"https:\/\/kohenavocats.com\/category\/decisions-juridiques\/"},"img":{"alt_text":"","src":"https:\/\/i0.wp.com\/kohenavocats.com\/wp-content\/uploads\/2024\/11\/getty-images-lG4kfeF1q-I-unsplash.webp?resize=350%2C200&ssl=1","width":350,"height":200,"srcset":"https:\/\/i0.wp.com\/kohenavocats.com\/wp-content\/uploads\/2024\/11\/getty-images-lG4kfeF1q-I-unsplash.webp?resize=350%2C200&ssl=1 1x, https:\/\/i0.wp.com\/kohenavocats.com\/wp-content\/uploads\/2024\/11\/getty-images-lG4kfeF1q-I-unsplash.webp?resize=525%2C300&ssl=1 1.5x, https:\/\/i0.wp.com\/kohenavocats.com\/wp-content\/uploads\/2024\/11\/getty-images-lG4kfeF1q-I-unsplash.webp?resize=700%2C400&ssl=1 2x, https:\/\/i0.wp.com\/kohenavocats.com\/wp-content\/uploads\/2024\/11\/getty-images-lG4kfeF1q-I-unsplash.webp?resize=1050%2C600&ssl=1 3x, https:\/\/i0.wp.com\/kohenavocats.com\/wp-content\/uploads\/2024\/11\/getty-images-lG4kfeF1q-I-unsplash.webp?resize=1400%2C800&ssl=1 4x"},"classes":[]},{"id":499536,"url":"https:\/\/kohenavocats.com\/zh-hans\/tribunal-judiciaire-de-meaux-le-26-novembre-2025-n25-00853\/","url_meta":{"origin":741835,"position":2},"title":"Tribunal judiciaire de Meaux, le 26 novembre 2025, n\u00b025\/00853","author":"Kohen","date":"2026\u5e744\u67088\u65e5","format":false,"excerpt":"Le tribunal judiciaire statuant en r\u00e9f\u00e9r\u00e9, dans un\u2026","rel":"","context":"\u5728\u201cD\u00e9cisions juridiques\u201d\u4e2d","block_context":{"text":"D\u00e9cisions juridiques","link":"https:\/\/kohenavocats.com\/category\/decisions-juridiques\/"},"img":{"alt_text":"","src":"https:\/\/i0.wp.com\/kohenavocats.com\/wp-content\/uploads\/2024\/11\/virginia-marinova-3UfkjHxVch0-unsplash.webp?resize=350%2C200&ssl=1","width":350,"height":200,"srcset":"https:\/\/i0.wp.com\/kohenavocats.com\/wp-content\/uploads\/2024\/11\/virginia-marinova-3UfkjHxVch0-unsplash.webp?resize=350%2C200&ssl=1 1x, https:\/\/i0.wp.com\/kohenavocats.com\/wp-content\/uploads\/2024\/11\/virginia-marinova-3UfkjHxVch0-unsplash.webp?resize=525%2C300&ssl=1 1.5x, https:\/\/i0.wp.com\/kohenavocats.com\/wp-content\/uploads\/2024\/11\/virginia-marinova-3UfkjHxVch0-unsplash.webp?resize=700%2C400&ssl=1 2x, https:\/\/i0.wp.com\/kohenavocats.com\/wp-content\/uploads\/2024\/11\/virginia-marinova-3UfkjHxVch0-unsplash.webp?resize=1050%2C600&ssl=1 3x, https:\/\/i0.wp.com\/kohenavocats.com\/wp-content\/uploads\/2024\/11\/virginia-marinova-3UfkjHxVch0-unsplash.webp?resize=1400%2C800&ssl=1 4x"},"classes":[]},{"id":489924,"url":"https:\/\/kohenavocats.com\/zh-hans\/tribunal-judiciaire-de-meaux-le-20-novembre-2025-n25-04704\/","url_meta":{"origin":741835,"position":3},"title":"Tribunal judiciaire de Meaux, le 20 novembre 2025, n\u00b025\/04704","author":"Kohen","date":"2026\u5e744\u67088\u65e5","format":false,"excerpt":"Le tribunal judiciaire du Mesnil-Amelot, statuant \u2026","rel":"","context":"\u5728\u201cD\u00e9cisions juridiques\u201d\u4e2d","block_context":{"text":"D\u00e9cisions juridiques","link":"https:\/\/kohenavocats.com\/category\/decisions-juridiques\/"},"img":{"alt_text":"","src":"https:\/\/i0.wp.com\/kohenavocats.com\/wp-content\/uploads\/2024\/08\/giammarco-boscaro-xLhKkk2tKkA-unsplash.webp?resize=350%2C200&ssl=1","width":350,"height":200,"srcset":"https:\/\/i0.wp.com\/kohenavocats.com\/wp-content\/uploads\/2024\/08\/giammarco-boscaro-xLhKkk2tKkA-unsplash.webp?resize=350%2C200&ssl=1 1x, https:\/\/i0.wp.com\/kohenavocats.com\/wp-content\/uploads\/2024\/08\/giammarco-boscaro-xLhKkk2tKkA-unsplash.webp?resize=525%2C300&ssl=1 1.5x, https:\/\/i0.wp.com\/kohenavocats.com\/wp-content\/uploads\/2024\/08\/giammarco-boscaro-xLhKkk2tKkA-unsplash.webp?resize=700%2C400&ssl=1 2x, https:\/\/i0.wp.com\/kohenavocats.com\/wp-content\/uploads\/2024\/08\/giammarco-boscaro-xLhKkk2tKkA-unsplash.webp?resize=1050%2C600&ssl=1 3x, https:\/\/i0.wp.com\/kohenavocats.com\/wp-content\/uploads\/2024\/08\/giammarco-boscaro-xLhKkk2tKkA-unsplash.webp?resize=1400%2C800&ssl=1 4x"},"classes":[]},{"id":489194,"url":"https:\/\/kohenavocats.com\/zh-hans\/tribunal-judiciaire-de-meaux-le-24-novembre-2025-n25-04779\/","url_meta":{"origin":741835,"position":4},"title":"Tribunal judiciaire de Meaux, le 24 novembre 2025, n\u00b025\/04779","author":"Kohen","date":"2026\u5e744\u67088\u65e5","format":false,"excerpt":"Le tribunal judiciaire du Mesnil-Amelot, statuant \u2026","rel":"","context":"\u5728\u201cD\u00e9cisions juridiques\u201d\u4e2d","block_context":{"text":"D\u00e9cisions juridiques","link":"https:\/\/kohenavocats.com\/category\/decisions-juridiques\/"},"img":{"alt_text":"","src":"https:\/\/i0.wp.com\/kohenavocats.com\/wp-content\/uploads\/2024\/11\/jigar-panchal-JMz61NKc3E-unsplash.webp?resize=350%2C200&ssl=1","width":350,"height":200,"srcset":"https:\/\/i0.wp.com\/kohenavocats.com\/wp-content\/uploads\/2024\/11\/jigar-panchal-JMz61NKc3E-unsplash.webp?resize=350%2C200&ssl=1 1x, https:\/\/i0.wp.com\/kohenavocats.com\/wp-content\/uploads\/2024\/11\/jigar-panchal-JMz61NKc3E-unsplash.webp?resize=525%2C300&ssl=1 1.5x, https:\/\/i0.wp.com\/kohenavocats.com\/wp-content\/uploads\/2024\/11\/jigar-panchal-JMz61NKc3E-unsplash.webp?resize=700%2C400&ssl=1 2x, https:\/\/i0.wp.com\/kohenavocats.com\/wp-content\/uploads\/2024\/11\/jigar-panchal-JMz61NKc3E-unsplash.webp?resize=1050%2C600&ssl=1 3x, https:\/\/i0.wp.com\/kohenavocats.com\/wp-content\/uploads\/2024\/11\/jigar-panchal-JMz61NKc3E-unsplash.webp?resize=1400%2C800&ssl=1 4x"},"classes":[]},{"id":496746,"url":"https:\/\/kohenavocats.com\/zh-hans\/tribunal-judiciaire-de-meaux-le-30-novembre-2025-n25-04875\/","url_meta":{"origin":741835,"position":5},"title":"Tribunal judiciaire de Meaux, le 30 novembre 2025, n\u00b025\/04875","author":"Kohen","date":"2026\u5e744\u67088\u65e5","format":false,"excerpt":"Le tribunal judiciaire, statuant comme juge des li\u2026","rel":"","context":"\u5728\u201cD\u00e9cisions juridiques\u201d\u4e2d","block_context":{"text":"D\u00e9cisions juridiques","link":"https:\/\/kohenavocats.com\/category\/decisions-juridiques\/"},"img":{"alt_text":"","src":"https:\/\/i0.wp.com\/kohenavocats.com\/wp-content\/uploads\/2024\/11\/planet-volumes-69z5zredkrw-unsplash.webp?resize=350%2C200&ssl=1","width":350,"height":200,"srcset":"https:\/\/i0.wp.com\/kohenavocats.com\/wp-content\/uploads\/2024\/11\/planet-volumes-69z5zredkrw-unsplash.webp?resize=350%2C200&ssl=1 1x, https:\/\/i0.wp.com\/kohenavocats.com\/wp-content\/uploads\/2024\/11\/planet-volumes-69z5zredkrw-unsplash.webp?resize=525%2C300&ssl=1 1.5x, https:\/\/i0.wp.com\/kohenavocats.com\/wp-content\/uploads\/2024\/11\/planet-volumes-69z5zredkrw-unsplash.webp?resize=700%2C400&ssl=1 2x, https:\/\/i0.wp.com\/kohenavocats.com\/wp-content\/uploads\/2024\/11\/planet-volumes-69z5zredkrw-unsplash.webp?resize=1050%2C600&ssl=1 3x, https:\/\/i0.wp.com\/kohenavocats.com\/wp-content\/uploads\/2024\/11\/planet-volumes-69z5zredkrw-unsplash.webp?resize=1400%2C800&ssl=1 4x"},"classes":[]}],"jetpack_sharing_enabled":true,"_links":{"self":[{"href":"https:\/\/kohenavocats.com\/zh-hans\/wp-json\/wp\/v2\/posts\/741835","targetHints":{"allow":["GET"]}}],"collection":[{"href":"https:\/\/kohenavocats.com\/zh-hans\/wp-json\/wp\/v2\/posts"}],"about":[{"href":"https:\/\/kohenavocats.com\/zh-hans\/wp-json\/wp\/v2\/types\/post"}],"author":[{"embeddable":true,"href":"https:\/\/kohenavocats.com\/zh-hans\/wp-json\/wp\/v2\/users\/232070755"}],"replies":[{"embeddable":true,"href":"https:\/\/kohenavocats.com\/zh-hans\/wp-json\/wp\/v2\/comments?post=741835"}],"version-history":[{"count":0,"href":"https:\/\/kohenavocats.com\/zh-hans\/wp-json\/wp\/v2\/posts\/741835\/revisions"}],"wp:featuredmedia":[{"embeddable":true,"href":"https:\/\/kohenavocats.com\/zh-hans\/wp-json\/wp\/v2\/media\/4847"}],"wp:attachment":[{"href":"https:\/\/kohenavocats.com\/zh-hans\/wp-json\/wp\/v2\/media?parent=741835"}],"wp:term":[{"taxonomy":"category","embeddable":true,"href":"https:\/\/kohenavocats.com\/zh-hans\/wp-json\/wp\/v2\/categories?post=741835"},{"taxonomy":"post_tag","embeddable":true,"href":"https:\/\/kohenavocats.com\/zh-hans\/wp-json\/wp\/v2\/tags?post=741835"}],"curies":[{"name":"wp","href":"https:\/\/api.w.org\/{rel}","templated":true}]}}