{"id":744372,"date":"2026-04-29T04:31:30","date_gmt":"2026-04-29T02:31:30","guid":{"rendered":"https:\/\/kohenavocats.com\/tribunal-judiciaire-de-strasbourg-le-22-janvier-2026-n25-00732-2\/"},"modified":"2026-04-29T04:31:30","modified_gmt":"2026-04-29T02:31:30","slug":"tribunal-judiciaire-de-strasbourg-le-22-janvier-2026-n25-00732-2","status":"publish","type":"post","link":"https:\/\/kohenavocats.com\/zh-hans\/tribunal-judiciaire-de-strasbourg-le-22-janvier-2026-n25-00732-2\/","title":{"rendered":"Tribunal judiciaire de Strasbourg, le 22 janvier 2026, n\u00b025\/00732"},"content":{"rendered":"<div class='article-content'>\n<style scoped>.toc-article{background:#f8f9fa;border:1px solid #e2e6ea;border-left:4px solid #2c5f8a;border-radius:6px;padding:20px 24px;margin:0 0 32px;font-size:15px;line-height:1.6}.toc-article p{margin:0 0 10px;font-size:16px;font-weight:600;color:#1a1a1a}.toc-article ul{list-style:none;margin:0;padding:0}.toc-article li.toc-h2{padding:4px 0}.toc-article li.toc-h3{padding:2px 0 2px 20px;font-size:14px}.toc-article a{color:#2c5f8a;text-decoration:none;border-bottom:1px dotted #a0b4c8}.toc-article a:hover{color:#1a3d5c;border-bottom-color:#1a3d5c}<\/style>\n<nav class=\"toc-article\" role=\"navigation\" aria-label=\"Sommaire\">\n<p>Sommaire<\/p>\n<ul>\n<li class=\"toc-h2\"><a href=\"#fondements-juridiques\">Fondements juridiques<\/a><\/li>\n<\/ul>\n<\/nav>\n<p>Le tribunal de proximit\u00e9 de Haguenau, dans une ordonnance de r\u00e9f\u00e9r\u00e9 du 22 janvier 2026, \u00e9tait saisi par une bailleresse sociale de demandes de constat de r\u00e9siliation de baux pour impay\u00e9s. La proc\u00e9dure opposait cette derni\u00e8re \u00e0 deux \u00e9poux, dont l\u2019un avait quitt\u00e9 le logement, et \u00e0 leur liquidateur judiciaire. La question de droit centrale portait sur l\u2019\u00e9tendue de la solidarit\u00e9 de l\u2019\u00e9pouse s\u00e9par\u00e9e quant aux loyers et aux indemnit\u00e9s d\u2019occupation post\u00e9rieurs \u00e0 la r\u00e9siliation. Le juge a constat\u00e9 l\u2019acquisition des clauses r\u00e9solutoires et condamn\u00e9 solidairement les \u00e9poux pour les loyers ant\u00e9rieurs, tout en exon\u00e9rant l\u2019\u00e9pouse des indemnit\u00e9s d\u2019occupation futures.<\/p>\n<p>Le tribunal distingue avec pr\u00e9cision le sort des loyers \u00e9chus avant la r\u00e9siliation de celui des indemnit\u00e9s d\u2019occupation n\u00e9es apr\u00e8s. Il retient que la solidarit\u00e9 l\u00e9gale entre \u00e9poux pour les dettes m\u00e9nag\u00e8res ne s\u2019\u00e9tend pas \u00e0 l\u2019indemnit\u00e9 d\u2019occupation due par l\u2019ex-conjoint rest\u00e9 seul dans les lieux.<\/p>\n<p>La solution d\u00e9gag\u00e9e par le juge des r\u00e9f\u00e9r\u00e9s clarifie la port\u00e9e de l\u2019article 220 du code civil en mati\u00e8re locative. En effet, il subordonne la solidarit\u00e9 pour l\u2019indemnit\u00e9 d\u2019occupation \u00e0 la d\u00e9monstration de son caract\u00e8re m\u00e9nager, ce qui n\u2019est pas le cas lorsque le logement ne sert plus \u00e0 l\u2019entretien du m\u00e9nage apr\u00e8s la s\u00e9paration.<\/p>\n<p>Sur le plan de la valeur juridique, cette ordonnance rappelle que l\u2019indemnit\u00e9 d\u2019occupation n\u2019est pas un loyer mais une dette de jouissance personnelle \u00e0 l\u2019occupant exclusif. Elle \u00e9carte ainsi toute application automatique de la solidarit\u00e9 entre \u00e9poux pour cette dette, m\u00eame en pr\u00e9sence d\u2019une clause contractuelle de solidarit\u00e9.<\/p>\n<p>La port\u00e9e de cette d\u00e9cision est notable pour les praticiens du droit des baux et du divorce. Elle offre un crit\u00e8re clair pour d\u00e9terminer la charge de l\u2019indemnit\u00e9 d\u2019occupation apr\u00e8s la r\u00e9siliation du bail en cas de s\u00e9paration des \u00e9poux cotitulaires.<\/p>\n<p>Le juge pr\u00e9cise que la solidarit\u00e9 l\u00e9gale de l\u2019article 220 du code civil ne joue que si la dette pr\u00e9sente un caract\u00e8re m\u00e9nager. Il en d\u00e9duit que l\u2019indemnit\u00e9 d\u2019occupation, n\u00e9e apr\u00e8s la r\u00e9siliation, ne peut \u00eatre qualifi\u00e9e comme telle lorsque le logement n\u2019est plus le domicile conjugal.<\/p>\n<p>Cette analyse permet de prot\u00e9ger l\u2019ex-conjoint qui a quitt\u00e9 les lieux contre des poursuites pour une dette d\u2019occupation qu\u2019il ne ma\u00eetrise pas. Elle responsabilise en contrepartie l\u2019occupant unique, seul b\u00e9n\u00e9ficiaire de la jouissance effective du logement apr\u00e8s la rupture du lien conjugal.<\/p>\n<\/div>\n<style scoped>.fondements-juridiques{margin:40px 0 0;padding:0}.fondements-juridiques>h2{font-size:22px;color:#1a1a1a;border-bottom:2px solid #2c5f8a;padding-bottom:10px;margin-bottom:20px}.fj-article{background:#fdfdfd;border:1px solid #e8e8e8;border-radius:6px;padding:20px;margin-bottom:16px}.fj-article h3{font-size:17px;color:#2c5f8a;margin:0 0 12px;font-weight:600}.fj-texte{font-size:15px;line-height:1.7;color:#333}.fj-texte p{margin:8px 0}.fj-badge{font-size:11px;padding:2px 8px;border-radius:3px;margin-left:8px;font-weight:500;vertical-align:middle}.fj-en-vigueur{background:#e8f5e9;color:#2e7d32}.fj-abroge{background:#ffebee;color:#c62828}.fj-modifie{background:#fff3e0;color:#e65100}<\/style>\n<section class=\"fondements-juridiques\">\n<h2 id=\"fondements-juridiques\">Fondements juridiques<\/h2>\n<div class=\"fj-article\">\n<h3><a href=\"https:\/\/www.legifrance.gouv.fr\/codes\/article_lc\/LEGIARTI000028748098\" rel=\"nofollow\" target=\"_blank\">Article 220 du Code civil<\/a> <span class=\"fj-badge fj-en-vigueur\">En vigueur<\/span><\/h3>\n<div class=\"fj-texte\">\n<p>Chacun des \u00e9poux a pouvoir pour passer seul les contrats qui ont pour objet l&#8217;entretien du m\u00e9nage ou l&#8217;\u00e9ducation des enfants : toute dette ainsi contract\u00e9e par l&#8217;un oblige l&#8217;autre solidairement.<\/p>\n<\/p>\n<p>La solidarit\u00e9 n&#8217;a pas lieu, n\u00e9anmoins, pour des d\u00e9penses manifestement excessives, eu \u00e9gard au train de vie du m\u00e9nage, \u00e0 l&#8217;utilit\u00e9 ou \u00e0 l&#8217;inutilit\u00e9 de l&#8217;op\u00e9ration, \u00e0 la bonne ou mauvaise foi du tiers contractant.<\/p>\n<\/p>\n<p>Elle n&#8217;a pas lieu non plus, s&#8217;ils n&#8217;ont \u00e9t\u00e9 conclus du consentement des deux \u00e9poux, pour les achats \u00e0 temp\u00e9rament ni pour les emprunts \u00e0 moins que ces derniers ne portent sur des sommes modestes n\u00e9cessaires aux besoins de la vie courante et que le montant cumul\u00e9 de ces sommes, en cas de pluralit\u00e9 d&#8217;emprunts, ne soit pas manifestement excessif eu \u00e9gard au train de vie du m\u00e9nage.<\/p>\n<\/p>\n<\/p>\n<\/div>\n<\/div>\n<\/section>\n","protected":false},"excerpt":{"rendered":"<p>Le tribunal de proximit\u00e9 de Haguenau, dans une ordonnance de r\u00e9f\u00e9r\u00e9 du 22 janvier 2026, \u00e9tait saisi par une bailleresse sociale de demandes de constat de&#8230;<\/p>\n","protected":false},"author":232070755,"featured_media":9696,"comment_status":"open","ping_status":"open","sticky":false,"template":"","format":"standard","meta":{"_crdt_document":"","_jetpack_newsletter_access":"","_jetpack_dont_email_post_to_subs":false,"_jetpack_newsletter_tier_id":0,"_jetpack_memberships_contains_paywalled_content":false,"_kj_source_type":"","_kj_official_id":"","_kj_official_url":"","_kj_judilibre_id":"","_kj_jur":"","_kj_lieu":"","_kj_chambre":"","_kj_rg":"","_kj_date":"","_jetpack_memberships_contains_paid_content":false,"footnotes":"","jetpack_post_was_ever_published":false},"categories":[6454,6440],"tags":[],"class_list":["post-744372","post","type-post","status-publish","format-standard","has-post-thumbnail","hentry","category-decisions-juridiques","category-tribunal-judiciaire"],"yoast_head":"<!-- This site is optimized with the Yoast SEO Premium plugin v27.5 (Yoast SEO v27.5) - https:\/\/yoast.com\/product\/yoast-seo-premium-wordpress\/ -->\n<title>Tribunal judiciaire de Strasbourg, le 22 janvier 2026, n\u00b025\/00732 - Ma\u00eetre Hassan Kohen, avocat en droit p\u00e9nal \u00e0 Paris<\/title>\n<meta name=\"description\" content=\"Le tribunal de proximit\u00e9 de Haguenau, dans une ordonnance de r\u00e9f\u00e9r\u00e9 du 22 janvier 2026, \u00e9tait saisi par une bailleresse sociale de demandes de constat de...\" \/>\n<meta name=\"robots\" content=\"index, follow, max-snippet:-1, max-image-preview:large, max-video-preview:-1\" \/>\n<link rel=\"canonical\" href=\"https:\/\/kohenavocats.com\/zh-hans\/tribunal-judiciaire-de-strasbourg-le-22-janvier-2026-n25-00732-2\/\" \/>\n<meta property=\"og:locale\" content=\"zh_CN\" \/>\n<meta property=\"og:type\" content=\"article\" \/>\n<meta property=\"og:title\" content=\"Tribunal judiciaire de Strasbourg, le 22 janvier 2026, n\u00b025\/00732\" \/>\n<meta property=\"og:description\" content=\"Le tribunal de proximit\u00e9 de Haguenau, dans une ordonnance de r\u00e9f\u00e9r\u00e9 du 22 janvier 2026, \u00e9tait saisi par une bailleresse sociale de demandes de constat de...\" \/>\n<meta property=\"og:url\" content=\"https:\/\/kohenavocats.com\/zh-hans\/tribunal-judiciaire-de-strasbourg-le-22-janvier-2026-n25-00732-2\/\" \/>\n<meta property=\"og:site_name\" content=\"Ma\u00eetre Hassan Kohen, avocat en droit p\u00e9nal \u00e0 Paris\" \/>\n<meta property=\"article:published_time\" content=\"2026-04-29T02:31:30+00:00\" \/>\n<meta property=\"og:image\" content=\"https:\/\/kohenavocats.com\/wp-content\/uploads\/2024\/11\/jsb-co-sz1m9nwdXKw-unsplash.webp\" \/>\n\t<meta property=\"og:image:width\" content=\"5000\" \/>\n\t<meta property=\"og:image:height\" content=\"3333\" \/>\n\t<meta property=\"og:image:type\" content=\"image\/webp\" \/>\n<meta name=\"author\" content=\"Kohen\" \/>\n<meta name=\"twitter:card\" content=\"summary_large_image\" \/>\n<meta name=\"twitter:label1\" content=\"\u4f5c\u8005\" \/>\n\t<meta name=\"twitter:data1\" content=\"Kohen\" \/>\n\t<meta name=\"twitter:label2\" content=\"\u9884\u8ba1\u9605\u8bfb\u65f6\u95f4\" \/>\n\t<meta name=\"twitter:data2\" content=\"3 \u5206\" \/>\n<script type=\"application\/ld+json\" class=\"yoast-schema-graph\">{\"@context\":\"https:\\\/\\\/schema.org\",\"@graph\":[{\"@type\":\"Article\",\"@id\":\"https:\\\/\\\/kohenavocats.com\\\/zh-hans\\\/tribunal-judiciaire-de-strasbourg-le-22-janvier-2026-n25-00732-2\\\/#article\",\"isPartOf\":{\"@id\":\"https:\\\/\\\/kohenavocats.com\\\/zh-hans\\\/tribunal-judiciaire-de-strasbourg-le-22-janvier-2026-n25-00732-2\\\/\"},\"author\":{\"name\":\"Kohen\",\"@id\":\"https:\\\/\\\/kohenavocats.com\\\/zh-hans\\\/#\\\/schema\\\/person\\\/761c9ba54fa1ca84d405cef0831ff751\"},\"headline\":\"Tribunal judiciaire de Strasbourg, le 22 janvier 2026, n\u00b025\\\/00732\",\"datePublished\":\"2026-04-29T02:31:30+00:00\",\"mainEntityOfPage\":{\"@id\":\"https:\\\/\\\/kohenavocats.com\\\/zh-hans\\\/tribunal-judiciaire-de-strasbourg-le-22-janvier-2026-n25-00732-2\\\/\"},\"wordCount\":627,\"commentCount\":0,\"publisher\":{\"@id\":\"https:\\\/\\\/kohenavocats.com\\\/zh-hans\\\/#organization\"},\"image\":{\"@id\":\"https:\\\/\\\/kohenavocats.com\\\/zh-hans\\\/tribunal-judiciaire-de-strasbourg-le-22-janvier-2026-n25-00732-2\\\/#primaryimage\"},\"thumbnailUrl\":\"https:\\\/\\\/kohenavocats.com\\\/wp-content\\\/uploads\\\/2024\\\/11\\\/jsb-co-sz1m9nwdXKw-unsplash.webp\",\"articleSection\":[\"D\u00e9cisions juridiques\",\"Tribunal judiciaire\"],\"inLanguage\":\"zh-Hans\",\"potentialAction\":[{\"@type\":\"CommentAction\",\"name\":\"Comment\",\"target\":[\"https:\\\/\\\/kohenavocats.com\\\/zh-hans\\\/tribunal-judiciaire-de-strasbourg-le-22-janvier-2026-n25-00732-2\\\/#respond\"]}],\"citation\":\"Tribunal judiciaire de Strasbourg, le 22 janvier 2026, n\u00b025\\\/00732\",\"about\":[{\"@type\":\"Thing\",\"name\":\"D\u00e9cisions juridiques\"},{\"@type\":\"Thing\",\"name\":\"Tribunal judiciaire\"}],\"dateModified\":\"2026-04-29T02:31:30+00:00\",\"speakable\":{\"@type\":\"SpeakableSpecification\",\"cssSelector\":[\".article-content > p:first-of-type\"]}},{\"@type\":\"WebPage\",\"@id\":\"https:\\\/\\\/kohenavocats.com\\\/zh-hans\\\/tribunal-judiciaire-de-strasbourg-le-22-janvier-2026-n25-00732-2\\\/\",\"url\":\"https:\\\/\\\/kohenavocats.com\\\/zh-hans\\\/tribunal-judiciaire-de-strasbourg-le-22-janvier-2026-n25-00732-2\\\/\",\"name\":\"Tribunal judiciaire de Strasbourg, le 22 janvier 2026, n\u00b025\\\/00732 - Ma\u00eetre Hassan Kohen, avocat en droit p\u00e9nal \u00e0 Paris\",\"isPartOf\":{\"@id\":\"https:\\\/\\\/kohenavocats.com\\\/zh-hans\\\/#website\"},\"primaryImageOfPage\":{\"@id\":\"https:\\\/\\\/kohenavocats.com\\\/zh-hans\\\/tribunal-judiciaire-de-strasbourg-le-22-janvier-2026-n25-00732-2\\\/#primaryimage\"},\"image\":{\"@id\":\"https:\\\/\\\/kohenavocats.com\\\/zh-hans\\\/tribunal-judiciaire-de-strasbourg-le-22-janvier-2026-n25-00732-2\\\/#primaryimage\"},\"thumbnailUrl\":\"https:\\\/\\\/kohenavocats.com\\\/wp-content\\\/uploads\\\/2024\\\/11\\\/jsb-co-sz1m9nwdXKw-unsplash.webp\",\"datePublished\":\"2026-04-29T02:31:30+00:00\",\"description\":\"Le tribunal de proximit\u00e9 de Haguenau, dans une ordonnance de r\u00e9f\u00e9r\u00e9 du 22 janvier 2026, \u00e9tait saisi par une bailleresse sociale de demandes de constat de...\",\"breadcrumb\":{\"@id\":\"https:\\\/\\\/kohenavocats.com\\\/zh-hans\\\/tribunal-judiciaire-de-strasbourg-le-22-janvier-2026-n25-00732-2\\\/#breadcrumb\"},\"inLanguage\":\"zh-Hans\",\"potentialAction\":[{\"@type\":\"ReadAction\",\"target\":[\"https:\\\/\\\/kohenavocats.com\\\/zh-hans\\\/tribunal-judiciaire-de-strasbourg-le-22-janvier-2026-n25-00732-2\\\/\"]}]},{\"@type\":\"ImageObject\",\"inLanguage\":\"zh-Hans\",\"@id\":\"https:\\\/\\\/kohenavocats.com\\\/zh-hans\\\/tribunal-judiciaire-de-strasbourg-le-22-janvier-2026-n25-00732-2\\\/#primaryimage\",\"url\":\"https:\\\/\\\/kohenavocats.com\\\/wp-content\\\/uploads\\\/2024\\\/11\\\/jsb-co-sz1m9nwdXKw-unsplash.webp\",\"contentUrl\":\"https:\\\/\\\/kohenavocats.com\\\/wp-content\\\/uploads\\\/2024\\\/11\\\/jsb-co-sz1m9nwdXKw-unsplash.webp\",\"width\":5000,\"height\":3333},{\"@type\":\"BreadcrumbList\",\"@id\":\"https:\\\/\\\/kohenavocats.com\\\/zh-hans\\\/tribunal-judiciaire-de-strasbourg-le-22-janvier-2026-n25-00732-2\\\/#breadcrumb\",\"itemListElement\":[{\"@type\":\"ListItem\",\"position\":1,\"name\":\"Home\",\"item\":\"https:\\\/\\\/kohenavocats.com\\\/zh-hans\\\/\"},{\"@type\":\"ListItem\",\"position\":2,\"name\":\"Tribunal judiciaire de Strasbourg, le 22 janvier 2026, n\u00b025\\\/00732\"}]},{\"@type\":\"WebSite\",\"@id\":\"https:\\\/\\\/kohenavocats.com\\\/zh-hans\\\/#website\",\"url\":\"https:\\\/\\\/kohenavocats.com\\\/zh-hans\\\/\",\"name\":\"Kohen Avocats\",\"description\":\"Ma\u00eetre Hassan Kohen, avocat p\u00e9naliste \u00e0 Paris, intervient exclusivement en droit p\u00e9nal pour la d\u00e9fense des particuliers, notamment en mati\u00e8re d\u2019accusations de viol. Il assure un accompagnement rigoureux d\u00e8s la garde \u00e0 vue jusqu\u2019\u00e0 la Cour d\u2019assises, veillant au strict respect des garanties proc\u00e9durales.\",\"publisher\":{\"@id\":\"https:\\\/\\\/kohenavocats.com\\\/zh-hans\\\/#organization\"},\"potentialAction\":[{\"@type\":\"SearchAction\",\"target\":{\"@type\":\"EntryPoint\",\"urlTemplate\":\"https:\\\/\\\/kohenavocats.com\\\/zh-hans\\\/?s={search_term_string}\"},\"query-input\":{\"@type\":\"PropertyValueSpecification\",\"valueRequired\":true,\"valueName\":\"search_term_string\"}}],\"inLanguage\":\"zh-Hans\"},{\"@type\":\"Organization\",\"@id\":\"https:\\\/\\\/kohenavocats.com\\\/zh-hans\\\/#organization\",\"name\":\"Kohen Avocats\",\"url\":\"https:\\\/\\\/kohenavocats.com\\\/zh-hans\\\/\",\"logo\":{\"@type\":\"ImageObject\",\"inLanguage\":\"zh-Hans\",\"@id\":\"https:\\\/\\\/kohenavocats.com\\\/zh-hans\\\/#\\\/schema\\\/logo\\\/image\\\/\",\"url\":\"https:\\\/\\\/kohenavocats.com\\\/wp-content\\\/uploads\\\/2026\\\/01\\\/Logo-2-1.webp\",\"contentUrl\":\"https:\\\/\\\/kohenavocats.com\\\/wp-content\\\/uploads\\\/2026\\\/01\\\/Logo-2-1.webp\",\"width\":2114,\"height\":1253,\"caption\":\"Kohen Avocats\"},\"image\":{\"@id\":\"https:\\\/\\\/kohenavocats.com\\\/zh-hans\\\/#\\\/schema\\\/logo\\\/image\\\/\"}},{\"@type\":\"Person\",\"@id\":\"https:\\\/\\\/kohenavocats.com\\\/zh-hans\\\/#\\\/schema\\\/person\\\/761c9ba54fa1ca84d405cef0831ff751\",\"name\":\"Kohen\",\"image\":{\"@type\":\"ImageObject\",\"inLanguage\":\"zh-Hans\",\"@id\":\"https:\\\/\\\/secure.gravatar.com\\\/avatar\\\/1c5e76ef76bbbfdd2b4da984e2bf2fa4056fd51a27d25ce2c332047f1dfd6e00?s=96&d=identicon&r=g\",\"url\":\"https:\\\/\\\/secure.gravatar.com\\\/avatar\\\/1c5e76ef76bbbfdd2b4da984e2bf2fa4056fd51a27d25ce2c332047f1dfd6e00?s=96&d=identicon&r=g\",\"contentUrl\":\"https:\\\/\\\/secure.gravatar.com\\\/avatar\\\/1c5e76ef76bbbfdd2b4da984e2bf2fa4056fd51a27d25ce2c332047f1dfd6e00?s=96&d=identicon&r=g\",\"caption\":\"Kohen\"},\"sameAs\":[\"https:\\\/\\\/www.linkedin.com\\\/in\\\/hassan-kohen-448548192\\\/\",\"https:\\\/\\\/www.youtube.com\\\/@Kohen-Avocats\"],\"url\":\"https:\\\/\\\/kohenavocats.com\\\/zh-hans\\\/author\\\/kohenmlk\\\/\"}]}<\/script>\n<!-- \/ Yoast SEO Premium plugin. -->","yoast_head_json":{"title":"Tribunal judiciaire de Strasbourg, le 22 janvier 2026, n\u00b025\/00732 - Ma\u00eetre Hassan Kohen, avocat en droit p\u00e9nal \u00e0 Paris","description":"Le tribunal de proximit\u00e9 de Haguenau, dans une ordonnance de r\u00e9f\u00e9r\u00e9 du 22 janvier 2026, \u00e9tait saisi par une bailleresse sociale de demandes de constat de...","robots":{"index":"index","follow":"follow","max-snippet":"max-snippet:-1","max-image-preview":"max-image-preview:large","max-video-preview":"max-video-preview:-1"},"canonical":"https:\/\/kohenavocats.com\/zh-hans\/tribunal-judiciaire-de-strasbourg-le-22-janvier-2026-n25-00732-2\/","og_locale":"zh_CN","og_type":"article","og_title":"Tribunal judiciaire de Strasbourg, le 22 janvier 2026, n\u00b025\/00732","og_description":"Le tribunal de proximit\u00e9 de Haguenau, dans une ordonnance de r\u00e9f\u00e9r\u00e9 du 22 janvier 2026, \u00e9tait saisi par une bailleresse sociale de demandes de constat de...","og_url":"https:\/\/kohenavocats.com\/zh-hans\/tribunal-judiciaire-de-strasbourg-le-22-janvier-2026-n25-00732-2\/","og_site_name":"Ma\u00eetre Hassan Kohen, avocat en droit p\u00e9nal \u00e0 Paris","article_published_time":"2026-04-29T02:31:30+00:00","og_image":[{"width":5000,"height":3333,"url":"https:\/\/kohenavocats.com\/wp-content\/uploads\/2024\/11\/jsb-co-sz1m9nwdXKw-unsplash.webp","type":"image\/webp"}],"author":"Kohen","twitter_card":"summary_large_image","twitter_misc":{"\u4f5c\u8005":"Kohen","\u9884\u8ba1\u9605\u8bfb\u65f6\u95f4":"3 \u5206"},"schema":{"@context":"https:\/\/schema.org","@graph":[{"@type":"Article","@id":"https:\/\/kohenavocats.com\/zh-hans\/tribunal-judiciaire-de-strasbourg-le-22-janvier-2026-n25-00732-2\/#article","isPartOf":{"@id":"https:\/\/kohenavocats.com\/zh-hans\/tribunal-judiciaire-de-strasbourg-le-22-janvier-2026-n25-00732-2\/"},"author":{"name":"Kohen","@id":"https:\/\/kohenavocats.com\/zh-hans\/#\/schema\/person\/761c9ba54fa1ca84d405cef0831ff751"},"headline":"Tribunal judiciaire de Strasbourg, le 22 janvier 2026, n\u00b025\/00732","datePublished":"2026-04-29T02:31:30+00:00","mainEntityOfPage":{"@id":"https:\/\/kohenavocats.com\/zh-hans\/tribunal-judiciaire-de-strasbourg-le-22-janvier-2026-n25-00732-2\/"},"wordCount":627,"commentCount":0,"publisher":{"@id":"https:\/\/kohenavocats.com\/zh-hans\/#organization"},"image":{"@id":"https:\/\/kohenavocats.com\/zh-hans\/tribunal-judiciaire-de-strasbourg-le-22-janvier-2026-n25-00732-2\/#primaryimage"},"thumbnailUrl":"https:\/\/kohenavocats.com\/wp-content\/uploads\/2024\/11\/jsb-co-sz1m9nwdXKw-unsplash.webp","articleSection":["D\u00e9cisions juridiques","Tribunal judiciaire"],"inLanguage":"zh-Hans","potentialAction":[{"@type":"CommentAction","name":"Comment","target":["https:\/\/kohenavocats.com\/zh-hans\/tribunal-judiciaire-de-strasbourg-le-22-janvier-2026-n25-00732-2\/#respond"]}],"citation":"Tribunal judiciaire de Strasbourg, le 22 janvier 2026, n\u00b025\/00732","about":[{"@type":"Thing","name":"D\u00e9cisions juridiques"},{"@type":"Thing","name":"Tribunal judiciaire"}],"dateModified":"2026-04-29T02:31:30+00:00","speakable":{"@type":"SpeakableSpecification","cssSelector":[".article-content > p:first-of-type"]}},{"@type":"WebPage","@id":"https:\/\/kohenavocats.com\/zh-hans\/tribunal-judiciaire-de-strasbourg-le-22-janvier-2026-n25-00732-2\/","url":"https:\/\/kohenavocats.com\/zh-hans\/tribunal-judiciaire-de-strasbourg-le-22-janvier-2026-n25-00732-2\/","name":"Tribunal judiciaire de Strasbourg, le 22 janvier 2026, n\u00b025\/00732 - Ma\u00eetre Hassan Kohen, avocat en droit p\u00e9nal \u00e0 Paris","isPartOf":{"@id":"https:\/\/kohenavocats.com\/zh-hans\/#website"},"primaryImageOfPage":{"@id":"https:\/\/kohenavocats.com\/zh-hans\/tribunal-judiciaire-de-strasbourg-le-22-janvier-2026-n25-00732-2\/#primaryimage"},"image":{"@id":"https:\/\/kohenavocats.com\/zh-hans\/tribunal-judiciaire-de-strasbourg-le-22-janvier-2026-n25-00732-2\/#primaryimage"},"thumbnailUrl":"https:\/\/kohenavocats.com\/wp-content\/uploads\/2024\/11\/jsb-co-sz1m9nwdXKw-unsplash.webp","datePublished":"2026-04-29T02:31:30+00:00","description":"Le tribunal de proximit\u00e9 de Haguenau, dans une ordonnance de r\u00e9f\u00e9r\u00e9 du 22 janvier 2026, \u00e9tait saisi par une bailleresse sociale de demandes de constat de...","breadcrumb":{"@id":"https:\/\/kohenavocats.com\/zh-hans\/tribunal-judiciaire-de-strasbourg-le-22-janvier-2026-n25-00732-2\/#breadcrumb"},"inLanguage":"zh-Hans","potentialAction":[{"@type":"ReadAction","target":["https:\/\/kohenavocats.com\/zh-hans\/tribunal-judiciaire-de-strasbourg-le-22-janvier-2026-n25-00732-2\/"]}]},{"@type":"ImageObject","inLanguage":"zh-Hans","@id":"https:\/\/kohenavocats.com\/zh-hans\/tribunal-judiciaire-de-strasbourg-le-22-janvier-2026-n25-00732-2\/#primaryimage","url":"https:\/\/kohenavocats.com\/wp-content\/uploads\/2024\/11\/jsb-co-sz1m9nwdXKw-unsplash.webp","contentUrl":"https:\/\/kohenavocats.com\/wp-content\/uploads\/2024\/11\/jsb-co-sz1m9nwdXKw-unsplash.webp","width":5000,"height":3333},{"@type":"BreadcrumbList","@id":"https:\/\/kohenavocats.com\/zh-hans\/tribunal-judiciaire-de-strasbourg-le-22-janvier-2026-n25-00732-2\/#breadcrumb","itemListElement":[{"@type":"ListItem","position":1,"name":"Home","item":"https:\/\/kohenavocats.com\/zh-hans\/"},{"@type":"ListItem","position":2,"name":"Tribunal judiciaire de Strasbourg, le 22 janvier 2026, n\u00b025\/00732"}]},{"@type":"WebSite","@id":"https:\/\/kohenavocats.com\/zh-hans\/#website","url":"https:\/\/kohenavocats.com\/zh-hans\/","name":"Kohen Avocats","description":"Ma\u00eetre Hassan Kohen, avocat p\u00e9naliste \u00e0 Paris, intervient exclusivement en droit p\u00e9nal pour la d\u00e9fense des particuliers, notamment en mati\u00e8re d\u2019accusations de viol. Il assure un accompagnement rigoureux d\u00e8s la garde \u00e0 vue jusqu\u2019\u00e0 la Cour d\u2019assises, veillant au strict respect des garanties proc\u00e9durales.","publisher":{"@id":"https:\/\/kohenavocats.com\/zh-hans\/#organization"},"potentialAction":[{"@type":"SearchAction","target":{"@type":"EntryPoint","urlTemplate":"https:\/\/kohenavocats.com\/zh-hans\/?s={search_term_string}"},"query-input":{"@type":"PropertyValueSpecification","valueRequired":true,"valueName":"search_term_string"}}],"inLanguage":"zh-Hans"},{"@type":"Organization","@id":"https:\/\/kohenavocats.com\/zh-hans\/#organization","name":"Kohen Avocats","url":"https:\/\/kohenavocats.com\/zh-hans\/","logo":{"@type":"ImageObject","inLanguage":"zh-Hans","@id":"https:\/\/kohenavocats.com\/zh-hans\/#\/schema\/logo\/image\/","url":"https:\/\/kohenavocats.com\/wp-content\/uploads\/2026\/01\/Logo-2-1.webp","contentUrl":"https:\/\/kohenavocats.com\/wp-content\/uploads\/2026\/01\/Logo-2-1.webp","width":2114,"height":1253,"caption":"Kohen Avocats"},"image":{"@id":"https:\/\/kohenavocats.com\/zh-hans\/#\/schema\/logo\/image\/"}},{"@type":"Person","@id":"https:\/\/kohenavocats.com\/zh-hans\/#\/schema\/person\/761c9ba54fa1ca84d405cef0831ff751","name":"Kohen","image":{"@type":"ImageObject","inLanguage":"zh-Hans","@id":"https:\/\/secure.gravatar.com\/avatar\/1c5e76ef76bbbfdd2b4da984e2bf2fa4056fd51a27d25ce2c332047f1dfd6e00?s=96&d=identicon&r=g","url":"https:\/\/secure.gravatar.com\/avatar\/1c5e76ef76bbbfdd2b4da984e2bf2fa4056fd51a27d25ce2c332047f1dfd6e00?s=96&d=identicon&r=g","contentUrl":"https:\/\/secure.gravatar.com\/avatar\/1c5e76ef76bbbfdd2b4da984e2bf2fa4056fd51a27d25ce2c332047f1dfd6e00?s=96&d=identicon&r=g","caption":"Kohen"},"sameAs":["https:\/\/www.linkedin.com\/in\/hassan-kohen-448548192\/","https:\/\/www.youtube.com\/@Kohen-Avocats"],"url":"https:\/\/kohenavocats.com\/zh-hans\/author\/kohenmlk\/"}]}},"jetpack_featured_media_url":"https:\/\/kohenavocats.com\/wp-content\/uploads\/2024\/11\/jsb-co-sz1m9nwdXKw-unsplash.webp","jetpack_likes_enabled":false,"jetpack_shortlink":"https:\/\/wp.me\/peCrII-37E0","jetpack-related-posts":[{"id":441271,"url":"https:\/\/kohenavocats.com\/zh-hans\/cour-de-cassation-le-28-janvier-2026-n24-17-532\/","url_meta":{"origin":744372,"position":0},"title":"Cour de cassation, le 28 janvier 2026, n\u00b024-17.532","author":"","date":"2026\u5e744\u67084\u65e5","format":false,"excerpt":"La d\u00e9cision du 28 janvier 2026 illustre le contr\u00f4l\u2026","rel":"","context":"\u5728\u201cCour de cassation\u201d\u4e2d","block_context":{"text":"Cour de cassation","link":"https:\/\/kohenavocats.com\/category\/cour-de-cassation\/"},"img":{"alt_text":"","src":"https:\/\/i0.wp.com\/kohenavocats.com\/wp-content\/uploads\/2024\/11\/mohamed-nohassi-wHmB_RPpurI-unsplash.webp?resize=350%2C200&ssl=1","width":350,"height":200,"srcset":"https:\/\/i0.wp.com\/kohenavocats.com\/wp-content\/uploads\/2024\/11\/mohamed-nohassi-wHmB_RPpurI-unsplash.webp?resize=350%2C200&ssl=1 1x, https:\/\/i0.wp.com\/kohenavocats.com\/wp-content\/uploads\/2024\/11\/mohamed-nohassi-wHmB_RPpurI-unsplash.webp?resize=525%2C300&ssl=1 1.5x, https:\/\/i0.wp.com\/kohenavocats.com\/wp-content\/uploads\/2024\/11\/mohamed-nohassi-wHmB_RPpurI-unsplash.webp?resize=700%2C400&ssl=1 2x, https:\/\/i0.wp.com\/kohenavocats.com\/wp-content\/uploads\/2024\/11\/mohamed-nohassi-wHmB_RPpurI-unsplash.webp?resize=1050%2C600&ssl=1 3x, https:\/\/i0.wp.com\/kohenavocats.com\/wp-content\/uploads\/2024\/11\/mohamed-nohassi-wHmB_RPpurI-unsplash.webp?resize=1400%2C800&ssl=1 4x"},"classes":[]},{"id":441109,"url":"https:\/\/kohenavocats.com\/zh-hans\/cour-de-cassation-le-28-janvier-2026-n24-18-463\/","url_meta":{"origin":744372,"position":1},"title":"Cour de cassation, le 28 janvier 2026, n\u00b024-18.463","author":"","date":"2026\u5e744\u67084\u65e5","format":false,"excerpt":"La Chambre sociale de la Cour de cassation, par un\u2026","rel":"","context":"\u5728\u201cCour de cassation\u201d\u4e2d","block_context":{"text":"Cour de cassation","link":"https:\/\/kohenavocats.com\/category\/cour-de-cassation\/"},"img":{"alt_text":"","src":"https:\/\/i0.wp.com\/kohenavocats.com\/wp-content\/uploads\/2024\/08\/alexey-larionov-S8cOCANSb8g-unsplash.webp?resize=350%2C200&ssl=1","width":350,"height":200,"srcset":"https:\/\/i0.wp.com\/kohenavocats.com\/wp-content\/uploads\/2024\/08\/alexey-larionov-S8cOCANSb8g-unsplash.webp?resize=350%2C200&ssl=1 1x, https:\/\/i0.wp.com\/kohenavocats.com\/wp-content\/uploads\/2024\/08\/alexey-larionov-S8cOCANSb8g-unsplash.webp?resize=525%2C300&ssl=1 1.5x, https:\/\/i0.wp.com\/kohenavocats.com\/wp-content\/uploads\/2024\/08\/alexey-larionov-S8cOCANSb8g-unsplash.webp?resize=700%2C400&ssl=1 2x, https:\/\/i0.wp.com\/kohenavocats.com\/wp-content\/uploads\/2024\/08\/alexey-larionov-S8cOCANSb8g-unsplash.webp?resize=1050%2C600&ssl=1 3x, https:\/\/i0.wp.com\/kohenavocats.com\/wp-content\/uploads\/2024\/08\/alexey-larionov-S8cOCANSb8g-unsplash.webp?resize=1400%2C800&ssl=1 4x"},"classes":[]},{"id":441512,"url":"https:\/\/kohenavocats.com\/zh-hans\/cour-de-cassation-le-27-janvier-2026-n25-85-427\/","url_meta":{"origin":744372,"position":2},"title":"Cour de cassation, le 27 janvier 2026, n\u00b025-85.427","author":"","date":"2026\u5e744\u67084\u65e5","format":false,"excerpt":"La chambre criminelle se prononce sur une question\u2026","rel":"","context":"\u5728\u201cCour de cassation\u201d\u4e2d","block_context":{"text":"Cour de cassation","link":"https:\/\/kohenavocats.com\/category\/cour-de-cassation\/"},"img":{"alt_text":"","src":"https:\/\/i0.wp.com\/kohenavocats.com\/wp-content\/uploads\/2024\/08\/katie-moum-o0kbc907i20-unsplash.webp?resize=350%2C200&ssl=1","width":350,"height":200,"srcset":"https:\/\/i0.wp.com\/kohenavocats.com\/wp-content\/uploads\/2024\/08\/katie-moum-o0kbc907i20-unsplash.webp?resize=350%2C200&ssl=1 1x, https:\/\/i0.wp.com\/kohenavocats.com\/wp-content\/uploads\/2024\/08\/katie-moum-o0kbc907i20-unsplash.webp?resize=525%2C300&ssl=1 1.5x, https:\/\/i0.wp.com\/kohenavocats.com\/wp-content\/uploads\/2024\/08\/katie-moum-o0kbc907i20-unsplash.webp?resize=700%2C400&ssl=1 2x, https:\/\/i0.wp.com\/kohenavocats.com\/wp-content\/uploads\/2024\/08\/katie-moum-o0kbc907i20-unsplash.webp?resize=1050%2C600&ssl=1 3x, https:\/\/i0.wp.com\/kohenavocats.com\/wp-content\/uploads\/2024\/08\/katie-moum-o0kbc907i20-unsplash.webp?resize=1400%2C800&ssl=1 4x"},"classes":[]},{"id":457061,"url":"https:\/\/kohenavocats.com\/zh-hans\/ce-conseil-detat-22-01-2026-n-511666\/","url_meta":{"origin":744372,"position":3},"title":"CE \u2013 Conseil d&#8217;\u00c9tat \u2013 22\/01\/2026 \u2013 n\u00b0 511666","author":"Kohen","date":"2026\u5e744\u67087\u65e5","format":false,"excerpt":"Le juge des r\u00e9f\u00e9r\u00e9s du Conseil d\u2019\u00c9tat a rendu, le \u2026","rel":"","context":"\u5728\u201cJuridictions administratives\u201d\u4e2d","block_context":{"text":"Juridictions administratives","link":"https:\/\/kohenavocats.com\/category\/juridictions-administratives\/"},"img":{"alt_text":"","src":"https:\/\/i0.wp.com\/kohenavocats.com\/wp-content\/uploads\/2024\/08\/rosilaine-alves-674oH-T1wNo-unsplash-1.webp?resize=350%2C200&ssl=1","width":350,"height":200,"srcset":"https:\/\/i0.wp.com\/kohenavocats.com\/wp-content\/uploads\/2024\/08\/rosilaine-alves-674oH-T1wNo-unsplash-1.webp?resize=350%2C200&ssl=1 1x, https:\/\/i0.wp.com\/kohenavocats.com\/wp-content\/uploads\/2024\/08\/rosilaine-alves-674oH-T1wNo-unsplash-1.webp?resize=525%2C300&ssl=1 1.5x, https:\/\/i0.wp.com\/kohenavocats.com\/wp-content\/uploads\/2024\/08\/rosilaine-alves-674oH-T1wNo-unsplash-1.webp?resize=700%2C400&ssl=1 2x, https:\/\/i0.wp.com\/kohenavocats.com\/wp-content\/uploads\/2024\/08\/rosilaine-alves-674oH-T1wNo-unsplash-1.webp?resize=1050%2C600&ssl=1 3x, https:\/\/i0.wp.com\/kohenavocats.com\/wp-content\/uploads\/2024\/08\/rosilaine-alves-674oH-T1wNo-unsplash-1.webp?resize=1400%2C800&ssl=1 4x"},"classes":[]},{"id":441268,"url":"https:\/\/kohenavocats.com\/zh-hans\/cour-de-cassation-le-28-janvier-2026-n25-10-300\/","url_meta":{"origin":744372,"position":4},"title":"Cour de cassation, le 28 janvier 2026, n\u00b025-10.300","author":"","date":"2026\u5e744\u67084\u65e5","format":false,"excerpt":"La Cour de cassation, premi\u00e8re chambre civile, le \u2026","rel":"","context":"\u5728\u201cCour de cassation\u201d\u4e2d","block_context":{"text":"Cour de cassation","link":"https:\/\/kohenavocats.com\/category\/cour-de-cassation\/"},"img":{"alt_text":"","src":"https:\/\/i0.wp.com\/kohenavocats.com\/wp-content\/uploads\/2024\/08\/chris-unger-1NpTLXkg6K0-unsplash.webp?resize=350%2C200&ssl=1","width":350,"height":200,"srcset":"https:\/\/i0.wp.com\/kohenavocats.com\/wp-content\/uploads\/2024\/08\/chris-unger-1NpTLXkg6K0-unsplash.webp?resize=350%2C200&ssl=1 1x, https:\/\/i0.wp.com\/kohenavocats.com\/wp-content\/uploads\/2024\/08\/chris-unger-1NpTLXkg6K0-unsplash.webp?resize=525%2C300&ssl=1 1.5x, https:\/\/i0.wp.com\/kohenavocats.com\/wp-content\/uploads\/2024\/08\/chris-unger-1NpTLXkg6K0-unsplash.webp?resize=700%2C400&ssl=1 2x, https:\/\/i0.wp.com\/kohenavocats.com\/wp-content\/uploads\/2024\/08\/chris-unger-1NpTLXkg6K0-unsplash.webp?resize=1050%2C600&ssl=1 3x, https:\/\/i0.wp.com\/kohenavocats.com\/wp-content\/uploads\/2024\/08\/chris-unger-1NpTLXkg6K0-unsplash.webp?resize=1400%2C800&ssl=1 4x"},"classes":[]},{"id":441665,"url":"https:\/\/kohenavocats.com\/zh-hans\/cour-de-cassation-le-28-janvier-2026-n24-17-267\/","url_meta":{"origin":744372,"position":5},"title":"Cour de cassation, le 28 janvier 2026, n\u00b024-17.267","author":"","date":"2026\u5e744\u67084\u65e5","format":false,"excerpt":"Un \u00e9tranger en situation irr\u00e9guli\u00e8re, plac\u00e9 en r\u00e9t\u2026","rel":"","context":"\u5728\u201cCour de cassation\u201d\u4e2d","block_context":{"text":"Cour de cassation","link":"https:\/\/kohenavocats.com\/category\/cour-de-cassation\/"},"img":{"alt_text":"","src":"https:\/\/i0.wp.com\/kohenavocats.com\/wp-content\/uploads\/2024\/07\/jez-timms-vTKLujPJecw-unsplash.webp?resize=350%2C200&ssl=1","width":350,"height":200,"srcset":"https:\/\/i0.wp.com\/kohenavocats.com\/wp-content\/uploads\/2024\/07\/jez-timms-vTKLujPJecw-unsplash.webp?resize=350%2C200&ssl=1 1x, https:\/\/i0.wp.com\/kohenavocats.com\/wp-content\/uploads\/2024\/07\/jez-timms-vTKLujPJecw-unsplash.webp?resize=525%2C300&ssl=1 1.5x, https:\/\/i0.wp.com\/kohenavocats.com\/wp-content\/uploads\/2024\/07\/jez-timms-vTKLujPJecw-unsplash.webp?resize=700%2C400&ssl=1 2x, https:\/\/i0.wp.com\/kohenavocats.com\/wp-content\/uploads\/2024\/07\/jez-timms-vTKLujPJecw-unsplash.webp?resize=1050%2C600&ssl=1 3x, https:\/\/i0.wp.com\/kohenavocats.com\/wp-content\/uploads\/2024\/07\/jez-timms-vTKLujPJecw-unsplash.webp?resize=1400%2C800&ssl=1 4x"},"classes":[]}],"jetpack_sharing_enabled":true,"_links":{"self":[{"href":"https:\/\/kohenavocats.com\/zh-hans\/wp-json\/wp\/v2\/posts\/744372","targetHints":{"allow":["GET"]}}],"collection":[{"href":"https:\/\/kohenavocats.com\/zh-hans\/wp-json\/wp\/v2\/posts"}],"about":[{"href":"https:\/\/kohenavocats.com\/zh-hans\/wp-json\/wp\/v2\/types\/post"}],"author":[{"embeddable":true,"href":"https:\/\/kohenavocats.com\/zh-hans\/wp-json\/wp\/v2\/users\/232070755"}],"replies":[{"embeddable":true,"href":"https:\/\/kohenavocats.com\/zh-hans\/wp-json\/wp\/v2\/comments?post=744372"}],"version-history":[{"count":0,"href":"https:\/\/kohenavocats.com\/zh-hans\/wp-json\/wp\/v2\/posts\/744372\/revisions"}],"wp:featuredmedia":[{"embeddable":true,"href":"https:\/\/kohenavocats.com\/zh-hans\/wp-json\/wp\/v2\/media\/9696"}],"wp:attachment":[{"href":"https:\/\/kohenavocats.com\/zh-hans\/wp-json\/wp\/v2\/media?parent=744372"}],"wp:term":[{"taxonomy":"category","embeddable":true,"href":"https:\/\/kohenavocats.com\/zh-hans\/wp-json\/wp\/v2\/categories?post=744372"},{"taxonomy":"post_tag","embeddable":true,"href":"https:\/\/kohenavocats.com\/zh-hans\/wp-json\/wp\/v2\/tags?post=744372"}],"curies":[{"name":"wp","href":"https:\/\/api.w.org\/{rel}","templated":true}]}}