{"id":744464,"date":"2026-04-29T04:34:05","date_gmt":"2026-04-29T02:34:05","guid":{"rendered":"https:\/\/kohenavocats.com\/tribunal-judiciaire-de-strasbourg-le-22-janvier-2026-n25-09913\/"},"modified":"2026-04-29T04:34:05","modified_gmt":"2026-04-29T02:34:05","slug":"tribunal-judiciaire-de-strasbourg-le-22-janvier-2026-n25-09913","status":"publish","type":"post","link":"https:\/\/kohenavocats.com\/zh-hans\/tribunal-judiciaire-de-strasbourg-le-22-janvier-2026-n25-09913\/","title":{"rendered":"Tribunal judiciaire de Strasbourg, le 22 janvier 2026, n\u00b025\/09913"},"content":{"rendered":"<div class='article-content'>\n<p>Le tribunal de proximit\u00e9 de Haguenau a rendu un jugement par d\u00e9faut le 22 janvier 2026. Une soci\u00e9t\u00e9 commerciale avait assign\u00e9 un commer\u00e7ant exploitant individuel pour obtenir le paiement d&#8217;une facture impay\u00e9e. Le d\u00e9fendeur, bien que r\u00e9guli\u00e8rement assign\u00e9, n&#8217;a pas comparu \u00e0 l&#8217;audience du 25 novembre 2025. La question de droit portait sur la validit\u00e9 de la preuve et le bien-fond\u00e9 de la cr\u00e9ance contractuelle en l&#8217;absence du d\u00e9biteur. Le juge a partiellement fait droit \u00e0 la demande en condamnant le d\u00e9fendeur au paiement du principal et des accessoires.<\/p>\n<p>I. La preuve de la cr\u00e9ance contractuelle par tous moyens<\/p>\n<p>Le juge rappelle que selon l&#8217;article 110-3 du code de commerce, les actes commerciaux peuvent se prouver par tous moyens. En l&#8217;esp\u00e8ce, le demandeur produit un contrat d&#8217;agr\u00e9ment revendeur, une facture et un bon de livraison. Le tribunal estime que <em>&#8220;cette facture est corrobor\u00e9e par un bon de livraison du 11 octobre 2023 mentionnant le transporteur CHRONOPOST, qui par mail du 1er juillet 2024 a indiqu\u00e9 que l&#8217;agence en charge de la distribution du colis a confirm\u00e9 la livraison&#8221;<\/em> (Motifs). Cette d\u00e9cision confirme la libert\u00e9 probatoire en mati\u00e8re commerciale, permettant de prouver l&#8217;existence et l&#8217;ex\u00e9cution du contrat. La port\u00e9e de cette solution est de faciliter la preuve pour le cr\u00e9ancier professionnel face \u00e0 un d\u00e9biteur d\u00e9faillant.<\/p>\n<p>II. La fixation du point de d\u00e9part des int\u00e9r\u00eats moratoires<\/p>\n<p>Le contrat pr\u00e9voyait un d\u00e9lai de paiement de sept jours calendaires \u00e0 compter de la facture du 11 octobre 2023. Le juge \u00e9carte la demande d&#8217;int\u00e9r\u00eats \u00e0 compter de la date de la facture et retient le 18 octobre 2023. Il condamne le d\u00e9fendeur au paiement de la somme principale <em>&#8220;avec int\u00e9r\u00eats l\u00e9gaux \u00e0 compter du 18 octobre 2023&#8221;<\/em> (Motifs). Cette solution s&#8217;inscrit dans le respect de la volont\u00e9 contractuelle des parties exprim\u00e9e \u00e0 l&#8217;article 4.1 des conditions g\u00e9n\u00e9rales de vente. Sa valeur est de pr\u00e9ciser que le point de d\u00e9part des int\u00e9r\u00eats court \u00e0 l&#8217;\u00e9ch\u00e9ance convenue et non \u00e0 la date de la cr\u00e9ance.<\/p>\n<\/div>\n","protected":false},"excerpt":{"rendered":"<p>Le tribunal de proximit\u00e9 de Haguenau a rendu un jugement par d\u00e9faut le 22 janvier 2026. Une soci\u00e9t\u00e9 commerciale avait assign\u00e9 un commer\u00e7ant exploitant&#8230;<\/p>\n","protected":false},"author":232070755,"featured_media":9663,"comment_status":"open","ping_status":"open","sticky":false,"template":"","format":"standard","meta":{"_crdt_document":"","_jetpack_newsletter_access":"","_jetpack_dont_email_post_to_subs":false,"_jetpack_newsletter_tier_id":0,"_jetpack_memberships_contains_paywalled_content":false,"_kj_source_type":"judilibre","_kj_official_id":"6984ca86cdc6046d470e9975","_kj_official_url":"https:\/\/www.courdecassation.fr\/decision\/6984ca86cdc6046d470e9975","_kj_judilibre_id":"6984ca86cdc6046d470e9975","_kj_jur":"Tribunal judiciaire","_kj_lieu":"Strasbourg","_kj_chambre":"HAGUENAU Civil","_kj_rg":"25\/09913","_kj_date":"2026-01-22","_jetpack_memberships_contains_paid_content":false,"footnotes":"","jetpack_post_was_ever_published":false},"categories":[6454,6440],"tags":[],"class_list":["post-744464","post","type-post","status-publish","format-standard","has-post-thumbnail","hentry","category-decisions-juridiques","category-tribunal-judiciaire"],"yoast_head":"<!-- This site is optimized with the Yoast SEO Premium plugin v27.5 (Yoast SEO v27.5) - https:\/\/yoast.com\/product\/yoast-seo-premium-wordpress\/ -->\n<title>Tribunal judiciaire de Strasbourg, le 22 janvier 2026, n\u00b025\/09913 - Ma\u00eetre Hassan Kohen, avocat en droit p\u00e9nal \u00e0 Paris<\/title>\n<meta name=\"description\" content=\"Le tribunal de proximit\u00e9 de Haguenau a rendu un jugement par d\u00e9faut le 22 janvier 2026. Une soci\u00e9t\u00e9 commerciale avait assign\u00e9 un commer\u00e7ant exploitant...\" \/>\n<meta name=\"robots\" content=\"index, follow, max-snippet:-1, max-image-preview:large, max-video-preview:-1\" \/>\n<link rel=\"canonical\" href=\"https:\/\/kohenavocats.com\/zh-hans\/tribunal-judiciaire-de-strasbourg-le-22-janvier-2026-n25-09913\/\" \/>\n<meta property=\"og:locale\" content=\"zh_CN\" \/>\n<meta property=\"og:type\" content=\"article\" \/>\n<meta property=\"og:title\" content=\"Tribunal judiciaire de Strasbourg, le 22 janvier 2026, n\u00b025\/09913\" \/>\n<meta property=\"og:description\" content=\"Le tribunal de proximit\u00e9 de Haguenau a rendu un jugement par d\u00e9faut le 22 janvier 2026. Une soci\u00e9t\u00e9 commerciale avait assign\u00e9 un commer\u00e7ant exploitant...\" \/>\n<meta property=\"og:url\" content=\"https:\/\/kohenavocats.com\/zh-hans\/tribunal-judiciaire-de-strasbourg-le-22-janvier-2026-n25-09913\/\" \/>\n<meta property=\"og:site_name\" content=\"Ma\u00eetre Hassan Kohen, avocat en droit p\u00e9nal \u00e0 Paris\" \/>\n<meta property=\"article:published_time\" content=\"2026-04-29T02:34:05+00:00\" \/>\n<meta property=\"og:image\" content=\"https:\/\/kohenavocats.com\/wp-content\/uploads\/2024\/11\/virginia-marinova-xqo5V5aU09g-unsplash.webp\" \/>\n\t<meta property=\"og:image:width\" content=\"5883\" \/>\n\t<meta property=\"og:image:height\" content=\"3914\" \/>\n\t<meta property=\"og:image:type\" content=\"image\/webp\" \/>\n<meta name=\"author\" content=\"Kohen\" \/>\n<meta name=\"twitter:card\" content=\"summary_large_image\" \/>\n<meta name=\"twitter:label1\" content=\"\u4f5c\u8005\" \/>\n\t<meta name=\"twitter:data1\" content=\"Kohen\" \/>\n\t<meta name=\"twitter:label2\" content=\"\u9884\u8ba1\u9605\u8bfb\u65f6\u95f4\" \/>\n\t<meta name=\"twitter:data2\" content=\"2 \u5206\" \/>\n<script type=\"application\/ld+json\" class=\"yoast-schema-graph\">{\"@context\":\"https:\\\/\\\/schema.org\",\"@graph\":[{\"@type\":\"Article\",\"@id\":\"https:\\\/\\\/kohenavocats.com\\\/zh-hans\\\/tribunal-judiciaire-de-strasbourg-le-22-janvier-2026-n25-09913\\\/#article\",\"isPartOf\":{\"@id\":\"https:\\\/\\\/kohenavocats.com\\\/zh-hans\\\/tribunal-judiciaire-de-strasbourg-le-22-janvier-2026-n25-09913\\\/\"},\"author\":{\"name\":\"Kohen\",\"@id\":\"https:\\\/\\\/kohenavocats.com\\\/zh-hans\\\/#\\\/schema\\\/person\\\/761c9ba54fa1ca84d405cef0831ff751\"},\"headline\":\"Tribunal judiciaire de Strasbourg, le 22 janvier 2026, n\u00b025\\\/09913\",\"datePublished\":\"2026-04-29T02:34:05+00:00\",\"mainEntityOfPage\":{\"@id\":\"https:\\\/\\\/kohenavocats.com\\\/zh-hans\\\/tribunal-judiciaire-de-strasbourg-le-22-janvier-2026-n25-09913\\\/\"},\"wordCount\":369,\"commentCount\":0,\"publisher\":{\"@id\":\"https:\\\/\\\/kohenavocats.com\\\/zh-hans\\\/#organization\"},\"image\":{\"@id\":\"https:\\\/\\\/kohenavocats.com\\\/zh-hans\\\/tribunal-judiciaire-de-strasbourg-le-22-janvier-2026-n25-09913\\\/#primaryimage\"},\"thumbnailUrl\":\"https:\\\/\\\/kohenavocats.com\\\/wp-content\\\/uploads\\\/2024\\\/11\\\/virginia-marinova-xqo5V5aU09g-unsplash.webp\",\"articleSection\":[\"D\u00e9cisions juridiques\",\"Tribunal judiciaire\"],\"inLanguage\":\"zh-Hans\",\"potentialAction\":[{\"@type\":\"CommentAction\",\"name\":\"Comment\",\"target\":[\"https:\\\/\\\/kohenavocats.com\\\/zh-hans\\\/tribunal-judiciaire-de-strasbourg-le-22-janvier-2026-n25-09913\\\/#respond\"]}],\"citation\":\"Tribunal judiciaire de Strasbourg, le 22 janvier 2026, n\u00b025\\\/09913\",\"about\":[{\"@type\":\"Thing\",\"name\":\"D\u00e9cisions juridiques\"},{\"@type\":\"Thing\",\"name\":\"Tribunal judiciaire\"}],\"dateModified\":\"2026-04-29T02:34:05+00:00\",\"speakable\":{\"@type\":\"SpeakableSpecification\",\"cssSelector\":[\".article-content > p:first-of-type\"]}},{\"@type\":\"WebPage\",\"@id\":\"https:\\\/\\\/kohenavocats.com\\\/zh-hans\\\/tribunal-judiciaire-de-strasbourg-le-22-janvier-2026-n25-09913\\\/\",\"url\":\"https:\\\/\\\/kohenavocats.com\\\/zh-hans\\\/tribunal-judiciaire-de-strasbourg-le-22-janvier-2026-n25-09913\\\/\",\"name\":\"Tribunal judiciaire de Strasbourg, le 22 janvier 2026, n\u00b025\\\/09913 - Ma\u00eetre Hassan Kohen, avocat en droit p\u00e9nal \u00e0 Paris\",\"isPartOf\":{\"@id\":\"https:\\\/\\\/kohenavocats.com\\\/zh-hans\\\/#website\"},\"primaryImageOfPage\":{\"@id\":\"https:\\\/\\\/kohenavocats.com\\\/zh-hans\\\/tribunal-judiciaire-de-strasbourg-le-22-janvier-2026-n25-09913\\\/#primaryimage\"},\"image\":{\"@id\":\"https:\\\/\\\/kohenavocats.com\\\/zh-hans\\\/tribunal-judiciaire-de-strasbourg-le-22-janvier-2026-n25-09913\\\/#primaryimage\"},\"thumbnailUrl\":\"https:\\\/\\\/kohenavocats.com\\\/wp-content\\\/uploads\\\/2024\\\/11\\\/virginia-marinova-xqo5V5aU09g-unsplash.webp\",\"datePublished\":\"2026-04-29T02:34:05+00:00\",\"description\":\"Le tribunal de proximit\u00e9 de Haguenau a rendu un jugement par d\u00e9faut le 22 janvier 2026. Une soci\u00e9t\u00e9 commerciale avait assign\u00e9 un commer\u00e7ant exploitant...\",\"breadcrumb\":{\"@id\":\"https:\\\/\\\/kohenavocats.com\\\/zh-hans\\\/tribunal-judiciaire-de-strasbourg-le-22-janvier-2026-n25-09913\\\/#breadcrumb\"},\"inLanguage\":\"zh-Hans\",\"potentialAction\":[{\"@type\":\"ReadAction\",\"target\":[\"https:\\\/\\\/kohenavocats.com\\\/zh-hans\\\/tribunal-judiciaire-de-strasbourg-le-22-janvier-2026-n25-09913\\\/\"]}]},{\"@type\":\"ImageObject\",\"inLanguage\":\"zh-Hans\",\"@id\":\"https:\\\/\\\/kohenavocats.com\\\/zh-hans\\\/tribunal-judiciaire-de-strasbourg-le-22-janvier-2026-n25-09913\\\/#primaryimage\",\"url\":\"https:\\\/\\\/kohenavocats.com\\\/wp-content\\\/uploads\\\/2024\\\/11\\\/virginia-marinova-xqo5V5aU09g-unsplash.webp\",\"contentUrl\":\"https:\\\/\\\/kohenavocats.com\\\/wp-content\\\/uploads\\\/2024\\\/11\\\/virginia-marinova-xqo5V5aU09g-unsplash.webp\",\"width\":5883,\"height\":3914},{\"@type\":\"BreadcrumbList\",\"@id\":\"https:\\\/\\\/kohenavocats.com\\\/zh-hans\\\/tribunal-judiciaire-de-strasbourg-le-22-janvier-2026-n25-09913\\\/#breadcrumb\",\"itemListElement\":[{\"@type\":\"ListItem\",\"position\":1,\"name\":\"Home\",\"item\":\"https:\\\/\\\/kohenavocats.com\\\/zh-hans\\\/\"},{\"@type\":\"ListItem\",\"position\":2,\"name\":\"Tribunal judiciaire de Strasbourg, le 22 janvier 2026, n\u00b025\\\/09913\"}]},{\"@type\":\"WebSite\",\"@id\":\"https:\\\/\\\/kohenavocats.com\\\/zh-hans\\\/#website\",\"url\":\"https:\\\/\\\/kohenavocats.com\\\/zh-hans\\\/\",\"name\":\"Kohen Avocats\",\"description\":\"Ma\u00eetre Hassan Kohen, avocat p\u00e9naliste \u00e0 Paris, intervient exclusivement en droit p\u00e9nal pour la d\u00e9fense des particuliers, notamment en mati\u00e8re d\u2019accusations de viol. Il assure un accompagnement rigoureux d\u00e8s la garde \u00e0 vue jusqu\u2019\u00e0 la Cour d\u2019assises, veillant au strict respect des garanties proc\u00e9durales.\",\"publisher\":{\"@id\":\"https:\\\/\\\/kohenavocats.com\\\/zh-hans\\\/#organization\"},\"potentialAction\":[{\"@type\":\"SearchAction\",\"target\":{\"@type\":\"EntryPoint\",\"urlTemplate\":\"https:\\\/\\\/kohenavocats.com\\\/zh-hans\\\/?s={search_term_string}\"},\"query-input\":{\"@type\":\"PropertyValueSpecification\",\"valueRequired\":true,\"valueName\":\"search_term_string\"}}],\"inLanguage\":\"zh-Hans\"},{\"@type\":\"Organization\",\"@id\":\"https:\\\/\\\/kohenavocats.com\\\/zh-hans\\\/#organization\",\"name\":\"Kohen Avocats\",\"url\":\"https:\\\/\\\/kohenavocats.com\\\/zh-hans\\\/\",\"logo\":{\"@type\":\"ImageObject\",\"inLanguage\":\"zh-Hans\",\"@id\":\"https:\\\/\\\/kohenavocats.com\\\/zh-hans\\\/#\\\/schema\\\/logo\\\/image\\\/\",\"url\":\"https:\\\/\\\/kohenavocats.com\\\/wp-content\\\/uploads\\\/2026\\\/01\\\/Logo-2-1.webp\",\"contentUrl\":\"https:\\\/\\\/kohenavocats.com\\\/wp-content\\\/uploads\\\/2026\\\/01\\\/Logo-2-1.webp\",\"width\":2114,\"height\":1253,\"caption\":\"Kohen Avocats\"},\"image\":{\"@id\":\"https:\\\/\\\/kohenavocats.com\\\/zh-hans\\\/#\\\/schema\\\/logo\\\/image\\\/\"}},{\"@type\":\"Person\",\"@id\":\"https:\\\/\\\/kohenavocats.com\\\/zh-hans\\\/#\\\/schema\\\/person\\\/761c9ba54fa1ca84d405cef0831ff751\",\"name\":\"Kohen\",\"image\":{\"@type\":\"ImageObject\",\"inLanguage\":\"zh-Hans\",\"@id\":\"https:\\\/\\\/secure.gravatar.com\\\/avatar\\\/1c5e76ef76bbbfdd2b4da984e2bf2fa4056fd51a27d25ce2c332047f1dfd6e00?s=96&d=identicon&r=g\",\"url\":\"https:\\\/\\\/secure.gravatar.com\\\/avatar\\\/1c5e76ef76bbbfdd2b4da984e2bf2fa4056fd51a27d25ce2c332047f1dfd6e00?s=96&d=identicon&r=g\",\"contentUrl\":\"https:\\\/\\\/secure.gravatar.com\\\/avatar\\\/1c5e76ef76bbbfdd2b4da984e2bf2fa4056fd51a27d25ce2c332047f1dfd6e00?s=96&d=identicon&r=g\",\"caption\":\"Kohen\"},\"sameAs\":[\"https:\\\/\\\/www.linkedin.com\\\/in\\\/hassan-kohen-448548192\\\/\",\"https:\\\/\\\/www.youtube.com\\\/@Kohen-Avocats\"],\"url\":\"https:\\\/\\\/kohenavocats.com\\\/zh-hans\\\/author\\\/kohenmlk\\\/\"}]}<\/script>\n<!-- \/ Yoast SEO Premium plugin. -->","yoast_head_json":{"title":"Tribunal judiciaire de Strasbourg, le 22 janvier 2026, n\u00b025\/09913 - Ma\u00eetre Hassan Kohen, avocat en droit p\u00e9nal \u00e0 Paris","description":"Le tribunal de proximit\u00e9 de Haguenau a rendu un jugement par d\u00e9faut le 22 janvier 2026. Une soci\u00e9t\u00e9 commerciale avait assign\u00e9 un commer\u00e7ant exploitant...","robots":{"index":"index","follow":"follow","max-snippet":"max-snippet:-1","max-image-preview":"max-image-preview:large","max-video-preview":"max-video-preview:-1"},"canonical":"https:\/\/kohenavocats.com\/zh-hans\/tribunal-judiciaire-de-strasbourg-le-22-janvier-2026-n25-09913\/","og_locale":"zh_CN","og_type":"article","og_title":"Tribunal judiciaire de Strasbourg, le 22 janvier 2026, n\u00b025\/09913","og_description":"Le tribunal de proximit\u00e9 de Haguenau a rendu un jugement par d\u00e9faut le 22 janvier 2026. Une soci\u00e9t\u00e9 commerciale avait assign\u00e9 un commer\u00e7ant exploitant...","og_url":"https:\/\/kohenavocats.com\/zh-hans\/tribunal-judiciaire-de-strasbourg-le-22-janvier-2026-n25-09913\/","og_site_name":"Ma\u00eetre Hassan Kohen, avocat en droit p\u00e9nal \u00e0 Paris","article_published_time":"2026-04-29T02:34:05+00:00","og_image":[{"width":5883,"height":3914,"url":"https:\/\/kohenavocats.com\/wp-content\/uploads\/2024\/11\/virginia-marinova-xqo5V5aU09g-unsplash.webp","type":"image\/webp"}],"author":"Kohen","twitter_card":"summary_large_image","twitter_misc":{"\u4f5c\u8005":"Kohen","\u9884\u8ba1\u9605\u8bfb\u65f6\u95f4":"2 \u5206"},"schema":{"@context":"https:\/\/schema.org","@graph":[{"@type":"Article","@id":"https:\/\/kohenavocats.com\/zh-hans\/tribunal-judiciaire-de-strasbourg-le-22-janvier-2026-n25-09913\/#article","isPartOf":{"@id":"https:\/\/kohenavocats.com\/zh-hans\/tribunal-judiciaire-de-strasbourg-le-22-janvier-2026-n25-09913\/"},"author":{"name":"Kohen","@id":"https:\/\/kohenavocats.com\/zh-hans\/#\/schema\/person\/761c9ba54fa1ca84d405cef0831ff751"},"headline":"Tribunal judiciaire de Strasbourg, le 22 janvier 2026, n\u00b025\/09913","datePublished":"2026-04-29T02:34:05+00:00","mainEntityOfPage":{"@id":"https:\/\/kohenavocats.com\/zh-hans\/tribunal-judiciaire-de-strasbourg-le-22-janvier-2026-n25-09913\/"},"wordCount":369,"commentCount":0,"publisher":{"@id":"https:\/\/kohenavocats.com\/zh-hans\/#organization"},"image":{"@id":"https:\/\/kohenavocats.com\/zh-hans\/tribunal-judiciaire-de-strasbourg-le-22-janvier-2026-n25-09913\/#primaryimage"},"thumbnailUrl":"https:\/\/kohenavocats.com\/wp-content\/uploads\/2024\/11\/virginia-marinova-xqo5V5aU09g-unsplash.webp","articleSection":["D\u00e9cisions juridiques","Tribunal judiciaire"],"inLanguage":"zh-Hans","potentialAction":[{"@type":"CommentAction","name":"Comment","target":["https:\/\/kohenavocats.com\/zh-hans\/tribunal-judiciaire-de-strasbourg-le-22-janvier-2026-n25-09913\/#respond"]}],"citation":"Tribunal judiciaire de Strasbourg, le 22 janvier 2026, n\u00b025\/09913","about":[{"@type":"Thing","name":"D\u00e9cisions juridiques"},{"@type":"Thing","name":"Tribunal judiciaire"}],"dateModified":"2026-04-29T02:34:05+00:00","speakable":{"@type":"SpeakableSpecification","cssSelector":[".article-content > p:first-of-type"]}},{"@type":"WebPage","@id":"https:\/\/kohenavocats.com\/zh-hans\/tribunal-judiciaire-de-strasbourg-le-22-janvier-2026-n25-09913\/","url":"https:\/\/kohenavocats.com\/zh-hans\/tribunal-judiciaire-de-strasbourg-le-22-janvier-2026-n25-09913\/","name":"Tribunal judiciaire de Strasbourg, le 22 janvier 2026, n\u00b025\/09913 - Ma\u00eetre Hassan Kohen, avocat en droit p\u00e9nal \u00e0 Paris","isPartOf":{"@id":"https:\/\/kohenavocats.com\/zh-hans\/#website"},"primaryImageOfPage":{"@id":"https:\/\/kohenavocats.com\/zh-hans\/tribunal-judiciaire-de-strasbourg-le-22-janvier-2026-n25-09913\/#primaryimage"},"image":{"@id":"https:\/\/kohenavocats.com\/zh-hans\/tribunal-judiciaire-de-strasbourg-le-22-janvier-2026-n25-09913\/#primaryimage"},"thumbnailUrl":"https:\/\/kohenavocats.com\/wp-content\/uploads\/2024\/11\/virginia-marinova-xqo5V5aU09g-unsplash.webp","datePublished":"2026-04-29T02:34:05+00:00","description":"Le tribunal de proximit\u00e9 de Haguenau a rendu un jugement par d\u00e9faut le 22 janvier 2026. Une soci\u00e9t\u00e9 commerciale avait assign\u00e9 un commer\u00e7ant exploitant...","breadcrumb":{"@id":"https:\/\/kohenavocats.com\/zh-hans\/tribunal-judiciaire-de-strasbourg-le-22-janvier-2026-n25-09913\/#breadcrumb"},"inLanguage":"zh-Hans","potentialAction":[{"@type":"ReadAction","target":["https:\/\/kohenavocats.com\/zh-hans\/tribunal-judiciaire-de-strasbourg-le-22-janvier-2026-n25-09913\/"]}]},{"@type":"ImageObject","inLanguage":"zh-Hans","@id":"https:\/\/kohenavocats.com\/zh-hans\/tribunal-judiciaire-de-strasbourg-le-22-janvier-2026-n25-09913\/#primaryimage","url":"https:\/\/kohenavocats.com\/wp-content\/uploads\/2024\/11\/virginia-marinova-xqo5V5aU09g-unsplash.webp","contentUrl":"https:\/\/kohenavocats.com\/wp-content\/uploads\/2024\/11\/virginia-marinova-xqo5V5aU09g-unsplash.webp","width":5883,"height":3914},{"@type":"BreadcrumbList","@id":"https:\/\/kohenavocats.com\/zh-hans\/tribunal-judiciaire-de-strasbourg-le-22-janvier-2026-n25-09913\/#breadcrumb","itemListElement":[{"@type":"ListItem","position":1,"name":"Home","item":"https:\/\/kohenavocats.com\/zh-hans\/"},{"@type":"ListItem","position":2,"name":"Tribunal judiciaire de Strasbourg, le 22 janvier 2026, n\u00b025\/09913"}]},{"@type":"WebSite","@id":"https:\/\/kohenavocats.com\/zh-hans\/#website","url":"https:\/\/kohenavocats.com\/zh-hans\/","name":"Kohen Avocats","description":"Ma\u00eetre Hassan Kohen, avocat p\u00e9naliste \u00e0 Paris, intervient exclusivement en droit p\u00e9nal pour la d\u00e9fense des particuliers, notamment en mati\u00e8re d\u2019accusations de viol. Il assure un accompagnement rigoureux d\u00e8s la garde \u00e0 vue jusqu\u2019\u00e0 la Cour d\u2019assises, veillant au strict respect des garanties proc\u00e9durales.","publisher":{"@id":"https:\/\/kohenavocats.com\/zh-hans\/#organization"},"potentialAction":[{"@type":"SearchAction","target":{"@type":"EntryPoint","urlTemplate":"https:\/\/kohenavocats.com\/zh-hans\/?s={search_term_string}"},"query-input":{"@type":"PropertyValueSpecification","valueRequired":true,"valueName":"search_term_string"}}],"inLanguage":"zh-Hans"},{"@type":"Organization","@id":"https:\/\/kohenavocats.com\/zh-hans\/#organization","name":"Kohen Avocats","url":"https:\/\/kohenavocats.com\/zh-hans\/","logo":{"@type":"ImageObject","inLanguage":"zh-Hans","@id":"https:\/\/kohenavocats.com\/zh-hans\/#\/schema\/logo\/image\/","url":"https:\/\/kohenavocats.com\/wp-content\/uploads\/2026\/01\/Logo-2-1.webp","contentUrl":"https:\/\/kohenavocats.com\/wp-content\/uploads\/2026\/01\/Logo-2-1.webp","width":2114,"height":1253,"caption":"Kohen Avocats"},"image":{"@id":"https:\/\/kohenavocats.com\/zh-hans\/#\/schema\/logo\/image\/"}},{"@type":"Person","@id":"https:\/\/kohenavocats.com\/zh-hans\/#\/schema\/person\/761c9ba54fa1ca84d405cef0831ff751","name":"Kohen","image":{"@type":"ImageObject","inLanguage":"zh-Hans","@id":"https:\/\/secure.gravatar.com\/avatar\/1c5e76ef76bbbfdd2b4da984e2bf2fa4056fd51a27d25ce2c332047f1dfd6e00?s=96&d=identicon&r=g","url":"https:\/\/secure.gravatar.com\/avatar\/1c5e76ef76bbbfdd2b4da984e2bf2fa4056fd51a27d25ce2c332047f1dfd6e00?s=96&d=identicon&r=g","contentUrl":"https:\/\/secure.gravatar.com\/avatar\/1c5e76ef76bbbfdd2b4da984e2bf2fa4056fd51a27d25ce2c332047f1dfd6e00?s=96&d=identicon&r=g","caption":"Kohen"},"sameAs":["https:\/\/www.linkedin.com\/in\/hassan-kohen-448548192\/","https:\/\/www.youtube.com\/@Kohen-Avocats"],"url":"https:\/\/kohenavocats.com\/zh-hans\/author\/kohenmlk\/"}]}},"jetpack_featured_media_url":"https:\/\/kohenavocats.com\/wp-content\/uploads\/2024\/11\/virginia-marinova-xqo5V5aU09g-unsplash.webp","jetpack_likes_enabled":false,"jetpack_shortlink":"https:\/\/wp.me\/peCrII-37Fu","jetpack-related-posts":[{"id":489938,"url":"https:\/\/kohenavocats.com\/zh-hans\/tribunal-judiciaire-de-bastia-le-12-fevrier-2025-n25-00268\/","url_meta":{"origin":744464,"position":0},"title":"Tribunal judiciaire de Bastia, le 12 f\u00e9vrier 2025, n\u00b025\/00268","author":"Kohen","date":"2026\u5e744\u67088\u65e5","format":false,"excerpt":"Le tribunal judiciaire de Bastia, statuant le 12 f\u2026","rel":"","context":"\u5728\u201cJurisprudence\u201d\u4e2d","block_context":{"text":"Jurisprudence","link":"https:\/\/kohenavocats.com\/category\/jurisprudence\/"},"img":{"alt_text":"","src":"https:\/\/i0.wp.com\/kohenavocats.com\/wp-content\/uploads\/2024\/08\/chris-linnett-aoJDcEy2tBo-unsplash.webp?resize=350%2C200&ssl=1","width":350,"height":200,"srcset":"https:\/\/i0.wp.com\/kohenavocats.com\/wp-content\/uploads\/2024\/08\/chris-linnett-aoJDcEy2tBo-unsplash.webp?resize=350%2C200&ssl=1 1x, https:\/\/i0.wp.com\/kohenavocats.com\/wp-content\/uploads\/2024\/08\/chris-linnett-aoJDcEy2tBo-unsplash.webp?resize=525%2C300&ssl=1 1.5x, https:\/\/i0.wp.com\/kohenavocats.com\/wp-content\/uploads\/2024\/08\/chris-linnett-aoJDcEy2tBo-unsplash.webp?resize=700%2C400&ssl=1 2x, https:\/\/i0.wp.com\/kohenavocats.com\/wp-content\/uploads\/2024\/08\/chris-linnett-aoJDcEy2tBo-unsplash.webp?resize=1050%2C600&ssl=1 3x, https:\/\/i0.wp.com\/kohenavocats.com\/wp-content\/uploads\/2024\/08\/chris-linnett-aoJDcEy2tBo-unsplash.webp?resize=1400%2C800&ssl=1 4x"},"classes":[]},{"id":485381,"url":"https:\/\/kohenavocats.com\/zh-hans\/tribunal-judiciaire-de-marseille-le-2-fevrier-2026-n25-02263\/","url_meta":{"origin":744464,"position":1},"title":"Tribunal judiciaire de Marseille, le 2 f\u00e9vrier 2026, n\u00b025\/02263","author":"Kohen","date":"2026\u5e744\u67088\u65e5","format":false,"excerpt":"Le Tribunal judiciaire de Marseille, statuant en m\u2026","rel":"","context":"\u5728\u201cJurisprudence\u201d\u4e2d","block_context":{"text":"Jurisprudence","link":"https:\/\/kohenavocats.com\/category\/jurisprudence\/"},"img":{"alt_text":"","src":"https:\/\/i0.wp.com\/kohenavocats.com\/wp-content\/uploads\/2024\/07\/pierre-bamin-SnQnWFVPp-4-unsplash.webp?resize=350%2C200&ssl=1","width":350,"height":200,"srcset":"https:\/\/i0.wp.com\/kohenavocats.com\/wp-content\/uploads\/2024\/07\/pierre-bamin-SnQnWFVPp-4-unsplash.webp?resize=350%2C200&ssl=1 1x, https:\/\/i0.wp.com\/kohenavocats.com\/wp-content\/uploads\/2024\/07\/pierre-bamin-SnQnWFVPp-4-unsplash.webp?resize=525%2C300&ssl=1 1.5x, https:\/\/i0.wp.com\/kohenavocats.com\/wp-content\/uploads\/2024\/07\/pierre-bamin-SnQnWFVPp-4-unsplash.webp?resize=700%2C400&ssl=1 2x, https:\/\/i0.wp.com\/kohenavocats.com\/wp-content\/uploads\/2024\/07\/pierre-bamin-SnQnWFVPp-4-unsplash.webp?resize=1050%2C600&ssl=1 3x, https:\/\/i0.wp.com\/kohenavocats.com\/wp-content\/uploads\/2024\/07\/pierre-bamin-SnQnWFVPp-4-unsplash.webp?resize=1400%2C800&ssl=1 4x"},"classes":[]},{"id":496709,"url":"https:\/\/kohenavocats.com\/zh-hans\/tribunal-judiciaire-de-marseille-le-1-decembre-2025-n25-02271\/","url_meta":{"origin":744464,"position":2},"title":"Tribunal judiciaire de Marseille, le 1 d\u00e9cembre 2025, n\u00b025\/02271","author":"Kohen","date":"2026\u5e744\u67088\u65e5","format":false,"excerpt":"Le Tribunal judiciaire de Marseille, statuant en j\u2026","rel":"","context":"\u5728\u201cD\u00e9cisions juridiques\u201d\u4e2d","block_context":{"text":"D\u00e9cisions juridiques","link":"https:\/\/kohenavocats.com\/category\/decisions-juridiques\/"},"img":{"alt_text":"","src":"https:\/\/i0.wp.com\/kohenavocats.com\/wp-content\/uploads\/2024\/11\/isidore-decamon-3M58ebH7qxc-unsplash.webp?resize=350%2C200&ssl=1","width":350,"height":200,"srcset":"https:\/\/i0.wp.com\/kohenavocats.com\/wp-content\/uploads\/2024\/11\/isidore-decamon-3M58ebH7qxc-unsplash.webp?resize=350%2C200&ssl=1 1x, https:\/\/i0.wp.com\/kohenavocats.com\/wp-content\/uploads\/2024\/11\/isidore-decamon-3M58ebH7qxc-unsplash.webp?resize=525%2C300&ssl=1 1.5x, https:\/\/i0.wp.com\/kohenavocats.com\/wp-content\/uploads\/2024\/11\/isidore-decamon-3M58ebH7qxc-unsplash.webp?resize=700%2C400&ssl=1 2x, https:\/\/i0.wp.com\/kohenavocats.com\/wp-content\/uploads\/2024\/11\/isidore-decamon-3M58ebH7qxc-unsplash.webp?resize=1050%2C600&ssl=1 3x, https:\/\/i0.wp.com\/kohenavocats.com\/wp-content\/uploads\/2024\/11\/isidore-decamon-3M58ebH7qxc-unsplash.webp?resize=1400%2C800&ssl=1 4x"},"classes":[]},{"id":478748,"url":"https:\/\/kohenavocats.com\/zh-hans\/tribunal-judiciaire-de-lyon-le-16-octobre-2025-n25-00719\/","url_meta":{"origin":744464,"position":3},"title":"Tribunal judiciaire de Lyon, le 16 octobre 2025, n\u00b025\/00719","author":"Kohen","date":"2026\u5e744\u67087\u65e5","format":false,"excerpt":"Le tribunal judiciaire de Lyon, statuant en mati\u00e8r\u2026","rel":"","context":"\u5728\u201cJurisprudence\u201d\u4e2d","block_context":{"text":"Jurisprudence","link":"https:\/\/kohenavocats.com\/category\/jurisprudence\/"},"img":{"alt_text":"","src":"https:\/\/i0.wp.com\/kohenavocats.com\/wp-content\/uploads\/2024\/06\/robin-ooode-A5hD0BMzsbo-unsplash.webp?resize=350%2C200&ssl=1","width":350,"height":200,"srcset":"https:\/\/i0.wp.com\/kohenavocats.com\/wp-content\/uploads\/2024\/06\/robin-ooode-A5hD0BMzsbo-unsplash.webp?resize=350%2C200&ssl=1 1x, https:\/\/i0.wp.com\/kohenavocats.com\/wp-content\/uploads\/2024\/06\/robin-ooode-A5hD0BMzsbo-unsplash.webp?resize=525%2C300&ssl=1 1.5x, https:\/\/i0.wp.com\/kohenavocats.com\/wp-content\/uploads\/2024\/06\/robin-ooode-A5hD0BMzsbo-unsplash.webp?resize=700%2C400&ssl=1 2x, https:\/\/i0.wp.com\/kohenavocats.com\/wp-content\/uploads\/2024\/06\/robin-ooode-A5hD0BMzsbo-unsplash.webp?resize=1050%2C600&ssl=1 3x, https:\/\/i0.wp.com\/kohenavocats.com\/wp-content\/uploads\/2024\/06\/robin-ooode-A5hD0BMzsbo-unsplash.webp?resize=1400%2C800&ssl=1 4x"},"classes":[]},{"id":486154,"url":"https:\/\/kohenavocats.com\/zh-hans\/tribunal-judiciaire-de-marseille-le-2-fevrier-2026-n25-02778\/","url_meta":{"origin":744464,"position":4},"title":"Tribunal judiciaire de Marseille, le 2 f\u00e9vrier 2026, n\u00b025\/02778","author":"Kohen","date":"2026\u5e744\u67088\u65e5","format":false,"excerpt":"Le Tribunal judiciaire de Marseille, statuant en m\u2026","rel":"","context":"\u5728\u201cJurisprudence\u201d\u4e2d","block_context":{"text":"Jurisprudence","link":"https:\/\/kohenavocats.com\/category\/jurisprudence\/"},"img":{"alt_text":"","src":"https:\/\/i0.wp.com\/kohenavocats.com\/wp-content\/uploads\/2024\/07\/chris-karidis-F77D9r-qIqU-unsplash.webp?resize=350%2C200&ssl=1","width":350,"height":200,"srcset":"https:\/\/i0.wp.com\/kohenavocats.com\/wp-content\/uploads\/2024\/07\/chris-karidis-F77D9r-qIqU-unsplash.webp?resize=350%2C200&ssl=1 1x, https:\/\/i0.wp.com\/kohenavocats.com\/wp-content\/uploads\/2024\/07\/chris-karidis-F77D9r-qIqU-unsplash.webp?resize=525%2C300&ssl=1 1.5x, https:\/\/i0.wp.com\/kohenavocats.com\/wp-content\/uploads\/2024\/07\/chris-karidis-F77D9r-qIqU-unsplash.webp?resize=700%2C400&ssl=1 2x, https:\/\/i0.wp.com\/kohenavocats.com\/wp-content\/uploads\/2024\/07\/chris-karidis-F77D9r-qIqU-unsplash.webp?resize=1050%2C600&ssl=1 3x, https:\/\/i0.wp.com\/kohenavocats.com\/wp-content\/uploads\/2024\/07\/chris-karidis-F77D9r-qIqU-unsplash.webp?resize=1400%2C800&ssl=1 4x"},"classes":[]},{"id":497989,"url":"https:\/\/kohenavocats.com\/zh-hans\/tribunal-judiciaire-de-macon-le-10-novembre-2025-n25-00709\/","url_meta":{"origin":744464,"position":5},"title":"Tribunal judiciaire de M\u00e2con, le 10 novembre 2025, n\u00b025\/00709","author":"Kohen","date":"2026\u5e744\u67088\u65e5","format":false,"excerpt":"Le juge des contentieux de la protection, statuant\u2026","rel":"","context":"\u5728\u201cJurisprudence\u201d\u4e2d","block_context":{"text":"Jurisprudence","link":"https:\/\/kohenavocats.com\/category\/jurisprudence\/"},"img":{"alt_text":"","src":"https:\/\/i0.wp.com\/kohenavocats.com\/wp-content\/uploads\/2024\/11\/steve-johnson-O6vuhf4ID2w-unsplash.webp?resize=350%2C200&ssl=1","width":350,"height":200,"srcset":"https:\/\/i0.wp.com\/kohenavocats.com\/wp-content\/uploads\/2024\/11\/steve-johnson-O6vuhf4ID2w-unsplash.webp?resize=350%2C200&ssl=1 1x, https:\/\/i0.wp.com\/kohenavocats.com\/wp-content\/uploads\/2024\/11\/steve-johnson-O6vuhf4ID2w-unsplash.webp?resize=525%2C300&ssl=1 1.5x, https:\/\/i0.wp.com\/kohenavocats.com\/wp-content\/uploads\/2024\/11\/steve-johnson-O6vuhf4ID2w-unsplash.webp?resize=700%2C400&ssl=1 2x, https:\/\/i0.wp.com\/kohenavocats.com\/wp-content\/uploads\/2024\/11\/steve-johnson-O6vuhf4ID2w-unsplash.webp?resize=1050%2C600&ssl=1 3x, https:\/\/i0.wp.com\/kohenavocats.com\/wp-content\/uploads\/2024\/11\/steve-johnson-O6vuhf4ID2w-unsplash.webp?resize=1400%2C800&ssl=1 4x"},"classes":[]}],"jetpack_sharing_enabled":true,"_links":{"self":[{"href":"https:\/\/kohenavocats.com\/zh-hans\/wp-json\/wp\/v2\/posts\/744464","targetHints":{"allow":["GET"]}}],"collection":[{"href":"https:\/\/kohenavocats.com\/zh-hans\/wp-json\/wp\/v2\/posts"}],"about":[{"href":"https:\/\/kohenavocats.com\/zh-hans\/wp-json\/wp\/v2\/types\/post"}],"author":[{"embeddable":true,"href":"https:\/\/kohenavocats.com\/zh-hans\/wp-json\/wp\/v2\/users\/232070755"}],"replies":[{"embeddable":true,"href":"https:\/\/kohenavocats.com\/zh-hans\/wp-json\/wp\/v2\/comments?post=744464"}],"version-history":[{"count":0,"href":"https:\/\/kohenavocats.com\/zh-hans\/wp-json\/wp\/v2\/posts\/744464\/revisions"}],"wp:featuredmedia":[{"embeddable":true,"href":"https:\/\/kohenavocats.com\/zh-hans\/wp-json\/wp\/v2\/media\/9663"}],"wp:attachment":[{"href":"https:\/\/kohenavocats.com\/zh-hans\/wp-json\/wp\/v2\/media?parent=744464"}],"wp:term":[{"taxonomy":"category","embeddable":true,"href":"https:\/\/kohenavocats.com\/zh-hans\/wp-json\/wp\/v2\/categories?post=744464"},{"taxonomy":"post_tag","embeddable":true,"href":"https:\/\/kohenavocats.com\/zh-hans\/wp-json\/wp\/v2\/tags?post=744464"}],"curies":[{"name":"wp","href":"https:\/\/api.w.org\/{rel}","templated":true}]}}