{"id":745376,"date":"2026-04-29T05:38:35","date_gmt":"2026-04-29T03:38:35","guid":{"rendered":"https:\/\/kohenavocats.com\/tribunal-judiciaire-de-nanterre-le-22-janvier-2026-n24-02659\/"},"modified":"2026-04-29T05:38:35","modified_gmt":"2026-04-29T03:38:35","slug":"tribunal-judiciaire-de-nanterre-le-22-janvier-2026-n24-02659","status":"publish","type":"post","link":"https:\/\/kohenavocats.com\/zh-hans\/tribunal-judiciaire-de-nanterre-le-22-janvier-2026-n24-02659\/","title":{"rendered":"Tribunal judiciaire de Nanterre, le 22 janvier 2026, n\u00b024\/02659"},"content":{"rendered":"<div class='article-content'>\n<style scoped>.toc-article{background:#f8f9fa;border:1px solid #e2e6ea;border-left:4px solid #2c5f8a;border-radius:6px;padding:20px 24px;margin:0 0 32px;font-size:15px;line-height:1.6}.toc-article p{margin:0 0 10px;font-size:16px;font-weight:600;color:#1a1a1a}.toc-article ul{list-style:none;margin:0;padding:0}.toc-article li.toc-h2{padding:4px 0}.toc-article li.toc-h3{padding:2px 0 2px 20px;font-size:14px}.toc-article a{color:#2c5f8a;text-decoration:none;border-bottom:1px dotted #a0b4c8}.toc-article a:hover{color:#1a3d5c;border-bottom-color:#1a3d5c}<\/style>\n<nav class=\"toc-article\" role=\"navigation\" aria-label=\"Sommaire\">\n<p>Sommaire<\/p>\n<ul>\n<li class=\"toc-h2\"><a href=\"#fondements-juridiques\">Fondements juridiques<\/a><\/li>\n<\/ul>\n<\/nav>\n<p>Le tribunal judiciaire de Nanterre, p\u00f4le social, a rendu le 22 janvier 2026 un jugement sur la demande d\u2019un requ\u00e9rant souhaitant ajouter la mention invalidit\u00e9 \u00e0 sa carte mobilit\u00e9 inclusion. L\u2019int\u00e9ress\u00e9, b\u00e9n\u00e9ficiaire de l\u2019allocation aux adultes handicap\u00e9s, avait saisi directement le tribunal apr\u00e8s une d\u00e9cision d\u2019attribution de l\u2019AAH. Il contestait l\u2019absence de cette mention sur sa carte et invoquait son besoin d\u2019acc\u00e9der \u00e0 un service de transport francilien. La question de droit portait sur la recevabilit\u00e9 de sa demande sans recours pr\u00e9alable obligatoire. Le tribunal a d\u00e9clar\u00e9 le recours irrecevable et condamn\u00e9 le demandeur aux d\u00e9pens.<\/p>\n<p>L\u2019absence de recours pr\u00e9alable obligatoire rend la demande irrecevable.<\/p>\n<p>Le tribunal rappelle que tout recours contentieux en mati\u00e8re sociale doit \u00eatre pr\u00e9c\u00e9d\u00e9 d\u2019un recours administratif pr\u00e9alable. En l\u2019esp\u00e8ce, le demandeur n\u2019a pas saisi la commission des droits et de l\u2019autonomie des personnes handicap\u00e9es d\u2019une demande de carte mobilit\u00e9 inclusion mention invalidit\u00e9. Il a seulement sollicit\u00e9 l\u2019ajout de cette mention sur une carte existante, ce qui constitue une proc\u00e9dure distincte. Le juge constate que <em>&#8220;Monsieur [B] n\u2019a pas saisi la [8] d\u2019une demande pr\u00e9alable d\u2019attribution d\u2019une carte mobilit\u00e9 inclusion, mention \u2018invalidit\u00e9\u2019&#8221;<\/em> (Motifs). Cette fin de non-recevoir est fond\u00e9e sur le d\u00e9faut de droit d\u2019agir, conform\u00e9ment \u00e0 l\u2019article 122 du code de proc\u00e9dure civile.<\/p>\n<p>La distinction entre les deux types de cartes justifie le rejet de la demande.<\/p>\n<p>Le tribunal souligne que les cartes mobilit\u00e9 inclusion mention invalidit\u00e9 et stationnement sont des titres distincts et ind\u00e9pendants. La demande d\u2019ajout d\u2019une mention sur une carte d\u00e9j\u00e0 d\u00e9livr\u00e9e ne saurait valoir demande d\u2019attribution d\u2019une nouvelle carte. Le juge pr\u00e9cise que <em>&#8220;les cartes mobilit\u00e9 inclusions mention \u2018invalidit\u00e9\u2019 et \u2018stationnement\u2019 sont distinctes&#8221;<\/em> (Motifs). Cette solution a une valeur p\u00e9dagogique en rappelant la n\u00e9cessit\u00e9 de suivre la voie administrative appropri\u00e9e. En port\u00e9e, elle \u00e9vite tout d\u00e9tournement de proc\u00e9dure et pr\u00e9serve la comp\u00e9tence de la commission sp\u00e9cialis\u00e9e.<\/p>\n<p>La condamnation aux d\u00e9pens confirme la rigueur proc\u00e9durale appliqu\u00e9e par le tribunal.<\/p>\n<p>Le demandeur, qui succombe int\u00e9gralement, est condamn\u00e9 aux d\u00e9pens de l\u2019instance en application de l\u2019article 696 du code de proc\u00e9dure civile. Le tribunal \u00e9carte ainsi les anciennes dispositions du code de la s\u00e9curit\u00e9 sociale d\u00e9sormais abrog\u00e9es. Cette d\u00e9cision a une port\u00e9e pratique en incitant les justiciables \u00e0 respecter scrupuleusement les \u00e9tapes pr\u00e9contentieuses. Elle renforce \u00e9galement l\u2019autorit\u00e9 des d\u00e9cisions des commissions sp\u00e9cialis\u00e9es en mati\u00e8re de handicap.<\/p>\n<\/div>\n<style scoped>.fondements-juridiques{margin:40px 0 0;padding:0}.fondements-juridiques>h2{font-size:22px;color:#1a1a1a;border-bottom:2px solid #2c5f8a;padding-bottom:10px;margin-bottom:20px}.fj-article{background:#fdfdfd;border:1px solid #e8e8e8;border-radius:6px;padding:20px;margin-bottom:16px}.fj-article h3{font-size:17px;color:#2c5f8a;margin:0 0 12px;font-weight:600}.fj-texte{font-size:15px;line-height:1.7;color:#333}.fj-texte p{margin:8px 0}.fj-badge{font-size:11px;padding:2px 8px;border-radius:3px;margin-left:8px;font-weight:500;vertical-align:middle}.fj-en-vigueur{background:#e8f5e9;color:#2e7d32}.fj-abroge{background:#ffebee;color:#c62828}.fj-modifie{background:#fff3e0;color:#e65100}<\/style>\n<section class=\"fondements-juridiques\">\n<h2 id=\"fondements-juridiques\">Fondements juridiques<\/h2>\n<div class=\"fj-article\">\n<h3><a href=\"https:\/\/www.legifrance.gouv.fr\/codes\/article_lc\/LEGIARTI000035651060\" rel=\"nofollow\" target=\"_blank\">Article L. 2314-23 du Code du travail<\/a> <span class=\"fj-badge fj-en-vigueur\">En vigueur<\/span><\/h3>\n<div class=\"fj-texte\">\n<p>Pour les salari\u00e9s mis \u00e0 disposition qui remplissent les conditions mentionn\u00e9es au 2\u00b0 de l&#8217;article L. 1111-2, la condition de pr\u00e9sence dans l&#8217;entreprise utilisatrice est de douze mois continus pour y \u00eatre \u00e9lecteur. Les salari\u00e9s mis \u00e0 disposition ne sont pas \u00e9ligibles dans l&#8217;entreprise utilisatrice. <\/p>\n<p>Les salari\u00e9s mis \u00e0 disposition qui remplissent les conditions mentionn\u00e9es au premier alin\u00e9a choisissent s&#8217;ils exercent leur droit de vote dans l&#8217;entreprise qui les emploie ou l&#8217;entreprise utilisatrice.<\/p>\n<\/div>\n<\/div>\n<div class=\"fj-article\">\n<h3><a href=\"https:\/\/www.legifrance.gouv.fr\/codes\/article_lc\/LEGIARTI000006410229\" rel=\"nofollow\" target=\"_blank\">Article 122 du Code de proc\u00e9dure civile<\/a> <span class=\"fj-badge fj-en-vigueur\">En vigueur<\/span><\/h3>\n<div class=\"fj-texte\">\n<p>Constitue une fin de non-recevoir tout moyen qui tend \u00e0 faire d\u00e9clarer l&#8217;adversaire irrecevable en sa demande, sans examen au fond, pour d\u00e9faut de droit d&#8217;agir, tel le d\u00e9faut de qualit\u00e9, le d\u00e9faut d&#8217;int\u00e9r\u00eat, la prescription, le d\u00e9lai pr\u00e9fix, la chose jug\u00e9e.<\/p>\n<\/p>\n<\/div>\n<\/div>\n<div class=\"fj-article\">\n<h3><a href=\"https:\/\/www.legifrance.gouv.fr\/codes\/article_lc\/LEGIARTI000042941174\" rel=\"nofollow\" target=\"_blank\">Article 696 du Code de proc\u00e9dure civile<\/a> <span class=\"fj-badge fj-en-vigueur\">En vigueur<\/span><\/h3>\n<div class=\"fj-texte\">\n<p>La partie perdante est condamn\u00e9e aux d\u00e9pens, \u00e0 moins que le juge, par d\u00e9cision motiv\u00e9e, n&#8217;en mette la totalit\u00e9 ou une fraction \u00e0 la charge d&#8217;une autre partie.<\/p>\n<p>Les conditions dans lesquelles il peut \u00eatre mis \u00e0 la charge d&#8217;une partie qui b\u00e9n\u00e9ficie de l&#8217;aide juridictionnelle tout ou partie des d\u00e9pens de l&#8217;instance sont fix\u00e9es par les dispositions de la loi n\u00b0 91-647 du 10 juillet 1991 et du d\u00e9cret n\u00b0 2020-1717 du 28 d\u00e9cembre 2020.<\/p>\n<\/p>\n<\/div>\n<\/div>\n<\/section>\n","protected":false},"excerpt":{"rendered":"<p>Le tribunal judiciaire de Nanterre, p\u00f4le social, a rendu le 22 janvier 2026 un jugement sur la demande d\u2019un requ\u00e9rant souhaitant ajouter la mention&#8230;<\/p>\n","protected":false},"author":232070755,"featured_media":4882,"comment_status":"open","ping_status":"open","sticky":false,"template":"","format":"standard","meta":{"_crdt_document":"","_jetpack_newsletter_access":"","_jetpack_dont_email_post_to_subs":false,"_jetpack_newsletter_tier_id":0,"_jetpack_memberships_contains_paywalled_content":false,"_kj_source_type":"judilibre","_kj_official_id":"69847563cdc6046d4701d603","_kj_official_url":"https:\/\/www.courdecassation.fr\/decision\/69847563cdc6046d4701d603","_kj_judilibre_id":"69847563cdc6046d4701d603","_kj_jur":"Tribunal judiciaire","_kj_lieu":"Nanterre","_kj_chambre":"CTX Protection sociale","_kj_rg":"24\/02659","_kj_date":"2026-01-22","_jetpack_memberships_contains_paid_content":false,"footnotes":"","jetpack_post_was_ever_published":false},"categories":[6454,6440],"tags":[],"class_list":["post-745376","post","type-post","status-publish","format-standard","has-post-thumbnail","hentry","category-decisions-juridiques","category-tribunal-judiciaire"],"yoast_head":"<!-- This site is optimized with the Yoast SEO Premium plugin v27.5 (Yoast SEO v27.5) - https:\/\/yoast.com\/product\/yoast-seo-premium-wordpress\/ -->\n<title>Tribunal judiciaire de Nanterre, le 22 janvier 2026, n\u00b024\/02659 - Ma\u00eetre Hassan Kohen, avocat en droit p\u00e9nal \u00e0 Paris<\/title>\n<meta name=\"description\" content=\"Le tribunal judiciaire de Nanterre, p\u00f4le social, a rendu le 22 janvier 2026 un jugement sur la demande d\u2019un requ\u00e9rant souhaitant ajouter la mention...\" \/>\n<meta name=\"robots\" content=\"index, follow, max-snippet:-1, max-image-preview:large, max-video-preview:-1\" \/>\n<link rel=\"canonical\" href=\"https:\/\/kohenavocats.com\/zh-hans\/tribunal-judiciaire-de-nanterre-le-22-janvier-2026-n24-02659\/\" \/>\n<meta property=\"og:locale\" content=\"zh_CN\" \/>\n<meta property=\"og:type\" content=\"article\" \/>\n<meta property=\"og:title\" content=\"Tribunal judiciaire de Nanterre, le 22 janvier 2026, n\u00b024\/02659\" \/>\n<meta property=\"og:description\" content=\"Le tribunal judiciaire de Nanterre, p\u00f4le social, a rendu le 22 janvier 2026 un jugement sur la demande d\u2019un requ\u00e9rant souhaitant ajouter la mention...\" \/>\n<meta property=\"og:url\" content=\"https:\/\/kohenavocats.com\/zh-hans\/tribunal-judiciaire-de-nanterre-le-22-janvier-2026-n24-02659\/\" \/>\n<meta property=\"og:site_name\" content=\"Ma\u00eetre Hassan Kohen, avocat en droit p\u00e9nal \u00e0 Paris\" \/>\n<meta property=\"article:published_time\" content=\"2026-04-29T03:38:35+00:00\" \/>\n<meta property=\"og:image\" content=\"https:\/\/kohenavocats.com\/wp-content\/uploads\/2024\/08\/marius-badstuber-wFHqJCuGB1g-unsplash.webp\" \/>\n\t<meta property=\"og:image:width\" content=\"5184\" \/>\n\t<meta property=\"og:image:height\" content=\"3456\" \/>\n\t<meta property=\"og:image:type\" content=\"image\/webp\" \/>\n<meta name=\"author\" content=\"Kohen\" \/>\n<meta name=\"twitter:card\" content=\"summary_large_image\" \/>\n<meta name=\"twitter:label1\" content=\"\u4f5c\u8005\" \/>\n\t<meta name=\"twitter:data1\" content=\"Kohen\" \/>\n\t<meta name=\"twitter:label2\" content=\"\u9884\u8ba1\u9605\u8bfb\u65f6\u95f4\" \/>\n\t<meta name=\"twitter:data2\" content=\"3 \u5206\" \/>\n<script type=\"application\/ld+json\" class=\"yoast-schema-graph\">{\"@context\":\"https:\\\/\\\/schema.org\",\"@graph\":[{\"@type\":\"Article\",\"@id\":\"https:\\\/\\\/kohenavocats.com\\\/zh-hans\\\/tribunal-judiciaire-de-nanterre-le-22-janvier-2026-n24-02659\\\/#article\",\"isPartOf\":{\"@id\":\"https:\\\/\\\/kohenavocats.com\\\/zh-hans\\\/tribunal-judiciaire-de-nanterre-le-22-janvier-2026-n24-02659\\\/\"},\"author\":{\"name\":\"Kohen\",\"@id\":\"https:\\\/\\\/kohenavocats.com\\\/zh-hans\\\/#\\\/schema\\\/person\\\/761c9ba54fa1ca84d405cef0831ff751\"},\"headline\":\"Tribunal judiciaire de Nanterre, le 22 janvier 2026, n\u00b024\\\/02659\",\"datePublished\":\"2026-04-29T03:38:35+00:00\",\"mainEntityOfPage\":{\"@id\":\"https:\\\/\\\/kohenavocats.com\\\/zh-hans\\\/tribunal-judiciaire-de-nanterre-le-22-janvier-2026-n24-02659\\\/\"},\"wordCount\":714,\"commentCount\":0,\"publisher\":{\"@id\":\"https:\\\/\\\/kohenavocats.com\\\/zh-hans\\\/#organization\"},\"image\":{\"@id\":\"https:\\\/\\\/kohenavocats.com\\\/zh-hans\\\/tribunal-judiciaire-de-nanterre-le-22-janvier-2026-n24-02659\\\/#primaryimage\"},\"thumbnailUrl\":\"https:\\\/\\\/kohenavocats.com\\\/wp-content\\\/uploads\\\/2024\\\/08\\\/marius-badstuber-wFHqJCuGB1g-unsplash.webp\",\"articleSection\":[\"D\u00e9cisions juridiques\",\"Tribunal judiciaire\"],\"inLanguage\":\"zh-Hans\",\"potentialAction\":[{\"@type\":\"CommentAction\",\"name\":\"Comment\",\"target\":[\"https:\\\/\\\/kohenavocats.com\\\/zh-hans\\\/tribunal-judiciaire-de-nanterre-le-22-janvier-2026-n24-02659\\\/#respond\"]}],\"citation\":\"Tribunal judiciaire de Nanterre, le 22 janvier 2026, n\u00b024\\\/02659\",\"about\":[{\"@type\":\"Thing\",\"name\":\"D\u00e9cisions juridiques\"},{\"@type\":\"Thing\",\"name\":\"Tribunal judiciaire\"}],\"dateModified\":\"2026-04-29T03:38:35+00:00\",\"speakable\":{\"@type\":\"SpeakableSpecification\",\"cssSelector\":[\".article-content > p:first-of-type\"]}},{\"@type\":\"WebPage\",\"@id\":\"https:\\\/\\\/kohenavocats.com\\\/zh-hans\\\/tribunal-judiciaire-de-nanterre-le-22-janvier-2026-n24-02659\\\/\",\"url\":\"https:\\\/\\\/kohenavocats.com\\\/zh-hans\\\/tribunal-judiciaire-de-nanterre-le-22-janvier-2026-n24-02659\\\/\",\"name\":\"Tribunal judiciaire de Nanterre, le 22 janvier 2026, n\u00b024\\\/02659 - Ma\u00eetre Hassan Kohen, avocat en droit p\u00e9nal \u00e0 Paris\",\"isPartOf\":{\"@id\":\"https:\\\/\\\/kohenavocats.com\\\/zh-hans\\\/#website\"},\"primaryImageOfPage\":{\"@id\":\"https:\\\/\\\/kohenavocats.com\\\/zh-hans\\\/tribunal-judiciaire-de-nanterre-le-22-janvier-2026-n24-02659\\\/#primaryimage\"},\"image\":{\"@id\":\"https:\\\/\\\/kohenavocats.com\\\/zh-hans\\\/tribunal-judiciaire-de-nanterre-le-22-janvier-2026-n24-02659\\\/#primaryimage\"},\"thumbnailUrl\":\"https:\\\/\\\/kohenavocats.com\\\/wp-content\\\/uploads\\\/2024\\\/08\\\/marius-badstuber-wFHqJCuGB1g-unsplash.webp\",\"datePublished\":\"2026-04-29T03:38:35+00:00\",\"description\":\"Le tribunal judiciaire de Nanterre, p\u00f4le social, a rendu le 22 janvier 2026 un jugement sur la demande d\u2019un requ\u00e9rant souhaitant ajouter la mention...\",\"breadcrumb\":{\"@id\":\"https:\\\/\\\/kohenavocats.com\\\/zh-hans\\\/tribunal-judiciaire-de-nanterre-le-22-janvier-2026-n24-02659\\\/#breadcrumb\"},\"inLanguage\":\"zh-Hans\",\"potentialAction\":[{\"@type\":\"ReadAction\",\"target\":[\"https:\\\/\\\/kohenavocats.com\\\/zh-hans\\\/tribunal-judiciaire-de-nanterre-le-22-janvier-2026-n24-02659\\\/\"]}]},{\"@type\":\"ImageObject\",\"inLanguage\":\"zh-Hans\",\"@id\":\"https:\\\/\\\/kohenavocats.com\\\/zh-hans\\\/tribunal-judiciaire-de-nanterre-le-22-janvier-2026-n24-02659\\\/#primaryimage\",\"url\":\"https:\\\/\\\/kohenavocats.com\\\/wp-content\\\/uploads\\\/2024\\\/08\\\/marius-badstuber-wFHqJCuGB1g-unsplash.webp\",\"contentUrl\":\"https:\\\/\\\/kohenavocats.com\\\/wp-content\\\/uploads\\\/2024\\\/08\\\/marius-badstuber-wFHqJCuGB1g-unsplash.webp\",\"width\":5184,\"height\":3456},{\"@type\":\"BreadcrumbList\",\"@id\":\"https:\\\/\\\/kohenavocats.com\\\/zh-hans\\\/tribunal-judiciaire-de-nanterre-le-22-janvier-2026-n24-02659\\\/#breadcrumb\",\"itemListElement\":[{\"@type\":\"ListItem\",\"position\":1,\"name\":\"Home\",\"item\":\"https:\\\/\\\/kohenavocats.com\\\/zh-hans\\\/\"},{\"@type\":\"ListItem\",\"position\":2,\"name\":\"Tribunal judiciaire de Nanterre, le 22 janvier 2026, n\u00b024\\\/02659\"}]},{\"@type\":\"WebSite\",\"@id\":\"https:\\\/\\\/kohenavocats.com\\\/zh-hans\\\/#website\",\"url\":\"https:\\\/\\\/kohenavocats.com\\\/zh-hans\\\/\",\"name\":\"Kohen Avocats\",\"description\":\"Ma\u00eetre Hassan Kohen, avocat p\u00e9naliste \u00e0 Paris, intervient exclusivement en droit p\u00e9nal pour la d\u00e9fense des particuliers, notamment en mati\u00e8re d\u2019accusations de viol. Il assure un accompagnement rigoureux d\u00e8s la garde \u00e0 vue jusqu\u2019\u00e0 la Cour d\u2019assises, veillant au strict respect des garanties proc\u00e9durales.\",\"publisher\":{\"@id\":\"https:\\\/\\\/kohenavocats.com\\\/zh-hans\\\/#organization\"},\"potentialAction\":[{\"@type\":\"SearchAction\",\"target\":{\"@type\":\"EntryPoint\",\"urlTemplate\":\"https:\\\/\\\/kohenavocats.com\\\/zh-hans\\\/?s={search_term_string}\"},\"query-input\":{\"@type\":\"PropertyValueSpecification\",\"valueRequired\":true,\"valueName\":\"search_term_string\"}}],\"inLanguage\":\"zh-Hans\"},{\"@type\":\"Organization\",\"@id\":\"https:\\\/\\\/kohenavocats.com\\\/zh-hans\\\/#organization\",\"name\":\"Kohen Avocats\",\"url\":\"https:\\\/\\\/kohenavocats.com\\\/zh-hans\\\/\",\"logo\":{\"@type\":\"ImageObject\",\"inLanguage\":\"zh-Hans\",\"@id\":\"https:\\\/\\\/kohenavocats.com\\\/zh-hans\\\/#\\\/schema\\\/logo\\\/image\\\/\",\"url\":\"https:\\\/\\\/kohenavocats.com\\\/wp-content\\\/uploads\\\/2026\\\/01\\\/Logo-2-1.webp\",\"contentUrl\":\"https:\\\/\\\/kohenavocats.com\\\/wp-content\\\/uploads\\\/2026\\\/01\\\/Logo-2-1.webp\",\"width\":2114,\"height\":1253,\"caption\":\"Kohen Avocats\"},\"image\":{\"@id\":\"https:\\\/\\\/kohenavocats.com\\\/zh-hans\\\/#\\\/schema\\\/logo\\\/image\\\/\"}},{\"@type\":\"Person\",\"@id\":\"https:\\\/\\\/kohenavocats.com\\\/zh-hans\\\/#\\\/schema\\\/person\\\/761c9ba54fa1ca84d405cef0831ff751\",\"name\":\"Kohen\",\"image\":{\"@type\":\"ImageObject\",\"inLanguage\":\"zh-Hans\",\"@id\":\"https:\\\/\\\/secure.gravatar.com\\\/avatar\\\/1c5e76ef76bbbfdd2b4da984e2bf2fa4056fd51a27d25ce2c332047f1dfd6e00?s=96&d=identicon&r=g\",\"url\":\"https:\\\/\\\/secure.gravatar.com\\\/avatar\\\/1c5e76ef76bbbfdd2b4da984e2bf2fa4056fd51a27d25ce2c332047f1dfd6e00?s=96&d=identicon&r=g\",\"contentUrl\":\"https:\\\/\\\/secure.gravatar.com\\\/avatar\\\/1c5e76ef76bbbfdd2b4da984e2bf2fa4056fd51a27d25ce2c332047f1dfd6e00?s=96&d=identicon&r=g\",\"caption\":\"Kohen\"},\"sameAs\":[\"https:\\\/\\\/www.linkedin.com\\\/in\\\/hassan-kohen-448548192\\\/\",\"https:\\\/\\\/www.youtube.com\\\/@Kohen-Avocats\"],\"url\":\"https:\\\/\\\/kohenavocats.com\\\/zh-hans\\\/author\\\/kohenmlk\\\/\"}]}<\/script>\n<!-- \/ Yoast SEO Premium plugin. -->","yoast_head_json":{"title":"Tribunal judiciaire de Nanterre, le 22 janvier 2026, n\u00b024\/02659 - Ma\u00eetre Hassan Kohen, avocat en droit p\u00e9nal \u00e0 Paris","description":"Le tribunal judiciaire de Nanterre, p\u00f4le social, a rendu le 22 janvier 2026 un jugement sur la demande d\u2019un requ\u00e9rant souhaitant ajouter la mention...","robots":{"index":"index","follow":"follow","max-snippet":"max-snippet:-1","max-image-preview":"max-image-preview:large","max-video-preview":"max-video-preview:-1"},"canonical":"https:\/\/kohenavocats.com\/zh-hans\/tribunal-judiciaire-de-nanterre-le-22-janvier-2026-n24-02659\/","og_locale":"zh_CN","og_type":"article","og_title":"Tribunal judiciaire de Nanterre, le 22 janvier 2026, n\u00b024\/02659","og_description":"Le tribunal judiciaire de Nanterre, p\u00f4le social, a rendu le 22 janvier 2026 un jugement sur la demande d\u2019un requ\u00e9rant souhaitant ajouter la mention...","og_url":"https:\/\/kohenavocats.com\/zh-hans\/tribunal-judiciaire-de-nanterre-le-22-janvier-2026-n24-02659\/","og_site_name":"Ma\u00eetre Hassan Kohen, avocat en droit p\u00e9nal \u00e0 Paris","article_published_time":"2026-04-29T03:38:35+00:00","og_image":[{"width":5184,"height":3456,"url":"https:\/\/kohenavocats.com\/wp-content\/uploads\/2024\/08\/marius-badstuber-wFHqJCuGB1g-unsplash.webp","type":"image\/webp"}],"author":"Kohen","twitter_card":"summary_large_image","twitter_misc":{"\u4f5c\u8005":"Kohen","\u9884\u8ba1\u9605\u8bfb\u65f6\u95f4":"3 \u5206"},"schema":{"@context":"https:\/\/schema.org","@graph":[{"@type":"Article","@id":"https:\/\/kohenavocats.com\/zh-hans\/tribunal-judiciaire-de-nanterre-le-22-janvier-2026-n24-02659\/#article","isPartOf":{"@id":"https:\/\/kohenavocats.com\/zh-hans\/tribunal-judiciaire-de-nanterre-le-22-janvier-2026-n24-02659\/"},"author":{"name":"Kohen","@id":"https:\/\/kohenavocats.com\/zh-hans\/#\/schema\/person\/761c9ba54fa1ca84d405cef0831ff751"},"headline":"Tribunal judiciaire de Nanterre, le 22 janvier 2026, n\u00b024\/02659","datePublished":"2026-04-29T03:38:35+00:00","mainEntityOfPage":{"@id":"https:\/\/kohenavocats.com\/zh-hans\/tribunal-judiciaire-de-nanterre-le-22-janvier-2026-n24-02659\/"},"wordCount":714,"commentCount":0,"publisher":{"@id":"https:\/\/kohenavocats.com\/zh-hans\/#organization"},"image":{"@id":"https:\/\/kohenavocats.com\/zh-hans\/tribunal-judiciaire-de-nanterre-le-22-janvier-2026-n24-02659\/#primaryimage"},"thumbnailUrl":"https:\/\/kohenavocats.com\/wp-content\/uploads\/2024\/08\/marius-badstuber-wFHqJCuGB1g-unsplash.webp","articleSection":["D\u00e9cisions juridiques","Tribunal judiciaire"],"inLanguage":"zh-Hans","potentialAction":[{"@type":"CommentAction","name":"Comment","target":["https:\/\/kohenavocats.com\/zh-hans\/tribunal-judiciaire-de-nanterre-le-22-janvier-2026-n24-02659\/#respond"]}],"citation":"Tribunal judiciaire de Nanterre, le 22 janvier 2026, n\u00b024\/02659","about":[{"@type":"Thing","name":"D\u00e9cisions juridiques"},{"@type":"Thing","name":"Tribunal judiciaire"}],"dateModified":"2026-04-29T03:38:35+00:00","speakable":{"@type":"SpeakableSpecification","cssSelector":[".article-content > p:first-of-type"]}},{"@type":"WebPage","@id":"https:\/\/kohenavocats.com\/zh-hans\/tribunal-judiciaire-de-nanterre-le-22-janvier-2026-n24-02659\/","url":"https:\/\/kohenavocats.com\/zh-hans\/tribunal-judiciaire-de-nanterre-le-22-janvier-2026-n24-02659\/","name":"Tribunal judiciaire de Nanterre, le 22 janvier 2026, n\u00b024\/02659 - Ma\u00eetre Hassan Kohen, avocat en droit p\u00e9nal \u00e0 Paris","isPartOf":{"@id":"https:\/\/kohenavocats.com\/zh-hans\/#website"},"primaryImageOfPage":{"@id":"https:\/\/kohenavocats.com\/zh-hans\/tribunal-judiciaire-de-nanterre-le-22-janvier-2026-n24-02659\/#primaryimage"},"image":{"@id":"https:\/\/kohenavocats.com\/zh-hans\/tribunal-judiciaire-de-nanterre-le-22-janvier-2026-n24-02659\/#primaryimage"},"thumbnailUrl":"https:\/\/kohenavocats.com\/wp-content\/uploads\/2024\/08\/marius-badstuber-wFHqJCuGB1g-unsplash.webp","datePublished":"2026-04-29T03:38:35+00:00","description":"Le tribunal judiciaire de Nanterre, p\u00f4le social, a rendu le 22 janvier 2026 un jugement sur la demande d\u2019un requ\u00e9rant souhaitant ajouter la mention...","breadcrumb":{"@id":"https:\/\/kohenavocats.com\/zh-hans\/tribunal-judiciaire-de-nanterre-le-22-janvier-2026-n24-02659\/#breadcrumb"},"inLanguage":"zh-Hans","potentialAction":[{"@type":"ReadAction","target":["https:\/\/kohenavocats.com\/zh-hans\/tribunal-judiciaire-de-nanterre-le-22-janvier-2026-n24-02659\/"]}]},{"@type":"ImageObject","inLanguage":"zh-Hans","@id":"https:\/\/kohenavocats.com\/zh-hans\/tribunal-judiciaire-de-nanterre-le-22-janvier-2026-n24-02659\/#primaryimage","url":"https:\/\/kohenavocats.com\/wp-content\/uploads\/2024\/08\/marius-badstuber-wFHqJCuGB1g-unsplash.webp","contentUrl":"https:\/\/kohenavocats.com\/wp-content\/uploads\/2024\/08\/marius-badstuber-wFHqJCuGB1g-unsplash.webp","width":5184,"height":3456},{"@type":"BreadcrumbList","@id":"https:\/\/kohenavocats.com\/zh-hans\/tribunal-judiciaire-de-nanterre-le-22-janvier-2026-n24-02659\/#breadcrumb","itemListElement":[{"@type":"ListItem","position":1,"name":"Home","item":"https:\/\/kohenavocats.com\/zh-hans\/"},{"@type":"ListItem","position":2,"name":"Tribunal judiciaire de Nanterre, le 22 janvier 2026, n\u00b024\/02659"}]},{"@type":"WebSite","@id":"https:\/\/kohenavocats.com\/zh-hans\/#website","url":"https:\/\/kohenavocats.com\/zh-hans\/","name":"Kohen Avocats","description":"Ma\u00eetre Hassan Kohen, avocat p\u00e9naliste \u00e0 Paris, intervient exclusivement en droit p\u00e9nal pour la d\u00e9fense des particuliers, notamment en mati\u00e8re d\u2019accusations de viol. Il assure un accompagnement rigoureux d\u00e8s la garde \u00e0 vue jusqu\u2019\u00e0 la Cour d\u2019assises, veillant au strict respect des garanties proc\u00e9durales.","publisher":{"@id":"https:\/\/kohenavocats.com\/zh-hans\/#organization"},"potentialAction":[{"@type":"SearchAction","target":{"@type":"EntryPoint","urlTemplate":"https:\/\/kohenavocats.com\/zh-hans\/?s={search_term_string}"},"query-input":{"@type":"PropertyValueSpecification","valueRequired":true,"valueName":"search_term_string"}}],"inLanguage":"zh-Hans"},{"@type":"Organization","@id":"https:\/\/kohenavocats.com\/zh-hans\/#organization","name":"Kohen Avocats","url":"https:\/\/kohenavocats.com\/zh-hans\/","logo":{"@type":"ImageObject","inLanguage":"zh-Hans","@id":"https:\/\/kohenavocats.com\/zh-hans\/#\/schema\/logo\/image\/","url":"https:\/\/kohenavocats.com\/wp-content\/uploads\/2026\/01\/Logo-2-1.webp","contentUrl":"https:\/\/kohenavocats.com\/wp-content\/uploads\/2026\/01\/Logo-2-1.webp","width":2114,"height":1253,"caption":"Kohen Avocats"},"image":{"@id":"https:\/\/kohenavocats.com\/zh-hans\/#\/schema\/logo\/image\/"}},{"@type":"Person","@id":"https:\/\/kohenavocats.com\/zh-hans\/#\/schema\/person\/761c9ba54fa1ca84d405cef0831ff751","name":"Kohen","image":{"@type":"ImageObject","inLanguage":"zh-Hans","@id":"https:\/\/secure.gravatar.com\/avatar\/1c5e76ef76bbbfdd2b4da984e2bf2fa4056fd51a27d25ce2c332047f1dfd6e00?s=96&d=identicon&r=g","url":"https:\/\/secure.gravatar.com\/avatar\/1c5e76ef76bbbfdd2b4da984e2bf2fa4056fd51a27d25ce2c332047f1dfd6e00?s=96&d=identicon&r=g","contentUrl":"https:\/\/secure.gravatar.com\/avatar\/1c5e76ef76bbbfdd2b4da984e2bf2fa4056fd51a27d25ce2c332047f1dfd6e00?s=96&d=identicon&r=g","caption":"Kohen"},"sameAs":["https:\/\/www.linkedin.com\/in\/hassan-kohen-448548192\/","https:\/\/www.youtube.com\/@Kohen-Avocats"],"url":"https:\/\/kohenavocats.com\/zh-hans\/author\/kohenmlk\/"}]}},"jetpack_featured_media_url":"https:\/\/kohenavocats.com\/wp-content\/uploads\/2024\/08\/marius-badstuber-wFHqJCuGB1g-unsplash.webp","jetpack_likes_enabled":false,"jetpack_shortlink":"https:\/\/wp.me\/peCrII-37Uc","jetpack-related-posts":[{"id":495137,"url":"https:\/\/kohenavocats.com\/zh-hans\/tribunal-judiciaire-de-nanterre-le-3-decembre-2025-n19-02852\/","url_meta":{"origin":745376,"position":0},"title":"Tribunal judiciaire de Nanterre, le 3 d\u00e9cembre 2025, n\u00b019\/02852","author":"Kohen","date":"2026\u5e744\u67088\u65e5","format":false,"excerpt":"Le tribunal judiciaire de Nanterre, statuant en ma\u2026","rel":"","context":"\u5728\u201cD\u00e9cisions juridiques\u201d\u4e2d","block_context":{"text":"D\u00e9cisions juridiques","link":"https:\/\/kohenavocats.com\/category\/decisions-juridiques\/"},"img":{"alt_text":"","src":"https:\/\/i0.wp.com\/kohenavocats.com\/wp-content\/uploads\/2024\/11\/getty-images-KP0uq0vIgI4-unsplash.webp?resize=350%2C200&ssl=1","width":350,"height":200,"srcset":"https:\/\/i0.wp.com\/kohenavocats.com\/wp-content\/uploads\/2024\/11\/getty-images-KP0uq0vIgI4-unsplash.webp?resize=350%2C200&ssl=1 1x, https:\/\/i0.wp.com\/kohenavocats.com\/wp-content\/uploads\/2024\/11\/getty-images-KP0uq0vIgI4-unsplash.webp?resize=525%2C300&ssl=1 1.5x, https:\/\/i0.wp.com\/kohenavocats.com\/wp-content\/uploads\/2024\/11\/getty-images-KP0uq0vIgI4-unsplash.webp?resize=700%2C400&ssl=1 2x, https:\/\/i0.wp.com\/kohenavocats.com\/wp-content\/uploads\/2024\/11\/getty-images-KP0uq0vIgI4-unsplash.webp?resize=1050%2C600&ssl=1 3x, https:\/\/i0.wp.com\/kohenavocats.com\/wp-content\/uploads\/2024\/11\/getty-images-KP0uq0vIgI4-unsplash.webp?resize=1400%2C800&ssl=1 4x"},"classes":[]},{"id":491837,"url":"https:\/\/kohenavocats.com\/zh-hans\/tribunal-judiciaire-de-nanterre-le-17-novembre-2025-n24-01424\/","url_meta":{"origin":745376,"position":1},"title":"Tribunal judiciaire de Nanterre, le 17 novembre 2025, n\u00b024\/01424","author":"Kohen","date":"2026\u5e744\u67088\u65e5","format":false,"excerpt":"Le tribunal judiciaire de Paris, dans un jugement \u2026","rel":"","context":"\u5728\u201cD\u00e9cisions juridiques\u201d\u4e2d","block_context":{"text":"D\u00e9cisions juridiques","link":"https:\/\/kohenavocats.com\/category\/decisions-juridiques\/"},"img":{"alt_text":"","src":"https:\/\/i0.wp.com\/kohenavocats.com\/wp-content\/uploads\/2024\/07\/leonard-cotte-R5scocnOOdM-unsplash.webp?resize=350%2C200&ssl=1","width":350,"height":200,"srcset":"https:\/\/i0.wp.com\/kohenavocats.com\/wp-content\/uploads\/2024\/07\/leonard-cotte-R5scocnOOdM-unsplash.webp?resize=350%2C200&ssl=1 1x, https:\/\/i0.wp.com\/kohenavocats.com\/wp-content\/uploads\/2024\/07\/leonard-cotte-R5scocnOOdM-unsplash.webp?resize=525%2C300&ssl=1 1.5x, https:\/\/i0.wp.com\/kohenavocats.com\/wp-content\/uploads\/2024\/07\/leonard-cotte-R5scocnOOdM-unsplash.webp?resize=700%2C400&ssl=1 2x, https:\/\/i0.wp.com\/kohenavocats.com\/wp-content\/uploads\/2024\/07\/leonard-cotte-R5scocnOOdM-unsplash.webp?resize=1050%2C600&ssl=1 3x, https:\/\/i0.wp.com\/kohenavocats.com\/wp-content\/uploads\/2024\/07\/leonard-cotte-R5scocnOOdM-unsplash.webp?resize=1400%2C800&ssl=1 4x"},"classes":[]},{"id":494446,"url":"https:\/\/kohenavocats.com\/zh-hans\/tribunal-de-commerce-de-nanterre-le-27-octobre-2025-n2025r00819\/","url_meta":{"origin":745376,"position":2},"title":"Tribunal de commerce de Nanterre, le 27 octobre 2025, n\u00b02025R00819","author":"Kohen","date":"2026\u5e744\u67088\u65e5","format":false,"excerpt":"Le tribunal des activit\u00e9s \u00e9conomiques de Nanterre,\u2026","rel":"","context":"\u5728\u201cD\u00e9cisions juridiques\u201d\u4e2d","block_context":{"text":"D\u00e9cisions juridiques","link":"https:\/\/kohenavocats.com\/category\/decisions-juridiques\/"},"img":{"alt_text":"","src":"https:\/\/i0.wp.com\/kohenavocats.com\/wp-content\/uploads\/2024\/08\/tomas-williams-0i38SCsSxJc-unsplash.webp?resize=350%2C200&ssl=1","width":350,"height":200,"srcset":"https:\/\/i0.wp.com\/kohenavocats.com\/wp-content\/uploads\/2024\/08\/tomas-williams-0i38SCsSxJc-unsplash.webp?resize=350%2C200&ssl=1 1x, https:\/\/i0.wp.com\/kohenavocats.com\/wp-content\/uploads\/2024\/08\/tomas-williams-0i38SCsSxJc-unsplash.webp?resize=525%2C300&ssl=1 1.5x, https:\/\/i0.wp.com\/kohenavocats.com\/wp-content\/uploads\/2024\/08\/tomas-williams-0i38SCsSxJc-unsplash.webp?resize=700%2C400&ssl=1 2x, https:\/\/i0.wp.com\/kohenavocats.com\/wp-content\/uploads\/2024\/08\/tomas-williams-0i38SCsSxJc-unsplash.webp?resize=1050%2C600&ssl=1 3x, https:\/\/i0.wp.com\/kohenavocats.com\/wp-content\/uploads\/2024\/08\/tomas-williams-0i38SCsSxJc-unsplash.webp?resize=1400%2C800&ssl=1 4x"},"classes":[]},{"id":496394,"url":"https:\/\/kohenavocats.com\/zh-hans\/tribunal-judiciaire-de-nanterre-le-1-decembre-2025-n25-01553\/","url_meta":{"origin":745376,"position":3},"title":"Tribunal judiciaire de Nanterre, le 1 d\u00e9cembre 2025, n\u00b025\/01553","author":"Kohen","date":"2026\u5e744\u67088\u65e5","format":false,"excerpt":"Le tribunal judiciaire de Nanterre, statuant en r\u00e9\u2026","rel":"","context":"\u5728\u201cD\u00e9cisions juridiques\u201d\u4e2d","block_context":{"text":"D\u00e9cisions juridiques","link":"https:\/\/kohenavocats.com\/category\/decisions-juridiques\/"},"img":{"alt_text":"","src":"https:\/\/i0.wp.com\/kohenavocats.com\/wp-content\/uploads\/2024\/08\/xavier-s-7HJR2NQrBWw-unsplash.webp?resize=350%2C200&ssl=1","width":350,"height":200,"srcset":"https:\/\/i0.wp.com\/kohenavocats.com\/wp-content\/uploads\/2024\/08\/xavier-s-7HJR2NQrBWw-unsplash.webp?resize=350%2C200&ssl=1 1x, https:\/\/i0.wp.com\/kohenavocats.com\/wp-content\/uploads\/2024\/08\/xavier-s-7HJR2NQrBWw-unsplash.webp?resize=525%2C300&ssl=1 1.5x, https:\/\/i0.wp.com\/kohenavocats.com\/wp-content\/uploads\/2024\/08\/xavier-s-7HJR2NQrBWw-unsplash.webp?resize=700%2C400&ssl=1 2x, https:\/\/i0.wp.com\/kohenavocats.com\/wp-content\/uploads\/2024\/08\/xavier-s-7HJR2NQrBWw-unsplash.webp?resize=1050%2C600&ssl=1 3x, https:\/\/i0.wp.com\/kohenavocats.com\/wp-content\/uploads\/2024\/08\/xavier-s-7HJR2NQrBWw-unsplash.webp?resize=1400%2C800&ssl=1 4x"},"classes":[]},{"id":488943,"url":"https:\/\/kohenavocats.com\/zh-hans\/tribunal-judiciaire-de-nanterre-le-25-novembre-2025-n22-01844\/","url_meta":{"origin":745376,"position":4},"title":"Tribunal judiciaire de Nanterre, le 25 novembre 2025, n\u00b022\/01844","author":"Kohen","date":"2026\u5e744\u67088\u65e5","format":false,"excerpt":"Le tribunal judiciaire de Bourg-en-Bresse, statuan\u2026","rel":"","context":"\u5728\u201cD\u00e9cisions juridiques\u201d\u4e2d","block_context":{"text":"D\u00e9cisions juridiques","link":"https:\/\/kohenavocats.com\/category\/decisions-juridiques\/"},"img":{"alt_text":"","src":"https:\/\/i0.wp.com\/kohenavocats.com\/wp-content\/uploads\/2024\/11\/zyanya-citlalli-gy0ATtkEcZs-unsplash.webp?resize=350%2C200&ssl=1","width":350,"height":200,"srcset":"https:\/\/i0.wp.com\/kohenavocats.com\/wp-content\/uploads\/2024\/11\/zyanya-citlalli-gy0ATtkEcZs-unsplash.webp?resize=350%2C200&ssl=1 1x, https:\/\/i0.wp.com\/kohenavocats.com\/wp-content\/uploads\/2024\/11\/zyanya-citlalli-gy0ATtkEcZs-unsplash.webp?resize=525%2C300&ssl=1 1.5x, https:\/\/i0.wp.com\/kohenavocats.com\/wp-content\/uploads\/2024\/11\/zyanya-citlalli-gy0ATtkEcZs-unsplash.webp?resize=700%2C400&ssl=1 2x, https:\/\/i0.wp.com\/kohenavocats.com\/wp-content\/uploads\/2024\/11\/zyanya-citlalli-gy0ATtkEcZs-unsplash.webp?resize=1050%2C600&ssl=1 3x, https:\/\/i0.wp.com\/kohenavocats.com\/wp-content\/uploads\/2024\/11\/zyanya-citlalli-gy0ATtkEcZs-unsplash.webp?resize=1400%2C800&ssl=1 4x"},"classes":[]},{"id":496689,"url":"https:\/\/kohenavocats.com\/zh-hans\/tribunal-judiciaire-de-nanterre-le-1-decembre-2025-n24-01702\/","url_meta":{"origin":745376,"position":5},"title":"Tribunal judiciaire de Nanterre, le 1 d\u00e9cembre 2025, n\u00b024\/01702","author":"Kohen","date":"2026\u5e744\u67088\u65e5","format":false,"excerpt":"Le tribunal judiciaire, statuant le 14 novembre 20\u2026","rel":"","context":"\u5728\u201cD\u00e9cisions juridiques\u201d\u4e2d","block_context":{"text":"D\u00e9cisions juridiques","link":"https:\/\/kohenavocats.com\/category\/decisions-juridiques\/"},"img":{"alt_text":"","src":"https:\/\/i0.wp.com\/kohenavocats.com\/wp-content\/uploads\/2024\/11\/jessi-pena-N3mFhJ6cZPI-unsplash.webp?resize=350%2C200&ssl=1","width":350,"height":200,"srcset":"https:\/\/i0.wp.com\/kohenavocats.com\/wp-content\/uploads\/2024\/11\/jessi-pena-N3mFhJ6cZPI-unsplash.webp?resize=350%2C200&ssl=1 1x, https:\/\/i0.wp.com\/kohenavocats.com\/wp-content\/uploads\/2024\/11\/jessi-pena-N3mFhJ6cZPI-unsplash.webp?resize=525%2C300&ssl=1 1.5x, https:\/\/i0.wp.com\/kohenavocats.com\/wp-content\/uploads\/2024\/11\/jessi-pena-N3mFhJ6cZPI-unsplash.webp?resize=700%2C400&ssl=1 2x, https:\/\/i0.wp.com\/kohenavocats.com\/wp-content\/uploads\/2024\/11\/jessi-pena-N3mFhJ6cZPI-unsplash.webp?resize=1050%2C600&ssl=1 3x, https:\/\/i0.wp.com\/kohenavocats.com\/wp-content\/uploads\/2024\/11\/jessi-pena-N3mFhJ6cZPI-unsplash.webp?resize=1400%2C800&ssl=1 4x"},"classes":[]}],"jetpack_sharing_enabled":true,"_links":{"self":[{"href":"https:\/\/kohenavocats.com\/zh-hans\/wp-json\/wp\/v2\/posts\/745376","targetHints":{"allow":["GET"]}}],"collection":[{"href":"https:\/\/kohenavocats.com\/zh-hans\/wp-json\/wp\/v2\/posts"}],"about":[{"href":"https:\/\/kohenavocats.com\/zh-hans\/wp-json\/wp\/v2\/types\/post"}],"author":[{"embeddable":true,"href":"https:\/\/kohenavocats.com\/zh-hans\/wp-json\/wp\/v2\/users\/232070755"}],"replies":[{"embeddable":true,"href":"https:\/\/kohenavocats.com\/zh-hans\/wp-json\/wp\/v2\/comments?post=745376"}],"version-history":[{"count":0,"href":"https:\/\/kohenavocats.com\/zh-hans\/wp-json\/wp\/v2\/posts\/745376\/revisions"}],"wp:featuredmedia":[{"embeddable":true,"href":"https:\/\/kohenavocats.com\/zh-hans\/wp-json\/wp\/v2\/media\/4882"}],"wp:attachment":[{"href":"https:\/\/kohenavocats.com\/zh-hans\/wp-json\/wp\/v2\/media?parent=745376"}],"wp:term":[{"taxonomy":"category","embeddable":true,"href":"https:\/\/kohenavocats.com\/zh-hans\/wp-json\/wp\/v2\/categories?post=745376"},{"taxonomy":"post_tag","embeddable":true,"href":"https:\/\/kohenavocats.com\/zh-hans\/wp-json\/wp\/v2\/tags?post=745376"}],"curies":[{"name":"wp","href":"https:\/\/api.w.org\/{rel}","templated":true}]}}