{"id":747767,"date":"2026-04-29T08:20:51","date_gmt":"2026-04-29T06:20:51","guid":{"rendered":"https:\/\/kohenavocats.com\/tribunal-judiciaire-de-alencon-le-21-janvier-2026-n25-00952\/"},"modified":"2026-04-29T08:20:51","modified_gmt":"2026-04-29T06:20:51","slug":"tribunal-judiciaire-de-alencon-le-21-janvier-2026-n25-00952","status":"publish","type":"post","link":"https:\/\/kohenavocats.com\/zh-hans\/tribunal-judiciaire-de-alencon-le-21-janvier-2026-n25-00952\/","title":{"rendered":"Tribunal judiciaire de Alen\u00e7on, le 21 janvier 2026, n\u00b025\/00952"},"content":{"rendered":"<div class=\"article-content\">\n<p>Le tribunal judiciaire d&#8217;Alen\u00e7on a rendu un jugement le 21 janvier 2026 relatif \u00e0 une action en garantie des vices cach\u00e9s. Une acheteuse a acquis un v\u00e9hicule d&#8217;occasion qui s&#8217;est r\u00e9v\u00e9l\u00e9 inutilisable peu apr\u00e8s la vente en raison d&#8217;un joint de culasse d\u00e9fectueux. Apr\u00e8s une expertise judiciaire, elle a assign\u00e9 le vendeur pour obtenir la r\u00e9solution de la vente et des dommages et int\u00e9r\u00eats. La question de droit portait sur la caract\u00e9risation d&#8217;un vice cach\u00e9 et l&#8217;\u00e9tendue de la garantie due par un vendeur professionnel. Le tribunal a fait droit \u00e0 la demande en pronon\u00e7ant la r\u00e9solution de la vente et en allouant diverses indemnit\u00e9s.<\/p>\n<p>I. La caract\u00e9risation du vice cach\u00e9 et la r\u00e9solution de la vente<\/p>\n<p>A. L&#8217;existence d&#8217;un vice ant\u00e9rieur et occulte<\/p>\n<p>Le tribunal retient que le v\u00e9hicule \u00e9tait affect\u00e9 d&#8217;un vice ant\u00e9rieur \u00e0 la vente, comme le d\u00e9montre le rapport d&#8217;expertise. L&#8217;expert a constat\u00e9 que &#8220;clairement cette anomalie importante \u00e9tait n\u00e9cessairement pr\u00e9sente lors de la cession&#8221; (Motifs). Ce d\u00e9faut, consistant en un joint de culasse d\u00e9fectueux, n&#8217;\u00e9tait pas d\u00e9celable par un acqu\u00e9reur profane, ce qui lui conf\u00e8re un caract\u00e8re occulte. Le juge \u00e9carte l&#8217;argument du kilom\u00e9trage parcouru apr\u00e8s la vente, soulignant que le moteur fonctionnait malgr\u00e9 le risque de dommages irr\u00e9versibles.<\/p>\n<p>B. La gravit\u00e9 du d\u00e9faut justifiant la r\u00e9solution<\/p>\n<p>Le d\u00e9faut rend le v\u00e9hicule impropre \u00e0 son usage, car son utilisation pr\u00e9sente un risque de casse moteur imm\u00e9diat. Le co\u00fbt de r\u00e9fection, estim\u00e9 \u00e0 2 158,97 euros, d\u00e9passe le prix d&#8217;achat de 2 000 euros, ce qui d\u00e9montre la gravit\u00e9 du vice. Le tribunal prononce donc la r\u00e9solution de la vente sur le fondement de l&#8217;article 1641 du code civil. Cette solution est classique pour un vice rendant la chose inutilisable et dont la r\u00e9paration est \u00e9conomiquement disproportionn\u00e9e.<\/p>\n<p>II. L&#8217;\u00e9tendue de la garantie du vendeur professionnel et les r\u00e9parations allou\u00e9es<\/p>\n<p>A. La pr\u00e9somption de connaissance du vice par le vendeur<\/p>\n<p>Le vendeur est un professionnel de l&#8217;automobile, ce qu&#8217;il ne conteste pas, et est donc pr\u00e9sum\u00e9 conna\u00eetre les vices de la chose vendue. Le tribunal rel\u00e8ve des circonstances aggravantes, comme la vente sous le nom d&#8217;un tiers et le nettoyage r\u00e9cent du bouchon de radiateur, qui &#8220;confortent la mauvaise foi du vendeur&#8221; (Motifs). En application de l&#8217;article 1645 du code civil, le vendeur de mauvaise foi est tenu de r\u00e9parer l&#8217;int\u00e9gralit\u00e9 des pr\u00e9judices subis par l&#8217;acheteur.<\/p>\n<p>B. La r\u00e9paration des pr\u00e9judices de jouissance et d&#8217;assurance<\/p>\n<p>Le tribunal indemnise le pr\u00e9judice de jouissance, mais le limite \u00e0 la p\u00e9riode post\u00e9rieure \u00e0 l&#8217;expertise, l&#8217;acheteur ayant utilis\u00e9 le v\u00e9hicule avant d&#8217;\u00eatre inform\u00e9 du risque. Il lui alloue 1 000 euros. Concernant les frais d&#8217;assurance, seules les cotisations post\u00e9rieures \u00e0 l&#8217;expertise sont rembours\u00e9es, pour un montant de 897 euros. Cette solution, qui distingue les p\u00e9riodes d&#8217;utilisation et d&#8217;immobilisation, est une appr\u00e9ciation souveraine du pr\u00e9judice effectivement subi. La port\u00e9e de l&#8217;arr\u00eat est de rappeler les obligations renforc\u00e9es du vendeur professionnel, dont la mauvaise foi peut \u00eatre d\u00e9duite d&#8217;indices mat\u00e9riels.<\/p>\n<\/div>\n","protected":false},"excerpt":{"rendered":"<p>Le tribunal judiciaire d&#8217;Alen\u00e7on a rendu un jugement le 21 janvier 2026 relatif \u00e0 une action en garantie des vices cach\u00e9s. Une acheteuse a acquis un v\u00e9hicule&#8230;<\/p>\n","protected":false},"author":232070755,"featured_media":9487,"comment_status":"open","ping_status":"open","sticky":false,"template":"","format":"standard","meta":{"_crdt_document":"","_jetpack_newsletter_access":"","_jetpack_dont_email_post_to_subs":false,"_jetpack_newsletter_tier_id":0,"_jetpack_memberships_contains_paywalled_content":false,"_kj_source_type":"judilibre","_kj_official_id":"697c0cb9cdc6046d472fec4a","_kj_official_url":"https:\/\/www.courdecassation.fr\/decision\/697c0cb9cdc6046d472fec4a","_kj_judilibre_id":"697c0cb9cdc6046d472fec4a","_kj_jur":"Tribunal judiciaire","_kj_lieu":"Tribunal judiciaire d'Alen\u00e7on","_kj_chambre":"Contentieux - de 10000","_kj_rg":"25\/00952","_kj_date":"2026-01-21","_jetpack_memberships_contains_paid_content":false,"footnotes":"","jetpack_post_was_ever_published":false},"categories":[7597],"tags":[],"class_list":["post-747767","post","type-post","status-publish","format-standard","has-post-thumbnail","hentry","category-jurisprudence"],"yoast_head":"<!-- This site is optimized with the Yoast SEO Premium plugin v27.5 (Yoast SEO v27.5) - https:\/\/yoast.com\/product\/yoast-seo-premium-wordpress\/ -->\n<title>Tribunal judiciaire de Alen\u00e7on, le 21 janvier 2026, n\u00b025\/00952 - Ma\u00eetre Hassan Kohen, avocat en droit p\u00e9nal \u00e0 Paris<\/title>\n<meta name=\"description\" content=\"Le tribunal judiciaire d&#039;Alen\u00e7on a rendu un jugement le 21 janvier 2026 relatif \u00e0 une action en garantie des vices cach\u00e9s. Une acheteuse a acquis un v\u00e9hicule...\" \/>\n<meta name=\"robots\" content=\"index, follow, max-snippet:-1, max-image-preview:large, max-video-preview:-1\" \/>\n<link rel=\"canonical\" href=\"https:\/\/kohenavocats.com\/zh-hans\/tribunal-judiciaire-de-alencon-le-21-janvier-2026-n25-00952\/\" \/>\n<meta property=\"og:locale\" content=\"zh_CN\" \/>\n<meta property=\"og:type\" content=\"article\" \/>\n<meta property=\"og:title\" content=\"Tribunal judiciaire de Alen\u00e7on, le 21 janvier 2026, n\u00b025\/00952\" \/>\n<meta property=\"og:description\" content=\"Le tribunal judiciaire d&#039;Alen\u00e7on a rendu un jugement le 21 janvier 2026 relatif \u00e0 une action en garantie des vices cach\u00e9s. Une acheteuse a acquis un v\u00e9hicule...\" \/>\n<meta property=\"og:url\" content=\"https:\/\/kohenavocats.com\/zh-hans\/tribunal-judiciaire-de-alencon-le-21-janvier-2026-n25-00952\/\" \/>\n<meta property=\"og:site_name\" content=\"Ma\u00eetre Hassan Kohen, avocat en droit p\u00e9nal \u00e0 Paris\" \/>\n<meta property=\"article:published_time\" content=\"2026-04-29T06:20:51+00:00\" \/>\n<meta property=\"og:image\" content=\"https:\/\/kohenavocats.com\/wp-content\/uploads\/2024\/11\/laura-adai-7Jdaf6S9UJY-unsplash.webp\" \/>\n\t<meta property=\"og:image:width\" content=\"7086\" \/>\n\t<meta property=\"og:image:height\" content=\"4724\" \/>\n\t<meta property=\"og:image:type\" content=\"image\/webp\" \/>\n<meta name=\"author\" content=\"Kohen\" \/>\n<meta name=\"twitter:card\" content=\"summary_large_image\" \/>\n<meta name=\"twitter:label1\" content=\"\u4f5c\u8005\" \/>\n\t<meta name=\"twitter:data1\" content=\"Kohen\" \/>\n\t<meta name=\"twitter:label2\" content=\"\u9884\u8ba1\u9605\u8bfb\u65f6\u95f4\" \/>\n\t<meta name=\"twitter:data2\" content=\"3 \u5206\" \/>\n<script type=\"application\/ld+json\" class=\"yoast-schema-graph\">{\"@context\":\"https:\\\/\\\/schema.org\",\"@graph\":[{\"@type\":\"Article\",\"@id\":\"https:\\\/\\\/kohenavocats.com\\\/zh-hans\\\/tribunal-judiciaire-de-alencon-le-21-janvier-2026-n25-00952\\\/#article\",\"isPartOf\":{\"@id\":\"https:\\\/\\\/kohenavocats.com\\\/zh-hans\\\/tribunal-judiciaire-de-alencon-le-21-janvier-2026-n25-00952\\\/\"},\"author\":{\"name\":\"Kohen\",\"@id\":\"https:\\\/\\\/kohenavocats.com\\\/zh-hans\\\/#\\\/schema\\\/person\\\/761c9ba54fa1ca84d405cef0831ff751\"},\"headline\":\"Tribunal judiciaire de Alen\u00e7on, le 21 janvier 2026, n\u00b025\\\/00952\",\"datePublished\":\"2026-04-29T06:20:51+00:00\",\"mainEntityOfPage\":{\"@id\":\"https:\\\/\\\/kohenavocats.com\\\/zh-hans\\\/tribunal-judiciaire-de-alencon-le-21-janvier-2026-n25-00952\\\/\"},\"wordCount\":579,\"commentCount\":0,\"publisher\":{\"@id\":\"https:\\\/\\\/kohenavocats.com\\\/zh-hans\\\/#organization\"},\"image\":{\"@id\":\"https:\\\/\\\/kohenavocats.com\\\/zh-hans\\\/tribunal-judiciaire-de-alencon-le-21-janvier-2026-n25-00952\\\/#primaryimage\"},\"thumbnailUrl\":\"https:\\\/\\\/kohenavocats.com\\\/wp-content\\\/uploads\\\/2024\\\/11\\\/laura-adai-7Jdaf6S9UJY-unsplash.webp\",\"articleSection\":[\"Jurisprudence\"],\"inLanguage\":\"zh-Hans\",\"potentialAction\":[{\"@type\":\"CommentAction\",\"name\":\"Comment\",\"target\":[\"https:\\\/\\\/kohenavocats.com\\\/zh-hans\\\/tribunal-judiciaire-de-alencon-le-21-janvier-2026-n25-00952\\\/#respond\"]}],\"citation\":\"Tribunal judiciaire de Alen\u00e7on, le 21 janvier 2026, n\u00b025\\\/00952\",\"about\":[{\"@type\":\"Thing\",\"name\":\"Jurisprudence\"}],\"dateModified\":\"2026-04-29T06:20:51+00:00\",\"speakable\":{\"@type\":\"SpeakableSpecification\",\"cssSelector\":[\".article-content > p:first-of-type\"]}},{\"@type\":\"WebPage\",\"@id\":\"https:\\\/\\\/kohenavocats.com\\\/zh-hans\\\/tribunal-judiciaire-de-alencon-le-21-janvier-2026-n25-00952\\\/\",\"url\":\"https:\\\/\\\/kohenavocats.com\\\/zh-hans\\\/tribunal-judiciaire-de-alencon-le-21-janvier-2026-n25-00952\\\/\",\"name\":\"Tribunal judiciaire de Alen\u00e7on, le 21 janvier 2026, n\u00b025\\\/00952 - Ma\u00eetre Hassan Kohen, avocat en droit p\u00e9nal \u00e0 Paris\",\"isPartOf\":{\"@id\":\"https:\\\/\\\/kohenavocats.com\\\/zh-hans\\\/#website\"},\"primaryImageOfPage\":{\"@id\":\"https:\\\/\\\/kohenavocats.com\\\/zh-hans\\\/tribunal-judiciaire-de-alencon-le-21-janvier-2026-n25-00952\\\/#primaryimage\"},\"image\":{\"@id\":\"https:\\\/\\\/kohenavocats.com\\\/zh-hans\\\/tribunal-judiciaire-de-alencon-le-21-janvier-2026-n25-00952\\\/#primaryimage\"},\"thumbnailUrl\":\"https:\\\/\\\/kohenavocats.com\\\/wp-content\\\/uploads\\\/2024\\\/11\\\/laura-adai-7Jdaf6S9UJY-unsplash.webp\",\"datePublished\":\"2026-04-29T06:20:51+00:00\",\"description\":\"Le tribunal judiciaire d'Alen\u00e7on a rendu un jugement le 21 janvier 2026 relatif \u00e0 une action en garantie des vices cach\u00e9s. Une acheteuse a acquis un v\u00e9hicule...\",\"breadcrumb\":{\"@id\":\"https:\\\/\\\/kohenavocats.com\\\/zh-hans\\\/tribunal-judiciaire-de-alencon-le-21-janvier-2026-n25-00952\\\/#breadcrumb\"},\"inLanguage\":\"zh-Hans\",\"potentialAction\":[{\"@type\":\"ReadAction\",\"target\":[\"https:\\\/\\\/kohenavocats.com\\\/zh-hans\\\/tribunal-judiciaire-de-alencon-le-21-janvier-2026-n25-00952\\\/\"]}]},{\"@type\":\"ImageObject\",\"inLanguage\":\"zh-Hans\",\"@id\":\"https:\\\/\\\/kohenavocats.com\\\/zh-hans\\\/tribunal-judiciaire-de-alencon-le-21-janvier-2026-n25-00952\\\/#primaryimage\",\"url\":\"https:\\\/\\\/kohenavocats.com\\\/wp-content\\\/uploads\\\/2024\\\/11\\\/laura-adai-7Jdaf6S9UJY-unsplash.webp\",\"contentUrl\":\"https:\\\/\\\/kohenavocats.com\\\/wp-content\\\/uploads\\\/2024\\\/11\\\/laura-adai-7Jdaf6S9UJY-unsplash.webp\",\"width\":7086,\"height\":4724},{\"@type\":\"BreadcrumbList\",\"@id\":\"https:\\\/\\\/kohenavocats.com\\\/zh-hans\\\/tribunal-judiciaire-de-alencon-le-21-janvier-2026-n25-00952\\\/#breadcrumb\",\"itemListElement\":[{\"@type\":\"ListItem\",\"position\":1,\"name\":\"Home\",\"item\":\"https:\\\/\\\/kohenavocats.com\\\/zh-hans\\\/\"},{\"@type\":\"ListItem\",\"position\":2,\"name\":\"Tribunal judiciaire de Alen\u00e7on, le 21 janvier 2026, n\u00b025\\\/00952\"}]},{\"@type\":\"WebSite\",\"@id\":\"https:\\\/\\\/kohenavocats.com\\\/zh-hans\\\/#website\",\"url\":\"https:\\\/\\\/kohenavocats.com\\\/zh-hans\\\/\",\"name\":\"Kohen Avocats\",\"description\":\"Ma\u00eetre Hassan Kohen, avocat p\u00e9naliste \u00e0 Paris, intervient exclusivement en droit p\u00e9nal pour la d\u00e9fense des particuliers, notamment en mati\u00e8re d\u2019accusations de viol. Il assure un accompagnement rigoureux d\u00e8s la garde \u00e0 vue jusqu\u2019\u00e0 la Cour d\u2019assises, veillant au strict respect des garanties proc\u00e9durales.\",\"publisher\":{\"@id\":\"https:\\\/\\\/kohenavocats.com\\\/zh-hans\\\/#organization\"},\"potentialAction\":[{\"@type\":\"SearchAction\",\"target\":{\"@type\":\"EntryPoint\",\"urlTemplate\":\"https:\\\/\\\/kohenavocats.com\\\/zh-hans\\\/?s={search_term_string}\"},\"query-input\":{\"@type\":\"PropertyValueSpecification\",\"valueRequired\":true,\"valueName\":\"search_term_string\"}}],\"inLanguage\":\"zh-Hans\"},{\"@type\":\"Organization\",\"@id\":\"https:\\\/\\\/kohenavocats.com\\\/zh-hans\\\/#organization\",\"name\":\"Kohen Avocats\",\"url\":\"https:\\\/\\\/kohenavocats.com\\\/zh-hans\\\/\",\"logo\":{\"@type\":\"ImageObject\",\"inLanguage\":\"zh-Hans\",\"@id\":\"https:\\\/\\\/kohenavocats.com\\\/zh-hans\\\/#\\\/schema\\\/logo\\\/image\\\/\",\"url\":\"https:\\\/\\\/kohenavocats.com\\\/wp-content\\\/uploads\\\/2026\\\/01\\\/Logo-2-1.webp\",\"contentUrl\":\"https:\\\/\\\/kohenavocats.com\\\/wp-content\\\/uploads\\\/2026\\\/01\\\/Logo-2-1.webp\",\"width\":2114,\"height\":1253,\"caption\":\"Kohen Avocats\"},\"image\":{\"@id\":\"https:\\\/\\\/kohenavocats.com\\\/zh-hans\\\/#\\\/schema\\\/logo\\\/image\\\/\"}},{\"@type\":\"Person\",\"@id\":\"https:\\\/\\\/kohenavocats.com\\\/zh-hans\\\/#\\\/schema\\\/person\\\/761c9ba54fa1ca84d405cef0831ff751\",\"name\":\"Kohen\",\"image\":{\"@type\":\"ImageObject\",\"inLanguage\":\"zh-Hans\",\"@id\":\"https:\\\/\\\/secure.gravatar.com\\\/avatar\\\/1c5e76ef76bbbfdd2b4da984e2bf2fa4056fd51a27d25ce2c332047f1dfd6e00?s=96&d=identicon&r=g\",\"url\":\"https:\\\/\\\/secure.gravatar.com\\\/avatar\\\/1c5e76ef76bbbfdd2b4da984e2bf2fa4056fd51a27d25ce2c332047f1dfd6e00?s=96&d=identicon&r=g\",\"contentUrl\":\"https:\\\/\\\/secure.gravatar.com\\\/avatar\\\/1c5e76ef76bbbfdd2b4da984e2bf2fa4056fd51a27d25ce2c332047f1dfd6e00?s=96&d=identicon&r=g\",\"caption\":\"Kohen\"},\"sameAs\":[\"https:\\\/\\\/www.linkedin.com\\\/in\\\/hassan-kohen-448548192\\\/\",\"https:\\\/\\\/www.youtube.com\\\/@Kohen-Avocats\"],\"url\":\"https:\\\/\\\/kohenavocats.com\\\/zh-hans\\\/author\\\/kohenmlk\\\/\"}]}<\/script>\n<!-- \/ Yoast SEO Premium plugin. -->","yoast_head_json":{"title":"Tribunal judiciaire de Alen\u00e7on, le 21 janvier 2026, n\u00b025\/00952 - Ma\u00eetre Hassan Kohen, avocat en droit p\u00e9nal \u00e0 Paris","description":"Le tribunal judiciaire d'Alen\u00e7on a rendu un jugement le 21 janvier 2026 relatif \u00e0 une action en garantie des vices cach\u00e9s. Une acheteuse a acquis un v\u00e9hicule...","robots":{"index":"index","follow":"follow","max-snippet":"max-snippet:-1","max-image-preview":"max-image-preview:large","max-video-preview":"max-video-preview:-1"},"canonical":"https:\/\/kohenavocats.com\/zh-hans\/tribunal-judiciaire-de-alencon-le-21-janvier-2026-n25-00952\/","og_locale":"zh_CN","og_type":"article","og_title":"Tribunal judiciaire de Alen\u00e7on, le 21 janvier 2026, n\u00b025\/00952","og_description":"Le tribunal judiciaire d'Alen\u00e7on a rendu un jugement le 21 janvier 2026 relatif \u00e0 une action en garantie des vices cach\u00e9s. Une acheteuse a acquis un v\u00e9hicule...","og_url":"https:\/\/kohenavocats.com\/zh-hans\/tribunal-judiciaire-de-alencon-le-21-janvier-2026-n25-00952\/","og_site_name":"Ma\u00eetre Hassan Kohen, avocat en droit p\u00e9nal \u00e0 Paris","article_published_time":"2026-04-29T06:20:51+00:00","og_image":[{"width":7086,"height":4724,"url":"https:\/\/kohenavocats.com\/wp-content\/uploads\/2024\/11\/laura-adai-7Jdaf6S9UJY-unsplash.webp","type":"image\/webp"}],"author":"Kohen","twitter_card":"summary_large_image","twitter_misc":{"\u4f5c\u8005":"Kohen","\u9884\u8ba1\u9605\u8bfb\u65f6\u95f4":"3 \u5206"},"schema":{"@context":"https:\/\/schema.org","@graph":[{"@type":"Article","@id":"https:\/\/kohenavocats.com\/zh-hans\/tribunal-judiciaire-de-alencon-le-21-janvier-2026-n25-00952\/#article","isPartOf":{"@id":"https:\/\/kohenavocats.com\/zh-hans\/tribunal-judiciaire-de-alencon-le-21-janvier-2026-n25-00952\/"},"author":{"name":"Kohen","@id":"https:\/\/kohenavocats.com\/zh-hans\/#\/schema\/person\/761c9ba54fa1ca84d405cef0831ff751"},"headline":"Tribunal judiciaire de Alen\u00e7on, le 21 janvier 2026, n\u00b025\/00952","datePublished":"2026-04-29T06:20:51+00:00","mainEntityOfPage":{"@id":"https:\/\/kohenavocats.com\/zh-hans\/tribunal-judiciaire-de-alencon-le-21-janvier-2026-n25-00952\/"},"wordCount":579,"commentCount":0,"publisher":{"@id":"https:\/\/kohenavocats.com\/zh-hans\/#organization"},"image":{"@id":"https:\/\/kohenavocats.com\/zh-hans\/tribunal-judiciaire-de-alencon-le-21-janvier-2026-n25-00952\/#primaryimage"},"thumbnailUrl":"https:\/\/kohenavocats.com\/wp-content\/uploads\/2024\/11\/laura-adai-7Jdaf6S9UJY-unsplash.webp","articleSection":["Jurisprudence"],"inLanguage":"zh-Hans","potentialAction":[{"@type":"CommentAction","name":"Comment","target":["https:\/\/kohenavocats.com\/zh-hans\/tribunal-judiciaire-de-alencon-le-21-janvier-2026-n25-00952\/#respond"]}],"citation":"Tribunal judiciaire de Alen\u00e7on, le 21 janvier 2026, n\u00b025\/00952","about":[{"@type":"Thing","name":"Jurisprudence"}],"dateModified":"2026-04-29T06:20:51+00:00","speakable":{"@type":"SpeakableSpecification","cssSelector":[".article-content > p:first-of-type"]}},{"@type":"WebPage","@id":"https:\/\/kohenavocats.com\/zh-hans\/tribunal-judiciaire-de-alencon-le-21-janvier-2026-n25-00952\/","url":"https:\/\/kohenavocats.com\/zh-hans\/tribunal-judiciaire-de-alencon-le-21-janvier-2026-n25-00952\/","name":"Tribunal judiciaire de Alen\u00e7on, le 21 janvier 2026, n\u00b025\/00952 - Ma\u00eetre Hassan Kohen, avocat en droit p\u00e9nal \u00e0 Paris","isPartOf":{"@id":"https:\/\/kohenavocats.com\/zh-hans\/#website"},"primaryImageOfPage":{"@id":"https:\/\/kohenavocats.com\/zh-hans\/tribunal-judiciaire-de-alencon-le-21-janvier-2026-n25-00952\/#primaryimage"},"image":{"@id":"https:\/\/kohenavocats.com\/zh-hans\/tribunal-judiciaire-de-alencon-le-21-janvier-2026-n25-00952\/#primaryimage"},"thumbnailUrl":"https:\/\/kohenavocats.com\/wp-content\/uploads\/2024\/11\/laura-adai-7Jdaf6S9UJY-unsplash.webp","datePublished":"2026-04-29T06:20:51+00:00","description":"Le tribunal judiciaire d'Alen\u00e7on a rendu un jugement le 21 janvier 2026 relatif \u00e0 une action en garantie des vices cach\u00e9s. Une acheteuse a acquis un v\u00e9hicule...","breadcrumb":{"@id":"https:\/\/kohenavocats.com\/zh-hans\/tribunal-judiciaire-de-alencon-le-21-janvier-2026-n25-00952\/#breadcrumb"},"inLanguage":"zh-Hans","potentialAction":[{"@type":"ReadAction","target":["https:\/\/kohenavocats.com\/zh-hans\/tribunal-judiciaire-de-alencon-le-21-janvier-2026-n25-00952\/"]}]},{"@type":"ImageObject","inLanguage":"zh-Hans","@id":"https:\/\/kohenavocats.com\/zh-hans\/tribunal-judiciaire-de-alencon-le-21-janvier-2026-n25-00952\/#primaryimage","url":"https:\/\/kohenavocats.com\/wp-content\/uploads\/2024\/11\/laura-adai-7Jdaf6S9UJY-unsplash.webp","contentUrl":"https:\/\/kohenavocats.com\/wp-content\/uploads\/2024\/11\/laura-adai-7Jdaf6S9UJY-unsplash.webp","width":7086,"height":4724},{"@type":"BreadcrumbList","@id":"https:\/\/kohenavocats.com\/zh-hans\/tribunal-judiciaire-de-alencon-le-21-janvier-2026-n25-00952\/#breadcrumb","itemListElement":[{"@type":"ListItem","position":1,"name":"Home","item":"https:\/\/kohenavocats.com\/zh-hans\/"},{"@type":"ListItem","position":2,"name":"Tribunal judiciaire de Alen\u00e7on, le 21 janvier 2026, n\u00b025\/00952"}]},{"@type":"WebSite","@id":"https:\/\/kohenavocats.com\/zh-hans\/#website","url":"https:\/\/kohenavocats.com\/zh-hans\/","name":"Kohen Avocats","description":"Ma\u00eetre Hassan Kohen, avocat p\u00e9naliste \u00e0 Paris, intervient exclusivement en droit p\u00e9nal pour la d\u00e9fense des particuliers, notamment en mati\u00e8re d\u2019accusations de viol. Il assure un accompagnement rigoureux d\u00e8s la garde \u00e0 vue jusqu\u2019\u00e0 la Cour d\u2019assises, veillant au strict respect des garanties proc\u00e9durales.","publisher":{"@id":"https:\/\/kohenavocats.com\/zh-hans\/#organization"},"potentialAction":[{"@type":"SearchAction","target":{"@type":"EntryPoint","urlTemplate":"https:\/\/kohenavocats.com\/zh-hans\/?s={search_term_string}"},"query-input":{"@type":"PropertyValueSpecification","valueRequired":true,"valueName":"search_term_string"}}],"inLanguage":"zh-Hans"},{"@type":"Organization","@id":"https:\/\/kohenavocats.com\/zh-hans\/#organization","name":"Kohen Avocats","url":"https:\/\/kohenavocats.com\/zh-hans\/","logo":{"@type":"ImageObject","inLanguage":"zh-Hans","@id":"https:\/\/kohenavocats.com\/zh-hans\/#\/schema\/logo\/image\/","url":"https:\/\/kohenavocats.com\/wp-content\/uploads\/2026\/01\/Logo-2-1.webp","contentUrl":"https:\/\/kohenavocats.com\/wp-content\/uploads\/2026\/01\/Logo-2-1.webp","width":2114,"height":1253,"caption":"Kohen Avocats"},"image":{"@id":"https:\/\/kohenavocats.com\/zh-hans\/#\/schema\/logo\/image\/"}},{"@type":"Person","@id":"https:\/\/kohenavocats.com\/zh-hans\/#\/schema\/person\/761c9ba54fa1ca84d405cef0831ff751","name":"Kohen","image":{"@type":"ImageObject","inLanguage":"zh-Hans","@id":"https:\/\/secure.gravatar.com\/avatar\/1c5e76ef76bbbfdd2b4da984e2bf2fa4056fd51a27d25ce2c332047f1dfd6e00?s=96&d=identicon&r=g","url":"https:\/\/secure.gravatar.com\/avatar\/1c5e76ef76bbbfdd2b4da984e2bf2fa4056fd51a27d25ce2c332047f1dfd6e00?s=96&d=identicon&r=g","contentUrl":"https:\/\/secure.gravatar.com\/avatar\/1c5e76ef76bbbfdd2b4da984e2bf2fa4056fd51a27d25ce2c332047f1dfd6e00?s=96&d=identicon&r=g","caption":"Kohen"},"sameAs":["https:\/\/www.linkedin.com\/in\/hassan-kohen-448548192\/","https:\/\/www.youtube.com\/@Kohen-Avocats"],"url":"https:\/\/kohenavocats.com\/zh-hans\/author\/kohenmlk\/"}]}},"jetpack_featured_media_url":"https:\/\/kohenavocats.com\/wp-content\/uploads\/2024\/11\/laura-adai-7Jdaf6S9UJY-unsplash.webp","jetpack_likes_enabled":false,"jetpack_shortlink":"https:\/\/wp.me\/peCrII-38wL","jetpack-related-posts":[{"id":752190,"url":"https:\/\/kohenavocats.com\/zh-hans\/tribunal-judiciaire-de-pontoise-le-19-janvier-2026-n25-01656\/","url_meta":{"origin":747767,"position":0},"title":"Tribunal judiciaire de Pontoise, le 19 janvier 2026, n\u00b025\/01656","author":"Kohen","date":"2026\u5e744\u670829\u65e5","format":false,"excerpt":"Le tribunal judiciaire de Pontoise, dans sa deuxi\u00e8\u2026","rel":"","context":"\u5728\u201cJurisprudence\u201d\u4e2d","block_context":{"text":"Jurisprudence","link":"https:\/\/kohenavocats.com\/category\/jurisprudence\/"},"img":{"alt_text":"","src":"https:\/\/i0.wp.com\/kohenavocats.com\/wp-content\/uploads\/2024\/11\/laura-adai-01cs-31crqQ-unsplash.webp?resize=350%2C200&ssl=1","width":350,"height":200,"srcset":"https:\/\/i0.wp.com\/kohenavocats.com\/wp-content\/uploads\/2024\/11\/laura-adai-01cs-31crqQ-unsplash.webp?resize=350%2C200&ssl=1 1x, https:\/\/i0.wp.com\/kohenavocats.com\/wp-content\/uploads\/2024\/11\/laura-adai-01cs-31crqQ-unsplash.webp?resize=525%2C300&ssl=1 1.5x, https:\/\/i0.wp.com\/kohenavocats.com\/wp-content\/uploads\/2024\/11\/laura-adai-01cs-31crqQ-unsplash.webp?resize=700%2C400&ssl=1 2x, https:\/\/i0.wp.com\/kohenavocats.com\/wp-content\/uploads\/2024\/11\/laura-adai-01cs-31crqQ-unsplash.webp?resize=1050%2C600&ssl=1 3x, https:\/\/i0.wp.com\/kohenavocats.com\/wp-content\/uploads\/2024\/11\/laura-adai-01cs-31crqQ-unsplash.webp?resize=1400%2C800&ssl=1 4x"},"classes":[]},{"id":727028,"url":"https:\/\/kohenavocats.com\/zh-hans\/tribunal-judiciaire-de-toulon-le-4-fevrier-2026-n25-01462\/","url_meta":{"origin":747767,"position":1},"title":"Tribunal judiciaire de Toulon, le 4 f\u00e9vrier 2026, n\u00b025\/01462","author":"Kohen","date":"2026\u5e744\u670828\u65e5","format":false,"excerpt":"Le tribunal judiciaire de Toulon, dans un jugement\u2026","rel":"","context":"\u5728\u201cD\u00e9cisions juridiques\u201d\u4e2d","block_context":{"text":"D\u00e9cisions juridiques","link":"https:\/\/kohenavocats.com\/category\/decisions-juridiques\/"},"img":{"alt_text":"","src":"https:\/\/i0.wp.com\/kohenavocats.com\/wp-content\/uploads\/2024\/11\/virginia-marinova-xqo5V5aU09g-unsplash.webp?resize=350%2C200&ssl=1","width":350,"height":200,"srcset":"https:\/\/i0.wp.com\/kohenavocats.com\/wp-content\/uploads\/2024\/11\/virginia-marinova-xqo5V5aU09g-unsplash.webp?resize=350%2C200&ssl=1 1x, https:\/\/i0.wp.com\/kohenavocats.com\/wp-content\/uploads\/2024\/11\/virginia-marinova-xqo5V5aU09g-unsplash.webp?resize=525%2C300&ssl=1 1.5x, https:\/\/i0.wp.com\/kohenavocats.com\/wp-content\/uploads\/2024\/11\/virginia-marinova-xqo5V5aU09g-unsplash.webp?resize=700%2C400&ssl=1 2x, https:\/\/i0.wp.com\/kohenavocats.com\/wp-content\/uploads\/2024\/11\/virginia-marinova-xqo5V5aU09g-unsplash.webp?resize=1050%2C600&ssl=1 3x, https:\/\/i0.wp.com\/kohenavocats.com\/wp-content\/uploads\/2024\/11\/virginia-marinova-xqo5V5aU09g-unsplash.webp?resize=1400%2C800&ssl=1 4x"},"classes":[]},{"id":726851,"url":"https:\/\/kohenavocats.com\/zh-hans\/tribunal-judiciaire-de-draguignan-le-4-fevrier-2026-n25-03793\/","url_meta":{"origin":747767,"position":2},"title":"Tribunal judiciaire de Draguignan, le 4 f\u00e9vrier 2026, n\u00b025\/03793","author":"Kohen","date":"2026\u5e744\u670828\u65e5","format":false,"excerpt":"Le tribunal judiciaire de Draguignan, dans un juge\u2026","rel":"","context":"\u5728\u201cJurisprudence\u201d\u4e2d","block_context":{"text":"Jurisprudence","link":"https:\/\/kohenavocats.com\/category\/jurisprudence\/"},"img":{"alt_text":"","src":"https:\/\/i0.wp.com\/kohenavocats.com\/wp-content\/uploads\/2024\/11\/viktor-forgacs-5j8nd3QpRbo-unsplash.webp?resize=350%2C200&ssl=1","width":350,"height":200,"srcset":"https:\/\/i0.wp.com\/kohenavocats.com\/wp-content\/uploads\/2024\/11\/viktor-forgacs-5j8nd3QpRbo-unsplash.webp?resize=350%2C200&ssl=1 1x, https:\/\/i0.wp.com\/kohenavocats.com\/wp-content\/uploads\/2024\/11\/viktor-forgacs-5j8nd3QpRbo-unsplash.webp?resize=525%2C300&ssl=1 1.5x, https:\/\/i0.wp.com\/kohenavocats.com\/wp-content\/uploads\/2024\/11\/viktor-forgacs-5j8nd3QpRbo-unsplash.webp?resize=700%2C400&ssl=1 2x, https:\/\/i0.wp.com\/kohenavocats.com\/wp-content\/uploads\/2024\/11\/viktor-forgacs-5j8nd3QpRbo-unsplash.webp?resize=1050%2C600&ssl=1 3x, https:\/\/i0.wp.com\/kohenavocats.com\/wp-content\/uploads\/2024\/11\/viktor-forgacs-5j8nd3QpRbo-unsplash.webp?resize=1400%2C800&ssl=1 4x"},"classes":[]},{"id":727009,"url":"https:\/\/kohenavocats.com\/zh-hans\/tribunal-judiciaire-de-saint-etienne-le-4-fevrier-2026-n25-00849\/","url_meta":{"origin":747767,"position":3},"title":"Tribunal judiciaire de Saint-\u00c9tienne, le 4 f\u00e9vrier 2026, n\u00b025\/00849","author":"Kohen","date":"2026\u5e744\u670828\u65e5","format":false,"excerpt":"Le tribunal judiciaire de Saint-\u00c9tienne, dans un j\u2026","rel":"","context":"\u5728\u201cJurisprudence\u201d\u4e2d","block_context":{"text":"Jurisprudence","link":"https:\/\/kohenavocats.com\/category\/jurisprudence\/"},"img":{"alt_text":"","src":"https:\/\/i0.wp.com\/kohenavocats.com\/wp-content\/uploads\/2024\/11\/getty-images-RvXjV3spXFA-unsplash.webp?resize=350%2C200&ssl=1","width":350,"height":200,"srcset":"https:\/\/i0.wp.com\/kohenavocats.com\/wp-content\/uploads\/2024\/11\/getty-images-RvXjV3spXFA-unsplash.webp?resize=350%2C200&ssl=1 1x, https:\/\/i0.wp.com\/kohenavocats.com\/wp-content\/uploads\/2024\/11\/getty-images-RvXjV3spXFA-unsplash.webp?resize=525%2C300&ssl=1 1.5x, https:\/\/i0.wp.com\/kohenavocats.com\/wp-content\/uploads\/2024\/11\/getty-images-RvXjV3spXFA-unsplash.webp?resize=700%2C400&ssl=1 2x, https:\/\/i0.wp.com\/kohenavocats.com\/wp-content\/uploads\/2024\/11\/getty-images-RvXjV3spXFA-unsplash.webp?resize=1050%2C600&ssl=1 3x, https:\/\/i0.wp.com\/kohenavocats.com\/wp-content\/uploads\/2024\/11\/getty-images-RvXjV3spXFA-unsplash.webp?resize=1400%2C800&ssl=1 4x"},"classes":[]},{"id":794212,"url":"https:\/\/kohenavocats.com\/zh-hans\/tribunal-judiciaire-de-bar-le-duc-le-11-decembre-2025-n25-00309-2\/","url_meta":{"origin":747767,"position":4},"title":"Tribunal judiciaire de Bar-le-Duc, le 11 d\u00e9cembre 2025, n\u00b025\/00309","author":"Kohen","date":"2026\u5e745\u67081\u65e5","format":false,"excerpt":"Le tribunal judiciaire de Bar-le-Duc, dans un juge\u2026","rel":"","context":"\u5728\u201cJurisprudence\u201d\u4e2d","block_context":{"text":"Jurisprudence","link":"https:\/\/kohenavocats.com\/category\/jurisprudence\/"},"img":{"alt_text":"","src":"https:\/\/i0.wp.com\/kohenavocats.com\/wp-content\/uploads\/2024\/11\/getty-images-lG4kfeF1q-I-unsplash.webp?resize=350%2C200&ssl=1","width":350,"height":200,"srcset":"https:\/\/i0.wp.com\/kohenavocats.com\/wp-content\/uploads\/2024\/11\/getty-images-lG4kfeF1q-I-unsplash.webp?resize=350%2C200&ssl=1 1x, https:\/\/i0.wp.com\/kohenavocats.com\/wp-content\/uploads\/2024\/11\/getty-images-lG4kfeF1q-I-unsplash.webp?resize=525%2C300&ssl=1 1.5x, https:\/\/i0.wp.com\/kohenavocats.com\/wp-content\/uploads\/2024\/11\/getty-images-lG4kfeF1q-I-unsplash.webp?resize=700%2C400&ssl=1 2x, https:\/\/i0.wp.com\/kohenavocats.com\/wp-content\/uploads\/2024\/11\/getty-images-lG4kfeF1q-I-unsplash.webp?resize=1050%2C600&ssl=1 3x, https:\/\/i0.wp.com\/kohenavocats.com\/wp-content\/uploads\/2024\/11\/getty-images-lG4kfeF1q-I-unsplash.webp?resize=1400%2C800&ssl=1 4x"},"classes":[]},{"id":725710,"url":"https:\/\/kohenavocats.com\/zh-hans\/cour-dappel-de-bordeaux-le-5-fevrier-2026-n22-04398\/","url_meta":{"origin":747767,"position":5},"title":"Cour d&#8217;appel de Bordeaux, le 5 f\u00e9vrier 2026, n\u00b022\/04398","author":"Kohen","date":"2026\u5e744\u670828\u65e5","format":false,"excerpt":"L'arr\u00eat rendu par la cour d'appel de Bordeaux le 5\u2026","rel":"","context":"\u5728\u201cJurisprudence\u201d\u4e2d","block_context":{"text":"Jurisprudence","link":"https:\/\/kohenavocats.com\/category\/jurisprudence\/"},"img":{"alt_text":"","src":"https:\/\/i0.wp.com\/kohenavocats.com\/wp-content\/uploads\/2024\/11\/getty-images-jnPjTCDHfYA-unsplash.webp?resize=350%2C200&ssl=1","width":350,"height":200,"srcset":"https:\/\/i0.wp.com\/kohenavocats.com\/wp-content\/uploads\/2024\/11\/getty-images-jnPjTCDHfYA-unsplash.webp?resize=350%2C200&ssl=1 1x, https:\/\/i0.wp.com\/kohenavocats.com\/wp-content\/uploads\/2024\/11\/getty-images-jnPjTCDHfYA-unsplash.webp?resize=525%2C300&ssl=1 1.5x, https:\/\/i0.wp.com\/kohenavocats.com\/wp-content\/uploads\/2024\/11\/getty-images-jnPjTCDHfYA-unsplash.webp?resize=700%2C400&ssl=1 2x, https:\/\/i0.wp.com\/kohenavocats.com\/wp-content\/uploads\/2024\/11\/getty-images-jnPjTCDHfYA-unsplash.webp?resize=1050%2C600&ssl=1 3x, https:\/\/i0.wp.com\/kohenavocats.com\/wp-content\/uploads\/2024\/11\/getty-images-jnPjTCDHfYA-unsplash.webp?resize=1400%2C800&ssl=1 4x"},"classes":[]}],"jetpack_sharing_enabled":true,"_links":{"self":[{"href":"https:\/\/kohenavocats.com\/zh-hans\/wp-json\/wp\/v2\/posts\/747767","targetHints":{"allow":["GET"]}}],"collection":[{"href":"https:\/\/kohenavocats.com\/zh-hans\/wp-json\/wp\/v2\/posts"}],"about":[{"href":"https:\/\/kohenavocats.com\/zh-hans\/wp-json\/wp\/v2\/types\/post"}],"author":[{"embeddable":true,"href":"https:\/\/kohenavocats.com\/zh-hans\/wp-json\/wp\/v2\/users\/232070755"}],"replies":[{"embeddable":true,"href":"https:\/\/kohenavocats.com\/zh-hans\/wp-json\/wp\/v2\/comments?post=747767"}],"version-history":[{"count":0,"href":"https:\/\/kohenavocats.com\/zh-hans\/wp-json\/wp\/v2\/posts\/747767\/revisions"}],"wp:featuredmedia":[{"embeddable":true,"href":"https:\/\/kohenavocats.com\/zh-hans\/wp-json\/wp\/v2\/media\/9487"}],"wp:attachment":[{"href":"https:\/\/kohenavocats.com\/zh-hans\/wp-json\/wp\/v2\/media?parent=747767"}],"wp:term":[{"taxonomy":"category","embeddable":true,"href":"https:\/\/kohenavocats.com\/zh-hans\/wp-json\/wp\/v2\/categories?post=747767"},{"taxonomy":"post_tag","embeddable":true,"href":"https:\/\/kohenavocats.com\/zh-hans\/wp-json\/wp\/v2\/tags?post=747767"}],"curies":[{"name":"wp","href":"https:\/\/api.w.org\/{rel}","templated":true}]}}