{"id":748326,"date":"2026-04-29T09:02:23","date_gmt":"2026-04-29T07:02:23","guid":{"rendered":"https:\/\/kohenavocats.com\/tribunal-de-commerce-de-marseille-le-20-janvier-2026-n2024f00529\/"},"modified":"2026-04-29T09:02:23","modified_gmt":"2026-04-29T07:02:23","slug":"tribunal-de-commerce-de-marseille-le-20-janvier-2026-n2024f00529","status":"publish","type":"post","link":"https:\/\/kohenavocats.com\/zh-hans\/tribunal-de-commerce-de-marseille-le-20-janvier-2026-n2024f00529\/","title":{"rendered":"Tribunal de commerce de Marseille, le 20 janvier 2026, n\u00b02024F00529"},"content":{"rendered":"<div class='article-content'>\n<p>Le Tribunal des Activit\u00e9s Economiques de Marseille a rendu un jugement le 20 janvier 2026 sur une action en rupture brutale de relation commerciale \u00e9tablie. Un distributeur fran\u00e7ais de meubles, li\u00e9 depuis 2008 \u00e0 un fournisseur n\u00e9erlandais, contestait la rupture notifi\u00e9e le 22 avril 2022 avec un pr\u00e9avis de huit mois. Le distributeur r\u00e9clamait des indemnit\u00e9s pour manque \u00e0 gagner, frais et pr\u00e9judice moral, tandis que le fournisseur invoquait un manquement contractuel grave. La question centrale \u00e9tait de savoir si le pr\u00e9avis accord\u00e9 \u00e9tait suffisant au regard de la faute commise. Le tribunal a d\u00e9bout\u00e9 le distributeur de toutes ses demandes.<\/p>\n<p>La qualification de la relation comme \u00e9tablie ne suffit pas \u00e0 caract\u00e9riser une rupture brutale.<\/p>\n<p>Sur l&#8217;existence d&#8217;une relation commerciale \u00e9tablie.<br \/>Le tribunal a constat\u00e9 une collaboration ininterrompue de quatorze ann\u00e9es avec des \u00e9changes r\u00e9guliers. Il a jug\u00e9 que <em>&#8220;les \u00e9l\u00e9ments du dossier \u00e9tablissent que les parties ont collabor\u00e9 sans interruption du 2 janvier 2008 au 31 d\u00e9cembre 2022&#8221;<\/em> (Attendu). Cette qualification est classique et conforme \u00e0 la d\u00e9finition l\u00e9gale de l&#8217;article L. 442-1 II. La valeur de cette analyse est de rappeler que la stabilit\u00e9 des \u00e9changes prime sur la pr\u00e9carit\u00e9 contractuelle all\u00e9gu\u00e9e. La port\u00e9e de ce constat est limit\u00e9e, car il n&#8217;emporte pas automatiquement la condamnation.<\/p>\n<p>Sur la brutalit\u00e9 de la rupture et la suffisance du pr\u00e9avis.<br \/>Le tribunal a examin\u00e9 le comportement du distributeur pour appr\u00e9cier la r\u00e9gularit\u00e9 de la rupture. Il a relev\u00e9 un manquement \u00e0 une obligation contractuelle essentielle de mise \u00e0 jour du concept commercial. La d\u00e9cision souligne que <em>&#8220;la soci\u00e9t\u00e9 JOSSIM a ainsi contrevenu \u00e0 une obligation contractuelle expresse, essentielle au maintien de la distribution de la marque H&#038;H&#8221;<\/em> (Attendu). Cette faute grave justifie la rupture et rend le pr\u00e9avis de huit mois suffisant. La valeur de ce raisonnement est de r\u00e9affirmer que l&#8217;inex\u00e9cution contractuelle exon\u00e8re l&#8217;auteur de la rupture de son obligation de pr\u00e9avis long. La port\u00e9e de cette solution est de prot\u00e9ger le fournisseur face \u00e0 un distributeur n\u00e9gligent, m\u00eame dans une relation ancienne et \u00e9conomiquement d\u00e9pendante.<\/p>\n<\/div>\n","protected":false},"excerpt":{"rendered":"<p>Le Tribunal des Activit\u00e9s Economiques de Marseille a rendu un jugement le 20 janvier 2026 sur une action en rupture brutale de relation commerciale&#8230;<\/p>\n","protected":false},"author":232070755,"featured_media":4682,"comment_status":"open","ping_status":"open","sticky":false,"template":"","format":"standard","meta":{"_crdt_document":"","_jetpack_newsletter_access":"","_jetpack_dont_email_post_to_subs":false,"_jetpack_newsletter_tier_id":0,"_jetpack_memberships_contains_paywalled_content":false,"_kj_source_type":"judilibre","_kj_official_id":"6977b15ccdc6046d47c93bbd","_kj_official_url":"https:\/\/www.courdecassation.fr\/decision\/6977b15ccdc6046d47c93bbd","_kj_judilibre_id":"6977b15ccdc6046d47c93bbd","_kj_jur":"Tribunal de commerce","_kj_lieu":"Tribunal des activit\u00e9s \u00e9conomiques de Marseille","_kj_chambre":"Chambre 06","_kj_rg":"2024F00529","_kj_date":"2026-01-20","_jetpack_memberships_contains_paid_content":false,"footnotes":"","jetpack_post_was_ever_published":false},"categories":[6454,7207],"tags":[],"class_list":["post-748326","post","type-post","status-publish","format-standard","has-post-thumbnail","hentry","category-decisions-juridiques","category-tribunal-de-commerce"],"yoast_head":"<!-- This site is optimized with the Yoast SEO Premium plugin v27.5 (Yoast SEO v27.5) - https:\/\/yoast.com\/product\/yoast-seo-premium-wordpress\/ -->\n<title>Tribunal de commerce de Marseille, le 20 janvier 2026, n\u00b02024F00529 - Ma\u00eetre Hassan Kohen, avocat en droit p\u00e9nal \u00e0 Paris<\/title>\n<meta name=\"description\" content=\"Le Tribunal des Activit\u00e9s Economiques de Marseille a rendu un jugement le 20 janvier 2026 sur une action en rupture brutale de relation commerciale...\" \/>\n<meta name=\"robots\" content=\"index, follow, max-snippet:-1, max-image-preview:large, max-video-preview:-1\" \/>\n<link rel=\"canonical\" href=\"https:\/\/kohenavocats.com\/zh-hans\/tribunal-de-commerce-de-marseille-le-20-janvier-2026-n2024f00529\/\" \/>\n<meta property=\"og:locale\" content=\"zh_CN\" \/>\n<meta property=\"og:type\" content=\"article\" \/>\n<meta property=\"og:title\" content=\"Tribunal de commerce de Marseille, le 20 janvier 2026, n\u00b02024F00529\" \/>\n<meta property=\"og:description\" content=\"Le Tribunal des Activit\u00e9s Economiques de Marseille a rendu un jugement le 20 janvier 2026 sur une action en rupture brutale de relation commerciale...\" \/>\n<meta property=\"og:url\" content=\"https:\/\/kohenavocats.com\/zh-hans\/tribunal-de-commerce-de-marseille-le-20-janvier-2026-n2024f00529\/\" \/>\n<meta property=\"og:site_name\" content=\"Ma\u00eetre Hassan Kohen, avocat en droit p\u00e9nal \u00e0 Paris\" \/>\n<meta property=\"article:published_time\" content=\"2026-04-29T07:02:23+00:00\" \/>\n<meta property=\"og:image\" content=\"https:\/\/kohenavocats.com\/wp-content\/uploads\/2024\/08\/robert-bye-6uqWm003xj0-unsplash.webp\" \/>\n\t<meta property=\"og:image:width\" content=\"2516\" \/>\n\t<meta property=\"og:image:height\" content=\"1678\" \/>\n\t<meta property=\"og:image:type\" content=\"image\/webp\" \/>\n<meta name=\"author\" content=\"Kohen\" \/>\n<meta name=\"twitter:card\" content=\"summary_large_image\" \/>\n<meta name=\"twitter:label1\" content=\"\u4f5c\u8005\" \/>\n\t<meta name=\"twitter:data1\" content=\"Kohen\" \/>\n\t<meta name=\"twitter:label2\" content=\"\u9884\u8ba1\u9605\u8bfb\u65f6\u95f4\" \/>\n\t<meta name=\"twitter:data2\" content=\"2 \u5206\" \/>\n<script type=\"application\/ld+json\" class=\"yoast-schema-graph\">{\"@context\":\"https:\\\/\\\/schema.org\",\"@graph\":[{\"@type\":\"Article\",\"@id\":\"https:\\\/\\\/kohenavocats.com\\\/zh-hans\\\/tribunal-de-commerce-de-marseille-le-20-janvier-2026-n2024f00529\\\/#article\",\"isPartOf\":{\"@id\":\"https:\\\/\\\/kohenavocats.com\\\/zh-hans\\\/tribunal-de-commerce-de-marseille-le-20-janvier-2026-n2024f00529\\\/\"},\"author\":{\"name\":\"Kohen\",\"@id\":\"https:\\\/\\\/kohenavocats.com\\\/zh-hans\\\/#\\\/schema\\\/person\\\/761c9ba54fa1ca84d405cef0831ff751\"},\"headline\":\"Tribunal de commerce de Marseille, le 20 janvier 2026, n\u00b02024F00529\",\"datePublished\":\"2026-04-29T07:02:23+00:00\",\"mainEntityOfPage\":{\"@id\":\"https:\\\/\\\/kohenavocats.com\\\/zh-hans\\\/tribunal-de-commerce-de-marseille-le-20-janvier-2026-n2024f00529\\\/\"},\"wordCount\":373,\"commentCount\":0,\"publisher\":{\"@id\":\"https:\\\/\\\/kohenavocats.com\\\/zh-hans\\\/#organization\"},\"image\":{\"@id\":\"https:\\\/\\\/kohenavocats.com\\\/zh-hans\\\/tribunal-de-commerce-de-marseille-le-20-janvier-2026-n2024f00529\\\/#primaryimage\"},\"thumbnailUrl\":\"https:\\\/\\\/kohenavocats.com\\\/wp-content\\\/uploads\\\/2024\\\/08\\\/robert-bye-6uqWm003xj0-unsplash.webp\",\"articleSection\":[\"D\u00e9cisions juridiques\",\"Tribunal de commerce\"],\"inLanguage\":\"zh-Hans\",\"potentialAction\":[{\"@type\":\"CommentAction\",\"name\":\"Comment\",\"target\":[\"https:\\\/\\\/kohenavocats.com\\\/zh-hans\\\/tribunal-de-commerce-de-marseille-le-20-janvier-2026-n2024f00529\\\/#respond\"]}],\"citation\":\"Tribunal de commerce de Marseille, le 20 janvier 2026, n\u00b02024F00529\",\"about\":[{\"@type\":\"Thing\",\"name\":\"D\u00e9cisions juridiques\"},{\"@type\":\"Thing\",\"name\":\"Tribunal de commerce\"}],\"dateModified\":\"2026-04-29T07:02:23+00:00\",\"speakable\":{\"@type\":\"SpeakableSpecification\",\"cssSelector\":[\".article-content > p:first-of-type\"]}},{\"@type\":\"WebPage\",\"@id\":\"https:\\\/\\\/kohenavocats.com\\\/zh-hans\\\/tribunal-de-commerce-de-marseille-le-20-janvier-2026-n2024f00529\\\/\",\"url\":\"https:\\\/\\\/kohenavocats.com\\\/zh-hans\\\/tribunal-de-commerce-de-marseille-le-20-janvier-2026-n2024f00529\\\/\",\"name\":\"Tribunal de commerce de Marseille, le 20 janvier 2026, n\u00b02024F00529 - Ma\u00eetre Hassan Kohen, avocat en droit p\u00e9nal \u00e0 Paris\",\"isPartOf\":{\"@id\":\"https:\\\/\\\/kohenavocats.com\\\/zh-hans\\\/#website\"},\"primaryImageOfPage\":{\"@id\":\"https:\\\/\\\/kohenavocats.com\\\/zh-hans\\\/tribunal-de-commerce-de-marseille-le-20-janvier-2026-n2024f00529\\\/#primaryimage\"},\"image\":{\"@id\":\"https:\\\/\\\/kohenavocats.com\\\/zh-hans\\\/tribunal-de-commerce-de-marseille-le-20-janvier-2026-n2024f00529\\\/#primaryimage\"},\"thumbnailUrl\":\"https:\\\/\\\/kohenavocats.com\\\/wp-content\\\/uploads\\\/2024\\\/08\\\/robert-bye-6uqWm003xj0-unsplash.webp\",\"datePublished\":\"2026-04-29T07:02:23+00:00\",\"description\":\"Le Tribunal des Activit\u00e9s Economiques de Marseille a rendu un jugement le 20 janvier 2026 sur une action en rupture brutale de relation commerciale...\",\"breadcrumb\":{\"@id\":\"https:\\\/\\\/kohenavocats.com\\\/zh-hans\\\/tribunal-de-commerce-de-marseille-le-20-janvier-2026-n2024f00529\\\/#breadcrumb\"},\"inLanguage\":\"zh-Hans\",\"potentialAction\":[{\"@type\":\"ReadAction\",\"target\":[\"https:\\\/\\\/kohenavocats.com\\\/zh-hans\\\/tribunal-de-commerce-de-marseille-le-20-janvier-2026-n2024f00529\\\/\"]}]},{\"@type\":\"ImageObject\",\"inLanguage\":\"zh-Hans\",\"@id\":\"https:\\\/\\\/kohenavocats.com\\\/zh-hans\\\/tribunal-de-commerce-de-marseille-le-20-janvier-2026-n2024f00529\\\/#primaryimage\",\"url\":\"https:\\\/\\\/kohenavocats.com\\\/wp-content\\\/uploads\\\/2024\\\/08\\\/robert-bye-6uqWm003xj0-unsplash.webp\",\"contentUrl\":\"https:\\\/\\\/kohenavocats.com\\\/wp-content\\\/uploads\\\/2024\\\/08\\\/robert-bye-6uqWm003xj0-unsplash.webp\",\"width\":2516,\"height\":1678},{\"@type\":\"BreadcrumbList\",\"@id\":\"https:\\\/\\\/kohenavocats.com\\\/zh-hans\\\/tribunal-de-commerce-de-marseille-le-20-janvier-2026-n2024f00529\\\/#breadcrumb\",\"itemListElement\":[{\"@type\":\"ListItem\",\"position\":1,\"name\":\"Home\",\"item\":\"https:\\\/\\\/kohenavocats.com\\\/zh-hans\\\/\"},{\"@type\":\"ListItem\",\"position\":2,\"name\":\"Tribunal de commerce de Marseille, le 20 janvier 2026, n\u00b02024F00529\"}]},{\"@type\":\"WebSite\",\"@id\":\"https:\\\/\\\/kohenavocats.com\\\/zh-hans\\\/#website\",\"url\":\"https:\\\/\\\/kohenavocats.com\\\/zh-hans\\\/\",\"name\":\"Kohen Avocats\",\"description\":\"Ma\u00eetre Hassan Kohen, avocat p\u00e9naliste \u00e0 Paris, intervient exclusivement en droit p\u00e9nal pour la d\u00e9fense des particuliers, notamment en mati\u00e8re d\u2019accusations de viol. Il assure un accompagnement rigoureux d\u00e8s la garde \u00e0 vue jusqu\u2019\u00e0 la Cour d\u2019assises, veillant au strict respect des garanties proc\u00e9durales.\",\"publisher\":{\"@id\":\"https:\\\/\\\/kohenavocats.com\\\/zh-hans\\\/#organization\"},\"potentialAction\":[{\"@type\":\"SearchAction\",\"target\":{\"@type\":\"EntryPoint\",\"urlTemplate\":\"https:\\\/\\\/kohenavocats.com\\\/zh-hans\\\/?s={search_term_string}\"},\"query-input\":{\"@type\":\"PropertyValueSpecification\",\"valueRequired\":true,\"valueName\":\"search_term_string\"}}],\"inLanguage\":\"zh-Hans\"},{\"@type\":\"Organization\",\"@id\":\"https:\\\/\\\/kohenavocats.com\\\/zh-hans\\\/#organization\",\"name\":\"Kohen Avocats\",\"url\":\"https:\\\/\\\/kohenavocats.com\\\/zh-hans\\\/\",\"logo\":{\"@type\":\"ImageObject\",\"inLanguage\":\"zh-Hans\",\"@id\":\"https:\\\/\\\/kohenavocats.com\\\/zh-hans\\\/#\\\/schema\\\/logo\\\/image\\\/\",\"url\":\"https:\\\/\\\/kohenavocats.com\\\/wp-content\\\/uploads\\\/2026\\\/01\\\/Logo-2-1.webp\",\"contentUrl\":\"https:\\\/\\\/kohenavocats.com\\\/wp-content\\\/uploads\\\/2026\\\/01\\\/Logo-2-1.webp\",\"width\":2114,\"height\":1253,\"caption\":\"Kohen Avocats\"},\"image\":{\"@id\":\"https:\\\/\\\/kohenavocats.com\\\/zh-hans\\\/#\\\/schema\\\/logo\\\/image\\\/\"}},{\"@type\":\"Person\",\"@id\":\"https:\\\/\\\/kohenavocats.com\\\/zh-hans\\\/#\\\/schema\\\/person\\\/761c9ba54fa1ca84d405cef0831ff751\",\"name\":\"Kohen\",\"image\":{\"@type\":\"ImageObject\",\"inLanguage\":\"zh-Hans\",\"@id\":\"https:\\\/\\\/secure.gravatar.com\\\/avatar\\\/1c5e76ef76bbbfdd2b4da984e2bf2fa4056fd51a27d25ce2c332047f1dfd6e00?s=96&d=identicon&r=g\",\"url\":\"https:\\\/\\\/secure.gravatar.com\\\/avatar\\\/1c5e76ef76bbbfdd2b4da984e2bf2fa4056fd51a27d25ce2c332047f1dfd6e00?s=96&d=identicon&r=g\",\"contentUrl\":\"https:\\\/\\\/secure.gravatar.com\\\/avatar\\\/1c5e76ef76bbbfdd2b4da984e2bf2fa4056fd51a27d25ce2c332047f1dfd6e00?s=96&d=identicon&r=g\",\"caption\":\"Kohen\"},\"sameAs\":[\"https:\\\/\\\/www.linkedin.com\\\/in\\\/hassan-kohen-448548192\\\/\",\"https:\\\/\\\/www.youtube.com\\\/@Kohen-Avocats\"],\"url\":\"https:\\\/\\\/kohenavocats.com\\\/zh-hans\\\/author\\\/kohenmlk\\\/\"}]}<\/script>\n<!-- \/ Yoast SEO Premium plugin. -->","yoast_head_json":{"title":"Tribunal de commerce de Marseille, le 20 janvier 2026, n\u00b02024F00529 - Ma\u00eetre Hassan Kohen, avocat en droit p\u00e9nal \u00e0 Paris","description":"Le Tribunal des Activit\u00e9s Economiques de Marseille a rendu un jugement le 20 janvier 2026 sur une action en rupture brutale de relation commerciale...","robots":{"index":"index","follow":"follow","max-snippet":"max-snippet:-1","max-image-preview":"max-image-preview:large","max-video-preview":"max-video-preview:-1"},"canonical":"https:\/\/kohenavocats.com\/zh-hans\/tribunal-de-commerce-de-marseille-le-20-janvier-2026-n2024f00529\/","og_locale":"zh_CN","og_type":"article","og_title":"Tribunal de commerce de Marseille, le 20 janvier 2026, n\u00b02024F00529","og_description":"Le Tribunal des Activit\u00e9s Economiques de Marseille a rendu un jugement le 20 janvier 2026 sur une action en rupture brutale de relation commerciale...","og_url":"https:\/\/kohenavocats.com\/zh-hans\/tribunal-de-commerce-de-marseille-le-20-janvier-2026-n2024f00529\/","og_site_name":"Ma\u00eetre Hassan Kohen, avocat en droit p\u00e9nal \u00e0 Paris","article_published_time":"2026-04-29T07:02:23+00:00","og_image":[{"width":2516,"height":1678,"url":"https:\/\/kohenavocats.com\/wp-content\/uploads\/2024\/08\/robert-bye-6uqWm003xj0-unsplash.webp","type":"image\/webp"}],"author":"Kohen","twitter_card":"summary_large_image","twitter_misc":{"\u4f5c\u8005":"Kohen","\u9884\u8ba1\u9605\u8bfb\u65f6\u95f4":"2 \u5206"},"schema":{"@context":"https:\/\/schema.org","@graph":[{"@type":"Article","@id":"https:\/\/kohenavocats.com\/zh-hans\/tribunal-de-commerce-de-marseille-le-20-janvier-2026-n2024f00529\/#article","isPartOf":{"@id":"https:\/\/kohenavocats.com\/zh-hans\/tribunal-de-commerce-de-marseille-le-20-janvier-2026-n2024f00529\/"},"author":{"name":"Kohen","@id":"https:\/\/kohenavocats.com\/zh-hans\/#\/schema\/person\/761c9ba54fa1ca84d405cef0831ff751"},"headline":"Tribunal de commerce de Marseille, le 20 janvier 2026, n\u00b02024F00529","datePublished":"2026-04-29T07:02:23+00:00","mainEntityOfPage":{"@id":"https:\/\/kohenavocats.com\/zh-hans\/tribunal-de-commerce-de-marseille-le-20-janvier-2026-n2024f00529\/"},"wordCount":373,"commentCount":0,"publisher":{"@id":"https:\/\/kohenavocats.com\/zh-hans\/#organization"},"image":{"@id":"https:\/\/kohenavocats.com\/zh-hans\/tribunal-de-commerce-de-marseille-le-20-janvier-2026-n2024f00529\/#primaryimage"},"thumbnailUrl":"https:\/\/kohenavocats.com\/wp-content\/uploads\/2024\/08\/robert-bye-6uqWm003xj0-unsplash.webp","articleSection":["D\u00e9cisions juridiques","Tribunal de commerce"],"inLanguage":"zh-Hans","potentialAction":[{"@type":"CommentAction","name":"Comment","target":["https:\/\/kohenavocats.com\/zh-hans\/tribunal-de-commerce-de-marseille-le-20-janvier-2026-n2024f00529\/#respond"]}],"citation":"Tribunal de commerce de Marseille, le 20 janvier 2026, n\u00b02024F00529","about":[{"@type":"Thing","name":"D\u00e9cisions juridiques"},{"@type":"Thing","name":"Tribunal de commerce"}],"dateModified":"2026-04-29T07:02:23+00:00","speakable":{"@type":"SpeakableSpecification","cssSelector":[".article-content > p:first-of-type"]}},{"@type":"WebPage","@id":"https:\/\/kohenavocats.com\/zh-hans\/tribunal-de-commerce-de-marseille-le-20-janvier-2026-n2024f00529\/","url":"https:\/\/kohenavocats.com\/zh-hans\/tribunal-de-commerce-de-marseille-le-20-janvier-2026-n2024f00529\/","name":"Tribunal de commerce de Marseille, le 20 janvier 2026, n\u00b02024F00529 - Ma\u00eetre Hassan Kohen, avocat en droit p\u00e9nal \u00e0 Paris","isPartOf":{"@id":"https:\/\/kohenavocats.com\/zh-hans\/#website"},"primaryImageOfPage":{"@id":"https:\/\/kohenavocats.com\/zh-hans\/tribunal-de-commerce-de-marseille-le-20-janvier-2026-n2024f00529\/#primaryimage"},"image":{"@id":"https:\/\/kohenavocats.com\/zh-hans\/tribunal-de-commerce-de-marseille-le-20-janvier-2026-n2024f00529\/#primaryimage"},"thumbnailUrl":"https:\/\/kohenavocats.com\/wp-content\/uploads\/2024\/08\/robert-bye-6uqWm003xj0-unsplash.webp","datePublished":"2026-04-29T07:02:23+00:00","description":"Le Tribunal des Activit\u00e9s Economiques de Marseille a rendu un jugement le 20 janvier 2026 sur une action en rupture brutale de relation commerciale...","breadcrumb":{"@id":"https:\/\/kohenavocats.com\/zh-hans\/tribunal-de-commerce-de-marseille-le-20-janvier-2026-n2024f00529\/#breadcrumb"},"inLanguage":"zh-Hans","potentialAction":[{"@type":"ReadAction","target":["https:\/\/kohenavocats.com\/zh-hans\/tribunal-de-commerce-de-marseille-le-20-janvier-2026-n2024f00529\/"]}]},{"@type":"ImageObject","inLanguage":"zh-Hans","@id":"https:\/\/kohenavocats.com\/zh-hans\/tribunal-de-commerce-de-marseille-le-20-janvier-2026-n2024f00529\/#primaryimage","url":"https:\/\/kohenavocats.com\/wp-content\/uploads\/2024\/08\/robert-bye-6uqWm003xj0-unsplash.webp","contentUrl":"https:\/\/kohenavocats.com\/wp-content\/uploads\/2024\/08\/robert-bye-6uqWm003xj0-unsplash.webp","width":2516,"height":1678},{"@type":"BreadcrumbList","@id":"https:\/\/kohenavocats.com\/zh-hans\/tribunal-de-commerce-de-marseille-le-20-janvier-2026-n2024f00529\/#breadcrumb","itemListElement":[{"@type":"ListItem","position":1,"name":"Home","item":"https:\/\/kohenavocats.com\/zh-hans\/"},{"@type":"ListItem","position":2,"name":"Tribunal de commerce de Marseille, le 20 janvier 2026, n\u00b02024F00529"}]},{"@type":"WebSite","@id":"https:\/\/kohenavocats.com\/zh-hans\/#website","url":"https:\/\/kohenavocats.com\/zh-hans\/","name":"Kohen Avocats","description":"Ma\u00eetre Hassan Kohen, avocat p\u00e9naliste \u00e0 Paris, intervient exclusivement en droit p\u00e9nal pour la d\u00e9fense des particuliers, notamment en mati\u00e8re d\u2019accusations de viol. Il assure un accompagnement rigoureux d\u00e8s la garde \u00e0 vue jusqu\u2019\u00e0 la Cour d\u2019assises, veillant au strict respect des garanties proc\u00e9durales.","publisher":{"@id":"https:\/\/kohenavocats.com\/zh-hans\/#organization"},"potentialAction":[{"@type":"SearchAction","target":{"@type":"EntryPoint","urlTemplate":"https:\/\/kohenavocats.com\/zh-hans\/?s={search_term_string}"},"query-input":{"@type":"PropertyValueSpecification","valueRequired":true,"valueName":"search_term_string"}}],"inLanguage":"zh-Hans"},{"@type":"Organization","@id":"https:\/\/kohenavocats.com\/zh-hans\/#organization","name":"Kohen Avocats","url":"https:\/\/kohenavocats.com\/zh-hans\/","logo":{"@type":"ImageObject","inLanguage":"zh-Hans","@id":"https:\/\/kohenavocats.com\/zh-hans\/#\/schema\/logo\/image\/","url":"https:\/\/kohenavocats.com\/wp-content\/uploads\/2026\/01\/Logo-2-1.webp","contentUrl":"https:\/\/kohenavocats.com\/wp-content\/uploads\/2026\/01\/Logo-2-1.webp","width":2114,"height":1253,"caption":"Kohen Avocats"},"image":{"@id":"https:\/\/kohenavocats.com\/zh-hans\/#\/schema\/logo\/image\/"}},{"@type":"Person","@id":"https:\/\/kohenavocats.com\/zh-hans\/#\/schema\/person\/761c9ba54fa1ca84d405cef0831ff751","name":"Kohen","image":{"@type":"ImageObject","inLanguage":"zh-Hans","@id":"https:\/\/secure.gravatar.com\/avatar\/1c5e76ef76bbbfdd2b4da984e2bf2fa4056fd51a27d25ce2c332047f1dfd6e00?s=96&d=identicon&r=g","url":"https:\/\/secure.gravatar.com\/avatar\/1c5e76ef76bbbfdd2b4da984e2bf2fa4056fd51a27d25ce2c332047f1dfd6e00?s=96&d=identicon&r=g","contentUrl":"https:\/\/secure.gravatar.com\/avatar\/1c5e76ef76bbbfdd2b4da984e2bf2fa4056fd51a27d25ce2c332047f1dfd6e00?s=96&d=identicon&r=g","caption":"Kohen"},"sameAs":["https:\/\/www.linkedin.com\/in\/hassan-kohen-448548192\/","https:\/\/www.youtube.com\/@Kohen-Avocats"],"url":"https:\/\/kohenavocats.com\/zh-hans\/author\/kohenmlk\/"}]}},"jetpack_featured_media_url":"https:\/\/kohenavocats.com\/wp-content\/uploads\/2024\/08\/robert-bye-6uqWm003xj0-unsplash.webp","jetpack_likes_enabled":false,"jetpack_shortlink":"https:\/\/wp.me\/peCrII-38FM","jetpack-related-posts":[{"id":822243,"url":"https:\/\/kohenavocats.com\/zh-hans\/contrat-de-distribution-exclusive-clauses-resiliation-contentieux-2026\/","url_meta":{"origin":748326,"position":0},"title":"Contrat de distribution exclusive : clauses, r\u00e9siliation et contentieux en 2026","author":"Kohen","date":"2026\u5e745\u67083\u65e5","format":false,"excerpt":"Le calibrage du pr\u00e9avis dans les contrats de distr\u2026","rel":"","context":"\u5728\u201cD\u00e9cryptage\u201d\u4e2d","block_context":{"text":"D\u00e9cryptage","link":"https:\/\/kohenavocats.com\/category\/decryptage\/"},"img":{"alt_text":"","src":"https:\/\/i0.wp.com\/kohenavocats.com\/wp-content\/uploads\/2024\/11\/planet-volumes-HQLfJrtqmKg-unsplash.webp?resize=350%2C200&ssl=1","width":350,"height":200,"srcset":"https:\/\/i0.wp.com\/kohenavocats.com\/wp-content\/uploads\/2024\/11\/planet-volumes-HQLfJrtqmKg-unsplash.webp?resize=350%2C200&ssl=1 1x, https:\/\/i0.wp.com\/kohenavocats.com\/wp-content\/uploads\/2024\/11\/planet-volumes-HQLfJrtqmKg-unsplash.webp?resize=525%2C300&ssl=1 1.5x, https:\/\/i0.wp.com\/kohenavocats.com\/wp-content\/uploads\/2024\/11\/planet-volumes-HQLfJrtqmKg-unsplash.webp?resize=700%2C400&ssl=1 2x, https:\/\/i0.wp.com\/kohenavocats.com\/wp-content\/uploads\/2024\/11\/planet-volumes-HQLfJrtqmKg-unsplash.webp?resize=1050%2C600&ssl=1 3x, https:\/\/i0.wp.com\/kohenavocats.com\/wp-content\/uploads\/2024\/11\/planet-volumes-HQLfJrtqmKg-unsplash.webp?resize=1400%2C800&ssl=1 4x"},"classes":[]},{"id":821582,"url":"https:\/\/kohenavocats.com\/zh-hans\/clause-exclusivite-commerciale-validite-risques-recours\/","url_meta":{"origin":748326,"position":1},"title":"Clause d&#8217;exclusivit\u00e9 commerciale : validit\u00e9, risques et recours en cas de rupture","author":"Kohen","date":"2026\u5e745\u67083\u65e5","format":false,"excerpt":"Comment s\u00e9curiser une clause d'exclusivit\u00e9 commerc\u2026","rel":"","context":"\u5728\u201cD\u00e9cryptage\u201d\u4e2d","block_context":{"text":"D\u00e9cryptage","link":"https:\/\/kohenavocats.com\/category\/decryptage\/"},"img":{"alt_text":"","src":"https:\/\/i0.wp.com\/kohenavocats.com\/wp-content\/uploads\/2024\/08\/miriam-espacio-nUiCEOe6vvA-unsplash.webp?resize=350%2C200&ssl=1","width":350,"height":200,"srcset":"https:\/\/i0.wp.com\/kohenavocats.com\/wp-content\/uploads\/2024\/08\/miriam-espacio-nUiCEOe6vvA-unsplash.webp?resize=350%2C200&ssl=1 1x, https:\/\/i0.wp.com\/kohenavocats.com\/wp-content\/uploads\/2024\/08\/miriam-espacio-nUiCEOe6vvA-unsplash.webp?resize=525%2C300&ssl=1 1.5x, https:\/\/i0.wp.com\/kohenavocats.com\/wp-content\/uploads\/2024\/08\/miriam-espacio-nUiCEOe6vvA-unsplash.webp?resize=700%2C400&ssl=1 2x, https:\/\/i0.wp.com\/kohenavocats.com\/wp-content\/uploads\/2024\/08\/miriam-espacio-nUiCEOe6vvA-unsplash.webp?resize=1050%2C600&ssl=1 3x, https:\/\/i0.wp.com\/kohenavocats.com\/wp-content\/uploads\/2024\/08\/miriam-espacio-nUiCEOe6vvA-unsplash.webp?resize=1400%2C800&ssl=1 4x"},"classes":[]},{"id":822998,"url":"https:\/\/kohenavocats.com\/zh-hans\/clause-exclusivite-commerciale-contrat-distribution-exclusive-risques-rupture-indemnisation\/","url_meta":{"origin":748326,"position":2},"title":"Clause d&#8217;exclusivit\u00e9 commerciale et contrat de distribution exclusive : risques, rupture et indemnisation","author":"Kohen","date":"2026\u5e745\u67083\u65e5","format":false,"excerpt":"Le r\u00e9gime juridique de la clause d'exclusivit\u00e9 com\u2026","rel":"","context":"\u5728\u201cD\u00e9cryptage\u201d\u4e2d","block_context":{"text":"D\u00e9cryptage","link":"https:\/\/kohenavocats.com\/category\/decryptage\/"},"img":{"alt_text":"","src":"https:\/\/i0.wp.com\/kohenavocats.com\/wp-content\/uploads\/2024\/11\/victor-V67qmAIxyvI-unsplash.webp?resize=350%2C200&ssl=1","width":350,"height":200,"srcset":"https:\/\/i0.wp.com\/kohenavocats.com\/wp-content\/uploads\/2024\/11\/victor-V67qmAIxyvI-unsplash.webp?resize=350%2C200&ssl=1 1x, https:\/\/i0.wp.com\/kohenavocats.com\/wp-content\/uploads\/2024\/11\/victor-V67qmAIxyvI-unsplash.webp?resize=525%2C300&ssl=1 1.5x, https:\/\/i0.wp.com\/kohenavocats.com\/wp-content\/uploads\/2024\/11\/victor-V67qmAIxyvI-unsplash.webp?resize=700%2C400&ssl=1 2x, https:\/\/i0.wp.com\/kohenavocats.com\/wp-content\/uploads\/2024\/11\/victor-V67qmAIxyvI-unsplash.webp?resize=1050%2C600&ssl=1 3x, https:\/\/i0.wp.com\/kohenavocats.com\/wp-content\/uploads\/2024\/11\/victor-V67qmAIxyvI-unsplash.webp?resize=1400%2C800&ssl=1 4x"},"classes":[]},{"id":412277,"url":"https:\/\/kohenavocats.com\/zh-hans\/cour-dappel-de-paris-le-6-decembre-2012-n10-13678\/","url_meta":{"origin":748326,"position":3},"title":"Cour d&#8217;appel de Paris, le 6 d\u00e9cembre 2012, n\u00b010\/13678","author":"Kohen","date":"2026\u5e743\u670821\u65e5","format":false,"excerpt":"La Cour d'appel de Paris, dans un arr\u00eat du 6 d\u00e9cem\u2026","rel":"","context":"\u5728\u201cCour d'appel\u201d\u4e2d","block_context":{"text":"Cour d'appel","link":"https:\/\/kohenavocats.com\/category\/cour-dappel\/"},"img":{"alt_text":"","src":"https:\/\/i0.wp.com\/kohenavocats.com\/wp-content\/uploads\/2024\/11\/alex-shuper-sApmGHWDAWM-unsplash.webp?resize=350%2C200&ssl=1","width":350,"height":200,"srcset":"https:\/\/i0.wp.com\/kohenavocats.com\/wp-content\/uploads\/2024\/11\/alex-shuper-sApmGHWDAWM-unsplash.webp?resize=350%2C200&ssl=1 1x, https:\/\/i0.wp.com\/kohenavocats.com\/wp-content\/uploads\/2024\/11\/alex-shuper-sApmGHWDAWM-unsplash.webp?resize=525%2C300&ssl=1 1.5x, https:\/\/i0.wp.com\/kohenavocats.com\/wp-content\/uploads\/2024\/11\/alex-shuper-sApmGHWDAWM-unsplash.webp?resize=700%2C400&ssl=1 2x, https:\/\/i0.wp.com\/kohenavocats.com\/wp-content\/uploads\/2024\/11\/alex-shuper-sApmGHWDAWM-unsplash.webp?resize=1050%2C600&ssl=1 3x, https:\/\/i0.wp.com\/kohenavocats.com\/wp-content\/uploads\/2024\/11\/alex-shuper-sApmGHWDAWM-unsplash.webp?resize=1400%2C800&ssl=1 4x"},"classes":[]},{"id":431318,"url":"https:\/\/kohenavocats.com\/zh-hans\/cour-dappel-de-paris-le-18-mai-2011-n09-19074\/","url_meta":{"origin":748326,"position":4},"title":"Cour d&#8217;appel de Paris, le 18 mai 2011, n\u00b009\/19074","author":"Kohen","date":"2026\u5e743\u670824\u65e5","format":false,"excerpt":"La Cour d\u2019appel de Paris, dans un arr\u00eat du 18 mai \u2026","rel":"","context":"\u5728\u201cCour d'appel\u201d\u4e2d","block_context":{"text":"Cour d'appel","link":"https:\/\/kohenavocats.com\/category\/cour-dappel\/"},"img":{"alt_text":"","src":"https:\/\/i0.wp.com\/kohenavocats.com\/wp-content\/uploads\/2024\/11\/ave-calvar-ffCZpxDJSo-unsplash.webp?resize=350%2C200&ssl=1","width":350,"height":200,"srcset":"https:\/\/i0.wp.com\/kohenavocats.com\/wp-content\/uploads\/2024\/11\/ave-calvar-ffCZpxDJSo-unsplash.webp?resize=350%2C200&ssl=1 1x, https:\/\/i0.wp.com\/kohenavocats.com\/wp-content\/uploads\/2024\/11\/ave-calvar-ffCZpxDJSo-unsplash.webp?resize=525%2C300&ssl=1 1.5x, https:\/\/i0.wp.com\/kohenavocats.com\/wp-content\/uploads\/2024\/11\/ave-calvar-ffCZpxDJSo-unsplash.webp?resize=700%2C400&ssl=1 2x, https:\/\/i0.wp.com\/kohenavocats.com\/wp-content\/uploads\/2024\/11\/ave-calvar-ffCZpxDJSo-unsplash.webp?resize=1050%2C600&ssl=1 3x, https:\/\/i0.wp.com\/kohenavocats.com\/wp-content\/uploads\/2024\/11\/ave-calvar-ffCZpxDJSo-unsplash.webp?resize=1400%2C800&ssl=1 4x"},"classes":[]},{"id":432808,"url":"https:\/\/kohenavocats.com\/zh-hans\/cour-dappel-de-paris-le-24-mars-2011-n10-02616\/","url_meta":{"origin":748326,"position":5},"title":"Cour d&#8217;appel de Paris, le 24 mars 2011, n\u00b010\/02616","author":"Kohen","date":"2026\u5e743\u670824\u65e5","format":false,"excerpt":"La Cour d\u2019appel de Paris, dans un arr\u00eat du 24 mars\u2026","rel":"","context":"\u5728\u201cCour d'appel\u201d\u4e2d","block_context":{"text":"Cour d'appel","link":"https:\/\/kohenavocats.com\/category\/cour-dappel\/"},"img":{"alt_text":"","src":"https:\/\/i0.wp.com\/kohenavocats.com\/wp-content\/uploads\/2024\/08\/luis-k-mPdxzDX68vU-unsplash.webp?resize=350%2C200&ssl=1","width":350,"height":200,"srcset":"https:\/\/i0.wp.com\/kohenavocats.com\/wp-content\/uploads\/2024\/08\/luis-k-mPdxzDX68vU-unsplash.webp?resize=350%2C200&ssl=1 1x, https:\/\/i0.wp.com\/kohenavocats.com\/wp-content\/uploads\/2024\/08\/luis-k-mPdxzDX68vU-unsplash.webp?resize=525%2C300&ssl=1 1.5x, https:\/\/i0.wp.com\/kohenavocats.com\/wp-content\/uploads\/2024\/08\/luis-k-mPdxzDX68vU-unsplash.webp?resize=700%2C400&ssl=1 2x, https:\/\/i0.wp.com\/kohenavocats.com\/wp-content\/uploads\/2024\/08\/luis-k-mPdxzDX68vU-unsplash.webp?resize=1050%2C600&ssl=1 3x, https:\/\/i0.wp.com\/kohenavocats.com\/wp-content\/uploads\/2024\/08\/luis-k-mPdxzDX68vU-unsplash.webp?resize=1400%2C800&ssl=1 4x"},"classes":[]}],"jetpack_sharing_enabled":true,"_links":{"self":[{"href":"https:\/\/kohenavocats.com\/zh-hans\/wp-json\/wp\/v2\/posts\/748326","targetHints":{"allow":["GET"]}}],"collection":[{"href":"https:\/\/kohenavocats.com\/zh-hans\/wp-json\/wp\/v2\/posts"}],"about":[{"href":"https:\/\/kohenavocats.com\/zh-hans\/wp-json\/wp\/v2\/types\/post"}],"author":[{"embeddable":true,"href":"https:\/\/kohenavocats.com\/zh-hans\/wp-json\/wp\/v2\/users\/232070755"}],"replies":[{"embeddable":true,"href":"https:\/\/kohenavocats.com\/zh-hans\/wp-json\/wp\/v2\/comments?post=748326"}],"version-history":[{"count":0,"href":"https:\/\/kohenavocats.com\/zh-hans\/wp-json\/wp\/v2\/posts\/748326\/revisions"}],"wp:featuredmedia":[{"embeddable":true,"href":"https:\/\/kohenavocats.com\/zh-hans\/wp-json\/wp\/v2\/media\/4682"}],"wp:attachment":[{"href":"https:\/\/kohenavocats.com\/zh-hans\/wp-json\/wp\/v2\/media?parent=748326"}],"wp:term":[{"taxonomy":"category","embeddable":true,"href":"https:\/\/kohenavocats.com\/zh-hans\/wp-json\/wp\/v2\/categories?post=748326"},{"taxonomy":"post_tag","embeddable":true,"href":"https:\/\/kohenavocats.com\/zh-hans\/wp-json\/wp\/v2\/tags?post=748326"}],"curies":[{"name":"wp","href":"https:\/\/api.w.org\/{rel}","templated":true}]}}