{"id":749003,"date":"2026-04-29T09:48:40","date_gmt":"2026-04-29T07:48:40","guid":{"rendered":"https:\/\/kohenavocats.com\/tribunal-judiciaire-de-versailles-le-20-janvier-2026-n25-00762\/"},"modified":"2026-04-29T09:48:40","modified_gmt":"2026-04-29T07:48:40","slug":"tribunal-judiciaire-de-versailles-le-20-janvier-2026-n25-00762","status":"publish","type":"post","link":"https:\/\/kohenavocats.com\/zh-hans\/tribunal-judiciaire-de-versailles-le-20-janvier-2026-n25-00762\/","title":{"rendered":"Tribunal judiciaire de Versailles, le 20 janvier 2026, n\u00b025\/00762"},"content":{"rendered":"<div class='article-content'>\n<style scoped>.toc-article{background:#f8f9fa;border:1px solid #e2e6ea;border-left:4px solid #2c5f8a;border-radius:6px;padding:20px 24px;margin:0 0 32px;font-size:15px;line-height:1.6}.toc-article p{margin:0 0 10px;font-size:16px;font-weight:600;color:#1a1a1a}.toc-article ul{list-style:none;margin:0;padding:0}.toc-article li.toc-h2{padding:4px 0}.toc-article li.toc-h3{padding:2px 0 2px 20px;font-size:14px}.toc-article a{color:#2c5f8a;text-decoration:none;border-bottom:1px dotted #a0b4c8}.toc-article a:hover{color:#1a3d5c;border-bottom-color:#1a3d5c}<\/style>\n<nav class=\"toc-article\" role=\"navigation\" aria-label=\"Sommaire\">\n<p>Sommaire<\/p>\n<ul>\n<li class=\"toc-h2\"><a href=\"#fondements-juridiques\">Fondements juridiques<\/a><\/li>\n<\/ul>\n<\/nav>\n<p>Le tribunal judiciaire de Versailles, statuant en chambre de proximit\u00e9, a rendu un jugement r\u00e9put\u00e9 contradictoire le 20 janvier 2026. Une acheteuse a acquis un v\u00e9hicule d&#8217;occasion avec une garantie et un mandat d&#8217;immatriculation, mais le vendeur n&#8217;a pas ex\u00e9cut\u00e9 ses obligations. La question de droit portait sur la caract\u00e9risation des manquements contractuels et l&#8217;\u00e9tendue de la r\u00e9paration des pr\u00e9judices subis. Le juge a constat\u00e9 l&#8217;inex\u00e9cution et allou\u00e9 des dommages et int\u00e9r\u00eats pour les pr\u00e9judices financier, de jouissance et moral.<\/p>\n<p>Le manquement \u00e0 l&#8217;obligation de d\u00e9livrance conforme et au mandat d&#8217;immatriculation.<\/p>\n<p>Le tribunal rappelle que l&#8217;obligation de d\u00e9livrance inclut les accessoires n\u00e9cessaires \u00e0 l&#8217;usage du bien vendu. En l&#8217;esp\u00e8ce, le vendeur a remis un certificat provisoire r\u00e9serv\u00e9 aux professionnels, emp\u00eachant l&#8217;acheteuse de circuler. Le juge souligne que <em>&#8220;la soci\u00e9t\u00e9 KR AUTO SELECT a manifestement manqu\u00e9 \u00e0 ses obligations contractuelles en ne d\u00e9livrant pas les accessoires de la chose vendue&#8221;<\/em> (Motifs, section sur l&#8217;inex\u00e9cution du contrat de vente). La valeur de cette solution est d&#8217;affirmer que la remise d&#8217;un document administratif inadapt\u00e9 constitue un d\u00e9faut de d\u00e9livrance. Sa port\u00e9e est de rappeler la rigueur des obligations du vendeur professionnel d&#8217;automobiles.<\/p>\n<p>Le d\u00e9faut d&#8217;ex\u00e9cution de la promesse de travaux et ses cons\u00e9quences indemnitaires.<\/p>\n<p>L&#8217;engagement unilat\u00e9ral du vendeur de r\u00e9aliser des r\u00e9parations \u00e0 ses frais constitue une obligation contractuelle. Le d\u00e9lai d&#8217;un mois sans ex\u00e9cution caract\u00e9rise un manquement fautif. Le juge applique l&#8217;article 1231-1 du code civil pour ouvrir droit \u00e0 r\u00e9paration. La valeur de ce point est de sanctionner l&#8217;inex\u00e9cution d&#8217;une promesse accessoire au contrat de vente. Sa port\u00e9e est d&#8217;\u00e9tablir que le retard dans l&#8217;ex\u00e9cution des travaux justifie le remboursement des frais expos\u00e9s par l&#8217;acqu\u00e9reur.<\/p>\n<p>L&#8217;\u00e9valuation du pr\u00e9judice de jouissance et du pr\u00e9judice moral.<\/p>\n<p>Le tribunal distingue le pr\u00e9judice de jouissance, li\u00e9 \u00e0 l&#8217;impossibilit\u00e9 d&#8217;utiliser le v\u00e9hicule, du pr\u00e9judice moral. Pour le premier, il retient une utilisation moyenne de cinq jours sur sept, aboutissant \u00e0 2 360 euros. Pour le second, il n&#8217;accorde que 100 euros, estimant que la frustration est mod\u00e9r\u00e9e. La valeur de cette distinction est de pr\u00e9ciser les contours de la r\u00e9paration int\u00e9grale sans enrichissement. Sa port\u00e9e est de limiter l&#8217;indemnisation du pr\u00e9judice moral aux seuls troubles \u00e9motionnels av\u00e9r\u00e9s, distincts de la simple g\u00eane mat\u00e9rielle.<\/p>\n<\/div>\n<style scoped>.fondements-juridiques{margin:40px 0 0;padding:0}.fondements-juridiques>h2{font-size:22px;color:#1a1a1a;border-bottom:2px solid #2c5f8a;padding-bottom:10px;margin-bottom:20px}.fj-article{background:#fdfdfd;border:1px solid #e8e8e8;border-radius:6px;padding:20px;margin-bottom:16px}.fj-article h3{font-size:17px;color:#2c5f8a;margin:0 0 12px;font-weight:600}.fj-texte{font-size:15px;line-height:1.7;color:#333}.fj-texte p{margin:8px 0}.fj-badge{font-size:11px;padding:2px 8px;border-radius:3px;margin-left:8px;font-weight:500;vertical-align:middle}.fj-en-vigueur{background:#e8f5e9;color:#2e7d32}.fj-abroge{background:#ffebee;color:#c62828}.fj-modifie{background:#fff3e0;color:#e65100}<\/style>\n<section class=\"fondements-juridiques\">\n<h2 id=\"fondements-juridiques\">Fondements juridiques<\/h2>\n<div class=\"fj-article\">\n<h3><a href=\"https:\/\/www.legifrance.gouv.fr\/codes\/article_lc\/LEGIARTI000032010123\" rel=\"nofollow\" target=\"_blank\">Article 1231-1 du Code civil<\/a> <span class=\"fj-badge fj-en-vigueur\">En vigueur<\/span><\/h3>\n<div class=\"fj-texte\">\n<p>Le d\u00e9biteur est condamn\u00e9, s&#8217;il y a lieu, au paiement de dommages et int\u00e9r\u00eats soit \u00e0 raison de l&#8217;inex\u00e9cution de l&#8217;obligation, soit \u00e0 raison du retard dans l&#8217;ex\u00e9cution, s&#8217;il ne justifie pas que l&#8217;ex\u00e9cution a \u00e9t\u00e9 emp\u00each\u00e9e par la force majeure.<\/p>\n<\/div>\n<\/div>\n<\/section>\n","protected":false},"excerpt":{"rendered":"<p>Le tribunal judiciaire de Versailles, statuant en chambre de proximit\u00e9, a rendu un jugement r\u00e9put\u00e9 contradictoire le 20 janvier 2026. Une acheteuse a&#8230;<\/p>\n","protected":false},"author":232070755,"featured_media":4761,"comment_status":"open","ping_status":"open","sticky":false,"template":"","format":"standard","meta":{"_crdt_document":"","_jetpack_newsletter_access":"","_jetpack_dont_email_post_to_subs":false,"_jetpack_newsletter_tier_id":0,"_jetpack_memberships_contains_paywalled_content":false,"_kj_source_type":"judilibre","_kj_official_id":"69837308cdc6046d47e5f686","_kj_official_url":"https:\/\/www.courdecassation.fr\/decision\/69837308cdc6046d47e5f686","_kj_judilibre_id":"69837308cdc6046d47e5f686","_kj_jur":"Tribunal judiciaire","_kj_lieu":"Versailles","_kj_chambre":"TPX VER CG FOND","_kj_rg":"25\/00762","_kj_date":"2026-01-20","_jetpack_memberships_contains_paid_content":false,"footnotes":"","jetpack_post_was_ever_published":false},"categories":[6454,6440],"tags":[],"class_list":["post-749003","post","type-post","status-publish","format-standard","has-post-thumbnail","hentry","category-decisions-juridiques","category-tribunal-judiciaire"],"yoast_head":"<!-- This site is optimized with the Yoast SEO Premium plugin v27.5 (Yoast SEO v27.5) - https:\/\/yoast.com\/product\/yoast-seo-premium-wordpress\/ -->\n<title>Tribunal judiciaire de Versailles, le 20 janvier 2026, n\u00b025\/00762 - Ma\u00eetre Hassan Kohen, avocat en droit p\u00e9nal \u00e0 Paris<\/title>\n<meta name=\"description\" content=\"Le tribunal judiciaire de Versailles, statuant en chambre de proximit\u00e9, a rendu un jugement r\u00e9put\u00e9 contradictoire le 20 janvier 2026. Une acheteuse a...\" \/>\n<meta name=\"robots\" content=\"index, follow, max-snippet:-1, max-image-preview:large, max-video-preview:-1\" \/>\n<link rel=\"canonical\" href=\"https:\/\/kohenavocats.com\/zh-hans\/tribunal-judiciaire-de-versailles-le-20-janvier-2026-n25-00762\/\" \/>\n<meta property=\"og:locale\" content=\"zh_CN\" \/>\n<meta property=\"og:type\" content=\"article\" \/>\n<meta property=\"og:title\" content=\"Tribunal judiciaire de Versailles, le 20 janvier 2026, n\u00b025\/00762\" \/>\n<meta property=\"og:description\" content=\"Le tribunal judiciaire de Versailles, statuant en chambre de proximit\u00e9, a rendu un jugement r\u00e9put\u00e9 contradictoire le 20 janvier 2026. Une acheteuse a...\" \/>\n<meta property=\"og:url\" content=\"https:\/\/kohenavocats.com\/zh-hans\/tribunal-judiciaire-de-versailles-le-20-janvier-2026-n25-00762\/\" \/>\n<meta property=\"og:site_name\" content=\"Ma\u00eetre Hassan Kohen, avocat en droit p\u00e9nal \u00e0 Paris\" \/>\n<meta property=\"article:published_time\" content=\"2026-04-29T07:48:40+00:00\" \/>\n<meta property=\"og:image\" content=\"https:\/\/kohenavocats.com\/wp-content\/uploads\/2024\/08\/rosilaine-alves-674oH-T1wNo-unsplash-1.webp\" \/>\n\t<meta property=\"og:image:width\" content=\"2836\" \/>\n\t<meta property=\"og:image:height\" content=\"2257\" \/>\n\t<meta property=\"og:image:type\" content=\"image\/webp\" \/>\n<meta name=\"author\" content=\"Kohen\" \/>\n<meta name=\"twitter:card\" content=\"summary_large_image\" \/>\n<meta name=\"twitter:label1\" content=\"\u4f5c\u8005\" \/>\n\t<meta name=\"twitter:data1\" content=\"Kohen\" \/>\n\t<meta name=\"twitter:label2\" content=\"\u9884\u8ba1\u9605\u8bfb\u65f6\u95f4\" \/>\n\t<meta name=\"twitter:data2\" content=\"2 \u5206\" \/>\n<script type=\"application\/ld+json\" class=\"yoast-schema-graph\">{\"@context\":\"https:\\\/\\\/schema.org\",\"@graph\":[{\"@type\":\"Article\",\"@id\":\"https:\\\/\\\/kohenavocats.com\\\/zh-hans\\\/tribunal-judiciaire-de-versailles-le-20-janvier-2026-n25-00762\\\/#article\",\"isPartOf\":{\"@id\":\"https:\\\/\\\/kohenavocats.com\\\/zh-hans\\\/tribunal-judiciaire-de-versailles-le-20-janvier-2026-n25-00762\\\/\"},\"author\":{\"name\":\"Kohen\",\"@id\":\"https:\\\/\\\/kohenavocats.com\\\/zh-hans\\\/#\\\/schema\\\/person\\\/761c9ba54fa1ca84d405cef0831ff751\"},\"headline\":\"Tribunal judiciaire de Versailles, le 20 janvier 2026, n\u00b025\\\/00762\",\"datePublished\":\"2026-04-29T07:48:40+00:00\",\"mainEntityOfPage\":{\"@id\":\"https:\\\/\\\/kohenavocats.com\\\/zh-hans\\\/tribunal-judiciaire-de-versailles-le-20-janvier-2026-n25-00762\\\/\"},\"wordCount\":509,\"commentCount\":0,\"publisher\":{\"@id\":\"https:\\\/\\\/kohenavocats.com\\\/zh-hans\\\/#organization\"},\"image\":{\"@id\":\"https:\\\/\\\/kohenavocats.com\\\/zh-hans\\\/tribunal-judiciaire-de-versailles-le-20-janvier-2026-n25-00762\\\/#primaryimage\"},\"thumbnailUrl\":\"https:\\\/\\\/kohenavocats.com\\\/wp-content\\\/uploads\\\/2024\\\/08\\\/rosilaine-alves-674oH-T1wNo-unsplash-1.webp\",\"articleSection\":[\"D\u00e9cisions juridiques\",\"Tribunal judiciaire\"],\"inLanguage\":\"zh-Hans\",\"potentialAction\":[{\"@type\":\"CommentAction\",\"name\":\"Comment\",\"target\":[\"https:\\\/\\\/kohenavocats.com\\\/zh-hans\\\/tribunal-judiciaire-de-versailles-le-20-janvier-2026-n25-00762\\\/#respond\"]}],\"citation\":\"Tribunal judiciaire de Versailles, le 20 janvier 2026, n\u00b025\\\/00762\",\"about\":[{\"@type\":\"Thing\",\"name\":\"D\u00e9cisions juridiques\"},{\"@type\":\"Thing\",\"name\":\"Tribunal judiciaire\"}],\"dateModified\":\"2026-04-29T07:48:40+00:00\",\"speakable\":{\"@type\":\"SpeakableSpecification\",\"cssSelector\":[\".article-content > p:first-of-type\"]}},{\"@type\":\"WebPage\",\"@id\":\"https:\\\/\\\/kohenavocats.com\\\/zh-hans\\\/tribunal-judiciaire-de-versailles-le-20-janvier-2026-n25-00762\\\/\",\"url\":\"https:\\\/\\\/kohenavocats.com\\\/zh-hans\\\/tribunal-judiciaire-de-versailles-le-20-janvier-2026-n25-00762\\\/\",\"name\":\"Tribunal judiciaire de Versailles, le 20 janvier 2026, n\u00b025\\\/00762 - Ma\u00eetre Hassan Kohen, avocat en droit p\u00e9nal \u00e0 Paris\",\"isPartOf\":{\"@id\":\"https:\\\/\\\/kohenavocats.com\\\/zh-hans\\\/#website\"},\"primaryImageOfPage\":{\"@id\":\"https:\\\/\\\/kohenavocats.com\\\/zh-hans\\\/tribunal-judiciaire-de-versailles-le-20-janvier-2026-n25-00762\\\/#primaryimage\"},\"image\":{\"@id\":\"https:\\\/\\\/kohenavocats.com\\\/zh-hans\\\/tribunal-judiciaire-de-versailles-le-20-janvier-2026-n25-00762\\\/#primaryimage\"},\"thumbnailUrl\":\"https:\\\/\\\/kohenavocats.com\\\/wp-content\\\/uploads\\\/2024\\\/08\\\/rosilaine-alves-674oH-T1wNo-unsplash-1.webp\",\"datePublished\":\"2026-04-29T07:48:40+00:00\",\"description\":\"Le tribunal judiciaire de Versailles, statuant en chambre de proximit\u00e9, a rendu un jugement r\u00e9put\u00e9 contradictoire le 20 janvier 2026. Une acheteuse a...\",\"breadcrumb\":{\"@id\":\"https:\\\/\\\/kohenavocats.com\\\/zh-hans\\\/tribunal-judiciaire-de-versailles-le-20-janvier-2026-n25-00762\\\/#breadcrumb\"},\"inLanguage\":\"zh-Hans\",\"potentialAction\":[{\"@type\":\"ReadAction\",\"target\":[\"https:\\\/\\\/kohenavocats.com\\\/zh-hans\\\/tribunal-judiciaire-de-versailles-le-20-janvier-2026-n25-00762\\\/\"]}]},{\"@type\":\"ImageObject\",\"inLanguage\":\"zh-Hans\",\"@id\":\"https:\\\/\\\/kohenavocats.com\\\/zh-hans\\\/tribunal-judiciaire-de-versailles-le-20-janvier-2026-n25-00762\\\/#primaryimage\",\"url\":\"https:\\\/\\\/kohenavocats.com\\\/wp-content\\\/uploads\\\/2024\\\/08\\\/rosilaine-alves-674oH-T1wNo-unsplash-1.webp\",\"contentUrl\":\"https:\\\/\\\/kohenavocats.com\\\/wp-content\\\/uploads\\\/2024\\\/08\\\/rosilaine-alves-674oH-T1wNo-unsplash-1.webp\",\"width\":2836,\"height\":2257},{\"@type\":\"BreadcrumbList\",\"@id\":\"https:\\\/\\\/kohenavocats.com\\\/zh-hans\\\/tribunal-judiciaire-de-versailles-le-20-janvier-2026-n25-00762\\\/#breadcrumb\",\"itemListElement\":[{\"@type\":\"ListItem\",\"position\":1,\"name\":\"Home\",\"item\":\"https:\\\/\\\/kohenavocats.com\\\/zh-hans\\\/\"},{\"@type\":\"ListItem\",\"position\":2,\"name\":\"Tribunal judiciaire de Versailles, le 20 janvier 2026, n\u00b025\\\/00762\"}]},{\"@type\":\"WebSite\",\"@id\":\"https:\\\/\\\/kohenavocats.com\\\/zh-hans\\\/#website\",\"url\":\"https:\\\/\\\/kohenavocats.com\\\/zh-hans\\\/\",\"name\":\"Kohen Avocats\",\"description\":\"Ma\u00eetre Hassan Kohen, avocat p\u00e9naliste \u00e0 Paris, intervient exclusivement en droit p\u00e9nal pour la d\u00e9fense des particuliers, notamment en mati\u00e8re d\u2019accusations de viol. Il assure un accompagnement rigoureux d\u00e8s la garde \u00e0 vue jusqu\u2019\u00e0 la Cour d\u2019assises, veillant au strict respect des garanties proc\u00e9durales.\",\"publisher\":{\"@id\":\"https:\\\/\\\/kohenavocats.com\\\/zh-hans\\\/#organization\"},\"potentialAction\":[{\"@type\":\"SearchAction\",\"target\":{\"@type\":\"EntryPoint\",\"urlTemplate\":\"https:\\\/\\\/kohenavocats.com\\\/zh-hans\\\/?s={search_term_string}\"},\"query-input\":{\"@type\":\"PropertyValueSpecification\",\"valueRequired\":true,\"valueName\":\"search_term_string\"}}],\"inLanguage\":\"zh-Hans\"},{\"@type\":\"Organization\",\"@id\":\"https:\\\/\\\/kohenavocats.com\\\/zh-hans\\\/#organization\",\"name\":\"Kohen Avocats\",\"url\":\"https:\\\/\\\/kohenavocats.com\\\/zh-hans\\\/\",\"logo\":{\"@type\":\"ImageObject\",\"inLanguage\":\"zh-Hans\",\"@id\":\"https:\\\/\\\/kohenavocats.com\\\/zh-hans\\\/#\\\/schema\\\/logo\\\/image\\\/\",\"url\":\"https:\\\/\\\/kohenavocats.com\\\/wp-content\\\/uploads\\\/2026\\\/01\\\/Logo-2-1.webp\",\"contentUrl\":\"https:\\\/\\\/kohenavocats.com\\\/wp-content\\\/uploads\\\/2026\\\/01\\\/Logo-2-1.webp\",\"width\":2114,\"height\":1253,\"caption\":\"Kohen Avocats\"},\"image\":{\"@id\":\"https:\\\/\\\/kohenavocats.com\\\/zh-hans\\\/#\\\/schema\\\/logo\\\/image\\\/\"}},{\"@type\":\"Person\",\"@id\":\"https:\\\/\\\/kohenavocats.com\\\/zh-hans\\\/#\\\/schema\\\/person\\\/761c9ba54fa1ca84d405cef0831ff751\",\"name\":\"Kohen\",\"image\":{\"@type\":\"ImageObject\",\"inLanguage\":\"zh-Hans\",\"@id\":\"https:\\\/\\\/secure.gravatar.com\\\/avatar\\\/1c5e76ef76bbbfdd2b4da984e2bf2fa4056fd51a27d25ce2c332047f1dfd6e00?s=96&d=identicon&r=g\",\"url\":\"https:\\\/\\\/secure.gravatar.com\\\/avatar\\\/1c5e76ef76bbbfdd2b4da984e2bf2fa4056fd51a27d25ce2c332047f1dfd6e00?s=96&d=identicon&r=g\",\"contentUrl\":\"https:\\\/\\\/secure.gravatar.com\\\/avatar\\\/1c5e76ef76bbbfdd2b4da984e2bf2fa4056fd51a27d25ce2c332047f1dfd6e00?s=96&d=identicon&r=g\",\"caption\":\"Kohen\"},\"sameAs\":[\"https:\\\/\\\/www.linkedin.com\\\/in\\\/hassan-kohen-448548192\\\/\",\"https:\\\/\\\/www.youtube.com\\\/@Kohen-Avocats\"],\"url\":\"https:\\\/\\\/kohenavocats.com\\\/zh-hans\\\/author\\\/kohenmlk\\\/\"}]}<\/script>\n<!-- \/ Yoast SEO Premium plugin. -->","yoast_head_json":{"title":"Tribunal judiciaire de Versailles, le 20 janvier 2026, n\u00b025\/00762 - Ma\u00eetre Hassan Kohen, avocat en droit p\u00e9nal \u00e0 Paris","description":"Le tribunal judiciaire de Versailles, statuant en chambre de proximit\u00e9, a rendu un jugement r\u00e9put\u00e9 contradictoire le 20 janvier 2026. Une acheteuse a...","robots":{"index":"index","follow":"follow","max-snippet":"max-snippet:-1","max-image-preview":"max-image-preview:large","max-video-preview":"max-video-preview:-1"},"canonical":"https:\/\/kohenavocats.com\/zh-hans\/tribunal-judiciaire-de-versailles-le-20-janvier-2026-n25-00762\/","og_locale":"zh_CN","og_type":"article","og_title":"Tribunal judiciaire de Versailles, le 20 janvier 2026, n\u00b025\/00762","og_description":"Le tribunal judiciaire de Versailles, statuant en chambre de proximit\u00e9, a rendu un jugement r\u00e9put\u00e9 contradictoire le 20 janvier 2026. Une acheteuse a...","og_url":"https:\/\/kohenavocats.com\/zh-hans\/tribunal-judiciaire-de-versailles-le-20-janvier-2026-n25-00762\/","og_site_name":"Ma\u00eetre Hassan Kohen, avocat en droit p\u00e9nal \u00e0 Paris","article_published_time":"2026-04-29T07:48:40+00:00","og_image":[{"width":2836,"height":2257,"url":"https:\/\/kohenavocats.com\/wp-content\/uploads\/2024\/08\/rosilaine-alves-674oH-T1wNo-unsplash-1.webp","type":"image\/webp"}],"author":"Kohen","twitter_card":"summary_large_image","twitter_misc":{"\u4f5c\u8005":"Kohen","\u9884\u8ba1\u9605\u8bfb\u65f6\u95f4":"2 \u5206"},"schema":{"@context":"https:\/\/schema.org","@graph":[{"@type":"Article","@id":"https:\/\/kohenavocats.com\/zh-hans\/tribunal-judiciaire-de-versailles-le-20-janvier-2026-n25-00762\/#article","isPartOf":{"@id":"https:\/\/kohenavocats.com\/zh-hans\/tribunal-judiciaire-de-versailles-le-20-janvier-2026-n25-00762\/"},"author":{"name":"Kohen","@id":"https:\/\/kohenavocats.com\/zh-hans\/#\/schema\/person\/761c9ba54fa1ca84d405cef0831ff751"},"headline":"Tribunal judiciaire de Versailles, le 20 janvier 2026, n\u00b025\/00762","datePublished":"2026-04-29T07:48:40+00:00","mainEntityOfPage":{"@id":"https:\/\/kohenavocats.com\/zh-hans\/tribunal-judiciaire-de-versailles-le-20-janvier-2026-n25-00762\/"},"wordCount":509,"commentCount":0,"publisher":{"@id":"https:\/\/kohenavocats.com\/zh-hans\/#organization"},"image":{"@id":"https:\/\/kohenavocats.com\/zh-hans\/tribunal-judiciaire-de-versailles-le-20-janvier-2026-n25-00762\/#primaryimage"},"thumbnailUrl":"https:\/\/kohenavocats.com\/wp-content\/uploads\/2024\/08\/rosilaine-alves-674oH-T1wNo-unsplash-1.webp","articleSection":["D\u00e9cisions juridiques","Tribunal judiciaire"],"inLanguage":"zh-Hans","potentialAction":[{"@type":"CommentAction","name":"Comment","target":["https:\/\/kohenavocats.com\/zh-hans\/tribunal-judiciaire-de-versailles-le-20-janvier-2026-n25-00762\/#respond"]}],"citation":"Tribunal judiciaire de Versailles, le 20 janvier 2026, n\u00b025\/00762","about":[{"@type":"Thing","name":"D\u00e9cisions juridiques"},{"@type":"Thing","name":"Tribunal judiciaire"}],"dateModified":"2026-04-29T07:48:40+00:00","speakable":{"@type":"SpeakableSpecification","cssSelector":[".article-content > p:first-of-type"]}},{"@type":"WebPage","@id":"https:\/\/kohenavocats.com\/zh-hans\/tribunal-judiciaire-de-versailles-le-20-janvier-2026-n25-00762\/","url":"https:\/\/kohenavocats.com\/zh-hans\/tribunal-judiciaire-de-versailles-le-20-janvier-2026-n25-00762\/","name":"Tribunal judiciaire de Versailles, le 20 janvier 2026, n\u00b025\/00762 - Ma\u00eetre Hassan Kohen, avocat en droit p\u00e9nal \u00e0 Paris","isPartOf":{"@id":"https:\/\/kohenavocats.com\/zh-hans\/#website"},"primaryImageOfPage":{"@id":"https:\/\/kohenavocats.com\/zh-hans\/tribunal-judiciaire-de-versailles-le-20-janvier-2026-n25-00762\/#primaryimage"},"image":{"@id":"https:\/\/kohenavocats.com\/zh-hans\/tribunal-judiciaire-de-versailles-le-20-janvier-2026-n25-00762\/#primaryimage"},"thumbnailUrl":"https:\/\/kohenavocats.com\/wp-content\/uploads\/2024\/08\/rosilaine-alves-674oH-T1wNo-unsplash-1.webp","datePublished":"2026-04-29T07:48:40+00:00","description":"Le tribunal judiciaire de Versailles, statuant en chambre de proximit\u00e9, a rendu un jugement r\u00e9put\u00e9 contradictoire le 20 janvier 2026. Une acheteuse a...","breadcrumb":{"@id":"https:\/\/kohenavocats.com\/zh-hans\/tribunal-judiciaire-de-versailles-le-20-janvier-2026-n25-00762\/#breadcrumb"},"inLanguage":"zh-Hans","potentialAction":[{"@type":"ReadAction","target":["https:\/\/kohenavocats.com\/zh-hans\/tribunal-judiciaire-de-versailles-le-20-janvier-2026-n25-00762\/"]}]},{"@type":"ImageObject","inLanguage":"zh-Hans","@id":"https:\/\/kohenavocats.com\/zh-hans\/tribunal-judiciaire-de-versailles-le-20-janvier-2026-n25-00762\/#primaryimage","url":"https:\/\/kohenavocats.com\/wp-content\/uploads\/2024\/08\/rosilaine-alves-674oH-T1wNo-unsplash-1.webp","contentUrl":"https:\/\/kohenavocats.com\/wp-content\/uploads\/2024\/08\/rosilaine-alves-674oH-T1wNo-unsplash-1.webp","width":2836,"height":2257},{"@type":"BreadcrumbList","@id":"https:\/\/kohenavocats.com\/zh-hans\/tribunal-judiciaire-de-versailles-le-20-janvier-2026-n25-00762\/#breadcrumb","itemListElement":[{"@type":"ListItem","position":1,"name":"Home","item":"https:\/\/kohenavocats.com\/zh-hans\/"},{"@type":"ListItem","position":2,"name":"Tribunal judiciaire de Versailles, le 20 janvier 2026, n\u00b025\/00762"}]},{"@type":"WebSite","@id":"https:\/\/kohenavocats.com\/zh-hans\/#website","url":"https:\/\/kohenavocats.com\/zh-hans\/","name":"Kohen Avocats","description":"Ma\u00eetre Hassan Kohen, avocat p\u00e9naliste \u00e0 Paris, intervient exclusivement en droit p\u00e9nal pour la d\u00e9fense des particuliers, notamment en mati\u00e8re d\u2019accusations de viol. Il assure un accompagnement rigoureux d\u00e8s la garde \u00e0 vue jusqu\u2019\u00e0 la Cour d\u2019assises, veillant au strict respect des garanties proc\u00e9durales.","publisher":{"@id":"https:\/\/kohenavocats.com\/zh-hans\/#organization"},"potentialAction":[{"@type":"SearchAction","target":{"@type":"EntryPoint","urlTemplate":"https:\/\/kohenavocats.com\/zh-hans\/?s={search_term_string}"},"query-input":{"@type":"PropertyValueSpecification","valueRequired":true,"valueName":"search_term_string"}}],"inLanguage":"zh-Hans"},{"@type":"Organization","@id":"https:\/\/kohenavocats.com\/zh-hans\/#organization","name":"Kohen Avocats","url":"https:\/\/kohenavocats.com\/zh-hans\/","logo":{"@type":"ImageObject","inLanguage":"zh-Hans","@id":"https:\/\/kohenavocats.com\/zh-hans\/#\/schema\/logo\/image\/","url":"https:\/\/kohenavocats.com\/wp-content\/uploads\/2026\/01\/Logo-2-1.webp","contentUrl":"https:\/\/kohenavocats.com\/wp-content\/uploads\/2026\/01\/Logo-2-1.webp","width":2114,"height":1253,"caption":"Kohen Avocats"},"image":{"@id":"https:\/\/kohenavocats.com\/zh-hans\/#\/schema\/logo\/image\/"}},{"@type":"Person","@id":"https:\/\/kohenavocats.com\/zh-hans\/#\/schema\/person\/761c9ba54fa1ca84d405cef0831ff751","name":"Kohen","image":{"@type":"ImageObject","inLanguage":"zh-Hans","@id":"https:\/\/secure.gravatar.com\/avatar\/1c5e76ef76bbbfdd2b4da984e2bf2fa4056fd51a27d25ce2c332047f1dfd6e00?s=96&d=identicon&r=g","url":"https:\/\/secure.gravatar.com\/avatar\/1c5e76ef76bbbfdd2b4da984e2bf2fa4056fd51a27d25ce2c332047f1dfd6e00?s=96&d=identicon&r=g","contentUrl":"https:\/\/secure.gravatar.com\/avatar\/1c5e76ef76bbbfdd2b4da984e2bf2fa4056fd51a27d25ce2c332047f1dfd6e00?s=96&d=identicon&r=g","caption":"Kohen"},"sameAs":["https:\/\/www.linkedin.com\/in\/hassan-kohen-448548192\/","https:\/\/www.youtube.com\/@Kohen-Avocats"],"url":"https:\/\/kohenavocats.com\/zh-hans\/author\/kohenmlk\/"}]}},"jetpack_featured_media_url":"https:\/\/kohenavocats.com\/wp-content\/uploads\/2024\/08\/rosilaine-alves-674oH-T1wNo-unsplash-1.webp","jetpack_likes_enabled":false,"jetpack_shortlink":"https:\/\/wp.me\/peCrII-38QH","jetpack-related-posts":[{"id":457125,"url":"https:\/\/kohenavocats.com\/zh-hans\/caa-caa-de-versailles-20-01-2026-n-23ve02017\/","url_meta":{"origin":749003,"position":0},"title":"CAA \u2013 CAA de VERSAILLES \u2013 20\/01\/2026 \u2013 n\u00b0 23VE02017","author":"Kohen","date":"2026\u5e744\u67087\u65e5","format":false,"excerpt":"La cour administrative d'appel de Versailles, par \u2026","rel":"","context":"\u5728\u201cJuridictions administratives\u201d\u4e2d","block_context":{"text":"Juridictions administratives","link":"https:\/\/kohenavocats.com\/category\/juridictions-administratives\/"},"img":{"alt_text":"","src":"https:\/\/i0.wp.com\/kohenavocats.com\/wp-content\/uploads\/2024\/11\/allison-saeng-otvLRPkYfIo-unsplash.webp?resize=350%2C200&ssl=1","width":350,"height":200,"srcset":"https:\/\/i0.wp.com\/kohenavocats.com\/wp-content\/uploads\/2024\/11\/allison-saeng-otvLRPkYfIo-unsplash.webp?resize=350%2C200&ssl=1 1x, https:\/\/i0.wp.com\/kohenavocats.com\/wp-content\/uploads\/2024\/11\/allison-saeng-otvLRPkYfIo-unsplash.webp?resize=525%2C300&ssl=1 1.5x, https:\/\/i0.wp.com\/kohenavocats.com\/wp-content\/uploads\/2024\/11\/allison-saeng-otvLRPkYfIo-unsplash.webp?resize=700%2C400&ssl=1 2x, https:\/\/i0.wp.com\/kohenavocats.com\/wp-content\/uploads\/2024\/11\/allison-saeng-otvLRPkYfIo-unsplash.webp?resize=1050%2C600&ssl=1 3x, https:\/\/i0.wp.com\/kohenavocats.com\/wp-content\/uploads\/2024\/11\/allison-saeng-otvLRPkYfIo-unsplash.webp?resize=1400%2C800&ssl=1 4x"},"classes":[]},{"id":498181,"url":"https:\/\/kohenavocats.com\/zh-hans\/tribunal-judiciaire-de-versailles-le-27-novembre-2025-n24-04196\/","url_meta":{"origin":749003,"position":1},"title":"Tribunal judiciaire de Versailles, le 27 novembre 2025, n\u00b024\/04196","author":"Kohen","date":"2026\u5e744\u67088\u65e5","format":false,"excerpt":"Le tribunal judiciaire de Versailles, le 27 novemb\u2026","rel":"","context":"\u5728\u201cD\u00e9cisions juridiques\u201d\u4e2d","block_context":{"text":"D\u00e9cisions juridiques","link":"https:\/\/kohenavocats.com\/category\/decisions-juridiques\/"},"img":{"alt_text":"","src":"https:\/\/i0.wp.com\/kohenavocats.com\/wp-content\/uploads\/2024\/07\/pierre-bamin-SnQnWFVPp-4-unsplash.webp?resize=350%2C200&ssl=1","width":350,"height":200,"srcset":"https:\/\/i0.wp.com\/kohenavocats.com\/wp-content\/uploads\/2024\/07\/pierre-bamin-SnQnWFVPp-4-unsplash.webp?resize=350%2C200&ssl=1 1x, https:\/\/i0.wp.com\/kohenavocats.com\/wp-content\/uploads\/2024\/07\/pierre-bamin-SnQnWFVPp-4-unsplash.webp?resize=525%2C300&ssl=1 1.5x, https:\/\/i0.wp.com\/kohenavocats.com\/wp-content\/uploads\/2024\/07\/pierre-bamin-SnQnWFVPp-4-unsplash.webp?resize=700%2C400&ssl=1 2x, https:\/\/i0.wp.com\/kohenavocats.com\/wp-content\/uploads\/2024\/07\/pierre-bamin-SnQnWFVPp-4-unsplash.webp?resize=1050%2C600&ssl=1 3x, https:\/\/i0.wp.com\/kohenavocats.com\/wp-content\/uploads\/2024\/07\/pierre-bamin-SnQnWFVPp-4-unsplash.webp?resize=1400%2C800&ssl=1 4x"},"classes":[]},{"id":441271,"url":"https:\/\/kohenavocats.com\/zh-hans\/cour-de-cassation-le-28-janvier-2026-n24-17-532\/","url_meta":{"origin":749003,"position":2},"title":"Cour de cassation, le 28 janvier 2026, n\u00b024-17.532","author":"","date":"2026\u5e744\u67084\u65e5","format":false,"excerpt":"La d\u00e9cision du 28 janvier 2026 illustre le contr\u00f4l\u2026","rel":"","context":"\u5728\u201cCour de cassation\u201d\u4e2d","block_context":{"text":"Cour de cassation","link":"https:\/\/kohenavocats.com\/category\/cour-de-cassation\/"},"img":{"alt_text":"","src":"https:\/\/i0.wp.com\/kohenavocats.com\/wp-content\/uploads\/2024\/11\/mohamed-nohassi-wHmB_RPpurI-unsplash.webp?resize=350%2C200&ssl=1","width":350,"height":200,"srcset":"https:\/\/i0.wp.com\/kohenavocats.com\/wp-content\/uploads\/2024\/11\/mohamed-nohassi-wHmB_RPpurI-unsplash.webp?resize=350%2C200&ssl=1 1x, https:\/\/i0.wp.com\/kohenavocats.com\/wp-content\/uploads\/2024\/11\/mohamed-nohassi-wHmB_RPpurI-unsplash.webp?resize=525%2C300&ssl=1 1.5x, https:\/\/i0.wp.com\/kohenavocats.com\/wp-content\/uploads\/2024\/11\/mohamed-nohassi-wHmB_RPpurI-unsplash.webp?resize=700%2C400&ssl=1 2x, https:\/\/i0.wp.com\/kohenavocats.com\/wp-content\/uploads\/2024\/11\/mohamed-nohassi-wHmB_RPpurI-unsplash.webp?resize=1050%2C600&ssl=1 3x, https:\/\/i0.wp.com\/kohenavocats.com\/wp-content\/uploads\/2024\/11\/mohamed-nohassi-wHmB_RPpurI-unsplash.webp?resize=1400%2C800&ssl=1 4x"},"classes":[]},{"id":489703,"url":"https:\/\/kohenavocats.com\/zh-hans\/tribunal-de-commerce-le-20-novembre-2025-n2025001999\/","url_meta":{"origin":749003,"position":3},"title":"Tribunal de commerce, le 20 novembre 2025, n\u00b02025001999","author":"Kohen","date":"2026\u5e744\u67088\u65e5","format":false,"excerpt":"Le Tribunal des activit\u00e9s \u00e9conomiques du Mans, le \u2026","rel":"","context":"\u5728\u201cD\u00e9cisions juridiques\u201d\u4e2d","block_context":{"text":"D\u00e9cisions juridiques","link":"https:\/\/kohenavocats.com\/category\/decisions-juridiques\/"},"img":{"alt_text":"","src":"https:\/\/i0.wp.com\/kohenavocats.com\/wp-content\/uploads\/2024\/11\/mohamed-nohassi-_amjPlrSrKA-unsplash.webp?resize=350%2C200&ssl=1","width":350,"height":200,"srcset":"https:\/\/i0.wp.com\/kohenavocats.com\/wp-content\/uploads\/2024\/11\/mohamed-nohassi-_amjPlrSrKA-unsplash.webp?resize=350%2C200&ssl=1 1x, https:\/\/i0.wp.com\/kohenavocats.com\/wp-content\/uploads\/2024\/11\/mohamed-nohassi-_amjPlrSrKA-unsplash.webp?resize=525%2C300&ssl=1 1.5x, https:\/\/i0.wp.com\/kohenavocats.com\/wp-content\/uploads\/2024\/11\/mohamed-nohassi-_amjPlrSrKA-unsplash.webp?resize=700%2C400&ssl=1 2x, https:\/\/i0.wp.com\/kohenavocats.com\/wp-content\/uploads\/2024\/11\/mohamed-nohassi-_amjPlrSrKA-unsplash.webp?resize=1050%2C600&ssl=1 3x, https:\/\/i0.wp.com\/kohenavocats.com\/wp-content\/uploads\/2024\/11\/mohamed-nohassi-_amjPlrSrKA-unsplash.webp?resize=1400%2C800&ssl=1 4x"},"classes":[]},{"id":457527,"url":"https:\/\/kohenavocats.com\/zh-hans\/caa-caa-de-versailles-05-01-2026-n-24ve03290\/","url_meta":{"origin":749003,"position":4},"title":"CAA \u2013 CAA de VERSAILLES \u2013 05\/01\/2026 \u2013 n\u00b0 24VE03290","author":"Kohen","date":"2026\u5e744\u67087\u65e5","format":false,"excerpt":"Par un arr\u00eat rendu le 5 janvier 2026, la Cour admi\u2026","rel":"","context":"\u5728\u201cJuridictions administratives\u201d\u4e2d","block_context":{"text":"Juridictions administratives","link":"https:\/\/kohenavocats.com\/category\/juridictions-administratives\/"},"img":{"alt_text":"","src":"https:\/\/i0.wp.com\/kohenavocats.com\/wp-content\/uploads\/2024\/08\/leonhard-niederwimmer-GOqi8yEDEsE-unsplash.webp?resize=350%2C200&ssl=1","width":350,"height":200,"srcset":"https:\/\/i0.wp.com\/kohenavocats.com\/wp-content\/uploads\/2024\/08\/leonhard-niederwimmer-GOqi8yEDEsE-unsplash.webp?resize=350%2C200&ssl=1 1x, https:\/\/i0.wp.com\/kohenavocats.com\/wp-content\/uploads\/2024\/08\/leonhard-niederwimmer-GOqi8yEDEsE-unsplash.webp?resize=525%2C300&ssl=1 1.5x, https:\/\/i0.wp.com\/kohenavocats.com\/wp-content\/uploads\/2024\/08\/leonhard-niederwimmer-GOqi8yEDEsE-unsplash.webp?resize=700%2C400&ssl=1 2x, https:\/\/i0.wp.com\/kohenavocats.com\/wp-content\/uploads\/2024\/08\/leonhard-niederwimmer-GOqi8yEDEsE-unsplash.webp?resize=1050%2C600&ssl=1 3x, https:\/\/i0.wp.com\/kohenavocats.com\/wp-content\/uploads\/2024\/08\/leonhard-niederwimmer-GOqi8yEDEsE-unsplash.webp?resize=1400%2C800&ssl=1 4x"},"classes":[]},{"id":457530,"url":"https:\/\/kohenavocats.com\/zh-hans\/caa-caa-de-versailles-08-01-2026-n-23ve01691\/","url_meta":{"origin":749003,"position":5},"title":"CAA \u2013 CAA de VERSAILLES \u2013 08\/01\/2026 \u2013 n\u00b0 23VE01691","author":"Kohen","date":"2026\u5e744\u67087\u65e5","format":false,"excerpt":"La cour administrative d'appel de Versailles a ren\u2026","rel":"","context":"\u5728\u201cJuridictions administratives\u201d\u4e2d","block_context":{"text":"Juridictions administratives","link":"https:\/\/kohenavocats.com\/category\/juridictions-administratives\/"},"img":{"alt_text":"","src":"https:\/\/i0.wp.com\/kohenavocats.com\/wp-content\/uploads\/2024\/08\/louis-paulin-SYJrwRyI51E-unsplash-1.webp?resize=350%2C200&ssl=1","width":350,"height":200,"srcset":"https:\/\/i0.wp.com\/kohenavocats.com\/wp-content\/uploads\/2024\/08\/louis-paulin-SYJrwRyI51E-unsplash-1.webp?resize=350%2C200&ssl=1 1x, https:\/\/i0.wp.com\/kohenavocats.com\/wp-content\/uploads\/2024\/08\/louis-paulin-SYJrwRyI51E-unsplash-1.webp?resize=525%2C300&ssl=1 1.5x, https:\/\/i0.wp.com\/kohenavocats.com\/wp-content\/uploads\/2024\/08\/louis-paulin-SYJrwRyI51E-unsplash-1.webp?resize=700%2C400&ssl=1 2x, https:\/\/i0.wp.com\/kohenavocats.com\/wp-content\/uploads\/2024\/08\/louis-paulin-SYJrwRyI51E-unsplash-1.webp?resize=1050%2C600&ssl=1 3x, https:\/\/i0.wp.com\/kohenavocats.com\/wp-content\/uploads\/2024\/08\/louis-paulin-SYJrwRyI51E-unsplash-1.webp?resize=1400%2C800&ssl=1 4x"},"classes":[]}],"jetpack_sharing_enabled":true,"_links":{"self":[{"href":"https:\/\/kohenavocats.com\/zh-hans\/wp-json\/wp\/v2\/posts\/749003","targetHints":{"allow":["GET"]}}],"collection":[{"href":"https:\/\/kohenavocats.com\/zh-hans\/wp-json\/wp\/v2\/posts"}],"about":[{"href":"https:\/\/kohenavocats.com\/zh-hans\/wp-json\/wp\/v2\/types\/post"}],"author":[{"embeddable":true,"href":"https:\/\/kohenavocats.com\/zh-hans\/wp-json\/wp\/v2\/users\/232070755"}],"replies":[{"embeddable":true,"href":"https:\/\/kohenavocats.com\/zh-hans\/wp-json\/wp\/v2\/comments?post=749003"}],"version-history":[{"count":0,"href":"https:\/\/kohenavocats.com\/zh-hans\/wp-json\/wp\/v2\/posts\/749003\/revisions"}],"wp:featuredmedia":[{"embeddable":true,"href":"https:\/\/kohenavocats.com\/zh-hans\/wp-json\/wp\/v2\/media\/4761"}],"wp:attachment":[{"href":"https:\/\/kohenavocats.com\/zh-hans\/wp-json\/wp\/v2\/media?parent=749003"}],"wp:term":[{"taxonomy":"category","embeddable":true,"href":"https:\/\/kohenavocats.com\/zh-hans\/wp-json\/wp\/v2\/categories?post=749003"},{"taxonomy":"post_tag","embeddable":true,"href":"https:\/\/kohenavocats.com\/zh-hans\/wp-json\/wp\/v2\/tags?post=749003"}],"curies":[{"name":"wp","href":"https:\/\/api.w.org\/{rel}","templated":true}]}}