{"id":763517,"date":"2026-04-29T22:07:45","date_gmt":"2026-04-29T20:07:45","guid":{"rendered":"https:\/\/kohenavocats.com\/cour-dappel-de-paris-le-13-janvier-2026-n25-10144\/"},"modified":"2026-04-29T22:07:45","modified_gmt":"2026-04-29T20:07:45","slug":"cour-dappel-de-paris-le-13-janvier-2026-n25-10144","status":"publish","type":"post","link":"https:\/\/kohenavocats.com\/zh-hans\/cour-dappel-de-paris-le-13-janvier-2026-n25-10144\/","title":{"rendered":"Cour d&#8217;appel de Paris, le 13 janvier 2026, n\u00b025\/10144"},"content":{"rendered":"<div class=\"article-content\">\n<p>La cour d\u2019appel de Paris, dans son arr\u00eat du 13 janvier 2026, a \u00e9t\u00e9 saisie d\u2019un appel contre un jugement ayant ouvert une liquidation judiciaire. La soci\u00e9t\u00e9 appelante contestait son \u00e9tat de cessation des paiements et sollicitait, \u00e0 titre subsidiaire, l\u2019ouverture d\u2019un redressement judiciaire. La question centrale \u00e9tait de savoir si le redressement de la d\u00e9bitrice \u00e9tait manifestement impossible. La cour a infirm\u00e9 partiellement le jugement pour ouvrir un redressement judiciaire.<\/p>\n<p>La cessation des paiements est confirm\u00e9e par l\u2019insuffisance de l\u2019actif disponible face au passif exigible. La cour rappelle que l\u2019\u00e9tat de cessation des paiements s\u2019appr\u00e9cie au jour o\u00f9 elle statue. Elle \u00e9carte du passif exigible la cr\u00e9ance de pr\u00eat r\u00e9sili\u00e9 le jour du jugement, car il ne peut \u00eatre comptabilis\u00e9 comme un passif exigible au sens de l\u2019article L. 631-1 du code de commerce. Le passif exigible est ainsi fix\u00e9 \u00e0 77 045,14 euros, tandis que l\u2019actif disponible n\u2019est que de 5 254 euros. La cour confirme donc la cessation des paiements, ce qui constitue le socle n\u00e9cessaire \u00e0 toute proc\u00e9dure collective. La valeur de cette solution est de r\u00e9affirmer que la r\u00e9siliation d\u2019un pr\u00eat par l\u2019effet du jugement d\u2019ouverture ne cr\u00e9e pas un passif exigible ant\u00e9rieur. Sa port\u00e9e est de prot\u00e9ger le d\u00e9biteur contre une aggravation artificielle de son passif au moment de l\u2019ouverture.<\/p>\n<p>Le redressement n\u2019est pas manifestement impossible au regard des r\u00e9sultats b\u00e9n\u00e9ficiaires de la soci\u00e9t\u00e9. La cour rel\u00e8ve que la soci\u00e9t\u00e9 a r\u00e9alis\u00e9 des b\u00e9n\u00e9fices croissants sur les trois derniers exercices, atteignant 50 681 euros en 2024. Elle en d\u00e9duit que ces r\u00e9sultats d\u00e9montrent une capacit\u00e9 d\u2019exploitation exc\u00e9dentaire et laissent augurer une capacit\u00e9 moyenne \u00e0 rembourser ses dettes dans le cadre d\u2019un plan d\u2019environ 23 000 euros par an. La cour infirme donc le jugement sur ce point et ouvre un redressement judiciaire avec une p\u00e9riode d\u2019observation de six mois. La valeur de cette solution est de privil\u00e9gier la sauvegarde de l\u2019entreprise lorsque ses performances pass\u00e9es et ses pr\u00e9visions rendent un plan viable. Sa port\u00e9e est d\u2019\u00e9carter la liquidation judiciaire d\u00e8s lors que le redressement n\u2019est pas manifestement impossible, m\u00eame en pr\u00e9sence d\u2019un passif exigible important.<\/p>\n<\/div>\n","protected":false},"excerpt":{"rendered":"<p>La cour d\u2019appel de Paris, dans son arr\u00eat du 13 janvier 2026, a \u00e9t\u00e9 saisie d\u2019un appel contre un jugement ayant ouvert une liquidation judiciaire. La soci\u00e9t\u00e9 a&#8230;<\/p>\n","protected":false},"author":232070755,"featured_media":4856,"comment_status":"open","ping_status":"open","sticky":false,"template":"","format":"standard","meta":{"_crdt_document":"","_jetpack_newsletter_access":"","_jetpack_dont_email_post_to_subs":false,"_jetpack_newsletter_tier_id":0,"_jetpack_memberships_contains_paywalled_content":false,"_kj_source_type":"judilibre","_kj_official_id":"69676dd3cdc6046d473e960c","_kj_official_url":"https:\/\/www.courdecassation.fr\/decision\/69676dd3cdc6046d473e960c","_kj_judilibre_id":"69676dd3cdc6046d473e960c","_kj_jur":"Cour d'appel","_kj_lieu":"Paris","_kj_chambre":"P\u00f4le 5 - Chambre 8","_kj_rg":"25\/10144","_kj_date":"2026-01-13","_jetpack_memberships_contains_paid_content":false,"footnotes":"","jetpack_post_was_ever_published":false},"categories":[7597],"tags":[],"class_list":["post-763517","post","type-post","status-publish","format-standard","has-post-thumbnail","hentry","category-jurisprudence"],"yoast_head":"<!-- This site is optimized with the Yoast SEO Premium plugin v27.5 (Yoast SEO v27.5) - https:\/\/yoast.com\/product\/yoast-seo-premium-wordpress\/ -->\n<title>Cour d&#039;appel de Paris, le 13 janvier 2026, n\u00b025\/10144 - Ma\u00eetre Hassan Kohen, avocat en droit p\u00e9nal \u00e0 Paris<\/title>\n<meta name=\"description\" content=\"La cour d\u2019appel de Paris, dans son arr\u00eat du 13 janvier 2026, a \u00e9t\u00e9 saisie d\u2019un appel contre un jugement ayant ouvert une liquidation judiciaire. La soci\u00e9t\u00e9 a...\" \/>\n<meta name=\"robots\" content=\"index, follow, max-snippet:-1, max-image-preview:large, max-video-preview:-1\" \/>\n<link rel=\"canonical\" href=\"https:\/\/kohenavocats.com\/zh-hans\/cour-dappel-de-paris-le-13-janvier-2026-n25-10144\/\" \/>\n<meta property=\"og:locale\" content=\"zh_CN\" \/>\n<meta property=\"og:type\" content=\"article\" \/>\n<meta property=\"og:title\" content=\"Cour d&#039;appel de Paris, le 13 janvier 2026, n\u00b025\/10144\" \/>\n<meta property=\"og:description\" content=\"La cour d\u2019appel de Paris, dans son arr\u00eat du 13 janvier 2026, a \u00e9t\u00e9 saisie d\u2019un appel contre un jugement ayant ouvert une liquidation judiciaire. La soci\u00e9t\u00e9 a...\" \/>\n<meta property=\"og:url\" content=\"https:\/\/kohenavocats.com\/zh-hans\/cour-dappel-de-paris-le-13-janvier-2026-n25-10144\/\" \/>\n<meta property=\"og:site_name\" content=\"Ma\u00eetre Hassan Kohen, avocat en droit p\u00e9nal \u00e0 Paris\" \/>\n<meta property=\"article:published_time\" content=\"2026-04-29T20:07:45+00:00\" \/>\n<meta property=\"og:image\" content=\"https:\/\/kohenavocats.com\/wp-content\/uploads\/2024\/08\/mahdi-samadzad-8wGLqHdkKbk-unsplash.webp\" \/>\n\t<meta property=\"og:image:width\" content=\"2965\" \/>\n\t<meta property=\"og:image:height\" content=\"2372\" \/>\n\t<meta property=\"og:image:type\" content=\"image\/webp\" \/>\n<meta name=\"author\" content=\"Kohen\" \/>\n<meta name=\"twitter:card\" content=\"summary_large_image\" \/>\n<meta name=\"twitter:label1\" content=\"\u4f5c\u8005\" \/>\n\t<meta name=\"twitter:data1\" content=\"Kohen\" \/>\n\t<meta name=\"twitter:label2\" content=\"\u9884\u8ba1\u9605\u8bfb\u65f6\u95f4\" \/>\n\t<meta name=\"twitter:data2\" content=\"2 \u5206\" \/>\n<script type=\"application\/ld+json\" class=\"yoast-schema-graph\">{\"@context\":\"https:\\\/\\\/schema.org\",\"@graph\":[{\"@type\":\"Article\",\"@id\":\"https:\\\/\\\/kohenavocats.com\\\/zh-hans\\\/cour-dappel-de-paris-le-13-janvier-2026-n25-10144\\\/#article\",\"isPartOf\":{\"@id\":\"https:\\\/\\\/kohenavocats.com\\\/zh-hans\\\/cour-dappel-de-paris-le-13-janvier-2026-n25-10144\\\/\"},\"author\":{\"name\":\"Kohen\",\"@id\":\"https:\\\/\\\/kohenavocats.com\\\/zh-hans\\\/#\\\/schema\\\/person\\\/761c9ba54fa1ca84d405cef0831ff751\"},\"headline\":\"Cour d&#8217;appel de Paris, le 13 janvier 2026, n\u00b025\\\/10144\",\"datePublished\":\"2026-04-29T20:07:45+00:00\",\"mainEntityOfPage\":{\"@id\":\"https:\\\/\\\/kohenavocats.com\\\/zh-hans\\\/cour-dappel-de-paris-le-13-janvier-2026-n25-10144\\\/\"},\"wordCount\":407,\"commentCount\":0,\"publisher\":{\"@id\":\"https:\\\/\\\/kohenavocats.com\\\/zh-hans\\\/#organization\"},\"image\":{\"@id\":\"https:\\\/\\\/kohenavocats.com\\\/zh-hans\\\/cour-dappel-de-paris-le-13-janvier-2026-n25-10144\\\/#primaryimage\"},\"thumbnailUrl\":\"https:\\\/\\\/kohenavocats.com\\\/wp-content\\\/uploads\\\/2024\\\/08\\\/mahdi-samadzad-8wGLqHdkKbk-unsplash.webp\",\"articleSection\":[\"Jurisprudence\"],\"inLanguage\":\"zh-Hans\",\"potentialAction\":[{\"@type\":\"CommentAction\",\"name\":\"Comment\",\"target\":[\"https:\\\/\\\/kohenavocats.com\\\/zh-hans\\\/cour-dappel-de-paris-le-13-janvier-2026-n25-10144\\\/#respond\"]}],\"citation\":\"Cour d&#8217;appel de Paris, le 13 janvier 2026, n\u00b025\\\/10144\",\"about\":[{\"@type\":\"Thing\",\"name\":\"Jurisprudence\"}],\"dateModified\":\"2026-04-29T20:07:45+00:00\",\"speakable\":{\"@type\":\"SpeakableSpecification\",\"cssSelector\":[\".article-content > p:first-of-type\"]}},{\"@type\":\"WebPage\",\"@id\":\"https:\\\/\\\/kohenavocats.com\\\/zh-hans\\\/cour-dappel-de-paris-le-13-janvier-2026-n25-10144\\\/\",\"url\":\"https:\\\/\\\/kohenavocats.com\\\/zh-hans\\\/cour-dappel-de-paris-le-13-janvier-2026-n25-10144\\\/\",\"name\":\"Cour d'appel de Paris, le 13 janvier 2026, n\u00b025\\\/10144 - Ma\u00eetre Hassan Kohen, avocat en droit p\u00e9nal \u00e0 Paris\",\"isPartOf\":{\"@id\":\"https:\\\/\\\/kohenavocats.com\\\/zh-hans\\\/#website\"},\"primaryImageOfPage\":{\"@id\":\"https:\\\/\\\/kohenavocats.com\\\/zh-hans\\\/cour-dappel-de-paris-le-13-janvier-2026-n25-10144\\\/#primaryimage\"},\"image\":{\"@id\":\"https:\\\/\\\/kohenavocats.com\\\/zh-hans\\\/cour-dappel-de-paris-le-13-janvier-2026-n25-10144\\\/#primaryimage\"},\"thumbnailUrl\":\"https:\\\/\\\/kohenavocats.com\\\/wp-content\\\/uploads\\\/2024\\\/08\\\/mahdi-samadzad-8wGLqHdkKbk-unsplash.webp\",\"datePublished\":\"2026-04-29T20:07:45+00:00\",\"description\":\"La cour d\u2019appel de Paris, dans son arr\u00eat du 13 janvier 2026, a \u00e9t\u00e9 saisie d\u2019un appel contre un jugement ayant ouvert une liquidation judiciaire. La soci\u00e9t\u00e9 a...\",\"breadcrumb\":{\"@id\":\"https:\\\/\\\/kohenavocats.com\\\/zh-hans\\\/cour-dappel-de-paris-le-13-janvier-2026-n25-10144\\\/#breadcrumb\"},\"inLanguage\":\"zh-Hans\",\"potentialAction\":[{\"@type\":\"ReadAction\",\"target\":[\"https:\\\/\\\/kohenavocats.com\\\/zh-hans\\\/cour-dappel-de-paris-le-13-janvier-2026-n25-10144\\\/\"]}]},{\"@type\":\"ImageObject\",\"inLanguage\":\"zh-Hans\",\"@id\":\"https:\\\/\\\/kohenavocats.com\\\/zh-hans\\\/cour-dappel-de-paris-le-13-janvier-2026-n25-10144\\\/#primaryimage\",\"url\":\"https:\\\/\\\/kohenavocats.com\\\/wp-content\\\/uploads\\\/2024\\\/08\\\/mahdi-samadzad-8wGLqHdkKbk-unsplash.webp\",\"contentUrl\":\"https:\\\/\\\/kohenavocats.com\\\/wp-content\\\/uploads\\\/2024\\\/08\\\/mahdi-samadzad-8wGLqHdkKbk-unsplash.webp\",\"width\":2965,\"height\":2372},{\"@type\":\"BreadcrumbList\",\"@id\":\"https:\\\/\\\/kohenavocats.com\\\/zh-hans\\\/cour-dappel-de-paris-le-13-janvier-2026-n25-10144\\\/#breadcrumb\",\"itemListElement\":[{\"@type\":\"ListItem\",\"position\":1,\"name\":\"Home\",\"item\":\"https:\\\/\\\/kohenavocats.com\\\/zh-hans\\\/\"},{\"@type\":\"ListItem\",\"position\":2,\"name\":\"Cour d&rsquo;appel de Paris, le 13 janvier 2026, n\u00b025\\\/10144\"}]},{\"@type\":\"WebSite\",\"@id\":\"https:\\\/\\\/kohenavocats.com\\\/zh-hans\\\/#website\",\"url\":\"https:\\\/\\\/kohenavocats.com\\\/zh-hans\\\/\",\"name\":\"Kohen Avocats\",\"description\":\"Ma\u00eetre Hassan Kohen, avocat p\u00e9naliste \u00e0 Paris, intervient exclusivement en droit p\u00e9nal pour la d\u00e9fense des particuliers, notamment en mati\u00e8re d\u2019accusations de viol. Il assure un accompagnement rigoureux d\u00e8s la garde \u00e0 vue jusqu\u2019\u00e0 la Cour d\u2019assises, veillant au strict respect des garanties proc\u00e9durales.\",\"publisher\":{\"@id\":\"https:\\\/\\\/kohenavocats.com\\\/zh-hans\\\/#organization\"},\"potentialAction\":[{\"@type\":\"SearchAction\",\"target\":{\"@type\":\"EntryPoint\",\"urlTemplate\":\"https:\\\/\\\/kohenavocats.com\\\/zh-hans\\\/?s={search_term_string}\"},\"query-input\":{\"@type\":\"PropertyValueSpecification\",\"valueRequired\":true,\"valueName\":\"search_term_string\"}}],\"inLanguage\":\"zh-Hans\"},{\"@type\":\"Organization\",\"@id\":\"https:\\\/\\\/kohenavocats.com\\\/zh-hans\\\/#organization\",\"name\":\"Kohen Avocats\",\"url\":\"https:\\\/\\\/kohenavocats.com\\\/zh-hans\\\/\",\"logo\":{\"@type\":\"ImageObject\",\"inLanguage\":\"zh-Hans\",\"@id\":\"https:\\\/\\\/kohenavocats.com\\\/zh-hans\\\/#\\\/schema\\\/logo\\\/image\\\/\",\"url\":\"https:\\\/\\\/kohenavocats.com\\\/wp-content\\\/uploads\\\/2026\\\/01\\\/Logo-2-1.webp\",\"contentUrl\":\"https:\\\/\\\/kohenavocats.com\\\/wp-content\\\/uploads\\\/2026\\\/01\\\/Logo-2-1.webp\",\"width\":2114,\"height\":1253,\"caption\":\"Kohen Avocats\"},\"image\":{\"@id\":\"https:\\\/\\\/kohenavocats.com\\\/zh-hans\\\/#\\\/schema\\\/logo\\\/image\\\/\"}},{\"@type\":\"Person\",\"@id\":\"https:\\\/\\\/kohenavocats.com\\\/zh-hans\\\/#\\\/schema\\\/person\\\/761c9ba54fa1ca84d405cef0831ff751\",\"name\":\"Kohen\",\"image\":{\"@type\":\"ImageObject\",\"inLanguage\":\"zh-Hans\",\"@id\":\"https:\\\/\\\/secure.gravatar.com\\\/avatar\\\/1c5e76ef76bbbfdd2b4da984e2bf2fa4056fd51a27d25ce2c332047f1dfd6e00?s=96&d=identicon&r=g\",\"url\":\"https:\\\/\\\/secure.gravatar.com\\\/avatar\\\/1c5e76ef76bbbfdd2b4da984e2bf2fa4056fd51a27d25ce2c332047f1dfd6e00?s=96&d=identicon&r=g\",\"contentUrl\":\"https:\\\/\\\/secure.gravatar.com\\\/avatar\\\/1c5e76ef76bbbfdd2b4da984e2bf2fa4056fd51a27d25ce2c332047f1dfd6e00?s=96&d=identicon&r=g\",\"caption\":\"Kohen\"},\"sameAs\":[\"https:\\\/\\\/www.linkedin.com\\\/in\\\/hassan-kohen-448548192\\\/\",\"https:\\\/\\\/www.youtube.com\\\/@Kohen-Avocats\"],\"url\":\"https:\\\/\\\/kohenavocats.com\\\/zh-hans\\\/author\\\/kohenmlk\\\/\"}]}<\/script>\n<!-- \/ Yoast SEO Premium plugin. -->","yoast_head_json":{"title":"Cour d'appel de Paris, le 13 janvier 2026, n\u00b025\/10144 - Ma\u00eetre Hassan Kohen, avocat en droit p\u00e9nal \u00e0 Paris","description":"La cour d\u2019appel de Paris, dans son arr\u00eat du 13 janvier 2026, a \u00e9t\u00e9 saisie d\u2019un appel contre un jugement ayant ouvert une liquidation judiciaire. La soci\u00e9t\u00e9 a...","robots":{"index":"index","follow":"follow","max-snippet":"max-snippet:-1","max-image-preview":"max-image-preview:large","max-video-preview":"max-video-preview:-1"},"canonical":"https:\/\/kohenavocats.com\/zh-hans\/cour-dappel-de-paris-le-13-janvier-2026-n25-10144\/","og_locale":"zh_CN","og_type":"article","og_title":"Cour d'appel de Paris, le 13 janvier 2026, n\u00b025\/10144","og_description":"La cour d\u2019appel de Paris, dans son arr\u00eat du 13 janvier 2026, a \u00e9t\u00e9 saisie d\u2019un appel contre un jugement ayant ouvert une liquidation judiciaire. La soci\u00e9t\u00e9 a...","og_url":"https:\/\/kohenavocats.com\/zh-hans\/cour-dappel-de-paris-le-13-janvier-2026-n25-10144\/","og_site_name":"Ma\u00eetre Hassan Kohen, avocat en droit p\u00e9nal \u00e0 Paris","article_published_time":"2026-04-29T20:07:45+00:00","og_image":[{"width":2965,"height":2372,"url":"https:\/\/kohenavocats.com\/wp-content\/uploads\/2024\/08\/mahdi-samadzad-8wGLqHdkKbk-unsplash.webp","type":"image\/webp"}],"author":"Kohen","twitter_card":"summary_large_image","twitter_misc":{"\u4f5c\u8005":"Kohen","\u9884\u8ba1\u9605\u8bfb\u65f6\u95f4":"2 \u5206"},"schema":{"@context":"https:\/\/schema.org","@graph":[{"@type":"Article","@id":"https:\/\/kohenavocats.com\/zh-hans\/cour-dappel-de-paris-le-13-janvier-2026-n25-10144\/#article","isPartOf":{"@id":"https:\/\/kohenavocats.com\/zh-hans\/cour-dappel-de-paris-le-13-janvier-2026-n25-10144\/"},"author":{"name":"Kohen","@id":"https:\/\/kohenavocats.com\/zh-hans\/#\/schema\/person\/761c9ba54fa1ca84d405cef0831ff751"},"headline":"Cour d&#8217;appel de Paris, le 13 janvier 2026, n\u00b025\/10144","datePublished":"2026-04-29T20:07:45+00:00","mainEntityOfPage":{"@id":"https:\/\/kohenavocats.com\/zh-hans\/cour-dappel-de-paris-le-13-janvier-2026-n25-10144\/"},"wordCount":407,"commentCount":0,"publisher":{"@id":"https:\/\/kohenavocats.com\/zh-hans\/#organization"},"image":{"@id":"https:\/\/kohenavocats.com\/zh-hans\/cour-dappel-de-paris-le-13-janvier-2026-n25-10144\/#primaryimage"},"thumbnailUrl":"https:\/\/kohenavocats.com\/wp-content\/uploads\/2024\/08\/mahdi-samadzad-8wGLqHdkKbk-unsplash.webp","articleSection":["Jurisprudence"],"inLanguage":"zh-Hans","potentialAction":[{"@type":"CommentAction","name":"Comment","target":["https:\/\/kohenavocats.com\/zh-hans\/cour-dappel-de-paris-le-13-janvier-2026-n25-10144\/#respond"]}],"citation":"Cour d&#8217;appel de Paris, le 13 janvier 2026, n\u00b025\/10144","about":[{"@type":"Thing","name":"Jurisprudence"}],"dateModified":"2026-04-29T20:07:45+00:00","speakable":{"@type":"SpeakableSpecification","cssSelector":[".article-content > p:first-of-type"]}},{"@type":"WebPage","@id":"https:\/\/kohenavocats.com\/zh-hans\/cour-dappel-de-paris-le-13-janvier-2026-n25-10144\/","url":"https:\/\/kohenavocats.com\/zh-hans\/cour-dappel-de-paris-le-13-janvier-2026-n25-10144\/","name":"Cour d'appel de Paris, le 13 janvier 2026, n\u00b025\/10144 - Ma\u00eetre Hassan Kohen, avocat en droit p\u00e9nal \u00e0 Paris","isPartOf":{"@id":"https:\/\/kohenavocats.com\/zh-hans\/#website"},"primaryImageOfPage":{"@id":"https:\/\/kohenavocats.com\/zh-hans\/cour-dappel-de-paris-le-13-janvier-2026-n25-10144\/#primaryimage"},"image":{"@id":"https:\/\/kohenavocats.com\/zh-hans\/cour-dappel-de-paris-le-13-janvier-2026-n25-10144\/#primaryimage"},"thumbnailUrl":"https:\/\/kohenavocats.com\/wp-content\/uploads\/2024\/08\/mahdi-samadzad-8wGLqHdkKbk-unsplash.webp","datePublished":"2026-04-29T20:07:45+00:00","description":"La cour d\u2019appel de Paris, dans son arr\u00eat du 13 janvier 2026, a \u00e9t\u00e9 saisie d\u2019un appel contre un jugement ayant ouvert une liquidation judiciaire. La soci\u00e9t\u00e9 a...","breadcrumb":{"@id":"https:\/\/kohenavocats.com\/zh-hans\/cour-dappel-de-paris-le-13-janvier-2026-n25-10144\/#breadcrumb"},"inLanguage":"zh-Hans","potentialAction":[{"@type":"ReadAction","target":["https:\/\/kohenavocats.com\/zh-hans\/cour-dappel-de-paris-le-13-janvier-2026-n25-10144\/"]}]},{"@type":"ImageObject","inLanguage":"zh-Hans","@id":"https:\/\/kohenavocats.com\/zh-hans\/cour-dappel-de-paris-le-13-janvier-2026-n25-10144\/#primaryimage","url":"https:\/\/kohenavocats.com\/wp-content\/uploads\/2024\/08\/mahdi-samadzad-8wGLqHdkKbk-unsplash.webp","contentUrl":"https:\/\/kohenavocats.com\/wp-content\/uploads\/2024\/08\/mahdi-samadzad-8wGLqHdkKbk-unsplash.webp","width":2965,"height":2372},{"@type":"BreadcrumbList","@id":"https:\/\/kohenavocats.com\/zh-hans\/cour-dappel-de-paris-le-13-janvier-2026-n25-10144\/#breadcrumb","itemListElement":[{"@type":"ListItem","position":1,"name":"Home","item":"https:\/\/kohenavocats.com\/zh-hans\/"},{"@type":"ListItem","position":2,"name":"Cour d&rsquo;appel de Paris, le 13 janvier 2026, n\u00b025\/10144"}]},{"@type":"WebSite","@id":"https:\/\/kohenavocats.com\/zh-hans\/#website","url":"https:\/\/kohenavocats.com\/zh-hans\/","name":"Kohen Avocats","description":"Ma\u00eetre Hassan Kohen, avocat p\u00e9naliste \u00e0 Paris, intervient exclusivement en droit p\u00e9nal pour la d\u00e9fense des particuliers, notamment en mati\u00e8re d\u2019accusations de viol. Il assure un accompagnement rigoureux d\u00e8s la garde \u00e0 vue jusqu\u2019\u00e0 la Cour d\u2019assises, veillant au strict respect des garanties proc\u00e9durales.","publisher":{"@id":"https:\/\/kohenavocats.com\/zh-hans\/#organization"},"potentialAction":[{"@type":"SearchAction","target":{"@type":"EntryPoint","urlTemplate":"https:\/\/kohenavocats.com\/zh-hans\/?s={search_term_string}"},"query-input":{"@type":"PropertyValueSpecification","valueRequired":true,"valueName":"search_term_string"}}],"inLanguage":"zh-Hans"},{"@type":"Organization","@id":"https:\/\/kohenavocats.com\/zh-hans\/#organization","name":"Kohen Avocats","url":"https:\/\/kohenavocats.com\/zh-hans\/","logo":{"@type":"ImageObject","inLanguage":"zh-Hans","@id":"https:\/\/kohenavocats.com\/zh-hans\/#\/schema\/logo\/image\/","url":"https:\/\/kohenavocats.com\/wp-content\/uploads\/2026\/01\/Logo-2-1.webp","contentUrl":"https:\/\/kohenavocats.com\/wp-content\/uploads\/2026\/01\/Logo-2-1.webp","width":2114,"height":1253,"caption":"Kohen Avocats"},"image":{"@id":"https:\/\/kohenavocats.com\/zh-hans\/#\/schema\/logo\/image\/"}},{"@type":"Person","@id":"https:\/\/kohenavocats.com\/zh-hans\/#\/schema\/person\/761c9ba54fa1ca84d405cef0831ff751","name":"Kohen","image":{"@type":"ImageObject","inLanguage":"zh-Hans","@id":"https:\/\/secure.gravatar.com\/avatar\/1c5e76ef76bbbfdd2b4da984e2bf2fa4056fd51a27d25ce2c332047f1dfd6e00?s=96&d=identicon&r=g","url":"https:\/\/secure.gravatar.com\/avatar\/1c5e76ef76bbbfdd2b4da984e2bf2fa4056fd51a27d25ce2c332047f1dfd6e00?s=96&d=identicon&r=g","contentUrl":"https:\/\/secure.gravatar.com\/avatar\/1c5e76ef76bbbfdd2b4da984e2bf2fa4056fd51a27d25ce2c332047f1dfd6e00?s=96&d=identicon&r=g","caption":"Kohen"},"sameAs":["https:\/\/www.linkedin.com\/in\/hassan-kohen-448548192\/","https:\/\/www.youtube.com\/@Kohen-Avocats"],"url":"https:\/\/kohenavocats.com\/zh-hans\/author\/kohenmlk\/"}]}},"jetpack_featured_media_url":"https:\/\/kohenavocats.com\/wp-content\/uploads\/2024\/08\/mahdi-samadzad-8wGLqHdkKbk-unsplash.webp","jetpack_likes_enabled":false,"jetpack_shortlink":"https:\/\/wp.me\/peCrII-3cCN","jetpack-related-posts":[{"id":498306,"url":"https:\/\/kohenavocats.com\/zh-hans\/tribunal-judiciaire-de-mont-de-marsan-le-23-janvier-2026-n2025002539\/","url_meta":{"origin":763517,"position":0},"title":"Tribunal judiciaire de Mont-de-Marsan, le 23 janvier 2026, n\u00b02025002539","author":"Kohen","date":"2026\u5e744\u67088\u65e5","format":false,"excerpt":"Le tribunal judiciaire de Mont-de-Marsan, statuant\u2026","rel":"","context":"\u5728\u201cJurisprudence\u201d\u4e2d","block_context":{"text":"Jurisprudence","link":"https:\/\/kohenavocats.com\/category\/jurisprudence\/"},"img":{"alt_text":"","src":"https:\/\/i0.wp.com\/kohenavocats.com\/wp-content\/uploads\/2024\/11\/laura-adai-7irj5rVew44-unsplash.webp?resize=350%2C200&ssl=1","width":350,"height":200,"srcset":"https:\/\/i0.wp.com\/kohenavocats.com\/wp-content\/uploads\/2024\/11\/laura-adai-7irj5rVew44-unsplash.webp?resize=350%2C200&ssl=1 1x, https:\/\/i0.wp.com\/kohenavocats.com\/wp-content\/uploads\/2024\/11\/laura-adai-7irj5rVew44-unsplash.webp?resize=525%2C300&ssl=1 1.5x, https:\/\/i0.wp.com\/kohenavocats.com\/wp-content\/uploads\/2024\/11\/laura-adai-7irj5rVew44-unsplash.webp?resize=700%2C400&ssl=1 2x, https:\/\/i0.wp.com\/kohenavocats.com\/wp-content\/uploads\/2024\/11\/laura-adai-7irj5rVew44-unsplash.webp?resize=1050%2C600&ssl=1 3x, https:\/\/i0.wp.com\/kohenavocats.com\/wp-content\/uploads\/2024\/11\/laura-adai-7irj5rVew44-unsplash.webp?resize=1400%2C800&ssl=1 4x"},"classes":[]},{"id":420042,"url":"https:\/\/kohenavocats.com\/zh-hans\/tribunal-de-commerce-de-paris-le-30-janvier-2025-n2025002887\/","url_meta":{"origin":763517,"position":1},"title":"Tribunal de commerce de Paris, le 30 janvier 2025, n\u00b02025002887","author":"Kohen","date":"2026\u5e743\u670822\u65e5","format":false,"excerpt":"Le Tribunal des activit\u00e9s \u00e9conomiques de Paris, st\u2026","rel":"","context":"\u5728\u201cD\u00e9cisions juridiques\u201d\u4e2d","block_context":{"text":"D\u00e9cisions juridiques","link":"https:\/\/kohenavocats.com\/category\/decisions-juridiques\/"},"img":{"alt_text":"","src":"https:\/\/i0.wp.com\/kohenavocats.com\/wp-content\/uploads\/2024\/08\/leonhard-niederwimmer-GOqi8yEDEsE-unsplash.webp?resize=350%2C200&ssl=1","width":350,"height":200,"srcset":"https:\/\/i0.wp.com\/kohenavocats.com\/wp-content\/uploads\/2024\/08\/leonhard-niederwimmer-GOqi8yEDEsE-unsplash.webp?resize=350%2C200&ssl=1 1x, https:\/\/i0.wp.com\/kohenavocats.com\/wp-content\/uploads\/2024\/08\/leonhard-niederwimmer-GOqi8yEDEsE-unsplash.webp?resize=525%2C300&ssl=1 1.5x, https:\/\/i0.wp.com\/kohenavocats.com\/wp-content\/uploads\/2024\/08\/leonhard-niederwimmer-GOqi8yEDEsE-unsplash.webp?resize=700%2C400&ssl=1 2x, https:\/\/i0.wp.com\/kohenavocats.com\/wp-content\/uploads\/2024\/08\/leonhard-niederwimmer-GOqi8yEDEsE-unsplash.webp?resize=1050%2C600&ssl=1 3x, https:\/\/i0.wp.com\/kohenavocats.com\/wp-content\/uploads\/2024\/08\/leonhard-niederwimmer-GOqi8yEDEsE-unsplash.webp?resize=1400%2C800&ssl=1 4x"},"classes":[]},{"id":421908,"url":"https:\/\/kohenavocats.com\/zh-hans\/cour-dappel-de-paris-le-24-fevrier-2026-n25-16067\/","url_meta":{"origin":763517,"position":2},"title":"Cour d&#8217;appel de Paris, le 24 f\u00e9vrier 2026, n\u00b025\/16067","author":"Kohen","date":"2026\u5e743\u670822\u65e5","format":false,"excerpt":"La Cour d\u2019appel de Paris, dans un arr\u00eat du 24 f\u00e9vr\u2026","rel":"","context":"\u5728\u201cCour d'appel\u201d\u4e2d","block_context":{"text":"Cour d'appel","link":"https:\/\/kohenavocats.com\/category\/cour-dappel\/"},"img":{"alt_text":"","src":"https:\/\/i0.wp.com\/kohenavocats.com\/wp-content\/uploads\/2024\/08\/nathan-cima-y5aFdoCjB5U-unsplash.webp?resize=350%2C200&ssl=1","width":350,"height":200,"srcset":"https:\/\/i0.wp.com\/kohenavocats.com\/wp-content\/uploads\/2024\/08\/nathan-cima-y5aFdoCjB5U-unsplash.webp?resize=350%2C200&ssl=1 1x, https:\/\/i0.wp.com\/kohenavocats.com\/wp-content\/uploads\/2024\/08\/nathan-cima-y5aFdoCjB5U-unsplash.webp?resize=525%2C300&ssl=1 1.5x, https:\/\/i0.wp.com\/kohenavocats.com\/wp-content\/uploads\/2024\/08\/nathan-cima-y5aFdoCjB5U-unsplash.webp?resize=700%2C400&ssl=1 2x, https:\/\/i0.wp.com\/kohenavocats.com\/wp-content\/uploads\/2024\/08\/nathan-cima-y5aFdoCjB5U-unsplash.webp?resize=1050%2C600&ssl=1 3x, https:\/\/i0.wp.com\/kohenavocats.com\/wp-content\/uploads\/2024\/08\/nathan-cima-y5aFdoCjB5U-unsplash.webp?resize=1400%2C800&ssl=1 4x"},"classes":[]},{"id":419009,"url":"https:\/\/kohenavocats.com\/zh-hans\/tribunal-de-commerce-de-paris-le-30-janvier-2025-n2025002755\/","url_meta":{"origin":763517,"position":3},"title":"Tribunal de commerce de Paris, le 30 janvier 2025, n\u00b02025002755","author":"Kohen","date":"2026\u5e743\u670822\u65e5","format":false,"excerpt":"Le Tribunal des activit\u00e9s \u00e9conomiques de Paris, st\u2026","rel":"","context":"\u5728\u201cD\u00e9cisions juridiques\u201d\u4e2d","block_context":{"text":"D\u00e9cisions juridiques","link":"https:\/\/kohenavocats.com\/category\/decisions-juridiques\/"},"img":{"alt_text":"","src":"https:\/\/i0.wp.com\/kohenavocats.com\/wp-content\/uploads\/2024\/11\/planet-volumes-HQLfJrtqmKg-unsplash.webp?resize=350%2C200&ssl=1","width":350,"height":200,"srcset":"https:\/\/i0.wp.com\/kohenavocats.com\/wp-content\/uploads\/2024\/11\/planet-volumes-HQLfJrtqmKg-unsplash.webp?resize=350%2C200&ssl=1 1x, https:\/\/i0.wp.com\/kohenavocats.com\/wp-content\/uploads\/2024\/11\/planet-volumes-HQLfJrtqmKg-unsplash.webp?resize=525%2C300&ssl=1 1.5x, https:\/\/i0.wp.com\/kohenavocats.com\/wp-content\/uploads\/2024\/11\/planet-volumes-HQLfJrtqmKg-unsplash.webp?resize=700%2C400&ssl=1 2x, https:\/\/i0.wp.com\/kohenavocats.com\/wp-content\/uploads\/2024\/11\/planet-volumes-HQLfJrtqmKg-unsplash.webp?resize=1050%2C600&ssl=1 3x, https:\/\/i0.wp.com\/kohenavocats.com\/wp-content\/uploads\/2024\/11\/planet-volumes-HQLfJrtqmKg-unsplash.webp?resize=1400%2C800&ssl=1 4x"},"classes":[]},{"id":420101,"url":"https:\/\/kohenavocats.com\/zh-hans\/tribunal-de-commerce-de-paris-le-30-janvier-2025-n2025002768\/","url_meta":{"origin":763517,"position":4},"title":"Tribunal de commerce de Paris, le 30 janvier 2025, n\u00b02025002768","author":"Kohen","date":"2026\u5e743\u670822\u65e5","format":false,"excerpt":"Le Tribunal des activit\u00e9s \u00e9conomiques de Paris, st\u2026","rel":"","context":"\u5728\u201cD\u00e9cisions juridiques\u201d\u4e2d","block_context":{"text":"D\u00e9cisions juridiques","link":"https:\/\/kohenavocats.com\/category\/decisions-juridiques\/"},"img":{"alt_text":"","src":"https:\/\/i0.wp.com\/kohenavocats.com\/wp-content\/uploads\/2024\/08\/judith-ekedi-jangwa-fyfmXbDaR14-unsplash.webp?resize=350%2C200&ssl=1","width":350,"height":200,"srcset":"https:\/\/i0.wp.com\/kohenavocats.com\/wp-content\/uploads\/2024\/08\/judith-ekedi-jangwa-fyfmXbDaR14-unsplash.webp?resize=350%2C200&ssl=1 1x, https:\/\/i0.wp.com\/kohenavocats.com\/wp-content\/uploads\/2024\/08\/judith-ekedi-jangwa-fyfmXbDaR14-unsplash.webp?resize=525%2C300&ssl=1 1.5x, https:\/\/i0.wp.com\/kohenavocats.com\/wp-content\/uploads\/2024\/08\/judith-ekedi-jangwa-fyfmXbDaR14-unsplash.webp?resize=700%2C400&ssl=1 2x, https:\/\/i0.wp.com\/kohenavocats.com\/wp-content\/uploads\/2024\/08\/judith-ekedi-jangwa-fyfmXbDaR14-unsplash.webp?resize=1050%2C600&ssl=1 3x, https:\/\/i0.wp.com\/kohenavocats.com\/wp-content\/uploads\/2024\/08\/judith-ekedi-jangwa-fyfmXbDaR14-unsplash.webp?resize=1400%2C800&ssl=1 4x"},"classes":[]},{"id":493387,"url":"https:\/\/kohenavocats.com\/zh-hans\/tribunal-de-commerce-de-mont-de-marsan-le-7-novembre-2025-n2025002539\/","url_meta":{"origin":763517,"position":5},"title":"Tribunal de commerce de Mont-de-Marsan, le 7 novembre 2025, n\u00b02025002539","author":"Kohen","date":"2026\u5e744\u67088\u65e5","format":false,"excerpt":"Le tribunal judiciaire de Mont-de-Marsan, statuant\u2026","rel":"","context":"\u5728\u201cD\u00e9cisions juridiques\u201d\u4e2d","block_context":{"text":"D\u00e9cisions juridiques","link":"https:\/\/kohenavocats.com\/category\/decisions-juridiques\/"},"img":{"alt_text":"","src":"https:\/\/i0.wp.com\/kohenavocats.com\/wp-content\/uploads\/2024\/08\/alexey-larionov-D2hRgjgmB8Y-unsplash.webp?resize=350%2C200&ssl=1","width":350,"height":200,"srcset":"https:\/\/i0.wp.com\/kohenavocats.com\/wp-content\/uploads\/2024\/08\/alexey-larionov-D2hRgjgmB8Y-unsplash.webp?resize=350%2C200&ssl=1 1x, https:\/\/i0.wp.com\/kohenavocats.com\/wp-content\/uploads\/2024\/08\/alexey-larionov-D2hRgjgmB8Y-unsplash.webp?resize=525%2C300&ssl=1 1.5x, https:\/\/i0.wp.com\/kohenavocats.com\/wp-content\/uploads\/2024\/08\/alexey-larionov-D2hRgjgmB8Y-unsplash.webp?resize=700%2C400&ssl=1 2x, https:\/\/i0.wp.com\/kohenavocats.com\/wp-content\/uploads\/2024\/08\/alexey-larionov-D2hRgjgmB8Y-unsplash.webp?resize=1050%2C600&ssl=1 3x, https:\/\/i0.wp.com\/kohenavocats.com\/wp-content\/uploads\/2024\/08\/alexey-larionov-D2hRgjgmB8Y-unsplash.webp?resize=1400%2C800&ssl=1 4x"},"classes":[]}],"jetpack_sharing_enabled":true,"_links":{"self":[{"href":"https:\/\/kohenavocats.com\/zh-hans\/wp-json\/wp\/v2\/posts\/763517","targetHints":{"allow":["GET"]}}],"collection":[{"href":"https:\/\/kohenavocats.com\/zh-hans\/wp-json\/wp\/v2\/posts"}],"about":[{"href":"https:\/\/kohenavocats.com\/zh-hans\/wp-json\/wp\/v2\/types\/post"}],"author":[{"embeddable":true,"href":"https:\/\/kohenavocats.com\/zh-hans\/wp-json\/wp\/v2\/users\/232070755"}],"replies":[{"embeddable":true,"href":"https:\/\/kohenavocats.com\/zh-hans\/wp-json\/wp\/v2\/comments?post=763517"}],"version-history":[{"count":0,"href":"https:\/\/kohenavocats.com\/zh-hans\/wp-json\/wp\/v2\/posts\/763517\/revisions"}],"wp:featuredmedia":[{"embeddable":true,"href":"https:\/\/kohenavocats.com\/zh-hans\/wp-json\/wp\/v2\/media\/4856"}],"wp:attachment":[{"href":"https:\/\/kohenavocats.com\/zh-hans\/wp-json\/wp\/v2\/media?parent=763517"}],"wp:term":[{"taxonomy":"category","embeddable":true,"href":"https:\/\/kohenavocats.com\/zh-hans\/wp-json\/wp\/v2\/categories?post=763517"},{"taxonomy":"post_tag","embeddable":true,"href":"https:\/\/kohenavocats.com\/zh-hans\/wp-json\/wp\/v2\/tags?post=763517"}],"curies":[{"name":"wp","href":"https:\/\/api.w.org\/{rel}","templated":true}]}}