{"id":799200,"date":"2026-05-01T06:57:48","date_gmt":"2026-05-01T04:57:48","guid":{"rendered":"https:\/\/kohenavocats.com\/conseil-constitutionnel-le-5-octobre-2018-n2018-736-2\/"},"modified":"2026-05-01T06:57:48","modified_gmt":"2026-05-01T04:57:48","slug":"conseil-constitutionnel-le-5-octobre-2018-n2018-736-2","status":"publish","type":"post","link":"https:\/\/kohenavocats.com\/zh-hans\/conseil-constitutionnel-le-5-octobre-2018-n2018-736-2\/","title":{"rendered":"Conseil constitutionnel, le 5 octobre 2018, n\u00b02018-736"},"content":{"rendered":"<div class=\"article-content\">\n<p>Le Conseil constitutionnel, saisi le 5 octobre 2018 d&#8217;une question prioritaire de constitutionnalit\u00e9, a statu\u00e9 sur la conformit\u00e9 \u00e0 la Constitution du paragraphe III de l&#8217;article L. 651-5-1 du code de la s\u00e9curit\u00e9 sociale. Une soci\u00e9t\u00e9 requ\u00e9rante contestait la majoration de 5 % des sommes dues pour d\u00e9faut de r\u00e9ponse \u00e0 une demande de renseignements, estimant la sanction disproportionn\u00e9e. La question de droit portait sur la proportionnalit\u00e9 de cette sanction p\u00e9cuniaire au regard du principe \u00e9nonc\u00e9 \u00e0 l&#8217;article 8 de la D\u00e9claration de 1789. Le Conseil constitutionnel a d\u00e9clar\u00e9 la disposition conforme \u00e0 la Constitution.<\/p>\n<p>I. La l\u00e9gitimit\u00e9 de l&#8217;objectif poursuivi par le l\u00e9gislateur<\/p>\n<p>Le Conseil constitutionnel rappelle que la sanction contest\u00e9e vise \u00e0 renforcer la proc\u00e9dure de contr\u00f4le sur pi\u00e8ces de la contribution sociale de solidarit\u00e9. Les obligations m\u00e9connues concernent la d\u00e9livrance de renseignements et documents n\u00e9cessaires \u00e0 l&#8217;\u00e9tablissement de la contribution. En r\u00e9primant la m\u00e9connaissance de telles obligations, le l\u00e9gislateur a entendu renforcer la proc\u00e9dure de contr\u00f4le sur pi\u00e8ces de cette contribution. Il a ainsi poursuivi l&#8217;objectif \u00e0 valeur constitutionnelle de lutte contre la fraude et l&#8217;\u00e9vasion fiscales. (Consid\u00e9rant 6) Cette motivation ancre la mesure dans un but d&#8217;int\u00e9r\u00eat g\u00e9n\u00e9ral reconnu par la Constitution. La valeur de cette d\u00e9cision est de valider la finalit\u00e9 poursuivie par le l\u00e9gislateur. Sa port\u00e9e est de lier la sanction \u00e0 un objectif constitutionnellement l\u00e9gitime.<\/p>\n<p>II. L&#8217;absence de disproportion manifeste de la sanction<\/p>\n<p>Le Conseil constitutionnel examine ensuite le lien entre la sanction et l&#8217;infraction pour \u00e9carter le grief d&#8217;inconstitutionnalit\u00e9. Il rel\u00e8ve que la majoration porte sur la contribution due au titre de l&#8217;ann\u00e9e, ce qui lie la nature de la sanction \u00e0 celle de l&#8217;infraction. Le taux de 5 % ne constitue qu&#8217;un taux maximal pouvant \u00eatre modul\u00e9, sous le contr\u00f4le du juge, par l&#8217;organisme charg\u00e9 du recouvrement. (Consid\u00e9rant 7) Le juge constitutionnel retient donc une sanction qui n&#8217;est pas manifestement hors de proportion avec la gravit\u00e9 de l&#8217;infraction. La valeur de ce raisonnement est de reconna\u00eetre un pouvoir mod\u00e9rateur \u00e0 l&#8217;administration et au juge. La port\u00e9e de la d\u00e9cision est de consacrer une proportionnalit\u00e9 relative, appr\u00e9ci\u00e9e in concreto.<\/p>\n<\/div>\n","protected":false},"excerpt":{"rendered":"<p>Le Conseil constitutionnel, saisi le 5 octobre 2018 d&#8217;une question prioritaire de constitutionnalit\u00e9, a statu\u00e9 sur la conformit\u00e9 \u00e0 la Constitution du paragra&#8230;<\/p>\n","protected":false},"author":232070755,"featured_media":4739,"comment_status":"open","ping_status":"open","sticky":false,"template":"","format":"standard","meta":{"_crdt_document":"","_jetpack_newsletter_access":"","_jetpack_dont_email_post_to_subs":false,"_jetpack_newsletter_tier_id":0,"_jetpack_memberships_contains_paywalled_content":false,"_kj_source_type":"","_kj_official_id":"","_kj_official_url":"","_kj_judilibre_id":"","_kj_jur":"","_kj_lieu":"","_kj_chambre":"","_kj_rg":"","_kj_date":"","_jetpack_memberships_contains_paid_content":false,"footnotes":"","jetpack_post_was_ever_published":false},"categories":[7597],"tags":[],"class_list":["post-799200","post","type-post","status-publish","format-standard","has-post-thumbnail","hentry","category-jurisprudence"],"yoast_head":"<!-- This site is optimized with the Yoast SEO Premium plugin v27.5 (Yoast SEO v27.5) - https:\/\/yoast.com\/product\/yoast-seo-premium-wordpress\/ -->\n<title>Conseil constitutionnel, le 5 octobre 2018, n\u00b02018-736 - Ma\u00eetre Hassan Kohen, avocat en droit p\u00e9nal \u00e0 Paris<\/title>\n<meta name=\"description\" content=\"Le Conseil constitutionnel, saisi le 5 octobre 2018 d&#039;une question prioritaire de constitutionnalit\u00e9, a statu\u00e9 sur la conformit\u00e9 \u00e0 la Constitution du paragra...\" \/>\n<meta name=\"robots\" content=\"index, follow, max-snippet:-1, max-image-preview:large, max-video-preview:-1\" \/>\n<link rel=\"canonical\" href=\"https:\/\/kohenavocats.com\/zh-hans\/conseil-constitutionnel-le-5-octobre-2018-n2018-736-2\/\" \/>\n<meta property=\"og:locale\" content=\"zh_CN\" \/>\n<meta property=\"og:type\" content=\"article\" \/>\n<meta property=\"og:title\" content=\"Conseil constitutionnel, le 5 octobre 2018, n\u00b02018-736\" \/>\n<meta property=\"og:description\" content=\"Le Conseil constitutionnel, saisi le 5 octobre 2018 d&#039;une question prioritaire de constitutionnalit\u00e9, a statu\u00e9 sur la conformit\u00e9 \u00e0 la Constitution du paragra...\" \/>\n<meta property=\"og:url\" content=\"https:\/\/kohenavocats.com\/zh-hans\/conseil-constitutionnel-le-5-octobre-2018-n2018-736-2\/\" \/>\n<meta property=\"og:site_name\" content=\"Ma\u00eetre Hassan Kohen, avocat en droit p\u00e9nal \u00e0 Paris\" \/>\n<meta property=\"article:published_time\" content=\"2026-05-01T04:57:48+00:00\" \/>\n<meta property=\"og:image\" content=\"https:\/\/kohenavocats.com\/wp-content\/uploads\/2024\/08\/xavier-s-7HJR2NQrBWw-unsplash.webp\" \/>\n\t<meta property=\"og:image:width\" content=\"4032\" \/>\n\t<meta property=\"og:image:height\" content=\"3024\" \/>\n\t<meta property=\"og:image:type\" content=\"image\/webp\" \/>\n<meta name=\"author\" content=\"Kohen\" \/>\n<meta name=\"twitter:card\" content=\"summary_large_image\" \/>\n<meta name=\"twitter:label1\" content=\"\u4f5c\u8005\" \/>\n\t<meta name=\"twitter:data1\" content=\"Kohen\" \/>\n\t<meta name=\"twitter:label2\" content=\"\u9884\u8ba1\u9605\u8bfb\u65f6\u95f4\" \/>\n\t<meta name=\"twitter:data2\" content=\"2 \u5206\" \/>\n<script type=\"application\/ld+json\" class=\"yoast-schema-graph\">{\"@context\":\"https:\\\/\\\/schema.org\",\"@graph\":[{\"@type\":\"Article\",\"@id\":\"https:\\\/\\\/kohenavocats.com\\\/zh-hans\\\/conseil-constitutionnel-le-5-octobre-2018-n2018-736-2\\\/#article\",\"isPartOf\":{\"@id\":\"https:\\\/\\\/kohenavocats.com\\\/zh-hans\\\/conseil-constitutionnel-le-5-octobre-2018-n2018-736-2\\\/\"},\"author\":{\"name\":\"Kohen\",\"@id\":\"https:\\\/\\\/kohenavocats.com\\\/zh-hans\\\/#\\\/schema\\\/person\\\/761c9ba54fa1ca84d405cef0831ff751\"},\"headline\":\"Conseil constitutionnel, le 5 octobre 2018, n\u00b02018-736\",\"datePublished\":\"2026-05-01T04:57:48+00:00\",\"mainEntityOfPage\":{\"@id\":\"https:\\\/\\\/kohenavocats.com\\\/zh-hans\\\/conseil-constitutionnel-le-5-octobre-2018-n2018-736-2\\\/\"},\"wordCount\":395,\"commentCount\":0,\"publisher\":{\"@id\":\"https:\\\/\\\/kohenavocats.com\\\/zh-hans\\\/#organization\"},\"image\":{\"@id\":\"https:\\\/\\\/kohenavocats.com\\\/zh-hans\\\/conseil-constitutionnel-le-5-octobre-2018-n2018-736-2\\\/#primaryimage\"},\"thumbnailUrl\":\"https:\\\/\\\/kohenavocats.com\\\/wp-content\\\/uploads\\\/2024\\\/08\\\/xavier-s-7HJR2NQrBWw-unsplash.webp\",\"articleSection\":[\"Jurisprudence\"],\"inLanguage\":\"zh-Hans\",\"potentialAction\":[{\"@type\":\"CommentAction\",\"name\":\"Comment\",\"target\":[\"https:\\\/\\\/kohenavocats.com\\\/zh-hans\\\/conseil-constitutionnel-le-5-octobre-2018-n2018-736-2\\\/#respond\"]}],\"citation\":\"Conseil constitutionnel, le 5 octobre 2018, n\u00b02018-736\",\"about\":[{\"@type\":\"Thing\",\"name\":\"Jurisprudence\"}],\"dateModified\":\"2026-05-01T04:57:48+00:00\",\"speakable\":{\"@type\":\"SpeakableSpecification\",\"cssSelector\":[\".article-content > p:first-of-type\"]}},{\"@type\":\"WebPage\",\"@id\":\"https:\\\/\\\/kohenavocats.com\\\/zh-hans\\\/conseil-constitutionnel-le-5-octobre-2018-n2018-736-2\\\/\",\"url\":\"https:\\\/\\\/kohenavocats.com\\\/zh-hans\\\/conseil-constitutionnel-le-5-octobre-2018-n2018-736-2\\\/\",\"name\":\"Conseil constitutionnel, le 5 octobre 2018, n\u00b02018-736 - Ma\u00eetre Hassan Kohen, avocat en droit p\u00e9nal \u00e0 Paris\",\"isPartOf\":{\"@id\":\"https:\\\/\\\/kohenavocats.com\\\/zh-hans\\\/#website\"},\"primaryImageOfPage\":{\"@id\":\"https:\\\/\\\/kohenavocats.com\\\/zh-hans\\\/conseil-constitutionnel-le-5-octobre-2018-n2018-736-2\\\/#primaryimage\"},\"image\":{\"@id\":\"https:\\\/\\\/kohenavocats.com\\\/zh-hans\\\/conseil-constitutionnel-le-5-octobre-2018-n2018-736-2\\\/#primaryimage\"},\"thumbnailUrl\":\"https:\\\/\\\/kohenavocats.com\\\/wp-content\\\/uploads\\\/2024\\\/08\\\/xavier-s-7HJR2NQrBWw-unsplash.webp\",\"datePublished\":\"2026-05-01T04:57:48+00:00\",\"description\":\"Le Conseil constitutionnel, saisi le 5 octobre 2018 d'une question prioritaire de constitutionnalit\u00e9, a statu\u00e9 sur la conformit\u00e9 \u00e0 la Constitution du paragra...\",\"breadcrumb\":{\"@id\":\"https:\\\/\\\/kohenavocats.com\\\/zh-hans\\\/conseil-constitutionnel-le-5-octobre-2018-n2018-736-2\\\/#breadcrumb\"},\"inLanguage\":\"zh-Hans\",\"potentialAction\":[{\"@type\":\"ReadAction\",\"target\":[\"https:\\\/\\\/kohenavocats.com\\\/zh-hans\\\/conseil-constitutionnel-le-5-octobre-2018-n2018-736-2\\\/\"]}]},{\"@type\":\"ImageObject\",\"inLanguage\":\"zh-Hans\",\"@id\":\"https:\\\/\\\/kohenavocats.com\\\/zh-hans\\\/conseil-constitutionnel-le-5-octobre-2018-n2018-736-2\\\/#primaryimage\",\"url\":\"https:\\\/\\\/kohenavocats.com\\\/wp-content\\\/uploads\\\/2024\\\/08\\\/xavier-s-7HJR2NQrBWw-unsplash.webp\",\"contentUrl\":\"https:\\\/\\\/kohenavocats.com\\\/wp-content\\\/uploads\\\/2024\\\/08\\\/xavier-s-7HJR2NQrBWw-unsplash.webp\",\"width\":4032,\"height\":3024},{\"@type\":\"BreadcrumbList\",\"@id\":\"https:\\\/\\\/kohenavocats.com\\\/zh-hans\\\/conseil-constitutionnel-le-5-octobre-2018-n2018-736-2\\\/#breadcrumb\",\"itemListElement\":[{\"@type\":\"ListItem\",\"position\":1,\"name\":\"Home\",\"item\":\"https:\\\/\\\/kohenavocats.com\\\/zh-hans\\\/\"},{\"@type\":\"ListItem\",\"position\":2,\"name\":\"Conseil constitutionnel, le 5 octobre 2018, n\u00b02018-736\"}]},{\"@type\":\"WebSite\",\"@id\":\"https:\\\/\\\/kohenavocats.com\\\/zh-hans\\\/#website\",\"url\":\"https:\\\/\\\/kohenavocats.com\\\/zh-hans\\\/\",\"name\":\"Kohen Avocats\",\"description\":\"Ma\u00eetre Hassan Kohen, avocat p\u00e9naliste \u00e0 Paris, intervient exclusivement en droit p\u00e9nal pour la d\u00e9fense des particuliers, notamment en mati\u00e8re d\u2019accusations de viol. Il assure un accompagnement rigoureux d\u00e8s la garde \u00e0 vue jusqu\u2019\u00e0 la Cour d\u2019assises, veillant au strict respect des garanties proc\u00e9durales.\",\"publisher\":{\"@id\":\"https:\\\/\\\/kohenavocats.com\\\/zh-hans\\\/#organization\"},\"potentialAction\":[{\"@type\":\"SearchAction\",\"target\":{\"@type\":\"EntryPoint\",\"urlTemplate\":\"https:\\\/\\\/kohenavocats.com\\\/zh-hans\\\/?s={search_term_string}\"},\"query-input\":{\"@type\":\"PropertyValueSpecification\",\"valueRequired\":true,\"valueName\":\"search_term_string\"}}],\"inLanguage\":\"zh-Hans\"},{\"@type\":\"Organization\",\"@id\":\"https:\\\/\\\/kohenavocats.com\\\/zh-hans\\\/#organization\",\"name\":\"Kohen Avocats\",\"url\":\"https:\\\/\\\/kohenavocats.com\\\/zh-hans\\\/\",\"logo\":{\"@type\":\"ImageObject\",\"inLanguage\":\"zh-Hans\",\"@id\":\"https:\\\/\\\/kohenavocats.com\\\/zh-hans\\\/#\\\/schema\\\/logo\\\/image\\\/\",\"url\":\"https:\\\/\\\/kohenavocats.com\\\/wp-content\\\/uploads\\\/2026\\\/01\\\/Logo-2-1.webp\",\"contentUrl\":\"https:\\\/\\\/kohenavocats.com\\\/wp-content\\\/uploads\\\/2026\\\/01\\\/Logo-2-1.webp\",\"width\":2114,\"height\":1253,\"caption\":\"Kohen Avocats\"},\"image\":{\"@id\":\"https:\\\/\\\/kohenavocats.com\\\/zh-hans\\\/#\\\/schema\\\/logo\\\/image\\\/\"}},{\"@type\":\"Person\",\"@id\":\"https:\\\/\\\/kohenavocats.com\\\/zh-hans\\\/#\\\/schema\\\/person\\\/761c9ba54fa1ca84d405cef0831ff751\",\"name\":\"Kohen\",\"image\":{\"@type\":\"ImageObject\",\"inLanguage\":\"zh-Hans\",\"@id\":\"https:\\\/\\\/secure.gravatar.com\\\/avatar\\\/1c5e76ef76bbbfdd2b4da984e2bf2fa4056fd51a27d25ce2c332047f1dfd6e00?s=96&d=identicon&r=g\",\"url\":\"https:\\\/\\\/secure.gravatar.com\\\/avatar\\\/1c5e76ef76bbbfdd2b4da984e2bf2fa4056fd51a27d25ce2c332047f1dfd6e00?s=96&d=identicon&r=g\",\"contentUrl\":\"https:\\\/\\\/secure.gravatar.com\\\/avatar\\\/1c5e76ef76bbbfdd2b4da984e2bf2fa4056fd51a27d25ce2c332047f1dfd6e00?s=96&d=identicon&r=g\",\"caption\":\"Kohen\"},\"sameAs\":[\"https:\\\/\\\/www.linkedin.com\\\/in\\\/hassan-kohen-448548192\\\/\",\"https:\\\/\\\/www.youtube.com\\\/@Kohen-Avocats\"],\"url\":\"https:\\\/\\\/kohenavocats.com\\\/zh-hans\\\/author\\\/kohenmlk\\\/\"}]}<\/script>\n<!-- \/ Yoast SEO Premium plugin. -->","yoast_head_json":{"title":"Conseil constitutionnel, le 5 octobre 2018, n\u00b02018-736 - Ma\u00eetre Hassan Kohen, avocat en droit p\u00e9nal \u00e0 Paris","description":"Le Conseil constitutionnel, saisi le 5 octobre 2018 d'une question prioritaire de constitutionnalit\u00e9, a statu\u00e9 sur la conformit\u00e9 \u00e0 la Constitution du paragra...","robots":{"index":"index","follow":"follow","max-snippet":"max-snippet:-1","max-image-preview":"max-image-preview:large","max-video-preview":"max-video-preview:-1"},"canonical":"https:\/\/kohenavocats.com\/zh-hans\/conseil-constitutionnel-le-5-octobre-2018-n2018-736-2\/","og_locale":"zh_CN","og_type":"article","og_title":"Conseil constitutionnel, le 5 octobre 2018, n\u00b02018-736","og_description":"Le Conseil constitutionnel, saisi le 5 octobre 2018 d'une question prioritaire de constitutionnalit\u00e9, a statu\u00e9 sur la conformit\u00e9 \u00e0 la Constitution du paragra...","og_url":"https:\/\/kohenavocats.com\/zh-hans\/conseil-constitutionnel-le-5-octobre-2018-n2018-736-2\/","og_site_name":"Ma\u00eetre Hassan Kohen, avocat en droit p\u00e9nal \u00e0 Paris","article_published_time":"2026-05-01T04:57:48+00:00","og_image":[{"width":4032,"height":3024,"url":"https:\/\/kohenavocats.com\/wp-content\/uploads\/2024\/08\/xavier-s-7HJR2NQrBWw-unsplash.webp","type":"image\/webp"}],"author":"Kohen","twitter_card":"summary_large_image","twitter_misc":{"\u4f5c\u8005":"Kohen","\u9884\u8ba1\u9605\u8bfb\u65f6\u95f4":"2 \u5206"},"schema":{"@context":"https:\/\/schema.org","@graph":[{"@type":"Article","@id":"https:\/\/kohenavocats.com\/zh-hans\/conseil-constitutionnel-le-5-octobre-2018-n2018-736-2\/#article","isPartOf":{"@id":"https:\/\/kohenavocats.com\/zh-hans\/conseil-constitutionnel-le-5-octobre-2018-n2018-736-2\/"},"author":{"name":"Kohen","@id":"https:\/\/kohenavocats.com\/zh-hans\/#\/schema\/person\/761c9ba54fa1ca84d405cef0831ff751"},"headline":"Conseil constitutionnel, le 5 octobre 2018, n\u00b02018-736","datePublished":"2026-05-01T04:57:48+00:00","mainEntityOfPage":{"@id":"https:\/\/kohenavocats.com\/zh-hans\/conseil-constitutionnel-le-5-octobre-2018-n2018-736-2\/"},"wordCount":395,"commentCount":0,"publisher":{"@id":"https:\/\/kohenavocats.com\/zh-hans\/#organization"},"image":{"@id":"https:\/\/kohenavocats.com\/zh-hans\/conseil-constitutionnel-le-5-octobre-2018-n2018-736-2\/#primaryimage"},"thumbnailUrl":"https:\/\/kohenavocats.com\/wp-content\/uploads\/2024\/08\/xavier-s-7HJR2NQrBWw-unsplash.webp","articleSection":["Jurisprudence"],"inLanguage":"zh-Hans","potentialAction":[{"@type":"CommentAction","name":"Comment","target":["https:\/\/kohenavocats.com\/zh-hans\/conseil-constitutionnel-le-5-octobre-2018-n2018-736-2\/#respond"]}],"citation":"Conseil constitutionnel, le 5 octobre 2018, n\u00b02018-736","about":[{"@type":"Thing","name":"Jurisprudence"}],"dateModified":"2026-05-01T04:57:48+00:00","speakable":{"@type":"SpeakableSpecification","cssSelector":[".article-content > p:first-of-type"]}},{"@type":"WebPage","@id":"https:\/\/kohenavocats.com\/zh-hans\/conseil-constitutionnel-le-5-octobre-2018-n2018-736-2\/","url":"https:\/\/kohenavocats.com\/zh-hans\/conseil-constitutionnel-le-5-octobre-2018-n2018-736-2\/","name":"Conseil constitutionnel, le 5 octobre 2018, n\u00b02018-736 - Ma\u00eetre Hassan Kohen, avocat en droit p\u00e9nal \u00e0 Paris","isPartOf":{"@id":"https:\/\/kohenavocats.com\/zh-hans\/#website"},"primaryImageOfPage":{"@id":"https:\/\/kohenavocats.com\/zh-hans\/conseil-constitutionnel-le-5-octobre-2018-n2018-736-2\/#primaryimage"},"image":{"@id":"https:\/\/kohenavocats.com\/zh-hans\/conseil-constitutionnel-le-5-octobre-2018-n2018-736-2\/#primaryimage"},"thumbnailUrl":"https:\/\/kohenavocats.com\/wp-content\/uploads\/2024\/08\/xavier-s-7HJR2NQrBWw-unsplash.webp","datePublished":"2026-05-01T04:57:48+00:00","description":"Le Conseil constitutionnel, saisi le 5 octobre 2018 d'une question prioritaire de constitutionnalit\u00e9, a statu\u00e9 sur la conformit\u00e9 \u00e0 la Constitution du paragra...","breadcrumb":{"@id":"https:\/\/kohenavocats.com\/zh-hans\/conseil-constitutionnel-le-5-octobre-2018-n2018-736-2\/#breadcrumb"},"inLanguage":"zh-Hans","potentialAction":[{"@type":"ReadAction","target":["https:\/\/kohenavocats.com\/zh-hans\/conseil-constitutionnel-le-5-octobre-2018-n2018-736-2\/"]}]},{"@type":"ImageObject","inLanguage":"zh-Hans","@id":"https:\/\/kohenavocats.com\/zh-hans\/conseil-constitutionnel-le-5-octobre-2018-n2018-736-2\/#primaryimage","url":"https:\/\/kohenavocats.com\/wp-content\/uploads\/2024\/08\/xavier-s-7HJR2NQrBWw-unsplash.webp","contentUrl":"https:\/\/kohenavocats.com\/wp-content\/uploads\/2024\/08\/xavier-s-7HJR2NQrBWw-unsplash.webp","width":4032,"height":3024},{"@type":"BreadcrumbList","@id":"https:\/\/kohenavocats.com\/zh-hans\/conseil-constitutionnel-le-5-octobre-2018-n2018-736-2\/#breadcrumb","itemListElement":[{"@type":"ListItem","position":1,"name":"Home","item":"https:\/\/kohenavocats.com\/zh-hans\/"},{"@type":"ListItem","position":2,"name":"Conseil constitutionnel, le 5 octobre 2018, n\u00b02018-736"}]},{"@type":"WebSite","@id":"https:\/\/kohenavocats.com\/zh-hans\/#website","url":"https:\/\/kohenavocats.com\/zh-hans\/","name":"Kohen Avocats","description":"Ma\u00eetre Hassan Kohen, avocat p\u00e9naliste \u00e0 Paris, intervient exclusivement en droit p\u00e9nal pour la d\u00e9fense des particuliers, notamment en mati\u00e8re d\u2019accusations de viol. Il assure un accompagnement rigoureux d\u00e8s la garde \u00e0 vue jusqu\u2019\u00e0 la Cour d\u2019assises, veillant au strict respect des garanties proc\u00e9durales.","publisher":{"@id":"https:\/\/kohenavocats.com\/zh-hans\/#organization"},"potentialAction":[{"@type":"SearchAction","target":{"@type":"EntryPoint","urlTemplate":"https:\/\/kohenavocats.com\/zh-hans\/?s={search_term_string}"},"query-input":{"@type":"PropertyValueSpecification","valueRequired":true,"valueName":"search_term_string"}}],"inLanguage":"zh-Hans"},{"@type":"Organization","@id":"https:\/\/kohenavocats.com\/zh-hans\/#organization","name":"Kohen Avocats","url":"https:\/\/kohenavocats.com\/zh-hans\/","logo":{"@type":"ImageObject","inLanguage":"zh-Hans","@id":"https:\/\/kohenavocats.com\/zh-hans\/#\/schema\/logo\/image\/","url":"https:\/\/kohenavocats.com\/wp-content\/uploads\/2026\/01\/Logo-2-1.webp","contentUrl":"https:\/\/kohenavocats.com\/wp-content\/uploads\/2026\/01\/Logo-2-1.webp","width":2114,"height":1253,"caption":"Kohen Avocats"},"image":{"@id":"https:\/\/kohenavocats.com\/zh-hans\/#\/schema\/logo\/image\/"}},{"@type":"Person","@id":"https:\/\/kohenavocats.com\/zh-hans\/#\/schema\/person\/761c9ba54fa1ca84d405cef0831ff751","name":"Kohen","image":{"@type":"ImageObject","inLanguage":"zh-Hans","@id":"https:\/\/secure.gravatar.com\/avatar\/1c5e76ef76bbbfdd2b4da984e2bf2fa4056fd51a27d25ce2c332047f1dfd6e00?s=96&d=identicon&r=g","url":"https:\/\/secure.gravatar.com\/avatar\/1c5e76ef76bbbfdd2b4da984e2bf2fa4056fd51a27d25ce2c332047f1dfd6e00?s=96&d=identicon&r=g","contentUrl":"https:\/\/secure.gravatar.com\/avatar\/1c5e76ef76bbbfdd2b4da984e2bf2fa4056fd51a27d25ce2c332047f1dfd6e00?s=96&d=identicon&r=g","caption":"Kohen"},"sameAs":["https:\/\/www.linkedin.com\/in\/hassan-kohen-448548192\/","https:\/\/www.youtube.com\/@Kohen-Avocats"],"url":"https:\/\/kohenavocats.com\/zh-hans\/author\/kohenmlk\/"}]}},"jetpack_featured_media_url":"https:\/\/kohenavocats.com\/wp-content\/uploads\/2024\/08\/xavier-s-7HJR2NQrBWw-unsplash.webp","jetpack_likes_enabled":false,"jetpack_shortlink":"https:\/\/wp.me\/peCrII-3lUk","jetpack-related-posts":[{"id":206210,"url":"https:\/\/kohenavocats.com\/zh-hans\/6eme-5eme-chambres-reunies-du-conseil-detat-le-15-mai-2025-n501571\/","url_meta":{"origin":799200,"position":0},"title":"6\u00e8me &#8211; 5\u00e8me chambres r\u00e9unies du Conseil d&#8217;\u00c9tat, le 15 mai 2025, n\u00b0501571","author":"Kohen","date":"2025\u5e7412\u670822\u65e5","format":false,"excerpt":"Par une d\u00e9cision rendue le 15 mai 2025, le Conseil\u2026","rel":"","context":"\u5728\u201cConseil d'\u00c9tat\u201d\u4e2d","block_context":{"text":"Conseil d'\u00c9tat","link":"https:\/\/kohenavocats.com\/category\/conseil-detat\/"},"img":{"alt_text":"","src":"https:\/\/i0.wp.com\/kohenavocats.com\/wp-content\/uploads\/2024\/11\/getty-images-YCdjFYsEk9Q-unsplash.webp?resize=350%2C200&ssl=1","width":350,"height":200,"srcset":"https:\/\/i0.wp.com\/kohenavocats.com\/wp-content\/uploads\/2024\/11\/getty-images-YCdjFYsEk9Q-unsplash.webp?resize=350%2C200&ssl=1 1x, https:\/\/i0.wp.com\/kohenavocats.com\/wp-content\/uploads\/2024\/11\/getty-images-YCdjFYsEk9Q-unsplash.webp?resize=525%2C300&ssl=1 1.5x, https:\/\/i0.wp.com\/kohenavocats.com\/wp-content\/uploads\/2024\/11\/getty-images-YCdjFYsEk9Q-unsplash.webp?resize=700%2C400&ssl=1 2x, https:\/\/i0.wp.com\/kohenavocats.com\/wp-content\/uploads\/2024\/11\/getty-images-YCdjFYsEk9Q-unsplash.webp?resize=1050%2C600&ssl=1 3x, https:\/\/i0.wp.com\/kohenavocats.com\/wp-content\/uploads\/2024\/11\/getty-images-YCdjFYsEk9Q-unsplash.webp?resize=1400%2C800&ssl=1 4x"},"classes":[]},{"id":708534,"url":"https:\/\/kohenavocats.com\/zh-hans\/ce-conseil-detat-17-04-2026-n-501268\/","url_meta":{"origin":799200,"position":1},"title":"CE &#8211; Conseil d&#8217;\u00c9tat &#8211; 17\/04\/2026 &#8211; n\u00b0 501268","author":"Kohen","date":"2026\u5e744\u670827\u65e5","format":false,"excerpt":"Le Conseil d'Etat, statuant au contentieux le 17 a\u2026","rel":"","context":"\u5728\u201cJuridictions administratives\u201d\u4e2d","block_context":{"text":"Juridictions administratives","link":"https:\/\/kohenavocats.com\/category\/juridictions-administratives\/"},"img":{"alt_text":"","src":"https:\/\/i0.wp.com\/kohenavocats.com\/wp-content\/uploads\/2024\/08\/billy-chester-vvk9VoMTUwg-unsplash.webp?resize=350%2C200&ssl=1","width":350,"height":200,"srcset":"https:\/\/i0.wp.com\/kohenavocats.com\/wp-content\/uploads\/2024\/08\/billy-chester-vvk9VoMTUwg-unsplash.webp?resize=350%2C200&ssl=1 1x, https:\/\/i0.wp.com\/kohenavocats.com\/wp-content\/uploads\/2024\/08\/billy-chester-vvk9VoMTUwg-unsplash.webp?resize=525%2C300&ssl=1 1.5x, https:\/\/i0.wp.com\/kohenavocats.com\/wp-content\/uploads\/2024\/08\/billy-chester-vvk9VoMTUwg-unsplash.webp?resize=700%2C400&ssl=1 2x, https:\/\/i0.wp.com\/kohenavocats.com\/wp-content\/uploads\/2024\/08\/billy-chester-vvk9VoMTUwg-unsplash.webp?resize=1050%2C600&ssl=1 3x, https:\/\/i0.wp.com\/kohenavocats.com\/wp-content\/uploads\/2024\/08\/billy-chester-vvk9VoMTUwg-unsplash.webp?resize=1400%2C800&ssl=1 4x"},"classes":[]}],"jetpack_sharing_enabled":true,"_links":{"self":[{"href":"https:\/\/kohenavocats.com\/zh-hans\/wp-json\/wp\/v2\/posts\/799200","targetHints":{"allow":["GET"]}}],"collection":[{"href":"https:\/\/kohenavocats.com\/zh-hans\/wp-json\/wp\/v2\/posts"}],"about":[{"href":"https:\/\/kohenavocats.com\/zh-hans\/wp-json\/wp\/v2\/types\/post"}],"author":[{"embeddable":true,"href":"https:\/\/kohenavocats.com\/zh-hans\/wp-json\/wp\/v2\/users\/232070755"}],"replies":[{"embeddable":true,"href":"https:\/\/kohenavocats.com\/zh-hans\/wp-json\/wp\/v2\/comments?post=799200"}],"version-history":[{"count":0,"href":"https:\/\/kohenavocats.com\/zh-hans\/wp-json\/wp\/v2\/posts\/799200\/revisions"}],"wp:featuredmedia":[{"embeddable":true,"href":"https:\/\/kohenavocats.com\/zh-hans\/wp-json\/wp\/v2\/media\/4739"}],"wp:attachment":[{"href":"https:\/\/kohenavocats.com\/zh-hans\/wp-json\/wp\/v2\/media?parent=799200"}],"wp:term":[{"taxonomy":"category","embeddable":true,"href":"https:\/\/kohenavocats.com\/zh-hans\/wp-json\/wp\/v2\/categories?post=799200"},{"taxonomy":"post_tag","embeddable":true,"href":"https:\/\/kohenavocats.com\/zh-hans\/wp-json\/wp\/v2\/tags?post=799200"}],"curies":[{"name":"wp","href":"https:\/\/api.w.org\/{rel}","templated":true}]}}